{"id":84133,"date":"2026-02-02T08:59:30","date_gmt":"2026-02-02T11:59:30","guid":{"rendered":"https:\/\/ubirataonline.com.br\/moro-lidera-pesquisas-no-parana-mas-grupo-de-ratinho-jr-prepara-contra-ataque\/"},"modified":"2026-02-02T08:59:35","modified_gmt":"2026-02-02T11:59:35","slug":"moro-lidera-pesquisas-no-parana-mas-grupo-de-ratinho-jr-prepara-contra-ataque","status":"publish","type":"post","link":"https:\/\/ubirataonline.com.br\/en\/moro-lidera-pesquisas-no-parana-mas-grupo-de-ratinho-jr-prepara-contra-ataque\/","title":{"rendered":"Moro lidera pesquisas no Paran\u00e1, mas grupo de Ratinho Jr. prepara contra-ataque"},"content":{"rendered":"<p><\/p>\n<div id=\"post-content\">\n<p>A <strong>corrida eleitoral<\/strong> ao <strong>governo do Paran\u00e1<\/strong> come\u00e7a o ano marcada por incertezas em um cen\u00e1rio t\u00e3o vol\u00e1til que n\u00e3o poupa sequer o favorito nas pesquisas de inten\u00e7\u00e3o de votos no estado. Quem tem nome forte, n\u00e3o tem consenso partid\u00e1rio para as elei\u00e7\u00f5es no Paran\u00e1. Quem tem uma sigla de peso ainda n\u00e3o tem um nome de consenso respaldado.<\/p>\n<p>O contexto local tem, de um lado, o senador Sergio Moro (Uni\u00e3o-PR)<a href=\"https:\/\/www.tribunapr.com.br\/noticias\/parana\/moro-lidera-intencoes-de-voto-em-cenario-sem-ex-juiz-oposicao-surpreende\/\" target=\"_blank\" rel=\"noreferrer noopener\"> na lideran\u00e7a das \u00faltimas pesquisas de inten\u00e7\u00e3o de voto registradas na Justi\u00e7a Eleitoral<\/a>, fator que o al\u00e7a a favorito neste in\u00edcio de ano eleitoral.<\/p>\n<p>Por\u00e9m, o ex-juiz da Lava Jato sofre internamente por causa da disputa com o PP, que deve formar com o Uni\u00e3o Brasil a maior federa\u00e7\u00e3o do pa\u00eds ap\u00f3s homologa\u00e7\u00e3o do Tribunal Superior Eleitoral (TSE). Apesar do apoio nacional do Uni\u00e3o Brasil,\u00a0Moro ter\u00e1 que convencer o PP paranaense\u00a0a lan\u00e7ar oficialmente a candidatura pela nova federa\u00e7\u00e3o Uni\u00e3o Progressista sob risco de ficar fora da urna eleitoral.<\/p>\n<p>De outro lado, o grupo pol\u00edtico do governador Ratinho Junior (PSD) adia o lan\u00e7amento da pr\u00e9-candidatura do nome escolhido para disputar nas urnas o que seria a continuidade da gest\u00e3o atual e que possa fazer frente ao senador Moro. Os cotados para o posto de candidato a governador pelo PSD s\u00e3o o ex-prefeito de Curitiba e secret\u00e1rio estadual de Desenvolvimento Sustent\u00e1vel,\u00a0Rafael Greca; o secret\u00e1rio paranaense das Cidades,\u00a0Guto Silva, e o presidente da Assembleia Legislativa do Paran\u00e1 (Alep),\u00a0Alexandre Curi.<\/p>\n<p>Enquanto paira a incerteza pela escolha ao nome do sucessor do governador na disputa, o partido presidido no estado por Ratinho Junior parece continuar trabalhando mais por\u00a0isolar Moro,\u00a0com o apoio de siglas da base do governo estadual. O PP no Paran\u00e1 \u00e9 presidido pela deputada estadual Maria Vict\u00f3ria, filha do deputado federal Ricardo Barros, principal lideran\u00e7a da legenda no estado.<\/p>\n<p>Barros j\u00e1 afirmou que o Progressistas n\u00e3o deve apoiar Moro na corrida ao governo estadual, tendo recebido respaldo para a decis\u00e3o do presidente nacional do PP, o senador Ciro Nogueira. No embate interno da federa\u00e7\u00e3o, o presidente do Uni\u00e3o Brasil, Antonio Rueda, declarou que a pr\u00e9-candidatura de Moro \u00e9 \u201cirrevers\u00edvel\u201d, o que indica que a homologa\u00e7\u00e3o da candidatura do senador ao governo do Paran\u00e1 deve passar por discuss\u00f5es nacionais ap\u00f3s a oficializa\u00e7\u00e3o da federa\u00e7\u00e3o Uni\u00e3o Progressista.<\/p>\n<p>Sondagem eleitoral mais recente divulgada para o governo do Paran\u00e1, na \u00faltima sexta-feira (30), foi a do\u00a0<a href=\"https:\/\/www.gazetadopovo.com.br\/eleicoes\/2026\/pesquisa-eleitoral-2026\/pesquisa-100-cidades-futura-governador-parana-janeiro-2026\/\" target=\"_blank\" rel=\"noreferrer noopener\">instituto 100% Cidades\/Futura<\/a>. No cen\u00e1rio espont\u00e2neo, o \u00fanico candidato que se destaca \u00e9 Moro.<\/p>\n<p>Nas simula\u00e7\u00f5es de primeiro turno estimuladas, quando o nome dos candidatos \u00e9 apresentado previamente para escolha do eleitor, Moro abre uma diferen\u00e7a que oscila de 19 a 21 pontos percentuais para os advers\u00e1rios. Em simula\u00e7\u00f5es de segundo turno, Moro mant\u00e9m uma diferen\u00e7a expressiva para os concorrentes.<\/p>\n<p><strong>Metodologia da pesquisa citada:<\/strong><\/p>\n<ul class=\"wp-block-list\">\n<li>A pesquisa 100% Cidades\/Futura ouviu 800 pessoas entre os dias 24 e 27 de janeiro. A pesquisa foi contratada pela Futura Pesquisas e Assessorias Ltda. O n\u00edvel de confian\u00e7a \u00e9 de 95% A margem de erro \u00e9 de 3,5 pontos percentuais. Registro no TSE n\u00ba PR-08318\/2026.<\/li>\n<\/ul>\n<h2 class=\"wp-block-heading\" id=\"h-guto-silva-sai-na-frente-como-escolhido-de-ratinho-jr\">Guto Silva sai na frente como escolhido de Ratinho Jr.<\/h2>\n<p>Segundo a apura\u00e7\u00e3o da\u00a0<strong>Gazeta do Povo<\/strong>, o governador Ratinho Junior prioriza o nome de Guto Silva como pr\u00e9-candidato do PSD ao governo do estado. Amigo pessoal de Ratinho Junior, ele foi secret\u00e1rio-chefe da Casa Civil, secret\u00e1rio do Planejamento e assumiu a Secretaria das Cidades, pasta considerada estrat\u00e9gica para proje\u00e7\u00e3o pol\u00edtica.<\/p>\n<p>Com mais visibilidade, contato direto com os prefeitos paranaenses e a caneta de uma das secretarias com maior or\u00e7amento no governo, Guto Silva se tornou uma figura constante nos an\u00fancios e eventos pol\u00edticos ao lado do governador Ratinho Junior.\u00a0Desde o final de novembro, a estrat\u00e9gia do governador \u00e9 refor\u00e7ar o nome de Guto Silva junto aos prefeitos do estado, antes da confirma\u00e7\u00e3o oficial do nome do escolhido pelo partido.<\/p>\n<p>Assim, segundo aliados pr\u00f3ximos do governador ouvidos pela\u00a0<strong>Gazeta do Povo<\/strong>, Ratinho Junior aposta que o pr\u00e9-candidato se tornar\u00e1 conhecido do eleitorado, principalmente com o in\u00edcio da campanha eleitoral, revertendo a tend\u00eancia apontada pelas pesquisas de inten\u00e7\u00e3o de voto at\u00e9 agora.<\/p>\n<p>O governador n\u00e3o descarta a possibilidade de abrir m\u00e3o da pr\u00e9-candidatura presidencial e da disputa pelo Senado para terminar o mandato e refor\u00e7ar a campanha de Guto Silva ao Executivo estadual. Com a gest\u00e3o aprovada por cerca de 80% dos paranaenses durante o segundo mandato, Ratinho Junior pode participar diretamente da campanha para percorrer o Paran\u00e1 ao lado do escolhido, na tentativa de transfer\u00eancia dos votos.<\/p>\n<p>No entanto, uma ala do PSD defende a chapa encabe\u00e7ada por Curi, que apresenta um melhor desempenho nas pesquisas de opini\u00e3o. Ex-prefeito de Curitiba, Greca tamb\u00e9m tem um desempenho melhor do que o escolhido de Ratinho Junior.<\/p>\n<p>Quem corre por fora na corrida eleitoral \u00e9 o vice-prefeito de Curitiba, Paulo Martins (Novo-PR), que deixou o PL e lan\u00e7ou a pr\u00e9-candidatura ao governo do estado em evento de filia\u00e7\u00e3o com a presen\u00e7a de Ratinho Junior. Martins \u00e9 um antigo aliado do governador paranaense e tenta atrair o apoio dele.<\/p>\n<p>A estrat\u00e9gia \u00e9 largar na frente com a pr\u00e9-candidatura e com o apoio p\u00fablico de partidos, como o Democracia Crist\u00e3, que deve compor a coliga\u00e7\u00e3o. O vice-prefeito da capital paranaense argumenta que tem capital pol\u00edtico para fazer frente ao projeto estadual de Moro.<\/p>\n<p>Paulo Martins foi candidato ao Senado em 2022 e teve quase 1,7 milh\u00e3o de votos. Ele foi derrotado por Moro, que teve 33,5% dos votos v\u00e1lidos contra 29,1% da prefer\u00eancia do eleitorado pelo ent\u00e3o candidato do PL.<\/p>\n<h2 class=\"wp-block-heading\">Requi\u00e3o Filho ter\u00e1 apoio do PT nas elei\u00e7\u00f5es 2026 no Paran\u00e1\u00a0\u00a0\u00a0<\/h2>\n<p>O deputado estadual Requi\u00e3o Filho (PDT-PR) saiu do PT ap\u00f3s desentendimentos com o partido e confirmou a pr\u00e9-candidatura ao governo do estado pelo PDT. Apesar das desaven\u00e7as, o PT ir\u00e1 apoiar o parlamentar na corrida em oposi\u00e7\u00e3o ao senador Sergio Moro e ao grupo pol\u00edtico de Ratinho Junior.<\/p>\n<p>\u201cO PDT quer construir um estado que tome decis\u00f5es importantes para garantir uma boa gest\u00e3o hoje, mas tamb\u00e9m focado em a\u00e7\u00f5es que melhoram a vida das pessoas daqui a 40 anos. Estamos abertos \u00e0 constru\u00e7\u00e3o e ao di\u00e1logo com todas as outras siglas\u201d, disse Requi\u00e3o Filho.<\/p>\n<p>O diretor-geral da Itaipu, Enio Verri (PT), teve que abrir m\u00e3o da candidatura ao Senado para que a ministra Gleisi Hoffmann participe da campanha no estado e concorra a uma das duas vagas ao Senado com apoio do PDT \u2014 a decis\u00e3o foi de Lula (PT). Assim, o partido n\u00e3o ter\u00e1 candidato ao governo, mas garante um palanque para Lula no estado.<\/p>\n<h3 class=\"wp-block-heading\">Quem s\u00e3o os pr\u00e9-candidatos e nomes cotados para as elei\u00e7\u00f5es ao governo do Paran\u00e1 em 2026<\/h3>\n<h4 class=\"wp-block-heading\">Sergio Moro<\/h4>\n<figure class=\"wp-block-image size-post_image\"><figcaption class=\"wp-element-caption\">Senador Sergio Moro segue preferido dos eleitores de pesquisa para Governo do Paran\u00e1. Foto: Jefferson Rudy \/ Ag\u00eancia Senado<\/figcaption><\/figure>\n<p>Ex-juiz da opera\u00e7\u00e3o Lava Jato, o senador Sergio Moro (Uni\u00e3o Brasil) foi respons\u00e1vel pela pris\u00e3o de Lula e ocupou o cargo de ministro da Justi\u00e7a no governo Bolsonaro.<\/p>\n<h4 class=\"wp-block-heading\" id=\"h-requiao-filho\">Requi\u00e3o Filho<\/h4>\n<figure class=\"wp-block-image size-post_image\"><img loading=\"lazy\" decoding=\"async\" width=\"770\" height=\"440\" src=\"https:\/\/www.tribunapr.com.br\/wp-content\/uploads\/2026\/02\/02080729\/WhatsApp-Image-2023-06-06-at-10.34.48-970x550-1-770x440.jpeg\" alt=\"\" class=\"wp-image-3698990\" srcset=\"https:\/\/www.tribunapr.com.br\/wp-content\/uploads\/2026\/02\/02080729\/WhatsApp-Image-2023-06-06-at-10.34.48-970x550-1-770x440.jpeg 770w, https:\/\/www.tribunapr.com.br\/wp-content\/uploads\/2026\/02\/02080729\/WhatsApp-Image-2023-06-06-at-10.34.48-970x550-1-257x146.jpeg 257w, https:\/\/www.tribunapr.com.br\/wp-content\/uploads\/2026\/02\/02080729\/WhatsApp-Image-2023-06-06-at-10.34.48-970x550-1-370x210.jpeg 370w, https:\/\/www.tribunapr.com.br\/wp-content\/uploads\/2026\/02\/02080729\/WhatsApp-Image-2023-06-06-at-10.34.48-970x550-1-570x325.jpeg 570w, https:\/\/www.tribunapr.com.br\/wp-content\/uploads\/2026\/02\/02080729\/WhatsApp-Image-2023-06-06-at-10.34.48-970x550-1-150x85.jpeg 150w\" sizes=\"auto, (max-width: 770px) 100vw, 770px\"\/><figcaption class=\"wp-element-caption\">Requi\u00e3o Filho. Foto: Arquivo\/Tribuna do Paran\u00e1.<\/figcaption><\/figure>\n<p>Filho do ex-governador Roberto Requi\u00e3o, o deputado estadual Requi\u00e3o Filho (PDT) deve disputar o cargo de chefe do Executivo paranaense pela primeira vez.<\/p>\n<h4 class=\"wp-block-heading\">Guto Silva<\/h4>\n<figure class=\"wp-block-image size-post_image\"><img loading=\"lazy\" decoding=\"async\" width=\"770\" height=\"440\" src=\"https:\/\/www.tribunapr.com.br\/wp-content\/uploads\/2026\/02\/02080737\/Guto-Silva-770x440.jpg\" alt=\"Imagem mostra Guto Silva.\" class=\"wp-image-3698993\" srcset=\"https:\/\/www.tribunapr.com.br\/wp-content\/uploads\/2026\/02\/02080737\/Guto-Silva-770x440.jpg 770w, https:\/\/www.tribunapr.com.br\/wp-content\/uploads\/2026\/02\/02080737\/Guto-Silva-370x210.jpg 370w, https:\/\/www.tribunapr.com.br\/wp-content\/uploads\/2026\/02\/02080737\/Guto-Silva-570x325.jpg 570w\" sizes=\"auto, (max-width: 770px) 100vw, 770px\"\/><figcaption class=\"wp-element-caption\">Imagem mostra Guto Silva. Foto: Arquivo\/Tribuna do Paran\u00e1.<\/figcaption><\/figure>\n<p>Antigo aliado de Ratinho Junior, Guto Silva (PSD) \u00e9 secret\u00e1rio de Cidades do Paran\u00e1.<\/p>\n<h4 class=\"wp-block-heading\">Rafael Greca<\/h4>\n<figure class=\"wp-block-image size-post_image\"><img loading=\"lazy\" decoding=\"async\" width=\"770\" height=\"440\" src=\"https:\/\/www.tribunapr.com.br\/wp-content\/uploads\/2026\/02\/02080727\/perfil-greca-770x440.jpg\" alt=\"Imagem mostra Rafael Greca.\" class=\"wp-image-3698989\" srcset=\"https:\/\/www.tribunapr.com.br\/wp-content\/uploads\/2026\/02\/02080727\/perfil-greca-770x440.jpg 770w, https:\/\/www.tribunapr.com.br\/wp-content\/uploads\/2026\/02\/02080727\/perfil-greca-370x210.jpg 370w, https:\/\/www.tribunapr.com.br\/wp-content\/uploads\/2026\/02\/02080727\/perfil-greca-570x325.jpg 570w\" sizes=\"auto, (max-width: 770px) 100vw, 770px\"\/><figcaption class=\"wp-element-caption\">Imagem mostra Rafael Greca. Foto: Arquivo\/Tribuna do Paran\u00e1.<\/figcaption><\/figure>\n<p>Prefeito de Curitiba por tr\u00eas mandatos, Rafael Greca (PSD) \u00e9 secret\u00e1rio estadual de Desenvolvimento Sustent\u00e1vel na gest\u00e3o Ratinho Junior.<\/p>\n<h4 class=\"wp-block-heading\">Alexandre Curi<\/h4>\n<figure class=\"wp-block-image size-post_image\"><img loading=\"lazy\" decoding=\"async\" width=\"770\" height=\"440\" src=\"https:\/\/www.tribunapr.com.br\/wp-content\/uploads\/2026\/02\/02080731\/alexandre-curi-770x440.jpg\" alt=\"Imagem mostra Alexandre Curi\" class=\"wp-image-3698991\" srcset=\"https:\/\/www.tribunapr.com.br\/wp-content\/uploads\/2026\/02\/02080731\/alexandre-curi-770x440.jpg 770w, https:\/\/www.tribunapr.com.br\/wp-content\/uploads\/2026\/02\/02080731\/alexandre-curi-370x210.jpg 370w, https:\/\/www.tribunapr.com.br\/wp-content\/uploads\/2026\/02\/02080731\/alexandre-curi-570x325.jpg 570w\" sizes=\"auto, (max-width: 770px) 100vw, 770px\"\/><figcaption class=\"wp-element-caption\">Imagem mostra Alexandre Curi. Foto: Arquivo\/Tribuna do Paran\u00e1.<\/figcaption><\/figure>\n<p>Deputado estadual reeleito em 2022 como o mais votado no estado do Paran\u00e1, Alexandre Curi (PSD) assumiu a presid\u00eancia do Legislativo estadual no in\u00edcio de 2025.<\/p>\n<h4 class=\"wp-block-heading\">Paulo Martins<\/h4>\n<figure class=\"wp-block-image size-post_image\"><img loading=\"lazy\" decoding=\"async\" width=\"770\" height=\"440\" src=\"https:\/\/www.tribunapr.com.br\/wp-content\/uploads\/2026\/01\/21110630\/paulo-martins-770x440.jpg\" alt=\"\" class=\"wp-image-3696048\" srcset=\"https:\/\/www.tribunapr.com.br\/wp-content\/uploads\/2026\/01\/21110630\/paulo-martins-770x440.jpg 770w, https:\/\/www.tribunapr.com.br\/wp-content\/uploads\/2026\/01\/21110630\/paulo-martins-370x210.jpg 370w, https:\/\/www.tribunapr.com.br\/wp-content\/uploads\/2026\/01\/21110630\/paulo-martins-570x325.jpg 570w\" sizes=\"auto, (max-width: 770px) 100vw, 770px\"\/><figcaption class=\"wp-element-caption\">Foto: Reprodu\u00e7\u00e3o\/Redes Sociais.<\/figcaption><\/figure>\n<p>Ex-deputado federal, o atual vice-prefeito de Curitiba, Paulo Martins, foi eleito em 2024 na chapa ao lado de Eduardo Pimentel (PSD).<\/p>\n<h4 class=\"wp-block-heading\">Cida Borghetti<\/h4>\n<figure class=\"wp-block-image size-post_image\"><img loading=\"lazy\" decoding=\"async\" width=\"770\" height=\"440\" src=\"https:\/\/www.tribunapr.com.br\/wp-content\/uploads\/2026\/02\/02080734\/cida-borghetti-Jonas-Oliveira-AEN1-970x550-1-770x440.webp\" alt=\"Imagem mostra Cida Borghetti\" class=\"wp-image-3698992\" srcset=\"https:\/\/www.tribunapr.com.br\/wp-content\/uploads\/2026\/02\/02080734\/cida-borghetti-Jonas-Oliveira-AEN1-970x550-1-770x440.webp 770w, https:\/\/www.tribunapr.com.br\/wp-content\/uploads\/2026\/02\/02080734\/cida-borghetti-Jonas-Oliveira-AEN1-970x550-1-257x146.webp 257w, https:\/\/www.tribunapr.com.br\/wp-content\/uploads\/2026\/02\/02080734\/cida-borghetti-Jonas-Oliveira-AEN1-970x550-1-370x210.webp 370w, https:\/\/www.tribunapr.com.br\/wp-content\/uploads\/2026\/02\/02080734\/cida-borghetti-Jonas-Oliveira-AEN1-970x550-1-570x325.webp 570w, https:\/\/www.tribunapr.com.br\/wp-content\/uploads\/2026\/02\/02080734\/cida-borghetti-Jonas-Oliveira-AEN1-970x550-1-150x85.webp 150w\" sizes=\"auto, (max-width: 770px) 100vw, 770px\"\/><figcaption class=\"wp-element-caption\">Imagem mostra Cida Borghetti. Foto: Arquivo\/Tribuna do Paran\u00e1.<\/figcaption><\/figure>\n<p>Vice-governadora do Paran\u00e1 na gest\u00e3o Beto Richa (PSDB), Cida Borghetti assumiu o governo do estado em 2018. Ela \u00e9 esposa do deputado federal Ricardo Barros (PP).<\/p>\n<section class=\"virals\">\n<article class=\"cardnews cardnews--post cardnews--has-thumbnail cardnews--editorial-noticias\"> <a href=\"https:\/\/www.tribunapr.com.br\/noticias\/curitiba-regiao\/contas-no-inicio-do-ano-desafiam-familias-saiba-como-equilibrar-os-gastos\/?utm_source=noticias-virais-rodape&amp;utm_medium=internal-tribuna&amp;utm_campaign=tribuna\" class=\"cardnews__postlink\"> <\/p>\n<div class=\"cardnews__image\" is-api-thumb=\"\"><img decoding=\"async\" src=\"https:\/\/www.tribunapr.com.br\/wp-content\/uploads\/2026\/01\/14204403\/Depositphotos_46203397_XL-370x210.jpg\" loading=\"lazy\" alt=\"Descubra como pagar IPTU, IPVA e escola sem sufocar seu bolso\"\/><\/div>\n<div class=\"cardnews__content cardhome__content\">\n<div class=\"cardnews__content-wrapper\">\n<p> <span style=\"\"> IPTU, IPVA&#8230; <\/span> <\/p>\n<p>Descubra como pagar IPTU, IPVA e escola sem sufocar seu bolso<\/p>\n<\/p><\/div>\n<\/p><\/div>\n<p> <\/a> <\/article>\n<article class=\"cardnews cardnews--post cardnews--has-thumbnail cardnews--editorial-noticias\"> <a href=\"https:\/\/www.tribunapr.com.br\/noticias\/brasil\/jeito-errado-de-usar-a-geladeira-pode-custar-alto-na-conta-de-luz\/?utm_source=noticias-virais-rodape&amp;utm_medium=internal-tribuna&amp;utm_campaign=tribuna\" class=\"cardnews__postlink\"> <\/p>\n<div class=\"cardnews__image\" is-api-thumb=\"\"><img decoding=\"async\" src=\"https:\/\/www.tribunapr.com.br\/wp-content\/uploads\/2026\/01\/14114224\/geladeira-370x210.jpg\" loading=\"lazy\" alt=\"Erro comum com geladeira pode explodir sua conta de luz\"\/><\/div>\n<div class=\"cardnews__content cardhome__content\">\n<div class=\"cardnews__content-wrapper\">\n<p> <span style=\"\"> Economia <\/span> <\/p>\n<p>Erro comum com geladeira pode explodir sua conta de luz<\/p>\n<\/p><\/div>\n<\/p><\/div>\n<p> <\/a> <\/article>\n<article class=\"cardnews cardnews--post cardnews--has-thumbnail cardnews--editorial-noticias\"> <a href=\"https:\/\/www.tribunapr.com.br\/blogs\/cacador-de-boteco\/em-curitiba-madeira-chope-e-encontros-dao-forma-ao-celeiro-do-malte\/?utm_source=noticias-virais-rodape&amp;utm_medium=internal-tribuna&amp;utm_campaign=tribuna\" class=\"cardnews__postlink\"> <\/p>\n<div class=\"cardnews__image\" is-api-thumb=\"\"><img decoding=\"async\" src=\"https:\/\/www.tribunapr.com.br\/wp-content\/uploads\/2022\/10\/15074047\/celeiro-do-malte-2-370x210.jpg\" loading=\"lazy\" alt=\"Este bar r\u00fastico em Curitiba virou sensa\u00e7\u00e3o entre cervejeiros\"\/><\/div>\n<div class=\"cardnews__content cardhome__content\">\n<div class=\"cardnews__content-wrapper\">\n<p> <span style=\"\"> Ca\u00e7ador de Boteco <\/span> <\/p>\n<p>Este bar r\u00fastico em Curitiba virou sensa\u00e7\u00e3o entre cervejeiros<\/p>\n<\/p><\/div>\n<\/p><\/div>\n<p> <\/a> <\/article>\n<\/section>\n<div id=\"tribuna-follow-cta\">\n<p> <span class=\"cta-title\">Siga a <span class=\"tribuna-color\">Tribuna<\/span> no Google, e acompanhe as \u00faltimas not\u00edcias de Curitiba e regi\u00e3o!<\/span> <\/p>\n<p> <a href=\"https:\/\/profile.google.com\/cp\/CgwvZy8xMmxxajUzM3Mac2h0dHBzOi8vd3d3LnRyaWJ1bmFwci5jb20uYnIvdml2YS92aXRyaW5lL2dpZ2FudGUtZG8tdmVzdHVhcmlvLXJlaW5hdWd1cmEtbG9qYS1lbS1zaG9wcGluZy10cmFkaWNpb25hbC1kZS1jdXJpdGliYS8iElRyaWJ1bmEgZG8gUGFyYW7DoSqAAwrHAWh0dHBzOi8vZW5jcnlwdGVkLXRibjIuZ3N0YXRpYy5jb20vZmF2aWNvbi10Ym4_cT10Ym46QU5kOUdjUVJPbjVDRjR6TzJPbkUwTXZrRlRCRTY2U0g1bGlaVDRaZTV3bWNKeU5GRm1BSnluM01nNU9PR3BXY1pYMzZwYU5HUWtsZ09JVEFLTTNNZVNGbTc1aWp6M3k2ajUtQ3M2b25kX2JUcFFQQkVLd3RsUjBsTmJESnUtVHhrNXQtbFlCNlVpOWZSVVFjT2cSswFodHRwczovL2VuY3J5cHRlZC10Ym4zLmdzdGF0aWMuY29tL2Zhdmljb24tdGJuP3E9dGJuJTNBQU5kOUdjU0FMaWJ2eFF0YXdFMFRueVdWWmVKRS1MZEdRZjVTUi1OZ2RMazhyZzIwVy1nM0JuQ1F4VDNKZFBjRXR2THdBeVRxUDJEdHVycEdVR29CQkxpYzM5al9wSmFxRERaMHNCYW05WEVhSGVsMmZTQmdKdlF4WWVyMw\" target=\"_blank\" title=\"Seguir a Tribuna no Google\">  <\/a> <\/div>\n<\/p><\/div>\n<p><a href=\"https:\/\/www.tribunapr.com.br\/noticias\/parana\/duelo-pelo-iguacu-moro-lidera-pesquisas-mas-grupo-de-ratinho-jr-prepara-contra-ataque\/\">Source link <\/a><\/p>","protected":false},"excerpt":{"rendered":"<p>A corrida eleitoral ao governo do Paran\u00e1 come\u00e7a o ano marcada por incertezas em um cen\u00e1rio t\u00e3o vol\u00e1til que n\u00e3o poupa sequer o favorito nas pesquisas de inten\u00e7\u00e3o de votos no estado. Quem tem nome forte, n\u00e3o tem consenso partid\u00e1rio para as elei\u00e7\u00f5es no Paran\u00e1. Quem tem uma sigla de peso ainda n\u00e3o tem um [&hellip;]<\/p>\n","protected":false},"author":1,"featured_media":84134,"comment_status":"closed","ping_status":"","sticky":false,"template":"","format":"standard","meta":{"googlesitekit_rrm_CAow2JLhCw:productID":"","_gspb_post_css":"","maa_idioma":"","maa_pais":"","footnotes":""},"categories":[1],"tags":[16966,3674,4002,3234,1863,90,4340,4536,5082],"class_list":["post-84133","post","type-post","status-publish","format-standard","has-post-thumbnail","hentry","category-ubirata","tag-contraataque","tag-grupo","tag-lidera","tag-mas","tag-moro","tag-parana","tag-pesquisas","tag-prepara","tag-ratinho"],"blocksy_meta":[],"yoast_head":"<!-- This site is optimized with the Yoast SEO Premium plugin v27.6 (Yoast SEO v27.6) - https:\/\/yoast.com\/product\/yoast-seo-premium-wordpress\/ -->\n<title>Moro lidera pesquisas no Paran\u00e1, mas grupo de Ratinho Jr. prepara contra-ataque - Ubirat\u00e3 Online Not\u00edcias - A realidade ao seu alcance!<\/title>\n<meta name=\"description\" content=\"A corrida eleitoral ao governo do Paran\u00e1 come\u00e7a o ano marcada por incertezas em um cen\u00e1rio t\u00e3o vol\u00e1til que n\u00e3o poupa sequer o favorito nas pesquisas de\" \/>\n<meta name=\"robots\" content=\"index, follow, max-snippet:-1, max-image-preview:large, max-video-preview:-1\" \/>\n<link rel=\"canonical\" href=\"https:\/\/ubirataonline.com.br\/en\/moro-lidera-pesquisas-no-parana-mas-grupo-de-ratinho-jr-prepara-contra-ataque\/\" \/>\n<meta property=\"og:locale\" content=\"en_US\" \/>\n<meta property=\"og:type\" content=\"article\" \/>\n<meta property=\"og:title\" content=\"Moro lidera pesquisas no Paran\u00e1, mas grupo de Ratinho Jr. prepara contra-ataque\" \/>\n<meta property=\"og:description\" content=\"A corrida eleitoral ao governo do Paran\u00e1 come\u00e7a o ano marcada por incertezas em um cen\u00e1rio t\u00e3o vol\u00e1til que n\u00e3o poupa sequer o favorito nas pesquisas de\" \/>\n<meta property=\"og:url\" content=\"https:\/\/ubirataonline.com.br\/en\/moro-lidera-pesquisas-no-parana-mas-grupo-de-ratinho-jr-prepara-contra-ataque\/\" \/>\n<meta property=\"og:site_name\" content=\"Ubirat\u00e3 Online Not\u00edcias - A realidade ao seu alcance!\" \/>\n<meta property=\"article:publisher\" content=\"https:\/\/www.facebook.com\/portalubirataonline\" \/>\n<meta property=\"article:author\" content=\"https:\/\/www.facebook.com\/portalubirataonline\" \/>\n<meta property=\"article:published_time\" content=\"2026-02-02T11:59:30+00:00\" \/>\n<meta property=\"article:modified_time\" content=\"2026-02-02T11:59:35+00:00\" \/>\n<meta property=\"og:image\" content=\"https:\/\/ubirataonline.com.br\/wp-content\/uploads\/2026\/02\/Moro-lidera-pesquisas-no-Parana-mas-grupo-de-Ratinho-Jr.jpg\" \/>\n\t<meta property=\"og:image:width\" content=\"1200\" \/>\n\t<meta property=\"og:image:height\" content=\"800\" \/>\n\t<meta property=\"og:image:type\" content=\"image\/jpeg\" \/>\n<meta name=\"author\" content=\"REDA\u00c7\u00c3O: UBIRAT\u00c3 ONLINE - F\u00c1BIO AUGUSTO CELESTINO\" \/>\n<meta name=\"twitter:card\" content=\"summary_large_image\" \/>\n<meta name=\"twitter:creator\" content=\"@x.com\/ubirataonline\" \/>\n<meta name=\"twitter:site\" content=\"@ubirataonline\" \/>\n<meta name=\"twitter:label1\" content=\"Written by\" \/>\n\t<meta name=\"twitter:data1\" content=\"REDA\u00c7\u00c3O: UBIRAT\u00c3 ONLINE - F\u00c1BIO AUGUSTO CELESTINO\" \/>\n\t<meta name=\"twitter:label2\" content=\"Est. reading time\" \/>\n\t<meta name=\"twitter:data2\" content=\"7 minutes\" \/>\n<script type=\"application\/ld+json\" class=\"yoast-schema-graph\">{\"@context\":\"https:\\\/\\\/schema.org\",\"@graph\":[{\"@type\":\"NewsArticle\",\"@id\":\"https:\\\/\\\/ubirataonline.com.br\\\/moro-lidera-pesquisas-no-parana-mas-grupo-de-ratinho-jr-prepara-contra-ataque\\\/#article\",\"isPartOf\":{\"@id\":\"https:\\\/\\\/ubirataonline.com.br\\\/moro-lidera-pesquisas-no-parana-mas-grupo-de-ratinho-jr-prepara-contra-ataque\\\/\"},\"author\":{\"name\":\"REDA\u00c7\u00c3O: UBIRAT\u00c3 ONLINE - F\u00c1BIO AUGUSTO CELESTINO\",\"@id\":\"https:\\\/\\\/ubirataonline.com.br\\\/#\\\/schema\\\/person\\\/372f87bbd3fdd79b8556b84c98d0bc1c\"},\"headline\":\"Moro lidera pesquisas no Paran\u00e1, mas grupo de Ratinho Jr. prepara contra-ataque\",\"datePublished\":\"2026-02-02T11:59:30+00:00\",\"dateModified\":\"2026-02-02T11:59:35+00:00\",\"mainEntityOfPage\":{\"@id\":\"https:\\\/\\\/ubirataonline.com.br\\\/moro-lidera-pesquisas-no-parana-mas-grupo-de-ratinho-jr-prepara-contra-ataque\\\/\"},\"wordCount\":1504,\"publisher\":{\"@id\":\"https:\\\/\\\/ubirataonline.com.br\\\/#organization\"},\"image\":{\"@id\":\"https:\\\/\\\/ubirataonline.com.br\\\/moro-lidera-pesquisas-no-parana-mas-grupo-de-ratinho-jr-prepara-contra-ataque\\\/#primaryimage\"},\"thumbnailUrl\":\"https:\\\/\\\/ubirataonline.com.br\\\/wp-content\\\/uploads\\\/2026\\\/02\\\/Moro-lidera-pesquisas-no-Parana-mas-grupo-de-Ratinho-Jr.jpg\",\"keywords\":[\"contraataque\",\"Grupo\",\"lidera\",\"mas\",\"moro\",\"paran\u00e1\",\"Pesquisas\",\"prepara\",\"Ratinho\"],\"articleSection\":[\"Ubirat\u00e3\"],\"inLanguage\":\"en-US\",\"copyrightYear\":\"2026\",\"copyrightHolder\":{\"@id\":\"https:\\\/\\\/ubirataonline.com.br\\\/en\\\/#organization\"}},{\"@type\":\"WebPage\",\"@id\":\"https:\\\/\\\/ubirataonline.com.br\\\/moro-lidera-pesquisas-no-parana-mas-grupo-de-ratinho-jr-prepara-contra-ataque\\\/\",\"url\":\"https:\\\/\\\/ubirataonline.com.br\\\/moro-lidera-pesquisas-no-parana-mas-grupo-de-ratinho-jr-prepara-contra-ataque\\\/\",\"name\":\"Moro lidera pesquisas no Paran\u00e1, mas grupo de Ratinho Jr. prepara contra-ataque - Ubirat\u00e3 Online Not\u00edcias - A realidade ao seu alcance!\",\"isPartOf\":{\"@id\":\"https:\\\/\\\/ubirataonline.com.br\\\/#website\"},\"primaryImageOfPage\":{\"@id\":\"https:\\\/\\\/ubirataonline.com.br\\\/moro-lidera-pesquisas-no-parana-mas-grupo-de-ratinho-jr-prepara-contra-ataque\\\/#primaryimage\"},\"image\":{\"@id\":\"https:\\\/\\\/ubirataonline.com.br\\\/moro-lidera-pesquisas-no-parana-mas-grupo-de-ratinho-jr-prepara-contra-ataque\\\/#primaryimage\"},\"thumbnailUrl\":\"https:\\\/\\\/ubirataonline.com.br\\\/wp-content\\\/uploads\\\/2026\\\/02\\\/Moro-lidera-pesquisas-no-Parana-mas-grupo-de-Ratinho-Jr.jpg\",\"datePublished\":\"2026-02-02T11:59:30+00:00\",\"dateModified\":\"2026-02-02T11:59:35+00:00\",\"description\":\"A corrida eleitoral ao governo do Paran\u00e1 come\u00e7a o ano marcada por incertezas em um cen\u00e1rio t\u00e3o vol\u00e1til que n\u00e3o poupa sequer o favorito nas pesquisas de\",\"breadcrumb\":{\"@id\":\"https:\\\/\\\/ubirataonline.com.br\\\/moro-lidera-pesquisas-no-parana-mas-grupo-de-ratinho-jr-prepara-contra-ataque\\\/#breadcrumb\"},\"inLanguage\":\"en-US\",\"potentialAction\":[{\"@type\":\"ReadAction\",\"target\":[\"https:\\\/\\\/ubirataonline.com.br\\\/moro-lidera-pesquisas-no-parana-mas-grupo-de-ratinho-jr-prepara-contra-ataque\\\/\"]}]},{\"@type\":\"ImageObject\",\"inLanguage\":\"en-US\",\"@id\":\"https:\\\/\\\/ubirataonline.com.br\\\/moro-lidera-pesquisas-no-parana-mas-grupo-de-ratinho-jr-prepara-contra-ataque\\\/#primaryimage\",\"url\":\"https:\\\/\\\/ubirataonline.com.br\\\/wp-content\\\/uploads\\\/2026\\\/02\\\/Moro-lidera-pesquisas-no-Parana-mas-grupo-de-Ratinho-Jr.jpg\",\"contentUrl\":\"https:\\\/\\\/ubirataonline.com.br\\\/wp-content\\\/uploads\\\/2026\\\/02\\\/Moro-lidera-pesquisas-no-Parana-mas-grupo-de-Ratinho-Jr.jpg\",\"width\":1200,\"height\":800,\"caption\":\"Foto: Arquivo\\\/Tribuna do Paran\u00e1.\"},{\"@type\":\"BreadcrumbList\",\"@id\":\"https:\\\/\\\/ubirataonline.com.br\\\/moro-lidera-pesquisas-no-parana-mas-grupo-de-ratinho-jr-prepara-contra-ataque\\\/#breadcrumb\",\"itemListElement\":[{\"@type\":\"ListItem\",\"position\":1,\"name\":\"In\u00edcio\",\"item\":\"https:\\\/\\\/ubirataonline.com.br\\\/\"},{\"@type\":\"ListItem\",\"position\":2,\"name\":\"Moro lidera pesquisas no Paran\u00e1, mas grupo de Ratinho Jr. prepara contra-ataque\"}]},{\"@type\":\"WebSite\",\"@id\":\"https:\\\/\\\/ubirataonline.com.br\\\/#website\",\"url\":\"https:\\\/\\\/ubirataonline.com.br\\\/\",\"name\":\"Ubirat\u00e3 Online Not\u00edcias\",\"description\":\"Not\u00edcias de Ubirat\u00e3, regi\u00e3o, Brasil e mundo, com informa\u00e7\u00e3o atualizada e compromisso com o leitor.\",\"publisher\":{\"@id\":\"https:\\\/\\\/ubirataonline.com.br\\\/#organization\"},\"alternateName\":\"Ubirat\u00e3 Online\",\"potentialAction\":[{\"@type\":\"SearchAction\",\"target\":{\"@type\":\"EntryPoint\",\"urlTemplate\":\"https:\\\/\\\/ubirataonline.com.br\\\/?s={search_term_string}\"},\"query-input\":{\"@type\":\"PropertyValueSpecification\",\"valueRequired\":true,\"valueName\":\"search_term_string\"}}],\"inLanguage\":\"en-US\"},{\"@type\":[\"Organization\",\"Place\"],\"@id\":\"https:\\\/\\\/ubirataonline.com.br\\\/#organization\",\"name\":\"Ubirat\u00e3 Online Not\u00edcias\",\"alternateName\":\"Ubirat\u00e3 Online\",\"url\":\"https:\\\/\\\/ubirataonline.com.br\\\/\",\"logo\":{\"@id\":\"https:\\\/\\\/ubirataonline.com.br\\\/moro-lidera-pesquisas-no-parana-mas-grupo-de-ratinho-jr-prepara-contra-ataque\\\/#local-main-organization-logo\"},\"image\":{\"@id\":\"https:\\\/\\\/ubirataonline.com.br\\\/moro-lidera-pesquisas-no-parana-mas-grupo-de-ratinho-jr-prepara-contra-ataque\\\/#local-main-organization-logo\"},\"sameAs\":[\"https:\\\/\\\/www.facebook.com\\\/portalubirataonline\",\"https:\\\/\\\/x.com\\\/ubirataonline\",\"https:\\\/\\\/mastodon.social\\\/@ubirataonline\",\"https:\\\/\\\/www.facebook.com\\\/groups\\\/311144672285604\",\"https:\\\/\\\/www.facebook.com\\\/UBTAOnline\",\"https:\\\/\\\/www.instagram.com\\\/portalubirataonline\\\/\",\"https:\\\/\\\/twitter.com\\\/ubirataonline\"],\"description\":\"Somos um portal de not\u00edcias independente, criado em 5 de janeiro de 2009, com o objetivo de informar, conectar e valorizar a nossa comunidade de Ubirat\u00e3 e toda aregi\u00e3o. Com conte\u00fado atualizado, confi\u00e1vel e relevante, o Ubirat\u00e3 Online \u00e9 o seu espa\u00e7o para ficar por dentro dos principais acontecimentos locais, regionais, Brasil, Mundo e de interesse geral. Nosso compromisso \u00e9 com a verdade, a transpar\u00eancia e o respeito ao leitor.\",\"legalName\":\"UBIRATA ONLINE NOT\u00cdCIAS\",\"foundingDate\":\"2009-01-05\",\"numberOfEmployees\":{\"@type\":\"QuantitativeValue\",\"minValue\":\"1\",\"maxValue\":\"10\"},\"publishingPrinciples\":\"https:\\\/\\\/ubirataonline.com.br\\\/faq\\\/\",\"address\":{\"@id\":\"https:\\\/\\\/ubirataonline.com.br\\\/moro-lidera-pesquisas-no-parana-mas-grupo-de-ratinho-jr-prepara-contra-ataque\\\/#local-main-place-address\"},\"geo\":{\"@type\":\"GeoCoordinates\",\"latitude\":\"-24.5361401\",\"longitude\":\"-52.9921776\"},\"telephone\":[\"+5544998308235\"],\"contactPoint\":{\"@type\":\"ContactPoint\",\"email\":\"contato@ubirataonline.com.br\"},\"openingHoursSpecification\":{\"@type\":\"OpeningHoursSpecification\",\"dayOfWeek\":[\"Monday\",\"Tuesday\",\"Wednesday\",\"Thursday\",\"Friday\",\"Saturday\",\"Sunday\"],\"opens\":\"00:00\",\"closes\":\"23:59\"},\"email\":\"contato@ubirataonline.com.br\",\"vatID\":\"47.621.418\\\/0001-80\"},{\"@type\":\"Person\",\"@id\":\"https:\\\/\\\/ubirataonline.com.br\\\/#\\\/schema\\\/person\\\/372f87bbd3fdd79b8556b84c98d0bc1c\",\"name\":\"REDA\u00c7\u00c3O: UBIRAT\u00c3 ONLINE - F\u00c1BIO AUGUSTO CELESTINO\",\"pronouns\":\"Ele\",\"description\":\"Desde 2003 trabalhando com not\u00edcias.\",\"sameAs\":[\"http:\\\/\\\/ubirataoline.com.br\",\"https:\\\/\\\/www.facebook.com\\\/portalubirataonline\",\"https:\\\/\\\/www.instagram.com\\\/ubirataonline_oficial\",\"https:\\\/\\\/x.com\\\/x.com\\\/ubirataonline\"],\"honorificPrefix\":\"Mr.\",\"honorificSuffix\":\"MD\",\"birthDate\":\"1980-06-16\",\"gender\":\"masculino\",\"award\":[\"V\u00e1rios pr\u00eamios de melhor portal da cidade\"],\"jobTitle\":\"Diretor\",\"url\":\"https:\\\/\\\/ubirataonline.com.br\\\/en\\\/author\\\/ubirataonline\\\/\"},{\"@type\":\"PostalAddress\",\"@id\":\"https:\\\/\\\/ubirataonline.com.br\\\/moro-lidera-pesquisas-no-parana-mas-grupo-de-ratinho-jr-prepara-contra-ataque\\\/#local-main-place-address\",\"streetAddress\":\"Rua dos Coqueiros, 104 - Bairro Boa Vista, Rua dos Coqueiros, 104 Bairro Boa Vista\",\"addressLocality\":\"UBIRATA\",\"postalCode\":\"85440-000\",\"addressRegion\":\"PR\",\"addressCountry\":\"BR\"},{\"@type\":\"ImageObject\",\"inLanguage\":\"en-US\",\"@id\":\"https:\\\/\\\/ubirataonline.com.br\\\/moro-lidera-pesquisas-no-parana-mas-grupo-de-ratinho-jr-prepara-contra-ataque\\\/#local-main-organization-logo\",\"url\":\"https:\\\/\\\/ubirataonline.com.br\\\/wp-content\\\/uploads\\\/2026\\\/06\\\/logoubirataonline-1.webp\",\"contentUrl\":\"https:\\\/\\\/ubirataonline.com.br\\\/wp-content\\\/uploads\\\/2026\\\/06\\\/logoubirataonline-1.webp\",\"width\":500,\"height\":500,\"caption\":\"Ubirat\u00e3 Online Not\u00edcias\"}]}<\/script>\n<meta name=\"geo.placename\" content=\"UBIRATA\" \/>\n<meta name=\"geo.position\" content=\"-24.5361401;-52.9921776\" \/>\n<meta name=\"geo.region\" content=\"Brazil\" \/>\n<!-- \/ Yoast SEO Premium plugin. -->","yoast_head_json":{"title":"Moro lidera pesquisas no Paran\u00e1, mas grupo de Ratinho Jr. prepara contra-ataque - Ubirat\u00e3 Online Not\u00edcias - A realidade ao seu alcance!","description":"A corrida eleitoral ao governo do Paran\u00e1 come\u00e7a o ano marcada por incertezas em um cen\u00e1rio t\u00e3o vol\u00e1til que n\u00e3o poupa sequer o favorito nas pesquisas de","robots":{"index":"index","follow":"follow","max-snippet":"max-snippet:-1","max-image-preview":"max-image-preview:large","max-video-preview":"max-video-preview:-1"},"canonical":"https:\/\/ubirataonline.com.br\/en\/moro-lidera-pesquisas-no-parana-mas-grupo-de-ratinho-jr-prepara-contra-ataque\/","og_locale":"en_US","og_type":"article","og_title":"Moro lidera pesquisas no Paran\u00e1, mas grupo de Ratinho Jr. prepara contra-ataque","og_description":"A corrida eleitoral ao governo do Paran\u00e1 come\u00e7a o ano marcada por incertezas em um cen\u00e1rio t\u00e3o vol\u00e1til que n\u00e3o poupa sequer o favorito nas pesquisas de","og_url":"https:\/\/ubirataonline.com.br\/en\/moro-lidera-pesquisas-no-parana-mas-grupo-de-ratinho-jr-prepara-contra-ataque\/","og_site_name":"Ubirat\u00e3 Online Not\u00edcias - A realidade ao seu alcance!","article_publisher":"https:\/\/www.facebook.com\/portalubirataonline","article_author":"https:\/\/www.facebook.com\/portalubirataonline","article_published_time":"2026-02-02T11:59:30+00:00","article_modified_time":"2026-02-02T11:59:35+00:00","og_image":[{"width":1200,"height":800,"url":"https:\/\/ubirataonline.com.br\/wp-content\/uploads\/2026\/02\/Moro-lidera-pesquisas-no-Parana-mas-grupo-de-Ratinho-Jr.jpg","type":"image\/jpeg"}],"author":"REDA\u00c7\u00c3O: UBIRAT\u00c3 ONLINE - F\u00c1BIO AUGUSTO CELESTINO","twitter_card":"summary_large_image","twitter_creator":"@x.com\/ubirataonline","twitter_site":"@ubirataonline","twitter_misc":{"Written by":"REDA\u00c7\u00c3O: UBIRAT\u00c3 ONLINE - F\u00c1BIO AUGUSTO CELESTINO","Est. reading time":"7 minutes"},"schema":{"@context":"https:\/\/schema.org","@graph":[{"@type":"NewsArticle","@id":"https:\/\/ubirataonline.com.br\/moro-lidera-pesquisas-no-parana-mas-grupo-de-ratinho-jr-prepara-contra-ataque\/#article","isPartOf":{"@id":"https:\/\/ubirataonline.com.br\/moro-lidera-pesquisas-no-parana-mas-grupo-de-ratinho-jr-prepara-contra-ataque\/"},"author":{"name":"REDA\u00c7\u00c3O: UBIRAT\u00c3 ONLINE - F\u00c1BIO AUGUSTO CELESTINO","@id":"https:\/\/ubirataonline.com.br\/#\/schema\/person\/372f87bbd3fdd79b8556b84c98d0bc1c"},"headline":"Moro lidera pesquisas no Paran\u00e1, mas grupo de Ratinho Jr. prepara contra-ataque","datePublished":"2026-02-02T11:59:30+00:00","dateModified":"2026-02-02T11:59:35+00:00","mainEntityOfPage":{"@id":"https:\/\/ubirataonline.com.br\/moro-lidera-pesquisas-no-parana-mas-grupo-de-ratinho-jr-prepara-contra-ataque\/"},"wordCount":1504,"publisher":{"@id":"https:\/\/ubirataonline.com.br\/#organization"},"image":{"@id":"https:\/\/ubirataonline.com.br\/moro-lidera-pesquisas-no-parana-mas-grupo-de-ratinho-jr-prepara-contra-ataque\/#primaryimage"},"thumbnailUrl":"https:\/\/ubirataonline.com.br\/wp-content\/uploads\/2026\/02\/Moro-lidera-pesquisas-no-Parana-mas-grupo-de-Ratinho-Jr.jpg","keywords":["contraataque","Grupo","lidera","mas","moro","paran\u00e1","Pesquisas","prepara","Ratinho"],"articleSection":["Ubirat\u00e3"],"inLanguage":"en-US","copyrightYear":"2026","copyrightHolder":{"@id":"https:\/\/ubirataonline.com.br\/en\/#organization"}},{"@type":"WebPage","@id":"https:\/\/ubirataonline.com.br\/moro-lidera-pesquisas-no-parana-mas-grupo-de-ratinho-jr-prepara-contra-ataque\/","url":"https:\/\/ubirataonline.com.br\/moro-lidera-pesquisas-no-parana-mas-grupo-de-ratinho-jr-prepara-contra-ataque\/","name":"Moro lidera pesquisas no Paran\u00e1, mas grupo de Ratinho Jr. prepara contra-ataque - Ubirat\u00e3 Online Not\u00edcias - A realidade ao seu alcance!","isPartOf":{"@id":"https:\/\/ubirataonline.com.br\/#website"},"primaryImageOfPage":{"@id":"https:\/\/ubirataonline.com.br\/moro-lidera-pesquisas-no-parana-mas-grupo-de-ratinho-jr-prepara-contra-ataque\/#primaryimage"},"image":{"@id":"https:\/\/ubirataonline.com.br\/moro-lidera-pesquisas-no-parana-mas-grupo-de-ratinho-jr-prepara-contra-ataque\/#primaryimage"},"thumbnailUrl":"https:\/\/ubirataonline.com.br\/wp-content\/uploads\/2026\/02\/Moro-lidera-pesquisas-no-Parana-mas-grupo-de-Ratinho-Jr.jpg","datePublished":"2026-02-02T11:59:30+00:00","dateModified":"2026-02-02T11:59:35+00:00","description":"A corrida eleitoral ao governo do Paran\u00e1 come\u00e7a o ano marcada por incertezas em um cen\u00e1rio t\u00e3o vol\u00e1til que n\u00e3o poupa sequer o favorito nas pesquisas de","breadcrumb":{"@id":"https:\/\/ubirataonline.com.br\/moro-lidera-pesquisas-no-parana-mas-grupo-de-ratinho-jr-prepara-contra-ataque\/#breadcrumb"},"inLanguage":"en-US","potentialAction":[{"@type":"ReadAction","target":["https:\/\/ubirataonline.com.br\/moro-lidera-pesquisas-no-parana-mas-grupo-de-ratinho-jr-prepara-contra-ataque\/"]}]},{"@type":"ImageObject","inLanguage":"en-US","@id":"https:\/\/ubirataonline.com.br\/moro-lidera-pesquisas-no-parana-mas-grupo-de-ratinho-jr-prepara-contra-ataque\/#primaryimage","url":"https:\/\/ubirataonline.com.br\/wp-content\/uploads\/2026\/02\/Moro-lidera-pesquisas-no-Parana-mas-grupo-de-Ratinho-Jr.jpg","contentUrl":"https:\/\/ubirataonline.com.br\/wp-content\/uploads\/2026\/02\/Moro-lidera-pesquisas-no-Parana-mas-grupo-de-Ratinho-Jr.jpg","width":1200,"height":800,"caption":"Foto: Arquivo\/Tribuna do Paran\u00e1."},{"@type":"BreadcrumbList","@id":"https:\/\/ubirataonline.com.br\/moro-lidera-pesquisas-no-parana-mas-grupo-de-ratinho-jr-prepara-contra-ataque\/#breadcrumb","itemListElement":[{"@type":"ListItem","position":1,"name":"In\u00edcio","item":"https:\/\/ubirataonline.com.br\/"},{"@type":"ListItem","position":2,"name":"Moro lidera pesquisas no Paran\u00e1, mas grupo de Ratinho Jr. prepara contra-ataque"}]},{"@type":"WebSite","@id":"https:\/\/ubirataonline.com.br\/#website","url":"https:\/\/ubirataonline.com.br\/","name":"Ubirat\u00e3 Online Not\u00edcias","description":"Not\u00edcias de Ubirat\u00e3, regi\u00e3o, Brasil e mundo, com informa\u00e7\u00e3o atualizada e compromisso com o leitor.","publisher":{"@id":"https:\/\/ubirataonline.com.br\/#organization"},"alternateName":"Ubirat\u00e3 Online","potentialAction":[{"@type":"SearchAction","target":{"@type":"EntryPoint","urlTemplate":"https:\/\/ubirataonline.com.br\/?s={search_term_string}"},"query-input":{"@type":"PropertyValueSpecification","valueRequired":true,"valueName":"search_term_string"}}],"inLanguage":"en-US"},{"@type":["Organization","Place"],"@id":"https:\/\/ubirataonline.com.br\/#organization","name":"Ubirat\u00e3 Online Not\u00edcias","alternateName":"Ubirat\u00e3 Online","url":"https:\/\/ubirataonline.com.br\/","logo":{"@id":"https:\/\/ubirataonline.com.br\/moro-lidera-pesquisas-no-parana-mas-grupo-de-ratinho-jr-prepara-contra-ataque\/#local-main-organization-logo"},"image":{"@id":"https:\/\/ubirataonline.com.br\/moro-lidera-pesquisas-no-parana-mas-grupo-de-ratinho-jr-prepara-contra-ataque\/#local-main-organization-logo"},"sameAs":["https:\/\/www.facebook.com\/portalubirataonline","https:\/\/x.com\/ubirataonline","https:\/\/mastodon.social\/@ubirataonline","https:\/\/www.facebook.com\/groups\/311144672285604","https:\/\/www.facebook.com\/UBTAOnline","https:\/\/www.instagram.com\/portalubirataonline\/","https:\/\/twitter.com\/ubirataonline"],"description":"Somos um portal de not\u00edcias independente, criado em 5 de janeiro de 2009, com o objetivo de informar, conectar e valorizar a nossa comunidade de Ubirat\u00e3 e toda aregi\u00e3o. Com conte\u00fado atualizado, confi\u00e1vel e relevante, o Ubirat\u00e3 Online \u00e9 o seu espa\u00e7o para ficar por dentro dos principais acontecimentos locais, regionais, Brasil, Mundo e de interesse geral. Nosso compromisso \u00e9 com a verdade, a transpar\u00eancia e o respeito ao leitor.","legalName":"UBIRATA ONLINE NOT\u00cdCIAS","foundingDate":"2009-01-05","numberOfEmployees":{"@type":"QuantitativeValue","minValue":"1","maxValue":"10"},"publishingPrinciples":"https:\/\/ubirataonline.com.br\/faq\/","address":{"@id":"https:\/\/ubirataonline.com.br\/moro-lidera-pesquisas-no-parana-mas-grupo-de-ratinho-jr-prepara-contra-ataque\/#local-main-place-address"},"geo":{"@type":"GeoCoordinates","latitude":"-24.5361401","longitude":"-52.9921776"},"telephone":["+5544998308235"],"contactPoint":{"@type":"ContactPoint","email":"contato@ubirataonline.com.br"},"openingHoursSpecification":{"@type":"OpeningHoursSpecification","dayOfWeek":["Monday","Tuesday","Wednesday","Thursday","Friday","Saturday","Sunday"],"opens":"00:00","closes":"23:59"},"email":"contato@ubirataonline.com.br","vatID":"47.621.418\/0001-80"},{"@type":"Person","@id":"https:\/\/ubirataonline.com.br\/#\/schema\/person\/372f87bbd3fdd79b8556b84c98d0bc1c","name":"REDA\u00c7\u00c3O: UBIRAT\u00c3 ONLINE - F\u00c1BIO AUGUSTO CELESTINO","pronouns":"Ele","description":"Desde 2003 trabalhando com not\u00edcias.","sameAs":["http:\/\/ubirataoline.com.br","https:\/\/www.facebook.com\/portalubirataonline","https:\/\/www.instagram.com\/ubirataonline_oficial","https:\/\/x.com\/x.com\/ubirataonline"],"honorificPrefix":"Mr.","honorificSuffix":"MD","birthDate":"1980-06-16","gender":"masculino","award":["V\u00e1rios pr\u00eamios de melhor portal da cidade"],"jobTitle":"Diretor","url":"https:\/\/ubirataonline.com.br\/en\/author\/ubirataonline\/"},{"@type":"PostalAddress","@id":"https:\/\/ubirataonline.com.br\/moro-lidera-pesquisas-no-parana-mas-grupo-de-ratinho-jr-prepara-contra-ataque\/#local-main-place-address","streetAddress":"Rua dos Coqueiros, 104 - Bairro Boa Vista, Rua dos Coqueiros, 104 Bairro Boa Vista","addressLocality":"UBIRATA","postalCode":"85440-000","addressRegion":"PR","addressCountry":"BR"},{"@type":"ImageObject","inLanguage":"en-US","@id":"https:\/\/ubirataonline.com.br\/moro-lidera-pesquisas-no-parana-mas-grupo-de-ratinho-jr-prepara-contra-ataque\/#local-main-organization-logo","url":"https:\/\/ubirataonline.com.br\/wp-content\/uploads\/2026\/06\/logoubirataonline-1.webp","contentUrl":"https:\/\/ubirataonline.com.br\/wp-content\/uploads\/2026\/06\/logoubirataonline-1.webp","width":500,"height":500,"caption":"Ubirat\u00e3 Online Not\u00edcias"}]},"geo.placename":"UBIRATA","geo.position":{"lat":"-24.5361401","long":"-52.9921776"},"geo.region":"Brazil"},"_links":{"self":[{"href":"https:\/\/ubirataonline.com.br\/en\/wp-json\/wp\/v2\/posts\/84133","targetHints":{"allow":["GET"]}}],"collection":[{"href":"https:\/\/ubirataonline.com.br\/en\/wp-json\/wp\/v2\/posts"}],"about":[{"href":"https:\/\/ubirataonline.com.br\/en\/wp-json\/wp\/v2\/types\/post"}],"author":[{"embeddable":true,"href":"https:\/\/ubirataonline.com.br\/en\/wp-json\/wp\/v2\/users\/1"}],"replies":[{"embeddable":true,"href":"https:\/\/ubirataonline.com.br\/en\/wp-json\/wp\/v2\/comments?post=84133"}],"version-history":[{"count":0,"href":"https:\/\/ubirataonline.com.br\/en\/wp-json\/wp\/v2\/posts\/84133\/revisions"}],"wp:featuredmedia":[{"embeddable":true,"href":"https:\/\/ubirataonline.com.br\/en\/wp-json\/wp\/v2\/media\/84134"}],"wp:attachment":[{"href":"https:\/\/ubirataonline.com.br\/en\/wp-json\/wp\/v2\/media?parent=84133"}],"wp:term":[{"taxonomy":"category","embeddable":true,"href":"https:\/\/ubirataonline.com.br\/en\/wp-json\/wp\/v2\/categories?post=84133"},{"taxonomy":"post_tag","embeddable":true,"href":"https:\/\/ubirataonline.com.br\/en\/wp-json\/wp\/v2\/tags?post=84133"}],"curies":[{"name":"wp","href":"https:\/\/api.w.org\/{rel}","templated":true}]}}