{"id":84317,"date":"2026-02-03T01:15:28","date_gmt":"2026-02-03T04:15:28","guid":{"rendered":"https:\/\/ubirataonline.com.br\/metas-profissionais-sem-esgotamento-aprenda-a-definir-objetivos-com-equilibrio\/"},"modified":"2026-02-03T01:15:30","modified_gmt":"2026-02-03T04:15:30","slug":"metas-profissionais-sem-esgotamento-aprenda-a-definir-objetivos-com-equilibrio","status":"publish","type":"post","link":"https:\/\/ubirataonline.com.br\/en\/metas-profissionais-sem-esgotamento-aprenda-a-definir-objetivos-com-equilibrio\/","title":{"rendered":"Metas profissionais sem esgotamento: aprenda a definir objetivos com equil\u00edbrio"},"content":{"rendered":"<p><\/p>\n<div id=\"post-content\">\n<p>Em um mercado cada vez mais acelerado e competitivo, a busca por desempenho constante tem imposto um peso silencioso \u00e0 rotina profissional: a transforma\u00e7\u00e3o de ambi\u00e7\u00f5es leg\u00edtimas em metas dif\u00edceis de sustentar. Um levantamento do LinkedIn ilustra esse cen\u00e1rio ao revelar que 87% dos profissionais brasileiros se sentem sobrecarregados diante do ritmo acelerado das mudan\u00e7as no mercado de trabalho, e quase metade teme perder espa\u00e7o.<\/p>\n<p>Para Rennan Vilar, Diretor de Pessoas e Cultura do Grupo TODOS Internacional, esse movimento revela uma distor\u00e7\u00e3o na forma como as metas profissionais v\u00eam sendo constru\u00eddas. \u201cExiste uma ideia muito difundida de que quanto mais ambiciosa for a meta, melhor. Mas quando ela n\u00e3o considera o contexto, os limites e o momento de vida da pessoa, deixa de ser um est\u00edmulo e passa a ser um fator de adoecimento\u201d, afirma.<\/p>\n<p>Um dos principais problemas, segundo Rennan Vilar, est\u00e1 no modo como os <strong><a href=\"https:\/\/portaledicase.com\/6-dicas-para-escolher-a-carreira-certa\/\" target=\"_blank\" rel=\"noreferrer noopener\">objetivos de carreira<\/a><\/strong> s\u00e3o definidos. Em muitos casos, eles nascem mais da compara\u00e7\u00e3o com outras pessoas ou da press\u00e3o do mercado do que de um planejamento individual consciente. <\/p>\n<p>\u201c\u00c9 comum vermos profissionais estabelecendo metas baseadas no medo \u2014 medo de perder espa\u00e7o, de n\u00e3o ser promovido, de parecer menos competente. Quando a motiva\u00e7\u00e3o vem exclusivamente da inseguran\u00e7a, o risco de esgotamento aumenta muito\u201d, explica. Entre os erros mais frequentes ao tra\u00e7ar metas profissionais, ele destaca:<\/p>\n<ul class=\"wp-block-list\">\n<li>Definir objetivos gen\u00e9ricos ou desconectados da pr\u00f3pria realidade;<\/li>\n<li>Ignorar limites f\u00edsicos, emocionais e de tempo;<\/li>\n<li>Confundir produtividade com disponibilidade constante;<\/li>\n<li>Acreditar que descansar ou desacelerar compromete o desempenho;<\/li>\n<li>N\u00e3o revisar metas ao longo do ano, mesmo quando o contexto muda.<\/li>\n<\/ul>\n<p>Nem toda meta dif\u00edcil \u00e9, necessariamente, prejudicial. O desafio, segundo o executivo, est\u00e1 em diferenciar aquilo que estimula desenvolvimento daquilo que apenas<strong> <a href=\"https:\/\/portaledicase.com\/sinais-para-identificar-burnout-no-trabalho\/\" target=\"_blank\" rel=\"noreferrer noopener\">aumenta a press\u00e3o<\/a><\/strong>. \u201cUma meta saud\u00e1vel desafia, mas tamb\u00e9m oferece aprendizado, margem de ajuste e senso de progresso. J\u00e1 a meta adoecedora costuma vir acompanhada de culpa constante, sensa\u00e7\u00e3o de insufici\u00eancia e medo permanente de falhar\u201d, pontua.\u00a0<\/p>\n<p>Alguns sinais de alerta ajudam a identificar quando um objetivo est\u00e1 mais conectado \u00e0 cobran\u00e7a externa do que a um plano sustent\u00e1vel:<\/p>\n<ul class=\"wp-block-list\">\n<li>A meta gera ansiedade cont\u00ednua, mesmo fora do hor\u00e1rio de trabalho;<\/li>\n<li>N\u00e3o h\u00e1 espa\u00e7o para erros ou revis\u00f5es;<\/li>\n<li>O esfor\u00e7o exigido \u00e9 constante e sem pausas;<\/li>\n<li>O sucesso nunca parece suficiente, pois a r\u00e9gua est\u00e1 sempre subindo;<\/li>\n<li>A vida pessoal e o bem-estar s\u00e3o constantemente sacrificados em nome da entrega, como se o desempenho justificasse qualquer custo.<\/li>\n<\/ul>\n<p>O atual cen\u00e1rio de instabilidade econ\u00f4mica e mudan\u00e7as r\u00e1pidas no mercado de trabalho tamb\u00e9m influencia diretamente a forma como as pessoas estabelecem seus objetivos. Diante da inseguran\u00e7a, muitos profissionais passam a aceitar metas irreais ou a assumir responsabilidades excessivas como estrat\u00e9gia de autoprote\u00e7\u00e3o.<\/p>\n<p>\u201cNesse contexto, decis\u00f5es impulsivas se tornam comuns. A pessoa diz \u2018sim\u2019 para tudo, assume mais do que consegue sustentar e adia o cuidado consigo mesma\u201d, avalia Rennan Vilar. Para evitar esse movimento, ele recomenda pausas estrat\u00e9gicas para <strong><a href=\"https:\/\/portaledicase.com\/passos-para-ter-uma-carreira-de-sucesso\/\" target=\"_blank\" rel=\"noreferrer noopener\">reflex\u00e3o e planejamento.<\/a><\/strong> \u201cNem toda oportunidade precisa ser agarrada imediatamente. Avaliar impacto, riscos e coer\u00eancia com o pr\u00f3prio momento \u00e9 parte de uma carreira saud\u00e1vel\u201d.<\/p>\n<div class=\"wp-block-image\">\n<figure class=\"aligncenter size-large\"><figcaption class=\"wp-element-caption\">Seguir alguns crit\u00e9rios evita que as metas profissionais comprometam a sa\u00fade mental (Imagem: fizkes)<\/figcaption><\/figure>\n<\/p><\/div>\n<p>Para que os objetivos de carreira sejam ambiciosos sem comprometer a sa\u00fade emocional, alguns crit\u00e9rios s\u00e3o fundamentais. De acordo com o executivo, um bom plano profissional precisa considerar:<\/p>\n<ol class=\"wp-block-list\">\n<li><strong>Clareza de prop\u00f3sito:<\/strong> entender por que aquela meta \u00e9 importante;<\/li>\n<li><strong>Contexto de vida:<\/strong> reconhecer limites pessoais e demandas externas;<\/li>\n<li><strong>Flexibilidade: <\/strong>permitir ajustes ao longo do caminho;<\/li>\n<li><strong>Aprendizado cont\u00ednuo:<\/strong> valorizar o processo, n\u00e3o apenas o resultado;<\/li>\n<li><strong>Apoio e di\u00e1logo:<\/strong> buscar alinhamento com lideran\u00e7as e pessoas de confian\u00e7a.<\/li>\n<\/ol>\n<p>\u201cMetas sustent\u00e1veis n\u00e3o s\u00e3o aquelas que nos levam ao limite, mas as que conseguimos sustentar ao longo do tempo, com consist\u00eancia e equil\u00edbrio\u201d, resume.<\/p>\n<h2 class=\"wp-block-heading\" id=\"h-ajustes-simples-para-evitar-o-esgotamento-ao-longo-do-ano\"><strong>Ajustes simples para evitar o esgotamento ao longo do ano<\/strong><\/h2>\n<p>Al\u00e9m de definir bem os objetivos, Rennan Vilar refor\u00e7a a import\u00e2ncia de revis\u00e1-los periodicamente. Pequenos ajustes no dia a dia podem evitar que metas bem-intencionadas se transformem em fontes de desgaste. Entre os h\u00e1bitos que ajudam a manter o equil\u00edbrio, ele cita:<\/p>\n<ul class=\"wp-block-list\">\n<li>Revisar metas a cada trimestre, e n\u00e3o apenas no fim do ano;<\/li>\n<li>Conversar com <strong><a href=\"https:\/\/portaledicase.com\/dicas-para-se-tornar-um-lider-mais-eficaz\/\" target=\"_blank\" rel=\"noreferrer noopener\">lideran\u00e7as<\/a><\/strong> sobre prioridades e expectativas;<\/li>\n<li>Aprender a dizer \u201cn\u00e3o\u201d quando o custo emocional \u00e9 alto;<\/li>\n<li>Reservar tempo para descanso sem culpa;<\/li>\n<li>Reconhecer conquistas intermedi\u00e1rias, e n\u00e3o apenas o resultado final.<\/li>\n<\/ul>\n<p>\u201cCrescimento profissional n\u00e3o precisa ser sin\u00f4nimo de exaust\u00e3o. Quando metas respeitam a realidade e os limites das pessoas, elas deixam de ser um peso e passam a ser um caminho poss\u00edvel de desenvolvimento\u201d, conclui.<\/p>\n<p><em>Por Nayara Campos<\/em><\/p>\n<section class=\"virals\">\n<article class=\"cardnews cardnews--post cardnews--has-thumbnail cardnews--editorial-noticias\"> <a href=\"https:\/\/www.tribunapr.com.br\/noticias\/curitiba-regiao\/contas-no-inicio-do-ano-desafiam-familias-saiba-como-equilibrar-os-gastos\/?utm_source=noticias-virais-rodape&amp;utm_medium=internal-tribuna&amp;utm_campaign=tribuna\" class=\"cardnews__postlink\"> <\/p>\n<div class=\"cardnews__image\" is-api-thumb=\"\"><img decoding=\"async\" src=\"https:\/\/www.tribunapr.com.br\/wp-content\/uploads\/2026\/01\/14204403\/Depositphotos_46203397_XL-370x210.jpg\" loading=\"lazy\" alt=\"Descubra como pagar IPTU, IPVA e escola sem sufocar seu bolso\"\/><\/div>\n<div class=\"cardnews__content cardhome__content\">\n<div class=\"cardnews__content-wrapper\">\n<p> <span style=\"\"> IPTU, IPVA&#8230; <\/span> <\/p>\n<p>Descubra como pagar IPTU, IPVA e escola sem sufocar seu bolso<\/p>\n<\/p><\/div>\n<\/p><\/div>\n<p> <\/a> <\/article>\n<article class=\"cardnews cardnews--post cardnews--has-thumbnail cardnews--editorial-noticias\"> <a href=\"https:\/\/www.tribunapr.com.br\/noticias\/brasil\/jeito-errado-de-usar-a-geladeira-pode-custar-alto-na-conta-de-luz\/?utm_source=noticias-virais-rodape&amp;utm_medium=internal-tribuna&amp;utm_campaign=tribuna\" class=\"cardnews__postlink\"> <\/p>\n<div class=\"cardnews__image\" is-api-thumb=\"\"><img decoding=\"async\" src=\"https:\/\/www.tribunapr.com.br\/wp-content\/uploads\/2026\/01\/14114224\/geladeira-370x210.jpg\" loading=\"lazy\" alt=\"Erro comum com geladeira pode explodir sua conta de luz\"\/><\/div>\n<div class=\"cardnews__content cardhome__content\">\n<div class=\"cardnews__content-wrapper\">\n<p> <span style=\"\"> Economia <\/span> <\/p>\n<p>Erro comum com geladeira pode explodir sua conta de luz<\/p>\n<\/p><\/div>\n<\/p><\/div>\n<p> <\/a> <\/article>\n<article class=\"cardnews cardnews--post cardnews--has-thumbnail cardnews--editorial-noticias\"> <a href=\"https:\/\/www.tribunapr.com.br\/blogs\/cacador-de-boteco\/em-curitiba-madeira-chope-e-encontros-dao-forma-ao-celeiro-do-malte\/?utm_source=noticias-virais-rodape&amp;utm_medium=internal-tribuna&amp;utm_campaign=tribuna\" class=\"cardnews__postlink\"> <\/p>\n<div class=\"cardnews__image\" is-api-thumb=\"\"><img decoding=\"async\" src=\"https:\/\/www.tribunapr.com.br\/wp-content\/uploads\/2022\/10\/15074047\/celeiro-do-malte-2-370x210.jpg\" loading=\"lazy\" alt=\"Este bar r\u00fastico em Curitiba virou sensa\u00e7\u00e3o entre cervejeiros\"\/><\/div>\n<div class=\"cardnews__content cardhome__content\">\n<div class=\"cardnews__content-wrapper\">\n<p> <span style=\"\"> Ca\u00e7ador de Boteco <\/span> <\/p>\n<p>Este bar r\u00fastico em Curitiba virou sensa\u00e7\u00e3o entre cervejeiros<\/p>\n<\/p><\/div>\n<\/p><\/div>\n<p> <\/a> <\/article>\n<\/section>\n<div id=\"tribuna-follow-cta\">\n<p> <span class=\"cta-title\">Siga a <span class=\"tribuna-color\">Tribuna<\/span> no Google, e acompanhe as \u00faltimas not\u00edcias de Curitiba e regi\u00e3o!<\/span> <\/p>\n<p> <a href=\"https:\/\/profile.google.com\/cp\/CgwvZy8xMmxxajUzM3Mac2h0dHBzOi8vd3d3LnRyaWJ1bmFwci5jb20uYnIvdml2YS92aXRyaW5lL2dpZ2FudGUtZG8tdmVzdHVhcmlvLXJlaW5hdWd1cmEtbG9qYS1lbS1zaG9wcGluZy10cmFkaWNpb25hbC1kZS1jdXJpdGliYS8iElRyaWJ1bmEgZG8gUGFyYW7DoSqAAwrHAWh0dHBzOi8vZW5jcnlwdGVkLXRibjIuZ3N0YXRpYy5jb20vZmF2aWNvbi10Ym4_cT10Ym46QU5kOUdjUVJPbjVDRjR6TzJPbkUwTXZrRlRCRTY2U0g1bGlaVDRaZTV3bWNKeU5GRm1BSnluM01nNU9PR3BXY1pYMzZwYU5HUWtsZ09JVEFLTTNNZVNGbTc1aWp6M3k2ajUtQ3M2b25kX2JUcFFQQkVLd3RsUjBsTmJESnUtVHhrNXQtbFlCNlVpOWZSVVFjT2cSswFodHRwczovL2VuY3J5cHRlZC10Ym4zLmdzdGF0aWMuY29tL2Zhdmljb24tdGJuP3E9dGJuJTNBQU5kOUdjU0FMaWJ2eFF0YXdFMFRueVdWWmVKRS1MZEdRZjVTUi1OZ2RMazhyZzIwVy1nM0JuQ1F4VDNKZFBjRXR2THdBeVRxUDJEdHVycEdVR29CQkxpYzM5al9wSmFxRERaMHNCYW05WEVhSGVsMmZTQmdKdlF4WWVyMw\" target=\"_blank\" title=\"Seguir a Tribuna no Google\">  <\/a> <\/div>\n<\/p><\/div>\n<p><a href=\"https:\/\/www.tribunapr.com.br\/variedades\/metas-profissionais-sem-esgotamento-aprenda-a-definir-objetivos-com-equilibrio\/\">Source link <\/a><\/p>","protected":false},"excerpt":{"rendered":"<p>Em um mercado cada vez mais acelerado e competitivo, a busca por desempenho constante tem imposto um peso silencioso \u00e0 rotina profissional: a transforma\u00e7\u00e3o de ambi\u00e7\u00f5es leg\u00edtimas em metas dif\u00edceis de sustentar. Um levantamento do LinkedIn ilustra esse cen\u00e1rio ao revelar que 87% dos profissionais brasileiros se sentem sobrecarregados diante do ritmo acelerado das mudan\u00e7as [&hellip;]<\/p>\n","protected":false},"author":1,"featured_media":84318,"comment_status":"closed","ping_status":"","sticky":false,"template":"","format":"standard","meta":{"googlesitekit_rrm_CAow2JLhCw:productID":"","_gspb_post_css":"","maa_idioma":"","maa_pais":"","footnotes":""},"categories":[1],"tags":[4181,17092,4675,17091,7139,17093,17090,3610],"class_list":["post-84317","post","type-post","status-publish","format-standard","has-post-thumbnail","hentry","category-ubirata","tag-aprenda","tag-definir","tag-equilibrio","tag-esgotamento","tag-metas","tag-objetivos","tag-profissionais","tag-sem"],"blocksy_meta":[],"yoast_head":"<!-- This site is optimized with the Yoast SEO Premium plugin v27.6 (Yoast SEO v27.6) - https:\/\/yoast.com\/product\/yoast-seo-premium-wordpress\/ -->\n<title>Metas profissionais sem esgotamento: aprenda a definir objetivos com equil\u00edbrio - Ubirat\u00e3 Online Not\u00edcias - A realidade ao seu alcance!<\/title>\n<meta name=\"description\" content=\"Em um mercado cada vez mais acelerado e competitivo, a busca por desempenho constante tem imposto um peso silencioso \u00e0 rotina profissional: a\" \/>\n<meta name=\"robots\" content=\"index, follow, max-snippet:-1, max-image-preview:large, max-video-preview:-1\" \/>\n<link rel=\"canonical\" href=\"https:\/\/ubirataonline.com.br\/en\/metas-profissionais-sem-esgotamento-aprenda-a-definir-objetivos-com-equilibrio\/\" \/>\n<meta property=\"og:locale\" content=\"en_US\" \/>\n<meta property=\"og:type\" content=\"article\" \/>\n<meta property=\"og:title\" content=\"Metas profissionais sem esgotamento: aprenda a definir objetivos com equil\u00edbrio\" \/>\n<meta property=\"og:description\" content=\"Em um mercado cada vez mais acelerado e competitivo, a busca por desempenho constante tem imposto um peso silencioso \u00e0 rotina profissional: a\" \/>\n<meta property=\"og:url\" content=\"https:\/\/ubirataonline.com.br\/en\/metas-profissionais-sem-esgotamento-aprenda-a-definir-objetivos-com-equilibrio\/\" \/>\n<meta property=\"og:site_name\" content=\"Ubirat\u00e3 Online Not\u00edcias - A realidade ao seu alcance!\" \/>\n<meta property=\"article:publisher\" content=\"https:\/\/www.facebook.com\/portalubirataonline\" \/>\n<meta property=\"article:author\" content=\"https:\/\/www.facebook.com\/portalubirataonline\" \/>\n<meta property=\"article:published_time\" content=\"2026-02-03T04:15:28+00:00\" \/>\n<meta property=\"article:modified_time\" content=\"2026-02-03T04:15:30+00:00\" \/>\n<meta property=\"og:image\" content=\"https:\/\/ubirataonline.com.br\/wp-content\/uploads\/2026\/02\/Metas-profissionais-sem-esgotamento-aprenda-a-definir-objetivos-com-equilibrio.jpg\" \/>\n\t<meta property=\"og:image:width\" content=\"1200\" \/>\n\t<meta property=\"og:image:height\" content=\"800\" \/>\n\t<meta property=\"og:image:type\" content=\"image\/jpeg\" \/>\n<meta name=\"author\" content=\"REDA\u00c7\u00c3O: UBIRAT\u00c3 ONLINE - F\u00c1BIO AUGUSTO CELESTINO\" \/>\n<meta name=\"twitter:card\" content=\"summary_large_image\" \/>\n<meta name=\"twitter:creator\" content=\"@x.com\/ubirataonline\" \/>\n<meta name=\"twitter:site\" content=\"@ubirataonline\" \/>\n<meta name=\"twitter:label1\" content=\"Written by\" \/>\n\t<meta name=\"twitter:data1\" content=\"REDA\u00c7\u00c3O: UBIRAT\u00c3 ONLINE - F\u00c1BIO AUGUSTO CELESTINO\" \/>\n\t<meta name=\"twitter:label2\" content=\"Est. reading time\" \/>\n\t<meta name=\"twitter:data2\" content=\"4 minutes\" \/>\n<script type=\"application\/ld+json\" class=\"yoast-schema-graph\">{\"@context\":\"https:\\\/\\\/schema.org\",\"@graph\":[{\"@type\":\"NewsArticle\",\"@id\":\"https:\\\/\\\/ubirataonline.com.br\\\/metas-profissionais-sem-esgotamento-aprenda-a-definir-objetivos-com-equilibrio\\\/#article\",\"isPartOf\":{\"@id\":\"https:\\\/\\\/ubirataonline.com.br\\\/metas-profissionais-sem-esgotamento-aprenda-a-definir-objetivos-com-equilibrio\\\/\"},\"author\":{\"name\":\"REDA\u00c7\u00c3O: UBIRAT\u00c3 ONLINE - F\u00c1BIO AUGUSTO CELESTINO\",\"@id\":\"https:\\\/\\\/ubirataonline.com.br\\\/#\\\/schema\\\/person\\\/372f87bbd3fdd79b8556b84c98d0bc1c\"},\"headline\":\"Metas profissionais sem esgotamento: aprenda a definir objetivos com equil\u00edbrio\",\"datePublished\":\"2026-02-03T04:15:28+00:00\",\"dateModified\":\"2026-02-03T04:15:30+00:00\",\"mainEntityOfPage\":{\"@id\":\"https:\\\/\\\/ubirataonline.com.br\\\/metas-profissionais-sem-esgotamento-aprenda-a-definir-objetivos-com-equilibrio\\\/\"},\"wordCount\":893,\"publisher\":{\"@id\":\"https:\\\/\\\/ubirataonline.com.br\\\/#organization\"},\"image\":{\"@id\":\"https:\\\/\\\/ubirataonline.com.br\\\/metas-profissionais-sem-esgotamento-aprenda-a-definir-objetivos-com-equilibrio\\\/#primaryimage\"},\"thumbnailUrl\":\"https:\\\/\\\/ubirataonline.com.br\\\/wp-content\\\/uploads\\\/2026\\\/02\\\/Metas-profissionais-sem-esgotamento-aprenda-a-definir-objetivos-com-equilibrio.jpg\",\"keywords\":[\"Aprenda\",\"definir\",\"Equil\u00edbrio\",\"esgotamento\",\"metas\",\"objetivos\",\"profissionais\",\"sem\"],\"articleSection\":[\"Ubirat\u00e3\"],\"inLanguage\":\"en-US\",\"copyrightYear\":\"2026\",\"copyrightHolder\":{\"@id\":\"https:\\\/\\\/ubirataonline.com.br\\\/en\\\/#organization\"}},{\"@type\":\"WebPage\",\"@id\":\"https:\\\/\\\/ubirataonline.com.br\\\/metas-profissionais-sem-esgotamento-aprenda-a-definir-objetivos-com-equilibrio\\\/\",\"url\":\"https:\\\/\\\/ubirataonline.com.br\\\/metas-profissionais-sem-esgotamento-aprenda-a-definir-objetivos-com-equilibrio\\\/\",\"name\":\"Metas profissionais sem esgotamento: aprenda a definir objetivos com equil\u00edbrio - Ubirat\u00e3 Online Not\u00edcias - A realidade ao seu alcance!\",\"isPartOf\":{\"@id\":\"https:\\\/\\\/ubirataonline.com.br\\\/#website\"},\"primaryImageOfPage\":{\"@id\":\"https:\\\/\\\/ubirataonline.com.br\\\/metas-profissionais-sem-esgotamento-aprenda-a-definir-objetivos-com-equilibrio\\\/#primaryimage\"},\"image\":{\"@id\":\"https:\\\/\\\/ubirataonline.com.br\\\/metas-profissionais-sem-esgotamento-aprenda-a-definir-objetivos-com-equilibrio\\\/#primaryimage\"},\"thumbnailUrl\":\"https:\\\/\\\/ubirataonline.com.br\\\/wp-content\\\/uploads\\\/2026\\\/02\\\/Metas-profissionais-sem-esgotamento-aprenda-a-definir-objetivos-com-equilibrio.jpg\",\"datePublished\":\"2026-02-03T04:15:28+00:00\",\"dateModified\":\"2026-02-03T04:15:30+00:00\",\"description\":\"Em um mercado cada vez mais acelerado e competitivo, a busca por desempenho constante tem imposto um peso silencioso \u00e0 rotina profissional: a\",\"breadcrumb\":{\"@id\":\"https:\\\/\\\/ubirataonline.com.br\\\/metas-profissionais-sem-esgotamento-aprenda-a-definir-objetivos-com-equilibrio\\\/#breadcrumb\"},\"inLanguage\":\"en-US\",\"potentialAction\":[{\"@type\":\"ReadAction\",\"target\":[\"https:\\\/\\\/ubirataonline.com.br\\\/metas-profissionais-sem-esgotamento-aprenda-a-definir-objetivos-com-equilibrio\\\/\"]}]},{\"@type\":\"ImageObject\",\"inLanguage\":\"en-US\",\"@id\":\"https:\\\/\\\/ubirataonline.com.br\\\/metas-profissionais-sem-esgotamento-aprenda-a-definir-objetivos-com-equilibrio\\\/#primaryimage\",\"url\":\"https:\\\/\\\/ubirataonline.com.br\\\/wp-content\\\/uploads\\\/2026\\\/02\\\/Metas-profissionais-sem-esgotamento-aprenda-a-definir-objetivos-com-equilibrio.jpg\",\"contentUrl\":\"https:\\\/\\\/ubirataonline.com.br\\\/wp-content\\\/uploads\\\/2026\\\/02\\\/Metas-profissionais-sem-esgotamento-aprenda-a-definir-objetivos-com-equilibrio.jpg\",\"width\":1200,\"height\":800,\"caption\":\"Mudan\u00e7as no mercado de trabalho e esgotamento profissional revelam uma distor\u00e7\u00e3o na forma como as metas profissionais v\u00eam sendo constru\u00eddas (Imagem: Roman Samborskyi | Shutterstock)\"},{\"@type\":\"BreadcrumbList\",\"@id\":\"https:\\\/\\\/ubirataonline.com.br\\\/metas-profissionais-sem-esgotamento-aprenda-a-definir-objetivos-com-equilibrio\\\/#breadcrumb\",\"itemListElement\":[{\"@type\":\"ListItem\",\"position\":1,\"name\":\"In\u00edcio\",\"item\":\"https:\\\/\\\/ubirataonline.com.br\\\/\"},{\"@type\":\"ListItem\",\"position\":2,\"name\":\"Metas profissionais sem esgotamento: aprenda a definir objetivos com equil\u00edbrio\"}]},{\"@type\":\"WebSite\",\"@id\":\"https:\\\/\\\/ubirataonline.com.br\\\/#website\",\"url\":\"https:\\\/\\\/ubirataonline.com.br\\\/\",\"name\":\"Ubirat\u00e3 Online Not\u00edcias\",\"description\":\"Not\u00edcias de Ubirat\u00e3, regi\u00e3o, Brasil e mundo, com informa\u00e7\u00e3o atualizada e compromisso com o leitor.\",\"publisher\":{\"@id\":\"https:\\\/\\\/ubirataonline.com.br\\\/#organization\"},\"alternateName\":\"Ubirat\u00e3 Online\",\"potentialAction\":[{\"@type\":\"SearchAction\",\"target\":{\"@type\":\"EntryPoint\",\"urlTemplate\":\"https:\\\/\\\/ubirataonline.com.br\\\/?s={search_term_string}\"},\"query-input\":{\"@type\":\"PropertyValueSpecification\",\"valueRequired\":true,\"valueName\":\"search_term_string\"}}],\"inLanguage\":\"en-US\"},{\"@type\":[\"Organization\",\"Place\"],\"@id\":\"https:\\\/\\\/ubirataonline.com.br\\\/#organization\",\"name\":\"Ubirat\u00e3 Online Not\u00edcias\",\"alternateName\":\"Ubirat\u00e3 Online\",\"url\":\"https:\\\/\\\/ubirataonline.com.br\\\/\",\"logo\":{\"@id\":\"https:\\\/\\\/ubirataonline.com.br\\\/metas-profissionais-sem-esgotamento-aprenda-a-definir-objetivos-com-equilibrio\\\/#local-main-organization-logo\"},\"image\":{\"@id\":\"https:\\\/\\\/ubirataonline.com.br\\\/metas-profissionais-sem-esgotamento-aprenda-a-definir-objetivos-com-equilibrio\\\/#local-main-organization-logo\"},\"sameAs\":[\"https:\\\/\\\/www.facebook.com\\\/portalubirataonline\",\"https:\\\/\\\/x.com\\\/ubirataonline\",\"https:\\\/\\\/mastodon.social\\\/@ubirataonline\",\"https:\\\/\\\/www.facebook.com\\\/groups\\\/311144672285604\",\"https:\\\/\\\/www.facebook.com\\\/UBTAOnline\",\"https:\\\/\\\/www.instagram.com\\\/portalubirataonline\\\/\",\"https:\\\/\\\/twitter.com\\\/ubirataonline\"],\"description\":\"Somos um portal de not\u00edcias independente, criado em 5 de janeiro de 2009, com o objetivo de informar, conectar e valorizar a nossa comunidade de Ubirat\u00e3 e toda aregi\u00e3o. Com conte\u00fado atualizado, confi\u00e1vel e relevante, o Ubirat\u00e3 Online \u00e9 o seu espa\u00e7o para ficar por dentro dos principais acontecimentos locais, regionais, Brasil, Mundo e de interesse geral. Nosso compromisso \u00e9 com a verdade, a transpar\u00eancia e o respeito ao leitor.\",\"legalName\":\"UBIRATA ONLINE NOT\u00cdCIAS\",\"foundingDate\":\"2009-01-05\",\"numberOfEmployees\":{\"@type\":\"QuantitativeValue\",\"minValue\":\"1\",\"maxValue\":\"10\"},\"publishingPrinciples\":\"https:\\\/\\\/ubirataonline.com.br\\\/faq\\\/\",\"address\":{\"@id\":\"https:\\\/\\\/ubirataonline.com.br\\\/metas-profissionais-sem-esgotamento-aprenda-a-definir-objetivos-com-equilibrio\\\/#local-main-place-address\"},\"geo\":{\"@type\":\"GeoCoordinates\",\"latitude\":\"-24.5361401\",\"longitude\":\"-52.9921776\"},\"telephone\":[\"+5544998308235\"],\"contactPoint\":{\"@type\":\"ContactPoint\",\"email\":\"contato@ubirataonline.com.br\"},\"openingHoursSpecification\":{\"@type\":\"OpeningHoursSpecification\",\"dayOfWeek\":[\"Monday\",\"Tuesday\",\"Wednesday\",\"Thursday\",\"Friday\",\"Saturday\",\"Sunday\"],\"opens\":\"00:00\",\"closes\":\"23:59\"},\"email\":\"contato@ubirataonline.com.br\",\"vatID\":\"47.621.418\\\/0001-80\"},{\"@type\":\"Person\",\"@id\":\"https:\\\/\\\/ubirataonline.com.br\\\/#\\\/schema\\\/person\\\/372f87bbd3fdd79b8556b84c98d0bc1c\",\"name\":\"REDA\u00c7\u00c3O: UBIRAT\u00c3 ONLINE - F\u00c1BIO AUGUSTO CELESTINO\",\"pronouns\":\"Ele\",\"description\":\"Desde 2003 trabalhando com not\u00edcias.\",\"sameAs\":[\"http:\\\/\\\/ubirataoline.com.br\",\"https:\\\/\\\/www.facebook.com\\\/portalubirataonline\",\"https:\\\/\\\/www.instagram.com\\\/ubirataonline_oficial\",\"https:\\\/\\\/x.com\\\/x.com\\\/ubirataonline\"],\"honorificPrefix\":\"Mr.\",\"honorificSuffix\":\"MD\",\"birthDate\":\"1980-06-16\",\"gender\":\"masculino\",\"award\":[\"V\u00e1rios pr\u00eamios de melhor portal da cidade\"],\"jobTitle\":\"Diretor\",\"url\":\"https:\\\/\\\/ubirataonline.com.br\\\/en\\\/author\\\/ubirataonline\\\/\"},{\"@type\":\"PostalAddress\",\"@id\":\"https:\\\/\\\/ubirataonline.com.br\\\/metas-profissionais-sem-esgotamento-aprenda-a-definir-objetivos-com-equilibrio\\\/#local-main-place-address\",\"streetAddress\":\"Rua dos Coqueiros, 104 - Bairro Boa Vista, Rua dos Coqueiros, 104 Bairro Boa Vista\",\"addressLocality\":\"UBIRATA\",\"postalCode\":\"85440-000\",\"addressRegion\":\"PR\",\"addressCountry\":\"BR\"},{\"@type\":\"ImageObject\",\"inLanguage\":\"en-US\",\"@id\":\"https:\\\/\\\/ubirataonline.com.br\\\/metas-profissionais-sem-esgotamento-aprenda-a-definir-objetivos-com-equilibrio\\\/#local-main-organization-logo\",\"url\":\"https:\\\/\\\/ubirataonline.com.br\\\/wp-content\\\/uploads\\\/2026\\\/06\\\/logoubirataonline-1.webp\",\"contentUrl\":\"https:\\\/\\\/ubirataonline.com.br\\\/wp-content\\\/uploads\\\/2026\\\/06\\\/logoubirataonline-1.webp\",\"width\":500,\"height\":500,\"caption\":\"Ubirat\u00e3 Online Not\u00edcias\"}]}<\/script>\n<meta name=\"geo.placename\" content=\"UBIRATA\" \/>\n<meta name=\"geo.position\" content=\"-24.5361401;-52.9921776\" \/>\n<meta name=\"geo.region\" content=\"Brazil\" \/>\n<!-- \/ Yoast SEO Premium plugin. -->","yoast_head_json":{"title":"Metas profissionais sem esgotamento: aprenda a definir objetivos com equil\u00edbrio - Ubirat\u00e3 Online Not\u00edcias - A realidade ao seu alcance!","description":"Em um mercado cada vez mais acelerado e competitivo, a busca por desempenho constante tem imposto um peso silencioso \u00e0 rotina profissional: a","robots":{"index":"index","follow":"follow","max-snippet":"max-snippet:-1","max-image-preview":"max-image-preview:large","max-video-preview":"max-video-preview:-1"},"canonical":"https:\/\/ubirataonline.com.br\/en\/metas-profissionais-sem-esgotamento-aprenda-a-definir-objetivos-com-equilibrio\/","og_locale":"en_US","og_type":"article","og_title":"Metas profissionais sem esgotamento: aprenda a definir objetivos com equil\u00edbrio","og_description":"Em um mercado cada vez mais acelerado e competitivo, a busca por desempenho constante tem imposto um peso silencioso \u00e0 rotina profissional: a","og_url":"https:\/\/ubirataonline.com.br\/en\/metas-profissionais-sem-esgotamento-aprenda-a-definir-objetivos-com-equilibrio\/","og_site_name":"Ubirat\u00e3 Online Not\u00edcias - A realidade ao seu alcance!","article_publisher":"https:\/\/www.facebook.com\/portalubirataonline","article_author":"https:\/\/www.facebook.com\/portalubirataonline","article_published_time":"2026-02-03T04:15:28+00:00","article_modified_time":"2026-02-03T04:15:30+00:00","og_image":[{"width":1200,"height":800,"url":"https:\/\/ubirataonline.com.br\/wp-content\/uploads\/2026\/02\/Metas-profissionais-sem-esgotamento-aprenda-a-definir-objetivos-com-equilibrio.jpg","type":"image\/jpeg"}],"author":"REDA\u00c7\u00c3O: UBIRAT\u00c3 ONLINE - F\u00c1BIO AUGUSTO CELESTINO","twitter_card":"summary_large_image","twitter_creator":"@x.com\/ubirataonline","twitter_site":"@ubirataonline","twitter_misc":{"Written by":"REDA\u00c7\u00c3O: UBIRAT\u00c3 ONLINE - F\u00c1BIO AUGUSTO CELESTINO","Est. reading time":"4 minutes"},"schema":{"@context":"https:\/\/schema.org","@graph":[{"@type":"NewsArticle","@id":"https:\/\/ubirataonline.com.br\/metas-profissionais-sem-esgotamento-aprenda-a-definir-objetivos-com-equilibrio\/#article","isPartOf":{"@id":"https:\/\/ubirataonline.com.br\/metas-profissionais-sem-esgotamento-aprenda-a-definir-objetivos-com-equilibrio\/"},"author":{"name":"REDA\u00c7\u00c3O: UBIRAT\u00c3 ONLINE - F\u00c1BIO AUGUSTO CELESTINO","@id":"https:\/\/ubirataonline.com.br\/#\/schema\/person\/372f87bbd3fdd79b8556b84c98d0bc1c"},"headline":"Metas profissionais sem esgotamento: aprenda a definir objetivos com equil\u00edbrio","datePublished":"2026-02-03T04:15:28+00:00","dateModified":"2026-02-03T04:15:30+00:00","mainEntityOfPage":{"@id":"https:\/\/ubirataonline.com.br\/metas-profissionais-sem-esgotamento-aprenda-a-definir-objetivos-com-equilibrio\/"},"wordCount":893,"publisher":{"@id":"https:\/\/ubirataonline.com.br\/#organization"},"image":{"@id":"https:\/\/ubirataonline.com.br\/metas-profissionais-sem-esgotamento-aprenda-a-definir-objetivos-com-equilibrio\/#primaryimage"},"thumbnailUrl":"https:\/\/ubirataonline.com.br\/wp-content\/uploads\/2026\/02\/Metas-profissionais-sem-esgotamento-aprenda-a-definir-objetivos-com-equilibrio.jpg","keywords":["Aprenda","definir","Equil\u00edbrio","esgotamento","metas","objetivos","profissionais","sem"],"articleSection":["Ubirat\u00e3"],"inLanguage":"en-US","copyrightYear":"2026","copyrightHolder":{"@id":"https:\/\/ubirataonline.com.br\/en\/#organization"}},{"@type":"WebPage","@id":"https:\/\/ubirataonline.com.br\/metas-profissionais-sem-esgotamento-aprenda-a-definir-objetivos-com-equilibrio\/","url":"https:\/\/ubirataonline.com.br\/metas-profissionais-sem-esgotamento-aprenda-a-definir-objetivos-com-equilibrio\/","name":"Metas profissionais sem esgotamento: aprenda a definir objetivos com equil\u00edbrio - Ubirat\u00e3 Online Not\u00edcias - A realidade ao seu alcance!","isPartOf":{"@id":"https:\/\/ubirataonline.com.br\/#website"},"primaryImageOfPage":{"@id":"https:\/\/ubirataonline.com.br\/metas-profissionais-sem-esgotamento-aprenda-a-definir-objetivos-com-equilibrio\/#primaryimage"},"image":{"@id":"https:\/\/ubirataonline.com.br\/metas-profissionais-sem-esgotamento-aprenda-a-definir-objetivos-com-equilibrio\/#primaryimage"},"thumbnailUrl":"https:\/\/ubirataonline.com.br\/wp-content\/uploads\/2026\/02\/Metas-profissionais-sem-esgotamento-aprenda-a-definir-objetivos-com-equilibrio.jpg","datePublished":"2026-02-03T04:15:28+00:00","dateModified":"2026-02-03T04:15:30+00:00","description":"Em um mercado cada vez mais acelerado e competitivo, a busca por desempenho constante tem imposto um peso silencioso \u00e0 rotina profissional: a","breadcrumb":{"@id":"https:\/\/ubirataonline.com.br\/metas-profissionais-sem-esgotamento-aprenda-a-definir-objetivos-com-equilibrio\/#breadcrumb"},"inLanguage":"en-US","potentialAction":[{"@type":"ReadAction","target":["https:\/\/ubirataonline.com.br\/metas-profissionais-sem-esgotamento-aprenda-a-definir-objetivos-com-equilibrio\/"]}]},{"@type":"ImageObject","inLanguage":"en-US","@id":"https:\/\/ubirataonline.com.br\/metas-profissionais-sem-esgotamento-aprenda-a-definir-objetivos-com-equilibrio\/#primaryimage","url":"https:\/\/ubirataonline.com.br\/wp-content\/uploads\/2026\/02\/Metas-profissionais-sem-esgotamento-aprenda-a-definir-objetivos-com-equilibrio.jpg","contentUrl":"https:\/\/ubirataonline.com.br\/wp-content\/uploads\/2026\/02\/Metas-profissionais-sem-esgotamento-aprenda-a-definir-objetivos-com-equilibrio.jpg","width":1200,"height":800,"caption":"Mudan\u00e7as no mercado de trabalho e esgotamento profissional revelam uma distor\u00e7\u00e3o na forma como as metas profissionais v\u00eam sendo constru\u00eddas (Imagem: Roman Samborskyi | Shutterstock)"},{"@type":"BreadcrumbList","@id":"https:\/\/ubirataonline.com.br\/metas-profissionais-sem-esgotamento-aprenda-a-definir-objetivos-com-equilibrio\/#breadcrumb","itemListElement":[{"@type":"ListItem","position":1,"name":"In\u00edcio","item":"https:\/\/ubirataonline.com.br\/"},{"@type":"ListItem","position":2,"name":"Metas profissionais sem esgotamento: aprenda a definir objetivos com equil\u00edbrio"}]},{"@type":"WebSite","@id":"https:\/\/ubirataonline.com.br\/#website","url":"https:\/\/ubirataonline.com.br\/","name":"Ubirat\u00e3 Online Not\u00edcias","description":"Not\u00edcias de Ubirat\u00e3, regi\u00e3o, Brasil e mundo, com informa\u00e7\u00e3o atualizada e compromisso com o leitor.","publisher":{"@id":"https:\/\/ubirataonline.com.br\/#organization"},"alternateName":"Ubirat\u00e3 Online","potentialAction":[{"@type":"SearchAction","target":{"@type":"EntryPoint","urlTemplate":"https:\/\/ubirataonline.com.br\/?s={search_term_string}"},"query-input":{"@type":"PropertyValueSpecification","valueRequired":true,"valueName":"search_term_string"}}],"inLanguage":"en-US"},{"@type":["Organization","Place"],"@id":"https:\/\/ubirataonline.com.br\/#organization","name":"Ubirat\u00e3 Online Not\u00edcias","alternateName":"Ubirat\u00e3 Online","url":"https:\/\/ubirataonline.com.br\/","logo":{"@id":"https:\/\/ubirataonline.com.br\/metas-profissionais-sem-esgotamento-aprenda-a-definir-objetivos-com-equilibrio\/#local-main-organization-logo"},"image":{"@id":"https:\/\/ubirataonline.com.br\/metas-profissionais-sem-esgotamento-aprenda-a-definir-objetivos-com-equilibrio\/#local-main-organization-logo"},"sameAs":["https:\/\/www.facebook.com\/portalubirataonline","https:\/\/x.com\/ubirataonline","https:\/\/mastodon.social\/@ubirataonline","https:\/\/www.facebook.com\/groups\/311144672285604","https:\/\/www.facebook.com\/UBTAOnline","https:\/\/www.instagram.com\/portalubirataonline\/","https:\/\/twitter.com\/ubirataonline"],"description":"Somos um portal de not\u00edcias independente, criado em 5 de janeiro de 2009, com o objetivo de informar, conectar e valorizar a nossa comunidade de Ubirat\u00e3 e toda aregi\u00e3o. Com conte\u00fado atualizado, confi\u00e1vel e relevante, o Ubirat\u00e3 Online \u00e9 o seu espa\u00e7o para ficar por dentro dos principais acontecimentos locais, regionais, Brasil, Mundo e de interesse geral. Nosso compromisso \u00e9 com a verdade, a transpar\u00eancia e o respeito ao leitor.","legalName":"UBIRATA ONLINE NOT\u00cdCIAS","foundingDate":"2009-01-05","numberOfEmployees":{"@type":"QuantitativeValue","minValue":"1","maxValue":"10"},"publishingPrinciples":"https:\/\/ubirataonline.com.br\/faq\/","address":{"@id":"https:\/\/ubirataonline.com.br\/metas-profissionais-sem-esgotamento-aprenda-a-definir-objetivos-com-equilibrio\/#local-main-place-address"},"geo":{"@type":"GeoCoordinates","latitude":"-24.5361401","longitude":"-52.9921776"},"telephone":["+5544998308235"],"contactPoint":{"@type":"ContactPoint","email":"contato@ubirataonline.com.br"},"openingHoursSpecification":{"@type":"OpeningHoursSpecification","dayOfWeek":["Monday","Tuesday","Wednesday","Thursday","Friday","Saturday","Sunday"],"opens":"00:00","closes":"23:59"},"email":"contato@ubirataonline.com.br","vatID":"47.621.418\/0001-80"},{"@type":"Person","@id":"https:\/\/ubirataonline.com.br\/#\/schema\/person\/372f87bbd3fdd79b8556b84c98d0bc1c","name":"REDA\u00c7\u00c3O: UBIRAT\u00c3 ONLINE - F\u00c1BIO AUGUSTO CELESTINO","pronouns":"Ele","description":"Desde 2003 trabalhando com not\u00edcias.","sameAs":["http:\/\/ubirataoline.com.br","https:\/\/www.facebook.com\/portalubirataonline","https:\/\/www.instagram.com\/ubirataonline_oficial","https:\/\/x.com\/x.com\/ubirataonline"],"honorificPrefix":"Mr.","honorificSuffix":"MD","birthDate":"1980-06-16","gender":"masculino","award":["V\u00e1rios pr\u00eamios de melhor portal da cidade"],"jobTitle":"Diretor","url":"https:\/\/ubirataonline.com.br\/en\/author\/ubirataonline\/"},{"@type":"PostalAddress","@id":"https:\/\/ubirataonline.com.br\/metas-profissionais-sem-esgotamento-aprenda-a-definir-objetivos-com-equilibrio\/#local-main-place-address","streetAddress":"Rua dos Coqueiros, 104 - Bairro Boa Vista, Rua dos Coqueiros, 104 Bairro Boa Vista","addressLocality":"UBIRATA","postalCode":"85440-000","addressRegion":"PR","addressCountry":"BR"},{"@type":"ImageObject","inLanguage":"en-US","@id":"https:\/\/ubirataonline.com.br\/metas-profissionais-sem-esgotamento-aprenda-a-definir-objetivos-com-equilibrio\/#local-main-organization-logo","url":"https:\/\/ubirataonline.com.br\/wp-content\/uploads\/2026\/06\/logoubirataonline-1.webp","contentUrl":"https:\/\/ubirataonline.com.br\/wp-content\/uploads\/2026\/06\/logoubirataonline-1.webp","width":500,"height":500,"caption":"Ubirat\u00e3 Online Not\u00edcias"}]},"geo.placename":"UBIRATA","geo.position":{"lat":"-24.5361401","long":"-52.9921776"},"geo.region":"Brazil"},"_links":{"self":[{"href":"https:\/\/ubirataonline.com.br\/en\/wp-json\/wp\/v2\/posts\/84317","targetHints":{"allow":["GET"]}}],"collection":[{"href":"https:\/\/ubirataonline.com.br\/en\/wp-json\/wp\/v2\/posts"}],"about":[{"href":"https:\/\/ubirataonline.com.br\/en\/wp-json\/wp\/v2\/types\/post"}],"author":[{"embeddable":true,"href":"https:\/\/ubirataonline.com.br\/en\/wp-json\/wp\/v2\/users\/1"}],"replies":[{"embeddable":true,"href":"https:\/\/ubirataonline.com.br\/en\/wp-json\/wp\/v2\/comments?post=84317"}],"version-history":[{"count":0,"href":"https:\/\/ubirataonline.com.br\/en\/wp-json\/wp\/v2\/posts\/84317\/revisions"}],"wp:featuredmedia":[{"embeddable":true,"href":"https:\/\/ubirataonline.com.br\/en\/wp-json\/wp\/v2\/media\/84318"}],"wp:attachment":[{"href":"https:\/\/ubirataonline.com.br\/en\/wp-json\/wp\/v2\/media?parent=84317"}],"wp:term":[{"taxonomy":"category","embeddable":true,"href":"https:\/\/ubirataonline.com.br\/en\/wp-json\/wp\/v2\/categories?post=84317"},{"taxonomy":"post_tag","embeddable":true,"href":"https:\/\/ubirataonline.com.br\/en\/wp-json\/wp\/v2\/tags?post=84317"}],"curies":[{"name":"wp","href":"https:\/\/api.w.org\/{rel}","templated":true}]}}