{"id":84339,"date":"2026-02-03T03:43:31","date_gmt":"2026-02-03T06:43:31","guid":{"rendered":"https:\/\/ubirataonline.com.br\/quien-era-gabriela-rico-usuarios-reviven-polemico-video-tras-liberacion-de-archivos-epstein\/"},"modified":"2026-02-03T03:43:40","modified_gmt":"2026-02-03T06:43:40","slug":"quien-era-gabriela-rico-usuarios-reviven-polemico-video-tras-liberacion-de-archivos-epstein","status":"publish","type":"post","link":"https:\/\/ubirataonline.com.br\/en\/quien-era-gabriela-rico-usuarios-reviven-polemico-video-tras-liberacion-de-archivos-epstein\/","title":{"rendered":"\u00bfQui\u00e9n era Gabriela Rico?; usuarios reviven pol\u00e9mico video tras liberaci\u00f3n de archivos Epstein"},"content":{"rendered":"<p><br \/>\n<\/p>\n<div id=\"\">\n<p itemprop=\"description\" class=\"sc__font-paragraph\">El pasado viernes <b>30 de enero de 2026<\/b>, el Departamento de Justicia de Estados Unidos public\u00f3 m\u00e1s registros sobre el caso del multimillonario <a itemprop=\"url\" href=\"https:\/\/www.eluniversal.com.mx\/tendencias\/\" target=\"_blank\" rel=\"noreferrer\" title=\"https:\/\/www.eluniversal.com.mx\/tendencias\/\"><b>Jeffrey Epstein<\/b><\/a>, acusado de tr\u00e1fico de menores y abuso sexual en su isla privada. El delincuente <b>falleci\u00f3 en 2019<\/b>, en su celda en el Centro Correccional Metropolitano (<b>MCC<\/b>) de<b> Nueva York.<\/b><\/p>\n<p itemprop=\"description\" class=\"sc__font-paragraph\">Este nuevo lote de archivos reaviv\u00f3 la <a itemprop=\"url\" href=\"https:\/\/www.eluniversal.com.mx\/\" target=\"_blank\" rel=\"noreferrer\" title=\"https:\/\/www.eluniversal.com.mx\/\"><b>conversaci\u00f3n medi\u00e1tica<\/b><\/a> y p\u00fablica en redes sociales, inundando las plataformas de <b>nuevas especulaciones<\/b>. Las p\u00e1ginas de documentos publicadas dejaron ver nuevos nombres de personajes supuestamente involucrados, como el productor<b> Steve Tisch<\/b>, el empresario <b>Howard Lutnick<\/b> y <b>Andrew Mountbatten-Windsor.<\/b><\/p>\n<p itemprop=\"description\" class=\"sc__font-paragraph\">Adem\u00e1s, tambi\u00e9n aparecieron envueltos algunas personalidades mexicanas, como el empresario <b>Ricardo Salinas Pliego<\/b>, la viuda del empresario <b>Emilio Azc\u00e1rraga<\/b> y el presidente de Telmex, <b>Carlos Slim<\/b>. La aparici\u00f3n del nombre de este \u00faltimo reaviv\u00f3 el debate sobre un episodio famoso ocurrido al norte del pa\u00eds a finales del 2009, en el que se menciona a su hijo, Carlos Slim Domit.<\/p>\n<p itemprop=\"description\" class=\"sc__font-paragraph\"><b>Lee tambi\u00e9n: <\/b><a itemprop=\"url\" href=\"https:\/\/www.eluniversal.com.mx\/mundo\/caso-jeffrey-epstein-eu-publica-3-millones-de-paginas-de-archivos-no-protegimos-a-trump-dice-subsecretario-de-justicia\/\" target=\"_blank\" rel=\"noreferrer\" title=\"https:\/\/www.eluniversal.com.mx\/mundo\/caso-jeffrey-epstein-eu-publica-3-millones-de-paginas-de-archivos-no-protegimos-a-trump-dice-subsecretario-de-justicia\/\">Caso Jeffrey Epstein: EU publica 3 millones de p\u00e1ginas de archivos; no protegimos a Trump, dice subsecretario de Justicia<\/a><\/p>\n<div class=\"story-image mx-auto  lg:max-w-screen-lg\"><picture class=\"story__pic block w-full justify-center flex\"><source srcset=\"https:\/\/www.eluniversal.com.mx\/resizer\/v2\/TFF6KYPA55GXZH5TQDW2L3NJZI.png?auth=e4912c9c86d807d94927dbcd7ca7a6de2a601ffc405cf322ed5ad380035c9e88&amp;smart=true\" media=\"(max-width: 360px)\"\/><source srcset=\"https:\/\/www.eluniversal.com.mx\/resizer\/v2\/TFF6KYPA55GXZH5TQDW2L3NJZI.png?auth=e4912c9c86d807d94927dbcd7ca7a6de2a601ffc405cf322ed5ad380035c9e88&amp;smart=true\" media=\"(max-width: 768px)\"\/><\/picture>\n<p>\u00bfQui\u00e9n era Gabriela Rico?; usuarios reviven pol\u00e9mico video tras liberaci\u00f3n de archivos Epstein. Foto: Captura de pantalla<\/p>\n<\/div>\n<p itemprop=\"description\" class=\"sc__font-paragraph\"><b>Gabriela Rico Jim\u00e9nez<\/b> fue una mujer mexicana que gan\u00f3 gran notoriedad en <b>agosto del a\u00f1o 2009<\/b>, tras un incidente que se viraliz\u00f3 a las afueras de un <b>hotel de lujo<\/b> ubicado en Monterrey, Nuevo Le\u00f3n, donde entre reclamos y graves se\u00f1alamientos a figuras p\u00fablicas, <b>ped\u00eda su &#8220;libertad&#8221;<\/b>.<\/p>\n<p itemprop=\"description\" class=\"sc__font-paragraph\">En el video difundido incansablemente en los \u00faltimos d\u00edas por redes sociales, la llamada usualmente modelo, de tan solo 21 a\u00f1os, luc\u00eda <b>alterada<\/b>, <b>angustiada <\/b>y se mov\u00eda de manera <b>descoordinada<\/b>, mientras lanzaba al aire una serie de declaraciones incriminatorias, dirigi\u00e9ndose en ocasiones al<b> personal de seguridad<\/b> del establecimiento.<\/p>\n<p itemprop=\"description\" class=\"sc__font-paragraph\">Con una <b>mirada perturbada<\/b> y<b> gritos desesperados<\/b>, la mujer se\u00f1al\u00f3 a diversos personajes de la \u00e9lite, como el hijo del empresario <b>Carlos Slim<\/b>, de ocultar supuestamente informaci\u00f3n sobre el asesinato de personas, espec\u00edficamente, del entonces secretario de Gobernaci\u00f3n del PAN, <b>Juan Camillo Mouri\u00f1o Terrazo<\/b>, quien falleci\u00f3 a los 37 a\u00f1os en 2008 debido a un accidente a\u00e9reo. <i>&#8220;Murillo no debi\u00f3 haber muerto as\u00ed&#8221;<\/i>, dijo la mujer.<\/p>\n<p itemprop=\"description\" class=\"sc__font-paragraph\"><b>Lee tambi\u00e9n:<\/b> <a itemprop=\"url\" href=\"https:\/\/www.eluniversal.com.mx\/mundo\/caso-epstein-nombres-destacados-que-aparecen-en-los-archivos-publicados-estan-trump-musk-lutnick-y-otros-que-no-son-investigados\/\" target=\"_blank\" rel=\"noreferrer\" title=\"https:\/\/www.eluniversal.com.mx\/mundo\/caso-epstein-nombres-destacados-que-aparecen-en-los-archivos-publicados-estan-trump-musk-lutnick-y-otros-que-no-son-investigados\/\">Caso Epstein: Nombres destacados que aparecen en los archivos publicados; est\u00e1n Trump, Musk, Lutnick y otros que no son investigados<\/a><\/p>\n<p><iframe loading=\"lazy\" title=\"Gabriela Rico Jim\u00e9nez subtitulos en espa\u00f1ol\" width=\"1333\" height=\"1000\" src=\"https:\/\/www.youtube.com\/embed\/rRlsl7ww1dE?feature=oembed\" frameborder=\"0\" allow=\"accelerometer; autoplay; clipboard-write; encrypted-media; gyroscope; picture-in-picture; web-share\" referrerpolicy=\"strict-origin-when-cross-origin\" allowfullscreen><\/iframe><\/p>\n<p itemprop=\"description\" class=\"sc__font-paragraph\">Adem\u00e1s, acus\u00f3 a estas personas de ser miembros de una red criminal, en los que se comet\u00edan actos de canibalismo. <i><b>&#8220;\u00a1Comieron humanos, asquerosidad, comieron humanos! <\/b><\/i><i>Yo no estaba enterada de nada&#8230; de los asesinatos s\u00ed, pero de que hab\u00edan comido humanos. \u00a1Humanos!&#8221;<\/i>, gritaba fren\u00e9ticamente. <\/p>\n<p itemprop=\"description\" class=\"sc__font-paragraph\">En aquel momento, los noticieros nacionales calificaron el acto de Rico Jim\u00e9nez como un <i><b>&#8220;esc\u00e1ndalo en v\u00eda p\u00fablica&#8221;<\/b><\/i>,<i><b> <\/b><\/i>realizado por una persona que padec\u00eda de sus &#8220;facultades mentales&#8221;. Para detener el presunto ataque de ansiedad, <b>elementos policiales intervinieron<\/b> y arrestaron a la mujer.<\/p>\n<p itemprop=\"description\" class=\"sc__font-paragraph\">Hasta el d\u00eda de hoy, no se sabe nada sobre su paradero. Algunos de los rumores que circulan en internet, se\u00f1alan que fue llevada fuera del pa\u00eds e internada en un <b>centro psiqui\u00e1trico<\/b> en la ciudad de Buenos Aires en Argentina. En foros de redes, este tema sigue vigente, donde los internautas comparan testimonios y hacen conexiones del caso.<\/p>\n<p itemprop=\"description\" class=\"sc__font-paragraph\"><b>Tambi\u00e9n te interesar\u00e1:<\/b><\/p>\n<p itemprop=\"description\" class=\"sc__font-paragraph\"><a itemprop=\"url\" href=\"https:\/\/www.eluniversal.com.mx\/tendencias\/quien-es-daniel-me-estas-matando-el-duo-que-dio-concierto-en-metro-chabacano\/\" rel=\"\" title=\"https:\/\/www.eluniversal.com.mx\/tendencias\/quien-es-daniel-me-estas-matando-el-duo-que-dio-concierto-en-metro-chabacano\/\">\u00bfQui\u00e9n es &#8220;Daniel, Me Est\u00e1s Matando&#8221;, el d\u00fao que dio concierto en metro Chabacano?<\/a><\/p>\n<p itemprop=\"description\" class=\"sc__font-paragraph\"><a itemprop=\"url\" href=\"https:\/\/www.eluniversal.com.mx\/tendencias\/investigadores-nombran-fosil-de-tiburon-en-honor-al-anime-chainsaw-man\/\" rel=\"\" title=\"https:\/\/www.eluniversal.com.mx\/tendencias\/investigadores-nombran-fosil-de-tiburon-en-honor-al-anime-chainsaw-man\/\">Investigadores nombran f\u00f3sil de tibur\u00f3n en honor al anime &#8220;Chainsaw Man&#8221;<\/a><\/p>\n<p itemprop=\"description\" class=\"sc__font-paragraph\"><a itemprop=\"url\" href=\"https:\/\/www.eluniversal.com.mx\/tendencias\/mexico-o-ia-asi-puedes-identificar-videos-e-imagenes-hechos-con-inteligencia-artificial\/\" rel=\"\" title=\"https:\/\/www.eluniversal.com.mx\/tendencias\/mexico-o-ia-asi-puedes-identificar-videos-e-imagenes-hechos-con-inteligencia-artificial\/\">\u00bfM\u00e9xico o IA?: as\u00ed puedes identificar videos e im\u00e1genes hechos con inteligencia artificial<\/a><\/p>\n<p itemprop=\"description\" class=\"sc__font-paragraph\"><a itemprop=\"url\" href=\"https:\/\/www.whatsapp.com\/channel\/0029Va4lfJc1CYoM1R8IT71e\/\" rel=\"\" title=\"https:\/\/www.whatsapp.com\/channel\/0029Va4lfJc1CYoM1R8IT71e\/\"><i><u><b>\u00danete a nuestro canal\u00a0<\/b><\/u><\/i><\/a><i>\u00a1EL UNIVERSAL ya est\u00e1 en Whatsapp!, desde tu dispositivo m\u00f3vil ent\u00e9rate de las noticias m\u00e1s relevantes del d\u00eda, art\u00edculos de opini\u00f3n, entretenimiento, tendencias y m\u00e1s<\/i>.<\/p>\n<p itemprop=\"description\" class=\"sc__font-paragraph\"><i>mndsm<\/i><\/p>\n<\/div>\n<p><script>\n!function(f,b,e,v,n,t,s)\n{if(f.fbq)return;n=f.fbq=function(){n.callMethod?\nn.callMethod.apply(n,arguments):n.queue.push(arguments)};\nif(!f._fbq)f._fbq=n;n.push=n;n.loaded=!0;n.version='2.0';\nn.queue=[];t=b.createElement(e);t.async=!0;\nt.src=v;s=b.getElementsByTagName(e)[0];\ns.parentNode.insertBefore(t,s)}(window, document,'script','https:\/\/connect.facebook.net\/en_US\/fbevents.js');\nfbq('init', '1322568675350097');\nfbq('track', 'PageView');\n<\/script><br \/>\n<br \/><br \/>\n<br \/><a href=\"https:\/\/www.eluniversal.com.mx\/tendencias\/quien-era-gabriela-rico-usuarios-reviven-polemico-video-tras-liberacion-de-archivos-epstein\/\">Source link <\/a><\/p>\n","protected":false},"excerpt":{"rendered":"<p>El pasado viernes 30 de enero de 2026, el Departamento de Justicia de Estados Unidos public\u00f3 m\u00e1s registros sobre el caso del multimillonario Jeffrey Epstein, acusado de tr\u00e1fico de menores y abuso sexual en su isla privada. El delincuente falleci\u00f3 en 2019, en su celda en el Centro Correccional Metropolitano (MCC) de Nueva York. Este [&hellip;]<\/p>\n","protected":false},"author":1,"featured_media":84340,"comment_status":"closed","ping_status":"","sticky":false,"template":"","format":"standard","meta":{"googlesitekit_rrm_CAow2JLhCw:productID":"","_gspb_post_css":"","maa_idioma":"","maa_pais":"","footnotes":""},"categories":[2725],"tags":[17104,9044,7787,7141,17103,14999,3785,17101,17100,17102,16969,2738],"class_list":["post-84339","post","type-post","status-publish","format-standard","has-post-thumbnail","hentry","category-europe","tag-archivos","tag-epstein","tag-era","tag-gabriela","tag-liberacion","tag-polemico","tag-quien","tag-reviven","tag-rico","tag-tras","tag-usuarios","tag-video"],"blocksy_meta":[],"yoast_head":"<!-- This site is optimized with the Yoast SEO Premium plugin v27.6 (Yoast SEO v27.6) - https:\/\/yoast.com\/product\/yoast-seo-premium-wordpress\/ -->\n<title>\u00bfQui\u00e9n era Gabriela Rico?; usuarios reviven pol\u00e9mico video tras liberaci\u00f3n de archivos Epstein - Ubirat\u00e3 Online Not\u00edcias - A realidade ao seu alcance!<\/title>\n<meta name=\"description\" content=\"El pasado viernes 30 de enero de 2026, el Departamento de Justicia de Estados Unidos public\u00f3 m\u00e1s registros sobre el caso del multimillonario Jeffrey\" \/>\n<meta name=\"robots\" content=\"index, follow, max-snippet:-1, max-image-preview:large, max-video-preview:-1\" \/>\n<link rel=\"canonical\" href=\"https:\/\/ubirataonline.com.br\/en\/quien-era-gabriela-rico-usuarios-reviven-polemico-video-tras-liberacion-de-archivos-epstein\/\" \/>\n<meta property=\"og:locale\" content=\"en_US\" \/>\n<meta property=\"og:type\" content=\"article\" \/>\n<meta property=\"og:title\" content=\"\u00bfQui\u00e9n era Gabriela Rico?; usuarios reviven pol\u00e9mico video tras liberaci\u00f3n de archivos Epstein\" \/>\n<meta property=\"og:description\" content=\"El pasado viernes 30 de enero de 2026, el Departamento de Justicia de Estados Unidos public\u00f3 m\u00e1s registros sobre el caso del multimillonario Jeffrey\" \/>\n<meta property=\"og:url\" content=\"https:\/\/ubirataonline.com.br\/en\/quien-era-gabriela-rico-usuarios-reviven-polemico-video-tras-liberacion-de-archivos-epstein\/\" \/>\n<meta property=\"og:site_name\" content=\"Ubirat\u00e3 Online Not\u00edcias - A realidade ao seu alcance!\" \/>\n<meta property=\"article:publisher\" content=\"https:\/\/www.facebook.com\/portalubirataonline\" \/>\n<meta property=\"article:author\" content=\"https:\/\/www.facebook.com\/portalubirataonline\" \/>\n<meta property=\"article:published_time\" content=\"2026-02-03T06:43:31+00:00\" \/>\n<meta property=\"article:modified_time\" content=\"2026-02-03T06:43:40+00:00\" \/>\n<meta property=\"og:image\" content=\"https:\/\/ubirataonline.com.br\/wp-content\/uploads\/2026\/02\/\u00bfQuien-era-Gabriela-Rico-usuarios-reviven-polemico-video-tras-liberacion.png\" \/>\n\t<meta property=\"og:image:width\" content=\"1201\" \/>\n\t<meta property=\"og:image:height\" content=\"740\" \/>\n\t<meta property=\"og:image:type\" content=\"image\/png\" \/>\n<meta name=\"author\" content=\"REDA\u00c7\u00c3O: UBIRAT\u00c3 ONLINE - F\u00c1BIO AUGUSTO CELESTINO\" \/>\n<meta name=\"twitter:card\" content=\"summary_large_image\" \/>\n<meta name=\"twitter:creator\" content=\"@x.com\/ubirataonline\" \/>\n<meta name=\"twitter:site\" content=\"@ubirataonline\" \/>\n<meta name=\"twitter:label1\" content=\"Written by\" \/>\n\t<meta name=\"twitter:data1\" content=\"REDA\u00c7\u00c3O: UBIRAT\u00c3 ONLINE - F\u00c1BIO AUGUSTO CELESTINO\" \/>\n\t<meta name=\"twitter:label2\" content=\"Est. reading time\" \/>\n\t<meta name=\"twitter:data2\" content=\"3 minutes\" \/>\n<script type=\"application\/ld+json\" class=\"yoast-schema-graph\">{\"@context\":\"https:\\\/\\\/schema.org\",\"@graph\":[{\"@type\":\"NewsArticle\",\"@id\":\"https:\\\/\\\/ubirataonline.com.br\\\/quien-era-gabriela-rico-usuarios-reviven-polemico-video-tras-liberacion-de-archivos-epstein\\\/#article\",\"isPartOf\":{\"@id\":\"https:\\\/\\\/ubirataonline.com.br\\\/quien-era-gabriela-rico-usuarios-reviven-polemico-video-tras-liberacion-de-archivos-epstein\\\/\"},\"author\":{\"name\":\"REDA\u00c7\u00c3O: UBIRAT\u00c3 ONLINE - F\u00c1BIO AUGUSTO CELESTINO\",\"@id\":\"https:\\\/\\\/ubirataonline.com.br\\\/#\\\/schema\\\/person\\\/372f87bbd3fdd79b8556b84c98d0bc1c\"},\"headline\":\"\u00bfQui\u00e9n era Gabriela Rico?; usuarios reviven pol\u00e9mico video tras liberaci\u00f3n de archivos Epstein\",\"datePublished\":\"2026-02-03T06:43:31+00:00\",\"dateModified\":\"2026-02-03T06:43:40+00:00\",\"mainEntityOfPage\":{\"@id\":\"https:\\\/\\\/ubirataonline.com.br\\\/quien-era-gabriela-rico-usuarios-reviven-polemico-video-tras-liberacion-de-archivos-epstein\\\/\"},\"wordCount\":683,\"publisher\":{\"@id\":\"https:\\\/\\\/ubirataonline.com.br\\\/#organization\"},\"image\":{\"@id\":\"https:\\\/\\\/ubirataonline.com.br\\\/quien-era-gabriela-rico-usuarios-reviven-polemico-video-tras-liberacion-de-archivos-epstein\\\/#primaryimage\"},\"thumbnailUrl\":\"https:\\\/\\\/ubirataonline.com.br\\\/wp-content\\\/uploads\\\/2026\\\/02\\\/\u00bfQuien-era-Gabriela-Rico-usuarios-reviven-polemico-video-tras-liberacion.png\",\"keywords\":[\"archivos\",\"Epstein\",\"era\",\"Gabriela\",\"liberaci\u00f3n\",\"pol\u00eamico\",\"Qui\u00e9n\",\"reviven\",\"Rico\",\"tras\",\"usu\u00e1rios\",\"Video\"],\"articleSection\":[\"Europe\"],\"inLanguage\":\"en-US\",\"copyrightYear\":\"2026\",\"copyrightHolder\":{\"@id\":\"https:\\\/\\\/ubirataonline.com.br\\\/en\\\/#organization\"}},{\"@type\":\"WebPage\",\"@id\":\"https:\\\/\\\/ubirataonline.com.br\\\/quien-era-gabriela-rico-usuarios-reviven-polemico-video-tras-liberacion-de-archivos-epstein\\\/\",\"url\":\"https:\\\/\\\/ubirataonline.com.br\\\/quien-era-gabriela-rico-usuarios-reviven-polemico-video-tras-liberacion-de-archivos-epstein\\\/\",\"name\":\"\u00bfQui\u00e9n era Gabriela Rico?; usuarios reviven pol\u00e9mico video tras liberaci\u00f3n de archivos Epstein - Ubirat\u00e3 Online Not\u00edcias - A realidade ao seu alcance!\",\"isPartOf\":{\"@id\":\"https:\\\/\\\/ubirataonline.com.br\\\/#website\"},\"primaryImageOfPage\":{\"@id\":\"https:\\\/\\\/ubirataonline.com.br\\\/quien-era-gabriela-rico-usuarios-reviven-polemico-video-tras-liberacion-de-archivos-epstein\\\/#primaryimage\"},\"image\":{\"@id\":\"https:\\\/\\\/ubirataonline.com.br\\\/quien-era-gabriela-rico-usuarios-reviven-polemico-video-tras-liberacion-de-archivos-epstein\\\/#primaryimage\"},\"thumbnailUrl\":\"https:\\\/\\\/ubirataonline.com.br\\\/wp-content\\\/uploads\\\/2026\\\/02\\\/\u00bfQuien-era-Gabriela-Rico-usuarios-reviven-polemico-video-tras-liberacion.png\",\"datePublished\":\"2026-02-03T06:43:31+00:00\",\"dateModified\":\"2026-02-03T06:43:40+00:00\",\"description\":\"El pasado viernes 30 de enero de 2026, el Departamento de Justicia de Estados Unidos public\u00f3 m\u00e1s registros sobre el caso del multimillonario Jeffrey\",\"breadcrumb\":{\"@id\":\"https:\\\/\\\/ubirataonline.com.br\\\/quien-era-gabriela-rico-usuarios-reviven-polemico-video-tras-liberacion-de-archivos-epstein\\\/#breadcrumb\"},\"inLanguage\":\"en-US\",\"potentialAction\":[{\"@type\":\"ReadAction\",\"target\":[\"https:\\\/\\\/ubirataonline.com.br\\\/quien-era-gabriela-rico-usuarios-reviven-polemico-video-tras-liberacion-de-archivos-epstein\\\/\"]}]},{\"@type\":\"ImageObject\",\"inLanguage\":\"en-US\",\"@id\":\"https:\\\/\\\/ubirataonline.com.br\\\/quien-era-gabriela-rico-usuarios-reviven-polemico-video-tras-liberacion-de-archivos-epstein\\\/#primaryimage\",\"url\":\"https:\\\/\\\/ubirataonline.com.br\\\/wp-content\\\/uploads\\\/2026\\\/02\\\/\u00bfQuien-era-Gabriela-Rico-usuarios-reviven-polemico-video-tras-liberacion.png\",\"contentUrl\":\"https:\\\/\\\/ubirataonline.com.br\\\/wp-content\\\/uploads\\\/2026\\\/02\\\/\u00bfQuien-era-Gabriela-Rico-usuarios-reviven-polemico-video-tras-liberacion.png\",\"width\":1201,\"height\":740,\"caption\":\"\u00bfQui\u00e9n era Gabriela Rico?; usuarios reviven pol\u00e9mico video tras liberaci\u00f3n de archivos Epstein\"},{\"@type\":\"BreadcrumbList\",\"@id\":\"https:\\\/\\\/ubirataonline.com.br\\\/quien-era-gabriela-rico-usuarios-reviven-polemico-video-tras-liberacion-de-archivos-epstein\\\/#breadcrumb\",\"itemListElement\":[{\"@type\":\"ListItem\",\"position\":1,\"name\":\"In\u00edcio\",\"item\":\"https:\\\/\\\/ubirataonline.com.br\\\/\"},{\"@type\":\"ListItem\",\"position\":2,\"name\":\"\u00bfQui\u00e9n era Gabriela Rico?; usuarios reviven pol\u00e9mico video tras liberaci\u00f3n de archivos Epstein\"}]},{\"@type\":\"WebSite\",\"@id\":\"https:\\\/\\\/ubirataonline.com.br\\\/#website\",\"url\":\"https:\\\/\\\/ubirataonline.com.br\\\/\",\"name\":\"Ubirat\u00e3 Online Not\u00edcias\",\"description\":\"Not\u00edcias de Ubirat\u00e3, regi\u00e3o, Brasil e mundo, com informa\u00e7\u00e3o atualizada e compromisso com o leitor.\",\"publisher\":{\"@id\":\"https:\\\/\\\/ubirataonline.com.br\\\/#organization\"},\"alternateName\":\"Ubirat\u00e3 Online\",\"potentialAction\":[{\"@type\":\"SearchAction\",\"target\":{\"@type\":\"EntryPoint\",\"urlTemplate\":\"https:\\\/\\\/ubirataonline.com.br\\\/?s={search_term_string}\"},\"query-input\":{\"@type\":\"PropertyValueSpecification\",\"valueRequired\":true,\"valueName\":\"search_term_string\"}}],\"inLanguage\":\"en-US\"},{\"@type\":[\"Organization\",\"Place\"],\"@id\":\"https:\\\/\\\/ubirataonline.com.br\\\/#organization\",\"name\":\"Ubirat\u00e3 Online Not\u00edcias\",\"alternateName\":\"Ubirat\u00e3 Online\",\"url\":\"https:\\\/\\\/ubirataonline.com.br\\\/\",\"logo\":{\"@id\":\"https:\\\/\\\/ubirataonline.com.br\\\/quien-era-gabriela-rico-usuarios-reviven-polemico-video-tras-liberacion-de-archivos-epstein\\\/#local-main-organization-logo\"},\"image\":{\"@id\":\"https:\\\/\\\/ubirataonline.com.br\\\/quien-era-gabriela-rico-usuarios-reviven-polemico-video-tras-liberacion-de-archivos-epstein\\\/#local-main-organization-logo\"},\"sameAs\":[\"https:\\\/\\\/www.facebook.com\\\/portalubirataonline\",\"https:\\\/\\\/x.com\\\/ubirataonline\",\"https:\\\/\\\/mastodon.social\\\/@ubirataonline\",\"https:\\\/\\\/www.facebook.com\\\/groups\\\/311144672285604\",\"https:\\\/\\\/www.facebook.com\\\/UBTAOnline\",\"https:\\\/\\\/www.instagram.com\\\/portalubirataonline\\\/\",\"https:\\\/\\\/twitter.com\\\/ubirataonline\"],\"description\":\"Somos um portal de not\u00edcias independente, criado em 5 de janeiro de 2009, com o objetivo de informar, conectar e valorizar a nossa comunidade de Ubirat\u00e3 e toda aregi\u00e3o. Com conte\u00fado atualizado, confi\u00e1vel e relevante, o Ubirat\u00e3 Online \u00e9 o seu espa\u00e7o para ficar por dentro dos principais acontecimentos locais, regionais, Brasil, Mundo e de interesse geral. Nosso compromisso \u00e9 com a verdade, a transpar\u00eancia e o respeito ao leitor.\",\"legalName\":\"UBIRATA ONLINE NOT\u00cdCIAS\",\"foundingDate\":\"2009-01-05\",\"numberOfEmployees\":{\"@type\":\"QuantitativeValue\",\"minValue\":\"1\",\"maxValue\":\"10\"},\"publishingPrinciples\":\"https:\\\/\\\/ubirataonline.com.br\\\/faq\\\/\",\"address\":{\"@id\":\"https:\\\/\\\/ubirataonline.com.br\\\/quien-era-gabriela-rico-usuarios-reviven-polemico-video-tras-liberacion-de-archivos-epstein\\\/#local-main-place-address\"},\"geo\":{\"@type\":\"GeoCoordinates\",\"latitude\":\"-24.5361401\",\"longitude\":\"-52.9921776\"},\"telephone\":[\"+5544998308235\"],\"contactPoint\":{\"@type\":\"ContactPoint\",\"email\":\"contato@ubirataonline.com.br\"},\"openingHoursSpecification\":{\"@type\":\"OpeningHoursSpecification\",\"dayOfWeek\":[\"Monday\",\"Tuesday\",\"Wednesday\",\"Thursday\",\"Friday\",\"Saturday\",\"Sunday\"],\"opens\":\"00:00\",\"closes\":\"23:59\"},\"email\":\"contato@ubirataonline.com.br\",\"vatID\":\"47.621.418\\\/0001-80\"},{\"@type\":\"Person\",\"@id\":\"https:\\\/\\\/ubirataonline.com.br\\\/#\\\/schema\\\/person\\\/372f87bbd3fdd79b8556b84c98d0bc1c\",\"name\":\"REDA\u00c7\u00c3O: UBIRAT\u00c3 ONLINE - F\u00c1BIO AUGUSTO CELESTINO\",\"pronouns\":\"Ele\",\"description\":\"Desde 2003 trabalhando com not\u00edcias.\",\"sameAs\":[\"http:\\\/\\\/ubirataoline.com.br\",\"https:\\\/\\\/www.facebook.com\\\/portalubirataonline\",\"https:\\\/\\\/www.instagram.com\\\/ubirataonline_oficial\",\"https:\\\/\\\/x.com\\\/x.com\\\/ubirataonline\"],\"honorificPrefix\":\"Mr.\",\"honorificSuffix\":\"MD\",\"birthDate\":\"1980-06-16\",\"gender\":\"masculino\",\"award\":[\"V\u00e1rios pr\u00eamios de melhor portal da cidade\"],\"jobTitle\":\"Diretor\",\"url\":\"https:\\\/\\\/ubirataonline.com.br\\\/en\\\/author\\\/ubirataonline\\\/\"},{\"@type\":\"PostalAddress\",\"@id\":\"https:\\\/\\\/ubirataonline.com.br\\\/quien-era-gabriela-rico-usuarios-reviven-polemico-video-tras-liberacion-de-archivos-epstein\\\/#local-main-place-address\",\"streetAddress\":\"Rua dos Coqueiros, 104 - Bairro Boa Vista, Rua dos Coqueiros, 104 Bairro Boa Vista\",\"addressLocality\":\"UBIRATA\",\"postalCode\":\"85440-000\",\"addressRegion\":\"PR\",\"addressCountry\":\"BR\"},{\"@type\":\"ImageObject\",\"inLanguage\":\"en-US\",\"@id\":\"https:\\\/\\\/ubirataonline.com.br\\\/quien-era-gabriela-rico-usuarios-reviven-polemico-video-tras-liberacion-de-archivos-epstein\\\/#local-main-organization-logo\",\"url\":\"https:\\\/\\\/ubirataonline.com.br\\\/wp-content\\\/uploads\\\/2026\\\/06\\\/logoubirataonline-1.webp\",\"contentUrl\":\"https:\\\/\\\/ubirataonline.com.br\\\/wp-content\\\/uploads\\\/2026\\\/06\\\/logoubirataonline-1.webp\",\"width\":500,\"height\":500,\"caption\":\"Ubirat\u00e3 Online Not\u00edcias\"}]}<\/script>\n<meta name=\"geo.placename\" content=\"UBIRATA\" \/>\n<meta name=\"geo.position\" content=\"-24.5361401;-52.9921776\" \/>\n<meta name=\"geo.region\" content=\"Brazil\" \/>\n<!-- \/ Yoast SEO Premium plugin. -->","yoast_head_json":{"title":"\u00bfQui\u00e9n era Gabriela Rico?; usuarios reviven pol\u00e9mico video tras liberaci\u00f3n de archivos Epstein - Ubirat\u00e3 Online Not\u00edcias - A realidade ao seu alcance!","description":"El pasado viernes 30 de enero de 2026, el Departamento de Justicia de Estados Unidos public\u00f3 m\u00e1s registros sobre el caso del multimillonario Jeffrey","robots":{"index":"index","follow":"follow","max-snippet":"max-snippet:-1","max-image-preview":"max-image-preview:large","max-video-preview":"max-video-preview:-1"},"canonical":"https:\/\/ubirataonline.com.br\/en\/quien-era-gabriela-rico-usuarios-reviven-polemico-video-tras-liberacion-de-archivos-epstein\/","og_locale":"en_US","og_type":"article","og_title":"\u00bfQui\u00e9n era Gabriela Rico?; usuarios reviven pol\u00e9mico video tras liberaci\u00f3n de archivos Epstein","og_description":"El pasado viernes 30 de enero de 2026, el Departamento de Justicia de Estados Unidos public\u00f3 m\u00e1s registros sobre el caso del multimillonario Jeffrey","og_url":"https:\/\/ubirataonline.com.br\/en\/quien-era-gabriela-rico-usuarios-reviven-polemico-video-tras-liberacion-de-archivos-epstein\/","og_site_name":"Ubirat\u00e3 Online Not\u00edcias - A realidade ao seu alcance!","article_publisher":"https:\/\/www.facebook.com\/portalubirataonline","article_author":"https:\/\/www.facebook.com\/portalubirataonline","article_published_time":"2026-02-03T06:43:31+00:00","article_modified_time":"2026-02-03T06:43:40+00:00","og_image":[{"width":1201,"height":740,"url":"https:\/\/ubirataonline.com.br\/wp-content\/uploads\/2026\/02\/\u00bfQuien-era-Gabriela-Rico-usuarios-reviven-polemico-video-tras-liberacion.png","type":"image\/png"}],"author":"REDA\u00c7\u00c3O: UBIRAT\u00c3 ONLINE - F\u00c1BIO AUGUSTO CELESTINO","twitter_card":"summary_large_image","twitter_creator":"@x.com\/ubirataonline","twitter_site":"@ubirataonline","twitter_misc":{"Written by":"REDA\u00c7\u00c3O: UBIRAT\u00c3 ONLINE - F\u00c1BIO AUGUSTO CELESTINO","Est. reading time":"3 minutes"},"schema":{"@context":"https:\/\/schema.org","@graph":[{"@type":"NewsArticle","@id":"https:\/\/ubirataonline.com.br\/quien-era-gabriela-rico-usuarios-reviven-polemico-video-tras-liberacion-de-archivos-epstein\/#article","isPartOf":{"@id":"https:\/\/ubirataonline.com.br\/quien-era-gabriela-rico-usuarios-reviven-polemico-video-tras-liberacion-de-archivos-epstein\/"},"author":{"name":"REDA\u00c7\u00c3O: UBIRAT\u00c3 ONLINE - F\u00c1BIO AUGUSTO CELESTINO","@id":"https:\/\/ubirataonline.com.br\/#\/schema\/person\/372f87bbd3fdd79b8556b84c98d0bc1c"},"headline":"\u00bfQui\u00e9n era Gabriela Rico?; usuarios reviven pol\u00e9mico video tras liberaci\u00f3n de archivos Epstein","datePublished":"2026-02-03T06:43:31+00:00","dateModified":"2026-02-03T06:43:40+00:00","mainEntityOfPage":{"@id":"https:\/\/ubirataonline.com.br\/quien-era-gabriela-rico-usuarios-reviven-polemico-video-tras-liberacion-de-archivos-epstein\/"},"wordCount":683,"publisher":{"@id":"https:\/\/ubirataonline.com.br\/#organization"},"image":{"@id":"https:\/\/ubirataonline.com.br\/quien-era-gabriela-rico-usuarios-reviven-polemico-video-tras-liberacion-de-archivos-epstein\/#primaryimage"},"thumbnailUrl":"https:\/\/ubirataonline.com.br\/wp-content\/uploads\/2026\/02\/\u00bfQuien-era-Gabriela-Rico-usuarios-reviven-polemico-video-tras-liberacion.png","keywords":["archivos","Epstein","era","Gabriela","liberaci\u00f3n","pol\u00eamico","Qui\u00e9n","reviven","Rico","tras","usu\u00e1rios","Video"],"articleSection":["Europe"],"inLanguage":"en-US","copyrightYear":"2026","copyrightHolder":{"@id":"https:\/\/ubirataonline.com.br\/en\/#organization"}},{"@type":"WebPage","@id":"https:\/\/ubirataonline.com.br\/quien-era-gabriela-rico-usuarios-reviven-polemico-video-tras-liberacion-de-archivos-epstein\/","url":"https:\/\/ubirataonline.com.br\/quien-era-gabriela-rico-usuarios-reviven-polemico-video-tras-liberacion-de-archivos-epstein\/","name":"\u00bfQui\u00e9n era Gabriela Rico?; usuarios reviven pol\u00e9mico video tras liberaci\u00f3n de archivos Epstein - Ubirat\u00e3 Online Not\u00edcias - A realidade ao seu alcance!","isPartOf":{"@id":"https:\/\/ubirataonline.com.br\/#website"},"primaryImageOfPage":{"@id":"https:\/\/ubirataonline.com.br\/quien-era-gabriela-rico-usuarios-reviven-polemico-video-tras-liberacion-de-archivos-epstein\/#primaryimage"},"image":{"@id":"https:\/\/ubirataonline.com.br\/quien-era-gabriela-rico-usuarios-reviven-polemico-video-tras-liberacion-de-archivos-epstein\/#primaryimage"},"thumbnailUrl":"https:\/\/ubirataonline.com.br\/wp-content\/uploads\/2026\/02\/\u00bfQuien-era-Gabriela-Rico-usuarios-reviven-polemico-video-tras-liberacion.png","datePublished":"2026-02-03T06:43:31+00:00","dateModified":"2026-02-03T06:43:40+00:00","description":"El pasado viernes 30 de enero de 2026, el Departamento de Justicia de Estados Unidos public\u00f3 m\u00e1s registros sobre el caso del multimillonario Jeffrey","breadcrumb":{"@id":"https:\/\/ubirataonline.com.br\/quien-era-gabriela-rico-usuarios-reviven-polemico-video-tras-liberacion-de-archivos-epstein\/#breadcrumb"},"inLanguage":"en-US","potentialAction":[{"@type":"ReadAction","target":["https:\/\/ubirataonline.com.br\/quien-era-gabriela-rico-usuarios-reviven-polemico-video-tras-liberacion-de-archivos-epstein\/"]}]},{"@type":"ImageObject","inLanguage":"en-US","@id":"https:\/\/ubirataonline.com.br\/quien-era-gabriela-rico-usuarios-reviven-polemico-video-tras-liberacion-de-archivos-epstein\/#primaryimage","url":"https:\/\/ubirataonline.com.br\/wp-content\/uploads\/2026\/02\/\u00bfQuien-era-Gabriela-Rico-usuarios-reviven-polemico-video-tras-liberacion.png","contentUrl":"https:\/\/ubirataonline.com.br\/wp-content\/uploads\/2026\/02\/\u00bfQuien-era-Gabriela-Rico-usuarios-reviven-polemico-video-tras-liberacion.png","width":1201,"height":740,"caption":"\u00bfQui\u00e9n era Gabriela Rico?; usuarios reviven pol\u00e9mico video tras liberaci\u00f3n de archivos Epstein"},{"@type":"BreadcrumbList","@id":"https:\/\/ubirataonline.com.br\/quien-era-gabriela-rico-usuarios-reviven-polemico-video-tras-liberacion-de-archivos-epstein\/#breadcrumb","itemListElement":[{"@type":"ListItem","position":1,"name":"In\u00edcio","item":"https:\/\/ubirataonline.com.br\/"},{"@type":"ListItem","position":2,"name":"\u00bfQui\u00e9n era Gabriela Rico?; usuarios reviven pol\u00e9mico video tras liberaci\u00f3n de archivos Epstein"}]},{"@type":"WebSite","@id":"https:\/\/ubirataonline.com.br\/#website","url":"https:\/\/ubirataonline.com.br\/","name":"Ubirat\u00e3 Online Not\u00edcias","description":"Not\u00edcias de Ubirat\u00e3, regi\u00e3o, Brasil e mundo, com informa\u00e7\u00e3o atualizada e compromisso com o leitor.","publisher":{"@id":"https:\/\/ubirataonline.com.br\/#organization"},"alternateName":"Ubirat\u00e3 Online","potentialAction":[{"@type":"SearchAction","target":{"@type":"EntryPoint","urlTemplate":"https:\/\/ubirataonline.com.br\/?s={search_term_string}"},"query-input":{"@type":"PropertyValueSpecification","valueRequired":true,"valueName":"search_term_string"}}],"inLanguage":"en-US"},{"@type":["Organization","Place"],"@id":"https:\/\/ubirataonline.com.br\/#organization","name":"Ubirat\u00e3 Online Not\u00edcias","alternateName":"Ubirat\u00e3 Online","url":"https:\/\/ubirataonline.com.br\/","logo":{"@id":"https:\/\/ubirataonline.com.br\/quien-era-gabriela-rico-usuarios-reviven-polemico-video-tras-liberacion-de-archivos-epstein\/#local-main-organization-logo"},"image":{"@id":"https:\/\/ubirataonline.com.br\/quien-era-gabriela-rico-usuarios-reviven-polemico-video-tras-liberacion-de-archivos-epstein\/#local-main-organization-logo"},"sameAs":["https:\/\/www.facebook.com\/portalubirataonline","https:\/\/x.com\/ubirataonline","https:\/\/mastodon.social\/@ubirataonline","https:\/\/www.facebook.com\/groups\/311144672285604","https:\/\/www.facebook.com\/UBTAOnline","https:\/\/www.instagram.com\/portalubirataonline\/","https:\/\/twitter.com\/ubirataonline"],"description":"Somos um portal de not\u00edcias independente, criado em 5 de janeiro de 2009, com o objetivo de informar, conectar e valorizar a nossa comunidade de Ubirat\u00e3 e toda aregi\u00e3o. Com conte\u00fado atualizado, confi\u00e1vel e relevante, o Ubirat\u00e3 Online \u00e9 o seu espa\u00e7o para ficar por dentro dos principais acontecimentos locais, regionais, Brasil, Mundo e de interesse geral. Nosso compromisso \u00e9 com a verdade, a transpar\u00eancia e o respeito ao leitor.","legalName":"UBIRATA ONLINE NOT\u00cdCIAS","foundingDate":"2009-01-05","numberOfEmployees":{"@type":"QuantitativeValue","minValue":"1","maxValue":"10"},"publishingPrinciples":"https:\/\/ubirataonline.com.br\/faq\/","address":{"@id":"https:\/\/ubirataonline.com.br\/quien-era-gabriela-rico-usuarios-reviven-polemico-video-tras-liberacion-de-archivos-epstein\/#local-main-place-address"},"geo":{"@type":"GeoCoordinates","latitude":"-24.5361401","longitude":"-52.9921776"},"telephone":["+5544998308235"],"contactPoint":{"@type":"ContactPoint","email":"contato@ubirataonline.com.br"},"openingHoursSpecification":{"@type":"OpeningHoursSpecification","dayOfWeek":["Monday","Tuesday","Wednesday","Thursday","Friday","Saturday","Sunday"],"opens":"00:00","closes":"23:59"},"email":"contato@ubirataonline.com.br","vatID":"47.621.418\/0001-80"},{"@type":"Person","@id":"https:\/\/ubirataonline.com.br\/#\/schema\/person\/372f87bbd3fdd79b8556b84c98d0bc1c","name":"REDA\u00c7\u00c3O: UBIRAT\u00c3 ONLINE - F\u00c1BIO AUGUSTO CELESTINO","pronouns":"Ele","description":"Desde 2003 trabalhando com not\u00edcias.","sameAs":["http:\/\/ubirataoline.com.br","https:\/\/www.facebook.com\/portalubirataonline","https:\/\/www.instagram.com\/ubirataonline_oficial","https:\/\/x.com\/x.com\/ubirataonline"],"honorificPrefix":"Mr.","honorificSuffix":"MD","birthDate":"1980-06-16","gender":"masculino","award":["V\u00e1rios pr\u00eamios de melhor portal da cidade"],"jobTitle":"Diretor","url":"https:\/\/ubirataonline.com.br\/en\/author\/ubirataonline\/"},{"@type":"PostalAddress","@id":"https:\/\/ubirataonline.com.br\/quien-era-gabriela-rico-usuarios-reviven-polemico-video-tras-liberacion-de-archivos-epstein\/#local-main-place-address","streetAddress":"Rua dos Coqueiros, 104 - Bairro Boa Vista, Rua dos Coqueiros, 104 Bairro Boa Vista","addressLocality":"UBIRATA","postalCode":"85440-000","addressRegion":"PR","addressCountry":"BR"},{"@type":"ImageObject","inLanguage":"en-US","@id":"https:\/\/ubirataonline.com.br\/quien-era-gabriela-rico-usuarios-reviven-polemico-video-tras-liberacion-de-archivos-epstein\/#local-main-organization-logo","url":"https:\/\/ubirataonline.com.br\/wp-content\/uploads\/2026\/06\/logoubirataonline-1.webp","contentUrl":"https:\/\/ubirataonline.com.br\/wp-content\/uploads\/2026\/06\/logoubirataonline-1.webp","width":500,"height":500,"caption":"Ubirat\u00e3 Online Not\u00edcias"}]},"geo.placename":"UBIRATA","geo.position":{"lat":"-24.5361401","long":"-52.9921776"},"geo.region":"Brazil"},"_links":{"self":[{"href":"https:\/\/ubirataonline.com.br\/en\/wp-json\/wp\/v2\/posts\/84339","targetHints":{"allow":["GET"]}}],"collection":[{"href":"https:\/\/ubirataonline.com.br\/en\/wp-json\/wp\/v2\/posts"}],"about":[{"href":"https:\/\/ubirataonline.com.br\/en\/wp-json\/wp\/v2\/types\/post"}],"author":[{"embeddable":true,"href":"https:\/\/ubirataonline.com.br\/en\/wp-json\/wp\/v2\/users\/1"}],"replies":[{"embeddable":true,"href":"https:\/\/ubirataonline.com.br\/en\/wp-json\/wp\/v2\/comments?post=84339"}],"version-history":[{"count":0,"href":"https:\/\/ubirataonline.com.br\/en\/wp-json\/wp\/v2\/posts\/84339\/revisions"}],"wp:featuredmedia":[{"embeddable":true,"href":"https:\/\/ubirataonline.com.br\/en\/wp-json\/wp\/v2\/media\/84340"}],"wp:attachment":[{"href":"https:\/\/ubirataonline.com.br\/en\/wp-json\/wp\/v2\/media?parent=84339"}],"wp:term":[{"taxonomy":"category","embeddable":true,"href":"https:\/\/ubirataonline.com.br\/en\/wp-json\/wp\/v2\/categories?post=84339"},{"taxonomy":"post_tag","embeddable":true,"href":"https:\/\/ubirataonline.com.br\/en\/wp-json\/wp\/v2\/tags?post=84339"}],"curies":[{"name":"wp","href":"https:\/\/api.w.org\/{rel}","templated":true}]}}