{"id":84347,"date":"2026-02-03T03:54:48","date_gmt":"2026-02-03T06:54:48","guid":{"rendered":"https:\/\/ubirataonline.com.br\/policia-civil-prende-grupo-que-planejava-ataque-com-bomba-na-avenida-paulista\/"},"modified":"2026-02-03T03:54:54","modified_gmt":"2026-02-03T06:54:54","slug":"policia-civil-prende-grupo-que-planejava-ataque-com-bomba-na-avenida-paulista","status":"publish","type":"post","link":"https:\/\/ubirataonline.com.br\/en\/policia-civil-prende-grupo-que-planejava-ataque-com-bomba-na-avenida-paulista\/","title":{"rendered":"Pol\u00edcia Civil prende grupo que planejava ataque com bomba na Avenida Paulista"},"content":{"rendered":"<p><\/p>\n<div data-block-type=\"unstyled\" data-block-weight=\"69\">\n<p class=\"content-text__container theme-color-primary-first-letter\" data-track-category=\"Link no Texto\" data-track-links=\"\"> A Pol\u00edcia Civil de S\u00e3o Paulo prendeu, nesta segunda-feira (2), 12 pessoas acusadas de planejar um atentado com explosivos caseiros e coquet\u00e9is molotov na Avenida Paulista. O grupo, composto por jovens e adultos entre 15 e 30 anos, pretendia aproveitar a movimenta\u00e7\u00e3o no centro da capital para causar tumulto e p\u00e2nico. A a\u00e7\u00e3o foi frustrada por um monitoramento de intelig\u00eancia que identificou a coordena\u00e7\u00e3o do ataque em comunidades virtuais. <\/p>\n<\/p><\/div>\n<div>\n<div class=\"mc-column content-text active-extra-styles\" data-block-type=\"raw\" data-block-weight=\"38\">\n<ul class=\"content-unordered-list\">\n<li><strong>A\u00e7\u00e3o coordenada:<\/strong> <a class=\"\" href=\"https:\/\/oglobo.globo.com\/rio\/noticia\/2026\/02\/02\/policia-civil-prende-tres-pessoas-de-grupo-que-se-intitulava-geracao-z-e-preparava-acoes-coordenadas-no-rio.ghtml\">Pol\u00edcia Civil prende tr\u00eas pessoas de grupo que se intitulava &#8216;Gera\u00e7\u00e3o Z&#8217; e preparava &#8216;ataques&#8217; coordenados no Rio<\/a><\/li>\n<li><strong>Leia tamb\u00e9m:<\/strong><a class=\"\" href=\"https:\/\/oglobo.globo.com\/brasil\/sao-paulo\/noticia\/2026\/02\/02\/justica-confisca-aluguel-de-torneio-de-tenis-para-abater-dividas-do-jockey-club-de-sao-paulo.ghtml\"><strong> <\/strong>Justi\u00e7a &#8216;confisca&#8217; aluguel de torneio de t\u00eanis para abater d\u00edvidas do Jockey Club de S\u00e3o Paulo<\/a><\/li>\n<\/ul><\/div>\n<div class=\"mc-column content-text active-extra-styles\" data-block-type=\"unstyled\" data-block-weight=\"70\">\n<p class=\"content-text__container\" data-track-category=\"Link no Texto\" data-track-links=\"\"> Segundo a Secretaria de Seguran\u00e7a P\u00fablica (SSP), o grupo n\u00e3o apresentava uma pauta pol\u00edtica espec\u00edfica ou reivindica\u00e7\u00f5es sociais fundamentadas, operando sob uma premissa de oposi\u00e7\u00e3o gen\u00e9rica a institui\u00e7\u00f5es governamentais. O \u00f3rg\u00e3o informou ainda que os suspeitos integram uma rede de alcance nacional com quase oito mil participantes, e mantinham uma estrutura organizada de comando, com divis\u00e3o de tarefas e compartilhamento de manuais de instru\u00e7\u00e3o para a fabrica\u00e7\u00e3o de bombas. <\/p>\n<\/p><\/div>\n<div class=\"mc-column content-text active-extra-styles\" data-block-type=\"unstyled\" data-block-weight=\"54\">\n<p class=\"content-text__container\" data-track-category=\"Link no Texto\" data-track-links=\"\"> A estrat\u00e9gia dos envolvidos consistia na infiltra\u00e7\u00e3o em aglomera\u00e7\u00f5es para incitar o p\u00e2nico e provocar confrontos, utilizando-se inclusive de bloqueadores de sinal de telefonia para dificultar a comunica\u00e7\u00e3o e a resposta das autoridades. Durante as dilig\u00eancias, a pol\u00edcia apreendeu simulacros de armas de fogo e os dispositivos eletr\u00f4nicos que comprovam a articula\u00e7\u00e3o do crime. <\/p>\n<\/p><\/div>\n<div class=\"row medium-uncollapsed content-media content-photo\" data-block-type=\"backstage-photo\">\n<div class=\"mc-column content-media__container\">\n<div class=\"content-media-container\">\n<figure class=\"content-media__figure\"><figcaption class=\"content-media__description\"> Comando Integrado das Pol\u00edcias \u2014 Foto: Divulga\u00e7\u00e3o\/SSP <\/figcaption><\/figure>\n<\/p><\/div>\n<\/p><\/div>\n<\/p><\/div>\n<div class=\"mc-column content-text active-extra-styles\" data-block-type=\"unstyled\" data-block-weight=\"75\">\n<p class=\"content-text__container\" data-track-category=\"Link no Texto\" data-track-links=\"\"> O sucesso da opera\u00e7\u00e3o foi atribu\u00eddo \u00e0 capacidade de antecipa\u00e7\u00e3o do N\u00facleo de Observa\u00e7\u00e3o e An\u00e1lise Digital (Noad) em conjunto com a Divis\u00e3o de Crimes Cibern\u00e9ticos (DCCiber). Atrav\u00e9s de ferramentas de rastreio de palavras-chave e infiltra\u00e7\u00e3o em canais de mensagens, os policiais conseguiram mapear a estrutura de comando do grupo. Dos doze localizados em S\u00e3o Paulo, seis foram identificados como os principais respons\u00e1veis por repassar instru\u00e7\u00f5es e manuais de conduta para o restante da rede. <\/p>\n<\/p><\/div>\n<div class=\"mc-column content-text active-extra-styles\" data-block-type=\"unstyled\" data-block-weight=\"46\">\n<p class=\"content-text__container\" data-track-category=\"Link no Texto\" data-track-links=\"\"> \u2014 Foi um grande trabalho de antecipa\u00e7\u00e3o. Conseguimos chegar na frente antes que o pior acontecesse. Esse grupo pretendia utilizar o que chamavam de &#8220;manifesta\u00e7\u00e3o&#8221; como pretexto para atos de vandalismo e ataques com artefatos caseiros \u2014 afirmou o secret\u00e1rio de Seguran\u00e7a P\u00fablica, Osvaldo Nico Gon\u00e7alves. <\/p>\n<\/p><\/div>\n<div class=\"mc-column content-text active-extra-styles\" data-block-type=\"raw\" data-block-weight=\"5\">\n<p><h2>A\u00e7\u00e3o coordenada com o Rio<\/h2>\n<\/p><\/div>\n<div class=\"mc-column content-text active-extra-styles\" data-block-type=\"unstyled\" data-block-weight=\"62\">\n<p class=\"content-text__container\" data-track-category=\"Link no Texto\" data-track-links=\"\"> A mobiliza\u00e7\u00e3o policial no estado de S\u00e3o Paulo ocorreu em sintonia com a pol\u00edcia do Rio de Janeiro, que tamb\u00e9m<a class=\"\" href=\"https:\/\/oglobo.globo.com\/rio\/noticia\/2026\/02\/02\/policia-civil-prende-tres-pessoas-de-grupo-que-se-intitulava-geracao-z-e-preparava-acoes-coordenadas-no-rio.ghtml\"> identificou movimenta\u00e7\u00f5es fora do padr\u00e3o e manuais de fabrica\u00e7\u00e3o de explosivos<\/a> id\u00eanticos aos encontrados em solo paulista. A coopera\u00e7\u00e3o entre os delegados-gerais de diferentes estados permitiu que as a\u00e7\u00f5es preventivas fossem deflagradas simultaneamente, levando ao encerramento das atividades do grupo virtual principal. <\/p>\n<\/p><\/div>\n<div class=\"mc-column content-text active-extra-styles\" data-block-type=\"unstyled\" data-block-weight=\"58\">\n<p class=\"content-text__container\" data-track-category=\"Link no Texto\" data-track-links=\"\"> O delegado-geral da Pol\u00edcia Civil, Artur Dian, destacou que o objetivo dos integrantes era obter notoriedade, o que refor\u00e7a a import\u00e2ncia de focar a narrativa na falha das pretens\u00f5es criminosas. Ao serem abordados, os suspeitos alegaram que as intera\u00e7\u00f5es digitais tratavam-se de &#8220;brincadeiras&#8221;, vers\u00e3o que foi refutada pelas evid\u00eancias colhidas de planejamento log\u00edstico e desenhos t\u00e9cnicos de artefatos. <\/p>\n<\/p><\/div>\n<div class=\"mc-column content-text active-extra-styles\" data-block-type=\"unstyled\" data-block-weight=\"37\">\n<p class=\"content-text__container\" data-track-category=\"Link no Texto\" data-track-links=\"\"> As autoridades est\u00e3o agora analisando o material apreendido para individualizar as condutas e determinar os enquadramentos penais. A pol\u00edcia afirmou que tamb\u00e9m mant\u00e9m o monitoramento para evitar que novas c\u00e9lulas tentem se reorganizar sob outras identidades digitais. <\/p>\n<\/p><\/div>\n<div data-track-category=\"multicontent\" data-track-action=\"ultimo chunk conteudo\" data-track-noninteraction=\"false\" data-track-scroll=\"view\">\n<div class=\"mc-column content-text active-extra-styles\" data-block-type=\"unstyled\" data-block-weight=\"3\">\n<p class=\"content-text__container\" data-track-category=\"Link no Texto\" data-track-links=\"\"> <em>Mat\u00e9ria em atualiza\u00e7\u00e3o<\/em> <\/p>\n<\/p><\/div>\n<\/p><\/div>\n<\/p><\/div>\n<p><a href=\"https:\/\/oglobo.globo.com\/brasil\/sao-paulo\/noticia\/2026\/02\/02\/policia-civil-prende-grupo-que-planejava-ataque-com-bomba-na-avenida-paulista.ghtml\">Source link <\/a><\/p>","protected":false},"excerpt":{"rendered":"<p>A Pol\u00edcia Civil de S\u00e3o Paulo prendeu, nesta segunda-feira (2), 12 pessoas acusadas de planejar um atentado com explosivos caseiros e coquet\u00e9is molotov na Avenida Paulista. O grupo, composto por jovens e adultos entre 15 e 30 anos, pretendia aproveitar a movimenta\u00e7\u00e3o no centro da capital para causar tumulto e p\u00e2nico. A a\u00e7\u00e3o foi frustrada [&hellip;]<\/p>\n","protected":false},"author":1,"featured_media":84348,"comment_status":"closed","ping_status":"","sticky":false,"template":"","format":"standard","meta":{"googlesitekit_rrm_CAow2JLhCw:productID":"","_gspb_post_css":"","maa_idioma":"","maa_pais":"","footnotes":""},"categories":[4],"tags":[3602,4976,2723,5368,3674,11600,14831,155,5537],"class_list":["post-84347","post","type-post","status-publish","format-standard","has-post-thumbnail","hentry","category-brasil","tag-ataque","tag-avenida","tag-bomba","tag-civil","tag-grupo","tag-paulista","tag-planejava","tag-policia","tag-prende"],"blocksy_meta":[],"yoast_head":"<!-- This site is optimized with the Yoast SEO Premium plugin v27.6 (Yoast SEO v27.6) - https:\/\/yoast.com\/product\/yoast-seo-premium-wordpress\/ -->\n<title>Pol\u00edcia Civil prende grupo que planejava ataque com bomba na Avenida Paulista - Ubirat\u00e3 Online Not\u00edcias - A realidade ao seu alcance!<\/title>\n<meta name=\"description\" content=\"A Pol\u00edcia Civil de S\u00e3o Paulo prendeu, nesta segunda-feira (2), 12 pessoas acusadas de planejar um atentado com explosivos caseiros e coquet\u00e9is molotov na\" \/>\n<meta name=\"robots\" content=\"index, follow, max-snippet:-1, max-image-preview:large, max-video-preview:-1\" \/>\n<link rel=\"canonical\" href=\"https:\/\/ubirataonline.com.br\/en\/policia-civil-prende-grupo-que-planejava-ataque-com-bomba-na-avenida-paulista\/\" \/>\n<meta property=\"og:locale\" content=\"en_US\" \/>\n<meta property=\"og:type\" content=\"article\" \/>\n<meta property=\"og:title\" content=\"Pol\u00edcia Civil prende grupo que planejava ataque com bomba na Avenida Paulista\" \/>\n<meta property=\"og:description\" content=\"A Pol\u00edcia Civil de S\u00e3o Paulo prendeu, nesta segunda-feira (2), 12 pessoas acusadas de planejar um atentado com explosivos caseiros e coquet\u00e9is molotov na\" \/>\n<meta property=\"og:url\" content=\"https:\/\/ubirataonline.com.br\/en\/policia-civil-prende-grupo-que-planejava-ataque-com-bomba-na-avenida-paulista\/\" \/>\n<meta property=\"og:site_name\" content=\"Ubirat\u00e3 Online Not\u00edcias - A realidade ao seu alcance!\" \/>\n<meta property=\"article:publisher\" content=\"https:\/\/www.facebook.com\/portalubirataonline\" \/>\n<meta property=\"article:author\" content=\"https:\/\/www.facebook.com\/portalubirataonline\" \/>\n<meta property=\"article:published_time\" content=\"2026-02-03T06:54:48+00:00\" \/>\n<meta property=\"article:modified_time\" content=\"2026-02-03T06:54:54+00:00\" \/>\n<meta property=\"og:image\" content=\"https:\/\/ubirataonline.com.br\/wp-content\/uploads\/2026\/02\/Policia-Civil-prende-grupo-que-planejava-ataque-com-bomba-na.jpg\" \/>\n\t<meta property=\"og:image:width\" content=\"1500\" \/>\n\t<meta property=\"og:image:height\" content=\"1124\" \/>\n\t<meta property=\"og:image:type\" content=\"image\/jpeg\" \/>\n<meta name=\"author\" content=\"REDA\u00c7\u00c3O: UBIRAT\u00c3 ONLINE - F\u00c1BIO AUGUSTO CELESTINO\" \/>\n<meta name=\"twitter:card\" content=\"summary_large_image\" \/>\n<meta name=\"twitter:creator\" content=\"@x.com\/ubirataonline\" \/>\n<meta name=\"twitter:site\" content=\"@ubirataonline\" \/>\n<meta name=\"twitter:label1\" content=\"Written by\" \/>\n\t<meta name=\"twitter:data1\" content=\"REDA\u00c7\u00c3O: UBIRAT\u00c3 ONLINE - F\u00c1BIO AUGUSTO CELESTINO\" \/>\n\t<meta name=\"twitter:label2\" content=\"Est. reading time\" \/>\n\t<meta name=\"twitter:data2\" content=\"3 minutes\" \/>\n<script type=\"application\/ld+json\" class=\"yoast-schema-graph\">{\"@context\":\"https:\\\/\\\/schema.org\",\"@graph\":[{\"@type\":\"NewsArticle\",\"@id\":\"https:\\\/\\\/ubirataonline.com.br\\\/policia-civil-prende-grupo-que-planejava-ataque-com-bomba-na-avenida-paulista\\\/#article\",\"isPartOf\":{\"@id\":\"https:\\\/\\\/ubirataonline.com.br\\\/policia-civil-prende-grupo-que-planejava-ataque-com-bomba-na-avenida-paulista\\\/\"},\"author\":{\"name\":\"REDA\u00c7\u00c3O: UBIRAT\u00c3 ONLINE - F\u00c1BIO AUGUSTO CELESTINO\",\"@id\":\"https:\\\/\\\/ubirataonline.com.br\\\/#\\\/schema\\\/person\\\/372f87bbd3fdd79b8556b84c98d0bc1c\"},\"headline\":\"Pol\u00edcia Civil prende grupo que planejava ataque com bomba na Avenida Paulista\",\"datePublished\":\"2026-02-03T06:54:48+00:00\",\"dateModified\":\"2026-02-03T06:54:54+00:00\",\"mainEntityOfPage\":{\"@id\":\"https:\\\/\\\/ubirataonline.com.br\\\/policia-civil-prende-grupo-que-planejava-ataque-com-bomba-na-avenida-paulista\\\/\"},\"wordCount\":618,\"publisher\":{\"@id\":\"https:\\\/\\\/ubirataonline.com.br\\\/#organization\"},\"image\":{\"@id\":\"https:\\\/\\\/ubirataonline.com.br\\\/policia-civil-prende-grupo-que-planejava-ataque-com-bomba-na-avenida-paulista\\\/#primaryimage\"},\"thumbnailUrl\":\"https:\\\/\\\/ubirataonline.com.br\\\/wp-content\\\/uploads\\\/2026\\\/02\\\/Policia-Civil-prende-grupo-que-planejava-ataque-com-bomba-na.jpg\",\"keywords\":[\"ataque\",\"Avenida\",\"Bomba\",\"civil\",\"Grupo\",\"Paulista\",\"planejava\",\"Policia\",\"prende\"],\"articleSection\":[\"Brasil\"],\"inLanguage\":\"en-US\",\"copyrightYear\":\"2026\",\"copyrightHolder\":{\"@id\":\"https:\\\/\\\/ubirataonline.com.br\\\/en\\\/#organization\"}},{\"@type\":\"WebPage\",\"@id\":\"https:\\\/\\\/ubirataonline.com.br\\\/policia-civil-prende-grupo-que-planejava-ataque-com-bomba-na-avenida-paulista\\\/\",\"url\":\"https:\\\/\\\/ubirataonline.com.br\\\/policia-civil-prende-grupo-que-planejava-ataque-com-bomba-na-avenida-paulista\\\/\",\"name\":\"Pol\u00edcia Civil prende grupo que planejava ataque com bomba na Avenida Paulista - Ubirat\u00e3 Online Not\u00edcias - A realidade ao seu alcance!\",\"isPartOf\":{\"@id\":\"https:\\\/\\\/ubirataonline.com.br\\\/#website\"},\"primaryImageOfPage\":{\"@id\":\"https:\\\/\\\/ubirataonline.com.br\\\/policia-civil-prende-grupo-que-planejava-ataque-com-bomba-na-avenida-paulista\\\/#primaryimage\"},\"image\":{\"@id\":\"https:\\\/\\\/ubirataonline.com.br\\\/policia-civil-prende-grupo-que-planejava-ataque-com-bomba-na-avenida-paulista\\\/#primaryimage\"},\"thumbnailUrl\":\"https:\\\/\\\/ubirataonline.com.br\\\/wp-content\\\/uploads\\\/2026\\\/02\\\/Policia-Civil-prende-grupo-que-planejava-ataque-com-bomba-na.jpg\",\"datePublished\":\"2026-02-03T06:54:48+00:00\",\"dateModified\":\"2026-02-03T06:54:54+00:00\",\"description\":\"A Pol\u00edcia Civil de S\u00e3o Paulo prendeu, nesta segunda-feira (2), 12 pessoas acusadas de planejar um atentado com explosivos caseiros e coquet\u00e9is molotov na\",\"breadcrumb\":{\"@id\":\"https:\\\/\\\/ubirataonline.com.br\\\/policia-civil-prende-grupo-que-planejava-ataque-com-bomba-na-avenida-paulista\\\/#breadcrumb\"},\"inLanguage\":\"en-US\",\"potentialAction\":[{\"@type\":\"ReadAction\",\"target\":[\"https:\\\/\\\/ubirataonline.com.br\\\/policia-civil-prende-grupo-que-planejava-ataque-com-bomba-na-avenida-paulista\\\/\"]}]},{\"@type\":\"ImageObject\",\"inLanguage\":\"en-US\",\"@id\":\"https:\\\/\\\/ubirataonline.com.br\\\/policia-civil-prende-grupo-que-planejava-ataque-com-bomba-na-avenida-paulista\\\/#primaryimage\",\"url\":\"https:\\\/\\\/ubirataonline.com.br\\\/wp-content\\\/uploads\\\/2026\\\/02\\\/Policia-Civil-prende-grupo-que-planejava-ataque-com-bomba-na.jpg\",\"contentUrl\":\"https:\\\/\\\/ubirataonline.com.br\\\/wp-content\\\/uploads\\\/2026\\\/02\\\/Policia-Civil-prende-grupo-que-planejava-ataque-com-bomba-na.jpg\",\"width\":1500,\"height\":1124,\"caption\":\"Avenida Paulista, Masp \u2014 Foto: Banco\"},{\"@type\":\"BreadcrumbList\",\"@id\":\"https:\\\/\\\/ubirataonline.com.br\\\/policia-civil-prende-grupo-que-planejava-ataque-com-bomba-na-avenida-paulista\\\/#breadcrumb\",\"itemListElement\":[{\"@type\":\"ListItem\",\"position\":1,\"name\":\"In\u00edcio\",\"item\":\"https:\\\/\\\/ubirataonline.com.br\\\/\"},{\"@type\":\"ListItem\",\"position\":2,\"name\":\"Pol\u00edcia Civil prende grupo que planejava ataque com bomba na Avenida Paulista\"}]},{\"@type\":\"WebSite\",\"@id\":\"https:\\\/\\\/ubirataonline.com.br\\\/#website\",\"url\":\"https:\\\/\\\/ubirataonline.com.br\\\/\",\"name\":\"Ubirat\u00e3 Online Not\u00edcias\",\"description\":\"Not\u00edcias de Ubirat\u00e3, regi\u00e3o, Brasil e mundo, com informa\u00e7\u00e3o atualizada e compromisso com o leitor.\",\"publisher\":{\"@id\":\"https:\\\/\\\/ubirataonline.com.br\\\/#organization\"},\"alternateName\":\"Ubirat\u00e3 Online\",\"potentialAction\":[{\"@type\":\"SearchAction\",\"target\":{\"@type\":\"EntryPoint\",\"urlTemplate\":\"https:\\\/\\\/ubirataonline.com.br\\\/?s={search_term_string}\"},\"query-input\":{\"@type\":\"PropertyValueSpecification\",\"valueRequired\":true,\"valueName\":\"search_term_string\"}}],\"inLanguage\":\"en-US\"},{\"@type\":[\"Organization\",\"Place\"],\"@id\":\"https:\\\/\\\/ubirataonline.com.br\\\/#organization\",\"name\":\"Ubirat\u00e3 Online Not\u00edcias\",\"alternateName\":\"Ubirat\u00e3 Online\",\"url\":\"https:\\\/\\\/ubirataonline.com.br\\\/\",\"logo\":{\"@id\":\"https:\\\/\\\/ubirataonline.com.br\\\/policia-civil-prende-grupo-que-planejava-ataque-com-bomba-na-avenida-paulista\\\/#local-main-organization-logo\"},\"image\":{\"@id\":\"https:\\\/\\\/ubirataonline.com.br\\\/policia-civil-prende-grupo-que-planejava-ataque-com-bomba-na-avenida-paulista\\\/#local-main-organization-logo\"},\"sameAs\":[\"https:\\\/\\\/www.facebook.com\\\/portalubirataonline\",\"https:\\\/\\\/x.com\\\/ubirataonline\",\"https:\\\/\\\/mastodon.social\\\/@ubirataonline\",\"https:\\\/\\\/www.facebook.com\\\/groups\\\/311144672285604\",\"https:\\\/\\\/www.facebook.com\\\/UBTAOnline\",\"https:\\\/\\\/www.instagram.com\\\/portalubirataonline\\\/\",\"https:\\\/\\\/twitter.com\\\/ubirataonline\"],\"description\":\"Somos um portal de not\u00edcias independente, criado em 5 de janeiro de 2009, com o objetivo de informar, conectar e valorizar a nossa comunidade de Ubirat\u00e3 e toda aregi\u00e3o. Com conte\u00fado atualizado, confi\u00e1vel e relevante, o Ubirat\u00e3 Online \u00e9 o seu espa\u00e7o para ficar por dentro dos principais acontecimentos locais, regionais, Brasil, Mundo e de interesse geral. Nosso compromisso \u00e9 com a verdade, a transpar\u00eancia e o respeito ao leitor.\",\"legalName\":\"UBIRATA ONLINE NOT\u00cdCIAS\",\"foundingDate\":\"2009-01-05\",\"numberOfEmployees\":{\"@type\":\"QuantitativeValue\",\"minValue\":\"1\",\"maxValue\":\"10\"},\"publishingPrinciples\":\"https:\\\/\\\/ubirataonline.com.br\\\/faq\\\/\",\"address\":{\"@id\":\"https:\\\/\\\/ubirataonline.com.br\\\/policia-civil-prende-grupo-que-planejava-ataque-com-bomba-na-avenida-paulista\\\/#local-main-place-address\"},\"geo\":{\"@type\":\"GeoCoordinates\",\"latitude\":\"-24.5361401\",\"longitude\":\"-52.9921776\"},\"telephone\":[\"+5544998308235\"],\"contactPoint\":{\"@type\":\"ContactPoint\",\"email\":\"contato@ubirataonline.com.br\"},\"openingHoursSpecification\":{\"@type\":\"OpeningHoursSpecification\",\"dayOfWeek\":[\"Monday\",\"Tuesday\",\"Wednesday\",\"Thursday\",\"Friday\",\"Saturday\",\"Sunday\"],\"opens\":\"00:00\",\"closes\":\"23:59\"},\"email\":\"contato@ubirataonline.com.br\",\"vatID\":\"47.621.418\\\/0001-80\"},{\"@type\":\"Person\",\"@id\":\"https:\\\/\\\/ubirataonline.com.br\\\/#\\\/schema\\\/person\\\/372f87bbd3fdd79b8556b84c98d0bc1c\",\"name\":\"REDA\u00c7\u00c3O: UBIRAT\u00c3 ONLINE - F\u00c1BIO AUGUSTO CELESTINO\",\"pronouns\":\"Ele\",\"description\":\"Desde 2003 trabalhando com not\u00edcias.\",\"sameAs\":[\"http:\\\/\\\/ubirataoline.com.br\",\"https:\\\/\\\/www.facebook.com\\\/portalubirataonline\",\"https:\\\/\\\/www.instagram.com\\\/ubirataonline_oficial\",\"https:\\\/\\\/x.com\\\/x.com\\\/ubirataonline\"],\"honorificPrefix\":\"Mr.\",\"honorificSuffix\":\"MD\",\"birthDate\":\"1980-06-16\",\"gender\":\"masculino\",\"award\":[\"V\u00e1rios pr\u00eamios de melhor portal da cidade\"],\"jobTitle\":\"Diretor\",\"url\":\"https:\\\/\\\/ubirataonline.com.br\\\/en\\\/author\\\/ubirataonline\\\/\"},{\"@type\":\"PostalAddress\",\"@id\":\"https:\\\/\\\/ubirataonline.com.br\\\/policia-civil-prende-grupo-que-planejava-ataque-com-bomba-na-avenida-paulista\\\/#local-main-place-address\",\"streetAddress\":\"Rua dos Coqueiros, 104 - Bairro Boa Vista, Rua dos Coqueiros, 104 Bairro Boa Vista\",\"addressLocality\":\"UBIRATA\",\"postalCode\":\"85440-000\",\"addressRegion\":\"PR\",\"addressCountry\":\"BR\"},{\"@type\":\"ImageObject\",\"inLanguage\":\"en-US\",\"@id\":\"https:\\\/\\\/ubirataonline.com.br\\\/policia-civil-prende-grupo-que-planejava-ataque-com-bomba-na-avenida-paulista\\\/#local-main-organization-logo\",\"url\":\"https:\\\/\\\/ubirataonline.com.br\\\/wp-content\\\/uploads\\\/2026\\\/06\\\/logoubirataonline-1.webp\",\"contentUrl\":\"https:\\\/\\\/ubirataonline.com.br\\\/wp-content\\\/uploads\\\/2026\\\/06\\\/logoubirataonline-1.webp\",\"width\":500,\"height\":500,\"caption\":\"Ubirat\u00e3 Online Not\u00edcias\"}]}<\/script>\n<meta name=\"geo.placename\" content=\"UBIRATA\" \/>\n<meta name=\"geo.position\" content=\"-24.5361401;-52.9921776\" \/>\n<meta name=\"geo.region\" content=\"Brazil\" \/>\n<!-- \/ Yoast SEO Premium plugin. -->","yoast_head_json":{"title":"Pol\u00edcia Civil prende grupo que planejava ataque com bomba na Avenida Paulista - Ubirat\u00e3 Online Not\u00edcias - A realidade ao seu alcance!","description":"A Pol\u00edcia Civil de S\u00e3o Paulo prendeu, nesta segunda-feira (2), 12 pessoas acusadas de planejar um atentado com explosivos caseiros e coquet\u00e9is molotov na","robots":{"index":"index","follow":"follow","max-snippet":"max-snippet:-1","max-image-preview":"max-image-preview:large","max-video-preview":"max-video-preview:-1"},"canonical":"https:\/\/ubirataonline.com.br\/en\/policia-civil-prende-grupo-que-planejava-ataque-com-bomba-na-avenida-paulista\/","og_locale":"en_US","og_type":"article","og_title":"Pol\u00edcia Civil prende grupo que planejava ataque com bomba na Avenida Paulista","og_description":"A Pol\u00edcia Civil de S\u00e3o Paulo prendeu, nesta segunda-feira (2), 12 pessoas acusadas de planejar um atentado com explosivos caseiros e coquet\u00e9is molotov na","og_url":"https:\/\/ubirataonline.com.br\/en\/policia-civil-prende-grupo-que-planejava-ataque-com-bomba-na-avenida-paulista\/","og_site_name":"Ubirat\u00e3 Online Not\u00edcias - A realidade ao seu alcance!","article_publisher":"https:\/\/www.facebook.com\/portalubirataonline","article_author":"https:\/\/www.facebook.com\/portalubirataonline","article_published_time":"2026-02-03T06:54:48+00:00","article_modified_time":"2026-02-03T06:54:54+00:00","og_image":[{"width":1500,"height":1124,"url":"https:\/\/ubirataonline.com.br\/wp-content\/uploads\/2026\/02\/Policia-Civil-prende-grupo-que-planejava-ataque-com-bomba-na.jpg","type":"image\/jpeg"}],"author":"REDA\u00c7\u00c3O: UBIRAT\u00c3 ONLINE - F\u00c1BIO AUGUSTO CELESTINO","twitter_card":"summary_large_image","twitter_creator":"@x.com\/ubirataonline","twitter_site":"@ubirataonline","twitter_misc":{"Written by":"REDA\u00c7\u00c3O: UBIRAT\u00c3 ONLINE - F\u00c1BIO AUGUSTO CELESTINO","Est. reading time":"3 minutes"},"schema":{"@context":"https:\/\/schema.org","@graph":[{"@type":"NewsArticle","@id":"https:\/\/ubirataonline.com.br\/policia-civil-prende-grupo-que-planejava-ataque-com-bomba-na-avenida-paulista\/#article","isPartOf":{"@id":"https:\/\/ubirataonline.com.br\/policia-civil-prende-grupo-que-planejava-ataque-com-bomba-na-avenida-paulista\/"},"author":{"name":"REDA\u00c7\u00c3O: UBIRAT\u00c3 ONLINE - F\u00c1BIO AUGUSTO CELESTINO","@id":"https:\/\/ubirataonline.com.br\/#\/schema\/person\/372f87bbd3fdd79b8556b84c98d0bc1c"},"headline":"Pol\u00edcia Civil prende grupo que planejava ataque com bomba na Avenida Paulista","datePublished":"2026-02-03T06:54:48+00:00","dateModified":"2026-02-03T06:54:54+00:00","mainEntityOfPage":{"@id":"https:\/\/ubirataonline.com.br\/policia-civil-prende-grupo-que-planejava-ataque-com-bomba-na-avenida-paulista\/"},"wordCount":618,"publisher":{"@id":"https:\/\/ubirataonline.com.br\/#organization"},"image":{"@id":"https:\/\/ubirataonline.com.br\/policia-civil-prende-grupo-que-planejava-ataque-com-bomba-na-avenida-paulista\/#primaryimage"},"thumbnailUrl":"https:\/\/ubirataonline.com.br\/wp-content\/uploads\/2026\/02\/Policia-Civil-prende-grupo-que-planejava-ataque-com-bomba-na.jpg","keywords":["ataque","Avenida","Bomba","civil","Grupo","Paulista","planejava","Policia","prende"],"articleSection":["Brasil"],"inLanguage":"en-US","copyrightYear":"2026","copyrightHolder":{"@id":"https:\/\/ubirataonline.com.br\/en\/#organization"}},{"@type":"WebPage","@id":"https:\/\/ubirataonline.com.br\/policia-civil-prende-grupo-que-planejava-ataque-com-bomba-na-avenida-paulista\/","url":"https:\/\/ubirataonline.com.br\/policia-civil-prende-grupo-que-planejava-ataque-com-bomba-na-avenida-paulista\/","name":"Pol\u00edcia Civil prende grupo que planejava ataque com bomba na Avenida Paulista - Ubirat\u00e3 Online Not\u00edcias - A realidade ao seu alcance!","isPartOf":{"@id":"https:\/\/ubirataonline.com.br\/#website"},"primaryImageOfPage":{"@id":"https:\/\/ubirataonline.com.br\/policia-civil-prende-grupo-que-planejava-ataque-com-bomba-na-avenida-paulista\/#primaryimage"},"image":{"@id":"https:\/\/ubirataonline.com.br\/policia-civil-prende-grupo-que-planejava-ataque-com-bomba-na-avenida-paulista\/#primaryimage"},"thumbnailUrl":"https:\/\/ubirataonline.com.br\/wp-content\/uploads\/2026\/02\/Policia-Civil-prende-grupo-que-planejava-ataque-com-bomba-na.jpg","datePublished":"2026-02-03T06:54:48+00:00","dateModified":"2026-02-03T06:54:54+00:00","description":"A Pol\u00edcia Civil de S\u00e3o Paulo prendeu, nesta segunda-feira (2), 12 pessoas acusadas de planejar um atentado com explosivos caseiros e coquet\u00e9is molotov na","breadcrumb":{"@id":"https:\/\/ubirataonline.com.br\/policia-civil-prende-grupo-que-planejava-ataque-com-bomba-na-avenida-paulista\/#breadcrumb"},"inLanguage":"en-US","potentialAction":[{"@type":"ReadAction","target":["https:\/\/ubirataonline.com.br\/policia-civil-prende-grupo-que-planejava-ataque-com-bomba-na-avenida-paulista\/"]}]},{"@type":"ImageObject","inLanguage":"en-US","@id":"https:\/\/ubirataonline.com.br\/policia-civil-prende-grupo-que-planejava-ataque-com-bomba-na-avenida-paulista\/#primaryimage","url":"https:\/\/ubirataonline.com.br\/wp-content\/uploads\/2026\/02\/Policia-Civil-prende-grupo-que-planejava-ataque-com-bomba-na.jpg","contentUrl":"https:\/\/ubirataonline.com.br\/wp-content\/uploads\/2026\/02\/Policia-Civil-prende-grupo-que-planejava-ataque-com-bomba-na.jpg","width":1500,"height":1124,"caption":"Avenida Paulista, Masp \u2014 Foto: Banco"},{"@type":"BreadcrumbList","@id":"https:\/\/ubirataonline.com.br\/policia-civil-prende-grupo-que-planejava-ataque-com-bomba-na-avenida-paulista\/#breadcrumb","itemListElement":[{"@type":"ListItem","position":1,"name":"In\u00edcio","item":"https:\/\/ubirataonline.com.br\/"},{"@type":"ListItem","position":2,"name":"Pol\u00edcia Civil prende grupo que planejava ataque com bomba na Avenida Paulista"}]},{"@type":"WebSite","@id":"https:\/\/ubirataonline.com.br\/#website","url":"https:\/\/ubirataonline.com.br\/","name":"Ubirat\u00e3 Online Not\u00edcias","description":"Not\u00edcias de Ubirat\u00e3, regi\u00e3o, Brasil e mundo, com informa\u00e7\u00e3o atualizada e compromisso com o leitor.","publisher":{"@id":"https:\/\/ubirataonline.com.br\/#organization"},"alternateName":"Ubirat\u00e3 Online","potentialAction":[{"@type":"SearchAction","target":{"@type":"EntryPoint","urlTemplate":"https:\/\/ubirataonline.com.br\/?s={search_term_string}"},"query-input":{"@type":"PropertyValueSpecification","valueRequired":true,"valueName":"search_term_string"}}],"inLanguage":"en-US"},{"@type":["Organization","Place"],"@id":"https:\/\/ubirataonline.com.br\/#organization","name":"Ubirat\u00e3 Online Not\u00edcias","alternateName":"Ubirat\u00e3 Online","url":"https:\/\/ubirataonline.com.br\/","logo":{"@id":"https:\/\/ubirataonline.com.br\/policia-civil-prende-grupo-que-planejava-ataque-com-bomba-na-avenida-paulista\/#local-main-organization-logo"},"image":{"@id":"https:\/\/ubirataonline.com.br\/policia-civil-prende-grupo-que-planejava-ataque-com-bomba-na-avenida-paulista\/#local-main-organization-logo"},"sameAs":["https:\/\/www.facebook.com\/portalubirataonline","https:\/\/x.com\/ubirataonline","https:\/\/mastodon.social\/@ubirataonline","https:\/\/www.facebook.com\/groups\/311144672285604","https:\/\/www.facebook.com\/UBTAOnline","https:\/\/www.instagram.com\/portalubirataonline\/","https:\/\/twitter.com\/ubirataonline"],"description":"Somos um portal de not\u00edcias independente, criado em 5 de janeiro de 2009, com o objetivo de informar, conectar e valorizar a nossa comunidade de Ubirat\u00e3 e toda aregi\u00e3o. Com conte\u00fado atualizado, confi\u00e1vel e relevante, o Ubirat\u00e3 Online \u00e9 o seu espa\u00e7o para ficar por dentro dos principais acontecimentos locais, regionais, Brasil, Mundo e de interesse geral. Nosso compromisso \u00e9 com a verdade, a transpar\u00eancia e o respeito ao leitor.","legalName":"UBIRATA ONLINE NOT\u00cdCIAS","foundingDate":"2009-01-05","numberOfEmployees":{"@type":"QuantitativeValue","minValue":"1","maxValue":"10"},"publishingPrinciples":"https:\/\/ubirataonline.com.br\/faq\/","address":{"@id":"https:\/\/ubirataonline.com.br\/policia-civil-prende-grupo-que-planejava-ataque-com-bomba-na-avenida-paulista\/#local-main-place-address"},"geo":{"@type":"GeoCoordinates","latitude":"-24.5361401","longitude":"-52.9921776"},"telephone":["+5544998308235"],"contactPoint":{"@type":"ContactPoint","email":"contato@ubirataonline.com.br"},"openingHoursSpecification":{"@type":"OpeningHoursSpecification","dayOfWeek":["Monday","Tuesday","Wednesday","Thursday","Friday","Saturday","Sunday"],"opens":"00:00","closes":"23:59"},"email":"contato@ubirataonline.com.br","vatID":"47.621.418\/0001-80"},{"@type":"Person","@id":"https:\/\/ubirataonline.com.br\/#\/schema\/person\/372f87bbd3fdd79b8556b84c98d0bc1c","name":"REDA\u00c7\u00c3O: UBIRAT\u00c3 ONLINE - F\u00c1BIO AUGUSTO CELESTINO","pronouns":"Ele","description":"Desde 2003 trabalhando com not\u00edcias.","sameAs":["http:\/\/ubirataoline.com.br","https:\/\/www.facebook.com\/portalubirataonline","https:\/\/www.instagram.com\/ubirataonline_oficial","https:\/\/x.com\/x.com\/ubirataonline"],"honorificPrefix":"Mr.","honorificSuffix":"MD","birthDate":"1980-06-16","gender":"masculino","award":["V\u00e1rios pr\u00eamios de melhor portal da cidade"],"jobTitle":"Diretor","url":"https:\/\/ubirataonline.com.br\/en\/author\/ubirataonline\/"},{"@type":"PostalAddress","@id":"https:\/\/ubirataonline.com.br\/policia-civil-prende-grupo-que-planejava-ataque-com-bomba-na-avenida-paulista\/#local-main-place-address","streetAddress":"Rua dos Coqueiros, 104 - Bairro Boa Vista, Rua dos Coqueiros, 104 Bairro Boa Vista","addressLocality":"UBIRATA","postalCode":"85440-000","addressRegion":"PR","addressCountry":"BR"},{"@type":"ImageObject","inLanguage":"en-US","@id":"https:\/\/ubirataonline.com.br\/policia-civil-prende-grupo-que-planejava-ataque-com-bomba-na-avenida-paulista\/#local-main-organization-logo","url":"https:\/\/ubirataonline.com.br\/wp-content\/uploads\/2026\/06\/logoubirataonline-1.webp","contentUrl":"https:\/\/ubirataonline.com.br\/wp-content\/uploads\/2026\/06\/logoubirataonline-1.webp","width":500,"height":500,"caption":"Ubirat\u00e3 Online Not\u00edcias"}]},"geo.placename":"UBIRATA","geo.position":{"lat":"-24.5361401","long":"-52.9921776"},"geo.region":"Brazil"},"_links":{"self":[{"href":"https:\/\/ubirataonline.com.br\/en\/wp-json\/wp\/v2\/posts\/84347","targetHints":{"allow":["GET"]}}],"collection":[{"href":"https:\/\/ubirataonline.com.br\/en\/wp-json\/wp\/v2\/posts"}],"about":[{"href":"https:\/\/ubirataonline.com.br\/en\/wp-json\/wp\/v2\/types\/post"}],"author":[{"embeddable":true,"href":"https:\/\/ubirataonline.com.br\/en\/wp-json\/wp\/v2\/users\/1"}],"replies":[{"embeddable":true,"href":"https:\/\/ubirataonline.com.br\/en\/wp-json\/wp\/v2\/comments?post=84347"}],"version-history":[{"count":0,"href":"https:\/\/ubirataonline.com.br\/en\/wp-json\/wp\/v2\/posts\/84347\/revisions"}],"wp:featuredmedia":[{"embeddable":true,"href":"https:\/\/ubirataonline.com.br\/en\/wp-json\/wp\/v2\/media\/84348"}],"wp:attachment":[{"href":"https:\/\/ubirataonline.com.br\/en\/wp-json\/wp\/v2\/media?parent=84347"}],"wp:term":[{"taxonomy":"category","embeddable":true,"href":"https:\/\/ubirataonline.com.br\/en\/wp-json\/wp\/v2\/categories?post=84347"},{"taxonomy":"post_tag","embeddable":true,"href":"https:\/\/ubirataonline.com.br\/en\/wp-json\/wp\/v2\/tags?post=84347"}],"curies":[{"name":"wp","href":"https:\/\/api.w.org\/{rel}","templated":true}]}}