{"id":84886,"date":"2026-02-06T00:59:26","date_gmt":"2026-02-06T03:59:26","guid":{"rendered":"https:\/\/ubirataonline.com.br\/49ers-legend-steve-young-talks-pro-bowl\/"},"modified":"2026-02-06T00:59:27","modified_gmt":"2026-02-06T03:59:27","slug":"49ers-legend-steve-young-talks-pro-bowl","status":"publish","type":"post","link":"https:\/\/ubirataonline.com.br\/en\/49ers-legend-steve-young-talks-pro-bowl\/","title":{"rendered":"49ers legend Steve Young talks Pro Bowl"},"content":{"rendered":"<p><br \/>\n<\/p>\n<div>\n<div id=\"beyondwords-wrapper\" class=\"beyondwords-wrapper\">\n<p><span class=\"label-bg\">NEW<\/span>You can now listen to Fox News articles!\n  <\/p>\n<\/div>\n<p class=\"speakable\">NFL legend Steve Young talked Tuesday about the decreasing interest in the <a href=\"https:\/\/www.foxnews.com\/category\/sports\/nfl\" target=\"_blank\" rel=\"noopener\">Pro Bowl<\/a> since the league changed the format from a regular game to a flag football event.<\/p>\n<p class=\"speakable\">The former San Francisco 49ers star appeared on <a href=\"https:\/\/www.youtube.com\/watch?v=kg9hWLECZFA\" target=\"_blank\" rel=\"nofollow noopener\">&#8220;The Dan Patrick Show&#8221;<\/a> on Tuesday before this year\u2019s Pro Bowl Games and was asked when the event &#8220;lost its luster.&#8221; Young pinpointed when the original format began to fall flat with players.<\/p>\n<p><a href=\"https:\/\/www.foxnews.com\/sports\" target=\"_blank\" rel=\"noopener\"><strong>CLICK HERE FOR MORE SPORTS COVERAGE ON FOXNEWS.COM<\/strong><\/a><\/p>\n<div class=\"image-ct inline\">\n<div class=\"m\"><picture><source media=\"(max-width: 767px)\" srcset=\"https:\/\/a57.foxnews.com\/static.foxnews.com\/foxnews.com\/content\/uploads\/2026\/02\/343\/192\/nfl-pro-bowl-steve-young-0202526-1.jpg?ve=1&amp;tl=1, https:\/\/a57.foxnews.com\/static.foxnews.com\/foxnews.com\/content\/uploads\/2026\/02\/686\/384\/nfl-pro-bowl-steve-young-0202526-1.jpg?ve=1&amp;tl=1 2x\" height=\"192\" width=\"343\"><source media=\"(min-width: 768px) and (max-width: 1023px)\" srcset=\"https:\/\/a57.foxnews.com\/static.foxnews.com\/foxnews.com\/content\/uploads\/2026\/02\/672\/378\/nfl-pro-bowl-steve-young-0202526-1.jpg?ve=1&amp;tl=1, https:\/\/a57.foxnews.com\/static.foxnews.com\/foxnews.com\/content\/uploads\/2026\/02\/1344\/756\/nfl-pro-bowl-steve-young-0202526-1.jpg?ve=1&amp;tl=1 2x\" height=\"378\" width=\"672\"><source media=\"(min-width: 1024px) and (max-width: 1279px)\" srcset=\"https:\/\/a57.foxnews.com\/static.foxnews.com\/foxnews.com\/content\/uploads\/2026\/02\/931\/523\/nfl-pro-bowl-steve-young-0202526-1.jpg?ve=1&amp;tl=1, https:\/\/a57.foxnews.com\/static.foxnews.com\/foxnews.com\/content\/uploads\/2026\/02\/1862\/1046\/nfl-pro-bowl-steve-young-0202526-1.jpg?ve=1&amp;tl=1 2x\" height=\"523\" width=\"931\"><source media=\"(min-width: 1280px)\" srcset=\"https:\/\/a57.foxnews.com\/static.foxnews.com\/foxnews.com\/content\/uploads\/2026\/02\/720\/405\/nfl-pro-bowl-steve-young-0202526-1.jpg?ve=1&amp;tl=1, https:\/\/a57.foxnews.com\/static.foxnews.com\/foxnews.com\/content\/uploads\/2026\/02\/1440\/810\/nfl-pro-bowl-steve-young-0202526-1.jpg?ve=1&amp;tl=1 2x\" height=\"405\" width=\"720\"><\/source><\/source><\/source><\/source><\/picture><\/div>\n<div class=\"info\">\n<div class=\"caption\">\n<p><span>AFC coach Steve Young during practice at the NFL Flag Fieldhouse at Moscone Center South Building on Feb. 2, 2026.<\/span> <span>(Kirby Lee\/Imagn Images)<\/span><\/p>\n<\/div>\n<\/div>\n<\/div>\n<p>&#8220;The Pro Bowl lost its luster when \u2026 the biggest beatings I\u2019ve ever taken in my football career were at the Pro Bowl. You laugh because it makes no sense,&#8221; Young said. &#8220;Why would the biggest beating \u2026 because you\u2019re playing with elite players in the NFL, and everyone\u2019s been at the beach all week, and no one really knows the plays, and now Reggie White doesn\u2019t drink, you know what I mean? Reggie White is not hung over, or Bruce Smith or name it, you know what I mean?<\/p>\n<p>&#8220;There are Pro Bowls when I look back, and I\u2019m like, this is not right. I just finished the Super Bowl, and now I\u2019m going to the Pro Bowl and I love being in Hawaii, but I\u2019m not going to take a beating. So, it was irrational, and it couldn\u2019t be sustained because who\u2019s gonna go do that and take that risk.&#8221;<\/p>\n<div class=\"image-ct inline\">\n<div class=\"m\"><picture><source media=\"(max-width: 767px)\" srcset=\"https:\/\/a57.foxnews.com\/static.foxnews.com\/foxnews.com\/content\/uploads\/2026\/02\/343\/192\/nfl-pro-bowl-steve-young-0202526-2.jpg?ve=1&amp;tl=1, https:\/\/a57.foxnews.com\/static.foxnews.com\/foxnews.com\/content\/uploads\/2026\/02\/686\/384\/nfl-pro-bowl-steve-young-0202526-2.jpg?ve=1&amp;tl=1 2x\" height=\"192\" width=\"343\"><source media=\"(min-width: 768px) and (max-width: 1023px)\" srcset=\"https:\/\/a57.foxnews.com\/static.foxnews.com\/foxnews.com\/content\/uploads\/2026\/02\/672\/378\/nfl-pro-bowl-steve-young-0202526-2.jpg?ve=1&amp;tl=1, https:\/\/a57.foxnews.com\/static.foxnews.com\/foxnews.com\/content\/uploads\/2026\/02\/1344\/756\/nfl-pro-bowl-steve-young-0202526-2.jpg?ve=1&amp;tl=1 2x\" height=\"378\" width=\"672\"><source media=\"(min-width: 1024px) and (max-width: 1279px)\" srcset=\"https:\/\/a57.foxnews.com\/static.foxnews.com\/foxnews.com\/content\/uploads\/2026\/02\/931\/523\/nfl-pro-bowl-steve-young-0202526-2.jpg?ve=1&amp;tl=1, https:\/\/a57.foxnews.com\/static.foxnews.com\/foxnews.com\/content\/uploads\/2026\/02\/1862\/1046\/nfl-pro-bowl-steve-young-0202526-2.jpg?ve=1&amp;tl=1 2x\" height=\"523\" width=\"931\"><source media=\"(min-width: 1280px)\" srcset=\"https:\/\/a57.foxnews.com\/static.foxnews.com\/foxnews.com\/content\/uploads\/2026\/02\/720\/405\/nfl-pro-bowl-steve-young-0202526-2.jpg?ve=1&amp;tl=1, https:\/\/a57.foxnews.com\/static.foxnews.com\/foxnews.com\/content\/uploads\/2026\/02\/1440\/810\/nfl-pro-bowl-steve-young-0202526-2.jpg?ve=1&amp;tl=1 2x\" height=\"405\" width=\"720\"><img loading=\"lazy\" decoding=\"async\" src=\"https:\/\/a57.foxnews.com\/static.foxnews.com\/foxnews.com\/content\/uploads\/2026\/02\/1200\/675\/nfl-pro-bowl-steve-young-0202526-2.jpg?ve=1&amp;tl=1\" alt=\"Steve Young at the 1998 Pro Bowl\" width=\"1200\" height=\"675\"\/><\/source><\/source><\/source><\/source><\/picture><\/div>\n<div class=\"info\">\n<div class=\"caption\">\n<p><span>NFC quarterback Steve Young (8) of the San Francisco 49ers attempts a pass against the AFC during 1998 Pro Bowl at Aloha Stadium on Feb. 1, 1998.<\/span> <span>(VJ Lovero\/USA TODAY Network)<\/span><\/p>\n<\/div>\n<\/div>\n<\/div>\n<p><a href=\"https:\/\/www.foxnews.com\/sports\/former-cowboys-star-boldly-claims-team-get-back-super-bowl-next-season-they-here\" target=\"_blank\" rel=\"noopener\"><strong>FORMER COWBOYS STAR BOLDLY CLAIMS TEAM WILL GET BACK TO SUPER BOWL NEXT SEASON: &#8216;THEY WILL BE HERE&#8217;<\/strong><\/a><\/p>\n<p>Young said he believed that the growing interest in <a href=\"https:\/\/www.foxnews.com\/sports\/seahawks-star-jaxon-smith-njigba-wants-tom-brady-play-flag-football-2028-la-olympics\" target=\"_blank\" rel=\"noopener\">flag football<\/a> globally will eventually turn players\u2019 heads.<\/p>\n<p>He added that he was able to get players\u2019 attention when he stressed just how many people would be interested in the game and that it\u2019s becoming an elite sport in its own right.<\/p>\n<div class=\"image-ct inline\">\n<div class=\"m\"><picture><source media=\"(max-width: 767px)\" srcset=\"https:\/\/a57.foxnews.com\/static.foxnews.com\/foxnews.com\/content\/uploads\/2026\/02\/343\/192\/nfl-pro-bowl-players-020526-1.jpg?ve=1&amp;tl=1, https:\/\/a57.foxnews.com\/static.foxnews.com\/foxnews.com\/content\/uploads\/2026\/02\/686\/384\/nfl-pro-bowl-players-020526-1.jpg?ve=1&amp;tl=1 2x\" height=\"192\" width=\"343\"><source media=\"(min-width: 768px) and (max-width: 1023px)\" srcset=\"https:\/\/a57.foxnews.com\/static.foxnews.com\/foxnews.com\/content\/uploads\/2026\/02\/672\/378\/nfl-pro-bowl-players-020526-1.jpg?ve=1&amp;tl=1, https:\/\/a57.foxnews.com\/static.foxnews.com\/foxnews.com\/content\/uploads\/2026\/02\/1344\/756\/nfl-pro-bowl-players-020526-1.jpg?ve=1&amp;tl=1 2x\" height=\"378\" width=\"672\"><source media=\"(min-width: 1024px) and (max-width: 1279px)\" srcset=\"https:\/\/a57.foxnews.com\/static.foxnews.com\/foxnews.com\/content\/uploads\/2026\/02\/931\/523\/nfl-pro-bowl-players-020526-1.jpg?ve=1&amp;tl=1, https:\/\/a57.foxnews.com\/static.foxnews.com\/foxnews.com\/content\/uploads\/2026\/02\/1862\/1046\/nfl-pro-bowl-players-020526-1.jpg?ve=1&amp;tl=1 2x\" height=\"523\" width=\"931\"><source media=\"(min-width: 1280px)\" srcset=\"https:\/\/a57.foxnews.com\/static.foxnews.com\/foxnews.com\/content\/uploads\/2026\/02\/720\/405\/nfl-pro-bowl-players-020526-1.jpg?ve=1&amp;tl=1, https:\/\/a57.foxnews.com\/static.foxnews.com\/foxnews.com\/content\/uploads\/2026\/02\/1440\/810\/nfl-pro-bowl-players-020526-1.jpg?ve=1&amp;tl=1 2x\" height=\"405\" width=\"720\"><img loading=\"lazy\" decoding=\"async\" src=\"https:\/\/a57.foxnews.com\/static.foxnews.com\/foxnews.com\/content\/uploads\/2026\/02\/1200\/675\/nfl-pro-bowl-players-020526-1.jpg?ve=1&amp;tl=1\" alt=\"Pro Bowl players get ready for the game\" width=\"1200\" height=\"675\"\/><\/source><\/source><\/source><\/source><\/picture><\/div>\n<div class=\"info\">\n<div class=\"caption\">\n<p><span>AFC wide receivers Ja&#8217;Marr Chase (1), of the Cincinnati Bengals, Tee Higgins (5), of the Cincinnati Bengals, Courtland Sutton (14), of the Denver Broncos, and Nico Collins (12), of the Houston Texans, are introduced before the NFL Pro Bowl football game against the NFC, Tuesday, Feb. 3, 2026, in San Francisco.<\/span> <span>(AP Photo\/Godofredo A. V\u00e1squez)<\/span><\/p>\n<\/div>\n<\/div>\n<\/div>\n<p><a href=\"https:\/\/foxnews.onelink.me\/xLDS?pid=AppArticleLink&amp;af_dp=foxnewsaf%3A%2F%2F&amp;af_web_dp=https%3A%2F%2Fwww.foxnews.com%2Fapps-products\" target=\"_blank\" rel=\"noopener\"><strong>CLICK HERE TO DOWNLOAD THE FOX NEWS APP<\/strong><\/a><\/p>\n<p>&#8220;I think the Pro Bowl, if we keep <a href=\"https:\/\/www.foxnews.com\/video\/6387708269112\" target=\"_blank\" rel=\"noopener\">playing flag<\/a>, I think it will become something. I think they will start to embrace themselves and not just be like, \u2018Eh, Pro Bowl is a joke,\u2019&#8221; Young added.<\/p>\n<p><i><strong>Follow Fox News Digital\u2019s<\/strong><\/i><a href=\"https:\/\/twitter.com\/FoxNewsSports_\" target=\"_blank\" rel=\"nofollow noopener\"><i><strong>\u00a0<u>sports coverage on X,<\/u><\/strong><\/i><\/a><i><strong> and subscribe to<\/strong><\/i><a href=\"https:\/\/www.foxnews.com\/newsletters\" target=\"_blank\" rel=\"noopener\"><i><strong><u> the Fox News Sports Huddle newsletter<\/u><\/strong><\/i><\/a><i><strong>.<\/strong><\/i><\/p>\n<p> <!----> <\/p>\n<div class=\"article-meta\">\n<div class=\"author-bio\">\n<p>Ryan Gaydos is a senior editor for Fox News Digital.<\/p>\n<\/div>\n<\/div>\n<\/div>\n<p><script async src=\"\/\/platform.twitter.com\/widgets.js\" charset=\"utf-8\"><\/script><br \/>\n<br \/><br \/>\n<br \/><a href=\"https:\/\/www.foxnews.com\/sports\/nfl-legend-steve-young-pinpoints-when-pro-bowl-lost-its-luster\">Source link <\/a><\/p>","protected":false},"excerpt":{"rendered":"<p>NEWYou can now listen to Fox News articles! NFL legend Steve Young talked Tuesday about the decreasing interest in the Pro Bowl since the league changed the format from a regular game to a flag football event. The former San Francisco 49ers star appeared on &#8220;The Dan Patrick Show&#8221; on Tuesday before this year\u2019s Pro [&hellip;]<\/p>\n","protected":false},"author":1,"featured_media":84887,"comment_status":"closed","ping_status":"","sticky":false,"template":"","format":"standard","meta":{"googlesitekit_rrm_CAow2JLhCw:productID":"","_gspb_post_css":"","maa_idioma":"","maa_pais":"","footnotes":""},"categories":[2725],"tags":[3279,8969,8018,5622,4010,3431,8327],"class_list":["post-84886","post","type-post","status-publish","format-standard","has-post-thumbnail","hentry","category-europe","tag-49ers","tag-bowl","tag-legend","tag-pro","tag-steve","tag-talks","tag-young"],"blocksy_meta":[],"yoast_head":"<!-- This site is optimized with the Yoast SEO Premium plugin v27.6 (Yoast SEO v27.6) - https:\/\/yoast.com\/product\/yoast-seo-premium-wordpress\/ -->\n<title>49ers legend Steve Young talks Pro Bowl - Ubirat\u00e3 Online Not\u00edcias - A realidade ao seu alcance!<\/title>\n<meta name=\"description\" content=\"NEWYou can now listen to Fox News articles! NFL legend Steve Young talked Tuesday about the decreasing interest in the Pro Bowl since the league changed\" \/>\n<meta name=\"robots\" content=\"index, follow, max-snippet:-1, max-image-preview:large, max-video-preview:-1\" \/>\n<link rel=\"canonical\" href=\"https:\/\/ubirataonline.com.br\/en\/49ers-legend-steve-young-talks-pro-bowl\/\" \/>\n<meta property=\"og:locale\" content=\"en_US\" \/>\n<meta property=\"og:type\" content=\"article\" \/>\n<meta property=\"og:title\" content=\"49ers legend Steve Young talks Pro Bowl\" \/>\n<meta property=\"og:description\" content=\"NEWYou can now listen to Fox News articles! NFL legend Steve Young talked Tuesday about the decreasing interest in the Pro Bowl since the league changed\" \/>\n<meta property=\"og:url\" content=\"https:\/\/ubirataonline.com.br\/en\/49ers-legend-steve-young-talks-pro-bowl\/\" \/>\n<meta property=\"og:site_name\" content=\"Ubirat\u00e3 Online Not\u00edcias - A realidade ao seu alcance!\" \/>\n<meta property=\"article:publisher\" content=\"https:\/\/www.facebook.com\/portalubirataonline\" \/>\n<meta property=\"article:author\" content=\"https:\/\/www.facebook.com\/portalubirataonline\" \/>\n<meta property=\"article:published_time\" content=\"2026-02-06T03:59:26+00:00\" \/>\n<meta property=\"article:modified_time\" content=\"2026-02-06T03:59:27+00:00\" \/>\n<meta property=\"og:image\" content=\"https:\/\/ubirataonline.com.br\/wp-content\/uploads\/2026\/02\/49ers-legend-Steve-Young-talks-Pro-Bowl.jpg\" \/>\n\t<meta property=\"og:image:width\" content=\"1280\" \/>\n\t<meta property=\"og:image:height\" content=\"720\" \/>\n\t<meta property=\"og:image:type\" content=\"image\/jpeg\" \/>\n<meta name=\"author\" content=\"REDA\u00c7\u00c3O: UBIRAT\u00c3 ONLINE - F\u00c1BIO AUGUSTO CELESTINO\" \/>\n<meta name=\"twitter:card\" content=\"summary_large_image\" \/>\n<meta name=\"twitter:creator\" content=\"@x.com\/ubirataonline\" \/>\n<meta name=\"twitter:site\" content=\"@ubirataonline\" \/>\n<meta name=\"twitter:label1\" content=\"Written by\" \/>\n\t<meta name=\"twitter:data1\" content=\"REDA\u00c7\u00c3O: UBIRAT\u00c3 ONLINE - F\u00c1BIO AUGUSTO CELESTINO\" \/>\n\t<meta name=\"twitter:label2\" content=\"Est. reading time\" \/>\n\t<meta name=\"twitter:data2\" content=\"2 minutes\" \/>\n<script type=\"application\/ld+json\" class=\"yoast-schema-graph\">{\"@context\":\"https:\\\/\\\/schema.org\",\"@graph\":[{\"@type\":\"NewsArticle\",\"@id\":\"https:\\\/\\\/ubirataonline.com.br\\\/49ers-legend-steve-young-talks-pro-bowl\\\/#article\",\"isPartOf\":{\"@id\":\"https:\\\/\\\/ubirataonline.com.br\\\/49ers-legend-steve-young-talks-pro-bowl\\\/\"},\"author\":{\"name\":\"REDA\u00c7\u00c3O: UBIRAT\u00c3 ONLINE - F\u00c1BIO AUGUSTO CELESTINO\",\"@id\":\"https:\\\/\\\/ubirataonline.com.br\\\/#\\\/schema\\\/person\\\/372f87bbd3fdd79b8556b84c98d0bc1c\"},\"headline\":\"49ers legend Steve Young talks Pro Bowl\",\"datePublished\":\"2026-02-06T03:59:26+00:00\",\"dateModified\":\"2026-02-06T03:59:27+00:00\",\"mainEntityOfPage\":{\"@id\":\"https:\\\/\\\/ubirataonline.com.br\\\/49ers-legend-steve-young-talks-pro-bowl\\\/\"},\"wordCount\":503,\"publisher\":{\"@id\":\"https:\\\/\\\/ubirataonline.com.br\\\/#organization\"},\"image\":{\"@id\":\"https:\\\/\\\/ubirataonline.com.br\\\/49ers-legend-steve-young-talks-pro-bowl\\\/#primaryimage\"},\"thumbnailUrl\":\"https:\\\/\\\/ubirataonline.com.br\\\/wp-content\\\/uploads\\\/2026\\\/02\\\/49ers-legend-Steve-Young-talks-Pro-Bowl.jpg\",\"keywords\":[\"49ers\",\"Bowl\",\"legend\",\"Pro\",\"Steve\",\"talks\",\"Young\"],\"articleSection\":[\"Europe\"],\"inLanguage\":\"en-US\",\"copyrightYear\":\"2026\",\"copyrightHolder\":{\"@id\":\"https:\\\/\\\/ubirataonline.com.br\\\/en\\\/#organization\"}},{\"@type\":\"WebPage\",\"@id\":\"https:\\\/\\\/ubirataonline.com.br\\\/49ers-legend-steve-young-talks-pro-bowl\\\/\",\"url\":\"https:\\\/\\\/ubirataonline.com.br\\\/49ers-legend-steve-young-talks-pro-bowl\\\/\",\"name\":\"49ers legend Steve Young talks Pro Bowl - Ubirat\u00e3 Online Not\u00edcias - A realidade ao seu alcance!\",\"isPartOf\":{\"@id\":\"https:\\\/\\\/ubirataonline.com.br\\\/#website\"},\"primaryImageOfPage\":{\"@id\":\"https:\\\/\\\/ubirataonline.com.br\\\/49ers-legend-steve-young-talks-pro-bowl\\\/#primaryimage\"},\"image\":{\"@id\":\"https:\\\/\\\/ubirataonline.com.br\\\/49ers-legend-steve-young-talks-pro-bowl\\\/#primaryimage\"},\"thumbnailUrl\":\"https:\\\/\\\/ubirataonline.com.br\\\/wp-content\\\/uploads\\\/2026\\\/02\\\/49ers-legend-Steve-Young-talks-Pro-Bowl.jpg\",\"datePublished\":\"2026-02-06T03:59:26+00:00\",\"dateModified\":\"2026-02-06T03:59:27+00:00\",\"description\":\"NEWYou can now listen to Fox News articles! NFL legend Steve Young talked Tuesday about the decreasing interest in the Pro Bowl since the league changed\",\"breadcrumb\":{\"@id\":\"https:\\\/\\\/ubirataonline.com.br\\\/49ers-legend-steve-young-talks-pro-bowl\\\/#breadcrumb\"},\"inLanguage\":\"en-US\",\"potentialAction\":[{\"@type\":\"ReadAction\",\"target\":[\"https:\\\/\\\/ubirataonline.com.br\\\/49ers-legend-steve-young-talks-pro-bowl\\\/\"]}]},{\"@type\":\"ImageObject\",\"inLanguage\":\"en-US\",\"@id\":\"https:\\\/\\\/ubirataonline.com.br\\\/49ers-legend-steve-young-talks-pro-bowl\\\/#primaryimage\",\"url\":\"https:\\\/\\\/ubirataonline.com.br\\\/wp-content\\\/uploads\\\/2026\\\/02\\\/49ers-legend-Steve-Young-talks-Pro-Bowl.jpg\",\"contentUrl\":\"https:\\\/\\\/ubirataonline.com.br\\\/wp-content\\\/uploads\\\/2026\\\/02\\\/49ers-legend-Steve-Young-talks-Pro-Bowl.jpg\",\"width\":1280,\"height\":720,\"caption\":\"49ers legend Steve Young talks Pro Bowl\"},{\"@type\":\"BreadcrumbList\",\"@id\":\"https:\\\/\\\/ubirataonline.com.br\\\/49ers-legend-steve-young-talks-pro-bowl\\\/#breadcrumb\",\"itemListElement\":[{\"@type\":\"ListItem\",\"position\":1,\"name\":\"In\u00edcio\",\"item\":\"https:\\\/\\\/ubirataonline.com.br\\\/\"},{\"@type\":\"ListItem\",\"position\":2,\"name\":\"49ers legend Steve Young talks Pro Bowl\"}]},{\"@type\":\"WebSite\",\"@id\":\"https:\\\/\\\/ubirataonline.com.br\\\/#website\",\"url\":\"https:\\\/\\\/ubirataonline.com.br\\\/\",\"name\":\"Ubirat\u00e3 Online Not\u00edcias\",\"description\":\"Not\u00edcias de Ubirat\u00e3, regi\u00e3o, Brasil e mundo, com informa\u00e7\u00e3o atualizada e compromisso com o leitor.\",\"publisher\":{\"@id\":\"https:\\\/\\\/ubirataonline.com.br\\\/#organization\"},\"alternateName\":\"Ubirat\u00e3 Online\",\"potentialAction\":[{\"@type\":\"SearchAction\",\"target\":{\"@type\":\"EntryPoint\",\"urlTemplate\":\"https:\\\/\\\/ubirataonline.com.br\\\/?s={search_term_string}\"},\"query-input\":{\"@type\":\"PropertyValueSpecification\",\"valueRequired\":true,\"valueName\":\"search_term_string\"}}],\"inLanguage\":\"en-US\"},{\"@type\":[\"Organization\",\"Place\"],\"@id\":\"https:\\\/\\\/ubirataonline.com.br\\\/#organization\",\"name\":\"Ubirat\u00e3 Online Not\u00edcias\",\"alternateName\":\"Ubirat\u00e3 Online\",\"url\":\"https:\\\/\\\/ubirataonline.com.br\\\/\",\"logo\":{\"@id\":\"https:\\\/\\\/ubirataonline.com.br\\\/49ers-legend-steve-young-talks-pro-bowl\\\/#local-main-organization-logo\"},\"image\":{\"@id\":\"https:\\\/\\\/ubirataonline.com.br\\\/49ers-legend-steve-young-talks-pro-bowl\\\/#local-main-organization-logo\"},\"sameAs\":[\"https:\\\/\\\/www.facebook.com\\\/portalubirataonline\",\"https:\\\/\\\/x.com\\\/ubirataonline\",\"https:\\\/\\\/mastodon.social\\\/@ubirataonline\",\"https:\\\/\\\/www.facebook.com\\\/groups\\\/311144672285604\",\"https:\\\/\\\/www.facebook.com\\\/UBTAOnline\",\"https:\\\/\\\/www.instagram.com\\\/portalubirataonline\\\/\",\"https:\\\/\\\/twitter.com\\\/ubirataonline\"],\"description\":\"Somos um portal de not\u00edcias independente, criado em 5 de janeiro de 2009, com o objetivo de informar, conectar e valorizar a nossa comunidade de Ubirat\u00e3 e toda aregi\u00e3o. Com conte\u00fado atualizado, confi\u00e1vel e relevante, o Ubirat\u00e3 Online \u00e9 o seu espa\u00e7o para ficar por dentro dos principais acontecimentos locais, regionais, Brasil, Mundo e de interesse geral. Nosso compromisso \u00e9 com a verdade, a transpar\u00eancia e o respeito ao leitor.\",\"legalName\":\"UBIRATA ONLINE NOT\u00cdCIAS\",\"foundingDate\":\"2009-01-05\",\"numberOfEmployees\":{\"@type\":\"QuantitativeValue\",\"minValue\":\"1\",\"maxValue\":\"10\"},\"publishingPrinciples\":\"https:\\\/\\\/ubirataonline.com.br\\\/faq\\\/\",\"address\":{\"@id\":\"https:\\\/\\\/ubirataonline.com.br\\\/49ers-legend-steve-young-talks-pro-bowl\\\/#local-main-place-address\"},\"geo\":{\"@type\":\"GeoCoordinates\",\"latitude\":\"-24.5361401\",\"longitude\":\"-52.9921776\"},\"telephone\":[\"+5544998308235\"],\"contactPoint\":{\"@type\":\"ContactPoint\",\"email\":\"contato@ubirataonline.com.br\"},\"openingHoursSpecification\":{\"@type\":\"OpeningHoursSpecification\",\"dayOfWeek\":[\"Monday\",\"Tuesday\",\"Wednesday\",\"Thursday\",\"Friday\",\"Saturday\",\"Sunday\"],\"opens\":\"00:00\",\"closes\":\"23:59\"},\"email\":\"contato@ubirataonline.com.br\",\"vatID\":\"47.621.418\\\/0001-80\"},{\"@type\":\"Person\",\"@id\":\"https:\\\/\\\/ubirataonline.com.br\\\/#\\\/schema\\\/person\\\/372f87bbd3fdd79b8556b84c98d0bc1c\",\"name\":\"REDA\u00c7\u00c3O: UBIRAT\u00c3 ONLINE - F\u00c1BIO AUGUSTO CELESTINO\",\"pronouns\":\"Ele\",\"description\":\"Desde 2003 trabalhando com not\u00edcias.\",\"sameAs\":[\"http:\\\/\\\/ubirataoline.com.br\",\"https:\\\/\\\/www.facebook.com\\\/portalubirataonline\",\"https:\\\/\\\/www.instagram.com\\\/ubirataonline_oficial\",\"https:\\\/\\\/x.com\\\/x.com\\\/ubirataonline\"],\"honorificPrefix\":\"Mr.\",\"honorificSuffix\":\"MD\",\"birthDate\":\"1980-06-16\",\"gender\":\"masculino\",\"award\":[\"V\u00e1rios pr\u00eamios de melhor portal da cidade\"],\"jobTitle\":\"Diretor\",\"url\":\"https:\\\/\\\/ubirataonline.com.br\\\/en\\\/author\\\/ubirataonline\\\/\"},{\"@type\":\"PostalAddress\",\"@id\":\"https:\\\/\\\/ubirataonline.com.br\\\/49ers-legend-steve-young-talks-pro-bowl\\\/#local-main-place-address\",\"streetAddress\":\"Rua dos Coqueiros, 104 - Bairro Boa Vista, Rua dos Coqueiros, 104 Bairro Boa Vista\",\"addressLocality\":\"UBIRATA\",\"postalCode\":\"85440-000\",\"addressRegion\":\"PR\",\"addressCountry\":\"BR\"},{\"@type\":\"ImageObject\",\"inLanguage\":\"en-US\",\"@id\":\"https:\\\/\\\/ubirataonline.com.br\\\/49ers-legend-steve-young-talks-pro-bowl\\\/#local-main-organization-logo\",\"url\":\"https:\\\/\\\/ubirataonline.com.br\\\/wp-content\\\/uploads\\\/2026\\\/06\\\/logoubirataonline-1.webp\",\"contentUrl\":\"https:\\\/\\\/ubirataonline.com.br\\\/wp-content\\\/uploads\\\/2026\\\/06\\\/logoubirataonline-1.webp\",\"width\":500,\"height\":500,\"caption\":\"Ubirat\u00e3 Online Not\u00edcias\"}]}<\/script>\n<meta name=\"geo.placename\" content=\"UBIRATA\" \/>\n<meta name=\"geo.position\" content=\"-24.5361401;-52.9921776\" \/>\n<meta name=\"geo.region\" content=\"Brazil\" \/>\n<!-- \/ Yoast SEO Premium plugin. -->","yoast_head_json":{"title":"49ers legend Steve Young talks Pro Bowl - Ubirat\u00e3 Online Not\u00edcias - A realidade ao seu alcance!","description":"NEWYou can now listen to Fox News articles! NFL legend Steve Young talked Tuesday about the decreasing interest in the Pro Bowl since the league changed","robots":{"index":"index","follow":"follow","max-snippet":"max-snippet:-1","max-image-preview":"max-image-preview:large","max-video-preview":"max-video-preview:-1"},"canonical":"https:\/\/ubirataonline.com.br\/en\/49ers-legend-steve-young-talks-pro-bowl\/","og_locale":"en_US","og_type":"article","og_title":"49ers legend Steve Young talks Pro Bowl","og_description":"NEWYou can now listen to Fox News articles! NFL legend Steve Young talked Tuesday about the decreasing interest in the Pro Bowl since the league changed","og_url":"https:\/\/ubirataonline.com.br\/en\/49ers-legend-steve-young-talks-pro-bowl\/","og_site_name":"Ubirat\u00e3 Online Not\u00edcias - A realidade ao seu alcance!","article_publisher":"https:\/\/www.facebook.com\/portalubirataonline","article_author":"https:\/\/www.facebook.com\/portalubirataonline","article_published_time":"2026-02-06T03:59:26+00:00","article_modified_time":"2026-02-06T03:59:27+00:00","og_image":[{"width":1280,"height":720,"url":"https:\/\/ubirataonline.com.br\/wp-content\/uploads\/2026\/02\/49ers-legend-Steve-Young-talks-Pro-Bowl.jpg","type":"image\/jpeg"}],"author":"REDA\u00c7\u00c3O: UBIRAT\u00c3 ONLINE - F\u00c1BIO AUGUSTO CELESTINO","twitter_card":"summary_large_image","twitter_creator":"@x.com\/ubirataonline","twitter_site":"@ubirataonline","twitter_misc":{"Written by":"REDA\u00c7\u00c3O: UBIRAT\u00c3 ONLINE - F\u00c1BIO AUGUSTO CELESTINO","Est. reading time":"2 minutes"},"schema":{"@context":"https:\/\/schema.org","@graph":[{"@type":"NewsArticle","@id":"https:\/\/ubirataonline.com.br\/49ers-legend-steve-young-talks-pro-bowl\/#article","isPartOf":{"@id":"https:\/\/ubirataonline.com.br\/49ers-legend-steve-young-talks-pro-bowl\/"},"author":{"name":"REDA\u00c7\u00c3O: UBIRAT\u00c3 ONLINE - F\u00c1BIO AUGUSTO CELESTINO","@id":"https:\/\/ubirataonline.com.br\/#\/schema\/person\/372f87bbd3fdd79b8556b84c98d0bc1c"},"headline":"49ers legend Steve Young talks Pro Bowl","datePublished":"2026-02-06T03:59:26+00:00","dateModified":"2026-02-06T03:59:27+00:00","mainEntityOfPage":{"@id":"https:\/\/ubirataonline.com.br\/49ers-legend-steve-young-talks-pro-bowl\/"},"wordCount":503,"publisher":{"@id":"https:\/\/ubirataonline.com.br\/#organization"},"image":{"@id":"https:\/\/ubirataonline.com.br\/49ers-legend-steve-young-talks-pro-bowl\/#primaryimage"},"thumbnailUrl":"https:\/\/ubirataonline.com.br\/wp-content\/uploads\/2026\/02\/49ers-legend-Steve-Young-talks-Pro-Bowl.jpg","keywords":["49ers","Bowl","legend","Pro","Steve","talks","Young"],"articleSection":["Europe"],"inLanguage":"en-US","copyrightYear":"2026","copyrightHolder":{"@id":"https:\/\/ubirataonline.com.br\/en\/#organization"}},{"@type":"WebPage","@id":"https:\/\/ubirataonline.com.br\/49ers-legend-steve-young-talks-pro-bowl\/","url":"https:\/\/ubirataonline.com.br\/49ers-legend-steve-young-talks-pro-bowl\/","name":"49ers legend Steve Young talks Pro Bowl - Ubirat\u00e3 Online Not\u00edcias - A realidade ao seu alcance!","isPartOf":{"@id":"https:\/\/ubirataonline.com.br\/#website"},"primaryImageOfPage":{"@id":"https:\/\/ubirataonline.com.br\/49ers-legend-steve-young-talks-pro-bowl\/#primaryimage"},"image":{"@id":"https:\/\/ubirataonline.com.br\/49ers-legend-steve-young-talks-pro-bowl\/#primaryimage"},"thumbnailUrl":"https:\/\/ubirataonline.com.br\/wp-content\/uploads\/2026\/02\/49ers-legend-Steve-Young-talks-Pro-Bowl.jpg","datePublished":"2026-02-06T03:59:26+00:00","dateModified":"2026-02-06T03:59:27+00:00","description":"NEWYou can now listen to Fox News articles! NFL legend Steve Young talked Tuesday about the decreasing interest in the Pro Bowl since the league changed","breadcrumb":{"@id":"https:\/\/ubirataonline.com.br\/49ers-legend-steve-young-talks-pro-bowl\/#breadcrumb"},"inLanguage":"en-US","potentialAction":[{"@type":"ReadAction","target":["https:\/\/ubirataonline.com.br\/49ers-legend-steve-young-talks-pro-bowl\/"]}]},{"@type":"ImageObject","inLanguage":"en-US","@id":"https:\/\/ubirataonline.com.br\/49ers-legend-steve-young-talks-pro-bowl\/#primaryimage","url":"https:\/\/ubirataonline.com.br\/wp-content\/uploads\/2026\/02\/49ers-legend-Steve-Young-talks-Pro-Bowl.jpg","contentUrl":"https:\/\/ubirataonline.com.br\/wp-content\/uploads\/2026\/02\/49ers-legend-Steve-Young-talks-Pro-Bowl.jpg","width":1280,"height":720,"caption":"49ers legend Steve Young talks Pro Bowl"},{"@type":"BreadcrumbList","@id":"https:\/\/ubirataonline.com.br\/49ers-legend-steve-young-talks-pro-bowl\/#breadcrumb","itemListElement":[{"@type":"ListItem","position":1,"name":"In\u00edcio","item":"https:\/\/ubirataonline.com.br\/"},{"@type":"ListItem","position":2,"name":"49ers legend Steve Young talks Pro Bowl"}]},{"@type":"WebSite","@id":"https:\/\/ubirataonline.com.br\/#website","url":"https:\/\/ubirataonline.com.br\/","name":"Ubirat\u00e3 Online Not\u00edcias","description":"Not\u00edcias de Ubirat\u00e3, regi\u00e3o, Brasil e mundo, com informa\u00e7\u00e3o atualizada e compromisso com o leitor.","publisher":{"@id":"https:\/\/ubirataonline.com.br\/#organization"},"alternateName":"Ubirat\u00e3 Online","potentialAction":[{"@type":"SearchAction","target":{"@type":"EntryPoint","urlTemplate":"https:\/\/ubirataonline.com.br\/?s={search_term_string}"},"query-input":{"@type":"PropertyValueSpecification","valueRequired":true,"valueName":"search_term_string"}}],"inLanguage":"en-US"},{"@type":["Organization","Place"],"@id":"https:\/\/ubirataonline.com.br\/#organization","name":"Ubirat\u00e3 Online Not\u00edcias","alternateName":"Ubirat\u00e3 Online","url":"https:\/\/ubirataonline.com.br\/","logo":{"@id":"https:\/\/ubirataonline.com.br\/49ers-legend-steve-young-talks-pro-bowl\/#local-main-organization-logo"},"image":{"@id":"https:\/\/ubirataonline.com.br\/49ers-legend-steve-young-talks-pro-bowl\/#local-main-organization-logo"},"sameAs":["https:\/\/www.facebook.com\/portalubirataonline","https:\/\/x.com\/ubirataonline","https:\/\/mastodon.social\/@ubirataonline","https:\/\/www.facebook.com\/groups\/311144672285604","https:\/\/www.facebook.com\/UBTAOnline","https:\/\/www.instagram.com\/portalubirataonline\/","https:\/\/twitter.com\/ubirataonline"],"description":"Somos um portal de not\u00edcias independente, criado em 5 de janeiro de 2009, com o objetivo de informar, conectar e valorizar a nossa comunidade de Ubirat\u00e3 e toda aregi\u00e3o. Com conte\u00fado atualizado, confi\u00e1vel e relevante, o Ubirat\u00e3 Online \u00e9 o seu espa\u00e7o para ficar por dentro dos principais acontecimentos locais, regionais, Brasil, Mundo e de interesse geral. Nosso compromisso \u00e9 com a verdade, a transpar\u00eancia e o respeito ao leitor.","legalName":"UBIRATA ONLINE NOT\u00cdCIAS","foundingDate":"2009-01-05","numberOfEmployees":{"@type":"QuantitativeValue","minValue":"1","maxValue":"10"},"publishingPrinciples":"https:\/\/ubirataonline.com.br\/faq\/","address":{"@id":"https:\/\/ubirataonline.com.br\/49ers-legend-steve-young-talks-pro-bowl\/#local-main-place-address"},"geo":{"@type":"GeoCoordinates","latitude":"-24.5361401","longitude":"-52.9921776"},"telephone":["+5544998308235"],"contactPoint":{"@type":"ContactPoint","email":"contato@ubirataonline.com.br"},"openingHoursSpecification":{"@type":"OpeningHoursSpecification","dayOfWeek":["Monday","Tuesday","Wednesday","Thursday","Friday","Saturday","Sunday"],"opens":"00:00","closes":"23:59"},"email":"contato@ubirataonline.com.br","vatID":"47.621.418\/0001-80"},{"@type":"Person","@id":"https:\/\/ubirataonline.com.br\/#\/schema\/person\/372f87bbd3fdd79b8556b84c98d0bc1c","name":"REDA\u00c7\u00c3O: UBIRAT\u00c3 ONLINE - F\u00c1BIO AUGUSTO CELESTINO","pronouns":"Ele","description":"Desde 2003 trabalhando com not\u00edcias.","sameAs":["http:\/\/ubirataoline.com.br","https:\/\/www.facebook.com\/portalubirataonline","https:\/\/www.instagram.com\/ubirataonline_oficial","https:\/\/x.com\/x.com\/ubirataonline"],"honorificPrefix":"Mr.","honorificSuffix":"MD","birthDate":"1980-06-16","gender":"masculino","award":["V\u00e1rios pr\u00eamios de melhor portal da cidade"],"jobTitle":"Diretor","url":"https:\/\/ubirataonline.com.br\/en\/author\/ubirataonline\/"},{"@type":"PostalAddress","@id":"https:\/\/ubirataonline.com.br\/49ers-legend-steve-young-talks-pro-bowl\/#local-main-place-address","streetAddress":"Rua dos Coqueiros, 104 - Bairro Boa Vista, Rua dos Coqueiros, 104 Bairro Boa Vista","addressLocality":"UBIRATA","postalCode":"85440-000","addressRegion":"PR","addressCountry":"BR"},{"@type":"ImageObject","inLanguage":"en-US","@id":"https:\/\/ubirataonline.com.br\/49ers-legend-steve-young-talks-pro-bowl\/#local-main-organization-logo","url":"https:\/\/ubirataonline.com.br\/wp-content\/uploads\/2026\/06\/logoubirataonline-1.webp","contentUrl":"https:\/\/ubirataonline.com.br\/wp-content\/uploads\/2026\/06\/logoubirataonline-1.webp","width":500,"height":500,"caption":"Ubirat\u00e3 Online Not\u00edcias"}]},"geo.placename":"UBIRATA","geo.position":{"lat":"-24.5361401","long":"-52.9921776"},"geo.region":"Brazil"},"_links":{"self":[{"href":"https:\/\/ubirataonline.com.br\/en\/wp-json\/wp\/v2\/posts\/84886","targetHints":{"allow":["GET"]}}],"collection":[{"href":"https:\/\/ubirataonline.com.br\/en\/wp-json\/wp\/v2\/posts"}],"about":[{"href":"https:\/\/ubirataonline.com.br\/en\/wp-json\/wp\/v2\/types\/post"}],"author":[{"embeddable":true,"href":"https:\/\/ubirataonline.com.br\/en\/wp-json\/wp\/v2\/users\/1"}],"replies":[{"embeddable":true,"href":"https:\/\/ubirataonline.com.br\/en\/wp-json\/wp\/v2\/comments?post=84886"}],"version-history":[{"count":0,"href":"https:\/\/ubirataonline.com.br\/en\/wp-json\/wp\/v2\/posts\/84886\/revisions"}],"wp:featuredmedia":[{"embeddable":true,"href":"https:\/\/ubirataonline.com.br\/en\/wp-json\/wp\/v2\/media\/84887"}],"wp:attachment":[{"href":"https:\/\/ubirataonline.com.br\/en\/wp-json\/wp\/v2\/media?parent=84886"}],"wp:term":[{"taxonomy":"category","embeddable":true,"href":"https:\/\/ubirataonline.com.br\/en\/wp-json\/wp\/v2\/categories?post=84886"},{"taxonomy":"post_tag","embeddable":true,"href":"https:\/\/ubirataonline.com.br\/en\/wp-json\/wp\/v2\/tags?post=84886"}],"curies":[{"name":"wp","href":"https:\/\/api.w.org\/{rel}","templated":true}]}}