{"id":84889,"date":"2026-02-06T01:01:11","date_gmt":"2026-02-06T04:01:11","guid":{"rendered":"https:\/\/ubirataonline.com.br\/celtics-trade-rumors-boston-showing-interest-in-mavericks-forward\/"},"modified":"2026-02-06T01:01:15","modified_gmt":"2026-02-06T04:01:15","slug":"celtics-trade-rumors-boston-showing-interest-in-mavericks-forward","status":"publish","type":"post","link":"https:\/\/ubirataonline.com.br\/en\/celtics-trade-rumors-boston-showing-interest-in-mavericks-forward\/","title":{"rendered":"Celtics trade rumors: Boston showing interest in Mavericks forward"},"content":{"rendered":"<p><\/p>\n<div>\n<p class=\"article__paragraph article__paragraph--left\" id=\"IFIE6QT7OZCAZMJOERT2W3OLAQ\">The <a href=\"https:\/\/www.masslive.com\/celtics\/2026\/02\/examining-various-celtics-trade-rumors-heading-into-deadline-week.html\" target=\"_blank\" rel=\"\" title=\"https:\/\/www.masslive.com\/celtics\/2026\/02\/examining-various-celtics-trade-rumors-heading-into-deadline-week.html\">Celtics<\/a> remain on the hunt for upgrades with the trade deadline just three days away. One new name has emerged as a potential target on Monday: Mavericks forward Naji Marshall. <\/p>\n<p class=\"article__paragraph article__paragraph--left\" id=\"VGB4SV3ZRJH3VOFBEQU7TYF5DQ\"><a href=\"https:\/\/www.masslive.com\/celtics\/2026\/02\/anfernee-simons-gives-celtics-best-case-scenario-ahead-of-trade-deadline.html\" target=\"_blank\" rel=\"\" title=\"https:\/\/www.masslive.com\/celtics\/2026\/02\/anfernee-simons-gives-celtics-best-case-scenario-ahead-of-trade-deadline.html\">Boston<\/a> is reportedly one of at least four teams that have inquired with the Mavericks about the 28-year-old forward according to <a href=\"https:\/\/clutchpoints.com\/nba\/nba-stories\/2026-nba-trade-deadline-intel-impact-cavs-kings-tax-teams-deals\" target=\"_blank\" rel=\"\" title=\"https:\/\/clutchpoints.com\/nba\/nba-stories\/2026-nba-trade-deadline-intel-impact-cavs-kings-tax-teams-deals\">Brett Siegel of ClutchPoints<\/a>. The Knicks, Pistons and Lakers are other teams that have also checked in on Marshall, a player the Mavericks are hesitant to move according to <a href=\"https:\/\/marcstein.substack.com\/p\/the-trade-one-year-later?utm_source=post-email-title&amp;publication_id=392205&amp;post_id=186508093&amp;utm_campaign=email-post-title&amp;isFreemail=false&amp;r=10980&amp;triedRedirect=true&amp;utm_medium=email\" target=\"_blank\" rel=\"\" title=\"https:\/\/marcstein.substack.com\/p\/the-trade-one-year-later?utm_source=post-email-title&amp;publication_id=392205&amp;post_id=186508093&amp;utm_campaign=email-post-title&amp;isFreemail=false&amp;r=10980&amp;triedRedirect=true&amp;utm_medium=email\">NBA insider Marc Stein<\/a>. <\/p>\n<p class=\"article__paragraph article__paragraph--left\" id=\"E2VPFJOIJRHN7IXZQRWFZTOYLU\">Marshall is in the midst of a career year for Dallas, averaging 14.6 points and 5.0 rebounds per game while taking on a bigger offensive role with Anthony Davis and Kyrie Irving sidelined. He\u2019s also shooting an efficient 53 percent from the field but just 30.4 percent from 3-point range. <\/p>\n<p class=\"article__paragraph article__paragraph--left\" id=\"AVR5M6YYTNBHBIEZVRUCXI4M54\">Marshall\u2019s likely appeal to Boston and other playoff teams is his affordable contract. He earns just $9 million this year and remains under team control through next season at a similar salary ($9.4 million). He could make sense as a potential target for Boston in the event they lose a rotation guard or wing in a separate deal at the trade deadline. <\/p>\n<p class=\"article__paragraph article__paragraph--left\" id=\"VFR3O454OJF4VONH53FLSAP7HQ\">The Mavericks are also shopping around plenty of other veterans at the trade deadline per reports including Daniel Gafford, Klay Thompson and D\u2019Angelo Russell. The Celtics have been tied to Gafford as well as they survey the market for big man upgrades. The Mavericks are currently 19-30 and appear likely to retool their roster at the trade deadline to build more around rookie phenom Cooper Flagg moving forward. <\/p>\n<p class=\"article__paragraph article__paragraph--left\" id=\"S57SO5ST55BIJH5HJLJFFJLA74\">The Celtics are scheduled to face off against Marshall and the Mavericks on Tuesday night in Dallas. <\/p>\n<p class=\"article__paragraph article__paragraph--left\" id=\"CTZMECU5XNBDTHR4LOGZD7XOEM\">The NBA trade deadline is on Feb. 5 at 3 p.m. <\/p>\n<section class=\"_wrapper_1onzu_9 _masslive_1onzu_53\" data-gaid=\"_R_1n178q_\"\/><\/div>\n<p><a href=\"https:\/\/www.masslive.com\/celtics\/2026\/02\/celtics-trade-rumors-boston-showing-interest-in-mavericks-forward.html\">Source link <\/a><\/p>","protected":false},"excerpt":{"rendered":"<p>The Celtics remain on the hunt for upgrades with the trade deadline just three days away. One new name has emerged as a potential target on Monday: Mavericks forward Naji Marshall. Boston is reportedly one of at least four teams that have inquired with the Mavericks about the 28-year-old forward according to Brett Siegel of [&hellip;]<\/p>\n","protected":false},"author":1,"featured_media":84890,"comment_status":"closed","ping_status":"","sticky":false,"template":"","format":"standard","meta":{"googlesitekit_rrm_CAow2JLhCw:productID":"","_gspb_post_css":"","maa_idioma":"","maa_pais":"","footnotes":""},"categories":[1],"tags":[4358,4736,10176,6319,3280,5684,4247],"class_list":["post-84889","post","type-post","status-publish","format-standard","has-post-thumbnail","hentry","category-ubirata","tag-boston","tag-celtics","tag-interest","tag-mavericks","tag-rumors","tag-showing","tag-trade"],"blocksy_meta":[],"yoast_head":"<!-- This site is optimized with the Yoast SEO Premium plugin v27.6 (Yoast SEO v27.6) - https:\/\/yoast.com\/product\/yoast-seo-premium-wordpress\/ -->\n<title>Celtics trade rumors: Boston showing interest in Mavericks forward - Ubirat\u00e3 Online Not\u00edcias - A realidade ao seu alcance!<\/title>\n<meta name=\"description\" content=\"The Celtics remain on the hunt for upgrades with the trade deadline just three days away. One new name has emerged as a potential target on Monday:\" \/>\n<meta name=\"robots\" content=\"index, follow, max-snippet:-1, max-image-preview:large, max-video-preview:-1\" \/>\n<link rel=\"canonical\" href=\"https:\/\/ubirataonline.com.br\/en\/celtics-trade-rumors-boston-showing-interest-in-mavericks-forward\/\" \/>\n<meta property=\"og:locale\" content=\"en_US\" \/>\n<meta property=\"og:type\" content=\"article\" \/>\n<meta property=\"og:title\" content=\"Celtics trade rumors: Boston showing interest in Mavericks forward\" \/>\n<meta property=\"og:description\" content=\"The Celtics remain on the hunt for upgrades with the trade deadline just three days away. One new name has emerged as a potential target on Monday:\" \/>\n<meta property=\"og:url\" content=\"https:\/\/ubirataonline.com.br\/en\/celtics-trade-rumors-boston-showing-interest-in-mavericks-forward\/\" \/>\n<meta property=\"og:site_name\" content=\"Ubirat\u00e3 Online Not\u00edcias - A realidade ao seu alcance!\" \/>\n<meta property=\"article:publisher\" content=\"https:\/\/www.facebook.com\/portalubirataonline\" \/>\n<meta property=\"article:author\" content=\"https:\/\/www.facebook.com\/portalubirataonline\" \/>\n<meta property=\"article:published_time\" content=\"2026-02-06T04:01:11+00:00\" \/>\n<meta property=\"article:modified_time\" content=\"2026-02-06T04:01:15+00:00\" \/>\n<meta property=\"og:image\" content=\"https:\/\/ubirataonline.com.br\/wp-content\/uploads\/2026\/02\/Celtics-trade-rumors-Boston-showing-interest-in-Mavericks-forward.JPG\" \/>\n\t<meta property=\"og:image:width\" content=\"1280\" \/>\n\t<meta property=\"og:image:height\" content=\"853\" \/>\n\t<meta property=\"og:image:type\" content=\"image\/jpeg\" \/>\n<meta name=\"author\" content=\"REDA\u00c7\u00c3O: UBIRAT\u00c3 ONLINE - F\u00c1BIO AUGUSTO CELESTINO\" \/>\n<meta name=\"twitter:card\" content=\"summary_large_image\" \/>\n<meta name=\"twitter:creator\" content=\"@x.com\/ubirataonline\" \/>\n<meta name=\"twitter:site\" content=\"@ubirataonline\" \/>\n<meta name=\"twitter:label1\" content=\"Written by\" \/>\n\t<meta name=\"twitter:data1\" content=\"REDA\u00c7\u00c3O: UBIRAT\u00c3 ONLINE - F\u00c1BIO AUGUSTO CELESTINO\" \/>\n\t<meta name=\"twitter:label2\" content=\"Est. reading time\" \/>\n\t<meta name=\"twitter:data2\" content=\"1 minute\" \/>\n<script type=\"application\/ld+json\" class=\"yoast-schema-graph\">{\"@context\":\"https:\\\/\\\/schema.org\",\"@graph\":[{\"@type\":\"NewsArticle\",\"@id\":\"https:\\\/\\\/ubirataonline.com.br\\\/celtics-trade-rumors-boston-showing-interest-in-mavericks-forward\\\/#article\",\"isPartOf\":{\"@id\":\"https:\\\/\\\/ubirataonline.com.br\\\/celtics-trade-rumors-boston-showing-interest-in-mavericks-forward\\\/\"},\"author\":{\"name\":\"REDA\u00c7\u00c3O: UBIRAT\u00c3 ONLINE - F\u00c1BIO AUGUSTO CELESTINO\",\"@id\":\"https:\\\/\\\/ubirataonline.com.br\\\/#\\\/schema\\\/person\\\/372f87bbd3fdd79b8556b84c98d0bc1c\"},\"headline\":\"Celtics trade rumors: Boston showing interest in Mavericks forward\",\"datePublished\":\"2026-02-06T04:01:11+00:00\",\"dateModified\":\"2026-02-06T04:01:15+00:00\",\"mainEntityOfPage\":{\"@id\":\"https:\\\/\\\/ubirataonline.com.br\\\/celtics-trade-rumors-boston-showing-interest-in-mavericks-forward\\\/\"},\"wordCount\":300,\"publisher\":{\"@id\":\"https:\\\/\\\/ubirataonline.com.br\\\/#organization\"},\"image\":{\"@id\":\"https:\\\/\\\/ubirataonline.com.br\\\/celtics-trade-rumors-boston-showing-interest-in-mavericks-forward\\\/#primaryimage\"},\"thumbnailUrl\":\"https:\\\/\\\/ubirataonline.com.br\\\/wp-content\\\/uploads\\\/2026\\\/02\\\/Celtics-trade-rumors-Boston-showing-interest-in-Mavericks-forward.JPG\",\"keywords\":[\"Boston\",\"Celtics\",\"Interest\",\"Mavericks\",\"Rumors\",\"showing\",\"Trade\"],\"articleSection\":[\"Ubirat\u00e3\"],\"inLanguage\":\"en-US\",\"copyrightYear\":\"2026\",\"copyrightHolder\":{\"@id\":\"https:\\\/\\\/ubirataonline.com.br\\\/en\\\/#organization\"}},{\"@type\":\"WebPage\",\"@id\":\"https:\\\/\\\/ubirataonline.com.br\\\/celtics-trade-rumors-boston-showing-interest-in-mavericks-forward\\\/\",\"url\":\"https:\\\/\\\/ubirataonline.com.br\\\/celtics-trade-rumors-boston-showing-interest-in-mavericks-forward\\\/\",\"name\":\"Celtics trade rumors: Boston showing interest in Mavericks forward - Ubirat\u00e3 Online Not\u00edcias - A realidade ao seu alcance!\",\"isPartOf\":{\"@id\":\"https:\\\/\\\/ubirataonline.com.br\\\/#website\"},\"primaryImageOfPage\":{\"@id\":\"https:\\\/\\\/ubirataonline.com.br\\\/celtics-trade-rumors-boston-showing-interest-in-mavericks-forward\\\/#primaryimage\"},\"image\":{\"@id\":\"https:\\\/\\\/ubirataonline.com.br\\\/celtics-trade-rumors-boston-showing-interest-in-mavericks-forward\\\/#primaryimage\"},\"thumbnailUrl\":\"https:\\\/\\\/ubirataonline.com.br\\\/wp-content\\\/uploads\\\/2026\\\/02\\\/Celtics-trade-rumors-Boston-showing-interest-in-Mavericks-forward.JPG\",\"datePublished\":\"2026-02-06T04:01:11+00:00\",\"dateModified\":\"2026-02-06T04:01:15+00:00\",\"description\":\"The Celtics remain on the hunt for upgrades with the trade deadline just three days away. One new name has emerged as a potential target on Monday:\",\"breadcrumb\":{\"@id\":\"https:\\\/\\\/ubirataonline.com.br\\\/celtics-trade-rumors-boston-showing-interest-in-mavericks-forward\\\/#breadcrumb\"},\"inLanguage\":\"en-US\",\"potentialAction\":[{\"@type\":\"ReadAction\",\"target\":[\"https:\\\/\\\/ubirataonline.com.br\\\/celtics-trade-rumors-boston-showing-interest-in-mavericks-forward\\\/\"]}]},{\"@type\":\"ImageObject\",\"inLanguage\":\"en-US\",\"@id\":\"https:\\\/\\\/ubirataonline.com.br\\\/celtics-trade-rumors-boston-showing-interest-in-mavericks-forward\\\/#primaryimage\",\"url\":\"https:\\\/\\\/ubirataonline.com.br\\\/wp-content\\\/uploads\\\/2026\\\/02\\\/Celtics-trade-rumors-Boston-showing-interest-in-Mavericks-forward.JPG\",\"contentUrl\":\"https:\\\/\\\/ubirataonline.com.br\\\/wp-content\\\/uploads\\\/2026\\\/02\\\/Celtics-trade-rumors-Boston-showing-interest-in-Mavericks-forward.JPG\",\"width\":1280,\"height\":853,\"caption\":\"Dallas Mavericks forward Naji Marshall (13) drives to the basket as Detroit Pistons&#x27; Duncan Robinson (55) defends in the first half of an NBA basketball game in Dallas, Thursday, Dec. 18, 2025. (AP Photo\\\/Tony Gutierrez) APAP\"},{\"@type\":\"BreadcrumbList\",\"@id\":\"https:\\\/\\\/ubirataonline.com.br\\\/celtics-trade-rumors-boston-showing-interest-in-mavericks-forward\\\/#breadcrumb\",\"itemListElement\":[{\"@type\":\"ListItem\",\"position\":1,\"name\":\"In\u00edcio\",\"item\":\"https:\\\/\\\/ubirataonline.com.br\\\/\"},{\"@type\":\"ListItem\",\"position\":2,\"name\":\"Celtics trade rumors: Boston showing interest in Mavericks forward\"}]},{\"@type\":\"WebSite\",\"@id\":\"https:\\\/\\\/ubirataonline.com.br\\\/#website\",\"url\":\"https:\\\/\\\/ubirataonline.com.br\\\/\",\"name\":\"Ubirat\u00e3 Online Not\u00edcias\",\"description\":\"Not\u00edcias de Ubirat\u00e3, regi\u00e3o, Brasil e mundo, com informa\u00e7\u00e3o atualizada e compromisso com o leitor.\",\"publisher\":{\"@id\":\"https:\\\/\\\/ubirataonline.com.br\\\/#organization\"},\"alternateName\":\"Ubirat\u00e3 Online\",\"potentialAction\":[{\"@type\":\"SearchAction\",\"target\":{\"@type\":\"EntryPoint\",\"urlTemplate\":\"https:\\\/\\\/ubirataonline.com.br\\\/?s={search_term_string}\"},\"query-input\":{\"@type\":\"PropertyValueSpecification\",\"valueRequired\":true,\"valueName\":\"search_term_string\"}}],\"inLanguage\":\"en-US\"},{\"@type\":[\"Organization\",\"Place\"],\"@id\":\"https:\\\/\\\/ubirataonline.com.br\\\/#organization\",\"name\":\"Ubirat\u00e3 Online Not\u00edcias\",\"alternateName\":\"Ubirat\u00e3 Online\",\"url\":\"https:\\\/\\\/ubirataonline.com.br\\\/\",\"logo\":{\"@id\":\"https:\\\/\\\/ubirataonline.com.br\\\/celtics-trade-rumors-boston-showing-interest-in-mavericks-forward\\\/#local-main-organization-logo\"},\"image\":{\"@id\":\"https:\\\/\\\/ubirataonline.com.br\\\/celtics-trade-rumors-boston-showing-interest-in-mavericks-forward\\\/#local-main-organization-logo\"},\"sameAs\":[\"https:\\\/\\\/www.facebook.com\\\/portalubirataonline\",\"https:\\\/\\\/x.com\\\/ubirataonline\",\"https:\\\/\\\/mastodon.social\\\/@ubirataonline\",\"https:\\\/\\\/www.facebook.com\\\/groups\\\/311144672285604\",\"https:\\\/\\\/www.facebook.com\\\/UBTAOnline\",\"https:\\\/\\\/www.instagram.com\\\/portalubirataonline\\\/\",\"https:\\\/\\\/twitter.com\\\/ubirataonline\"],\"description\":\"Somos um portal de not\u00edcias independente, criado em 5 de janeiro de 2009, com o objetivo de informar, conectar e valorizar a nossa comunidade de Ubirat\u00e3 e toda aregi\u00e3o. Com conte\u00fado atualizado, confi\u00e1vel e relevante, o Ubirat\u00e3 Online \u00e9 o seu espa\u00e7o para ficar por dentro dos principais acontecimentos locais, regionais, Brasil, Mundo e de interesse geral. Nosso compromisso \u00e9 com a verdade, a transpar\u00eancia e o respeito ao leitor.\",\"legalName\":\"UBIRATA ONLINE NOT\u00cdCIAS\",\"foundingDate\":\"2009-01-05\",\"numberOfEmployees\":{\"@type\":\"QuantitativeValue\",\"minValue\":\"1\",\"maxValue\":\"10\"},\"publishingPrinciples\":\"https:\\\/\\\/ubirataonline.com.br\\\/faq\\\/\",\"address\":{\"@id\":\"https:\\\/\\\/ubirataonline.com.br\\\/celtics-trade-rumors-boston-showing-interest-in-mavericks-forward\\\/#local-main-place-address\"},\"geo\":{\"@type\":\"GeoCoordinates\",\"latitude\":\"-24.5361401\",\"longitude\":\"-52.9921776\"},\"telephone\":[\"+5544998308235\"],\"contactPoint\":{\"@type\":\"ContactPoint\",\"email\":\"contato@ubirataonline.com.br\"},\"openingHoursSpecification\":{\"@type\":\"OpeningHoursSpecification\",\"dayOfWeek\":[\"Monday\",\"Tuesday\",\"Wednesday\",\"Thursday\",\"Friday\",\"Saturday\",\"Sunday\"],\"opens\":\"00:00\",\"closes\":\"23:59\"},\"email\":\"contato@ubirataonline.com.br\",\"vatID\":\"47.621.418\\\/0001-80\"},{\"@type\":\"Person\",\"@id\":\"https:\\\/\\\/ubirataonline.com.br\\\/#\\\/schema\\\/person\\\/372f87bbd3fdd79b8556b84c98d0bc1c\",\"name\":\"REDA\u00c7\u00c3O: UBIRAT\u00c3 ONLINE - F\u00c1BIO AUGUSTO CELESTINO\",\"pronouns\":\"Ele\",\"description\":\"Desde 2003 trabalhando com not\u00edcias.\",\"sameAs\":[\"http:\\\/\\\/ubirataoline.com.br\",\"https:\\\/\\\/www.facebook.com\\\/portalubirataonline\",\"https:\\\/\\\/www.instagram.com\\\/ubirataonline_oficial\",\"https:\\\/\\\/x.com\\\/x.com\\\/ubirataonline\"],\"honorificPrefix\":\"Mr.\",\"honorificSuffix\":\"MD\",\"birthDate\":\"1980-06-16\",\"gender\":\"masculino\",\"award\":[\"V\u00e1rios pr\u00eamios de melhor portal da cidade\"],\"jobTitle\":\"Diretor\",\"url\":\"https:\\\/\\\/ubirataonline.com.br\\\/en\\\/author\\\/ubirataonline\\\/\"},{\"@type\":\"PostalAddress\",\"@id\":\"https:\\\/\\\/ubirataonline.com.br\\\/celtics-trade-rumors-boston-showing-interest-in-mavericks-forward\\\/#local-main-place-address\",\"streetAddress\":\"Rua dos Coqueiros, 104 - Bairro Boa Vista, Rua dos Coqueiros, 104 Bairro Boa Vista\",\"addressLocality\":\"UBIRATA\",\"postalCode\":\"85440-000\",\"addressRegion\":\"PR\",\"addressCountry\":\"BR\"},{\"@type\":\"ImageObject\",\"inLanguage\":\"en-US\",\"@id\":\"https:\\\/\\\/ubirataonline.com.br\\\/celtics-trade-rumors-boston-showing-interest-in-mavericks-forward\\\/#local-main-organization-logo\",\"url\":\"https:\\\/\\\/ubirataonline.com.br\\\/wp-content\\\/uploads\\\/2026\\\/06\\\/logoubirataonline-1.webp\",\"contentUrl\":\"https:\\\/\\\/ubirataonline.com.br\\\/wp-content\\\/uploads\\\/2026\\\/06\\\/logoubirataonline-1.webp\",\"width\":500,\"height\":500,\"caption\":\"Ubirat\u00e3 Online Not\u00edcias\"}]}<\/script>\n<meta name=\"geo.placename\" content=\"UBIRATA\" \/>\n<meta name=\"geo.position\" content=\"-24.5361401;-52.9921776\" \/>\n<meta name=\"geo.region\" content=\"Brazil\" \/>\n<!-- \/ Yoast SEO Premium plugin. -->","yoast_head_json":{"title":"Celtics trade rumors: Boston showing interest in Mavericks forward - Ubirat\u00e3 Online Not\u00edcias - A realidade ao seu alcance!","description":"The Celtics remain on the hunt for upgrades with the trade deadline just three days away. One new name has emerged as a potential target on Monday:","robots":{"index":"index","follow":"follow","max-snippet":"max-snippet:-1","max-image-preview":"max-image-preview:large","max-video-preview":"max-video-preview:-1"},"canonical":"https:\/\/ubirataonline.com.br\/en\/celtics-trade-rumors-boston-showing-interest-in-mavericks-forward\/","og_locale":"en_US","og_type":"article","og_title":"Celtics trade rumors: Boston showing interest in Mavericks forward","og_description":"The Celtics remain on the hunt for upgrades with the trade deadline just three days away. One new name has emerged as a potential target on Monday:","og_url":"https:\/\/ubirataonline.com.br\/en\/celtics-trade-rumors-boston-showing-interest-in-mavericks-forward\/","og_site_name":"Ubirat\u00e3 Online Not\u00edcias - A realidade ao seu alcance!","article_publisher":"https:\/\/www.facebook.com\/portalubirataonline","article_author":"https:\/\/www.facebook.com\/portalubirataonline","article_published_time":"2026-02-06T04:01:11+00:00","article_modified_time":"2026-02-06T04:01:15+00:00","og_image":[{"width":1280,"height":853,"url":"https:\/\/ubirataonline.com.br\/wp-content\/uploads\/2026\/02\/Celtics-trade-rumors-Boston-showing-interest-in-Mavericks-forward.JPG","type":"image\/jpeg"}],"author":"REDA\u00c7\u00c3O: UBIRAT\u00c3 ONLINE - F\u00c1BIO AUGUSTO CELESTINO","twitter_card":"summary_large_image","twitter_creator":"@x.com\/ubirataonline","twitter_site":"@ubirataonline","twitter_misc":{"Written by":"REDA\u00c7\u00c3O: UBIRAT\u00c3 ONLINE - F\u00c1BIO AUGUSTO CELESTINO","Est. reading time":"1 minute"},"schema":{"@context":"https:\/\/schema.org","@graph":[{"@type":"NewsArticle","@id":"https:\/\/ubirataonline.com.br\/celtics-trade-rumors-boston-showing-interest-in-mavericks-forward\/#article","isPartOf":{"@id":"https:\/\/ubirataonline.com.br\/celtics-trade-rumors-boston-showing-interest-in-mavericks-forward\/"},"author":{"name":"REDA\u00c7\u00c3O: UBIRAT\u00c3 ONLINE - F\u00c1BIO AUGUSTO CELESTINO","@id":"https:\/\/ubirataonline.com.br\/#\/schema\/person\/372f87bbd3fdd79b8556b84c98d0bc1c"},"headline":"Celtics trade rumors: Boston showing interest in Mavericks forward","datePublished":"2026-02-06T04:01:11+00:00","dateModified":"2026-02-06T04:01:15+00:00","mainEntityOfPage":{"@id":"https:\/\/ubirataonline.com.br\/celtics-trade-rumors-boston-showing-interest-in-mavericks-forward\/"},"wordCount":300,"publisher":{"@id":"https:\/\/ubirataonline.com.br\/#organization"},"image":{"@id":"https:\/\/ubirataonline.com.br\/celtics-trade-rumors-boston-showing-interest-in-mavericks-forward\/#primaryimage"},"thumbnailUrl":"https:\/\/ubirataonline.com.br\/wp-content\/uploads\/2026\/02\/Celtics-trade-rumors-Boston-showing-interest-in-Mavericks-forward.JPG","keywords":["Boston","Celtics","Interest","Mavericks","Rumors","showing","Trade"],"articleSection":["Ubirat\u00e3"],"inLanguage":"en-US","copyrightYear":"2026","copyrightHolder":{"@id":"https:\/\/ubirataonline.com.br\/en\/#organization"}},{"@type":"WebPage","@id":"https:\/\/ubirataonline.com.br\/celtics-trade-rumors-boston-showing-interest-in-mavericks-forward\/","url":"https:\/\/ubirataonline.com.br\/celtics-trade-rumors-boston-showing-interest-in-mavericks-forward\/","name":"Celtics trade rumors: Boston showing interest in Mavericks forward - Ubirat\u00e3 Online Not\u00edcias - A realidade ao seu alcance!","isPartOf":{"@id":"https:\/\/ubirataonline.com.br\/#website"},"primaryImageOfPage":{"@id":"https:\/\/ubirataonline.com.br\/celtics-trade-rumors-boston-showing-interest-in-mavericks-forward\/#primaryimage"},"image":{"@id":"https:\/\/ubirataonline.com.br\/celtics-trade-rumors-boston-showing-interest-in-mavericks-forward\/#primaryimage"},"thumbnailUrl":"https:\/\/ubirataonline.com.br\/wp-content\/uploads\/2026\/02\/Celtics-trade-rumors-Boston-showing-interest-in-Mavericks-forward.JPG","datePublished":"2026-02-06T04:01:11+00:00","dateModified":"2026-02-06T04:01:15+00:00","description":"The Celtics remain on the hunt for upgrades with the trade deadline just three days away. One new name has emerged as a potential target on Monday:","breadcrumb":{"@id":"https:\/\/ubirataonline.com.br\/celtics-trade-rumors-boston-showing-interest-in-mavericks-forward\/#breadcrumb"},"inLanguage":"en-US","potentialAction":[{"@type":"ReadAction","target":["https:\/\/ubirataonline.com.br\/celtics-trade-rumors-boston-showing-interest-in-mavericks-forward\/"]}]},{"@type":"ImageObject","inLanguage":"en-US","@id":"https:\/\/ubirataonline.com.br\/celtics-trade-rumors-boston-showing-interest-in-mavericks-forward\/#primaryimage","url":"https:\/\/ubirataonline.com.br\/wp-content\/uploads\/2026\/02\/Celtics-trade-rumors-Boston-showing-interest-in-Mavericks-forward.JPG","contentUrl":"https:\/\/ubirataonline.com.br\/wp-content\/uploads\/2026\/02\/Celtics-trade-rumors-Boston-showing-interest-in-Mavericks-forward.JPG","width":1280,"height":853,"caption":"Dallas Mavericks forward Naji Marshall (13) drives to the basket as Detroit Pistons&#x27; Duncan Robinson (55) defends in the first half of an NBA basketball game in Dallas, Thursday, Dec. 18, 2025. (AP Photo\/Tony Gutierrez) APAP"},{"@type":"BreadcrumbList","@id":"https:\/\/ubirataonline.com.br\/celtics-trade-rumors-boston-showing-interest-in-mavericks-forward\/#breadcrumb","itemListElement":[{"@type":"ListItem","position":1,"name":"In\u00edcio","item":"https:\/\/ubirataonline.com.br\/"},{"@type":"ListItem","position":2,"name":"Celtics trade rumors: Boston showing interest in Mavericks forward"}]},{"@type":"WebSite","@id":"https:\/\/ubirataonline.com.br\/#website","url":"https:\/\/ubirataonline.com.br\/","name":"Ubirat\u00e3 Online Not\u00edcias","description":"Not\u00edcias de Ubirat\u00e3, regi\u00e3o, Brasil e mundo, com informa\u00e7\u00e3o atualizada e compromisso com o leitor.","publisher":{"@id":"https:\/\/ubirataonline.com.br\/#organization"},"alternateName":"Ubirat\u00e3 Online","potentialAction":[{"@type":"SearchAction","target":{"@type":"EntryPoint","urlTemplate":"https:\/\/ubirataonline.com.br\/?s={search_term_string}"},"query-input":{"@type":"PropertyValueSpecification","valueRequired":true,"valueName":"search_term_string"}}],"inLanguage":"en-US"},{"@type":["Organization","Place"],"@id":"https:\/\/ubirataonline.com.br\/#organization","name":"Ubirat\u00e3 Online Not\u00edcias","alternateName":"Ubirat\u00e3 Online","url":"https:\/\/ubirataonline.com.br\/","logo":{"@id":"https:\/\/ubirataonline.com.br\/celtics-trade-rumors-boston-showing-interest-in-mavericks-forward\/#local-main-organization-logo"},"image":{"@id":"https:\/\/ubirataonline.com.br\/celtics-trade-rumors-boston-showing-interest-in-mavericks-forward\/#local-main-organization-logo"},"sameAs":["https:\/\/www.facebook.com\/portalubirataonline","https:\/\/x.com\/ubirataonline","https:\/\/mastodon.social\/@ubirataonline","https:\/\/www.facebook.com\/groups\/311144672285604","https:\/\/www.facebook.com\/UBTAOnline","https:\/\/www.instagram.com\/portalubirataonline\/","https:\/\/twitter.com\/ubirataonline"],"description":"Somos um portal de not\u00edcias independente, criado em 5 de janeiro de 2009, com o objetivo de informar, conectar e valorizar a nossa comunidade de Ubirat\u00e3 e toda aregi\u00e3o. Com conte\u00fado atualizado, confi\u00e1vel e relevante, o Ubirat\u00e3 Online \u00e9 o seu espa\u00e7o para ficar por dentro dos principais acontecimentos locais, regionais, Brasil, Mundo e de interesse geral. Nosso compromisso \u00e9 com a verdade, a transpar\u00eancia e o respeito ao leitor.","legalName":"UBIRATA ONLINE NOT\u00cdCIAS","foundingDate":"2009-01-05","numberOfEmployees":{"@type":"QuantitativeValue","minValue":"1","maxValue":"10"},"publishingPrinciples":"https:\/\/ubirataonline.com.br\/faq\/","address":{"@id":"https:\/\/ubirataonline.com.br\/celtics-trade-rumors-boston-showing-interest-in-mavericks-forward\/#local-main-place-address"},"geo":{"@type":"GeoCoordinates","latitude":"-24.5361401","longitude":"-52.9921776"},"telephone":["+5544998308235"],"contactPoint":{"@type":"ContactPoint","email":"contato@ubirataonline.com.br"},"openingHoursSpecification":{"@type":"OpeningHoursSpecification","dayOfWeek":["Monday","Tuesday","Wednesday","Thursday","Friday","Saturday","Sunday"],"opens":"00:00","closes":"23:59"},"email":"contato@ubirataonline.com.br","vatID":"47.621.418\/0001-80"},{"@type":"Person","@id":"https:\/\/ubirataonline.com.br\/#\/schema\/person\/372f87bbd3fdd79b8556b84c98d0bc1c","name":"REDA\u00c7\u00c3O: UBIRAT\u00c3 ONLINE - F\u00c1BIO AUGUSTO CELESTINO","pronouns":"Ele","description":"Desde 2003 trabalhando com not\u00edcias.","sameAs":["http:\/\/ubirataoline.com.br","https:\/\/www.facebook.com\/portalubirataonline","https:\/\/www.instagram.com\/ubirataonline_oficial","https:\/\/x.com\/x.com\/ubirataonline"],"honorificPrefix":"Mr.","honorificSuffix":"MD","birthDate":"1980-06-16","gender":"masculino","award":["V\u00e1rios pr\u00eamios de melhor portal da cidade"],"jobTitle":"Diretor","url":"https:\/\/ubirataonline.com.br\/en\/author\/ubirataonline\/"},{"@type":"PostalAddress","@id":"https:\/\/ubirataonline.com.br\/celtics-trade-rumors-boston-showing-interest-in-mavericks-forward\/#local-main-place-address","streetAddress":"Rua dos Coqueiros, 104 - Bairro Boa Vista, Rua dos Coqueiros, 104 Bairro Boa Vista","addressLocality":"UBIRATA","postalCode":"85440-000","addressRegion":"PR","addressCountry":"BR"},{"@type":"ImageObject","inLanguage":"en-US","@id":"https:\/\/ubirataonline.com.br\/celtics-trade-rumors-boston-showing-interest-in-mavericks-forward\/#local-main-organization-logo","url":"https:\/\/ubirataonline.com.br\/wp-content\/uploads\/2026\/06\/logoubirataonline-1.webp","contentUrl":"https:\/\/ubirataonline.com.br\/wp-content\/uploads\/2026\/06\/logoubirataonline-1.webp","width":500,"height":500,"caption":"Ubirat\u00e3 Online Not\u00edcias"}]},"geo.placename":"UBIRATA","geo.position":{"lat":"-24.5361401","long":"-52.9921776"},"geo.region":"Brazil"},"_links":{"self":[{"href":"https:\/\/ubirataonline.com.br\/en\/wp-json\/wp\/v2\/posts\/84889","targetHints":{"allow":["GET"]}}],"collection":[{"href":"https:\/\/ubirataonline.com.br\/en\/wp-json\/wp\/v2\/posts"}],"about":[{"href":"https:\/\/ubirataonline.com.br\/en\/wp-json\/wp\/v2\/types\/post"}],"author":[{"embeddable":true,"href":"https:\/\/ubirataonline.com.br\/en\/wp-json\/wp\/v2\/users\/1"}],"replies":[{"embeddable":true,"href":"https:\/\/ubirataonline.com.br\/en\/wp-json\/wp\/v2\/comments?post=84889"}],"version-history":[{"count":0,"href":"https:\/\/ubirataonline.com.br\/en\/wp-json\/wp\/v2\/posts\/84889\/revisions"}],"wp:featuredmedia":[{"embeddable":true,"href":"https:\/\/ubirataonline.com.br\/en\/wp-json\/wp\/v2\/media\/84890"}],"wp:attachment":[{"href":"https:\/\/ubirataonline.com.br\/en\/wp-json\/wp\/v2\/media?parent=84889"}],"wp:term":[{"taxonomy":"category","embeddable":true,"href":"https:\/\/ubirataonline.com.br\/en\/wp-json\/wp\/v2\/categories?post=84889"},{"taxonomy":"post_tag","embeddable":true,"href":"https:\/\/ubirataonline.com.br\/en\/wp-json\/wp\/v2\/tags?post=84889"}],"curies":[{"name":"wp","href":"https:\/\/api.w.org\/{rel}","templated":true}]}}