{"id":85146,"date":"2026-02-06T22:25:28","date_gmt":"2026-02-07T01:25:28","guid":{"rendered":"https:\/\/ubirataonline.com.br\/cody-rhodes-jey-uso-raise-concerns-over-wwes-reduced-house-show-schedule\/"},"modified":"2026-02-06T22:25:31","modified_gmt":"2026-02-07T01:25:31","slug":"cody-rhodes-jey-uso-raise-concerns-over-wwes-reduced-house-show-schedule","status":"publish","type":"post","link":"https:\/\/ubirataonline.com.br\/en\/cody-rhodes-jey-uso-raise-concerns-over-wwes-reduced-house-show-schedule\/","title":{"rendered":"Cody Rhodes, Jey Uso raise concerns over WWE\u2019s reduced house show schedule"},"content":{"rendered":"<p><br \/>\n<\/p>\n<div>\n<p class=\"duet--article--dangerously-set-cms-markup duet--article--standard-paragraph _1nfb3k4i _16w9vov1 _16w9vov0 ls9zuh1\">WWE is officially on the road to WrestleMania. But with just one house show scheduled before the event, the company\u2019s reduction of live events is drawing concern from Cody Rhodes and Jey Uso, who discussed the issue on Rhodes\u2019 podcast, <em><a href=\"https:\/\/youtu.be\/FTlqV8YOClM?si=w6kP9mOTfVUnt-BU\">What Do You Wanna Talk About?<\/a><\/em><\/p>\n<\/div>\n<div>\n<p class=\"duet--article--dangerously-set-cms-markup duet--article--standard-paragraph _1nfb3k4i _16w9vov1 _16w9vov0 ls9zuh1\">The former tag team partners noted how WWE has replaced live events with other brand-building opportunities, such as commercials and increased media appearances. Both acknowledged the value of such prospects, but Uso added, \u201cI do miss wrestling every night, though,\u201d while pondering what the lack of live shows meant for WWE\u2019s developmental stars in NXT.<\/p>\n<\/div>\n<div>\n<p class=\"duet--article--dangerously-set-cms-markup duet--article--standard-paragraph _1nfb3k4i _16w9vov1 _16w9vov0 ls9zuh1\">The shift came after WWE was acquired by TKO Group Holdings in 2023. Speaking at a<a href=\"https:\/\/www.cagesideseats.com\/2024\/9\/12\/24241687\/rumor-roundup-hurt-business-talks-aew-wbd-deal-fewer-wwe-house-shows-riddle-dwight-howard-hobbs\" target=\"_blank\" rel=\"noreferrer noopener\"> Goldman Sachs conference<\/a> in 2024, TKO President and COO Mark Shapiro said that while the brand still needs to grow, \u201cwe don\u2019t need to carry these marginally profitable events.\u201d<\/p>\n<\/div>\n<div>\n<p class=\"duet--article--dangerously-set-cms-markup duet--article--standard-paragraph _1nfb3k4i _16w9vov1 _16w9vov0 ls9zuh1\">Rhodes said he suggested to company leadership that WWE add at least one live event loop per month, arguing it would boost camaraderie, provide extra repetitions, and reinforce the sense of being part of the company.<\/p>\n<\/div>\n<div>\n<p class=\"duet--article--dangerously-set-cms-markup duet--article--standard-paragraph _1nfb3k4i _16w9vov1 _16w9vov0 ls9zuh1\">\u201cIt\u2019s hard to think you work somewhere if you\u2019re only there a couple days a week,\u201d said Rhodes.<\/p>\n<\/div>\n<div>\n<p class=\"duet--article--dangerously-set-cms-markup duet--article--standard-paragraph _1nfb3k4i _16w9vov1 _16w9vov0 ls9zuh1\">To Rhodes\u2019 point about repetitions, WWE\u2019s holiday loop in December and early January gave him and Drew McIntyre opportunities to rehearse in front of a live audience. Their series of matches helped them refine spots <a href=\"https:\/\/www.cagesideseats.com\/wwe\/408437\/cody-rhodes-drew-mcintyre-steel-cage-preview-wwe-live\">they later used<\/a> in their match on <em>SmackDown<\/em> last month, which McIntyre won to capture the Undisputed WWE Championship.<\/p>\n<\/div>\n<div>\n<p class=\"duet--article--dangerously-set-cms-markup duet--article--standard-paragraph _1nfb3k4i _16w9vov1 _16w9vov0 ls9zuh1\">Live events also offer fans a more intimate experience rarely seen on television. A January house show in Worcester, Mass., <a href=\"https:\/\/www.cagesideseats.com\/wwe\/408681\/jade-cargill-shines-woods-mcintyre-taunt-fans-wwe-live-tour\">went viral<\/a> after an elderly fan had a heated \u2014 yet hilarious \u2014 exchange with Xavier Woods.<\/p>\n<\/div>\n<div>\n<p class=\"duet--article--dangerously-set-cms-markup duet--article--standard-paragraph _1nfb3k4i _16w9vov1 _16w9vov0 ls9zuh1\">WWE\u2019s lone house show, aptly titled \u201cRoad to WrestleMania,\u201d takes place on Valentine\u2019s Day in Lubbock, Texas, at United Supermarkets Arena. Ticket tracker WrestleTix reported in late January that more than <a href=\"https:\/\/x.com\/WrestleTix\/status\/2016271943553474736?s=20\">8,000 tickets had been distributed<\/a>, with the arena set up to host just under 10,000 fans.<\/p>\n<\/div>\n<p><br \/>\n<br \/><a href=\"https:\/\/www.cagesideseats.com\/wwe\/416255\/cody-rhodes-jey-uso-raise-concerns-over-wwes-reduced-house-show-schedule\">Source link <\/a><\/p>","protected":false},"excerpt":{"rendered":"<p>WWE is officially on the road to WrestleMania. But with just one house show scheduled before the event, the company\u2019s reduction of live events is drawing concern from Cody Rhodes and Jey Uso, who discussed the issue on Rhodes\u2019 podcast, What Do You Wanna Talk About? The former tag team partners noted how WWE has [&hellip;]<\/p>\n","protected":false},"author":1,"featured_media":85147,"comment_status":"closed","ping_status":"","sticky":false,"template":"","format":"standard","meta":{"googlesitekit_rrm_CAow2JLhCw:productID":"","_gspb_post_css":"","maa_idioma":"","maa_pais":"","footnotes":""},"categories":[2725],"tags":[13045,13601,4938,17558,10531,17559,17557,4647,1654,6806,6412],"class_list":["post-85146","post","type-post","status-publish","format-standard","has-post-thumbnail","hentry","category-europe","tag-cody","tag-concerns","tag-house","tag-jey","tag-raise","tag-reduced","tag-rhodes","tag-schedule","tag-show","tag-uso","tag-wwes"],"blocksy_meta":[],"yoast_head":"<!-- This site is optimized with the Yoast SEO Premium plugin v27.6 (Yoast SEO v27.6) - https:\/\/yoast.com\/product\/yoast-seo-premium-wordpress\/ -->\n<title>Cody Rhodes, Jey Uso raise concerns over WWE\u2019s reduced house show schedule - Ubirat\u00e3 Online Not\u00edcias - A realidade ao seu alcance!<\/title>\n<meta name=\"description\" content=\"WWE is officially on the road to WrestleMania. But with just one house show scheduled before the event, the company\u2019s reduction of live events is drawing\" \/>\n<meta name=\"robots\" content=\"index, follow, max-snippet:-1, max-image-preview:large, max-video-preview:-1\" \/>\n<link rel=\"canonical\" href=\"https:\/\/ubirataonline.com.br\/en\/cody-rhodes-jey-uso-raise-concerns-over-wwes-reduced-house-show-schedule\/\" \/>\n<meta property=\"og:locale\" content=\"en_US\" \/>\n<meta property=\"og:type\" content=\"article\" \/>\n<meta property=\"og:title\" content=\"Cody Rhodes, Jey Uso raise concerns over WWE\u2019s reduced house show schedule\" \/>\n<meta property=\"og:description\" content=\"WWE is officially on the road to WrestleMania. But with just one house show scheduled before the event, the company\u2019s reduction of live events is drawing\" \/>\n<meta property=\"og:url\" content=\"https:\/\/ubirataonline.com.br\/en\/cody-rhodes-jey-uso-raise-concerns-over-wwes-reduced-house-show-schedule\/\" \/>\n<meta property=\"og:site_name\" content=\"Ubirat\u00e3 Online Not\u00edcias - A realidade ao seu alcance!\" \/>\n<meta property=\"article:publisher\" content=\"https:\/\/www.facebook.com\/portalubirataonline\" \/>\n<meta property=\"article:author\" content=\"https:\/\/www.facebook.com\/portalubirataonline\" \/>\n<meta property=\"article:published_time\" content=\"2026-02-07T01:25:28+00:00\" \/>\n<meta property=\"article:modified_time\" content=\"2026-02-07T01:25:31+00:00\" \/>\n<meta property=\"og:image\" content=\"https:\/\/ubirataonline.com.br\/wp-content\/uploads\/2026\/02\/Cody-Rhodes-Jey-Uso-raise-concerns-over-WWEs-reduced-house.jpeg\" \/>\n\t<meta property=\"og:image:width\" content=\"1179\" \/>\n\t<meta property=\"og:image:height\" content=\"616\" \/>\n\t<meta property=\"og:image:type\" content=\"image\/jpeg\" \/>\n<meta name=\"author\" content=\"REDA\u00c7\u00c3O: UBIRAT\u00c3 ONLINE - F\u00c1BIO AUGUSTO CELESTINO\" \/>\n<meta name=\"twitter:card\" content=\"summary_large_image\" \/>\n<meta name=\"twitter:creator\" content=\"@x.com\/ubirataonline\" \/>\n<meta name=\"twitter:site\" content=\"@ubirataonline\" \/>\n<meta name=\"twitter:label1\" content=\"Written by\" \/>\n\t<meta name=\"twitter:data1\" content=\"REDA\u00c7\u00c3O: UBIRAT\u00c3 ONLINE - F\u00c1BIO AUGUSTO CELESTINO\" \/>\n\t<meta name=\"twitter:label2\" content=\"Est. reading time\" \/>\n\t<meta name=\"twitter:data2\" content=\"2 minutes\" \/>\n<script type=\"application\/ld+json\" class=\"yoast-schema-graph\">{\"@context\":\"https:\\\/\\\/schema.org\",\"@graph\":[{\"@type\":\"NewsArticle\",\"@id\":\"https:\\\/\\\/ubirataonline.com.br\\\/cody-rhodes-jey-uso-raise-concerns-over-wwes-reduced-house-show-schedule\\\/#article\",\"isPartOf\":{\"@id\":\"https:\\\/\\\/ubirataonline.com.br\\\/cody-rhodes-jey-uso-raise-concerns-over-wwes-reduced-house-show-schedule\\\/\"},\"author\":{\"name\":\"REDA\u00c7\u00c3O: UBIRAT\u00c3 ONLINE - F\u00c1BIO AUGUSTO CELESTINO\",\"@id\":\"https:\\\/\\\/ubirataonline.com.br\\\/#\\\/schema\\\/person\\\/372f87bbd3fdd79b8556b84c98d0bc1c\"},\"headline\":\"Cody Rhodes, Jey Uso raise concerns over WWE\u2019s reduced house show schedule\",\"datePublished\":\"2026-02-07T01:25:28+00:00\",\"dateModified\":\"2026-02-07T01:25:31+00:00\",\"mainEntityOfPage\":{\"@id\":\"https:\\\/\\\/ubirataonline.com.br\\\/cody-rhodes-jey-uso-raise-concerns-over-wwes-reduced-house-show-schedule\\\/\"},\"wordCount\":357,\"publisher\":{\"@id\":\"https:\\\/\\\/ubirataonline.com.br\\\/#organization\"},\"image\":{\"@id\":\"https:\\\/\\\/ubirataonline.com.br\\\/cody-rhodes-jey-uso-raise-concerns-over-wwes-reduced-house-show-schedule\\\/#primaryimage\"},\"thumbnailUrl\":\"https:\\\/\\\/ubirataonline.com.br\\\/wp-content\\\/uploads\\\/2026\\\/02\\\/Cody-Rhodes-Jey-Uso-raise-concerns-over-WWEs-reduced-house.jpeg\",\"keywords\":[\"Cody\",\"concerns\",\"House\",\"Jey\",\"Raise\",\"reduced\",\"Rhodes\",\"schedule\",\"Show\",\"uso\",\"WWEs\"],\"articleSection\":[\"Europe\"],\"inLanguage\":\"en-US\",\"copyrightYear\":\"2026\",\"copyrightHolder\":{\"@id\":\"https:\\\/\\\/ubirataonline.com.br\\\/en\\\/#organization\"}},{\"@type\":\"WebPage\",\"@id\":\"https:\\\/\\\/ubirataonline.com.br\\\/cody-rhodes-jey-uso-raise-concerns-over-wwes-reduced-house-show-schedule\\\/\",\"url\":\"https:\\\/\\\/ubirataonline.com.br\\\/cody-rhodes-jey-uso-raise-concerns-over-wwes-reduced-house-show-schedule\\\/\",\"name\":\"Cody Rhodes, Jey Uso raise concerns over WWE\u2019s reduced house show schedule - Ubirat\u00e3 Online Not\u00edcias - A realidade ao seu alcance!\",\"isPartOf\":{\"@id\":\"https:\\\/\\\/ubirataonline.com.br\\\/#website\"},\"primaryImageOfPage\":{\"@id\":\"https:\\\/\\\/ubirataonline.com.br\\\/cody-rhodes-jey-uso-raise-concerns-over-wwes-reduced-house-show-schedule\\\/#primaryimage\"},\"image\":{\"@id\":\"https:\\\/\\\/ubirataonline.com.br\\\/cody-rhodes-jey-uso-raise-concerns-over-wwes-reduced-house-show-schedule\\\/#primaryimage\"},\"thumbnailUrl\":\"https:\\\/\\\/ubirataonline.com.br\\\/wp-content\\\/uploads\\\/2026\\\/02\\\/Cody-Rhodes-Jey-Uso-raise-concerns-over-WWEs-reduced-house.jpeg\",\"datePublished\":\"2026-02-07T01:25:28+00:00\",\"dateModified\":\"2026-02-07T01:25:31+00:00\",\"description\":\"WWE is officially on the road to WrestleMania. But with just one house show scheduled before the event, the company\u2019s reduction of live events is drawing\",\"breadcrumb\":{\"@id\":\"https:\\\/\\\/ubirataonline.com.br\\\/cody-rhodes-jey-uso-raise-concerns-over-wwes-reduced-house-show-schedule\\\/#breadcrumb\"},\"inLanguage\":\"en-US\",\"potentialAction\":[{\"@type\":\"ReadAction\",\"target\":[\"https:\\\/\\\/ubirataonline.com.br\\\/cody-rhodes-jey-uso-raise-concerns-over-wwes-reduced-house-show-schedule\\\/\"]}]},{\"@type\":\"ImageObject\",\"inLanguage\":\"en-US\",\"@id\":\"https:\\\/\\\/ubirataonline.com.br\\\/cody-rhodes-jey-uso-raise-concerns-over-wwes-reduced-house-show-schedule\\\/#primaryimage\",\"url\":\"https:\\\/\\\/ubirataonline.com.br\\\/wp-content\\\/uploads\\\/2026\\\/02\\\/Cody-Rhodes-Jey-Uso-raise-concerns-over-WWEs-reduced-house.jpeg\",\"contentUrl\":\"https:\\\/\\\/ubirataonline.com.br\\\/wp-content\\\/uploads\\\/2026\\\/02\\\/Cody-Rhodes-Jey-Uso-raise-concerns-over-WWEs-reduced-house.jpeg\",\"width\":1179,\"height\":616,\"caption\":\"Cody Rhodes greets fans at one of WWE\u2019s few live events.\"},{\"@type\":\"BreadcrumbList\",\"@id\":\"https:\\\/\\\/ubirataonline.com.br\\\/cody-rhodes-jey-uso-raise-concerns-over-wwes-reduced-house-show-schedule\\\/#breadcrumb\",\"itemListElement\":[{\"@type\":\"ListItem\",\"position\":1,\"name\":\"In\u00edcio\",\"item\":\"https:\\\/\\\/ubirataonline.com.br\\\/\"},{\"@type\":\"ListItem\",\"position\":2,\"name\":\"Cody Rhodes, Jey Uso raise concerns over WWE\u2019s reduced house show schedule\"}]},{\"@type\":\"WebSite\",\"@id\":\"https:\\\/\\\/ubirataonline.com.br\\\/#website\",\"url\":\"https:\\\/\\\/ubirataonline.com.br\\\/\",\"name\":\"Ubirat\u00e3 Online Not\u00edcias\",\"description\":\"Not\u00edcias de Ubirat\u00e3, regi\u00e3o, Brasil e mundo, com informa\u00e7\u00e3o atualizada e compromisso com o leitor.\",\"publisher\":{\"@id\":\"https:\\\/\\\/ubirataonline.com.br\\\/#organization\"},\"alternateName\":\"Ubirat\u00e3 Online\",\"potentialAction\":[{\"@type\":\"SearchAction\",\"target\":{\"@type\":\"EntryPoint\",\"urlTemplate\":\"https:\\\/\\\/ubirataonline.com.br\\\/?s={search_term_string}\"},\"query-input\":{\"@type\":\"PropertyValueSpecification\",\"valueRequired\":true,\"valueName\":\"search_term_string\"}}],\"inLanguage\":\"en-US\"},{\"@type\":[\"Organization\",\"Place\"],\"@id\":\"https:\\\/\\\/ubirataonline.com.br\\\/#organization\",\"name\":\"Ubirat\u00e3 Online Not\u00edcias\",\"alternateName\":\"Ubirat\u00e3 Online\",\"url\":\"https:\\\/\\\/ubirataonline.com.br\\\/\",\"logo\":{\"@id\":\"https:\\\/\\\/ubirataonline.com.br\\\/cody-rhodes-jey-uso-raise-concerns-over-wwes-reduced-house-show-schedule\\\/#local-main-organization-logo\"},\"image\":{\"@id\":\"https:\\\/\\\/ubirataonline.com.br\\\/cody-rhodes-jey-uso-raise-concerns-over-wwes-reduced-house-show-schedule\\\/#local-main-organization-logo\"},\"sameAs\":[\"https:\\\/\\\/www.facebook.com\\\/portalubirataonline\",\"https:\\\/\\\/x.com\\\/ubirataonline\",\"https:\\\/\\\/mastodon.social\\\/@ubirataonline\",\"https:\\\/\\\/www.facebook.com\\\/groups\\\/311144672285604\",\"https:\\\/\\\/www.facebook.com\\\/UBTAOnline\",\"https:\\\/\\\/www.instagram.com\\\/portalubirataonline\\\/\",\"https:\\\/\\\/twitter.com\\\/ubirataonline\"],\"description\":\"Somos um portal de not\u00edcias independente, criado em 5 de janeiro de 2009, com o objetivo de informar, conectar e valorizar a nossa comunidade de Ubirat\u00e3 e toda aregi\u00e3o. Com conte\u00fado atualizado, confi\u00e1vel e relevante, o Ubirat\u00e3 Online \u00e9 o seu espa\u00e7o para ficar por dentro dos principais acontecimentos locais, regionais, Brasil, Mundo e de interesse geral. Nosso compromisso \u00e9 com a verdade, a transpar\u00eancia e o respeito ao leitor.\",\"legalName\":\"UBIRATA ONLINE NOT\u00cdCIAS\",\"foundingDate\":\"2009-01-05\",\"numberOfEmployees\":{\"@type\":\"QuantitativeValue\",\"minValue\":\"1\",\"maxValue\":\"10\"},\"publishingPrinciples\":\"https:\\\/\\\/ubirataonline.com.br\\\/faq\\\/\",\"address\":{\"@id\":\"https:\\\/\\\/ubirataonline.com.br\\\/cody-rhodes-jey-uso-raise-concerns-over-wwes-reduced-house-show-schedule\\\/#local-main-place-address\"},\"geo\":{\"@type\":\"GeoCoordinates\",\"latitude\":\"-24.5361401\",\"longitude\":\"-52.9921776\"},\"telephone\":[\"+5544998308235\"],\"contactPoint\":{\"@type\":\"ContactPoint\",\"email\":\"contato@ubirataonline.com.br\"},\"openingHoursSpecification\":{\"@type\":\"OpeningHoursSpecification\",\"dayOfWeek\":[\"Monday\",\"Tuesday\",\"Wednesday\",\"Thursday\",\"Friday\",\"Saturday\",\"Sunday\"],\"opens\":\"00:00\",\"closes\":\"23:59\"},\"email\":\"contato@ubirataonline.com.br\",\"vatID\":\"47.621.418\\\/0001-80\"},{\"@type\":\"Person\",\"@id\":\"https:\\\/\\\/ubirataonline.com.br\\\/#\\\/schema\\\/person\\\/372f87bbd3fdd79b8556b84c98d0bc1c\",\"name\":\"REDA\u00c7\u00c3O: UBIRAT\u00c3 ONLINE - F\u00c1BIO AUGUSTO CELESTINO\",\"pronouns\":\"Ele\",\"description\":\"Desde 2003 trabalhando com not\u00edcias.\",\"sameAs\":[\"http:\\\/\\\/ubirataoline.com.br\",\"https:\\\/\\\/www.facebook.com\\\/portalubirataonline\",\"https:\\\/\\\/www.instagram.com\\\/ubirataonline_oficial\",\"https:\\\/\\\/x.com\\\/x.com\\\/ubirataonline\"],\"honorificPrefix\":\"Mr.\",\"honorificSuffix\":\"MD\",\"birthDate\":\"1980-06-16\",\"gender\":\"masculino\",\"award\":[\"V\u00e1rios pr\u00eamios de melhor portal da cidade\"],\"jobTitle\":\"Diretor\",\"url\":\"https:\\\/\\\/ubirataonline.com.br\\\/en\\\/author\\\/ubirataonline\\\/\"},{\"@type\":\"PostalAddress\",\"@id\":\"https:\\\/\\\/ubirataonline.com.br\\\/cody-rhodes-jey-uso-raise-concerns-over-wwes-reduced-house-show-schedule\\\/#local-main-place-address\",\"streetAddress\":\"Rua dos Coqueiros, 104 - Bairro Boa Vista, Rua dos Coqueiros, 104 Bairro Boa Vista\",\"addressLocality\":\"UBIRATA\",\"postalCode\":\"85440-000\",\"addressRegion\":\"PR\",\"addressCountry\":\"BR\"},{\"@type\":\"ImageObject\",\"inLanguage\":\"en-US\",\"@id\":\"https:\\\/\\\/ubirataonline.com.br\\\/cody-rhodes-jey-uso-raise-concerns-over-wwes-reduced-house-show-schedule\\\/#local-main-organization-logo\",\"url\":\"https:\\\/\\\/ubirataonline.com.br\\\/wp-content\\\/uploads\\\/2026\\\/06\\\/logoubirataonline-1.webp\",\"contentUrl\":\"https:\\\/\\\/ubirataonline.com.br\\\/wp-content\\\/uploads\\\/2026\\\/06\\\/logoubirataonline-1.webp\",\"width\":500,\"height\":500,\"caption\":\"Ubirat\u00e3 Online Not\u00edcias\"}]}<\/script>\n<meta name=\"geo.placename\" content=\"UBIRATA\" \/>\n<meta name=\"geo.position\" content=\"-24.5361401;-52.9921776\" \/>\n<meta name=\"geo.region\" content=\"Brazil\" \/>\n<!-- \/ Yoast SEO Premium plugin. -->","yoast_head_json":{"title":"Cody Rhodes, Jey Uso raise concerns over WWE\u2019s reduced house show schedule - Ubirat\u00e3 Online Not\u00edcias - A realidade ao seu alcance!","description":"WWE is officially on the road to WrestleMania. But with just one house show scheduled before the event, the company\u2019s reduction of live events is drawing","robots":{"index":"index","follow":"follow","max-snippet":"max-snippet:-1","max-image-preview":"max-image-preview:large","max-video-preview":"max-video-preview:-1"},"canonical":"https:\/\/ubirataonline.com.br\/en\/cody-rhodes-jey-uso-raise-concerns-over-wwes-reduced-house-show-schedule\/","og_locale":"en_US","og_type":"article","og_title":"Cody Rhodes, Jey Uso raise concerns over WWE\u2019s reduced house show schedule","og_description":"WWE is officially on the road to WrestleMania. But with just one house show scheduled before the event, the company\u2019s reduction of live events is drawing","og_url":"https:\/\/ubirataonline.com.br\/en\/cody-rhodes-jey-uso-raise-concerns-over-wwes-reduced-house-show-schedule\/","og_site_name":"Ubirat\u00e3 Online Not\u00edcias - A realidade ao seu alcance!","article_publisher":"https:\/\/www.facebook.com\/portalubirataonline","article_author":"https:\/\/www.facebook.com\/portalubirataonline","article_published_time":"2026-02-07T01:25:28+00:00","article_modified_time":"2026-02-07T01:25:31+00:00","og_image":[{"width":1179,"height":616,"url":"https:\/\/ubirataonline.com.br\/wp-content\/uploads\/2026\/02\/Cody-Rhodes-Jey-Uso-raise-concerns-over-WWEs-reduced-house.jpeg","type":"image\/jpeg"}],"author":"REDA\u00c7\u00c3O: UBIRAT\u00c3 ONLINE - F\u00c1BIO AUGUSTO CELESTINO","twitter_card":"summary_large_image","twitter_creator":"@x.com\/ubirataonline","twitter_site":"@ubirataonline","twitter_misc":{"Written by":"REDA\u00c7\u00c3O: UBIRAT\u00c3 ONLINE - F\u00c1BIO AUGUSTO CELESTINO","Est. reading time":"2 minutes"},"schema":{"@context":"https:\/\/schema.org","@graph":[{"@type":"NewsArticle","@id":"https:\/\/ubirataonline.com.br\/cody-rhodes-jey-uso-raise-concerns-over-wwes-reduced-house-show-schedule\/#article","isPartOf":{"@id":"https:\/\/ubirataonline.com.br\/cody-rhodes-jey-uso-raise-concerns-over-wwes-reduced-house-show-schedule\/"},"author":{"name":"REDA\u00c7\u00c3O: UBIRAT\u00c3 ONLINE - F\u00c1BIO AUGUSTO CELESTINO","@id":"https:\/\/ubirataonline.com.br\/#\/schema\/person\/372f87bbd3fdd79b8556b84c98d0bc1c"},"headline":"Cody Rhodes, Jey Uso raise concerns over WWE\u2019s reduced house show schedule","datePublished":"2026-02-07T01:25:28+00:00","dateModified":"2026-02-07T01:25:31+00:00","mainEntityOfPage":{"@id":"https:\/\/ubirataonline.com.br\/cody-rhodes-jey-uso-raise-concerns-over-wwes-reduced-house-show-schedule\/"},"wordCount":357,"publisher":{"@id":"https:\/\/ubirataonline.com.br\/#organization"},"image":{"@id":"https:\/\/ubirataonline.com.br\/cody-rhodes-jey-uso-raise-concerns-over-wwes-reduced-house-show-schedule\/#primaryimage"},"thumbnailUrl":"https:\/\/ubirataonline.com.br\/wp-content\/uploads\/2026\/02\/Cody-Rhodes-Jey-Uso-raise-concerns-over-WWEs-reduced-house.jpeg","keywords":["Cody","concerns","House","Jey","Raise","reduced","Rhodes","schedule","Show","uso","WWEs"],"articleSection":["Europe"],"inLanguage":"en-US","copyrightYear":"2026","copyrightHolder":{"@id":"https:\/\/ubirataonline.com.br\/en\/#organization"}},{"@type":"WebPage","@id":"https:\/\/ubirataonline.com.br\/cody-rhodes-jey-uso-raise-concerns-over-wwes-reduced-house-show-schedule\/","url":"https:\/\/ubirataonline.com.br\/cody-rhodes-jey-uso-raise-concerns-over-wwes-reduced-house-show-schedule\/","name":"Cody Rhodes, Jey Uso raise concerns over WWE\u2019s reduced house show schedule - Ubirat\u00e3 Online Not\u00edcias - A realidade ao seu alcance!","isPartOf":{"@id":"https:\/\/ubirataonline.com.br\/#website"},"primaryImageOfPage":{"@id":"https:\/\/ubirataonline.com.br\/cody-rhodes-jey-uso-raise-concerns-over-wwes-reduced-house-show-schedule\/#primaryimage"},"image":{"@id":"https:\/\/ubirataonline.com.br\/cody-rhodes-jey-uso-raise-concerns-over-wwes-reduced-house-show-schedule\/#primaryimage"},"thumbnailUrl":"https:\/\/ubirataonline.com.br\/wp-content\/uploads\/2026\/02\/Cody-Rhodes-Jey-Uso-raise-concerns-over-WWEs-reduced-house.jpeg","datePublished":"2026-02-07T01:25:28+00:00","dateModified":"2026-02-07T01:25:31+00:00","description":"WWE is officially on the road to WrestleMania. But with just one house show scheduled before the event, the company\u2019s reduction of live events is drawing","breadcrumb":{"@id":"https:\/\/ubirataonline.com.br\/cody-rhodes-jey-uso-raise-concerns-over-wwes-reduced-house-show-schedule\/#breadcrumb"},"inLanguage":"en-US","potentialAction":[{"@type":"ReadAction","target":["https:\/\/ubirataonline.com.br\/cody-rhodes-jey-uso-raise-concerns-over-wwes-reduced-house-show-schedule\/"]}]},{"@type":"ImageObject","inLanguage":"en-US","@id":"https:\/\/ubirataonline.com.br\/cody-rhodes-jey-uso-raise-concerns-over-wwes-reduced-house-show-schedule\/#primaryimage","url":"https:\/\/ubirataonline.com.br\/wp-content\/uploads\/2026\/02\/Cody-Rhodes-Jey-Uso-raise-concerns-over-WWEs-reduced-house.jpeg","contentUrl":"https:\/\/ubirataonline.com.br\/wp-content\/uploads\/2026\/02\/Cody-Rhodes-Jey-Uso-raise-concerns-over-WWEs-reduced-house.jpeg","width":1179,"height":616,"caption":"Cody Rhodes greets fans at one of WWE\u2019s few live events."},{"@type":"BreadcrumbList","@id":"https:\/\/ubirataonline.com.br\/cody-rhodes-jey-uso-raise-concerns-over-wwes-reduced-house-show-schedule\/#breadcrumb","itemListElement":[{"@type":"ListItem","position":1,"name":"In\u00edcio","item":"https:\/\/ubirataonline.com.br\/"},{"@type":"ListItem","position":2,"name":"Cody Rhodes, Jey Uso raise concerns over WWE\u2019s reduced house show schedule"}]},{"@type":"WebSite","@id":"https:\/\/ubirataonline.com.br\/#website","url":"https:\/\/ubirataonline.com.br\/","name":"Ubirat\u00e3 Online Not\u00edcias","description":"Not\u00edcias de Ubirat\u00e3, regi\u00e3o, Brasil e mundo, com informa\u00e7\u00e3o atualizada e compromisso com o leitor.","publisher":{"@id":"https:\/\/ubirataonline.com.br\/#organization"},"alternateName":"Ubirat\u00e3 Online","potentialAction":[{"@type":"SearchAction","target":{"@type":"EntryPoint","urlTemplate":"https:\/\/ubirataonline.com.br\/?s={search_term_string}"},"query-input":{"@type":"PropertyValueSpecification","valueRequired":true,"valueName":"search_term_string"}}],"inLanguage":"en-US"},{"@type":["Organization","Place"],"@id":"https:\/\/ubirataonline.com.br\/#organization","name":"Ubirat\u00e3 Online Not\u00edcias","alternateName":"Ubirat\u00e3 Online","url":"https:\/\/ubirataonline.com.br\/","logo":{"@id":"https:\/\/ubirataonline.com.br\/cody-rhodes-jey-uso-raise-concerns-over-wwes-reduced-house-show-schedule\/#local-main-organization-logo"},"image":{"@id":"https:\/\/ubirataonline.com.br\/cody-rhodes-jey-uso-raise-concerns-over-wwes-reduced-house-show-schedule\/#local-main-organization-logo"},"sameAs":["https:\/\/www.facebook.com\/portalubirataonline","https:\/\/x.com\/ubirataonline","https:\/\/mastodon.social\/@ubirataonline","https:\/\/www.facebook.com\/groups\/311144672285604","https:\/\/www.facebook.com\/UBTAOnline","https:\/\/www.instagram.com\/portalubirataonline\/","https:\/\/twitter.com\/ubirataonline"],"description":"Somos um portal de not\u00edcias independente, criado em 5 de janeiro de 2009, com o objetivo de informar, conectar e valorizar a nossa comunidade de Ubirat\u00e3 e toda aregi\u00e3o. Com conte\u00fado atualizado, confi\u00e1vel e relevante, o Ubirat\u00e3 Online \u00e9 o seu espa\u00e7o para ficar por dentro dos principais acontecimentos locais, regionais, Brasil, Mundo e de interesse geral. Nosso compromisso \u00e9 com a verdade, a transpar\u00eancia e o respeito ao leitor.","legalName":"UBIRATA ONLINE NOT\u00cdCIAS","foundingDate":"2009-01-05","numberOfEmployees":{"@type":"QuantitativeValue","minValue":"1","maxValue":"10"},"publishingPrinciples":"https:\/\/ubirataonline.com.br\/faq\/","address":{"@id":"https:\/\/ubirataonline.com.br\/cody-rhodes-jey-uso-raise-concerns-over-wwes-reduced-house-show-schedule\/#local-main-place-address"},"geo":{"@type":"GeoCoordinates","latitude":"-24.5361401","longitude":"-52.9921776"},"telephone":["+5544998308235"],"contactPoint":{"@type":"ContactPoint","email":"contato@ubirataonline.com.br"},"openingHoursSpecification":{"@type":"OpeningHoursSpecification","dayOfWeek":["Monday","Tuesday","Wednesday","Thursday","Friday","Saturday","Sunday"],"opens":"00:00","closes":"23:59"},"email":"contato@ubirataonline.com.br","vatID":"47.621.418\/0001-80"},{"@type":"Person","@id":"https:\/\/ubirataonline.com.br\/#\/schema\/person\/372f87bbd3fdd79b8556b84c98d0bc1c","name":"REDA\u00c7\u00c3O: UBIRAT\u00c3 ONLINE - F\u00c1BIO AUGUSTO CELESTINO","pronouns":"Ele","description":"Desde 2003 trabalhando com not\u00edcias.","sameAs":["http:\/\/ubirataoline.com.br","https:\/\/www.facebook.com\/portalubirataonline","https:\/\/www.instagram.com\/ubirataonline_oficial","https:\/\/x.com\/x.com\/ubirataonline"],"honorificPrefix":"Mr.","honorificSuffix":"MD","birthDate":"1980-06-16","gender":"masculino","award":["V\u00e1rios pr\u00eamios de melhor portal da cidade"],"jobTitle":"Diretor","url":"https:\/\/ubirataonline.com.br\/en\/author\/ubirataonline\/"},{"@type":"PostalAddress","@id":"https:\/\/ubirataonline.com.br\/cody-rhodes-jey-uso-raise-concerns-over-wwes-reduced-house-show-schedule\/#local-main-place-address","streetAddress":"Rua dos Coqueiros, 104 - Bairro Boa Vista, Rua dos Coqueiros, 104 Bairro Boa Vista","addressLocality":"UBIRATA","postalCode":"85440-000","addressRegion":"PR","addressCountry":"BR"},{"@type":"ImageObject","inLanguage":"en-US","@id":"https:\/\/ubirataonline.com.br\/cody-rhodes-jey-uso-raise-concerns-over-wwes-reduced-house-show-schedule\/#local-main-organization-logo","url":"https:\/\/ubirataonline.com.br\/wp-content\/uploads\/2026\/06\/logoubirataonline-1.webp","contentUrl":"https:\/\/ubirataonline.com.br\/wp-content\/uploads\/2026\/06\/logoubirataonline-1.webp","width":500,"height":500,"caption":"Ubirat\u00e3 Online Not\u00edcias"}]},"geo.placename":"UBIRATA","geo.position":{"lat":"-24.5361401","long":"-52.9921776"},"geo.region":"Brazil"},"_links":{"self":[{"href":"https:\/\/ubirataonline.com.br\/en\/wp-json\/wp\/v2\/posts\/85146","targetHints":{"allow":["GET"]}}],"collection":[{"href":"https:\/\/ubirataonline.com.br\/en\/wp-json\/wp\/v2\/posts"}],"about":[{"href":"https:\/\/ubirataonline.com.br\/en\/wp-json\/wp\/v2\/types\/post"}],"author":[{"embeddable":true,"href":"https:\/\/ubirataonline.com.br\/en\/wp-json\/wp\/v2\/users\/1"}],"replies":[{"embeddable":true,"href":"https:\/\/ubirataonline.com.br\/en\/wp-json\/wp\/v2\/comments?post=85146"}],"version-history":[{"count":0,"href":"https:\/\/ubirataonline.com.br\/en\/wp-json\/wp\/v2\/posts\/85146\/revisions"}],"wp:featuredmedia":[{"embeddable":true,"href":"https:\/\/ubirataonline.com.br\/en\/wp-json\/wp\/v2\/media\/85147"}],"wp:attachment":[{"href":"https:\/\/ubirataonline.com.br\/en\/wp-json\/wp\/v2\/media?parent=85146"}],"wp:term":[{"taxonomy":"category","embeddable":true,"href":"https:\/\/ubirataonline.com.br\/en\/wp-json\/wp\/v2\/categories?post=85146"},{"taxonomy":"post_tag","embeddable":true,"href":"https:\/\/ubirataonline.com.br\/en\/wp-json\/wp\/v2\/tags?post=85146"}],"curies":[{"name":"wp","href":"https:\/\/api.w.org\/{rel}","templated":true}]}}