{"id":85368,"date":"2026-02-07T18:48:41","date_gmt":"2026-02-07T21:48:41","guid":{"rendered":"https:\/\/ubirataonline.com.br\/jo-2026-connaissez-vous-les-six-bretons-en-lice-aux-jeux-olympiques-de-milan\/"},"modified":"2026-02-07T18:48:42","modified_gmt":"2026-02-07T21:48:42","slug":"jo-2026-connaissez-vous-les-six-bretons-en-lice-aux-jeux-olympiques-de-milan","status":"publish","type":"post","link":"https:\/\/ubirataonline.com.br\/en\/jo-2026-connaissez-vous-les-six-bretons-en-lice-aux-jeux-olympiques-de-milan\/","title":{"rendered":"JO 2026. Connaissez-vous les six Bretons en lice aux Jeux Olympiques de Milan"},"content":{"rendered":"<p><br \/>\n<\/p>\n<div>\n<p class=\"article__intro\">2026 est un cru exceptionnel pour les sportifs bretons aux JO d&#8217;hiver de Milan &#8211; Cortina. Six athl\u00e8tes vont se rendre en Italie pour l&#8217;Olympisme : trois en patinage de vitesse, un en skeleton, une en hockey sur glace et une en patinage artistique, mais sous les couleurs italiennes<\/p>\n<div id=\"optin-newsletter-main-encartsite-f3regions-article-haut\" class=\"optin-newsletter-main is--blue-alt is--md has--margin \" data-optin-newsletter-main-container=\"\" data-optin-newsletter-main-container-topics=\"sport\">\n<p>\n      L\u2019actu des r\u00e9gions\n    <\/p>\n<p>\n      Chaque jour, un tour d\u2019horizon des principales infos de toutes les r\u00e9gions.\n    <\/p>\n<div class=\"optin-newsletter-main__i\">France T\u00e9l\u00e9visions utilise votre adresse e-mail afin de vous envoyer la newsletter &#8220;L\u2019actu des r\u00e9gions&#8221;. Vous pouvez vous d\u00e9sinscrire \u00e0 tout moment via le lien en bas de cette newsletter. <a target=\"_blank\" href=\"https:\/\/www.francetelevisions.fr\/groupe\/confidentialite\/politique-de-confidentialite\/politique-de-confidentialite-de-france-televisions-6503\">Notre politique de confidentialit\u00e9<\/a><\/div>\n<\/p><\/div>\n<p>Alors que les premi\u00e8res \u00e9preuves de ces Jeux Olympiques ont d\u00e9but\u00e9, on vous pr\u00e9sente les six athl\u00e8te Bretons pr\u00e9sents \u00e0 Milan &#8211; Cortina pour ces Jeux d&#8217;hiver 2026.<\/p>\n<p>Du haut de ses 21 ans et de ses 52 s\u00e9lections en \u00e9quipe de France, la native de Sallanches, en Haute-Savoie, participe \u00e0 ses premiers Jeux Olympiques d&#8217;hiver \u00e0 Milan-Cortina, comme ses co\u00e9quipi\u00e8res tricolores.<\/p>\n<p>L&#8217;attaquante des Bleues partage sa vie entre Chamonix, les \u00c9tats-Unis, o\u00f9 elle est \u00e9tudiante et hockeyeuse universitaire, et Pontivy dans le Morbihan, o\u00f9 vit une partie de sa famille et o\u00f9 elle revient r\u00e9guli\u00e8rement. Consid\u00e9r\u00e9e comme l&#8217;espoir du hockey f\u00e9minin fran\u00e7ais, la n\u00b022 de l&#8217;\u00e9quipe de France a commenc\u00e9 le hockey \u00e0 l&#8217;\u00e2ge de 3 ans \u00e0 Meg\u00e8ve. Puis elle a int\u00e9gr\u00e9 le club Rebelles de Chamonix. En 2019, avec les Bleuettes en U18, elle devient championne du monde de Division 1B, et meilleure buteuse des jeunes bleues.<\/p>\n<p>Ce jeudi 5 f\u00e9vrier en phase pr\u00e9liminaire, les Bleues se sont inclin\u00e9es 1 \u00e0 4 face \u00e0 l&#8217;Italie. Elles affrontent ce vendredi 6 le Japon \u00e0 la mi-journ\u00e9e.<\/p>\n<p>Pour la Brestoise d&#8217;origine, Charl\u00e8ne Guignard, les JO de Milan &#8211; Cortina marquent une quatri\u00e8me participation olympique du duo qu&#8217;elle forme avec son partenaire Marco Fabbri. Naturalis\u00e9e italienne en 2013, cela fait 15 ans que la Finist\u00e9rienne de 36 ans vit \u00e0 Milan avec son compagnon, qui n&#8217;est autre que son partenaire sur la glace.<\/p>\n<p>Le couple, triple champion d&#8217;Europe de patinage sur glace vient de terminer deuxi\u00e8me aux derniers championnats d&#8217;Europe en janvier, juste derri\u00e8re le bin\u00f4me fran\u00e7ais. Le couple s&#8217;\u00e9tait class\u00e9 3e aux championnats du monde 2024 et deuxi\u00e8me en 2023.<\/p>\n<p>Le patinage de vitesse breton va bien \u00eatre repr\u00e9sent\u00e9 lors de ces JO d&#8217;hiver 2026 puisque trois athl\u00e8tes seront align\u00e9s sur les patins. Parmi ces trois patineurs, Mathieu Belloir, 25 ans. Le soci\u00e9taire du club Saint-Malo Easy Roller int\u00e8gre pour la premi\u00e8re fois l&#8217;\u00e9quipe de France.<\/p>\n<p>Issu du roller, Mathieu a d\u00e9cid\u00e9 de se d\u00e9dier corps et \u00e2me au patinage de vitesse sur glace pour un jour participer aux Jeux Olympiques, son r\u00eave d\u2019enfant.<\/p>\n<p>En octobre 2025, le Malouin a d\u00e9croch\u00e9 l&#8217;argent sur 5 000m aux championnats de France. Deux mois plus tard, il a donc d\u00e9croch\u00e9 le quota olympique sur l&#8217;\u00e9preuve de la Mass Start. Fin janvier 2026, il a pris la deuxi\u00e8me place de l&#8217;\u00e9preuve de la Mass Start, dans la derni\u00e8re \u00e9tape de la Coupe du monde, \u00e0 Inzell, en Allemagne.<\/p>\n<div class=\"article-video__container\">\n<div class=\"article-video__duration\">\n    <span class=\"duration-icon\" aria-hidden=\"true\"><br \/>\n      <svg xmlns=\"http:\/\/www.w3.org\/2000\/svg\" width=\"16\" height=\"20\" viewbox=\"0 0 16 20\" fill=\"none\">\n        <path fill-rule=\"evenodd\" clip-rule=\"evenodd\" d=\"M4 1.62793C4 1.21372 4.33579 0.87793 4.75 0.87793H11.25C11.6642 0.87793 12 1.21372 12 1.62793C12 2.04214 11.6642 2.37793 11.25 2.37793H4.75C4.33579 2.37793 4 2.04214 4 1.62793ZM8 18.3779C11.5899 18.3779 14.5 15.4678 14.5 11.8779C14.5 8.28808 11.5899 5.37793 8 5.37793C4.41015 5.37793 1.5 8.28808 1.5 11.8779C1.5 15.4678 4.41015 18.3779 8 18.3779ZM8 19.8779C12.4183 19.8779 16 16.2962 16 11.8779C16 9.58151 15.0324 7.51108 13.4827 6.05208L14.5052 5.02957C14.7981 4.73668 14.7981 4.2618 14.5052 3.96891C14.2123 3.67602 13.7374 3.67602 13.4445 3.96891L12.2895 5.12394C11.0498 4.33498 9.5783 3.87793 8 3.87793C3.58172 3.87793 0 7.45965 0 11.8779C0 16.2962 3.58172 19.8779 8 19.8779ZM7 12.6279C7 13.0421 7.33579 13.3779 7.75 13.3779H10.75C11.1642 13.3779 11.5 13.0421 11.5 12.6279C11.5 12.2137 11.1642 11.8779 10.75 11.8779H8.5V8.12793C8.5 7.71372 8.16421 7.37793 7.75 7.37793C7.33579 7.37793 7 7.71372 7 8.12793V12.6279Z\" fill=\"#929497\"\/>\n      <\/svg><br \/>\n    <\/span><br \/>\n    <span>dur\u00e9e de la vid\u00e9o : 00h06mn16s<\/span>\n  <\/div>\n<figure class=\"magneto\" data-id=\"5fca3d99-3c87-4c92-b6ab-969b1ca7268d\" data-type=\"MediaVideo\">\n      <picture class=\"picture-wrapper\"><source type=\"image\/webp\" media=\"(max-width: 599px)\" srcset=\"https:\/\/france3-regions.franceinfo.fr\/assets\/img\/logos\/fallbackFr3_16_9.webp\"><source media=\"(max-width: 599px)\" srcset=\"https:\/\/france3-regions.franceinfo.fr\/assets\/img\/logos\/fallbackFr3_16_9.webp\"><source type=\"image\/webp\" media=\"(min-width: 600px)\" srcset=\"https:\/\/france3-regions.franceinfo.fr\/assets\/img\/logos\/fallbackFr3_16_9.webp\"><source media=\"(min-width: 600px)\" srcset=\"https:\/\/france3-regions.franceinfo.fr\/assets\/img\/logos\/fallbackFr3_16_9.webp\"><\/source><\/source><\/source><\/source><\/picture>\n<div class=\"button-play__container\">\n<p>  <button class=\"button-play\"><br \/>\n    <span class=\"button-play__icon\"\/><br \/>\n    <span class=\"button-play__text fr3__body-18\"><br \/>\n              <span class=\"sr-only\">Voir la video\u00a0(6 minutes 16 secondes).\u00a0<\/span><br \/>\n                  <span aria-hidden=\"true\">6 min 16 s<\/span><br \/>\n                  <\/span><br \/>\n  <\/button><\/p>\n<\/div>\n<p>      <button type=\"button\" role=\"button\" aria-labelledby=\"D\u00e9tacher la video\" class=\"magneto-reset-position\"\/><br \/>\n    <\/figure>\n<p>\n          <span>Six athl\u00e8tes bretons sont pr\u00e9sents aux Jeux d\u2019hiver de Milan-Cortina, dont trois dans les \u00e9preuves de patinage de vitesse sur glace.<br \/>\nParmi eux, le Malouin Mathieu Belloir, que nous avions rencontr\u00e9 en octobre dernier \u00e0 Inzell, un village pittoresque de Bavi\u00e8re qui abrite aussi l\u2019un des plus grands anneaux de patinage de vitesse sur glace en Europe.<br \/>\nDepuis 5 ans, il s\u2019installe ici pour la saison sur glace avec son fr\u00e8re Martin, qui aurait pu aussi pr\u00e9tendre \u00e0 une qualification pour les Jeux mais il n\u2019a pu s\u2019aligner sur les courses de qualification en raison d\u2019une blessure.<br \/>\nIssu du roller, Mathieu a d\u00e9cid\u00e9 de se d\u00e9dier corps et \u00e2me au patinage de vitesse sur glace pour un jour participer aux Jeux Olympiques, son r\u00eave d\u2019enfant. <\/span><br \/>\n              <span class=\"separator\"><br \/>\n        \u2022<br \/>\n      <\/span><br \/>\n              <span>\u00a9FTR<\/span>\n      <\/p>\n<\/p><\/div>\n<p>En Italie, il compte assurer<a href=\"https:\/\/france3-regions.franceinfo.fr\/bretagne\/ille-et-vilaine\/jeux-olympiques-alexis-contin-un-breton-a-pekin-medaille-d-or-du-commentaire-des-courses-sur-glace-2450940.html\" target=\"_blank\" rel=\"noopener noreferrer nofollow\" data-tooltip-url=\"https:\/\/france3-regions.franceinfo.fr\/bretagne\/ille-et-vilaine\/jeux-olympiques-alexis-contin-un-breton-a-pekin-medaille-d-or-du-commentaire-des-courses-sur-glace-2450940.html\"> la rel\u00e8ve du Malouin Alexis Contin<\/a>, proche du podium aux Jeux d&#8217;hiver de Turin en 2006, figure du patinage sur glace en France.<\/p>\n<blockquote class=\"ftvi_content_quote\">\n<p class=\"ftvi_citation_quote\">Je me sens pr\u00eat, motiv\u00e9, impatient.<\/p>\n<div><cite class=\"ftvi_citation_author\">Mathieu Belloir, patineur de vitesse sur glace s\u00e9lectionn\u00e9 pour les Jeux d&#8217;hiver<\/cite><\/div>\n<\/blockquote>\n<p><iframe allow=\"autoplay; clipboard-write; encrypted-media; picture-in-picture; web-share\" allowfullscreen=\"true\" frameborder=\"0\" height=\"735\" scrolling=\"no\" class=\"lazy\" data-src=\"https:\/\/www.facebook.com\/plugins\/post.php?href=https%3A%2F%2Fwww.facebook.com%2Fmathieu.belloir.75%2Fposts%2Fpfbid02Js2HQEUTHeMjxTH18kcMrnDpCfi3htEDpkrQ7fq7BX2tpTWu5j8Kqce9kzDKdxvHl&amp;show_text=true&amp;width=500\" style=\"border:none;overflow:hidden\" width=\"500\"><\/iframe><\/p>\n<p>Germain Deschamps, 23 ans, n&#8217;est autre que le cousin de Mathieu Belloir. Il est soci\u00e9taire du club de La Beaumanoir de Dinan.<\/p>\n<p>Sp\u00e9cialiste des longues distances, ce natif de Saint-Malo a fait ses gammes au club de l&#8217;ASPTT Saint-Malo \u00e0 l&#8217;\u00e2ge de quatre ans. En roller, le Malouin compte 12 titres de champion de France et trois m\u00e9dailles aux championnats d&#8217;Europe dans les jeunes cat\u00e9gories.<\/p>\n<p>En novembre 2025, lors de la coupe du monde de patinage de vitesse aux \u00c9tats-Unis, les Bleus ont termin\u00e9 4<sup>\u00e8me<\/sup> de la poursuite. Lors de la deuxi\u00e8me manche du circuit au Canada, Germain Deschamps et ses deux co\u00e9quipiers ont d\u00e9croch\u00e9 une m\u00e9daille d&#8217;argent historique derri\u00e8re les Am\u00e9ricains.<\/p>\n<p>Le troisi\u00e8me Breton \u00e0 s&#8217;aligner avec l&#8217;\u00e9quipe de France en patinage de vitesse est Giovanni Trebouta. Le soci\u00e9taire du Guingamp Roller Skating est sur des rollers depuis l&#8217;\u00e2ge de 4 ans. Le natif de Saint-Brieuc se consacre totalement au patinage sur glace depuis 2022. \u00c0 26 ans, il participe \u00e0 ses premiers JO.<\/p>\n<p>En octobre 2025, lors des championnats de France \u00e0 Inzell, en Allemagne, l&#8217;athl\u00e8te fran\u00e7ais a termin\u00e9 deuxi\u00e8me du 5 000m derri\u00e8re son co\u00e9quipier Timothy Loubineaud. Le lendemain, le soci\u00e9taire de Guingamp Roller Skating remettait \u00e7a, en d\u00e9crochant de nouveau la m\u00e9daille d\u2019argent sur le 10\u00a0000 m.<\/p>\n<p>Il est rennais et c&#8217;est la r\u00e9f\u00e9rence fran\u00e7aise du skeleton. Lucas Defayet a 28 ans et pratique ce sport de glisse d&#8217;hiver depuis l&#8217;adolescence. Le skeleton se pratique individuellement, allong\u00e9 \u00e0 plat ventre sur une planche ressemblant \u00e0 une luge et la t\u00eate en avant. Le tout \u00e0 pr\u00e8s de 130 km\/h dans un couloir de glace en descente. Une descente de folie que nous pr\u00e9sente en image l&#8217;athl\u00e8te dans cette vid\u00e9o.<\/p>\n<p>Lucas Defayet s\u2019est tourn\u00e9 vers le skeleton \u00e0 l\u2019adolescence puis s&#8217;est install\u00e9 progressivement sur le circuit international. Fiable et r\u00e9gulier, il est fr\u00e9quemment class\u00e9 parmi les trente meilleurs mondiaux.<\/p>\n<p><iframe allow=\"autoplay; clipboard-write; encrypted-media; picture-in-picture; web-share\" allowfullscreen=\"true\" frameborder=\"0\" height=\"754\" scrolling=\"no\" class=\"lazy\" data-src=\"https:\/\/www.facebook.com\/plugins\/post.php?href=https%3A%2F%2Fwww.facebook.com%2Flucas.defayet.1%2Fposts%2Fpfbid0Y8qzpprrxTizPqFKuZ3bSpQLWshVwPt8mNZkwiFQ1QNfBA8tZwX7m5puMgDccATGl&amp;show_text=true&amp;width=500\" style=\"border:none;overflow:hidden\" width=\"500\"><\/iframe><\/p>\n<p>En 2022, il prend le pari de se consacrer enti\u00e8rement \u00e0 son sport. Lors de la saison 2024-2025, le Fran\u00e7ais n\u2019a jamais quitt\u00e9 le top 20 mondial. \u00c0 Milan &#8211; Cortina, il sera le premier skeletoneur fran\u00e7ais engag\u00e9 aux Jeux depuis Gr\u00e9gory Saint-G\u00e9ni\u00e8s en 2010.<\/p>\n<\/p><\/div>\n<p><script type = \"didomi\/javascript\" data-vendor = \"c:facebookp-jUyJUEY9\" >\n!function(f,b,e,v,n,t,s)\n{if(f.fbq)return;n=f.fbq=function(){n.callMethod?\nn.callMethod.apply(n,arguments):n.queue.push(arguments)};\nif(!f._fbq)f._fbq=n;n.push=n;n.loaded=!0;n.version='2.0';\nn.queue=[];t=b.createElement(e);t.defer=!0;\nt.src=v;s=b.getElementsByTagName(e)[0];\ns.parentNode.insertBefore(t,s)}(window, document,'script',\n'https:\/\/connect.facebook.net\/en_US\/fbevents.js');\nfbq('init', '882125681855230');\nfbq('track', 'PageView');\n<\/script><br \/>\n<br \/><br \/>\n<br \/><a href=\"https:\/\/france3-regions.franceinfo.fr\/bretagne\/jo-2026-connaissez-vous-les-six-bretons-en-lice-aux-jeux-olympiques-de-milan-cortina-3293994.html\">Source link <\/a><\/p>\n","protected":false},"excerpt":{"rendered":"<p>2026 est un cru exceptionnel pour les sportifs bretons aux JO d&#8217;hiver de Milan &#8211; Cortina. Six athl\u00e8tes vont se rendre en Italie pour l&#8217;Olympisme : trois en patinage de vitesse, un en skeleton, une en hockey sur glace et une en patinage artistique, mais sous les couleurs italiennes L\u2019actu des r\u00e9gions Chaque jour, un [&hellip;]<\/p>\n","protected":false},"author":1,"featured_media":85369,"comment_status":"closed","ping_status":"","sticky":false,"template":"","format":"standard","meta":{"googlesitekit_rrm_CAow2JLhCw:productID":"","_gspb_post_css":"","maa_idioma":"","maa_pais":"","footnotes":""},"categories":[2725],"tags":[17731,17739,17738,17741,3586,17740,4383,17742],"class_list":["post-85368","post","type-post","status-publish","format-standard","has-post-thumbnail","hentry","category-europe","tag-aux","tag-bretons","tag-connaissezvous","tag-jeux","tag-les","tag-lice","tag-milan","tag-olympiques"],"blocksy_meta":[],"yoast_head":"<!-- This site is optimized with the Yoast SEO Premium plugin v27.6 (Yoast SEO v27.6) - https:\/\/yoast.com\/product\/yoast-seo-premium-wordpress\/ -->\n<title>JO 2026. Connaissez-vous les six Bretons en lice aux Jeux Olympiques de Milan - Ubirat\u00e3 Online Not\u00edcias - A realidade ao seu alcance!<\/title>\n<meta name=\"description\" content=\"2026 est un cru exceptionnel pour les sportifs bretons aux JO d&#039;hiver de Milan - Cortina. Six athl\u00e8tes vont se rendre en Italie pour l&#039;Olympisme : trois\" \/>\n<meta name=\"robots\" content=\"index, follow, max-snippet:-1, max-image-preview:large, max-video-preview:-1\" \/>\n<link rel=\"canonical\" href=\"https:\/\/ubirataonline.com.br\/en\/jo-2026-connaissez-vous-les-six-bretons-en-lice-aux-jeux-olympiques-de-milan\/\" \/>\n<meta property=\"og:locale\" content=\"en_US\" \/>\n<meta property=\"og:type\" content=\"article\" \/>\n<meta property=\"og:title\" content=\"JO 2026. Connaissez-vous les six Bretons en lice aux Jeux Olympiques de Milan\" \/>\n<meta property=\"og:description\" content=\"2026 est un cru exceptionnel pour les sportifs bretons aux JO d&#039;hiver de Milan - Cortina. Six athl\u00e8tes vont se rendre en Italie pour l&#039;Olympisme : trois\" \/>\n<meta property=\"og:url\" content=\"https:\/\/ubirataonline.com.br\/en\/jo-2026-connaissez-vous-les-six-bretons-en-lice-aux-jeux-olympiques-de-milan\/\" \/>\n<meta property=\"og:site_name\" content=\"Ubirat\u00e3 Online Not\u00edcias - A realidade ao seu alcance!\" \/>\n<meta property=\"article:publisher\" content=\"https:\/\/www.facebook.com\/portalubirataonline\" \/>\n<meta property=\"article:author\" content=\"https:\/\/www.facebook.com\/portalubirataonline\" \/>\n<meta property=\"article:published_time\" content=\"2026-02-07T21:48:41+00:00\" \/>\n<meta property=\"article:modified_time\" content=\"2026-02-07T21:48:42+00:00\" \/>\n<meta property=\"og:image\" content=\"https:\/\/ubirataonline.com.br\/wp-content\/uploads\/2026\/02\/JO-2026-Connaissez-vous-les-six-Bretons-en-lice-aux-Jeux.jpg\" \/>\n\t<meta property=\"og:image:width\" content=\"930\" \/>\n\t<meta property=\"og:image:height\" content=\"620\" \/>\n\t<meta property=\"og:image:type\" content=\"image\/jpeg\" \/>\n<meta name=\"author\" content=\"REDA\u00c7\u00c3O: UBIRAT\u00c3 ONLINE - F\u00c1BIO AUGUSTO CELESTINO\" \/>\n<meta name=\"twitter:card\" content=\"summary_large_image\" \/>\n<meta name=\"twitter:creator\" content=\"@x.com\/ubirataonline\" \/>\n<meta name=\"twitter:site\" content=\"@ubirataonline\" \/>\n<meta name=\"twitter:label1\" content=\"Written by\" \/>\n\t<meta name=\"twitter:data1\" content=\"REDA\u00c7\u00c3O: UBIRAT\u00c3 ONLINE - F\u00c1BIO AUGUSTO CELESTINO\" \/>\n\t<meta name=\"twitter:label2\" content=\"Est. reading time\" \/>\n\t<meta name=\"twitter:data2\" content=\"6 minutes\" \/>\n<script type=\"application\/ld+json\" class=\"yoast-schema-graph\">{\"@context\":\"https:\\\/\\\/schema.org\",\"@graph\":[{\"@type\":\"NewsArticle\",\"@id\":\"https:\\\/\\\/ubirataonline.com.br\\\/jo-2026-connaissez-vous-les-six-bretons-en-lice-aux-jeux-olympiques-de-milan\\\/#article\",\"isPartOf\":{\"@id\":\"https:\\\/\\\/ubirataonline.com.br\\\/jo-2026-connaissez-vous-les-six-bretons-en-lice-aux-jeux-olympiques-de-milan\\\/\"},\"author\":{\"name\":\"REDA\u00c7\u00c3O: UBIRAT\u00c3 ONLINE - F\u00c1BIO AUGUSTO CELESTINO\",\"@id\":\"https:\\\/\\\/ubirataonline.com.br\\\/#\\\/schema\\\/person\\\/372f87bbd3fdd79b8556b84c98d0bc1c\"},\"headline\":\"JO 2026. Connaissez-vous les six Bretons en lice aux Jeux Olympiques de Milan\",\"datePublished\":\"2026-02-07T21:48:41+00:00\",\"dateModified\":\"2026-02-07T21:48:42+00:00\",\"mainEntityOfPage\":{\"@id\":\"https:\\\/\\\/ubirataonline.com.br\\\/jo-2026-connaissez-vous-les-six-bretons-en-lice-aux-jeux-olympiques-de-milan\\\/\"},\"wordCount\":1151,\"publisher\":{\"@id\":\"https:\\\/\\\/ubirataonline.com.br\\\/#organization\"},\"image\":{\"@id\":\"https:\\\/\\\/ubirataonline.com.br\\\/jo-2026-connaissez-vous-les-six-bretons-en-lice-aux-jeux-olympiques-de-milan\\\/#primaryimage\"},\"thumbnailUrl\":\"https:\\\/\\\/ubirataonline.com.br\\\/wp-content\\\/uploads\\\/2026\\\/02\\\/JO-2026-Connaissez-vous-les-six-Bretons-en-lice-aux-Jeux.jpg\",\"keywords\":[\"aux\",\"Bretons\",\"Connaissezvous\",\"Jeux\",\"les\",\"lice\",\"MILAN\",\"Olympiques\"],\"articleSection\":[\"Europe\"],\"inLanguage\":\"en-US\",\"copyrightYear\":\"2026\",\"copyrightHolder\":{\"@id\":\"https:\\\/\\\/ubirataonline.com.br\\\/en\\\/#organization\"}},{\"@type\":\"WebPage\",\"@id\":\"https:\\\/\\\/ubirataonline.com.br\\\/jo-2026-connaissez-vous-les-six-bretons-en-lice-aux-jeux-olympiques-de-milan\\\/\",\"url\":\"https:\\\/\\\/ubirataonline.com.br\\\/jo-2026-connaissez-vous-les-six-bretons-en-lice-aux-jeux-olympiques-de-milan\\\/\",\"name\":\"JO 2026. Connaissez-vous les six Bretons en lice aux Jeux Olympiques de Milan - Ubirat\u00e3 Online Not\u00edcias - A realidade ao seu alcance!\",\"isPartOf\":{\"@id\":\"https:\\\/\\\/ubirataonline.com.br\\\/#website\"},\"primaryImageOfPage\":{\"@id\":\"https:\\\/\\\/ubirataonline.com.br\\\/jo-2026-connaissez-vous-les-six-bretons-en-lice-aux-jeux-olympiques-de-milan\\\/#primaryimage\"},\"image\":{\"@id\":\"https:\\\/\\\/ubirataonline.com.br\\\/jo-2026-connaissez-vous-les-six-bretons-en-lice-aux-jeux-olympiques-de-milan\\\/#primaryimage\"},\"thumbnailUrl\":\"https:\\\/\\\/ubirataonline.com.br\\\/wp-content\\\/uploads\\\/2026\\\/02\\\/JO-2026-Connaissez-vous-les-six-Bretons-en-lice-aux-Jeux.jpg\",\"datePublished\":\"2026-02-07T21:48:41+00:00\",\"dateModified\":\"2026-02-07T21:48:42+00:00\",\"description\":\"2026 est un cru exceptionnel pour les sportifs bretons aux JO d'hiver de Milan - Cortina. Six athl\u00e8tes vont se rendre en Italie pour l'Olympisme : trois\",\"breadcrumb\":{\"@id\":\"https:\\\/\\\/ubirataonline.com.br\\\/jo-2026-connaissez-vous-les-six-bretons-en-lice-aux-jeux-olympiques-de-milan\\\/#breadcrumb\"},\"inLanguage\":\"en-US\",\"potentialAction\":[{\"@type\":\"ReadAction\",\"target\":[\"https:\\\/\\\/ubirataonline.com.br\\\/jo-2026-connaissez-vous-les-six-bretons-en-lice-aux-jeux-olympiques-de-milan\\\/\"]}]},{\"@type\":\"ImageObject\",\"inLanguage\":\"en-US\",\"@id\":\"https:\\\/\\\/ubirataonline.com.br\\\/jo-2026-connaissez-vous-les-six-bretons-en-lice-aux-jeux-olympiques-de-milan\\\/#primaryimage\",\"url\":\"https:\\\/\\\/ubirataonline.com.br\\\/wp-content\\\/uploads\\\/2026\\\/02\\\/JO-2026-Connaissez-vous-les-six-Bretons-en-lice-aux-Jeux.jpg\",\"contentUrl\":\"https:\\\/\\\/ubirataonline.com.br\\\/wp-content\\\/uploads\\\/2026\\\/02\\\/JO-2026-Connaissez-vous-les-six-Bretons-en-lice-aux-Jeux.jpg\",\"width\":930,\"height\":620,\"caption\":\"Mathieu Belloir, Germain Deschamps et Giovanni Tr\u00e9boua, trois Bretons s\u00e9lectionn\u00e9s en patinage de vitesse au Jeux Olympiques d&#039;hiver 2026 de Milan-Cortina. \u2022 \u00a9 Comptes Facebook\"},{\"@type\":\"BreadcrumbList\",\"@id\":\"https:\\\/\\\/ubirataonline.com.br\\\/jo-2026-connaissez-vous-les-six-bretons-en-lice-aux-jeux-olympiques-de-milan\\\/#breadcrumb\",\"itemListElement\":[{\"@type\":\"ListItem\",\"position\":1,\"name\":\"In\u00edcio\",\"item\":\"https:\\\/\\\/ubirataonline.com.br\\\/\"},{\"@type\":\"ListItem\",\"position\":2,\"name\":\"JO 2026. Connaissez-vous les six Bretons en lice aux Jeux Olympiques de Milan\"}]},{\"@type\":\"WebSite\",\"@id\":\"https:\\\/\\\/ubirataonline.com.br\\\/#website\",\"url\":\"https:\\\/\\\/ubirataonline.com.br\\\/\",\"name\":\"Ubirat\u00e3 Online Not\u00edcias\",\"description\":\"Not\u00edcias de Ubirat\u00e3, regi\u00e3o, Brasil e mundo, com informa\u00e7\u00e3o atualizada e compromisso com o leitor.\",\"publisher\":{\"@id\":\"https:\\\/\\\/ubirataonline.com.br\\\/#organization\"},\"alternateName\":\"Ubirat\u00e3 Online\",\"potentialAction\":[{\"@type\":\"SearchAction\",\"target\":{\"@type\":\"EntryPoint\",\"urlTemplate\":\"https:\\\/\\\/ubirataonline.com.br\\\/?s={search_term_string}\"},\"query-input\":{\"@type\":\"PropertyValueSpecification\",\"valueRequired\":true,\"valueName\":\"search_term_string\"}}],\"inLanguage\":\"en-US\"},{\"@type\":[\"Organization\",\"Place\"],\"@id\":\"https:\\\/\\\/ubirataonline.com.br\\\/#organization\",\"name\":\"Ubirat\u00e3 Online Not\u00edcias\",\"alternateName\":\"Ubirat\u00e3 Online\",\"url\":\"https:\\\/\\\/ubirataonline.com.br\\\/\",\"logo\":{\"@id\":\"https:\\\/\\\/ubirataonline.com.br\\\/jo-2026-connaissez-vous-les-six-bretons-en-lice-aux-jeux-olympiques-de-milan\\\/#local-main-organization-logo\"},\"image\":{\"@id\":\"https:\\\/\\\/ubirataonline.com.br\\\/jo-2026-connaissez-vous-les-six-bretons-en-lice-aux-jeux-olympiques-de-milan\\\/#local-main-organization-logo\"},\"sameAs\":[\"https:\\\/\\\/www.facebook.com\\\/portalubirataonline\",\"https:\\\/\\\/x.com\\\/ubirataonline\",\"https:\\\/\\\/mastodon.social\\\/@ubirataonline\",\"https:\\\/\\\/www.facebook.com\\\/groups\\\/311144672285604\",\"https:\\\/\\\/www.facebook.com\\\/UBTAOnline\",\"https:\\\/\\\/www.instagram.com\\\/portalubirataonline\\\/\",\"https:\\\/\\\/twitter.com\\\/ubirataonline\"],\"description\":\"Somos um portal de not\u00edcias independente, criado em 5 de janeiro de 2009, com o objetivo de informar, conectar e valorizar a nossa comunidade de Ubirat\u00e3 e toda aregi\u00e3o. Com conte\u00fado atualizado, confi\u00e1vel e relevante, o Ubirat\u00e3 Online \u00e9 o seu espa\u00e7o para ficar por dentro dos principais acontecimentos locais, regionais, Brasil, Mundo e de interesse geral. Nosso compromisso \u00e9 com a verdade, a transpar\u00eancia e o respeito ao leitor.\",\"legalName\":\"UBIRATA ONLINE NOT\u00cdCIAS\",\"foundingDate\":\"2009-01-05\",\"numberOfEmployees\":{\"@type\":\"QuantitativeValue\",\"minValue\":\"1\",\"maxValue\":\"10\"},\"publishingPrinciples\":\"https:\\\/\\\/ubirataonline.com.br\\\/faq\\\/\",\"address\":{\"@id\":\"https:\\\/\\\/ubirataonline.com.br\\\/jo-2026-connaissez-vous-les-six-bretons-en-lice-aux-jeux-olympiques-de-milan\\\/#local-main-place-address\"},\"geo\":{\"@type\":\"GeoCoordinates\",\"latitude\":\"-24.5361401\",\"longitude\":\"-52.9921776\"},\"telephone\":[\"+5544998308235\"],\"contactPoint\":{\"@type\":\"ContactPoint\",\"email\":\"contato@ubirataonline.com.br\"},\"openingHoursSpecification\":{\"@type\":\"OpeningHoursSpecification\",\"dayOfWeek\":[\"Monday\",\"Tuesday\",\"Wednesday\",\"Thursday\",\"Friday\",\"Saturday\",\"Sunday\"],\"opens\":\"00:00\",\"closes\":\"23:59\"},\"email\":\"contato@ubirataonline.com.br\",\"vatID\":\"47.621.418\\\/0001-80\"},{\"@type\":\"Person\",\"@id\":\"https:\\\/\\\/ubirataonline.com.br\\\/#\\\/schema\\\/person\\\/372f87bbd3fdd79b8556b84c98d0bc1c\",\"name\":\"REDA\u00c7\u00c3O: UBIRAT\u00c3 ONLINE - F\u00c1BIO AUGUSTO CELESTINO\",\"pronouns\":\"Ele\",\"description\":\"Desde 2003 trabalhando com not\u00edcias.\",\"sameAs\":[\"http:\\\/\\\/ubirataoline.com.br\",\"https:\\\/\\\/www.facebook.com\\\/portalubirataonline\",\"https:\\\/\\\/www.instagram.com\\\/ubirataonline_oficial\",\"https:\\\/\\\/x.com\\\/x.com\\\/ubirataonline\"],\"honorificPrefix\":\"Mr.\",\"honorificSuffix\":\"MD\",\"birthDate\":\"1980-06-16\",\"gender\":\"masculino\",\"award\":[\"V\u00e1rios pr\u00eamios de melhor portal da cidade\"],\"jobTitle\":\"Diretor\",\"url\":\"https:\\\/\\\/ubirataonline.com.br\\\/en\\\/author\\\/ubirataonline\\\/\"},{\"@type\":\"PostalAddress\",\"@id\":\"https:\\\/\\\/ubirataonline.com.br\\\/jo-2026-connaissez-vous-les-six-bretons-en-lice-aux-jeux-olympiques-de-milan\\\/#local-main-place-address\",\"streetAddress\":\"Rua dos Coqueiros, 104 - Bairro Boa Vista, Rua dos Coqueiros, 104 Bairro Boa Vista\",\"addressLocality\":\"UBIRATA\",\"postalCode\":\"85440-000\",\"addressRegion\":\"PR\",\"addressCountry\":\"BR\"},{\"@type\":\"ImageObject\",\"inLanguage\":\"en-US\",\"@id\":\"https:\\\/\\\/ubirataonline.com.br\\\/jo-2026-connaissez-vous-les-six-bretons-en-lice-aux-jeux-olympiques-de-milan\\\/#local-main-organization-logo\",\"url\":\"https:\\\/\\\/ubirataonline.com.br\\\/wp-content\\\/uploads\\\/2026\\\/06\\\/logoubirataonline-1.webp\",\"contentUrl\":\"https:\\\/\\\/ubirataonline.com.br\\\/wp-content\\\/uploads\\\/2026\\\/06\\\/logoubirataonline-1.webp\",\"width\":500,\"height\":500,\"caption\":\"Ubirat\u00e3 Online Not\u00edcias\"}]}<\/script>\n<meta name=\"geo.placename\" content=\"UBIRATA\" \/>\n<meta name=\"geo.position\" content=\"-24.5361401;-52.9921776\" \/>\n<meta name=\"geo.region\" content=\"Brazil\" \/>\n<!-- \/ Yoast SEO Premium plugin. -->","yoast_head_json":{"title":"JO 2026. Connaissez-vous les six Bretons en lice aux Jeux Olympiques de Milan - Ubirat\u00e3 Online Not\u00edcias - A realidade ao seu alcance!","description":"2026 est un cru exceptionnel pour les sportifs bretons aux JO d'hiver de Milan - Cortina. Six athl\u00e8tes vont se rendre en Italie pour l'Olympisme : trois","robots":{"index":"index","follow":"follow","max-snippet":"max-snippet:-1","max-image-preview":"max-image-preview:large","max-video-preview":"max-video-preview:-1"},"canonical":"https:\/\/ubirataonline.com.br\/en\/jo-2026-connaissez-vous-les-six-bretons-en-lice-aux-jeux-olympiques-de-milan\/","og_locale":"en_US","og_type":"article","og_title":"JO 2026. Connaissez-vous les six Bretons en lice aux Jeux Olympiques de Milan","og_description":"2026 est un cru exceptionnel pour les sportifs bretons aux JO d'hiver de Milan - Cortina. Six athl\u00e8tes vont se rendre en Italie pour l'Olympisme : trois","og_url":"https:\/\/ubirataonline.com.br\/en\/jo-2026-connaissez-vous-les-six-bretons-en-lice-aux-jeux-olympiques-de-milan\/","og_site_name":"Ubirat\u00e3 Online Not\u00edcias - A realidade ao seu alcance!","article_publisher":"https:\/\/www.facebook.com\/portalubirataonline","article_author":"https:\/\/www.facebook.com\/portalubirataonline","article_published_time":"2026-02-07T21:48:41+00:00","article_modified_time":"2026-02-07T21:48:42+00:00","og_image":[{"width":930,"height":620,"url":"https:\/\/ubirataonline.com.br\/wp-content\/uploads\/2026\/02\/JO-2026-Connaissez-vous-les-six-Bretons-en-lice-aux-Jeux.jpg","type":"image\/jpeg"}],"author":"REDA\u00c7\u00c3O: UBIRAT\u00c3 ONLINE - F\u00c1BIO AUGUSTO CELESTINO","twitter_card":"summary_large_image","twitter_creator":"@x.com\/ubirataonline","twitter_site":"@ubirataonline","twitter_misc":{"Written by":"REDA\u00c7\u00c3O: UBIRAT\u00c3 ONLINE - F\u00c1BIO AUGUSTO CELESTINO","Est. reading time":"6 minutes"},"schema":{"@context":"https:\/\/schema.org","@graph":[{"@type":"NewsArticle","@id":"https:\/\/ubirataonline.com.br\/jo-2026-connaissez-vous-les-six-bretons-en-lice-aux-jeux-olympiques-de-milan\/#article","isPartOf":{"@id":"https:\/\/ubirataonline.com.br\/jo-2026-connaissez-vous-les-six-bretons-en-lice-aux-jeux-olympiques-de-milan\/"},"author":{"name":"REDA\u00c7\u00c3O: UBIRAT\u00c3 ONLINE - F\u00c1BIO AUGUSTO CELESTINO","@id":"https:\/\/ubirataonline.com.br\/#\/schema\/person\/372f87bbd3fdd79b8556b84c98d0bc1c"},"headline":"JO 2026. Connaissez-vous les six Bretons en lice aux Jeux Olympiques de Milan","datePublished":"2026-02-07T21:48:41+00:00","dateModified":"2026-02-07T21:48:42+00:00","mainEntityOfPage":{"@id":"https:\/\/ubirataonline.com.br\/jo-2026-connaissez-vous-les-six-bretons-en-lice-aux-jeux-olympiques-de-milan\/"},"wordCount":1151,"publisher":{"@id":"https:\/\/ubirataonline.com.br\/#organization"},"image":{"@id":"https:\/\/ubirataonline.com.br\/jo-2026-connaissez-vous-les-six-bretons-en-lice-aux-jeux-olympiques-de-milan\/#primaryimage"},"thumbnailUrl":"https:\/\/ubirataonline.com.br\/wp-content\/uploads\/2026\/02\/JO-2026-Connaissez-vous-les-six-Bretons-en-lice-aux-Jeux.jpg","keywords":["aux","Bretons","Connaissezvous","Jeux","les","lice","MILAN","Olympiques"],"articleSection":["Europe"],"inLanguage":"en-US","copyrightYear":"2026","copyrightHolder":{"@id":"https:\/\/ubirataonline.com.br\/en\/#organization"}},{"@type":"WebPage","@id":"https:\/\/ubirataonline.com.br\/jo-2026-connaissez-vous-les-six-bretons-en-lice-aux-jeux-olympiques-de-milan\/","url":"https:\/\/ubirataonline.com.br\/jo-2026-connaissez-vous-les-six-bretons-en-lice-aux-jeux-olympiques-de-milan\/","name":"JO 2026. Connaissez-vous les six Bretons en lice aux Jeux Olympiques de Milan - Ubirat\u00e3 Online Not\u00edcias - A realidade ao seu alcance!","isPartOf":{"@id":"https:\/\/ubirataonline.com.br\/#website"},"primaryImageOfPage":{"@id":"https:\/\/ubirataonline.com.br\/jo-2026-connaissez-vous-les-six-bretons-en-lice-aux-jeux-olympiques-de-milan\/#primaryimage"},"image":{"@id":"https:\/\/ubirataonline.com.br\/jo-2026-connaissez-vous-les-six-bretons-en-lice-aux-jeux-olympiques-de-milan\/#primaryimage"},"thumbnailUrl":"https:\/\/ubirataonline.com.br\/wp-content\/uploads\/2026\/02\/JO-2026-Connaissez-vous-les-six-Bretons-en-lice-aux-Jeux.jpg","datePublished":"2026-02-07T21:48:41+00:00","dateModified":"2026-02-07T21:48:42+00:00","description":"2026 est un cru exceptionnel pour les sportifs bretons aux JO d'hiver de Milan - Cortina. Six athl\u00e8tes vont se rendre en Italie pour l'Olympisme : trois","breadcrumb":{"@id":"https:\/\/ubirataonline.com.br\/jo-2026-connaissez-vous-les-six-bretons-en-lice-aux-jeux-olympiques-de-milan\/#breadcrumb"},"inLanguage":"en-US","potentialAction":[{"@type":"ReadAction","target":["https:\/\/ubirataonline.com.br\/jo-2026-connaissez-vous-les-six-bretons-en-lice-aux-jeux-olympiques-de-milan\/"]}]},{"@type":"ImageObject","inLanguage":"en-US","@id":"https:\/\/ubirataonline.com.br\/jo-2026-connaissez-vous-les-six-bretons-en-lice-aux-jeux-olympiques-de-milan\/#primaryimage","url":"https:\/\/ubirataonline.com.br\/wp-content\/uploads\/2026\/02\/JO-2026-Connaissez-vous-les-six-Bretons-en-lice-aux-Jeux.jpg","contentUrl":"https:\/\/ubirataonline.com.br\/wp-content\/uploads\/2026\/02\/JO-2026-Connaissez-vous-les-six-Bretons-en-lice-aux-Jeux.jpg","width":930,"height":620,"caption":"Mathieu Belloir, Germain Deschamps et Giovanni Tr\u00e9boua, trois Bretons s\u00e9lectionn\u00e9s en patinage de vitesse au Jeux Olympiques d&#039;hiver 2026 de Milan-Cortina. \u2022 \u00a9 Comptes Facebook"},{"@type":"BreadcrumbList","@id":"https:\/\/ubirataonline.com.br\/jo-2026-connaissez-vous-les-six-bretons-en-lice-aux-jeux-olympiques-de-milan\/#breadcrumb","itemListElement":[{"@type":"ListItem","position":1,"name":"In\u00edcio","item":"https:\/\/ubirataonline.com.br\/"},{"@type":"ListItem","position":2,"name":"JO 2026. Connaissez-vous les six Bretons en lice aux Jeux Olympiques de Milan"}]},{"@type":"WebSite","@id":"https:\/\/ubirataonline.com.br\/#website","url":"https:\/\/ubirataonline.com.br\/","name":"Ubirat\u00e3 Online Not\u00edcias","description":"Not\u00edcias de Ubirat\u00e3, regi\u00e3o, Brasil e mundo, com informa\u00e7\u00e3o atualizada e compromisso com o leitor.","publisher":{"@id":"https:\/\/ubirataonline.com.br\/#organization"},"alternateName":"Ubirat\u00e3 Online","potentialAction":[{"@type":"SearchAction","target":{"@type":"EntryPoint","urlTemplate":"https:\/\/ubirataonline.com.br\/?s={search_term_string}"},"query-input":{"@type":"PropertyValueSpecification","valueRequired":true,"valueName":"search_term_string"}}],"inLanguage":"en-US"},{"@type":["Organization","Place"],"@id":"https:\/\/ubirataonline.com.br\/#organization","name":"Ubirat\u00e3 Online Not\u00edcias","alternateName":"Ubirat\u00e3 Online","url":"https:\/\/ubirataonline.com.br\/","logo":{"@id":"https:\/\/ubirataonline.com.br\/jo-2026-connaissez-vous-les-six-bretons-en-lice-aux-jeux-olympiques-de-milan\/#local-main-organization-logo"},"image":{"@id":"https:\/\/ubirataonline.com.br\/jo-2026-connaissez-vous-les-six-bretons-en-lice-aux-jeux-olympiques-de-milan\/#local-main-organization-logo"},"sameAs":["https:\/\/www.facebook.com\/portalubirataonline","https:\/\/x.com\/ubirataonline","https:\/\/mastodon.social\/@ubirataonline","https:\/\/www.facebook.com\/groups\/311144672285604","https:\/\/www.facebook.com\/UBTAOnline","https:\/\/www.instagram.com\/portalubirataonline\/","https:\/\/twitter.com\/ubirataonline"],"description":"Somos um portal de not\u00edcias independente, criado em 5 de janeiro de 2009, com o objetivo de informar, conectar e valorizar a nossa comunidade de Ubirat\u00e3 e toda aregi\u00e3o. Com conte\u00fado atualizado, confi\u00e1vel e relevante, o Ubirat\u00e3 Online \u00e9 o seu espa\u00e7o para ficar por dentro dos principais acontecimentos locais, regionais, Brasil, Mundo e de interesse geral. Nosso compromisso \u00e9 com a verdade, a transpar\u00eancia e o respeito ao leitor.","legalName":"UBIRATA ONLINE NOT\u00cdCIAS","foundingDate":"2009-01-05","numberOfEmployees":{"@type":"QuantitativeValue","minValue":"1","maxValue":"10"},"publishingPrinciples":"https:\/\/ubirataonline.com.br\/faq\/","address":{"@id":"https:\/\/ubirataonline.com.br\/jo-2026-connaissez-vous-les-six-bretons-en-lice-aux-jeux-olympiques-de-milan\/#local-main-place-address"},"geo":{"@type":"GeoCoordinates","latitude":"-24.5361401","longitude":"-52.9921776"},"telephone":["+5544998308235"],"contactPoint":{"@type":"ContactPoint","email":"contato@ubirataonline.com.br"},"openingHoursSpecification":{"@type":"OpeningHoursSpecification","dayOfWeek":["Monday","Tuesday","Wednesday","Thursday","Friday","Saturday","Sunday"],"opens":"00:00","closes":"23:59"},"email":"contato@ubirataonline.com.br","vatID":"47.621.418\/0001-80"},{"@type":"Person","@id":"https:\/\/ubirataonline.com.br\/#\/schema\/person\/372f87bbd3fdd79b8556b84c98d0bc1c","name":"REDA\u00c7\u00c3O: UBIRAT\u00c3 ONLINE - F\u00c1BIO AUGUSTO CELESTINO","pronouns":"Ele","description":"Desde 2003 trabalhando com not\u00edcias.","sameAs":["http:\/\/ubirataoline.com.br","https:\/\/www.facebook.com\/portalubirataonline","https:\/\/www.instagram.com\/ubirataonline_oficial","https:\/\/x.com\/x.com\/ubirataonline"],"honorificPrefix":"Mr.","honorificSuffix":"MD","birthDate":"1980-06-16","gender":"masculino","award":["V\u00e1rios pr\u00eamios de melhor portal da cidade"],"jobTitle":"Diretor","url":"https:\/\/ubirataonline.com.br\/en\/author\/ubirataonline\/"},{"@type":"PostalAddress","@id":"https:\/\/ubirataonline.com.br\/jo-2026-connaissez-vous-les-six-bretons-en-lice-aux-jeux-olympiques-de-milan\/#local-main-place-address","streetAddress":"Rua dos Coqueiros, 104 - Bairro Boa Vista, Rua dos Coqueiros, 104 Bairro Boa Vista","addressLocality":"UBIRATA","postalCode":"85440-000","addressRegion":"PR","addressCountry":"BR"},{"@type":"ImageObject","inLanguage":"en-US","@id":"https:\/\/ubirataonline.com.br\/jo-2026-connaissez-vous-les-six-bretons-en-lice-aux-jeux-olympiques-de-milan\/#local-main-organization-logo","url":"https:\/\/ubirataonline.com.br\/wp-content\/uploads\/2026\/06\/logoubirataonline-1.webp","contentUrl":"https:\/\/ubirataonline.com.br\/wp-content\/uploads\/2026\/06\/logoubirataonline-1.webp","width":500,"height":500,"caption":"Ubirat\u00e3 Online Not\u00edcias"}]},"geo.placename":"UBIRATA","geo.position":{"lat":"-24.5361401","long":"-52.9921776"},"geo.region":"Brazil"},"_links":{"self":[{"href":"https:\/\/ubirataonline.com.br\/en\/wp-json\/wp\/v2\/posts\/85368","targetHints":{"allow":["GET"]}}],"collection":[{"href":"https:\/\/ubirataonline.com.br\/en\/wp-json\/wp\/v2\/posts"}],"about":[{"href":"https:\/\/ubirataonline.com.br\/en\/wp-json\/wp\/v2\/types\/post"}],"author":[{"embeddable":true,"href":"https:\/\/ubirataonline.com.br\/en\/wp-json\/wp\/v2\/users\/1"}],"replies":[{"embeddable":true,"href":"https:\/\/ubirataonline.com.br\/en\/wp-json\/wp\/v2\/comments?post=85368"}],"version-history":[{"count":0,"href":"https:\/\/ubirataonline.com.br\/en\/wp-json\/wp\/v2\/posts\/85368\/revisions"}],"wp:featuredmedia":[{"embeddable":true,"href":"https:\/\/ubirataonline.com.br\/en\/wp-json\/wp\/v2\/media\/85369"}],"wp:attachment":[{"href":"https:\/\/ubirataonline.com.br\/en\/wp-json\/wp\/v2\/media?parent=85368"}],"wp:term":[{"taxonomy":"category","embeddable":true,"href":"https:\/\/ubirataonline.com.br\/en\/wp-json\/wp\/v2\/categories?post=85368"},{"taxonomy":"post_tag","embeddable":true,"href":"https:\/\/ubirataonline.com.br\/en\/wp-json\/wp\/v2\/tags?post=85368"}],"curies":[{"name":"wp","href":"https:\/\/api.w.org\/{rel}","templated":true}]}}