{"id":85392,"date":"2026-02-07T21:20:30","date_gmt":"2026-02-08T00:20:30","guid":{"rendered":"https:\/\/ubirataonline.com.br\/klay-thompson-update-emerges-after-mavericks-anthony-davis-trade\/"},"modified":"2026-02-07T21:20:30","modified_gmt":"2026-02-08T00:20:30","slug":"klay-thompson-update-emerges-after-mavericks-anthony-davis-trade","status":"publish","type":"post","link":"https:\/\/ubirataonline.com.br\/en\/klay-thompson-update-emerges-after-mavericks-anthony-davis-trade\/","title":{"rendered":"Klay Thompson Update Emerges After Mavericks&#8217; Anthony Davis Trade"},"content":{"rendered":"<p><\/p>\n<div>\n<p><a href=\"https:\/\/athlonsports.com\/tag\/klay-thompson\" rel=\"nofollow noopener\" target=\"_blank\" data-ylk=\"slk:Klay Thompson;elm:context_link;itc:0;sec:content-canvas\" class=\"link\">Klay Thompson<\/a> could be the next name out of the <a href=\"https:\/\/athlonsports.com\/nba\/dallas-mavericks\" rel=\"nofollow noopener\" target=\"_blank\" data-ylk=\"slk:Dallas Mavericks;elm:context_link;itc:0;sec:content-canvas\" class=\"link\">Dallas Mavericks<\/a> after the <a href=\"https:\/\/athlonsports.com\/tag\/anthony-davis\" rel=\"nofollow noopener\" target=\"_blank\" data-ylk=\"slk:Anthony Davis;elm:context_link;itc:0;sec:content-canvas\" class=\"link\">Anthony Davis<\/a> trade. The Mavs fully embraced a rebuild around rookie <a href=\"https:\/\/athlonsports.com\/tag\/cooper-flagg\" rel=\"nofollow noopener\" target=\"_blank\" data-ylk=\"slk:Cooper Flagg;elm:context_link;itc:0;sec:content-canvas\" class=\"link\">Cooper Flagg<\/a> on Tuesday after reports emerged that Davis will be traded to the <a href=\"https:\/\/athlonsports.com\/nba\/washington-wizards\" rel=\"nofollow noopener\" target=\"_blank\" data-ylk=\"slk:Washington Wizards;elm:context_link;itc:0;sec:content-canvas\" class=\"link\">Washington Wizards<\/a>.<\/p>\n<p>According to reports, the Mavs agreed to a blockbuster <a href=\"https:\/\/shopping.yahoo.com\/rdlw?merchantId=8b9dfafd-e7b1-4ac1-bb73-50d55c74d82d&amp;siteId=us-y4p&amp;pageId=1p-autolink&amp;contentUuid=e8a0c4a5-b86b-305a-bf48-d5239a5eea02&amp;featureId=text-link&amp;merchantName=ESPN&amp;linkText=eight-player+trade+deal&amp;custData=eyJzb3VyY2VOYW1lIjoiV2ViLURlc2t0b3AtVmVyaXpvbiIsImxhbmRpbmdVcmwiOiJodHRwczovL3d3dy5lc3BuLmNvbS9uYmEvc3RvcnkvXy9pZC80NzgyOTg4Ni9zb3VyY2VzLWNsaXBwZXJzLWNocmlzLXBhdWwtbGFuZHMtcmFwdG9ycy0zLXRlYW0tdHJhZGUiLCJjb250ZW50VXVpZCI6ImU4YTBjNGE1LWI4NmItMzA1YS1iZjQ4LWQ1MjM5YTVlZWEwMiIsIm9yaWdpbmFsVXJsIjoiaHR0cHM6Ly93d3cuZXNwbi5jb20vbmJhL3N0b3J5L18vaWQvNDc4Mjk4ODYvc291cmNlcy1jbGlwcGVycy1jaHJpcy1wYXVsLWxhbmRzLXJhcHRvcnMtMy10ZWFtLXRyYWRlIn0&amp;signature=AQAAAXFpeJCWOsul0bQb9wUtmUMV0WxSgmfb_M0W5lx4tOd6&amp;gcReferrer=https%3A%2F%2Fwww.espn.com%2Fnba%2Fstory%2F_%2Fid%2F47829886%2Fsources-clippers-chris-paul-lands-raptors-3-team-trade&amp;spaceId=2146352327\" class=\"link  rapid-with-clickid etailiffa-link\" data-i13n=\"elm:affiliate_link;sellerN:ESPN;elmt:\" rel=\"nofollow noopener\" target=\"_blank\" data-ylk=\"slk:eight-player trade deal;elm:affiliate_link;sellerN:ESPN;elmt:;itc:0;sec:content-canvas\">eight-player trade deal<\/a>. Along with Davis, Jaden Hardy, <a href=\"https:\/\/athlonsports.com\/tag\/dangelo-russell\" rel=\"nofollow noopener\" target=\"_blank\" data-ylk=\"slk:D\u2019Angelo Russell;elm:context_link;itc:0;sec:content-canvas\" class=\"link\">D\u2019Angelo Russell<\/a> and Dante Exum are all heading to Washington. In exchange, the Wizards will send Khris Middleton, AJ Johnson, Malaki Branham and Marvin Bagley III. The Mavs will also receive two first-round picks and three second-rounders as part of the deal.<\/p>\n<p>Advertisement<\/p>\n<figure class=\"content-figure\">\n<div class=\"content-image\"><button aria-label=\"View larger image\" class=\"lightbox-btn\" data-ylk=\"elm:expand;itc:1;sec:image-lightbox;slk:lightbox-open;\"><span class=\"lightbox-expand\"><svg viewbox=\"0 0 22 22\" aria-hidden=\"true\" class=\"size-4 lg:size-6\" width=\"22\" height=\"22\"><path d=\"M12.372.92c0-.506.41-.916.915-.916L21 0l-.004 7.712a.917.917 0 0 1-1.832 0V3.183l-6.827 6.828-1.349-1.348 6.828-6.828h-4.529a.915.915 0 0 1-.915-.915M1.835 17.816l6.828-6.828 1.349 1.349-6.829 6.827h4.529a.915.915 0 0 1 0 1.831L0 21l.004-7.713a.916.916 0 0 1 1.831 0z\"\/><\/svg><\/span><\/button><dialog aria-label=\"Image Lightbox\" class=\"lightbox-overlay\" aria-modal=\"true\"\/><\/div><figcaption class=\"fig-caption\">\n<div style=\"max-height:none;overflow:visible\">\n<p>Dallas Mavericks forward\/center Anthony Davis (3).\u00a9 Kelley L Cox-Imagn Images<\/p>\n<p><span class=\"caption-credit\"> (\u00a9 Kelley L Cox-Imagn Images)<\/span><\/div>\n<\/figcaption><\/figure>\n<p>Thompson has been relegated to a bench role in his second season with the Mavs. The five-time All-Star has grown into the role and has been providing quality minutes off the bench for head coach Jason Kidd.<\/p>\n<p>In 46 games played this season (just eight starts), the four-time <a href=\"https:\/\/athlonsports.com\/nba\" rel=\"nofollow noopener\" target=\"_blank\" data-ylk=\"slk:NBA;elm:context_link;itc:0;sec:content-canvas\" class=\"link\">NBA<\/a> champion shooting guard is averaging 11.6 points on 38.7% shooting, 2.5 rebounds and 1.4 assists in 22.2 minutes per contest. Thompson is also knocking down 2.9 triples per game on a 37.9% clip.<\/p>\n<p>Advertisement<\/p>\n<p>According to a new report by <a href=\"https:\/\/dallashoopsjournal.com\/p\/dallas-mavericks-trade-anthony-davis-reset-around-cooper-flagg-nba-news\/\" rel=\"nofollow noopener\" target=\"_blank\" data-ylk=\"slk:Grant Afseth of Dallas Hoops Journal;elm:context_link;itc:0;sec:content-canvas\" class=\"link\">Grant Afseth of Dallas Hoops Journal<\/a>, Thompson could be on his way out as well. The 6-foot-5 shooting guard reportedly remains as one of two \u201cmain remaining trade candidates\u201d for the Mavs.<\/p>\n<p>Thompson, 35, no longer falls within the Mavs\u2019 new Flagg-centered timeline. However, opposing teams in win-now mode could still find value in the battle-tested veteran. Dallas may now look to move Thompson in exchange for future-facing assets.<\/p>\n<p>Thompson is currently on the second season of his three-year deal with the Mavs. He is owed $17.5 million next season and will be an unrestricted free agent by the summer of 2027.<\/p>\n<p>Advertisement<\/p>\n<p>The other player that the Mavs may move before Thursday\u2019s trade deadline is big man Daniel Gafford. The <a href=\"https:\/\/athlonsports.com\/nba\/atlanta-hawks\" rel=\"nofollow noopener\" target=\"_blank\" data-ylk=\"slk:Atlanta Hawks;elm:context_link;itc:0;sec:content-canvas\" class=\"link\">Atlanta Hawks<\/a> were linked as a possible landing spot for Gafford, but they <a href=\"https:\/\/x.com\/ShamsCharania\/status\/2019164414570819978\" rel=\"nofollow noopener\" target=\"_blank\" data-ylk=\"slk:just traded;elm:context_link;itc:0;sec:content-canvas\" class=\"link\">just traded<\/a> for Jock Landale from the <a href=\"https:\/\/athlonsports.com\/nba\/utah-jazz\" rel=\"nofollow noopener\" target=\"_blank\" data-ylk=\"slk:Utah Jazz;elm:context_link;itc:0;sec:content-canvas\" class=\"link\">Utah Jazz<\/a>. Either way, Gafford, like Thompson, could still be on the move ahead of the deadline. \u00a0\u00a0\u00a0\u00a0\u00a0\u00a0\u00a0\u00a0\u00a0\u00a0\u00a0\u00a0\u00a0\u00a0 <\/p>\n<p><strong><a href=\"https:\/\/sports.yahoo.com\/articles\/cooper-flagg-sets-nba-record-113500689.html\" data-ylk=\"slk:Related: Mavericks Announce Cooper Flagg Career History in First NBA Season;elm:context_link;itc:0;sec:content-canvas;outcm:mb_qualified_link;_E:mb_qualified_link;ct:story;\" class=\"link  yahoo-link\">Related: Mavericks Announce Cooper Flagg Career History in First NBA Season<\/a><\/strong><\/p>\n<p><i>This story was originally published by <a href=\"https:\/\/athlonsports.com\/nba\/dallas-mavericks\/klay-thompson-update-mavericks-anthony-davis-trade\" rel=\"nofollow noopener\" target=\"_blank\" data-ylk=\"slk:Athlon Sports;elm:context_link;itc:0;sec:content-canvas\" class=\"link\">Athlon Sports<\/a> on Feb 4, 2026, where it first appeared in the <a href=\"https:\/\/athlonsports.com\/nba\" rel=\"nofollow noopener\" target=\"_blank\" data-ylk=\"slk:NBA;elm:context_link;itc:0;sec:content-canvas\" class=\"link\">NBA<\/a> section. Add Athlon Sports as a <a href=\"https:\/\/google.com\/preferences\/source?q=athlonsports.com\" rel=\"nofollow noopener\" target=\"_blank\" data-ylk=\"slk:Preferred Source by clicking here.;elm:context_link;itc:0;sec:content-canvas\" class=\"link\">Preferred Source by clicking here.<\/a><\/i><\/p>\n<\/div>\n<p><a href=\"https:\/\/sports.yahoo.com\/articles\/klay-thompson-emerges-mavericks-anthony-220722837.html\">Source link <\/a><br \/>\nSee more https:\/\/theglobaltrack.com\/<\/p>","protected":false},"excerpt":{"rendered":"<p>Klay Thompson could be the next name out of the Dallas Mavericks after the Anthony Davis trade. The Mavs fully embraced a rebuild around rookie Cooper Flagg on Tuesday after reports emerged that Davis will be traded to the Washington Wizards. According to reports, the Mavs agreed to a blockbuster eight-player trade deal. Along with [&hellip;]<\/p>\n","protected":false},"author":1,"featured_media":85393,"comment_status":"","ping_status":"","sticky":false,"template":"","format":"standard","meta":{"googlesitekit_rrm_CAow2JLhCw:productID":"","_gspb_post_css":"","maa_idioma":"","maa_pais":"","footnotes":""},"categories":[1],"tags":[5300,6320,3009,8293,6319,8789,4247,4682],"class_list":["post-85392","post","type-post","status-publish","format-standard","has-post-thumbnail","hentry","category-ubirata","tag-anthony","tag-davis","tag-emerges","tag-klay","tag-mavericks","tag-thompson","tag-trade","tag-update"],"blocksy_meta":[],"yoast_head":"<!-- This site is optimized with the Yoast SEO Premium plugin v27.6 (Yoast SEO v27.6) - https:\/\/yoast.com\/product\/yoast-seo-premium-wordpress\/ -->\n<title>Klay Thompson Update Emerges After Mavericks&#039; Anthony Davis Trade - Ubirat\u00e3 Online Not\u00edcias - A realidade ao seu alcance!<\/title>\n<meta name=\"description\" content=\"Klay Thompson could be the next name out of the Dallas Mavericks after the Anthony Davis trade. The Mavs fully embraced a rebuild around rookie Cooper Flagg on Tuesday after reports emerged that Davis will be traded to the Washington Wizards. According to reports, the Mavs agreed to a blockbuster eight-player trade deal.\" \/>\n<meta name=\"robots\" content=\"index, follow, max-snippet:-1, max-image-preview:large, max-video-preview:-1\" \/>\n<link rel=\"canonical\" href=\"https:\/\/ubirataonline.com.br\/en\/klay-thompson-update-emerges-after-mavericks-anthony-davis-trade\/\" \/>\n<meta property=\"og:locale\" content=\"en_US\" \/>\n<meta property=\"og:type\" content=\"article\" \/>\n<meta property=\"og:title\" content=\"Klay Thompson Update Emerges After Mavericks&#039; Anthony Davis Trade\" \/>\n<meta property=\"og:description\" content=\"Klay Thompson could be the next name out of the Dallas Mavericks after the Anthony Davis trade. The Mavs fully embraced a rebuild around rookie Cooper Flagg on Tuesday after reports emerged that Davis will be traded to the Washington Wizards. According to reports, the Mavs agreed to a blockbuster eight-player trade deal.\" \/>\n<meta property=\"og:url\" content=\"https:\/\/ubirataonline.com.br\/en\/klay-thompson-update-emerges-after-mavericks-anthony-davis-trade\/\" \/>\n<meta property=\"og:site_name\" content=\"Ubirat\u00e3 Online Not\u00edcias - A realidade ao seu alcance!\" \/>\n<meta property=\"article:publisher\" content=\"https:\/\/www.facebook.com\/portalubirataonline\" \/>\n<meta property=\"article:author\" content=\"https:\/\/www.facebook.com\/portalubirataonline\" \/>\n<meta property=\"article:published_time\" content=\"2026-02-08T00:20:30+00:00\" \/>\n<meta property=\"og:image\" content=\"https:\/\/ubirataonline.com.br\/wp-content\/uploads\/2026\/02\/Klay-Thompson-Update-Emerges-After-Mavericks-Anthony-Davis-Trade.jpeg\" \/>\n\t<meta property=\"og:image:width\" content=\"1200\" \/>\n\t<meta property=\"og:image:height\" content=\"800\" \/>\n\t<meta property=\"og:image:type\" content=\"image\/jpeg\" \/>\n<meta name=\"author\" content=\"REDA\u00c7\u00c3O: UBIRAT\u00c3 ONLINE - F\u00c1BIO AUGUSTO CELESTINO\" \/>\n<meta name=\"twitter:card\" content=\"summary_large_image\" \/>\n<meta name=\"twitter:creator\" content=\"@x.com\/ubirataonline\" \/>\n<meta name=\"twitter:site\" content=\"@ubirataonline\" \/>\n<meta name=\"twitter:label1\" content=\"Written by\" \/>\n\t<meta name=\"twitter:data1\" content=\"REDA\u00c7\u00c3O: UBIRAT\u00c3 ONLINE - F\u00c1BIO AUGUSTO CELESTINO\" \/>\n\t<meta name=\"twitter:label2\" content=\"Est. reading time\" \/>\n\t<meta name=\"twitter:data2\" content=\"2 minutes\" \/>\n<script type=\"application\/ld+json\" class=\"yoast-schema-graph\">{\"@context\":\"https:\\\/\\\/schema.org\",\"@graph\":[{\"@type\":\"NewsArticle\",\"@id\":\"https:\\\/\\\/ubirataonline.com.br\\\/klay-thompson-update-emerges-after-mavericks-anthony-davis-trade\\\/#article\",\"isPartOf\":{\"@id\":\"https:\\\/\\\/ubirataonline.com.br\\\/klay-thompson-update-emerges-after-mavericks-anthony-davis-trade\\\/\"},\"author\":{\"name\":\"REDA\u00c7\u00c3O: UBIRAT\u00c3 ONLINE - F\u00c1BIO AUGUSTO CELESTINO\",\"@id\":\"https:\\\/\\\/ubirataonline.com.br\\\/#\\\/schema\\\/person\\\/372f87bbd3fdd79b8556b84c98d0bc1c\"},\"headline\":\"Klay Thompson Update Emerges After Mavericks&#8217; Anthony Davis Trade\",\"datePublished\":\"2026-02-08T00:20:30+00:00\",\"mainEntityOfPage\":{\"@id\":\"https:\\\/\\\/ubirataonline.com.br\\\/klay-thompson-update-emerges-after-mavericks-anthony-davis-trade\\\/\"},\"wordCount\":408,\"publisher\":{\"@id\":\"https:\\\/\\\/ubirataonline.com.br\\\/#organization\"},\"image\":{\"@id\":\"https:\\\/\\\/ubirataonline.com.br\\\/klay-thompson-update-emerges-after-mavericks-anthony-davis-trade\\\/#primaryimage\"},\"thumbnailUrl\":\"https:\\\/\\\/ubirataonline.com.br\\\/wp-content\\\/uploads\\\/2026\\\/02\\\/Klay-Thompson-Update-Emerges-After-Mavericks-Anthony-Davis-Trade.jpeg\",\"keywords\":[\"Anthony\",\"Davis\",\"emerges\",\"Klay\",\"Mavericks\",\"Thompson\",\"Trade\",\"update\"],\"articleSection\":[\"Ubirat\u00e3\"],\"inLanguage\":\"en-US\",\"copyrightYear\":\"2026\",\"copyrightHolder\":{\"@id\":\"https:\\\/\\\/ubirataonline.com.br\\\/en\\\/#organization\"}},{\"@type\":\"WebPage\",\"@id\":\"https:\\\/\\\/ubirataonline.com.br\\\/klay-thompson-update-emerges-after-mavericks-anthony-davis-trade\\\/\",\"url\":\"https:\\\/\\\/ubirataonline.com.br\\\/klay-thompson-update-emerges-after-mavericks-anthony-davis-trade\\\/\",\"name\":\"Klay Thompson Update Emerges After Mavericks' Anthony Davis Trade - Ubirat\u00e3 Online Not\u00edcias - A realidade ao seu alcance!\",\"isPartOf\":{\"@id\":\"https:\\\/\\\/ubirataonline.com.br\\\/#website\"},\"primaryImageOfPage\":{\"@id\":\"https:\\\/\\\/ubirataonline.com.br\\\/klay-thompson-update-emerges-after-mavericks-anthony-davis-trade\\\/#primaryimage\"},\"image\":{\"@id\":\"https:\\\/\\\/ubirataonline.com.br\\\/klay-thompson-update-emerges-after-mavericks-anthony-davis-trade\\\/#primaryimage\"},\"thumbnailUrl\":\"https:\\\/\\\/ubirataonline.com.br\\\/wp-content\\\/uploads\\\/2026\\\/02\\\/Klay-Thompson-Update-Emerges-After-Mavericks-Anthony-Davis-Trade.jpeg\",\"datePublished\":\"2026-02-08T00:20:30+00:00\",\"description\":\"Klay Thompson could be the next name out of the Dallas Mavericks after the Anthony Davis trade. The Mavs fully embraced a rebuild around rookie Cooper Flagg on Tuesday after reports emerged that Davis will be traded to the Washington Wizards. According to reports, the Mavs agreed to a blockbuster eight-player trade deal.\",\"breadcrumb\":{\"@id\":\"https:\\\/\\\/ubirataonline.com.br\\\/klay-thompson-update-emerges-after-mavericks-anthony-davis-trade\\\/#breadcrumb\"},\"inLanguage\":\"en-US\",\"potentialAction\":[{\"@type\":\"ReadAction\",\"target\":[\"https:\\\/\\\/ubirataonline.com.br\\\/klay-thompson-update-emerges-after-mavericks-anthony-davis-trade\\\/\"]}]},{\"@type\":\"ImageObject\",\"inLanguage\":\"en-US\",\"@id\":\"https:\\\/\\\/ubirataonline.com.br\\\/klay-thompson-update-emerges-after-mavericks-anthony-davis-trade\\\/#primaryimage\",\"url\":\"https:\\\/\\\/ubirataonline.com.br\\\/wp-content\\\/uploads\\\/2026\\\/02\\\/Klay-Thompson-Update-Emerges-After-Mavericks-Anthony-Davis-Trade.jpeg\",\"contentUrl\":\"https:\\\/\\\/ubirataonline.com.br\\\/wp-content\\\/uploads\\\/2026\\\/02\\\/Klay-Thompson-Update-Emerges-After-Mavericks-Anthony-Davis-Trade.jpeg\",\"width\":1200,\"height\":800,\"caption\":\"Dallas Mavericks forward\\\/center Anthony Davis (3).\u00a9 Kelley L Cox-Imagn Images (\u00a9 Kelley L Cox-Imagn Images)\"},{\"@type\":\"BreadcrumbList\",\"@id\":\"https:\\\/\\\/ubirataonline.com.br\\\/klay-thompson-update-emerges-after-mavericks-anthony-davis-trade\\\/#breadcrumb\",\"itemListElement\":[{\"@type\":\"ListItem\",\"position\":1,\"name\":\"In\u00edcio\",\"item\":\"https:\\\/\\\/ubirataonline.com.br\\\/\"},{\"@type\":\"ListItem\",\"position\":2,\"name\":\"Klay Thompson Update Emerges After Mavericks&#8217; Anthony Davis Trade\"}]},{\"@type\":\"WebSite\",\"@id\":\"https:\\\/\\\/ubirataonline.com.br\\\/#website\",\"url\":\"https:\\\/\\\/ubirataonline.com.br\\\/\",\"name\":\"Ubirat\u00e3 Online Not\u00edcias\",\"description\":\"Not\u00edcias de Ubirat\u00e3, regi\u00e3o, Brasil e mundo, com informa\u00e7\u00e3o atualizada e compromisso com o leitor.\",\"publisher\":{\"@id\":\"https:\\\/\\\/ubirataonline.com.br\\\/#organization\"},\"alternateName\":\"Ubirat\u00e3 Online\",\"potentialAction\":[{\"@type\":\"SearchAction\",\"target\":{\"@type\":\"EntryPoint\",\"urlTemplate\":\"https:\\\/\\\/ubirataonline.com.br\\\/?s={search_term_string}\"},\"query-input\":{\"@type\":\"PropertyValueSpecification\",\"valueRequired\":true,\"valueName\":\"search_term_string\"}}],\"inLanguage\":\"en-US\"},{\"@type\":[\"Organization\",\"Place\"],\"@id\":\"https:\\\/\\\/ubirataonline.com.br\\\/#organization\",\"name\":\"Ubirat\u00e3 Online Not\u00edcias\",\"alternateName\":\"Ubirat\u00e3 Online\",\"url\":\"https:\\\/\\\/ubirataonline.com.br\\\/\",\"logo\":{\"@id\":\"https:\\\/\\\/ubirataonline.com.br\\\/klay-thompson-update-emerges-after-mavericks-anthony-davis-trade\\\/#local-main-organization-logo\"},\"image\":{\"@id\":\"https:\\\/\\\/ubirataonline.com.br\\\/klay-thompson-update-emerges-after-mavericks-anthony-davis-trade\\\/#local-main-organization-logo\"},\"sameAs\":[\"https:\\\/\\\/www.facebook.com\\\/portalubirataonline\",\"https:\\\/\\\/x.com\\\/ubirataonline\",\"https:\\\/\\\/mastodon.social\\\/@ubirataonline\",\"https:\\\/\\\/www.facebook.com\\\/groups\\\/311144672285604\",\"https:\\\/\\\/www.facebook.com\\\/UBTAOnline\",\"https:\\\/\\\/www.instagram.com\\\/portalubirataonline\\\/\",\"https:\\\/\\\/twitter.com\\\/ubirataonline\"],\"description\":\"Somos um portal de not\u00edcias independente, criado em 5 de janeiro de 2009, com o objetivo de informar, conectar e valorizar a nossa comunidade de Ubirat\u00e3 e toda aregi\u00e3o. Com conte\u00fado atualizado, confi\u00e1vel e relevante, o Ubirat\u00e3 Online \u00e9 o seu espa\u00e7o para ficar por dentro dos principais acontecimentos locais, regionais, Brasil, Mundo e de interesse geral. Nosso compromisso \u00e9 com a verdade, a transpar\u00eancia e o respeito ao leitor.\",\"legalName\":\"UBIRATA ONLINE NOT\u00cdCIAS\",\"foundingDate\":\"2009-01-05\",\"numberOfEmployees\":{\"@type\":\"QuantitativeValue\",\"minValue\":\"1\",\"maxValue\":\"10\"},\"publishingPrinciples\":\"https:\\\/\\\/ubirataonline.com.br\\\/faq\\\/\",\"address\":{\"@id\":\"https:\\\/\\\/ubirataonline.com.br\\\/klay-thompson-update-emerges-after-mavericks-anthony-davis-trade\\\/#local-main-place-address\"},\"geo\":{\"@type\":\"GeoCoordinates\",\"latitude\":\"-24.5361401\",\"longitude\":\"-52.9921776\"},\"telephone\":[\"+5544998308235\"],\"contactPoint\":{\"@type\":\"ContactPoint\",\"email\":\"contato@ubirataonline.com.br\"},\"openingHoursSpecification\":{\"@type\":\"OpeningHoursSpecification\",\"dayOfWeek\":[\"Monday\",\"Tuesday\",\"Wednesday\",\"Thursday\",\"Friday\",\"Saturday\",\"Sunday\"],\"opens\":\"00:00\",\"closes\":\"23:59\"},\"email\":\"contato@ubirataonline.com.br\",\"vatID\":\"47.621.418\\\/0001-80\"},{\"@type\":\"Person\",\"@id\":\"https:\\\/\\\/ubirataonline.com.br\\\/#\\\/schema\\\/person\\\/372f87bbd3fdd79b8556b84c98d0bc1c\",\"name\":\"REDA\u00c7\u00c3O: UBIRAT\u00c3 ONLINE - F\u00c1BIO AUGUSTO CELESTINO\",\"pronouns\":\"Ele\",\"description\":\"Desde 2003 trabalhando com not\u00edcias.\",\"sameAs\":[\"http:\\\/\\\/ubirataoline.com.br\",\"https:\\\/\\\/www.facebook.com\\\/portalubirataonline\",\"https:\\\/\\\/www.instagram.com\\\/ubirataonline_oficial\",\"https:\\\/\\\/x.com\\\/x.com\\\/ubirataonline\"],\"honorificPrefix\":\"Mr.\",\"honorificSuffix\":\"MD\",\"birthDate\":\"1980-06-16\",\"gender\":\"masculino\",\"award\":[\"V\u00e1rios pr\u00eamios de melhor portal da cidade\"],\"jobTitle\":\"Diretor\",\"url\":\"https:\\\/\\\/ubirataonline.com.br\\\/en\\\/author\\\/ubirataonline\\\/\"},{\"@type\":\"PostalAddress\",\"@id\":\"https:\\\/\\\/ubirataonline.com.br\\\/klay-thompson-update-emerges-after-mavericks-anthony-davis-trade\\\/#local-main-place-address\",\"streetAddress\":\"Rua dos Coqueiros, 104 - Bairro Boa Vista, Rua dos Coqueiros, 104 Bairro Boa Vista\",\"addressLocality\":\"UBIRATA\",\"postalCode\":\"85440-000\",\"addressRegion\":\"PR\",\"addressCountry\":\"BR\"},{\"@type\":\"ImageObject\",\"inLanguage\":\"en-US\",\"@id\":\"https:\\\/\\\/ubirataonline.com.br\\\/klay-thompson-update-emerges-after-mavericks-anthony-davis-trade\\\/#local-main-organization-logo\",\"url\":\"https:\\\/\\\/ubirataonline.com.br\\\/wp-content\\\/uploads\\\/2026\\\/06\\\/logoubirataonline-1.webp\",\"contentUrl\":\"https:\\\/\\\/ubirataonline.com.br\\\/wp-content\\\/uploads\\\/2026\\\/06\\\/logoubirataonline-1.webp\",\"width\":500,\"height\":500,\"caption\":\"Ubirat\u00e3 Online Not\u00edcias\"}]}<\/script>\n<meta name=\"geo.placename\" content=\"UBIRATA\" \/>\n<meta name=\"geo.position\" content=\"-24.5361401;-52.9921776\" \/>\n<meta name=\"geo.region\" content=\"Brazil\" \/>\n<!-- \/ Yoast SEO Premium plugin. -->","yoast_head_json":{"title":"Klay Thompson Update Emerges After Mavericks' Anthony Davis Trade - Ubirat\u00e3 Online Not\u00edcias - A realidade ao seu alcance!","description":"Klay Thompson could be the next name out of the Dallas Mavericks after the Anthony Davis trade. The Mavs fully embraced a rebuild around rookie Cooper Flagg on Tuesday after reports emerged that Davis will be traded to the Washington Wizards. According to reports, the Mavs agreed to a blockbuster eight-player trade deal.","robots":{"index":"index","follow":"follow","max-snippet":"max-snippet:-1","max-image-preview":"max-image-preview:large","max-video-preview":"max-video-preview:-1"},"canonical":"https:\/\/ubirataonline.com.br\/en\/klay-thompson-update-emerges-after-mavericks-anthony-davis-trade\/","og_locale":"en_US","og_type":"article","og_title":"Klay Thompson Update Emerges After Mavericks' Anthony Davis Trade","og_description":"Klay Thompson could be the next name out of the Dallas Mavericks after the Anthony Davis trade. The Mavs fully embraced a rebuild around rookie Cooper Flagg on Tuesday after reports emerged that Davis will be traded to the Washington Wizards. According to reports, the Mavs agreed to a blockbuster eight-player trade deal.","og_url":"https:\/\/ubirataonline.com.br\/en\/klay-thompson-update-emerges-after-mavericks-anthony-davis-trade\/","og_site_name":"Ubirat\u00e3 Online Not\u00edcias - A realidade ao seu alcance!","article_publisher":"https:\/\/www.facebook.com\/portalubirataonline","article_author":"https:\/\/www.facebook.com\/portalubirataonline","article_published_time":"2026-02-08T00:20:30+00:00","og_image":[{"width":1200,"height":800,"url":"https:\/\/ubirataonline.com.br\/wp-content\/uploads\/2026\/02\/Klay-Thompson-Update-Emerges-After-Mavericks-Anthony-Davis-Trade.jpeg","type":"image\/jpeg"}],"author":"REDA\u00c7\u00c3O: UBIRAT\u00c3 ONLINE - F\u00c1BIO AUGUSTO CELESTINO","twitter_card":"summary_large_image","twitter_creator":"@x.com\/ubirataonline","twitter_site":"@ubirataonline","twitter_misc":{"Written by":"REDA\u00c7\u00c3O: UBIRAT\u00c3 ONLINE - F\u00c1BIO AUGUSTO CELESTINO","Est. reading time":"2 minutes"},"schema":{"@context":"https:\/\/schema.org","@graph":[{"@type":"NewsArticle","@id":"https:\/\/ubirataonline.com.br\/klay-thompson-update-emerges-after-mavericks-anthony-davis-trade\/#article","isPartOf":{"@id":"https:\/\/ubirataonline.com.br\/klay-thompson-update-emerges-after-mavericks-anthony-davis-trade\/"},"author":{"name":"REDA\u00c7\u00c3O: UBIRAT\u00c3 ONLINE - F\u00c1BIO AUGUSTO CELESTINO","@id":"https:\/\/ubirataonline.com.br\/#\/schema\/person\/372f87bbd3fdd79b8556b84c98d0bc1c"},"headline":"Klay Thompson Update Emerges After Mavericks&#8217; Anthony Davis Trade","datePublished":"2026-02-08T00:20:30+00:00","mainEntityOfPage":{"@id":"https:\/\/ubirataonline.com.br\/klay-thompson-update-emerges-after-mavericks-anthony-davis-trade\/"},"wordCount":408,"publisher":{"@id":"https:\/\/ubirataonline.com.br\/#organization"},"image":{"@id":"https:\/\/ubirataonline.com.br\/klay-thompson-update-emerges-after-mavericks-anthony-davis-trade\/#primaryimage"},"thumbnailUrl":"https:\/\/ubirataonline.com.br\/wp-content\/uploads\/2026\/02\/Klay-Thompson-Update-Emerges-After-Mavericks-Anthony-Davis-Trade.jpeg","keywords":["Anthony","Davis","emerges","Klay","Mavericks","Thompson","Trade","update"],"articleSection":["Ubirat\u00e3"],"inLanguage":"en-US","copyrightYear":"2026","copyrightHolder":{"@id":"https:\/\/ubirataonline.com.br\/en\/#organization"}},{"@type":"WebPage","@id":"https:\/\/ubirataonline.com.br\/klay-thompson-update-emerges-after-mavericks-anthony-davis-trade\/","url":"https:\/\/ubirataonline.com.br\/klay-thompson-update-emerges-after-mavericks-anthony-davis-trade\/","name":"Klay Thompson Update Emerges After Mavericks' Anthony Davis Trade - Ubirat\u00e3 Online Not\u00edcias - A realidade ao seu alcance!","isPartOf":{"@id":"https:\/\/ubirataonline.com.br\/#website"},"primaryImageOfPage":{"@id":"https:\/\/ubirataonline.com.br\/klay-thompson-update-emerges-after-mavericks-anthony-davis-trade\/#primaryimage"},"image":{"@id":"https:\/\/ubirataonline.com.br\/klay-thompson-update-emerges-after-mavericks-anthony-davis-trade\/#primaryimage"},"thumbnailUrl":"https:\/\/ubirataonline.com.br\/wp-content\/uploads\/2026\/02\/Klay-Thompson-Update-Emerges-After-Mavericks-Anthony-Davis-Trade.jpeg","datePublished":"2026-02-08T00:20:30+00:00","description":"Klay Thompson could be the next name out of the Dallas Mavericks after the Anthony Davis trade. The Mavs fully embraced a rebuild around rookie Cooper Flagg on Tuesday after reports emerged that Davis will be traded to the Washington Wizards. According to reports, the Mavs agreed to a blockbuster eight-player trade deal.","breadcrumb":{"@id":"https:\/\/ubirataonline.com.br\/klay-thompson-update-emerges-after-mavericks-anthony-davis-trade\/#breadcrumb"},"inLanguage":"en-US","potentialAction":[{"@type":"ReadAction","target":["https:\/\/ubirataonline.com.br\/klay-thompson-update-emerges-after-mavericks-anthony-davis-trade\/"]}]},{"@type":"ImageObject","inLanguage":"en-US","@id":"https:\/\/ubirataonline.com.br\/klay-thompson-update-emerges-after-mavericks-anthony-davis-trade\/#primaryimage","url":"https:\/\/ubirataonline.com.br\/wp-content\/uploads\/2026\/02\/Klay-Thompson-Update-Emerges-After-Mavericks-Anthony-Davis-Trade.jpeg","contentUrl":"https:\/\/ubirataonline.com.br\/wp-content\/uploads\/2026\/02\/Klay-Thompson-Update-Emerges-After-Mavericks-Anthony-Davis-Trade.jpeg","width":1200,"height":800,"caption":"Dallas Mavericks forward\/center Anthony Davis (3).\u00a9 Kelley L Cox-Imagn Images (\u00a9 Kelley L Cox-Imagn Images)"},{"@type":"BreadcrumbList","@id":"https:\/\/ubirataonline.com.br\/klay-thompson-update-emerges-after-mavericks-anthony-davis-trade\/#breadcrumb","itemListElement":[{"@type":"ListItem","position":1,"name":"In\u00edcio","item":"https:\/\/ubirataonline.com.br\/"},{"@type":"ListItem","position":2,"name":"Klay Thompson Update Emerges After Mavericks&#8217; Anthony Davis Trade"}]},{"@type":"WebSite","@id":"https:\/\/ubirataonline.com.br\/#website","url":"https:\/\/ubirataonline.com.br\/","name":"Ubirat\u00e3 Online Not\u00edcias","description":"Not\u00edcias de Ubirat\u00e3, regi\u00e3o, Brasil e mundo, com informa\u00e7\u00e3o atualizada e compromisso com o leitor.","publisher":{"@id":"https:\/\/ubirataonline.com.br\/#organization"},"alternateName":"Ubirat\u00e3 Online","potentialAction":[{"@type":"SearchAction","target":{"@type":"EntryPoint","urlTemplate":"https:\/\/ubirataonline.com.br\/?s={search_term_string}"},"query-input":{"@type":"PropertyValueSpecification","valueRequired":true,"valueName":"search_term_string"}}],"inLanguage":"en-US"},{"@type":["Organization","Place"],"@id":"https:\/\/ubirataonline.com.br\/#organization","name":"Ubirat\u00e3 Online Not\u00edcias","alternateName":"Ubirat\u00e3 Online","url":"https:\/\/ubirataonline.com.br\/","logo":{"@id":"https:\/\/ubirataonline.com.br\/klay-thompson-update-emerges-after-mavericks-anthony-davis-trade\/#local-main-organization-logo"},"image":{"@id":"https:\/\/ubirataonline.com.br\/klay-thompson-update-emerges-after-mavericks-anthony-davis-trade\/#local-main-organization-logo"},"sameAs":["https:\/\/www.facebook.com\/portalubirataonline","https:\/\/x.com\/ubirataonline","https:\/\/mastodon.social\/@ubirataonline","https:\/\/www.facebook.com\/groups\/311144672285604","https:\/\/www.facebook.com\/UBTAOnline","https:\/\/www.instagram.com\/portalubirataonline\/","https:\/\/twitter.com\/ubirataonline"],"description":"Somos um portal de not\u00edcias independente, criado em 5 de janeiro de 2009, com o objetivo de informar, conectar e valorizar a nossa comunidade de Ubirat\u00e3 e toda aregi\u00e3o. Com conte\u00fado atualizado, confi\u00e1vel e relevante, o Ubirat\u00e3 Online \u00e9 o seu espa\u00e7o para ficar por dentro dos principais acontecimentos locais, regionais, Brasil, Mundo e de interesse geral. Nosso compromisso \u00e9 com a verdade, a transpar\u00eancia e o respeito ao leitor.","legalName":"UBIRATA ONLINE NOT\u00cdCIAS","foundingDate":"2009-01-05","numberOfEmployees":{"@type":"QuantitativeValue","minValue":"1","maxValue":"10"},"publishingPrinciples":"https:\/\/ubirataonline.com.br\/faq\/","address":{"@id":"https:\/\/ubirataonline.com.br\/klay-thompson-update-emerges-after-mavericks-anthony-davis-trade\/#local-main-place-address"},"geo":{"@type":"GeoCoordinates","latitude":"-24.5361401","longitude":"-52.9921776"},"telephone":["+5544998308235"],"contactPoint":{"@type":"ContactPoint","email":"contato@ubirataonline.com.br"},"openingHoursSpecification":{"@type":"OpeningHoursSpecification","dayOfWeek":["Monday","Tuesday","Wednesday","Thursday","Friday","Saturday","Sunday"],"opens":"00:00","closes":"23:59"},"email":"contato@ubirataonline.com.br","vatID":"47.621.418\/0001-80"},{"@type":"Person","@id":"https:\/\/ubirataonline.com.br\/#\/schema\/person\/372f87bbd3fdd79b8556b84c98d0bc1c","name":"REDA\u00c7\u00c3O: UBIRAT\u00c3 ONLINE - F\u00c1BIO AUGUSTO CELESTINO","pronouns":"Ele","description":"Desde 2003 trabalhando com not\u00edcias.","sameAs":["http:\/\/ubirataoline.com.br","https:\/\/www.facebook.com\/portalubirataonline","https:\/\/www.instagram.com\/ubirataonline_oficial","https:\/\/x.com\/x.com\/ubirataonline"],"honorificPrefix":"Mr.","honorificSuffix":"MD","birthDate":"1980-06-16","gender":"masculino","award":["V\u00e1rios pr\u00eamios de melhor portal da cidade"],"jobTitle":"Diretor","url":"https:\/\/ubirataonline.com.br\/en\/author\/ubirataonline\/"},{"@type":"PostalAddress","@id":"https:\/\/ubirataonline.com.br\/klay-thompson-update-emerges-after-mavericks-anthony-davis-trade\/#local-main-place-address","streetAddress":"Rua dos Coqueiros, 104 - Bairro Boa Vista, Rua dos Coqueiros, 104 Bairro Boa Vista","addressLocality":"UBIRATA","postalCode":"85440-000","addressRegion":"PR","addressCountry":"BR"},{"@type":"ImageObject","inLanguage":"en-US","@id":"https:\/\/ubirataonline.com.br\/klay-thompson-update-emerges-after-mavericks-anthony-davis-trade\/#local-main-organization-logo","url":"https:\/\/ubirataonline.com.br\/wp-content\/uploads\/2026\/06\/logoubirataonline-1.webp","contentUrl":"https:\/\/ubirataonline.com.br\/wp-content\/uploads\/2026\/06\/logoubirataonline-1.webp","width":500,"height":500,"caption":"Ubirat\u00e3 Online Not\u00edcias"}]},"geo.placename":"UBIRATA","geo.position":{"lat":"-24.5361401","long":"-52.9921776"},"geo.region":"Brazil"},"_links":{"self":[{"href":"https:\/\/ubirataonline.com.br\/en\/wp-json\/wp\/v2\/posts\/85392","targetHints":{"allow":["GET"]}}],"collection":[{"href":"https:\/\/ubirataonline.com.br\/en\/wp-json\/wp\/v2\/posts"}],"about":[{"href":"https:\/\/ubirataonline.com.br\/en\/wp-json\/wp\/v2\/types\/post"}],"author":[{"embeddable":true,"href":"https:\/\/ubirataonline.com.br\/en\/wp-json\/wp\/v2\/users\/1"}],"replies":[{"embeddable":true,"href":"https:\/\/ubirataonline.com.br\/en\/wp-json\/wp\/v2\/comments?post=85392"}],"version-history":[{"count":0,"href":"https:\/\/ubirataonline.com.br\/en\/wp-json\/wp\/v2\/posts\/85392\/revisions"}],"wp:featuredmedia":[{"embeddable":true,"href":"https:\/\/ubirataonline.com.br\/en\/wp-json\/wp\/v2\/media\/85393"}],"wp:attachment":[{"href":"https:\/\/ubirataonline.com.br\/en\/wp-json\/wp\/v2\/media?parent=85392"}],"wp:term":[{"taxonomy":"category","embeddable":true,"href":"https:\/\/ubirataonline.com.br\/en\/wp-json\/wp\/v2\/categories?post=85392"},{"taxonomy":"post_tag","embeddable":true,"href":"https:\/\/ubirataonline.com.br\/en\/wp-json\/wp\/v2\/tags?post=85392"}],"curies":[{"name":"wp","href":"https:\/\/api.w.org\/{rel}","templated":true}]}}