{"id":85439,"date":"2026-02-08T01:50:28","date_gmt":"2026-02-08T04:50:28","guid":{"rendered":"https:\/\/ubirataonline.com.br\/mike-dunleavy-denies-putting-draymond-green-in-trade-talks\/"},"modified":"2026-02-08T01:50:34","modified_gmt":"2026-02-08T04:50:34","slug":"mike-dunleavy-denies-putting-draymond-green-in-trade-talks","status":"publish","type":"post","link":"https:\/\/ubirataonline.com.br\/en\/mike-dunleavy-denies-putting-draymond-green-in-trade-talks\/","title":{"rendered":"Mike Dunleavy denies putting Draymond Green in trade talks"},"content":{"rendered":"<p><\/p>\n<div>\n<p>LOS ANGELES &#8212; <a data-clubhouse-guid=\"77a8546f-24bf-a333-8161-bf9f75396c49\" href=\"https:\/\/africa.espn.com\/nba\/team\/_\/name\/gs\/golden-state-warriors\">Golden State Warriors<\/a> general manager Mike Dunleavy denied that <a data-player-guid=\"de360720-e416-25f2-8a6b-b5ff82616cb1\" href=\"https:\/\/www.espn.com\/nba\/player\/_\/id\/6589\/draymond-green\">Draymond Green<\/a> was in active trade conversations in advance of this week&#8217;s deadline despite the team&#8217;s pursuit of Milwaukee star <a data-player-guid=\"00985054-c4b3-4247-e825-ddf062d457c3\" href=\"https:\/\/www.espn.com\/nba\/player\/_\/id\/3032977\/giannis-antetokounmpo\">Giannis Antetokounmpo<\/a>.<\/p>\n<p>&#8220;I&#8217;d walk that back,&#8221; Dunleavy said. &#8220;His name was not in conversations other than the ones where teams called me to ask about him. The idea that he stayed with the Warriors past the deadline was greatly exaggerated. It was never a possibility of him not being here or remotely close. I&#8217;ve conveyed that to him.&#8221;<\/p>\n<p>To make a trade for Antetokounmpo work for salary match purposes, the Warriors would&#8217;ve needed to put either Green or <a data-player-guid=\"076edf90-d167-2d15-88cb-a174c984b9e3\" href=\"https:\/\/www.espn.com\/nba\/player\/_\/id\/6430\/jimmy-butler-iii\">Jimmy Butler III<\/a> in the deal. Dunleavy was asked whether that meant he would&#8217;ve instead traded Butler for Antetokounmpo.<\/p>\n<p>&#8220;You&#8217;re putting words in my mouth,&#8221; Dunleavy said. &#8220;No, no, no. We&#8217;re not doing that. I&#8217;m not going down the roster talking about who is in trades and who is not. We don&#8217;t do that.&#8221;<\/p>\n<p>Green published a podcast Saturday morning relaying a call he had with Dunleavy a couple of days before the deadline, saying that Dunleavy told him about their trade talks with the Bucks, letting him know that, if Milwaukee were to accept, Green or Butler would&#8217;ve been in it.<\/p>\n<aside class=\"inline editorial float-r\" data-behavior=\"article_related\">\n<h2 class=\"editorial-title\">Editor&#8217;s Picks<\/h2>\n<ul>\n<li><a name=\"&amp;lpos=story:editorspicks:inline:1\" href=\"https:\/\/africa.espn.com\/nba\/story\/_\/id\/47848650\/steph-curry-knee-injury-kristaps-porzingis-trade-warriors-future\" class=\"img-link\"><\/a><\/li>\n<li><a name=\"&amp;lpos=story:editorspicks:inline:2\" href=\"https:\/\/africa.espn.com\/nba\/story\/_\/id\/47860085\/warriors-sign-two-way-guard-pat-spencer-rest-season\" class=\"img-link\"><img loading=\"lazy\" decoding=\"async\" src=\"https:\/\/a.espncdn.com\/combiner\/i?img=\/photo\/2025\/1207\/r1586070_1296x1296_1-1.jpg&amp;w=130&amp;h=130&amp;scale=crop&amp;location=center\" width=\"65\" height=\"65\"\/><\/a><\/li>\n<\/ul>\n<p>1 Related<\/p>\n<\/aside>\n<p>&#8220;He didn&#8217;t rule it out,&#8221; Green said. &#8220;He didn&#8217;t say we&#8217;re not putting you in the deal. So I took that as, &#8216;All right, that&#8217;ll probably be me.'&#8221;<\/p>\n<p>The Bucks never showed enough interest in the set of draft picks the Warriors were offering to move forward with an Antetokounmpo deal. The Warriors instead pivoted to a trade for <a data-clubhouse-guid=\"15096a54-f015-c987-5ec8-55afedf6272f\" href=\"https:\/\/africa.espn.com\/nba\/team\/_\/name\/atl\/atlanta-hawks\">Atlanta Hawks<\/a> big man <a data-player-guid=\"a1f467e2-5304-c8c1-db23-80fe313c3d7c\" href=\"https:\/\/www.espn.com\/nba\/player\/_\/id\/3102531\/kristaps-porzingis\">Kristaps Porzingis<\/a>, sending <a data-player-guid=\"fa4aeb82-1488-3163-b374-4e0cdd9cb23a\" href=\"https:\/\/www.espn.com\/nba\/player\/_\/id\/4433247\/jonathan-kuminga\">Jonathan Kuminga<\/a> and <a data-player-guid=\"2ca1d65c-40ac-4440-9034-8a6c954e876c\" href=\"https:\/\/www.espn.com\/nba\/player\/_\/id\/2990984\/buddy-hield\">Buddy Hield<\/a> out in the deal.<\/p>\n<p>Porzingis possesses a skill set that the Warriors lack. He is a 7-foot-3 rim protector who stretches the floor accurately and at a high volume on 3s.<\/p>\n<p>But availability is the question. Porzingis has been limited to 17 games this season because of recent Achilles tendinitis and the lingering impact of postural orthostatic tachycardia syndrome (POTS).<\/p>\n<p>Porzingis joined the team in Los Angeles on Friday night. He had a court workout on Saturday afternoon and a conversation with Rick Celebrini, the team&#8217;s lead medical decision maker, and said he has already &#8220;clicked&#8221; with the medical staff.<\/p>\n<p>&#8220;I&#8217;m in really, really good hands,&#8221; Porzingis said. &#8220;If not some of the best hands.&#8221;<\/p>\n<p>Celebrini and the Warriors have decided to hold Porzingis out of the final three games before the All-Star break, keep him in San Francisco for court work through next weekend and then debut him out of the break.<\/p>\n<p>The Warriors face Porzingis&#8217; old team, the <a data-clubhouse-guid=\"2ca761df-5f60-b2e9-22ed-e099c46d889b\" href=\"https:\/\/africa.espn.com\/nba\/team\/_\/name\/bos\/boston-celtics\">Boston Celtics<\/a>, on Feb. 19 in their first game out of the break. Porzingis said his plan and goal is to debut that night.<\/p>\n<p>&#8220;48 straight [minutes],&#8221; Porzingis joked. &#8220;But we&#8217;ll see what the medical staff has for me. I want to hit the ground running.&#8221;<\/p>\n<p>Porzingis averaged 17.1 points and 5.1 rebounds in his 17 games with the Hawks this season, making 36% of his 3s.<\/p>\n<p>&#8220;I look forward to really having a surprisingly good post-All-Star break period,&#8221; Porzingis said.<\/p>\n<\/div>\n<p><a href=\"https:\/\/africa.espn.com\/nba\/story\/_\/id\/47863101\/mike-dunleavy-denies-putting-draymond-green-trade-talks\">Source link <\/a><\/p>\n","protected":false},"excerpt":{"rendered":"<p>LOS ANGELES &#8212; Golden State Warriors general manager Mike Dunleavy denied that Draymond Green was in active trade conversations in advance of this week&#8217;s deadline despite the team&#8217;s pursuit of Milwaukee star Giannis Antetokounmpo. &#8220;I&#8217;d walk that back,&#8221; Dunleavy said. &#8220;His name was not in conversations other than the ones where teams called me to [&hellip;]<\/p>\n","protected":false},"author":1,"featured_media":85440,"comment_status":"closed","ping_status":"","sticky":false,"template":"","format":"standard","meta":{"googlesitekit_rrm_CAow2JLhCw:productID":"","_gspb_post_css":"","maa_idioma":"","maa_pais":"","footnotes":""},"categories":[4],"tags":[8671,3806,17774,3807,6386,13061,3431,4247],"class_list":["post-85439","post","type-post","status-publish","format-standard","has-post-thumbnail","hentry","category-brasil","tag-denies","tag-draymond","tag-dunleavy","tag-green","tag-mike","tag-putting","tag-talks","tag-trade"],"blocksy_meta":[],"yoast_head":"<!-- This site is optimized with the Yoast SEO Premium plugin v27.6 (Yoast SEO v27.6) - https:\/\/yoast.com\/product\/yoast-seo-premium-wordpress\/ -->\n<title>Mike Dunleavy denies putting Draymond Green in trade talks - Ubirat\u00e3 Online Not\u00edcias - A realidade ao seu alcance!<\/title>\n<meta name=\"description\" content=\"LOS ANGELES -- Golden State Warriors general manager Mike Dunleavy denied that Draymond Green was in active trade conversations in advance of this week&#039;s\" \/>\n<meta name=\"robots\" content=\"index, follow, max-snippet:-1, max-image-preview:large, max-video-preview:-1\" \/>\n<link rel=\"canonical\" href=\"https:\/\/ubirataonline.com.br\/en\/mike-dunleavy-denies-putting-draymond-green-in-trade-talks\/\" \/>\n<meta property=\"og:locale\" content=\"en_US\" \/>\n<meta property=\"og:type\" content=\"article\" \/>\n<meta property=\"og:title\" content=\"Mike Dunleavy denies putting Draymond Green in trade talks\" \/>\n<meta property=\"og:description\" content=\"LOS ANGELES -- Golden State Warriors general manager Mike Dunleavy denied that Draymond Green was in active trade conversations in advance of this week&#039;s\" \/>\n<meta property=\"og:url\" content=\"https:\/\/ubirataonline.com.br\/en\/mike-dunleavy-denies-putting-draymond-green-in-trade-talks\/\" \/>\n<meta property=\"og:site_name\" content=\"Ubirat\u00e3 Online Not\u00edcias - A realidade ao seu alcance!\" \/>\n<meta property=\"article:publisher\" content=\"https:\/\/www.facebook.com\/portalubirataonline\" \/>\n<meta property=\"article:author\" content=\"https:\/\/www.facebook.com\/portalubirataonline\" \/>\n<meta property=\"article:published_time\" content=\"2026-02-08T04:50:28+00:00\" \/>\n<meta property=\"article:modified_time\" content=\"2026-02-08T04:50:34+00:00\" \/>\n<meta property=\"og:image\" content=\"https:\/\/ubirataonline.com.br\/wp-content\/uploads\/2026\/02\/Mike-Dunleavy-denies-putting-Draymond-Green-in-trade-talks.jpeg\" \/>\n\t<meta property=\"og:image:width\" content=\"1296\" \/>\n\t<meta property=\"og:image:height\" content=\"729\" \/>\n\t<meta property=\"og:image:type\" content=\"image\/jpeg\" \/>\n<meta name=\"author\" content=\"REDA\u00c7\u00c3O: UBIRAT\u00c3 ONLINE - F\u00c1BIO AUGUSTO CELESTINO\" \/>\n<meta name=\"twitter:card\" content=\"summary_large_image\" \/>\n<meta name=\"twitter:creator\" content=\"@x.com\/ubirataonline\" \/>\n<meta name=\"twitter:site\" content=\"@ubirataonline\" \/>\n<meta name=\"twitter:label1\" content=\"Written by\" \/>\n\t<meta name=\"twitter:data1\" content=\"REDA\u00c7\u00c3O: UBIRAT\u00c3 ONLINE - F\u00c1BIO AUGUSTO CELESTINO\" \/>\n\t<meta name=\"twitter:label2\" content=\"Est. reading time\" \/>\n\t<meta name=\"twitter:data2\" content=\"3 minutes\" \/>\n<script type=\"application\/ld+json\" class=\"yoast-schema-graph\">{\"@context\":\"https:\\\/\\\/schema.org\",\"@graph\":[{\"@type\":\"NewsArticle\",\"@id\":\"https:\\\/\\\/ubirataonline.com.br\\\/mike-dunleavy-denies-putting-draymond-green-in-trade-talks\\\/#article\",\"isPartOf\":{\"@id\":\"https:\\\/\\\/ubirataonline.com.br\\\/mike-dunleavy-denies-putting-draymond-green-in-trade-talks\\\/\"},\"author\":{\"name\":\"REDA\u00c7\u00c3O: UBIRAT\u00c3 ONLINE - F\u00c1BIO AUGUSTO CELESTINO\",\"@id\":\"https:\\\/\\\/ubirataonline.com.br\\\/#\\\/schema\\\/person\\\/372f87bbd3fdd79b8556b84c98d0bc1c\"},\"headline\":\"Mike Dunleavy denies putting Draymond Green in trade talks\",\"datePublished\":\"2026-02-08T04:50:28+00:00\",\"dateModified\":\"2026-02-08T04:50:34+00:00\",\"mainEntityOfPage\":{\"@id\":\"https:\\\/\\\/ubirataonline.com.br\\\/mike-dunleavy-denies-putting-draymond-green-in-trade-talks\\\/\"},\"wordCount\":550,\"publisher\":{\"@id\":\"https:\\\/\\\/ubirataonline.com.br\\\/#organization\"},\"image\":{\"@id\":\"https:\\\/\\\/ubirataonline.com.br\\\/mike-dunleavy-denies-putting-draymond-green-in-trade-talks\\\/#primaryimage\"},\"thumbnailUrl\":\"https:\\\/\\\/ubirataonline.com.br\\\/wp-content\\\/uploads\\\/2026\\\/02\\\/Mike-Dunleavy-denies-putting-Draymond-Green-in-trade-talks.jpeg\",\"keywords\":[\"denies\",\"Draymond\",\"Dunleavy\",\"Green\",\"Mike\",\"Putting\",\"talks\",\"Trade\"],\"articleSection\":[\"Brasil\"],\"inLanguage\":\"en-US\",\"copyrightYear\":\"2026\",\"copyrightHolder\":{\"@id\":\"https:\\\/\\\/ubirataonline.com.br\\\/en\\\/#organization\"}},{\"@type\":\"WebPage\",\"@id\":\"https:\\\/\\\/ubirataonline.com.br\\\/mike-dunleavy-denies-putting-draymond-green-in-trade-talks\\\/\",\"url\":\"https:\\\/\\\/ubirataonline.com.br\\\/mike-dunleavy-denies-putting-draymond-green-in-trade-talks\\\/\",\"name\":\"Mike Dunleavy denies putting Draymond Green in trade talks - Ubirat\u00e3 Online Not\u00edcias - A realidade ao seu alcance!\",\"isPartOf\":{\"@id\":\"https:\\\/\\\/ubirataonline.com.br\\\/#website\"},\"primaryImageOfPage\":{\"@id\":\"https:\\\/\\\/ubirataonline.com.br\\\/mike-dunleavy-denies-putting-draymond-green-in-trade-talks\\\/#primaryimage\"},\"image\":{\"@id\":\"https:\\\/\\\/ubirataonline.com.br\\\/mike-dunleavy-denies-putting-draymond-green-in-trade-talks\\\/#primaryimage\"},\"thumbnailUrl\":\"https:\\\/\\\/ubirataonline.com.br\\\/wp-content\\\/uploads\\\/2026\\\/02\\\/Mike-Dunleavy-denies-putting-Draymond-Green-in-trade-talks.jpeg\",\"datePublished\":\"2026-02-08T04:50:28+00:00\",\"dateModified\":\"2026-02-08T04:50:34+00:00\",\"description\":\"LOS ANGELES -- Golden State Warriors general manager Mike Dunleavy denied that Draymond Green was in active trade conversations in advance of this week's\",\"breadcrumb\":{\"@id\":\"https:\\\/\\\/ubirataonline.com.br\\\/mike-dunleavy-denies-putting-draymond-green-in-trade-talks\\\/#breadcrumb\"},\"inLanguage\":\"en-US\",\"potentialAction\":[{\"@type\":\"ReadAction\",\"target\":[\"https:\\\/\\\/ubirataonline.com.br\\\/mike-dunleavy-denies-putting-draymond-green-in-trade-talks\\\/\"]}]},{\"@type\":\"ImageObject\",\"inLanguage\":\"en-US\",\"@id\":\"https:\\\/\\\/ubirataonline.com.br\\\/mike-dunleavy-denies-putting-draymond-green-in-trade-talks\\\/#primaryimage\",\"url\":\"https:\\\/\\\/ubirataonline.com.br\\\/wp-content\\\/uploads\\\/2026\\\/02\\\/Mike-Dunleavy-denies-putting-Draymond-Green-in-trade-talks.jpeg\",\"contentUrl\":\"https:\\\/\\\/ubirataonline.com.br\\\/wp-content\\\/uploads\\\/2026\\\/02\\\/Mike-Dunleavy-denies-putting-Draymond-Green-in-trade-talks.jpeg\",\"width\":1296,\"height\":729,\"caption\":\"Perk on Porzingis trade: \u2018It does absolutely nothing for me\u2019 (1:17)Kendrick Perkins analyzes what it means for the Golden State Warriors to acquire Kristaps Porzi\u0146gis. (1:17)\"},{\"@type\":\"BreadcrumbList\",\"@id\":\"https:\\\/\\\/ubirataonline.com.br\\\/mike-dunleavy-denies-putting-draymond-green-in-trade-talks\\\/#breadcrumb\",\"itemListElement\":[{\"@type\":\"ListItem\",\"position\":1,\"name\":\"In\u00edcio\",\"item\":\"https:\\\/\\\/ubirataonline.com.br\\\/\"},{\"@type\":\"ListItem\",\"position\":2,\"name\":\"Mike Dunleavy denies putting Draymond Green in trade talks\"}]},{\"@type\":\"WebSite\",\"@id\":\"https:\\\/\\\/ubirataonline.com.br\\\/#website\",\"url\":\"https:\\\/\\\/ubirataonline.com.br\\\/\",\"name\":\"Ubirat\u00e3 Online Not\u00edcias\",\"description\":\"Not\u00edcias de Ubirat\u00e3, regi\u00e3o, Brasil e mundo, com informa\u00e7\u00e3o atualizada e compromisso com o leitor.\",\"publisher\":{\"@id\":\"https:\\\/\\\/ubirataonline.com.br\\\/#organization\"},\"alternateName\":\"Ubirat\u00e3 Online\",\"potentialAction\":[{\"@type\":\"SearchAction\",\"target\":{\"@type\":\"EntryPoint\",\"urlTemplate\":\"https:\\\/\\\/ubirataonline.com.br\\\/?s={search_term_string}\"},\"query-input\":{\"@type\":\"PropertyValueSpecification\",\"valueRequired\":true,\"valueName\":\"search_term_string\"}}],\"inLanguage\":\"en-US\"},{\"@type\":[\"Organization\",\"Place\"],\"@id\":\"https:\\\/\\\/ubirataonline.com.br\\\/#organization\",\"name\":\"Ubirat\u00e3 Online Not\u00edcias\",\"alternateName\":\"Ubirat\u00e3 Online\",\"url\":\"https:\\\/\\\/ubirataonline.com.br\\\/\",\"logo\":{\"@id\":\"https:\\\/\\\/ubirataonline.com.br\\\/mike-dunleavy-denies-putting-draymond-green-in-trade-talks\\\/#local-main-organization-logo\"},\"image\":{\"@id\":\"https:\\\/\\\/ubirataonline.com.br\\\/mike-dunleavy-denies-putting-draymond-green-in-trade-talks\\\/#local-main-organization-logo\"},\"sameAs\":[\"https:\\\/\\\/www.facebook.com\\\/portalubirataonline\",\"https:\\\/\\\/x.com\\\/ubirataonline\",\"https:\\\/\\\/mastodon.social\\\/@ubirataonline\",\"https:\\\/\\\/www.facebook.com\\\/groups\\\/311144672285604\",\"https:\\\/\\\/www.facebook.com\\\/UBTAOnline\",\"https:\\\/\\\/www.instagram.com\\\/portalubirataonline\\\/\",\"https:\\\/\\\/twitter.com\\\/ubirataonline\"],\"description\":\"Somos um portal de not\u00edcias independente, criado em 5 de janeiro de 2009, com o objetivo de informar, conectar e valorizar a nossa comunidade de Ubirat\u00e3 e toda aregi\u00e3o. Com conte\u00fado atualizado, confi\u00e1vel e relevante, o Ubirat\u00e3 Online \u00e9 o seu espa\u00e7o para ficar por dentro dos principais acontecimentos locais, regionais, Brasil, Mundo e de interesse geral. Nosso compromisso \u00e9 com a verdade, a transpar\u00eancia e o respeito ao leitor.\",\"legalName\":\"UBIRATA ONLINE NOT\u00cdCIAS\",\"foundingDate\":\"2009-01-05\",\"numberOfEmployees\":{\"@type\":\"QuantitativeValue\",\"minValue\":\"1\",\"maxValue\":\"10\"},\"publishingPrinciples\":\"https:\\\/\\\/ubirataonline.com.br\\\/faq\\\/\",\"address\":{\"@id\":\"https:\\\/\\\/ubirataonline.com.br\\\/mike-dunleavy-denies-putting-draymond-green-in-trade-talks\\\/#local-main-place-address\"},\"geo\":{\"@type\":\"GeoCoordinates\",\"latitude\":\"-24.5361401\",\"longitude\":\"-52.9921776\"},\"telephone\":[\"+5544998308235\"],\"contactPoint\":{\"@type\":\"ContactPoint\",\"email\":\"contato@ubirataonline.com.br\"},\"openingHoursSpecification\":{\"@type\":\"OpeningHoursSpecification\",\"dayOfWeek\":[\"Monday\",\"Tuesday\",\"Wednesday\",\"Thursday\",\"Friday\",\"Saturday\",\"Sunday\"],\"opens\":\"00:00\",\"closes\":\"23:59\"},\"email\":\"contato@ubirataonline.com.br\",\"vatID\":\"47.621.418\\\/0001-80\"},{\"@type\":\"Person\",\"@id\":\"https:\\\/\\\/ubirataonline.com.br\\\/#\\\/schema\\\/person\\\/372f87bbd3fdd79b8556b84c98d0bc1c\",\"name\":\"REDA\u00c7\u00c3O: UBIRAT\u00c3 ONLINE - F\u00c1BIO AUGUSTO CELESTINO\",\"pronouns\":\"Ele\",\"description\":\"Desde 2003 trabalhando com not\u00edcias.\",\"sameAs\":[\"http:\\\/\\\/ubirataoline.com.br\",\"https:\\\/\\\/www.facebook.com\\\/portalubirataonline\",\"https:\\\/\\\/www.instagram.com\\\/ubirataonline_oficial\",\"https:\\\/\\\/x.com\\\/x.com\\\/ubirataonline\"],\"honorificPrefix\":\"Mr.\",\"honorificSuffix\":\"MD\",\"birthDate\":\"1980-06-16\",\"gender\":\"masculino\",\"award\":[\"V\u00e1rios pr\u00eamios de melhor portal da cidade\"],\"jobTitle\":\"Diretor\",\"url\":\"https:\\\/\\\/ubirataonline.com.br\\\/en\\\/author\\\/ubirataonline\\\/\"},{\"@type\":\"PostalAddress\",\"@id\":\"https:\\\/\\\/ubirataonline.com.br\\\/mike-dunleavy-denies-putting-draymond-green-in-trade-talks\\\/#local-main-place-address\",\"streetAddress\":\"Rua dos Coqueiros, 104 - Bairro Boa Vista, Rua dos Coqueiros, 104 Bairro Boa Vista\",\"addressLocality\":\"UBIRATA\",\"postalCode\":\"85440-000\",\"addressRegion\":\"PR\",\"addressCountry\":\"BR\"},{\"@type\":\"ImageObject\",\"inLanguage\":\"en-US\",\"@id\":\"https:\\\/\\\/ubirataonline.com.br\\\/mike-dunleavy-denies-putting-draymond-green-in-trade-talks\\\/#local-main-organization-logo\",\"url\":\"https:\\\/\\\/ubirataonline.com.br\\\/wp-content\\\/uploads\\\/2026\\\/06\\\/logoubirataonline-1.webp\",\"contentUrl\":\"https:\\\/\\\/ubirataonline.com.br\\\/wp-content\\\/uploads\\\/2026\\\/06\\\/logoubirataonline-1.webp\",\"width\":500,\"height\":500,\"caption\":\"Ubirat\u00e3 Online Not\u00edcias\"}]}<\/script>\n<meta name=\"geo.placename\" content=\"UBIRATA\" \/>\n<meta name=\"geo.position\" content=\"-24.5361401;-52.9921776\" \/>\n<meta name=\"geo.region\" content=\"Brazil\" \/>\n<!-- \/ Yoast SEO Premium plugin. -->","yoast_head_json":{"title":"Mike Dunleavy denies putting Draymond Green in trade talks - Ubirat\u00e3 Online Not\u00edcias - A realidade ao seu alcance!","description":"LOS ANGELES -- Golden State Warriors general manager Mike Dunleavy denied that Draymond Green was in active trade conversations in advance of this week's","robots":{"index":"index","follow":"follow","max-snippet":"max-snippet:-1","max-image-preview":"max-image-preview:large","max-video-preview":"max-video-preview:-1"},"canonical":"https:\/\/ubirataonline.com.br\/en\/mike-dunleavy-denies-putting-draymond-green-in-trade-talks\/","og_locale":"en_US","og_type":"article","og_title":"Mike Dunleavy denies putting Draymond Green in trade talks","og_description":"LOS ANGELES -- Golden State Warriors general manager Mike Dunleavy denied that Draymond Green was in active trade conversations in advance of this week's","og_url":"https:\/\/ubirataonline.com.br\/en\/mike-dunleavy-denies-putting-draymond-green-in-trade-talks\/","og_site_name":"Ubirat\u00e3 Online Not\u00edcias - A realidade ao seu alcance!","article_publisher":"https:\/\/www.facebook.com\/portalubirataonline","article_author":"https:\/\/www.facebook.com\/portalubirataonline","article_published_time":"2026-02-08T04:50:28+00:00","article_modified_time":"2026-02-08T04:50:34+00:00","og_image":[{"width":1296,"height":729,"url":"https:\/\/ubirataonline.com.br\/wp-content\/uploads\/2026\/02\/Mike-Dunleavy-denies-putting-Draymond-Green-in-trade-talks.jpeg","type":"image\/jpeg"}],"author":"REDA\u00c7\u00c3O: UBIRAT\u00c3 ONLINE - F\u00c1BIO AUGUSTO CELESTINO","twitter_card":"summary_large_image","twitter_creator":"@x.com\/ubirataonline","twitter_site":"@ubirataonline","twitter_misc":{"Written by":"REDA\u00c7\u00c3O: UBIRAT\u00c3 ONLINE - F\u00c1BIO AUGUSTO CELESTINO","Est. reading time":"3 minutes"},"schema":{"@context":"https:\/\/schema.org","@graph":[{"@type":"NewsArticle","@id":"https:\/\/ubirataonline.com.br\/mike-dunleavy-denies-putting-draymond-green-in-trade-talks\/#article","isPartOf":{"@id":"https:\/\/ubirataonline.com.br\/mike-dunleavy-denies-putting-draymond-green-in-trade-talks\/"},"author":{"name":"REDA\u00c7\u00c3O: UBIRAT\u00c3 ONLINE - F\u00c1BIO AUGUSTO CELESTINO","@id":"https:\/\/ubirataonline.com.br\/#\/schema\/person\/372f87bbd3fdd79b8556b84c98d0bc1c"},"headline":"Mike Dunleavy denies putting Draymond Green in trade talks","datePublished":"2026-02-08T04:50:28+00:00","dateModified":"2026-02-08T04:50:34+00:00","mainEntityOfPage":{"@id":"https:\/\/ubirataonline.com.br\/mike-dunleavy-denies-putting-draymond-green-in-trade-talks\/"},"wordCount":550,"publisher":{"@id":"https:\/\/ubirataonline.com.br\/#organization"},"image":{"@id":"https:\/\/ubirataonline.com.br\/mike-dunleavy-denies-putting-draymond-green-in-trade-talks\/#primaryimage"},"thumbnailUrl":"https:\/\/ubirataonline.com.br\/wp-content\/uploads\/2026\/02\/Mike-Dunleavy-denies-putting-Draymond-Green-in-trade-talks.jpeg","keywords":["denies","Draymond","Dunleavy","Green","Mike","Putting","talks","Trade"],"articleSection":["Brasil"],"inLanguage":"en-US","copyrightYear":"2026","copyrightHolder":{"@id":"https:\/\/ubirataonline.com.br\/en\/#organization"}},{"@type":"WebPage","@id":"https:\/\/ubirataonline.com.br\/mike-dunleavy-denies-putting-draymond-green-in-trade-talks\/","url":"https:\/\/ubirataonline.com.br\/mike-dunleavy-denies-putting-draymond-green-in-trade-talks\/","name":"Mike Dunleavy denies putting Draymond Green in trade talks - Ubirat\u00e3 Online Not\u00edcias - A realidade ao seu alcance!","isPartOf":{"@id":"https:\/\/ubirataonline.com.br\/#website"},"primaryImageOfPage":{"@id":"https:\/\/ubirataonline.com.br\/mike-dunleavy-denies-putting-draymond-green-in-trade-talks\/#primaryimage"},"image":{"@id":"https:\/\/ubirataonline.com.br\/mike-dunleavy-denies-putting-draymond-green-in-trade-talks\/#primaryimage"},"thumbnailUrl":"https:\/\/ubirataonline.com.br\/wp-content\/uploads\/2026\/02\/Mike-Dunleavy-denies-putting-Draymond-Green-in-trade-talks.jpeg","datePublished":"2026-02-08T04:50:28+00:00","dateModified":"2026-02-08T04:50:34+00:00","description":"LOS ANGELES -- Golden State Warriors general manager Mike Dunleavy denied that Draymond Green was in active trade conversations in advance of this week's","breadcrumb":{"@id":"https:\/\/ubirataonline.com.br\/mike-dunleavy-denies-putting-draymond-green-in-trade-talks\/#breadcrumb"},"inLanguage":"en-US","potentialAction":[{"@type":"ReadAction","target":["https:\/\/ubirataonline.com.br\/mike-dunleavy-denies-putting-draymond-green-in-trade-talks\/"]}]},{"@type":"ImageObject","inLanguage":"en-US","@id":"https:\/\/ubirataonline.com.br\/mike-dunleavy-denies-putting-draymond-green-in-trade-talks\/#primaryimage","url":"https:\/\/ubirataonline.com.br\/wp-content\/uploads\/2026\/02\/Mike-Dunleavy-denies-putting-Draymond-Green-in-trade-talks.jpeg","contentUrl":"https:\/\/ubirataonline.com.br\/wp-content\/uploads\/2026\/02\/Mike-Dunleavy-denies-putting-Draymond-Green-in-trade-talks.jpeg","width":1296,"height":729,"caption":"Perk on Porzingis trade: \u2018It does absolutely nothing for me\u2019 (1:17)Kendrick Perkins analyzes what it means for the Golden State Warriors to acquire Kristaps Porzi\u0146gis. (1:17)"},{"@type":"BreadcrumbList","@id":"https:\/\/ubirataonline.com.br\/mike-dunleavy-denies-putting-draymond-green-in-trade-talks\/#breadcrumb","itemListElement":[{"@type":"ListItem","position":1,"name":"In\u00edcio","item":"https:\/\/ubirataonline.com.br\/"},{"@type":"ListItem","position":2,"name":"Mike Dunleavy denies putting Draymond Green in trade talks"}]},{"@type":"WebSite","@id":"https:\/\/ubirataonline.com.br\/#website","url":"https:\/\/ubirataonline.com.br\/","name":"Ubirat\u00e3 Online Not\u00edcias","description":"Not\u00edcias de Ubirat\u00e3, regi\u00e3o, Brasil e mundo, com informa\u00e7\u00e3o atualizada e compromisso com o leitor.","publisher":{"@id":"https:\/\/ubirataonline.com.br\/#organization"},"alternateName":"Ubirat\u00e3 Online","potentialAction":[{"@type":"SearchAction","target":{"@type":"EntryPoint","urlTemplate":"https:\/\/ubirataonline.com.br\/?s={search_term_string}"},"query-input":{"@type":"PropertyValueSpecification","valueRequired":true,"valueName":"search_term_string"}}],"inLanguage":"en-US"},{"@type":["Organization","Place"],"@id":"https:\/\/ubirataonline.com.br\/#organization","name":"Ubirat\u00e3 Online Not\u00edcias","alternateName":"Ubirat\u00e3 Online","url":"https:\/\/ubirataonline.com.br\/","logo":{"@id":"https:\/\/ubirataonline.com.br\/mike-dunleavy-denies-putting-draymond-green-in-trade-talks\/#local-main-organization-logo"},"image":{"@id":"https:\/\/ubirataonline.com.br\/mike-dunleavy-denies-putting-draymond-green-in-trade-talks\/#local-main-organization-logo"},"sameAs":["https:\/\/www.facebook.com\/portalubirataonline","https:\/\/x.com\/ubirataonline","https:\/\/mastodon.social\/@ubirataonline","https:\/\/www.facebook.com\/groups\/311144672285604","https:\/\/www.facebook.com\/UBTAOnline","https:\/\/www.instagram.com\/portalubirataonline\/","https:\/\/twitter.com\/ubirataonline"],"description":"Somos um portal de not\u00edcias independente, criado em 5 de janeiro de 2009, com o objetivo de informar, conectar e valorizar a nossa comunidade de Ubirat\u00e3 e toda aregi\u00e3o. Com conte\u00fado atualizado, confi\u00e1vel e relevante, o Ubirat\u00e3 Online \u00e9 o seu espa\u00e7o para ficar por dentro dos principais acontecimentos locais, regionais, Brasil, Mundo e de interesse geral. Nosso compromisso \u00e9 com a verdade, a transpar\u00eancia e o respeito ao leitor.","legalName":"UBIRATA ONLINE NOT\u00cdCIAS","foundingDate":"2009-01-05","numberOfEmployees":{"@type":"QuantitativeValue","minValue":"1","maxValue":"10"},"publishingPrinciples":"https:\/\/ubirataonline.com.br\/faq\/","address":{"@id":"https:\/\/ubirataonline.com.br\/mike-dunleavy-denies-putting-draymond-green-in-trade-talks\/#local-main-place-address"},"geo":{"@type":"GeoCoordinates","latitude":"-24.5361401","longitude":"-52.9921776"},"telephone":["+5544998308235"],"contactPoint":{"@type":"ContactPoint","email":"contato@ubirataonline.com.br"},"openingHoursSpecification":{"@type":"OpeningHoursSpecification","dayOfWeek":["Monday","Tuesday","Wednesday","Thursday","Friday","Saturday","Sunday"],"opens":"00:00","closes":"23:59"},"email":"contato@ubirataonline.com.br","vatID":"47.621.418\/0001-80"},{"@type":"Person","@id":"https:\/\/ubirataonline.com.br\/#\/schema\/person\/372f87bbd3fdd79b8556b84c98d0bc1c","name":"REDA\u00c7\u00c3O: UBIRAT\u00c3 ONLINE - F\u00c1BIO AUGUSTO CELESTINO","pronouns":"Ele","description":"Desde 2003 trabalhando com not\u00edcias.","sameAs":["http:\/\/ubirataoline.com.br","https:\/\/www.facebook.com\/portalubirataonline","https:\/\/www.instagram.com\/ubirataonline_oficial","https:\/\/x.com\/x.com\/ubirataonline"],"honorificPrefix":"Mr.","honorificSuffix":"MD","birthDate":"1980-06-16","gender":"masculino","award":["V\u00e1rios pr\u00eamios de melhor portal da cidade"],"jobTitle":"Diretor","url":"https:\/\/ubirataonline.com.br\/en\/author\/ubirataonline\/"},{"@type":"PostalAddress","@id":"https:\/\/ubirataonline.com.br\/mike-dunleavy-denies-putting-draymond-green-in-trade-talks\/#local-main-place-address","streetAddress":"Rua dos Coqueiros, 104 - Bairro Boa Vista, Rua dos Coqueiros, 104 Bairro Boa Vista","addressLocality":"UBIRATA","postalCode":"85440-000","addressRegion":"PR","addressCountry":"BR"},{"@type":"ImageObject","inLanguage":"en-US","@id":"https:\/\/ubirataonline.com.br\/mike-dunleavy-denies-putting-draymond-green-in-trade-talks\/#local-main-organization-logo","url":"https:\/\/ubirataonline.com.br\/wp-content\/uploads\/2026\/06\/logoubirataonline-1.webp","contentUrl":"https:\/\/ubirataonline.com.br\/wp-content\/uploads\/2026\/06\/logoubirataonline-1.webp","width":500,"height":500,"caption":"Ubirat\u00e3 Online Not\u00edcias"}]},"geo.placename":"UBIRATA","geo.position":{"lat":"-24.5361401","long":"-52.9921776"},"geo.region":"Brazil"},"_links":{"self":[{"href":"https:\/\/ubirataonline.com.br\/en\/wp-json\/wp\/v2\/posts\/85439","targetHints":{"allow":["GET"]}}],"collection":[{"href":"https:\/\/ubirataonline.com.br\/en\/wp-json\/wp\/v2\/posts"}],"about":[{"href":"https:\/\/ubirataonline.com.br\/en\/wp-json\/wp\/v2\/types\/post"}],"author":[{"embeddable":true,"href":"https:\/\/ubirataonline.com.br\/en\/wp-json\/wp\/v2\/users\/1"}],"replies":[{"embeddable":true,"href":"https:\/\/ubirataonline.com.br\/en\/wp-json\/wp\/v2\/comments?post=85439"}],"version-history":[{"count":0,"href":"https:\/\/ubirataonline.com.br\/en\/wp-json\/wp\/v2\/posts\/85439\/revisions"}],"wp:featuredmedia":[{"embeddable":true,"href":"https:\/\/ubirataonline.com.br\/en\/wp-json\/wp\/v2\/media\/85440"}],"wp:attachment":[{"href":"https:\/\/ubirataonline.com.br\/en\/wp-json\/wp\/v2\/media?parent=85439"}],"wp:term":[{"taxonomy":"category","embeddable":true,"href":"https:\/\/ubirataonline.com.br\/en\/wp-json\/wp\/v2\/categories?post=85439"},{"taxonomy":"post_tag","embeddable":true,"href":"https:\/\/ubirataonline.com.br\/en\/wp-json\/wp\/v2\/tags?post=85439"}],"curies":[{"name":"wp","href":"https:\/\/api.w.org\/{rel}","templated":true}]}}