{"id":85449,"date":"2026-02-08T02:57:55","date_gmt":"2026-02-08T05:57:55","guid":{"rendered":"https:\/\/ubirataonline.com.br\/legendary-rock-bands-founding-member-says-2026-will-probably-be-it-for-group\/"},"modified":"2026-02-08T02:57:57","modified_gmt":"2026-02-08T05:57:57","slug":"legendary-rock-bands-founding-member-says-2026-will-probably-be-it-for-group","status":"publish","type":"post","link":"https:\/\/ubirataonline.com.br\/en\/legendary-rock-bands-founding-member-says-2026-will-probably-be-it-for-group\/","title":{"rendered":"Legendary rock band\u2019s founding member says 2026 \u2018will probably be it\u2019 for group"},"content":{"rendered":"<p><br \/>\n<\/p>\n<div data-article-body=\"true\">\n<p class=\"mb-4 text-lg md:leading-8 break-words\">Fans of the Eagles got some bad news this week after Don Henley, the group\u2019s last remaining founing member, told \u201cCBS Sunday Morning\u201d that 2026 will likely be the final year for the legendary band.<\/p>\n<p class=\"mb-4 text-lg md:leading-8 break-words\">\u201cI think this will probably be it,\u201d Henley said in the interview according to Ultimate Classic Rock. \u201cI feel like were getting toward the end, and that will be fine, too.\u201d<\/p>\n<p class=\"mb-4 text-lg md:leading-8 break-words\">The iconic group currently has a string of shows slated for the Sphere in Las Vegas that runs through March, and another show scheduled for May 2 at the New Orleans Jazz &amp; Heritage Festival.<\/p>\n<p class=\"mb-4 text-lg md:leading-8 break-words\"><a href=\"https:\/\/www.msn.com\/en-us\/entertainment\/news\/don-henley-says-eagles-will-probably-stop-performing-after-this-year\/ar-AA1VQkGB?ocid=entnewsntp&amp;pc=U531&amp;cvid=6986c360ce31483389162f2e525bd0c1&amp;ei=9\" rel=\"nofollow noopener\" target=\"_blank\" data-ylk=\"slk:Ultimate Classic Rock reported;elm:context_link;itc:0;sec:content-canvas\" class=\"link\"><b>Ultimate Classic Rock reported<\/b> <\/a>that Henley was asked if he thought 2026 would be the band\u2019s final year.<\/p>\n<p class=\"mb-4 text-lg md:leading-8 break-words\">\u201cI think so, yeah,\u201d he replied. \u201cAnd I am OK with that.\u201d<\/p>\n<p class=\"mb-4 text-lg md:leading-8 break-words\">The outlet said that Henley was asked why he felt like this might be it, and he said he would like to spend more time with his family.<\/p>\n<p class=\"mb-4 text-lg md:leading-8 break-words\">\u201cAnd I would like to spend more time growing vegetables,\u201d he added.<\/p>\n<p class=\"mb-4 text-lg md:leading-8 break-words\">He also said he would like to travel.<\/p>\n<p class=\"mb-4 text-lg md:leading-8 break-words\">\u201cWe see the airports and the hotel room and the venue, and we don\u2019t get out much,\u201d he said. \u201cI\u2019d like to go back to the places I\u2019ve been and see more of those places before it all disappears.\u201d<\/p>\n<p class=\"mb-4 text-lg md:leading-8 break-words\">Henley said in the interview that he does not want to have \u201ca one-dimensional life.\u201d<\/p>\n<p class=\"mb-4 text-lg md:leading-8 break-words\">\u201cThis is great, this is wonderful, but there are other things,\u201d he said. \u201cThere\u2019s just lots of other things to do.\u201d<\/p>\n<p class=\"mb-4 text-lg md:leading-8 break-words\">Ultimate Classic Rock noted that the Eagles split in 1980 before reuniting in 1994. Glenn Frey, who co-founded the band with Henley, died in 2016 and was replaced by Vince Gill.<\/p>\n<p class=\"mb-4 text-lg md:leading-8 break-words\">The Eagles formed in 1971 and the band has had an iconic run with six Grammys and six number-one albums. The group was inducted into the Rock and Roll Hall of Fame in 1998.<\/p>\n<p class=\"mb-4 text-lg md:leading-8 break-words\">Read the original article on <a href=\"https:\/\/www.pennlive.com\/entertainment\/2026\/02\/legendary-rock-bands-founding-member-says-2026-will-probably-be-it-for-group.html\" rel=\"nofollow noopener\" target=\"_blank\" data-ylk=\"slk:pennlive.com;elm:context_link;itc:0;sec:content-canvas\" class=\"link\">pennlive.com<\/a>.<\/p>\n<\/div>\n<p><br \/>\n<br \/><a href=\"https:\/\/www.yahoo.com\/entertainment\/music\/articles\/legendary-rock-band-founding-member-100045976.html\">Source link <\/a><\/p>","protected":false},"excerpt":{"rendered":"<p>Fans of the Eagles got some bad news this week after Don Henley, the group\u2019s last remaining founing member, told \u201cCBS Sunday Morning\u201d that 2026 will likely be the final year for the legendary band. \u201cI think this will probably be it,\u201d Henley said in the interview according to Ultimate Classic Rock. \u201cI feel like [&hellip;]<\/p>\n","protected":false},"author":1,"featured_media":85450,"comment_status":"closed","ping_status":"","sticky":false,"template":"","format":"standard","meta":{"googlesitekit_rrm_CAow2JLhCw:productID":"","_gspb_post_css":"","maa_idioma":"","maa_pais":"","footnotes":""},"categories":[2725],"tags":[17775,9699,9700,9098,9135,8677],"class_list":["post-85449","post","type-post","status-publish","format-standard","has-post-thumbnail","hentry","category-europe","tag-bands","tag-founding","tag-group","tag-legendary","tag-member","tag-rock"],"blocksy_meta":[],"yoast_head":"<!-- This site is optimized with the Yoast SEO Premium plugin v27.6 (Yoast SEO v27.6) - https:\/\/yoast.com\/product\/yoast-seo-premium-wordpress\/ -->\n<title>Legendary rock band\u2019s founding member says 2026 \u2018will probably be it\u2019 for group - Ubirat\u00e3 Online Not\u00edcias - A realidade ao seu alcance!<\/title>\n<meta name=\"description\" content=\"Fans of the Eagles got some bad news this week after Don Henley, the group\u2019s last remaining founing member, told \u201cCBS Sunday Morning\u201d that 2026 will\" \/>\n<meta name=\"robots\" content=\"index, follow, max-snippet:-1, max-image-preview:large, max-video-preview:-1\" \/>\n<link rel=\"canonical\" href=\"https:\/\/ubirataonline.com.br\/en\/legendary-rock-bands-founding-member-says-2026-will-probably-be-it-for-group\/\" \/>\n<meta property=\"og:locale\" content=\"en_US\" \/>\n<meta property=\"og:type\" content=\"article\" \/>\n<meta property=\"og:title\" content=\"Legendary rock band\u2019s founding member says 2026 \u2018will probably be it\u2019 for group\" \/>\n<meta property=\"og:description\" content=\"Fans of the Eagles got some bad news this week after Don Henley, the group\u2019s last remaining founing member, told \u201cCBS Sunday Morning\u201d that 2026 will\" \/>\n<meta property=\"og:url\" content=\"https:\/\/ubirataonline.com.br\/en\/legendary-rock-bands-founding-member-says-2026-will-probably-be-it-for-group\/\" \/>\n<meta property=\"og:site_name\" content=\"Ubirat\u00e3 Online Not\u00edcias - A realidade ao seu alcance!\" \/>\n<meta property=\"article:publisher\" content=\"https:\/\/www.facebook.com\/portalubirataonline\" \/>\n<meta property=\"article:author\" content=\"https:\/\/www.facebook.com\/portalubirataonline\" \/>\n<meta property=\"article:published_time\" content=\"2026-02-08T05:57:55+00:00\" \/>\n<meta property=\"article:modified_time\" content=\"2026-02-08T05:57:57+00:00\" \/>\n<meta property=\"og:image\" content=\"https:\/\/ubirataonline.com.br\/wp-content\/uploads\/2026\/02\/Legendary-rock-bands-founding-member-says-2026-\u2018will-probably-be.jpeg\" \/>\n\t<meta property=\"og:image:width\" content=\"1200\" \/>\n\t<meta property=\"og:image:height\" content=\"800\" \/>\n\t<meta property=\"og:image:type\" content=\"image\/jpeg\" \/>\n<meta name=\"author\" content=\"REDA\u00c7\u00c3O: UBIRAT\u00c3 ONLINE - F\u00c1BIO AUGUSTO CELESTINO\" \/>\n<meta name=\"twitter:card\" content=\"summary_large_image\" \/>\n<meta name=\"twitter:creator\" content=\"@x.com\/ubirataonline\" \/>\n<meta name=\"twitter:site\" content=\"@ubirataonline\" \/>\n<meta name=\"twitter:label1\" content=\"Written by\" \/>\n\t<meta name=\"twitter:data1\" content=\"REDA\u00c7\u00c3O: UBIRAT\u00c3 ONLINE - F\u00c1BIO AUGUSTO CELESTINO\" \/>\n\t<meta name=\"twitter:label2\" content=\"Est. reading time\" \/>\n\t<meta name=\"twitter:data2\" content=\"2 minutes\" \/>\n<script type=\"application\/ld+json\" class=\"yoast-schema-graph\">{\"@context\":\"https:\\\/\\\/schema.org\",\"@graph\":[{\"@type\":\"NewsArticle\",\"@id\":\"https:\\\/\\\/ubirataonline.com.br\\\/legendary-rock-bands-founding-member-says-2026-will-probably-be-it-for-group\\\/#article\",\"isPartOf\":{\"@id\":\"https:\\\/\\\/ubirataonline.com.br\\\/legendary-rock-bands-founding-member-says-2026-will-probably-be-it-for-group\\\/\"},\"author\":{\"name\":\"REDA\u00c7\u00c3O: UBIRAT\u00c3 ONLINE - F\u00c1BIO AUGUSTO CELESTINO\",\"@id\":\"https:\\\/\\\/ubirataonline.com.br\\\/#\\\/schema\\\/person\\\/372f87bbd3fdd79b8556b84c98d0bc1c\"},\"headline\":\"Legendary rock band\u2019s founding member says 2026 \u2018will probably be it\u2019 for group\",\"datePublished\":\"2026-02-08T05:57:55+00:00\",\"dateModified\":\"2026-02-08T05:57:57+00:00\",\"mainEntityOfPage\":{\"@id\":\"https:\\\/\\\/ubirataonline.com.br\\\/legendary-rock-bands-founding-member-says-2026-will-probably-be-it-for-group\\\/\"},\"wordCount\":341,\"publisher\":{\"@id\":\"https:\\\/\\\/ubirataonline.com.br\\\/#organization\"},\"image\":{\"@id\":\"https:\\\/\\\/ubirataonline.com.br\\\/legendary-rock-bands-founding-member-says-2026-will-probably-be-it-for-group\\\/#primaryimage\"},\"thumbnailUrl\":\"https:\\\/\\\/ubirataonline.com.br\\\/wp-content\\\/uploads\\\/2026\\\/02\\\/Legendary-rock-bands-founding-member-says-2026-\u2018will-probably-be.jpeg\",\"keywords\":[\"bands\",\"founding\",\"group\",\"Legendary\",\"member\",\"rock\"],\"articleSection\":[\"Europe\"],\"inLanguage\":\"en-US\",\"copyrightYear\":\"2026\",\"copyrightHolder\":{\"@id\":\"https:\\\/\\\/ubirataonline.com.br\\\/en\\\/#organization\"}},{\"@type\":\"WebPage\",\"@id\":\"https:\\\/\\\/ubirataonline.com.br\\\/legendary-rock-bands-founding-member-says-2026-will-probably-be-it-for-group\\\/\",\"url\":\"https:\\\/\\\/ubirataonline.com.br\\\/legendary-rock-bands-founding-member-says-2026-will-probably-be-it-for-group\\\/\",\"name\":\"Legendary rock band\u2019s founding member says 2026 \u2018will probably be it\u2019 for group - Ubirat\u00e3 Online Not\u00edcias - A realidade ao seu alcance!\",\"isPartOf\":{\"@id\":\"https:\\\/\\\/ubirataonline.com.br\\\/#website\"},\"primaryImageOfPage\":{\"@id\":\"https:\\\/\\\/ubirataonline.com.br\\\/legendary-rock-bands-founding-member-says-2026-will-probably-be-it-for-group\\\/#primaryimage\"},\"image\":{\"@id\":\"https:\\\/\\\/ubirataonline.com.br\\\/legendary-rock-bands-founding-member-says-2026-will-probably-be-it-for-group\\\/#primaryimage\"},\"thumbnailUrl\":\"https:\\\/\\\/ubirataonline.com.br\\\/wp-content\\\/uploads\\\/2026\\\/02\\\/Legendary-rock-bands-founding-member-says-2026-\u2018will-probably-be.jpeg\",\"datePublished\":\"2026-02-08T05:57:55+00:00\",\"dateModified\":\"2026-02-08T05:57:57+00:00\",\"description\":\"Fans of the Eagles got some bad news this week after Don Henley, the group\u2019s last remaining founing member, told \u201cCBS Sunday Morning\u201d that 2026 will\",\"breadcrumb\":{\"@id\":\"https:\\\/\\\/ubirataonline.com.br\\\/legendary-rock-bands-founding-member-says-2026-will-probably-be-it-for-group\\\/#breadcrumb\"},\"inLanguage\":\"en-US\",\"potentialAction\":[{\"@type\":\"ReadAction\",\"target\":[\"https:\\\/\\\/ubirataonline.com.br\\\/legendary-rock-bands-founding-member-says-2026-will-probably-be-it-for-group\\\/\"]}]},{\"@type\":\"ImageObject\",\"inLanguage\":\"en-US\",\"@id\":\"https:\\\/\\\/ubirataonline.com.br\\\/legendary-rock-bands-founding-member-says-2026-will-probably-be-it-for-group\\\/#primaryimage\",\"url\":\"https:\\\/\\\/ubirataonline.com.br\\\/wp-content\\\/uploads\\\/2026\\\/02\\\/Legendary-rock-bands-founding-member-says-2026-\u2018will-probably-be.jpeg\",\"contentUrl\":\"https:\\\/\\\/ubirataonline.com.br\\\/wp-content\\\/uploads\\\/2026\\\/02\\\/Legendary-rock-bands-founding-member-says-2026-\u2018will-probably-be.jpeg\",\"width\":1200,\"height\":800,\"caption\":\"Legendary rock band\u2019s founding member says 2026 \u2018will probably be it\u2019 for group\"},{\"@type\":\"BreadcrumbList\",\"@id\":\"https:\\\/\\\/ubirataonline.com.br\\\/legendary-rock-bands-founding-member-says-2026-will-probably-be-it-for-group\\\/#breadcrumb\",\"itemListElement\":[{\"@type\":\"ListItem\",\"position\":1,\"name\":\"In\u00edcio\",\"item\":\"https:\\\/\\\/ubirataonline.com.br\\\/\"},{\"@type\":\"ListItem\",\"position\":2,\"name\":\"Legendary rock band\u2019s founding member says 2026 \u2018will probably be it\u2019 for group\"}]},{\"@type\":\"WebSite\",\"@id\":\"https:\\\/\\\/ubirataonline.com.br\\\/#website\",\"url\":\"https:\\\/\\\/ubirataonline.com.br\\\/\",\"name\":\"Ubirat\u00e3 Online Not\u00edcias\",\"description\":\"Not\u00edcias de Ubirat\u00e3, regi\u00e3o, Brasil e mundo, com informa\u00e7\u00e3o atualizada e compromisso com o leitor.\",\"publisher\":{\"@id\":\"https:\\\/\\\/ubirataonline.com.br\\\/#organization\"},\"alternateName\":\"Ubirat\u00e3 Online\",\"potentialAction\":[{\"@type\":\"SearchAction\",\"target\":{\"@type\":\"EntryPoint\",\"urlTemplate\":\"https:\\\/\\\/ubirataonline.com.br\\\/?s={search_term_string}\"},\"query-input\":{\"@type\":\"PropertyValueSpecification\",\"valueRequired\":true,\"valueName\":\"search_term_string\"}}],\"inLanguage\":\"en-US\"},{\"@type\":[\"Organization\",\"Place\"],\"@id\":\"https:\\\/\\\/ubirataonline.com.br\\\/#organization\",\"name\":\"Ubirat\u00e3 Online Not\u00edcias\",\"alternateName\":\"Ubirat\u00e3 Online\",\"url\":\"https:\\\/\\\/ubirataonline.com.br\\\/\",\"logo\":{\"@id\":\"https:\\\/\\\/ubirataonline.com.br\\\/legendary-rock-bands-founding-member-says-2026-will-probably-be-it-for-group\\\/#local-main-organization-logo\"},\"image\":{\"@id\":\"https:\\\/\\\/ubirataonline.com.br\\\/legendary-rock-bands-founding-member-says-2026-will-probably-be-it-for-group\\\/#local-main-organization-logo\"},\"sameAs\":[\"https:\\\/\\\/www.facebook.com\\\/portalubirataonline\",\"https:\\\/\\\/x.com\\\/ubirataonline\",\"https:\\\/\\\/mastodon.social\\\/@ubirataonline\",\"https:\\\/\\\/www.facebook.com\\\/groups\\\/311144672285604\",\"https:\\\/\\\/www.facebook.com\\\/UBTAOnline\",\"https:\\\/\\\/www.instagram.com\\\/portalubirataonline\\\/\",\"https:\\\/\\\/twitter.com\\\/ubirataonline\"],\"description\":\"Somos um portal de not\u00edcias independente, criado em 5 de janeiro de 2009, com o objetivo de informar, conectar e valorizar a nossa comunidade de Ubirat\u00e3 e toda aregi\u00e3o. Com conte\u00fado atualizado, confi\u00e1vel e relevante, o Ubirat\u00e3 Online \u00e9 o seu espa\u00e7o para ficar por dentro dos principais acontecimentos locais, regionais, Brasil, Mundo e de interesse geral. Nosso compromisso \u00e9 com a verdade, a transpar\u00eancia e o respeito ao leitor.\",\"legalName\":\"UBIRATA ONLINE NOT\u00cdCIAS\",\"foundingDate\":\"2009-01-05\",\"numberOfEmployees\":{\"@type\":\"QuantitativeValue\",\"minValue\":\"1\",\"maxValue\":\"10\"},\"publishingPrinciples\":\"https:\\\/\\\/ubirataonline.com.br\\\/faq\\\/\",\"address\":{\"@id\":\"https:\\\/\\\/ubirataonline.com.br\\\/legendary-rock-bands-founding-member-says-2026-will-probably-be-it-for-group\\\/#local-main-place-address\"},\"geo\":{\"@type\":\"GeoCoordinates\",\"latitude\":\"-24.5361401\",\"longitude\":\"-52.9921776\"},\"telephone\":[\"+5544998308235\"],\"contactPoint\":{\"@type\":\"ContactPoint\",\"email\":\"contato@ubirataonline.com.br\"},\"openingHoursSpecification\":{\"@type\":\"OpeningHoursSpecification\",\"dayOfWeek\":[\"Monday\",\"Tuesday\",\"Wednesday\",\"Thursday\",\"Friday\",\"Saturday\",\"Sunday\"],\"opens\":\"00:00\",\"closes\":\"23:59\"},\"email\":\"contato@ubirataonline.com.br\",\"vatID\":\"47.621.418\\\/0001-80\"},{\"@type\":\"Person\",\"@id\":\"https:\\\/\\\/ubirataonline.com.br\\\/#\\\/schema\\\/person\\\/372f87bbd3fdd79b8556b84c98d0bc1c\",\"name\":\"REDA\u00c7\u00c3O: UBIRAT\u00c3 ONLINE - F\u00c1BIO AUGUSTO CELESTINO\",\"pronouns\":\"Ele\",\"description\":\"Desde 2003 trabalhando com not\u00edcias.\",\"sameAs\":[\"http:\\\/\\\/ubirataoline.com.br\",\"https:\\\/\\\/www.facebook.com\\\/portalubirataonline\",\"https:\\\/\\\/www.instagram.com\\\/ubirataonline_oficial\",\"https:\\\/\\\/x.com\\\/x.com\\\/ubirataonline\"],\"honorificPrefix\":\"Mr.\",\"honorificSuffix\":\"MD\",\"birthDate\":\"1980-06-16\",\"gender\":\"masculino\",\"award\":[\"V\u00e1rios pr\u00eamios de melhor portal da cidade\"],\"jobTitle\":\"Diretor\",\"url\":\"https:\\\/\\\/ubirataonline.com.br\\\/en\\\/author\\\/ubirataonline\\\/\"},{\"@type\":\"PostalAddress\",\"@id\":\"https:\\\/\\\/ubirataonline.com.br\\\/legendary-rock-bands-founding-member-says-2026-will-probably-be-it-for-group\\\/#local-main-place-address\",\"streetAddress\":\"Rua dos Coqueiros, 104 - Bairro Boa Vista, Rua dos Coqueiros, 104 Bairro Boa Vista\",\"addressLocality\":\"UBIRATA\",\"postalCode\":\"85440-000\",\"addressRegion\":\"PR\",\"addressCountry\":\"BR\"},{\"@type\":\"ImageObject\",\"inLanguage\":\"en-US\",\"@id\":\"https:\\\/\\\/ubirataonline.com.br\\\/legendary-rock-bands-founding-member-says-2026-will-probably-be-it-for-group\\\/#local-main-organization-logo\",\"url\":\"https:\\\/\\\/ubirataonline.com.br\\\/wp-content\\\/uploads\\\/2026\\\/06\\\/logoubirataonline-1.webp\",\"contentUrl\":\"https:\\\/\\\/ubirataonline.com.br\\\/wp-content\\\/uploads\\\/2026\\\/06\\\/logoubirataonline-1.webp\",\"width\":500,\"height\":500,\"caption\":\"Ubirat\u00e3 Online Not\u00edcias\"}]}<\/script>\n<meta name=\"geo.placename\" content=\"UBIRATA\" \/>\n<meta name=\"geo.position\" content=\"-24.5361401;-52.9921776\" \/>\n<meta name=\"geo.region\" content=\"Brazil\" \/>\n<!-- \/ Yoast SEO Premium plugin. -->","yoast_head_json":{"title":"Legendary rock band\u2019s founding member says 2026 \u2018will probably be it\u2019 for group - Ubirat\u00e3 Online Not\u00edcias - A realidade ao seu alcance!","description":"Fans of the Eagles got some bad news this week after Don Henley, the group\u2019s last remaining founing member, told \u201cCBS Sunday Morning\u201d that 2026 will","robots":{"index":"index","follow":"follow","max-snippet":"max-snippet:-1","max-image-preview":"max-image-preview:large","max-video-preview":"max-video-preview:-1"},"canonical":"https:\/\/ubirataonline.com.br\/en\/legendary-rock-bands-founding-member-says-2026-will-probably-be-it-for-group\/","og_locale":"en_US","og_type":"article","og_title":"Legendary rock band\u2019s founding member says 2026 \u2018will probably be it\u2019 for group","og_description":"Fans of the Eagles got some bad news this week after Don Henley, the group\u2019s last remaining founing member, told \u201cCBS Sunday Morning\u201d that 2026 will","og_url":"https:\/\/ubirataonline.com.br\/en\/legendary-rock-bands-founding-member-says-2026-will-probably-be-it-for-group\/","og_site_name":"Ubirat\u00e3 Online Not\u00edcias - A realidade ao seu alcance!","article_publisher":"https:\/\/www.facebook.com\/portalubirataonline","article_author":"https:\/\/www.facebook.com\/portalubirataonline","article_published_time":"2026-02-08T05:57:55+00:00","article_modified_time":"2026-02-08T05:57:57+00:00","og_image":[{"width":1200,"height":800,"url":"https:\/\/ubirataonline.com.br\/wp-content\/uploads\/2026\/02\/Legendary-rock-bands-founding-member-says-2026-\u2018will-probably-be.jpeg","type":"image\/jpeg"}],"author":"REDA\u00c7\u00c3O: UBIRAT\u00c3 ONLINE - F\u00c1BIO AUGUSTO CELESTINO","twitter_card":"summary_large_image","twitter_creator":"@x.com\/ubirataonline","twitter_site":"@ubirataonline","twitter_misc":{"Written by":"REDA\u00c7\u00c3O: UBIRAT\u00c3 ONLINE - F\u00c1BIO AUGUSTO CELESTINO","Est. reading time":"2 minutes"},"schema":{"@context":"https:\/\/schema.org","@graph":[{"@type":"NewsArticle","@id":"https:\/\/ubirataonline.com.br\/legendary-rock-bands-founding-member-says-2026-will-probably-be-it-for-group\/#article","isPartOf":{"@id":"https:\/\/ubirataonline.com.br\/legendary-rock-bands-founding-member-says-2026-will-probably-be-it-for-group\/"},"author":{"name":"REDA\u00c7\u00c3O: UBIRAT\u00c3 ONLINE - F\u00c1BIO AUGUSTO CELESTINO","@id":"https:\/\/ubirataonline.com.br\/#\/schema\/person\/372f87bbd3fdd79b8556b84c98d0bc1c"},"headline":"Legendary rock band\u2019s founding member says 2026 \u2018will probably be it\u2019 for group","datePublished":"2026-02-08T05:57:55+00:00","dateModified":"2026-02-08T05:57:57+00:00","mainEntityOfPage":{"@id":"https:\/\/ubirataonline.com.br\/legendary-rock-bands-founding-member-says-2026-will-probably-be-it-for-group\/"},"wordCount":341,"publisher":{"@id":"https:\/\/ubirataonline.com.br\/#organization"},"image":{"@id":"https:\/\/ubirataonline.com.br\/legendary-rock-bands-founding-member-says-2026-will-probably-be-it-for-group\/#primaryimage"},"thumbnailUrl":"https:\/\/ubirataonline.com.br\/wp-content\/uploads\/2026\/02\/Legendary-rock-bands-founding-member-says-2026-\u2018will-probably-be.jpeg","keywords":["bands","founding","group","Legendary","member","rock"],"articleSection":["Europe"],"inLanguage":"en-US","copyrightYear":"2026","copyrightHolder":{"@id":"https:\/\/ubirataonline.com.br\/en\/#organization"}},{"@type":"WebPage","@id":"https:\/\/ubirataonline.com.br\/legendary-rock-bands-founding-member-says-2026-will-probably-be-it-for-group\/","url":"https:\/\/ubirataonline.com.br\/legendary-rock-bands-founding-member-says-2026-will-probably-be-it-for-group\/","name":"Legendary rock band\u2019s founding member says 2026 \u2018will probably be it\u2019 for group - Ubirat\u00e3 Online Not\u00edcias - A realidade ao seu alcance!","isPartOf":{"@id":"https:\/\/ubirataonline.com.br\/#website"},"primaryImageOfPage":{"@id":"https:\/\/ubirataonline.com.br\/legendary-rock-bands-founding-member-says-2026-will-probably-be-it-for-group\/#primaryimage"},"image":{"@id":"https:\/\/ubirataonline.com.br\/legendary-rock-bands-founding-member-says-2026-will-probably-be-it-for-group\/#primaryimage"},"thumbnailUrl":"https:\/\/ubirataonline.com.br\/wp-content\/uploads\/2026\/02\/Legendary-rock-bands-founding-member-says-2026-\u2018will-probably-be.jpeg","datePublished":"2026-02-08T05:57:55+00:00","dateModified":"2026-02-08T05:57:57+00:00","description":"Fans of the Eagles got some bad news this week after Don Henley, the group\u2019s last remaining founing member, told \u201cCBS Sunday Morning\u201d that 2026 will","breadcrumb":{"@id":"https:\/\/ubirataonline.com.br\/legendary-rock-bands-founding-member-says-2026-will-probably-be-it-for-group\/#breadcrumb"},"inLanguage":"en-US","potentialAction":[{"@type":"ReadAction","target":["https:\/\/ubirataonline.com.br\/legendary-rock-bands-founding-member-says-2026-will-probably-be-it-for-group\/"]}]},{"@type":"ImageObject","inLanguage":"en-US","@id":"https:\/\/ubirataonline.com.br\/legendary-rock-bands-founding-member-says-2026-will-probably-be-it-for-group\/#primaryimage","url":"https:\/\/ubirataonline.com.br\/wp-content\/uploads\/2026\/02\/Legendary-rock-bands-founding-member-says-2026-\u2018will-probably-be.jpeg","contentUrl":"https:\/\/ubirataonline.com.br\/wp-content\/uploads\/2026\/02\/Legendary-rock-bands-founding-member-says-2026-\u2018will-probably-be.jpeg","width":1200,"height":800,"caption":"Legendary rock band\u2019s founding member says 2026 \u2018will probably be it\u2019 for group"},{"@type":"BreadcrumbList","@id":"https:\/\/ubirataonline.com.br\/legendary-rock-bands-founding-member-says-2026-will-probably-be-it-for-group\/#breadcrumb","itemListElement":[{"@type":"ListItem","position":1,"name":"In\u00edcio","item":"https:\/\/ubirataonline.com.br\/"},{"@type":"ListItem","position":2,"name":"Legendary rock band\u2019s founding member says 2026 \u2018will probably be it\u2019 for group"}]},{"@type":"WebSite","@id":"https:\/\/ubirataonline.com.br\/#website","url":"https:\/\/ubirataonline.com.br\/","name":"Ubirat\u00e3 Online Not\u00edcias","description":"Not\u00edcias de Ubirat\u00e3, regi\u00e3o, Brasil e mundo, com informa\u00e7\u00e3o atualizada e compromisso com o leitor.","publisher":{"@id":"https:\/\/ubirataonline.com.br\/#organization"},"alternateName":"Ubirat\u00e3 Online","potentialAction":[{"@type":"SearchAction","target":{"@type":"EntryPoint","urlTemplate":"https:\/\/ubirataonline.com.br\/?s={search_term_string}"},"query-input":{"@type":"PropertyValueSpecification","valueRequired":true,"valueName":"search_term_string"}}],"inLanguage":"en-US"},{"@type":["Organization","Place"],"@id":"https:\/\/ubirataonline.com.br\/#organization","name":"Ubirat\u00e3 Online Not\u00edcias","alternateName":"Ubirat\u00e3 Online","url":"https:\/\/ubirataonline.com.br\/","logo":{"@id":"https:\/\/ubirataonline.com.br\/legendary-rock-bands-founding-member-says-2026-will-probably-be-it-for-group\/#local-main-organization-logo"},"image":{"@id":"https:\/\/ubirataonline.com.br\/legendary-rock-bands-founding-member-says-2026-will-probably-be-it-for-group\/#local-main-organization-logo"},"sameAs":["https:\/\/www.facebook.com\/portalubirataonline","https:\/\/x.com\/ubirataonline","https:\/\/mastodon.social\/@ubirataonline","https:\/\/www.facebook.com\/groups\/311144672285604","https:\/\/www.facebook.com\/UBTAOnline","https:\/\/www.instagram.com\/portalubirataonline\/","https:\/\/twitter.com\/ubirataonline"],"description":"Somos um portal de not\u00edcias independente, criado em 5 de janeiro de 2009, com o objetivo de informar, conectar e valorizar a nossa comunidade de Ubirat\u00e3 e toda aregi\u00e3o. Com conte\u00fado atualizado, confi\u00e1vel e relevante, o Ubirat\u00e3 Online \u00e9 o seu espa\u00e7o para ficar por dentro dos principais acontecimentos locais, regionais, Brasil, Mundo e de interesse geral. Nosso compromisso \u00e9 com a verdade, a transpar\u00eancia e o respeito ao leitor.","legalName":"UBIRATA ONLINE NOT\u00cdCIAS","foundingDate":"2009-01-05","numberOfEmployees":{"@type":"QuantitativeValue","minValue":"1","maxValue":"10"},"publishingPrinciples":"https:\/\/ubirataonline.com.br\/faq\/","address":{"@id":"https:\/\/ubirataonline.com.br\/legendary-rock-bands-founding-member-says-2026-will-probably-be-it-for-group\/#local-main-place-address"},"geo":{"@type":"GeoCoordinates","latitude":"-24.5361401","longitude":"-52.9921776"},"telephone":["+5544998308235"],"contactPoint":{"@type":"ContactPoint","email":"contato@ubirataonline.com.br"},"openingHoursSpecification":{"@type":"OpeningHoursSpecification","dayOfWeek":["Monday","Tuesday","Wednesday","Thursday","Friday","Saturday","Sunday"],"opens":"00:00","closes":"23:59"},"email":"contato@ubirataonline.com.br","vatID":"47.621.418\/0001-80"},{"@type":"Person","@id":"https:\/\/ubirataonline.com.br\/#\/schema\/person\/372f87bbd3fdd79b8556b84c98d0bc1c","name":"REDA\u00c7\u00c3O: UBIRAT\u00c3 ONLINE - F\u00c1BIO AUGUSTO CELESTINO","pronouns":"Ele","description":"Desde 2003 trabalhando com not\u00edcias.","sameAs":["http:\/\/ubirataoline.com.br","https:\/\/www.facebook.com\/portalubirataonline","https:\/\/www.instagram.com\/ubirataonline_oficial","https:\/\/x.com\/x.com\/ubirataonline"],"honorificPrefix":"Mr.","honorificSuffix":"MD","birthDate":"1980-06-16","gender":"masculino","award":["V\u00e1rios pr\u00eamios de melhor portal da cidade"],"jobTitle":"Diretor","url":"https:\/\/ubirataonline.com.br\/en\/author\/ubirataonline\/"},{"@type":"PostalAddress","@id":"https:\/\/ubirataonline.com.br\/legendary-rock-bands-founding-member-says-2026-will-probably-be-it-for-group\/#local-main-place-address","streetAddress":"Rua dos Coqueiros, 104 - Bairro Boa Vista, Rua dos Coqueiros, 104 Bairro Boa Vista","addressLocality":"UBIRATA","postalCode":"85440-000","addressRegion":"PR","addressCountry":"BR"},{"@type":"ImageObject","inLanguage":"en-US","@id":"https:\/\/ubirataonline.com.br\/legendary-rock-bands-founding-member-says-2026-will-probably-be-it-for-group\/#local-main-organization-logo","url":"https:\/\/ubirataonline.com.br\/wp-content\/uploads\/2026\/06\/logoubirataonline-1.webp","contentUrl":"https:\/\/ubirataonline.com.br\/wp-content\/uploads\/2026\/06\/logoubirataonline-1.webp","width":500,"height":500,"caption":"Ubirat\u00e3 Online Not\u00edcias"}]},"geo.placename":"UBIRATA","geo.position":{"lat":"-24.5361401","long":"-52.9921776"},"geo.region":"Brazil"},"_links":{"self":[{"href":"https:\/\/ubirataonline.com.br\/en\/wp-json\/wp\/v2\/posts\/85449","targetHints":{"allow":["GET"]}}],"collection":[{"href":"https:\/\/ubirataonline.com.br\/en\/wp-json\/wp\/v2\/posts"}],"about":[{"href":"https:\/\/ubirataonline.com.br\/en\/wp-json\/wp\/v2\/types\/post"}],"author":[{"embeddable":true,"href":"https:\/\/ubirataonline.com.br\/en\/wp-json\/wp\/v2\/users\/1"}],"replies":[{"embeddable":true,"href":"https:\/\/ubirataonline.com.br\/en\/wp-json\/wp\/v2\/comments?post=85449"}],"version-history":[{"count":0,"href":"https:\/\/ubirataonline.com.br\/en\/wp-json\/wp\/v2\/posts\/85449\/revisions"}],"wp:featuredmedia":[{"embeddable":true,"href":"https:\/\/ubirataonline.com.br\/en\/wp-json\/wp\/v2\/media\/85450"}],"wp:attachment":[{"href":"https:\/\/ubirataonline.com.br\/en\/wp-json\/wp\/v2\/media?parent=85449"}],"wp:term":[{"taxonomy":"category","embeddable":true,"href":"https:\/\/ubirataonline.com.br\/en\/wp-json\/wp\/v2\/categories?post=85449"},{"taxonomy":"post_tag","embeddable":true,"href":"https:\/\/ubirataonline.com.br\/en\/wp-json\/wp\/v2\/tags?post=85449"}],"curies":[{"name":"wp","href":"https:\/\/api.w.org\/{rel}","templated":true}]}}