{"id":85586,"date":"2026-02-08T16:52:28","date_gmt":"2026-02-08T19:52:28","guid":{"rendered":"https:\/\/ubirataonline.com.br\/vintage-culture-embala-pre-carnaval-eletronico-na-pedreira\/"},"modified":"2026-02-08T16:52:35","modified_gmt":"2026-02-08T19:52:35","slug":"vintage-culture-embala-pre-carnaval-eletronico-na-pedreira","status":"publish","type":"post","link":"https:\/\/ubirataonline.com.br\/en\/vintage-culture-embala-pre-carnaval-eletronico-na-pedreira\/","title":{"rendered":"Vintage Culture embala pr\u00e9-carnaval eletr\u00f4nico na Pedreira"},"content":{"rendered":"<p><\/p>\n<div id=\"post-content\">\n<p>Apesar de muita chuva, <strong>Curitiba<\/strong> teve o maior <strong>pr\u00e9-carnaval eletr\u00f4nico<\/strong> na <strong>Pedreira Paulo Leminski<\/strong>, com o show de Lukas Rafael Hespanhol Ruiz, conhecido mundialmente como <strong>Vintage Culture<\/strong>. Ele comandou um set de musicas de mais de tr\u00eas horas do evento, que teve ainda os DJs Scure B2 Bertoldi, Doozie e Departamento.<\/p>\n<p>Ap\u00f3s se apresentar em Curitiba, o Vintage Culture seguiu ap\u00f3s sua apresenta\u00e7\u00e3o para Bauru (SP). Veja o restante da agenda do artista:<\/p>\n<p>\u2022 12\/02\/2026: Salvador, BA (Camarote Salvador)<br \/>\u2022 14\/02\/2026: Cambori\u00fa, SC (Greenvalley \u2013 Carnaval)<br \/>\u2022 15\/02\/2026: Florian\u00f3polis, SC (P12 Jurer\u00ea Internacional)<br \/>\u2022 17\/02\/2026: Trancoso, BA (SOM Festival)<br \/>\u2022 20\/02\/2026: Rio de Janeiro, RJ (Boma \u2013 Museu do Amanh\u00e3)<br \/>\u2022 12\/03\/2026: Aspen, CO (Belly Up \u2013 EUA)<br \/>\u2022 24\/04\/2026: Ibiza, Espanha (Pach\u00e1 Ibiza)<\/p>\n<figure class=\"wp-block-gallery has-nested-images columns-default is-cropped wp-block-gallery-1 is-layout-flex wp-block-gallery-is-layout-flex\">\n<figure class=\"wp-block-image size-large\"><\/figure>\n<figure class=\"wp-block-image size-large\"><img loading=\"lazy\" decoding=\"async\" width=\"1472\" height=\"984\" data-id=\"3700521\" src=\"https:\/\/www.tribunapr.com.br\/wp-content\/uploads\/2026\/02\/08164406\/WhatsApp-Image-2026-02-07-at-19.36.58-1.jpeg\" alt=\"\" class=\"wp-image-3700521\" srcset=\"https:\/\/www.tribunapr.com.br\/wp-content\/uploads\/2026\/02\/08164406\/WhatsApp-Image-2026-02-07-at-19.36.58-1.jpeg 1472w, https:\/\/www.tribunapr.com.br\/wp-content\/uploads\/2026\/02\/08164406\/WhatsApp-Image-2026-02-07-at-19.36.58-1-257x171.jpeg 257w, https:\/\/www.tribunapr.com.br\/wp-content\/uploads\/2026\/02\/08164406\/WhatsApp-Image-2026-02-07-at-19.36.58-1-862x576.jpeg 862w, https:\/\/www.tribunapr.com.br\/wp-content\/uploads\/2026\/02\/08164406\/WhatsApp-Image-2026-02-07-at-19.36.58-1-150x100.jpeg 150w\" sizes=\"auto, (max-width: 1472px) 100vw, 1472px\"\/><\/figure>\n<figure class=\"wp-block-image size-large\"><img loading=\"lazy\" decoding=\"async\" width=\"1472\" height=\"984\" data-id=\"3700523\" src=\"https:\/\/www.tribunapr.com.br\/wp-content\/uploads\/2026\/02\/08164407\/WhatsApp-Image-2026-02-07-at-19.36.58.jpeg\" alt=\"\" class=\"wp-image-3700523\" srcset=\"https:\/\/www.tribunapr.com.br\/wp-content\/uploads\/2026\/02\/08164407\/WhatsApp-Image-2026-02-07-at-19.36.58.jpeg 1472w, https:\/\/www.tribunapr.com.br\/wp-content\/uploads\/2026\/02\/08164407\/WhatsApp-Image-2026-02-07-at-19.36.58-257x171.jpeg 257w, https:\/\/www.tribunapr.com.br\/wp-content\/uploads\/2026\/02\/08164407\/WhatsApp-Image-2026-02-07-at-19.36.58-862x576.jpeg 862w, https:\/\/www.tribunapr.com.br\/wp-content\/uploads\/2026\/02\/08164407\/WhatsApp-Image-2026-02-07-at-19.36.58-150x100.jpeg 150w\" sizes=\"auto, (max-width: 1472px) 100vw, 1472px\"\/><\/figure>\n<figure class=\"wp-block-image size-large\"><img loading=\"lazy\" decoding=\"async\" width=\"1472\" height=\"984\" data-id=\"3700520\" src=\"https:\/\/www.tribunapr.com.br\/wp-content\/uploads\/2026\/02\/08164407\/WhatsApp-Image-2026-02-07-at-19.36.57.jpeg\" alt=\"\" class=\"wp-image-3700520\" srcset=\"https:\/\/www.tribunapr.com.br\/wp-content\/uploads\/2026\/02\/08164407\/WhatsApp-Image-2026-02-07-at-19.36.57.jpeg 1472w, https:\/\/www.tribunapr.com.br\/wp-content\/uploads\/2026\/02\/08164407\/WhatsApp-Image-2026-02-07-at-19.36.57-257x171.jpeg 257w, https:\/\/www.tribunapr.com.br\/wp-content\/uploads\/2026\/02\/08164407\/WhatsApp-Image-2026-02-07-at-19.36.57-862x576.jpeg 862w, https:\/\/www.tribunapr.com.br\/wp-content\/uploads\/2026\/02\/08164407\/WhatsApp-Image-2026-02-07-at-19.36.57-150x100.jpeg 150w\" sizes=\"auto, (max-width: 1472px) 100vw, 1472px\"\/><\/figure>\n<figure class=\"wp-block-image size-large\"><img loading=\"lazy\" decoding=\"async\" width=\"1472\" height=\"984\" data-id=\"3700518\" src=\"https:\/\/www.tribunapr.com.br\/wp-content\/uploads\/2026\/02\/08164406\/WhatsApp-Image-2026-02-07-at-20.40.39-1.jpeg\" alt=\"\" class=\"wp-image-3700518\" srcset=\"https:\/\/www.tribunapr.com.br\/wp-content\/uploads\/2026\/02\/08164406\/WhatsApp-Image-2026-02-07-at-20.40.39-1.jpeg 1472w, https:\/\/www.tribunapr.com.br\/wp-content\/uploads\/2026\/02\/08164406\/WhatsApp-Image-2026-02-07-at-20.40.39-1-257x171.jpeg 257w, https:\/\/www.tribunapr.com.br\/wp-content\/uploads\/2026\/02\/08164406\/WhatsApp-Image-2026-02-07-at-20.40.39-1-862x576.jpeg 862w, https:\/\/www.tribunapr.com.br\/wp-content\/uploads\/2026\/02\/08164406\/WhatsApp-Image-2026-02-07-at-20.40.39-1-150x100.jpeg 150w\" sizes=\"auto, (max-width: 1472px) 100vw, 1472px\"\/><\/figure>\n<figure class=\"wp-block-image size-large\"><img loading=\"lazy\" decoding=\"async\" width=\"1472\" height=\"984\" data-id=\"3700522\" src=\"https:\/\/www.tribunapr.com.br\/wp-content\/uploads\/2026\/02\/08164407\/WhatsApp-Image-2026-02-07-at-20.40.39.jpeg\" alt=\"\" class=\"wp-image-3700522\" srcset=\"https:\/\/www.tribunapr.com.br\/wp-content\/uploads\/2026\/02\/08164407\/WhatsApp-Image-2026-02-07-at-20.40.39.jpeg 1472w, https:\/\/www.tribunapr.com.br\/wp-content\/uploads\/2026\/02\/08164407\/WhatsApp-Image-2026-02-07-at-20.40.39-257x171.jpeg 257w, https:\/\/www.tribunapr.com.br\/wp-content\/uploads\/2026\/02\/08164407\/WhatsApp-Image-2026-02-07-at-20.40.39-862x576.jpeg 862w, https:\/\/www.tribunapr.com.br\/wp-content\/uploads\/2026\/02\/08164407\/WhatsApp-Image-2026-02-07-at-20.40.39-150x100.jpeg 150w\" sizes=\"auto, (max-width: 1472px) 100vw, 1472px\"\/><\/figure>\n<figure class=\"wp-block-image size-large\"><img loading=\"lazy\" decoding=\"async\" width=\"1472\" height=\"984\" data-id=\"3700519\" src=\"https:\/\/www.tribunapr.com.br\/wp-content\/uploads\/2026\/02\/08164407\/WhatsApp-Image-2026-02-07-at-19.36.50-1.jpeg\" alt=\"\" class=\"wp-image-3700519\" srcset=\"https:\/\/www.tribunapr.com.br\/wp-content\/uploads\/2026\/02\/08164407\/WhatsApp-Image-2026-02-07-at-19.36.50-1.jpeg 1472w, https:\/\/www.tribunapr.com.br\/wp-content\/uploads\/2026\/02\/08164407\/WhatsApp-Image-2026-02-07-at-19.36.50-1-257x171.jpeg 257w, https:\/\/www.tribunapr.com.br\/wp-content\/uploads\/2026\/02\/08164407\/WhatsApp-Image-2026-02-07-at-19.36.50-1-862x576.jpeg 862w, https:\/\/www.tribunapr.com.br\/wp-content\/uploads\/2026\/02\/08164407\/WhatsApp-Image-2026-02-07-at-19.36.50-1-150x100.jpeg 150w\" sizes=\"auto, (max-width: 1472px) 100vw, 1472px\"\/><\/figure>\n<\/figure>\n<section class=\"virals\">\n<article class=\"cardnews cardnews--post cardnews--has-thumbnail cardnews--editorial-noticias\"> <a href=\"https:\/\/www.tribunapr.com.br\/noticias\/parana\/golpe-do-ipva-engana-profissional-da-tecnologia-no-parana-como-evitar-a-fraude\/?utm_source=noticias-virais-rodape&amp;utm_medium=internal-tribuna&amp;utm_campaign=tribuna\" class=\"cardnews__postlink\"> <\/p>\n<div class=\"cardnews__image\" is-api-thumb=\"\"><img decoding=\"async\" src=\"https:\/\/www.tribunapr.com.br\/wp-content\/uploads\/2026\/02\/06122251\/golpe-ipva-detranpr-370x210.jpeg\" loading=\"lazy\" alt=\"At\u00e9 especialistas ca\u00edram: o detalhe no boleto do IPVA que rouba seu dinheiro\"\/><\/div>\n<div class=\"cardnews__content cardhome__content\">\n<div class=\"cardnews__content-wrapper\">\n<p> <span style=\"\"> Fique atento! <\/span> <\/p>\n<p>At\u00e9 especialistas ca\u00edram: o detalhe no boleto do IPVA que rouba seu dinheiro<\/p>\n<\/p><\/div>\n<\/p><\/div>\n<p> <\/a> <\/article>\n<article class=\"cardnews cardnews--post cardnews--has-thumbnail cardnews--editorial-noticias\"> <a href=\"https:\/\/www.tribunapr.com.br\/noticias\/curitiba-regiao\/litoral-do-parana-passa-a-figurar-entre-os-mais-valorizados-do-pais\/?utm_source=noticias-virais-rodape&amp;utm_medium=internal-tribuna&amp;utm_campaign=tribuna\" class=\"cardnews__postlink\"> <\/p>\n<div class=\"cardnews__image\" is-api-thumb=\"\"><img decoding=\"async\" src=\"https:\/\/www.tribunapr.com.br\/wp-content\/uploads\/2026\/02\/04151141\/matinhos-litoral-370x210.jpg\" loading=\"lazy\" alt=\"Adeus, pre\u00e7os baixos? Esta regi\u00e3o do Paran\u00e1 virou a nova 'mina de ouro'\"\/><\/div>\n<div class=\"cardnews__content cardhome__content\">\n<div class=\"cardnews__content-wrapper\">\n<p> <span style=\"\"> Mercado imobili\u00e1rio <\/span> <\/p>\n<p>Adeus, pre\u00e7os baixos? Esta regi\u00e3o do Paran\u00e1 virou a nova &#8216;mina de ouro&#8217;<\/p>\n<\/p><\/div>\n<\/p><\/div>\n<p> <\/a> <\/article>\n<article class=\"cardnews cardnews--post cardnews--has-thumbnail cardnews--editorial-noticias\"> <a href=\"https:\/\/www.tribunapr.com.br\/blogs\/rango-barateza\/biscoitos-da-vovo-elza-tradicao-que-nasceu-do-afeto-e-conquistou-curitiba\/?utm_source=noticias-virais-rodape&amp;utm_medium=internal-tribuna&amp;utm_campaign=tribuna\" class=\"cardnews__postlink\"> <\/p>\n<div class=\"cardnews__image\" is-api-thumb=\"\"><img decoding=\"async\" src=\"https:\/\/www.tribunapr.com.br\/wp-content\/uploads\/2026\/02\/06135141\/vovo-elza-02-770x440-1-370x210.webp\" loading=\"lazy\" alt=\"O segredo de Curitiba: como uma receita de fam\u00edlia virou um imp\u00e9rio do afeto\"\/><\/div>\n<div class=\"cardnews__content cardhome__content\">\n<div class=\"cardnews__content-wrapper\">\n<p> <span style=\"\"> Rango Barateza! <\/span> <\/p>\n<p>O segredo de Curitiba: como uma receita de fam\u00edlia virou um imp\u00e9rio do afeto<\/p>\n<\/p><\/div>\n<\/p><\/div>\n<p> <\/a> <\/article>\n<\/section>\n<div id=\"tribuna-follow-cta\">\n<p> <span class=\"cta-title\">Siga a <span class=\"tribuna-color\">Tribuna<\/span> no Google, e acompanhe as \u00faltimas not\u00edcias de Curitiba e regi\u00e3o!<\/span> <\/p>\n<p> <a href=\"https:\/\/profile.google.com\/cp\/CgwvZy8xMmxxajUzM3Mac2h0dHBzOi8vd3d3LnRyaWJ1bmFwci5jb20uYnIvdml2YS92aXRyaW5lL2dpZ2FudGUtZG8tdmVzdHVhcmlvLXJlaW5hdWd1cmEtbG9qYS1lbS1zaG9wcGluZy10cmFkaWNpb25hbC1kZS1jdXJpdGliYS8iElRyaWJ1bmEgZG8gUGFyYW7DoSqAAwrHAWh0dHBzOi8vZW5jcnlwdGVkLXRibjIuZ3N0YXRpYy5jb20vZmF2aWNvbi10Ym4_cT10Ym46QU5kOUdjUVJPbjVDRjR6TzJPbkUwTXZrRlRCRTY2U0g1bGlaVDRaZTV3bWNKeU5GRm1BSnluM01nNU9PR3BXY1pYMzZwYU5HUWtsZ09JVEFLTTNNZVNGbTc1aWp6M3k2ajUtQ3M2b25kX2JUcFFQQkVLd3RsUjBsTmJESnUtVHhrNXQtbFlCNlVpOWZSVVFjT2cSswFodHRwczovL2VuY3J5cHRlZC10Ym4zLmdzdGF0aWMuY29tL2Zhdmljb24tdGJuP3E9dGJuJTNBQU5kOUdjU0FMaWJ2eFF0YXdFMFRueVdWWmVKRS1MZEdRZjVTUi1OZ2RMazhyZzIwVy1nM0JuQ1F4VDNKZFBjRXR2THdBeVRxUDJEdHVycEdVR29CQkxpYzM5al9wSmFxRERaMHNCYW05WEVhSGVsMmZTQmdKdlF4WWVyMw\" target=\"_blank\" title=\"Seguir a Tribuna no Google\">  <\/a> <\/div>\n<\/p><\/div>\n<p><a href=\"https:\/\/www.tribunapr.com.br\/mais-pop\/vintage-culture-embala-pre-carnaval-eletronico-na-pedreira\/\">Source link <\/a><\/p>","protected":false},"excerpt":{"rendered":"<p>Apesar de muita chuva, Curitiba teve o maior pr\u00e9-carnaval eletr\u00f4nico na Pedreira Paulo Leminski, com o show de Lukas Rafael Hespanhol Ruiz, conhecido mundialmente como Vintage Culture. Ele comandou um set de musicas de mais de tr\u00eas horas do evento, que teve ainda os DJs Scure B2 Bertoldi, Doozie e Departamento. Ap\u00f3s se apresentar em [&hellip;]<\/p>\n","protected":false},"author":1,"featured_media":85587,"comment_status":"closed","ping_status":"","sticky":false,"template":"","format":"standard","meta":{"googlesitekit_rrm_CAow2JLhCw:productID":"","_gspb_post_css":"","maa_idioma":"","maa_pais":"","footnotes":""},"categories":[1],"tags":[5328,17857,17856,17858,17339,17855],"class_list":["post-85586","post","type-post","status-publish","format-standard","has-post-thumbnail","hentry","category-ubirata","tag-culture","tag-eletronico","tag-embala","tag-pedreira","tag-precarnaval","tag-vintage"],"blocksy_meta":[],"yoast_head":"<!-- This site is optimized with the Yoast SEO Premium plugin v27.6 (Yoast SEO v27.6) - https:\/\/yoast.com\/product\/yoast-seo-premium-wordpress\/ -->\n<title>Vintage Culture embala pr\u00e9-carnaval eletr\u00f4nico na Pedreira - Ubirat\u00e3 Online Not\u00edcias - A realidade ao seu alcance!<\/title>\n<meta name=\"description\" content=\"Apesar de muita chuva, Curitiba teve o maior pr\u00e9-carnaval eletr\u00f4nico na Pedreira Paulo Leminski, com o show de Lukas Rafael Hespanhol Ruiz, conhecido\" \/>\n<meta name=\"robots\" content=\"index, follow, max-snippet:-1, max-image-preview:large, max-video-preview:-1\" \/>\n<link rel=\"canonical\" href=\"https:\/\/ubirataonline.com.br\/en\/vintage-culture-embala-pre-carnaval-eletronico-na-pedreira\/\" \/>\n<meta property=\"og:locale\" content=\"en_US\" \/>\n<meta property=\"og:type\" content=\"article\" \/>\n<meta property=\"og:title\" content=\"Vintage Culture embala pr\u00e9-carnaval eletr\u00f4nico na Pedreira\" \/>\n<meta property=\"og:description\" content=\"Apesar de muita chuva, Curitiba teve o maior pr\u00e9-carnaval eletr\u00f4nico na Pedreira Paulo Leminski, com o show de Lukas Rafael Hespanhol Ruiz, conhecido\" \/>\n<meta property=\"og:url\" content=\"https:\/\/ubirataonline.com.br\/en\/vintage-culture-embala-pre-carnaval-eletronico-na-pedreira\/\" \/>\n<meta property=\"og:site_name\" content=\"Ubirat\u00e3 Online Not\u00edcias - A realidade ao seu alcance!\" \/>\n<meta property=\"article:publisher\" content=\"https:\/\/www.facebook.com\/portalubirataonline\" \/>\n<meta property=\"article:author\" content=\"https:\/\/www.facebook.com\/portalubirataonline\" \/>\n<meta property=\"article:published_time\" content=\"2026-02-08T19:52:28+00:00\" \/>\n<meta property=\"article:modified_time\" content=\"2026-02-08T19:52:35+00:00\" \/>\n<meta property=\"og:image\" content=\"https:\/\/ubirataonline.com.br\/wp-content\/uploads\/2026\/02\/Vintage-Culture-embala-pre-carnaval-eletronico-na-Pedreira.jpeg\" \/>\n\t<meta property=\"og:image:width\" content=\"1600\" \/>\n\t<meta property=\"og:image:height\" content=\"1066\" \/>\n\t<meta property=\"og:image:type\" content=\"image\/jpeg\" \/>\n<meta name=\"author\" content=\"REDA\u00c7\u00c3O: UBIRAT\u00c3 ONLINE - F\u00c1BIO AUGUSTO CELESTINO\" \/>\n<meta name=\"twitter:card\" content=\"summary_large_image\" \/>\n<meta name=\"twitter:creator\" content=\"@x.com\/ubirataonline\" \/>\n<meta name=\"twitter:site\" content=\"@ubirataonline\" \/>\n<meta name=\"twitter:label1\" content=\"Written by\" \/>\n\t<meta name=\"twitter:data1\" content=\"REDA\u00c7\u00c3O: UBIRAT\u00c3 ONLINE - F\u00c1BIO AUGUSTO CELESTINO\" \/>\n\t<meta name=\"twitter:label2\" content=\"Est. reading time\" \/>\n\t<meta name=\"twitter:data2\" content=\"1 minute\" \/>\n<script type=\"application\/ld+json\" class=\"yoast-schema-graph\">{\"@context\":\"https:\\\/\\\/schema.org\",\"@graph\":[{\"@type\":\"NewsArticle\",\"@id\":\"https:\\\/\\\/ubirataonline.com.br\\\/vintage-culture-embala-pre-carnaval-eletronico-na-pedreira\\\/#article\",\"isPartOf\":{\"@id\":\"https:\\\/\\\/ubirataonline.com.br\\\/vintage-culture-embala-pre-carnaval-eletronico-na-pedreira\\\/\"},\"author\":{\"name\":\"REDA\u00c7\u00c3O: UBIRAT\u00c3 ONLINE - F\u00c1BIO AUGUSTO CELESTINO\",\"@id\":\"https:\\\/\\\/ubirataonline.com.br\\\/#\\\/schema\\\/person\\\/372f87bbd3fdd79b8556b84c98d0bc1c\"},\"headline\":\"Vintage Culture embala pr\u00e9-carnaval eletr\u00f4nico na Pedreira\",\"datePublished\":\"2026-02-08T19:52:28+00:00\",\"dateModified\":\"2026-02-08T19:52:35+00:00\",\"mainEntityOfPage\":{\"@id\":\"https:\\\/\\\/ubirataonline.com.br\\\/vintage-culture-embala-pre-carnaval-eletronico-na-pedreira\\\/\"},\"wordCount\":193,\"publisher\":{\"@id\":\"https:\\\/\\\/ubirataonline.com.br\\\/#organization\"},\"image\":{\"@id\":\"https:\\\/\\\/ubirataonline.com.br\\\/vintage-culture-embala-pre-carnaval-eletronico-na-pedreira\\\/#primaryimage\"},\"thumbnailUrl\":\"https:\\\/\\\/ubirataonline.com.br\\\/wp-content\\\/uploads\\\/2026\\\/02\\\/Vintage-Culture-embala-pre-carnaval-eletronico-na-Pedreira.jpeg\",\"keywords\":[\"culture\",\"eletr\u00f4nico\",\"embala\",\"Pedreira\",\"pr\u00e9Carnaval\",\"Vintage\"],\"articleSection\":[\"Ubirat\u00e3\"],\"inLanguage\":\"en-US\",\"copyrightYear\":\"2026\",\"copyrightHolder\":{\"@id\":\"https:\\\/\\\/ubirataonline.com.br\\\/en\\\/#organization\"}},{\"@type\":\"WebPage\",\"@id\":\"https:\\\/\\\/ubirataonline.com.br\\\/vintage-culture-embala-pre-carnaval-eletronico-na-pedreira\\\/\",\"url\":\"https:\\\/\\\/ubirataonline.com.br\\\/vintage-culture-embala-pre-carnaval-eletronico-na-pedreira\\\/\",\"name\":\"Vintage Culture embala pr\u00e9-carnaval eletr\u00f4nico na Pedreira - Ubirat\u00e3 Online Not\u00edcias - A realidade ao seu alcance!\",\"isPartOf\":{\"@id\":\"https:\\\/\\\/ubirataonline.com.br\\\/#website\"},\"primaryImageOfPage\":{\"@id\":\"https:\\\/\\\/ubirataonline.com.br\\\/vintage-culture-embala-pre-carnaval-eletronico-na-pedreira\\\/#primaryimage\"},\"image\":{\"@id\":\"https:\\\/\\\/ubirataonline.com.br\\\/vintage-culture-embala-pre-carnaval-eletronico-na-pedreira\\\/#primaryimage\"},\"thumbnailUrl\":\"https:\\\/\\\/ubirataonline.com.br\\\/wp-content\\\/uploads\\\/2026\\\/02\\\/Vintage-Culture-embala-pre-carnaval-eletronico-na-Pedreira.jpeg\",\"datePublished\":\"2026-02-08T19:52:28+00:00\",\"dateModified\":\"2026-02-08T19:52:35+00:00\",\"description\":\"Apesar de muita chuva, Curitiba teve o maior pr\u00e9-carnaval eletr\u00f4nico na Pedreira Paulo Leminski, com o show de Lukas Rafael Hespanhol Ruiz, conhecido\",\"breadcrumb\":{\"@id\":\"https:\\\/\\\/ubirataonline.com.br\\\/vintage-culture-embala-pre-carnaval-eletronico-na-pedreira\\\/#breadcrumb\"},\"inLanguage\":\"en-US\",\"potentialAction\":[{\"@type\":\"ReadAction\",\"target\":[\"https:\\\/\\\/ubirataonline.com.br\\\/vintage-culture-embala-pre-carnaval-eletronico-na-pedreira\\\/\"]}]},{\"@type\":\"ImageObject\",\"inLanguage\":\"en-US\",\"@id\":\"https:\\\/\\\/ubirataonline.com.br\\\/vintage-culture-embala-pre-carnaval-eletronico-na-pedreira\\\/#primaryimage\",\"url\":\"https:\\\/\\\/ubirataonline.com.br\\\/wp-content\\\/uploads\\\/2026\\\/02\\\/Vintage-Culture-embala-pre-carnaval-eletronico-na-Pedreira.jpeg\",\"contentUrl\":\"https:\\\/\\\/ubirataonline.com.br\\\/wp-content\\\/uploads\\\/2026\\\/02\\\/Vintage-Culture-embala-pre-carnaval-eletronico-na-Pedreira.jpeg\",\"width\":1600,\"height\":1066,\"caption\":\"Show do Vintage Culture. Fotos: Ernani Ogata \\\/ Colabora\u00e7\u00e3o\"},{\"@type\":\"BreadcrumbList\",\"@id\":\"https:\\\/\\\/ubirataonline.com.br\\\/vintage-culture-embala-pre-carnaval-eletronico-na-pedreira\\\/#breadcrumb\",\"itemListElement\":[{\"@type\":\"ListItem\",\"position\":1,\"name\":\"In\u00edcio\",\"item\":\"https:\\\/\\\/ubirataonline.com.br\\\/\"},{\"@type\":\"ListItem\",\"position\":2,\"name\":\"Vintage Culture embala pr\u00e9-carnaval eletr\u00f4nico na Pedreira\"}]},{\"@type\":\"WebSite\",\"@id\":\"https:\\\/\\\/ubirataonline.com.br\\\/#website\",\"url\":\"https:\\\/\\\/ubirataonline.com.br\\\/\",\"name\":\"Ubirat\u00e3 Online Not\u00edcias\",\"description\":\"Not\u00edcias de Ubirat\u00e3, regi\u00e3o, Brasil e mundo, com informa\u00e7\u00e3o atualizada e compromisso com o leitor.\",\"publisher\":{\"@id\":\"https:\\\/\\\/ubirataonline.com.br\\\/#organization\"},\"alternateName\":\"Ubirat\u00e3 Online\",\"potentialAction\":[{\"@type\":\"SearchAction\",\"target\":{\"@type\":\"EntryPoint\",\"urlTemplate\":\"https:\\\/\\\/ubirataonline.com.br\\\/?s={search_term_string}\"},\"query-input\":{\"@type\":\"PropertyValueSpecification\",\"valueRequired\":true,\"valueName\":\"search_term_string\"}}],\"inLanguage\":\"en-US\"},{\"@type\":[\"Organization\",\"Place\"],\"@id\":\"https:\\\/\\\/ubirataonline.com.br\\\/#organization\",\"name\":\"Ubirat\u00e3 Online Not\u00edcias\",\"alternateName\":\"Ubirat\u00e3 Online\",\"url\":\"https:\\\/\\\/ubirataonline.com.br\\\/\",\"logo\":{\"@id\":\"https:\\\/\\\/ubirataonline.com.br\\\/vintage-culture-embala-pre-carnaval-eletronico-na-pedreira\\\/#local-main-organization-logo\"},\"image\":{\"@id\":\"https:\\\/\\\/ubirataonline.com.br\\\/vintage-culture-embala-pre-carnaval-eletronico-na-pedreira\\\/#local-main-organization-logo\"},\"sameAs\":[\"https:\\\/\\\/www.facebook.com\\\/portalubirataonline\",\"https:\\\/\\\/x.com\\\/ubirataonline\",\"https:\\\/\\\/mastodon.social\\\/@ubirataonline\",\"https:\\\/\\\/www.facebook.com\\\/groups\\\/311144672285604\",\"https:\\\/\\\/www.facebook.com\\\/UBTAOnline\",\"https:\\\/\\\/www.instagram.com\\\/portalubirataonline\\\/\",\"https:\\\/\\\/twitter.com\\\/ubirataonline\"],\"description\":\"Somos um portal de not\u00edcias independente, criado em 5 de janeiro de 2009, com o objetivo de informar, conectar e valorizar a nossa comunidade de Ubirat\u00e3 e toda aregi\u00e3o. Com conte\u00fado atualizado, confi\u00e1vel e relevante, o Ubirat\u00e3 Online \u00e9 o seu espa\u00e7o para ficar por dentro dos principais acontecimentos locais, regionais, Brasil, Mundo e de interesse geral. Nosso compromisso \u00e9 com a verdade, a transpar\u00eancia e o respeito ao leitor.\",\"legalName\":\"UBIRATA ONLINE NOT\u00cdCIAS\",\"foundingDate\":\"2009-01-05\",\"numberOfEmployees\":{\"@type\":\"QuantitativeValue\",\"minValue\":\"1\",\"maxValue\":\"10\"},\"publishingPrinciples\":\"https:\\\/\\\/ubirataonline.com.br\\\/faq\\\/\",\"address\":{\"@id\":\"https:\\\/\\\/ubirataonline.com.br\\\/vintage-culture-embala-pre-carnaval-eletronico-na-pedreira\\\/#local-main-place-address\"},\"geo\":{\"@type\":\"GeoCoordinates\",\"latitude\":\"-24.5361401\",\"longitude\":\"-52.9921776\"},\"telephone\":[\"+5544998308235\"],\"contactPoint\":{\"@type\":\"ContactPoint\",\"email\":\"contato@ubirataonline.com.br\"},\"openingHoursSpecification\":{\"@type\":\"OpeningHoursSpecification\",\"dayOfWeek\":[\"Monday\",\"Tuesday\",\"Wednesday\",\"Thursday\",\"Friday\",\"Saturday\",\"Sunday\"],\"opens\":\"00:00\",\"closes\":\"23:59\"},\"email\":\"contato@ubirataonline.com.br\",\"vatID\":\"47.621.418\\\/0001-80\"},{\"@type\":\"Person\",\"@id\":\"https:\\\/\\\/ubirataonline.com.br\\\/#\\\/schema\\\/person\\\/372f87bbd3fdd79b8556b84c98d0bc1c\",\"name\":\"REDA\u00c7\u00c3O: UBIRAT\u00c3 ONLINE - F\u00c1BIO AUGUSTO CELESTINO\",\"pronouns\":\"Ele\",\"description\":\"Desde 2003 trabalhando com not\u00edcias.\",\"sameAs\":[\"http:\\\/\\\/ubirataoline.com.br\",\"https:\\\/\\\/www.facebook.com\\\/portalubirataonline\",\"https:\\\/\\\/www.instagram.com\\\/ubirataonline_oficial\",\"https:\\\/\\\/x.com\\\/x.com\\\/ubirataonline\"],\"honorificPrefix\":\"Mr.\",\"honorificSuffix\":\"MD\",\"birthDate\":\"1980-06-16\",\"gender\":\"masculino\",\"award\":[\"V\u00e1rios pr\u00eamios de melhor portal da cidade\"],\"jobTitle\":\"Diretor\",\"url\":\"https:\\\/\\\/ubirataonline.com.br\\\/en\\\/author\\\/ubirataonline\\\/\"},{\"@type\":\"PostalAddress\",\"@id\":\"https:\\\/\\\/ubirataonline.com.br\\\/vintage-culture-embala-pre-carnaval-eletronico-na-pedreira\\\/#local-main-place-address\",\"streetAddress\":\"Rua dos Coqueiros, 104 - Bairro Boa Vista, Rua dos Coqueiros, 104 Bairro Boa Vista\",\"addressLocality\":\"UBIRATA\",\"postalCode\":\"85440-000\",\"addressRegion\":\"PR\",\"addressCountry\":\"BR\"},{\"@type\":\"ImageObject\",\"inLanguage\":\"en-US\",\"@id\":\"https:\\\/\\\/ubirataonline.com.br\\\/vintage-culture-embala-pre-carnaval-eletronico-na-pedreira\\\/#local-main-organization-logo\",\"url\":\"https:\\\/\\\/ubirataonline.com.br\\\/wp-content\\\/uploads\\\/2026\\\/06\\\/logoubirataonline-1.webp\",\"contentUrl\":\"https:\\\/\\\/ubirataonline.com.br\\\/wp-content\\\/uploads\\\/2026\\\/06\\\/logoubirataonline-1.webp\",\"width\":500,\"height\":500,\"caption\":\"Ubirat\u00e3 Online Not\u00edcias\"}]}<\/script>\n<meta name=\"geo.placename\" content=\"UBIRATA\" \/>\n<meta name=\"geo.position\" content=\"-24.5361401;-52.9921776\" \/>\n<meta name=\"geo.region\" content=\"Brazil\" \/>\n<!-- \/ Yoast SEO Premium plugin. -->","yoast_head_json":{"title":"Vintage Culture embala pr\u00e9-carnaval eletr\u00f4nico na Pedreira - Ubirat\u00e3 Online Not\u00edcias - A realidade ao seu alcance!","description":"Apesar de muita chuva, Curitiba teve o maior pr\u00e9-carnaval eletr\u00f4nico na Pedreira Paulo Leminski, com o show de Lukas Rafael Hespanhol Ruiz, conhecido","robots":{"index":"index","follow":"follow","max-snippet":"max-snippet:-1","max-image-preview":"max-image-preview:large","max-video-preview":"max-video-preview:-1"},"canonical":"https:\/\/ubirataonline.com.br\/en\/vintage-culture-embala-pre-carnaval-eletronico-na-pedreira\/","og_locale":"en_US","og_type":"article","og_title":"Vintage Culture embala pr\u00e9-carnaval eletr\u00f4nico na Pedreira","og_description":"Apesar de muita chuva, Curitiba teve o maior pr\u00e9-carnaval eletr\u00f4nico na Pedreira Paulo Leminski, com o show de Lukas Rafael Hespanhol Ruiz, conhecido","og_url":"https:\/\/ubirataonline.com.br\/en\/vintage-culture-embala-pre-carnaval-eletronico-na-pedreira\/","og_site_name":"Ubirat\u00e3 Online Not\u00edcias - A realidade ao seu alcance!","article_publisher":"https:\/\/www.facebook.com\/portalubirataonline","article_author":"https:\/\/www.facebook.com\/portalubirataonline","article_published_time":"2026-02-08T19:52:28+00:00","article_modified_time":"2026-02-08T19:52:35+00:00","og_image":[{"width":1600,"height":1066,"url":"https:\/\/ubirataonline.com.br\/wp-content\/uploads\/2026\/02\/Vintage-Culture-embala-pre-carnaval-eletronico-na-Pedreira.jpeg","type":"image\/jpeg"}],"author":"REDA\u00c7\u00c3O: UBIRAT\u00c3 ONLINE - F\u00c1BIO AUGUSTO CELESTINO","twitter_card":"summary_large_image","twitter_creator":"@x.com\/ubirataonline","twitter_site":"@ubirataonline","twitter_misc":{"Written by":"REDA\u00c7\u00c3O: UBIRAT\u00c3 ONLINE - F\u00c1BIO AUGUSTO CELESTINO","Est. reading time":"1 minute"},"schema":{"@context":"https:\/\/schema.org","@graph":[{"@type":"NewsArticle","@id":"https:\/\/ubirataonline.com.br\/vintage-culture-embala-pre-carnaval-eletronico-na-pedreira\/#article","isPartOf":{"@id":"https:\/\/ubirataonline.com.br\/vintage-culture-embala-pre-carnaval-eletronico-na-pedreira\/"},"author":{"name":"REDA\u00c7\u00c3O: UBIRAT\u00c3 ONLINE - F\u00c1BIO AUGUSTO CELESTINO","@id":"https:\/\/ubirataonline.com.br\/#\/schema\/person\/372f87bbd3fdd79b8556b84c98d0bc1c"},"headline":"Vintage Culture embala pr\u00e9-carnaval eletr\u00f4nico na Pedreira","datePublished":"2026-02-08T19:52:28+00:00","dateModified":"2026-02-08T19:52:35+00:00","mainEntityOfPage":{"@id":"https:\/\/ubirataonline.com.br\/vintage-culture-embala-pre-carnaval-eletronico-na-pedreira\/"},"wordCount":193,"publisher":{"@id":"https:\/\/ubirataonline.com.br\/#organization"},"image":{"@id":"https:\/\/ubirataonline.com.br\/vintage-culture-embala-pre-carnaval-eletronico-na-pedreira\/#primaryimage"},"thumbnailUrl":"https:\/\/ubirataonline.com.br\/wp-content\/uploads\/2026\/02\/Vintage-Culture-embala-pre-carnaval-eletronico-na-Pedreira.jpeg","keywords":["culture","eletr\u00f4nico","embala","Pedreira","pr\u00e9Carnaval","Vintage"],"articleSection":["Ubirat\u00e3"],"inLanguage":"en-US","copyrightYear":"2026","copyrightHolder":{"@id":"https:\/\/ubirataonline.com.br\/en\/#organization"}},{"@type":"WebPage","@id":"https:\/\/ubirataonline.com.br\/vintage-culture-embala-pre-carnaval-eletronico-na-pedreira\/","url":"https:\/\/ubirataonline.com.br\/vintage-culture-embala-pre-carnaval-eletronico-na-pedreira\/","name":"Vintage Culture embala pr\u00e9-carnaval eletr\u00f4nico na Pedreira - Ubirat\u00e3 Online Not\u00edcias - A realidade ao seu alcance!","isPartOf":{"@id":"https:\/\/ubirataonline.com.br\/#website"},"primaryImageOfPage":{"@id":"https:\/\/ubirataonline.com.br\/vintage-culture-embala-pre-carnaval-eletronico-na-pedreira\/#primaryimage"},"image":{"@id":"https:\/\/ubirataonline.com.br\/vintage-culture-embala-pre-carnaval-eletronico-na-pedreira\/#primaryimage"},"thumbnailUrl":"https:\/\/ubirataonline.com.br\/wp-content\/uploads\/2026\/02\/Vintage-Culture-embala-pre-carnaval-eletronico-na-Pedreira.jpeg","datePublished":"2026-02-08T19:52:28+00:00","dateModified":"2026-02-08T19:52:35+00:00","description":"Apesar de muita chuva, Curitiba teve o maior pr\u00e9-carnaval eletr\u00f4nico na Pedreira Paulo Leminski, com o show de Lukas Rafael Hespanhol Ruiz, conhecido","breadcrumb":{"@id":"https:\/\/ubirataonline.com.br\/vintage-culture-embala-pre-carnaval-eletronico-na-pedreira\/#breadcrumb"},"inLanguage":"en-US","potentialAction":[{"@type":"ReadAction","target":["https:\/\/ubirataonline.com.br\/vintage-culture-embala-pre-carnaval-eletronico-na-pedreira\/"]}]},{"@type":"ImageObject","inLanguage":"en-US","@id":"https:\/\/ubirataonline.com.br\/vintage-culture-embala-pre-carnaval-eletronico-na-pedreira\/#primaryimage","url":"https:\/\/ubirataonline.com.br\/wp-content\/uploads\/2026\/02\/Vintage-Culture-embala-pre-carnaval-eletronico-na-Pedreira.jpeg","contentUrl":"https:\/\/ubirataonline.com.br\/wp-content\/uploads\/2026\/02\/Vintage-Culture-embala-pre-carnaval-eletronico-na-Pedreira.jpeg","width":1600,"height":1066,"caption":"Show do Vintage Culture. Fotos: Ernani Ogata \/ Colabora\u00e7\u00e3o"},{"@type":"BreadcrumbList","@id":"https:\/\/ubirataonline.com.br\/vintage-culture-embala-pre-carnaval-eletronico-na-pedreira\/#breadcrumb","itemListElement":[{"@type":"ListItem","position":1,"name":"In\u00edcio","item":"https:\/\/ubirataonline.com.br\/"},{"@type":"ListItem","position":2,"name":"Vintage Culture embala pr\u00e9-carnaval eletr\u00f4nico na Pedreira"}]},{"@type":"WebSite","@id":"https:\/\/ubirataonline.com.br\/#website","url":"https:\/\/ubirataonline.com.br\/","name":"Ubirat\u00e3 Online Not\u00edcias","description":"Not\u00edcias de Ubirat\u00e3, regi\u00e3o, Brasil e mundo, com informa\u00e7\u00e3o atualizada e compromisso com o leitor.","publisher":{"@id":"https:\/\/ubirataonline.com.br\/#organization"},"alternateName":"Ubirat\u00e3 Online","potentialAction":[{"@type":"SearchAction","target":{"@type":"EntryPoint","urlTemplate":"https:\/\/ubirataonline.com.br\/?s={search_term_string}"},"query-input":{"@type":"PropertyValueSpecification","valueRequired":true,"valueName":"search_term_string"}}],"inLanguage":"en-US"},{"@type":["Organization","Place"],"@id":"https:\/\/ubirataonline.com.br\/#organization","name":"Ubirat\u00e3 Online Not\u00edcias","alternateName":"Ubirat\u00e3 Online","url":"https:\/\/ubirataonline.com.br\/","logo":{"@id":"https:\/\/ubirataonline.com.br\/vintage-culture-embala-pre-carnaval-eletronico-na-pedreira\/#local-main-organization-logo"},"image":{"@id":"https:\/\/ubirataonline.com.br\/vintage-culture-embala-pre-carnaval-eletronico-na-pedreira\/#local-main-organization-logo"},"sameAs":["https:\/\/www.facebook.com\/portalubirataonline","https:\/\/x.com\/ubirataonline","https:\/\/mastodon.social\/@ubirataonline","https:\/\/www.facebook.com\/groups\/311144672285604","https:\/\/www.facebook.com\/UBTAOnline","https:\/\/www.instagram.com\/portalubirataonline\/","https:\/\/twitter.com\/ubirataonline"],"description":"Somos um portal de not\u00edcias independente, criado em 5 de janeiro de 2009, com o objetivo de informar, conectar e valorizar a nossa comunidade de Ubirat\u00e3 e toda aregi\u00e3o. Com conte\u00fado atualizado, confi\u00e1vel e relevante, o Ubirat\u00e3 Online \u00e9 o seu espa\u00e7o para ficar por dentro dos principais acontecimentos locais, regionais, Brasil, Mundo e de interesse geral. Nosso compromisso \u00e9 com a verdade, a transpar\u00eancia e o respeito ao leitor.","legalName":"UBIRATA ONLINE NOT\u00cdCIAS","foundingDate":"2009-01-05","numberOfEmployees":{"@type":"QuantitativeValue","minValue":"1","maxValue":"10"},"publishingPrinciples":"https:\/\/ubirataonline.com.br\/faq\/","address":{"@id":"https:\/\/ubirataonline.com.br\/vintage-culture-embala-pre-carnaval-eletronico-na-pedreira\/#local-main-place-address"},"geo":{"@type":"GeoCoordinates","latitude":"-24.5361401","longitude":"-52.9921776"},"telephone":["+5544998308235"],"contactPoint":{"@type":"ContactPoint","email":"contato@ubirataonline.com.br"},"openingHoursSpecification":{"@type":"OpeningHoursSpecification","dayOfWeek":["Monday","Tuesday","Wednesday","Thursday","Friday","Saturday","Sunday"],"opens":"00:00","closes":"23:59"},"email":"contato@ubirataonline.com.br","vatID":"47.621.418\/0001-80"},{"@type":"Person","@id":"https:\/\/ubirataonline.com.br\/#\/schema\/person\/372f87bbd3fdd79b8556b84c98d0bc1c","name":"REDA\u00c7\u00c3O: UBIRAT\u00c3 ONLINE - F\u00c1BIO AUGUSTO CELESTINO","pronouns":"Ele","description":"Desde 2003 trabalhando com not\u00edcias.","sameAs":["http:\/\/ubirataoline.com.br","https:\/\/www.facebook.com\/portalubirataonline","https:\/\/www.instagram.com\/ubirataonline_oficial","https:\/\/x.com\/x.com\/ubirataonline"],"honorificPrefix":"Mr.","honorificSuffix":"MD","birthDate":"1980-06-16","gender":"masculino","award":["V\u00e1rios pr\u00eamios de melhor portal da cidade"],"jobTitle":"Diretor","url":"https:\/\/ubirataonline.com.br\/en\/author\/ubirataonline\/"},{"@type":"PostalAddress","@id":"https:\/\/ubirataonline.com.br\/vintage-culture-embala-pre-carnaval-eletronico-na-pedreira\/#local-main-place-address","streetAddress":"Rua dos Coqueiros, 104 - Bairro Boa Vista, Rua dos Coqueiros, 104 Bairro Boa Vista","addressLocality":"UBIRATA","postalCode":"85440-000","addressRegion":"PR","addressCountry":"BR"},{"@type":"ImageObject","inLanguage":"en-US","@id":"https:\/\/ubirataonline.com.br\/vintage-culture-embala-pre-carnaval-eletronico-na-pedreira\/#local-main-organization-logo","url":"https:\/\/ubirataonline.com.br\/wp-content\/uploads\/2026\/06\/logoubirataonline-1.webp","contentUrl":"https:\/\/ubirataonline.com.br\/wp-content\/uploads\/2026\/06\/logoubirataonline-1.webp","width":500,"height":500,"caption":"Ubirat\u00e3 Online Not\u00edcias"}]},"geo.placename":"UBIRATA","geo.position":{"lat":"-24.5361401","long":"-52.9921776"},"geo.region":"Brazil"},"_links":{"self":[{"href":"https:\/\/ubirataonline.com.br\/en\/wp-json\/wp\/v2\/posts\/85586","targetHints":{"allow":["GET"]}}],"collection":[{"href":"https:\/\/ubirataonline.com.br\/en\/wp-json\/wp\/v2\/posts"}],"about":[{"href":"https:\/\/ubirataonline.com.br\/en\/wp-json\/wp\/v2\/types\/post"}],"author":[{"embeddable":true,"href":"https:\/\/ubirataonline.com.br\/en\/wp-json\/wp\/v2\/users\/1"}],"replies":[{"embeddable":true,"href":"https:\/\/ubirataonline.com.br\/en\/wp-json\/wp\/v2\/comments?post=85586"}],"version-history":[{"count":0,"href":"https:\/\/ubirataonline.com.br\/en\/wp-json\/wp\/v2\/posts\/85586\/revisions"}],"wp:featuredmedia":[{"embeddable":true,"href":"https:\/\/ubirataonline.com.br\/en\/wp-json\/wp\/v2\/media\/85587"}],"wp:attachment":[{"href":"https:\/\/ubirataonline.com.br\/en\/wp-json\/wp\/v2\/media?parent=85586"}],"wp:term":[{"taxonomy":"category","embeddable":true,"href":"https:\/\/ubirataonline.com.br\/en\/wp-json\/wp\/v2\/categories?post=85586"},{"taxonomy":"post_tag","embeddable":true,"href":"https:\/\/ubirataonline.com.br\/en\/wp-json\/wp\/v2\/tags?post=85586"}],"curies":[{"name":"wp","href":"https:\/\/api.w.org\/{rel}","templated":true}]}}