{"id":86139,"date":"2026-02-10T19:57:31","date_gmt":"2026-02-10T22:57:31","guid":{"rendered":"https:\/\/ubirataonline.com.br\/la-jornada-maya-yucatan-la-jornada-maya\/"},"modified":"2026-02-10T19:57:38","modified_gmt":"2026-02-10T22:57:38","slug":"la-jornada-maya-yucatan-la-jornada-maya","status":"publish","type":"post","link":"https:\/\/ubirataonline.com.br\/en\/la-jornada-maya-yucatan-la-jornada-maya\/","title":{"rendered":"La Jornada Maya | Yucat\u00e1n | La Jornada Maya"},"content":{"rendered":"<p><\/p>\n<div>\n<p>                                   <a href=\"#\" class=\"post-tag Yucatan\">Yucat\u00e1n &gt; Deportes<\/a><\/p>\n<div class=\"post-meta\">\n<p style=\"color: #1c6a72;\"><strong>La Jornada Maya<\/strong><\/p>\n<p>09\/02\/2026 | M\u00e9rida, Yucat\u00e1n<\/p>\n<\/p><\/div>\n<p>Venados F.C. recibe el Cl\u00e1sico peninsular este martes 10 de febrero en punto de las 18 horas en el estadio Carlos Iturralde Rivero cuando enfrenten a las Iguanas del Canc\u00fan F.C. ,esto en una fecha especial, ya que es parte de la jornada 7 que fue adelantada como del torneo Clausura 2026\u00a0 de la Liga de Expansi\u00f3n.<\/p>\n<p>Venados F.C. viene de un empate a tres goles con los Alebrijes de Oaxaca en un partido que fue disputado apenas el viernes pasado en el estadio de los astados; los dirigidos pro Nacho Castro se encuentran en la posici\u00f3n 10 de la tabla general con r\u00e9cord de cinco juegos jugados, uno ganado, dos empatados y dos perdidos para sumar un total de cinco unidades.<\/p>\n<div style=\"text-align: justify;\"><\/div>\n<p>Foto: Venados F.C.<\/p>\n<p>Por su parte el Canc\u00fan F.C. tuvo su jornada de descanso el fin de semana pasado y llega a este encuentro en la sexta posici\u00f3n, con cuatro juegos disputados, dos ganados, uno empatado y uno perdido para sumar siete unidades.<\/p>\n<p>En t\u00e9rminos generales la balanza en el cl\u00e1sico peninsular se inclina para Vendos F.C. que en los \u00faltimos cinco encuentros disputados se agend\u00f3 para su cuenta tres de ellos.<\/p>\n<p>Por su parte el campe\u00f3n de goleo de la temporada pasada, Juan Jos\u00e9 Calero apunt\u00f3 que el equipo termin\u00f3 el juego pasado con un sabor amargo pero se le va dar vuelta a la p\u00e1gina y pensar en Canc\u00fan F.C. pensando en la oportunidad de tener una revancha en poco tiempo.<\/p>\n<p>Edici\u00f3n: Fernando Sierra<\/p>\n<\/p><\/div>\n<p><a href=\"https:\/\/www.lajornadamaya.mx\/yucatan\/258720\/clasico-peninsular-en-el-iturralde-venados-fc-yucatan-iguanas-de-cancun-clausura-2026-liga-expansion\">Source link <\/a><\/p>","protected":false},"excerpt":{"rendered":"<p>Yucat\u00e1n &gt; Deportes La Jornada Maya 09\/02\/2026 | M\u00e9rida, Yucat\u00e1n Venados F.C. recibe el Cl\u00e1sico peninsular este martes 10 de febrero en punto de las 18 horas en el estadio Carlos Iturralde Rivero cuando enfrenten a las Iguanas del Canc\u00fan F.C. ,esto en una fecha especial, ya que es parte de la jornada 7 que [&hellip;]<\/p>\n","protected":false},"author":1,"featured_media":86140,"comment_status":"closed","ping_status":"","sticky":false,"template":"","format":"standard","meta":{"googlesitekit_rrm_CAow2JLhCw:productID":"","_gspb_post_css":"","maa_idioma":"","maa_pais":"","footnotes":""},"categories":[4],"tags":[4321,7095,18223],"class_list":["post-86139","post","type-post","status-publish","format-standard","has-post-thumbnail","hentry","category-brasil","tag-jornada","tag-maya","tag-yucatan"],"blocksy_meta":[],"yoast_head":"<!-- This site is optimized with the Yoast SEO Premium plugin v27.6 (Yoast SEO v27.6) - https:\/\/yoast.com\/product\/yoast-seo-premium-wordpress\/ -->\n<title>La Jornada Maya | Yucat\u00e1n | La Jornada Maya - Ubirat\u00e3 Online Not\u00edcias - A realidade ao seu alcance!<\/title>\n<meta name=\"description\" content=\"Yucat\u00e1n &gt; Deportes La Jornada Maya 09\/02\/2026 | M\u00e9rida, Yucat\u00e1n Venados F.C. recibe el Cl\u00e1sico peninsular este martes 10 de febrero en punto de las 18\" \/>\n<meta name=\"robots\" content=\"index, follow, max-snippet:-1, max-image-preview:large, max-video-preview:-1\" \/>\n<link rel=\"canonical\" href=\"https:\/\/ubirataonline.com.br\/en\/la-jornada-maya-yucatan-la-jornada-maya\/\" \/>\n<meta property=\"og:locale\" content=\"en_US\" \/>\n<meta property=\"og:type\" content=\"article\" \/>\n<meta property=\"og:title\" content=\"La Jornada Maya | Yucat\u00e1n | La Jornada Maya\" \/>\n<meta property=\"og:description\" content=\"Yucat\u00e1n &gt; Deportes La Jornada Maya 09\/02\/2026 | M\u00e9rida, Yucat\u00e1n Venados F.C. recibe el Cl\u00e1sico peninsular este martes 10 de febrero en punto de las 18\" \/>\n<meta property=\"og:url\" content=\"https:\/\/ubirataonline.com.br\/en\/la-jornada-maya-yucatan-la-jornada-maya\/\" \/>\n<meta property=\"og:site_name\" content=\"Ubirat\u00e3 Online Not\u00edcias - A realidade ao seu alcance!\" \/>\n<meta property=\"article:publisher\" content=\"https:\/\/www.facebook.com\/portalubirataonline\" \/>\n<meta property=\"article:author\" content=\"https:\/\/www.facebook.com\/portalubirataonline\" \/>\n<meta property=\"article:published_time\" content=\"2026-02-10T22:57:31+00:00\" \/>\n<meta property=\"article:modified_time\" content=\"2026-02-10T22:57:38+00:00\" \/>\n<meta property=\"og:image\" content=\"https:\/\/ubirataonline.com.br\/wp-content\/uploads\/2026\/02\/La-Jornada-Maya-Yucatan-La-Jornada-Maya.jpeg\" \/>\n\t<meta property=\"og:image:width\" content=\"1280\" \/>\n\t<meta property=\"og:image:height\" content=\"853\" \/>\n\t<meta property=\"og:image:type\" content=\"image\/jpeg\" \/>\n<meta name=\"author\" content=\"REDA\u00c7\u00c3O: UBIRAT\u00c3 ONLINE - F\u00c1BIO AUGUSTO CELESTINO\" \/>\n<meta name=\"twitter:card\" content=\"summary_large_image\" \/>\n<meta name=\"twitter:creator\" content=\"@x.com\/ubirataonline\" \/>\n<meta name=\"twitter:site\" content=\"@ubirataonline\" \/>\n<meta name=\"twitter:label1\" content=\"Written by\" \/>\n\t<meta name=\"twitter:data1\" content=\"REDA\u00c7\u00c3O: UBIRAT\u00c3 ONLINE - F\u00c1BIO AUGUSTO CELESTINO\" \/>\n\t<meta name=\"twitter:label2\" content=\"Est. reading time\" \/>\n\t<meta name=\"twitter:data2\" content=\"1 minute\" \/>\n<script type=\"application\/ld+json\" class=\"yoast-schema-graph\">{\"@context\":\"https:\\\/\\\/schema.org\",\"@graph\":[{\"@type\":\"NewsArticle\",\"@id\":\"https:\\\/\\\/ubirataonline.com.br\\\/la-jornada-maya-yucatan-la-jornada-maya\\\/#article\",\"isPartOf\":{\"@id\":\"https:\\\/\\\/ubirataonline.com.br\\\/la-jornada-maya-yucatan-la-jornada-maya\\\/\"},\"author\":{\"name\":\"REDA\u00c7\u00c3O: UBIRAT\u00c3 ONLINE - F\u00c1BIO AUGUSTO CELESTINO\",\"@id\":\"https:\\\/\\\/ubirataonline.com.br\\\/#\\\/schema\\\/person\\\/372f87bbd3fdd79b8556b84c98d0bc1c\"},\"headline\":\"La Jornada Maya | Yucat\u00e1n | La Jornada Maya\",\"datePublished\":\"2026-02-10T22:57:31+00:00\",\"dateModified\":\"2026-02-10T22:57:38+00:00\",\"mainEntityOfPage\":{\"@id\":\"https:\\\/\\\/ubirataonline.com.br\\\/la-jornada-maya-yucatan-la-jornada-maya\\\/\"},\"wordCount\":284,\"publisher\":{\"@id\":\"https:\\\/\\\/ubirataonline.com.br\\\/#organization\"},\"image\":{\"@id\":\"https:\\\/\\\/ubirataonline.com.br\\\/la-jornada-maya-yucatan-la-jornada-maya\\\/#primaryimage\"},\"thumbnailUrl\":\"https:\\\/\\\/ubirataonline.com.br\\\/wp-content\\\/uploads\\\/2026\\\/02\\\/La-Jornada-Maya-Yucatan-La-Jornada-Maya.jpeg\",\"keywords\":[\"jornada\",\"Maya\",\"Yucat\u00e1n\"],\"articleSection\":[\"Brasil\"],\"inLanguage\":\"en-US\",\"copyrightYear\":\"2026\",\"copyrightHolder\":{\"@id\":\"https:\\\/\\\/ubirataonline.com.br\\\/en\\\/#organization\"}},{\"@type\":\"WebPage\",\"@id\":\"https:\\\/\\\/ubirataonline.com.br\\\/la-jornada-maya-yucatan-la-jornada-maya\\\/\",\"url\":\"https:\\\/\\\/ubirataonline.com.br\\\/la-jornada-maya-yucatan-la-jornada-maya\\\/\",\"name\":\"La Jornada Maya | Yucat\u00e1n | La Jornada Maya - Ubirat\u00e3 Online Not\u00edcias - A realidade ao seu alcance!\",\"isPartOf\":{\"@id\":\"https:\\\/\\\/ubirataonline.com.br\\\/#website\"},\"primaryImageOfPage\":{\"@id\":\"https:\\\/\\\/ubirataonline.com.br\\\/la-jornada-maya-yucatan-la-jornada-maya\\\/#primaryimage\"},\"image\":{\"@id\":\"https:\\\/\\\/ubirataonline.com.br\\\/la-jornada-maya-yucatan-la-jornada-maya\\\/#primaryimage\"},\"thumbnailUrl\":\"https:\\\/\\\/ubirataonline.com.br\\\/wp-content\\\/uploads\\\/2026\\\/02\\\/La-Jornada-Maya-Yucatan-La-Jornada-Maya.jpeg\",\"datePublished\":\"2026-02-10T22:57:31+00:00\",\"dateModified\":\"2026-02-10T22:57:38+00:00\",\"description\":\"Yucat\u00e1n &gt; Deportes La Jornada Maya 09\\\/02\\\/2026 | M\u00e9rida, Yucat\u00e1n Venados F.C. recibe el Cl\u00e1sico peninsular este martes 10 de febrero en punto de las 18\",\"breadcrumb\":{\"@id\":\"https:\\\/\\\/ubirataonline.com.br\\\/la-jornada-maya-yucatan-la-jornada-maya\\\/#breadcrumb\"},\"inLanguage\":\"en-US\",\"potentialAction\":[{\"@type\":\"ReadAction\",\"target\":[\"https:\\\/\\\/ubirataonline.com.br\\\/la-jornada-maya-yucatan-la-jornada-maya\\\/\"]}]},{\"@type\":\"ImageObject\",\"inLanguage\":\"en-US\",\"@id\":\"https:\\\/\\\/ubirataonline.com.br\\\/la-jornada-maya-yucatan-la-jornada-maya\\\/#primaryimage\",\"url\":\"https:\\\/\\\/ubirataonline.com.br\\\/wp-content\\\/uploads\\\/2026\\\/02\\\/La-Jornada-Maya-Yucatan-La-Jornada-Maya.jpeg\",\"contentUrl\":\"https:\\\/\\\/ubirataonline.com.br\\\/wp-content\\\/uploads\\\/2026\\\/02\\\/La-Jornada-Maya-Yucatan-La-Jornada-Maya.jpeg\",\"width\":1280,\"height\":853,\"caption\":\"Foto: Venados F.C.\"},{\"@type\":\"BreadcrumbList\",\"@id\":\"https:\\\/\\\/ubirataonline.com.br\\\/la-jornada-maya-yucatan-la-jornada-maya\\\/#breadcrumb\",\"itemListElement\":[{\"@type\":\"ListItem\",\"position\":1,\"name\":\"In\u00edcio\",\"item\":\"https:\\\/\\\/ubirataonline.com.br\\\/\"},{\"@type\":\"ListItem\",\"position\":2,\"name\":\"La Jornada Maya | Yucat\u00e1n | La Jornada Maya\"}]},{\"@type\":\"WebSite\",\"@id\":\"https:\\\/\\\/ubirataonline.com.br\\\/#website\",\"url\":\"https:\\\/\\\/ubirataonline.com.br\\\/\",\"name\":\"Ubirat\u00e3 Online Not\u00edcias\",\"description\":\"Not\u00edcias de Ubirat\u00e3, regi\u00e3o, Brasil e mundo, com informa\u00e7\u00e3o atualizada e compromisso com o leitor.\",\"publisher\":{\"@id\":\"https:\\\/\\\/ubirataonline.com.br\\\/#organization\"},\"alternateName\":\"Ubirat\u00e3 Online\",\"potentialAction\":[{\"@type\":\"SearchAction\",\"target\":{\"@type\":\"EntryPoint\",\"urlTemplate\":\"https:\\\/\\\/ubirataonline.com.br\\\/?s={search_term_string}\"},\"query-input\":{\"@type\":\"PropertyValueSpecification\",\"valueRequired\":true,\"valueName\":\"search_term_string\"}}],\"inLanguage\":\"en-US\"},{\"@type\":[\"Organization\",\"Place\"],\"@id\":\"https:\\\/\\\/ubirataonline.com.br\\\/#organization\",\"name\":\"Ubirat\u00e3 Online Not\u00edcias\",\"alternateName\":\"Ubirat\u00e3 Online\",\"url\":\"https:\\\/\\\/ubirataonline.com.br\\\/\",\"logo\":{\"@id\":\"https:\\\/\\\/ubirataonline.com.br\\\/la-jornada-maya-yucatan-la-jornada-maya\\\/#local-main-organization-logo\"},\"image\":{\"@id\":\"https:\\\/\\\/ubirataonline.com.br\\\/la-jornada-maya-yucatan-la-jornada-maya\\\/#local-main-organization-logo\"},\"sameAs\":[\"https:\\\/\\\/www.facebook.com\\\/portalubirataonline\",\"https:\\\/\\\/x.com\\\/ubirataonline\",\"https:\\\/\\\/mastodon.social\\\/@ubirataonline\",\"https:\\\/\\\/www.facebook.com\\\/groups\\\/311144672285604\",\"https:\\\/\\\/www.facebook.com\\\/UBTAOnline\",\"https:\\\/\\\/www.instagram.com\\\/portalubirataonline\\\/\",\"https:\\\/\\\/twitter.com\\\/ubirataonline\"],\"description\":\"Somos um portal de not\u00edcias independente, criado em 5 de janeiro de 2009, com o objetivo de informar, conectar e valorizar a nossa comunidade de Ubirat\u00e3 e toda aregi\u00e3o. Com conte\u00fado atualizado, confi\u00e1vel e relevante, o Ubirat\u00e3 Online \u00e9 o seu espa\u00e7o para ficar por dentro dos principais acontecimentos locais, regionais, Brasil, Mundo e de interesse geral. Nosso compromisso \u00e9 com a verdade, a transpar\u00eancia e o respeito ao leitor.\",\"legalName\":\"UBIRATA ONLINE NOT\u00cdCIAS\",\"foundingDate\":\"2009-01-05\",\"numberOfEmployees\":{\"@type\":\"QuantitativeValue\",\"minValue\":\"1\",\"maxValue\":\"10\"},\"publishingPrinciples\":\"https:\\\/\\\/ubirataonline.com.br\\\/faq\\\/\",\"address\":{\"@id\":\"https:\\\/\\\/ubirataonline.com.br\\\/la-jornada-maya-yucatan-la-jornada-maya\\\/#local-main-place-address\"},\"geo\":{\"@type\":\"GeoCoordinates\",\"latitude\":\"-24.5361401\",\"longitude\":\"-52.9921776\"},\"telephone\":[\"+5544998308235\"],\"contactPoint\":{\"@type\":\"ContactPoint\",\"email\":\"contato@ubirataonline.com.br\"},\"openingHoursSpecification\":{\"@type\":\"OpeningHoursSpecification\",\"dayOfWeek\":[\"Monday\",\"Tuesday\",\"Wednesday\",\"Thursday\",\"Friday\",\"Saturday\",\"Sunday\"],\"opens\":\"00:00\",\"closes\":\"23:59\"},\"email\":\"contato@ubirataonline.com.br\",\"vatID\":\"47.621.418\\\/0001-80\"},{\"@type\":\"Person\",\"@id\":\"https:\\\/\\\/ubirataonline.com.br\\\/#\\\/schema\\\/person\\\/372f87bbd3fdd79b8556b84c98d0bc1c\",\"name\":\"REDA\u00c7\u00c3O: UBIRAT\u00c3 ONLINE - F\u00c1BIO AUGUSTO CELESTINO\",\"pronouns\":\"Ele\",\"description\":\"Desde 2003 trabalhando com not\u00edcias.\",\"sameAs\":[\"http:\\\/\\\/ubirataoline.com.br\",\"https:\\\/\\\/www.facebook.com\\\/portalubirataonline\",\"https:\\\/\\\/www.instagram.com\\\/ubirataonline_oficial\",\"https:\\\/\\\/x.com\\\/x.com\\\/ubirataonline\"],\"honorificPrefix\":\"Mr.\",\"honorificSuffix\":\"MD\",\"birthDate\":\"1980-06-16\",\"gender\":\"masculino\",\"award\":[\"V\u00e1rios pr\u00eamios de melhor portal da cidade\"],\"jobTitle\":\"Diretor\",\"url\":\"https:\\\/\\\/ubirataonline.com.br\\\/en\\\/author\\\/ubirataonline\\\/\"},{\"@type\":\"PostalAddress\",\"@id\":\"https:\\\/\\\/ubirataonline.com.br\\\/la-jornada-maya-yucatan-la-jornada-maya\\\/#local-main-place-address\",\"streetAddress\":\"Rua dos Coqueiros, 104 - Bairro Boa Vista, Rua dos Coqueiros, 104 Bairro Boa Vista\",\"addressLocality\":\"UBIRATA\",\"postalCode\":\"85440-000\",\"addressRegion\":\"PR\",\"addressCountry\":\"BR\"},{\"@type\":\"ImageObject\",\"inLanguage\":\"en-US\",\"@id\":\"https:\\\/\\\/ubirataonline.com.br\\\/la-jornada-maya-yucatan-la-jornada-maya\\\/#local-main-organization-logo\",\"url\":\"https:\\\/\\\/ubirataonline.com.br\\\/wp-content\\\/uploads\\\/2026\\\/06\\\/logoubirataonline-1.webp\",\"contentUrl\":\"https:\\\/\\\/ubirataonline.com.br\\\/wp-content\\\/uploads\\\/2026\\\/06\\\/logoubirataonline-1.webp\",\"width\":500,\"height\":500,\"caption\":\"Ubirat\u00e3 Online Not\u00edcias\"}]}<\/script>\n<meta name=\"geo.placename\" content=\"UBIRATA\" \/>\n<meta name=\"geo.position\" content=\"-24.5361401;-52.9921776\" \/>\n<meta name=\"geo.region\" content=\"Brazil\" \/>\n<!-- \/ Yoast SEO Premium plugin. -->","yoast_head_json":{"title":"La Jornada Maya | Yucat\u00e1n | La Jornada Maya - Ubirat\u00e3 Online Not\u00edcias - A realidade ao seu alcance!","description":"Yucat\u00e1n &gt; Deportes La Jornada Maya 09\/02\/2026 | M\u00e9rida, Yucat\u00e1n Venados F.C. recibe el Cl\u00e1sico peninsular este martes 10 de febrero en punto de las 18","robots":{"index":"index","follow":"follow","max-snippet":"max-snippet:-1","max-image-preview":"max-image-preview:large","max-video-preview":"max-video-preview:-1"},"canonical":"https:\/\/ubirataonline.com.br\/en\/la-jornada-maya-yucatan-la-jornada-maya\/","og_locale":"en_US","og_type":"article","og_title":"La Jornada Maya | Yucat\u00e1n | La Jornada Maya","og_description":"Yucat\u00e1n &gt; Deportes La Jornada Maya 09\/02\/2026 | M\u00e9rida, Yucat\u00e1n Venados F.C. recibe el Cl\u00e1sico peninsular este martes 10 de febrero en punto de las 18","og_url":"https:\/\/ubirataonline.com.br\/en\/la-jornada-maya-yucatan-la-jornada-maya\/","og_site_name":"Ubirat\u00e3 Online Not\u00edcias - A realidade ao seu alcance!","article_publisher":"https:\/\/www.facebook.com\/portalubirataonline","article_author":"https:\/\/www.facebook.com\/portalubirataonline","article_published_time":"2026-02-10T22:57:31+00:00","article_modified_time":"2026-02-10T22:57:38+00:00","og_image":[{"width":1280,"height":853,"url":"https:\/\/ubirataonline.com.br\/wp-content\/uploads\/2026\/02\/La-Jornada-Maya-Yucatan-La-Jornada-Maya.jpeg","type":"image\/jpeg"}],"author":"REDA\u00c7\u00c3O: UBIRAT\u00c3 ONLINE - F\u00c1BIO AUGUSTO CELESTINO","twitter_card":"summary_large_image","twitter_creator":"@x.com\/ubirataonline","twitter_site":"@ubirataonline","twitter_misc":{"Written by":"REDA\u00c7\u00c3O: UBIRAT\u00c3 ONLINE - F\u00c1BIO AUGUSTO CELESTINO","Est. reading time":"1 minute"},"schema":{"@context":"https:\/\/schema.org","@graph":[{"@type":"NewsArticle","@id":"https:\/\/ubirataonline.com.br\/la-jornada-maya-yucatan-la-jornada-maya\/#article","isPartOf":{"@id":"https:\/\/ubirataonline.com.br\/la-jornada-maya-yucatan-la-jornada-maya\/"},"author":{"name":"REDA\u00c7\u00c3O: UBIRAT\u00c3 ONLINE - F\u00c1BIO AUGUSTO CELESTINO","@id":"https:\/\/ubirataonline.com.br\/#\/schema\/person\/372f87bbd3fdd79b8556b84c98d0bc1c"},"headline":"La Jornada Maya | Yucat\u00e1n | La Jornada Maya","datePublished":"2026-02-10T22:57:31+00:00","dateModified":"2026-02-10T22:57:38+00:00","mainEntityOfPage":{"@id":"https:\/\/ubirataonline.com.br\/la-jornada-maya-yucatan-la-jornada-maya\/"},"wordCount":284,"publisher":{"@id":"https:\/\/ubirataonline.com.br\/#organization"},"image":{"@id":"https:\/\/ubirataonline.com.br\/la-jornada-maya-yucatan-la-jornada-maya\/#primaryimage"},"thumbnailUrl":"https:\/\/ubirataonline.com.br\/wp-content\/uploads\/2026\/02\/La-Jornada-Maya-Yucatan-La-Jornada-Maya.jpeg","keywords":["jornada","Maya","Yucat\u00e1n"],"articleSection":["Brasil"],"inLanguage":"en-US","copyrightYear":"2026","copyrightHolder":{"@id":"https:\/\/ubirataonline.com.br\/en\/#organization"}},{"@type":"WebPage","@id":"https:\/\/ubirataonline.com.br\/la-jornada-maya-yucatan-la-jornada-maya\/","url":"https:\/\/ubirataonline.com.br\/la-jornada-maya-yucatan-la-jornada-maya\/","name":"La Jornada Maya | Yucat\u00e1n | La Jornada Maya - Ubirat\u00e3 Online Not\u00edcias - A realidade ao seu alcance!","isPartOf":{"@id":"https:\/\/ubirataonline.com.br\/#website"},"primaryImageOfPage":{"@id":"https:\/\/ubirataonline.com.br\/la-jornada-maya-yucatan-la-jornada-maya\/#primaryimage"},"image":{"@id":"https:\/\/ubirataonline.com.br\/la-jornada-maya-yucatan-la-jornada-maya\/#primaryimage"},"thumbnailUrl":"https:\/\/ubirataonline.com.br\/wp-content\/uploads\/2026\/02\/La-Jornada-Maya-Yucatan-La-Jornada-Maya.jpeg","datePublished":"2026-02-10T22:57:31+00:00","dateModified":"2026-02-10T22:57:38+00:00","description":"Yucat\u00e1n &gt; Deportes La Jornada Maya 09\/02\/2026 | M\u00e9rida, Yucat\u00e1n Venados F.C. recibe el Cl\u00e1sico peninsular este martes 10 de febrero en punto de las 18","breadcrumb":{"@id":"https:\/\/ubirataonline.com.br\/la-jornada-maya-yucatan-la-jornada-maya\/#breadcrumb"},"inLanguage":"en-US","potentialAction":[{"@type":"ReadAction","target":["https:\/\/ubirataonline.com.br\/la-jornada-maya-yucatan-la-jornada-maya\/"]}]},{"@type":"ImageObject","inLanguage":"en-US","@id":"https:\/\/ubirataonline.com.br\/la-jornada-maya-yucatan-la-jornada-maya\/#primaryimage","url":"https:\/\/ubirataonline.com.br\/wp-content\/uploads\/2026\/02\/La-Jornada-Maya-Yucatan-La-Jornada-Maya.jpeg","contentUrl":"https:\/\/ubirataonline.com.br\/wp-content\/uploads\/2026\/02\/La-Jornada-Maya-Yucatan-La-Jornada-Maya.jpeg","width":1280,"height":853,"caption":"Foto: Venados F.C."},{"@type":"BreadcrumbList","@id":"https:\/\/ubirataonline.com.br\/la-jornada-maya-yucatan-la-jornada-maya\/#breadcrumb","itemListElement":[{"@type":"ListItem","position":1,"name":"In\u00edcio","item":"https:\/\/ubirataonline.com.br\/"},{"@type":"ListItem","position":2,"name":"La Jornada Maya | Yucat\u00e1n | La Jornada Maya"}]},{"@type":"WebSite","@id":"https:\/\/ubirataonline.com.br\/#website","url":"https:\/\/ubirataonline.com.br\/","name":"Ubirat\u00e3 Online Not\u00edcias","description":"Not\u00edcias de Ubirat\u00e3, regi\u00e3o, Brasil e mundo, com informa\u00e7\u00e3o atualizada e compromisso com o leitor.","publisher":{"@id":"https:\/\/ubirataonline.com.br\/#organization"},"alternateName":"Ubirat\u00e3 Online","potentialAction":[{"@type":"SearchAction","target":{"@type":"EntryPoint","urlTemplate":"https:\/\/ubirataonline.com.br\/?s={search_term_string}"},"query-input":{"@type":"PropertyValueSpecification","valueRequired":true,"valueName":"search_term_string"}}],"inLanguage":"en-US"},{"@type":["Organization","Place"],"@id":"https:\/\/ubirataonline.com.br\/#organization","name":"Ubirat\u00e3 Online Not\u00edcias","alternateName":"Ubirat\u00e3 Online","url":"https:\/\/ubirataonline.com.br\/","logo":{"@id":"https:\/\/ubirataonline.com.br\/la-jornada-maya-yucatan-la-jornada-maya\/#local-main-organization-logo"},"image":{"@id":"https:\/\/ubirataonline.com.br\/la-jornada-maya-yucatan-la-jornada-maya\/#local-main-organization-logo"},"sameAs":["https:\/\/www.facebook.com\/portalubirataonline","https:\/\/x.com\/ubirataonline","https:\/\/mastodon.social\/@ubirataonline","https:\/\/www.facebook.com\/groups\/311144672285604","https:\/\/www.facebook.com\/UBTAOnline","https:\/\/www.instagram.com\/portalubirataonline\/","https:\/\/twitter.com\/ubirataonline"],"description":"Somos um portal de not\u00edcias independente, criado em 5 de janeiro de 2009, com o objetivo de informar, conectar e valorizar a nossa comunidade de Ubirat\u00e3 e toda aregi\u00e3o. Com conte\u00fado atualizado, confi\u00e1vel e relevante, o Ubirat\u00e3 Online \u00e9 o seu espa\u00e7o para ficar por dentro dos principais acontecimentos locais, regionais, Brasil, Mundo e de interesse geral. Nosso compromisso \u00e9 com a verdade, a transpar\u00eancia e o respeito ao leitor.","legalName":"UBIRATA ONLINE NOT\u00cdCIAS","foundingDate":"2009-01-05","numberOfEmployees":{"@type":"QuantitativeValue","minValue":"1","maxValue":"10"},"publishingPrinciples":"https:\/\/ubirataonline.com.br\/faq\/","address":{"@id":"https:\/\/ubirataonline.com.br\/la-jornada-maya-yucatan-la-jornada-maya\/#local-main-place-address"},"geo":{"@type":"GeoCoordinates","latitude":"-24.5361401","longitude":"-52.9921776"},"telephone":["+5544998308235"],"contactPoint":{"@type":"ContactPoint","email":"contato@ubirataonline.com.br"},"openingHoursSpecification":{"@type":"OpeningHoursSpecification","dayOfWeek":["Monday","Tuesday","Wednesday","Thursday","Friday","Saturday","Sunday"],"opens":"00:00","closes":"23:59"},"email":"contato@ubirataonline.com.br","vatID":"47.621.418\/0001-80"},{"@type":"Person","@id":"https:\/\/ubirataonline.com.br\/#\/schema\/person\/372f87bbd3fdd79b8556b84c98d0bc1c","name":"REDA\u00c7\u00c3O: UBIRAT\u00c3 ONLINE - F\u00c1BIO AUGUSTO CELESTINO","pronouns":"Ele","description":"Desde 2003 trabalhando com not\u00edcias.","sameAs":["http:\/\/ubirataoline.com.br","https:\/\/www.facebook.com\/portalubirataonline","https:\/\/www.instagram.com\/ubirataonline_oficial","https:\/\/x.com\/x.com\/ubirataonline"],"honorificPrefix":"Mr.","honorificSuffix":"MD","birthDate":"1980-06-16","gender":"masculino","award":["V\u00e1rios pr\u00eamios de melhor portal da cidade"],"jobTitle":"Diretor","url":"https:\/\/ubirataonline.com.br\/en\/author\/ubirataonline\/"},{"@type":"PostalAddress","@id":"https:\/\/ubirataonline.com.br\/la-jornada-maya-yucatan-la-jornada-maya\/#local-main-place-address","streetAddress":"Rua dos Coqueiros, 104 - Bairro Boa Vista, Rua dos Coqueiros, 104 Bairro Boa Vista","addressLocality":"UBIRATA","postalCode":"85440-000","addressRegion":"PR","addressCountry":"BR"},{"@type":"ImageObject","inLanguage":"en-US","@id":"https:\/\/ubirataonline.com.br\/la-jornada-maya-yucatan-la-jornada-maya\/#local-main-organization-logo","url":"https:\/\/ubirataonline.com.br\/wp-content\/uploads\/2026\/06\/logoubirataonline-1.webp","contentUrl":"https:\/\/ubirataonline.com.br\/wp-content\/uploads\/2026\/06\/logoubirataonline-1.webp","width":500,"height":500,"caption":"Ubirat\u00e3 Online Not\u00edcias"}]},"geo.placename":"UBIRATA","geo.position":{"lat":"-24.5361401","long":"-52.9921776"},"geo.region":"Brazil"},"_links":{"self":[{"href":"https:\/\/ubirataonline.com.br\/en\/wp-json\/wp\/v2\/posts\/86139","targetHints":{"allow":["GET"]}}],"collection":[{"href":"https:\/\/ubirataonline.com.br\/en\/wp-json\/wp\/v2\/posts"}],"about":[{"href":"https:\/\/ubirataonline.com.br\/en\/wp-json\/wp\/v2\/types\/post"}],"author":[{"embeddable":true,"href":"https:\/\/ubirataonline.com.br\/en\/wp-json\/wp\/v2\/users\/1"}],"replies":[{"embeddable":true,"href":"https:\/\/ubirataonline.com.br\/en\/wp-json\/wp\/v2\/comments?post=86139"}],"version-history":[{"count":0,"href":"https:\/\/ubirataonline.com.br\/en\/wp-json\/wp\/v2\/posts\/86139\/revisions"}],"wp:featuredmedia":[{"embeddable":true,"href":"https:\/\/ubirataonline.com.br\/en\/wp-json\/wp\/v2\/media\/86140"}],"wp:attachment":[{"href":"https:\/\/ubirataonline.com.br\/en\/wp-json\/wp\/v2\/media?parent=86139"}],"wp:term":[{"taxonomy":"category","embeddable":true,"href":"https:\/\/ubirataonline.com.br\/en\/wp-json\/wp\/v2\/categories?post=86139"},{"taxonomy":"post_tag","embeddable":true,"href":"https:\/\/ubirataonline.com.br\/en\/wp-json\/wp\/v2\/tags?post=86139"}],"curies":[{"name":"wp","href":"https:\/\/api.w.org\/{rel}","templated":true}]}}