{"id":86353,"date":"2026-02-11T15:01:32","date_gmt":"2026-02-11T18:01:32","guid":{"rendered":"https:\/\/ubirataonline.com.br\/projeto-gratuito-cria-identidade-digital-para-veiculos-do-parana\/"},"modified":"2026-02-11T15:01:35","modified_gmt":"2026-02-11T18:01:35","slug":"projeto-gratuito-cria-identidade-digital-para-veiculos-do-parana","status":"publish","type":"post","link":"https:\/\/ubirataonline.com.br\/en\/projeto-gratuito-cria-identidade-digital-para-veiculos-do-parana\/","title":{"rendered":"Projeto gratuito cria identidade digital para ve\u00edculos do Paran\u00e1"},"content":{"rendered":"<p><\/p>\n<div id=\"post-content\">\n<p>Propriet\u00e1rios de ve\u00edculos de todo o Paran\u00e1 podem participar do projeto-piloto que cria para os carros o Passaporte Veicular Digital. A partir desta quarta-feira (11\/02), est\u00e3o abertas as inscri\u00e7\u00f5es para o projeto que est\u00e1 sendo desenvolvido pelo Departamento de Tr\u00e2nsito do Paran\u00e1 (Detran-PR) e Instituto de Tecnologia do Paran\u00e1 (Tecpar-PR). <\/p>\n<p>A novidade vai criar um <strong>registro \u00fanico digital <\/strong>em blockchain, reunindo dados, hist\u00f3rico e informa\u00e7\u00f5es do ve\u00edculo de forma simples, confi\u00e1vel e alinhada \u00e0s leis de privacidade de dados. Com esse procedimento, o carro passar\u00e1 a contar com uma <strong>identidade eletr\u00f4nica<\/strong>, que re\u00fane desde as informa\u00e7\u00f5es de f\u00e1brica at\u00e9 hist\u00f3rico de revis\u00f5es, quilometragem, seguros, financiamentos, ocorr\u00eancias e transfer\u00eancias.<\/p>\n<p>A tecnologia permitir\u00e1 que cada ve\u00edculo receba um token \u00fanico, vinculado ao n\u00famero do chassi, garantindo que todas as informa\u00e7\u00f5es sejam rastreadas de forma segura, imut\u00e1vel e acess\u00edvel durante toda a vida \u00fatil do autom\u00f3vel. As <a href=\"https:\/\/www.detran.pr.gov.br\/Pagina\/Inscricao-para-Passaporte-Veicular-Digital\" target=\"_blank\" rel=\"noreferrer noopener\">inscri\u00e7\u00f5es v\u00e3o at\u00e9 o dia 23 deste m\u00eas e todo o processo \u00e9 gratuito para o cidad\u00e3o.<\/a><\/p>\n<p>O projeto, que inicialmente previa a \u201ctokeniza\u00e7\u00e3o\u201d de mil ve\u00edculos, foi ampliado para permitir que todos os ve\u00edculos inscritos possam participar. \u201cO projeto-piloto \u00e9 um passo determinante para garantir que a tecnologia chegue com maturidade e confiabilidade \u00e0 popula\u00e7\u00e3o. Queremos entregar algo seguro, funcional e que realmente facilite a vida dos propriet\u00e1rios\u201d, observa o diretor-presidente do Tecpar, Eduardo Marafon.<\/p>\n<p>Seguran\u00e7a e transpar\u00eancia s\u00e3o os pilares centrais da iniciativa, destaca o presidente do Detran-PR, Santin Roveda. A solu\u00e7\u00e3o baseada em blockchain garante que as informa\u00e7\u00f5es n\u00e3o sejam alteradas de forma indevida, reduzindo fraudes em quilometragem, registros e documenta\u00e7\u00e3o.<\/p>\n<h2 class=\"wp-block-heading\" id=\"h-duracao-do-projeto-piloto-do-passaporte-veicular-digital\">Dura\u00e7\u00e3o do projeto-piloto do Passaporte Veicular Digital<\/h2>\n<p>O projeto-piloto ter\u00e1 dura\u00e7\u00e3o de 120 dias e ser\u00e1 acompanhado por um Comit\u00ea Gestor formado por equipes t\u00e9cnicas das duas institui\u00e7\u00f5es, que se reunir\u00e1 quinzenalmente para validar marcos e entregas.<\/p>\n<p>As informa\u00e7\u00f5es do Passaporte Veicular Digital estar\u00e3o dispon\u00edveis no site e no aplicativo do Detran-PR atrav\u00e9s do login de usu\u00e1rio a partir do dia 2 de mar\u00e7o deste ano, pelo prazo de 60 dias.<\/p>\n<h3 class=\"wp-block-heading\" id=\"h-quem-pode-participar\">Quem pode participar<\/h3>\n<p>Ve\u00edculos de qualquer ano e modelo poder\u00e3o participar do projeto, incluindo moto e caminh\u00e3o. Todo o processo acontece de forma online, a partir da informa\u00e7\u00e3o dos dados do ve\u00edculo, dispensando a necessidade de deslocamentos presenciais at\u00e9 as unidades do Detran-PR, por exemplo.<\/p>\n<p>A partir do projeto-piloto, a inten\u00e7\u00e3o \u00e9 que o Passaporte Veicular Digital seja implantado definitivamente e de forma integral no Paran\u00e1 at\u00e9 o fim de 2026, com a meta de inserir toda a frota estadual no banco de dados em um per\u00edodo de cinco anos, com a disponibiliza\u00e7\u00e3o de todas as informa\u00e7\u00f5es poss\u00edveis sobre cada ve\u00edculo.<\/p>\n<section class=\"virals\">\n<article class=\"cardnews cardnews--post cardnews--has-thumbnail cardnews--editorial-noticias\"> <a href=\"https:\/\/www.tribunapr.com.br\/noticias\/parana\/golpe-do-ipva-engana-profissional-da-tecnologia-no-parana-como-evitar-a-fraude\/?utm_source=noticias-virais-rodape&amp;utm_medium=internal-tribuna&amp;utm_campaign=tribuna\" class=\"cardnews__postlink\"> <\/p>\n<div class=\"cardnews__image\" is-api-thumb=\"\"><\/div>\n<div class=\"cardnews__content cardhome__content\">\n<div class=\"cardnews__content-wrapper\">\n<p> <span style=\"\"> Fique atento! <\/span> <\/p>\n<p>At\u00e9 especialistas ca\u00edram: o detalhe no boleto do IPVA que rouba seu dinheiro<\/p>\n<\/p><\/div>\n<\/p><\/div>\n<p> <\/a> <\/article>\n<article class=\"cardnews cardnews--post cardnews--has-thumbnail cardnews--editorial-noticias\"> <a href=\"https:\/\/www.tribunapr.com.br\/noticias\/curitiba-regiao\/litoral-do-parana-passa-a-figurar-entre-os-mais-valorizados-do-pais\/?utm_source=noticias-virais-rodape&amp;utm_medium=internal-tribuna&amp;utm_campaign=tribuna\" class=\"cardnews__postlink\"> <\/p>\n<div class=\"cardnews__image\" is-api-thumb=\"\"><img decoding=\"async\" src=\"https:\/\/www.tribunapr.com.br\/wp-content\/uploads\/2026\/02\/04151141\/matinhos-litoral-370x210.jpg\" loading=\"lazy\" alt=\"Adeus, pre\u00e7os baixos? Esta regi\u00e3o do Paran\u00e1 virou a nova 'mina de ouro'\"\/><\/div>\n<div class=\"cardnews__content cardhome__content\">\n<div class=\"cardnews__content-wrapper\">\n<p> <span style=\"\"> Mercado imobili\u00e1rio <\/span> <\/p>\n<p>Adeus, pre\u00e7os baixos? Esta regi\u00e3o do Paran\u00e1 virou a nova &#8216;mina de ouro&#8217;<\/p>\n<\/p><\/div>\n<\/p><\/div>\n<p> <\/a> <\/article>\n<article class=\"cardnews cardnews--post cardnews--has-thumbnail cardnews--editorial-noticias\"> <a href=\"https:\/\/www.tribunapr.com.br\/blogs\/rango-barateza\/biscoitos-da-vovo-elza-tradicao-que-nasceu-do-afeto-e-conquistou-curitiba\/?utm_source=noticias-virais-rodape&amp;utm_medium=internal-tribuna&amp;utm_campaign=tribuna\" class=\"cardnews__postlink\"> <\/p>\n<div class=\"cardnews__image\" is-api-thumb=\"\"><img decoding=\"async\" src=\"https:\/\/www.tribunapr.com.br\/wp-content\/uploads\/2026\/02\/06135141\/vovo-elza-02-770x440-1-370x210.webp\" loading=\"lazy\" alt=\"O segredo de Curitiba: como uma receita de fam\u00edlia virou um imp\u00e9rio do afeto\"\/><\/div>\n<div class=\"cardnews__content cardhome__content\">\n<div class=\"cardnews__content-wrapper\">\n<p> <span style=\"\"> Rango Barateza! <\/span> <\/p>\n<p>O segredo de Curitiba: como uma receita de fam\u00edlia virou um imp\u00e9rio do afeto<\/p>\n<\/p><\/div>\n<\/p><\/div>\n<p> <\/a> <\/article>\n<\/section>\n<div id=\"tribuna-follow-cta\">\n<p> <span class=\"cta-title\">Siga a <span class=\"tribuna-color\">Tribuna<\/span> no Google, e acompanhe as \u00faltimas not\u00edcias de Curitiba e regi\u00e3o!<\/span> <\/p>\n<p> <a href=\"https:\/\/profile.google.com\/cp\/CgwvZy8xMmxxajUzM3Mac2h0dHBzOi8vd3d3LnRyaWJ1bmFwci5jb20uYnIvdml2YS92aXRyaW5lL2dpZ2FudGUtZG8tdmVzdHVhcmlvLXJlaW5hdWd1cmEtbG9qYS1lbS1zaG9wcGluZy10cmFkaWNpb25hbC1kZS1jdXJpdGliYS8iElRyaWJ1bmEgZG8gUGFyYW7DoSqAAwrHAWh0dHBzOi8vZW5jcnlwdGVkLXRibjIuZ3N0YXRpYy5jb20vZmF2aWNvbi10Ym4_cT10Ym46QU5kOUdjUVJPbjVDRjR6TzJPbkUwTXZrRlRCRTY2U0g1bGlaVDRaZTV3bWNKeU5GRm1BSnluM01nNU9PR3BXY1pYMzZwYU5HUWtsZ09JVEFLTTNNZVNGbTc1aWp6M3k2ajUtQ3M2b25kX2JUcFFQQkVLd3RsUjBsTmJESnUtVHhrNXQtbFlCNlVpOWZSVVFjT2cSswFodHRwczovL2VuY3J5cHRlZC10Ym4zLmdzdGF0aWMuY29tL2Zhdmljb24tdGJuP3E9dGJuJTNBQU5kOUdjU0FMaWJ2eFF0YXdFMFRueVdWWmVKRS1MZEdRZjVTUi1OZ2RMazhyZzIwVy1nM0JuQ1F4VDNKZFBjRXR2THdBeVRxUDJEdHVycEdVR29CQkxpYzM5al9wSmFxRERaMHNCYW05WEVhSGVsMmZTQmdKdlF4WWVyMw\" target=\"_blank\" title=\"Seguir a Tribuna no Google\">  <\/a> <\/div>\n<\/p><\/div>\n<p><a href=\"https:\/\/www.tribunapr.com.br\/noticias\/parana\/projeto-gratuito-cria-identidade-digital-para-veiculos-do-parana-como-funciona\/\">Source link <\/a><\/p>","protected":false},"excerpt":{"rendered":"<p>Propriet\u00e1rios de ve\u00edculos de todo o Paran\u00e1 podem participar do projeto-piloto que cria para os carros o Passaporte Veicular Digital. A partir desta quarta-feira (11\/02), est\u00e3o abertas as inscri\u00e7\u00f5es para o projeto que est\u00e1 sendo desenvolvido pelo Departamento de Tr\u00e2nsito do Paran\u00e1 (Detran-PR) e Instituto de Tecnologia do Paran\u00e1 (Tecpar-PR). A novidade vai criar um [&hellip;]<\/p>\n","protected":false},"author":1,"featured_media":86354,"comment_status":"closed","ping_status":"","sticky":false,"template":"","format":"standard","meta":{"googlesitekit_rrm_CAow2JLhCw:productID":"","_gspb_post_css":"","maa_idioma":"","maa_pais":"","footnotes":""},"categories":[1],"tags":[5969,1906,3883,15973,2904,90,4216,249],"class_list":["post-86353","post","type-post","status-publish","format-standard","has-post-thumbnail","hentry","category-ubirata","tag-cria","tag-digital","tag-gratuito","tag-identidade","tag-para","tag-parana","tag-projeto","tag-veiculos"],"blocksy_meta":[],"yoast_head":"<!-- This site is optimized with the Yoast SEO Premium plugin v27.6 (Yoast SEO v27.6) - https:\/\/yoast.com\/product\/yoast-seo-premium-wordpress\/ -->\n<title>Projeto gratuito cria identidade digital para ve\u00edculos do Paran\u00e1 - Ubirat\u00e3 Online Not\u00edcias - A realidade ao seu alcance!<\/title>\n<meta name=\"description\" content=\"Propriet\u00e1rios de ve\u00edculos de todo o Paran\u00e1 podem participar do projeto-piloto que cria para os carros o Passaporte Veicular Digital. A partir desta\" \/>\n<meta name=\"robots\" content=\"index, follow, max-snippet:-1, max-image-preview:large, max-video-preview:-1\" \/>\n<link rel=\"canonical\" href=\"https:\/\/ubirataonline.com.br\/en\/projeto-gratuito-cria-identidade-digital-para-veiculos-do-parana\/\" \/>\n<meta property=\"og:locale\" content=\"en_US\" \/>\n<meta property=\"og:type\" content=\"article\" \/>\n<meta property=\"og:title\" content=\"Projeto gratuito cria identidade digital para ve\u00edculos do Paran\u00e1\" \/>\n<meta property=\"og:description\" content=\"Propriet\u00e1rios de ve\u00edculos de todo o Paran\u00e1 podem participar do projeto-piloto que cria para os carros o Passaporte Veicular Digital. A partir desta\" \/>\n<meta property=\"og:url\" content=\"https:\/\/ubirataonline.com.br\/en\/projeto-gratuito-cria-identidade-digital-para-veiculos-do-parana\/\" \/>\n<meta property=\"og:site_name\" content=\"Ubirat\u00e3 Online Not\u00edcias - A realidade ao seu alcance!\" \/>\n<meta property=\"article:publisher\" content=\"https:\/\/www.facebook.com\/portalubirataonline\" \/>\n<meta property=\"article:author\" content=\"https:\/\/www.facebook.com\/portalubirataonline\" \/>\n<meta property=\"article:published_time\" content=\"2026-02-11T18:01:32+00:00\" \/>\n<meta property=\"article:modified_time\" content=\"2026-02-11T18:01:35+00:00\" \/>\n<meta property=\"og:image\" content=\"https:\/\/ubirataonline.com.br\/wp-content\/uploads\/2026\/02\/Projeto-gratuito-cria-identidade-digital-para-veiculos-do-Parana.jpg\" \/>\n\t<meta property=\"og:image:width\" content=\"1200\" \/>\n\t<meta property=\"og:image:height\" content=\"800\" \/>\n\t<meta property=\"og:image:type\" content=\"image\/jpeg\" \/>\n<meta name=\"author\" content=\"REDA\u00c7\u00c3O: UBIRAT\u00c3 ONLINE - F\u00c1BIO AUGUSTO CELESTINO\" \/>\n<meta name=\"twitter:card\" content=\"summary_large_image\" \/>\n<meta name=\"twitter:creator\" content=\"@x.com\/ubirataonline\" \/>\n<meta name=\"twitter:site\" content=\"@ubirataonline\" \/>\n<meta name=\"twitter:label1\" content=\"Written by\" \/>\n\t<meta name=\"twitter:data1\" content=\"REDA\u00c7\u00c3O: UBIRAT\u00c3 ONLINE - F\u00c1BIO AUGUSTO CELESTINO\" \/>\n\t<meta name=\"twitter:label2\" content=\"Est. reading time\" \/>\n\t<meta name=\"twitter:data2\" content=\"3 minutes\" \/>\n<script type=\"application\/ld+json\" class=\"yoast-schema-graph\">{\"@context\":\"https:\\\/\\\/schema.org\",\"@graph\":[{\"@type\":\"NewsArticle\",\"@id\":\"https:\\\/\\\/ubirataonline.com.br\\\/projeto-gratuito-cria-identidade-digital-para-veiculos-do-parana\\\/#article\",\"isPartOf\":{\"@id\":\"https:\\\/\\\/ubirataonline.com.br\\\/projeto-gratuito-cria-identidade-digital-para-veiculos-do-parana\\\/\"},\"author\":{\"name\":\"REDA\u00c7\u00c3O: UBIRAT\u00c3 ONLINE - F\u00c1BIO AUGUSTO CELESTINO\",\"@id\":\"https:\\\/\\\/ubirataonline.com.br\\\/#\\\/schema\\\/person\\\/372f87bbd3fdd79b8556b84c98d0bc1c\"},\"headline\":\"Projeto gratuito cria identidade digital para ve\u00edculos do Paran\u00e1\",\"datePublished\":\"2026-02-11T18:01:32+00:00\",\"dateModified\":\"2026-02-11T18:01:35+00:00\",\"mainEntityOfPage\":{\"@id\":\"https:\\\/\\\/ubirataonline.com.br\\\/projeto-gratuito-cria-identidade-digital-para-veiculos-do-parana\\\/\"},\"wordCount\":560,\"publisher\":{\"@id\":\"https:\\\/\\\/ubirataonline.com.br\\\/#organization\"},\"image\":{\"@id\":\"https:\\\/\\\/ubirataonline.com.br\\\/projeto-gratuito-cria-identidade-digital-para-veiculos-do-parana\\\/#primaryimage\"},\"thumbnailUrl\":\"https:\\\/\\\/ubirataonline.com.br\\\/wp-content\\\/uploads\\\/2026\\\/02\\\/Projeto-gratuito-cria-identidade-digital-para-veiculos-do-Parana.jpg\",\"keywords\":[\"cria\",\"digital\",\"gratuito\",\"identidade\",\"para\",\"paran\u00e1\",\"projeto\",\"Ve\u00edculos\"],\"articleSection\":[\"Ubirat\u00e3\"],\"inLanguage\":\"en-US\",\"copyrightYear\":\"2026\",\"copyrightHolder\":{\"@id\":\"https:\\\/\\\/ubirataonline.com.br\\\/en\\\/#organization\"}},{\"@type\":\"WebPage\",\"@id\":\"https:\\\/\\\/ubirataonline.com.br\\\/projeto-gratuito-cria-identidade-digital-para-veiculos-do-parana\\\/\",\"url\":\"https:\\\/\\\/ubirataonline.com.br\\\/projeto-gratuito-cria-identidade-digital-para-veiculos-do-parana\\\/\",\"name\":\"Projeto gratuito cria identidade digital para ve\u00edculos do Paran\u00e1 - Ubirat\u00e3 Online Not\u00edcias - A realidade ao seu alcance!\",\"isPartOf\":{\"@id\":\"https:\\\/\\\/ubirataonline.com.br\\\/#website\"},\"primaryImageOfPage\":{\"@id\":\"https:\\\/\\\/ubirataonline.com.br\\\/projeto-gratuito-cria-identidade-digital-para-veiculos-do-parana\\\/#primaryimage\"},\"image\":{\"@id\":\"https:\\\/\\\/ubirataonline.com.br\\\/projeto-gratuito-cria-identidade-digital-para-veiculos-do-parana\\\/#primaryimage\"},\"thumbnailUrl\":\"https:\\\/\\\/ubirataonline.com.br\\\/wp-content\\\/uploads\\\/2026\\\/02\\\/Projeto-gratuito-cria-identidade-digital-para-veiculos-do-Parana.jpg\",\"datePublished\":\"2026-02-11T18:01:32+00:00\",\"dateModified\":\"2026-02-11T18:01:35+00:00\",\"description\":\"Propriet\u00e1rios de ve\u00edculos de todo o Paran\u00e1 podem participar do projeto-piloto que cria para os carros o Passaporte Veicular Digital. A partir desta\",\"breadcrumb\":{\"@id\":\"https:\\\/\\\/ubirataonline.com.br\\\/projeto-gratuito-cria-identidade-digital-para-veiculos-do-parana\\\/#breadcrumb\"},\"inLanguage\":\"en-US\",\"potentialAction\":[{\"@type\":\"ReadAction\",\"target\":[\"https:\\\/\\\/ubirataonline.com.br\\\/projeto-gratuito-cria-identidade-digital-para-veiculos-do-parana\\\/\"]}]},{\"@type\":\"ImageObject\",\"inLanguage\":\"en-US\",\"@id\":\"https:\\\/\\\/ubirataonline.com.br\\\/projeto-gratuito-cria-identidade-digital-para-veiculos-do-parana\\\/#primaryimage\",\"url\":\"https:\\\/\\\/ubirataonline.com.br\\\/wp-content\\\/uploads\\\/2026\\\/02\\\/Projeto-gratuito-cria-identidade-digital-para-veiculos-do-Parana.jpg\",\"contentUrl\":\"https:\\\/\\\/ubirataonline.com.br\\\/wp-content\\\/uploads\\\/2026\\\/02\\\/Projeto-gratuito-cria-identidade-digital-para-veiculos-do-Parana.jpg\",\"width\":1200,\"height\":800,\"caption\":\"Foto: Geraldo Bubniak\\\/AEN\"},{\"@type\":\"BreadcrumbList\",\"@id\":\"https:\\\/\\\/ubirataonline.com.br\\\/projeto-gratuito-cria-identidade-digital-para-veiculos-do-parana\\\/#breadcrumb\",\"itemListElement\":[{\"@type\":\"ListItem\",\"position\":1,\"name\":\"In\u00edcio\",\"item\":\"https:\\\/\\\/ubirataonline.com.br\\\/\"},{\"@type\":\"ListItem\",\"position\":2,\"name\":\"Projeto gratuito cria identidade digital para ve\u00edculos do Paran\u00e1\"}]},{\"@type\":\"WebSite\",\"@id\":\"https:\\\/\\\/ubirataonline.com.br\\\/#website\",\"url\":\"https:\\\/\\\/ubirataonline.com.br\\\/\",\"name\":\"Ubirat\u00e3 Online Not\u00edcias\",\"description\":\"Not\u00edcias de Ubirat\u00e3, regi\u00e3o, Brasil e mundo, com informa\u00e7\u00e3o atualizada e compromisso com o leitor.\",\"publisher\":{\"@id\":\"https:\\\/\\\/ubirataonline.com.br\\\/#organization\"},\"alternateName\":\"Ubirat\u00e3 Online\",\"potentialAction\":[{\"@type\":\"SearchAction\",\"target\":{\"@type\":\"EntryPoint\",\"urlTemplate\":\"https:\\\/\\\/ubirataonline.com.br\\\/?s={search_term_string}\"},\"query-input\":{\"@type\":\"PropertyValueSpecification\",\"valueRequired\":true,\"valueName\":\"search_term_string\"}}],\"inLanguage\":\"en-US\"},{\"@type\":[\"Organization\",\"Place\"],\"@id\":\"https:\\\/\\\/ubirataonline.com.br\\\/#organization\",\"name\":\"Ubirat\u00e3 Online Not\u00edcias\",\"alternateName\":\"Ubirat\u00e3 Online\",\"url\":\"https:\\\/\\\/ubirataonline.com.br\\\/\",\"logo\":{\"@id\":\"https:\\\/\\\/ubirataonline.com.br\\\/projeto-gratuito-cria-identidade-digital-para-veiculos-do-parana\\\/#local-main-organization-logo\"},\"image\":{\"@id\":\"https:\\\/\\\/ubirataonline.com.br\\\/projeto-gratuito-cria-identidade-digital-para-veiculos-do-parana\\\/#local-main-organization-logo\"},\"sameAs\":[\"https:\\\/\\\/www.facebook.com\\\/portalubirataonline\",\"https:\\\/\\\/x.com\\\/ubirataonline\",\"https:\\\/\\\/mastodon.social\\\/@ubirataonline\",\"https:\\\/\\\/www.facebook.com\\\/groups\\\/311144672285604\",\"https:\\\/\\\/www.facebook.com\\\/UBTAOnline\",\"https:\\\/\\\/www.instagram.com\\\/portalubirataonline\\\/\",\"https:\\\/\\\/twitter.com\\\/ubirataonline\"],\"description\":\"Somos um portal de not\u00edcias independente, criado em 5 de janeiro de 2009, com o objetivo de informar, conectar e valorizar a nossa comunidade de Ubirat\u00e3 e toda aregi\u00e3o. Com conte\u00fado atualizado, confi\u00e1vel e relevante, o Ubirat\u00e3 Online \u00e9 o seu espa\u00e7o para ficar por dentro dos principais acontecimentos locais, regionais, Brasil, Mundo e de interesse geral. Nosso compromisso \u00e9 com a verdade, a transpar\u00eancia e o respeito ao leitor.\",\"legalName\":\"UBIRATA ONLINE NOT\u00cdCIAS\",\"foundingDate\":\"2009-01-05\",\"numberOfEmployees\":{\"@type\":\"QuantitativeValue\",\"minValue\":\"1\",\"maxValue\":\"10\"},\"publishingPrinciples\":\"https:\\\/\\\/ubirataonline.com.br\\\/faq\\\/\",\"address\":{\"@id\":\"https:\\\/\\\/ubirataonline.com.br\\\/projeto-gratuito-cria-identidade-digital-para-veiculos-do-parana\\\/#local-main-place-address\"},\"geo\":{\"@type\":\"GeoCoordinates\",\"latitude\":\"-24.5361401\",\"longitude\":\"-52.9921776\"},\"telephone\":[\"+5544998308235\"],\"contactPoint\":{\"@type\":\"ContactPoint\",\"email\":\"contato@ubirataonline.com.br\"},\"openingHoursSpecification\":{\"@type\":\"OpeningHoursSpecification\",\"dayOfWeek\":[\"Monday\",\"Tuesday\",\"Wednesday\",\"Thursday\",\"Friday\",\"Saturday\",\"Sunday\"],\"opens\":\"00:00\",\"closes\":\"23:59\"},\"email\":\"contato@ubirataonline.com.br\",\"vatID\":\"47.621.418\\\/0001-80\"},{\"@type\":\"Person\",\"@id\":\"https:\\\/\\\/ubirataonline.com.br\\\/#\\\/schema\\\/person\\\/372f87bbd3fdd79b8556b84c98d0bc1c\",\"name\":\"REDA\u00c7\u00c3O: UBIRAT\u00c3 ONLINE - F\u00c1BIO AUGUSTO CELESTINO\",\"pronouns\":\"Ele\",\"description\":\"Desde 2003 trabalhando com not\u00edcias.\",\"sameAs\":[\"http:\\\/\\\/ubirataoline.com.br\",\"https:\\\/\\\/www.facebook.com\\\/portalubirataonline\",\"https:\\\/\\\/www.instagram.com\\\/ubirataonline_oficial\",\"https:\\\/\\\/x.com\\\/x.com\\\/ubirataonline\"],\"honorificPrefix\":\"Mr.\",\"honorificSuffix\":\"MD\",\"birthDate\":\"1980-06-16\",\"gender\":\"masculino\",\"award\":[\"V\u00e1rios pr\u00eamios de melhor portal da cidade\"],\"jobTitle\":\"Diretor\",\"url\":\"https:\\\/\\\/ubirataonline.com.br\\\/en\\\/author\\\/ubirataonline\\\/\"},{\"@type\":\"PostalAddress\",\"@id\":\"https:\\\/\\\/ubirataonline.com.br\\\/projeto-gratuito-cria-identidade-digital-para-veiculos-do-parana\\\/#local-main-place-address\",\"streetAddress\":\"Rua dos Coqueiros, 104 - Bairro Boa Vista, Rua dos Coqueiros, 104 Bairro Boa Vista\",\"addressLocality\":\"UBIRATA\",\"postalCode\":\"85440-000\",\"addressRegion\":\"PR\",\"addressCountry\":\"BR\"},{\"@type\":\"ImageObject\",\"inLanguage\":\"en-US\",\"@id\":\"https:\\\/\\\/ubirataonline.com.br\\\/projeto-gratuito-cria-identidade-digital-para-veiculos-do-parana\\\/#local-main-organization-logo\",\"url\":\"https:\\\/\\\/ubirataonline.com.br\\\/wp-content\\\/uploads\\\/2026\\\/06\\\/logoubirataonline-1.webp\",\"contentUrl\":\"https:\\\/\\\/ubirataonline.com.br\\\/wp-content\\\/uploads\\\/2026\\\/06\\\/logoubirataonline-1.webp\",\"width\":500,\"height\":500,\"caption\":\"Ubirat\u00e3 Online Not\u00edcias\"}]}<\/script>\n<meta name=\"geo.placename\" content=\"UBIRATA\" \/>\n<meta name=\"geo.position\" content=\"-24.5361401;-52.9921776\" \/>\n<meta name=\"geo.region\" content=\"Brazil\" \/>\n<!-- \/ Yoast SEO Premium plugin. -->","yoast_head_json":{"title":"Projeto gratuito cria identidade digital para ve\u00edculos do Paran\u00e1 - Ubirat\u00e3 Online Not\u00edcias - A realidade ao seu alcance!","description":"Propriet\u00e1rios de ve\u00edculos de todo o Paran\u00e1 podem participar do projeto-piloto que cria para os carros o Passaporte Veicular Digital. A partir desta","robots":{"index":"index","follow":"follow","max-snippet":"max-snippet:-1","max-image-preview":"max-image-preview:large","max-video-preview":"max-video-preview:-1"},"canonical":"https:\/\/ubirataonline.com.br\/en\/projeto-gratuito-cria-identidade-digital-para-veiculos-do-parana\/","og_locale":"en_US","og_type":"article","og_title":"Projeto gratuito cria identidade digital para ve\u00edculos do Paran\u00e1","og_description":"Propriet\u00e1rios de ve\u00edculos de todo o Paran\u00e1 podem participar do projeto-piloto que cria para os carros o Passaporte Veicular Digital. A partir desta","og_url":"https:\/\/ubirataonline.com.br\/en\/projeto-gratuito-cria-identidade-digital-para-veiculos-do-parana\/","og_site_name":"Ubirat\u00e3 Online Not\u00edcias - A realidade ao seu alcance!","article_publisher":"https:\/\/www.facebook.com\/portalubirataonline","article_author":"https:\/\/www.facebook.com\/portalubirataonline","article_published_time":"2026-02-11T18:01:32+00:00","article_modified_time":"2026-02-11T18:01:35+00:00","og_image":[{"width":1200,"height":800,"url":"https:\/\/ubirataonline.com.br\/wp-content\/uploads\/2026\/02\/Projeto-gratuito-cria-identidade-digital-para-veiculos-do-Parana.jpg","type":"image\/jpeg"}],"author":"REDA\u00c7\u00c3O: UBIRAT\u00c3 ONLINE - F\u00c1BIO AUGUSTO CELESTINO","twitter_card":"summary_large_image","twitter_creator":"@x.com\/ubirataonline","twitter_site":"@ubirataonline","twitter_misc":{"Written by":"REDA\u00c7\u00c3O: UBIRAT\u00c3 ONLINE - F\u00c1BIO AUGUSTO CELESTINO","Est. reading time":"3 minutes"},"schema":{"@context":"https:\/\/schema.org","@graph":[{"@type":"NewsArticle","@id":"https:\/\/ubirataonline.com.br\/projeto-gratuito-cria-identidade-digital-para-veiculos-do-parana\/#article","isPartOf":{"@id":"https:\/\/ubirataonline.com.br\/projeto-gratuito-cria-identidade-digital-para-veiculos-do-parana\/"},"author":{"name":"REDA\u00c7\u00c3O: UBIRAT\u00c3 ONLINE - F\u00c1BIO AUGUSTO CELESTINO","@id":"https:\/\/ubirataonline.com.br\/#\/schema\/person\/372f87bbd3fdd79b8556b84c98d0bc1c"},"headline":"Projeto gratuito cria identidade digital para ve\u00edculos do Paran\u00e1","datePublished":"2026-02-11T18:01:32+00:00","dateModified":"2026-02-11T18:01:35+00:00","mainEntityOfPage":{"@id":"https:\/\/ubirataonline.com.br\/projeto-gratuito-cria-identidade-digital-para-veiculos-do-parana\/"},"wordCount":560,"publisher":{"@id":"https:\/\/ubirataonline.com.br\/#organization"},"image":{"@id":"https:\/\/ubirataonline.com.br\/projeto-gratuito-cria-identidade-digital-para-veiculos-do-parana\/#primaryimage"},"thumbnailUrl":"https:\/\/ubirataonline.com.br\/wp-content\/uploads\/2026\/02\/Projeto-gratuito-cria-identidade-digital-para-veiculos-do-Parana.jpg","keywords":["cria","digital","gratuito","identidade","para","paran\u00e1","projeto","Ve\u00edculos"],"articleSection":["Ubirat\u00e3"],"inLanguage":"en-US","copyrightYear":"2026","copyrightHolder":{"@id":"https:\/\/ubirataonline.com.br\/en\/#organization"}},{"@type":"WebPage","@id":"https:\/\/ubirataonline.com.br\/projeto-gratuito-cria-identidade-digital-para-veiculos-do-parana\/","url":"https:\/\/ubirataonline.com.br\/projeto-gratuito-cria-identidade-digital-para-veiculos-do-parana\/","name":"Projeto gratuito cria identidade digital para ve\u00edculos do Paran\u00e1 - Ubirat\u00e3 Online Not\u00edcias - A realidade ao seu alcance!","isPartOf":{"@id":"https:\/\/ubirataonline.com.br\/#website"},"primaryImageOfPage":{"@id":"https:\/\/ubirataonline.com.br\/projeto-gratuito-cria-identidade-digital-para-veiculos-do-parana\/#primaryimage"},"image":{"@id":"https:\/\/ubirataonline.com.br\/projeto-gratuito-cria-identidade-digital-para-veiculos-do-parana\/#primaryimage"},"thumbnailUrl":"https:\/\/ubirataonline.com.br\/wp-content\/uploads\/2026\/02\/Projeto-gratuito-cria-identidade-digital-para-veiculos-do-Parana.jpg","datePublished":"2026-02-11T18:01:32+00:00","dateModified":"2026-02-11T18:01:35+00:00","description":"Propriet\u00e1rios de ve\u00edculos de todo o Paran\u00e1 podem participar do projeto-piloto que cria para os carros o Passaporte Veicular Digital. A partir desta","breadcrumb":{"@id":"https:\/\/ubirataonline.com.br\/projeto-gratuito-cria-identidade-digital-para-veiculos-do-parana\/#breadcrumb"},"inLanguage":"en-US","potentialAction":[{"@type":"ReadAction","target":["https:\/\/ubirataonline.com.br\/projeto-gratuito-cria-identidade-digital-para-veiculos-do-parana\/"]}]},{"@type":"ImageObject","inLanguage":"en-US","@id":"https:\/\/ubirataonline.com.br\/projeto-gratuito-cria-identidade-digital-para-veiculos-do-parana\/#primaryimage","url":"https:\/\/ubirataonline.com.br\/wp-content\/uploads\/2026\/02\/Projeto-gratuito-cria-identidade-digital-para-veiculos-do-Parana.jpg","contentUrl":"https:\/\/ubirataonline.com.br\/wp-content\/uploads\/2026\/02\/Projeto-gratuito-cria-identidade-digital-para-veiculos-do-Parana.jpg","width":1200,"height":800,"caption":"Foto: Geraldo Bubniak\/AEN"},{"@type":"BreadcrumbList","@id":"https:\/\/ubirataonline.com.br\/projeto-gratuito-cria-identidade-digital-para-veiculos-do-parana\/#breadcrumb","itemListElement":[{"@type":"ListItem","position":1,"name":"In\u00edcio","item":"https:\/\/ubirataonline.com.br\/"},{"@type":"ListItem","position":2,"name":"Projeto gratuito cria identidade digital para ve\u00edculos do Paran\u00e1"}]},{"@type":"WebSite","@id":"https:\/\/ubirataonline.com.br\/#website","url":"https:\/\/ubirataonline.com.br\/","name":"Ubirat\u00e3 Online Not\u00edcias","description":"Not\u00edcias de Ubirat\u00e3, regi\u00e3o, Brasil e mundo, com informa\u00e7\u00e3o atualizada e compromisso com o leitor.","publisher":{"@id":"https:\/\/ubirataonline.com.br\/#organization"},"alternateName":"Ubirat\u00e3 Online","potentialAction":[{"@type":"SearchAction","target":{"@type":"EntryPoint","urlTemplate":"https:\/\/ubirataonline.com.br\/?s={search_term_string}"},"query-input":{"@type":"PropertyValueSpecification","valueRequired":true,"valueName":"search_term_string"}}],"inLanguage":"en-US"},{"@type":["Organization","Place"],"@id":"https:\/\/ubirataonline.com.br\/#organization","name":"Ubirat\u00e3 Online Not\u00edcias","alternateName":"Ubirat\u00e3 Online","url":"https:\/\/ubirataonline.com.br\/","logo":{"@id":"https:\/\/ubirataonline.com.br\/projeto-gratuito-cria-identidade-digital-para-veiculos-do-parana\/#local-main-organization-logo"},"image":{"@id":"https:\/\/ubirataonline.com.br\/projeto-gratuito-cria-identidade-digital-para-veiculos-do-parana\/#local-main-organization-logo"},"sameAs":["https:\/\/www.facebook.com\/portalubirataonline","https:\/\/x.com\/ubirataonline","https:\/\/mastodon.social\/@ubirataonline","https:\/\/www.facebook.com\/groups\/311144672285604","https:\/\/www.facebook.com\/UBTAOnline","https:\/\/www.instagram.com\/portalubirataonline\/","https:\/\/twitter.com\/ubirataonline"],"description":"Somos um portal de not\u00edcias independente, criado em 5 de janeiro de 2009, com o objetivo de informar, conectar e valorizar a nossa comunidade de Ubirat\u00e3 e toda aregi\u00e3o. Com conte\u00fado atualizado, confi\u00e1vel e relevante, o Ubirat\u00e3 Online \u00e9 o seu espa\u00e7o para ficar por dentro dos principais acontecimentos locais, regionais, Brasil, Mundo e de interesse geral. Nosso compromisso \u00e9 com a verdade, a transpar\u00eancia e o respeito ao leitor.","legalName":"UBIRATA ONLINE NOT\u00cdCIAS","foundingDate":"2009-01-05","numberOfEmployees":{"@type":"QuantitativeValue","minValue":"1","maxValue":"10"},"publishingPrinciples":"https:\/\/ubirataonline.com.br\/faq\/","address":{"@id":"https:\/\/ubirataonline.com.br\/projeto-gratuito-cria-identidade-digital-para-veiculos-do-parana\/#local-main-place-address"},"geo":{"@type":"GeoCoordinates","latitude":"-24.5361401","longitude":"-52.9921776"},"telephone":["+5544998308235"],"contactPoint":{"@type":"ContactPoint","email":"contato@ubirataonline.com.br"},"openingHoursSpecification":{"@type":"OpeningHoursSpecification","dayOfWeek":["Monday","Tuesday","Wednesday","Thursday","Friday","Saturday","Sunday"],"opens":"00:00","closes":"23:59"},"email":"contato@ubirataonline.com.br","vatID":"47.621.418\/0001-80"},{"@type":"Person","@id":"https:\/\/ubirataonline.com.br\/#\/schema\/person\/372f87bbd3fdd79b8556b84c98d0bc1c","name":"REDA\u00c7\u00c3O: UBIRAT\u00c3 ONLINE - F\u00c1BIO AUGUSTO CELESTINO","pronouns":"Ele","description":"Desde 2003 trabalhando com not\u00edcias.","sameAs":["http:\/\/ubirataoline.com.br","https:\/\/www.facebook.com\/portalubirataonline","https:\/\/www.instagram.com\/ubirataonline_oficial","https:\/\/x.com\/x.com\/ubirataonline"],"honorificPrefix":"Mr.","honorificSuffix":"MD","birthDate":"1980-06-16","gender":"masculino","award":["V\u00e1rios pr\u00eamios de melhor portal da cidade"],"jobTitle":"Diretor","url":"https:\/\/ubirataonline.com.br\/en\/author\/ubirataonline\/"},{"@type":"PostalAddress","@id":"https:\/\/ubirataonline.com.br\/projeto-gratuito-cria-identidade-digital-para-veiculos-do-parana\/#local-main-place-address","streetAddress":"Rua dos Coqueiros, 104 - Bairro Boa Vista, Rua dos Coqueiros, 104 Bairro Boa Vista","addressLocality":"UBIRATA","postalCode":"85440-000","addressRegion":"PR","addressCountry":"BR"},{"@type":"ImageObject","inLanguage":"en-US","@id":"https:\/\/ubirataonline.com.br\/projeto-gratuito-cria-identidade-digital-para-veiculos-do-parana\/#local-main-organization-logo","url":"https:\/\/ubirataonline.com.br\/wp-content\/uploads\/2026\/06\/logoubirataonline-1.webp","contentUrl":"https:\/\/ubirataonline.com.br\/wp-content\/uploads\/2026\/06\/logoubirataonline-1.webp","width":500,"height":500,"caption":"Ubirat\u00e3 Online Not\u00edcias"}]},"geo.placename":"UBIRATA","geo.position":{"lat":"-24.5361401","long":"-52.9921776"},"geo.region":"Brazil"},"_links":{"self":[{"href":"https:\/\/ubirataonline.com.br\/en\/wp-json\/wp\/v2\/posts\/86353","targetHints":{"allow":["GET"]}}],"collection":[{"href":"https:\/\/ubirataonline.com.br\/en\/wp-json\/wp\/v2\/posts"}],"about":[{"href":"https:\/\/ubirataonline.com.br\/en\/wp-json\/wp\/v2\/types\/post"}],"author":[{"embeddable":true,"href":"https:\/\/ubirataonline.com.br\/en\/wp-json\/wp\/v2\/users\/1"}],"replies":[{"embeddable":true,"href":"https:\/\/ubirataonline.com.br\/en\/wp-json\/wp\/v2\/comments?post=86353"}],"version-history":[{"count":0,"href":"https:\/\/ubirataonline.com.br\/en\/wp-json\/wp\/v2\/posts\/86353\/revisions"}],"wp:featuredmedia":[{"embeddable":true,"href":"https:\/\/ubirataonline.com.br\/en\/wp-json\/wp\/v2\/media\/86354"}],"wp:attachment":[{"href":"https:\/\/ubirataonline.com.br\/en\/wp-json\/wp\/v2\/media?parent=86353"}],"wp:term":[{"taxonomy":"category","embeddable":true,"href":"https:\/\/ubirataonline.com.br\/en\/wp-json\/wp\/v2\/categories?post=86353"},{"taxonomy":"post_tag","embeddable":true,"href":"https:\/\/ubirataonline.com.br\/en\/wp-json\/wp\/v2\/tags?post=86353"}],"curies":[{"name":"wp","href":"https:\/\/api.w.org\/{rel}","templated":true}]}}