{"id":86365,"date":"2026-02-11T16:16:29","date_gmt":"2026-02-11T19:16:29","guid":{"rendered":"https:\/\/ubirataonline.com.br\/curitiba-realiza-blitz-educativa-com-instalacao-de-antenas-corta-pipas\/"},"modified":"2026-02-11T16:16:40","modified_gmt":"2026-02-11T19:16:40","slug":"curitiba-realiza-blitz-educativa-com-instalacao-de-antenas-corta-pipas","status":"publish","type":"post","link":"https:\/\/ubirataonline.com.br\/en\/curitiba-realiza-blitz-educativa-com-instalacao-de-antenas-corta-pipas\/","title":{"rendered":"Curitiba realiza blitz educativa com instala\u00e7\u00e3o de antenas corta-pipas"},"content":{"rendered":"<p><\/p>\n<div id=\"post-content\">\n<p>A Escola P\u00fablica de Tr\u00e2nsito de Curitiba (ABC Tr\u00e2nsito) promover\u00e1 nesta quinta-feira (12\/2), das 9h \u00e0s 11h, uma blitz educativa na Rua da Cidadania Matriz, localizada na Pra\u00e7a Rui Barbosa. A a\u00e7\u00e3o faz parte da campanha \u201cA moto mais mortal do mundo\u201d e visa conscientizar motociclistas sobre seguran\u00e7a no tr\u00e2nsito.<\/p>\n<p>Durante o evento, ser\u00e3o distribu\u00eddos materiais educativos e instaladas gratuitamente antenas corta-pipas nas motocicletas. Essas antenas s\u00e3o dispositivos de seguran\u00e7a que protegem o motociclista e passageiros contra linhas com cerol, que podem causar ferimentos graves ou fatais.<\/p>\n<p>A instala\u00e7\u00e3o de antenas corta-pipas \u00e9 obrigat\u00f3ria para motos utilizadas no transporte de cargas e passageiros, conforme previsto no Artigo 139 A do C\u00f3digo de Tr\u00e2nsito Brasileiro e em resolu\u00e7\u00e3o do Conselho Nacional de Tr\u00e2nsito (Contran). Para os demais motociclistas, o item \u00e9 recomendado como medida de seguran\u00e7a adicional.<\/p>\n<p>A campanha \u201cA moto mais mortal do mundo\u201d busca alertar sobre os riscos no tr\u00e2nsito e promover comportamentos seguros, especialmente entre motociclistas, que est\u00e3o entre os grupos mais vulner\u00e1veis. Como parte da iniciativa, foi constru\u00edda uma moto utilizando pe\u00e7as de 12 ve\u00edculos envolvidos em acidentes fatais na cidade.<\/p>\n<p>Segundo dados da Superintend\u00eancia de Tr\u00e2nsito de Curitiba, ocorre uma morte de motociclista a cada 5 dias na cidade. A blitz educativa \u00e9 uma das a\u00e7\u00f5es para reduzir esse n\u00famero e melhorar a seguran\u00e7a vi\u00e1ria para todos os usu\u00e1rios.<\/p>\n<section class=\"virals\">\n<article class=\"cardnews cardnews--post cardnews--has-thumbnail cardnews--editorial-noticias\"> <a href=\"https:\/\/www.tribunapr.com.br\/noticias\/parana\/golpe-do-ipva-engana-profissional-da-tecnologia-no-parana-como-evitar-a-fraude\/?utm_source=noticias-virais-rodape&amp;utm_medium=internal-tribuna&amp;utm_campaign=tribuna\" class=\"cardnews__postlink\"> <\/p>\n<div class=\"cardnews__image\" is-api-thumb=\"\"><\/div>\n<div class=\"cardnews__content cardhome__content\">\n<div class=\"cardnews__content-wrapper\">\n<p> <span style=\"\"> Fique atento! <\/span> <\/p>\n<p>At\u00e9 especialistas ca\u00edram: o detalhe no boleto do IPVA que rouba seu dinheiro<\/p>\n<\/p><\/div>\n<\/p><\/div>\n<p> <\/a> <\/article>\n<article class=\"cardnews cardnews--post cardnews--has-thumbnail cardnews--editorial-noticias\"> <a href=\"https:\/\/www.tribunapr.com.br\/noticias\/curitiba-regiao\/litoral-do-parana-passa-a-figurar-entre-os-mais-valorizados-do-pais\/?utm_source=noticias-virais-rodape&amp;utm_medium=internal-tribuna&amp;utm_campaign=tribuna\" class=\"cardnews__postlink\"> <\/p>\n<div class=\"cardnews__image\" is-api-thumb=\"\"><img decoding=\"async\" src=\"https:\/\/www.tribunapr.com.br\/wp-content\/uploads\/2026\/02\/04151141\/matinhos-litoral-370x210.jpg\" loading=\"lazy\" alt=\"Adeus, pre\u00e7os baixos? Esta regi\u00e3o do Paran\u00e1 virou a nova 'mina de ouro'\"\/><\/div>\n<div class=\"cardnews__content cardhome__content\">\n<div class=\"cardnews__content-wrapper\">\n<p> <span style=\"\"> Mercado imobili\u00e1rio <\/span> <\/p>\n<p>Adeus, pre\u00e7os baixos? Esta regi\u00e3o do Paran\u00e1 virou a nova &#8216;mina de ouro&#8217;<\/p>\n<\/p><\/div>\n<\/p><\/div>\n<p> <\/a> <\/article>\n<article class=\"cardnews cardnews--post cardnews--has-thumbnail cardnews--editorial-noticias\"> <a href=\"https:\/\/www.tribunapr.com.br\/blogs\/rango-barateza\/biscoitos-da-vovo-elza-tradicao-que-nasceu-do-afeto-e-conquistou-curitiba\/?utm_source=noticias-virais-rodape&amp;utm_medium=internal-tribuna&amp;utm_campaign=tribuna\" class=\"cardnews__postlink\"> <\/p>\n<div class=\"cardnews__image\" is-api-thumb=\"\"><img decoding=\"async\" src=\"https:\/\/www.tribunapr.com.br\/wp-content\/uploads\/2026\/02\/06135141\/vovo-elza-02-770x440-1-370x210.webp\" loading=\"lazy\" alt=\"O segredo de Curitiba: como uma receita de fam\u00edlia virou um imp\u00e9rio do afeto\"\/><\/div>\n<div class=\"cardnews__content cardhome__content\">\n<div class=\"cardnews__content-wrapper\">\n<p> <span style=\"\"> Rango Barateza! <\/span> <\/p>\n<p>O segredo de Curitiba: como uma receita de fam\u00edlia virou um imp\u00e9rio do afeto<\/p>\n<\/p><\/div>\n<\/p><\/div>\n<p> <\/a> <\/article>\n<\/section>\n<div id=\"tribuna-follow-cta\">\n<p> <span class=\"cta-title\">Siga a <span class=\"tribuna-color\">Tribuna<\/span> no Google, e acompanhe as \u00faltimas not\u00edcias de Curitiba e regi\u00e3o!<\/span> <\/p>\n<p> <a href=\"https:\/\/profile.google.com\/cp\/CgwvZy8xMmxxajUzM3Mac2h0dHBzOi8vd3d3LnRyaWJ1bmFwci5jb20uYnIvdml2YS92aXRyaW5lL2dpZ2FudGUtZG8tdmVzdHVhcmlvLXJlaW5hdWd1cmEtbG9qYS1lbS1zaG9wcGluZy10cmFkaWNpb25hbC1kZS1jdXJpdGliYS8iElRyaWJ1bmEgZG8gUGFyYW7DoSqAAwrHAWh0dHBzOi8vZW5jcnlwdGVkLXRibjIuZ3N0YXRpYy5jb20vZmF2aWNvbi10Ym4_cT10Ym46QU5kOUdjUVJPbjVDRjR6TzJPbkUwTXZrRlRCRTY2U0g1bGlaVDRaZTV3bWNKeU5GRm1BSnluM01nNU9PR3BXY1pYMzZwYU5HUWtsZ09JVEFLTTNNZVNGbTc1aWp6M3k2ajUtQ3M2b25kX2JUcFFQQkVLd3RsUjBsTmJESnUtVHhrNXQtbFlCNlVpOWZSVVFjT2cSswFodHRwczovL2VuY3J5cHRlZC10Ym4zLmdzdGF0aWMuY29tL2Zhdmljb24tdGJuP3E9dGJuJTNBQU5kOUdjU0FMaWJ2eFF0YXdFMFRueVdWWmVKRS1MZEdRZjVTUi1OZ2RMazhyZzIwVy1nM0JuQ1F4VDNKZFBjRXR2THdBeVRxUDJEdHVycEdVR29CQkxpYzM5al9wSmFxRERaMHNCYW05WEVhSGVsMmZTQmdKdlF4WWVyMw\" target=\"_blank\" title=\"Seguir a Tribuna no Google\">  <\/a> <\/div>\n<\/p><\/div>\n<p><a href=\"https:\/\/www.tribunapr.com.br\/noticias\/curitiba-regiao\/curitiba-realiza-blitz-educativa-com-instalacao-de-antenas-corta-pipas\/\">Source link <\/a><\/p>","protected":false},"excerpt":{"rendered":"<p>A Escola P\u00fablica de Tr\u00e2nsito de Curitiba (ABC Tr\u00e2nsito) promover\u00e1 nesta quinta-feira (12\/2), das 9h \u00e0s 11h, uma blitz educativa na Rua da Cidadania Matriz, localizada na Pra\u00e7a Rui Barbosa. A a\u00e7\u00e3o faz parte da campanha \u201cA moto mais mortal do mundo\u201d e visa conscientizar motociclistas sobre seguran\u00e7a no tr\u00e2nsito. Durante o evento, ser\u00e3o distribu\u00eddos [&hellip;]<\/p>\n","protected":false},"author":1,"featured_media":86366,"comment_status":"closed","ping_status":"","sticky":false,"template":"","format":"standard","meta":{"googlesitekit_rrm_CAow2JLhCw:productID":"","_gspb_post_css":"","maa_idioma":"","maa_pais":"","footnotes":""},"categories":[1],"tags":[18356,14387,18357,151,14638,12959,4234],"class_list":["post-86365","post","type-post","status-publish","format-standard","has-post-thumbnail","hentry","category-ubirata","tag-antenas","tag-blitz","tag-cortapipas","tag-curitiba","tag-educativa","tag-instalacao","tag-realiza"],"blocksy_meta":[],"yoast_head":"<!-- This site is optimized with the Yoast SEO Premium plugin v27.6 (Yoast SEO v27.6) - https:\/\/yoast.com\/product\/yoast-seo-premium-wordpress\/ -->\n<title>Curitiba realiza blitz educativa com instala\u00e7\u00e3o de antenas corta-pipas - Ubirat\u00e3 Online Not\u00edcias - A realidade ao seu alcance!<\/title>\n<meta name=\"description\" content=\"A Escola P\u00fablica de Tr\u00e2nsito de Curitiba (ABC Tr\u00e2nsito) promover\u00e1 nesta quinta-feira (12\/2), das 9h \u00e0s 11h, uma blitz educativa na Rua da Cidadania\" \/>\n<meta name=\"robots\" content=\"index, follow, max-snippet:-1, max-image-preview:large, max-video-preview:-1\" \/>\n<link rel=\"canonical\" href=\"https:\/\/ubirataonline.com.br\/en\/curitiba-realiza-blitz-educativa-com-instalacao-de-antenas-corta-pipas\/\" \/>\n<meta property=\"og:locale\" content=\"en_US\" \/>\n<meta property=\"og:type\" content=\"article\" \/>\n<meta property=\"og:title\" content=\"Curitiba realiza blitz educativa com instala\u00e7\u00e3o de antenas corta-pipas\" \/>\n<meta property=\"og:description\" content=\"A Escola P\u00fablica de Tr\u00e2nsito de Curitiba (ABC Tr\u00e2nsito) promover\u00e1 nesta quinta-feira (12\/2), das 9h \u00e0s 11h, uma blitz educativa na Rua da Cidadania\" \/>\n<meta property=\"og:url\" content=\"https:\/\/ubirataonline.com.br\/en\/curitiba-realiza-blitz-educativa-com-instalacao-de-antenas-corta-pipas\/\" \/>\n<meta property=\"og:site_name\" content=\"Ubirat\u00e3 Online Not\u00edcias - A realidade ao seu alcance!\" \/>\n<meta property=\"article:publisher\" content=\"https:\/\/www.facebook.com\/portalubirataonline\" \/>\n<meta property=\"article:author\" content=\"https:\/\/www.facebook.com\/portalubirataonline\" \/>\n<meta property=\"article:published_time\" content=\"2026-02-11T19:16:29+00:00\" \/>\n<meta property=\"article:modified_time\" content=\"2026-02-11T19:16:40+00:00\" \/>\n<meta property=\"og:image\" content=\"https:\/\/ubirataonline.com.br\/wp-content\/uploads\/2026\/02\/Curitiba-realiza-blitz-educativa-com-instalacao-de-antenas-corta-pipas.jpg\" \/>\n\t<meta property=\"og:image:width\" content=\"2560\" \/>\n\t<meta property=\"og:image:height\" content=\"1706\" \/>\n\t<meta property=\"og:image:type\" content=\"image\/jpeg\" \/>\n<meta name=\"author\" content=\"REDA\u00c7\u00c3O: UBIRAT\u00c3 ONLINE - F\u00c1BIO AUGUSTO CELESTINO\" \/>\n<meta name=\"twitter:card\" content=\"summary_large_image\" \/>\n<meta name=\"twitter:creator\" content=\"@x.com\/ubirataonline\" \/>\n<meta name=\"twitter:site\" content=\"@ubirataonline\" \/>\n<meta name=\"twitter:label1\" content=\"Written by\" \/>\n\t<meta name=\"twitter:data1\" content=\"REDA\u00c7\u00c3O: UBIRAT\u00c3 ONLINE - F\u00c1BIO AUGUSTO CELESTINO\" \/>\n\t<meta name=\"twitter:label2\" content=\"Est. reading time\" \/>\n\t<meta name=\"twitter:data2\" content=\"2 minutes\" \/>\n<script type=\"application\/ld+json\" class=\"yoast-schema-graph\">{\"@context\":\"https:\\\/\\\/schema.org\",\"@graph\":[{\"@type\":\"NewsArticle\",\"@id\":\"https:\\\/\\\/ubirataonline.com.br\\\/curitiba-realiza-blitz-educativa-com-instalacao-de-antenas-corta-pipas\\\/#article\",\"isPartOf\":{\"@id\":\"https:\\\/\\\/ubirataonline.com.br\\\/curitiba-realiza-blitz-educativa-com-instalacao-de-antenas-corta-pipas\\\/\"},\"author\":{\"name\":\"REDA\u00c7\u00c3O: UBIRAT\u00c3 ONLINE - F\u00c1BIO AUGUSTO CELESTINO\",\"@id\":\"https:\\\/\\\/ubirataonline.com.br\\\/#\\\/schema\\\/person\\\/372f87bbd3fdd79b8556b84c98d0bc1c\"},\"headline\":\"Curitiba realiza blitz educativa com instala\u00e7\u00e3o de antenas corta-pipas\",\"datePublished\":\"2026-02-11T19:16:29+00:00\",\"dateModified\":\"2026-02-11T19:16:40+00:00\",\"mainEntityOfPage\":{\"@id\":\"https:\\\/\\\/ubirataonline.com.br\\\/curitiba-realiza-blitz-educativa-com-instalacao-de-antenas-corta-pipas\\\/\"},\"wordCount\":327,\"publisher\":{\"@id\":\"https:\\\/\\\/ubirataonline.com.br\\\/#organization\"},\"image\":{\"@id\":\"https:\\\/\\\/ubirataonline.com.br\\\/curitiba-realiza-blitz-educativa-com-instalacao-de-antenas-corta-pipas\\\/#primaryimage\"},\"thumbnailUrl\":\"https:\\\/\\\/ubirataonline.com.br\\\/wp-content\\\/uploads\\\/2026\\\/02\\\/Curitiba-realiza-blitz-educativa-com-instalacao-de-antenas-corta-pipas.jpg\",\"keywords\":[\"antenas\",\"Blitz\",\"cortapipas\",\"Curitiba\",\"educativa\",\"instala\u00e7\u00e3o\",\"realiza\"],\"articleSection\":[\"Ubirat\u00e3\"],\"inLanguage\":\"en-US\",\"copyrightYear\":\"2026\",\"copyrightHolder\":{\"@id\":\"https:\\\/\\\/ubirataonline.com.br\\\/en\\\/#organization\"}},{\"@type\":\"WebPage\",\"@id\":\"https:\\\/\\\/ubirataonline.com.br\\\/curitiba-realiza-blitz-educativa-com-instalacao-de-antenas-corta-pipas\\\/\",\"url\":\"https:\\\/\\\/ubirataonline.com.br\\\/curitiba-realiza-blitz-educativa-com-instalacao-de-antenas-corta-pipas\\\/\",\"name\":\"Curitiba realiza blitz educativa com instala\u00e7\u00e3o de antenas corta-pipas - Ubirat\u00e3 Online Not\u00edcias - A realidade ao seu alcance!\",\"isPartOf\":{\"@id\":\"https:\\\/\\\/ubirataonline.com.br\\\/#website\"},\"primaryImageOfPage\":{\"@id\":\"https:\\\/\\\/ubirataonline.com.br\\\/curitiba-realiza-blitz-educativa-com-instalacao-de-antenas-corta-pipas\\\/#primaryimage\"},\"image\":{\"@id\":\"https:\\\/\\\/ubirataonline.com.br\\\/curitiba-realiza-blitz-educativa-com-instalacao-de-antenas-corta-pipas\\\/#primaryimage\"},\"thumbnailUrl\":\"https:\\\/\\\/ubirataonline.com.br\\\/wp-content\\\/uploads\\\/2026\\\/02\\\/Curitiba-realiza-blitz-educativa-com-instalacao-de-antenas-corta-pipas.jpg\",\"datePublished\":\"2026-02-11T19:16:29+00:00\",\"dateModified\":\"2026-02-11T19:16:40+00:00\",\"description\":\"A Escola P\u00fablica de Tr\u00e2nsito de Curitiba (ABC Tr\u00e2nsito) promover\u00e1 nesta quinta-feira (12\\\/2), das 9h \u00e0s 11h, uma blitz educativa na Rua da Cidadania\",\"breadcrumb\":{\"@id\":\"https:\\\/\\\/ubirataonline.com.br\\\/curitiba-realiza-blitz-educativa-com-instalacao-de-antenas-corta-pipas\\\/#breadcrumb\"},\"inLanguage\":\"en-US\",\"potentialAction\":[{\"@type\":\"ReadAction\",\"target\":[\"https:\\\/\\\/ubirataonline.com.br\\\/curitiba-realiza-blitz-educativa-com-instalacao-de-antenas-corta-pipas\\\/\"]}]},{\"@type\":\"ImageObject\",\"inLanguage\":\"en-US\",\"@id\":\"https:\\\/\\\/ubirataonline.com.br\\\/curitiba-realiza-blitz-educativa-com-instalacao-de-antenas-corta-pipas\\\/#primaryimage\",\"url\":\"https:\\\/\\\/ubirataonline.com.br\\\/wp-content\\\/uploads\\\/2026\\\/02\\\/Curitiba-realiza-blitz-educativa-com-instalacao-de-antenas-corta-pipas.jpg\",\"contentUrl\":\"https:\\\/\\\/ubirataonline.com.br\\\/wp-content\\\/uploads\\\/2026\\\/02\\\/Curitiba-realiza-blitz-educativa-com-instalacao-de-antenas-corta-pipas.jpg\",\"width\":2560,\"height\":1706,\"caption\":\"Segunda blitz educativa instala antenas corta-pipas nesta quinta-feira (29) na Prefeitura de Curitiba. Foto: Hully Paiva\\\/SECOM\"},{\"@type\":\"BreadcrumbList\",\"@id\":\"https:\\\/\\\/ubirataonline.com.br\\\/curitiba-realiza-blitz-educativa-com-instalacao-de-antenas-corta-pipas\\\/#breadcrumb\",\"itemListElement\":[{\"@type\":\"ListItem\",\"position\":1,\"name\":\"In\u00edcio\",\"item\":\"https:\\\/\\\/ubirataonline.com.br\\\/\"},{\"@type\":\"ListItem\",\"position\":2,\"name\":\"Curitiba realiza blitz educativa com instala\u00e7\u00e3o de antenas corta-pipas\"}]},{\"@type\":\"WebSite\",\"@id\":\"https:\\\/\\\/ubirataonline.com.br\\\/#website\",\"url\":\"https:\\\/\\\/ubirataonline.com.br\\\/\",\"name\":\"Ubirat\u00e3 Online Not\u00edcias\",\"description\":\"Not\u00edcias de Ubirat\u00e3, regi\u00e3o, Brasil e mundo, com informa\u00e7\u00e3o atualizada e compromisso com o leitor.\",\"publisher\":{\"@id\":\"https:\\\/\\\/ubirataonline.com.br\\\/#organization\"},\"alternateName\":\"Ubirat\u00e3 Online\",\"potentialAction\":[{\"@type\":\"SearchAction\",\"target\":{\"@type\":\"EntryPoint\",\"urlTemplate\":\"https:\\\/\\\/ubirataonline.com.br\\\/?s={search_term_string}\"},\"query-input\":{\"@type\":\"PropertyValueSpecification\",\"valueRequired\":true,\"valueName\":\"search_term_string\"}}],\"inLanguage\":\"en-US\"},{\"@type\":[\"Organization\",\"Place\"],\"@id\":\"https:\\\/\\\/ubirataonline.com.br\\\/#organization\",\"name\":\"Ubirat\u00e3 Online Not\u00edcias\",\"alternateName\":\"Ubirat\u00e3 Online\",\"url\":\"https:\\\/\\\/ubirataonline.com.br\\\/\",\"logo\":{\"@id\":\"https:\\\/\\\/ubirataonline.com.br\\\/curitiba-realiza-blitz-educativa-com-instalacao-de-antenas-corta-pipas\\\/#local-main-organization-logo\"},\"image\":{\"@id\":\"https:\\\/\\\/ubirataonline.com.br\\\/curitiba-realiza-blitz-educativa-com-instalacao-de-antenas-corta-pipas\\\/#local-main-organization-logo\"},\"sameAs\":[\"https:\\\/\\\/www.facebook.com\\\/portalubirataonline\",\"https:\\\/\\\/x.com\\\/ubirataonline\",\"https:\\\/\\\/mastodon.social\\\/@ubirataonline\",\"https:\\\/\\\/www.facebook.com\\\/groups\\\/311144672285604\",\"https:\\\/\\\/www.facebook.com\\\/UBTAOnline\",\"https:\\\/\\\/www.instagram.com\\\/portalubirataonline\\\/\",\"https:\\\/\\\/twitter.com\\\/ubirataonline\"],\"description\":\"Somos um portal de not\u00edcias independente, criado em 5 de janeiro de 2009, com o objetivo de informar, conectar e valorizar a nossa comunidade de Ubirat\u00e3 e toda aregi\u00e3o. Com conte\u00fado atualizado, confi\u00e1vel e relevante, o Ubirat\u00e3 Online \u00e9 o seu espa\u00e7o para ficar por dentro dos principais acontecimentos locais, regionais, Brasil, Mundo e de interesse geral. Nosso compromisso \u00e9 com a verdade, a transpar\u00eancia e o respeito ao leitor.\",\"legalName\":\"UBIRATA ONLINE NOT\u00cdCIAS\",\"foundingDate\":\"2009-01-05\",\"numberOfEmployees\":{\"@type\":\"QuantitativeValue\",\"minValue\":\"1\",\"maxValue\":\"10\"},\"publishingPrinciples\":\"https:\\\/\\\/ubirataonline.com.br\\\/faq\\\/\",\"address\":{\"@id\":\"https:\\\/\\\/ubirataonline.com.br\\\/curitiba-realiza-blitz-educativa-com-instalacao-de-antenas-corta-pipas\\\/#local-main-place-address\"},\"geo\":{\"@type\":\"GeoCoordinates\",\"latitude\":\"-24.5361401\",\"longitude\":\"-52.9921776\"},\"telephone\":[\"+5544998308235\"],\"contactPoint\":{\"@type\":\"ContactPoint\",\"email\":\"contato@ubirataonline.com.br\"},\"openingHoursSpecification\":{\"@type\":\"OpeningHoursSpecification\",\"dayOfWeek\":[\"Monday\",\"Tuesday\",\"Wednesday\",\"Thursday\",\"Friday\",\"Saturday\",\"Sunday\"],\"opens\":\"00:00\",\"closes\":\"23:59\"},\"email\":\"contato@ubirataonline.com.br\",\"vatID\":\"47.621.418\\\/0001-80\"},{\"@type\":\"Person\",\"@id\":\"https:\\\/\\\/ubirataonline.com.br\\\/#\\\/schema\\\/person\\\/372f87bbd3fdd79b8556b84c98d0bc1c\",\"name\":\"REDA\u00c7\u00c3O: UBIRAT\u00c3 ONLINE - F\u00c1BIO AUGUSTO CELESTINO\",\"pronouns\":\"Ele\",\"description\":\"Desde 2003 trabalhando com not\u00edcias.\",\"sameAs\":[\"http:\\\/\\\/ubirataoline.com.br\",\"https:\\\/\\\/www.facebook.com\\\/portalubirataonline\",\"https:\\\/\\\/www.instagram.com\\\/ubirataonline_oficial\",\"https:\\\/\\\/x.com\\\/x.com\\\/ubirataonline\"],\"honorificPrefix\":\"Mr.\",\"honorificSuffix\":\"MD\",\"birthDate\":\"1980-06-16\",\"gender\":\"masculino\",\"award\":[\"V\u00e1rios pr\u00eamios de melhor portal da cidade\"],\"jobTitle\":\"Diretor\",\"url\":\"https:\\\/\\\/ubirataonline.com.br\\\/en\\\/author\\\/ubirataonline\\\/\"},{\"@type\":\"PostalAddress\",\"@id\":\"https:\\\/\\\/ubirataonline.com.br\\\/curitiba-realiza-blitz-educativa-com-instalacao-de-antenas-corta-pipas\\\/#local-main-place-address\",\"streetAddress\":\"Rua dos Coqueiros, 104 - Bairro Boa Vista, Rua dos Coqueiros, 104 Bairro Boa Vista\",\"addressLocality\":\"UBIRATA\",\"postalCode\":\"85440-000\",\"addressRegion\":\"PR\",\"addressCountry\":\"BR\"},{\"@type\":\"ImageObject\",\"inLanguage\":\"en-US\",\"@id\":\"https:\\\/\\\/ubirataonline.com.br\\\/curitiba-realiza-blitz-educativa-com-instalacao-de-antenas-corta-pipas\\\/#local-main-organization-logo\",\"url\":\"https:\\\/\\\/ubirataonline.com.br\\\/wp-content\\\/uploads\\\/2026\\\/06\\\/logoubirataonline-1.webp\",\"contentUrl\":\"https:\\\/\\\/ubirataonline.com.br\\\/wp-content\\\/uploads\\\/2026\\\/06\\\/logoubirataonline-1.webp\",\"width\":500,\"height\":500,\"caption\":\"Ubirat\u00e3 Online Not\u00edcias\"}]}<\/script>\n<meta name=\"geo.placename\" content=\"UBIRATA\" \/>\n<meta name=\"geo.position\" content=\"-24.5361401;-52.9921776\" \/>\n<meta name=\"geo.region\" content=\"Brazil\" \/>\n<!-- \/ Yoast SEO Premium plugin. -->","yoast_head_json":{"title":"Curitiba realiza blitz educativa com instala\u00e7\u00e3o de antenas corta-pipas - Ubirat\u00e3 Online Not\u00edcias - A realidade ao seu alcance!","description":"A Escola P\u00fablica de Tr\u00e2nsito de Curitiba (ABC Tr\u00e2nsito) promover\u00e1 nesta quinta-feira (12\/2), das 9h \u00e0s 11h, uma blitz educativa na Rua da Cidadania","robots":{"index":"index","follow":"follow","max-snippet":"max-snippet:-1","max-image-preview":"max-image-preview:large","max-video-preview":"max-video-preview:-1"},"canonical":"https:\/\/ubirataonline.com.br\/en\/curitiba-realiza-blitz-educativa-com-instalacao-de-antenas-corta-pipas\/","og_locale":"en_US","og_type":"article","og_title":"Curitiba realiza blitz educativa com instala\u00e7\u00e3o de antenas corta-pipas","og_description":"A Escola P\u00fablica de Tr\u00e2nsito de Curitiba (ABC Tr\u00e2nsito) promover\u00e1 nesta quinta-feira (12\/2), das 9h \u00e0s 11h, uma blitz educativa na Rua da Cidadania","og_url":"https:\/\/ubirataonline.com.br\/en\/curitiba-realiza-blitz-educativa-com-instalacao-de-antenas-corta-pipas\/","og_site_name":"Ubirat\u00e3 Online Not\u00edcias - A realidade ao seu alcance!","article_publisher":"https:\/\/www.facebook.com\/portalubirataonline","article_author":"https:\/\/www.facebook.com\/portalubirataonline","article_published_time":"2026-02-11T19:16:29+00:00","article_modified_time":"2026-02-11T19:16:40+00:00","og_image":[{"width":2560,"height":1706,"url":"https:\/\/ubirataonline.com.br\/wp-content\/uploads\/2026\/02\/Curitiba-realiza-blitz-educativa-com-instalacao-de-antenas-corta-pipas.jpg","type":"image\/jpeg"}],"author":"REDA\u00c7\u00c3O: UBIRAT\u00c3 ONLINE - F\u00c1BIO AUGUSTO CELESTINO","twitter_card":"summary_large_image","twitter_creator":"@x.com\/ubirataonline","twitter_site":"@ubirataonline","twitter_misc":{"Written by":"REDA\u00c7\u00c3O: UBIRAT\u00c3 ONLINE - F\u00c1BIO AUGUSTO CELESTINO","Est. reading time":"2 minutes"},"schema":{"@context":"https:\/\/schema.org","@graph":[{"@type":"NewsArticle","@id":"https:\/\/ubirataonline.com.br\/curitiba-realiza-blitz-educativa-com-instalacao-de-antenas-corta-pipas\/#article","isPartOf":{"@id":"https:\/\/ubirataonline.com.br\/curitiba-realiza-blitz-educativa-com-instalacao-de-antenas-corta-pipas\/"},"author":{"name":"REDA\u00c7\u00c3O: UBIRAT\u00c3 ONLINE - F\u00c1BIO AUGUSTO CELESTINO","@id":"https:\/\/ubirataonline.com.br\/#\/schema\/person\/372f87bbd3fdd79b8556b84c98d0bc1c"},"headline":"Curitiba realiza blitz educativa com instala\u00e7\u00e3o de antenas corta-pipas","datePublished":"2026-02-11T19:16:29+00:00","dateModified":"2026-02-11T19:16:40+00:00","mainEntityOfPage":{"@id":"https:\/\/ubirataonline.com.br\/curitiba-realiza-blitz-educativa-com-instalacao-de-antenas-corta-pipas\/"},"wordCount":327,"publisher":{"@id":"https:\/\/ubirataonline.com.br\/#organization"},"image":{"@id":"https:\/\/ubirataonline.com.br\/curitiba-realiza-blitz-educativa-com-instalacao-de-antenas-corta-pipas\/#primaryimage"},"thumbnailUrl":"https:\/\/ubirataonline.com.br\/wp-content\/uploads\/2026\/02\/Curitiba-realiza-blitz-educativa-com-instalacao-de-antenas-corta-pipas.jpg","keywords":["antenas","Blitz","cortapipas","Curitiba","educativa","instala\u00e7\u00e3o","realiza"],"articleSection":["Ubirat\u00e3"],"inLanguage":"en-US","copyrightYear":"2026","copyrightHolder":{"@id":"https:\/\/ubirataonline.com.br\/en\/#organization"}},{"@type":"WebPage","@id":"https:\/\/ubirataonline.com.br\/curitiba-realiza-blitz-educativa-com-instalacao-de-antenas-corta-pipas\/","url":"https:\/\/ubirataonline.com.br\/curitiba-realiza-blitz-educativa-com-instalacao-de-antenas-corta-pipas\/","name":"Curitiba realiza blitz educativa com instala\u00e7\u00e3o de antenas corta-pipas - Ubirat\u00e3 Online Not\u00edcias - A realidade ao seu alcance!","isPartOf":{"@id":"https:\/\/ubirataonline.com.br\/#website"},"primaryImageOfPage":{"@id":"https:\/\/ubirataonline.com.br\/curitiba-realiza-blitz-educativa-com-instalacao-de-antenas-corta-pipas\/#primaryimage"},"image":{"@id":"https:\/\/ubirataonline.com.br\/curitiba-realiza-blitz-educativa-com-instalacao-de-antenas-corta-pipas\/#primaryimage"},"thumbnailUrl":"https:\/\/ubirataonline.com.br\/wp-content\/uploads\/2026\/02\/Curitiba-realiza-blitz-educativa-com-instalacao-de-antenas-corta-pipas.jpg","datePublished":"2026-02-11T19:16:29+00:00","dateModified":"2026-02-11T19:16:40+00:00","description":"A Escola P\u00fablica de Tr\u00e2nsito de Curitiba (ABC Tr\u00e2nsito) promover\u00e1 nesta quinta-feira (12\/2), das 9h \u00e0s 11h, uma blitz educativa na Rua da Cidadania","breadcrumb":{"@id":"https:\/\/ubirataonline.com.br\/curitiba-realiza-blitz-educativa-com-instalacao-de-antenas-corta-pipas\/#breadcrumb"},"inLanguage":"en-US","potentialAction":[{"@type":"ReadAction","target":["https:\/\/ubirataonline.com.br\/curitiba-realiza-blitz-educativa-com-instalacao-de-antenas-corta-pipas\/"]}]},{"@type":"ImageObject","inLanguage":"en-US","@id":"https:\/\/ubirataonline.com.br\/curitiba-realiza-blitz-educativa-com-instalacao-de-antenas-corta-pipas\/#primaryimage","url":"https:\/\/ubirataonline.com.br\/wp-content\/uploads\/2026\/02\/Curitiba-realiza-blitz-educativa-com-instalacao-de-antenas-corta-pipas.jpg","contentUrl":"https:\/\/ubirataonline.com.br\/wp-content\/uploads\/2026\/02\/Curitiba-realiza-blitz-educativa-com-instalacao-de-antenas-corta-pipas.jpg","width":2560,"height":1706,"caption":"Segunda blitz educativa instala antenas corta-pipas nesta quinta-feira (29) na Prefeitura de Curitiba. Foto: Hully Paiva\/SECOM"},{"@type":"BreadcrumbList","@id":"https:\/\/ubirataonline.com.br\/curitiba-realiza-blitz-educativa-com-instalacao-de-antenas-corta-pipas\/#breadcrumb","itemListElement":[{"@type":"ListItem","position":1,"name":"In\u00edcio","item":"https:\/\/ubirataonline.com.br\/"},{"@type":"ListItem","position":2,"name":"Curitiba realiza blitz educativa com instala\u00e7\u00e3o de antenas corta-pipas"}]},{"@type":"WebSite","@id":"https:\/\/ubirataonline.com.br\/#website","url":"https:\/\/ubirataonline.com.br\/","name":"Ubirat\u00e3 Online Not\u00edcias","description":"Not\u00edcias de Ubirat\u00e3, regi\u00e3o, Brasil e mundo, com informa\u00e7\u00e3o atualizada e compromisso com o leitor.","publisher":{"@id":"https:\/\/ubirataonline.com.br\/#organization"},"alternateName":"Ubirat\u00e3 Online","potentialAction":[{"@type":"SearchAction","target":{"@type":"EntryPoint","urlTemplate":"https:\/\/ubirataonline.com.br\/?s={search_term_string}"},"query-input":{"@type":"PropertyValueSpecification","valueRequired":true,"valueName":"search_term_string"}}],"inLanguage":"en-US"},{"@type":["Organization","Place"],"@id":"https:\/\/ubirataonline.com.br\/#organization","name":"Ubirat\u00e3 Online Not\u00edcias","alternateName":"Ubirat\u00e3 Online","url":"https:\/\/ubirataonline.com.br\/","logo":{"@id":"https:\/\/ubirataonline.com.br\/curitiba-realiza-blitz-educativa-com-instalacao-de-antenas-corta-pipas\/#local-main-organization-logo"},"image":{"@id":"https:\/\/ubirataonline.com.br\/curitiba-realiza-blitz-educativa-com-instalacao-de-antenas-corta-pipas\/#local-main-organization-logo"},"sameAs":["https:\/\/www.facebook.com\/portalubirataonline","https:\/\/x.com\/ubirataonline","https:\/\/mastodon.social\/@ubirataonline","https:\/\/www.facebook.com\/groups\/311144672285604","https:\/\/www.facebook.com\/UBTAOnline","https:\/\/www.instagram.com\/portalubirataonline\/","https:\/\/twitter.com\/ubirataonline"],"description":"Somos um portal de not\u00edcias independente, criado em 5 de janeiro de 2009, com o objetivo de informar, conectar e valorizar a nossa comunidade de Ubirat\u00e3 e toda aregi\u00e3o. Com conte\u00fado atualizado, confi\u00e1vel e relevante, o Ubirat\u00e3 Online \u00e9 o seu espa\u00e7o para ficar por dentro dos principais acontecimentos locais, regionais, Brasil, Mundo e de interesse geral. Nosso compromisso \u00e9 com a verdade, a transpar\u00eancia e o respeito ao leitor.","legalName":"UBIRATA ONLINE NOT\u00cdCIAS","foundingDate":"2009-01-05","numberOfEmployees":{"@type":"QuantitativeValue","minValue":"1","maxValue":"10"},"publishingPrinciples":"https:\/\/ubirataonline.com.br\/faq\/","address":{"@id":"https:\/\/ubirataonline.com.br\/curitiba-realiza-blitz-educativa-com-instalacao-de-antenas-corta-pipas\/#local-main-place-address"},"geo":{"@type":"GeoCoordinates","latitude":"-24.5361401","longitude":"-52.9921776"},"telephone":["+5544998308235"],"contactPoint":{"@type":"ContactPoint","email":"contato@ubirataonline.com.br"},"openingHoursSpecification":{"@type":"OpeningHoursSpecification","dayOfWeek":["Monday","Tuesday","Wednesday","Thursday","Friday","Saturday","Sunday"],"opens":"00:00","closes":"23:59"},"email":"contato@ubirataonline.com.br","vatID":"47.621.418\/0001-80"},{"@type":"Person","@id":"https:\/\/ubirataonline.com.br\/#\/schema\/person\/372f87bbd3fdd79b8556b84c98d0bc1c","name":"REDA\u00c7\u00c3O: UBIRAT\u00c3 ONLINE - F\u00c1BIO AUGUSTO CELESTINO","pronouns":"Ele","description":"Desde 2003 trabalhando com not\u00edcias.","sameAs":["http:\/\/ubirataoline.com.br","https:\/\/www.facebook.com\/portalubirataonline","https:\/\/www.instagram.com\/ubirataonline_oficial","https:\/\/x.com\/x.com\/ubirataonline"],"honorificPrefix":"Mr.","honorificSuffix":"MD","birthDate":"1980-06-16","gender":"masculino","award":["V\u00e1rios pr\u00eamios de melhor portal da cidade"],"jobTitle":"Diretor","url":"https:\/\/ubirataonline.com.br\/en\/author\/ubirataonline\/"},{"@type":"PostalAddress","@id":"https:\/\/ubirataonline.com.br\/curitiba-realiza-blitz-educativa-com-instalacao-de-antenas-corta-pipas\/#local-main-place-address","streetAddress":"Rua dos Coqueiros, 104 - Bairro Boa Vista, Rua dos Coqueiros, 104 Bairro Boa Vista","addressLocality":"UBIRATA","postalCode":"85440-000","addressRegion":"PR","addressCountry":"BR"},{"@type":"ImageObject","inLanguage":"en-US","@id":"https:\/\/ubirataonline.com.br\/curitiba-realiza-blitz-educativa-com-instalacao-de-antenas-corta-pipas\/#local-main-organization-logo","url":"https:\/\/ubirataonline.com.br\/wp-content\/uploads\/2026\/06\/logoubirataonline-1.webp","contentUrl":"https:\/\/ubirataonline.com.br\/wp-content\/uploads\/2026\/06\/logoubirataonline-1.webp","width":500,"height":500,"caption":"Ubirat\u00e3 Online Not\u00edcias"}]},"geo.placename":"UBIRATA","geo.position":{"lat":"-24.5361401","long":"-52.9921776"},"geo.region":"Brazil"},"_links":{"self":[{"href":"https:\/\/ubirataonline.com.br\/en\/wp-json\/wp\/v2\/posts\/86365","targetHints":{"allow":["GET"]}}],"collection":[{"href":"https:\/\/ubirataonline.com.br\/en\/wp-json\/wp\/v2\/posts"}],"about":[{"href":"https:\/\/ubirataonline.com.br\/en\/wp-json\/wp\/v2\/types\/post"}],"author":[{"embeddable":true,"href":"https:\/\/ubirataonline.com.br\/en\/wp-json\/wp\/v2\/users\/1"}],"replies":[{"embeddable":true,"href":"https:\/\/ubirataonline.com.br\/en\/wp-json\/wp\/v2\/comments?post=86365"}],"version-history":[{"count":0,"href":"https:\/\/ubirataonline.com.br\/en\/wp-json\/wp\/v2\/posts\/86365\/revisions"}],"wp:featuredmedia":[{"embeddable":true,"href":"https:\/\/ubirataonline.com.br\/en\/wp-json\/wp\/v2\/media\/86366"}],"wp:attachment":[{"href":"https:\/\/ubirataonline.com.br\/en\/wp-json\/wp\/v2\/media?parent=86365"}],"wp:term":[{"taxonomy":"category","embeddable":true,"href":"https:\/\/ubirataonline.com.br\/en\/wp-json\/wp\/v2\/categories?post=86365"},{"taxonomy":"post_tag","embeddable":true,"href":"https:\/\/ubirataonline.com.br\/en\/wp-json\/wp\/v2\/tags?post=86365"}],"curies":[{"name":"wp","href":"https:\/\/api.w.org\/{rel}","templated":true}]}}