{"id":87,"date":"2017-01-03T10:03:55","date_gmt":"2017-01-03T13:03:55","guid":{"rendered":"https:\/\/ubirataonline.com.br\/?p=87"},"modified":"2017-01-03T10:03:55","modified_gmt":"2017-01-03T13:03:55","slug":"mais-de-duas-mil-materias-jornalisticas-produzidas-em-4-anos","status":"publish","type":"post","link":"https:\/\/ubirataonline.com.br\/en\/mais-de-duas-mil-materias-jornalisticas-produzidas-em-4-anos\/","title":{"rendered":"Mais de duas mil mat\u00e9rias jornal\u00edsticas produzidas em 4 anos"},"content":{"rendered":"<p>No dia 31 de dezembro, encerrou os 4 anos da gest\u00e3o do prefeito Haroldo Fernandes Duarte \u2013 Baco. <\/p>\n<p>De 2013 a 2016, a Administra\u00e7\u00e3o Caminhando para o Futuro, composta por 11 Secretarias Municipais e diversos setores de governo &#8211; contando com o trabalho de centenas de servidores &#8211; desenvolveu um relevante trabalho em prol do desenvolvimento do munic\u00edpio e da melhoria da qualidade de vida da popula\u00e7\u00e3o. Foram in\u00fameras obras e a\u00e7\u00f5es realizadas por muitos profissionais que se dedicaram no dia a dia para construir uma Ubirat\u00e3 melhor para todos.<\/p>\n<p>Nesse per\u00edodo de 4 anos, todas as conquistas, obras, servi\u00e7os, a\u00e7\u00f5es, enfim, tudo que aconteceu envolvendo o setor p\u00fablico, foi amplamente divulgado pelos diversos ve\u00edculos de comunica\u00e7\u00e3o de <a class=\"wpil_keyword_link\" href=\"https:\/\/ubirataonline.com.br\/en\/\"   title=\"Home\" data-wpil-keyword-link=\"linked\"  data-wpil-monitor-id=\"4\">Ubirat\u00e3<\/a>, pois \u00e9 atrav\u00e9s da publicidade dessas a\u00e7\u00f5es que os cidad\u00e3os t\u00eam a oportunidade de saber efetivamente o que est\u00e1 acontecendo em todos os setores da administra\u00e7\u00e3o p\u00fablica.<\/p>\n<p>E todo esse trabalho de divulga\u00e7\u00e3o, foi poss\u00edvel devido \u00e0 atua\u00e7\u00e3o de profissionais de jornalismo da Assessoria de Comunica\u00e7\u00e3o Social, \u00f3rg\u00e3o vinculado ao Gabinete do Prefeito. Foram produzidas e veiculadas nas m\u00eddias, at\u00e9 dia 21 de dezembro, 2.233 not\u00edcias, sendo 503 em 2013; 647 em 2014; 647 em 2015 e 436 em 2016. Essas mat\u00e9rias s\u00e3o compostas por um texto informativo e em m\u00e9dia 20 fotos por publica\u00e7\u00e3o (nos sites), duas fotos (nos jornais impressos) e nas redes sociais (sem limites). Em 2014, foram publicadas 3.586 fotos; em 2015 foram 5.874 fotos e at\u00e9 dezembro de 2016 j\u00e1 foram 4.257 fotos.<\/p>\n<p>Todas as mat\u00e9rias jornal\u00edsticas produzidas pela Assessoria de Comunica\u00e7\u00e3o Social foram veiculadas nos jornais impresso O Vale e A Verdade, nos sites de not\u00edcias Ubirat\u00e3 Online e no site oficial do munic\u00edpio, na p\u00e1gina oficial da prefeitura no Facebook e nos dois perfis do munic\u00edpio. Tamb\u00e9m foram utilizados diversos grupos de wattsapp para divulgar essas informa\u00e7\u00f5es.<\/p>\n<p>Outro importante meio de comunica\u00e7\u00e3o utilizado foi o R\u00e1dio: atrav\u00e9s das duas emissoras AMs de Ubirat\u00e3 (Clube e Difusora) foi produzido e apresentado ao vivo o \u2018Programa Dia a Dia Ubirat\u00e3\u2019, com a participa\u00e7\u00e3o do prefeito, secret\u00e1rios, vereadores e convidados especiais. O programa foi ao ar de novembro de 2014 a junho de 2016. Ainda foi produzida uma revista com as principais a\u00e7\u00f5es desenvolvidas pela administra\u00e7\u00e3o municipal.  <\/p>","protected":false},"excerpt":{"rendered":"<p>No dia 31 de dezembro, encerrou os 4 anos da gest\u00e3o do prefeito Haroldo Fernandes Duarte \u2013 Baco. De 2013 a 2016, a Administra\u00e7\u00e3o Caminhando para o Futuro, composta por 11 Secretarias Municipais e diversos setores de governo &#8211; contando com o trabalho de centenas de servidores &#8211; desenvolveu um relevante trabalho em prol do [&hellip;]<\/p>\n","protected":false},"author":1,"featured_media":0,"comment_status":"open","ping_status":"open","sticky":false,"template":"","format":"standard","meta":{"googlesitekit_rrm_CAow2JLhCw:productID":"","_gspb_post_css":"","maa_idioma":"","maa_pais":"","footnotes":""},"categories":[1],"tags":[],"class_list":["post-87","post","type-post","status-publish","format-standard","hentry","category-ubirata"],"blocksy_meta":[],"yoast_head":"<!-- This site is optimized with the Yoast SEO Premium plugin v27.6 (Yoast SEO v27.6) - https:\/\/yoast.com\/product\/yoast-seo-premium-wordpress\/ -->\n<title>Mais de duas mil mat\u00e9rias jornal\u00edsticas produzidas em 4 anos - Ubirat\u00e3 Online Not\u00edcias - A realidade ao seu alcance!<\/title>\n<meta name=\"description\" content=\"No dia 31 de dezembro, encerrou os 4 anos da gest\u00e3o do prefeito Haroldo Fernandes Duarte \u2013 Baco. De 2013 a 2016, a Administra\u00e7\u00e3o Caminhando para o Futuro,\" \/>\n<meta name=\"robots\" content=\"index, follow, max-snippet:-1, max-image-preview:large, max-video-preview:-1\" \/>\n<link rel=\"canonical\" href=\"https:\/\/ubirataonline.com.br\/en\/mais-de-duas-mil-materias-jornalisticas-produzidas-em-4-anos\/\" \/>\n<meta property=\"og:locale\" content=\"en_US\" \/>\n<meta property=\"og:type\" content=\"article\" \/>\n<meta property=\"og:title\" content=\"Mais de duas mil mat\u00e9rias jornal\u00edsticas produzidas em 4 anos\" \/>\n<meta property=\"og:description\" content=\"No dia 31 de dezembro, encerrou os 4 anos da gest\u00e3o do prefeito Haroldo Fernandes Duarte \u2013 Baco. De 2013 a 2016, a Administra\u00e7\u00e3o Caminhando para o Futuro,\" \/>\n<meta property=\"og:url\" content=\"https:\/\/ubirataonline.com.br\/en\/mais-de-duas-mil-materias-jornalisticas-produzidas-em-4-anos\/\" \/>\n<meta property=\"og:site_name\" content=\"Ubirat\u00e3 Online Not\u00edcias - A realidade ao seu alcance!\" \/>\n<meta property=\"article:publisher\" content=\"https:\/\/www.facebook.com\/portalubirataonline\" \/>\n<meta property=\"article:author\" content=\"https:\/\/www.facebook.com\/portalubirataonline\" \/>\n<meta property=\"article:published_time\" content=\"2017-01-03T13:03:55+00:00\" \/>\n<meta property=\"og:image\" content=\"https:\/\/ubirataonline.com.br\/wp-content\/uploads\/2026\/05\/logo2026.webp\" \/>\n\t<meta property=\"og:image:width\" content=\"1531\" \/>\n\t<meta property=\"og:image:height\" content=\"418\" \/>\n\t<meta property=\"og:image:type\" content=\"image\/webp\" \/>\n<meta name=\"author\" content=\"REDA\u00c7\u00c3O: UBIRAT\u00c3 ONLINE - F\u00c1BIO AUGUSTO CELESTINO\" \/>\n<meta name=\"twitter:card\" content=\"summary_large_image\" \/>\n<meta name=\"twitter:creator\" content=\"@x.com\/ubirataonline\" \/>\n<meta name=\"twitter:site\" content=\"@ubirataonline\" \/>\n<meta name=\"twitter:label1\" content=\"Written by\" \/>\n\t<meta name=\"twitter:data1\" content=\"REDA\u00c7\u00c3O: UBIRAT\u00c3 ONLINE - F\u00c1BIO AUGUSTO CELESTINO\" \/>\n\t<meta name=\"twitter:label2\" content=\"Est. reading time\" \/>\n\t<meta name=\"twitter:data2\" content=\"2 minutes\" \/>\n<script type=\"application\/ld+json\" class=\"yoast-schema-graph\">{\"@context\":\"https:\\\/\\\/schema.org\",\"@graph\":[{\"@type\":\"NewsArticle\",\"@id\":\"https:\\\/\\\/ubirataonline.com.br\\\/mais-de-duas-mil-materias-jornalisticas-produzidas-em-4-anos\\\/#article\",\"isPartOf\":{\"@id\":\"https:\\\/\\\/ubirataonline.com.br\\\/mais-de-duas-mil-materias-jornalisticas-produzidas-em-4-anos\\\/\"},\"author\":{\"name\":\"REDA\u00c7\u00c3O: UBIRAT\u00c3 ONLINE - F\u00c1BIO AUGUSTO CELESTINO\",\"@id\":\"https:\\\/\\\/ubirataonline.com.br\\\/#\\\/schema\\\/person\\\/372f87bbd3fdd79b8556b84c98d0bc1c\"},\"headline\":\"Mais de duas mil mat\u00e9rias jornal\u00edsticas produzidas em 4 anos\",\"datePublished\":\"2017-01-03T13:03:55+00:00\",\"mainEntityOfPage\":{\"@id\":\"https:\\\/\\\/ubirataonline.com.br\\\/mais-de-duas-mil-materias-jornalisticas-produzidas-em-4-anos\\\/\"},\"wordCount\":398,\"commentCount\":0,\"publisher\":{\"@id\":\"https:\\\/\\\/ubirataonline.com.br\\\/#organization\"},\"articleSection\":[\"Ubirat\u00e3\"],\"inLanguage\":\"en-US\",\"potentialAction\":[{\"@type\":\"CommentAction\",\"name\":\"Comment\",\"target\":[\"https:\\\/\\\/ubirataonline.com.br\\\/mais-de-duas-mil-materias-jornalisticas-produzidas-em-4-anos\\\/#respond\"]}],\"copyrightYear\":\"2017\",\"copyrightHolder\":{\"@id\":\"https:\\\/\\\/ubirataonline.com.br\\\/en\\\/#organization\"}},{\"@type\":\"WebPage\",\"@id\":\"https:\\\/\\\/ubirataonline.com.br\\\/mais-de-duas-mil-materias-jornalisticas-produzidas-em-4-anos\\\/\",\"url\":\"https:\\\/\\\/ubirataonline.com.br\\\/mais-de-duas-mil-materias-jornalisticas-produzidas-em-4-anos\\\/\",\"name\":\"Mais de duas mil mat\u00e9rias jornal\u00edsticas produzidas em 4 anos - Ubirat\u00e3 Online Not\u00edcias - A realidade ao seu alcance!\",\"isPartOf\":{\"@id\":\"https:\\\/\\\/ubirataonline.com.br\\\/#website\"},\"datePublished\":\"2017-01-03T13:03:55+00:00\",\"description\":\"No dia 31 de dezembro, encerrou os 4 anos da gest\u00e3o do prefeito Haroldo Fernandes Duarte \u2013 Baco. De 2013 a 2016, a Administra\u00e7\u00e3o Caminhando para o Futuro,\",\"breadcrumb\":{\"@id\":\"https:\\\/\\\/ubirataonline.com.br\\\/mais-de-duas-mil-materias-jornalisticas-produzidas-em-4-anos\\\/#breadcrumb\"},\"inLanguage\":\"en-US\",\"potentialAction\":[{\"@type\":\"ReadAction\",\"target\":[\"https:\\\/\\\/ubirataonline.com.br\\\/mais-de-duas-mil-materias-jornalisticas-produzidas-em-4-anos\\\/\"]}]},{\"@type\":\"BreadcrumbList\",\"@id\":\"https:\\\/\\\/ubirataonline.com.br\\\/mais-de-duas-mil-materias-jornalisticas-produzidas-em-4-anos\\\/#breadcrumb\",\"itemListElement\":[{\"@type\":\"ListItem\",\"position\":1,\"name\":\"In\u00edcio\",\"item\":\"https:\\\/\\\/ubirataonline.com.br\\\/\"},{\"@type\":\"ListItem\",\"position\":2,\"name\":\"Mais de duas mil mat\u00e9rias jornal\u00edsticas produzidas em 4 anos\"}]},{\"@type\":\"WebSite\",\"@id\":\"https:\\\/\\\/ubirataonline.com.br\\\/#website\",\"url\":\"https:\\\/\\\/ubirataonline.com.br\\\/\",\"name\":\"Ubirat\u00e3 Online Not\u00edcias\",\"description\":\"Not\u00edcias de Ubirat\u00e3, regi\u00e3o, Brasil e mundo, com informa\u00e7\u00e3o atualizada e compromisso com o leitor.\",\"publisher\":{\"@id\":\"https:\\\/\\\/ubirataonline.com.br\\\/#organization\"},\"alternateName\":\"Ubirat\u00e3 Online\",\"potentialAction\":[{\"@type\":\"SearchAction\",\"target\":{\"@type\":\"EntryPoint\",\"urlTemplate\":\"https:\\\/\\\/ubirataonline.com.br\\\/?s={search_term_string}\"},\"query-input\":{\"@type\":\"PropertyValueSpecification\",\"valueRequired\":true,\"valueName\":\"search_term_string\"}}],\"inLanguage\":\"en-US\"},{\"@type\":[\"Organization\",\"Place\"],\"@id\":\"https:\\\/\\\/ubirataonline.com.br\\\/#organization\",\"name\":\"Ubirat\u00e3 Online Not\u00edcias\",\"alternateName\":\"Ubirat\u00e3 Online\",\"url\":\"https:\\\/\\\/ubirataonline.com.br\\\/\",\"logo\":{\"@id\":\"https:\\\/\\\/ubirataonline.com.br\\\/mais-de-duas-mil-materias-jornalisticas-produzidas-em-4-anos\\\/#local-main-organization-logo\"},\"image\":{\"@id\":\"https:\\\/\\\/ubirataonline.com.br\\\/mais-de-duas-mil-materias-jornalisticas-produzidas-em-4-anos\\\/#local-main-organization-logo\"},\"sameAs\":[\"https:\\\/\\\/www.facebook.com\\\/portalubirataonline\",\"https:\\\/\\\/x.com\\\/ubirataonline\",\"https:\\\/\\\/mastodon.social\\\/@ubirataonline\",\"https:\\\/\\\/www.facebook.com\\\/groups\\\/311144672285604\",\"https:\\\/\\\/www.facebook.com\\\/UBTAOnline\",\"https:\\\/\\\/www.instagram.com\\\/portalubirataonline\\\/\",\"https:\\\/\\\/twitter.com\\\/ubirataonline\"],\"description\":\"Somos um portal de not\u00edcias independente, criado em 5 de janeiro de 2009, com o objetivo de informar, conectar e valorizar a nossa comunidade de Ubirat\u00e3 e toda aregi\u00e3o. Com conte\u00fado atualizado, confi\u00e1vel e relevante, o Ubirat\u00e3 Online \u00e9 o seu espa\u00e7o para ficar por dentro dos principais acontecimentos locais, regionais, Brasil, Mundo e de interesse geral. Nosso compromisso \u00e9 com a verdade, a transpar\u00eancia e o respeito ao leitor.\",\"legalName\":\"UBIRATA ONLINE NOT\u00cdCIAS\",\"foundingDate\":\"2009-01-05\",\"numberOfEmployees\":{\"@type\":\"QuantitativeValue\",\"minValue\":\"1\",\"maxValue\":\"10\"},\"publishingPrinciples\":\"https:\\\/\\\/ubirataonline.com.br\\\/faq\\\/\",\"address\":{\"@id\":\"https:\\\/\\\/ubirataonline.com.br\\\/mais-de-duas-mil-materias-jornalisticas-produzidas-em-4-anos\\\/#local-main-place-address\"},\"geo\":{\"@type\":\"GeoCoordinates\",\"latitude\":\"-24.5361401\",\"longitude\":\"-52.9921776\"},\"telephone\":[\"+5544998308235\"],\"contactPoint\":{\"@type\":\"ContactPoint\",\"email\":\"contato@ubirataonline.com.br\"},\"openingHoursSpecification\":{\"@type\":\"OpeningHoursSpecification\",\"dayOfWeek\":[\"Monday\",\"Tuesday\",\"Wednesday\",\"Thursday\",\"Friday\",\"Saturday\",\"Sunday\"],\"opens\":\"00:00\",\"closes\":\"23:59\"},\"email\":\"contato@ubirataonline.com.br\",\"vatID\":\"47.621.418\\\/0001-80\"},{\"@type\":\"Person\",\"@id\":\"https:\\\/\\\/ubirataonline.com.br\\\/#\\\/schema\\\/person\\\/372f87bbd3fdd79b8556b84c98d0bc1c\",\"name\":\"REDA\u00c7\u00c3O: UBIRAT\u00c3 ONLINE - F\u00c1BIO AUGUSTO CELESTINO\",\"pronouns\":\"Ele\",\"description\":\"Desde 2003 trabalhando com not\u00edcias.\",\"sameAs\":[\"http:\\\/\\\/ubirataoline.com.br\",\"https:\\\/\\\/www.facebook.com\\\/portalubirataonline\",\"https:\\\/\\\/www.instagram.com\\\/ubirataonline_oficial\",\"https:\\\/\\\/x.com\\\/x.com\\\/ubirataonline\"],\"honorificPrefix\":\"Mr.\",\"honorificSuffix\":\"MD\",\"birthDate\":\"1980-06-16\",\"gender\":\"masculino\",\"award\":[\"V\u00e1rios pr\u00eamios de melhor portal da cidade\"],\"jobTitle\":\"Diretor\",\"url\":\"https:\\\/\\\/ubirataonline.com.br\\\/en\\\/author\\\/ubirataonline\\\/\"},{\"@type\":\"PostalAddress\",\"@id\":\"https:\\\/\\\/ubirataonline.com.br\\\/mais-de-duas-mil-materias-jornalisticas-produzidas-em-4-anos\\\/#local-main-place-address\",\"streetAddress\":\"Rua dos Coqueiros, 104 - Bairro Boa Vista, Rua dos Coqueiros, 104 Bairro Boa Vista\",\"addressLocality\":\"UBIRATA\",\"postalCode\":\"85440-000\",\"addressRegion\":\"PR\",\"addressCountry\":\"BR\"},{\"@type\":\"ImageObject\",\"inLanguage\":\"en-US\",\"@id\":\"https:\\\/\\\/ubirataonline.com.br\\\/mais-de-duas-mil-materias-jornalisticas-produzidas-em-4-anos\\\/#local-main-organization-logo\",\"url\":\"https:\\\/\\\/ubirataonline.com.br\\\/wp-content\\\/uploads\\\/2026\\\/06\\\/logoubirataonline-1.webp\",\"contentUrl\":\"https:\\\/\\\/ubirataonline.com.br\\\/wp-content\\\/uploads\\\/2026\\\/06\\\/logoubirataonline-1.webp\",\"width\":500,\"height\":500,\"caption\":\"Ubirat\u00e3 Online Not\u00edcias\"}]}<\/script>\n<meta name=\"geo.placename\" content=\"UBIRATA\" \/>\n<meta name=\"geo.position\" content=\"-24.5361401;-52.9921776\" \/>\n<meta name=\"geo.region\" content=\"Brazil\" \/>\n<!-- \/ Yoast SEO Premium plugin. -->","yoast_head_json":{"title":"Mais de duas mil mat\u00e9rias jornal\u00edsticas produzidas em 4 anos - Ubirat\u00e3 Online Not\u00edcias - A realidade ao seu alcance!","description":"No dia 31 de dezembro, encerrou os 4 anos da gest\u00e3o do prefeito Haroldo Fernandes Duarte \u2013 Baco. De 2013 a 2016, a Administra\u00e7\u00e3o Caminhando para o Futuro,","robots":{"index":"index","follow":"follow","max-snippet":"max-snippet:-1","max-image-preview":"max-image-preview:large","max-video-preview":"max-video-preview:-1"},"canonical":"https:\/\/ubirataonline.com.br\/en\/mais-de-duas-mil-materias-jornalisticas-produzidas-em-4-anos\/","og_locale":"en_US","og_type":"article","og_title":"Mais de duas mil mat\u00e9rias jornal\u00edsticas produzidas em 4 anos","og_description":"No dia 31 de dezembro, encerrou os 4 anos da gest\u00e3o do prefeito Haroldo Fernandes Duarte \u2013 Baco. De 2013 a 2016, a Administra\u00e7\u00e3o Caminhando para o Futuro,","og_url":"https:\/\/ubirataonline.com.br\/en\/mais-de-duas-mil-materias-jornalisticas-produzidas-em-4-anos\/","og_site_name":"Ubirat\u00e3 Online Not\u00edcias - A realidade ao seu alcance!","article_publisher":"https:\/\/www.facebook.com\/portalubirataonline","article_author":"https:\/\/www.facebook.com\/portalubirataonline","article_published_time":"2017-01-03T13:03:55+00:00","og_image":[{"width":1531,"height":418,"url":"https:\/\/ubirataonline.com.br\/wp-content\/uploads\/2026\/05\/logo2026.webp","type":"image\/webp"}],"author":"REDA\u00c7\u00c3O: UBIRAT\u00c3 ONLINE - F\u00c1BIO AUGUSTO CELESTINO","twitter_card":"summary_large_image","twitter_creator":"@x.com\/ubirataonline","twitter_site":"@ubirataonline","twitter_misc":{"Written by":"REDA\u00c7\u00c3O: UBIRAT\u00c3 ONLINE - F\u00c1BIO AUGUSTO CELESTINO","Est. reading time":"2 minutes"},"schema":{"@context":"https:\/\/schema.org","@graph":[{"@type":"NewsArticle","@id":"https:\/\/ubirataonline.com.br\/mais-de-duas-mil-materias-jornalisticas-produzidas-em-4-anos\/#article","isPartOf":{"@id":"https:\/\/ubirataonline.com.br\/mais-de-duas-mil-materias-jornalisticas-produzidas-em-4-anos\/"},"author":{"name":"REDA\u00c7\u00c3O: UBIRAT\u00c3 ONLINE - F\u00c1BIO AUGUSTO CELESTINO","@id":"https:\/\/ubirataonline.com.br\/#\/schema\/person\/372f87bbd3fdd79b8556b84c98d0bc1c"},"headline":"Mais de duas mil mat\u00e9rias jornal\u00edsticas produzidas em 4 anos","datePublished":"2017-01-03T13:03:55+00:00","mainEntityOfPage":{"@id":"https:\/\/ubirataonline.com.br\/mais-de-duas-mil-materias-jornalisticas-produzidas-em-4-anos\/"},"wordCount":398,"commentCount":0,"publisher":{"@id":"https:\/\/ubirataonline.com.br\/#organization"},"articleSection":["Ubirat\u00e3"],"inLanguage":"en-US","potentialAction":[{"@type":"CommentAction","name":"Comment","target":["https:\/\/ubirataonline.com.br\/mais-de-duas-mil-materias-jornalisticas-produzidas-em-4-anos\/#respond"]}],"copyrightYear":"2017","copyrightHolder":{"@id":"https:\/\/ubirataonline.com.br\/en\/#organization"}},{"@type":"WebPage","@id":"https:\/\/ubirataonline.com.br\/mais-de-duas-mil-materias-jornalisticas-produzidas-em-4-anos\/","url":"https:\/\/ubirataonline.com.br\/mais-de-duas-mil-materias-jornalisticas-produzidas-em-4-anos\/","name":"Mais de duas mil mat\u00e9rias jornal\u00edsticas produzidas em 4 anos - Ubirat\u00e3 Online Not\u00edcias - A realidade ao seu alcance!","isPartOf":{"@id":"https:\/\/ubirataonline.com.br\/#website"},"datePublished":"2017-01-03T13:03:55+00:00","description":"No dia 31 de dezembro, encerrou os 4 anos da gest\u00e3o do prefeito Haroldo Fernandes Duarte \u2013 Baco. De 2013 a 2016, a Administra\u00e7\u00e3o Caminhando para o Futuro,","breadcrumb":{"@id":"https:\/\/ubirataonline.com.br\/mais-de-duas-mil-materias-jornalisticas-produzidas-em-4-anos\/#breadcrumb"},"inLanguage":"en-US","potentialAction":[{"@type":"ReadAction","target":["https:\/\/ubirataonline.com.br\/mais-de-duas-mil-materias-jornalisticas-produzidas-em-4-anos\/"]}]},{"@type":"BreadcrumbList","@id":"https:\/\/ubirataonline.com.br\/mais-de-duas-mil-materias-jornalisticas-produzidas-em-4-anos\/#breadcrumb","itemListElement":[{"@type":"ListItem","position":1,"name":"In\u00edcio","item":"https:\/\/ubirataonline.com.br\/"},{"@type":"ListItem","position":2,"name":"Mais de duas mil mat\u00e9rias jornal\u00edsticas produzidas em 4 anos"}]},{"@type":"WebSite","@id":"https:\/\/ubirataonline.com.br\/#website","url":"https:\/\/ubirataonline.com.br\/","name":"Ubirat\u00e3 Online Not\u00edcias","description":"Not\u00edcias de Ubirat\u00e3, regi\u00e3o, Brasil e mundo, com informa\u00e7\u00e3o atualizada e compromisso com o leitor.","publisher":{"@id":"https:\/\/ubirataonline.com.br\/#organization"},"alternateName":"Ubirat\u00e3 Online","potentialAction":[{"@type":"SearchAction","target":{"@type":"EntryPoint","urlTemplate":"https:\/\/ubirataonline.com.br\/?s={search_term_string}"},"query-input":{"@type":"PropertyValueSpecification","valueRequired":true,"valueName":"search_term_string"}}],"inLanguage":"en-US"},{"@type":["Organization","Place"],"@id":"https:\/\/ubirataonline.com.br\/#organization","name":"Ubirat\u00e3 Online Not\u00edcias","alternateName":"Ubirat\u00e3 Online","url":"https:\/\/ubirataonline.com.br\/","logo":{"@id":"https:\/\/ubirataonline.com.br\/mais-de-duas-mil-materias-jornalisticas-produzidas-em-4-anos\/#local-main-organization-logo"},"image":{"@id":"https:\/\/ubirataonline.com.br\/mais-de-duas-mil-materias-jornalisticas-produzidas-em-4-anos\/#local-main-organization-logo"},"sameAs":["https:\/\/www.facebook.com\/portalubirataonline","https:\/\/x.com\/ubirataonline","https:\/\/mastodon.social\/@ubirataonline","https:\/\/www.facebook.com\/groups\/311144672285604","https:\/\/www.facebook.com\/UBTAOnline","https:\/\/www.instagram.com\/portalubirataonline\/","https:\/\/twitter.com\/ubirataonline"],"description":"Somos um portal de not\u00edcias independente, criado em 5 de janeiro de 2009, com o objetivo de informar, conectar e valorizar a nossa comunidade de Ubirat\u00e3 e toda aregi\u00e3o. Com conte\u00fado atualizado, confi\u00e1vel e relevante, o Ubirat\u00e3 Online \u00e9 o seu espa\u00e7o para ficar por dentro dos principais acontecimentos locais, regionais, Brasil, Mundo e de interesse geral. Nosso compromisso \u00e9 com a verdade, a transpar\u00eancia e o respeito ao leitor.","legalName":"UBIRATA ONLINE NOT\u00cdCIAS","foundingDate":"2009-01-05","numberOfEmployees":{"@type":"QuantitativeValue","minValue":"1","maxValue":"10"},"publishingPrinciples":"https:\/\/ubirataonline.com.br\/faq\/","address":{"@id":"https:\/\/ubirataonline.com.br\/mais-de-duas-mil-materias-jornalisticas-produzidas-em-4-anos\/#local-main-place-address"},"geo":{"@type":"GeoCoordinates","latitude":"-24.5361401","longitude":"-52.9921776"},"telephone":["+5544998308235"],"contactPoint":{"@type":"ContactPoint","email":"contato@ubirataonline.com.br"},"openingHoursSpecification":{"@type":"OpeningHoursSpecification","dayOfWeek":["Monday","Tuesday","Wednesday","Thursday","Friday","Saturday","Sunday"],"opens":"00:00","closes":"23:59"},"email":"contato@ubirataonline.com.br","vatID":"47.621.418\/0001-80"},{"@type":"Person","@id":"https:\/\/ubirataonline.com.br\/#\/schema\/person\/372f87bbd3fdd79b8556b84c98d0bc1c","name":"REDA\u00c7\u00c3O: UBIRAT\u00c3 ONLINE - F\u00c1BIO AUGUSTO CELESTINO","pronouns":"Ele","description":"Desde 2003 trabalhando com not\u00edcias.","sameAs":["http:\/\/ubirataoline.com.br","https:\/\/www.facebook.com\/portalubirataonline","https:\/\/www.instagram.com\/ubirataonline_oficial","https:\/\/x.com\/x.com\/ubirataonline"],"honorificPrefix":"Mr.","honorificSuffix":"MD","birthDate":"1980-06-16","gender":"masculino","award":["V\u00e1rios pr\u00eamios de melhor portal da cidade"],"jobTitle":"Diretor","url":"https:\/\/ubirataonline.com.br\/en\/author\/ubirataonline\/"},{"@type":"PostalAddress","@id":"https:\/\/ubirataonline.com.br\/mais-de-duas-mil-materias-jornalisticas-produzidas-em-4-anos\/#local-main-place-address","streetAddress":"Rua dos Coqueiros, 104 - Bairro Boa Vista, Rua dos Coqueiros, 104 Bairro Boa Vista","addressLocality":"UBIRATA","postalCode":"85440-000","addressRegion":"PR","addressCountry":"BR"},{"@type":"ImageObject","inLanguage":"en-US","@id":"https:\/\/ubirataonline.com.br\/mais-de-duas-mil-materias-jornalisticas-produzidas-em-4-anos\/#local-main-organization-logo","url":"https:\/\/ubirataonline.com.br\/wp-content\/uploads\/2026\/06\/logoubirataonline-1.webp","contentUrl":"https:\/\/ubirataonline.com.br\/wp-content\/uploads\/2026\/06\/logoubirataonline-1.webp","width":500,"height":500,"caption":"Ubirat\u00e3 Online Not\u00edcias"}]},"geo.placename":"UBIRATA","geo.position":{"lat":"-24.5361401","long":"-52.9921776"},"geo.region":"Brazil"},"_links":{"self":[{"href":"https:\/\/ubirataonline.com.br\/en\/wp-json\/wp\/v2\/posts\/87","targetHints":{"allow":["GET"]}}],"collection":[{"href":"https:\/\/ubirataonline.com.br\/en\/wp-json\/wp\/v2\/posts"}],"about":[{"href":"https:\/\/ubirataonline.com.br\/en\/wp-json\/wp\/v2\/types\/post"}],"author":[{"embeddable":true,"href":"https:\/\/ubirataonline.com.br\/en\/wp-json\/wp\/v2\/users\/1"}],"replies":[{"embeddable":true,"href":"https:\/\/ubirataonline.com.br\/en\/wp-json\/wp\/v2\/comments?post=87"}],"version-history":[{"count":0,"href":"https:\/\/ubirataonline.com.br\/en\/wp-json\/wp\/v2\/posts\/87\/revisions"}],"wp:attachment":[{"href":"https:\/\/ubirataonline.com.br\/en\/wp-json\/wp\/v2\/media?parent=87"}],"wp:term":[{"taxonomy":"category","embeddable":true,"href":"https:\/\/ubirataonline.com.br\/en\/wp-json\/wp\/v2\/categories?post=87"},{"taxonomy":"post_tag","embeddable":true,"href":"https:\/\/ubirataonline.com.br\/en\/wp-json\/wp\/v2\/tags?post=87"}],"curies":[{"name":"wp","href":"https:\/\/api.w.org\/{rel}","templated":true}]}}