{"id":87229,"date":"2026-02-14T21:23:39","date_gmt":"2026-02-15T00:23:39","guid":{"rendered":"https:\/\/ubirataonline.com.br\/lesionados-y-sancionados-de-monterrey-para-enfrentar-a-leon\/"},"modified":"2026-02-14T21:23:39","modified_gmt":"2026-02-15T00:23:39","slug":"lesionados-y-sancionados-de-monterrey-para-enfrentar-a-leon","status":"publish","type":"post","link":"https:\/\/ubirataonline.com.br\/en\/lesionados-y-sancionados-de-monterrey-para-enfrentar-a-leon\/","title":{"rendered":"Lesionados y sancionados de Monterrey para enfrentar a Le\u00f3n"},"content":{"rendered":"<p><\/p>\n<div q:key=\"QW_4\"><!--qv q:key=QW_2--><!--qv q:id=4n q:key=vcaa:\n\n<p>El Torneo Clausura 2026 no da tregua y, tras asegurar su pase a los octavos de final de la Concacaf Champions Cup a mitad de semana, <a href=\"https:\/\/www.si.com\/es-us\/futbol\/equipo\/monterrey\">Monterrey<\/a> vuelve a centrar su atenci&oacute;n en la Liga MX. <\/p>\n\n--><!--qv q:id=4o q:key=lY4S:mL_1--><\/p>\n<p id=\"inline-text-0\" class=\"mt-[18px] md:mt-0 mb-[18px] [&amp;_a]:text-primary my-f-1.5\" q:key=\"0\" q:id=\"4p\">El Torneo Clausura 2026 no da tregua y, tras asegurar su pase a los octavos de final de la Concacaf Champions Cup a mitad de semana, <a href=\"https:\/\/www.si.com\/es-us\/futbol\/equipo\/monterrey\">Monterrey<\/a> vuelve a centrar su atenci\u00f3n en la Liga MX. <\/p>\n<p><!--\/qv--><!--\/qv--><!--\/qv--><!--qv q:key=QW_2--><!--qv q:id=4q q:key=vcaa:\n\n<p>El pr&oacute;ximo domingo 15 de febrero, el Estadio BBVA ser&aacute; el escenario donde los dirigidos, en esta ocasi&oacute;n desde la distancia, por <a href=\"https:\/\/www.si.com\/es-us\/futbol\/torrent-afirma-que-monterrey-no-esta-ni-cerca-de-su-plenitud-deportiva\"><strong>Dom&egrave;nec Torrent<\/strong><\/a><strong> <\/strong>reciban al <strong>Le&oacute;n<\/strong> en un duelo fundamental para escalar posiciones en la tabla general.<\/p>\n\n--><!--qv q:id=4r q:key=lY4S:mL_1--><\/p>\n<p id=\"inline-text-1\" class=\"my-[18px] [&amp;_a]:text-primary my-f-1.5\" q:key=\"0\" q:id=\"4s\">El pr\u00f3ximo domingo 15 de febrero, el Estadio BBVA ser\u00e1 el escenario donde los dirigidos, en esta ocasi\u00f3n desde la distancia, por <a href=\"https:\/\/www.si.com\/es-us\/futbol\/torrent-afirma-que-monterrey-no-esta-ni-cerca-de-su-plenitud-deportiva\"><strong>Dom\u00e8nec Torrent<\/strong><\/a><strong> <\/strong>reciban al <strong>Le\u00f3n<\/strong> en un duelo fundamental para escalar posiciones en la tabla general.<\/p>\n<p><!--\/qv--><!--\/qv--><!--\/qv--><!--qv q:key=QW_2--><!--qv q:id=4t q:key=vcaa:\n\n<p>Actualmente, el conjunto regiomontano se sit&uacute;a en la novena posici&oacute;n con siete unidades, producto de dos victorias, un empate y dos derrotas. Por su parte, los <em><strong>Esmeraldas<\/strong><\/em> llegan en el decimosexto puesto, buscando romper una racha hist&oacute;rica negativa en la Sultana del Norte, donde apenas han conseguido dos triunfos en los &uacute;ltimos 29 a&ntilde;os.<\/p>\n\n--><!--qv q:id=4u q:key=lY4S:mL_1--><\/p>\n<p id=\"inline-text-2\" class=\"my-[18px] [&amp;_a]:text-primary my-f-1.5\" q:key=\"0\" q:id=\"4v\">Actualmente, el conjunto regiomontano se sit\u00faa en la novena posici\u00f3n con siete unidades, producto de dos victorias, un empate y dos derrotas. Por su parte, los <em><strong>Esmeraldas<\/strong><\/em> llegan en el decimosexto puesto, buscando romper una racha hist\u00f3rica negativa en la Sultana del Norte, donde apenas han conseguido dos triunfos en los \u00faltimos 29 a\u00f1os.<\/p>\n<p><!--\/qv--><!--\/qv--><!--\/qv--><!--qv q:key=QW_2--><!--qv q:id=4w q:key=vcaa:https:\/\/images2.minutemediacdn.com\/image\/upload\/c_crop,w_862,h_484,x_0,y_9\/images\/GettyImages\/mmsport\/sports_illustrated_ftbol\/01kh8srm35dqkc5hs8xr--><!--qv q:id=4x q:key=VjqC:mL_1--><!--qv q:id=4y q:key=deAA:7d_2--><!--qv q:s q:sref=4y q:key=--><!--qv q:id=4z q:key=deAA:7d_1--><!--qv q:s q:sref=4z q:key=--><!--qv q:id=50 q:key=cHU9:7d_0--><!--qv q:id=51 q:key=deAA:e2_0--><!--qv q:id=52 q:key=B0c2:SZ_1--><\/p>\n<figure q:key=\"9m_3\" q:id=\"53\"><!--qv q:s q:sref=52 q:key=--><!--qv q:s q:sref=51 q:key=--><\/p>\n<div class=\"overflow-hidden bg-lightGrey undefined\" on:qvisible=\"q-DLMfQsY4.js#_hW[0]\" q:id=\"54\"><picture><source srcset=\"https:\/\/images2.minutemediacdn.com\/image\/upload\/c_crop,x_0,y_9,w_862,h_484\/c_fill,w_360,ar_16:9,f_auto,q_auto,g_auto\/images%2FGettyImages%2Fmmsport%2Fsports_illustrated_ftbol%2F01kh8srm35dqkc5hs8xr.jpg 1x, &#10;    https:\/\/images2.minutemediacdn.com\/image\/upload\/c_crop,x_0,y_9,w_862,h_484\/c_fill,w_720,ar_16:9,f_auto,q_auto,g_auto\/images%2FGettyImages%2Fmmsport%2Fsports_illustrated_ftbol%2F01kh8srm35dqkc5hs8xr.jpg 2x, &#10;    https:\/\/images2.minutemediacdn.com\/image\/upload\/c_crop,x_0,y_9,w_862,h_484\/c_fill,w_1080,ar_16:9,f_auto,q_auto,g_auto\/images%2FGettyImages%2Fmmsport%2Fsports_illustrated_ftbol%2F01kh8srm35dqkc5hs8xr.jpg 3x\" media=\"(max-width: 719px)\"><source srcset=\"https:\/\/images2.minutemediacdn.com\/image\/upload\/c_crop,x_0,y_9,w_862,h_484\/c_fill,w_720,ar_16:9,f_auto,q_auto,g_auto\/images%2FGettyImages%2Fmmsport%2Fsports_illustrated_ftbol%2F01kh8srm35dqkc5hs8xr.jpg 1x,&#10;    https:\/\/images2.minutemediacdn.com\/image\/upload\/c_crop,x_0,y_9,w_862,h_484\/c_fill,w_1440,ar_16:9,f_auto,q_auto,g_auto\/images%2FGettyImages%2Fmmsport%2Fsports_illustrated_ftbol%2F01kh8srm35dqkc5hs8xr.jpg 2x, &#10;    https:\/\/images2.minutemediacdn.com\/image\/upload\/c_crop,x_0,y_9,w_862,h_484\/c_fill,w_1440,ar_16:9,f_auto,q_auto,g_auto\/images%2FGettyImages%2Fmmsport%2Fsports_illustrated_ftbol%2F01kh8srm35dqkc5hs8xr.jpg 3x\" media=\"(max-width: 1079px)\"><source srcset=\"https:\/\/images2.minutemediacdn.com\/image\/upload\/c_crop,x_0,y_9,w_862,h_484\/c_fill,w_720,ar_16:9,f_auto,q_auto,g_auto\/images%2FGettyImages%2Fmmsport%2Fsports_illustrated_ftbol%2F01kh8srm35dqkc5hs8xr.jpg 1x,&#10;    https:\/\/images2.minutemediacdn.com\/image\/upload\/c_crop,x_0,y_9,w_862,h_484\/c_fill,w_1440,ar_16:9,f_auto,q_auto,g_auto\/images%2FGettyImages%2Fmmsport%2Fsports_illustrated_ftbol%2F01kh8srm35dqkc5hs8xr.jpg 2x,&#10;    https:\/\/images2.minutemediacdn.com\/image\/upload\/c_crop,x_0,y_9,w_862,h_484\/c_fill,w_1440,ar_16:9,f_auto,q_auto,g_auto\/images%2FGettyImages%2Fmmsport%2Fsports_illustrated_ftbol%2F01kh8srm35dqkc5hs8xr.jpg 3x\" media=\"(min-width: 1080px)\"><\/source><\/source><\/source><\/picture><\/div>\n<p><!--\/qv--><!--\/qv--><\/p>\n<p><figcaption q:id=\"56\">V\u00edctor Guzm\u00e1n ya fue titular vs Xelaj\u00fa, tras regresar lesionado de la Selecci\u00f3n Mexicana | JULIO CESAR AGUILAR\/GettyImages<\/figcaption><\/p>\n<\/figure>\n<p><!--\/qv--><!--\/qv--><!--\/qv--><!--\/qv--><!--\/qv--><!--\/qv--><!--\/qv--><!--\/qv--><!--\/qv--><!--\/qv--><!--qv q:key=QW_2--><!--qv q:id=57 q:key=vcaa:\n\n<h2>Lesionados de Monterrey para enfrentar a Le&oacute;n<\/h2>\n\n--><!--qv q:id=58 q:key=lY4S:mL_1--><\/p>\n<h2 id=\"inline-text-4\" class=\"scroll-mt-24 my-[18px] [&amp;_a]:text-primary my-f-1.5\" q:key=\"0\" q:id=\"59\">Lesionados de Monterrey para enfrentar a Le\u00f3n<\/h2>\n<p><!--\/qv--><!--\/qv--><!--\/qv--><!--qv q:key=QW_2--><!--qv q:id=5a q:key=vcaa:\n\n<p>El panorama m&eacute;dico para los albiazules luce bastante alentador de cara a la sexta jornada del campeonato. Tras las rotaciones y ausencias obligadas en el partido contra <strong>Am&eacute;rica<\/strong> el pasado fin de semana, el cuerpo t&eacute;cnico ha recuperado piezas fundamentales para el esquema t&aacute;ctico.<\/p>\n\n--><!--qv q:id=5b q:key=lY4S:mL_1--><\/p>\n<p id=\"inline-text-5\" class=\"my-[18px] [&amp;_a]:text-primary my-f-1.5\" q:key=\"0\" q:id=\"5c\">El panorama m\u00e9dico para los albiazules luce bastante alentador de cara a la sexta jornada del campeonato. Tras las rotaciones y ausencias obligadas en el partido contra <strong>Am\u00e9rica<\/strong> el pasado fin de semana, el cuerpo t\u00e9cnico ha recuperado piezas fundamentales para el esquema t\u00e1ctico.<\/p>\n<p><!--\/qv--><!--\/qv--><!--\/qv--><!--qv q:key=QW_2--><!--qv q:id=5d q:key=vcaa:\n\n<p>La &uacute;nica baja confirmada por lesi&oacute;n es la de <strong>Luis S&aacute;nchez<\/strong>, quien contin&uacute;a en su proceso de rehabilitaci&oacute;n y a&uacute;n no recibe el alta m&eacute;dica para integrarse al trabajo grupal. Sin embargo, las buenas noticias superan a las malas, ya que <strong>Carlos Salcedo y V&iacute;ctor Guzm&aacute;n<\/strong>, ya tuvieron minutos y estuvieron disponibles en el choque contra Xelaj&uacute; por la competencia internacional.<\/p>\n\n--><!--qv q:id=5e q:key=lY4S:mL_1--><\/p>\n<p id=\"inline-text-6\" class=\"my-[18px] [&amp;_a]:text-primary my-f-1.5\" q:key=\"0\" q:id=\"5f\">La \u00fanica baja confirmada por lesi\u00f3n es la de <strong>Luis S\u00e1nchez<\/strong>, quien contin\u00faa en su proceso de rehabilitaci\u00f3n y a\u00fan no recibe el alta m\u00e9dica para integrarse al trabajo grupal. Sin embargo, las buenas noticias superan a las malas, ya que <strong>Carlos Salcedo y V\u00edctor Guzm\u00e1n<\/strong>, ya tuvieron minutos y estuvieron disponibles en el choque contra Xelaj\u00fa por la competencia internacional.<\/p>\n<p><!--\/qv--><!--\/qv--><!--\/qv--><!--qv q:key=QW_2--><!--qv q:id=5g q:key=vcaa:\n\n<p>De igual forma, el delantero <strong>Uros Djurdjevic<\/strong>, conocido como &#34;Djuka&#34;, se encuentra en &oacute;ptimas condiciones f&iacute;sicas y se perfila como titular en el ataque. Con esto, el plantel de la Sultana del Norte llega con cuadro pr&aacute;cticamente completo en lo que respecta a temas f&iacute;sicos de los futbolistas.<\/p>\n\n--><!--qv q:id=5h q:key=lY4S:mL_1--><\/p>\n<p id=\"inline-text-7\" class=\"my-[18px] [&amp;_a]:text-primary my-f-1.5\" q:key=\"0\" q:id=\"5i\">De igual forma, el delantero <strong>Uros Djurdjevic<\/strong>, conocido como &#8220;Djuka&#8221;, se encuentra en \u00f3ptimas condiciones f\u00edsicas y se perfila como titular en el ataque. Con esto, el plantel de la Sultana del Norte llega con cuadro pr\u00e1cticamente completo en lo que respecta a temas f\u00edsicos de los futbolistas.<\/p>\n<p><!--\/qv--><!--\/qv--><!--\/qv--><!--qv q:key=QW_2--><!--qv q:id=5j q:key=vcaa:https:\/\/images2.minutemediacdn.com\/image\/upload\/c_crop,w_1024,h_576,x_0,y_2\/images\/GettyImages\/mmsport\/sports_illustrated_ftbol\/01kh8stbwcb2zkq2z25j--><!--qv q:id=5k q:key=VjqC:mL_1--><!--qv q:id=5l q:key=deAA:7d_2--><!--qv q:s q:sref=5l q:key=--><!--qv q:id=5m q:key=deAA:7d_1--><!--qv q:s q:sref=5m q:key=--><!--qv q:id=5n q:key=cHU9:7d_0--><!--qv q:id=5o q:key=deAA:e2_0--><!--qv q:id=5p q:key=B0c2:SZ_1--><\/p>\n<figure q:key=\"9m_3\" q:id=\"5q\"><!--qv q:s q:sref=5p q:key=--><!--qv q:s q:sref=5o q:key=--><\/p>\n<div class=\"overflow-hidden bg-lightGrey undefined\" on:qvisible=\"q-DLMfQsY4.js#_hW[0]\" q:id=\"5r\"><picture><source srcset=\"https:\/\/images2.minutemediacdn.com\/image\/upload\/c_crop,x_0,y_2,w_1024,h_576\/c_fill,w_360,ar_16:9,f_auto,q_auto,g_auto\/images%2FGettyImages%2Fmmsport%2Fsports_illustrated_ftbol%2F01kh8stbwcb2zkq2z25j.jpg 1x, &#10;    https:\/\/images2.minutemediacdn.com\/image\/upload\/c_crop,x_0,y_2,w_1024,h_576\/c_fill,w_720,ar_16:9,f_auto,q_auto,g_auto\/images%2FGettyImages%2Fmmsport%2Fsports_illustrated_ftbol%2F01kh8stbwcb2zkq2z25j.jpg 2x, &#10;    https:\/\/images2.minutemediacdn.com\/image\/upload\/c_crop,x_0,y_2,w_1024,h_576\/c_fill,w_1080,ar_16:9,f_auto,q_auto,g_auto\/images%2FGettyImages%2Fmmsport%2Fsports_illustrated_ftbol%2F01kh8stbwcb2zkq2z25j.jpg 3x\" media=\"(max-width: 719px)\"><source srcset=\"https:\/\/images2.minutemediacdn.com\/image\/upload\/c_crop,x_0,y_2,w_1024,h_576\/c_fill,w_720,ar_16:9,f_auto,q_auto,g_auto\/images%2FGettyImages%2Fmmsport%2Fsports_illustrated_ftbol%2F01kh8stbwcb2zkq2z25j.jpg 1x,&#10;    https:\/\/images2.minutemediacdn.com\/image\/upload\/c_crop,x_0,y_2,w_1024,h_576\/c_fill,w_1440,ar_16:9,f_auto,q_auto,g_auto\/images%2FGettyImages%2Fmmsport%2Fsports_illustrated_ftbol%2F01kh8stbwcb2zkq2z25j.jpg 2x, &#10;    https:\/\/images2.minutemediacdn.com\/image\/upload\/c_crop,x_0,y_2,w_1024,h_576\/c_fill,w_1440,ar_16:9,f_auto,q_auto,g_auto\/images%2FGettyImages%2Fmmsport%2Fsports_illustrated_ftbol%2F01kh8stbwcb2zkq2z25j.jpg 3x\" media=\"(max-width: 1079px)\"><source srcset=\"https:\/\/images2.minutemediacdn.com\/image\/upload\/c_crop,x_0,y_2,w_1024,h_576\/c_fill,w_720,ar_16:9,f_auto,q_auto,g_auto\/images%2FGettyImages%2Fmmsport%2Fsports_illustrated_ftbol%2F01kh8stbwcb2zkq2z25j.jpg 1x,&#10;    https:\/\/images2.minutemediacdn.com\/image\/upload\/c_crop,x_0,y_2,w_1024,h_576\/c_fill,w_1440,ar_16:9,f_auto,q_auto,g_auto\/images%2FGettyImages%2Fmmsport%2Fsports_illustrated_ftbol%2F01kh8stbwcb2zkq2z25j.jpg 2x,&#10;    https:\/\/images2.minutemediacdn.com\/image\/upload\/c_crop,x_0,y_2,w_1024,h_576\/c_fill,w_1440,ar_16:9,f_auto,q_auto,g_auto\/images%2FGettyImages%2Fmmsport%2Fsports_illustrated_ftbol%2F01kh8stbwcb2zkq2z25j.jpg 3x\" media=\"(min-width: 1080px)\"><img loading=\"lazy\" decoding=\"async\" src=\"https:\/\/images2.minutemediacdn.com\/image\/upload\/c_crop,x_0,y_2,w_1024,h_576\/c_fill,w_16,ar_16:9,f_auto,q_auto,g_auto\/images\/GettyImages\/mmsport\/sports_illustrated_ftbol\/01kh8stbwcb2zkq2z25j.jpg\" alt=\"Iker Fimbres, Carlos Salcedo\" title=\"Iker Fimbres, Carlos Salcedo\" width=\"1024\" height=\"576\" class=\"undefined w-full w-full blur-[5px]\" q:id=\"5s\"\/><\/source><\/source><\/source><\/picture><\/div>\n<p><!--\/qv--><!--\/qv--><\/p>\n<p><figcaption q:id=\"5t\">Carlos Salcedo regres\u00f3 de su lesi\u00f3n y tuvo 45 minutos vs Xelaj\u00fa | Leopoldo Smith\/GettyImages<\/figcaption><\/p>\n<\/figure>\n<p><!--\/qv--><!--\/qv--><!--\/qv--><!--\/qv--><!--\/qv--><!--\/qv--><!--\/qv--><!--\/qv--><!--\/qv--><!--\/qv--><!--qv q:key=QW_2--><!--qv q:id=5u q:key=vcaa:\n\n<h2>Sancionados de Monterrey para enfrentar a Le&oacute;n<\/h2>\n\n--><!--qv q:id=5v q:key=lY4S:mL_1--><\/p>\n<h2 id=\"inline-text-9\" class=\"scroll-mt-24 my-[18px] [&amp;_a]:text-primary my-f-1.5\" q:key=\"0\" q:id=\"5w\">Sancionados de Monterrey para enfrentar a Le\u00f3n<\/h2>\n<p><!--\/qv--><!--\/qv--><!--\/qv--><!--qv q:key=QW_2--><!--qv q:id=5x q:key=vcaa:\n\n<p>Donde el equipo s&iacute; presenta una baja sensible es en el &aacute;rea t&eacute;cnica. El estratega espa&ntilde;ol<strong> Dom&egrave;nec Torrent<\/strong> no podr&aacute; estar presente en el banquillo del <em>Gigante de Acero<\/em> tras <a href=\"https:\/\/www.si.com\/es-us\/futbol\/domenec-torrent-fue-expulsado-al-final-del-america-vs-monterrey-y-el-club-regio-suma-tres-juegos-seguidos-sin-ganar-\">ser expulsado en el cierre del partido contra Am&eacute;rica<\/a>. <\/p>\n\n--><!--qv q:id=5y q:key=lY4S:mL_1--><\/p>\n<p id=\"inline-text-10\" class=\"my-[18px] [&amp;_a]:text-primary my-f-1.5\" q:key=\"0\" q:id=\"5z\">Donde el equipo s\u00ed presenta una baja sensible es en el \u00e1rea t\u00e9cnica. El estratega espa\u00f1ol<strong> Dom\u00e8nec Torrent<\/strong> no podr\u00e1 estar presente en el banquillo del <em>Gigante de Acero<\/em> tras <a href=\"https:\/\/www.si.com\/es-us\/futbol\/domenec-torrent-fue-expulsado-al-final-del-america-vs-monterrey-y-el-club-regio-suma-tres-juegos-seguidos-sin-ganar-\">ser expulsado en el cierre del partido contra Am\u00e9rica<\/a>. <\/p>\n<p><!--\/qv--><!--\/qv--><!--\/qv--><!--qv q:key=QW_2--><!--qv q:id=60 q:key=vcaa:\n\n<p>El espa&ntilde;ol recibi&oacute; la tarjeta roja por parte del &aacute;rbitro <strong>&Oacute;scar Mej&iacute;a<\/strong> luego de realizar reclamos airados al finalizar el encuentro en el Estadio Ciudad de los Deportes.<\/p>\n\n--><!--qv q:id=61 q:key=lY4S:mL_1--><\/p>\n<p id=\"inline-text-11\" class=\"my-[18px] [&amp;_a]:text-primary my-f-1.5\" q:key=\"0\" q:id=\"62\">El espa\u00f1ol recibi\u00f3 la tarjeta roja por parte del \u00e1rbitro <strong>\u00d3scar Mej\u00eda<\/strong> luego de realizar reclamos airados al finalizar el encuentro en el Estadio Ciudad de los Deportes.<\/p>\n<p><!--\/qv--><!--\/qv--><!--\/qv--><!--qv q:key=QW_2--><!--qv q:id=63 q:key=vcaa:\n\n<p>Ante esta situaci&oacute;n, la responsabilidad de dirigir desde la zona t&eacute;cnica recaer&aacute; en su auxiliar, Jordi Guerrero, quien ser&aacute; el encargado de transmitir las instrucciones durante los 90 minutos del cotejo ante la fiera. <\/p>\n\n--><!--qv q:id=64 q:key=lY4S:mL_1--><\/p>\n<p id=\"inline-text-12\" class=\"my-[18px] [&amp;_a]:text-primary my-f-1.5\" q:key=\"0\" q:id=\"65\">Ante esta situaci\u00f3n, la responsabilidad de dirigir desde la zona t\u00e9cnica recaer\u00e1 en su auxiliar, Jordi Guerrero, quien ser\u00e1 el encargado de transmitir las instrucciones durante los 90 minutos del cotejo ante la fiera. <\/p>\n<p><!--\/qv--><!--\/qv--><!--\/qv--><!--qv q:key=QW_2--><!--qv q:id=66 q:key=vcaa:\n\n<p>En cuanto a los jugadores de campo, la escuadra albiazul no cuenta con elementos suspendidos, por lo que Guerrero tendr&aacute; libertad absoluta para elegir su mejor once inicial bas&aacute;ndose &uacute;nicamente en criterios deportivos y de rendimiento.<\/p>\n\n--><!--qv q:id=67 q:key=lY4S:mL_1--><\/p>\n<p id=\"inline-text-13\" class=\"my-[18px] [&amp;_a]:text-primary my-f-1.5\" q:key=\"0\" q:id=\"68\">En cuanto a los jugadores de campo, la escuadra albiazul no cuenta con elementos suspendidos, por lo que Guerrero tendr\u00e1 libertad absoluta para elegir su mejor once inicial bas\u00e1ndose \u00fanicamente en criterios deportivos y de rendimiento.<\/p>\n<p><!--\/qv--><!--\/qv--><!--\/qv--><!--qv q:key=QW_2--><!--qv q:id=69 q:key=vcaa:14--><!--qv q:id=6a q:key=fOK1:mL_1--><\/p>\n<hr class=\"w-full border-0 my-4 bg-lightGrey h-1\" q:key=\"Xt_0\"\/><!--\/qv--><!--\/qv--><!--\/qv--><!--qv q:key=QW_2--><!--qv q:id=6b q:key=vcaa:\n\n<h3>M&Aacute;S NOTICIAS SOBRE RAYADOS DE MONTERREY<\/h3>\n\n--><!--qv q:id=6c q:key=lY4S:mL_1--><\/p>\n<h3 id=\"inline-text-15\" class=\"my-[18px] [&amp;_a]:text-primary my-f-1.5\" q:key=\"0\" q:id=\"6d\">M\u00c1S NOTICIAS SOBRE RAYADOS DE MONTERREY<\/h3>\n<p><!--\/qv--><!--\/qv--><!--\/qv--><!--qv q:key=QW_2--><!--qv q:id=6e q:key=vcaa:https:\/\/content-enrichment-service.mmsport.minutesvc.com\/oembed?url=https:\/\/content-enrichment-service.mmsport.minutesvc.com\/properties\/sports_illustrated_ftbol\/embeds\/01kd7vc9fd3w172--><!--qv q:id=6f q:key=jBas:mL_1--><\/p>\n<figure on-document:load=\"q-C92zN7lm.js#s_LZBLIxdhCWU[0 1]\" q:key=\"S2_2\" q:id=\"6g\"\/><!--\/qv--><!--\/qv--><!--\/qv--><\/div>\n<p><a href=\"https:\/\/www.si.com\/es-us\/futbol\/lesionados-y-sancionados-de-monterrey-para-enfrentar-a-leon-14-2-2026\">Source link <\/a><br \/>\nSee more https:\/\/theglobaltrack.com\/<\/p>\n","protected":false},"excerpt":{"rendered":"<p>El Torneo Clausura 2026 no da tregua y, tras asegurar su pase a los octavos de final de la Concacaf Champions Cup a mitad de semana, Monterrey vuelve a centrar su atenci\u00f3n en la Liga MX. El pr\u00f3ximo domingo 15 de febrero, el Estadio BBVA ser\u00e1 el escenario donde los dirigidos, en esta ocasi\u00f3n desde [&hellip;]<\/p>\n","protected":false},"author":1,"featured_media":87230,"comment_status":"","ping_status":"","sticky":false,"template":"","format":"standard","meta":{"googlesitekit_rrm_CAow2JLhCw:productID":"","_gspb_post_css":"","maa_idioma":"","maa_pais":"","footnotes":""},"categories":[1],"tags":[13284,5271,16762,4646,2904,16763],"class_list":["post-87229","post","type-post","status-publish","format-standard","has-post-thumbnail","hentry","category-ubirata","tag-enfrentar","tag-leon","tag-lesionados","tag-monterrey","tag-para","tag-sancionados"],"blocksy_meta":[],"yoast_head":"<!-- This site is optimized with the Yoast SEO Premium plugin v27.6 (Yoast SEO v27.6) - https:\/\/yoast.com\/product\/yoast-seo-premium-wordpress\/ -->\n<title>Lesionados y sancionados de Monterrey para enfrentar a Le\u00f3n - Ubirat\u00e3 Online Not\u00edcias - A realidade ao seu alcance!<\/title>\n<meta name=\"description\" content=\"La Pandilla busca extender su hegemon\u00eda en casa ante los esmeraldas a pesar de la ausencia de su director t\u00e9cnico en el banquillo.\" \/>\n<meta name=\"robots\" content=\"index, follow, max-snippet:-1, max-image-preview:large, max-video-preview:-1\" \/>\n<link rel=\"canonical\" href=\"https:\/\/ubirataonline.com.br\/en\/lesionados-y-sancionados-de-monterrey-para-enfrentar-a-leon\/\" \/>\n<meta property=\"og:locale\" content=\"en_US\" \/>\n<meta property=\"og:type\" content=\"article\" \/>\n<meta property=\"og:title\" content=\"Lesionados y sancionados de Monterrey para enfrentar a Le\u00f3n\" \/>\n<meta property=\"og:description\" content=\"La Pandilla busca extender su hegemon\u00eda en casa ante los esmeraldas a pesar de la ausencia de su director t\u00e9cnico en el banquillo.\" \/>\n<meta property=\"og:url\" content=\"https:\/\/ubirataonline.com.br\/en\/lesionados-y-sancionados-de-monterrey-para-enfrentar-a-leon\/\" \/>\n<meta property=\"og:site_name\" content=\"Ubirat\u00e3 Online Not\u00edcias - A realidade ao seu alcance!\" \/>\n<meta property=\"article:publisher\" content=\"https:\/\/www.facebook.com\/portalubirataonline\" \/>\n<meta property=\"article:author\" content=\"https:\/\/www.facebook.com\/portalubirataonline\" \/>\n<meta property=\"article:published_time\" content=\"2026-02-15T00:23:39+00:00\" \/>\n<meta property=\"og:image\" content=\"https:\/\/ubirataonline.com.br\/wp-content\/uploads\/2026\/02\/Lesionados-y-sancionados-de-Monterrey-para-enfrentar-a-Leon.jpg\" \/>\n\t<meta property=\"og:image:width\" content=\"1440\" \/>\n\t<meta property=\"og:image:height\" content=\"810\" \/>\n\t<meta property=\"og:image:type\" content=\"image\/jpeg\" \/>\n<meta name=\"author\" content=\"REDA\u00c7\u00c3O: UBIRAT\u00c3 ONLINE - F\u00c1BIO AUGUSTO CELESTINO\" \/>\n<meta name=\"twitter:card\" content=\"summary_large_image\" \/>\n<meta name=\"twitter:creator\" content=\"@x.com\/ubirataonline\" \/>\n<meta name=\"twitter:site\" content=\"@ubirataonline\" \/>\n<meta name=\"twitter:label1\" content=\"Written by\" \/>\n\t<meta name=\"twitter:data1\" content=\"REDA\u00c7\u00c3O: UBIRAT\u00c3 ONLINE - F\u00c1BIO AUGUSTO CELESTINO\" \/>\n\t<meta name=\"twitter:label2\" content=\"Est. reading time\" \/>\n\t<meta name=\"twitter:data2\" content=\"3 minutes\" \/>\n<script type=\"application\/ld+json\" class=\"yoast-schema-graph\">{\"@context\":\"https:\\\/\\\/schema.org\",\"@graph\":[{\"@type\":\"NewsArticle\",\"@id\":\"https:\\\/\\\/ubirataonline.com.br\\\/lesionados-y-sancionados-de-monterrey-para-enfrentar-a-leon\\\/#article\",\"isPartOf\":{\"@id\":\"https:\\\/\\\/ubirataonline.com.br\\\/lesionados-y-sancionados-de-monterrey-para-enfrentar-a-leon\\\/\"},\"author\":{\"name\":\"REDA\u00c7\u00c3O: UBIRAT\u00c3 ONLINE - F\u00c1BIO AUGUSTO CELESTINO\",\"@id\":\"https:\\\/\\\/ubirataonline.com.br\\\/#\\\/schema\\\/person\\\/372f87bbd3fdd79b8556b84c98d0bc1c\"},\"headline\":\"Lesionados y sancionados de Monterrey para enfrentar a Le\u00f3n\",\"datePublished\":\"2026-02-15T00:23:39+00:00\",\"mainEntityOfPage\":{\"@id\":\"https:\\\/\\\/ubirataonline.com.br\\\/lesionados-y-sancionados-de-monterrey-para-enfrentar-a-leon\\\/\"},\"wordCount\":523,\"publisher\":{\"@id\":\"https:\\\/\\\/ubirataonline.com.br\\\/#organization\"},\"image\":{\"@id\":\"https:\\\/\\\/ubirataonline.com.br\\\/lesionados-y-sancionados-de-monterrey-para-enfrentar-a-leon\\\/#primaryimage\"},\"thumbnailUrl\":\"https:\\\/\\\/ubirataonline.com.br\\\/wp-content\\\/uploads\\\/2026\\\/02\\\/Lesionados-y-sancionados-de-Monterrey-para-enfrentar-a-Leon.jpg\",\"keywords\":[\"enfrentar\",\"Le\u00f3n\",\"Lesionados\",\"Monterrey\",\"para\",\"sancionados\"],\"articleSection\":[\"Ubirat\u00e3\"],\"inLanguage\":\"en-US\",\"copyrightYear\":\"2026\",\"copyrightHolder\":{\"@id\":\"https:\\\/\\\/ubirataonline.com.br\\\/en\\\/#organization\"}},{\"@type\":\"WebPage\",\"@id\":\"https:\\\/\\\/ubirataonline.com.br\\\/lesionados-y-sancionados-de-monterrey-para-enfrentar-a-leon\\\/\",\"url\":\"https:\\\/\\\/ubirataonline.com.br\\\/lesionados-y-sancionados-de-monterrey-para-enfrentar-a-leon\\\/\",\"name\":\"Lesionados y sancionados de Monterrey para enfrentar a Le\u00f3n - Ubirat\u00e3 Online Not\u00edcias - A realidade ao seu alcance!\",\"isPartOf\":{\"@id\":\"https:\\\/\\\/ubirataonline.com.br\\\/#website\"},\"primaryImageOfPage\":{\"@id\":\"https:\\\/\\\/ubirataonline.com.br\\\/lesionados-y-sancionados-de-monterrey-para-enfrentar-a-leon\\\/#primaryimage\"},\"image\":{\"@id\":\"https:\\\/\\\/ubirataonline.com.br\\\/lesionados-y-sancionados-de-monterrey-para-enfrentar-a-leon\\\/#primaryimage\"},\"thumbnailUrl\":\"https:\\\/\\\/ubirataonline.com.br\\\/wp-content\\\/uploads\\\/2026\\\/02\\\/Lesionados-y-sancionados-de-Monterrey-para-enfrentar-a-Leon.jpg\",\"datePublished\":\"2026-02-15T00:23:39+00:00\",\"description\":\"La Pandilla busca extender su hegemon\u00eda en casa ante los esmeraldas a pesar de la ausencia de su director t\u00e9cnico en el banquillo.\",\"breadcrumb\":{\"@id\":\"https:\\\/\\\/ubirataonline.com.br\\\/lesionados-y-sancionados-de-monterrey-para-enfrentar-a-leon\\\/#breadcrumb\"},\"inLanguage\":\"en-US\",\"potentialAction\":[{\"@type\":\"ReadAction\",\"target\":[\"https:\\\/\\\/ubirataonline.com.br\\\/lesionados-y-sancionados-de-monterrey-para-enfrentar-a-leon\\\/\"]}]},{\"@type\":\"ImageObject\",\"inLanguage\":\"en-US\",\"@id\":\"https:\\\/\\\/ubirataonline.com.br\\\/lesionados-y-sancionados-de-monterrey-para-enfrentar-a-leon\\\/#primaryimage\",\"url\":\"https:\\\/\\\/ubirataonline.com.br\\\/wp-content\\\/uploads\\\/2026\\\/02\\\/Lesionados-y-sancionados-de-Monterrey-para-enfrentar-a-Leon.jpg\",\"contentUrl\":\"https:\\\/\\\/ubirataonline.com.br\\\/wp-content\\\/uploads\\\/2026\\\/02\\\/Lesionados-y-sancionados-de-Monterrey-para-enfrentar-a-Leon.jpg\",\"width\":1440,\"height\":810,\"caption\":\"Monterrey v Tigres UANL - Torneo Apertura 2025 Liga MX | Jam Media\\\/GettyImages\"},{\"@type\":\"BreadcrumbList\",\"@id\":\"https:\\\/\\\/ubirataonline.com.br\\\/lesionados-y-sancionados-de-monterrey-para-enfrentar-a-leon\\\/#breadcrumb\",\"itemListElement\":[{\"@type\":\"ListItem\",\"position\":1,\"name\":\"In\u00edcio\",\"item\":\"https:\\\/\\\/ubirataonline.com.br\\\/\"},{\"@type\":\"ListItem\",\"position\":2,\"name\":\"Lesionados y sancionados de Monterrey para enfrentar a Le\u00f3n\"}]},{\"@type\":\"WebSite\",\"@id\":\"https:\\\/\\\/ubirataonline.com.br\\\/#website\",\"url\":\"https:\\\/\\\/ubirataonline.com.br\\\/\",\"name\":\"Ubirat\u00e3 Online Not\u00edcias\",\"description\":\"Not\u00edcias de Ubirat\u00e3, regi\u00e3o, Brasil e mundo, com informa\u00e7\u00e3o atualizada e compromisso com o leitor.\",\"publisher\":{\"@id\":\"https:\\\/\\\/ubirataonline.com.br\\\/#organization\"},\"alternateName\":\"Ubirat\u00e3 Online\",\"potentialAction\":[{\"@type\":\"SearchAction\",\"target\":{\"@type\":\"EntryPoint\",\"urlTemplate\":\"https:\\\/\\\/ubirataonline.com.br\\\/?s={search_term_string}\"},\"query-input\":{\"@type\":\"PropertyValueSpecification\",\"valueRequired\":true,\"valueName\":\"search_term_string\"}}],\"inLanguage\":\"en-US\"},{\"@type\":[\"Organization\",\"Place\"],\"@id\":\"https:\\\/\\\/ubirataonline.com.br\\\/#organization\",\"name\":\"Ubirat\u00e3 Online Not\u00edcias\",\"alternateName\":\"Ubirat\u00e3 Online\",\"url\":\"https:\\\/\\\/ubirataonline.com.br\\\/\",\"logo\":{\"@id\":\"https:\\\/\\\/ubirataonline.com.br\\\/lesionados-y-sancionados-de-monterrey-para-enfrentar-a-leon\\\/#local-main-organization-logo\"},\"image\":{\"@id\":\"https:\\\/\\\/ubirataonline.com.br\\\/lesionados-y-sancionados-de-monterrey-para-enfrentar-a-leon\\\/#local-main-organization-logo\"},\"sameAs\":[\"https:\\\/\\\/www.facebook.com\\\/portalubirataonline\",\"https:\\\/\\\/x.com\\\/ubirataonline\",\"https:\\\/\\\/mastodon.social\\\/@ubirataonline\",\"https:\\\/\\\/www.facebook.com\\\/groups\\\/311144672285604\",\"https:\\\/\\\/www.facebook.com\\\/UBTAOnline\",\"https:\\\/\\\/www.instagram.com\\\/portalubirataonline\\\/\",\"https:\\\/\\\/twitter.com\\\/ubirataonline\"],\"description\":\"Somos um portal de not\u00edcias independente, criado em 5 de janeiro de 2009, com o objetivo de informar, conectar e valorizar a nossa comunidade de Ubirat\u00e3 e toda aregi\u00e3o. Com conte\u00fado atualizado, confi\u00e1vel e relevante, o Ubirat\u00e3 Online \u00e9 o seu espa\u00e7o para ficar por dentro dos principais acontecimentos locais, regionais, Brasil, Mundo e de interesse geral. Nosso compromisso \u00e9 com a verdade, a transpar\u00eancia e o respeito ao leitor.\",\"legalName\":\"UBIRATA ONLINE NOT\u00cdCIAS\",\"foundingDate\":\"2009-01-05\",\"numberOfEmployees\":{\"@type\":\"QuantitativeValue\",\"minValue\":\"1\",\"maxValue\":\"10\"},\"publishingPrinciples\":\"https:\\\/\\\/ubirataonline.com.br\\\/faq\\\/\",\"address\":{\"@id\":\"https:\\\/\\\/ubirataonline.com.br\\\/lesionados-y-sancionados-de-monterrey-para-enfrentar-a-leon\\\/#local-main-place-address\"},\"geo\":{\"@type\":\"GeoCoordinates\",\"latitude\":\"-24.5361401\",\"longitude\":\"-52.9921776\"},\"telephone\":[\"+5544998308235\"],\"contactPoint\":{\"@type\":\"ContactPoint\",\"email\":\"contato@ubirataonline.com.br\"},\"openingHoursSpecification\":{\"@type\":\"OpeningHoursSpecification\",\"dayOfWeek\":[\"Monday\",\"Tuesday\",\"Wednesday\",\"Thursday\",\"Friday\",\"Saturday\",\"Sunday\"],\"opens\":\"00:00\",\"closes\":\"23:59\"},\"email\":\"contato@ubirataonline.com.br\",\"vatID\":\"47.621.418\\\/0001-80\"},{\"@type\":\"Person\",\"@id\":\"https:\\\/\\\/ubirataonline.com.br\\\/#\\\/schema\\\/person\\\/372f87bbd3fdd79b8556b84c98d0bc1c\",\"name\":\"REDA\u00c7\u00c3O: UBIRAT\u00c3 ONLINE - F\u00c1BIO AUGUSTO CELESTINO\",\"pronouns\":\"Ele\",\"description\":\"Desde 2003 trabalhando com not\u00edcias.\",\"sameAs\":[\"http:\\\/\\\/ubirataoline.com.br\",\"https:\\\/\\\/www.facebook.com\\\/portalubirataonline\",\"https:\\\/\\\/www.instagram.com\\\/ubirataonline_oficial\",\"https:\\\/\\\/x.com\\\/x.com\\\/ubirataonline\"],\"honorificPrefix\":\"Mr.\",\"honorificSuffix\":\"MD\",\"birthDate\":\"1980-06-16\",\"gender\":\"masculino\",\"award\":[\"V\u00e1rios pr\u00eamios de melhor portal da cidade\"],\"jobTitle\":\"Diretor\",\"url\":\"https:\\\/\\\/ubirataonline.com.br\\\/en\\\/author\\\/ubirataonline\\\/\"},{\"@type\":\"PostalAddress\",\"@id\":\"https:\\\/\\\/ubirataonline.com.br\\\/lesionados-y-sancionados-de-monterrey-para-enfrentar-a-leon\\\/#local-main-place-address\",\"streetAddress\":\"Rua dos Coqueiros, 104 - Bairro Boa Vista, Rua dos Coqueiros, 104 Bairro Boa Vista\",\"addressLocality\":\"UBIRATA\",\"postalCode\":\"85440-000\",\"addressRegion\":\"PR\",\"addressCountry\":\"BR\"},{\"@type\":\"ImageObject\",\"inLanguage\":\"en-US\",\"@id\":\"https:\\\/\\\/ubirataonline.com.br\\\/lesionados-y-sancionados-de-monterrey-para-enfrentar-a-leon\\\/#local-main-organization-logo\",\"url\":\"https:\\\/\\\/ubirataonline.com.br\\\/wp-content\\\/uploads\\\/2026\\\/06\\\/logoubirataonline-1.webp\",\"contentUrl\":\"https:\\\/\\\/ubirataonline.com.br\\\/wp-content\\\/uploads\\\/2026\\\/06\\\/logoubirataonline-1.webp\",\"width\":500,\"height\":500,\"caption\":\"Ubirat\u00e3 Online Not\u00edcias\"}]}<\/script>\n<meta name=\"geo.placename\" content=\"UBIRATA\" \/>\n<meta name=\"geo.position\" content=\"-24.5361401;-52.9921776\" \/>\n<meta name=\"geo.region\" content=\"Brazil\" \/>\n<!-- \/ Yoast SEO Premium plugin. -->","yoast_head_json":{"title":"Lesionados y sancionados de Monterrey para enfrentar a Le\u00f3n - Ubirat\u00e3 Online Not\u00edcias - A realidade ao seu alcance!","description":"La Pandilla busca extender su hegemon\u00eda en casa ante los esmeraldas a pesar de la ausencia de su director t\u00e9cnico en el banquillo.","robots":{"index":"index","follow":"follow","max-snippet":"max-snippet:-1","max-image-preview":"max-image-preview:large","max-video-preview":"max-video-preview:-1"},"canonical":"https:\/\/ubirataonline.com.br\/en\/lesionados-y-sancionados-de-monterrey-para-enfrentar-a-leon\/","og_locale":"en_US","og_type":"article","og_title":"Lesionados y sancionados de Monterrey para enfrentar a Le\u00f3n","og_description":"La Pandilla busca extender su hegemon\u00eda en casa ante los esmeraldas a pesar de la ausencia de su director t\u00e9cnico en el banquillo.","og_url":"https:\/\/ubirataonline.com.br\/en\/lesionados-y-sancionados-de-monterrey-para-enfrentar-a-leon\/","og_site_name":"Ubirat\u00e3 Online Not\u00edcias - A realidade ao seu alcance!","article_publisher":"https:\/\/www.facebook.com\/portalubirataonline","article_author":"https:\/\/www.facebook.com\/portalubirataonline","article_published_time":"2026-02-15T00:23:39+00:00","og_image":[{"width":1440,"height":810,"url":"https:\/\/ubirataonline.com.br\/wp-content\/uploads\/2026\/02\/Lesionados-y-sancionados-de-Monterrey-para-enfrentar-a-Leon.jpg","type":"image\/jpeg"}],"author":"REDA\u00c7\u00c3O: UBIRAT\u00c3 ONLINE - F\u00c1BIO AUGUSTO CELESTINO","twitter_card":"summary_large_image","twitter_creator":"@x.com\/ubirataonline","twitter_site":"@ubirataonline","twitter_misc":{"Written by":"REDA\u00c7\u00c3O: UBIRAT\u00c3 ONLINE - F\u00c1BIO AUGUSTO CELESTINO","Est. reading time":"3 minutes"},"schema":{"@context":"https:\/\/schema.org","@graph":[{"@type":"NewsArticle","@id":"https:\/\/ubirataonline.com.br\/lesionados-y-sancionados-de-monterrey-para-enfrentar-a-leon\/#article","isPartOf":{"@id":"https:\/\/ubirataonline.com.br\/lesionados-y-sancionados-de-monterrey-para-enfrentar-a-leon\/"},"author":{"name":"REDA\u00c7\u00c3O: UBIRAT\u00c3 ONLINE - F\u00c1BIO AUGUSTO CELESTINO","@id":"https:\/\/ubirataonline.com.br\/#\/schema\/person\/372f87bbd3fdd79b8556b84c98d0bc1c"},"headline":"Lesionados y sancionados de Monterrey para enfrentar a Le\u00f3n","datePublished":"2026-02-15T00:23:39+00:00","mainEntityOfPage":{"@id":"https:\/\/ubirataonline.com.br\/lesionados-y-sancionados-de-monterrey-para-enfrentar-a-leon\/"},"wordCount":523,"publisher":{"@id":"https:\/\/ubirataonline.com.br\/#organization"},"image":{"@id":"https:\/\/ubirataonline.com.br\/lesionados-y-sancionados-de-monterrey-para-enfrentar-a-leon\/#primaryimage"},"thumbnailUrl":"https:\/\/ubirataonline.com.br\/wp-content\/uploads\/2026\/02\/Lesionados-y-sancionados-de-Monterrey-para-enfrentar-a-Leon.jpg","keywords":["enfrentar","Le\u00f3n","Lesionados","Monterrey","para","sancionados"],"articleSection":["Ubirat\u00e3"],"inLanguage":"en-US","copyrightYear":"2026","copyrightHolder":{"@id":"https:\/\/ubirataonline.com.br\/en\/#organization"}},{"@type":"WebPage","@id":"https:\/\/ubirataonline.com.br\/lesionados-y-sancionados-de-monterrey-para-enfrentar-a-leon\/","url":"https:\/\/ubirataonline.com.br\/lesionados-y-sancionados-de-monterrey-para-enfrentar-a-leon\/","name":"Lesionados y sancionados de Monterrey para enfrentar a Le\u00f3n - Ubirat\u00e3 Online Not\u00edcias - A realidade ao seu alcance!","isPartOf":{"@id":"https:\/\/ubirataonline.com.br\/#website"},"primaryImageOfPage":{"@id":"https:\/\/ubirataonline.com.br\/lesionados-y-sancionados-de-monterrey-para-enfrentar-a-leon\/#primaryimage"},"image":{"@id":"https:\/\/ubirataonline.com.br\/lesionados-y-sancionados-de-monterrey-para-enfrentar-a-leon\/#primaryimage"},"thumbnailUrl":"https:\/\/ubirataonline.com.br\/wp-content\/uploads\/2026\/02\/Lesionados-y-sancionados-de-Monterrey-para-enfrentar-a-Leon.jpg","datePublished":"2026-02-15T00:23:39+00:00","description":"La Pandilla busca extender su hegemon\u00eda en casa ante los esmeraldas a pesar de la ausencia de su director t\u00e9cnico en el banquillo.","breadcrumb":{"@id":"https:\/\/ubirataonline.com.br\/lesionados-y-sancionados-de-monterrey-para-enfrentar-a-leon\/#breadcrumb"},"inLanguage":"en-US","potentialAction":[{"@type":"ReadAction","target":["https:\/\/ubirataonline.com.br\/lesionados-y-sancionados-de-monterrey-para-enfrentar-a-leon\/"]}]},{"@type":"ImageObject","inLanguage":"en-US","@id":"https:\/\/ubirataonline.com.br\/lesionados-y-sancionados-de-monterrey-para-enfrentar-a-leon\/#primaryimage","url":"https:\/\/ubirataonline.com.br\/wp-content\/uploads\/2026\/02\/Lesionados-y-sancionados-de-Monterrey-para-enfrentar-a-Leon.jpg","contentUrl":"https:\/\/ubirataonline.com.br\/wp-content\/uploads\/2026\/02\/Lesionados-y-sancionados-de-Monterrey-para-enfrentar-a-Leon.jpg","width":1440,"height":810,"caption":"Monterrey v Tigres UANL - Torneo Apertura 2025 Liga MX | Jam Media\/GettyImages"},{"@type":"BreadcrumbList","@id":"https:\/\/ubirataonline.com.br\/lesionados-y-sancionados-de-monterrey-para-enfrentar-a-leon\/#breadcrumb","itemListElement":[{"@type":"ListItem","position":1,"name":"In\u00edcio","item":"https:\/\/ubirataonline.com.br\/"},{"@type":"ListItem","position":2,"name":"Lesionados y sancionados de Monterrey para enfrentar a Le\u00f3n"}]},{"@type":"WebSite","@id":"https:\/\/ubirataonline.com.br\/#website","url":"https:\/\/ubirataonline.com.br\/","name":"Ubirat\u00e3 Online Not\u00edcias","description":"Not\u00edcias de Ubirat\u00e3, regi\u00e3o, Brasil e mundo, com informa\u00e7\u00e3o atualizada e compromisso com o leitor.","publisher":{"@id":"https:\/\/ubirataonline.com.br\/#organization"},"alternateName":"Ubirat\u00e3 Online","potentialAction":[{"@type":"SearchAction","target":{"@type":"EntryPoint","urlTemplate":"https:\/\/ubirataonline.com.br\/?s={search_term_string}"},"query-input":{"@type":"PropertyValueSpecification","valueRequired":true,"valueName":"search_term_string"}}],"inLanguage":"en-US"},{"@type":["Organization","Place"],"@id":"https:\/\/ubirataonline.com.br\/#organization","name":"Ubirat\u00e3 Online Not\u00edcias","alternateName":"Ubirat\u00e3 Online","url":"https:\/\/ubirataonline.com.br\/","logo":{"@id":"https:\/\/ubirataonline.com.br\/lesionados-y-sancionados-de-monterrey-para-enfrentar-a-leon\/#local-main-organization-logo"},"image":{"@id":"https:\/\/ubirataonline.com.br\/lesionados-y-sancionados-de-monterrey-para-enfrentar-a-leon\/#local-main-organization-logo"},"sameAs":["https:\/\/www.facebook.com\/portalubirataonline","https:\/\/x.com\/ubirataonline","https:\/\/mastodon.social\/@ubirataonline","https:\/\/www.facebook.com\/groups\/311144672285604","https:\/\/www.facebook.com\/UBTAOnline","https:\/\/www.instagram.com\/portalubirataonline\/","https:\/\/twitter.com\/ubirataonline"],"description":"Somos um portal de not\u00edcias independente, criado em 5 de janeiro de 2009, com o objetivo de informar, conectar e valorizar a nossa comunidade de Ubirat\u00e3 e toda aregi\u00e3o. Com conte\u00fado atualizado, confi\u00e1vel e relevante, o Ubirat\u00e3 Online \u00e9 o seu espa\u00e7o para ficar por dentro dos principais acontecimentos locais, regionais, Brasil, Mundo e de interesse geral. Nosso compromisso \u00e9 com a verdade, a transpar\u00eancia e o respeito ao leitor.","legalName":"UBIRATA ONLINE NOT\u00cdCIAS","foundingDate":"2009-01-05","numberOfEmployees":{"@type":"QuantitativeValue","minValue":"1","maxValue":"10"},"publishingPrinciples":"https:\/\/ubirataonline.com.br\/faq\/","address":{"@id":"https:\/\/ubirataonline.com.br\/lesionados-y-sancionados-de-monterrey-para-enfrentar-a-leon\/#local-main-place-address"},"geo":{"@type":"GeoCoordinates","latitude":"-24.5361401","longitude":"-52.9921776"},"telephone":["+5544998308235"],"contactPoint":{"@type":"ContactPoint","email":"contato@ubirataonline.com.br"},"openingHoursSpecification":{"@type":"OpeningHoursSpecification","dayOfWeek":["Monday","Tuesday","Wednesday","Thursday","Friday","Saturday","Sunday"],"opens":"00:00","closes":"23:59"},"email":"contato@ubirataonline.com.br","vatID":"47.621.418\/0001-80"},{"@type":"Person","@id":"https:\/\/ubirataonline.com.br\/#\/schema\/person\/372f87bbd3fdd79b8556b84c98d0bc1c","name":"REDA\u00c7\u00c3O: UBIRAT\u00c3 ONLINE - F\u00c1BIO AUGUSTO CELESTINO","pronouns":"Ele","description":"Desde 2003 trabalhando com not\u00edcias.","sameAs":["http:\/\/ubirataoline.com.br","https:\/\/www.facebook.com\/portalubirataonline","https:\/\/www.instagram.com\/ubirataonline_oficial","https:\/\/x.com\/x.com\/ubirataonline"],"honorificPrefix":"Mr.","honorificSuffix":"MD","birthDate":"1980-06-16","gender":"masculino","award":["V\u00e1rios pr\u00eamios de melhor portal da cidade"],"jobTitle":"Diretor","url":"https:\/\/ubirataonline.com.br\/en\/author\/ubirataonline\/"},{"@type":"PostalAddress","@id":"https:\/\/ubirataonline.com.br\/lesionados-y-sancionados-de-monterrey-para-enfrentar-a-leon\/#local-main-place-address","streetAddress":"Rua dos Coqueiros, 104 - Bairro Boa Vista, Rua dos Coqueiros, 104 Bairro Boa Vista","addressLocality":"UBIRATA","postalCode":"85440-000","addressRegion":"PR","addressCountry":"BR"},{"@type":"ImageObject","inLanguage":"en-US","@id":"https:\/\/ubirataonline.com.br\/lesionados-y-sancionados-de-monterrey-para-enfrentar-a-leon\/#local-main-organization-logo","url":"https:\/\/ubirataonline.com.br\/wp-content\/uploads\/2026\/06\/logoubirataonline-1.webp","contentUrl":"https:\/\/ubirataonline.com.br\/wp-content\/uploads\/2026\/06\/logoubirataonline-1.webp","width":500,"height":500,"caption":"Ubirat\u00e3 Online Not\u00edcias"}]},"geo.placename":"UBIRATA","geo.position":{"lat":"-24.5361401","long":"-52.9921776"},"geo.region":"Brazil"},"_links":{"self":[{"href":"https:\/\/ubirataonline.com.br\/en\/wp-json\/wp\/v2\/posts\/87229","targetHints":{"allow":["GET"]}}],"collection":[{"href":"https:\/\/ubirataonline.com.br\/en\/wp-json\/wp\/v2\/posts"}],"about":[{"href":"https:\/\/ubirataonline.com.br\/en\/wp-json\/wp\/v2\/types\/post"}],"author":[{"embeddable":true,"href":"https:\/\/ubirataonline.com.br\/en\/wp-json\/wp\/v2\/users\/1"}],"replies":[{"embeddable":true,"href":"https:\/\/ubirataonline.com.br\/en\/wp-json\/wp\/v2\/comments?post=87229"}],"version-history":[{"count":0,"href":"https:\/\/ubirataonline.com.br\/en\/wp-json\/wp\/v2\/posts\/87229\/revisions"}],"wp:featuredmedia":[{"embeddable":true,"href":"https:\/\/ubirataonline.com.br\/en\/wp-json\/wp\/v2\/media\/87230"}],"wp:attachment":[{"href":"https:\/\/ubirataonline.com.br\/en\/wp-json\/wp\/v2\/media?parent=87229"}],"wp:term":[{"taxonomy":"category","embeddable":true,"href":"https:\/\/ubirataonline.com.br\/en\/wp-json\/wp\/v2\/categories?post=87229"},{"taxonomy":"post_tag","embeddable":true,"href":"https:\/\/ubirataonline.com.br\/en\/wp-json\/wp\/v2\/tags?post=87229"}],"curies":[{"name":"wp","href":"https:\/\/api.w.org\/{rel}","templated":true}]}}