{"id":87882,"date":"2026-02-17T11:01:25","date_gmt":"2026-02-17T14:01:25","guid":{"rendered":"https:\/\/ubirataonline.com.br\/ano-novo-chines-2026-marca-inicio-do-ano-do-cavalo\/"},"modified":"2026-02-17T11:01:27","modified_gmt":"2026-02-17T14:01:27","slug":"ano-novo-chines-2026-marca-inicio-do-ano-do-cavalo","status":"publish","type":"post","link":"https:\/\/ubirataonline.com.br\/en\/ano-novo-chines-2026-marca-inicio-do-ano-do-cavalo\/","title":{"rendered":"Ano-Novo Chin\u00eas 2026 marca in\u00edcio do Ano do Cavalo"},"content":{"rendered":"<p><\/p>\n<div id=\"texto\">\n<p>O <strong>Ano-Novo Chin\u00eas<\/strong> come\u00e7a nesta ter\u00e7a-feira, 17 de fevereiro de 2026, data que marca o in\u00edcio do ano 4724 no calend\u00e1rio tradicional chin\u00eas. Diferente do calend\u00e1rio gregoriano, utilizado no Brasil, o calend\u00e1rio chin\u00eas \u00e9 lunissolar, ou seja, leva em considera\u00e7\u00e3o as fases da Lua e a posi\u00e7\u00e3o do Sol. Por isso, a data varia todos os anos, ocorrendo sempre entre 21 de janeiro e 20 de fevereiro.<\/p>\n<p>A celebra\u00e7\u00e3o, tamb\u00e9m conhecida como <strong>Festival da Primavera<\/strong>, \u00e9 a mais importante do calend\u00e1rio chin\u00eas e pode se estender por at\u00e9 15 dias, encerrando-se com o tradicional Festival das Lanternas.<\/p>\n<h2 class=\"wp-block-heading\" id=\"h-ano-4724-o-ano-do-cavalo\">Ano 4724: o Ano do Cavalo<\/h2>\n<p>Em 2026 inicia-se o <strong>Ano do Cavalo<\/strong>, o s\u00e9timo animal do zod\u00edaco chin\u00eas. No hor\u00f3scopo oriental, cada ano \u00e9 representado por um dos 12 animais, em um ciclo que se repete a cada 12 anos:<\/p>\n<ul>\n<li>Rato<\/li>\n<li>Boi<\/li>\n<li>Tigre<\/li>\n<li>Coelho<\/li>\n<li>Drag\u00e3o<\/li>\n<li>Cobra<\/li>\n<li><strong>Cavalo<\/strong><\/li>\n<li>Cabra<\/li>\n<li>Macaco<\/li>\n<li>Galo<\/li>\n<li>Cachorro<\/li>\n<li>Porco<\/li>\n<\/ul>\n<p>Os \u00faltimos anos do Cavalo foram: 2014, 2002, 1990, 1978, 1966 e 1954.<\/p>\n<p>Al\u00e9m dos animais, o calend\u00e1rio tamb\u00e9m considera cinco elementos \u2014 metal, madeira, \u00e1gua, fogo e terra \u2014 formando ciclos completos de 60 anos.<\/p>\n<p>O per\u00edodo do Ano do Cavalo de 2026 come\u00e7a em <strong>17 de fevereiro de 2026<\/strong> e termina em <strong>5 de fevereiro de 2027<\/strong>.<\/p>\n<h2 class=\"wp-block-heading\">Tradi\u00e7\u00f5es e simbolismos<\/h2>\n<p>Os preparativos come\u00e7am dias antes da virada, com:<\/p>\n<ul>\n<li>Limpeza completa da casa (simboliza renova\u00e7\u00e3o);<\/li>\n<li>Decora\u00e7\u00f5es vermelhas (cor da sorte e prosperidade);<\/li>\n<li>Lanternas e recortes em papel;<\/li>\n<li>Compra de alimentos especiais.<\/li>\n<\/ul>\n<p>Na v\u00e9spera, as fam\u00edlias se re\u00fanem para um jantar especial e realizam rituais em homenagem aos ancestrais. \u00c0 meia-noite, fogos de artif\u00edcio iluminam o c\u00e9u para afastar maus esp\u00edritos e atrair boas energias.<\/p>\n<p>\u00c9 tradi\u00e7\u00e3o tamb\u00e9m entregar envelopes vermelhos com dinheiro \u00e0s crian\u00e7as como s\u00edmbolo de prosperidade.<\/p>\n<p>Durante as festividades, s\u00e3o comuns:<\/p>\n<ul>\n<li>Dan\u00e7as do drag\u00e3o e do le\u00e3o;<\/li>\n<li>Apresenta\u00e7\u00f5es culturais;<\/li>\n<li>Feiras gastron\u00f4micas;<\/li>\n<li>Encontros familiares.<\/li>\n<\/ul>\n<p>A celebra\u00e7\u00e3o termina com o <strong>Festival das Lanternas<\/strong>, quando milhares de lanternas iluminam ruas, rios e lagos, simbolizando esperan\u00e7a e novos come\u00e7os.<\/p>\n<h2 class=\"wp-block-heading\">Supersti\u00e7\u00f5es e cren\u00e7as<\/h2>\n<p>Assim como no Brasil, o per\u00edodo \u00e9 cercado de supersti\u00e7\u00f5es. Entre elas:<\/p>\n<ul>\n<li>N\u00e3o varrer a casa nos primeiros dias (para n\u00e3o \u201cvarrer\u201d a sorte);<\/li>\n<li>Evitar lavar os cabelos;<\/li>\n<li>N\u00e3o usar palavras negativas;<\/li>\n<li>Manter dist\u00e2ncia de objetos cortantes;<\/li>\n<li>Utilizar flores como ameixa (coragem) e narciso (prosperidade).<\/li>\n<\/ul>\n<h2 class=\"wp-block-heading\">Pr\u00f3ximos anos do calend\u00e1rio chin\u00eas<\/h2>\n<figure class=\"wp-block-table\">\n<table>\n<thead>\n<tr>\n<th>Ano<\/th>\n<th>Home<\/th>\n<th>Animal<\/th>\n<\/tr>\n<\/thead>\n<tbody>\n<tr>\n<td>2026<\/td>\n<td>17\/02<\/td>\n<td><strong>Cavalo<\/strong><\/td>\n<\/tr>\n<tr>\n<td>2027<\/td>\n<td>06\/02<\/td>\n<td>Cabra<\/td>\n<\/tr>\n<tr>\n<td>2028<\/td>\n<td>26\/01<\/td>\n<td>Macaco<\/td>\n<\/tr>\n<tr>\n<td>2029<\/td>\n<td>13\/02<\/td>\n<td>Galo<\/td>\n<\/tr>\n<tr>\n<td>2030<\/td>\n<td>03\/02<\/td>\n<td>Cachorro<\/td>\n<\/tr>\n<tr>\n<td>2031<\/td>\n<td>23\/01<\/td>\n<td>Porco<\/td>\n<\/tr>\n<\/tbody>\n<\/table>\n<\/figure>\n<p>O Ano-Novo Chin\u00eas \u00e9 mais do que uma mudan\u00e7a no calend\u00e1rio: representa renova\u00e7\u00e3o, prosperidade e a esperan\u00e7a de um novo ciclo cheio de oportunidades.<\/p>\n<figure class=\"wp-block-image size-large\"><\/figure>\n<figure class=\"wp-block-image size-large\"><img loading=\"lazy\" decoding=\"async\" width=\"1024\" height=\"576\" src=\"https:\/\/cdn.cgn.inf.br\/fotos-cgn\/2026\/02\/17030540\/anodocavalo-1024x576.jpg\" alt=\"\" class=\"wp-image-2043305\" srcset=\"https:\/\/cdn.cgn.inf.br\/fotos-cgn\/2026\/02\/17030540\/anodocavalo-1024x576.jpg 1024w, https:\/\/cdn.cgn.inf.br\/fotos-cgn\/2026\/02\/17030540\/anodocavalo-300x169.jpg 300w, https:\/\/cdn.cgn.inf.br\/fotos-cgn\/2026\/02\/17030540\/anodocavalo-768x432.jpg 768w, https:\/\/cdn.cgn.inf.br\/fotos-cgn\/2026\/02\/17030540\/anodocavalo-880x495.jpg 880w, https:\/\/cdn.cgn.inf.br\/fotos-cgn\/2026\/02\/17030540\/anodocavalo-500x281.jpg 500w, https:\/\/cdn.cgn.inf.br\/fotos-cgn\/2026\/02\/17030540\/anodocavalo-325x183.jpg 325w, https:\/\/cdn.cgn.inf.br\/fotos-cgn\/2026\/02\/17030540\/anodocavalo.jpg 1280w\" sizes=\"auto, (max-width: 1024px) 100vw, 1024px\"\/><\/figure>\n<\/p><\/div>\n<p><a href=\"https:\/\/cgn.inf.br\/noticia\/2043304\/ano-novo-chines-2026-marca-inicio-do-ano-do-cavalo\">Source link <\/a><\/p>","protected":false},"excerpt":{"rendered":"<p>O Ano-Novo Chin\u00eas come\u00e7a nesta ter\u00e7a-feira, 17 de fevereiro de 2026, data que marca o in\u00edcio do ano 4724 no calend\u00e1rio tradicional chin\u00eas. Diferente do calend\u00e1rio gregoriano, utilizado no Brasil, o calend\u00e1rio chin\u00eas \u00e9 lunissolar, ou seja, leva em considera\u00e7\u00e3o as fases da Lua e a posi\u00e7\u00e3o do Sol. Por isso, a data varia todos [&hellip;]<\/p>\n","protected":false},"author":1,"featured_media":87883,"comment_status":"closed","ping_status":"","sticky":false,"template":"","format":"standard","meta":{"googlesitekit_rrm_CAow2JLhCw:productID":"","_gspb_post_css":"","maa_idioma":"","maa_pais":"","footnotes":""},"categories":[1],"tags":[5037,10656,19242,10398,3267,3266],"class_list":["post-87882","post","type-post","status-publish","format-standard","has-post-thumbnail","hentry","category-ubirata","tag-ano","tag-anonovo","tag-cavalo","tag-chines","tag-inicio","tag-marca"],"blocksy_meta":[],"yoast_head":"<!-- This site is optimized with the Yoast SEO Premium plugin v27.6 (Yoast SEO v27.6) - https:\/\/yoast.com\/product\/yoast-seo-premium-wordpress\/ -->\n<title>Ano-Novo Chin\u00eas 2026 marca in\u00edcio do Ano do Cavalo - Ubirat\u00e3 Online Not\u00edcias - A realidade ao seu alcance!<\/title>\n<meta name=\"description\" content=\"O Ano-Novo Chin\u00eas come\u00e7a nesta ter\u00e7a-feira, 17 de fevereiro de 2026, data que marca o in\u00edcio do ano 4724 no calend\u00e1rio tradicional chin\u00eas. Diferente do\" \/>\n<meta name=\"robots\" content=\"index, follow, max-snippet:-1, max-image-preview:large, max-video-preview:-1\" \/>\n<link rel=\"canonical\" href=\"https:\/\/ubirataonline.com.br\/en\/ano-novo-chines-2026-marca-inicio-do-ano-do-cavalo\/\" \/>\n<meta property=\"og:locale\" content=\"en_US\" \/>\n<meta property=\"og:type\" content=\"article\" \/>\n<meta property=\"og:title\" content=\"Ano-Novo Chin\u00eas 2026 marca in\u00edcio do Ano do Cavalo\" \/>\n<meta property=\"og:description\" content=\"O Ano-Novo Chin\u00eas come\u00e7a nesta ter\u00e7a-feira, 17 de fevereiro de 2026, data que marca o in\u00edcio do ano 4724 no calend\u00e1rio tradicional chin\u00eas. Diferente do\" \/>\n<meta property=\"og:url\" content=\"https:\/\/ubirataonline.com.br\/en\/ano-novo-chines-2026-marca-inicio-do-ano-do-cavalo\/\" \/>\n<meta property=\"og:site_name\" content=\"Ubirat\u00e3 Online Not\u00edcias - A realidade ao seu alcance!\" \/>\n<meta property=\"article:publisher\" content=\"https:\/\/www.facebook.com\/portalubirataonline\" \/>\n<meta property=\"article:author\" content=\"https:\/\/www.facebook.com\/portalubirataonline\" \/>\n<meta property=\"article:published_time\" content=\"2026-02-17T14:01:25+00:00\" \/>\n<meta property=\"article:modified_time\" content=\"2026-02-17T14:01:27+00:00\" \/>\n<meta property=\"og:image\" content=\"https:\/\/ubirataonline.com.br\/wp-content\/uploads\/2026\/02\/Ano-Novo-Chines-2026-marca-inicio-do-Ano-do-Cavalo.jpg\" \/>\n\t<meta property=\"og:image:width\" content=\"1024\" \/>\n\t<meta property=\"og:image:height\" content=\"576\" \/>\n\t<meta property=\"og:image:type\" content=\"image\/jpeg\" \/>\n<meta name=\"author\" content=\"REDA\u00c7\u00c3O: UBIRAT\u00c3 ONLINE - F\u00c1BIO AUGUSTO CELESTINO\" \/>\n<meta name=\"twitter:card\" content=\"summary_large_image\" \/>\n<meta name=\"twitter:creator\" content=\"@x.com\/ubirataonline\" \/>\n<meta name=\"twitter:site\" content=\"@ubirataonline\" \/>\n<meta name=\"twitter:label1\" content=\"Written by\" \/>\n\t<meta name=\"twitter:data1\" content=\"REDA\u00c7\u00c3O: UBIRAT\u00c3 ONLINE - F\u00c1BIO AUGUSTO CELESTINO\" \/>\n\t<meta name=\"twitter:label2\" content=\"Est. reading time\" \/>\n\t<meta name=\"twitter:data2\" content=\"2 minutes\" \/>\n<script type=\"application\/ld+json\" class=\"yoast-schema-graph\">{\"@context\":\"https:\\\/\\\/schema.org\",\"@graph\":[{\"@type\":\"NewsArticle\",\"@id\":\"https:\\\/\\\/ubirataonline.com.br\\\/ano-novo-chines-2026-marca-inicio-do-ano-do-cavalo\\\/#article\",\"isPartOf\":{\"@id\":\"https:\\\/\\\/ubirataonline.com.br\\\/ano-novo-chines-2026-marca-inicio-do-ano-do-cavalo\\\/\"},\"author\":{\"name\":\"REDA\u00c7\u00c3O: UBIRAT\u00c3 ONLINE - F\u00c1BIO AUGUSTO CELESTINO\",\"@id\":\"https:\\\/\\\/ubirataonline.com.br\\\/#\\\/schema\\\/person\\\/372f87bbd3fdd79b8556b84c98d0bc1c\"},\"headline\":\"Ano-Novo Chin\u00eas 2026 marca in\u00edcio do Ano do Cavalo\",\"datePublished\":\"2026-02-17T14:01:25+00:00\",\"dateModified\":\"2026-02-17T14:01:27+00:00\",\"mainEntityOfPage\":{\"@id\":\"https:\\\/\\\/ubirataonline.com.br\\\/ano-novo-chines-2026-marca-inicio-do-ano-do-cavalo\\\/\"},\"wordCount\":460,\"publisher\":{\"@id\":\"https:\\\/\\\/ubirataonline.com.br\\\/#organization\"},\"image\":{\"@id\":\"https:\\\/\\\/ubirataonline.com.br\\\/ano-novo-chines-2026-marca-inicio-do-ano-do-cavalo\\\/#primaryimage\"},\"thumbnailUrl\":\"https:\\\/\\\/ubirataonline.com.br\\\/wp-content\\\/uploads\\\/2026\\\/02\\\/Ano-Novo-Chines-2026-marca-inicio-do-Ano-do-Cavalo.jpg\",\"keywords\":[\"ano\",\"AnoNovo\",\"Cavalo\",\"chin\u00eas\",\"in\u00edcio\",\"marca\"],\"articleSection\":[\"Ubirat\u00e3\"],\"inLanguage\":\"en-US\",\"copyrightYear\":\"2026\",\"copyrightHolder\":{\"@id\":\"https:\\\/\\\/ubirataonline.com.br\\\/en\\\/#organization\"}},{\"@type\":\"WebPage\",\"@id\":\"https:\\\/\\\/ubirataonline.com.br\\\/ano-novo-chines-2026-marca-inicio-do-ano-do-cavalo\\\/\",\"url\":\"https:\\\/\\\/ubirataonline.com.br\\\/ano-novo-chines-2026-marca-inicio-do-ano-do-cavalo\\\/\",\"name\":\"Ano-Novo Chin\u00eas 2026 marca in\u00edcio do Ano do Cavalo - Ubirat\u00e3 Online Not\u00edcias - A realidade ao seu alcance!\",\"isPartOf\":{\"@id\":\"https:\\\/\\\/ubirataonline.com.br\\\/#website\"},\"primaryImageOfPage\":{\"@id\":\"https:\\\/\\\/ubirataonline.com.br\\\/ano-novo-chines-2026-marca-inicio-do-ano-do-cavalo\\\/#primaryimage\"},\"image\":{\"@id\":\"https:\\\/\\\/ubirataonline.com.br\\\/ano-novo-chines-2026-marca-inicio-do-ano-do-cavalo\\\/#primaryimage\"},\"thumbnailUrl\":\"https:\\\/\\\/ubirataonline.com.br\\\/wp-content\\\/uploads\\\/2026\\\/02\\\/Ano-Novo-Chines-2026-marca-inicio-do-Ano-do-Cavalo.jpg\",\"datePublished\":\"2026-02-17T14:01:25+00:00\",\"dateModified\":\"2026-02-17T14:01:27+00:00\",\"description\":\"O Ano-Novo Chin\u00eas come\u00e7a nesta ter\u00e7a-feira, 17 de fevereiro de 2026, data que marca o in\u00edcio do ano 4724 no calend\u00e1rio tradicional chin\u00eas. Diferente do\",\"breadcrumb\":{\"@id\":\"https:\\\/\\\/ubirataonline.com.br\\\/ano-novo-chines-2026-marca-inicio-do-ano-do-cavalo\\\/#breadcrumb\"},\"inLanguage\":\"en-US\",\"potentialAction\":[{\"@type\":\"ReadAction\",\"target\":[\"https:\\\/\\\/ubirataonline.com.br\\\/ano-novo-chines-2026-marca-inicio-do-ano-do-cavalo\\\/\"]}]},{\"@type\":\"ImageObject\",\"inLanguage\":\"en-US\",\"@id\":\"https:\\\/\\\/ubirataonline.com.br\\\/ano-novo-chines-2026-marca-inicio-do-ano-do-cavalo\\\/#primaryimage\",\"url\":\"https:\\\/\\\/ubirataonline.com.br\\\/wp-content\\\/uploads\\\/2026\\\/02\\\/Ano-Novo-Chines-2026-marca-inicio-do-Ano-do-Cavalo.jpg\",\"contentUrl\":\"https:\\\/\\\/ubirataonline.com.br\\\/wp-content\\\/uploads\\\/2026\\\/02\\\/Ano-Novo-Chines-2026-marca-inicio-do-Ano-do-Cavalo.jpg\",\"width\":1024,\"height\":576,\"caption\":\"Fogos de artif\u00edcio durante a celebra\u00e7\u00e3o do Ano-Novo chin\u00eas\"},{\"@type\":\"BreadcrumbList\",\"@id\":\"https:\\\/\\\/ubirataonline.com.br\\\/ano-novo-chines-2026-marca-inicio-do-ano-do-cavalo\\\/#breadcrumb\",\"itemListElement\":[{\"@type\":\"ListItem\",\"position\":1,\"name\":\"In\u00edcio\",\"item\":\"https:\\\/\\\/ubirataonline.com.br\\\/\"},{\"@type\":\"ListItem\",\"position\":2,\"name\":\"Ano-Novo Chin\u00eas 2026 marca in\u00edcio do Ano do Cavalo\"}]},{\"@type\":\"WebSite\",\"@id\":\"https:\\\/\\\/ubirataonline.com.br\\\/#website\",\"url\":\"https:\\\/\\\/ubirataonline.com.br\\\/\",\"name\":\"Ubirat\u00e3 Online Not\u00edcias\",\"description\":\"Not\u00edcias de Ubirat\u00e3, regi\u00e3o, Brasil e mundo, com informa\u00e7\u00e3o atualizada e compromisso com o leitor.\",\"publisher\":{\"@id\":\"https:\\\/\\\/ubirataonline.com.br\\\/#organization\"},\"alternateName\":\"Ubirat\u00e3 Online\",\"potentialAction\":[{\"@type\":\"SearchAction\",\"target\":{\"@type\":\"EntryPoint\",\"urlTemplate\":\"https:\\\/\\\/ubirataonline.com.br\\\/?s={search_term_string}\"},\"query-input\":{\"@type\":\"PropertyValueSpecification\",\"valueRequired\":true,\"valueName\":\"search_term_string\"}}],\"inLanguage\":\"en-US\"},{\"@type\":[\"Organization\",\"Place\"],\"@id\":\"https:\\\/\\\/ubirataonline.com.br\\\/#organization\",\"name\":\"Ubirat\u00e3 Online Not\u00edcias\",\"alternateName\":\"Ubirat\u00e3 Online\",\"url\":\"https:\\\/\\\/ubirataonline.com.br\\\/\",\"logo\":{\"@id\":\"https:\\\/\\\/ubirataonline.com.br\\\/ano-novo-chines-2026-marca-inicio-do-ano-do-cavalo\\\/#local-main-organization-logo\"},\"image\":{\"@id\":\"https:\\\/\\\/ubirataonline.com.br\\\/ano-novo-chines-2026-marca-inicio-do-ano-do-cavalo\\\/#local-main-organization-logo\"},\"sameAs\":[\"https:\\\/\\\/www.facebook.com\\\/portalubirataonline\",\"https:\\\/\\\/x.com\\\/ubirataonline\",\"https:\\\/\\\/mastodon.social\\\/@ubirataonline\",\"https:\\\/\\\/www.facebook.com\\\/groups\\\/311144672285604\",\"https:\\\/\\\/www.facebook.com\\\/UBTAOnline\",\"https:\\\/\\\/www.instagram.com\\\/portalubirataonline\\\/\",\"https:\\\/\\\/twitter.com\\\/ubirataonline\"],\"description\":\"Somos um portal de not\u00edcias independente, criado em 5 de janeiro de 2009, com o objetivo de informar, conectar e valorizar a nossa comunidade de Ubirat\u00e3 e toda aregi\u00e3o. Com conte\u00fado atualizado, confi\u00e1vel e relevante, o Ubirat\u00e3 Online \u00e9 o seu espa\u00e7o para ficar por dentro dos principais acontecimentos locais, regionais, Brasil, Mundo e de interesse geral. Nosso compromisso \u00e9 com a verdade, a transpar\u00eancia e o respeito ao leitor.\",\"legalName\":\"UBIRATA ONLINE NOT\u00cdCIAS\",\"foundingDate\":\"2009-01-05\",\"numberOfEmployees\":{\"@type\":\"QuantitativeValue\",\"minValue\":\"1\",\"maxValue\":\"10\"},\"publishingPrinciples\":\"https:\\\/\\\/ubirataonline.com.br\\\/faq\\\/\",\"address\":{\"@id\":\"https:\\\/\\\/ubirataonline.com.br\\\/ano-novo-chines-2026-marca-inicio-do-ano-do-cavalo\\\/#local-main-place-address\"},\"geo\":{\"@type\":\"GeoCoordinates\",\"latitude\":\"-24.5361401\",\"longitude\":\"-52.9921776\"},\"telephone\":[\"+5544998308235\"],\"contactPoint\":{\"@type\":\"ContactPoint\",\"email\":\"contato@ubirataonline.com.br\"},\"openingHoursSpecification\":{\"@type\":\"OpeningHoursSpecification\",\"dayOfWeek\":[\"Monday\",\"Tuesday\",\"Wednesday\",\"Thursday\",\"Friday\",\"Saturday\",\"Sunday\"],\"opens\":\"00:00\",\"closes\":\"23:59\"},\"email\":\"contato@ubirataonline.com.br\",\"vatID\":\"47.621.418\\\/0001-80\"},{\"@type\":\"Person\",\"@id\":\"https:\\\/\\\/ubirataonline.com.br\\\/#\\\/schema\\\/person\\\/372f87bbd3fdd79b8556b84c98d0bc1c\",\"name\":\"REDA\u00c7\u00c3O: UBIRAT\u00c3 ONLINE - F\u00c1BIO AUGUSTO CELESTINO\",\"pronouns\":\"Ele\",\"description\":\"Desde 2003 trabalhando com not\u00edcias.\",\"sameAs\":[\"http:\\\/\\\/ubirataoline.com.br\",\"https:\\\/\\\/www.facebook.com\\\/portalubirataonline\",\"https:\\\/\\\/www.instagram.com\\\/ubirataonline_oficial\",\"https:\\\/\\\/x.com\\\/x.com\\\/ubirataonline\"],\"honorificPrefix\":\"Mr.\",\"honorificSuffix\":\"MD\",\"birthDate\":\"1980-06-16\",\"gender\":\"masculino\",\"award\":[\"V\u00e1rios pr\u00eamios de melhor portal da cidade\"],\"jobTitle\":\"Diretor\",\"url\":\"https:\\\/\\\/ubirataonline.com.br\\\/en\\\/author\\\/ubirataonline\\\/\"},{\"@type\":\"PostalAddress\",\"@id\":\"https:\\\/\\\/ubirataonline.com.br\\\/ano-novo-chines-2026-marca-inicio-do-ano-do-cavalo\\\/#local-main-place-address\",\"streetAddress\":\"Rua dos Coqueiros, 104 - Bairro Boa Vista, Rua dos Coqueiros, 104 Bairro Boa Vista\",\"addressLocality\":\"UBIRATA\",\"postalCode\":\"85440-000\",\"addressRegion\":\"PR\",\"addressCountry\":\"BR\"},{\"@type\":\"ImageObject\",\"inLanguage\":\"en-US\",\"@id\":\"https:\\\/\\\/ubirataonline.com.br\\\/ano-novo-chines-2026-marca-inicio-do-ano-do-cavalo\\\/#local-main-organization-logo\",\"url\":\"https:\\\/\\\/ubirataonline.com.br\\\/wp-content\\\/uploads\\\/2026\\\/06\\\/logoubirataonline-1.webp\",\"contentUrl\":\"https:\\\/\\\/ubirataonline.com.br\\\/wp-content\\\/uploads\\\/2026\\\/06\\\/logoubirataonline-1.webp\",\"width\":500,\"height\":500,\"caption\":\"Ubirat\u00e3 Online Not\u00edcias\"}]}<\/script>\n<meta name=\"geo.placename\" content=\"UBIRATA\" \/>\n<meta name=\"geo.position\" content=\"-24.5361401;-52.9921776\" \/>\n<meta name=\"geo.region\" content=\"Brazil\" \/>\n<!-- \/ Yoast SEO Premium plugin. -->","yoast_head_json":{"title":"Ano-Novo Chin\u00eas 2026 marca in\u00edcio do Ano do Cavalo - Ubirat\u00e3 Online Not\u00edcias - A realidade ao seu alcance!","description":"O Ano-Novo Chin\u00eas come\u00e7a nesta ter\u00e7a-feira, 17 de fevereiro de 2026, data que marca o in\u00edcio do ano 4724 no calend\u00e1rio tradicional chin\u00eas. Diferente do","robots":{"index":"index","follow":"follow","max-snippet":"max-snippet:-1","max-image-preview":"max-image-preview:large","max-video-preview":"max-video-preview:-1"},"canonical":"https:\/\/ubirataonline.com.br\/en\/ano-novo-chines-2026-marca-inicio-do-ano-do-cavalo\/","og_locale":"en_US","og_type":"article","og_title":"Ano-Novo Chin\u00eas 2026 marca in\u00edcio do Ano do Cavalo","og_description":"O Ano-Novo Chin\u00eas come\u00e7a nesta ter\u00e7a-feira, 17 de fevereiro de 2026, data que marca o in\u00edcio do ano 4724 no calend\u00e1rio tradicional chin\u00eas. Diferente do","og_url":"https:\/\/ubirataonline.com.br\/en\/ano-novo-chines-2026-marca-inicio-do-ano-do-cavalo\/","og_site_name":"Ubirat\u00e3 Online Not\u00edcias - A realidade ao seu alcance!","article_publisher":"https:\/\/www.facebook.com\/portalubirataonline","article_author":"https:\/\/www.facebook.com\/portalubirataonline","article_published_time":"2026-02-17T14:01:25+00:00","article_modified_time":"2026-02-17T14:01:27+00:00","og_image":[{"width":1024,"height":576,"url":"https:\/\/ubirataonline.com.br\/wp-content\/uploads\/2026\/02\/Ano-Novo-Chines-2026-marca-inicio-do-Ano-do-Cavalo.jpg","type":"image\/jpeg"}],"author":"REDA\u00c7\u00c3O: UBIRAT\u00c3 ONLINE - F\u00c1BIO AUGUSTO CELESTINO","twitter_card":"summary_large_image","twitter_creator":"@x.com\/ubirataonline","twitter_site":"@ubirataonline","twitter_misc":{"Written by":"REDA\u00c7\u00c3O: UBIRAT\u00c3 ONLINE - F\u00c1BIO AUGUSTO CELESTINO","Est. reading time":"2 minutes"},"schema":{"@context":"https:\/\/schema.org","@graph":[{"@type":"NewsArticle","@id":"https:\/\/ubirataonline.com.br\/ano-novo-chines-2026-marca-inicio-do-ano-do-cavalo\/#article","isPartOf":{"@id":"https:\/\/ubirataonline.com.br\/ano-novo-chines-2026-marca-inicio-do-ano-do-cavalo\/"},"author":{"name":"REDA\u00c7\u00c3O: UBIRAT\u00c3 ONLINE - F\u00c1BIO AUGUSTO CELESTINO","@id":"https:\/\/ubirataonline.com.br\/#\/schema\/person\/372f87bbd3fdd79b8556b84c98d0bc1c"},"headline":"Ano-Novo Chin\u00eas 2026 marca in\u00edcio do Ano do Cavalo","datePublished":"2026-02-17T14:01:25+00:00","dateModified":"2026-02-17T14:01:27+00:00","mainEntityOfPage":{"@id":"https:\/\/ubirataonline.com.br\/ano-novo-chines-2026-marca-inicio-do-ano-do-cavalo\/"},"wordCount":460,"publisher":{"@id":"https:\/\/ubirataonline.com.br\/#organization"},"image":{"@id":"https:\/\/ubirataonline.com.br\/ano-novo-chines-2026-marca-inicio-do-ano-do-cavalo\/#primaryimage"},"thumbnailUrl":"https:\/\/ubirataonline.com.br\/wp-content\/uploads\/2026\/02\/Ano-Novo-Chines-2026-marca-inicio-do-Ano-do-Cavalo.jpg","keywords":["ano","AnoNovo","Cavalo","chin\u00eas","in\u00edcio","marca"],"articleSection":["Ubirat\u00e3"],"inLanguage":"en-US","copyrightYear":"2026","copyrightHolder":{"@id":"https:\/\/ubirataonline.com.br\/en\/#organization"}},{"@type":"WebPage","@id":"https:\/\/ubirataonline.com.br\/ano-novo-chines-2026-marca-inicio-do-ano-do-cavalo\/","url":"https:\/\/ubirataonline.com.br\/ano-novo-chines-2026-marca-inicio-do-ano-do-cavalo\/","name":"Ano-Novo Chin\u00eas 2026 marca in\u00edcio do Ano do Cavalo - Ubirat\u00e3 Online Not\u00edcias - A realidade ao seu alcance!","isPartOf":{"@id":"https:\/\/ubirataonline.com.br\/#website"},"primaryImageOfPage":{"@id":"https:\/\/ubirataonline.com.br\/ano-novo-chines-2026-marca-inicio-do-ano-do-cavalo\/#primaryimage"},"image":{"@id":"https:\/\/ubirataonline.com.br\/ano-novo-chines-2026-marca-inicio-do-ano-do-cavalo\/#primaryimage"},"thumbnailUrl":"https:\/\/ubirataonline.com.br\/wp-content\/uploads\/2026\/02\/Ano-Novo-Chines-2026-marca-inicio-do-Ano-do-Cavalo.jpg","datePublished":"2026-02-17T14:01:25+00:00","dateModified":"2026-02-17T14:01:27+00:00","description":"O Ano-Novo Chin\u00eas come\u00e7a nesta ter\u00e7a-feira, 17 de fevereiro de 2026, data que marca o in\u00edcio do ano 4724 no calend\u00e1rio tradicional chin\u00eas. Diferente do","breadcrumb":{"@id":"https:\/\/ubirataonline.com.br\/ano-novo-chines-2026-marca-inicio-do-ano-do-cavalo\/#breadcrumb"},"inLanguage":"en-US","potentialAction":[{"@type":"ReadAction","target":["https:\/\/ubirataonline.com.br\/ano-novo-chines-2026-marca-inicio-do-ano-do-cavalo\/"]}]},{"@type":"ImageObject","inLanguage":"en-US","@id":"https:\/\/ubirataonline.com.br\/ano-novo-chines-2026-marca-inicio-do-ano-do-cavalo\/#primaryimage","url":"https:\/\/ubirataonline.com.br\/wp-content\/uploads\/2026\/02\/Ano-Novo-Chines-2026-marca-inicio-do-Ano-do-Cavalo.jpg","contentUrl":"https:\/\/ubirataonline.com.br\/wp-content\/uploads\/2026\/02\/Ano-Novo-Chines-2026-marca-inicio-do-Ano-do-Cavalo.jpg","width":1024,"height":576,"caption":"Fogos de artif\u00edcio durante a celebra\u00e7\u00e3o do Ano-Novo chin\u00eas"},{"@type":"BreadcrumbList","@id":"https:\/\/ubirataonline.com.br\/ano-novo-chines-2026-marca-inicio-do-ano-do-cavalo\/#breadcrumb","itemListElement":[{"@type":"ListItem","position":1,"name":"In\u00edcio","item":"https:\/\/ubirataonline.com.br\/"},{"@type":"ListItem","position":2,"name":"Ano-Novo Chin\u00eas 2026 marca in\u00edcio do Ano do Cavalo"}]},{"@type":"WebSite","@id":"https:\/\/ubirataonline.com.br\/#website","url":"https:\/\/ubirataonline.com.br\/","name":"Ubirat\u00e3 Online Not\u00edcias","description":"Not\u00edcias de Ubirat\u00e3, regi\u00e3o, Brasil e mundo, com informa\u00e7\u00e3o atualizada e compromisso com o leitor.","publisher":{"@id":"https:\/\/ubirataonline.com.br\/#organization"},"alternateName":"Ubirat\u00e3 Online","potentialAction":[{"@type":"SearchAction","target":{"@type":"EntryPoint","urlTemplate":"https:\/\/ubirataonline.com.br\/?s={search_term_string}"},"query-input":{"@type":"PropertyValueSpecification","valueRequired":true,"valueName":"search_term_string"}}],"inLanguage":"en-US"},{"@type":["Organization","Place"],"@id":"https:\/\/ubirataonline.com.br\/#organization","name":"Ubirat\u00e3 Online Not\u00edcias","alternateName":"Ubirat\u00e3 Online","url":"https:\/\/ubirataonline.com.br\/","logo":{"@id":"https:\/\/ubirataonline.com.br\/ano-novo-chines-2026-marca-inicio-do-ano-do-cavalo\/#local-main-organization-logo"},"image":{"@id":"https:\/\/ubirataonline.com.br\/ano-novo-chines-2026-marca-inicio-do-ano-do-cavalo\/#local-main-organization-logo"},"sameAs":["https:\/\/www.facebook.com\/portalubirataonline","https:\/\/x.com\/ubirataonline","https:\/\/mastodon.social\/@ubirataonline","https:\/\/www.facebook.com\/groups\/311144672285604","https:\/\/www.facebook.com\/UBTAOnline","https:\/\/www.instagram.com\/portalubirataonline\/","https:\/\/twitter.com\/ubirataonline"],"description":"Somos um portal de not\u00edcias independente, criado em 5 de janeiro de 2009, com o objetivo de informar, conectar e valorizar a nossa comunidade de Ubirat\u00e3 e toda aregi\u00e3o. Com conte\u00fado atualizado, confi\u00e1vel e relevante, o Ubirat\u00e3 Online \u00e9 o seu espa\u00e7o para ficar por dentro dos principais acontecimentos locais, regionais, Brasil, Mundo e de interesse geral. Nosso compromisso \u00e9 com a verdade, a transpar\u00eancia e o respeito ao leitor.","legalName":"UBIRATA ONLINE NOT\u00cdCIAS","foundingDate":"2009-01-05","numberOfEmployees":{"@type":"QuantitativeValue","minValue":"1","maxValue":"10"},"publishingPrinciples":"https:\/\/ubirataonline.com.br\/faq\/","address":{"@id":"https:\/\/ubirataonline.com.br\/ano-novo-chines-2026-marca-inicio-do-ano-do-cavalo\/#local-main-place-address"},"geo":{"@type":"GeoCoordinates","latitude":"-24.5361401","longitude":"-52.9921776"},"telephone":["+5544998308235"],"contactPoint":{"@type":"ContactPoint","email":"contato@ubirataonline.com.br"},"openingHoursSpecification":{"@type":"OpeningHoursSpecification","dayOfWeek":["Monday","Tuesday","Wednesday","Thursday","Friday","Saturday","Sunday"],"opens":"00:00","closes":"23:59"},"email":"contato@ubirataonline.com.br","vatID":"47.621.418\/0001-80"},{"@type":"Person","@id":"https:\/\/ubirataonline.com.br\/#\/schema\/person\/372f87bbd3fdd79b8556b84c98d0bc1c","name":"REDA\u00c7\u00c3O: UBIRAT\u00c3 ONLINE - F\u00c1BIO AUGUSTO CELESTINO","pronouns":"Ele","description":"Desde 2003 trabalhando com not\u00edcias.","sameAs":["http:\/\/ubirataoline.com.br","https:\/\/www.facebook.com\/portalubirataonline","https:\/\/www.instagram.com\/ubirataonline_oficial","https:\/\/x.com\/x.com\/ubirataonline"],"honorificPrefix":"Mr.","honorificSuffix":"MD","birthDate":"1980-06-16","gender":"masculino","award":["V\u00e1rios pr\u00eamios de melhor portal da cidade"],"jobTitle":"Diretor","url":"https:\/\/ubirataonline.com.br\/en\/author\/ubirataonline\/"},{"@type":"PostalAddress","@id":"https:\/\/ubirataonline.com.br\/ano-novo-chines-2026-marca-inicio-do-ano-do-cavalo\/#local-main-place-address","streetAddress":"Rua dos Coqueiros, 104 - Bairro Boa Vista, Rua dos Coqueiros, 104 Bairro Boa Vista","addressLocality":"UBIRATA","postalCode":"85440-000","addressRegion":"PR","addressCountry":"BR"},{"@type":"ImageObject","inLanguage":"en-US","@id":"https:\/\/ubirataonline.com.br\/ano-novo-chines-2026-marca-inicio-do-ano-do-cavalo\/#local-main-organization-logo","url":"https:\/\/ubirataonline.com.br\/wp-content\/uploads\/2026\/06\/logoubirataonline-1.webp","contentUrl":"https:\/\/ubirataonline.com.br\/wp-content\/uploads\/2026\/06\/logoubirataonline-1.webp","width":500,"height":500,"caption":"Ubirat\u00e3 Online Not\u00edcias"}]},"geo.placename":"UBIRATA","geo.position":{"lat":"-24.5361401","long":"-52.9921776"},"geo.region":"Brazil"},"_links":{"self":[{"href":"https:\/\/ubirataonline.com.br\/en\/wp-json\/wp\/v2\/posts\/87882","targetHints":{"allow":["GET"]}}],"collection":[{"href":"https:\/\/ubirataonline.com.br\/en\/wp-json\/wp\/v2\/posts"}],"about":[{"href":"https:\/\/ubirataonline.com.br\/en\/wp-json\/wp\/v2\/types\/post"}],"author":[{"embeddable":true,"href":"https:\/\/ubirataonline.com.br\/en\/wp-json\/wp\/v2\/users\/1"}],"replies":[{"embeddable":true,"href":"https:\/\/ubirataonline.com.br\/en\/wp-json\/wp\/v2\/comments?post=87882"}],"version-history":[{"count":0,"href":"https:\/\/ubirataonline.com.br\/en\/wp-json\/wp\/v2\/posts\/87882\/revisions"}],"wp:featuredmedia":[{"embeddable":true,"href":"https:\/\/ubirataonline.com.br\/en\/wp-json\/wp\/v2\/media\/87883"}],"wp:attachment":[{"href":"https:\/\/ubirataonline.com.br\/en\/wp-json\/wp\/v2\/media?parent=87882"}],"wp:term":[{"taxonomy":"category","embeddable":true,"href":"https:\/\/ubirataonline.com.br\/en\/wp-json\/wp\/v2\/categories?post=87882"},{"taxonomy":"post_tag","embeddable":true,"href":"https:\/\/ubirataonline.com.br\/en\/wp-json\/wp\/v2\/tags?post=87882"}],"curies":[{"name":"wp","href":"https:\/\/api.w.org\/{rel}","templated":true}]}}