{"id":87885,"date":"2026-02-17T11:03:27","date_gmt":"2026-02-17T14:03:27","guid":{"rendered":"https:\/\/ubirataonline.com.br\/shinedown-to-kick-off-dance-kid-dance-act-ii-tour-at-resch-center\/"},"modified":"2026-02-17T11:03:27","modified_gmt":"2026-02-17T14:03:27","slug":"shinedown-to-kick-off-dance-kid-dance-act-ii-tour-at-resch-center","status":"publish","type":"post","link":"https:\/\/ubirataonline.com.br\/en\/shinedown-to-kick-off-dance-kid-dance-act-ii-tour-at-resch-center\/","title":{"rendered":"Shinedown to kick off Dance, Kid, Dance Act II Tour at Resch Center"},"content":{"rendered":"<p><\/p>\n<div id=\"\"><media-gallery-promo asset-id=\"3119361002\" style=\"min-height: 240px;\" class=\"column twelve-column no-gutter spacer-large\"\/><\/p>\n<p>Four years after its last Green Bay visit,\u00a0<a href=\"https:\/\/www.shinedown.com\/searchlight\">Shinedown<\/a>\u00a0is headed back to the\u00a0Resch\u00a0Center to kick off its new tour.<\/p>\n<partner-banner util-module-path=\"elements\/partner\" class=\"spacer-large\" min-height=\"600\" fluid=\"\" outstream=\"\" momentum=\"\"\/>\n<p>The rock band whose long list of hits includes &#8220;Second Chance,&#8221; &#8220;45,&#8221; &#8220;Enemies&#8221; and &#8220;Simple Man&#8221; will hit the stage at 7 p.m. May 13 for a date with Coheed and Cambria and Black Stone Cherry.<\/p>\n<p>It&#8217;s the first night on the Dance, Kid, Dance Act II Tour in support of the band&#8217;s forthcoming album, &#8220;EI8HT,&#8221; due out May 29.<\/p>\n<p>Tickets start at $61 and go on sale at 10 a.m. Feb. 20 through TicketStar at <a href=\"https:\/\/www.ticketstaronline.com\/\">ticketstaronline.com<\/a>, 800-895-0071 and the Resch Center box office.<\/p>\n<partner-banner util-module-path=\"elements\/partner\" fluid=\"\" bottom=\"\" lazy=\"\" class=\"spacer-large\" min-height=\"390\" outstream=\"\"\/>\n<p>The world tour also includes a May 16 stop at Kohl Center in Madison.<\/p>\n<p><media-image image-set=\"https:\/\/www.gannett-cdn.com\/authoring\/authoring-images\/2026\/02\/08\/USAT\/88579816007-2252295129.jpg bestCrop, https:\/\/www.gannett-cdn.com\/authoring\/authoring-images\/2026\/02\/08\/USAT\/88579816007-2252295129.jpg?crop=4757,3567,x0,y0 4:3, https:\/\/www.gannett-cdn.com\/authoring\/authoring-images\/2026\/02\/08\/USAT\/88579816007-2252295129.jpg?crop=2676,3567,x1070,y0 3:4, https:\/\/www.gannett-cdn.com\/authoring\/authoring-images\/2026\/02\/08\/USAT\/88579816007-2252295129.jpg?crop=5351,3011,x0,y356 16:9\" image-alt=\"\" credit=\"Michael Loccisano, Getty Images for iHeartRadio\" caption=\"Singer Brent Smith will lead Shinedown through a night of rock at the Resch Center on May 13.\" orientation=\"horizontal\" class=\"spacer-large\" util-module-path=\"elements\/media\"\/><\/p>\n<p>Shinedown&#8217;s last appearance at the\u00a0Ashwaubenon\u00a0arena was in April 2022 for the Revolutions Live Tour. The band was also <a href=\"https:\/\/www.greenbaypressgazette.com\/story\/entertainment\/music\/2019\/03\/10\/shinedown-brown-co-arena-brent-smith-proves-venue-still-has-some-rock\/3090951002\/\">one of the last acts to play Brown County Veterans Memorial Arena<\/a> in March 2019, a sold-out stop on the Attention Attention Tour,\u00a0before demolition on the building began two months later to make way for\u00a0Resch\u00a0Expo.<\/p>\n<partner-inline util-module-path=\"elements\/partner\" class=\"spacer-large\" placement=\"native-article_link\" sizes=\"[[300, 250], [3, 3]]\" min-height=\"250\" fluid=\"\" outstream=\"\"\/>\n<p>Smith &amp; Myers, the duo of the band&#8217;s lead singer Brent Smith and guitarist Zach Myers, was among the first round of <a href=\"https:\/\/www.greenbaypressgazette.com\/story\/entertainment\/music\/2021\/03\/03\/shinedowns-brent-smith-and-zach-myers-announce-spring-tour-stop-green-bay\/6905589002\/\">acts to play EPIC Event Center <\/a>when it opened in 2021.<\/p>\n<p><cta-atoms-container-inline util-module-path=\"elements\/cta\" class=\"spacer-large\"\/><\/p>\n<p class=\"related-link\"><span class=\"exclude-from-newsgate\"><strong style=\"margin-right:3px\">More music: <\/strong><a href=\"https:\/\/www.greenbaypressgazette.com\/story\/entertainment\/music\/2026\/02\/16\/8-newly-announced-green-bay-area-concerts-to-get-on-your-radar\/88589304007\/\" rel=\"noreferrer\" target=\"_blank\">8 newly announced concerts to get on your radar for spring, summer<\/a><\/span><\/p>\n<p>In the last week, <a href=\"https:\/\/www.instagram.com\/shinedown\/?hl=en\">Shinedown&#8217;s Instagram account <\/a>was mostly wiped clean and mysterious teases were posted, fueling anticipation a big announcement was on the way. The Resch Center is among the venues that <a href=\"https:\/\/www.facebook.com\/reschcomplex\/\">shared a graphic on social media <\/a>on Feb. 15 hinting at a possible tour stop.<\/p>\n<partner-inline util-module-path=\"elements\/partner\" placement=\"native-article_link\" sizes=\"[[300, 250], [3, 3]]\" min-height=\"250\" fluid=\"\" outstream=\"\"\/>\n<p>It\u2019s the second rock show announced for the\u00a0Resch\u00a0Center so far this year.<a href=\"https:\/\/www.greenbaypressgazette.com\/story\/entertainment\/music\/2025\/11\/06\/journeys-final-frontier-tour-will-make-a-stop-at-the-resch-center\/87123578007\/\"> Journey\u2019s Final Frontier Tour <\/a>will make a stop on June 21.\u00a0Those tickets are down to Platinum Seats, single seats and two sections made available on the sides of the stage, according to the TicketStar website.<\/p>\n<partner-banner util-module-path=\"elements\/partner\" fluid=\"\" bottom=\"\" lazy=\"\" class=\"spacer-large\" min-height=\"600\" outstream=\"\" momentum=\"\"\/>\n<p class=\"related-link\"><span class=\"exclude-from-newsgate\"><strong style=\"margin-right:3px\">More music: <\/strong><a href=\"https:\/\/www.greenbaypressgazette.com\/story\/entertainment\/music\/2026\/02\/10\/from-elvis-to-paul-mccartney-readers-share-most-memorable-concerts\/88475900007\/\" rel=\"noreferrer\" target=\"_blank\">Elvis, Paul, &#8216;Hysteria,&#8217; nudity: Readers share most memorable concerts<\/a><\/span><\/p>\n<p><em>Kendra Meinert\u00a0is an entertainment and feature writer at the Green Bay Press-Gazette. Contact her at 920-431-8347 or <a href=\"mailto:kmeinert@greenbay.gannett.com\">kmeinert@greenbay.gannett.com<\/a>. Follow her on <\/em><em>X <\/em><em><a href=\"https:\/\/nam11.safelinks.protection.outlook.com\/?url=https%3A%2F%2Ftwitter.com%2FKendraMeinert%3Fref_src%3Dtwsrc%255Egoogle%257Ctwcamp%255Eserp%257Ctwgr%255Eauthor&amp;data=05%7C02%7Ckmeinert%40greenbay.gannett.com%7Ce132c4e94a2544a6420a08ddeef0ab92%7Cbc924c8d3e164e88bf26d7fcfb14f2d5%7C0%7C0%7C638929439616441048%7CUnknown%7CTWFpbGZsb3d8eyJFbXB0eU1hcGkiOnRydWUsIlYiOiIwLjAuMDAwMCIsIlAiOiJXaW4zMiIsIkFOIjoiTWFpbCIsIldUIjoyfQ%3D%3D%7C0%7C%7C%7C&amp;sdata=d2FRD6ZzgjSCGIt%2Fq%2Fe1rsbViu7c7h0q4g%2FisvTeOe4%3D&amp;reserved=0\">@KendraMeinert<\/a>.\u00a0<\/em><\/p>\n<lit-timestamp class=\"column ten-column no-gutter spacer-small\" slot=\"timestamp\" publishdate=\"2026-02-17 13:35:00.02353517 +0000 UTC\" updatedate=\"2026-02-17 13:35:00.02353517 +0000 UTC\"\/><\/div>\n<p><script async src=\"\/\/platform.twitter.com\/widgets.js\" charset=\"utf-8\"><\/script><script async src=\"\/\/www.instagram.com\/embed.js\"><\/script><\/p>\n<p><a href=\"https:\/\/www.greenbaypressgazette.com\/story\/entertainment\/music\/2026\/02\/17\/shinedown-to-kick-off-dance-kid-dance-act-ii-tour-at-resch-center\/88700629007\/\">Source link <\/a><br \/>\nSee more https:\/\/theglobaltrack.com\/<\/p>\n","protected":false},"excerpt":{"rendered":"<p>Four years after its last Green Bay visit,\u00a0Shinedown\u00a0is headed back to the\u00a0Resch\u00a0Center to kick off its new tour. The rock band whose long list of hits includes &#8220;Second Chance,&#8221; &#8220;45,&#8221; &#8220;Enemies&#8221; and &#8220;Simple Man&#8221; will hit the stage at 7 p.m. May 13 for a date with Coheed and Cambria and Black Stone Cherry. It&#8217;s [&hellip;]<\/p>\n","protected":false},"author":1,"featured_media":87886,"comment_status":"","ping_status":"","sticky":false,"template":"","format":"standard","meta":{"googlesitekit_rrm_CAow2JLhCw:productID":"","_gspb_post_css":"","maa_idioma":"","maa_pais":"","footnotes":""},"categories":[1],"tags":[14803,4922,10857,10302,9580,19244,19243,3367],"class_list":["post-87885","post","type-post","status-publish","format-standard","has-post-thumbnail","hentry","category-ubirata","tag-act","tag-center","tag-dance","tag-kick","tag-kid","tag-resch","tag-shinedown","tag-tour"],"blocksy_meta":[],"yoast_head":"<!-- This site is optimized with the Yoast SEO Premium plugin v27.6 (Yoast SEO v27.6) - https:\/\/yoast.com\/product\/yoast-seo-premium-wordpress\/ -->\n<title>Shinedown to kick off Dance, Kid, Dance Act II Tour at Resch Center - Ubirat\u00e3 Online Not\u00edcias - A realidade ao seu alcance!<\/title>\n<meta name=\"description\" content=\"Four years after its last Green Bay visit,\u00a0Shinedown\u00a0is headed back to the\u00a0Resch\u00a0Center to kick off its new tour.The rock band whose long list of hits\" \/>\n<meta name=\"robots\" content=\"index, follow, max-snippet:-1, max-image-preview:large, max-video-preview:-1\" \/>\n<link rel=\"canonical\" href=\"https:\/\/ubirataonline.com.br\/en\/shinedown-to-kick-off-dance-kid-dance-act-ii-tour-at-resch-center\/\" \/>\n<meta property=\"og:locale\" content=\"en_US\" \/>\n<meta property=\"og:type\" content=\"article\" \/>\n<meta property=\"og:title\" content=\"Shinedown to kick off Dance, Kid, Dance Act II Tour at Resch Center\" \/>\n<meta property=\"og:description\" content=\"Four years after its last Green Bay visit,\u00a0Shinedown\u00a0is headed back to the\u00a0Resch\u00a0Center to kick off its new tour.The rock band whose long list of hits\" \/>\n<meta property=\"og:url\" content=\"https:\/\/ubirataonline.com.br\/en\/shinedown-to-kick-off-dance-kid-dance-act-ii-tour-at-resch-center\/\" \/>\n<meta property=\"og:site_name\" content=\"Ubirat\u00e3 Online Not\u00edcias - A realidade ao seu alcance!\" \/>\n<meta property=\"article:publisher\" content=\"https:\/\/www.facebook.com\/portalubirataonline\" \/>\n<meta property=\"article:author\" content=\"https:\/\/www.facebook.com\/portalubirataonline\" \/>\n<meta property=\"article:published_time\" content=\"2026-02-17T14:03:27+00:00\" \/>\n<meta property=\"og:image\" content=\"https:\/\/ubirataonline.com.br\/wp-content\/uploads\/2026\/05\/logo2026.webp\" \/>\n\t<meta property=\"og:image:width\" content=\"1531\" \/>\n\t<meta property=\"og:image:height\" content=\"418\" \/>\n\t<meta property=\"og:image:type\" content=\"image\/webp\" \/>\n<meta name=\"author\" content=\"REDA\u00c7\u00c3O: UBIRAT\u00c3 ONLINE - F\u00c1BIO AUGUSTO CELESTINO\" \/>\n<meta name=\"twitter:card\" content=\"summary_large_image\" \/>\n<meta name=\"twitter:creator\" content=\"@x.com\/ubirataonline\" \/>\n<meta name=\"twitter:site\" content=\"@ubirataonline\" \/>\n<meta name=\"twitter:label1\" content=\"Written by\" \/>\n\t<meta name=\"twitter:data1\" content=\"REDA\u00c7\u00c3O: UBIRAT\u00c3 ONLINE - F\u00c1BIO AUGUSTO CELESTINO\" \/>\n\t<meta name=\"twitter:label2\" content=\"Est. reading time\" \/>\n\t<meta name=\"twitter:data2\" content=\"2 minutes\" \/>\n<script type=\"application\/ld+json\" class=\"yoast-schema-graph\">{\"@context\":\"https:\\\/\\\/schema.org\",\"@graph\":[{\"@type\":\"NewsArticle\",\"@id\":\"https:\\\/\\\/ubirataonline.com.br\\\/shinedown-to-kick-off-dance-kid-dance-act-ii-tour-at-resch-center\\\/#article\",\"isPartOf\":{\"@id\":\"https:\\\/\\\/ubirataonline.com.br\\\/shinedown-to-kick-off-dance-kid-dance-act-ii-tour-at-resch-center\\\/\"},\"author\":{\"name\":\"REDA\u00c7\u00c3O: UBIRAT\u00c3 ONLINE - F\u00c1BIO AUGUSTO CELESTINO\",\"@id\":\"https:\\\/\\\/ubirataonline.com.br\\\/#\\\/schema\\\/person\\\/372f87bbd3fdd79b8556b84c98d0bc1c\"},\"headline\":\"Shinedown to kick off Dance, Kid, Dance Act II Tour at Resch Center\",\"datePublished\":\"2026-02-17T14:03:27+00:00\",\"mainEntityOfPage\":{\"@id\":\"https:\\\/\\\/ubirataonline.com.br\\\/shinedown-to-kick-off-dance-kid-dance-act-ii-tour-at-resch-center\\\/\"},\"wordCount\":380,\"publisher\":{\"@id\":\"https:\\\/\\\/ubirataonline.com.br\\\/#organization\"},\"image\":{\"@id\":\"https:\\\/\\\/ubirataonline.com.br\\\/shinedown-to-kick-off-dance-kid-dance-act-ii-tour-at-resch-center\\\/#primaryimage\"},\"thumbnailUrl\":\"https:\\\/\\\/ubirataonline.com.br\\\/wp-content\\\/uploads\\\/2026\\\/02\\\/Shinedown-to-kick-off-Dance-Kid-Dance-Act-II-Tour.jpg\",\"keywords\":[\"act\",\"Center\",\"dance\",\"Kick\",\"Kid\",\"Resch\",\"Shinedown\",\"Tour\"],\"articleSection\":[\"Ubirat\u00e3\"],\"inLanguage\":\"en-US\",\"copyrightYear\":\"2026\",\"copyrightHolder\":{\"@id\":\"https:\\\/\\\/ubirataonline.com.br\\\/en\\\/#organization\"}},{\"@type\":\"WebPage\",\"@id\":\"https:\\\/\\\/ubirataonline.com.br\\\/shinedown-to-kick-off-dance-kid-dance-act-ii-tour-at-resch-center\\\/\",\"url\":\"https:\\\/\\\/ubirataonline.com.br\\\/shinedown-to-kick-off-dance-kid-dance-act-ii-tour-at-resch-center\\\/\",\"name\":\"Shinedown to kick off Dance, Kid, Dance Act II Tour at Resch Center - Ubirat\u00e3 Online Not\u00edcias - A realidade ao seu alcance!\",\"isPartOf\":{\"@id\":\"https:\\\/\\\/ubirataonline.com.br\\\/#website\"},\"primaryImageOfPage\":{\"@id\":\"https:\\\/\\\/ubirataonline.com.br\\\/shinedown-to-kick-off-dance-kid-dance-act-ii-tour-at-resch-center\\\/#primaryimage\"},\"image\":{\"@id\":\"https:\\\/\\\/ubirataonline.com.br\\\/shinedown-to-kick-off-dance-kid-dance-act-ii-tour-at-resch-center\\\/#primaryimage\"},\"thumbnailUrl\":\"https:\\\/\\\/ubirataonline.com.br\\\/wp-content\\\/uploads\\\/2026\\\/02\\\/Shinedown-to-kick-off-Dance-Kid-Dance-Act-II-Tour.jpg\",\"datePublished\":\"2026-02-17T14:03:27+00:00\",\"description\":\"Four years after its last Green Bay visit,\u00a0Shinedown\u00a0is headed back to the\u00a0Resch\u00a0Center to kick off its new tour.The rock band whose long list of hits\",\"breadcrumb\":{\"@id\":\"https:\\\/\\\/ubirataonline.com.br\\\/shinedown-to-kick-off-dance-kid-dance-act-ii-tour-at-resch-center\\\/#breadcrumb\"},\"inLanguage\":\"en-US\",\"potentialAction\":[{\"@type\":\"ReadAction\",\"target\":[\"https:\\\/\\\/ubirataonline.com.br\\\/shinedown-to-kick-off-dance-kid-dance-act-ii-tour-at-resch-center\\\/\"]}]},{\"@type\":\"ImageObject\",\"inLanguage\":\"en-US\",\"@id\":\"https:\\\/\\\/ubirataonline.com.br\\\/shinedown-to-kick-off-dance-kid-dance-act-ii-tour-at-resch-center\\\/#primaryimage\",\"url\":\"https:\\\/\\\/ubirataonline.com.br\\\/wp-content\\\/uploads\\\/2026\\\/02\\\/Shinedown-to-kick-off-Dance-Kid-Dance-Act-II-Tour.jpg\",\"contentUrl\":\"https:\\\/\\\/ubirataonline.com.br\\\/wp-content\\\/uploads\\\/2026\\\/02\\\/Shinedown-to-kick-off-Dance-Kid-Dance-Act-II-Tour.jpg\",\"width\":1200,\"height\":675,\"caption\":\"Shinedown to kick off Dance, Kid, Dance Act II Tour at Resch Center\"},{\"@type\":\"BreadcrumbList\",\"@id\":\"https:\\\/\\\/ubirataonline.com.br\\\/shinedown-to-kick-off-dance-kid-dance-act-ii-tour-at-resch-center\\\/#breadcrumb\",\"itemListElement\":[{\"@type\":\"ListItem\",\"position\":1,\"name\":\"In\u00edcio\",\"item\":\"https:\\\/\\\/ubirataonline.com.br\\\/\"},{\"@type\":\"ListItem\",\"position\":2,\"name\":\"Shinedown to kick off Dance, Kid, Dance Act II Tour at Resch Center\"}]},{\"@type\":\"WebSite\",\"@id\":\"https:\\\/\\\/ubirataonline.com.br\\\/#website\",\"url\":\"https:\\\/\\\/ubirataonline.com.br\\\/\",\"name\":\"Ubirat\u00e3 Online Not\u00edcias\",\"description\":\"Not\u00edcias de Ubirat\u00e3, regi\u00e3o, Brasil e mundo, com informa\u00e7\u00e3o atualizada e compromisso com o leitor.\",\"publisher\":{\"@id\":\"https:\\\/\\\/ubirataonline.com.br\\\/#organization\"},\"alternateName\":\"Ubirat\u00e3 Online\",\"potentialAction\":[{\"@type\":\"SearchAction\",\"target\":{\"@type\":\"EntryPoint\",\"urlTemplate\":\"https:\\\/\\\/ubirataonline.com.br\\\/?s={search_term_string}\"},\"query-input\":{\"@type\":\"PropertyValueSpecification\",\"valueRequired\":true,\"valueName\":\"search_term_string\"}}],\"inLanguage\":\"en-US\"},{\"@type\":[\"Organization\",\"Place\"],\"@id\":\"https:\\\/\\\/ubirataonline.com.br\\\/#organization\",\"name\":\"Ubirat\u00e3 Online Not\u00edcias\",\"alternateName\":\"Ubirat\u00e3 Online\",\"url\":\"https:\\\/\\\/ubirataonline.com.br\\\/\",\"logo\":{\"@id\":\"https:\\\/\\\/ubirataonline.com.br\\\/shinedown-to-kick-off-dance-kid-dance-act-ii-tour-at-resch-center\\\/#local-main-organization-logo\"},\"image\":{\"@id\":\"https:\\\/\\\/ubirataonline.com.br\\\/shinedown-to-kick-off-dance-kid-dance-act-ii-tour-at-resch-center\\\/#local-main-organization-logo\"},\"sameAs\":[\"https:\\\/\\\/www.facebook.com\\\/portalubirataonline\",\"https:\\\/\\\/x.com\\\/ubirataonline\",\"https:\\\/\\\/mastodon.social\\\/@ubirataonline\",\"https:\\\/\\\/www.facebook.com\\\/groups\\\/311144672285604\",\"https:\\\/\\\/www.facebook.com\\\/UBTAOnline\",\"https:\\\/\\\/www.instagram.com\\\/portalubirataonline\\\/\",\"https:\\\/\\\/twitter.com\\\/ubirataonline\"],\"description\":\"Somos um portal de not\u00edcias independente, criado em 5 de janeiro de 2009, com o objetivo de informar, conectar e valorizar a nossa comunidade de Ubirat\u00e3 e toda aregi\u00e3o. Com conte\u00fado atualizado, confi\u00e1vel e relevante, o Ubirat\u00e3 Online \u00e9 o seu espa\u00e7o para ficar por dentro dos principais acontecimentos locais, regionais, Brasil, Mundo e de interesse geral. Nosso compromisso \u00e9 com a verdade, a transpar\u00eancia e o respeito ao leitor.\",\"legalName\":\"UBIRATA ONLINE NOT\u00cdCIAS\",\"foundingDate\":\"2009-01-05\",\"numberOfEmployees\":{\"@type\":\"QuantitativeValue\",\"minValue\":\"1\",\"maxValue\":\"10\"},\"publishingPrinciples\":\"https:\\\/\\\/ubirataonline.com.br\\\/faq\\\/\",\"address\":{\"@id\":\"https:\\\/\\\/ubirataonline.com.br\\\/shinedown-to-kick-off-dance-kid-dance-act-ii-tour-at-resch-center\\\/#local-main-place-address\"},\"geo\":{\"@type\":\"GeoCoordinates\",\"latitude\":\"-24.5361401\",\"longitude\":\"-52.9921776\"},\"telephone\":[\"+5544998308235\"],\"contactPoint\":{\"@type\":\"ContactPoint\",\"email\":\"contato@ubirataonline.com.br\"},\"openingHoursSpecification\":{\"@type\":\"OpeningHoursSpecification\",\"dayOfWeek\":[\"Monday\",\"Tuesday\",\"Wednesday\",\"Thursday\",\"Friday\",\"Saturday\",\"Sunday\"],\"opens\":\"00:00\",\"closes\":\"23:59\"},\"email\":\"contato@ubirataonline.com.br\",\"vatID\":\"47.621.418\\\/0001-80\"},{\"@type\":\"Person\",\"@id\":\"https:\\\/\\\/ubirataonline.com.br\\\/#\\\/schema\\\/person\\\/372f87bbd3fdd79b8556b84c98d0bc1c\",\"name\":\"REDA\u00c7\u00c3O: UBIRAT\u00c3 ONLINE - F\u00c1BIO AUGUSTO CELESTINO\",\"pronouns\":\"Ele\",\"description\":\"Desde 2003 trabalhando com not\u00edcias.\",\"sameAs\":[\"http:\\\/\\\/ubirataoline.com.br\",\"https:\\\/\\\/www.facebook.com\\\/portalubirataonline\",\"https:\\\/\\\/www.instagram.com\\\/ubirataonline_oficial\",\"https:\\\/\\\/x.com\\\/x.com\\\/ubirataonline\"],\"honorificPrefix\":\"Mr.\",\"honorificSuffix\":\"MD\",\"birthDate\":\"1980-06-16\",\"gender\":\"masculino\",\"award\":[\"V\u00e1rios pr\u00eamios de melhor portal da cidade\"],\"jobTitle\":\"Diretor\",\"url\":\"https:\\\/\\\/ubirataonline.com.br\\\/en\\\/author\\\/ubirataonline\\\/\"},{\"@type\":\"PostalAddress\",\"@id\":\"https:\\\/\\\/ubirataonline.com.br\\\/shinedown-to-kick-off-dance-kid-dance-act-ii-tour-at-resch-center\\\/#local-main-place-address\",\"streetAddress\":\"Rua dos Coqueiros, 104 - Bairro Boa Vista, Rua dos Coqueiros, 104 Bairro Boa Vista\",\"addressLocality\":\"UBIRATA\",\"postalCode\":\"85440-000\",\"addressRegion\":\"PR\",\"addressCountry\":\"BR\"},{\"@type\":\"ImageObject\",\"inLanguage\":\"en-US\",\"@id\":\"https:\\\/\\\/ubirataonline.com.br\\\/shinedown-to-kick-off-dance-kid-dance-act-ii-tour-at-resch-center\\\/#local-main-organization-logo\",\"url\":\"https:\\\/\\\/ubirataonline.com.br\\\/wp-content\\\/uploads\\\/2026\\\/06\\\/logoubirataonline-1.webp\",\"contentUrl\":\"https:\\\/\\\/ubirataonline.com.br\\\/wp-content\\\/uploads\\\/2026\\\/06\\\/logoubirataonline-1.webp\",\"width\":500,\"height\":500,\"caption\":\"Ubirat\u00e3 Online Not\u00edcias\"}]}<\/script>\n<meta name=\"geo.placename\" content=\"UBIRATA\" \/>\n<meta name=\"geo.position\" content=\"-24.5361401;-52.9921776\" \/>\n<meta name=\"geo.region\" content=\"Brazil\" \/>\n<!-- \/ Yoast SEO Premium plugin. -->","yoast_head_json":{"title":"Shinedown to kick off Dance, Kid, Dance Act II Tour at Resch Center - Ubirat\u00e3 Online Not\u00edcias - A realidade ao seu alcance!","description":"Four years after its last Green Bay visit,\u00a0Shinedown\u00a0is headed back to the\u00a0Resch\u00a0Center to kick off its new tour.The rock band whose long list of hits","robots":{"index":"index","follow":"follow","max-snippet":"max-snippet:-1","max-image-preview":"max-image-preview:large","max-video-preview":"max-video-preview:-1"},"canonical":"https:\/\/ubirataonline.com.br\/en\/shinedown-to-kick-off-dance-kid-dance-act-ii-tour-at-resch-center\/","og_locale":"en_US","og_type":"article","og_title":"Shinedown to kick off Dance, Kid, Dance Act II Tour at Resch Center","og_description":"Four years after its last Green Bay visit,\u00a0Shinedown\u00a0is headed back to the\u00a0Resch\u00a0Center to kick off its new tour.The rock band whose long list of hits","og_url":"https:\/\/ubirataonline.com.br\/en\/shinedown-to-kick-off-dance-kid-dance-act-ii-tour-at-resch-center\/","og_site_name":"Ubirat\u00e3 Online Not\u00edcias - A realidade ao seu alcance!","article_publisher":"https:\/\/www.facebook.com\/portalubirataonline","article_author":"https:\/\/www.facebook.com\/portalubirataonline","article_published_time":"2026-02-17T14:03:27+00:00","og_image":[{"width":1531,"height":418,"url":"https:\/\/ubirataonline.com.br\/wp-content\/uploads\/2026\/05\/logo2026.webp","type":"image\/webp"}],"author":"REDA\u00c7\u00c3O: UBIRAT\u00c3 ONLINE - F\u00c1BIO AUGUSTO CELESTINO","twitter_card":"summary_large_image","twitter_creator":"@x.com\/ubirataonline","twitter_site":"@ubirataonline","twitter_misc":{"Written by":"REDA\u00c7\u00c3O: UBIRAT\u00c3 ONLINE - F\u00c1BIO AUGUSTO CELESTINO","Est. reading time":"2 minutes"},"schema":{"@context":"https:\/\/schema.org","@graph":[{"@type":"NewsArticle","@id":"https:\/\/ubirataonline.com.br\/shinedown-to-kick-off-dance-kid-dance-act-ii-tour-at-resch-center\/#article","isPartOf":{"@id":"https:\/\/ubirataonline.com.br\/shinedown-to-kick-off-dance-kid-dance-act-ii-tour-at-resch-center\/"},"author":{"name":"REDA\u00c7\u00c3O: UBIRAT\u00c3 ONLINE - F\u00c1BIO AUGUSTO CELESTINO","@id":"https:\/\/ubirataonline.com.br\/#\/schema\/person\/372f87bbd3fdd79b8556b84c98d0bc1c"},"headline":"Shinedown to kick off Dance, Kid, Dance Act II Tour at Resch Center","datePublished":"2026-02-17T14:03:27+00:00","mainEntityOfPage":{"@id":"https:\/\/ubirataonline.com.br\/shinedown-to-kick-off-dance-kid-dance-act-ii-tour-at-resch-center\/"},"wordCount":380,"publisher":{"@id":"https:\/\/ubirataonline.com.br\/#organization"},"image":{"@id":"https:\/\/ubirataonline.com.br\/shinedown-to-kick-off-dance-kid-dance-act-ii-tour-at-resch-center\/#primaryimage"},"thumbnailUrl":"https:\/\/ubirataonline.com.br\/wp-content\/uploads\/2026\/02\/Shinedown-to-kick-off-Dance-Kid-Dance-Act-II-Tour.jpg","keywords":["act","Center","dance","Kick","Kid","Resch","Shinedown","Tour"],"articleSection":["Ubirat\u00e3"],"inLanguage":"en-US","copyrightYear":"2026","copyrightHolder":{"@id":"https:\/\/ubirataonline.com.br\/en\/#organization"}},{"@type":"WebPage","@id":"https:\/\/ubirataonline.com.br\/shinedown-to-kick-off-dance-kid-dance-act-ii-tour-at-resch-center\/","url":"https:\/\/ubirataonline.com.br\/shinedown-to-kick-off-dance-kid-dance-act-ii-tour-at-resch-center\/","name":"Shinedown to kick off Dance, Kid, Dance Act II Tour at Resch Center - Ubirat\u00e3 Online Not\u00edcias - A realidade ao seu alcance!","isPartOf":{"@id":"https:\/\/ubirataonline.com.br\/#website"},"primaryImageOfPage":{"@id":"https:\/\/ubirataonline.com.br\/shinedown-to-kick-off-dance-kid-dance-act-ii-tour-at-resch-center\/#primaryimage"},"image":{"@id":"https:\/\/ubirataonline.com.br\/shinedown-to-kick-off-dance-kid-dance-act-ii-tour-at-resch-center\/#primaryimage"},"thumbnailUrl":"https:\/\/ubirataonline.com.br\/wp-content\/uploads\/2026\/02\/Shinedown-to-kick-off-Dance-Kid-Dance-Act-II-Tour.jpg","datePublished":"2026-02-17T14:03:27+00:00","description":"Four years after its last Green Bay visit,\u00a0Shinedown\u00a0is headed back to the\u00a0Resch\u00a0Center to kick off its new tour.The rock band whose long list of hits","breadcrumb":{"@id":"https:\/\/ubirataonline.com.br\/shinedown-to-kick-off-dance-kid-dance-act-ii-tour-at-resch-center\/#breadcrumb"},"inLanguage":"en-US","potentialAction":[{"@type":"ReadAction","target":["https:\/\/ubirataonline.com.br\/shinedown-to-kick-off-dance-kid-dance-act-ii-tour-at-resch-center\/"]}]},{"@type":"ImageObject","inLanguage":"en-US","@id":"https:\/\/ubirataonline.com.br\/shinedown-to-kick-off-dance-kid-dance-act-ii-tour-at-resch-center\/#primaryimage","url":"https:\/\/ubirataonline.com.br\/wp-content\/uploads\/2026\/02\/Shinedown-to-kick-off-Dance-Kid-Dance-Act-II-Tour.jpg","contentUrl":"https:\/\/ubirataonline.com.br\/wp-content\/uploads\/2026\/02\/Shinedown-to-kick-off-Dance-Kid-Dance-Act-II-Tour.jpg","width":1200,"height":675,"caption":"Shinedown to kick off Dance, Kid, Dance Act II Tour at Resch Center"},{"@type":"BreadcrumbList","@id":"https:\/\/ubirataonline.com.br\/shinedown-to-kick-off-dance-kid-dance-act-ii-tour-at-resch-center\/#breadcrumb","itemListElement":[{"@type":"ListItem","position":1,"name":"In\u00edcio","item":"https:\/\/ubirataonline.com.br\/"},{"@type":"ListItem","position":2,"name":"Shinedown to kick off Dance, Kid, Dance Act II Tour at Resch Center"}]},{"@type":"WebSite","@id":"https:\/\/ubirataonline.com.br\/#website","url":"https:\/\/ubirataonline.com.br\/","name":"Ubirat\u00e3 Online Not\u00edcias","description":"Not\u00edcias de Ubirat\u00e3, regi\u00e3o, Brasil e mundo, com informa\u00e7\u00e3o atualizada e compromisso com o leitor.","publisher":{"@id":"https:\/\/ubirataonline.com.br\/#organization"},"alternateName":"Ubirat\u00e3 Online","potentialAction":[{"@type":"SearchAction","target":{"@type":"EntryPoint","urlTemplate":"https:\/\/ubirataonline.com.br\/?s={search_term_string}"},"query-input":{"@type":"PropertyValueSpecification","valueRequired":true,"valueName":"search_term_string"}}],"inLanguage":"en-US"},{"@type":["Organization","Place"],"@id":"https:\/\/ubirataonline.com.br\/#organization","name":"Ubirat\u00e3 Online Not\u00edcias","alternateName":"Ubirat\u00e3 Online","url":"https:\/\/ubirataonline.com.br\/","logo":{"@id":"https:\/\/ubirataonline.com.br\/shinedown-to-kick-off-dance-kid-dance-act-ii-tour-at-resch-center\/#local-main-organization-logo"},"image":{"@id":"https:\/\/ubirataonline.com.br\/shinedown-to-kick-off-dance-kid-dance-act-ii-tour-at-resch-center\/#local-main-organization-logo"},"sameAs":["https:\/\/www.facebook.com\/portalubirataonline","https:\/\/x.com\/ubirataonline","https:\/\/mastodon.social\/@ubirataonline","https:\/\/www.facebook.com\/groups\/311144672285604","https:\/\/www.facebook.com\/UBTAOnline","https:\/\/www.instagram.com\/portalubirataonline\/","https:\/\/twitter.com\/ubirataonline"],"description":"Somos um portal de not\u00edcias independente, criado em 5 de janeiro de 2009, com o objetivo de informar, conectar e valorizar a nossa comunidade de Ubirat\u00e3 e toda aregi\u00e3o. Com conte\u00fado atualizado, confi\u00e1vel e relevante, o Ubirat\u00e3 Online \u00e9 o seu espa\u00e7o para ficar por dentro dos principais acontecimentos locais, regionais, Brasil, Mundo e de interesse geral. Nosso compromisso \u00e9 com a verdade, a transpar\u00eancia e o respeito ao leitor.","legalName":"UBIRATA ONLINE NOT\u00cdCIAS","foundingDate":"2009-01-05","numberOfEmployees":{"@type":"QuantitativeValue","minValue":"1","maxValue":"10"},"publishingPrinciples":"https:\/\/ubirataonline.com.br\/faq\/","address":{"@id":"https:\/\/ubirataonline.com.br\/shinedown-to-kick-off-dance-kid-dance-act-ii-tour-at-resch-center\/#local-main-place-address"},"geo":{"@type":"GeoCoordinates","latitude":"-24.5361401","longitude":"-52.9921776"},"telephone":["+5544998308235"],"contactPoint":{"@type":"ContactPoint","email":"contato@ubirataonline.com.br"},"openingHoursSpecification":{"@type":"OpeningHoursSpecification","dayOfWeek":["Monday","Tuesday","Wednesday","Thursday","Friday","Saturday","Sunday"],"opens":"00:00","closes":"23:59"},"email":"contato@ubirataonline.com.br","vatID":"47.621.418\/0001-80"},{"@type":"Person","@id":"https:\/\/ubirataonline.com.br\/#\/schema\/person\/372f87bbd3fdd79b8556b84c98d0bc1c","name":"REDA\u00c7\u00c3O: UBIRAT\u00c3 ONLINE - F\u00c1BIO AUGUSTO CELESTINO","pronouns":"Ele","description":"Desde 2003 trabalhando com not\u00edcias.","sameAs":["http:\/\/ubirataoline.com.br","https:\/\/www.facebook.com\/portalubirataonline","https:\/\/www.instagram.com\/ubirataonline_oficial","https:\/\/x.com\/x.com\/ubirataonline"],"honorificPrefix":"Mr.","honorificSuffix":"MD","birthDate":"1980-06-16","gender":"masculino","award":["V\u00e1rios pr\u00eamios de melhor portal da cidade"],"jobTitle":"Diretor","url":"https:\/\/ubirataonline.com.br\/en\/author\/ubirataonline\/"},{"@type":"PostalAddress","@id":"https:\/\/ubirataonline.com.br\/shinedown-to-kick-off-dance-kid-dance-act-ii-tour-at-resch-center\/#local-main-place-address","streetAddress":"Rua dos Coqueiros, 104 - Bairro Boa Vista, Rua dos Coqueiros, 104 Bairro Boa Vista","addressLocality":"UBIRATA","postalCode":"85440-000","addressRegion":"PR","addressCountry":"BR"},{"@type":"ImageObject","inLanguage":"en-US","@id":"https:\/\/ubirataonline.com.br\/shinedown-to-kick-off-dance-kid-dance-act-ii-tour-at-resch-center\/#local-main-organization-logo","url":"https:\/\/ubirataonline.com.br\/wp-content\/uploads\/2026\/06\/logoubirataonline-1.webp","contentUrl":"https:\/\/ubirataonline.com.br\/wp-content\/uploads\/2026\/06\/logoubirataonline-1.webp","width":500,"height":500,"caption":"Ubirat\u00e3 Online Not\u00edcias"}]},"geo.placename":"UBIRATA","geo.position":{"lat":"-24.5361401","long":"-52.9921776"},"geo.region":"Brazil"},"_links":{"self":[{"href":"https:\/\/ubirataonline.com.br\/en\/wp-json\/wp\/v2\/posts\/87885","targetHints":{"allow":["GET"]}}],"collection":[{"href":"https:\/\/ubirataonline.com.br\/en\/wp-json\/wp\/v2\/posts"}],"about":[{"href":"https:\/\/ubirataonline.com.br\/en\/wp-json\/wp\/v2\/types\/post"}],"author":[{"embeddable":true,"href":"https:\/\/ubirataonline.com.br\/en\/wp-json\/wp\/v2\/users\/1"}],"replies":[{"embeddable":true,"href":"https:\/\/ubirataonline.com.br\/en\/wp-json\/wp\/v2\/comments?post=87885"}],"version-history":[{"count":0,"href":"https:\/\/ubirataonline.com.br\/en\/wp-json\/wp\/v2\/posts\/87885\/revisions"}],"wp:featuredmedia":[{"embeddable":true,"href":"https:\/\/ubirataonline.com.br\/en\/wp-json\/wp\/v2\/media\/87886"}],"wp:attachment":[{"href":"https:\/\/ubirataonline.com.br\/en\/wp-json\/wp\/v2\/media?parent=87885"}],"wp:term":[{"taxonomy":"category","embeddable":true,"href":"https:\/\/ubirataonline.com.br\/en\/wp-json\/wp\/v2\/categories?post=87885"},{"taxonomy":"post_tag","embeddable":true,"href":"https:\/\/ubirataonline.com.br\/en\/wp-json\/wp\/v2\/tags?post=87885"}],"curies":[{"name":"wp","href":"https:\/\/api.w.org\/{rel}","templated":true}]}}