{"id":88871,"date":"2026-02-21T01:18:34","date_gmt":"2026-02-21T04:18:34","guid":{"rendered":"https:\/\/ubirataonline.com.br\/lipedema-em-mulheres-magras-caso-de-rafa-brites-mostra-desinformacao-sobre-o-tema\/"},"modified":"2026-02-21T01:18:41","modified_gmt":"2026-02-21T04:18:41","slug":"lipedema-em-mulheres-magras-caso-de-rafa-brites-mostra-desinformacao-sobre-o-tema","status":"publish","type":"post","link":"https:\/\/ubirataonline.com.br\/en\/lipedema-em-mulheres-magras-caso-de-rafa-brites-mostra-desinformacao-sobre-o-tema\/","title":{"rendered":"Lipedema em mulheres magras: caso de Rafa Brites mostra desinforma\u00e7\u00e3o sobre o tema"},"content":{"rendered":"<p><\/p>\n<div id=\"post-content\">\n<p>Ap\u00f3s revelar publicamente que foi diagnosticada com lipedema, a apresentadora Rafa Brites passou a receber cr\u00edticas nas redes sociais, com internautas questionando a veracidade da condi\u00e7\u00e3o por ela ser magra. Ela respondeu \u00e0s mensagens, explicou que realizou exames e destacou que o diagn\u00f3stico foi feito por avalia\u00e7\u00e3o m\u00e9dica.<\/p>\n<p>A repercuss\u00e3o exp\u00f4s o quanto ainda existe desinforma\u00e7\u00e3o sobre o tema, especialmente a ideia equivocada de que apenas pessoas com sobrepeso podem desenvolver a doen\u00e7a. Esse tipo de julgamento refor\u00e7a estigmas e dificulta o entendimento sobre uma condi\u00e7\u00e3o que vai al\u00e9m da apar\u00eancia f\u00edsica.<\/p>\n<p>\u201cO lipedema \u00e9 uma doen\u00e7a cr\u00f4nica do tecido adiposo. O fato de a pessoa emagrecer n\u00e3o significa que o lipedema deixou de existir. Ele pode apresentar melhora dos sintomas com a perda de peso, pr\u00e1tica de atividade f\u00edsica e acompanhamento adequado, mas isso n\u00e3o significa cura. Trata-se de uma condi\u00e7\u00e3o que exige acompanhamento cont\u00ednuo\u201d, explica a Dra. Heloise Manfrim, cirurgi\u00e3 pl\u00e1stica membro titular da Sociedade Brasileira de Cirurgia Pl\u00e1stica (SBCP) e da Associa\u00e7\u00e3o Brasileira de Lipedema (ABL) e fundadora e CEO do CELIP (Centro Especializado em Lipedema).<\/p>\n<h2 class=\"wp-block-heading\" id=\"h-lipedema-nao-e-obesidade-entenda-a-diferenca\">Lipedema n\u00e3o \u00e9 obesidade: entenda a diferen\u00e7a<\/h2>\n<p>Segundo a Dra. Heloise Manfrim, a confus\u00e3o entre lipedema e obesidade \u00e9 comum, mas \u00e9 importante diferenciar. \u201cNa obesidade, a distribui\u00e7\u00e3o de gordura \u00e9 mais uniforme pelo corpo. J\u00e1 a gordura do lipedema concentra-se mais nos quadris e pernas, \u00e9 dolorida e pode levar ao aparecimento de n\u00f3dulos\u201d, diz a m\u00e9dica.<\/p>\n<p>Ela tamb\u00e9m explica que o tipo de <strong><a href=\"https:\/\/portaledicase.com\/veja-como-reduzir-o-percentual-de-gordura-corporal\/\" target=\"_blank\" rel=\"noreferrer noopener\">gordura<\/a><\/strong> \u00e9 diferente. \u201cEnquanto, na obesidade, temos gordura subcut\u00e2nea e visceral, no lipedema trata-se apenas de gordura subcut\u00e2nea, que est\u00e1 localizada abaixo da pele e \u00e9 mais dif\u00edcil de ser perdida apenas com h\u00e1bitos saud\u00e1veis\u201d, pontua. E n\u00e3o \u00e9 incomum que pessoas magras tenham lipedema. \u201cMuitas pacientes s\u00e3o magras e, ainda assim, convivem com os sintomas da doen\u00e7a\u201d, afirma.<\/p>\n<div class=\"wp-block-image\">\n<figure class=\"aligncenter size-large\"><figcaption class=\"wp-element-caption\">Um dos sintomas do lipedema \u00e9 a dificuldade de perder peso, especialmente na parte inferior do corpo (Imagem: New Africa | Shutterstock) <\/figcaption><\/figure>\n<\/p><\/div>\n<h2 class=\"wp-block-heading\" id=\"h-sintomas-e-diagnostico-do-lipedema\">Sintomas e diagn\u00f3stico do lipedema<\/h2>\n<p>A m\u00e9dica destaca que os sintomas incluem: aumento sim\u00e9trico do tamanho dos membros, principalmente das pernas e quadris, apesar de tamb\u00e9m afetar os bra\u00e7os; dificuldade de <strong><a href=\"https:\/\/portaledicase.com\/7-dicas-infaliveis-para-perder-peso-de-maneira-equilibrada\/\" target=\"_blank\" rel=\"noreferrer noopener\">perder peso<\/a><\/strong>, principalmente na parte inferior do corpo; sensa\u00e7\u00e3o dolorosa ao toque; aumento da frequ\u00eancia de hematomas espont\u00e2neos; e maior tend\u00eancia ao ac\u00famulo de l\u00edquidos.<\/p>\n<p>\u201cO diagn\u00f3stico do lipedema \u00e9, antes de tudo, cl\u00ednico, baseado na avalia\u00e7\u00e3o m\u00e9dica detalhada, no hist\u00f3rico da paciente e no exame f\u00edsico, observando caracter\u00edsticas como dor \u00e0 palpa\u00e7\u00e3o, tend\u00eancia a hematomas e despropor\u00e7\u00e3o entre tronco e membros\u201d, esclarece a Dra. Heloise Manfrim.<\/p>\n<p>Ela tamb\u00e9m explica que exames podem auxiliar no diagn\u00f3stico. \u201cExames de imagem, como o ultrassom, podem ser utilizados de forma complementar para analisar o padr\u00e3o do tecido adiposo, identificar altera\u00e7\u00f5es estruturais e descartar outras condi\u00e7\u00f5es, como linfedema ou insufici\u00eancia venosa. Esses recursos auxiliam na confirma\u00e7\u00e3o do diagn\u00f3stico e no planejamento terap\u00eautico mais adequado para cada caso\u201d, afirma.<\/p>\n<h2 class=\"wp-block-heading\" id=\"h-tratamento-e-continuo-e-envolve-abordagem-multidisciplinar\">Tratamento \u00e9 cont\u00ednuo e envolve abordagem multidisciplinar<\/h2>\n<p>A m\u00e9dica ressalta que, apesar de o lipedema ser cr\u00f4nico e n\u00e3o ter cura, hoje existe uma diversidade de procedimentos e terapias capazes de aliviar os sintomas e controlar a evolu\u00e7\u00e3o da doen\u00e7a para impedir o surgimento de complica\u00e7\u00f5es como cicatrizes, infec\u00e7\u00f5es e falta de mobilidade.<\/p>\n<p>\u201cA doen\u00e7a \u00e9 interdisciplinar e seu tratamento envolve, al\u00e9m do cirurgi\u00e3o pl\u00e1stico, profissionais como endocrinologistas, nutricionistas e cirurgi\u00f5es vasculares. Sabemos que o tratamento cir\u00fargico com lipoaspira\u00e7\u00e3o pode ajudar o paciente, mas deve sempre ser acompanhado do tratamento cl\u00ednico, conservador, que tem como base quatro pilares: dieta anti-inflamat\u00f3ria, <strong><a href=\"https:\/\/portaledicase.com\/exercicio-fisico-pode-revelar-doencas-silenciosas\/\" target=\"_blank\" rel=\"noreferrer noopener\">atividade f\u00edsica<\/a><\/strong> espec\u00edfica para lipedema, terapia f\u00edsica complexa e protocolos medicamentosos espec\u00edficos para a doen\u00e7a\u201d, finaliza.<\/p>\n<p><em>Por Maria Claudia Amoroso<\/em><\/p>\n<section class=\"virals\">\n<article class=\"cardnews cardnews--post cardnews--has-thumbnail cardnews--editorial-noticias\"> <a href=\"https:\/\/www.tribunapr.com.br\/noticias\/parana\/golpe-do-ipva-engana-profissional-da-tecnologia-no-parana-como-evitar-a-fraude\/?utm_source=noticias-virais-rodape&amp;utm_medium=internal-tribuna&amp;utm_campaign=tribuna\" class=\"cardnews__postlink\"> <\/p>\n<div class=\"cardnews__image\" is-api-thumb=\"\"><img decoding=\"async\" src=\"https:\/\/www.tribunapr.com.br\/wp-content\/uploads\/2026\/02\/06122251\/golpe-ipva-detranpr-370x210.jpeg\" loading=\"lazy\" alt=\"At\u00e9 especialistas ca\u00edram: o detalhe no boleto do IPVA que rouba seu dinheiro\"\/><\/div>\n<div class=\"cardnews__content cardhome__content\">\n<div class=\"cardnews__content-wrapper\">\n<p> <span style=\"\"> Fique atento! <\/span> <\/p>\n<p>At\u00e9 especialistas ca\u00edram: o detalhe no boleto do IPVA que rouba seu dinheiro<\/p>\n<\/p><\/div>\n<\/p><\/div>\n<p> <\/a> <\/article>\n<article class=\"cardnews cardnews--post cardnews--has-thumbnail cardnews--editorial-noticias\"> <a href=\"https:\/\/www.tribunapr.com.br\/noticias\/curitiba-regiao\/litoral-do-parana-passa-a-figurar-entre-os-mais-valorizados-do-pais\/?utm_source=noticias-virais-rodape&amp;utm_medium=internal-tribuna&amp;utm_campaign=tribuna\" class=\"cardnews__postlink\"> <\/p>\n<div class=\"cardnews__image\" is-api-thumb=\"\"><img decoding=\"async\" src=\"https:\/\/www.tribunapr.com.br\/wp-content\/uploads\/2026\/02\/04151141\/matinhos-litoral-370x210.jpg\" loading=\"lazy\" alt=\"Adeus, pre\u00e7os baixos? Esta regi\u00e3o do Paran\u00e1 virou a nova 'mina de ouro'\"\/><\/div>\n<div class=\"cardnews__content cardhome__content\">\n<div class=\"cardnews__content-wrapper\">\n<p> <span style=\"\"> Mercado imobili\u00e1rio <\/span> <\/p>\n<p>Adeus, pre\u00e7os baixos? Esta regi\u00e3o do Paran\u00e1 virou a nova &#8216;mina de ouro&#8217;<\/p>\n<\/p><\/div>\n<\/p><\/div>\n<p> <\/a> <\/article>\n<article class=\"cardnews cardnews--post cardnews--has-thumbnail cardnews--editorial-noticias\"> <a href=\"https:\/\/www.tribunapr.com.br\/blogs\/rango-barateza\/biscoitos-da-vovo-elza-tradicao-que-nasceu-do-afeto-e-conquistou-curitiba\/?utm_source=noticias-virais-rodape&amp;utm_medium=internal-tribuna&amp;utm_campaign=tribuna\" class=\"cardnews__postlink\"> <\/p>\n<div class=\"cardnews__image\" is-api-thumb=\"\"><img decoding=\"async\" src=\"https:\/\/www.tribunapr.com.br\/wp-content\/uploads\/2026\/02\/06135141\/vovo-elza-02-770x440-1-370x210.webp\" loading=\"lazy\" alt=\"O segredo de Curitiba: como uma receita de fam\u00edlia virou um imp\u00e9rio do afeto\"\/><\/div>\n<div class=\"cardnews__content cardhome__content\">\n<div class=\"cardnews__content-wrapper\">\n<p> <span style=\"\"> Rango Barateza! <\/span> <\/p>\n<p>O segredo de Curitiba: como uma receita de fam\u00edlia virou um imp\u00e9rio do afeto<\/p>\n<\/p><\/div>\n<\/p><\/div>\n<p> <\/a> <\/article>\n<\/section>\n<div id=\"tribuna-follow-cta\">\n<p> <span class=\"cta-title\">Siga a <span class=\"tribuna-color\">Tribuna<\/span> no Google, e acompanhe as \u00faltimas not\u00edcias de Curitiba e regi\u00e3o!<\/span> <\/p>\n<p> <a href=\"https:\/\/profile.google.com\/cp\/CgwvZy8xMmxxajUzM3Mac2h0dHBzOi8vd3d3LnRyaWJ1bmFwci5jb20uYnIvdml2YS92aXRyaW5lL2dpZ2FudGUtZG8tdmVzdHVhcmlvLXJlaW5hdWd1cmEtbG9qYS1lbS1zaG9wcGluZy10cmFkaWNpb25hbC1kZS1jdXJpdGliYS8iElRyaWJ1bmEgZG8gUGFyYW7DoSqAAwrHAWh0dHBzOi8vZW5jcnlwdGVkLXRibjIuZ3N0YXRpYy5jb20vZmF2aWNvbi10Ym4_cT10Ym46QU5kOUdjUVJPbjVDRjR6TzJPbkUwTXZrRlRCRTY2U0g1bGlaVDRaZTV3bWNKeU5GRm1BSnluM01nNU9PR3BXY1pYMzZwYU5HUWtsZ09JVEFLTTNNZVNGbTc1aWp6M3k2ajUtQ3M2b25kX2JUcFFQQkVLd3RsUjBsTmJESnUtVHhrNXQtbFlCNlVpOWZSVVFjT2cSswFodHRwczovL2VuY3J5cHRlZC10Ym4zLmdzdGF0aWMuY29tL2Zhdmljb24tdGJuP3E9dGJuJTNBQU5kOUdjU0FMaWJ2eFF0YXdFMFRueVdWWmVKRS1MZEdRZjVTUi1OZ2RMazhyZzIwVy1nM0JuQ1F4VDNKZFBjRXR2THdBeVRxUDJEdHVycEdVR29CQkxpYzM5al9wSmFxRERaMHNCYW05WEVhSGVsMmZTQmdKdlF4WWVyMw\" target=\"_blank\" title=\"Seguir a Tribuna no Google\">  <\/a> <\/div>\n<\/p><\/div>\n<p><a href=\"https:\/\/www.tribunapr.com.br\/variedades\/lipedema-em-mulheres-magras-caso-de-rafa-brites-mostra-desinformacao-sobre-o-tema\/\">Source link <\/a><\/p>","protected":false},"excerpt":{"rendered":"<p>Ap\u00f3s revelar publicamente que foi diagnosticada com lipedema, a apresentadora Rafa Brites passou a receber cr\u00edticas nas redes sociais, com internautas questionando a veracidade da condi\u00e7\u00e3o por ela ser magra. Ela respondeu \u00e0s mensagens, explicou que realizou exames e destacou que o diagn\u00f3stico foi feito por avalia\u00e7\u00e3o m\u00e9dica. A repercuss\u00e3o exp\u00f4s o quanto ainda existe [&hellip;]<\/p>\n","protected":false},"author":1,"featured_media":88872,"comment_status":"closed","ping_status":"","sticky":false,"template":"","format":"standard","meta":{"googlesitekit_rrm_CAow2JLhCw:productID":"","_gspb_post_css":"","maa_idioma":"","maa_pais":"","footnotes":""},"categories":[1],"tags":[19835,7044,19836,16096,16415,3302,4266,19834,3203,7899],"class_list":["post-88871","post","type-post","status-publish","format-standard","has-post-thumbnail","hentry","category-ubirata","tag-brites","tag-caso","tag-desinformacao","tag-lipedema","tag-magras","tag-mostra","tag-mulheres","tag-rafa","tag-sobre","tag-tema"],"blocksy_meta":[],"yoast_head":"<!-- This site is optimized with the Yoast SEO Premium plugin v27.6 (Yoast SEO v27.6) - https:\/\/yoast.com\/product\/yoast-seo-premium-wordpress\/ -->\n<title>Lipedema em mulheres magras: caso de Rafa Brites mostra desinforma\u00e7\u00e3o sobre o tema - Ubirat\u00e3 Online Not\u00edcias - A realidade ao seu alcance!<\/title>\n<meta name=\"description\" content=\"Ap\u00f3s revelar publicamente que foi diagnosticada com lipedema, a apresentadora Rafa Brites passou a receber cr\u00edticas nas redes sociais, com internautas\" \/>\n<meta name=\"robots\" content=\"index, follow, max-snippet:-1, max-image-preview:large, max-video-preview:-1\" \/>\n<link rel=\"canonical\" href=\"https:\/\/ubirataonline.com.br\/en\/lipedema-em-mulheres-magras-caso-de-rafa-brites-mostra-desinformacao-sobre-o-tema\/\" \/>\n<meta property=\"og:locale\" content=\"en_US\" \/>\n<meta property=\"og:type\" content=\"article\" \/>\n<meta property=\"og:title\" content=\"Lipedema em mulheres magras: caso de Rafa Brites mostra desinforma\u00e7\u00e3o sobre o tema\" \/>\n<meta property=\"og:description\" content=\"Ap\u00f3s revelar publicamente que foi diagnosticada com lipedema, a apresentadora Rafa Brites passou a receber cr\u00edticas nas redes sociais, com internautas\" \/>\n<meta property=\"og:url\" content=\"https:\/\/ubirataonline.com.br\/en\/lipedema-em-mulheres-magras-caso-de-rafa-brites-mostra-desinformacao-sobre-o-tema\/\" \/>\n<meta property=\"og:site_name\" content=\"Ubirat\u00e3 Online Not\u00edcias - A realidade ao seu alcance!\" \/>\n<meta property=\"article:publisher\" content=\"https:\/\/www.facebook.com\/portalubirataonline\" \/>\n<meta property=\"article:author\" content=\"https:\/\/www.facebook.com\/portalubirataonline\" \/>\n<meta property=\"article:published_time\" content=\"2026-02-21T04:18:34+00:00\" \/>\n<meta property=\"article:modified_time\" content=\"2026-02-21T04:18:41+00:00\" \/>\n<meta property=\"og:image\" content=\"https:\/\/ubirataonline.com.br\/wp-content\/uploads\/2026\/02\/Lipedema-em-mulheres-magras-caso-de-Rafa-Brites-mostra-desinformacao.jpg\" \/>\n\t<meta property=\"og:image:width\" content=\"1200\" \/>\n\t<meta property=\"og:image:height\" content=\"800\" \/>\n\t<meta property=\"og:image:type\" content=\"image\/jpeg\" \/>\n<meta name=\"author\" content=\"REDA\u00c7\u00c3O: UBIRAT\u00c3 ONLINE - F\u00c1BIO AUGUSTO CELESTINO\" \/>\n<meta name=\"twitter:card\" content=\"summary_large_image\" \/>\n<meta name=\"twitter:creator\" content=\"@x.com\/ubirataonline\" \/>\n<meta name=\"twitter:site\" content=\"@ubirataonline\" \/>\n<meta name=\"twitter:label1\" content=\"Written by\" \/>\n\t<meta name=\"twitter:data1\" content=\"REDA\u00c7\u00c3O: UBIRAT\u00c3 ONLINE - F\u00c1BIO AUGUSTO CELESTINO\" \/>\n\t<meta name=\"twitter:label2\" content=\"Est. reading time\" \/>\n\t<meta name=\"twitter:data2\" content=\"4 minutes\" \/>\n<script type=\"application\/ld+json\" class=\"yoast-schema-graph\">{\"@context\":\"https:\\\/\\\/schema.org\",\"@graph\":[{\"@type\":\"NewsArticle\",\"@id\":\"https:\\\/\\\/ubirataonline.com.br\\\/lipedema-em-mulheres-magras-caso-de-rafa-brites-mostra-desinformacao-sobre-o-tema\\\/#article\",\"isPartOf\":{\"@id\":\"https:\\\/\\\/ubirataonline.com.br\\\/lipedema-em-mulheres-magras-caso-de-rafa-brites-mostra-desinformacao-sobre-o-tema\\\/\"},\"author\":{\"name\":\"REDA\u00c7\u00c3O: UBIRAT\u00c3 ONLINE - F\u00c1BIO AUGUSTO CELESTINO\",\"@id\":\"https:\\\/\\\/ubirataonline.com.br\\\/#\\\/schema\\\/person\\\/372f87bbd3fdd79b8556b84c98d0bc1c\"},\"headline\":\"Lipedema em mulheres magras: caso de Rafa Brites mostra desinforma\u00e7\u00e3o sobre o tema\",\"datePublished\":\"2026-02-21T04:18:34+00:00\",\"dateModified\":\"2026-02-21T04:18:41+00:00\",\"mainEntityOfPage\":{\"@id\":\"https:\\\/\\\/ubirataonline.com.br\\\/lipedema-em-mulheres-magras-caso-de-rafa-brites-mostra-desinformacao-sobre-o-tema\\\/\"},\"wordCount\":762,\"publisher\":{\"@id\":\"https:\\\/\\\/ubirataonline.com.br\\\/#organization\"},\"image\":{\"@id\":\"https:\\\/\\\/ubirataonline.com.br\\\/lipedema-em-mulheres-magras-caso-de-rafa-brites-mostra-desinformacao-sobre-o-tema\\\/#primaryimage\"},\"thumbnailUrl\":\"https:\\\/\\\/ubirataonline.com.br\\\/wp-content\\\/uploads\\\/2026\\\/02\\\/Lipedema-em-mulheres-magras-caso-de-Rafa-Brites-mostra-desinformacao.jpg\",\"keywords\":[\"Brites\",\"caso\",\"desinforma\u00e7\u00e3o\",\"Lipedema\",\"magras\",\"mostra\",\"mulheres\",\"Rafa\",\"sobre\",\"tema\"],\"articleSection\":[\"Ubirat\u00e3\"],\"inLanguage\":\"en-US\",\"copyrightYear\":\"2026\",\"copyrightHolder\":{\"@id\":\"https:\\\/\\\/ubirataonline.com.br\\\/en\\\/#organization\"}},{\"@type\":\"WebPage\",\"@id\":\"https:\\\/\\\/ubirataonline.com.br\\\/lipedema-em-mulheres-magras-caso-de-rafa-brites-mostra-desinformacao-sobre-o-tema\\\/\",\"url\":\"https:\\\/\\\/ubirataonline.com.br\\\/lipedema-em-mulheres-magras-caso-de-rafa-brites-mostra-desinformacao-sobre-o-tema\\\/\",\"name\":\"Lipedema em mulheres magras: caso de Rafa Brites mostra desinforma\u00e7\u00e3o sobre o tema - Ubirat\u00e3 Online Not\u00edcias - A realidade ao seu alcance!\",\"isPartOf\":{\"@id\":\"https:\\\/\\\/ubirataonline.com.br\\\/#website\"},\"primaryImageOfPage\":{\"@id\":\"https:\\\/\\\/ubirataonline.com.br\\\/lipedema-em-mulheres-magras-caso-de-rafa-brites-mostra-desinformacao-sobre-o-tema\\\/#primaryimage\"},\"image\":{\"@id\":\"https:\\\/\\\/ubirataonline.com.br\\\/lipedema-em-mulheres-magras-caso-de-rafa-brites-mostra-desinformacao-sobre-o-tema\\\/#primaryimage\"},\"thumbnailUrl\":\"https:\\\/\\\/ubirataonline.com.br\\\/wp-content\\\/uploads\\\/2026\\\/02\\\/Lipedema-em-mulheres-magras-caso-de-Rafa-Brites-mostra-desinformacao.jpg\",\"datePublished\":\"2026-02-21T04:18:34+00:00\",\"dateModified\":\"2026-02-21T04:18:41+00:00\",\"description\":\"Ap\u00f3s revelar publicamente que foi diagnosticada com lipedema, a apresentadora Rafa Brites passou a receber cr\u00edticas nas redes sociais, com internautas\",\"breadcrumb\":{\"@id\":\"https:\\\/\\\/ubirataonline.com.br\\\/lipedema-em-mulheres-magras-caso-de-rafa-brites-mostra-desinformacao-sobre-o-tema\\\/#breadcrumb\"},\"inLanguage\":\"en-US\",\"potentialAction\":[{\"@type\":\"ReadAction\",\"target\":[\"https:\\\/\\\/ubirataonline.com.br\\\/lipedema-em-mulheres-magras-caso-de-rafa-brites-mostra-desinformacao-sobre-o-tema\\\/\"]}]},{\"@type\":\"ImageObject\",\"inLanguage\":\"en-US\",\"@id\":\"https:\\\/\\\/ubirataonline.com.br\\\/lipedema-em-mulheres-magras-caso-de-rafa-brites-mostra-desinformacao-sobre-o-tema\\\/#primaryimage\",\"url\":\"https:\\\/\\\/ubirataonline.com.br\\\/wp-content\\\/uploads\\\/2026\\\/02\\\/Lipedema-em-mulheres-magras-caso-de-Rafa-Brites-mostra-desinformacao.jpg\",\"contentUrl\":\"https:\\\/\\\/ubirataonline.com.br\\\/wp-content\\\/uploads\\\/2026\\\/02\\\/Lipedema-em-mulheres-magras-caso-de-Rafa-Brites-mostra-desinformacao.jpg\",\"width\":1200,\"height\":800,\"caption\":\"O lipedema pode atingir mulheres com diferentes biotipos (Imagem: New Africa | Shutterstock)\"},{\"@type\":\"BreadcrumbList\",\"@id\":\"https:\\\/\\\/ubirataonline.com.br\\\/lipedema-em-mulheres-magras-caso-de-rafa-brites-mostra-desinformacao-sobre-o-tema\\\/#breadcrumb\",\"itemListElement\":[{\"@type\":\"ListItem\",\"position\":1,\"name\":\"In\u00edcio\",\"item\":\"https:\\\/\\\/ubirataonline.com.br\\\/\"},{\"@type\":\"ListItem\",\"position\":2,\"name\":\"Lipedema em mulheres magras: caso de Rafa Brites mostra desinforma\u00e7\u00e3o sobre o tema\"}]},{\"@type\":\"WebSite\",\"@id\":\"https:\\\/\\\/ubirataonline.com.br\\\/#website\",\"url\":\"https:\\\/\\\/ubirataonline.com.br\\\/\",\"name\":\"Ubirat\u00e3 Online Not\u00edcias\",\"description\":\"Not\u00edcias de Ubirat\u00e3, regi\u00e3o, Brasil e mundo, com informa\u00e7\u00e3o atualizada e compromisso com o leitor.\",\"publisher\":{\"@id\":\"https:\\\/\\\/ubirataonline.com.br\\\/#organization\"},\"alternateName\":\"Ubirat\u00e3 Online\",\"potentialAction\":[{\"@type\":\"SearchAction\",\"target\":{\"@type\":\"EntryPoint\",\"urlTemplate\":\"https:\\\/\\\/ubirataonline.com.br\\\/?s={search_term_string}\"},\"query-input\":{\"@type\":\"PropertyValueSpecification\",\"valueRequired\":true,\"valueName\":\"search_term_string\"}}],\"inLanguage\":\"en-US\"},{\"@type\":[\"Organization\",\"Place\"],\"@id\":\"https:\\\/\\\/ubirataonline.com.br\\\/#organization\",\"name\":\"Ubirat\u00e3 Online Not\u00edcias\",\"alternateName\":\"Ubirat\u00e3 Online\",\"url\":\"https:\\\/\\\/ubirataonline.com.br\\\/\",\"logo\":{\"@id\":\"https:\\\/\\\/ubirataonline.com.br\\\/lipedema-em-mulheres-magras-caso-de-rafa-brites-mostra-desinformacao-sobre-o-tema\\\/#local-main-organization-logo\"},\"image\":{\"@id\":\"https:\\\/\\\/ubirataonline.com.br\\\/lipedema-em-mulheres-magras-caso-de-rafa-brites-mostra-desinformacao-sobre-o-tema\\\/#local-main-organization-logo\"},\"sameAs\":[\"https:\\\/\\\/www.facebook.com\\\/portalubirataonline\",\"https:\\\/\\\/x.com\\\/ubirataonline\",\"https:\\\/\\\/mastodon.social\\\/@ubirataonline\",\"https:\\\/\\\/www.facebook.com\\\/groups\\\/311144672285604\",\"https:\\\/\\\/www.facebook.com\\\/UBTAOnline\",\"https:\\\/\\\/www.instagram.com\\\/portalubirataonline\\\/\",\"https:\\\/\\\/twitter.com\\\/ubirataonline\"],\"description\":\"Somos um portal de not\u00edcias independente, criado em 5 de janeiro de 2009, com o objetivo de informar, conectar e valorizar a nossa comunidade de Ubirat\u00e3 e toda aregi\u00e3o. Com conte\u00fado atualizado, confi\u00e1vel e relevante, o Ubirat\u00e3 Online \u00e9 o seu espa\u00e7o para ficar por dentro dos principais acontecimentos locais, regionais, Brasil, Mundo e de interesse geral. Nosso compromisso \u00e9 com a verdade, a transpar\u00eancia e o respeito ao leitor.\",\"legalName\":\"UBIRATA ONLINE NOT\u00cdCIAS\",\"foundingDate\":\"2009-01-05\",\"numberOfEmployees\":{\"@type\":\"QuantitativeValue\",\"minValue\":\"1\",\"maxValue\":\"10\"},\"publishingPrinciples\":\"https:\\\/\\\/ubirataonline.com.br\\\/faq\\\/\",\"address\":{\"@id\":\"https:\\\/\\\/ubirataonline.com.br\\\/lipedema-em-mulheres-magras-caso-de-rafa-brites-mostra-desinformacao-sobre-o-tema\\\/#local-main-place-address\"},\"geo\":{\"@type\":\"GeoCoordinates\",\"latitude\":\"-24.5361401\",\"longitude\":\"-52.9921776\"},\"telephone\":[\"+5544998308235\"],\"contactPoint\":{\"@type\":\"ContactPoint\",\"email\":\"contato@ubirataonline.com.br\"},\"openingHoursSpecification\":{\"@type\":\"OpeningHoursSpecification\",\"dayOfWeek\":[\"Monday\",\"Tuesday\",\"Wednesday\",\"Thursday\",\"Friday\",\"Saturday\",\"Sunday\"],\"opens\":\"00:00\",\"closes\":\"23:59\"},\"email\":\"contato@ubirataonline.com.br\",\"vatID\":\"47.621.418\\\/0001-80\"},{\"@type\":\"Person\",\"@id\":\"https:\\\/\\\/ubirataonline.com.br\\\/#\\\/schema\\\/person\\\/372f87bbd3fdd79b8556b84c98d0bc1c\",\"name\":\"REDA\u00c7\u00c3O: UBIRAT\u00c3 ONLINE - F\u00c1BIO AUGUSTO CELESTINO\",\"pronouns\":\"Ele\",\"description\":\"Desde 2003 trabalhando com not\u00edcias.\",\"sameAs\":[\"http:\\\/\\\/ubirataoline.com.br\",\"https:\\\/\\\/www.facebook.com\\\/portalubirataonline\",\"https:\\\/\\\/www.instagram.com\\\/ubirataonline_oficial\",\"https:\\\/\\\/x.com\\\/x.com\\\/ubirataonline\"],\"honorificPrefix\":\"Mr.\",\"honorificSuffix\":\"MD\",\"birthDate\":\"1980-06-16\",\"gender\":\"masculino\",\"award\":[\"V\u00e1rios pr\u00eamios de melhor portal da cidade\"],\"jobTitle\":\"Diretor\",\"url\":\"https:\\\/\\\/ubirataonline.com.br\\\/en\\\/author\\\/ubirataonline\\\/\"},{\"@type\":\"PostalAddress\",\"@id\":\"https:\\\/\\\/ubirataonline.com.br\\\/lipedema-em-mulheres-magras-caso-de-rafa-brites-mostra-desinformacao-sobre-o-tema\\\/#local-main-place-address\",\"streetAddress\":\"Rua dos Coqueiros, 104 - Bairro Boa Vista, Rua dos Coqueiros, 104 Bairro Boa Vista\",\"addressLocality\":\"UBIRATA\",\"postalCode\":\"85440-000\",\"addressRegion\":\"PR\",\"addressCountry\":\"BR\"},{\"@type\":\"ImageObject\",\"inLanguage\":\"en-US\",\"@id\":\"https:\\\/\\\/ubirataonline.com.br\\\/lipedema-em-mulheres-magras-caso-de-rafa-brites-mostra-desinformacao-sobre-o-tema\\\/#local-main-organization-logo\",\"url\":\"https:\\\/\\\/ubirataonline.com.br\\\/wp-content\\\/uploads\\\/2026\\\/06\\\/logoubirataonline-1.webp\",\"contentUrl\":\"https:\\\/\\\/ubirataonline.com.br\\\/wp-content\\\/uploads\\\/2026\\\/06\\\/logoubirataonline-1.webp\",\"width\":500,\"height\":500,\"caption\":\"Ubirat\u00e3 Online Not\u00edcias\"}]}<\/script>\n<meta name=\"geo.placename\" content=\"UBIRATA\" \/>\n<meta name=\"geo.position\" content=\"-24.5361401;-52.9921776\" \/>\n<meta name=\"geo.region\" content=\"Brazil\" \/>\n<!-- \/ Yoast SEO Premium plugin. -->","yoast_head_json":{"title":"Lipedema em mulheres magras: caso de Rafa Brites mostra desinforma\u00e7\u00e3o sobre o tema - Ubirat\u00e3 Online Not\u00edcias - A realidade ao seu alcance!","description":"Ap\u00f3s revelar publicamente que foi diagnosticada com lipedema, a apresentadora Rafa Brites passou a receber cr\u00edticas nas redes sociais, com internautas","robots":{"index":"index","follow":"follow","max-snippet":"max-snippet:-1","max-image-preview":"max-image-preview:large","max-video-preview":"max-video-preview:-1"},"canonical":"https:\/\/ubirataonline.com.br\/en\/lipedema-em-mulheres-magras-caso-de-rafa-brites-mostra-desinformacao-sobre-o-tema\/","og_locale":"en_US","og_type":"article","og_title":"Lipedema em mulheres magras: caso de Rafa Brites mostra desinforma\u00e7\u00e3o sobre o tema","og_description":"Ap\u00f3s revelar publicamente que foi diagnosticada com lipedema, a apresentadora Rafa Brites passou a receber cr\u00edticas nas redes sociais, com internautas","og_url":"https:\/\/ubirataonline.com.br\/en\/lipedema-em-mulheres-magras-caso-de-rafa-brites-mostra-desinformacao-sobre-o-tema\/","og_site_name":"Ubirat\u00e3 Online Not\u00edcias - A realidade ao seu alcance!","article_publisher":"https:\/\/www.facebook.com\/portalubirataonline","article_author":"https:\/\/www.facebook.com\/portalubirataonline","article_published_time":"2026-02-21T04:18:34+00:00","article_modified_time":"2026-02-21T04:18:41+00:00","og_image":[{"width":1200,"height":800,"url":"https:\/\/ubirataonline.com.br\/wp-content\/uploads\/2026\/02\/Lipedema-em-mulheres-magras-caso-de-Rafa-Brites-mostra-desinformacao.jpg","type":"image\/jpeg"}],"author":"REDA\u00c7\u00c3O: UBIRAT\u00c3 ONLINE - F\u00c1BIO AUGUSTO CELESTINO","twitter_card":"summary_large_image","twitter_creator":"@x.com\/ubirataonline","twitter_site":"@ubirataonline","twitter_misc":{"Written by":"REDA\u00c7\u00c3O: UBIRAT\u00c3 ONLINE - F\u00c1BIO AUGUSTO CELESTINO","Est. reading time":"4 minutes"},"schema":{"@context":"https:\/\/schema.org","@graph":[{"@type":"NewsArticle","@id":"https:\/\/ubirataonline.com.br\/lipedema-em-mulheres-magras-caso-de-rafa-brites-mostra-desinformacao-sobre-o-tema\/#article","isPartOf":{"@id":"https:\/\/ubirataonline.com.br\/lipedema-em-mulheres-magras-caso-de-rafa-brites-mostra-desinformacao-sobre-o-tema\/"},"author":{"name":"REDA\u00c7\u00c3O: UBIRAT\u00c3 ONLINE - F\u00c1BIO AUGUSTO CELESTINO","@id":"https:\/\/ubirataonline.com.br\/#\/schema\/person\/372f87bbd3fdd79b8556b84c98d0bc1c"},"headline":"Lipedema em mulheres magras: caso de Rafa Brites mostra desinforma\u00e7\u00e3o sobre o tema","datePublished":"2026-02-21T04:18:34+00:00","dateModified":"2026-02-21T04:18:41+00:00","mainEntityOfPage":{"@id":"https:\/\/ubirataonline.com.br\/lipedema-em-mulheres-magras-caso-de-rafa-brites-mostra-desinformacao-sobre-o-tema\/"},"wordCount":762,"publisher":{"@id":"https:\/\/ubirataonline.com.br\/#organization"},"image":{"@id":"https:\/\/ubirataonline.com.br\/lipedema-em-mulheres-magras-caso-de-rafa-brites-mostra-desinformacao-sobre-o-tema\/#primaryimage"},"thumbnailUrl":"https:\/\/ubirataonline.com.br\/wp-content\/uploads\/2026\/02\/Lipedema-em-mulheres-magras-caso-de-Rafa-Brites-mostra-desinformacao.jpg","keywords":["Brites","caso","desinforma\u00e7\u00e3o","Lipedema","magras","mostra","mulheres","Rafa","sobre","tema"],"articleSection":["Ubirat\u00e3"],"inLanguage":"en-US","copyrightYear":"2026","copyrightHolder":{"@id":"https:\/\/ubirataonline.com.br\/en\/#organization"}},{"@type":"WebPage","@id":"https:\/\/ubirataonline.com.br\/lipedema-em-mulheres-magras-caso-de-rafa-brites-mostra-desinformacao-sobre-o-tema\/","url":"https:\/\/ubirataonline.com.br\/lipedema-em-mulheres-magras-caso-de-rafa-brites-mostra-desinformacao-sobre-o-tema\/","name":"Lipedema em mulheres magras: caso de Rafa Brites mostra desinforma\u00e7\u00e3o sobre o tema - Ubirat\u00e3 Online Not\u00edcias - A realidade ao seu alcance!","isPartOf":{"@id":"https:\/\/ubirataonline.com.br\/#website"},"primaryImageOfPage":{"@id":"https:\/\/ubirataonline.com.br\/lipedema-em-mulheres-magras-caso-de-rafa-brites-mostra-desinformacao-sobre-o-tema\/#primaryimage"},"image":{"@id":"https:\/\/ubirataonline.com.br\/lipedema-em-mulheres-magras-caso-de-rafa-brites-mostra-desinformacao-sobre-o-tema\/#primaryimage"},"thumbnailUrl":"https:\/\/ubirataonline.com.br\/wp-content\/uploads\/2026\/02\/Lipedema-em-mulheres-magras-caso-de-Rafa-Brites-mostra-desinformacao.jpg","datePublished":"2026-02-21T04:18:34+00:00","dateModified":"2026-02-21T04:18:41+00:00","description":"Ap\u00f3s revelar publicamente que foi diagnosticada com lipedema, a apresentadora Rafa Brites passou a receber cr\u00edticas nas redes sociais, com internautas","breadcrumb":{"@id":"https:\/\/ubirataonline.com.br\/lipedema-em-mulheres-magras-caso-de-rafa-brites-mostra-desinformacao-sobre-o-tema\/#breadcrumb"},"inLanguage":"en-US","potentialAction":[{"@type":"ReadAction","target":["https:\/\/ubirataonline.com.br\/lipedema-em-mulheres-magras-caso-de-rafa-brites-mostra-desinformacao-sobre-o-tema\/"]}]},{"@type":"ImageObject","inLanguage":"en-US","@id":"https:\/\/ubirataonline.com.br\/lipedema-em-mulheres-magras-caso-de-rafa-brites-mostra-desinformacao-sobre-o-tema\/#primaryimage","url":"https:\/\/ubirataonline.com.br\/wp-content\/uploads\/2026\/02\/Lipedema-em-mulheres-magras-caso-de-Rafa-Brites-mostra-desinformacao.jpg","contentUrl":"https:\/\/ubirataonline.com.br\/wp-content\/uploads\/2026\/02\/Lipedema-em-mulheres-magras-caso-de-Rafa-Brites-mostra-desinformacao.jpg","width":1200,"height":800,"caption":"O lipedema pode atingir mulheres com diferentes biotipos (Imagem: New Africa | Shutterstock)"},{"@type":"BreadcrumbList","@id":"https:\/\/ubirataonline.com.br\/lipedema-em-mulheres-magras-caso-de-rafa-brites-mostra-desinformacao-sobre-o-tema\/#breadcrumb","itemListElement":[{"@type":"ListItem","position":1,"name":"In\u00edcio","item":"https:\/\/ubirataonline.com.br\/"},{"@type":"ListItem","position":2,"name":"Lipedema em mulheres magras: caso de Rafa Brites mostra desinforma\u00e7\u00e3o sobre o tema"}]},{"@type":"WebSite","@id":"https:\/\/ubirataonline.com.br\/#website","url":"https:\/\/ubirataonline.com.br\/","name":"Ubirat\u00e3 Online Not\u00edcias","description":"Not\u00edcias de Ubirat\u00e3, regi\u00e3o, Brasil e mundo, com informa\u00e7\u00e3o atualizada e compromisso com o leitor.","publisher":{"@id":"https:\/\/ubirataonline.com.br\/#organization"},"alternateName":"Ubirat\u00e3 Online","potentialAction":[{"@type":"SearchAction","target":{"@type":"EntryPoint","urlTemplate":"https:\/\/ubirataonline.com.br\/?s={search_term_string}"},"query-input":{"@type":"PropertyValueSpecification","valueRequired":true,"valueName":"search_term_string"}}],"inLanguage":"en-US"},{"@type":["Organization","Place"],"@id":"https:\/\/ubirataonline.com.br\/#organization","name":"Ubirat\u00e3 Online Not\u00edcias","alternateName":"Ubirat\u00e3 Online","url":"https:\/\/ubirataonline.com.br\/","logo":{"@id":"https:\/\/ubirataonline.com.br\/lipedema-em-mulheres-magras-caso-de-rafa-brites-mostra-desinformacao-sobre-o-tema\/#local-main-organization-logo"},"image":{"@id":"https:\/\/ubirataonline.com.br\/lipedema-em-mulheres-magras-caso-de-rafa-brites-mostra-desinformacao-sobre-o-tema\/#local-main-organization-logo"},"sameAs":["https:\/\/www.facebook.com\/portalubirataonline","https:\/\/x.com\/ubirataonline","https:\/\/mastodon.social\/@ubirataonline","https:\/\/www.facebook.com\/groups\/311144672285604","https:\/\/www.facebook.com\/UBTAOnline","https:\/\/www.instagram.com\/portalubirataonline\/","https:\/\/twitter.com\/ubirataonline"],"description":"Somos um portal de not\u00edcias independente, criado em 5 de janeiro de 2009, com o objetivo de informar, conectar e valorizar a nossa comunidade de Ubirat\u00e3 e toda aregi\u00e3o. Com conte\u00fado atualizado, confi\u00e1vel e relevante, o Ubirat\u00e3 Online \u00e9 o seu espa\u00e7o para ficar por dentro dos principais acontecimentos locais, regionais, Brasil, Mundo e de interesse geral. Nosso compromisso \u00e9 com a verdade, a transpar\u00eancia e o respeito ao leitor.","legalName":"UBIRATA ONLINE NOT\u00cdCIAS","foundingDate":"2009-01-05","numberOfEmployees":{"@type":"QuantitativeValue","minValue":"1","maxValue":"10"},"publishingPrinciples":"https:\/\/ubirataonline.com.br\/faq\/","address":{"@id":"https:\/\/ubirataonline.com.br\/lipedema-em-mulheres-magras-caso-de-rafa-brites-mostra-desinformacao-sobre-o-tema\/#local-main-place-address"},"geo":{"@type":"GeoCoordinates","latitude":"-24.5361401","longitude":"-52.9921776"},"telephone":["+5544998308235"],"contactPoint":{"@type":"ContactPoint","email":"contato@ubirataonline.com.br"},"openingHoursSpecification":{"@type":"OpeningHoursSpecification","dayOfWeek":["Monday","Tuesday","Wednesday","Thursday","Friday","Saturday","Sunday"],"opens":"00:00","closes":"23:59"},"email":"contato@ubirataonline.com.br","vatID":"47.621.418\/0001-80"},{"@type":"Person","@id":"https:\/\/ubirataonline.com.br\/#\/schema\/person\/372f87bbd3fdd79b8556b84c98d0bc1c","name":"REDA\u00c7\u00c3O: UBIRAT\u00c3 ONLINE - F\u00c1BIO AUGUSTO CELESTINO","pronouns":"Ele","description":"Desde 2003 trabalhando com not\u00edcias.","sameAs":["http:\/\/ubirataoline.com.br","https:\/\/www.facebook.com\/portalubirataonline","https:\/\/www.instagram.com\/ubirataonline_oficial","https:\/\/x.com\/x.com\/ubirataonline"],"honorificPrefix":"Mr.","honorificSuffix":"MD","birthDate":"1980-06-16","gender":"masculino","award":["V\u00e1rios pr\u00eamios de melhor portal da cidade"],"jobTitle":"Diretor","url":"https:\/\/ubirataonline.com.br\/en\/author\/ubirataonline\/"},{"@type":"PostalAddress","@id":"https:\/\/ubirataonline.com.br\/lipedema-em-mulheres-magras-caso-de-rafa-brites-mostra-desinformacao-sobre-o-tema\/#local-main-place-address","streetAddress":"Rua dos Coqueiros, 104 - Bairro Boa Vista, Rua dos Coqueiros, 104 Bairro Boa Vista","addressLocality":"UBIRATA","postalCode":"85440-000","addressRegion":"PR","addressCountry":"BR"},{"@type":"ImageObject","inLanguage":"en-US","@id":"https:\/\/ubirataonline.com.br\/lipedema-em-mulheres-magras-caso-de-rafa-brites-mostra-desinformacao-sobre-o-tema\/#local-main-organization-logo","url":"https:\/\/ubirataonline.com.br\/wp-content\/uploads\/2026\/06\/logoubirataonline-1.webp","contentUrl":"https:\/\/ubirataonline.com.br\/wp-content\/uploads\/2026\/06\/logoubirataonline-1.webp","width":500,"height":500,"caption":"Ubirat\u00e3 Online Not\u00edcias"}]},"geo.placename":"UBIRATA","geo.position":{"lat":"-24.5361401","long":"-52.9921776"},"geo.region":"Brazil"},"_links":{"self":[{"href":"https:\/\/ubirataonline.com.br\/en\/wp-json\/wp\/v2\/posts\/88871","targetHints":{"allow":["GET"]}}],"collection":[{"href":"https:\/\/ubirataonline.com.br\/en\/wp-json\/wp\/v2\/posts"}],"about":[{"href":"https:\/\/ubirataonline.com.br\/en\/wp-json\/wp\/v2\/types\/post"}],"author":[{"embeddable":true,"href":"https:\/\/ubirataonline.com.br\/en\/wp-json\/wp\/v2\/users\/1"}],"replies":[{"embeddable":true,"href":"https:\/\/ubirataonline.com.br\/en\/wp-json\/wp\/v2\/comments?post=88871"}],"version-history":[{"count":0,"href":"https:\/\/ubirataonline.com.br\/en\/wp-json\/wp\/v2\/posts\/88871\/revisions"}],"wp:featuredmedia":[{"embeddable":true,"href":"https:\/\/ubirataonline.com.br\/en\/wp-json\/wp\/v2\/media\/88872"}],"wp:attachment":[{"href":"https:\/\/ubirataonline.com.br\/en\/wp-json\/wp\/v2\/media?parent=88871"}],"wp:term":[{"taxonomy":"category","embeddable":true,"href":"https:\/\/ubirataonline.com.br\/en\/wp-json\/wp\/v2\/categories?post=88871"},{"taxonomy":"post_tag","embeddable":true,"href":"https:\/\/ubirataonline.com.br\/en\/wp-json\/wp\/v2\/tags?post=88871"}],"curies":[{"name":"wp","href":"https:\/\/api.w.org\/{rel}","templated":true}]}}