{"id":88987,"date":"2026-02-21T10:56:26","date_gmt":"2026-02-21T13:56:26","guid":{"rendered":"https:\/\/ubirataonline.com.br\/23-year-old-woman-among-victims-in-mass-shooting\/"},"modified":"2026-02-21T10:56:32","modified_gmt":"2026-02-21T13:56:32","slug":"23-year-old-woman-among-victims-in-mass-shooting","status":"publish","type":"post","link":"https:\/\/ubirataonline.com.br\/en\/23-year-old-woman-among-victims-in-mass-shooting\/","title":{"rendered":"23-year-old woman among victims in mass shooting"},"content":{"rendered":"<p><br \/>\n<\/p>\n<div>\n<p class=\"cms-textAlign-left\">RICHMOND, Va. \u2014 Two people were killed and seven others injured in a shooting early Saturday morning in Richmond\u2019s Shockoe Bottom neighborhood, police said. The gunfire was reported around 2:47 a.m. on North 18th Street.<\/p>\n<p class=\"cms-textAlign-left\">According to Richmond Police Chief Rick Edwards, an officer was already in the area and saw \u201ca large commotion.\u201d  He said the officer saw what appeared to be a fight in the street with cars speeding away. She responded within seconds and found an adult woman suffering from multiple gunshot wounds. She was pronounced dead at the scene.<\/p>\n<p class=\"cms-textAlign-left\">That woman has been identified by family as 23-year-old Genesis Jones, Crime Insider Jon Burkett reported.<\/p>\n<p class=\"cms-textAlign-left\"><b>Victim remembered by family<\/b><\/p>\n<p class=\"cms-textAlign-left\">Jones\u2019s older brother, Zekiah Jones, told CBS 6 the family had come to Shockoe Bottom from Petersburg to celebrate their younger brother\u2019s birthday. <\/p>\n<p class=\"cms-textAlign-left\">He said Genesis was simply walking down the street when she was struck by gunfire.<\/p>\n<p class=\"cms-textAlign-left\">Zekiah said he initially didn\u2019t think much when he heard the shots because, sadly, \u201cpeople shoot all the time in Shockoe Bottom.\u201d <\/p>\n<p class=\"cms-textAlign-left\">Moments later, friends arrived to tell him his sister had been killed.<\/p>\n<p class=\"cms-textAlign-left\">\u201cIt\u2019s more so shocking\u2026 She was so young, 23. She didn\u2019t have a chance to really live life yet,\u201d Zekiah said. \u201cShe\u2019s still a baby\u2026 our baby.\u201d<\/p>\n<p><span class=\"VideoEnhancement\" data-video-disable-history=\"\"><\/p>\n<p>Zekiah Jones talks about his sister killed in Shockoe Bottom shooting<\/p>\n<p><\/span><\/p>\n<p>Zekiah described his sister as \u201cthe life of the party,\u201d someone who loved bringing people together. \u201cShe\u2019s going to be truly missed,\u201d he said.<\/p>\n<p>\u201cFrom what the police are telling me, she was not a part of it\u2026 She was about good vibes, wanting everybody to have a good time and get along,\u201d he said.<\/p>\n<p>He also shared a message about ending violence.<\/p>\n<p>\u201cI was always against guns, but now it really hits home. We, as the people \u2014 no matter race or gender \u2014 have to come together. The violence has to stop. Not only is my family affected, but there were other victims and families affected. No family should have to feel this, especially during this time of year. We came to celebrate, and now we\u2019re leaving in grief.\u201d<\/p>\n<p><b>Second victim<\/b><\/p>\n<p>Chief Edwards said additional responding officers found an adult man with gunshot wounds. He, too, was pronounced dead at the scene.<\/p>\n<p>Police have not yet officially released the names of any victims.<\/p>\n<p><b>Victim breakdown<\/b><\/p>\n<p>In total, nine people were shot:<\/p>\n<p>Two deceased: Genesis Jones and an adult male<br \/>Three adult males wounded<br \/>Four adult females wounded<\/p>\n<p>Four of the wounded were transported by the Richmond Ambulance Authority; three others arrived in private vehicles.<\/p>\n<p><b>What led up to the shooting<\/b><\/p>\n<p>\u201cAt this point, it seems like a fight started,\u201d Edwards said. \u201cIndividuals intervened, and shots were fired. They were all in the middle of the street\u2026 in the 0\u2013100 block of North 18th Street.\u201d<\/p>\n<p>He called the incident \u201cfrustrating,\u201d noting it had been a relatively quiet night until the shooting.<\/p>\n<p>\u201cIf you\u2019re carrying firearms, you can\u2019t engage in a normal fight, because it escalates like it did tonight. One person starts shooting, multiple people start shooting,\u201d Edwards said. \u201cThere were at least two shooters, and some of the information we have may change as the investigation continues.\u201d<\/p>\n<p><span class=\"VideoEnhancement\" data-video-disable-history=\"\"><\/p>\n<p>Richmond Police Chief Rick Edwards on mass shooting<\/p>\n<p><\/span><\/p>\n<p><b>Chaos in Richmond\u2019s Shockoe Bottom<\/b><\/p>\n<p>Witnesses told CBS 6 they heard what sounded like automatic gunfire getting closer and closer. <\/p>\n<p>Bartenders near 18th and Franklin said customers ducked behind the bar for safety.<\/p>\n<p>Burkett described the scene as \u201cmad chaos\u201d with cars riddled with bullets, patrons scrambling for shelter, and forensic teams collecting shell casings from vehicles and streets.<\/p>\n<p>Edwards confirmed \u201cseveral cars have been hit by bullets.\u201d Detectives are reviewing surveillance footage and using technology to identify suspects.<\/p>\n<p><b>Large crime scene<\/b><\/p>\n<p>Police have shut down streets from 17th and Main to 19th and Main, and also around 18th and Franklin.<\/p>\n<p>Authorities are urging anyone with information to call Richmond Police at 804-780-1000 or contact Crime Stoppers. Tips can remain anonymous.<\/p>\n<p class=\"cms-textAlign-center\"><b><i>This is a developing story. <\/i><\/b><a class=\"Link\" href=\"https:\/\/www.wtvr.com\/news\/local-news\/mailto:newstips@wtvr.com\" target=\"_blank\" rel=\"noopener noreferrer\"><b><i>Email the CBS 6 Newsroom if you have additional information to share.<\/i><\/b><\/a><\/p>\n<p class=\"cms-textAlign-center\"><b>&#x1f4f2;: CONNECT WITH US<\/b><\/p>\n<p class=\"cms-textAlign-center\"><a class=\"Link\" href=\"https:\/\/bsky.app\/profile\/cbs6-richmond.bsky.social\" target=\"_blank\"><b class=\"rte2-style-bold\">Blue Sky<\/b> <\/a><b>| <\/b><a class=\"Link\" href=\"https:\/\/www.facebook.com\/CBS6News\" target=\"_blank\"><b class=\"rte2-style-bold\">Facebook<\/b> <\/a><b>| <\/b><a class=\"Link\" href=\"https:\/\/www.instagram.com\/cbs6\/\" target=\"_blank\"><b class=\"rte2-style-bold\">Instagram<\/b> <\/a><b>| <\/b><a class=\"Link\" href=\"https:\/\/x.com\/CBS6\" target=\"_blank\"><b class=\"rte2-style-bold\">X<\/b> <\/a><b>| <\/b><a class=\"Link\" href=\"https:\/\/www.threads.net\/@cbs6\" target=\"_blank\"><b class=\"rte2-style-bold\">Threads<\/b> <\/a><b>| <\/b><a class=\"Link\" href=\"https:\/\/www.tiktok.com\/@cbs6_rva\" target=\"_blank\"><b class=\"rte2-style-bold\">TikTok<\/b> <\/a><b>| <\/b><a class=\"Link\" href=\"https:\/\/www.youtube.com\/@WTVRCBS6\" target=\"_blank\"><b class=\"rte2-style-bold\">YouTube<\/b><\/a><\/p>\n<div class=\"HtmlModule\">\n    <a href=\"https:\/\/www.wtvr.com\/giving-you-a-voice\"><\/a>\n<\/div>\n<p class=\"cms-textAlign-center\"><i>This story was initially reported by a journalist and has been converted to this platform with the assistance of AI. Our editorial team verifies all reporting on all platforms for fairness and accuracy. To learn more about how we use AI in our newsroom, <\/i><a class=\"Link\" href=\"https:\/\/www.wtvr.com\/news\/local-news\/how-we-use-ai-at-wtvr\"><i>click here<\/i><\/a><i>.<\/i><\/p>\n<\/div>\n<p><script>\n    window.fbAsyncInit = function() {\n    FB.init({\n        appId : '774910576305405',\n    xfbml : true,\n    version : 'v2.9'\n    });\n    };\n    (function(d, s, id){\n    var js, fjs = d.getElementsByTagName(s)[0];\n    if (d.getElementById(id)) {return;}\n    js = d.createElement(s); js.id = id;\n    js.src = \"https:\/\/connect.facebook.net\/en_US\/sdk.js\";\n    js.async = true;\n    fjs.parentNode.insertBefore(js, fjs);\n    }(document, 'script', 'facebook-jssdk'));\n<\/script><script async src=\"\/\/www.instagram.com\/embed.js\"><\/script><script async src=\"\/\/www.tiktok.com\/embed.js\"><\/script><br \/>\n<br \/><br \/>\n<br \/><a href=\"https:\/\/www.wtvr.com\/news\/local-news\/shockoe-bottom-shooting-richmond-feb-21-2026\">Source link <\/a><\/p>\n","protected":false},"excerpt":{"rendered":"<p>RICHMOND, Va. \u2014 Two people were killed and seven others injured in a shooting early Saturday morning in Richmond\u2019s Shockoe Bottom neighborhood, police said. The gunfire was reported around 2:47 a.m. on North 18th Street. According to Richmond Police Chief Rick Edwards, an officer was already in the area and saw \u201ca large commotion.\u201d He [&hellip;]<\/p>\n","protected":false},"author":1,"featured_media":88988,"comment_status":"closed","ping_status":"","sticky":false,"template":"","format":"standard","meta":{"googlesitekit_rrm_CAow2JLhCw:productID":"","_gspb_post_css":"","maa_idioma":"","maa_pais":"","footnotes":""},"categories":[1],"tags":[19896,3070,7562,4352,5873,9630],"class_list":["post-88987","post","type-post","status-publish","format-standard","has-post-thumbnail","hentry","category-ubirata","tag-23yearold","tag-among","tag-mass","tag-shooting","tag-victims","tag-woman"],"blocksy_meta":[],"yoast_head":"<!-- This site is optimized with the Yoast SEO Premium plugin v27.6 (Yoast SEO v27.6) - https:\/\/yoast.com\/product\/yoast-seo-premium-wordpress\/ -->\n<title>23-year-old woman among victims in mass shooting - Ubirat\u00e3 Online Not\u00edcias - A realidade ao seu alcance!<\/title>\n<meta name=\"description\" content=\"RICHMOND, Va. \u2014 Two people were killed and seven others injured in a shooting early Saturday morning in Richmond\u2019s Shockoe Bottom neighborhood, police\" \/>\n<meta name=\"robots\" content=\"index, follow, max-snippet:-1, max-image-preview:large, max-video-preview:-1\" \/>\n<link rel=\"canonical\" href=\"https:\/\/ubirataonline.com.br\/en\/23-year-old-woman-among-victims-in-mass-shooting\/\" \/>\n<meta property=\"og:locale\" content=\"en_US\" \/>\n<meta property=\"og:type\" content=\"article\" \/>\n<meta property=\"og:title\" content=\"23-year-old woman among victims in mass shooting\" \/>\n<meta property=\"og:description\" content=\"RICHMOND, Va. \u2014 Two people were killed and seven others injured in a shooting early Saturday morning in Richmond\u2019s Shockoe Bottom neighborhood, police\" \/>\n<meta property=\"og:url\" content=\"https:\/\/ubirataonline.com.br\/en\/23-year-old-woman-among-victims-in-mass-shooting\/\" \/>\n<meta property=\"og:site_name\" content=\"Ubirat\u00e3 Online Not\u00edcias - A realidade ao seu alcance!\" \/>\n<meta property=\"article:publisher\" content=\"https:\/\/www.facebook.com\/portalubirataonline\" \/>\n<meta property=\"article:author\" content=\"https:\/\/www.facebook.com\/portalubirataonline\" \/>\n<meta property=\"article:published_time\" content=\"2026-02-21T13:56:26+00:00\" \/>\n<meta property=\"article:modified_time\" content=\"2026-02-21T13:56:32+00:00\" \/>\n<meta property=\"og:image\" content=\"https:\/\/ubirataonline.com.br\/wp-content\/uploads\/2026\/02\/23-year-old-woman-among-victims-in-mass-shooting.com2Fb32F9e2F315198444b85b4b00a82e84432982Fs.jpeg\" \/>\n\t<meta property=\"og:image:width\" content=\"1200\" \/>\n\t<meta property=\"og:image:height\" content=\"630\" \/>\n\t<meta property=\"og:image:type\" content=\"image\/jpeg\" \/>\n<meta name=\"author\" content=\"REDA\u00c7\u00c3O: UBIRAT\u00c3 ONLINE - F\u00c1BIO AUGUSTO CELESTINO\" \/>\n<meta name=\"twitter:card\" content=\"summary_large_image\" \/>\n<meta name=\"twitter:creator\" content=\"@x.com\/ubirataonline\" \/>\n<meta name=\"twitter:site\" content=\"@ubirataonline\" \/>\n<meta name=\"twitter:label1\" content=\"Written by\" \/>\n\t<meta name=\"twitter:data1\" content=\"REDA\u00c7\u00c3O: UBIRAT\u00c3 ONLINE - F\u00c1BIO AUGUSTO CELESTINO\" \/>\n\t<meta name=\"twitter:label2\" content=\"Est. reading time\" \/>\n\t<meta name=\"twitter:data2\" content=\"4 minutes\" \/>\n<script type=\"application\/ld+json\" class=\"yoast-schema-graph\">{\"@context\":\"https:\\\/\\\/schema.org\",\"@graph\":[{\"@type\":\"NewsArticle\",\"@id\":\"https:\\\/\\\/ubirataonline.com.br\\\/23-year-old-woman-among-victims-in-mass-shooting\\\/#article\",\"isPartOf\":{\"@id\":\"https:\\\/\\\/ubirataonline.com.br\\\/23-year-old-woman-among-victims-in-mass-shooting\\\/\"},\"author\":{\"name\":\"REDA\u00c7\u00c3O: UBIRAT\u00c3 ONLINE - F\u00c1BIO AUGUSTO CELESTINO\",\"@id\":\"https:\\\/\\\/ubirataonline.com.br\\\/#\\\/schema\\\/person\\\/372f87bbd3fdd79b8556b84c98d0bc1c\"},\"headline\":\"23-year-old woman among victims in mass shooting\",\"datePublished\":\"2026-02-21T13:56:26+00:00\",\"dateModified\":\"2026-02-21T13:56:32+00:00\",\"mainEntityOfPage\":{\"@id\":\"https:\\\/\\\/ubirataonline.com.br\\\/23-year-old-woman-among-victims-in-mass-shooting\\\/\"},\"wordCount\":752,\"publisher\":{\"@id\":\"https:\\\/\\\/ubirataonline.com.br\\\/#organization\"},\"image\":{\"@id\":\"https:\\\/\\\/ubirataonline.com.br\\\/23-year-old-woman-among-victims-in-mass-shooting\\\/#primaryimage\"},\"thumbnailUrl\":\"https:\\\/\\\/ubirataonline.com.br\\\/wp-content\\\/uploads\\\/2026\\\/02\\\/23-year-old-woman-among-victims-in-mass-shooting.com2Fb32F9e2F315198444b85b4b00a82e84432982Fs.jpeg\",\"keywords\":[\"23yearold\",\"among\",\"mass\",\"shooting\",\"Victims\",\"Woman\"],\"articleSection\":[\"Ubirat\u00e3\"],\"inLanguage\":\"en-US\",\"copyrightYear\":\"2026\",\"copyrightHolder\":{\"@id\":\"https:\\\/\\\/ubirataonline.com.br\\\/en\\\/#organization\"}},{\"@type\":\"WebPage\",\"@id\":\"https:\\\/\\\/ubirataonline.com.br\\\/23-year-old-woman-among-victims-in-mass-shooting\\\/\",\"url\":\"https:\\\/\\\/ubirataonline.com.br\\\/23-year-old-woman-among-victims-in-mass-shooting\\\/\",\"name\":\"23-year-old woman among victims in mass shooting - Ubirat\u00e3 Online Not\u00edcias - A realidade ao seu alcance!\",\"isPartOf\":{\"@id\":\"https:\\\/\\\/ubirataonline.com.br\\\/#website\"},\"primaryImageOfPage\":{\"@id\":\"https:\\\/\\\/ubirataonline.com.br\\\/23-year-old-woman-among-victims-in-mass-shooting\\\/#primaryimage\"},\"image\":{\"@id\":\"https:\\\/\\\/ubirataonline.com.br\\\/23-year-old-woman-among-victims-in-mass-shooting\\\/#primaryimage\"},\"thumbnailUrl\":\"https:\\\/\\\/ubirataonline.com.br\\\/wp-content\\\/uploads\\\/2026\\\/02\\\/23-year-old-woman-among-victims-in-mass-shooting.com2Fb32F9e2F315198444b85b4b00a82e84432982Fs.jpeg\",\"datePublished\":\"2026-02-21T13:56:26+00:00\",\"dateModified\":\"2026-02-21T13:56:32+00:00\",\"description\":\"RICHMOND, Va. \u2014 Two people were killed and seven others injured in a shooting early Saturday morning in Richmond\u2019s Shockoe Bottom neighborhood, police\",\"breadcrumb\":{\"@id\":\"https:\\\/\\\/ubirataonline.com.br\\\/23-year-old-woman-among-victims-in-mass-shooting\\\/#breadcrumb\"},\"inLanguage\":\"en-US\",\"potentialAction\":[{\"@type\":\"ReadAction\",\"target\":[\"https:\\\/\\\/ubirataonline.com.br\\\/23-year-old-woman-among-victims-in-mass-shooting\\\/\"]}]},{\"@type\":\"ImageObject\",\"inLanguage\":\"en-US\",\"@id\":\"https:\\\/\\\/ubirataonline.com.br\\\/23-year-old-woman-among-victims-in-mass-shooting\\\/#primaryimage\",\"url\":\"https:\\\/\\\/ubirataonline.com.br\\\/wp-content\\\/uploads\\\/2026\\\/02\\\/23-year-old-woman-among-victims-in-mass-shooting.com2Fb32F9e2F315198444b85b4b00a82e84432982Fs.jpeg\",\"contentUrl\":\"https:\\\/\\\/ubirataonline.com.br\\\/wp-content\\\/uploads\\\/2026\\\/02\\\/23-year-old-woman-among-victims-in-mass-shooting.com2Fb32F9e2F315198444b85b4b00a82e84432982Fs.jpeg\",\"width\":1200,\"height\":630,\"caption\":\"23-year-old woman among victims in mass shooting\"},{\"@type\":\"BreadcrumbList\",\"@id\":\"https:\\\/\\\/ubirataonline.com.br\\\/23-year-old-woman-among-victims-in-mass-shooting\\\/#breadcrumb\",\"itemListElement\":[{\"@type\":\"ListItem\",\"position\":1,\"name\":\"In\u00edcio\",\"item\":\"https:\\\/\\\/ubirataonline.com.br\\\/\"},{\"@type\":\"ListItem\",\"position\":2,\"name\":\"23-year-old woman among victims in mass shooting\"}]},{\"@type\":\"WebSite\",\"@id\":\"https:\\\/\\\/ubirataonline.com.br\\\/#website\",\"url\":\"https:\\\/\\\/ubirataonline.com.br\\\/\",\"name\":\"Ubirat\u00e3 Online Not\u00edcias\",\"description\":\"Not\u00edcias de Ubirat\u00e3, regi\u00e3o, Brasil e mundo, com informa\u00e7\u00e3o atualizada e compromisso com o leitor.\",\"publisher\":{\"@id\":\"https:\\\/\\\/ubirataonline.com.br\\\/#organization\"},\"alternateName\":\"Ubirat\u00e3 Online\",\"potentialAction\":[{\"@type\":\"SearchAction\",\"target\":{\"@type\":\"EntryPoint\",\"urlTemplate\":\"https:\\\/\\\/ubirataonline.com.br\\\/?s={search_term_string}\"},\"query-input\":{\"@type\":\"PropertyValueSpecification\",\"valueRequired\":true,\"valueName\":\"search_term_string\"}}],\"inLanguage\":\"en-US\"},{\"@type\":[\"Organization\",\"Place\"],\"@id\":\"https:\\\/\\\/ubirataonline.com.br\\\/#organization\",\"name\":\"Ubirat\u00e3 Online Not\u00edcias\",\"alternateName\":\"Ubirat\u00e3 Online\",\"url\":\"https:\\\/\\\/ubirataonline.com.br\\\/\",\"logo\":{\"@id\":\"https:\\\/\\\/ubirataonline.com.br\\\/23-year-old-woman-among-victims-in-mass-shooting\\\/#local-main-organization-logo\"},\"image\":{\"@id\":\"https:\\\/\\\/ubirataonline.com.br\\\/23-year-old-woman-among-victims-in-mass-shooting\\\/#local-main-organization-logo\"},\"sameAs\":[\"https:\\\/\\\/www.facebook.com\\\/portalubirataonline\",\"https:\\\/\\\/x.com\\\/ubirataonline\",\"https:\\\/\\\/mastodon.social\\\/@ubirataonline\",\"https:\\\/\\\/www.facebook.com\\\/groups\\\/311144672285604\",\"https:\\\/\\\/www.facebook.com\\\/UBTAOnline\",\"https:\\\/\\\/www.instagram.com\\\/portalubirataonline\\\/\",\"https:\\\/\\\/twitter.com\\\/ubirataonline\"],\"description\":\"Somos um portal de not\u00edcias independente, criado em 5 de janeiro de 2009, com o objetivo de informar, conectar e valorizar a nossa comunidade de Ubirat\u00e3 e toda aregi\u00e3o. Com conte\u00fado atualizado, confi\u00e1vel e relevante, o Ubirat\u00e3 Online \u00e9 o seu espa\u00e7o para ficar por dentro dos principais acontecimentos locais, regionais, Brasil, Mundo e de interesse geral. Nosso compromisso \u00e9 com a verdade, a transpar\u00eancia e o respeito ao leitor.\",\"legalName\":\"UBIRATA ONLINE NOT\u00cdCIAS\",\"foundingDate\":\"2009-01-05\",\"numberOfEmployees\":{\"@type\":\"QuantitativeValue\",\"minValue\":\"1\",\"maxValue\":\"10\"},\"publishingPrinciples\":\"https:\\\/\\\/ubirataonline.com.br\\\/faq\\\/\",\"address\":{\"@id\":\"https:\\\/\\\/ubirataonline.com.br\\\/23-year-old-woman-among-victims-in-mass-shooting\\\/#local-main-place-address\"},\"geo\":{\"@type\":\"GeoCoordinates\",\"latitude\":\"-24.5361401\",\"longitude\":\"-52.9921776\"},\"telephone\":[\"+5544998308235\"],\"contactPoint\":{\"@type\":\"ContactPoint\",\"email\":\"contato@ubirataonline.com.br\"},\"openingHoursSpecification\":{\"@type\":\"OpeningHoursSpecification\",\"dayOfWeek\":[\"Monday\",\"Tuesday\",\"Wednesday\",\"Thursday\",\"Friday\",\"Saturday\",\"Sunday\"],\"opens\":\"00:00\",\"closes\":\"23:59\"},\"email\":\"contato@ubirataonline.com.br\",\"vatID\":\"47.621.418\\\/0001-80\"},{\"@type\":\"Person\",\"@id\":\"https:\\\/\\\/ubirataonline.com.br\\\/#\\\/schema\\\/person\\\/372f87bbd3fdd79b8556b84c98d0bc1c\",\"name\":\"REDA\u00c7\u00c3O: UBIRAT\u00c3 ONLINE - F\u00c1BIO AUGUSTO CELESTINO\",\"pronouns\":\"Ele\",\"description\":\"Desde 2003 trabalhando com not\u00edcias.\",\"sameAs\":[\"http:\\\/\\\/ubirataoline.com.br\",\"https:\\\/\\\/www.facebook.com\\\/portalubirataonline\",\"https:\\\/\\\/www.instagram.com\\\/ubirataonline_oficial\",\"https:\\\/\\\/x.com\\\/x.com\\\/ubirataonline\"],\"honorificPrefix\":\"Mr.\",\"honorificSuffix\":\"MD\",\"birthDate\":\"1980-06-16\",\"gender\":\"masculino\",\"award\":[\"V\u00e1rios pr\u00eamios de melhor portal da cidade\"],\"jobTitle\":\"Diretor\",\"url\":\"https:\\\/\\\/ubirataonline.com.br\\\/en\\\/author\\\/ubirataonline\\\/\"},{\"@type\":\"PostalAddress\",\"@id\":\"https:\\\/\\\/ubirataonline.com.br\\\/23-year-old-woman-among-victims-in-mass-shooting\\\/#local-main-place-address\",\"streetAddress\":\"Rua dos Coqueiros, 104 - Bairro Boa Vista, Rua dos Coqueiros, 104 Bairro Boa Vista\",\"addressLocality\":\"UBIRATA\",\"postalCode\":\"85440-000\",\"addressRegion\":\"PR\",\"addressCountry\":\"BR\"},{\"@type\":\"ImageObject\",\"inLanguage\":\"en-US\",\"@id\":\"https:\\\/\\\/ubirataonline.com.br\\\/23-year-old-woman-among-victims-in-mass-shooting\\\/#local-main-organization-logo\",\"url\":\"https:\\\/\\\/ubirataonline.com.br\\\/wp-content\\\/uploads\\\/2026\\\/06\\\/logoubirataonline-1.webp\",\"contentUrl\":\"https:\\\/\\\/ubirataonline.com.br\\\/wp-content\\\/uploads\\\/2026\\\/06\\\/logoubirataonline-1.webp\",\"width\":500,\"height\":500,\"caption\":\"Ubirat\u00e3 Online Not\u00edcias\"}]}<\/script>\n<meta name=\"geo.placename\" content=\"UBIRATA\" \/>\n<meta name=\"geo.position\" content=\"-24.5361401;-52.9921776\" \/>\n<meta name=\"geo.region\" content=\"Brazil\" \/>\n<!-- \/ Yoast SEO Premium plugin. -->","yoast_head_json":{"title":"23-year-old woman among victims in mass shooting - Ubirat\u00e3 Online Not\u00edcias - A realidade ao seu alcance!","description":"RICHMOND, Va. \u2014 Two people were killed and seven others injured in a shooting early Saturday morning in Richmond\u2019s Shockoe Bottom neighborhood, police","robots":{"index":"index","follow":"follow","max-snippet":"max-snippet:-1","max-image-preview":"max-image-preview:large","max-video-preview":"max-video-preview:-1"},"canonical":"https:\/\/ubirataonline.com.br\/en\/23-year-old-woman-among-victims-in-mass-shooting\/","og_locale":"en_US","og_type":"article","og_title":"23-year-old woman among victims in mass shooting","og_description":"RICHMOND, Va. \u2014 Two people were killed and seven others injured in a shooting early Saturday morning in Richmond\u2019s Shockoe Bottom neighborhood, police","og_url":"https:\/\/ubirataonline.com.br\/en\/23-year-old-woman-among-victims-in-mass-shooting\/","og_site_name":"Ubirat\u00e3 Online Not\u00edcias - A realidade ao seu alcance!","article_publisher":"https:\/\/www.facebook.com\/portalubirataonline","article_author":"https:\/\/www.facebook.com\/portalubirataonline","article_published_time":"2026-02-21T13:56:26+00:00","article_modified_time":"2026-02-21T13:56:32+00:00","og_image":[{"width":1200,"height":630,"url":"https:\/\/ubirataonline.com.br\/wp-content\/uploads\/2026\/02\/23-year-old-woman-among-victims-in-mass-shooting.com2Fb32F9e2F315198444b85b4b00a82e84432982Fs.jpeg","type":"image\/jpeg"}],"author":"REDA\u00c7\u00c3O: UBIRAT\u00c3 ONLINE - F\u00c1BIO AUGUSTO CELESTINO","twitter_card":"summary_large_image","twitter_creator":"@x.com\/ubirataonline","twitter_site":"@ubirataonline","twitter_misc":{"Written by":"REDA\u00c7\u00c3O: UBIRAT\u00c3 ONLINE - F\u00c1BIO AUGUSTO CELESTINO","Est. reading time":"4 minutes"},"schema":{"@context":"https:\/\/schema.org","@graph":[{"@type":"NewsArticle","@id":"https:\/\/ubirataonline.com.br\/23-year-old-woman-among-victims-in-mass-shooting\/#article","isPartOf":{"@id":"https:\/\/ubirataonline.com.br\/23-year-old-woman-among-victims-in-mass-shooting\/"},"author":{"name":"REDA\u00c7\u00c3O: UBIRAT\u00c3 ONLINE - F\u00c1BIO AUGUSTO CELESTINO","@id":"https:\/\/ubirataonline.com.br\/#\/schema\/person\/372f87bbd3fdd79b8556b84c98d0bc1c"},"headline":"23-year-old woman among victims in mass shooting","datePublished":"2026-02-21T13:56:26+00:00","dateModified":"2026-02-21T13:56:32+00:00","mainEntityOfPage":{"@id":"https:\/\/ubirataonline.com.br\/23-year-old-woman-among-victims-in-mass-shooting\/"},"wordCount":752,"publisher":{"@id":"https:\/\/ubirataonline.com.br\/#organization"},"image":{"@id":"https:\/\/ubirataonline.com.br\/23-year-old-woman-among-victims-in-mass-shooting\/#primaryimage"},"thumbnailUrl":"https:\/\/ubirataonline.com.br\/wp-content\/uploads\/2026\/02\/23-year-old-woman-among-victims-in-mass-shooting.com2Fb32F9e2F315198444b85b4b00a82e84432982Fs.jpeg","keywords":["23yearold","among","mass","shooting","Victims","Woman"],"articleSection":["Ubirat\u00e3"],"inLanguage":"en-US","copyrightYear":"2026","copyrightHolder":{"@id":"https:\/\/ubirataonline.com.br\/en\/#organization"}},{"@type":"WebPage","@id":"https:\/\/ubirataonline.com.br\/23-year-old-woman-among-victims-in-mass-shooting\/","url":"https:\/\/ubirataonline.com.br\/23-year-old-woman-among-victims-in-mass-shooting\/","name":"23-year-old woman among victims in mass shooting - Ubirat\u00e3 Online Not\u00edcias - A realidade ao seu alcance!","isPartOf":{"@id":"https:\/\/ubirataonline.com.br\/#website"},"primaryImageOfPage":{"@id":"https:\/\/ubirataonline.com.br\/23-year-old-woman-among-victims-in-mass-shooting\/#primaryimage"},"image":{"@id":"https:\/\/ubirataonline.com.br\/23-year-old-woman-among-victims-in-mass-shooting\/#primaryimage"},"thumbnailUrl":"https:\/\/ubirataonline.com.br\/wp-content\/uploads\/2026\/02\/23-year-old-woman-among-victims-in-mass-shooting.com2Fb32F9e2F315198444b85b4b00a82e84432982Fs.jpeg","datePublished":"2026-02-21T13:56:26+00:00","dateModified":"2026-02-21T13:56:32+00:00","description":"RICHMOND, Va. \u2014 Two people were killed and seven others injured in a shooting early Saturday morning in Richmond\u2019s Shockoe Bottom neighborhood, police","breadcrumb":{"@id":"https:\/\/ubirataonline.com.br\/23-year-old-woman-among-victims-in-mass-shooting\/#breadcrumb"},"inLanguage":"en-US","potentialAction":[{"@type":"ReadAction","target":["https:\/\/ubirataonline.com.br\/23-year-old-woman-among-victims-in-mass-shooting\/"]}]},{"@type":"ImageObject","inLanguage":"en-US","@id":"https:\/\/ubirataonline.com.br\/23-year-old-woman-among-victims-in-mass-shooting\/#primaryimage","url":"https:\/\/ubirataonline.com.br\/wp-content\/uploads\/2026\/02\/23-year-old-woman-among-victims-in-mass-shooting.com2Fb32F9e2F315198444b85b4b00a82e84432982Fs.jpeg","contentUrl":"https:\/\/ubirataonline.com.br\/wp-content\/uploads\/2026\/02\/23-year-old-woman-among-victims-in-mass-shooting.com2Fb32F9e2F315198444b85b4b00a82e84432982Fs.jpeg","width":1200,"height":630,"caption":"23-year-old woman among victims in mass shooting"},{"@type":"BreadcrumbList","@id":"https:\/\/ubirataonline.com.br\/23-year-old-woman-among-victims-in-mass-shooting\/#breadcrumb","itemListElement":[{"@type":"ListItem","position":1,"name":"In\u00edcio","item":"https:\/\/ubirataonline.com.br\/"},{"@type":"ListItem","position":2,"name":"23-year-old woman among victims in mass shooting"}]},{"@type":"WebSite","@id":"https:\/\/ubirataonline.com.br\/#website","url":"https:\/\/ubirataonline.com.br\/","name":"Ubirat\u00e3 Online Not\u00edcias","description":"Not\u00edcias de Ubirat\u00e3, regi\u00e3o, Brasil e mundo, com informa\u00e7\u00e3o atualizada e compromisso com o leitor.","publisher":{"@id":"https:\/\/ubirataonline.com.br\/#organization"},"alternateName":"Ubirat\u00e3 Online","potentialAction":[{"@type":"SearchAction","target":{"@type":"EntryPoint","urlTemplate":"https:\/\/ubirataonline.com.br\/?s={search_term_string}"},"query-input":{"@type":"PropertyValueSpecification","valueRequired":true,"valueName":"search_term_string"}}],"inLanguage":"en-US"},{"@type":["Organization","Place"],"@id":"https:\/\/ubirataonline.com.br\/#organization","name":"Ubirat\u00e3 Online Not\u00edcias","alternateName":"Ubirat\u00e3 Online","url":"https:\/\/ubirataonline.com.br\/","logo":{"@id":"https:\/\/ubirataonline.com.br\/23-year-old-woman-among-victims-in-mass-shooting\/#local-main-organization-logo"},"image":{"@id":"https:\/\/ubirataonline.com.br\/23-year-old-woman-among-victims-in-mass-shooting\/#local-main-organization-logo"},"sameAs":["https:\/\/www.facebook.com\/portalubirataonline","https:\/\/x.com\/ubirataonline","https:\/\/mastodon.social\/@ubirataonline","https:\/\/www.facebook.com\/groups\/311144672285604","https:\/\/www.facebook.com\/UBTAOnline","https:\/\/www.instagram.com\/portalubirataonline\/","https:\/\/twitter.com\/ubirataonline"],"description":"Somos um portal de not\u00edcias independente, criado em 5 de janeiro de 2009, com o objetivo de informar, conectar e valorizar a nossa comunidade de Ubirat\u00e3 e toda aregi\u00e3o. Com conte\u00fado atualizado, confi\u00e1vel e relevante, o Ubirat\u00e3 Online \u00e9 o seu espa\u00e7o para ficar por dentro dos principais acontecimentos locais, regionais, Brasil, Mundo e de interesse geral. Nosso compromisso \u00e9 com a verdade, a transpar\u00eancia e o respeito ao leitor.","legalName":"UBIRATA ONLINE NOT\u00cdCIAS","foundingDate":"2009-01-05","numberOfEmployees":{"@type":"QuantitativeValue","minValue":"1","maxValue":"10"},"publishingPrinciples":"https:\/\/ubirataonline.com.br\/faq\/","address":{"@id":"https:\/\/ubirataonline.com.br\/23-year-old-woman-among-victims-in-mass-shooting\/#local-main-place-address"},"geo":{"@type":"GeoCoordinates","latitude":"-24.5361401","longitude":"-52.9921776"},"telephone":["+5544998308235"],"contactPoint":{"@type":"ContactPoint","email":"contato@ubirataonline.com.br"},"openingHoursSpecification":{"@type":"OpeningHoursSpecification","dayOfWeek":["Monday","Tuesday","Wednesday","Thursday","Friday","Saturday","Sunday"],"opens":"00:00","closes":"23:59"},"email":"contato@ubirataonline.com.br","vatID":"47.621.418\/0001-80"},{"@type":"Person","@id":"https:\/\/ubirataonline.com.br\/#\/schema\/person\/372f87bbd3fdd79b8556b84c98d0bc1c","name":"REDA\u00c7\u00c3O: UBIRAT\u00c3 ONLINE - F\u00c1BIO AUGUSTO CELESTINO","pronouns":"Ele","description":"Desde 2003 trabalhando com not\u00edcias.","sameAs":["http:\/\/ubirataoline.com.br","https:\/\/www.facebook.com\/portalubirataonline","https:\/\/www.instagram.com\/ubirataonline_oficial","https:\/\/x.com\/x.com\/ubirataonline"],"honorificPrefix":"Mr.","honorificSuffix":"MD","birthDate":"1980-06-16","gender":"masculino","award":["V\u00e1rios pr\u00eamios de melhor portal da cidade"],"jobTitle":"Diretor","url":"https:\/\/ubirataonline.com.br\/en\/author\/ubirataonline\/"},{"@type":"PostalAddress","@id":"https:\/\/ubirataonline.com.br\/23-year-old-woman-among-victims-in-mass-shooting\/#local-main-place-address","streetAddress":"Rua dos Coqueiros, 104 - Bairro Boa Vista, Rua dos Coqueiros, 104 Bairro Boa Vista","addressLocality":"UBIRATA","postalCode":"85440-000","addressRegion":"PR","addressCountry":"BR"},{"@type":"ImageObject","inLanguage":"en-US","@id":"https:\/\/ubirataonline.com.br\/23-year-old-woman-among-victims-in-mass-shooting\/#local-main-organization-logo","url":"https:\/\/ubirataonline.com.br\/wp-content\/uploads\/2026\/06\/logoubirataonline-1.webp","contentUrl":"https:\/\/ubirataonline.com.br\/wp-content\/uploads\/2026\/06\/logoubirataonline-1.webp","width":500,"height":500,"caption":"Ubirat\u00e3 Online Not\u00edcias"}]},"geo.placename":"UBIRATA","geo.position":{"lat":"-24.5361401","long":"-52.9921776"},"geo.region":"Brazil"},"_links":{"self":[{"href":"https:\/\/ubirataonline.com.br\/en\/wp-json\/wp\/v2\/posts\/88987","targetHints":{"allow":["GET"]}}],"collection":[{"href":"https:\/\/ubirataonline.com.br\/en\/wp-json\/wp\/v2\/posts"}],"about":[{"href":"https:\/\/ubirataonline.com.br\/en\/wp-json\/wp\/v2\/types\/post"}],"author":[{"embeddable":true,"href":"https:\/\/ubirataonline.com.br\/en\/wp-json\/wp\/v2\/users\/1"}],"replies":[{"embeddable":true,"href":"https:\/\/ubirataonline.com.br\/en\/wp-json\/wp\/v2\/comments?post=88987"}],"version-history":[{"count":0,"href":"https:\/\/ubirataonline.com.br\/en\/wp-json\/wp\/v2\/posts\/88987\/revisions"}],"wp:featuredmedia":[{"embeddable":true,"href":"https:\/\/ubirataonline.com.br\/en\/wp-json\/wp\/v2\/media\/88988"}],"wp:attachment":[{"href":"https:\/\/ubirataonline.com.br\/en\/wp-json\/wp\/v2\/media?parent=88987"}],"wp:term":[{"taxonomy":"category","embeddable":true,"href":"https:\/\/ubirataonline.com.br\/en\/wp-json\/wp\/v2\/categories?post=88987"},{"taxonomy":"post_tag","embeddable":true,"href":"https:\/\/ubirataonline.com.br\/en\/wp-json\/wp\/v2\/tags?post=88987"}],"curies":[{"name":"wp","href":"https:\/\/api.w.org\/{rel}","templated":true}]}}