{"id":89001,"date":"2026-02-21T12:15:28","date_gmt":"2026-02-21T15:15:28","guid":{"rendered":"https:\/\/ubirataonline.com.br\/jordan-stolz-mia-manganello-take-on-mass-start-as-olympic-speed-skating-concludes-on-saturday\/"},"modified":"2026-02-21T12:15:35","modified_gmt":"2026-02-21T15:15:35","slug":"jordan-stolz-mia-manganello-take-on-mass-start-as-olympic-speed-skating-concludes-on-saturday","status":"publish","type":"post","link":"https:\/\/ubirataonline.com.br\/en\/jordan-stolz-mia-manganello-take-on-mass-start-as-olympic-speed-skating-concludes-on-saturday\/","title":{"rendered":"Jordan Stolz, Mia Manganello take on mass start as Olympic speed skating concludes on Saturday"},"content":{"rendered":"<p><\/p>\n<div>\n<h2 class=\"container container--small\">\n          <span class=\"section-title section-title--spaced\"><\/p>\n<p>Men&#8217;s mass start<\/p>\n<p>          <\/span><br \/>\n        <\/h2>\n<div>\n<p>Ahead of the 2025-26 World Cup season, Stolz, who began his career as a short track skater long ago, decided to add the mass start to his repertoire. He hadn&#8217;t raced the event on the senior World Cup level since 2021, and he hadn&#8217;t raced it in competition since he took bronze at the 2023 Junior World Championships.\u00a0<\/p>\n<p>But as the sprint king often does, he surprised. One week after placing 15th out of 24 skaters at the World Cup opener in Salt Lake City, he skated to bronze in the event. By World Cup No. 4, he found his way to gold. At U.S. Olympic Trials in January, he placed 2nd and 1st between the weekend&#8217;s two races.\u00a0<\/p>\n<p>Stolz, 21, has already made the podium three times in Milan, winning <a href=\"https:\/\/www.nbcolympics.com\/news\/jordan-stolz-captures-second-olympic-gold-500m-olympic-record\">the 500m<\/a> and <a href=\"https:\/\/www.nbcolympics.com\/news\/olympic-speed-skating-mens-1000m-results\">1000m<\/a> and <a href=\"https:\/\/www.nbcolympics.com\/news\/jordan-stolz-claims-1500m-silver-third-medal-milan\">taking silver in the 1500m<\/a>. Though his inexperience might impede some, his speed may carry him to a fourth podium.<\/p>\n<p>With a gold in Saturday&#8217;s mass start, Stolz would become only the second American to win three events in any sport at the same Winter Games. The first was fellow Wisconsinite and speed skater <strong>Eric Heiden<\/strong>, who finished 1st in each of the five men&#8217;s events at the 1980 Lake Placid Olympics.<\/p>\n<p>Teammate <strong>Ethan Cepuran<\/strong>, who <a href=\"https:\/\/www.nbcolympics.com\/videos\/italy-wins-gold-us-takes-silver-mens-team-pursuit\">anchored the U.S. men&#8217;s team pursuit trio to silver <\/a>Feb. 17, will join Stolz in the men&#8217;s competition.<\/p>\n<\/div><\/div>\n<p><a href=\"https:\/\/www.nbcolympics.com\/news\/jordan-stolz-mia-manganello-take-mass-start-olympic-speed-skating-concludes-saturday\">Source link <\/a><\/p>","protected":false},"excerpt":{"rendered":"<p>Men&#8217;s mass start Ahead of the 2025-26 World Cup season, Stolz, who began his career as a short track skater long ago, decided to add the mass start to his repertoire. He hadn&#8217;t raced the event on the senior World Cup level since 2021, and he hadn&#8217;t raced it in competition since he took bronze [&hellip;]<\/p>\n","protected":false},"author":1,"featured_media":89002,"comment_status":"closed","ping_status":"","sticky":false,"template":"","format":"standard","meta":{"googlesitekit_rrm_CAow2JLhCw:productID":"","_gspb_post_css":"","maa_idioma":"","maa_pais":"","footnotes":""},"categories":[1],"tags":[19904,6063,19903,7562,11469,9802,7552,12965,6741,4220,19626],"class_list":["post-89001","post","type-post","status-publish","format-standard","has-post-thumbnail","hentry","category-ubirata","tag-concludes","tag-jordan","tag-manganello","tag-mass","tag-mia","tag-olympic","tag-saturday","tag-skating","tag-speed","tag-start","tag-stolz"],"blocksy_meta":[],"yoast_head":"<!-- This site is optimized with the Yoast SEO Premium plugin v27.6 (Yoast SEO v27.6) - https:\/\/yoast.com\/product\/yoast-seo-premium-wordpress\/ -->\n<title>Jordan Stolz, Mia Manganello take on mass start as Olympic speed skating concludes on Saturday - Ubirat\u00e3 Online Not\u00edcias - A realidade ao seu alcance!<\/title>\n<meta name=\"description\" content=\"Men&#039;s mass start Ahead of the 2025-26 World Cup season, Stolz, who began his career as a short track skater long ago, decided to add the mass start to his\" \/>\n<meta name=\"robots\" content=\"index, follow, max-snippet:-1, max-image-preview:large, max-video-preview:-1\" \/>\n<link rel=\"canonical\" href=\"https:\/\/ubirataonline.com.br\/en\/jordan-stolz-mia-manganello-take-on-mass-start-as-olympic-speed-skating-concludes-on-saturday\/\" \/>\n<meta property=\"og:locale\" content=\"en_US\" \/>\n<meta property=\"og:type\" content=\"article\" \/>\n<meta property=\"og:title\" content=\"Jordan Stolz, Mia Manganello take on mass start as Olympic speed skating concludes on Saturday\" \/>\n<meta property=\"og:description\" content=\"Men&#039;s mass start Ahead of the 2025-26 World Cup season, Stolz, who began his career as a short track skater long ago, decided to add the mass start to his\" \/>\n<meta property=\"og:url\" content=\"https:\/\/ubirataonline.com.br\/en\/jordan-stolz-mia-manganello-take-on-mass-start-as-olympic-speed-skating-concludes-on-saturday\/\" \/>\n<meta property=\"og:site_name\" content=\"Ubirat\u00e3 Online Not\u00edcias - A realidade ao seu alcance!\" \/>\n<meta property=\"article:publisher\" content=\"https:\/\/www.facebook.com\/portalubirataonline\" \/>\n<meta property=\"article:author\" content=\"https:\/\/www.facebook.com\/portalubirataonline\" \/>\n<meta property=\"article:published_time\" content=\"2026-02-21T15:15:28+00:00\" \/>\n<meta property=\"article:modified_time\" content=\"2026-02-21T15:15:35+00:00\" \/>\n<meta property=\"og:image\" content=\"https:\/\/ubirataonline.com.br\/wp-content\/uploads\/2026\/02\/Jordan-Stolz-Mia-Manganello-take-on-mass-start-as-Olympic.jpg\" \/>\n\t<meta property=\"og:image:width\" content=\"1920\" \/>\n\t<meta property=\"og:image:height\" content=\"1080\" \/>\n\t<meta property=\"og:image:type\" content=\"image\/jpeg\" \/>\n<meta name=\"author\" content=\"REDA\u00c7\u00c3O: UBIRAT\u00c3 ONLINE - F\u00c1BIO AUGUSTO CELESTINO\" \/>\n<meta name=\"twitter:card\" content=\"summary_large_image\" \/>\n<meta name=\"twitter:creator\" content=\"@x.com\/ubirataonline\" \/>\n<meta name=\"twitter:site\" content=\"@ubirataonline\" \/>\n<meta name=\"twitter:label1\" content=\"Written by\" \/>\n\t<meta name=\"twitter:data1\" content=\"REDA\u00c7\u00c3O: UBIRAT\u00c3 ONLINE - F\u00c1BIO AUGUSTO CELESTINO\" \/>\n\t<meta name=\"twitter:label2\" content=\"Est. reading time\" \/>\n\t<meta name=\"twitter:data2\" content=\"1 minute\" \/>\n<script type=\"application\/ld+json\" class=\"yoast-schema-graph\">{\"@context\":\"https:\\\/\\\/schema.org\",\"@graph\":[{\"@type\":\"NewsArticle\",\"@id\":\"https:\\\/\\\/ubirataonline.com.br\\\/jordan-stolz-mia-manganello-take-on-mass-start-as-olympic-speed-skating-concludes-on-saturday\\\/#article\",\"isPartOf\":{\"@id\":\"https:\\\/\\\/ubirataonline.com.br\\\/jordan-stolz-mia-manganello-take-on-mass-start-as-olympic-speed-skating-concludes-on-saturday\\\/\"},\"author\":{\"name\":\"REDA\u00c7\u00c3O: UBIRAT\u00c3 ONLINE - F\u00c1BIO AUGUSTO CELESTINO\",\"@id\":\"https:\\\/\\\/ubirataonline.com.br\\\/#\\\/schema\\\/person\\\/372f87bbd3fdd79b8556b84c98d0bc1c\"},\"headline\":\"Jordan Stolz, Mia Manganello take on mass start as Olympic speed skating concludes on Saturday\",\"datePublished\":\"2026-02-21T15:15:28+00:00\",\"dateModified\":\"2026-02-21T15:15:35+00:00\",\"mainEntityOfPage\":{\"@id\":\"https:\\\/\\\/ubirataonline.com.br\\\/jordan-stolz-mia-manganello-take-on-mass-start-as-olympic-speed-skating-concludes-on-saturday\\\/\"},\"wordCount\":253,\"publisher\":{\"@id\":\"https:\\\/\\\/ubirataonline.com.br\\\/#organization\"},\"image\":{\"@id\":\"https:\\\/\\\/ubirataonline.com.br\\\/jordan-stolz-mia-manganello-take-on-mass-start-as-olympic-speed-skating-concludes-on-saturday\\\/#primaryimage\"},\"thumbnailUrl\":\"https:\\\/\\\/ubirataonline.com.br\\\/wp-content\\\/uploads\\\/2026\\\/02\\\/Jordan-Stolz-Mia-Manganello-take-on-mass-start-as-Olympic.jpg\",\"keywords\":[\"concludes\",\"Jordan\",\"Manganello\",\"mass\",\"Mia\",\"Olympic\",\"Saturday\",\"Skating\",\"Speed\",\"Start\",\"Stolz\"],\"articleSection\":[\"Ubirat\u00e3\"],\"inLanguage\":\"en-US\",\"copyrightYear\":\"2026\",\"copyrightHolder\":{\"@id\":\"https:\\\/\\\/ubirataonline.com.br\\\/en\\\/#organization\"}},{\"@type\":\"WebPage\",\"@id\":\"https:\\\/\\\/ubirataonline.com.br\\\/jordan-stolz-mia-manganello-take-on-mass-start-as-olympic-speed-skating-concludes-on-saturday\\\/\",\"url\":\"https:\\\/\\\/ubirataonline.com.br\\\/jordan-stolz-mia-manganello-take-on-mass-start-as-olympic-speed-skating-concludes-on-saturday\\\/\",\"name\":\"Jordan Stolz, Mia Manganello take on mass start as Olympic speed skating concludes on Saturday - Ubirat\u00e3 Online Not\u00edcias - A realidade ao seu alcance!\",\"isPartOf\":{\"@id\":\"https:\\\/\\\/ubirataonline.com.br\\\/#website\"},\"primaryImageOfPage\":{\"@id\":\"https:\\\/\\\/ubirataonline.com.br\\\/jordan-stolz-mia-manganello-take-on-mass-start-as-olympic-speed-skating-concludes-on-saturday\\\/#primaryimage\"},\"image\":{\"@id\":\"https:\\\/\\\/ubirataonline.com.br\\\/jordan-stolz-mia-manganello-take-on-mass-start-as-olympic-speed-skating-concludes-on-saturday\\\/#primaryimage\"},\"thumbnailUrl\":\"https:\\\/\\\/ubirataonline.com.br\\\/wp-content\\\/uploads\\\/2026\\\/02\\\/Jordan-Stolz-Mia-Manganello-take-on-mass-start-as-Olympic.jpg\",\"datePublished\":\"2026-02-21T15:15:28+00:00\",\"dateModified\":\"2026-02-21T15:15:35+00:00\",\"description\":\"Men's mass start Ahead of the 2025-26 World Cup season, Stolz, who began his career as a short track skater long ago, decided to add the mass start to his\",\"breadcrumb\":{\"@id\":\"https:\\\/\\\/ubirataonline.com.br\\\/jordan-stolz-mia-manganello-take-on-mass-start-as-olympic-speed-skating-concludes-on-saturday\\\/#breadcrumb\"},\"inLanguage\":\"en-US\",\"potentialAction\":[{\"@type\":\"ReadAction\",\"target\":[\"https:\\\/\\\/ubirataonline.com.br\\\/jordan-stolz-mia-manganello-take-on-mass-start-as-olympic-speed-skating-concludes-on-saturday\\\/\"]}]},{\"@type\":\"ImageObject\",\"inLanguage\":\"en-US\",\"@id\":\"https:\\\/\\\/ubirataonline.com.br\\\/jordan-stolz-mia-manganello-take-on-mass-start-as-olympic-speed-skating-concludes-on-saturday\\\/#primaryimage\",\"url\":\"https:\\\/\\\/ubirataonline.com.br\\\/wp-content\\\/uploads\\\/2026\\\/02\\\/Jordan-Stolz-Mia-Manganello-take-on-mass-start-as-Olympic.jpg\",\"contentUrl\":\"https:\\\/\\\/ubirataonline.com.br\\\/wp-content\\\/uploads\\\/2026\\\/02\\\/Jordan-Stolz-Mia-Manganello-take-on-mass-start-as-Olympic.jpg\",\"width\":1920,\"height\":1080,\"caption\":\"Jordan Stolz, Mia Manganello take on mass start as Olympic speed skating concludes on Saturday\"},{\"@type\":\"BreadcrumbList\",\"@id\":\"https:\\\/\\\/ubirataonline.com.br\\\/jordan-stolz-mia-manganello-take-on-mass-start-as-olympic-speed-skating-concludes-on-saturday\\\/#breadcrumb\",\"itemListElement\":[{\"@type\":\"ListItem\",\"position\":1,\"name\":\"In\u00edcio\",\"item\":\"https:\\\/\\\/ubirataonline.com.br\\\/\"},{\"@type\":\"ListItem\",\"position\":2,\"name\":\"Jordan Stolz, Mia Manganello take on mass start as Olympic speed skating concludes on Saturday\"}]},{\"@type\":\"WebSite\",\"@id\":\"https:\\\/\\\/ubirataonline.com.br\\\/#website\",\"url\":\"https:\\\/\\\/ubirataonline.com.br\\\/\",\"name\":\"Ubirat\u00e3 Online Not\u00edcias\",\"description\":\"Not\u00edcias de Ubirat\u00e3, regi\u00e3o, Brasil e mundo, com informa\u00e7\u00e3o atualizada e compromisso com o leitor.\",\"publisher\":{\"@id\":\"https:\\\/\\\/ubirataonline.com.br\\\/#organization\"},\"alternateName\":\"Ubirat\u00e3 Online\",\"potentialAction\":[{\"@type\":\"SearchAction\",\"target\":{\"@type\":\"EntryPoint\",\"urlTemplate\":\"https:\\\/\\\/ubirataonline.com.br\\\/?s={search_term_string}\"},\"query-input\":{\"@type\":\"PropertyValueSpecification\",\"valueRequired\":true,\"valueName\":\"search_term_string\"}}],\"inLanguage\":\"en-US\"},{\"@type\":[\"Organization\",\"Place\"],\"@id\":\"https:\\\/\\\/ubirataonline.com.br\\\/#organization\",\"name\":\"Ubirat\u00e3 Online Not\u00edcias\",\"alternateName\":\"Ubirat\u00e3 Online\",\"url\":\"https:\\\/\\\/ubirataonline.com.br\\\/\",\"logo\":{\"@id\":\"https:\\\/\\\/ubirataonline.com.br\\\/jordan-stolz-mia-manganello-take-on-mass-start-as-olympic-speed-skating-concludes-on-saturday\\\/#local-main-organization-logo\"},\"image\":{\"@id\":\"https:\\\/\\\/ubirataonline.com.br\\\/jordan-stolz-mia-manganello-take-on-mass-start-as-olympic-speed-skating-concludes-on-saturday\\\/#local-main-organization-logo\"},\"sameAs\":[\"https:\\\/\\\/www.facebook.com\\\/portalubirataonline\",\"https:\\\/\\\/x.com\\\/ubirataonline\",\"https:\\\/\\\/mastodon.social\\\/@ubirataonline\",\"https:\\\/\\\/www.facebook.com\\\/groups\\\/311144672285604\",\"https:\\\/\\\/www.facebook.com\\\/UBTAOnline\",\"https:\\\/\\\/www.instagram.com\\\/portalubirataonline\\\/\",\"https:\\\/\\\/twitter.com\\\/ubirataonline\"],\"description\":\"Somos um portal de not\u00edcias independente, criado em 5 de janeiro de 2009, com o objetivo de informar, conectar e valorizar a nossa comunidade de Ubirat\u00e3 e toda aregi\u00e3o. Com conte\u00fado atualizado, confi\u00e1vel e relevante, o Ubirat\u00e3 Online \u00e9 o seu espa\u00e7o para ficar por dentro dos principais acontecimentos locais, regionais, Brasil, Mundo e de interesse geral. Nosso compromisso \u00e9 com a verdade, a transpar\u00eancia e o respeito ao leitor.\",\"legalName\":\"UBIRATA ONLINE NOT\u00cdCIAS\",\"foundingDate\":\"2009-01-05\",\"numberOfEmployees\":{\"@type\":\"QuantitativeValue\",\"minValue\":\"1\",\"maxValue\":\"10\"},\"publishingPrinciples\":\"https:\\\/\\\/ubirataonline.com.br\\\/faq\\\/\",\"address\":{\"@id\":\"https:\\\/\\\/ubirataonline.com.br\\\/jordan-stolz-mia-manganello-take-on-mass-start-as-olympic-speed-skating-concludes-on-saturday\\\/#local-main-place-address\"},\"geo\":{\"@type\":\"GeoCoordinates\",\"latitude\":\"-24.5361401\",\"longitude\":\"-52.9921776\"},\"telephone\":[\"+5544998308235\"],\"contactPoint\":{\"@type\":\"ContactPoint\",\"email\":\"contato@ubirataonline.com.br\"},\"openingHoursSpecification\":{\"@type\":\"OpeningHoursSpecification\",\"dayOfWeek\":[\"Monday\",\"Tuesday\",\"Wednesday\",\"Thursday\",\"Friday\",\"Saturday\",\"Sunday\"],\"opens\":\"00:00\",\"closes\":\"23:59\"},\"email\":\"contato@ubirataonline.com.br\",\"vatID\":\"47.621.418\\\/0001-80\"},{\"@type\":\"Person\",\"@id\":\"https:\\\/\\\/ubirataonline.com.br\\\/#\\\/schema\\\/person\\\/372f87bbd3fdd79b8556b84c98d0bc1c\",\"name\":\"REDA\u00c7\u00c3O: UBIRAT\u00c3 ONLINE - F\u00c1BIO AUGUSTO CELESTINO\",\"pronouns\":\"Ele\",\"description\":\"Desde 2003 trabalhando com not\u00edcias.\",\"sameAs\":[\"http:\\\/\\\/ubirataoline.com.br\",\"https:\\\/\\\/www.facebook.com\\\/portalubirataonline\",\"https:\\\/\\\/www.instagram.com\\\/ubirataonline_oficial\",\"https:\\\/\\\/x.com\\\/x.com\\\/ubirataonline\"],\"honorificPrefix\":\"Mr.\",\"honorificSuffix\":\"MD\",\"birthDate\":\"1980-06-16\",\"gender\":\"masculino\",\"award\":[\"V\u00e1rios pr\u00eamios de melhor portal da cidade\"],\"jobTitle\":\"Diretor\",\"url\":\"https:\\\/\\\/ubirataonline.com.br\\\/en\\\/author\\\/ubirataonline\\\/\"},{\"@type\":\"PostalAddress\",\"@id\":\"https:\\\/\\\/ubirataonline.com.br\\\/jordan-stolz-mia-manganello-take-on-mass-start-as-olympic-speed-skating-concludes-on-saturday\\\/#local-main-place-address\",\"streetAddress\":\"Rua dos Coqueiros, 104 - Bairro Boa Vista, Rua dos Coqueiros, 104 Bairro Boa Vista\",\"addressLocality\":\"UBIRATA\",\"postalCode\":\"85440-000\",\"addressRegion\":\"PR\",\"addressCountry\":\"BR\"},{\"@type\":\"ImageObject\",\"inLanguage\":\"en-US\",\"@id\":\"https:\\\/\\\/ubirataonline.com.br\\\/jordan-stolz-mia-manganello-take-on-mass-start-as-olympic-speed-skating-concludes-on-saturday\\\/#local-main-organization-logo\",\"url\":\"https:\\\/\\\/ubirataonline.com.br\\\/wp-content\\\/uploads\\\/2026\\\/06\\\/logoubirataonline-1.webp\",\"contentUrl\":\"https:\\\/\\\/ubirataonline.com.br\\\/wp-content\\\/uploads\\\/2026\\\/06\\\/logoubirataonline-1.webp\",\"width\":500,\"height\":500,\"caption\":\"Ubirat\u00e3 Online Not\u00edcias\"}]}<\/script>\n<meta name=\"geo.placename\" content=\"UBIRATA\" \/>\n<meta name=\"geo.position\" content=\"-24.5361401;-52.9921776\" \/>\n<meta name=\"geo.region\" content=\"Brazil\" \/>\n<!-- \/ Yoast SEO Premium plugin. -->","yoast_head_json":{"title":"Jordan Stolz, Mia Manganello take on mass start as Olympic speed skating concludes on Saturday - Ubirat\u00e3 Online Not\u00edcias - A realidade ao seu alcance!","description":"Men's mass start Ahead of the 2025-26 World Cup season, Stolz, who began his career as a short track skater long ago, decided to add the mass start to his","robots":{"index":"index","follow":"follow","max-snippet":"max-snippet:-1","max-image-preview":"max-image-preview:large","max-video-preview":"max-video-preview:-1"},"canonical":"https:\/\/ubirataonline.com.br\/en\/jordan-stolz-mia-manganello-take-on-mass-start-as-olympic-speed-skating-concludes-on-saturday\/","og_locale":"en_US","og_type":"article","og_title":"Jordan Stolz, Mia Manganello take on mass start as Olympic speed skating concludes on Saturday","og_description":"Men's mass start Ahead of the 2025-26 World Cup season, Stolz, who began his career as a short track skater long ago, decided to add the mass start to his","og_url":"https:\/\/ubirataonline.com.br\/en\/jordan-stolz-mia-manganello-take-on-mass-start-as-olympic-speed-skating-concludes-on-saturday\/","og_site_name":"Ubirat\u00e3 Online Not\u00edcias - A realidade ao seu alcance!","article_publisher":"https:\/\/www.facebook.com\/portalubirataonline","article_author":"https:\/\/www.facebook.com\/portalubirataonline","article_published_time":"2026-02-21T15:15:28+00:00","article_modified_time":"2026-02-21T15:15:35+00:00","og_image":[{"width":1920,"height":1080,"url":"https:\/\/ubirataonline.com.br\/wp-content\/uploads\/2026\/02\/Jordan-Stolz-Mia-Manganello-take-on-mass-start-as-Olympic.jpg","type":"image\/jpeg"}],"author":"REDA\u00c7\u00c3O: UBIRAT\u00c3 ONLINE - F\u00c1BIO AUGUSTO CELESTINO","twitter_card":"summary_large_image","twitter_creator":"@x.com\/ubirataonline","twitter_site":"@ubirataonline","twitter_misc":{"Written by":"REDA\u00c7\u00c3O: UBIRAT\u00c3 ONLINE - F\u00c1BIO AUGUSTO CELESTINO","Est. reading time":"1 minute"},"schema":{"@context":"https:\/\/schema.org","@graph":[{"@type":"NewsArticle","@id":"https:\/\/ubirataonline.com.br\/jordan-stolz-mia-manganello-take-on-mass-start-as-olympic-speed-skating-concludes-on-saturday\/#article","isPartOf":{"@id":"https:\/\/ubirataonline.com.br\/jordan-stolz-mia-manganello-take-on-mass-start-as-olympic-speed-skating-concludes-on-saturday\/"},"author":{"name":"REDA\u00c7\u00c3O: UBIRAT\u00c3 ONLINE - F\u00c1BIO AUGUSTO CELESTINO","@id":"https:\/\/ubirataonline.com.br\/#\/schema\/person\/372f87bbd3fdd79b8556b84c98d0bc1c"},"headline":"Jordan Stolz, Mia Manganello take on mass start as Olympic speed skating concludes on Saturday","datePublished":"2026-02-21T15:15:28+00:00","dateModified":"2026-02-21T15:15:35+00:00","mainEntityOfPage":{"@id":"https:\/\/ubirataonline.com.br\/jordan-stolz-mia-manganello-take-on-mass-start-as-olympic-speed-skating-concludes-on-saturday\/"},"wordCount":253,"publisher":{"@id":"https:\/\/ubirataonline.com.br\/#organization"},"image":{"@id":"https:\/\/ubirataonline.com.br\/jordan-stolz-mia-manganello-take-on-mass-start-as-olympic-speed-skating-concludes-on-saturday\/#primaryimage"},"thumbnailUrl":"https:\/\/ubirataonline.com.br\/wp-content\/uploads\/2026\/02\/Jordan-Stolz-Mia-Manganello-take-on-mass-start-as-Olympic.jpg","keywords":["concludes","Jordan","Manganello","mass","Mia","Olympic","Saturday","Skating","Speed","Start","Stolz"],"articleSection":["Ubirat\u00e3"],"inLanguage":"en-US","copyrightYear":"2026","copyrightHolder":{"@id":"https:\/\/ubirataonline.com.br\/en\/#organization"}},{"@type":"WebPage","@id":"https:\/\/ubirataonline.com.br\/jordan-stolz-mia-manganello-take-on-mass-start-as-olympic-speed-skating-concludes-on-saturday\/","url":"https:\/\/ubirataonline.com.br\/jordan-stolz-mia-manganello-take-on-mass-start-as-olympic-speed-skating-concludes-on-saturday\/","name":"Jordan Stolz, Mia Manganello take on mass start as Olympic speed skating concludes on Saturday - Ubirat\u00e3 Online Not\u00edcias - A realidade ao seu alcance!","isPartOf":{"@id":"https:\/\/ubirataonline.com.br\/#website"},"primaryImageOfPage":{"@id":"https:\/\/ubirataonline.com.br\/jordan-stolz-mia-manganello-take-on-mass-start-as-olympic-speed-skating-concludes-on-saturday\/#primaryimage"},"image":{"@id":"https:\/\/ubirataonline.com.br\/jordan-stolz-mia-manganello-take-on-mass-start-as-olympic-speed-skating-concludes-on-saturday\/#primaryimage"},"thumbnailUrl":"https:\/\/ubirataonline.com.br\/wp-content\/uploads\/2026\/02\/Jordan-Stolz-Mia-Manganello-take-on-mass-start-as-Olympic.jpg","datePublished":"2026-02-21T15:15:28+00:00","dateModified":"2026-02-21T15:15:35+00:00","description":"Men's mass start Ahead of the 2025-26 World Cup season, Stolz, who began his career as a short track skater long ago, decided to add the mass start to his","breadcrumb":{"@id":"https:\/\/ubirataonline.com.br\/jordan-stolz-mia-manganello-take-on-mass-start-as-olympic-speed-skating-concludes-on-saturday\/#breadcrumb"},"inLanguage":"en-US","potentialAction":[{"@type":"ReadAction","target":["https:\/\/ubirataonline.com.br\/jordan-stolz-mia-manganello-take-on-mass-start-as-olympic-speed-skating-concludes-on-saturday\/"]}]},{"@type":"ImageObject","inLanguage":"en-US","@id":"https:\/\/ubirataonline.com.br\/jordan-stolz-mia-manganello-take-on-mass-start-as-olympic-speed-skating-concludes-on-saturday\/#primaryimage","url":"https:\/\/ubirataonline.com.br\/wp-content\/uploads\/2026\/02\/Jordan-Stolz-Mia-Manganello-take-on-mass-start-as-Olympic.jpg","contentUrl":"https:\/\/ubirataonline.com.br\/wp-content\/uploads\/2026\/02\/Jordan-Stolz-Mia-Manganello-take-on-mass-start-as-Olympic.jpg","width":1920,"height":1080,"caption":"Jordan Stolz, Mia Manganello take on mass start as Olympic speed skating concludes on Saturday"},{"@type":"BreadcrumbList","@id":"https:\/\/ubirataonline.com.br\/jordan-stolz-mia-manganello-take-on-mass-start-as-olympic-speed-skating-concludes-on-saturday\/#breadcrumb","itemListElement":[{"@type":"ListItem","position":1,"name":"In\u00edcio","item":"https:\/\/ubirataonline.com.br\/"},{"@type":"ListItem","position":2,"name":"Jordan Stolz, Mia Manganello take on mass start as Olympic speed skating concludes on Saturday"}]},{"@type":"WebSite","@id":"https:\/\/ubirataonline.com.br\/#website","url":"https:\/\/ubirataonline.com.br\/","name":"Ubirat\u00e3 Online Not\u00edcias","description":"Not\u00edcias de Ubirat\u00e3, regi\u00e3o, Brasil e mundo, com informa\u00e7\u00e3o atualizada e compromisso com o leitor.","publisher":{"@id":"https:\/\/ubirataonline.com.br\/#organization"},"alternateName":"Ubirat\u00e3 Online","potentialAction":[{"@type":"SearchAction","target":{"@type":"EntryPoint","urlTemplate":"https:\/\/ubirataonline.com.br\/?s={search_term_string}"},"query-input":{"@type":"PropertyValueSpecification","valueRequired":true,"valueName":"search_term_string"}}],"inLanguage":"en-US"},{"@type":["Organization","Place"],"@id":"https:\/\/ubirataonline.com.br\/#organization","name":"Ubirat\u00e3 Online Not\u00edcias","alternateName":"Ubirat\u00e3 Online","url":"https:\/\/ubirataonline.com.br\/","logo":{"@id":"https:\/\/ubirataonline.com.br\/jordan-stolz-mia-manganello-take-on-mass-start-as-olympic-speed-skating-concludes-on-saturday\/#local-main-organization-logo"},"image":{"@id":"https:\/\/ubirataonline.com.br\/jordan-stolz-mia-manganello-take-on-mass-start-as-olympic-speed-skating-concludes-on-saturday\/#local-main-organization-logo"},"sameAs":["https:\/\/www.facebook.com\/portalubirataonline","https:\/\/x.com\/ubirataonline","https:\/\/mastodon.social\/@ubirataonline","https:\/\/www.facebook.com\/groups\/311144672285604","https:\/\/www.facebook.com\/UBTAOnline","https:\/\/www.instagram.com\/portalubirataonline\/","https:\/\/twitter.com\/ubirataonline"],"description":"Somos um portal de not\u00edcias independente, criado em 5 de janeiro de 2009, com o objetivo de informar, conectar e valorizar a nossa comunidade de Ubirat\u00e3 e toda aregi\u00e3o. Com conte\u00fado atualizado, confi\u00e1vel e relevante, o Ubirat\u00e3 Online \u00e9 o seu espa\u00e7o para ficar por dentro dos principais acontecimentos locais, regionais, Brasil, Mundo e de interesse geral. Nosso compromisso \u00e9 com a verdade, a transpar\u00eancia e o respeito ao leitor.","legalName":"UBIRATA ONLINE NOT\u00cdCIAS","foundingDate":"2009-01-05","numberOfEmployees":{"@type":"QuantitativeValue","minValue":"1","maxValue":"10"},"publishingPrinciples":"https:\/\/ubirataonline.com.br\/faq\/","address":{"@id":"https:\/\/ubirataonline.com.br\/jordan-stolz-mia-manganello-take-on-mass-start-as-olympic-speed-skating-concludes-on-saturday\/#local-main-place-address"},"geo":{"@type":"GeoCoordinates","latitude":"-24.5361401","longitude":"-52.9921776"},"telephone":["+5544998308235"],"contactPoint":{"@type":"ContactPoint","email":"contato@ubirataonline.com.br"},"openingHoursSpecification":{"@type":"OpeningHoursSpecification","dayOfWeek":["Monday","Tuesday","Wednesday","Thursday","Friday","Saturday","Sunday"],"opens":"00:00","closes":"23:59"},"email":"contato@ubirataonline.com.br","vatID":"47.621.418\/0001-80"},{"@type":"Person","@id":"https:\/\/ubirataonline.com.br\/#\/schema\/person\/372f87bbd3fdd79b8556b84c98d0bc1c","name":"REDA\u00c7\u00c3O: UBIRAT\u00c3 ONLINE - F\u00c1BIO AUGUSTO CELESTINO","pronouns":"Ele","description":"Desde 2003 trabalhando com not\u00edcias.","sameAs":["http:\/\/ubirataoline.com.br","https:\/\/www.facebook.com\/portalubirataonline","https:\/\/www.instagram.com\/ubirataonline_oficial","https:\/\/x.com\/x.com\/ubirataonline"],"honorificPrefix":"Mr.","honorificSuffix":"MD","birthDate":"1980-06-16","gender":"masculino","award":["V\u00e1rios pr\u00eamios de melhor portal da cidade"],"jobTitle":"Diretor","url":"https:\/\/ubirataonline.com.br\/en\/author\/ubirataonline\/"},{"@type":"PostalAddress","@id":"https:\/\/ubirataonline.com.br\/jordan-stolz-mia-manganello-take-on-mass-start-as-olympic-speed-skating-concludes-on-saturday\/#local-main-place-address","streetAddress":"Rua dos Coqueiros, 104 - Bairro Boa Vista, Rua dos Coqueiros, 104 Bairro Boa Vista","addressLocality":"UBIRATA","postalCode":"85440-000","addressRegion":"PR","addressCountry":"BR"},{"@type":"ImageObject","inLanguage":"en-US","@id":"https:\/\/ubirataonline.com.br\/jordan-stolz-mia-manganello-take-on-mass-start-as-olympic-speed-skating-concludes-on-saturday\/#local-main-organization-logo","url":"https:\/\/ubirataonline.com.br\/wp-content\/uploads\/2026\/06\/logoubirataonline-1.webp","contentUrl":"https:\/\/ubirataonline.com.br\/wp-content\/uploads\/2026\/06\/logoubirataonline-1.webp","width":500,"height":500,"caption":"Ubirat\u00e3 Online Not\u00edcias"}]},"geo.placename":"UBIRATA","geo.position":{"lat":"-24.5361401","long":"-52.9921776"},"geo.region":"Brazil"},"_links":{"self":[{"href":"https:\/\/ubirataonline.com.br\/en\/wp-json\/wp\/v2\/posts\/89001","targetHints":{"allow":["GET"]}}],"collection":[{"href":"https:\/\/ubirataonline.com.br\/en\/wp-json\/wp\/v2\/posts"}],"about":[{"href":"https:\/\/ubirataonline.com.br\/en\/wp-json\/wp\/v2\/types\/post"}],"author":[{"embeddable":true,"href":"https:\/\/ubirataonline.com.br\/en\/wp-json\/wp\/v2\/users\/1"}],"replies":[{"embeddable":true,"href":"https:\/\/ubirataonline.com.br\/en\/wp-json\/wp\/v2\/comments?post=89001"}],"version-history":[{"count":0,"href":"https:\/\/ubirataonline.com.br\/en\/wp-json\/wp\/v2\/posts\/89001\/revisions"}],"wp:featuredmedia":[{"embeddable":true,"href":"https:\/\/ubirataonline.com.br\/en\/wp-json\/wp\/v2\/media\/89002"}],"wp:attachment":[{"href":"https:\/\/ubirataonline.com.br\/en\/wp-json\/wp\/v2\/media?parent=89001"}],"wp:term":[{"taxonomy":"category","embeddable":true,"href":"https:\/\/ubirataonline.com.br\/en\/wp-json\/wp\/v2\/categories?post=89001"},{"taxonomy":"post_tag","embeddable":true,"href":"https:\/\/ubirataonline.com.br\/en\/wp-json\/wp\/v2\/tags?post=89001"}],"curies":[{"name":"wp","href":"https:\/\/api.w.org\/{rel}","templated":true}]}}