{"id":89013,"date":"2026-02-21T13:25:28","date_gmt":"2026-02-21T16:25:28","guid":{"rendered":"https:\/\/ubirataonline.com.br\/onde-assistir-escalacoes-e-arbitragem-16\/"},"modified":"2026-02-21T13:25:39","modified_gmt":"2026-02-21T16:25:39","slug":"onde-assistir-escalacoes-e-arbitragem-16","status":"publish","type":"post","link":"https:\/\/ubirataonline.com.br\/en\/onde-assistir-escalacoes-e-arbitragem-16\/","title":{"rendered":"onde assistir, escala\u00e7\u00f5es e arbitragem"},"content":{"rendered":"<p><\/p>\n<div>\n<div class=\"article__header__content--left\">\n<p><h2>Ap\u00f3s perder pela Champions no meio de semana, Inter quer recupera\u00e7\u00e3o imediata no Italiano, onde \u00e9 l\u00edder; ser\u00e1 sem Lautaro, por\u00e9m<\/h2>\n<\/p><\/div>\n<\/p><\/div>\n<div>\n<div class=\"article__image-embed\" id=\"image_32f44d05d639d633d44fe1476e1d4837bxj1gz11\">\n<figure itemprop=\"associatedMedia image\" itemscope=\"\" itemtype=\"http:\/\/schema.org\/ImageObject\">\n<meta content=\"true\" itemprop=\"representativeOfPage\"\/><br \/>\n<meta content=\"\/\/p2.trrsf.com\/image\/fget\/cf\/940\/0\/images.terra.com\/2026\/02\/20\/76631828-treino-inter-de-milao-200226-1-610x400.jpg\" itemprop=\"url\"\/><br \/>\n<meta content=\"800\" itemprop=\"width\"\/><br \/>\n<meta content=\"800\" itemprop=\"height\"\/>\n<picture>\n<\/picture><figcaption>\n<div class=\"article__image-embed--info\">\n<p>Lecce vem de duas vit\u00f3rias seguidas e segue luta contra o Z3 na It\u00e1lia \u2013<\/p>\n<p><small class=\"article__image-embed--info__copyright\" itemprop=\"copyrightHolder\">Foto: Reprodu\u00e7\u00e3o\/ X Lecce \/ Jogada10<\/small>\n<\/div>\n<\/figcaption><\/figure>\n<\/div>\n<p class=\"text\">O Calcio vai pegar fogo neste s\u00e1bado (21\/2), quando a l\u00edder Inter de Mil\u00e3o entrar em campo. Ap\u00f3s seis vit\u00f3rias seguidas por todas as competi\u00e7\u00f5es, o time de Mil\u00e3o perdeu na Champions no meio de semana e ainda &#8220;ganhou&#8221; o desfalque do craque Lautaro Mart\u00ednez por les\u00e3o muscular. \u00c9 sob essa circunst\u00e2ncia que o time de Cristian Chivu chega a Lecce, onde enfrenta os donos da casa &#8211; desesperados na briga contra o rebaixamento -, a partir das 14h (de Bras\u00edlia), no est\u00e1dio Via del Mare, pela 26\u00aa rodada do Campeonato Italiano.<\/p>\n<h3>Como chega o Lecce<\/h3>\n<p class=\"text\">O Lecce ganhou uma importante sobrevida ao vencer suas \u00faltimas duas partidas no Campeonato Italiano, contra Udinese (2 a 1) e Cagliari (2 a 0). Ainda assim, \u00e9 perseguido de perto pela Fiorentina, 18\u00aa colocada na tabela, com 21 pontos. Assim, os comandados de Eusebio di Francesco surgem na 17\u00aa posi\u00e7\u00e3o, apenas tr\u00eas pontos acima do Z3.<\/p>\n<p class=\"text\">Um tabu n\u00e3o muito animador para o Lecce \u00e9 que n\u00e3o vence a Inter em casa desde 2012. Desde ent\u00e3o, foram tr\u00eas derrotas e um empate. Os \u00fanicos desfalques de di Francesco ficam por conta de Camarda, ausente desde 6 de janeiro, e Berisha, fora desde 2025.<\/p>\n<div class=\"article__image-embed\" id=\"image_6710a13bd2d24ca70616f585b70d5c254cs9h47j\">\n<figure itemprop=\"associatedMedia image\" itemscope=\"\" itemtype=\"http:\/\/schema.org\/ImageObject\">\n<meta content=\"\/\/p2.trrsf.com\/image\/fget\/cf\/940\/0\/images.terra.com\/2026\/02\/20\/338630858-treino-lecce-200226-2.jpg\" itemprop=\"url\"\/><br \/>\n<meta content=\"800\" itemprop=\"width\"\/><br \/>\n<meta content=\"800\" itemprop=\"height\"\/>\n<picture>\n<img alt=\"Lecce vem de duas vit\u00f3rias seguidas e segue luta contra o Z3 na It\u00e1lia \u2013\" class=\"img-6710a13bd2d24ca70616f585b70d5c254cs9h47j\" decoding=\"async\" height=\"508\" loading=\"lazy\" src=\"https:\/\/p2.trrsf.com\/image\/fget\/cf\/774\/0\/images.terra.com\/2026\/02\/20\/338630858-treino-lecce-200226-2.jpg\" srcset=\"https:\/\/p2.trrsf.com\/image\/fget\/cf\/1548\/0\/images.terra.com\/2026\/02\/20\/338630858-treino-lecce-200226-2.jpg 2x\" title=\"Lecce vem de duas vit\u00f3rias seguidas e segue luta contra o Z3 na It\u00e1lia \u2013\" width=\"774\"\/>\n<\/picture><figcaption>\n<div class=\"article__image-embed--info\">\n<p>Lecce vem de duas vit\u00f3rias seguidas e segue luta contra o Z3 na It\u00e1lia \u2013<\/p>\n<p><small class=\"article__image-embed--info__copyright\" itemprop=\"copyrightHolder\">Foto: Reprodu\u00e7\u00e3o\/ X Lecce \/ Jogada10<\/small>\n<\/div>\n<\/figcaption><\/figure>\n<\/div>\n<h3>Como chega a Inter de Mil\u00e3o<\/h3>\n<p class=\"text\">O mar &#8220;calmo&#8221; que a Inter de Mil\u00e3o navegava passou por percal\u00e7os nesta semana. Afinal, os Nerazzurri &#8211; l\u00edderes com sete pontos de dist\u00e2ncia para o Milan na Serie A &#8211; sa\u00edram atr\u00e1s nos play-offs da Liga dos Campe\u00f5es ao perderem por 3 a 1 para o Bodo\/Glimt (NOR), fora de casa. Para piorar, durante o jogo em quest\u00e3o, realizado na Noruega, o craque Lautaro Mart\u00ednez contraiu uma les\u00e3o que o tirar\u00e1 dos gramados por pelo menos um m\u00eas. Assim, o artilheiro do Campeonato Italiano (14 gols) deve perder jogos importantes, incluindo a volta contra os noruegueses &#8211; que j\u00e1 ocorre na ter\u00e7a (24\/2).<\/p>\n<p class=\"text\">Disparado na lideran\u00e7a na liga nacional, com 61 pontos, a Inter n\u00e3o perde uma partida por esta competi\u00e7\u00e3o h\u00e1 13 rodadas. S\u00e3o, ali\u00e1s, seis vit\u00f3rias seguidas no recorte atual. Por fim, al\u00e9m de n\u00e3o poder contar com Lautaro, Chivu n\u00e3o ter\u00e1 Barella e \u00c7alhanoglu (suspensos) e Dumfries, ainda se recuperando de les\u00e3o.<\/p>\n<div class=\"article__image-embed\" id=\"image_a02d1fa3e987c9afb254cebd70fefe76gi96clzp\">\n<figure itemprop=\"associatedMedia image\" itemscope=\"\" itemtype=\"http:\/\/schema.org\/ImageObject\">\n<meta content=\"\/\/p2.trrsf.com\/image\/fget\/cf\/940\/0\/images.terra.com\/2026\/02\/20\/595803729-treino-inter-de-milao-200226-2.jpg\" itemprop=\"url\"\/><br \/>\n<meta content=\"800\" itemprop=\"width\"\/><br \/>\n<meta content=\"800\" itemprop=\"height\"\/>\n<picture>\n<img alt=\"Ap\u00f3s derrota na Champions e les\u00e3o de Lautaro, Inter manter\u00e1 foco? \u2013\" class=\"img-a02d1fa3e987c9afb254cebd70fefe76gi96clzp\" decoding=\"async\" height=\"507\" loading=\"lazy\" src=\"https:\/\/p2.trrsf.com\/image\/fget\/cf\/774\/0\/images.terra.com\/2026\/02\/20\/595803729-treino-inter-de-milao-200226-2.jpg\" srcset=\"https:\/\/p2.trrsf.com\/image\/fget\/cf\/1548\/0\/images.terra.com\/2026\/02\/20\/595803729-treino-inter-de-milao-200226-2.jpg 2x\" title=\"Ap\u00f3s derrota na Champions e les\u00e3o de Lautaro, Inter manter\u00e1 foco? \u2013\" width=\"774\"\/>\n<\/picture><figcaption>\n<div class=\"article__image-embed--info\">\n<p>Ap\u00f3s derrota na Champions e les\u00e3o de Lautaro, Inter manter\u00e1 foco? \u2013<\/p>\n<p><small class=\"article__image-embed--info__copyright\" itemprop=\"copyrightHolder\">Foto: Divulga\u00e7\u00e3o\/Inter de Mil\u00e3o \/ Jogada10<\/small>\n<\/div>\n<\/figcaption><\/figure>\n<\/div>\n<h2>LECCE x INTER DE MIL\u00c3O<\/h2>\n<p class=\"text\"><strong>Campeonato Italiano 2025\/26 &#8211; 26\u00aa rodada<\/strong><\/p>\n<p class=\"text\"><strong>Data-Hora:<\/strong> 21\/2\/2026, s\u00e1bado, 14h (de Bras\u00edlia)<\/p>\n<p class=\"text\"><strong>Local<\/strong>: Via del Mare, em Lecce (ITA)<\/p>\n<p class=\"text\"><strong>LECCE:<\/strong> <span>Falcone; Veiga, Siebert, Tiago Gabriel e Gallo; Gandelman, Ramadani e Coulibaly; Pierotti, Sottil e Cheddira<\/span>. <strong>T\u00e9cnico: <\/strong>Eusebio di Francesco<\/p>\n<p class=\"text\"><strong>INTER DE MIL\u00c3O:<\/strong> <span>Sommer; Bisseck, Akanji e Bastoni; Luis Henrique, Zielinski, Sucic, Mkhitaryan e Dimarco; Esp\u00f3sito e Thuram<\/span>. <strong>T\u00e9cnico:<\/strong> Cristian Chivu<\/p>\n<p class=\"text\"><strong>\u00c1rbitro: <\/strong><span>Gianluca Manganiello (ITA)<\/span><\/p>\n<p class=\"text\"><strong>Assistentes:<\/strong> <span>Marcello Rossi\u00a0(ITA) e Pietro Dei Giudici\u00a0(ITA)<\/span><\/p>\n<p class=\"text\"><strong>VAR<\/strong>: <span>Daniele Paterna\u00a0(ITA)<\/span><\/p>\n<p class=\"text\"><strong>Onde assistir<\/strong>: ESPN 4 e <span>Disney+ Premium<\/span><\/p>\n<p class=\"text\"><strong>Siga nosso conte\u00fado nas redes sociais: Bluesky, Threads,\u00a0 Twitter, Instagram\u00a0e\u00a0Facebook<\/strong>.<\/p>\n<\/p><\/div>\n<p><a href=\"https:\/\/www.terra.com.br\/esportes\/futebol\/internacional\/italia\/campeonato-italiano\/lecce-x-inter-de-milao-onde-assistir-escalacoes-e-arbitragem,bf2738f729a090d3580e381bb021aee3dj2h2xlt.html\">Source link <\/a><\/p>","protected":false},"excerpt":{"rendered":"<p>Ap\u00f3s perder pela Champions no meio de semana, Inter quer recupera\u00e7\u00e3o imediata no Italiano, onde \u00e9 l\u00edder; ser\u00e1 sem Lautaro, por\u00e9m Lecce vem de duas vit\u00f3rias seguidas e segue luta contra o Z3 na It\u00e1lia \u2013 Foto: Reprodu\u00e7\u00e3o\/ X Lecce \/ Jogada10 O Calcio vai pegar fogo neste s\u00e1bado (21\/2), quando a l\u00edder Inter de [&hellip;]<\/p>\n","protected":false},"author":1,"featured_media":89014,"comment_status":"closed","ping_status":"","sticky":false,"template":"","format":"standard","meta":{"googlesitekit_rrm_CAow2JLhCw:productID":"","_gspb_post_css":"","maa_idioma":"","maa_pais":"","footnotes":""},"categories":[4],"tags":[5230,2900,2922,2899],"class_list":["post-89013","post","type-post","status-publish","format-standard","has-post-thumbnail","hentry","category-brasil","tag-arbitragem","tag-assistir","tag-escalacoes","tag-onde"],"blocksy_meta":[],"yoast_head":"<!-- This site is optimized with the Yoast SEO Premium plugin v27.6 (Yoast SEO v27.6) - https:\/\/yoast.com\/product\/yoast-seo-premium-wordpress\/ -->\n<title>onde assistir, escala\u00e7\u00f5es e arbitragem - Ubirat\u00e3 Online Not\u00edcias - A realidade ao seu alcance!<\/title>\n<meta name=\"description\" content=\"Ap\u00f3s perder pela Champions no meio de semana, Inter quer recupera\u00e7\u00e3o imediata no Italiano, onde \u00e9 l\u00edder; ser\u00e1 sem Lautaro, por\u00e9m Lecce vem de duas\" \/>\n<meta name=\"robots\" content=\"index, follow, max-snippet:-1, max-image-preview:large, max-video-preview:-1\" \/>\n<link rel=\"canonical\" href=\"https:\/\/ubirataonline.com.br\/en\/onde-assistir-escalacoes-e-arbitragem-16\/\" \/>\n<meta property=\"og:locale\" content=\"en_US\" \/>\n<meta property=\"og:type\" content=\"article\" \/>\n<meta property=\"og:title\" content=\"onde assistir, escala\u00e7\u00f5es e arbitragem\" \/>\n<meta property=\"og:description\" content=\"Ap\u00f3s perder pela Champions no meio de semana, Inter quer recupera\u00e7\u00e3o imediata no Italiano, onde \u00e9 l\u00edder; ser\u00e1 sem Lautaro, por\u00e9m Lecce vem de duas\" \/>\n<meta property=\"og:url\" content=\"https:\/\/ubirataonline.com.br\/en\/onde-assistir-escalacoes-e-arbitragem-16\/\" \/>\n<meta property=\"og:site_name\" content=\"Ubirat\u00e3 Online Not\u00edcias - A realidade ao seu alcance!\" \/>\n<meta property=\"article:publisher\" content=\"https:\/\/www.facebook.com\/portalubirataonline\" \/>\n<meta property=\"article:author\" content=\"https:\/\/www.facebook.com\/portalubirataonline\" \/>\n<meta property=\"article:published_time\" content=\"2026-02-21T16:25:28+00:00\" \/>\n<meta property=\"article:modified_time\" content=\"2026-02-21T16:25:39+00:00\" \/>\n<meta property=\"og:image\" content=\"https:\/\/ubirataonline.com.br\/wp-content\/uploads\/2026\/02\/1771691133_onde-assistir-escalacoes-e-arbitragem.jpg\" \/>\n\t<meta property=\"og:image:width\" content=\"1200\" \/>\n\t<meta property=\"og:image:height\" content=\"630\" \/>\n\t<meta property=\"og:image:type\" content=\"image\/jpeg\" \/>\n<meta name=\"author\" content=\"REDA\u00c7\u00c3O: UBIRAT\u00c3 ONLINE - F\u00c1BIO AUGUSTO CELESTINO\" \/>\n<meta name=\"twitter:card\" content=\"summary_large_image\" \/>\n<meta name=\"twitter:creator\" content=\"@x.com\/ubirataonline\" \/>\n<meta name=\"twitter:site\" content=\"@ubirataonline\" \/>\n<meta name=\"twitter:label1\" content=\"Written by\" \/>\n\t<meta name=\"twitter:data1\" content=\"REDA\u00c7\u00c3O: UBIRAT\u00c3 ONLINE - F\u00c1BIO AUGUSTO CELESTINO\" \/>\n\t<meta name=\"twitter:label2\" content=\"Est. reading time\" \/>\n\t<meta name=\"twitter:data2\" content=\"3 minutes\" \/>\n<script type=\"application\/ld+json\" class=\"yoast-schema-graph\">{\"@context\":\"https:\\\/\\\/schema.org\",\"@graph\":[{\"@type\":\"NewsArticle\",\"@id\":\"https:\\\/\\\/ubirataonline.com.br\\\/onde-assistir-escalacoes-e-arbitragem-16\\\/#article\",\"isPartOf\":{\"@id\":\"https:\\\/\\\/ubirataonline.com.br\\\/onde-assistir-escalacoes-e-arbitragem-16\\\/\"},\"author\":{\"name\":\"REDA\u00c7\u00c3O: UBIRAT\u00c3 ONLINE - F\u00c1BIO AUGUSTO CELESTINO\",\"@id\":\"https:\\\/\\\/ubirataonline.com.br\\\/#\\\/schema\\\/person\\\/372f87bbd3fdd79b8556b84c98d0bc1c\"},\"headline\":\"onde assistir, escala\u00e7\u00f5es e arbitragem\",\"datePublished\":\"2026-02-21T16:25:28+00:00\",\"dateModified\":\"2026-02-21T16:25:39+00:00\",\"mainEntityOfPage\":{\"@id\":\"https:\\\/\\\/ubirataonline.com.br\\\/onde-assistir-escalacoes-e-arbitragem-16\\\/\"},\"wordCount\":585,\"publisher\":{\"@id\":\"https:\\\/\\\/ubirataonline.com.br\\\/#organization\"},\"image\":{\"@id\":\"https:\\\/\\\/ubirataonline.com.br\\\/onde-assistir-escalacoes-e-arbitragem-16\\\/#primaryimage\"},\"thumbnailUrl\":\"https:\\\/\\\/ubirataonline.com.br\\\/wp-content\\\/uploads\\\/2026\\\/02\\\/1771691133_onde-assistir-escalacoes-e-arbitragem.jpg\",\"keywords\":[\"arbitragem\",\"assistir\",\"Escala\u00e7\u00f5es\",\"onde\"],\"articleSection\":[\"Brasil\"],\"inLanguage\":\"en-US\",\"copyrightYear\":\"2026\",\"copyrightHolder\":{\"@id\":\"https:\\\/\\\/ubirataonline.com.br\\\/en\\\/#organization\"}},{\"@type\":\"WebPage\",\"@id\":\"https:\\\/\\\/ubirataonline.com.br\\\/onde-assistir-escalacoes-e-arbitragem-16\\\/\",\"url\":\"https:\\\/\\\/ubirataonline.com.br\\\/onde-assistir-escalacoes-e-arbitragem-16\\\/\",\"name\":\"onde assistir, escala\u00e7\u00f5es e arbitragem - Ubirat\u00e3 Online Not\u00edcias - A realidade ao seu alcance!\",\"isPartOf\":{\"@id\":\"https:\\\/\\\/ubirataonline.com.br\\\/#website\"},\"primaryImageOfPage\":{\"@id\":\"https:\\\/\\\/ubirataonline.com.br\\\/onde-assistir-escalacoes-e-arbitragem-16\\\/#primaryimage\"},\"image\":{\"@id\":\"https:\\\/\\\/ubirataonline.com.br\\\/onde-assistir-escalacoes-e-arbitragem-16\\\/#primaryimage\"},\"thumbnailUrl\":\"https:\\\/\\\/ubirataonline.com.br\\\/wp-content\\\/uploads\\\/2026\\\/02\\\/1771691133_onde-assistir-escalacoes-e-arbitragem.jpg\",\"datePublished\":\"2026-02-21T16:25:28+00:00\",\"dateModified\":\"2026-02-21T16:25:39+00:00\",\"description\":\"Ap\u00f3s perder pela Champions no meio de semana, Inter quer recupera\u00e7\u00e3o imediata no Italiano, onde \u00e9 l\u00edder; ser\u00e1 sem Lautaro, por\u00e9m Lecce vem de duas\",\"breadcrumb\":{\"@id\":\"https:\\\/\\\/ubirataonline.com.br\\\/onde-assistir-escalacoes-e-arbitragem-16\\\/#breadcrumb\"},\"inLanguage\":\"en-US\",\"potentialAction\":[{\"@type\":\"ReadAction\",\"target\":[\"https:\\\/\\\/ubirataonline.com.br\\\/onde-assistir-escalacoes-e-arbitragem-16\\\/\"]}]},{\"@type\":\"ImageObject\",\"inLanguage\":\"en-US\",\"@id\":\"https:\\\/\\\/ubirataonline.com.br\\\/onde-assistir-escalacoes-e-arbitragem-16\\\/#primaryimage\",\"url\":\"https:\\\/\\\/ubirataonline.com.br\\\/wp-content\\\/uploads\\\/2026\\\/02\\\/1771691133_onde-assistir-escalacoes-e-arbitragem.jpg\",\"contentUrl\":\"https:\\\/\\\/ubirataonline.com.br\\\/wp-content\\\/uploads\\\/2026\\\/02\\\/1771691133_onde-assistir-escalacoes-e-arbitragem.jpg\",\"width\":1200,\"height\":630,\"caption\":\"Lecce vem de duas vit&oacute;rias seguidas e segue luta contra o Z3 na It&aacute;lia &ndash; Foto: Reprodu&ccedil;&atilde;o\\\/ X Lecce \\\/ Jogada10\"},{\"@type\":\"BreadcrumbList\",\"@id\":\"https:\\\/\\\/ubirataonline.com.br\\\/onde-assistir-escalacoes-e-arbitragem-16\\\/#breadcrumb\",\"itemListElement\":[{\"@type\":\"ListItem\",\"position\":1,\"name\":\"In\u00edcio\",\"item\":\"https:\\\/\\\/ubirataonline.com.br\\\/\"},{\"@type\":\"ListItem\",\"position\":2,\"name\":\"onde assistir, escala\u00e7\u00f5es e arbitragem\"}]},{\"@type\":\"WebSite\",\"@id\":\"https:\\\/\\\/ubirataonline.com.br\\\/#website\",\"url\":\"https:\\\/\\\/ubirataonline.com.br\\\/\",\"name\":\"Ubirat\u00e3 Online Not\u00edcias\",\"description\":\"Not\u00edcias de Ubirat\u00e3, regi\u00e3o, Brasil e mundo, com informa\u00e7\u00e3o atualizada e compromisso com o leitor.\",\"publisher\":{\"@id\":\"https:\\\/\\\/ubirataonline.com.br\\\/#organization\"},\"alternateName\":\"Ubirat\u00e3 Online\",\"potentialAction\":[{\"@type\":\"SearchAction\",\"target\":{\"@type\":\"EntryPoint\",\"urlTemplate\":\"https:\\\/\\\/ubirataonline.com.br\\\/?s={search_term_string}\"},\"query-input\":{\"@type\":\"PropertyValueSpecification\",\"valueRequired\":true,\"valueName\":\"search_term_string\"}}],\"inLanguage\":\"en-US\"},{\"@type\":[\"Organization\",\"Place\"],\"@id\":\"https:\\\/\\\/ubirataonline.com.br\\\/#organization\",\"name\":\"Ubirat\u00e3 Online Not\u00edcias\",\"alternateName\":\"Ubirat\u00e3 Online\",\"url\":\"https:\\\/\\\/ubirataonline.com.br\\\/\",\"logo\":{\"@id\":\"https:\\\/\\\/ubirataonline.com.br\\\/onde-assistir-escalacoes-e-arbitragem-16\\\/#local-main-organization-logo\"},\"image\":{\"@id\":\"https:\\\/\\\/ubirataonline.com.br\\\/onde-assistir-escalacoes-e-arbitragem-16\\\/#local-main-organization-logo\"},\"sameAs\":[\"https:\\\/\\\/www.facebook.com\\\/portalubirataonline\",\"https:\\\/\\\/x.com\\\/ubirataonline\",\"https:\\\/\\\/mastodon.social\\\/@ubirataonline\",\"https:\\\/\\\/www.facebook.com\\\/groups\\\/311144672285604\",\"https:\\\/\\\/www.facebook.com\\\/UBTAOnline\",\"https:\\\/\\\/www.instagram.com\\\/portalubirataonline\\\/\",\"https:\\\/\\\/twitter.com\\\/ubirataonline\"],\"description\":\"Somos um portal de not\u00edcias independente, criado em 5 de janeiro de 2009, com o objetivo de informar, conectar e valorizar a nossa comunidade de Ubirat\u00e3 e toda aregi\u00e3o. Com conte\u00fado atualizado, confi\u00e1vel e relevante, o Ubirat\u00e3 Online \u00e9 o seu espa\u00e7o para ficar por dentro dos principais acontecimentos locais, regionais, Brasil, Mundo e de interesse geral. Nosso compromisso \u00e9 com a verdade, a transpar\u00eancia e o respeito ao leitor.\",\"legalName\":\"UBIRATA ONLINE NOT\u00cdCIAS\",\"foundingDate\":\"2009-01-05\",\"numberOfEmployees\":{\"@type\":\"QuantitativeValue\",\"minValue\":\"1\",\"maxValue\":\"10\"},\"publishingPrinciples\":\"https:\\\/\\\/ubirataonline.com.br\\\/faq\\\/\",\"address\":{\"@id\":\"https:\\\/\\\/ubirataonline.com.br\\\/onde-assistir-escalacoes-e-arbitragem-16\\\/#local-main-place-address\"},\"geo\":{\"@type\":\"GeoCoordinates\",\"latitude\":\"-24.5361401\",\"longitude\":\"-52.9921776\"},\"telephone\":[\"+5544998308235\"],\"contactPoint\":{\"@type\":\"ContactPoint\",\"email\":\"contato@ubirataonline.com.br\"},\"openingHoursSpecification\":{\"@type\":\"OpeningHoursSpecification\",\"dayOfWeek\":[\"Monday\",\"Tuesday\",\"Wednesday\",\"Thursday\",\"Friday\",\"Saturday\",\"Sunday\"],\"opens\":\"00:00\",\"closes\":\"23:59\"},\"email\":\"contato@ubirataonline.com.br\",\"vatID\":\"47.621.418\\\/0001-80\"},{\"@type\":\"Person\",\"@id\":\"https:\\\/\\\/ubirataonline.com.br\\\/#\\\/schema\\\/person\\\/372f87bbd3fdd79b8556b84c98d0bc1c\",\"name\":\"REDA\u00c7\u00c3O: UBIRAT\u00c3 ONLINE - F\u00c1BIO AUGUSTO CELESTINO\",\"pronouns\":\"Ele\",\"description\":\"Desde 2003 trabalhando com not\u00edcias.\",\"sameAs\":[\"http:\\\/\\\/ubirataoline.com.br\",\"https:\\\/\\\/www.facebook.com\\\/portalubirataonline\",\"https:\\\/\\\/www.instagram.com\\\/ubirataonline_oficial\",\"https:\\\/\\\/x.com\\\/x.com\\\/ubirataonline\"],\"honorificPrefix\":\"Mr.\",\"honorificSuffix\":\"MD\",\"birthDate\":\"1980-06-16\",\"gender\":\"masculino\",\"award\":[\"V\u00e1rios pr\u00eamios de melhor portal da cidade\"],\"jobTitle\":\"Diretor\",\"url\":\"https:\\\/\\\/ubirataonline.com.br\\\/en\\\/author\\\/ubirataonline\\\/\"},{\"@type\":\"PostalAddress\",\"@id\":\"https:\\\/\\\/ubirataonline.com.br\\\/onde-assistir-escalacoes-e-arbitragem-16\\\/#local-main-place-address\",\"streetAddress\":\"Rua dos Coqueiros, 104 - Bairro Boa Vista, Rua dos Coqueiros, 104 Bairro Boa Vista\",\"addressLocality\":\"UBIRATA\",\"postalCode\":\"85440-000\",\"addressRegion\":\"PR\",\"addressCountry\":\"BR\"},{\"@type\":\"ImageObject\",\"inLanguage\":\"en-US\",\"@id\":\"https:\\\/\\\/ubirataonline.com.br\\\/onde-assistir-escalacoes-e-arbitragem-16\\\/#local-main-organization-logo\",\"url\":\"https:\\\/\\\/ubirataonline.com.br\\\/wp-content\\\/uploads\\\/2026\\\/06\\\/logoubirataonline-1.webp\",\"contentUrl\":\"https:\\\/\\\/ubirataonline.com.br\\\/wp-content\\\/uploads\\\/2026\\\/06\\\/logoubirataonline-1.webp\",\"width\":500,\"height\":500,\"caption\":\"Ubirat\u00e3 Online Not\u00edcias\"}]}<\/script>\n<meta name=\"geo.placename\" content=\"UBIRATA\" \/>\n<meta name=\"geo.position\" content=\"-24.5361401;-52.9921776\" \/>\n<meta name=\"geo.region\" content=\"Brazil\" \/>\n<!-- \/ Yoast SEO Premium plugin. -->","yoast_head_json":{"title":"onde assistir, escala\u00e7\u00f5es e arbitragem - Ubirat\u00e3 Online Not\u00edcias - A realidade ao seu alcance!","description":"Ap\u00f3s perder pela Champions no meio de semana, Inter quer recupera\u00e7\u00e3o imediata no Italiano, onde \u00e9 l\u00edder; ser\u00e1 sem Lautaro, por\u00e9m Lecce vem de duas","robots":{"index":"index","follow":"follow","max-snippet":"max-snippet:-1","max-image-preview":"max-image-preview:large","max-video-preview":"max-video-preview:-1"},"canonical":"https:\/\/ubirataonline.com.br\/en\/onde-assistir-escalacoes-e-arbitragem-16\/","og_locale":"en_US","og_type":"article","og_title":"onde assistir, escala\u00e7\u00f5es e arbitragem","og_description":"Ap\u00f3s perder pela Champions no meio de semana, Inter quer recupera\u00e7\u00e3o imediata no Italiano, onde \u00e9 l\u00edder; ser\u00e1 sem Lautaro, por\u00e9m Lecce vem de duas","og_url":"https:\/\/ubirataonline.com.br\/en\/onde-assistir-escalacoes-e-arbitragem-16\/","og_site_name":"Ubirat\u00e3 Online Not\u00edcias - A realidade ao seu alcance!","article_publisher":"https:\/\/www.facebook.com\/portalubirataonline","article_author":"https:\/\/www.facebook.com\/portalubirataonline","article_published_time":"2026-02-21T16:25:28+00:00","article_modified_time":"2026-02-21T16:25:39+00:00","og_image":[{"width":1200,"height":630,"url":"https:\/\/ubirataonline.com.br\/wp-content\/uploads\/2026\/02\/1771691133_onde-assistir-escalacoes-e-arbitragem.jpg","type":"image\/jpeg"}],"author":"REDA\u00c7\u00c3O: UBIRAT\u00c3 ONLINE - F\u00c1BIO AUGUSTO CELESTINO","twitter_card":"summary_large_image","twitter_creator":"@x.com\/ubirataonline","twitter_site":"@ubirataonline","twitter_misc":{"Written by":"REDA\u00c7\u00c3O: UBIRAT\u00c3 ONLINE - F\u00c1BIO AUGUSTO CELESTINO","Est. reading time":"3 minutes"},"schema":{"@context":"https:\/\/schema.org","@graph":[{"@type":"NewsArticle","@id":"https:\/\/ubirataonline.com.br\/onde-assistir-escalacoes-e-arbitragem-16\/#article","isPartOf":{"@id":"https:\/\/ubirataonline.com.br\/onde-assistir-escalacoes-e-arbitragem-16\/"},"author":{"name":"REDA\u00c7\u00c3O: UBIRAT\u00c3 ONLINE - F\u00c1BIO AUGUSTO CELESTINO","@id":"https:\/\/ubirataonline.com.br\/#\/schema\/person\/372f87bbd3fdd79b8556b84c98d0bc1c"},"headline":"onde assistir, escala\u00e7\u00f5es e arbitragem","datePublished":"2026-02-21T16:25:28+00:00","dateModified":"2026-02-21T16:25:39+00:00","mainEntityOfPage":{"@id":"https:\/\/ubirataonline.com.br\/onde-assistir-escalacoes-e-arbitragem-16\/"},"wordCount":585,"publisher":{"@id":"https:\/\/ubirataonline.com.br\/#organization"},"image":{"@id":"https:\/\/ubirataonline.com.br\/onde-assistir-escalacoes-e-arbitragem-16\/#primaryimage"},"thumbnailUrl":"https:\/\/ubirataonline.com.br\/wp-content\/uploads\/2026\/02\/1771691133_onde-assistir-escalacoes-e-arbitragem.jpg","keywords":["arbitragem","assistir","Escala\u00e7\u00f5es","onde"],"articleSection":["Brasil"],"inLanguage":"en-US","copyrightYear":"2026","copyrightHolder":{"@id":"https:\/\/ubirataonline.com.br\/en\/#organization"}},{"@type":"WebPage","@id":"https:\/\/ubirataonline.com.br\/onde-assistir-escalacoes-e-arbitragem-16\/","url":"https:\/\/ubirataonline.com.br\/onde-assistir-escalacoes-e-arbitragem-16\/","name":"onde assistir, escala\u00e7\u00f5es e arbitragem - Ubirat\u00e3 Online Not\u00edcias - A realidade ao seu alcance!","isPartOf":{"@id":"https:\/\/ubirataonline.com.br\/#website"},"primaryImageOfPage":{"@id":"https:\/\/ubirataonline.com.br\/onde-assistir-escalacoes-e-arbitragem-16\/#primaryimage"},"image":{"@id":"https:\/\/ubirataonline.com.br\/onde-assistir-escalacoes-e-arbitragem-16\/#primaryimage"},"thumbnailUrl":"https:\/\/ubirataonline.com.br\/wp-content\/uploads\/2026\/02\/1771691133_onde-assistir-escalacoes-e-arbitragem.jpg","datePublished":"2026-02-21T16:25:28+00:00","dateModified":"2026-02-21T16:25:39+00:00","description":"Ap\u00f3s perder pela Champions no meio de semana, Inter quer recupera\u00e7\u00e3o imediata no Italiano, onde \u00e9 l\u00edder; ser\u00e1 sem Lautaro, por\u00e9m Lecce vem de duas","breadcrumb":{"@id":"https:\/\/ubirataonline.com.br\/onde-assistir-escalacoes-e-arbitragem-16\/#breadcrumb"},"inLanguage":"en-US","potentialAction":[{"@type":"ReadAction","target":["https:\/\/ubirataonline.com.br\/onde-assistir-escalacoes-e-arbitragem-16\/"]}]},{"@type":"ImageObject","inLanguage":"en-US","@id":"https:\/\/ubirataonline.com.br\/onde-assistir-escalacoes-e-arbitragem-16\/#primaryimage","url":"https:\/\/ubirataonline.com.br\/wp-content\/uploads\/2026\/02\/1771691133_onde-assistir-escalacoes-e-arbitragem.jpg","contentUrl":"https:\/\/ubirataonline.com.br\/wp-content\/uploads\/2026\/02\/1771691133_onde-assistir-escalacoes-e-arbitragem.jpg","width":1200,"height":630,"caption":"Lecce vem de duas vit&oacute;rias seguidas e segue luta contra o Z3 na It&aacute;lia &ndash; Foto: Reprodu&ccedil;&atilde;o\/ X Lecce \/ Jogada10"},{"@type":"BreadcrumbList","@id":"https:\/\/ubirataonline.com.br\/onde-assistir-escalacoes-e-arbitragem-16\/#breadcrumb","itemListElement":[{"@type":"ListItem","position":1,"name":"In\u00edcio","item":"https:\/\/ubirataonline.com.br\/"},{"@type":"ListItem","position":2,"name":"onde assistir, escala\u00e7\u00f5es e arbitragem"}]},{"@type":"WebSite","@id":"https:\/\/ubirataonline.com.br\/#website","url":"https:\/\/ubirataonline.com.br\/","name":"Ubirat\u00e3 Online Not\u00edcias","description":"Not\u00edcias de Ubirat\u00e3, regi\u00e3o, Brasil e mundo, com informa\u00e7\u00e3o atualizada e compromisso com o leitor.","publisher":{"@id":"https:\/\/ubirataonline.com.br\/#organization"},"alternateName":"Ubirat\u00e3 Online","potentialAction":[{"@type":"SearchAction","target":{"@type":"EntryPoint","urlTemplate":"https:\/\/ubirataonline.com.br\/?s={search_term_string}"},"query-input":{"@type":"PropertyValueSpecification","valueRequired":true,"valueName":"search_term_string"}}],"inLanguage":"en-US"},{"@type":["Organization","Place"],"@id":"https:\/\/ubirataonline.com.br\/#organization","name":"Ubirat\u00e3 Online Not\u00edcias","alternateName":"Ubirat\u00e3 Online","url":"https:\/\/ubirataonline.com.br\/","logo":{"@id":"https:\/\/ubirataonline.com.br\/onde-assistir-escalacoes-e-arbitragem-16\/#local-main-organization-logo"},"image":{"@id":"https:\/\/ubirataonline.com.br\/onde-assistir-escalacoes-e-arbitragem-16\/#local-main-organization-logo"},"sameAs":["https:\/\/www.facebook.com\/portalubirataonline","https:\/\/x.com\/ubirataonline","https:\/\/mastodon.social\/@ubirataonline","https:\/\/www.facebook.com\/groups\/311144672285604","https:\/\/www.facebook.com\/UBTAOnline","https:\/\/www.instagram.com\/portalubirataonline\/","https:\/\/twitter.com\/ubirataonline"],"description":"Somos um portal de not\u00edcias independente, criado em 5 de janeiro de 2009, com o objetivo de informar, conectar e valorizar a nossa comunidade de Ubirat\u00e3 e toda aregi\u00e3o. Com conte\u00fado atualizado, confi\u00e1vel e relevante, o Ubirat\u00e3 Online \u00e9 o seu espa\u00e7o para ficar por dentro dos principais acontecimentos locais, regionais, Brasil, Mundo e de interesse geral. Nosso compromisso \u00e9 com a verdade, a transpar\u00eancia e o respeito ao leitor.","legalName":"UBIRATA ONLINE NOT\u00cdCIAS","foundingDate":"2009-01-05","numberOfEmployees":{"@type":"QuantitativeValue","minValue":"1","maxValue":"10"},"publishingPrinciples":"https:\/\/ubirataonline.com.br\/faq\/","address":{"@id":"https:\/\/ubirataonline.com.br\/onde-assistir-escalacoes-e-arbitragem-16\/#local-main-place-address"},"geo":{"@type":"GeoCoordinates","latitude":"-24.5361401","longitude":"-52.9921776"},"telephone":["+5544998308235"],"contactPoint":{"@type":"ContactPoint","email":"contato@ubirataonline.com.br"},"openingHoursSpecification":{"@type":"OpeningHoursSpecification","dayOfWeek":["Monday","Tuesday","Wednesday","Thursday","Friday","Saturday","Sunday"],"opens":"00:00","closes":"23:59"},"email":"contato@ubirataonline.com.br","vatID":"47.621.418\/0001-80"},{"@type":"Person","@id":"https:\/\/ubirataonline.com.br\/#\/schema\/person\/372f87bbd3fdd79b8556b84c98d0bc1c","name":"REDA\u00c7\u00c3O: UBIRAT\u00c3 ONLINE - F\u00c1BIO AUGUSTO CELESTINO","pronouns":"Ele","description":"Desde 2003 trabalhando com not\u00edcias.","sameAs":["http:\/\/ubirataoline.com.br","https:\/\/www.facebook.com\/portalubirataonline","https:\/\/www.instagram.com\/ubirataonline_oficial","https:\/\/x.com\/x.com\/ubirataonline"],"honorificPrefix":"Mr.","honorificSuffix":"MD","birthDate":"1980-06-16","gender":"masculino","award":["V\u00e1rios pr\u00eamios de melhor portal da cidade"],"jobTitle":"Diretor","url":"https:\/\/ubirataonline.com.br\/en\/author\/ubirataonline\/"},{"@type":"PostalAddress","@id":"https:\/\/ubirataonline.com.br\/onde-assistir-escalacoes-e-arbitragem-16\/#local-main-place-address","streetAddress":"Rua dos Coqueiros, 104 - Bairro Boa Vista, Rua dos Coqueiros, 104 Bairro Boa Vista","addressLocality":"UBIRATA","postalCode":"85440-000","addressRegion":"PR","addressCountry":"BR"},{"@type":"ImageObject","inLanguage":"en-US","@id":"https:\/\/ubirataonline.com.br\/onde-assistir-escalacoes-e-arbitragem-16\/#local-main-organization-logo","url":"https:\/\/ubirataonline.com.br\/wp-content\/uploads\/2026\/06\/logoubirataonline-1.webp","contentUrl":"https:\/\/ubirataonline.com.br\/wp-content\/uploads\/2026\/06\/logoubirataonline-1.webp","width":500,"height":500,"caption":"Ubirat\u00e3 Online Not\u00edcias"}]},"geo.placename":"UBIRATA","geo.position":{"lat":"-24.5361401","long":"-52.9921776"},"geo.region":"Brazil"},"_links":{"self":[{"href":"https:\/\/ubirataonline.com.br\/en\/wp-json\/wp\/v2\/posts\/89013","targetHints":{"allow":["GET"]}}],"collection":[{"href":"https:\/\/ubirataonline.com.br\/en\/wp-json\/wp\/v2\/posts"}],"about":[{"href":"https:\/\/ubirataonline.com.br\/en\/wp-json\/wp\/v2\/types\/post"}],"author":[{"embeddable":true,"href":"https:\/\/ubirataonline.com.br\/en\/wp-json\/wp\/v2\/users\/1"}],"replies":[{"embeddable":true,"href":"https:\/\/ubirataonline.com.br\/en\/wp-json\/wp\/v2\/comments?post=89013"}],"version-history":[{"count":0,"href":"https:\/\/ubirataonline.com.br\/en\/wp-json\/wp\/v2\/posts\/89013\/revisions"}],"wp:featuredmedia":[{"embeddable":true,"href":"https:\/\/ubirataonline.com.br\/en\/wp-json\/wp\/v2\/media\/89014"}],"wp:attachment":[{"href":"https:\/\/ubirataonline.com.br\/en\/wp-json\/wp\/v2\/media?parent=89013"}],"wp:term":[{"taxonomy":"category","embeddable":true,"href":"https:\/\/ubirataonline.com.br\/en\/wp-json\/wp\/v2\/categories?post=89013"},{"taxonomy":"post_tag","embeddable":true,"href":"https:\/\/ubirataonline.com.br\/en\/wp-json\/wp\/v2\/tags?post=89013"}],"curies":[{"name":"wp","href":"https:\/\/api.w.org\/{rel}","templated":true}]}}