{"id":89016,"date":"2026-02-21T13:39:36","date_gmt":"2026-02-21T16:39:36","guid":{"rendered":"https:\/\/ubirataonline.com.br\/serie-a-official-week-26-line-ups-lecce-vs-inter\/"},"modified":"2026-02-21T13:39:42","modified_gmt":"2026-02-21T16:39:42","slug":"serie-a-official-week-26-line-ups-lecce-vs-inter","status":"publish","type":"post","link":"https:\/\/ubirataonline.com.br\/en\/serie-a-official-week-26-line-ups-lecce-vs-inter\/","title":{"rendered":"Serie A official Week 26 line-ups: Lecce vs. Inter"},"content":{"rendered":"<p><br \/>\n<\/p>\n<div>\n<p>Inter try to consolidate their Serie A leadership without Lautaro Martinez and two top midfielders, so Marcus Thuram and Francesco Pio Esposito start for the trip to revitalised Lecce.<\/p>\n<p>It kicks off at <a href=\"https:\/\/www.legaseriea.it\/serie-a\/match\/3b1799806d1648febc5c2be37f97ebe1\/lecce-vs-inter\" rel=\"nofollow noopener\" target=\"_blank\" data-ylk=\"slk:the Stadio Via del Mare;elm:context_link;itc:0;sec:content-canvas\" class=\"link\">the Stadio Via del Mare<\/a> at 17.00 GMT (18.00 CET).<\/p>\n<p>Advertisement<\/p>\n<p><a href=\"https:\/\/football-italia.net\/serie-a-live-juventus-como-lecce-inter-lazio\/\" rel=\"nofollow noopener\" target=\"_blank\" data-ylk=\"slk:You can follow all the build-up and action as it happens from this game, Juventus vs. Como and Cagliari vs. Lazio on the Liveblog.;elm:context_link;itc:0;sec:content-canvas\" class=\"link\"><strong>You can follow all the build-up and action as it happens from this game, Juventus vs. Como and Cagliari vs. Lazio on the Liveblog.<\/strong><\/a><\/p>\n<figure class=\"content-figure\">\n<div class=\"content-image\"><button aria-label=\"View larger image\" class=\"lightbox-btn\" data-ylk=\"elm:expand;itc:1;sec:image-lightbox;slk:lightbox-open;\"><span class=\"lightbox-expand\"><svg viewbox=\"0 0 22 22\" aria-hidden=\"true\" class=\"size-4 lg:size-6\" width=\"22\" height=\"22\"><path d=\"M12.372.92c0-.506.41-.916.915-.916L21 0l-.004 7.712a.917.917 0 0 1-1.832 0V3.183l-6.827 6.828-1.349-1.348 6.828-6.828h-4.529a.915.915 0 0 1-.915-.915M1.835 17.816l6.828-6.828 1.349 1.349-6.829 6.827h4.529a.915.915 0 0 1 0 1.831L0 21l.004-7.713a.916.916 0 0 1 1.831 0z\"\/><\/svg><\/span><\/button><dialog aria-label=\"Image Lightbox\" class=\"lightbox-overlay\" aria-modal=\"true\"\/><\/div><figcaption class=\"fig-caption\"\/><\/figure>\n<p>CREMONA, ITALY \u2013 FEBRUARY 01: Coach Cristian Chivu of FC Internazionale reacts during the Serie A match between US Cremonese and FC Internazionale at Stadio Giovanni Zini on February 01, 2026 in Cremona, Italy. (Photo by Marco M. Mantovani\/Getty Images)<\/p>\n<p>The Nerazzurri had a difficult few days, as while their advantage at the top of the Serie A table was extended to seven points, they were also <a href=\"https:\/\/football-italia.net\/champions-league-bodo-glimt-3-1-inter\" rel=\"nofollow noopener\" target=\"_blank\" data-ylk=\"slk:beaten 3-1 in Norway by Bodo\/Glimt;elm:context_link;itc:0;sec:content-canvas\" class=\"link\">beaten 3-1 in Norway by Bodo\/Glimt<\/a> in the Champions League play-off.<\/p>\n<p>Even worse news is that Lautaro Martinez suffered a calf strain during that match and has been ruled out for circa a month.<\/p>\n<p>Advertisement<\/p>\n<p>He joins Denzel Dumfries on the treatment table, but today both Hakan Calhanoglu and Nicol\u00f2 Barella are suspended.<\/p>\n<p>It means forced changes, with Davide Frattesi and Petar Sucic stepping into the starting XI, while Federico Dimarco was rested in Norway.<\/p>\n<p>Esposito gets the nod alongside Thuram, having scored midweek away to Bodo\/Glimt.<\/p>\n<figure class=\"content-figure\">\n<div class=\"content-image\"><img alt=\"\" loading=\"lazy\" width=\"960\" height=\"640\" decoding=\"async\" data-nimg=\"1\" class=\"standard-img\" style=\"color:transparent\" src=\"https:\/\/s.yimg.com\/ny\/api\/res\/1.2\/f.iisaEgzWmaNMjfTkYXlA--\/YXBwaWQ9aGlnaGxhbmRlcjt3PTk2MDtoPTY0MDtjZj13ZWJw\/https:\/\/media.zenfs.com\/en\/football_italia_articles_132\/26f3273e71034bc6f43ad0d0a14e9331\"\/><button aria-label=\"View larger image\" class=\"lightbox-btn\" data-ylk=\"elm:expand;itc:1;sec:image-lightbox;slk:lightbox-open;\"><span class=\"lightbox-expand\"><svg viewbox=\"0 0 22 22\" aria-hidden=\"true\" class=\"size-4 lg:size-6\" width=\"22\" height=\"22\"><path d=\"M12.372.92c0-.506.41-.916.915-.916L21 0l-.004 7.712a.917.917 0 0 1-1.832 0V3.183l-6.827 6.828-1.349-1.348 6.828-6.828h-4.529a.915.915 0 0 1-.915-.915M1.835 17.816l6.828-6.828 1.349 1.349-6.829 6.827h4.529a.915.915 0 0 1 0 1.831L0 21l.004-7.713a.916.916 0 0 1 1.831 0z\"\/><\/svg><\/span><\/button><dialog aria-label=\"Image Lightbox\" class=\"lightbox-overlay\" aria-modal=\"true\"\/><\/div><figcaption class=\"fig-caption\"\/><\/figure>\n<p>MADRID, SPAIN \u2013 NOVEMBER 26: Davide Frattesi of FC Internazionale Milano in action during the UEFA Champions League 2025\/26 League Phase MD5 match between Atletico de Madrid and FC Internazionale Milano at Estadio Metropolitano on November 26, 2025 in Madrid, Spain. (Photo by Angel Martinez\/Getty Images)<\/p>\n<p>Advertisement<\/p>\n<p>Lecce have really turned a corner in recent weeks, as they have now won two on the bounce against Udinese and Cagliari to break free of the relegation zone.<\/p>\n<p>Francesco Camarda is still struggling with a dislocated shoulder, while Medon Berisha is also on the treatment table, but Lameck Banda returns from suspension.<\/p>\n<p>Nonetheless, he is on the bench, as Lecce stick with the line-up that won the last two Serie A matches, including January signings Omri Gandelman and Walid Cheddira.<\/p>\n<figure class=\"content-figure\">\n<div class=\"content-image\"><img alt=\"\" loading=\"lazy\" width=\"960\" height=\"640\" decoding=\"async\" data-nimg=\"1\" class=\"standard-img\" style=\"color:transparent\" src=\"https:\/\/s.yimg.com\/ny\/api\/res\/1.2\/HjDOwgn0iFYFqH0iKzbzYg--\/YXBwaWQ9aGlnaGxhbmRlcjt3PTk2MDtoPTY0MDtjZj13ZWJw\/https:\/\/media.zenfs.com\/en\/football_italia_articles_132\/590b11e2c463a7ef9379a2b481180fb7\"\/><button aria-label=\"View larger image\" class=\"lightbox-btn\" data-ylk=\"elm:expand;itc:1;sec:image-lightbox;slk:lightbox-open;\"><span class=\"lightbox-expand\"><svg viewbox=\"0 0 22 22\" aria-hidden=\"true\" class=\"size-4 lg:size-6\" width=\"22\" height=\"22\"><path d=\"M12.372.92c0-.506.41-.916.915-.916L21 0l-.004 7.712a.917.917 0 0 1-1.832 0V3.183l-6.827 6.828-1.349-1.348 6.828-6.828h-4.529a.915.915 0 0 1-.915-.915M1.835 17.816l6.828-6.828 1.349 1.349-6.829 6.827h4.529a.915.915 0 0 1 0 1.831L0 21l.004-7.713a.916.916 0 0 1 1.831 0z\"\/><\/svg><\/span><\/button><dialog aria-label=\"Image Lightbox\" class=\"lightbox-overlay\" aria-modal=\"true\"\/><\/div><figcaption class=\"fig-caption\"\/><\/figure>\n<p>CAGLIARI, ITALY \u2013 FEBRUARY 16: Omri Gandelman of Lecce celebrates his goal 0-1 during the Serie A match between Cagliari Calcio and US Lecce at Stadio Sant\u2019Elia on February 16, 2026 in Cagliari, Italy. (Photo by Enrico Locci\/Getty Images)<\/p>\n<p>Advertisement<\/p>\n<h2 class=\"heading\">Lecce vs. Inter official line-ups<\/h2>\n<p><strong>Lecce: <\/strong>Falcone;\u00a0Veiga,\u00a0Gaspar,\u00a0Tiago Gabriel,\u00a0Gallo;\u00a0Ramadani,\u00a0Coulibaly;\u00a0Pierotti, Gandelman,\u00a0Sottil;\u00a0Cheddira<\/p>\n<p><strong>Inter:<\/strong>\u00a0Sommer; Bisseck, De Vrji, Bastoni; Luis Henrique, Frattesi, Zielinski, Sucic, Dimarco; Thuram, Esposito<\/p>\n<h2 class=\"heading\">Post navigation<\/h2>\n<p><a href=\"https:\/\/football-italia.net\/milan-allegri-leao-pulisic-improve-talk-modric\/\" rel=\"nofollow noopener\" target=\"_blank\" data-ylk=\"slk:Milan, Allegri: Leao and Pulisic 'improving', I 'get emotional' when I talk to Modric;elm:context_link;itc:0;sec:content-canvas\" class=\"link\">Milan, Allegri: Leao and Pulisic &#8216;improving&#8217;, I &#8216;get emotional&#8217; when I talk to Modric <\/a><\/p>\n<\/div>\n<p><br \/>\n<br \/><a href=\"https:\/\/sports.yahoo.com\/articles\/serie-official-week-26-line-160500286.html\">Source link <\/a><\/p>","protected":false},"excerpt":{"rendered":"<p>Inter try to consolidate their Serie A leadership without Lautaro Martinez and two top midfielders, so Marcus Thuram and Francesco Pio Esposito start for the trip to revitalised Lecce. It kicks off at the Stadio Via del Mare at 17.00 GMT (18.00 CET). Advertisement You can follow all the build-up and action as it happens [&hellip;]<\/p>\n","protected":false},"author":1,"featured_media":89017,"comment_status":"closed","ping_status":"","sticky":false,"template":"","format":"standard","meta":{"googlesitekit_rrm_CAow2JLhCw:productID":"","_gspb_post_css":"","maa_idioma":"","maa_pais":"","footnotes":""},"categories":[2725],"tags":[2949,11754,4489,7511,2902,4056],"class_list":["post-89016","post","type-post","status-publish","format-standard","has-post-thumbnail","hentry","category-europe","tag-inter","tag-lecce","tag-lineups","tag-official","tag-serie","tag-week"],"blocksy_meta":[],"yoast_head":"<!-- This site is optimized with the Yoast SEO Premium plugin v27.6 (Yoast SEO v27.6) - https:\/\/yoast.com\/product\/yoast-seo-premium-wordpress\/ -->\n<title>Serie A official Week 26 line-ups: Lecce vs. Inter - Ubirat\u00e3 Online Not\u00edcias - A realidade ao seu alcance!<\/title>\n<meta name=\"description\" content=\"Inter try to consolidate their Serie A leadership without Lautaro Martinez and two top midfielders, so Marcus Thuram and Francesco Pio Esposito start for\" \/>\n<meta name=\"robots\" content=\"index, follow, max-snippet:-1, max-image-preview:large, max-video-preview:-1\" \/>\n<link rel=\"canonical\" href=\"https:\/\/ubirataonline.com.br\/en\/serie-a-official-week-26-line-ups-lecce-vs-inter\/\" \/>\n<meta property=\"og:locale\" content=\"en_US\" \/>\n<meta property=\"og:type\" content=\"article\" \/>\n<meta property=\"og:title\" content=\"Serie A official Week 26 line-ups: Lecce vs. Inter\" \/>\n<meta property=\"og:description\" content=\"Inter try to consolidate their Serie A leadership without Lautaro Martinez and two top midfielders, so Marcus Thuram and Francesco Pio Esposito start for\" \/>\n<meta property=\"og:url\" content=\"https:\/\/ubirataonline.com.br\/en\/serie-a-official-week-26-line-ups-lecce-vs-inter\/\" \/>\n<meta property=\"og:site_name\" content=\"Ubirat\u00e3 Online Not\u00edcias - A realidade ao seu alcance!\" \/>\n<meta property=\"article:publisher\" content=\"https:\/\/www.facebook.com\/portalubirataonline\" \/>\n<meta property=\"article:author\" content=\"https:\/\/www.facebook.com\/portalubirataonline\" \/>\n<meta property=\"article:published_time\" content=\"2026-02-21T16:39:36+00:00\" \/>\n<meta property=\"article:modified_time\" content=\"2026-02-21T16:39:42+00:00\" \/>\n<meta property=\"og:image\" content=\"https:\/\/ubirataonline.com.br\/wp-content\/uploads\/2026\/02\/Serie-A-official-Week-26-line-ups-Lecce-vs-Inter.jpeg\" \/>\n\t<meta property=\"og:image:width\" content=\"1200\" \/>\n\t<meta property=\"og:image:height\" content=\"807\" \/>\n\t<meta property=\"og:image:type\" content=\"image\/jpeg\" \/>\n<meta name=\"author\" content=\"REDA\u00c7\u00c3O: UBIRAT\u00c3 ONLINE - F\u00c1BIO AUGUSTO CELESTINO\" \/>\n<meta name=\"twitter:card\" content=\"summary_large_image\" \/>\n<meta name=\"twitter:creator\" content=\"@x.com\/ubirataonline\" \/>\n<meta name=\"twitter:site\" content=\"@ubirataonline\" \/>\n<meta name=\"twitter:label1\" content=\"Written by\" \/>\n\t<meta name=\"twitter:data1\" content=\"REDA\u00c7\u00c3O: UBIRAT\u00c3 ONLINE - F\u00c1BIO AUGUSTO CELESTINO\" \/>\n\t<meta name=\"twitter:label2\" content=\"Est. reading time\" \/>\n\t<meta name=\"twitter:data2\" content=\"2 minutes\" \/>\n<script type=\"application\/ld+json\" class=\"yoast-schema-graph\">{\"@context\":\"https:\\\/\\\/schema.org\",\"@graph\":[{\"@type\":\"NewsArticle\",\"@id\":\"https:\\\/\\\/ubirataonline.com.br\\\/serie-a-official-week-26-line-ups-lecce-vs-inter\\\/#article\",\"isPartOf\":{\"@id\":\"https:\\\/\\\/ubirataonline.com.br\\\/serie-a-official-week-26-line-ups-lecce-vs-inter\\\/\"},\"author\":{\"name\":\"REDA\u00c7\u00c3O: UBIRAT\u00c3 ONLINE - F\u00c1BIO AUGUSTO CELESTINO\",\"@id\":\"https:\\\/\\\/ubirataonline.com.br\\\/#\\\/schema\\\/person\\\/372f87bbd3fdd79b8556b84c98d0bc1c\"},\"headline\":\"Serie A official Week 26 line-ups: Lecce vs. Inter\",\"datePublished\":\"2026-02-21T16:39:36+00:00\",\"dateModified\":\"2026-02-21T16:39:42+00:00\",\"mainEntityOfPage\":{\"@id\":\"https:\\\/\\\/ubirataonline.com.br\\\/serie-a-official-week-26-line-ups-lecce-vs-inter\\\/\"},\"wordCount\":441,\"publisher\":{\"@id\":\"https:\\\/\\\/ubirataonline.com.br\\\/#organization\"},\"image\":{\"@id\":\"https:\\\/\\\/ubirataonline.com.br\\\/serie-a-official-week-26-line-ups-lecce-vs-inter\\\/#primaryimage\"},\"thumbnailUrl\":\"https:\\\/\\\/ubirataonline.com.br\\\/wp-content\\\/uploads\\\/2026\\\/02\\\/Serie-A-official-Week-26-line-ups-Lecce-vs-Inter.jpeg\",\"keywords\":[\"Inter\",\"Lecce\",\"Lineups\",\"official\",\"Serie\",\"Week\"],\"articleSection\":[\"Europe\"],\"inLanguage\":\"en-US\",\"copyrightYear\":\"2026\",\"copyrightHolder\":{\"@id\":\"https:\\\/\\\/ubirataonline.com.br\\\/en\\\/#organization\"}},{\"@type\":\"WebPage\",\"@id\":\"https:\\\/\\\/ubirataonline.com.br\\\/serie-a-official-week-26-line-ups-lecce-vs-inter\\\/\",\"url\":\"https:\\\/\\\/ubirataonline.com.br\\\/serie-a-official-week-26-line-ups-lecce-vs-inter\\\/\",\"name\":\"Serie A official Week 26 line-ups: Lecce vs. Inter - Ubirat\u00e3 Online Not\u00edcias - A realidade ao seu alcance!\",\"isPartOf\":{\"@id\":\"https:\\\/\\\/ubirataonline.com.br\\\/#website\"},\"primaryImageOfPage\":{\"@id\":\"https:\\\/\\\/ubirataonline.com.br\\\/serie-a-official-week-26-line-ups-lecce-vs-inter\\\/#primaryimage\"},\"image\":{\"@id\":\"https:\\\/\\\/ubirataonline.com.br\\\/serie-a-official-week-26-line-ups-lecce-vs-inter\\\/#primaryimage\"},\"thumbnailUrl\":\"https:\\\/\\\/ubirataonline.com.br\\\/wp-content\\\/uploads\\\/2026\\\/02\\\/Serie-A-official-Week-26-line-ups-Lecce-vs-Inter.jpeg\",\"datePublished\":\"2026-02-21T16:39:36+00:00\",\"dateModified\":\"2026-02-21T16:39:42+00:00\",\"description\":\"Inter try to consolidate their Serie A leadership without Lautaro Martinez and two top midfielders, so Marcus Thuram and Francesco Pio Esposito start for\",\"breadcrumb\":{\"@id\":\"https:\\\/\\\/ubirataonline.com.br\\\/serie-a-official-week-26-line-ups-lecce-vs-inter\\\/#breadcrumb\"},\"inLanguage\":\"en-US\",\"potentialAction\":[{\"@type\":\"ReadAction\",\"target\":[\"https:\\\/\\\/ubirataonline.com.br\\\/serie-a-official-week-26-line-ups-lecce-vs-inter\\\/\"]}]},{\"@type\":\"ImageObject\",\"inLanguage\":\"en-US\",\"@id\":\"https:\\\/\\\/ubirataonline.com.br\\\/serie-a-official-week-26-line-ups-lecce-vs-inter\\\/#primaryimage\",\"url\":\"https:\\\/\\\/ubirataonline.com.br\\\/wp-content\\\/uploads\\\/2026\\\/02\\\/Serie-A-official-Week-26-line-ups-Lecce-vs-Inter.jpeg\",\"contentUrl\":\"https:\\\/\\\/ubirataonline.com.br\\\/wp-content\\\/uploads\\\/2026\\\/02\\\/Serie-A-official-Week-26-line-ups-Lecce-vs-Inter.jpeg\",\"width\":1200,\"height\":807,\"caption\":\"Serie A official Week 26 line-ups: Lecce vs. Inter\"},{\"@type\":\"BreadcrumbList\",\"@id\":\"https:\\\/\\\/ubirataonline.com.br\\\/serie-a-official-week-26-line-ups-lecce-vs-inter\\\/#breadcrumb\",\"itemListElement\":[{\"@type\":\"ListItem\",\"position\":1,\"name\":\"In\u00edcio\",\"item\":\"https:\\\/\\\/ubirataonline.com.br\\\/\"},{\"@type\":\"ListItem\",\"position\":2,\"name\":\"Serie A official Week 26 line-ups: Lecce vs. Inter\"}]},{\"@type\":\"WebSite\",\"@id\":\"https:\\\/\\\/ubirataonline.com.br\\\/#website\",\"url\":\"https:\\\/\\\/ubirataonline.com.br\\\/\",\"name\":\"Ubirat\u00e3 Online Not\u00edcias\",\"description\":\"Not\u00edcias de Ubirat\u00e3, regi\u00e3o, Brasil e mundo, com informa\u00e7\u00e3o atualizada e compromisso com o leitor.\",\"publisher\":{\"@id\":\"https:\\\/\\\/ubirataonline.com.br\\\/#organization\"},\"alternateName\":\"Ubirat\u00e3 Online\",\"potentialAction\":[{\"@type\":\"SearchAction\",\"target\":{\"@type\":\"EntryPoint\",\"urlTemplate\":\"https:\\\/\\\/ubirataonline.com.br\\\/?s={search_term_string}\"},\"query-input\":{\"@type\":\"PropertyValueSpecification\",\"valueRequired\":true,\"valueName\":\"search_term_string\"}}],\"inLanguage\":\"en-US\"},{\"@type\":[\"Organization\",\"Place\"],\"@id\":\"https:\\\/\\\/ubirataonline.com.br\\\/#organization\",\"name\":\"Ubirat\u00e3 Online Not\u00edcias\",\"alternateName\":\"Ubirat\u00e3 Online\",\"url\":\"https:\\\/\\\/ubirataonline.com.br\\\/\",\"logo\":{\"@id\":\"https:\\\/\\\/ubirataonline.com.br\\\/serie-a-official-week-26-line-ups-lecce-vs-inter\\\/#local-main-organization-logo\"},\"image\":{\"@id\":\"https:\\\/\\\/ubirataonline.com.br\\\/serie-a-official-week-26-line-ups-lecce-vs-inter\\\/#local-main-organization-logo\"},\"sameAs\":[\"https:\\\/\\\/www.facebook.com\\\/portalubirataonline\",\"https:\\\/\\\/x.com\\\/ubirataonline\",\"https:\\\/\\\/mastodon.social\\\/@ubirataonline\",\"https:\\\/\\\/www.facebook.com\\\/groups\\\/311144672285604\",\"https:\\\/\\\/www.facebook.com\\\/UBTAOnline\",\"https:\\\/\\\/www.instagram.com\\\/portalubirataonline\\\/\",\"https:\\\/\\\/twitter.com\\\/ubirataonline\"],\"description\":\"Somos um portal de not\u00edcias independente, criado em 5 de janeiro de 2009, com o objetivo de informar, conectar e valorizar a nossa comunidade de Ubirat\u00e3 e toda aregi\u00e3o. Com conte\u00fado atualizado, confi\u00e1vel e relevante, o Ubirat\u00e3 Online \u00e9 o seu espa\u00e7o para ficar por dentro dos principais acontecimentos locais, regionais, Brasil, Mundo e de interesse geral. Nosso compromisso \u00e9 com a verdade, a transpar\u00eancia e o respeito ao leitor.\",\"legalName\":\"UBIRATA ONLINE NOT\u00cdCIAS\",\"foundingDate\":\"2009-01-05\",\"numberOfEmployees\":{\"@type\":\"QuantitativeValue\",\"minValue\":\"1\",\"maxValue\":\"10\"},\"publishingPrinciples\":\"https:\\\/\\\/ubirataonline.com.br\\\/faq\\\/\",\"address\":{\"@id\":\"https:\\\/\\\/ubirataonline.com.br\\\/serie-a-official-week-26-line-ups-lecce-vs-inter\\\/#local-main-place-address\"},\"geo\":{\"@type\":\"GeoCoordinates\",\"latitude\":\"-24.5361401\",\"longitude\":\"-52.9921776\"},\"telephone\":[\"+5544998308235\"],\"contactPoint\":{\"@type\":\"ContactPoint\",\"email\":\"contato@ubirataonline.com.br\"},\"openingHoursSpecification\":{\"@type\":\"OpeningHoursSpecification\",\"dayOfWeek\":[\"Monday\",\"Tuesday\",\"Wednesday\",\"Thursday\",\"Friday\",\"Saturday\",\"Sunday\"],\"opens\":\"00:00\",\"closes\":\"23:59\"},\"email\":\"contato@ubirataonline.com.br\",\"vatID\":\"47.621.418\\\/0001-80\"},{\"@type\":\"Person\",\"@id\":\"https:\\\/\\\/ubirataonline.com.br\\\/#\\\/schema\\\/person\\\/372f87bbd3fdd79b8556b84c98d0bc1c\",\"name\":\"REDA\u00c7\u00c3O: UBIRAT\u00c3 ONLINE - F\u00c1BIO AUGUSTO CELESTINO\",\"pronouns\":\"Ele\",\"description\":\"Desde 2003 trabalhando com not\u00edcias.\",\"sameAs\":[\"http:\\\/\\\/ubirataoline.com.br\",\"https:\\\/\\\/www.facebook.com\\\/portalubirataonline\",\"https:\\\/\\\/www.instagram.com\\\/ubirataonline_oficial\",\"https:\\\/\\\/x.com\\\/x.com\\\/ubirataonline\"],\"honorificPrefix\":\"Mr.\",\"honorificSuffix\":\"MD\",\"birthDate\":\"1980-06-16\",\"gender\":\"masculino\",\"award\":[\"V\u00e1rios pr\u00eamios de melhor portal da cidade\"],\"jobTitle\":\"Diretor\",\"url\":\"https:\\\/\\\/ubirataonline.com.br\\\/en\\\/author\\\/ubirataonline\\\/\"},{\"@type\":\"PostalAddress\",\"@id\":\"https:\\\/\\\/ubirataonline.com.br\\\/serie-a-official-week-26-line-ups-lecce-vs-inter\\\/#local-main-place-address\",\"streetAddress\":\"Rua dos Coqueiros, 104 - Bairro Boa Vista, Rua dos Coqueiros, 104 Bairro Boa Vista\",\"addressLocality\":\"UBIRATA\",\"postalCode\":\"85440-000\",\"addressRegion\":\"PR\",\"addressCountry\":\"BR\"},{\"@type\":\"ImageObject\",\"inLanguage\":\"en-US\",\"@id\":\"https:\\\/\\\/ubirataonline.com.br\\\/serie-a-official-week-26-line-ups-lecce-vs-inter\\\/#local-main-organization-logo\",\"url\":\"https:\\\/\\\/ubirataonline.com.br\\\/wp-content\\\/uploads\\\/2026\\\/06\\\/logoubirataonline-1.webp\",\"contentUrl\":\"https:\\\/\\\/ubirataonline.com.br\\\/wp-content\\\/uploads\\\/2026\\\/06\\\/logoubirataonline-1.webp\",\"width\":500,\"height\":500,\"caption\":\"Ubirat\u00e3 Online Not\u00edcias\"}]}<\/script>\n<meta name=\"geo.placename\" content=\"UBIRATA\" \/>\n<meta name=\"geo.position\" content=\"-24.5361401;-52.9921776\" \/>\n<meta name=\"geo.region\" content=\"Brazil\" \/>\n<!-- \/ Yoast SEO Premium plugin. -->","yoast_head_json":{"title":"Serie A official Week 26 line-ups: Lecce vs. Inter - Ubirat\u00e3 Online Not\u00edcias - A realidade ao seu alcance!","description":"Inter try to consolidate their Serie A leadership without Lautaro Martinez and two top midfielders, so Marcus Thuram and Francesco Pio Esposito start for","robots":{"index":"index","follow":"follow","max-snippet":"max-snippet:-1","max-image-preview":"max-image-preview:large","max-video-preview":"max-video-preview:-1"},"canonical":"https:\/\/ubirataonline.com.br\/en\/serie-a-official-week-26-line-ups-lecce-vs-inter\/","og_locale":"en_US","og_type":"article","og_title":"Serie A official Week 26 line-ups: Lecce vs. Inter","og_description":"Inter try to consolidate their Serie A leadership without Lautaro Martinez and two top midfielders, so Marcus Thuram and Francesco Pio Esposito start for","og_url":"https:\/\/ubirataonline.com.br\/en\/serie-a-official-week-26-line-ups-lecce-vs-inter\/","og_site_name":"Ubirat\u00e3 Online Not\u00edcias - A realidade ao seu alcance!","article_publisher":"https:\/\/www.facebook.com\/portalubirataonline","article_author":"https:\/\/www.facebook.com\/portalubirataonline","article_published_time":"2026-02-21T16:39:36+00:00","article_modified_time":"2026-02-21T16:39:42+00:00","og_image":[{"width":1200,"height":807,"url":"https:\/\/ubirataonline.com.br\/wp-content\/uploads\/2026\/02\/Serie-A-official-Week-26-line-ups-Lecce-vs-Inter.jpeg","type":"image\/jpeg"}],"author":"REDA\u00c7\u00c3O: UBIRAT\u00c3 ONLINE - F\u00c1BIO AUGUSTO CELESTINO","twitter_card":"summary_large_image","twitter_creator":"@x.com\/ubirataonline","twitter_site":"@ubirataonline","twitter_misc":{"Written by":"REDA\u00c7\u00c3O: UBIRAT\u00c3 ONLINE - F\u00c1BIO AUGUSTO CELESTINO","Est. reading time":"2 minutes"},"schema":{"@context":"https:\/\/schema.org","@graph":[{"@type":"NewsArticle","@id":"https:\/\/ubirataonline.com.br\/serie-a-official-week-26-line-ups-lecce-vs-inter\/#article","isPartOf":{"@id":"https:\/\/ubirataonline.com.br\/serie-a-official-week-26-line-ups-lecce-vs-inter\/"},"author":{"name":"REDA\u00c7\u00c3O: UBIRAT\u00c3 ONLINE - F\u00c1BIO AUGUSTO CELESTINO","@id":"https:\/\/ubirataonline.com.br\/#\/schema\/person\/372f87bbd3fdd79b8556b84c98d0bc1c"},"headline":"Serie A official Week 26 line-ups: Lecce vs. Inter","datePublished":"2026-02-21T16:39:36+00:00","dateModified":"2026-02-21T16:39:42+00:00","mainEntityOfPage":{"@id":"https:\/\/ubirataonline.com.br\/serie-a-official-week-26-line-ups-lecce-vs-inter\/"},"wordCount":441,"publisher":{"@id":"https:\/\/ubirataonline.com.br\/#organization"},"image":{"@id":"https:\/\/ubirataonline.com.br\/serie-a-official-week-26-line-ups-lecce-vs-inter\/#primaryimage"},"thumbnailUrl":"https:\/\/ubirataonline.com.br\/wp-content\/uploads\/2026\/02\/Serie-A-official-Week-26-line-ups-Lecce-vs-Inter.jpeg","keywords":["Inter","Lecce","Lineups","official","Serie","Week"],"articleSection":["Europe"],"inLanguage":"en-US","copyrightYear":"2026","copyrightHolder":{"@id":"https:\/\/ubirataonline.com.br\/en\/#organization"}},{"@type":"WebPage","@id":"https:\/\/ubirataonline.com.br\/serie-a-official-week-26-line-ups-lecce-vs-inter\/","url":"https:\/\/ubirataonline.com.br\/serie-a-official-week-26-line-ups-lecce-vs-inter\/","name":"Serie A official Week 26 line-ups: Lecce vs. Inter - Ubirat\u00e3 Online Not\u00edcias - A realidade ao seu alcance!","isPartOf":{"@id":"https:\/\/ubirataonline.com.br\/#website"},"primaryImageOfPage":{"@id":"https:\/\/ubirataonline.com.br\/serie-a-official-week-26-line-ups-lecce-vs-inter\/#primaryimage"},"image":{"@id":"https:\/\/ubirataonline.com.br\/serie-a-official-week-26-line-ups-lecce-vs-inter\/#primaryimage"},"thumbnailUrl":"https:\/\/ubirataonline.com.br\/wp-content\/uploads\/2026\/02\/Serie-A-official-Week-26-line-ups-Lecce-vs-Inter.jpeg","datePublished":"2026-02-21T16:39:36+00:00","dateModified":"2026-02-21T16:39:42+00:00","description":"Inter try to consolidate their Serie A leadership without Lautaro Martinez and two top midfielders, so Marcus Thuram and Francesco Pio Esposito start for","breadcrumb":{"@id":"https:\/\/ubirataonline.com.br\/serie-a-official-week-26-line-ups-lecce-vs-inter\/#breadcrumb"},"inLanguage":"en-US","potentialAction":[{"@type":"ReadAction","target":["https:\/\/ubirataonline.com.br\/serie-a-official-week-26-line-ups-lecce-vs-inter\/"]}]},{"@type":"ImageObject","inLanguage":"en-US","@id":"https:\/\/ubirataonline.com.br\/serie-a-official-week-26-line-ups-lecce-vs-inter\/#primaryimage","url":"https:\/\/ubirataonline.com.br\/wp-content\/uploads\/2026\/02\/Serie-A-official-Week-26-line-ups-Lecce-vs-Inter.jpeg","contentUrl":"https:\/\/ubirataonline.com.br\/wp-content\/uploads\/2026\/02\/Serie-A-official-Week-26-line-ups-Lecce-vs-Inter.jpeg","width":1200,"height":807,"caption":"Serie A official Week 26 line-ups: Lecce vs. Inter"},{"@type":"BreadcrumbList","@id":"https:\/\/ubirataonline.com.br\/serie-a-official-week-26-line-ups-lecce-vs-inter\/#breadcrumb","itemListElement":[{"@type":"ListItem","position":1,"name":"In\u00edcio","item":"https:\/\/ubirataonline.com.br\/"},{"@type":"ListItem","position":2,"name":"Serie A official Week 26 line-ups: Lecce vs. Inter"}]},{"@type":"WebSite","@id":"https:\/\/ubirataonline.com.br\/#website","url":"https:\/\/ubirataonline.com.br\/","name":"Ubirat\u00e3 Online Not\u00edcias","description":"Not\u00edcias de Ubirat\u00e3, regi\u00e3o, Brasil e mundo, com informa\u00e7\u00e3o atualizada e compromisso com o leitor.","publisher":{"@id":"https:\/\/ubirataonline.com.br\/#organization"},"alternateName":"Ubirat\u00e3 Online","potentialAction":[{"@type":"SearchAction","target":{"@type":"EntryPoint","urlTemplate":"https:\/\/ubirataonline.com.br\/?s={search_term_string}"},"query-input":{"@type":"PropertyValueSpecification","valueRequired":true,"valueName":"search_term_string"}}],"inLanguage":"en-US"},{"@type":["Organization","Place"],"@id":"https:\/\/ubirataonline.com.br\/#organization","name":"Ubirat\u00e3 Online Not\u00edcias","alternateName":"Ubirat\u00e3 Online","url":"https:\/\/ubirataonline.com.br\/","logo":{"@id":"https:\/\/ubirataonline.com.br\/serie-a-official-week-26-line-ups-lecce-vs-inter\/#local-main-organization-logo"},"image":{"@id":"https:\/\/ubirataonline.com.br\/serie-a-official-week-26-line-ups-lecce-vs-inter\/#local-main-organization-logo"},"sameAs":["https:\/\/www.facebook.com\/portalubirataonline","https:\/\/x.com\/ubirataonline","https:\/\/mastodon.social\/@ubirataonline","https:\/\/www.facebook.com\/groups\/311144672285604","https:\/\/www.facebook.com\/UBTAOnline","https:\/\/www.instagram.com\/portalubirataonline\/","https:\/\/twitter.com\/ubirataonline"],"description":"Somos um portal de not\u00edcias independente, criado em 5 de janeiro de 2009, com o objetivo de informar, conectar e valorizar a nossa comunidade de Ubirat\u00e3 e toda aregi\u00e3o. Com conte\u00fado atualizado, confi\u00e1vel e relevante, o Ubirat\u00e3 Online \u00e9 o seu espa\u00e7o para ficar por dentro dos principais acontecimentos locais, regionais, Brasil, Mundo e de interesse geral. Nosso compromisso \u00e9 com a verdade, a transpar\u00eancia e o respeito ao leitor.","legalName":"UBIRATA ONLINE NOT\u00cdCIAS","foundingDate":"2009-01-05","numberOfEmployees":{"@type":"QuantitativeValue","minValue":"1","maxValue":"10"},"publishingPrinciples":"https:\/\/ubirataonline.com.br\/faq\/","address":{"@id":"https:\/\/ubirataonline.com.br\/serie-a-official-week-26-line-ups-lecce-vs-inter\/#local-main-place-address"},"geo":{"@type":"GeoCoordinates","latitude":"-24.5361401","longitude":"-52.9921776"},"telephone":["+5544998308235"],"contactPoint":{"@type":"ContactPoint","email":"contato@ubirataonline.com.br"},"openingHoursSpecification":{"@type":"OpeningHoursSpecification","dayOfWeek":["Monday","Tuesday","Wednesday","Thursday","Friday","Saturday","Sunday"],"opens":"00:00","closes":"23:59"},"email":"contato@ubirataonline.com.br","vatID":"47.621.418\/0001-80"},{"@type":"Person","@id":"https:\/\/ubirataonline.com.br\/#\/schema\/person\/372f87bbd3fdd79b8556b84c98d0bc1c","name":"REDA\u00c7\u00c3O: UBIRAT\u00c3 ONLINE - F\u00c1BIO AUGUSTO CELESTINO","pronouns":"Ele","description":"Desde 2003 trabalhando com not\u00edcias.","sameAs":["http:\/\/ubirataoline.com.br","https:\/\/www.facebook.com\/portalubirataonline","https:\/\/www.instagram.com\/ubirataonline_oficial","https:\/\/x.com\/x.com\/ubirataonline"],"honorificPrefix":"Mr.","honorificSuffix":"MD","birthDate":"1980-06-16","gender":"masculino","award":["V\u00e1rios pr\u00eamios de melhor portal da cidade"],"jobTitle":"Diretor","url":"https:\/\/ubirataonline.com.br\/en\/author\/ubirataonline\/"},{"@type":"PostalAddress","@id":"https:\/\/ubirataonline.com.br\/serie-a-official-week-26-line-ups-lecce-vs-inter\/#local-main-place-address","streetAddress":"Rua dos Coqueiros, 104 - Bairro Boa Vista, Rua dos Coqueiros, 104 Bairro Boa Vista","addressLocality":"UBIRATA","postalCode":"85440-000","addressRegion":"PR","addressCountry":"BR"},{"@type":"ImageObject","inLanguage":"en-US","@id":"https:\/\/ubirataonline.com.br\/serie-a-official-week-26-line-ups-lecce-vs-inter\/#local-main-organization-logo","url":"https:\/\/ubirataonline.com.br\/wp-content\/uploads\/2026\/06\/logoubirataonline-1.webp","contentUrl":"https:\/\/ubirataonline.com.br\/wp-content\/uploads\/2026\/06\/logoubirataonline-1.webp","width":500,"height":500,"caption":"Ubirat\u00e3 Online Not\u00edcias"}]},"geo.placename":"UBIRATA","geo.position":{"lat":"-24.5361401","long":"-52.9921776"},"geo.region":"Brazil"},"_links":{"self":[{"href":"https:\/\/ubirataonline.com.br\/en\/wp-json\/wp\/v2\/posts\/89016","targetHints":{"allow":["GET"]}}],"collection":[{"href":"https:\/\/ubirataonline.com.br\/en\/wp-json\/wp\/v2\/posts"}],"about":[{"href":"https:\/\/ubirataonline.com.br\/en\/wp-json\/wp\/v2\/types\/post"}],"author":[{"embeddable":true,"href":"https:\/\/ubirataonline.com.br\/en\/wp-json\/wp\/v2\/users\/1"}],"replies":[{"embeddable":true,"href":"https:\/\/ubirataonline.com.br\/en\/wp-json\/wp\/v2\/comments?post=89016"}],"version-history":[{"count":0,"href":"https:\/\/ubirataonline.com.br\/en\/wp-json\/wp\/v2\/posts\/89016\/revisions"}],"wp:featuredmedia":[{"embeddable":true,"href":"https:\/\/ubirataonline.com.br\/en\/wp-json\/wp\/v2\/media\/89017"}],"wp:attachment":[{"href":"https:\/\/ubirataonline.com.br\/en\/wp-json\/wp\/v2\/media?parent=89016"}],"wp:term":[{"taxonomy":"category","embeddable":true,"href":"https:\/\/ubirataonline.com.br\/en\/wp-json\/wp\/v2\/categories?post=89016"},{"taxonomy":"post_tag","embeddable":true,"href":"https:\/\/ubirataonline.com.br\/en\/wp-json\/wp\/v2\/tags?post=89016"}],"curies":[{"name":"wp","href":"https:\/\/api.w.org\/{rel}","templated":true}]}}