{"id":89023,"date":"2026-02-21T14:27:00","date_gmt":"2026-02-21T17:27:00","guid":{"rendered":"https:\/\/ubirataonline.com.br\/jose-mourinho-evita-citar-vini-jr-mas-afirma-nao-tem-sido-facil-lidar-emocionalmente\/"},"modified":"2026-02-21T14:27:24","modified_gmt":"2026-02-21T17:27:24","slug":"jose-mourinho-evita-citar-vini-jr-mas-afirma-nao-tem-sido-facil-lidar-emocionalmente","status":"publish","type":"post","link":"https:\/\/ubirataonline.com.br\/en\/jose-mourinho-evita-citar-vini-jr-mas-afirma-nao-tem-sido-facil-lidar-emocionalmente\/","title":{"rendered":"Jos\u00e9 Mourinho evita citar Vini Jr, mas afirma: &#8220;N\u00e3o tem sido f\u00e1cil lidar emocionalmente&#8221;"},"content":{"rendered":"<p><\/p>\n<div data-block-type=\"unstyled\" data-block-weight=\"84\">\n<p class=\"content-text__container\" data-track-category=\"Link no Texto\" data-track-links=\"\"> \u2014 O jogo foi exigente em todos os momentos. At\u00e9 o minuto 50 foi um jogo de exig\u00eancia m\u00e1xima, seja do ponto de vista f\u00edsico, seja do ponto de vista t\u00e1tico. Desde o minuto 51 (momento da den\u00fancia de Vini Jr) at\u00e9 agora, n\u00e3o tem sido f\u00e1cil lidar emocionalmente com o que aconteceu e continua acontecendo. Mas h\u00e1 jogo amanh\u00e3, jogo importante, que para as nossas ambi\u00e7\u00f5es e sonhos, \u00e9 fundamental ganhar, e temos de nos focar e tentar jogar ao mais alto n\u00edvel. <\/p>\n<\/p><\/div>\n<p><a href=\"https:\/\/ge.globo.com\/futebol\/futebol-internacional\/noticia\/2026\/02\/20\/jose-mourinho-evita-comentar-sobre-vini-jr-mas-afirma-nao-tem-sido-facil-lidar-emocionalmente.ghtml\">Source link <\/a><\/p>","protected":false},"excerpt":{"rendered":"<p>\u2014 O jogo foi exigente em todos os momentos. At\u00e9 o minuto 50 foi um jogo de exig\u00eancia m\u00e1xima, seja do ponto de vista f\u00edsico, seja do ponto de vista t\u00e1tico. Desde o minuto 51 (momento da den\u00fancia de Vini Jr) at\u00e9 agora, n\u00e3o tem sido f\u00e1cil lidar emocionalmente com o que aconteceu e continua [&hellip;]<\/p>\n","protected":false},"author":1,"featured_media":89024,"comment_status":"closed","ping_status":"","sticky":false,"template":"","format":"standard","meta":{"googlesitekit_rrm_CAow2JLhCw:productID":"","_gspb_post_css":"","maa_idioma":"","maa_pais":"","footnotes":""},"categories":[4],"tags":[10940,19907,19909,15176,8413,5058,19908,3234,16878,3255,5670,3208,6792],"class_list":["post-89023","post","type-post","status-publish","format-standard","has-post-thumbnail","hentry","category-brasil","tag-afirma","tag-citar","tag-emocionalmente","tag-evita","tag-facil","tag-jose","tag-lidar","tag-mas","tag-mourinho","tag-nao","tag-sido","tag-tem","tag-vini"],"blocksy_meta":[],"yoast_head":"<!-- This site is optimized with the Yoast SEO Premium plugin v27.6 (Yoast SEO v27.6) - https:\/\/yoast.com\/product\/yoast-seo-premium-wordpress\/ -->\n<title>Jos\u00e9 Mourinho evita citar Vini Jr, mas afirma: &quot;N\u00e3o tem sido f\u00e1cil lidar emocionalmente&quot; - Ubirat\u00e3 Online Not\u00edcias - A realidade ao seu alcance!<\/title>\n<meta name=\"description\" content=\"\u2014 O jogo foi exigente em todos os momentos. At\u00e9 o minuto 50 foi um jogo de exig\u00eancia m\u00e1xima, seja do ponto de vista f\u00edsico, seja do ponto de vista t\u00e1tico.\" \/>\n<meta name=\"robots\" content=\"index, follow, max-snippet:-1, max-image-preview:large, max-video-preview:-1\" \/>\n<link rel=\"canonical\" href=\"https:\/\/ubirataonline.com.br\/en\/jose-mourinho-evita-citar-vini-jr-mas-afirma-nao-tem-sido-facil-lidar-emocionalmente\/\" \/>\n<meta property=\"og:locale\" content=\"en_US\" \/>\n<meta property=\"og:type\" content=\"article\" \/>\n<meta property=\"og:title\" content=\"Jos\u00e9 Mourinho evita citar Vini Jr, mas afirma: &quot;N\u00e3o tem sido f\u00e1cil lidar emocionalmente&quot;\" \/>\n<meta property=\"og:description\" content=\"\u2014 O jogo foi exigente em todos os momentos. At\u00e9 o minuto 50 foi um jogo de exig\u00eancia m\u00e1xima, seja do ponto de vista f\u00edsico, seja do ponto de vista t\u00e1tico.\" \/>\n<meta property=\"og:url\" content=\"https:\/\/ubirataonline.com.br\/en\/jose-mourinho-evita-citar-vini-jr-mas-afirma-nao-tem-sido-facil-lidar-emocionalmente\/\" \/>\n<meta property=\"og:site_name\" content=\"Ubirat\u00e3 Online Not\u00edcias - A realidade ao seu alcance!\" \/>\n<meta property=\"article:publisher\" content=\"https:\/\/www.facebook.com\/portalubirataonline\" \/>\n<meta property=\"article:author\" content=\"https:\/\/www.facebook.com\/portalubirataonline\" \/>\n<meta property=\"article:published_time\" content=\"2026-02-21T17:27:00+00:00\" \/>\n<meta property=\"article:modified_time\" content=\"2026-02-21T17:27:24+00:00\" \/>\n<meta property=\"og:image\" content=\"https:\/\/ubirataonline.com.br\/wp-content\/uploads\/2026\/02\/Jose-Mourinho-evita-citar-Vini-Jr-mas-afirma-Nao-tem.jpg\" \/>\n\t<meta property=\"og:image:width\" content=\"2454\" \/>\n\t<meta property=\"og:image:height\" content=\"1636\" \/>\n\t<meta property=\"og:image:type\" content=\"image\/jpeg\" \/>\n<meta name=\"author\" content=\"REDA\u00c7\u00c3O: UBIRAT\u00c3 ONLINE - F\u00c1BIO AUGUSTO CELESTINO\" \/>\n<meta name=\"twitter:card\" content=\"summary_large_image\" \/>\n<meta name=\"twitter:creator\" content=\"@x.com\/ubirataonline\" \/>\n<meta name=\"twitter:site\" content=\"@ubirataonline\" \/>\n<meta name=\"twitter:label1\" content=\"Written by\" \/>\n\t<meta name=\"twitter:data1\" content=\"REDA\u00c7\u00c3O: UBIRAT\u00c3 ONLINE - F\u00c1BIO AUGUSTO CELESTINO\" \/>\n<script type=\"application\/ld+json\" class=\"yoast-schema-graph\">{\"@context\":\"https:\\\/\\\/schema.org\",\"@graph\":[{\"@type\":\"NewsArticle\",\"@id\":\"https:\\\/\\\/ubirataonline.com.br\\\/jose-mourinho-evita-citar-vini-jr-mas-afirma-nao-tem-sido-facil-lidar-emocionalmente\\\/#article\",\"isPartOf\":{\"@id\":\"https:\\\/\\\/ubirataonline.com.br\\\/jose-mourinho-evita-citar-vini-jr-mas-afirma-nao-tem-sido-facil-lidar-emocionalmente\\\/\"},\"author\":{\"name\":\"REDA\u00c7\u00c3O: UBIRAT\u00c3 ONLINE - F\u00c1BIO AUGUSTO CELESTINO\",\"@id\":\"https:\\\/\\\/ubirataonline.com.br\\\/#\\\/schema\\\/person\\\/372f87bbd3fdd79b8556b84c98d0bc1c\"},\"headline\":\"Jos\u00e9 Mourinho evita citar Vini Jr, mas afirma: &#8220;N\u00e3o tem sido f\u00e1cil lidar emocionalmente&#8221;\",\"datePublished\":\"2026-02-21T17:27:00+00:00\",\"dateModified\":\"2026-02-21T17:27:24+00:00\",\"mainEntityOfPage\":{\"@id\":\"https:\\\/\\\/ubirataonline.com.br\\\/jose-mourinho-evita-citar-vini-jr-mas-afirma-nao-tem-sido-facil-lidar-emocionalmente\\\/\"},\"wordCount\":107,\"publisher\":{\"@id\":\"https:\\\/\\\/ubirataonline.com.br\\\/#organization\"},\"image\":{\"@id\":\"https:\\\/\\\/ubirataonline.com.br\\\/jose-mourinho-evita-citar-vini-jr-mas-afirma-nao-tem-sido-facil-lidar-emocionalmente\\\/#primaryimage\"},\"thumbnailUrl\":\"https:\\\/\\\/ubirataonline.com.br\\\/wp-content\\\/uploads\\\/2026\\\/02\\\/Jose-Mourinho-evita-citar-Vini-Jr-mas-afirma-Nao-tem.jpg\",\"keywords\":[\"afirma\",\"citar\",\"emocionalmente\",\"evita\",\"f\u00e1cil\",\"Jos\u00e9\",\"lidar\",\"mas\",\"Mourinho\",\"n\u00e3o\",\"sido\",\"tem\",\"Vini\"],\"articleSection\":[\"Brasil\"],\"inLanguage\":\"en-US\",\"copyrightYear\":\"2026\",\"copyrightHolder\":{\"@id\":\"https:\\\/\\\/ubirataonline.com.br\\\/en\\\/#organization\"}},{\"@type\":\"WebPage\",\"@id\":\"https:\\\/\\\/ubirataonline.com.br\\\/jose-mourinho-evita-citar-vini-jr-mas-afirma-nao-tem-sido-facil-lidar-emocionalmente\\\/\",\"url\":\"https:\\\/\\\/ubirataonline.com.br\\\/jose-mourinho-evita-citar-vini-jr-mas-afirma-nao-tem-sido-facil-lidar-emocionalmente\\\/\",\"name\":\"Jos\u00e9 Mourinho evita citar Vini Jr, mas afirma: \\\"N\u00e3o tem sido f\u00e1cil lidar emocionalmente\\\" - Ubirat\u00e3 Online Not\u00edcias - A realidade ao seu alcance!\",\"isPartOf\":{\"@id\":\"https:\\\/\\\/ubirataonline.com.br\\\/#website\"},\"primaryImageOfPage\":{\"@id\":\"https:\\\/\\\/ubirataonline.com.br\\\/jose-mourinho-evita-citar-vini-jr-mas-afirma-nao-tem-sido-facil-lidar-emocionalmente\\\/#primaryimage\"},\"image\":{\"@id\":\"https:\\\/\\\/ubirataonline.com.br\\\/jose-mourinho-evita-citar-vini-jr-mas-afirma-nao-tem-sido-facil-lidar-emocionalmente\\\/#primaryimage\"},\"thumbnailUrl\":\"https:\\\/\\\/ubirataonline.com.br\\\/wp-content\\\/uploads\\\/2026\\\/02\\\/Jose-Mourinho-evita-citar-Vini-Jr-mas-afirma-Nao-tem.jpg\",\"datePublished\":\"2026-02-21T17:27:00+00:00\",\"dateModified\":\"2026-02-21T17:27:24+00:00\",\"description\":\"\u2014 O jogo foi exigente em todos os momentos. At\u00e9 o minuto 50 foi um jogo de exig\u00eancia m\u00e1xima, seja do ponto de vista f\u00edsico, seja do ponto de vista t\u00e1tico.\",\"breadcrumb\":{\"@id\":\"https:\\\/\\\/ubirataonline.com.br\\\/jose-mourinho-evita-citar-vini-jr-mas-afirma-nao-tem-sido-facil-lidar-emocionalmente\\\/#breadcrumb\"},\"inLanguage\":\"en-US\",\"potentialAction\":[{\"@type\":\"ReadAction\",\"target\":[\"https:\\\/\\\/ubirataonline.com.br\\\/jose-mourinho-evita-citar-vini-jr-mas-afirma-nao-tem-sido-facil-lidar-emocionalmente\\\/\"]}]},{\"@type\":\"ImageObject\",\"inLanguage\":\"en-US\",\"@id\":\"https:\\\/\\\/ubirataonline.com.br\\\/jose-mourinho-evita-citar-vini-jr-mas-afirma-nao-tem-sido-facil-lidar-emocionalmente\\\/#primaryimage\",\"url\":\"https:\\\/\\\/ubirataonline.com.br\\\/wp-content\\\/uploads\\\/2026\\\/02\\\/Jose-Mourinho-evita-citar-Vini-Jr-mas-afirma-Nao-tem.jpg\",\"contentUrl\":\"https:\\\/\\\/ubirataonline.com.br\\\/wp-content\\\/uploads\\\/2026\\\/02\\\/Jose-Mourinho-evita-citar-Vini-Jr-mas-afirma-Nao-tem.jpg\",\"width\":2454,\"height\":1636,\"caption\":\"1 de 2&#13;Vini Jr e Mourinho ap\u00f3s o gol do Real Madrid \u2014 Foto: Angel Martinez\\\/Getty Images\"},{\"@type\":\"BreadcrumbList\",\"@id\":\"https:\\\/\\\/ubirataonline.com.br\\\/jose-mourinho-evita-citar-vini-jr-mas-afirma-nao-tem-sido-facil-lidar-emocionalmente\\\/#breadcrumb\",\"itemListElement\":[{\"@type\":\"ListItem\",\"position\":1,\"name\":\"In\u00edcio\",\"item\":\"https:\\\/\\\/ubirataonline.com.br\\\/\"},{\"@type\":\"ListItem\",\"position\":2,\"name\":\"Jos\u00e9 Mourinho evita citar Vini Jr, mas afirma: &#8220;N\u00e3o tem sido f\u00e1cil lidar emocionalmente&#8221;\"}]},{\"@type\":\"WebSite\",\"@id\":\"https:\\\/\\\/ubirataonline.com.br\\\/#website\",\"url\":\"https:\\\/\\\/ubirataonline.com.br\\\/\",\"name\":\"Ubirat\u00e3 Online Not\u00edcias\",\"description\":\"Not\u00edcias de Ubirat\u00e3, regi\u00e3o, Brasil e mundo, com informa\u00e7\u00e3o atualizada e compromisso com o leitor.\",\"publisher\":{\"@id\":\"https:\\\/\\\/ubirataonline.com.br\\\/#organization\"},\"alternateName\":\"Ubirat\u00e3 Online\",\"potentialAction\":[{\"@type\":\"SearchAction\",\"target\":{\"@type\":\"EntryPoint\",\"urlTemplate\":\"https:\\\/\\\/ubirataonline.com.br\\\/?s={search_term_string}\"},\"query-input\":{\"@type\":\"PropertyValueSpecification\",\"valueRequired\":true,\"valueName\":\"search_term_string\"}}],\"inLanguage\":\"en-US\"},{\"@type\":[\"Organization\",\"Place\"],\"@id\":\"https:\\\/\\\/ubirataonline.com.br\\\/#organization\",\"name\":\"Ubirat\u00e3 Online Not\u00edcias\",\"alternateName\":\"Ubirat\u00e3 Online\",\"url\":\"https:\\\/\\\/ubirataonline.com.br\\\/\",\"logo\":{\"@id\":\"https:\\\/\\\/ubirataonline.com.br\\\/jose-mourinho-evita-citar-vini-jr-mas-afirma-nao-tem-sido-facil-lidar-emocionalmente\\\/#local-main-organization-logo\"},\"image\":{\"@id\":\"https:\\\/\\\/ubirataonline.com.br\\\/jose-mourinho-evita-citar-vini-jr-mas-afirma-nao-tem-sido-facil-lidar-emocionalmente\\\/#local-main-organization-logo\"},\"sameAs\":[\"https:\\\/\\\/www.facebook.com\\\/portalubirataonline\",\"https:\\\/\\\/x.com\\\/ubirataonline\",\"https:\\\/\\\/mastodon.social\\\/@ubirataonline\",\"https:\\\/\\\/www.facebook.com\\\/groups\\\/311144672285604\",\"https:\\\/\\\/www.facebook.com\\\/UBTAOnline\",\"https:\\\/\\\/www.instagram.com\\\/portalubirataonline\\\/\",\"https:\\\/\\\/twitter.com\\\/ubirataonline\"],\"description\":\"Somos um portal de not\u00edcias independente, criado em 5 de janeiro de 2009, com o objetivo de informar, conectar e valorizar a nossa comunidade de Ubirat\u00e3 e toda aregi\u00e3o. Com conte\u00fado atualizado, confi\u00e1vel e relevante, o Ubirat\u00e3 Online \u00e9 o seu espa\u00e7o para ficar por dentro dos principais acontecimentos locais, regionais, Brasil, Mundo e de interesse geral. Nosso compromisso \u00e9 com a verdade, a transpar\u00eancia e o respeito ao leitor.\",\"legalName\":\"UBIRATA ONLINE NOT\u00cdCIAS\",\"foundingDate\":\"2009-01-05\",\"numberOfEmployees\":{\"@type\":\"QuantitativeValue\",\"minValue\":\"1\",\"maxValue\":\"10\"},\"publishingPrinciples\":\"https:\\\/\\\/ubirataonline.com.br\\\/faq\\\/\",\"address\":{\"@id\":\"https:\\\/\\\/ubirataonline.com.br\\\/jose-mourinho-evita-citar-vini-jr-mas-afirma-nao-tem-sido-facil-lidar-emocionalmente\\\/#local-main-place-address\"},\"geo\":{\"@type\":\"GeoCoordinates\",\"latitude\":\"-24.5361401\",\"longitude\":\"-52.9921776\"},\"telephone\":[\"+5544998308235\"],\"contactPoint\":{\"@type\":\"ContactPoint\",\"email\":\"contato@ubirataonline.com.br\"},\"openingHoursSpecification\":{\"@type\":\"OpeningHoursSpecification\",\"dayOfWeek\":[\"Monday\",\"Tuesday\",\"Wednesday\",\"Thursday\",\"Friday\",\"Saturday\",\"Sunday\"],\"opens\":\"00:00\",\"closes\":\"23:59\"},\"email\":\"contato@ubirataonline.com.br\",\"vatID\":\"47.621.418\\\/0001-80\"},{\"@type\":\"Person\",\"@id\":\"https:\\\/\\\/ubirataonline.com.br\\\/#\\\/schema\\\/person\\\/372f87bbd3fdd79b8556b84c98d0bc1c\",\"name\":\"REDA\u00c7\u00c3O: UBIRAT\u00c3 ONLINE - F\u00c1BIO AUGUSTO CELESTINO\",\"pronouns\":\"Ele\",\"description\":\"Desde 2003 trabalhando com not\u00edcias.\",\"sameAs\":[\"http:\\\/\\\/ubirataoline.com.br\",\"https:\\\/\\\/www.facebook.com\\\/portalubirataonline\",\"https:\\\/\\\/www.instagram.com\\\/ubirataonline_oficial\",\"https:\\\/\\\/x.com\\\/x.com\\\/ubirataonline\"],\"honorificPrefix\":\"Mr.\",\"honorificSuffix\":\"MD\",\"birthDate\":\"1980-06-16\",\"gender\":\"masculino\",\"award\":[\"V\u00e1rios pr\u00eamios de melhor portal da cidade\"],\"jobTitle\":\"Diretor\",\"url\":\"https:\\\/\\\/ubirataonline.com.br\\\/en\\\/author\\\/ubirataonline\\\/\"},{\"@type\":\"PostalAddress\",\"@id\":\"https:\\\/\\\/ubirataonline.com.br\\\/jose-mourinho-evita-citar-vini-jr-mas-afirma-nao-tem-sido-facil-lidar-emocionalmente\\\/#local-main-place-address\",\"streetAddress\":\"Rua dos Coqueiros, 104 - Bairro Boa Vista, Rua dos Coqueiros, 104 Bairro Boa Vista\",\"addressLocality\":\"UBIRATA\",\"postalCode\":\"85440-000\",\"addressRegion\":\"PR\",\"addressCountry\":\"BR\"},{\"@type\":\"ImageObject\",\"inLanguage\":\"en-US\",\"@id\":\"https:\\\/\\\/ubirataonline.com.br\\\/jose-mourinho-evita-citar-vini-jr-mas-afirma-nao-tem-sido-facil-lidar-emocionalmente\\\/#local-main-organization-logo\",\"url\":\"https:\\\/\\\/ubirataonline.com.br\\\/wp-content\\\/uploads\\\/2026\\\/06\\\/logoubirataonline-1.webp\",\"contentUrl\":\"https:\\\/\\\/ubirataonline.com.br\\\/wp-content\\\/uploads\\\/2026\\\/06\\\/logoubirataonline-1.webp\",\"width\":500,\"height\":500,\"caption\":\"Ubirat\u00e3 Online Not\u00edcias\"}]}<\/script>\n<meta name=\"geo.placename\" content=\"UBIRATA\" \/>\n<meta name=\"geo.position\" content=\"-24.5361401;-52.9921776\" \/>\n<meta name=\"geo.region\" content=\"Brazil\" \/>\n<!-- \/ Yoast SEO Premium plugin. -->","yoast_head_json":{"title":"Jos\u00e9 Mourinho evita citar Vini Jr, mas afirma: \"N\u00e3o tem sido f\u00e1cil lidar emocionalmente\" - Ubirat\u00e3 Online Not\u00edcias - A realidade ao seu alcance!","description":"\u2014 O jogo foi exigente em todos os momentos. At\u00e9 o minuto 50 foi um jogo de exig\u00eancia m\u00e1xima, seja do ponto de vista f\u00edsico, seja do ponto de vista t\u00e1tico.","robots":{"index":"index","follow":"follow","max-snippet":"max-snippet:-1","max-image-preview":"max-image-preview:large","max-video-preview":"max-video-preview:-1"},"canonical":"https:\/\/ubirataonline.com.br\/en\/jose-mourinho-evita-citar-vini-jr-mas-afirma-nao-tem-sido-facil-lidar-emocionalmente\/","og_locale":"en_US","og_type":"article","og_title":"Jos\u00e9 Mourinho evita citar Vini Jr, mas afirma: \"N\u00e3o tem sido f\u00e1cil lidar emocionalmente\"","og_description":"\u2014 O jogo foi exigente em todos os momentos. At\u00e9 o minuto 50 foi um jogo de exig\u00eancia m\u00e1xima, seja do ponto de vista f\u00edsico, seja do ponto de vista t\u00e1tico.","og_url":"https:\/\/ubirataonline.com.br\/en\/jose-mourinho-evita-citar-vini-jr-mas-afirma-nao-tem-sido-facil-lidar-emocionalmente\/","og_site_name":"Ubirat\u00e3 Online Not\u00edcias - A realidade ao seu alcance!","article_publisher":"https:\/\/www.facebook.com\/portalubirataonline","article_author":"https:\/\/www.facebook.com\/portalubirataonline","article_published_time":"2026-02-21T17:27:00+00:00","article_modified_time":"2026-02-21T17:27:24+00:00","og_image":[{"width":2454,"height":1636,"url":"https:\/\/ubirataonline.com.br\/wp-content\/uploads\/2026\/02\/Jose-Mourinho-evita-citar-Vini-Jr-mas-afirma-Nao-tem.jpg","type":"image\/jpeg"}],"author":"REDA\u00c7\u00c3O: UBIRAT\u00c3 ONLINE - F\u00c1BIO AUGUSTO CELESTINO","twitter_card":"summary_large_image","twitter_creator":"@x.com\/ubirataonline","twitter_site":"@ubirataonline","twitter_misc":{"Written by":"REDA\u00c7\u00c3O: UBIRAT\u00c3 ONLINE - F\u00c1BIO AUGUSTO CELESTINO"},"schema":{"@context":"https:\/\/schema.org","@graph":[{"@type":"NewsArticle","@id":"https:\/\/ubirataonline.com.br\/jose-mourinho-evita-citar-vini-jr-mas-afirma-nao-tem-sido-facil-lidar-emocionalmente\/#article","isPartOf":{"@id":"https:\/\/ubirataonline.com.br\/jose-mourinho-evita-citar-vini-jr-mas-afirma-nao-tem-sido-facil-lidar-emocionalmente\/"},"author":{"name":"REDA\u00c7\u00c3O: UBIRAT\u00c3 ONLINE - F\u00c1BIO AUGUSTO CELESTINO","@id":"https:\/\/ubirataonline.com.br\/#\/schema\/person\/372f87bbd3fdd79b8556b84c98d0bc1c"},"headline":"Jos\u00e9 Mourinho evita citar Vini Jr, mas afirma: &#8220;N\u00e3o tem sido f\u00e1cil lidar emocionalmente&#8221;","datePublished":"2026-02-21T17:27:00+00:00","dateModified":"2026-02-21T17:27:24+00:00","mainEntityOfPage":{"@id":"https:\/\/ubirataonline.com.br\/jose-mourinho-evita-citar-vini-jr-mas-afirma-nao-tem-sido-facil-lidar-emocionalmente\/"},"wordCount":107,"publisher":{"@id":"https:\/\/ubirataonline.com.br\/#organization"},"image":{"@id":"https:\/\/ubirataonline.com.br\/jose-mourinho-evita-citar-vini-jr-mas-afirma-nao-tem-sido-facil-lidar-emocionalmente\/#primaryimage"},"thumbnailUrl":"https:\/\/ubirataonline.com.br\/wp-content\/uploads\/2026\/02\/Jose-Mourinho-evita-citar-Vini-Jr-mas-afirma-Nao-tem.jpg","keywords":["afirma","citar","emocionalmente","evita","f\u00e1cil","Jos\u00e9","lidar","mas","Mourinho","n\u00e3o","sido","tem","Vini"],"articleSection":["Brasil"],"inLanguage":"en-US","copyrightYear":"2026","copyrightHolder":{"@id":"https:\/\/ubirataonline.com.br\/en\/#organization"}},{"@type":"WebPage","@id":"https:\/\/ubirataonline.com.br\/jose-mourinho-evita-citar-vini-jr-mas-afirma-nao-tem-sido-facil-lidar-emocionalmente\/","url":"https:\/\/ubirataonline.com.br\/jose-mourinho-evita-citar-vini-jr-mas-afirma-nao-tem-sido-facil-lidar-emocionalmente\/","name":"Jos\u00e9 Mourinho evita citar Vini Jr, mas afirma: \"N\u00e3o tem sido f\u00e1cil lidar emocionalmente\" - Ubirat\u00e3 Online Not\u00edcias - A realidade ao seu alcance!","isPartOf":{"@id":"https:\/\/ubirataonline.com.br\/#website"},"primaryImageOfPage":{"@id":"https:\/\/ubirataonline.com.br\/jose-mourinho-evita-citar-vini-jr-mas-afirma-nao-tem-sido-facil-lidar-emocionalmente\/#primaryimage"},"image":{"@id":"https:\/\/ubirataonline.com.br\/jose-mourinho-evita-citar-vini-jr-mas-afirma-nao-tem-sido-facil-lidar-emocionalmente\/#primaryimage"},"thumbnailUrl":"https:\/\/ubirataonline.com.br\/wp-content\/uploads\/2026\/02\/Jose-Mourinho-evita-citar-Vini-Jr-mas-afirma-Nao-tem.jpg","datePublished":"2026-02-21T17:27:00+00:00","dateModified":"2026-02-21T17:27:24+00:00","description":"\u2014 O jogo foi exigente em todos os momentos. At\u00e9 o minuto 50 foi um jogo de exig\u00eancia m\u00e1xima, seja do ponto de vista f\u00edsico, seja do ponto de vista t\u00e1tico.","breadcrumb":{"@id":"https:\/\/ubirataonline.com.br\/jose-mourinho-evita-citar-vini-jr-mas-afirma-nao-tem-sido-facil-lidar-emocionalmente\/#breadcrumb"},"inLanguage":"en-US","potentialAction":[{"@type":"ReadAction","target":["https:\/\/ubirataonline.com.br\/jose-mourinho-evita-citar-vini-jr-mas-afirma-nao-tem-sido-facil-lidar-emocionalmente\/"]}]},{"@type":"ImageObject","inLanguage":"en-US","@id":"https:\/\/ubirataonline.com.br\/jose-mourinho-evita-citar-vini-jr-mas-afirma-nao-tem-sido-facil-lidar-emocionalmente\/#primaryimage","url":"https:\/\/ubirataonline.com.br\/wp-content\/uploads\/2026\/02\/Jose-Mourinho-evita-citar-Vini-Jr-mas-afirma-Nao-tem.jpg","contentUrl":"https:\/\/ubirataonline.com.br\/wp-content\/uploads\/2026\/02\/Jose-Mourinho-evita-citar-Vini-Jr-mas-afirma-Nao-tem.jpg","width":2454,"height":1636,"caption":"1 de 2&#13;Vini Jr e Mourinho ap\u00f3s o gol do Real Madrid \u2014 Foto: Angel Martinez\/Getty Images"},{"@type":"BreadcrumbList","@id":"https:\/\/ubirataonline.com.br\/jose-mourinho-evita-citar-vini-jr-mas-afirma-nao-tem-sido-facil-lidar-emocionalmente\/#breadcrumb","itemListElement":[{"@type":"ListItem","position":1,"name":"In\u00edcio","item":"https:\/\/ubirataonline.com.br\/"},{"@type":"ListItem","position":2,"name":"Jos\u00e9 Mourinho evita citar Vini Jr, mas afirma: &#8220;N\u00e3o tem sido f\u00e1cil lidar emocionalmente&#8221;"}]},{"@type":"WebSite","@id":"https:\/\/ubirataonline.com.br\/#website","url":"https:\/\/ubirataonline.com.br\/","name":"Ubirat\u00e3 Online Not\u00edcias","description":"Not\u00edcias de Ubirat\u00e3, regi\u00e3o, Brasil e mundo, com informa\u00e7\u00e3o atualizada e compromisso com o leitor.","publisher":{"@id":"https:\/\/ubirataonline.com.br\/#organization"},"alternateName":"Ubirat\u00e3 Online","potentialAction":[{"@type":"SearchAction","target":{"@type":"EntryPoint","urlTemplate":"https:\/\/ubirataonline.com.br\/?s={search_term_string}"},"query-input":{"@type":"PropertyValueSpecification","valueRequired":true,"valueName":"search_term_string"}}],"inLanguage":"en-US"},{"@type":["Organization","Place"],"@id":"https:\/\/ubirataonline.com.br\/#organization","name":"Ubirat\u00e3 Online Not\u00edcias","alternateName":"Ubirat\u00e3 Online","url":"https:\/\/ubirataonline.com.br\/","logo":{"@id":"https:\/\/ubirataonline.com.br\/jose-mourinho-evita-citar-vini-jr-mas-afirma-nao-tem-sido-facil-lidar-emocionalmente\/#local-main-organization-logo"},"image":{"@id":"https:\/\/ubirataonline.com.br\/jose-mourinho-evita-citar-vini-jr-mas-afirma-nao-tem-sido-facil-lidar-emocionalmente\/#local-main-organization-logo"},"sameAs":["https:\/\/www.facebook.com\/portalubirataonline","https:\/\/x.com\/ubirataonline","https:\/\/mastodon.social\/@ubirataonline","https:\/\/www.facebook.com\/groups\/311144672285604","https:\/\/www.facebook.com\/UBTAOnline","https:\/\/www.instagram.com\/portalubirataonline\/","https:\/\/twitter.com\/ubirataonline"],"description":"Somos um portal de not\u00edcias independente, criado em 5 de janeiro de 2009, com o objetivo de informar, conectar e valorizar a nossa comunidade de Ubirat\u00e3 e toda aregi\u00e3o. Com conte\u00fado atualizado, confi\u00e1vel e relevante, o Ubirat\u00e3 Online \u00e9 o seu espa\u00e7o para ficar por dentro dos principais acontecimentos locais, regionais, Brasil, Mundo e de interesse geral. Nosso compromisso \u00e9 com a verdade, a transpar\u00eancia e o respeito ao leitor.","legalName":"UBIRATA ONLINE NOT\u00cdCIAS","foundingDate":"2009-01-05","numberOfEmployees":{"@type":"QuantitativeValue","minValue":"1","maxValue":"10"},"publishingPrinciples":"https:\/\/ubirataonline.com.br\/faq\/","address":{"@id":"https:\/\/ubirataonline.com.br\/jose-mourinho-evita-citar-vini-jr-mas-afirma-nao-tem-sido-facil-lidar-emocionalmente\/#local-main-place-address"},"geo":{"@type":"GeoCoordinates","latitude":"-24.5361401","longitude":"-52.9921776"},"telephone":["+5544998308235"],"contactPoint":{"@type":"ContactPoint","email":"contato@ubirataonline.com.br"},"openingHoursSpecification":{"@type":"OpeningHoursSpecification","dayOfWeek":["Monday","Tuesday","Wednesday","Thursday","Friday","Saturday","Sunday"],"opens":"00:00","closes":"23:59"},"email":"contato@ubirataonline.com.br","vatID":"47.621.418\/0001-80"},{"@type":"Person","@id":"https:\/\/ubirataonline.com.br\/#\/schema\/person\/372f87bbd3fdd79b8556b84c98d0bc1c","name":"REDA\u00c7\u00c3O: UBIRAT\u00c3 ONLINE - F\u00c1BIO AUGUSTO CELESTINO","pronouns":"Ele","description":"Desde 2003 trabalhando com not\u00edcias.","sameAs":["http:\/\/ubirataoline.com.br","https:\/\/www.facebook.com\/portalubirataonline","https:\/\/www.instagram.com\/ubirataonline_oficial","https:\/\/x.com\/x.com\/ubirataonline"],"honorificPrefix":"Mr.","honorificSuffix":"MD","birthDate":"1980-06-16","gender":"masculino","award":["V\u00e1rios pr\u00eamios de melhor portal da cidade"],"jobTitle":"Diretor","url":"https:\/\/ubirataonline.com.br\/en\/author\/ubirataonline\/"},{"@type":"PostalAddress","@id":"https:\/\/ubirataonline.com.br\/jose-mourinho-evita-citar-vini-jr-mas-afirma-nao-tem-sido-facil-lidar-emocionalmente\/#local-main-place-address","streetAddress":"Rua dos Coqueiros, 104 - Bairro Boa Vista, Rua dos Coqueiros, 104 Bairro Boa Vista","addressLocality":"UBIRATA","postalCode":"85440-000","addressRegion":"PR","addressCountry":"BR"},{"@type":"ImageObject","inLanguage":"en-US","@id":"https:\/\/ubirataonline.com.br\/jose-mourinho-evita-citar-vini-jr-mas-afirma-nao-tem-sido-facil-lidar-emocionalmente\/#local-main-organization-logo","url":"https:\/\/ubirataonline.com.br\/wp-content\/uploads\/2026\/06\/logoubirataonline-1.webp","contentUrl":"https:\/\/ubirataonline.com.br\/wp-content\/uploads\/2026\/06\/logoubirataonline-1.webp","width":500,"height":500,"caption":"Ubirat\u00e3 Online Not\u00edcias"}]},"geo.placename":"UBIRATA","geo.position":{"lat":"-24.5361401","long":"-52.9921776"},"geo.region":"Brazil"},"_links":{"self":[{"href":"https:\/\/ubirataonline.com.br\/en\/wp-json\/wp\/v2\/posts\/89023","targetHints":{"allow":["GET"]}}],"collection":[{"href":"https:\/\/ubirataonline.com.br\/en\/wp-json\/wp\/v2\/posts"}],"about":[{"href":"https:\/\/ubirataonline.com.br\/en\/wp-json\/wp\/v2\/types\/post"}],"author":[{"embeddable":true,"href":"https:\/\/ubirataonline.com.br\/en\/wp-json\/wp\/v2\/users\/1"}],"replies":[{"embeddable":true,"href":"https:\/\/ubirataonline.com.br\/en\/wp-json\/wp\/v2\/comments?post=89023"}],"version-history":[{"count":0,"href":"https:\/\/ubirataonline.com.br\/en\/wp-json\/wp\/v2\/posts\/89023\/revisions"}],"wp:featuredmedia":[{"embeddable":true,"href":"https:\/\/ubirataonline.com.br\/en\/wp-json\/wp\/v2\/media\/89024"}],"wp:attachment":[{"href":"https:\/\/ubirataonline.com.br\/en\/wp-json\/wp\/v2\/media?parent=89023"}],"wp:term":[{"taxonomy":"category","embeddable":true,"href":"https:\/\/ubirataonline.com.br\/en\/wp-json\/wp\/v2\/categories?post=89023"},{"taxonomy":"post_tag","embeddable":true,"href":"https:\/\/ubirataonline.com.br\/en\/wp-json\/wp\/v2\/tags?post=89023"}],"curies":[{"name":"wp","href":"https:\/\/api.w.org\/{rel}","templated":true}]}}