{"id":89026,"date":"2026-02-21T14:35:27","date_gmt":"2026-02-21T17:35:27","guid":{"rendered":"https:\/\/ubirataonline.com.br\/desabafo-de-mourinho-no-benfica-nao-tem-sido-facil\/"},"modified":"2026-02-21T14:35:35","modified_gmt":"2026-02-21T17:35:35","slug":"desabafo-de-mourinho-no-benfica-nao-tem-sido-facil","status":"publish","type":"post","link":"https:\/\/ubirataonline.com.br\/en\/desabafo-de-mourinho-no-benfica-nao-tem-sido-facil\/","title":{"rendered":"Desabafo de Mourinho no Benfica: \u00abN\u00e3o tem sido f\u00e1cil&#8230;\u00bb"},"content":{"rendered":"<p><br \/>\n<\/p>\n<div>\n<div class=\"relative flex w-full flex-row justify-between bg-black p-4\" x-show=\"imageGalleryOpened &amp;&amp; imageGalleryImageIndex == 1\">\n<p>\n                                    <span class=\"text-base font-normal leading-5 text-white\"><br \/>\n                                        <span x-text=\"imageGalleryImageIndex\"\/><br \/>\n                                        \/ 15<br \/>\n                                    <\/span><br \/>\n                                    <span class=\"text-sm font-normal leading-5 text-neutral-200\"><br \/>\n                                        Vin\u00edcius Jr. esteve no olho do furac\u00e3o &#8211; Foto: Jos\u00e9 Sena Goul\u00e3o\/LUSA<br \/>\n                                    <\/span>\n                                <\/p>\n<\/p><\/div>\n<p>                                                    <img decoding=\"async\" class=\"h-full w-full max-w-[1180px] select-none rounded-t object-contain object-center\" src=\"https:\/\/sportal365images.com\/process\/smp-images-production\/abola.pt\/17022026\/91f85be3-f5c9-4181-8ced-adc4c65bb622.jpg\" alt=\"Vini com Otamendi ap\u00f3s marcar o golo e celebrar efusivamente, dan\u00e7ando ao p\u00e9 da bandeirola de canto (IMAGO)\" x-show=\"imageGalleryOpened &amp;&amp; imageGalleryImageIndex == 2\"\/><\/p>\n<div class=\"relative flex w-full flex-row justify-between bg-black p-4\" x-show=\"imageGalleryOpened &amp;&amp; imageGalleryImageIndex == 2\">\n<p>\n                                    <span class=\"text-base font-normal leading-5 text-white\"><br \/>\n                                        <span x-text=\"imageGalleryImageIndex\"\/><br \/>\n                                        \/ 15<br \/>\n                                    <\/span><br \/>\n                                    <span class=\"text-sm font-normal leading-5 text-neutral-200\"><br \/>\n                                        Vini com Otamendi ap\u00f3s marcar o golo e celebrar efusivamente, dan\u00e7ando ao p\u00e9 da bandeirola de canto (IMAGO)<br \/>\n                                    <\/span>\n                                <\/p>\n<\/p><\/div>\n<p>                                                    <img decoding=\"async\" class=\"h-full w-full max-w-[1180px] select-none rounded-t object-contain object-center\" src=\"https:\/\/sportal365images.com\/process\/smp-images-production\/abola.pt\/17022026\/742784df-2114-4fb7-96d9-39b18449c76b.jpg\" alt=\"Otamendi discute com Vin\u00edcius Jr.  (IMAGO)\" x-show=\"imageGalleryOpened &amp;&amp; imageGalleryImageIndex == 3\"\/><\/p>\n<div class=\"relative flex w-full flex-row justify-between bg-black p-4\" x-show=\"imageGalleryOpened &amp;&amp; imageGalleryImageIndex == 3\">\n<p>\n                                    <span class=\"text-base font-normal leading-5 text-white\"><br \/>\n                                        <span x-text=\"imageGalleryImageIndex\"\/><br \/>\n                                        \/ 15<br \/>\n                                    <\/span><br \/>\n                                    <span class=\"text-sm font-normal leading-5 text-neutral-200\"><br \/>\n                                        Otamendi discute com Vin\u00edcius Jr.  (IMAGO)<br \/>\n                                    <\/span>\n                                <\/p>\n<\/p><\/div>\n<p>                                                    <img decoding=\"async\" class=\"h-full w-full max-w-[1180px] select-none rounded-t object-contain object-center\" src=\"https:\/\/sportal365images.com\/process\/smp-images-production\/abola.pt\/17022026\/3286426c-4dbb-4f7a-b586-f94495be5376.jpg\" alt=\"Otamendi e Vin\u00edcius Jr.  (IMAGO)\" x-show=\"imageGalleryOpened &amp;&amp; imageGalleryImageIndex == 4\"\/><\/p>\n<div class=\"relative flex w-full flex-row justify-between bg-black p-4\" x-show=\"imageGalleryOpened &amp;&amp; imageGalleryImageIndex == 4\">\n<p>\n                                    <span class=\"text-base font-normal leading-5 text-white\"><br \/>\n                                        <span x-text=\"imageGalleryImageIndex\"\/><br \/>\n                                        \/ 15<br \/>\n                                    <\/span><br \/>\n                                    <span class=\"text-sm font-normal leading-5 text-neutral-200\"><br \/>\n                                        Otamendi e Vin\u00edcius Jr.  (IMAGO)<br \/>\n                                    <\/span>\n                                <\/p>\n<\/p><\/div>\n<p>                                                    <img decoding=\"async\" class=\"h-full w-full max-w-[1180px] select-none rounded-t object-contain object-center\" src=\"https:\/\/sportal365images.com\/process\/smp-images-production\/abola.pt\/17022026\/9ba6ee9b-9331-4068-bb04-11efa2c21eea.jpg\" alt=\"Vin\u00edcius Jr. reclama com o \u00e1rbitro  (IMAGO)\" x-show=\"imageGalleryOpened &amp;&amp; imageGalleryImageIndex == 5\"\/><\/p>\n<div class=\"relative flex w-full flex-row justify-between bg-black p-4\" x-show=\"imageGalleryOpened &amp;&amp; imageGalleryImageIndex == 5\">\n<p>\n                                    <span class=\"text-base font-normal leading-5 text-white\"><br \/>\n                                        <span x-text=\"imageGalleryImageIndex\"\/><br \/>\n                                        \/ 15<br \/>\n                                    <\/span><br \/>\n                                    <span class=\"text-sm font-normal leading-5 text-neutral-200\"><br \/>\n                                        Vin\u00edcius Jr. reclama com o \u00e1rbitro  (IMAGO)<br \/>\n                                    <\/span>\n                                <\/p>\n<\/p><\/div>\n<p>                                                    <img decoding=\"async\" class=\"h-full w-full max-w-[1180px] select-none rounded-t object-contain object-center\" src=\"https:\/\/sportal365images.com\/process\/smp-images-production\/abola.pt\/17022026\/cbebb20f-6095-477a-a578-b3da001ed897.jpg\" alt=\"Arbeloa tenta tranquilizar Vini (IMAGO)\" x-show=\"imageGalleryOpened &amp;&amp; imageGalleryImageIndex == 6\"\/><\/p>\n<div class=\"relative flex w-full flex-row justify-between bg-black p-4\" x-show=\"imageGalleryOpened &amp;&amp; imageGalleryImageIndex == 6\">\n<p>\n                                    <span class=\"text-base font-normal leading-5 text-white\"><br \/>\n                                        <span x-text=\"imageGalleryImageIndex\"\/><br \/>\n                                        \/ 15<br \/>\n                                    <\/span><br \/>\n                                    <span class=\"text-sm font-normal leading-5 text-neutral-200\"><br \/>\n                                        Arbeloa tenta tranquilizar Vini (IMAGO)<br \/>\n                                    <\/span>\n                                <\/p>\n<\/p><\/div>\n<p>                                                    <img decoding=\"async\" class=\"h-full w-full max-w-[1180px] select-none rounded-t object-contain object-center\" src=\"https:\/\/sportal365images.com\/process\/smp-images-production\/abola.pt\/17022026\/82ada036-05ed-4ef6-be92-45d7cb365524.jpg\" alt=\"Vin\u00edcius Jr. e Prestianni - Foto: IMAGO\" x-show=\"imageGalleryOpened &amp;&amp; imageGalleryImageIndex == 7\"\/><\/p>\n<div class=\"relative flex w-full flex-row justify-between bg-black p-4\" x-show=\"imageGalleryOpened &amp;&amp; imageGalleryImageIndex == 7\">\n<p>\n                                    <span class=\"text-base font-normal leading-5 text-white\"><br \/>\n                                        <span x-text=\"imageGalleryImageIndex\"\/><br \/>\n                                        \/ 15<br \/>\n                                    <\/span><br \/>\n                                    <span class=\"text-sm font-normal leading-5 text-neutral-200\"><br \/>\n                                        Vin\u00edcius Jr. e Prestianni &#8211; Foto: IMAGO<br \/>\n                                    <\/span>\n                                <\/p>\n<\/p><\/div>\n<p>                                                    <img decoding=\"async\" class=\"h-full w-full max-w-[1180px] select-none rounded-t object-contain object-center\" src=\"https:\/\/sportal365images.com\/process\/smp-images-production\/abola.pt\/17022026\/26f089b3-4e3d-4e7e-b692-c126da323a17.jpg\" alt=\"O \u00e1rbitro Fran\u00e7ois Letexier fala com Otamendi (Foto: Miguel Nunes)\" x-show=\"imageGalleryOpened &amp;&amp; imageGalleryImageIndex == 8\"\/><\/p>\n<div class=\"relative flex w-full flex-row justify-between bg-black p-4\" x-show=\"imageGalleryOpened &amp;&amp; imageGalleryImageIndex == 8\">\n<p>\n                                    <span class=\"text-base font-normal leading-5 text-white\"><br \/>\n                                        <span x-text=\"imageGalleryImageIndex\"\/><br \/>\n                                        \/ 15<br \/>\n                                    <\/span><br \/>\n                                    <span class=\"text-sm font-normal leading-5 text-neutral-200\"><br \/>\n                                        O \u00e1rbitro Fran\u00e7ois Letexier fala com Otamendi (Foto: Miguel Nunes)<br \/>\n                                    <\/span>\n                                <\/p>\n<\/p><\/div>\n<p>                                                    <img decoding=\"async\" class=\"h-full w-full max-w-[1180px] select-none rounded-t object-contain object-center\" src=\"https:\/\/sportal365images.com\/process\/smp-images-production\/abola.pt\/17022026\/5584d3ae-e7ef-4b5d-a903-96cbffb0ed98.jpg\" alt=\"O \u00e1rbitro sinaliza a acusa\u00e7\u00e3o de racismo no Est\u00e1dio da Luz (Foto: Lusa\/JOSE SENA GOULAO)\" x-show=\"imageGalleryOpened &amp;&amp; imageGalleryImageIndex == 9\"\/><\/p>\n<div class=\"relative flex w-full flex-row justify-between bg-black p-4\" x-show=\"imageGalleryOpened &amp;&amp; imageGalleryImageIndex == 9\">\n<p>\n                                    <span class=\"text-base font-normal leading-5 text-white\"><br \/>\n                                        <span x-text=\"imageGalleryImageIndex\"\/><br \/>\n                                        \/ 15<br \/>\n                                    <\/span><br \/>\n                                    <span class=\"text-sm font-normal leading-5 text-neutral-200\"><br \/>\n                                        O \u00e1rbitro sinaliza a acusa\u00e7\u00e3o de racismo no Est\u00e1dio da Luz (Foto: Lusa\/JOSE SENA GOULAO)<br \/>\n                                    <\/span>\n                                <\/p>\n<\/p><\/div>\n<p>                                                    <img decoding=\"async\" class=\"h-full w-full max-w-[1180px] select-none rounded-t object-contain object-center\" src=\"https:\/\/sportal365images.com\/process\/smp-images-production\/abola.pt\/17022026\/1f566193-ddaa-422c-9c03-d00215261959.jpg\" alt=\"Camavinga tentou acalmar os \u00e2nimos e tranquilizar Prestianni (IMAGO)\" x-show=\"imageGalleryOpened &amp;&amp; imageGalleryImageIndex == 10\"\/><\/p>\n<div class=\"relative flex w-full flex-row justify-between bg-black p-4\" x-show=\"imageGalleryOpened &amp;&amp; imageGalleryImageIndex == 10\">\n<p>\n                                    <span class=\"text-base font-normal leading-5 text-white\"><br \/>\n                                        <span x-text=\"imageGalleryImageIndex\"\/><br \/>\n                                        \/ 15<br \/>\n                                    <\/span><br \/>\n                                    <span class=\"text-sm font-normal leading-5 text-neutral-200\"><br \/>\n                                        Camavinga tentou acalmar os \u00e2nimos e tranquilizar Prestianni (IMAGO)<br \/>\n                                    <\/span>\n                                <\/p>\n<\/p><\/div>\n<p>                                                    <img decoding=\"async\" class=\"h-full w-full max-w-[1180px] select-none rounded-t object-contain object-center\" src=\"https:\/\/sportal365images.com\/process\/smp-images-production\/abola.pt\/17022026\/3650859c-c296-4ab7-a19e-c7d437b9b168.jpg\" alt=\"Abra\u00e7o entre Prestianni e Camavinga (IMAGO)\" x-show=\"imageGalleryOpened &amp;&amp; imageGalleryImageIndex == 11\"\/><\/p>\n<div class=\"relative flex w-full flex-row justify-between bg-black p-4\" x-show=\"imageGalleryOpened &amp;&amp; imageGalleryImageIndex == 11\">\n<p>\n                                    <span class=\"text-base font-normal leading-5 text-white\"><br \/>\n                                        <span x-text=\"imageGalleryImageIndex\"\/><br \/>\n                                        \/ 15<br \/>\n                                    <\/span><br \/>\n                                    <span class=\"text-sm font-normal leading-5 text-neutral-200\"><br \/>\n                                        Abra\u00e7o entre Prestianni e Camavinga (IMAGO)<br \/>\n                                    <\/span>\n                                <\/p>\n<\/p><\/div>\n<p>                                                    <img decoding=\"async\" class=\"h-full w-full max-w-[1180px] select-none rounded-t object-contain object-center\" src=\"https:\/\/sportal365images.com\/process\/smp-images-production\/abola.pt\/17022026\/38f922af-2833-4354-a3c1-559b78bfd122.jpg\" alt=\"Confus\u00e3o estendeu-se aos bancos (IMAGO)\" x-show=\"imageGalleryOpened &amp;&amp; imageGalleryImageIndex == 12\"\/><\/p>\n<div class=\"relative flex w-full flex-row justify-between bg-black p-4\" x-show=\"imageGalleryOpened &amp;&amp; imageGalleryImageIndex == 12\">\n<p>\n                                    <span class=\"text-base font-normal leading-5 text-white\"><br \/>\n                                        <span x-text=\"imageGalleryImageIndex\"\/><br \/>\n                                        \/ 15<br \/>\n                                    <\/span><br \/>\n                                    <span class=\"text-sm font-normal leading-5 text-neutral-200\"><br \/>\n                                        Confus\u00e3o estendeu-se aos bancos (IMAGO)<br \/>\n                                    <\/span>\n                                <\/p>\n<\/p><\/div>\n<p>                                                    <img decoding=\"async\" class=\"h-full w-full max-w-[1180px] select-none rounded-t object-contain object-center\" src=\"https:\/\/sportal365images.com\/process\/smp-images-production\/abola.pt\/17022026\/d6c8f87e-68c9-4012-8839-f118de5c9bf4.jpg\" alt=\"Jos\u00e9 Mourinho conversa com Vin\u00edcius J\u00fanior (Foto: Miguel Nunes)\" x-show=\"imageGalleryOpened &amp;&amp; imageGalleryImageIndex == 13\"\/><\/p>\n<div class=\"relative flex w-full flex-row justify-between bg-black p-4\" x-show=\"imageGalleryOpened &amp;&amp; imageGalleryImageIndex == 13\">\n<p>\n                                    <span class=\"text-base font-normal leading-5 text-white\"><br \/>\n                                        <span x-text=\"imageGalleryImageIndex\"\/><br \/>\n                                        \/ 15<br \/>\n                                    <\/span><br \/>\n                                    <span class=\"text-sm font-normal leading-5 text-neutral-200\"><br \/>\n                                        Jos\u00e9 Mourinho conversa com Vin\u00edcius J\u00fanior (Foto: Miguel Nunes)<br \/>\n                                    <\/span>\n                                <\/p>\n<\/p><\/div>\n<p>                                                    <img decoding=\"async\" class=\"h-full w-full max-w-[1180px] select-none rounded-t object-contain object-center\" src=\"https:\/\/sportal365images.com\/process\/smp-images-production\/abola.pt\/17022026\/9ae4294a-232f-48ba-90d2-925fcc233758.jpg\" alt=\"Mbapp\u00e9 e Otamendi conversam com Fran\u00e7ois Letexier (IMAGO)\" x-show=\"imageGalleryOpened &amp;&amp; imageGalleryImageIndex == 14\"\/><\/p>\n<div class=\"relative flex w-full flex-row justify-between bg-black p-4\" x-show=\"imageGalleryOpened &amp;&amp; imageGalleryImageIndex == 14\">\n<p>\n                                    <span class=\"text-base font-normal leading-5 text-white\"><br \/>\n                                        <span x-text=\"imageGalleryImageIndex\"\/><br \/>\n                                        \/ 15<br \/>\n                                    <\/span><br \/>\n                                    <span class=\"text-sm font-normal leading-5 text-neutral-200\"><br \/>\n                                        Mbapp\u00e9 e Otamendi conversam com Fran\u00e7ois Letexier (IMAGO)<br \/>\n                                    <\/span>\n                                <\/p>\n<\/p><\/div>\n<p>                                                    <img decoding=\"async\" class=\"h-full w-full max-w-[1180px] select-none rounded-t object-contain object-center\" src=\"https:\/\/sportal365images.com\/process\/smp-images-production\/abola.pt\/17022026\/3d905f63-eb85-4e04-ba5f-87e868be947e.jpg\" alt=\"Vin\u00edciurs Jr. junta-se \u00e0 conversa (IMAGO)\" x-show=\"imageGalleryOpened &amp;&amp; imageGalleryImageIndex == 15\"\/><\/p>\n<div class=\"relative flex w-full flex-row justify-between bg-black p-4\" x-show=\"imageGalleryOpened &amp;&amp; imageGalleryImageIndex == 15\">\n<p>\n                                    <span class=\"text-base font-normal leading-5 text-white\"><br \/>\n                                        <span x-text=\"imageGalleryImageIndex\"\/><br \/>\n                                        \/ 15<br \/>\n                                    <\/span><br \/>\n                                    <span class=\"text-sm font-normal leading-5 text-neutral-200\"><br \/>\n                                        Vin\u00edciurs Jr. junta-se \u00e0 conversa (IMAGO)<br \/>\n                                    <\/span>\n                                <\/p>\n<\/p><\/div>\n<\/p><\/div>\n<p><br \/>\n<br \/><a href=\"https:\/\/www.abola.pt\/noticias\/desabafo-de-mourinho-no-benfica-nao-tem-sido-facil-2026022012432323679\">Source link <\/a><\/p>\n","protected":false},"excerpt":{"rendered":"<p>\/ 15 Vin\u00edcius Jr. esteve no olho do furac\u00e3o &#8211; Foto: Jos\u00e9 Sena Goul\u00e3o\/LUSA \/ 15 Vini com Otamendi ap\u00f3s marcar o golo e celebrar efusivamente, dan\u00e7ando ao p\u00e9 da bandeirola de canto (IMAGO) \/ 15 Otamendi discute com Vin\u00edcius Jr. (IMAGO) \/ 15 Otamendi e Vin\u00edcius Jr. (IMAGO) \/ 15 Vin\u00edcius Jr. reclama com [&hellip;]<\/p>\n","protected":false},"author":1,"featured_media":89027,"comment_status":"closed","ping_status":"","sticky":false,"template":"","format":"standard","meta":{"googlesitekit_rrm_CAow2JLhCw:productID":"","_gspb_post_css":"","maa_idioma":"","maa_pais":"","footnotes":""},"categories":[1],"tags":[5456,7244,8413,16878,3255,5670,3208],"class_list":["post-89026","post","type-post","status-publish","format-standard","has-post-thumbnail","hentry","category-ubirata","tag-benfica","tag-desabafo","tag-facil","tag-mourinho","tag-nao","tag-sido","tag-tem"],"blocksy_meta":[],"yoast_head":"<!-- This site is optimized with the Yoast SEO Premium plugin v27.6 (Yoast SEO v27.6) - https:\/\/yoast.com\/product\/yoast-seo-premium-wordpress\/ -->\n<title>Desabafo de Mourinho no Benfica: \u00abN\u00e3o tem sido f\u00e1cil...\u00bb - Ubirat\u00e3 Online Not\u00edcias - A realidade ao seu alcance!<\/title>\n<meta name=\"description\" content=\"\/ 15 Vin\u00edcius Jr. esteve no olho do furac\u00e3o - Foto: Jos\u00e9 Sena Goul\u00e3o\/LUSA \/ 15 Vini com Otamendi ap\u00f3s marcar o golo e celebrar efusivamente, dan\u00e7ando ao\" \/>\n<meta name=\"robots\" content=\"index, follow, max-snippet:-1, max-image-preview:large, max-video-preview:-1\" \/>\n<link rel=\"canonical\" href=\"https:\/\/ubirataonline.com.br\/en\/desabafo-de-mourinho-no-benfica-nao-tem-sido-facil\/\" \/>\n<meta property=\"og:locale\" content=\"en_US\" \/>\n<meta property=\"og:type\" content=\"article\" \/>\n<meta property=\"og:title\" content=\"Desabafo de Mourinho no Benfica: \u00abN\u00e3o tem sido f\u00e1cil...\u00bb\" \/>\n<meta property=\"og:description\" content=\"\/ 15 Vin\u00edcius Jr. esteve no olho do furac\u00e3o - Foto: Jos\u00e9 Sena Goul\u00e3o\/LUSA \/ 15 Vini com Otamendi ap\u00f3s marcar o golo e celebrar efusivamente, dan\u00e7ando ao\" \/>\n<meta property=\"og:url\" content=\"https:\/\/ubirataonline.com.br\/en\/desabafo-de-mourinho-no-benfica-nao-tem-sido-facil\/\" \/>\n<meta property=\"og:site_name\" content=\"Ubirat\u00e3 Online Not\u00edcias - A realidade ao seu alcance!\" \/>\n<meta property=\"article:publisher\" content=\"https:\/\/www.facebook.com\/portalubirataonline\" \/>\n<meta property=\"article:author\" content=\"https:\/\/www.facebook.com\/portalubirataonline\" \/>\n<meta property=\"article:published_time\" content=\"2026-02-21T17:35:27+00:00\" \/>\n<meta property=\"article:modified_time\" content=\"2026-02-21T17:35:35+00:00\" \/>\n<meta property=\"og:image\" content=\"https:\/\/ubirataonline.com.br\/wp-content\/uploads\/2026\/02\/Desabafo-de-Mourinho-no-Benfica-Nao-tem-sido-facil.jpg\" \/>\n\t<meta property=\"og:image:width\" content=\"1200\" \/>\n\t<meta property=\"og:image:height\" content=\"630\" \/>\n\t<meta property=\"og:image:type\" content=\"image\/jpeg\" \/>\n<meta name=\"author\" content=\"REDA\u00c7\u00c3O: UBIRAT\u00c3 ONLINE - F\u00c1BIO AUGUSTO CELESTINO\" \/>\n<meta name=\"twitter:card\" content=\"summary_large_image\" \/>\n<meta name=\"twitter:creator\" content=\"@x.com\/ubirataonline\" \/>\n<meta name=\"twitter:site\" content=\"@ubirataonline\" \/>\n<meta name=\"twitter:label1\" content=\"Written by\" \/>\n\t<meta name=\"twitter:data1\" content=\"REDA\u00c7\u00c3O: UBIRAT\u00c3 ONLINE - F\u00c1BIO AUGUSTO CELESTINO\" \/>\n\t<meta name=\"twitter:label2\" content=\"Est. reading time\" \/>\n\t<meta name=\"twitter:data2\" content=\"1 minute\" \/>\n<script type=\"application\/ld+json\" class=\"yoast-schema-graph\">{\"@context\":\"https:\\\/\\\/schema.org\",\"@graph\":[{\"@type\":\"NewsArticle\",\"@id\":\"https:\\\/\\\/ubirataonline.com.br\\\/desabafo-de-mourinho-no-benfica-nao-tem-sido-facil\\\/#article\",\"isPartOf\":{\"@id\":\"https:\\\/\\\/ubirataonline.com.br\\\/desabafo-de-mourinho-no-benfica-nao-tem-sido-facil\\\/\"},\"author\":{\"name\":\"REDA\u00c7\u00c3O: UBIRAT\u00c3 ONLINE - F\u00c1BIO AUGUSTO CELESTINO\",\"@id\":\"https:\\\/\\\/ubirataonline.com.br\\\/#\\\/schema\\\/person\\\/372f87bbd3fdd79b8556b84c98d0bc1c\"},\"headline\":\"Desabafo de Mourinho no Benfica: \u00abN\u00e3o tem sido f\u00e1cil&#8230;\u00bb\",\"datePublished\":\"2026-02-21T17:35:27+00:00\",\"dateModified\":\"2026-02-21T17:35:35+00:00\",\"mainEntityOfPage\":{\"@id\":\"https:\\\/\\\/ubirataonline.com.br\\\/desabafo-de-mourinho-no-benfica-nao-tem-sido-facil\\\/\"},\"wordCount\":162,\"publisher\":{\"@id\":\"https:\\\/\\\/ubirataonline.com.br\\\/#organization\"},\"image\":{\"@id\":\"https:\\\/\\\/ubirataonline.com.br\\\/desabafo-de-mourinho-no-benfica-nao-tem-sido-facil\\\/#primaryimage\"},\"thumbnailUrl\":\"https:\\\/\\\/ubirataonline.com.br\\\/wp-content\\\/uploads\\\/2026\\\/02\\\/Desabafo-de-Mourinho-no-Benfica-Nao-tem-sido-facil.jpg\",\"keywords\":[\"Benfica\",\"desabafo\",\"f\u00e1cil\",\"Mourinho\",\"n\u00e3o\",\"sido\",\"tem\"],\"articleSection\":[\"Ubirat\u00e3\"],\"inLanguage\":\"en-US\",\"copyrightYear\":\"2026\",\"copyrightHolder\":{\"@id\":\"https:\\\/\\\/ubirataonline.com.br\\\/en\\\/#organization\"}},{\"@type\":\"WebPage\",\"@id\":\"https:\\\/\\\/ubirataonline.com.br\\\/desabafo-de-mourinho-no-benfica-nao-tem-sido-facil\\\/\",\"url\":\"https:\\\/\\\/ubirataonline.com.br\\\/desabafo-de-mourinho-no-benfica-nao-tem-sido-facil\\\/\",\"name\":\"Desabafo de Mourinho no Benfica: \u00abN\u00e3o tem sido f\u00e1cil...\u00bb - Ubirat\u00e3 Online Not\u00edcias - A realidade ao seu alcance!\",\"isPartOf\":{\"@id\":\"https:\\\/\\\/ubirataonline.com.br\\\/#website\"},\"primaryImageOfPage\":{\"@id\":\"https:\\\/\\\/ubirataonline.com.br\\\/desabafo-de-mourinho-no-benfica-nao-tem-sido-facil\\\/#primaryimage\"},\"image\":{\"@id\":\"https:\\\/\\\/ubirataonline.com.br\\\/desabafo-de-mourinho-no-benfica-nao-tem-sido-facil\\\/#primaryimage\"},\"thumbnailUrl\":\"https:\\\/\\\/ubirataonline.com.br\\\/wp-content\\\/uploads\\\/2026\\\/02\\\/Desabafo-de-Mourinho-no-Benfica-Nao-tem-sido-facil.jpg\",\"datePublished\":\"2026-02-21T17:35:27+00:00\",\"dateModified\":\"2026-02-21T17:35:35+00:00\",\"description\":\"\\\/ 15 Vin\u00edcius Jr. esteve no olho do furac\u00e3o - Foto: Jos\u00e9 Sena Goul\u00e3o\\\/LUSA \\\/ 15 Vini com Otamendi ap\u00f3s marcar o golo e celebrar efusivamente, dan\u00e7ando ao\",\"breadcrumb\":{\"@id\":\"https:\\\/\\\/ubirataonline.com.br\\\/desabafo-de-mourinho-no-benfica-nao-tem-sido-facil\\\/#breadcrumb\"},\"inLanguage\":\"en-US\",\"potentialAction\":[{\"@type\":\"ReadAction\",\"target\":[\"https:\\\/\\\/ubirataonline.com.br\\\/desabafo-de-mourinho-no-benfica-nao-tem-sido-facil\\\/\"]}]},{\"@type\":\"ImageObject\",\"inLanguage\":\"en-US\",\"@id\":\"https:\\\/\\\/ubirataonline.com.br\\\/desabafo-de-mourinho-no-benfica-nao-tem-sido-facil\\\/#primaryimage\",\"url\":\"https:\\\/\\\/ubirataonline.com.br\\\/wp-content\\\/uploads\\\/2026\\\/02\\\/Desabafo-de-Mourinho-no-Benfica-Nao-tem-sido-facil.jpg\",\"contentUrl\":\"https:\\\/\\\/ubirataonline.com.br\\\/wp-content\\\/uploads\\\/2026\\\/02\\\/Desabafo-de-Mourinho-no-Benfica-Nao-tem-sido-facil.jpg\",\"width\":1200,\"height\":630,\"caption\":\"Desabafo de Mourinho no Benfica: \u00abN\u00e3o tem sido f\u00e1cil...\u00bb\"},{\"@type\":\"BreadcrumbList\",\"@id\":\"https:\\\/\\\/ubirataonline.com.br\\\/desabafo-de-mourinho-no-benfica-nao-tem-sido-facil\\\/#breadcrumb\",\"itemListElement\":[{\"@type\":\"ListItem\",\"position\":1,\"name\":\"In\u00edcio\",\"item\":\"https:\\\/\\\/ubirataonline.com.br\\\/\"},{\"@type\":\"ListItem\",\"position\":2,\"name\":\"Desabafo de Mourinho no Benfica: \u00abN\u00e3o tem sido f\u00e1cil&#8230;\u00bb\"}]},{\"@type\":\"WebSite\",\"@id\":\"https:\\\/\\\/ubirataonline.com.br\\\/#website\",\"url\":\"https:\\\/\\\/ubirataonline.com.br\\\/\",\"name\":\"Ubirat\u00e3 Online Not\u00edcias\",\"description\":\"Not\u00edcias de Ubirat\u00e3, regi\u00e3o, Brasil e mundo, com informa\u00e7\u00e3o atualizada e compromisso com o leitor.\",\"publisher\":{\"@id\":\"https:\\\/\\\/ubirataonline.com.br\\\/#organization\"},\"alternateName\":\"Ubirat\u00e3 Online\",\"potentialAction\":[{\"@type\":\"SearchAction\",\"target\":{\"@type\":\"EntryPoint\",\"urlTemplate\":\"https:\\\/\\\/ubirataonline.com.br\\\/?s={search_term_string}\"},\"query-input\":{\"@type\":\"PropertyValueSpecification\",\"valueRequired\":true,\"valueName\":\"search_term_string\"}}],\"inLanguage\":\"en-US\"},{\"@type\":[\"Organization\",\"Place\"],\"@id\":\"https:\\\/\\\/ubirataonline.com.br\\\/#organization\",\"name\":\"Ubirat\u00e3 Online Not\u00edcias\",\"alternateName\":\"Ubirat\u00e3 Online\",\"url\":\"https:\\\/\\\/ubirataonline.com.br\\\/\",\"logo\":{\"@id\":\"https:\\\/\\\/ubirataonline.com.br\\\/desabafo-de-mourinho-no-benfica-nao-tem-sido-facil\\\/#local-main-organization-logo\"},\"image\":{\"@id\":\"https:\\\/\\\/ubirataonline.com.br\\\/desabafo-de-mourinho-no-benfica-nao-tem-sido-facil\\\/#local-main-organization-logo\"},\"sameAs\":[\"https:\\\/\\\/www.facebook.com\\\/portalubirataonline\",\"https:\\\/\\\/x.com\\\/ubirataonline\",\"https:\\\/\\\/mastodon.social\\\/@ubirataonline\",\"https:\\\/\\\/www.facebook.com\\\/groups\\\/311144672285604\",\"https:\\\/\\\/www.facebook.com\\\/UBTAOnline\",\"https:\\\/\\\/www.instagram.com\\\/portalubirataonline\\\/\",\"https:\\\/\\\/twitter.com\\\/ubirataonline\"],\"description\":\"Somos um portal de not\u00edcias independente, criado em 5 de janeiro de 2009, com o objetivo de informar, conectar e valorizar a nossa comunidade de Ubirat\u00e3 e toda aregi\u00e3o. Com conte\u00fado atualizado, confi\u00e1vel e relevante, o Ubirat\u00e3 Online \u00e9 o seu espa\u00e7o para ficar por dentro dos principais acontecimentos locais, regionais, Brasil, Mundo e de interesse geral. Nosso compromisso \u00e9 com a verdade, a transpar\u00eancia e o respeito ao leitor.\",\"legalName\":\"UBIRATA ONLINE NOT\u00cdCIAS\",\"foundingDate\":\"2009-01-05\",\"numberOfEmployees\":{\"@type\":\"QuantitativeValue\",\"minValue\":\"1\",\"maxValue\":\"10\"},\"publishingPrinciples\":\"https:\\\/\\\/ubirataonline.com.br\\\/faq\\\/\",\"address\":{\"@id\":\"https:\\\/\\\/ubirataonline.com.br\\\/desabafo-de-mourinho-no-benfica-nao-tem-sido-facil\\\/#local-main-place-address\"},\"geo\":{\"@type\":\"GeoCoordinates\",\"latitude\":\"-24.5361401\",\"longitude\":\"-52.9921776\"},\"telephone\":[\"+5544998308235\"],\"contactPoint\":{\"@type\":\"ContactPoint\",\"email\":\"contato@ubirataonline.com.br\"},\"openingHoursSpecification\":{\"@type\":\"OpeningHoursSpecification\",\"dayOfWeek\":[\"Monday\",\"Tuesday\",\"Wednesday\",\"Thursday\",\"Friday\",\"Saturday\",\"Sunday\"],\"opens\":\"00:00\",\"closes\":\"23:59\"},\"email\":\"contato@ubirataonline.com.br\",\"vatID\":\"47.621.418\\\/0001-80\"},{\"@type\":\"Person\",\"@id\":\"https:\\\/\\\/ubirataonline.com.br\\\/#\\\/schema\\\/person\\\/372f87bbd3fdd79b8556b84c98d0bc1c\",\"name\":\"REDA\u00c7\u00c3O: UBIRAT\u00c3 ONLINE - F\u00c1BIO AUGUSTO CELESTINO\",\"pronouns\":\"Ele\",\"description\":\"Desde 2003 trabalhando com not\u00edcias.\",\"sameAs\":[\"http:\\\/\\\/ubirataoline.com.br\",\"https:\\\/\\\/www.facebook.com\\\/portalubirataonline\",\"https:\\\/\\\/www.instagram.com\\\/ubirataonline_oficial\",\"https:\\\/\\\/x.com\\\/x.com\\\/ubirataonline\"],\"honorificPrefix\":\"Mr.\",\"honorificSuffix\":\"MD\",\"birthDate\":\"1980-06-16\",\"gender\":\"masculino\",\"award\":[\"V\u00e1rios pr\u00eamios de melhor portal da cidade\"],\"jobTitle\":\"Diretor\",\"url\":\"https:\\\/\\\/ubirataonline.com.br\\\/en\\\/author\\\/ubirataonline\\\/\"},{\"@type\":\"PostalAddress\",\"@id\":\"https:\\\/\\\/ubirataonline.com.br\\\/desabafo-de-mourinho-no-benfica-nao-tem-sido-facil\\\/#local-main-place-address\",\"streetAddress\":\"Rua dos Coqueiros, 104 - Bairro Boa Vista, Rua dos Coqueiros, 104 Bairro Boa Vista\",\"addressLocality\":\"UBIRATA\",\"postalCode\":\"85440-000\",\"addressRegion\":\"PR\",\"addressCountry\":\"BR\"},{\"@type\":\"ImageObject\",\"inLanguage\":\"en-US\",\"@id\":\"https:\\\/\\\/ubirataonline.com.br\\\/desabafo-de-mourinho-no-benfica-nao-tem-sido-facil\\\/#local-main-organization-logo\",\"url\":\"https:\\\/\\\/ubirataonline.com.br\\\/wp-content\\\/uploads\\\/2026\\\/06\\\/logoubirataonline-1.webp\",\"contentUrl\":\"https:\\\/\\\/ubirataonline.com.br\\\/wp-content\\\/uploads\\\/2026\\\/06\\\/logoubirataonline-1.webp\",\"width\":500,\"height\":500,\"caption\":\"Ubirat\u00e3 Online Not\u00edcias\"}]}<\/script>\n<meta name=\"geo.placename\" content=\"UBIRATA\" \/>\n<meta name=\"geo.position\" content=\"-24.5361401;-52.9921776\" \/>\n<meta name=\"geo.region\" content=\"Brazil\" \/>\n<!-- \/ Yoast SEO Premium plugin. -->","yoast_head_json":{"title":"Desabafo de Mourinho no Benfica: \u00abN\u00e3o tem sido f\u00e1cil...\u00bb - Ubirat\u00e3 Online Not\u00edcias - A realidade ao seu alcance!","description":"\/ 15 Vin\u00edcius Jr. esteve no olho do furac\u00e3o - Foto: Jos\u00e9 Sena Goul\u00e3o\/LUSA \/ 15 Vini com Otamendi ap\u00f3s marcar o golo e celebrar efusivamente, dan\u00e7ando ao","robots":{"index":"index","follow":"follow","max-snippet":"max-snippet:-1","max-image-preview":"max-image-preview:large","max-video-preview":"max-video-preview:-1"},"canonical":"https:\/\/ubirataonline.com.br\/en\/desabafo-de-mourinho-no-benfica-nao-tem-sido-facil\/","og_locale":"en_US","og_type":"article","og_title":"Desabafo de Mourinho no Benfica: \u00abN\u00e3o tem sido f\u00e1cil...\u00bb","og_description":"\/ 15 Vin\u00edcius Jr. esteve no olho do furac\u00e3o - Foto: Jos\u00e9 Sena Goul\u00e3o\/LUSA \/ 15 Vini com Otamendi ap\u00f3s marcar o golo e celebrar efusivamente, dan\u00e7ando ao","og_url":"https:\/\/ubirataonline.com.br\/en\/desabafo-de-mourinho-no-benfica-nao-tem-sido-facil\/","og_site_name":"Ubirat\u00e3 Online Not\u00edcias - A realidade ao seu alcance!","article_publisher":"https:\/\/www.facebook.com\/portalubirataonline","article_author":"https:\/\/www.facebook.com\/portalubirataonline","article_published_time":"2026-02-21T17:35:27+00:00","article_modified_time":"2026-02-21T17:35:35+00:00","og_image":[{"width":1200,"height":630,"url":"https:\/\/ubirataonline.com.br\/wp-content\/uploads\/2026\/02\/Desabafo-de-Mourinho-no-Benfica-Nao-tem-sido-facil.jpg","type":"image\/jpeg"}],"author":"REDA\u00c7\u00c3O: UBIRAT\u00c3 ONLINE - F\u00c1BIO AUGUSTO CELESTINO","twitter_card":"summary_large_image","twitter_creator":"@x.com\/ubirataonline","twitter_site":"@ubirataonline","twitter_misc":{"Written by":"REDA\u00c7\u00c3O: UBIRAT\u00c3 ONLINE - F\u00c1BIO AUGUSTO CELESTINO","Est. reading time":"1 minute"},"schema":{"@context":"https:\/\/schema.org","@graph":[{"@type":"NewsArticle","@id":"https:\/\/ubirataonline.com.br\/desabafo-de-mourinho-no-benfica-nao-tem-sido-facil\/#article","isPartOf":{"@id":"https:\/\/ubirataonline.com.br\/desabafo-de-mourinho-no-benfica-nao-tem-sido-facil\/"},"author":{"name":"REDA\u00c7\u00c3O: UBIRAT\u00c3 ONLINE - F\u00c1BIO AUGUSTO CELESTINO","@id":"https:\/\/ubirataonline.com.br\/#\/schema\/person\/372f87bbd3fdd79b8556b84c98d0bc1c"},"headline":"Desabafo de Mourinho no Benfica: \u00abN\u00e3o tem sido f\u00e1cil&#8230;\u00bb","datePublished":"2026-02-21T17:35:27+00:00","dateModified":"2026-02-21T17:35:35+00:00","mainEntityOfPage":{"@id":"https:\/\/ubirataonline.com.br\/desabafo-de-mourinho-no-benfica-nao-tem-sido-facil\/"},"wordCount":162,"publisher":{"@id":"https:\/\/ubirataonline.com.br\/#organization"},"image":{"@id":"https:\/\/ubirataonline.com.br\/desabafo-de-mourinho-no-benfica-nao-tem-sido-facil\/#primaryimage"},"thumbnailUrl":"https:\/\/ubirataonline.com.br\/wp-content\/uploads\/2026\/02\/Desabafo-de-Mourinho-no-Benfica-Nao-tem-sido-facil.jpg","keywords":["Benfica","desabafo","f\u00e1cil","Mourinho","n\u00e3o","sido","tem"],"articleSection":["Ubirat\u00e3"],"inLanguage":"en-US","copyrightYear":"2026","copyrightHolder":{"@id":"https:\/\/ubirataonline.com.br\/en\/#organization"}},{"@type":"WebPage","@id":"https:\/\/ubirataonline.com.br\/desabafo-de-mourinho-no-benfica-nao-tem-sido-facil\/","url":"https:\/\/ubirataonline.com.br\/desabafo-de-mourinho-no-benfica-nao-tem-sido-facil\/","name":"Desabafo de Mourinho no Benfica: \u00abN\u00e3o tem sido f\u00e1cil...\u00bb - Ubirat\u00e3 Online Not\u00edcias - A realidade ao seu alcance!","isPartOf":{"@id":"https:\/\/ubirataonline.com.br\/#website"},"primaryImageOfPage":{"@id":"https:\/\/ubirataonline.com.br\/desabafo-de-mourinho-no-benfica-nao-tem-sido-facil\/#primaryimage"},"image":{"@id":"https:\/\/ubirataonline.com.br\/desabafo-de-mourinho-no-benfica-nao-tem-sido-facil\/#primaryimage"},"thumbnailUrl":"https:\/\/ubirataonline.com.br\/wp-content\/uploads\/2026\/02\/Desabafo-de-Mourinho-no-Benfica-Nao-tem-sido-facil.jpg","datePublished":"2026-02-21T17:35:27+00:00","dateModified":"2026-02-21T17:35:35+00:00","description":"\/ 15 Vin\u00edcius Jr. esteve no olho do furac\u00e3o - Foto: Jos\u00e9 Sena Goul\u00e3o\/LUSA \/ 15 Vini com Otamendi ap\u00f3s marcar o golo e celebrar efusivamente, dan\u00e7ando ao","breadcrumb":{"@id":"https:\/\/ubirataonline.com.br\/desabafo-de-mourinho-no-benfica-nao-tem-sido-facil\/#breadcrumb"},"inLanguage":"en-US","potentialAction":[{"@type":"ReadAction","target":["https:\/\/ubirataonline.com.br\/desabafo-de-mourinho-no-benfica-nao-tem-sido-facil\/"]}]},{"@type":"ImageObject","inLanguage":"en-US","@id":"https:\/\/ubirataonline.com.br\/desabafo-de-mourinho-no-benfica-nao-tem-sido-facil\/#primaryimage","url":"https:\/\/ubirataonline.com.br\/wp-content\/uploads\/2026\/02\/Desabafo-de-Mourinho-no-Benfica-Nao-tem-sido-facil.jpg","contentUrl":"https:\/\/ubirataonline.com.br\/wp-content\/uploads\/2026\/02\/Desabafo-de-Mourinho-no-Benfica-Nao-tem-sido-facil.jpg","width":1200,"height":630,"caption":"Desabafo de Mourinho no Benfica: \u00abN\u00e3o tem sido f\u00e1cil...\u00bb"},{"@type":"BreadcrumbList","@id":"https:\/\/ubirataonline.com.br\/desabafo-de-mourinho-no-benfica-nao-tem-sido-facil\/#breadcrumb","itemListElement":[{"@type":"ListItem","position":1,"name":"In\u00edcio","item":"https:\/\/ubirataonline.com.br\/"},{"@type":"ListItem","position":2,"name":"Desabafo de Mourinho no Benfica: \u00abN\u00e3o tem sido f\u00e1cil&#8230;\u00bb"}]},{"@type":"WebSite","@id":"https:\/\/ubirataonline.com.br\/#website","url":"https:\/\/ubirataonline.com.br\/","name":"Ubirat\u00e3 Online Not\u00edcias","description":"Not\u00edcias de Ubirat\u00e3, regi\u00e3o, Brasil e mundo, com informa\u00e7\u00e3o atualizada e compromisso com o leitor.","publisher":{"@id":"https:\/\/ubirataonline.com.br\/#organization"},"alternateName":"Ubirat\u00e3 Online","potentialAction":[{"@type":"SearchAction","target":{"@type":"EntryPoint","urlTemplate":"https:\/\/ubirataonline.com.br\/?s={search_term_string}"},"query-input":{"@type":"PropertyValueSpecification","valueRequired":true,"valueName":"search_term_string"}}],"inLanguage":"en-US"},{"@type":["Organization","Place"],"@id":"https:\/\/ubirataonline.com.br\/#organization","name":"Ubirat\u00e3 Online Not\u00edcias","alternateName":"Ubirat\u00e3 Online","url":"https:\/\/ubirataonline.com.br\/","logo":{"@id":"https:\/\/ubirataonline.com.br\/desabafo-de-mourinho-no-benfica-nao-tem-sido-facil\/#local-main-organization-logo"},"image":{"@id":"https:\/\/ubirataonline.com.br\/desabafo-de-mourinho-no-benfica-nao-tem-sido-facil\/#local-main-organization-logo"},"sameAs":["https:\/\/www.facebook.com\/portalubirataonline","https:\/\/x.com\/ubirataonline","https:\/\/mastodon.social\/@ubirataonline","https:\/\/www.facebook.com\/groups\/311144672285604","https:\/\/www.facebook.com\/UBTAOnline","https:\/\/www.instagram.com\/portalubirataonline\/","https:\/\/twitter.com\/ubirataonline"],"description":"Somos um portal de not\u00edcias independente, criado em 5 de janeiro de 2009, com o objetivo de informar, conectar e valorizar a nossa comunidade de Ubirat\u00e3 e toda aregi\u00e3o. Com conte\u00fado atualizado, confi\u00e1vel e relevante, o Ubirat\u00e3 Online \u00e9 o seu espa\u00e7o para ficar por dentro dos principais acontecimentos locais, regionais, Brasil, Mundo e de interesse geral. Nosso compromisso \u00e9 com a verdade, a transpar\u00eancia e o respeito ao leitor.","legalName":"UBIRATA ONLINE NOT\u00cdCIAS","foundingDate":"2009-01-05","numberOfEmployees":{"@type":"QuantitativeValue","minValue":"1","maxValue":"10"},"publishingPrinciples":"https:\/\/ubirataonline.com.br\/faq\/","address":{"@id":"https:\/\/ubirataonline.com.br\/desabafo-de-mourinho-no-benfica-nao-tem-sido-facil\/#local-main-place-address"},"geo":{"@type":"GeoCoordinates","latitude":"-24.5361401","longitude":"-52.9921776"},"telephone":["+5544998308235"],"contactPoint":{"@type":"ContactPoint","email":"contato@ubirataonline.com.br"},"openingHoursSpecification":{"@type":"OpeningHoursSpecification","dayOfWeek":["Monday","Tuesday","Wednesday","Thursday","Friday","Saturday","Sunday"],"opens":"00:00","closes":"23:59"},"email":"contato@ubirataonline.com.br","vatID":"47.621.418\/0001-80"},{"@type":"Person","@id":"https:\/\/ubirataonline.com.br\/#\/schema\/person\/372f87bbd3fdd79b8556b84c98d0bc1c","name":"REDA\u00c7\u00c3O: UBIRAT\u00c3 ONLINE - F\u00c1BIO AUGUSTO CELESTINO","pronouns":"Ele","description":"Desde 2003 trabalhando com not\u00edcias.","sameAs":["http:\/\/ubirataoline.com.br","https:\/\/www.facebook.com\/portalubirataonline","https:\/\/www.instagram.com\/ubirataonline_oficial","https:\/\/x.com\/x.com\/ubirataonline"],"honorificPrefix":"Mr.","honorificSuffix":"MD","birthDate":"1980-06-16","gender":"masculino","award":["V\u00e1rios pr\u00eamios de melhor portal da cidade"],"jobTitle":"Diretor","url":"https:\/\/ubirataonline.com.br\/en\/author\/ubirataonline\/"},{"@type":"PostalAddress","@id":"https:\/\/ubirataonline.com.br\/desabafo-de-mourinho-no-benfica-nao-tem-sido-facil\/#local-main-place-address","streetAddress":"Rua dos Coqueiros, 104 - Bairro Boa Vista, Rua dos Coqueiros, 104 Bairro Boa Vista","addressLocality":"UBIRATA","postalCode":"85440-000","addressRegion":"PR","addressCountry":"BR"},{"@type":"ImageObject","inLanguage":"en-US","@id":"https:\/\/ubirataonline.com.br\/desabafo-de-mourinho-no-benfica-nao-tem-sido-facil\/#local-main-organization-logo","url":"https:\/\/ubirataonline.com.br\/wp-content\/uploads\/2026\/06\/logoubirataonline-1.webp","contentUrl":"https:\/\/ubirataonline.com.br\/wp-content\/uploads\/2026\/06\/logoubirataonline-1.webp","width":500,"height":500,"caption":"Ubirat\u00e3 Online Not\u00edcias"}]},"geo.placename":"UBIRATA","geo.position":{"lat":"-24.5361401","long":"-52.9921776"},"geo.region":"Brazil"},"_links":{"self":[{"href":"https:\/\/ubirataonline.com.br\/en\/wp-json\/wp\/v2\/posts\/89026","targetHints":{"allow":["GET"]}}],"collection":[{"href":"https:\/\/ubirataonline.com.br\/en\/wp-json\/wp\/v2\/posts"}],"about":[{"href":"https:\/\/ubirataonline.com.br\/en\/wp-json\/wp\/v2\/types\/post"}],"author":[{"embeddable":true,"href":"https:\/\/ubirataonline.com.br\/en\/wp-json\/wp\/v2\/users\/1"}],"replies":[{"embeddable":true,"href":"https:\/\/ubirataonline.com.br\/en\/wp-json\/wp\/v2\/comments?post=89026"}],"version-history":[{"count":0,"href":"https:\/\/ubirataonline.com.br\/en\/wp-json\/wp\/v2\/posts\/89026\/revisions"}],"wp:featuredmedia":[{"embeddable":true,"href":"https:\/\/ubirataonline.com.br\/en\/wp-json\/wp\/v2\/media\/89027"}],"wp:attachment":[{"href":"https:\/\/ubirataonline.com.br\/en\/wp-json\/wp\/v2\/media?parent=89026"}],"wp:term":[{"taxonomy":"category","embeddable":true,"href":"https:\/\/ubirataonline.com.br\/en\/wp-json\/wp\/v2\/categories?post=89026"},{"taxonomy":"post_tag","embeddable":true,"href":"https:\/\/ubirataonline.com.br\/en\/wp-json\/wp\/v2\/tags?post=89026"}],"curies":[{"name":"wp","href":"https:\/\/api.w.org\/{rel}","templated":true}]}}