{"id":89044,"date":"2026-02-21T15:57:20","date_gmt":"2026-02-21T18:57:20","guid":{"rendered":"https:\/\/ubirataonline.com.br\/galatasaray-in-konya-kafilesi-aciklandi-victor-osimhen-bein-sports-turkiye\/"},"modified":"2026-02-21T15:57:20","modified_gmt":"2026-02-21T18:57:20","slug":"galatasaray-in-konya-kafilesi-aciklandi-victor-osimhen-bein-sports-turkiye","status":"publish","type":"post","link":"https:\/\/ubirataonline.com.br\/en\/galatasaray-in-konya-kafilesi-aciklandi-victor-osimhen-bein-sports-turkiye\/","title":{"rendered":"Galatasaray \u0131n Konya kafilesi a\u00e7\u0131kland\u0131 Victor Osimhen | beIN SPORTS T\u00fcrkiye"},"content":{"rendered":"<p><\/p>\n<div>\n<div>\n<p>\u00a0Trendyol S\u00fcper Lig&#8217;in 23. haftas\u0131nda yar\u0131n deplasmanda T\u00dcMOSAN Konyaspor ile kar\u015f\u0131la\u015facak Galatasaray&#8217;\u0131n kamp kadrosu belli oldu.<\/p>\n<p>Sar\u0131-k\u0131rm\u0131z\u0131l\u0131 kul\u00fcpten yap\u0131lan a\u00e7\u0131klamaya g\u00f6re sa\u011f dizinde a\u011fr\u0131lar\u0131 bulunan Victor Osimhen, tedbir ama\u00e7l\u0131 olarak Konyaspor ma\u00e7\u0131 kamp kadrosuna al\u0131nmad\u0131.<\/p>\n<p><strong>Konya&#8217;ya giden kafilede \u015fu futbolcular bulunuyor:<\/strong><\/p>\n<p>U\u011furcan \u00c7ak\u0131r, Ismail Jakobs, Davinson Sanchez, Roland Sallai, Gabriel Sara, Mauro Icardi, Leroy Sane, Yunus Akg\u00fcn, Batuhan \u015een, Eren Elmal\u0131, G\u00fcnay G\u00fcven\u00e7, \u0130lkay G\u00fcndo\u011fan, Yaser Asprilla, Kaan Ayhan, Lucas Torreira, Abd\u00fclkerim Bardakc\u0131, Bar\u0131\u015f Alper YIlmaz, Renato Nhaga, Noa Lang, Wilfried Singo, Sacha Boey, Mario Lemina.<\/p>\n<\/div>\n<p>&#13;<br \/>\n\u00a0<\/p>\n<\/div>\n<p><a href=\"https:\/\/beinsports.com.tr\/haber\/galatasarayin-konya-kafilesi-aciklandi-victor-osimhen\">Source link <\/a><br \/>\nSee more https:\/\/theglobaltrack.com\/<\/p>","protected":false},"excerpt":{"rendered":"<p>\u00a0Trendyol S\u00fcper Lig&#8217;in 23. haftas\u0131nda yar\u0131n deplasmanda T\u00dcMOSAN Konyaspor ile kar\u015f\u0131la\u015facak Galatasaray&#8217;\u0131n kamp kadrosu belli oldu. Sar\u0131-k\u0131rm\u0131z\u0131l\u0131 kul\u00fcpten yap\u0131lan a\u00e7\u0131klamaya g\u00f6re sa\u011f dizinde a\u011fr\u0131lar\u0131 bulunan Victor Osimhen, tedbir ama\u00e7l\u0131 olarak Konyaspor ma\u00e7\u0131 kamp kadrosuna al\u0131nmad\u0131. Konya&#8217;ya giden kafilede \u015fu futbolcular bulunuyor: U\u011furcan \u00c7ak\u0131r, Ismail Jakobs, Davinson Sanchez, Roland Sallai, Gabriel Sara, Mauro Icardi, Leroy Sane, [&hellip;]<\/p>\n","protected":false},"author":1,"featured_media":89045,"comment_status":"","ping_status":"","sticky":false,"template":"","format":"standard","meta":{"googlesitekit_rrm_CAow2JLhCw:productID":"","_gspb_post_css":"","maa_idioma":"","maa_pais":"","footnotes":""},"categories":[1],"tags":[19917,19918,6995,19039,19916,14681,10879,3896,8904,16308],"class_list":["post-89044","post","type-post","status-publish","format-standard","has-post-thumbnail","hentry","category-ubirata","tag-aciklandi","tag-bein","tag-galatasaray","tag-in","tag-kafilesi","tag-konya","tag-osimhen","tag-sports","tag-turkiye","tag-victor"],"blocksy_meta":[],"yoast_head":"<!-- This site is optimized with the Yoast SEO Premium plugin v27.6 (Yoast SEO v27.6) - https:\/\/yoast.com\/product\/yoast-seo-premium-wordpress\/ -->\n<title>Galatasaray \u0131n Konya kafilesi a\u00e7\u0131kland\u0131 Victor Osimhen | beIN SPORTS T\u00fcrkiye - Ubirat\u00e3 Online Not\u00edcias - A realidade ao seu alcance!<\/title>\n<meta name=\"description\" content=\"Galatasaray \u0131n Trendyol S\u00fcper Lig in 23 haftas\u0131nda oynayaca\u011f\u0131 T\u00fcmosan Konyaspor ma\u00e7\u0131 kafilesi a\u00e7\u0131kland\u0131\" \/>\n<meta name=\"robots\" content=\"index, follow, max-snippet:-1, max-image-preview:large, max-video-preview:-1\" \/>\n<link rel=\"canonical\" href=\"https:\/\/ubirataonline.com.br\/en\/galatasaray-in-konya-kafilesi-aciklandi-victor-osimhen-bein-sports-turkiye\/\" \/>\n<meta property=\"og:locale\" content=\"en_US\" \/>\n<meta property=\"og:type\" content=\"article\" \/>\n<meta property=\"og:title\" content=\"Galatasaray \u0131n Konya kafilesi a\u00e7\u0131kland\u0131 Victor Osimhen | beIN SPORTS T\u00fcrkiye\" \/>\n<meta property=\"og:description\" content=\"Galatasaray \u0131n Trendyol S\u00fcper Lig in 23 haftas\u0131nda oynayaca\u011f\u0131 T\u00fcmosan Konyaspor ma\u00e7\u0131 kafilesi a\u00e7\u0131kland\u0131\" \/>\n<meta property=\"og:url\" content=\"https:\/\/ubirataonline.com.br\/en\/galatasaray-in-konya-kafilesi-aciklandi-victor-osimhen-bein-sports-turkiye\/\" \/>\n<meta property=\"og:site_name\" content=\"Ubirat\u00e3 Online Not\u00edcias - A realidade ao seu alcance!\" \/>\n<meta property=\"article:publisher\" content=\"https:\/\/www.facebook.com\/portalubirataonline\" \/>\n<meta property=\"article:author\" content=\"https:\/\/www.facebook.com\/portalubirataonline\" \/>\n<meta property=\"article:published_time\" content=\"2026-02-21T18:57:20+00:00\" \/>\n<meta property=\"og:image\" content=\"https:\/\/ubirataonline.com.br\/wp-content\/uploads\/2026\/02\/Galatasaray-in-Konya-kafilesi-aciklandi-Victor-Osimhen-beIN-SPORTS.jpg\" \/>\n\t<meta property=\"og:image:width\" content=\"757\" \/>\n\t<meta property=\"og:image:height\" content=\"416\" \/>\n\t<meta property=\"og:image:type\" content=\"image\/jpeg\" \/>\n<meta name=\"author\" content=\"REDA\u00c7\u00c3O: UBIRAT\u00c3 ONLINE - F\u00c1BIO AUGUSTO CELESTINO\" \/>\n<meta name=\"twitter:card\" content=\"summary_large_image\" \/>\n<meta name=\"twitter:creator\" content=\"@x.com\/ubirataonline\" \/>\n<meta name=\"twitter:site\" content=\"@ubirataonline\" \/>\n<meta name=\"twitter:label1\" content=\"Written by\" \/>\n\t<meta name=\"twitter:data1\" content=\"REDA\u00c7\u00c3O: UBIRAT\u00c3 ONLINE - F\u00c1BIO AUGUSTO CELESTINO\" \/>\n\t<meta name=\"twitter:label2\" content=\"Est. reading time\" \/>\n\t<meta name=\"twitter:data2\" content=\"1 minute\" \/>\n<script type=\"application\/ld+json\" class=\"yoast-schema-graph\">{\"@context\":\"https:\\\/\\\/schema.org\",\"@graph\":[{\"@type\":\"NewsArticle\",\"@id\":\"https:\\\/\\\/ubirataonline.com.br\\\/galatasaray-in-konya-kafilesi-aciklandi-victor-osimhen-bein-sports-turkiye\\\/#article\",\"isPartOf\":{\"@id\":\"https:\\\/\\\/ubirataonline.com.br\\\/galatasaray-in-konya-kafilesi-aciklandi-victor-osimhen-bein-sports-turkiye\\\/\"},\"author\":{\"name\":\"REDA\u00c7\u00c3O: UBIRAT\u00c3 ONLINE - F\u00c1BIO AUGUSTO CELESTINO\",\"@id\":\"https:\\\/\\\/ubirataonline.com.br\\\/#\\\/schema\\\/person\\\/372f87bbd3fdd79b8556b84c98d0bc1c\"},\"headline\":\"Galatasaray \u0131n Konya kafilesi a\u00e7\u0131kland\u0131 Victor Osimhen | beIN SPORTS T\u00fcrkiye\",\"datePublished\":\"2026-02-21T18:57:20+00:00\",\"mainEntityOfPage\":{\"@id\":\"https:\\\/\\\/ubirataonline.com.br\\\/galatasaray-in-konya-kafilesi-aciklandi-victor-osimhen-bein-sports-turkiye\\\/\"},\"wordCount\":133,\"publisher\":{\"@id\":\"https:\\\/\\\/ubirataonline.com.br\\\/#organization\"},\"image\":{\"@id\":\"https:\\\/\\\/ubirataonline.com.br\\\/galatasaray-in-konya-kafilesi-aciklandi-victor-osimhen-bein-sports-turkiye\\\/#primaryimage\"},\"thumbnailUrl\":\"https:\\\/\\\/ubirataonline.com.br\\\/wp-content\\\/uploads\\\/2026\\\/02\\\/Galatasaray-in-Konya-kafilesi-aciklandi-Victor-Osimhen-beIN-SPORTS.jpg\",\"keywords\":[\"a\u00e7\u0131kland\u0131\",\"beIN\",\"Galatasaray\",\"\u00een\",\"kafilesi\",\"Konya\",\"Osimhen\",\"Sports\",\"T\u00fcrkiye\",\"Victor\"],\"articleSection\":[\"Ubirat\u00e3\"],\"inLanguage\":\"en-US\",\"copyrightYear\":\"2026\",\"copyrightHolder\":{\"@id\":\"https:\\\/\\\/ubirataonline.com.br\\\/en\\\/#organization\"}},{\"@type\":\"WebPage\",\"@id\":\"https:\\\/\\\/ubirataonline.com.br\\\/galatasaray-in-konya-kafilesi-aciklandi-victor-osimhen-bein-sports-turkiye\\\/\",\"url\":\"https:\\\/\\\/ubirataonline.com.br\\\/galatasaray-in-konya-kafilesi-aciklandi-victor-osimhen-bein-sports-turkiye\\\/\",\"name\":\"Galatasaray \u0131n Konya kafilesi a\u00e7\u0131kland\u0131 Victor Osimhen | beIN SPORTS T\u00fcrkiye - Ubirat\u00e3 Online Not\u00edcias - A realidade ao seu alcance!\",\"isPartOf\":{\"@id\":\"https:\\\/\\\/ubirataonline.com.br\\\/#website\"},\"primaryImageOfPage\":{\"@id\":\"https:\\\/\\\/ubirataonline.com.br\\\/galatasaray-in-konya-kafilesi-aciklandi-victor-osimhen-bein-sports-turkiye\\\/#primaryimage\"},\"image\":{\"@id\":\"https:\\\/\\\/ubirataonline.com.br\\\/galatasaray-in-konya-kafilesi-aciklandi-victor-osimhen-bein-sports-turkiye\\\/#primaryimage\"},\"thumbnailUrl\":\"https:\\\/\\\/ubirataonline.com.br\\\/wp-content\\\/uploads\\\/2026\\\/02\\\/Galatasaray-in-Konya-kafilesi-aciklandi-Victor-Osimhen-beIN-SPORTS.jpg\",\"datePublished\":\"2026-02-21T18:57:20+00:00\",\"description\":\"Galatasaray \u0131n Trendyol S\u00fcper Lig in 23 haftas\u0131nda oynayaca\u011f\u0131 T\u00fcmosan Konyaspor ma\u00e7\u0131 kafilesi a\u00e7\u0131kland\u0131\",\"breadcrumb\":{\"@id\":\"https:\\\/\\\/ubirataonline.com.br\\\/galatasaray-in-konya-kafilesi-aciklandi-victor-osimhen-bein-sports-turkiye\\\/#breadcrumb\"},\"inLanguage\":\"en-US\",\"potentialAction\":[{\"@type\":\"ReadAction\",\"target\":[\"https:\\\/\\\/ubirataonline.com.br\\\/galatasaray-in-konya-kafilesi-aciklandi-victor-osimhen-bein-sports-turkiye\\\/\"]}]},{\"@type\":\"ImageObject\",\"inLanguage\":\"en-US\",\"@id\":\"https:\\\/\\\/ubirataonline.com.br\\\/galatasaray-in-konya-kafilesi-aciklandi-victor-osimhen-bein-sports-turkiye\\\/#primaryimage\",\"url\":\"https:\\\/\\\/ubirataonline.com.br\\\/wp-content\\\/uploads\\\/2026\\\/02\\\/Galatasaray-in-Konya-kafilesi-aciklandi-Victor-Osimhen-beIN-SPORTS.jpg\",\"contentUrl\":\"https:\\\/\\\/ubirataonline.com.br\\\/wp-content\\\/uploads\\\/2026\\\/02\\\/Galatasaray-in-Konya-kafilesi-aciklandi-Victor-Osimhen-beIN-SPORTS.jpg\",\"width\":757,\"height\":416,\"caption\":\"Galatasaray \u0131n Konya kafilesi a\u00e7\u0131kland\u0131 Victor Osimhen | beIN SPORTS T\u00fcrkiye\"},{\"@type\":\"BreadcrumbList\",\"@id\":\"https:\\\/\\\/ubirataonline.com.br\\\/galatasaray-in-konya-kafilesi-aciklandi-victor-osimhen-bein-sports-turkiye\\\/#breadcrumb\",\"itemListElement\":[{\"@type\":\"ListItem\",\"position\":1,\"name\":\"In\u00edcio\",\"item\":\"https:\\\/\\\/ubirataonline.com.br\\\/\"},{\"@type\":\"ListItem\",\"position\":2,\"name\":\"Galatasaray \u0131n Konya kafilesi a\u00e7\u0131kland\u0131 Victor Osimhen | beIN SPORTS T\u00fcrkiye\"}]},{\"@type\":\"WebSite\",\"@id\":\"https:\\\/\\\/ubirataonline.com.br\\\/#website\",\"url\":\"https:\\\/\\\/ubirataonline.com.br\\\/\",\"name\":\"Ubirat\u00e3 Online Not\u00edcias\",\"description\":\"Not\u00edcias de Ubirat\u00e3, regi\u00e3o, Brasil e mundo, com informa\u00e7\u00e3o atualizada e compromisso com o leitor.\",\"publisher\":{\"@id\":\"https:\\\/\\\/ubirataonline.com.br\\\/#organization\"},\"alternateName\":\"Ubirat\u00e3 Online\",\"potentialAction\":[{\"@type\":\"SearchAction\",\"target\":{\"@type\":\"EntryPoint\",\"urlTemplate\":\"https:\\\/\\\/ubirataonline.com.br\\\/?s={search_term_string}\"},\"query-input\":{\"@type\":\"PropertyValueSpecification\",\"valueRequired\":true,\"valueName\":\"search_term_string\"}}],\"inLanguage\":\"en-US\"},{\"@type\":[\"Organization\",\"Place\"],\"@id\":\"https:\\\/\\\/ubirataonline.com.br\\\/#organization\",\"name\":\"Ubirat\u00e3 Online Not\u00edcias\",\"alternateName\":\"Ubirat\u00e3 Online\",\"url\":\"https:\\\/\\\/ubirataonline.com.br\\\/\",\"logo\":{\"@id\":\"https:\\\/\\\/ubirataonline.com.br\\\/galatasaray-in-konya-kafilesi-aciklandi-victor-osimhen-bein-sports-turkiye\\\/#local-main-organization-logo\"},\"image\":{\"@id\":\"https:\\\/\\\/ubirataonline.com.br\\\/galatasaray-in-konya-kafilesi-aciklandi-victor-osimhen-bein-sports-turkiye\\\/#local-main-organization-logo\"},\"sameAs\":[\"https:\\\/\\\/www.facebook.com\\\/portalubirataonline\",\"https:\\\/\\\/x.com\\\/ubirataonline\",\"https:\\\/\\\/mastodon.social\\\/@ubirataonline\",\"https:\\\/\\\/www.facebook.com\\\/groups\\\/311144672285604\",\"https:\\\/\\\/www.facebook.com\\\/UBTAOnline\",\"https:\\\/\\\/www.instagram.com\\\/portalubirataonline\\\/\",\"https:\\\/\\\/twitter.com\\\/ubirataonline\"],\"description\":\"Somos um portal de not\u00edcias independente, criado em 5 de janeiro de 2009, com o objetivo de informar, conectar e valorizar a nossa comunidade de Ubirat\u00e3 e toda aregi\u00e3o. Com conte\u00fado atualizado, confi\u00e1vel e relevante, o Ubirat\u00e3 Online \u00e9 o seu espa\u00e7o para ficar por dentro dos principais acontecimentos locais, regionais, Brasil, Mundo e de interesse geral. Nosso compromisso \u00e9 com a verdade, a transpar\u00eancia e o respeito ao leitor.\",\"legalName\":\"UBIRATA ONLINE NOT\u00cdCIAS\",\"foundingDate\":\"2009-01-05\",\"numberOfEmployees\":{\"@type\":\"QuantitativeValue\",\"minValue\":\"1\",\"maxValue\":\"10\"},\"publishingPrinciples\":\"https:\\\/\\\/ubirataonline.com.br\\\/faq\\\/\",\"address\":{\"@id\":\"https:\\\/\\\/ubirataonline.com.br\\\/galatasaray-in-konya-kafilesi-aciklandi-victor-osimhen-bein-sports-turkiye\\\/#local-main-place-address\"},\"geo\":{\"@type\":\"GeoCoordinates\",\"latitude\":\"-24.5361401\",\"longitude\":\"-52.9921776\"},\"telephone\":[\"+5544998308235\"],\"contactPoint\":{\"@type\":\"ContactPoint\",\"email\":\"contato@ubirataonline.com.br\"},\"openingHoursSpecification\":{\"@type\":\"OpeningHoursSpecification\",\"dayOfWeek\":[\"Monday\",\"Tuesday\",\"Wednesday\",\"Thursday\",\"Friday\",\"Saturday\",\"Sunday\"],\"opens\":\"00:00\",\"closes\":\"23:59\"},\"email\":\"contato@ubirataonline.com.br\",\"vatID\":\"47.621.418\\\/0001-80\"},{\"@type\":\"Person\",\"@id\":\"https:\\\/\\\/ubirataonline.com.br\\\/#\\\/schema\\\/person\\\/372f87bbd3fdd79b8556b84c98d0bc1c\",\"name\":\"REDA\u00c7\u00c3O: UBIRAT\u00c3 ONLINE - F\u00c1BIO AUGUSTO CELESTINO\",\"pronouns\":\"Ele\",\"description\":\"Desde 2003 trabalhando com not\u00edcias.\",\"sameAs\":[\"http:\\\/\\\/ubirataoline.com.br\",\"https:\\\/\\\/www.facebook.com\\\/portalubirataonline\",\"https:\\\/\\\/www.instagram.com\\\/ubirataonline_oficial\",\"https:\\\/\\\/x.com\\\/x.com\\\/ubirataonline\"],\"honorificPrefix\":\"Mr.\",\"honorificSuffix\":\"MD\",\"birthDate\":\"1980-06-16\",\"gender\":\"masculino\",\"award\":[\"V\u00e1rios pr\u00eamios de melhor portal da cidade\"],\"jobTitle\":\"Diretor\",\"url\":\"https:\\\/\\\/ubirataonline.com.br\\\/en\\\/author\\\/ubirataonline\\\/\"},{\"@type\":\"PostalAddress\",\"@id\":\"https:\\\/\\\/ubirataonline.com.br\\\/galatasaray-in-konya-kafilesi-aciklandi-victor-osimhen-bein-sports-turkiye\\\/#local-main-place-address\",\"streetAddress\":\"Rua dos Coqueiros, 104 - Bairro Boa Vista, Rua dos Coqueiros, 104 Bairro Boa Vista\",\"addressLocality\":\"UBIRATA\",\"postalCode\":\"85440-000\",\"addressRegion\":\"PR\",\"addressCountry\":\"BR\"},{\"@type\":\"ImageObject\",\"inLanguage\":\"en-US\",\"@id\":\"https:\\\/\\\/ubirataonline.com.br\\\/galatasaray-in-konya-kafilesi-aciklandi-victor-osimhen-bein-sports-turkiye\\\/#local-main-organization-logo\",\"url\":\"https:\\\/\\\/ubirataonline.com.br\\\/wp-content\\\/uploads\\\/2026\\\/06\\\/logoubirataonline-1.webp\",\"contentUrl\":\"https:\\\/\\\/ubirataonline.com.br\\\/wp-content\\\/uploads\\\/2026\\\/06\\\/logoubirataonline-1.webp\",\"width\":500,\"height\":500,\"caption\":\"Ubirat\u00e3 Online Not\u00edcias\"}]}<\/script>\n<meta name=\"geo.placename\" content=\"UBIRATA\" \/>\n<meta name=\"geo.position\" content=\"-24.5361401;-52.9921776\" \/>\n<meta name=\"geo.region\" content=\"Brazil\" \/>\n<!-- \/ Yoast SEO Premium plugin. -->","yoast_head_json":{"title":"Galatasaray \u0131n Konya kafilesi a\u00e7\u0131kland\u0131 Victor Osimhen | beIN SPORTS T\u00fcrkiye - Ubirat\u00e3 Online Not\u00edcias - A realidade ao seu alcance!","description":"Galatasaray \u0131n Trendyol S\u00fcper Lig in 23 haftas\u0131nda oynayaca\u011f\u0131 T\u00fcmosan Konyaspor ma\u00e7\u0131 kafilesi a\u00e7\u0131kland\u0131","robots":{"index":"index","follow":"follow","max-snippet":"max-snippet:-1","max-image-preview":"max-image-preview:large","max-video-preview":"max-video-preview:-1"},"canonical":"https:\/\/ubirataonline.com.br\/en\/galatasaray-in-konya-kafilesi-aciklandi-victor-osimhen-bein-sports-turkiye\/","og_locale":"en_US","og_type":"article","og_title":"Galatasaray \u0131n Konya kafilesi a\u00e7\u0131kland\u0131 Victor Osimhen | beIN SPORTS T\u00fcrkiye","og_description":"Galatasaray \u0131n Trendyol S\u00fcper Lig in 23 haftas\u0131nda oynayaca\u011f\u0131 T\u00fcmosan Konyaspor ma\u00e7\u0131 kafilesi a\u00e7\u0131kland\u0131","og_url":"https:\/\/ubirataonline.com.br\/en\/galatasaray-in-konya-kafilesi-aciklandi-victor-osimhen-bein-sports-turkiye\/","og_site_name":"Ubirat\u00e3 Online Not\u00edcias - A realidade ao seu alcance!","article_publisher":"https:\/\/www.facebook.com\/portalubirataonline","article_author":"https:\/\/www.facebook.com\/portalubirataonline","article_published_time":"2026-02-21T18:57:20+00:00","og_image":[{"width":757,"height":416,"url":"https:\/\/ubirataonline.com.br\/wp-content\/uploads\/2026\/02\/Galatasaray-in-Konya-kafilesi-aciklandi-Victor-Osimhen-beIN-SPORTS.jpg","type":"image\/jpeg"}],"author":"REDA\u00c7\u00c3O: UBIRAT\u00c3 ONLINE - F\u00c1BIO AUGUSTO CELESTINO","twitter_card":"summary_large_image","twitter_creator":"@x.com\/ubirataonline","twitter_site":"@ubirataonline","twitter_misc":{"Written by":"REDA\u00c7\u00c3O: UBIRAT\u00c3 ONLINE - F\u00c1BIO AUGUSTO CELESTINO","Est. reading time":"1 minute"},"schema":{"@context":"https:\/\/schema.org","@graph":[{"@type":"NewsArticle","@id":"https:\/\/ubirataonline.com.br\/galatasaray-in-konya-kafilesi-aciklandi-victor-osimhen-bein-sports-turkiye\/#article","isPartOf":{"@id":"https:\/\/ubirataonline.com.br\/galatasaray-in-konya-kafilesi-aciklandi-victor-osimhen-bein-sports-turkiye\/"},"author":{"name":"REDA\u00c7\u00c3O: UBIRAT\u00c3 ONLINE - F\u00c1BIO AUGUSTO CELESTINO","@id":"https:\/\/ubirataonline.com.br\/#\/schema\/person\/372f87bbd3fdd79b8556b84c98d0bc1c"},"headline":"Galatasaray \u0131n Konya kafilesi a\u00e7\u0131kland\u0131 Victor Osimhen | beIN SPORTS T\u00fcrkiye","datePublished":"2026-02-21T18:57:20+00:00","mainEntityOfPage":{"@id":"https:\/\/ubirataonline.com.br\/galatasaray-in-konya-kafilesi-aciklandi-victor-osimhen-bein-sports-turkiye\/"},"wordCount":133,"publisher":{"@id":"https:\/\/ubirataonline.com.br\/#organization"},"image":{"@id":"https:\/\/ubirataonline.com.br\/galatasaray-in-konya-kafilesi-aciklandi-victor-osimhen-bein-sports-turkiye\/#primaryimage"},"thumbnailUrl":"https:\/\/ubirataonline.com.br\/wp-content\/uploads\/2026\/02\/Galatasaray-in-Konya-kafilesi-aciklandi-Victor-Osimhen-beIN-SPORTS.jpg","keywords":["a\u00e7\u0131kland\u0131","beIN","Galatasaray","\u00een","kafilesi","Konya","Osimhen","Sports","T\u00fcrkiye","Victor"],"articleSection":["Ubirat\u00e3"],"inLanguage":"en-US","copyrightYear":"2026","copyrightHolder":{"@id":"https:\/\/ubirataonline.com.br\/en\/#organization"}},{"@type":"WebPage","@id":"https:\/\/ubirataonline.com.br\/galatasaray-in-konya-kafilesi-aciklandi-victor-osimhen-bein-sports-turkiye\/","url":"https:\/\/ubirataonline.com.br\/galatasaray-in-konya-kafilesi-aciklandi-victor-osimhen-bein-sports-turkiye\/","name":"Galatasaray \u0131n Konya kafilesi a\u00e7\u0131kland\u0131 Victor Osimhen | beIN SPORTS T\u00fcrkiye - Ubirat\u00e3 Online Not\u00edcias - A realidade ao seu alcance!","isPartOf":{"@id":"https:\/\/ubirataonline.com.br\/#website"},"primaryImageOfPage":{"@id":"https:\/\/ubirataonline.com.br\/galatasaray-in-konya-kafilesi-aciklandi-victor-osimhen-bein-sports-turkiye\/#primaryimage"},"image":{"@id":"https:\/\/ubirataonline.com.br\/galatasaray-in-konya-kafilesi-aciklandi-victor-osimhen-bein-sports-turkiye\/#primaryimage"},"thumbnailUrl":"https:\/\/ubirataonline.com.br\/wp-content\/uploads\/2026\/02\/Galatasaray-in-Konya-kafilesi-aciklandi-Victor-Osimhen-beIN-SPORTS.jpg","datePublished":"2026-02-21T18:57:20+00:00","description":"Galatasaray \u0131n Trendyol S\u00fcper Lig in 23 haftas\u0131nda oynayaca\u011f\u0131 T\u00fcmosan Konyaspor ma\u00e7\u0131 kafilesi a\u00e7\u0131kland\u0131","breadcrumb":{"@id":"https:\/\/ubirataonline.com.br\/galatasaray-in-konya-kafilesi-aciklandi-victor-osimhen-bein-sports-turkiye\/#breadcrumb"},"inLanguage":"en-US","potentialAction":[{"@type":"ReadAction","target":["https:\/\/ubirataonline.com.br\/galatasaray-in-konya-kafilesi-aciklandi-victor-osimhen-bein-sports-turkiye\/"]}]},{"@type":"ImageObject","inLanguage":"en-US","@id":"https:\/\/ubirataonline.com.br\/galatasaray-in-konya-kafilesi-aciklandi-victor-osimhen-bein-sports-turkiye\/#primaryimage","url":"https:\/\/ubirataonline.com.br\/wp-content\/uploads\/2026\/02\/Galatasaray-in-Konya-kafilesi-aciklandi-Victor-Osimhen-beIN-SPORTS.jpg","contentUrl":"https:\/\/ubirataonline.com.br\/wp-content\/uploads\/2026\/02\/Galatasaray-in-Konya-kafilesi-aciklandi-Victor-Osimhen-beIN-SPORTS.jpg","width":757,"height":416,"caption":"Galatasaray \u0131n Konya kafilesi a\u00e7\u0131kland\u0131 Victor Osimhen | beIN SPORTS T\u00fcrkiye"},{"@type":"BreadcrumbList","@id":"https:\/\/ubirataonline.com.br\/galatasaray-in-konya-kafilesi-aciklandi-victor-osimhen-bein-sports-turkiye\/#breadcrumb","itemListElement":[{"@type":"ListItem","position":1,"name":"In\u00edcio","item":"https:\/\/ubirataonline.com.br\/"},{"@type":"ListItem","position":2,"name":"Galatasaray \u0131n Konya kafilesi a\u00e7\u0131kland\u0131 Victor Osimhen | beIN SPORTS T\u00fcrkiye"}]},{"@type":"WebSite","@id":"https:\/\/ubirataonline.com.br\/#website","url":"https:\/\/ubirataonline.com.br\/","name":"Ubirat\u00e3 Online Not\u00edcias","description":"Not\u00edcias de Ubirat\u00e3, regi\u00e3o, Brasil e mundo, com informa\u00e7\u00e3o atualizada e compromisso com o leitor.","publisher":{"@id":"https:\/\/ubirataonline.com.br\/#organization"},"alternateName":"Ubirat\u00e3 Online","potentialAction":[{"@type":"SearchAction","target":{"@type":"EntryPoint","urlTemplate":"https:\/\/ubirataonline.com.br\/?s={search_term_string}"},"query-input":{"@type":"PropertyValueSpecification","valueRequired":true,"valueName":"search_term_string"}}],"inLanguage":"en-US"},{"@type":["Organization","Place"],"@id":"https:\/\/ubirataonline.com.br\/#organization","name":"Ubirat\u00e3 Online Not\u00edcias","alternateName":"Ubirat\u00e3 Online","url":"https:\/\/ubirataonline.com.br\/","logo":{"@id":"https:\/\/ubirataonline.com.br\/galatasaray-in-konya-kafilesi-aciklandi-victor-osimhen-bein-sports-turkiye\/#local-main-organization-logo"},"image":{"@id":"https:\/\/ubirataonline.com.br\/galatasaray-in-konya-kafilesi-aciklandi-victor-osimhen-bein-sports-turkiye\/#local-main-organization-logo"},"sameAs":["https:\/\/www.facebook.com\/portalubirataonline","https:\/\/x.com\/ubirataonline","https:\/\/mastodon.social\/@ubirataonline","https:\/\/www.facebook.com\/groups\/311144672285604","https:\/\/www.facebook.com\/UBTAOnline","https:\/\/www.instagram.com\/portalubirataonline\/","https:\/\/twitter.com\/ubirataonline"],"description":"Somos um portal de not\u00edcias independente, criado em 5 de janeiro de 2009, com o objetivo de informar, conectar e valorizar a nossa comunidade de Ubirat\u00e3 e toda aregi\u00e3o. Com conte\u00fado atualizado, confi\u00e1vel e relevante, o Ubirat\u00e3 Online \u00e9 o seu espa\u00e7o para ficar por dentro dos principais acontecimentos locais, regionais, Brasil, Mundo e de interesse geral. Nosso compromisso \u00e9 com a verdade, a transpar\u00eancia e o respeito ao leitor.","legalName":"UBIRATA ONLINE NOT\u00cdCIAS","foundingDate":"2009-01-05","numberOfEmployees":{"@type":"QuantitativeValue","minValue":"1","maxValue":"10"},"publishingPrinciples":"https:\/\/ubirataonline.com.br\/faq\/","address":{"@id":"https:\/\/ubirataonline.com.br\/galatasaray-in-konya-kafilesi-aciklandi-victor-osimhen-bein-sports-turkiye\/#local-main-place-address"},"geo":{"@type":"GeoCoordinates","latitude":"-24.5361401","longitude":"-52.9921776"},"telephone":["+5544998308235"],"contactPoint":{"@type":"ContactPoint","email":"contato@ubirataonline.com.br"},"openingHoursSpecification":{"@type":"OpeningHoursSpecification","dayOfWeek":["Monday","Tuesday","Wednesday","Thursday","Friday","Saturday","Sunday"],"opens":"00:00","closes":"23:59"},"email":"contato@ubirataonline.com.br","vatID":"47.621.418\/0001-80"},{"@type":"Person","@id":"https:\/\/ubirataonline.com.br\/#\/schema\/person\/372f87bbd3fdd79b8556b84c98d0bc1c","name":"REDA\u00c7\u00c3O: UBIRAT\u00c3 ONLINE - F\u00c1BIO AUGUSTO CELESTINO","pronouns":"Ele","description":"Desde 2003 trabalhando com not\u00edcias.","sameAs":["http:\/\/ubirataoline.com.br","https:\/\/www.facebook.com\/portalubirataonline","https:\/\/www.instagram.com\/ubirataonline_oficial","https:\/\/x.com\/x.com\/ubirataonline"],"honorificPrefix":"Mr.","honorificSuffix":"MD","birthDate":"1980-06-16","gender":"masculino","award":["V\u00e1rios pr\u00eamios de melhor portal da cidade"],"jobTitle":"Diretor","url":"https:\/\/ubirataonline.com.br\/en\/author\/ubirataonline\/"},{"@type":"PostalAddress","@id":"https:\/\/ubirataonline.com.br\/galatasaray-in-konya-kafilesi-aciklandi-victor-osimhen-bein-sports-turkiye\/#local-main-place-address","streetAddress":"Rua dos Coqueiros, 104 - Bairro Boa Vista, Rua dos Coqueiros, 104 Bairro Boa Vista","addressLocality":"UBIRATA","postalCode":"85440-000","addressRegion":"PR","addressCountry":"BR"},{"@type":"ImageObject","inLanguage":"en-US","@id":"https:\/\/ubirataonline.com.br\/galatasaray-in-konya-kafilesi-aciklandi-victor-osimhen-bein-sports-turkiye\/#local-main-organization-logo","url":"https:\/\/ubirataonline.com.br\/wp-content\/uploads\/2026\/06\/logoubirataonline-1.webp","contentUrl":"https:\/\/ubirataonline.com.br\/wp-content\/uploads\/2026\/06\/logoubirataonline-1.webp","width":500,"height":500,"caption":"Ubirat\u00e3 Online Not\u00edcias"}]},"geo.placename":"UBIRATA","geo.position":{"lat":"-24.5361401","long":"-52.9921776"},"geo.region":"Brazil"},"_links":{"self":[{"href":"https:\/\/ubirataonline.com.br\/en\/wp-json\/wp\/v2\/posts\/89044","targetHints":{"allow":["GET"]}}],"collection":[{"href":"https:\/\/ubirataonline.com.br\/en\/wp-json\/wp\/v2\/posts"}],"about":[{"href":"https:\/\/ubirataonline.com.br\/en\/wp-json\/wp\/v2\/types\/post"}],"author":[{"embeddable":true,"href":"https:\/\/ubirataonline.com.br\/en\/wp-json\/wp\/v2\/users\/1"}],"replies":[{"embeddable":true,"href":"https:\/\/ubirataonline.com.br\/en\/wp-json\/wp\/v2\/comments?post=89044"}],"version-history":[{"count":0,"href":"https:\/\/ubirataonline.com.br\/en\/wp-json\/wp\/v2\/posts\/89044\/revisions"}],"wp:featuredmedia":[{"embeddable":true,"href":"https:\/\/ubirataonline.com.br\/en\/wp-json\/wp\/v2\/media\/89045"}],"wp:attachment":[{"href":"https:\/\/ubirataonline.com.br\/en\/wp-json\/wp\/v2\/media?parent=89044"}],"wp:term":[{"taxonomy":"category","embeddable":true,"href":"https:\/\/ubirataonline.com.br\/en\/wp-json\/wp\/v2\/categories?post=89044"},{"taxonomy":"post_tag","embeddable":true,"href":"https:\/\/ubirataonline.com.br\/en\/wp-json\/wp\/v2\/tags?post=89044"}],"curies":[{"name":"wp","href":"https:\/\/api.w.org\/{rel}","templated":true}]}}