{"id":89089,"date":"2026-02-21T20:06:30","date_gmt":"2026-02-21T23:06:30","guid":{"rendered":"https:\/\/ubirataonline.com.br\/colisao-entre-moto-e-honda-fit-deixa-motociclista-ferido-no-parque-sao-paulo\/"},"modified":"2026-02-21T20:06:32","modified_gmt":"2026-02-21T23:06:32","slug":"colisao-entre-moto-e-honda-fit-deixa-motociclista-ferido-no-parque-sao-paulo","status":"publish","type":"post","link":"https:\/\/ubirataonline.com.br\/en\/colisao-entre-moto-e-honda-fit-deixa-motociclista-ferido-no-parque-sao-paulo\/","title":{"rendered":"Colis\u00e3o entre moto e Honda Fit deixa motociclista ferido no Parque S\u00e3o Paulo"},"content":{"rendered":"<p><\/p>\n<div id=\"texto\">\n<p>As equipes da Pol\u00edcia Militar e do Corpo de Bombeiros foram acionadas na noite deste s\u00e1bado (21) para atender uma v\u00edtima de acidente de tr\u00e2nsito.<\/p>\n<p>O acidente ocorreu na Rua General Os\u00f3rio, na esquina com a Rua Engenheiro Teodoro Sampaio, no Parque S\u00e3o Paulo, em Cascavel.<\/p>\n<p>Quando a reportagem chegou ao endere\u00e7o, a motocicleta j\u00e1 havia sido retirada do local, n\u00e3o sendo poss\u00edvel apurar detalhes sobre como ocorreu a batida.<\/p>\n<p>Na traseira do Honda Fit, era poss\u00edvel notar o impacto da moto, que arremessou o piloto ao solo. Rapidamente, a ambul\u00e2ncia do Siate chegou ao endere\u00e7o e iniciou o atendimento \u00e0 v\u00edtima.<\/p>\n<p>Ap\u00f3s os cuidados iniciais, o homem, de 39 anos, foi encaminhado \u00e0 UPA Tancredo, onde seria reavaliado e medicado.<\/p>\n<p>A Pol\u00edcia Militar tamb\u00e9m chegou rapidamente ao endere\u00e7o e foi em busca da motocicleta, que havia sido retirada do local por alguns conhecidos do motociclista.<\/p>\n<\/p><\/div>\n<p><a href=\"https:\/\/cgn.inf.br\/noticia\/2046672\/siate-e-acionado-para-atender-acidente-de-transito-na-rua-general-osorio-9\">Source link <\/a><\/p>","protected":false},"excerpt":{"rendered":"<p>As equipes da Pol\u00edcia Militar e do Corpo de Bombeiros foram acionadas na noite deste s\u00e1bado (21) para atender uma v\u00edtima de acidente de tr\u00e2nsito. O acidente ocorreu na Rua General Os\u00f3rio, na esquina com a Rua Engenheiro Teodoro Sampaio, no Parque S\u00e3o Paulo, em Cascavel. Quando a reportagem chegou ao endere\u00e7o, a motocicleta j\u00e1 [&hellip;]<\/p>\n","protected":false},"author":1,"featured_media":89090,"comment_status":"closed","ping_status":"","sticky":false,"template":"","format":"standard","meta":{"googlesitekit_rrm_CAow2JLhCw:productID":"","_gspb_post_css":"","maa_idioma":"","maa_pais":"","footnotes":""},"categories":[1],"tags":[1641,3951,4676,1612,4811,19946,126,9358,5569,3263,3262],"class_list":["post-89089","post","type-post","status-publish","format-standard","has-post-thumbnail","hentry","category-ubirata","tag-colisao","tag-deixa","tag-entre","tag-ferido","tag-fit","tag-honda","tag-moto","tag-motociclista","tag-parque","tag-paulo","tag-sao"],"blocksy_meta":[],"yoast_head":"<!-- This site is optimized with the Yoast SEO Premium plugin v27.6 (Yoast SEO v27.6) - https:\/\/yoast.com\/product\/yoast-seo-premium-wordpress\/ -->\n<title>Colis\u00e3o entre moto e Honda Fit deixa motociclista ferido no Parque S\u00e3o Paulo - Ubirat\u00e3 Online Not\u00edcias - A realidade ao seu alcance!<\/title>\n<meta name=\"description\" content=\"As equipes da Pol\u00edcia Militar e do Corpo de Bombeiros foram acionadas na noite deste s\u00e1bado (21) para atender uma v\u00edtima de acidente de tr\u00e2nsito. O\" \/>\n<meta name=\"robots\" content=\"index, follow, max-snippet:-1, max-image-preview:large, max-video-preview:-1\" \/>\n<link rel=\"canonical\" href=\"https:\/\/ubirataonline.com.br\/en\/colisao-entre-moto-e-honda-fit-deixa-motociclista-ferido-no-parque-sao-paulo\/\" \/>\n<meta property=\"og:locale\" content=\"en_US\" \/>\n<meta property=\"og:type\" content=\"article\" \/>\n<meta property=\"og:title\" content=\"Colis\u00e3o entre moto e Honda Fit deixa motociclista ferido no Parque S\u00e3o Paulo\" \/>\n<meta property=\"og:description\" content=\"As equipes da Pol\u00edcia Militar e do Corpo de Bombeiros foram acionadas na noite deste s\u00e1bado (21) para atender uma v\u00edtima de acidente de tr\u00e2nsito. O\" \/>\n<meta property=\"og:url\" content=\"https:\/\/ubirataonline.com.br\/en\/colisao-entre-moto-e-honda-fit-deixa-motociclista-ferido-no-parque-sao-paulo\/\" \/>\n<meta property=\"og:site_name\" content=\"Ubirat\u00e3 Online Not\u00edcias - A realidade ao seu alcance!\" \/>\n<meta property=\"article:publisher\" content=\"https:\/\/www.facebook.com\/portalubirataonline\" \/>\n<meta property=\"article:author\" content=\"https:\/\/www.facebook.com\/portalubirataonline\" \/>\n<meta property=\"article:published_time\" content=\"2026-02-21T23:06:30+00:00\" \/>\n<meta property=\"article:modified_time\" content=\"2026-02-21T23:06:32+00:00\" \/>\n<meta property=\"og:image\" content=\"https:\/\/ubirataonline.com.br\/wp-content\/uploads\/2026\/02\/Colisao-entre-moto-e-Honda-Fit-deixa-motociclista-ferido-no.jpeg\" \/>\n\t<meta property=\"og:image:width\" content=\"1280\" \/>\n\t<meta property=\"og:image:height\" content=\"720\" \/>\n\t<meta property=\"og:image:type\" content=\"image\/jpeg\" \/>\n<meta name=\"author\" content=\"REDA\u00c7\u00c3O: UBIRAT\u00c3 ONLINE - F\u00c1BIO AUGUSTO CELESTINO\" \/>\n<meta name=\"twitter:card\" content=\"summary_large_image\" \/>\n<meta name=\"twitter:creator\" content=\"@x.com\/ubirataonline\" \/>\n<meta name=\"twitter:site\" content=\"@ubirataonline\" \/>\n<meta name=\"twitter:label1\" content=\"Written by\" \/>\n\t<meta name=\"twitter:data1\" content=\"REDA\u00c7\u00c3O: UBIRAT\u00c3 ONLINE - F\u00c1BIO AUGUSTO CELESTINO\" \/>\n\t<meta name=\"twitter:label2\" content=\"Est. reading time\" \/>\n\t<meta name=\"twitter:data2\" content=\"1 minute\" \/>\n<script type=\"application\/ld+json\" class=\"yoast-schema-graph\">{\"@context\":\"https:\\\/\\\/schema.org\",\"@graph\":[{\"@type\":\"NewsArticle\",\"@id\":\"https:\\\/\\\/ubirataonline.com.br\\\/colisao-entre-moto-e-honda-fit-deixa-motociclista-ferido-no-parque-sao-paulo\\\/#article\",\"isPartOf\":{\"@id\":\"https:\\\/\\\/ubirataonline.com.br\\\/colisao-entre-moto-e-honda-fit-deixa-motociclista-ferido-no-parque-sao-paulo\\\/\"},\"author\":{\"name\":\"REDA\u00c7\u00c3O: UBIRAT\u00c3 ONLINE - F\u00c1BIO AUGUSTO CELESTINO\",\"@id\":\"https:\\\/\\\/ubirataonline.com.br\\\/#\\\/schema\\\/person\\\/372f87bbd3fdd79b8556b84c98d0bc1c\"},\"headline\":\"Colis\u00e3o entre moto e Honda Fit deixa motociclista ferido no Parque S\u00e3o Paulo\",\"datePublished\":\"2026-02-21T23:06:30+00:00\",\"dateModified\":\"2026-02-21T23:06:32+00:00\",\"mainEntityOfPage\":{\"@id\":\"https:\\\/\\\/ubirataonline.com.br\\\/colisao-entre-moto-e-honda-fit-deixa-motociclista-ferido-no-parque-sao-paulo\\\/\"},\"wordCount\":176,\"publisher\":{\"@id\":\"https:\\\/\\\/ubirataonline.com.br\\\/#organization\"},\"image\":{\"@id\":\"https:\\\/\\\/ubirataonline.com.br\\\/colisao-entre-moto-e-honda-fit-deixa-motociclista-ferido-no-parque-sao-paulo\\\/#primaryimage\"},\"thumbnailUrl\":\"https:\\\/\\\/ubirataonline.com.br\\\/wp-content\\\/uploads\\\/2026\\\/02\\\/Colisao-entre-moto-e-Honda-Fit-deixa-motociclista-ferido-no.jpeg\",\"keywords\":[\"Colis\u00e3o\",\"deixa\",\"entre\",\"Ferido\",\"Fit\",\"Honda\",\"moto\",\"Motociclista\",\"Parque\",\"Paulo\",\"S\u00e3o\"],\"articleSection\":[\"Ubirat\u00e3\"],\"inLanguage\":\"en-US\",\"copyrightYear\":\"2026\",\"copyrightHolder\":{\"@id\":\"https:\\\/\\\/ubirataonline.com.br\\\/en\\\/#organization\"}},{\"@type\":\"WebPage\",\"@id\":\"https:\\\/\\\/ubirataonline.com.br\\\/colisao-entre-moto-e-honda-fit-deixa-motociclista-ferido-no-parque-sao-paulo\\\/\",\"url\":\"https:\\\/\\\/ubirataonline.com.br\\\/colisao-entre-moto-e-honda-fit-deixa-motociclista-ferido-no-parque-sao-paulo\\\/\",\"name\":\"Colis\u00e3o entre moto e Honda Fit deixa motociclista ferido no Parque S\u00e3o Paulo - Ubirat\u00e3 Online Not\u00edcias - A realidade ao seu alcance!\",\"isPartOf\":{\"@id\":\"https:\\\/\\\/ubirataonline.com.br\\\/#website\"},\"primaryImageOfPage\":{\"@id\":\"https:\\\/\\\/ubirataonline.com.br\\\/colisao-entre-moto-e-honda-fit-deixa-motociclista-ferido-no-parque-sao-paulo\\\/#primaryimage\"},\"image\":{\"@id\":\"https:\\\/\\\/ubirataonline.com.br\\\/colisao-entre-moto-e-honda-fit-deixa-motociclista-ferido-no-parque-sao-paulo\\\/#primaryimage\"},\"thumbnailUrl\":\"https:\\\/\\\/ubirataonline.com.br\\\/wp-content\\\/uploads\\\/2026\\\/02\\\/Colisao-entre-moto-e-Honda-Fit-deixa-motociclista-ferido-no.jpeg\",\"datePublished\":\"2026-02-21T23:06:30+00:00\",\"dateModified\":\"2026-02-21T23:06:32+00:00\",\"description\":\"As equipes da Pol\u00edcia Militar e do Corpo de Bombeiros foram acionadas na noite deste s\u00e1bado (21) para atender uma v\u00edtima de acidente de tr\u00e2nsito. O\",\"breadcrumb\":{\"@id\":\"https:\\\/\\\/ubirataonline.com.br\\\/colisao-entre-moto-e-honda-fit-deixa-motociclista-ferido-no-parque-sao-paulo\\\/#breadcrumb\"},\"inLanguage\":\"en-US\",\"potentialAction\":[{\"@type\":\"ReadAction\",\"target\":[\"https:\\\/\\\/ubirataonline.com.br\\\/colisao-entre-moto-e-honda-fit-deixa-motociclista-ferido-no-parque-sao-paulo\\\/\"]}]},{\"@type\":\"ImageObject\",\"inLanguage\":\"en-US\",\"@id\":\"https:\\\/\\\/ubirataonline.com.br\\\/colisao-entre-moto-e-honda-fit-deixa-motociclista-ferido-no-parque-sao-paulo\\\/#primaryimage\",\"url\":\"https:\\\/\\\/ubirataonline.com.br\\\/wp-content\\\/uploads\\\/2026\\\/02\\\/Colisao-entre-moto-e-Honda-Fit-deixa-motociclista-ferido-no.jpeg\",\"contentUrl\":\"https:\\\/\\\/ubirataonline.com.br\\\/wp-content\\\/uploads\\\/2026\\\/02\\\/Colisao-entre-moto-e-Honda-Fit-deixa-motociclista-ferido-no.jpeg\",\"width\":1280,\"height\":720,\"caption\":\"\"},{\"@type\":\"BreadcrumbList\",\"@id\":\"https:\\\/\\\/ubirataonline.com.br\\\/colisao-entre-moto-e-honda-fit-deixa-motociclista-ferido-no-parque-sao-paulo\\\/#breadcrumb\",\"itemListElement\":[{\"@type\":\"ListItem\",\"position\":1,\"name\":\"In\u00edcio\",\"item\":\"https:\\\/\\\/ubirataonline.com.br\\\/\"},{\"@type\":\"ListItem\",\"position\":2,\"name\":\"Colis\u00e3o entre moto e Honda Fit deixa motociclista ferido no Parque S\u00e3o Paulo\"}]},{\"@type\":\"WebSite\",\"@id\":\"https:\\\/\\\/ubirataonline.com.br\\\/#website\",\"url\":\"https:\\\/\\\/ubirataonline.com.br\\\/\",\"name\":\"Ubirat\u00e3 Online Not\u00edcias\",\"description\":\"Not\u00edcias de Ubirat\u00e3, regi\u00e3o, Brasil e mundo, com informa\u00e7\u00e3o atualizada e compromisso com o leitor.\",\"publisher\":{\"@id\":\"https:\\\/\\\/ubirataonline.com.br\\\/#organization\"},\"alternateName\":\"Ubirat\u00e3 Online\",\"potentialAction\":[{\"@type\":\"SearchAction\",\"target\":{\"@type\":\"EntryPoint\",\"urlTemplate\":\"https:\\\/\\\/ubirataonline.com.br\\\/?s={search_term_string}\"},\"query-input\":{\"@type\":\"PropertyValueSpecification\",\"valueRequired\":true,\"valueName\":\"search_term_string\"}}],\"inLanguage\":\"en-US\"},{\"@type\":[\"Organization\",\"Place\"],\"@id\":\"https:\\\/\\\/ubirataonline.com.br\\\/#organization\",\"name\":\"Ubirat\u00e3 Online Not\u00edcias\",\"alternateName\":\"Ubirat\u00e3 Online\",\"url\":\"https:\\\/\\\/ubirataonline.com.br\\\/\",\"logo\":{\"@id\":\"https:\\\/\\\/ubirataonline.com.br\\\/colisao-entre-moto-e-honda-fit-deixa-motociclista-ferido-no-parque-sao-paulo\\\/#local-main-organization-logo\"},\"image\":{\"@id\":\"https:\\\/\\\/ubirataonline.com.br\\\/colisao-entre-moto-e-honda-fit-deixa-motociclista-ferido-no-parque-sao-paulo\\\/#local-main-organization-logo\"},\"sameAs\":[\"https:\\\/\\\/www.facebook.com\\\/portalubirataonline\",\"https:\\\/\\\/x.com\\\/ubirataonline\",\"https:\\\/\\\/mastodon.social\\\/@ubirataonline\",\"https:\\\/\\\/www.facebook.com\\\/groups\\\/311144672285604\",\"https:\\\/\\\/www.facebook.com\\\/UBTAOnline\",\"https:\\\/\\\/www.instagram.com\\\/portalubirataonline\\\/\",\"https:\\\/\\\/twitter.com\\\/ubirataonline\"],\"description\":\"Somos um portal de not\u00edcias independente, criado em 5 de janeiro de 2009, com o objetivo de informar, conectar e valorizar a nossa comunidade de Ubirat\u00e3 e toda aregi\u00e3o. Com conte\u00fado atualizado, confi\u00e1vel e relevante, o Ubirat\u00e3 Online \u00e9 o seu espa\u00e7o para ficar por dentro dos principais acontecimentos locais, regionais, Brasil, Mundo e de interesse geral. Nosso compromisso \u00e9 com a verdade, a transpar\u00eancia e o respeito ao leitor.\",\"legalName\":\"UBIRATA ONLINE NOT\u00cdCIAS\",\"foundingDate\":\"2009-01-05\",\"numberOfEmployees\":{\"@type\":\"QuantitativeValue\",\"minValue\":\"1\",\"maxValue\":\"10\"},\"publishingPrinciples\":\"https:\\\/\\\/ubirataonline.com.br\\\/faq\\\/\",\"address\":{\"@id\":\"https:\\\/\\\/ubirataonline.com.br\\\/colisao-entre-moto-e-honda-fit-deixa-motociclista-ferido-no-parque-sao-paulo\\\/#local-main-place-address\"},\"geo\":{\"@type\":\"GeoCoordinates\",\"latitude\":\"-24.5361401\",\"longitude\":\"-52.9921776\"},\"telephone\":[\"+5544998308235\"],\"contactPoint\":{\"@type\":\"ContactPoint\",\"email\":\"contato@ubirataonline.com.br\"},\"openingHoursSpecification\":{\"@type\":\"OpeningHoursSpecification\",\"dayOfWeek\":[\"Monday\",\"Tuesday\",\"Wednesday\",\"Thursday\",\"Friday\",\"Saturday\",\"Sunday\"],\"opens\":\"00:00\",\"closes\":\"23:59\"},\"email\":\"contato@ubirataonline.com.br\",\"vatID\":\"47.621.418\\\/0001-80\"},{\"@type\":\"Person\",\"@id\":\"https:\\\/\\\/ubirataonline.com.br\\\/#\\\/schema\\\/person\\\/372f87bbd3fdd79b8556b84c98d0bc1c\",\"name\":\"REDA\u00c7\u00c3O: UBIRAT\u00c3 ONLINE - F\u00c1BIO AUGUSTO CELESTINO\",\"pronouns\":\"Ele\",\"description\":\"Desde 2003 trabalhando com not\u00edcias.\",\"sameAs\":[\"http:\\\/\\\/ubirataoline.com.br\",\"https:\\\/\\\/www.facebook.com\\\/portalubirataonline\",\"https:\\\/\\\/www.instagram.com\\\/ubirataonline_oficial\",\"https:\\\/\\\/x.com\\\/x.com\\\/ubirataonline\"],\"honorificPrefix\":\"Mr.\",\"honorificSuffix\":\"MD\",\"birthDate\":\"1980-06-16\",\"gender\":\"masculino\",\"award\":[\"V\u00e1rios pr\u00eamios de melhor portal da cidade\"],\"jobTitle\":\"Diretor\",\"url\":\"https:\\\/\\\/ubirataonline.com.br\\\/en\\\/author\\\/ubirataonline\\\/\"},{\"@type\":\"PostalAddress\",\"@id\":\"https:\\\/\\\/ubirataonline.com.br\\\/colisao-entre-moto-e-honda-fit-deixa-motociclista-ferido-no-parque-sao-paulo\\\/#local-main-place-address\",\"streetAddress\":\"Rua dos Coqueiros, 104 - Bairro Boa Vista, Rua dos Coqueiros, 104 Bairro Boa Vista\",\"addressLocality\":\"UBIRATA\",\"postalCode\":\"85440-000\",\"addressRegion\":\"PR\",\"addressCountry\":\"BR\"},{\"@type\":\"ImageObject\",\"inLanguage\":\"en-US\",\"@id\":\"https:\\\/\\\/ubirataonline.com.br\\\/colisao-entre-moto-e-honda-fit-deixa-motociclista-ferido-no-parque-sao-paulo\\\/#local-main-organization-logo\",\"url\":\"https:\\\/\\\/ubirataonline.com.br\\\/wp-content\\\/uploads\\\/2026\\\/06\\\/logoubirataonline-1.webp\",\"contentUrl\":\"https:\\\/\\\/ubirataonline.com.br\\\/wp-content\\\/uploads\\\/2026\\\/06\\\/logoubirataonline-1.webp\",\"width\":500,\"height\":500,\"caption\":\"Ubirat\u00e3 Online Not\u00edcias\"}]}<\/script>\n<meta name=\"geo.placename\" content=\"UBIRATA\" \/>\n<meta name=\"geo.position\" content=\"-24.5361401;-52.9921776\" \/>\n<meta name=\"geo.region\" content=\"Brazil\" \/>\n<!-- \/ Yoast SEO Premium plugin. -->","yoast_head_json":{"title":"Colis\u00e3o entre moto e Honda Fit deixa motociclista ferido no Parque S\u00e3o Paulo - Ubirat\u00e3 Online Not\u00edcias - A realidade ao seu alcance!","description":"As equipes da Pol\u00edcia Militar e do Corpo de Bombeiros foram acionadas na noite deste s\u00e1bado (21) para atender uma v\u00edtima de acidente de tr\u00e2nsito. O","robots":{"index":"index","follow":"follow","max-snippet":"max-snippet:-1","max-image-preview":"max-image-preview:large","max-video-preview":"max-video-preview:-1"},"canonical":"https:\/\/ubirataonline.com.br\/en\/colisao-entre-moto-e-honda-fit-deixa-motociclista-ferido-no-parque-sao-paulo\/","og_locale":"en_US","og_type":"article","og_title":"Colis\u00e3o entre moto e Honda Fit deixa motociclista ferido no Parque S\u00e3o Paulo","og_description":"As equipes da Pol\u00edcia Militar e do Corpo de Bombeiros foram acionadas na noite deste s\u00e1bado (21) para atender uma v\u00edtima de acidente de tr\u00e2nsito. O","og_url":"https:\/\/ubirataonline.com.br\/en\/colisao-entre-moto-e-honda-fit-deixa-motociclista-ferido-no-parque-sao-paulo\/","og_site_name":"Ubirat\u00e3 Online Not\u00edcias - A realidade ao seu alcance!","article_publisher":"https:\/\/www.facebook.com\/portalubirataonline","article_author":"https:\/\/www.facebook.com\/portalubirataonline","article_published_time":"2026-02-21T23:06:30+00:00","article_modified_time":"2026-02-21T23:06:32+00:00","og_image":[{"width":1280,"height":720,"url":"https:\/\/ubirataonline.com.br\/wp-content\/uploads\/2026\/02\/Colisao-entre-moto-e-Honda-Fit-deixa-motociclista-ferido-no.jpeg","type":"image\/jpeg"}],"author":"REDA\u00c7\u00c3O: UBIRAT\u00c3 ONLINE - F\u00c1BIO AUGUSTO CELESTINO","twitter_card":"summary_large_image","twitter_creator":"@x.com\/ubirataonline","twitter_site":"@ubirataonline","twitter_misc":{"Written by":"REDA\u00c7\u00c3O: UBIRAT\u00c3 ONLINE - F\u00c1BIO AUGUSTO CELESTINO","Est. reading time":"1 minute"},"schema":{"@context":"https:\/\/schema.org","@graph":[{"@type":"NewsArticle","@id":"https:\/\/ubirataonline.com.br\/colisao-entre-moto-e-honda-fit-deixa-motociclista-ferido-no-parque-sao-paulo\/#article","isPartOf":{"@id":"https:\/\/ubirataonline.com.br\/colisao-entre-moto-e-honda-fit-deixa-motociclista-ferido-no-parque-sao-paulo\/"},"author":{"name":"REDA\u00c7\u00c3O: UBIRAT\u00c3 ONLINE - F\u00c1BIO AUGUSTO CELESTINO","@id":"https:\/\/ubirataonline.com.br\/#\/schema\/person\/372f87bbd3fdd79b8556b84c98d0bc1c"},"headline":"Colis\u00e3o entre moto e Honda Fit deixa motociclista ferido no Parque S\u00e3o Paulo","datePublished":"2026-02-21T23:06:30+00:00","dateModified":"2026-02-21T23:06:32+00:00","mainEntityOfPage":{"@id":"https:\/\/ubirataonline.com.br\/colisao-entre-moto-e-honda-fit-deixa-motociclista-ferido-no-parque-sao-paulo\/"},"wordCount":176,"publisher":{"@id":"https:\/\/ubirataonline.com.br\/#organization"},"image":{"@id":"https:\/\/ubirataonline.com.br\/colisao-entre-moto-e-honda-fit-deixa-motociclista-ferido-no-parque-sao-paulo\/#primaryimage"},"thumbnailUrl":"https:\/\/ubirataonline.com.br\/wp-content\/uploads\/2026\/02\/Colisao-entre-moto-e-Honda-Fit-deixa-motociclista-ferido-no.jpeg","keywords":["Colis\u00e3o","deixa","entre","Ferido","Fit","Honda","moto","Motociclista","Parque","Paulo","S\u00e3o"],"articleSection":["Ubirat\u00e3"],"inLanguage":"en-US","copyrightYear":"2026","copyrightHolder":{"@id":"https:\/\/ubirataonline.com.br\/en\/#organization"}},{"@type":"WebPage","@id":"https:\/\/ubirataonline.com.br\/colisao-entre-moto-e-honda-fit-deixa-motociclista-ferido-no-parque-sao-paulo\/","url":"https:\/\/ubirataonline.com.br\/colisao-entre-moto-e-honda-fit-deixa-motociclista-ferido-no-parque-sao-paulo\/","name":"Colis\u00e3o entre moto e Honda Fit deixa motociclista ferido no Parque S\u00e3o Paulo - Ubirat\u00e3 Online Not\u00edcias - A realidade ao seu alcance!","isPartOf":{"@id":"https:\/\/ubirataonline.com.br\/#website"},"primaryImageOfPage":{"@id":"https:\/\/ubirataonline.com.br\/colisao-entre-moto-e-honda-fit-deixa-motociclista-ferido-no-parque-sao-paulo\/#primaryimage"},"image":{"@id":"https:\/\/ubirataonline.com.br\/colisao-entre-moto-e-honda-fit-deixa-motociclista-ferido-no-parque-sao-paulo\/#primaryimage"},"thumbnailUrl":"https:\/\/ubirataonline.com.br\/wp-content\/uploads\/2026\/02\/Colisao-entre-moto-e-Honda-Fit-deixa-motociclista-ferido-no.jpeg","datePublished":"2026-02-21T23:06:30+00:00","dateModified":"2026-02-21T23:06:32+00:00","description":"As equipes da Pol\u00edcia Militar e do Corpo de Bombeiros foram acionadas na noite deste s\u00e1bado (21) para atender uma v\u00edtima de acidente de tr\u00e2nsito. O","breadcrumb":{"@id":"https:\/\/ubirataonline.com.br\/colisao-entre-moto-e-honda-fit-deixa-motociclista-ferido-no-parque-sao-paulo\/#breadcrumb"},"inLanguage":"en-US","potentialAction":[{"@type":"ReadAction","target":["https:\/\/ubirataonline.com.br\/colisao-entre-moto-e-honda-fit-deixa-motociclista-ferido-no-parque-sao-paulo\/"]}]},{"@type":"ImageObject","inLanguage":"en-US","@id":"https:\/\/ubirataonline.com.br\/colisao-entre-moto-e-honda-fit-deixa-motociclista-ferido-no-parque-sao-paulo\/#primaryimage","url":"https:\/\/ubirataonline.com.br\/wp-content\/uploads\/2026\/02\/Colisao-entre-moto-e-Honda-Fit-deixa-motociclista-ferido-no.jpeg","contentUrl":"https:\/\/ubirataonline.com.br\/wp-content\/uploads\/2026\/02\/Colisao-entre-moto-e-Honda-Fit-deixa-motociclista-ferido-no.jpeg","width":1280,"height":720,"caption":""},{"@type":"BreadcrumbList","@id":"https:\/\/ubirataonline.com.br\/colisao-entre-moto-e-honda-fit-deixa-motociclista-ferido-no-parque-sao-paulo\/#breadcrumb","itemListElement":[{"@type":"ListItem","position":1,"name":"In\u00edcio","item":"https:\/\/ubirataonline.com.br\/"},{"@type":"ListItem","position":2,"name":"Colis\u00e3o entre moto e Honda Fit deixa motociclista ferido no Parque S\u00e3o Paulo"}]},{"@type":"WebSite","@id":"https:\/\/ubirataonline.com.br\/#website","url":"https:\/\/ubirataonline.com.br\/","name":"Ubirat\u00e3 Online Not\u00edcias","description":"Not\u00edcias de Ubirat\u00e3, regi\u00e3o, Brasil e mundo, com informa\u00e7\u00e3o atualizada e compromisso com o leitor.","publisher":{"@id":"https:\/\/ubirataonline.com.br\/#organization"},"alternateName":"Ubirat\u00e3 Online","potentialAction":[{"@type":"SearchAction","target":{"@type":"EntryPoint","urlTemplate":"https:\/\/ubirataonline.com.br\/?s={search_term_string}"},"query-input":{"@type":"PropertyValueSpecification","valueRequired":true,"valueName":"search_term_string"}}],"inLanguage":"en-US"},{"@type":["Organization","Place"],"@id":"https:\/\/ubirataonline.com.br\/#organization","name":"Ubirat\u00e3 Online Not\u00edcias","alternateName":"Ubirat\u00e3 Online","url":"https:\/\/ubirataonline.com.br\/","logo":{"@id":"https:\/\/ubirataonline.com.br\/colisao-entre-moto-e-honda-fit-deixa-motociclista-ferido-no-parque-sao-paulo\/#local-main-organization-logo"},"image":{"@id":"https:\/\/ubirataonline.com.br\/colisao-entre-moto-e-honda-fit-deixa-motociclista-ferido-no-parque-sao-paulo\/#local-main-organization-logo"},"sameAs":["https:\/\/www.facebook.com\/portalubirataonline","https:\/\/x.com\/ubirataonline","https:\/\/mastodon.social\/@ubirataonline","https:\/\/www.facebook.com\/groups\/311144672285604","https:\/\/www.facebook.com\/UBTAOnline","https:\/\/www.instagram.com\/portalubirataonline\/","https:\/\/twitter.com\/ubirataonline"],"description":"Somos um portal de not\u00edcias independente, criado em 5 de janeiro de 2009, com o objetivo de informar, conectar e valorizar a nossa comunidade de Ubirat\u00e3 e toda aregi\u00e3o. Com conte\u00fado atualizado, confi\u00e1vel e relevante, o Ubirat\u00e3 Online \u00e9 o seu espa\u00e7o para ficar por dentro dos principais acontecimentos locais, regionais, Brasil, Mundo e de interesse geral. Nosso compromisso \u00e9 com a verdade, a transpar\u00eancia e o respeito ao leitor.","legalName":"UBIRATA ONLINE NOT\u00cdCIAS","foundingDate":"2009-01-05","numberOfEmployees":{"@type":"QuantitativeValue","minValue":"1","maxValue":"10"},"publishingPrinciples":"https:\/\/ubirataonline.com.br\/faq\/","address":{"@id":"https:\/\/ubirataonline.com.br\/colisao-entre-moto-e-honda-fit-deixa-motociclista-ferido-no-parque-sao-paulo\/#local-main-place-address"},"geo":{"@type":"GeoCoordinates","latitude":"-24.5361401","longitude":"-52.9921776"},"telephone":["+5544998308235"],"contactPoint":{"@type":"ContactPoint","email":"contato@ubirataonline.com.br"},"openingHoursSpecification":{"@type":"OpeningHoursSpecification","dayOfWeek":["Monday","Tuesday","Wednesday","Thursday","Friday","Saturday","Sunday"],"opens":"00:00","closes":"23:59"},"email":"contato@ubirataonline.com.br","vatID":"47.621.418\/0001-80"},{"@type":"Person","@id":"https:\/\/ubirataonline.com.br\/#\/schema\/person\/372f87bbd3fdd79b8556b84c98d0bc1c","name":"REDA\u00c7\u00c3O: UBIRAT\u00c3 ONLINE - F\u00c1BIO AUGUSTO CELESTINO","pronouns":"Ele","description":"Desde 2003 trabalhando com not\u00edcias.","sameAs":["http:\/\/ubirataoline.com.br","https:\/\/www.facebook.com\/portalubirataonline","https:\/\/www.instagram.com\/ubirataonline_oficial","https:\/\/x.com\/x.com\/ubirataonline"],"honorificPrefix":"Mr.","honorificSuffix":"MD","birthDate":"1980-06-16","gender":"masculino","award":["V\u00e1rios pr\u00eamios de melhor portal da cidade"],"jobTitle":"Diretor","url":"https:\/\/ubirataonline.com.br\/en\/author\/ubirataonline\/"},{"@type":"PostalAddress","@id":"https:\/\/ubirataonline.com.br\/colisao-entre-moto-e-honda-fit-deixa-motociclista-ferido-no-parque-sao-paulo\/#local-main-place-address","streetAddress":"Rua dos Coqueiros, 104 - Bairro Boa Vista, Rua dos Coqueiros, 104 Bairro Boa Vista","addressLocality":"UBIRATA","postalCode":"85440-000","addressRegion":"PR","addressCountry":"BR"},{"@type":"ImageObject","inLanguage":"en-US","@id":"https:\/\/ubirataonline.com.br\/colisao-entre-moto-e-honda-fit-deixa-motociclista-ferido-no-parque-sao-paulo\/#local-main-organization-logo","url":"https:\/\/ubirataonline.com.br\/wp-content\/uploads\/2026\/06\/logoubirataonline-1.webp","contentUrl":"https:\/\/ubirataonline.com.br\/wp-content\/uploads\/2026\/06\/logoubirataonline-1.webp","width":500,"height":500,"caption":"Ubirat\u00e3 Online Not\u00edcias"}]},"geo.placename":"UBIRATA","geo.position":{"lat":"-24.5361401","long":"-52.9921776"},"geo.region":"Brazil"},"_links":{"self":[{"href":"https:\/\/ubirataonline.com.br\/en\/wp-json\/wp\/v2\/posts\/89089","targetHints":{"allow":["GET"]}}],"collection":[{"href":"https:\/\/ubirataonline.com.br\/en\/wp-json\/wp\/v2\/posts"}],"about":[{"href":"https:\/\/ubirataonline.com.br\/en\/wp-json\/wp\/v2\/types\/post"}],"author":[{"embeddable":true,"href":"https:\/\/ubirataonline.com.br\/en\/wp-json\/wp\/v2\/users\/1"}],"replies":[{"embeddable":true,"href":"https:\/\/ubirataonline.com.br\/en\/wp-json\/wp\/v2\/comments?post=89089"}],"version-history":[{"count":0,"href":"https:\/\/ubirataonline.com.br\/en\/wp-json\/wp\/v2\/posts\/89089\/revisions"}],"wp:featuredmedia":[{"embeddable":true,"href":"https:\/\/ubirataonline.com.br\/en\/wp-json\/wp\/v2\/media\/89090"}],"wp:attachment":[{"href":"https:\/\/ubirataonline.com.br\/en\/wp-json\/wp\/v2\/media?parent=89089"}],"wp:term":[{"taxonomy":"category","embeddable":true,"href":"https:\/\/ubirataonline.com.br\/en\/wp-json\/wp\/v2\/categories?post=89089"},{"taxonomy":"post_tag","embeddable":true,"href":"https:\/\/ubirataonline.com.br\/en\/wp-json\/wp\/v2\/tags?post=89089"}],"curies":[{"name":"wp","href":"https:\/\/api.w.org\/{rel}","templated":true}]}}