{"id":89123,"date":"2026-02-21T23:36:26","date_gmt":"2026-02-22T02:36:26","guid":{"rendered":"https:\/\/ubirataonline.com.br\/amigos-de-cigarro-amy-madigan-elege-wagner-moura-sua-pessoa-favorita-na-temporada-de-premiacoes\/"},"modified":"2026-02-21T23:36:40","modified_gmt":"2026-02-22T02:36:40","slug":"amigos-de-cigarro-amy-madigan-elege-wagner-moura-sua-pessoa-favorita-na-temporada-de-premiacoes","status":"publish","type":"post","link":"https:\/\/ubirataonline.com.br\/en\/amigos-de-cigarro-amy-madigan-elege-wagner-moura-sua-pessoa-favorita-na-temporada-de-premiacoes\/","title":{"rendered":"\u2018Amigos de cigarro\u2019: Amy Madigan elege Wagner Moura sua \u2018pessoa favorita\u2019 na temporada de premia\u00e7\u00f5es"},"content":{"rendered":"<p><\/p>\n<div data-paywall-wrapper=\"true\">\n<div data-fusion-lazy-id=\"c0fU1XoBeo0W6eY\">\n<p data-component-name=\"paragraph\" class=\"styles__ParagraphStyled-sc-6adecn-0 gsLklW\">Em entrevista recente, <a href=\"https:\/\/www.estadao.com.br\/tudo-sobre\/amy-madigan\/\" target=\"_blank\" rel=\"\" title=\"https:\/\/www.estadao.com.br\/tudo-sobre\/amy-madigan\/\"><strong>Amy Madigan<\/strong><\/a>, atriz de <a href=\"https:\/\/www.estadao.com.br\/cultura\/cinema\/terror-a-hora-do-mal-e-o-filme-mais-ousado-de-2025-ate-agora\/?srsltid=AfmBOoqqR00SV4MUv8RTag9rftjVvQs6l2Fmj5eVmkZUH5u23OCqXOEn\" target=\"_blank\" rel=\"\" title=\"https:\/\/www.estadao.com.br\/cultura\/cinema\/terror-a-hora-do-mal-e-o-filme-mais-ousado-de-2025-ate-agora\/?srsltid=AfmBOoqqR00SV4MUv8RTag9rftjVvQs6l2Fmj5eVmkZUH5u23OCqXOEn\"><em><strong>A Hora do Mal<\/strong><\/em>,<\/a> falou sobre ter se tornado amiga de <a href=\"https:\/\/www.estadao.com.br\/tudo-sobre\/wagner-moura\/\" target=\"_blank\" rel=\"\" title=\"https:\/\/www.estadao.com.br\/tudo-sobre\/wagner-moura\/\"><strong>Wagner Moura<\/strong><\/a><strong> <\/strong>durante a temporada de premia\u00e7\u00f5es.<\/p>\n<p data-component-name=\"paragraph\" class=\"styles__ParagraphStyled-sc-6adecn-0 gsLklW\">\u201cNos tornamos amigos de cigarro e \u00edamos at\u00e9 o palco para conversar de verdade\u201d, disse a atriz ao responder quem foi a pessoa favorita que ela conheceu nos \u00faltimos meses nas premia\u00e7\u00f5es do cinema. <\/p>\n<figure class=\"styles__FigureImageWrapper-sc-1qk1vbn-0 NaVlt figure-image-wrapper\">\n<div class=\"figure-image-container\" style=\"aspect-ratio:1080 \/ 810\"><button class=\"expandir imagem\" title=\"Expandir visualiza\u00e7\u00e3o de imagem\"><svg xmlns=\"http:\/\/www.w3.org\/2000\/svg\" width=\"16\" height=\"16\" viewbox=\"0 0 16 16\" fill=\"none\"\/><\/button><img data-srcset=\"https:\/\/www.estadao.com.br\/resizer\/v2\/MK6ZWETCQJD53JLLUNBI2GSN7Y.jpg?quality=80&amp;auth=497b6a0dbf77ef2a117d2a93228d035fa6883084b5ae1251c706ca0b6301f05c&amp;width=380 768w, https:\/\/www.estadao.com.br\/resizer\/v2\/MK6ZWETCQJD53JLLUNBI2GSN7Y.jpg?quality=80&amp;auth=497b6a0dbf77ef2a117d2a93228d035fa6883084b5ae1251c706ca0b6301f05c&amp;width=768 1024w, https:\/\/www.estadao.com.br\/resizer\/v2\/MK6ZWETCQJD53JLLUNBI2GSN7Y.jpg?quality=80&amp;auth=497b6a0dbf77ef2a117d2a93228d035fa6883084b5ae1251c706ca0b6301f05c&amp;width=1200 1322w\" loading=\"lazy\" class=\"lazy-load-img\"\/><\/div><figcaption class=\"ignore-change-font-for-app\">\n<p>Amy Madigan e Wagner Moura em almo\u00e7o dos indicados ao Oscar, em foto tirada pelo diretor Kleber Mendon\u00e7a Filho<!-- -->\u00a0<span>Foto: <!-- --> <!-- -->Reprodu\u00e7\u00e3o\/@kleber_mendonca_filho via Instagram<\/span><\/p>\n<\/figcaption><\/figure>\n<div data-component-name=\"multi-paragraph\" class=\"styles__MultiParagraphAdStyled-sc-1yb8ue6-0 dAAozZ\">\n<div class=\"paragraph\">\n<p>No suspense <em>A Hora do Mal<\/em>, Amy interpreta Tia Gladys, atua\u00e7\u00e3o que lhe rendeu a indica\u00e7\u00e3o de Melhor Atriz Coadjuvante no Oscar 2026, 40 anos ap\u00f3s sua primeira indica\u00e7\u00e3o. J\u00e1 o ator brasileiro concorre ao pr\u00eamio de Melhor Ator. <\/p>\n<p>Madigan tamb\u00e9m falou sobre <a href=\"https:\/\/www.estadao.com.br\/tudo-sobre\/o-agente-secreto-filme\/\" target=\"_blank\" rel=\"\" title=\"https:\/\/www.estadao.com.br\/tudo-sobre\/o-agente-secreto-filme\/\"><em><strong>O Agente Secreto<\/strong><\/em><\/a> e a atua\u00e7\u00e3o de Wagner. \u201cEsse filme, antes de tudo, \u00e9 muito necess\u00e1rio agora, politicamente, considerando o que est\u00e1 acontecendo no nosso pa\u00eds. E a atua\u00e7\u00e3o dele \u00e9 muito sutil, de uma forma dram\u00e1tica. Fiquei muito emocionada assistindo. A arte precisa estar l\u00e1 fora\u201d, elogiou.<\/p>\n<\/div>\n<\/div>\n<p data-component-name=\"paragraph\" class=\"styles__ParagraphStyled-sc-6adecn-0 gsLklW\">A atriz de 79 anos comentou ainda sobre o show de <a href=\"https:\/\/www.estadao.com.br\/tudo-sobre\/bad-bunny\/\" target=\"_blank\" rel=\"\" title=\"https:\/\/www.estadao.com.br\/tudo-sobre\/bad-bunny\/\"><strong>Bad Bunny<\/strong><\/a> no intervalo do Super Bowl. \u201cEu assisti ao show do intervalo, e aumentei o volume ao m\u00e1ximo\u201d, brincou. \u201cE fiquei impressionada. Foi t\u00e3o emocionante. Foi t\u00e3o lindo. Simplesmente cativou a todos. E me fez rir ver como as pessoas do outro lado do corredor ficaram ofendidas e surtando por causa disso. O que est\u00e1 acontecendo com o ICE, o que est\u00e1 acontecendo em Minnesota, em todo o pa\u00eds, no Oriente M\u00e9dio \u2014 as coisas n\u00e3o s\u00e3o mutuamente exclusivas. Mas acho que as pessoas est\u00e3o prestando aten\u00e7\u00e3o aqui nos Estados Unidos\u201d, disse.<\/p>\n<p><h3 id=\"indicacao-historica-ao-oscar\">Indica\u00e7\u00e3o hist\u00f3rica ao Oscar<\/h3>\n<\/p>\n<p data-component-name=\"paragraph\" class=\"styles__ParagraphStyled-sc-6adecn-0 gsLklW\">Moura se tornou o primeiro ator brasileiro indicado ao Oscar de Melhor Ator, assim como Fernanda Torres se tornou, ano passado, a primeira brasileira indicada ao de Melhor Atriz. <\/p>\n<p data-component-name=\"paragraph\" class=\"styles__ParagraphStyled-sc-6adecn-0 gsLklW\">O brasileiro tem sido elogiado pela cr\u00edtica internacional e tamb\u00e9m por colegas da ind\u00fastria &#8211; recentemente, viralizou uma entrevista em que <a href=\"https:\/\/www.estadao.com.br\/cultura\/cinema\/homem-lindo-um-ator-maravilhoso-margot-robbie-e-jacob-elordi-rasgam-elogios-a-wagner-moura-nprec\/?srsltid=AfmBOop8cuH9vEEAG0piuxblhA4XRjvzzExBF4QM93P0PCOz7vj6mT4i\" target=\"_blank\" rel=\"noreferrer\" title=\"https:\/\/www.estadao.com.br\/cultura\/cinema\/homem-lindo-um-ator-maravilhoso-margot-robbie-e-jacob-elordi-rasgam-elogios-a-wagner-moura-nprec\/?srsltid=AfmBOop8cuH9vEEAG0piuxblhA4XRjvzzExBF4QM93P0PCOz7vj6mT4i\">Margot Robbie e Jacob Elordi elogiaram a beleza e a atua\u00e7\u00e3o de Moura<\/a>. <\/p>\n<p data-component-name=\"paragraph\" class=\"styles__ParagraphStyled-sc-6adecn-0 gsLklW\">Ao todo, <em>O Agente Secreto<\/em> concorre a quatro categorias no Oscar 2026: Melhor Ator, Melhor Filme, Melhor Filme Internacional e Melhor Escala\u00e7\u00e3o de elenco. <\/p>\n<\/div>\n<\/div>\n<p><a href=\"https:\/\/www.estadao.com.br\/cultura\/cinema\/amy-madigan-elege-wagner-moura-sua-pessoa-favorita-na-temporada-de-premiacoes-nprec\/\">Source link <\/a><\/p>","protected":false},"excerpt":{"rendered":"<p>Em entrevista recente, Amy Madigan, atriz de A Hora do Mal, falou sobre ter se tornado amiga de Wagner Moura durante a temporada de premia\u00e7\u00f5es. \u201cNos tornamos amigos de cigarro e \u00edamos at\u00e9 o palco para conversar de verdade\u201d, disse a atriz ao responder quem foi a pessoa favorita que ela conheceu nos \u00faltimos meses [&hellip;]<\/p>\n","protected":false},"author":1,"featured_media":89124,"comment_status":"closed","ping_status":"","sticky":false,"template":"","format":"standard","meta":{"googlesitekit_rrm_CAow2JLhCw:productID":"","_gspb_post_css":"","maa_idioma":"","maa_pais":"","footnotes":""},"categories":[4],"tags":[19968,13367,19969,15072,12719,19970,5460,3143,19971,5811,4435,5459],"class_list":["post-89123","post","type-post","status-publish","format-standard","has-post-thumbnail","hentry","category-brasil","tag-amigos","tag-amy","tag-cigarro","tag-elege","tag-favorita","tag-madigan","tag-moura","tag-pessoa","tag-premiacoes","tag-sua","tag-temporada","tag-wagner"],"blocksy_meta":[],"yoast_head":"<!-- This site is optimized with the Yoast SEO Premium plugin v27.6 (Yoast SEO v27.6) - https:\/\/yoast.com\/product\/yoast-seo-premium-wordpress\/ -->\n<title>\u2018Amigos de cigarro\u2019: Amy Madigan elege Wagner Moura sua \u2018pessoa favorita\u2019 na temporada de premia\u00e7\u00f5es - Ubirat\u00e3 Online Not\u00edcias - A realidade ao seu alcance!<\/title>\n<meta name=\"description\" content=\"Em entrevista recente, Amy Madigan, atriz de A Hora do Mal, falou sobre ter se tornado amiga de Wagner Moura durante a temporada de premia\u00e7\u00f5es.\u201cNos\" \/>\n<meta name=\"robots\" content=\"index, follow, max-snippet:-1, max-image-preview:large, max-video-preview:-1\" \/>\n<link rel=\"canonical\" href=\"https:\/\/ubirataonline.com.br\/en\/amigos-de-cigarro-amy-madigan-elege-wagner-moura-sua-pessoa-favorita-na-temporada-de-premiacoes\/\" \/>\n<meta property=\"og:locale\" content=\"en_US\" \/>\n<meta property=\"og:type\" content=\"article\" \/>\n<meta property=\"og:title\" content=\"\u2018Amigos de cigarro\u2019: Amy Madigan elege Wagner Moura sua \u2018pessoa favorita\u2019 na temporada de premia\u00e7\u00f5es\" \/>\n<meta property=\"og:description\" content=\"Em entrevista recente, Amy Madigan, atriz de A Hora do Mal, falou sobre ter se tornado amiga de Wagner Moura durante a temporada de premia\u00e7\u00f5es.\u201cNos\" \/>\n<meta property=\"og:url\" content=\"https:\/\/ubirataonline.com.br\/en\/amigos-de-cigarro-amy-madigan-elege-wagner-moura-sua-pessoa-favorita-na-temporada-de-premiacoes\/\" \/>\n<meta property=\"og:site_name\" content=\"Ubirat\u00e3 Online Not\u00edcias - A realidade ao seu alcance!\" \/>\n<meta property=\"article:publisher\" content=\"https:\/\/www.facebook.com\/portalubirataonline\" \/>\n<meta property=\"article:author\" content=\"https:\/\/www.facebook.com\/portalubirataonline\" \/>\n<meta property=\"article:published_time\" content=\"2026-02-22T02:36:26+00:00\" \/>\n<meta property=\"article:modified_time\" content=\"2026-02-22T02:36:40+00:00\" \/>\n<meta property=\"og:image\" content=\"https:\/\/ubirataonline.com.br\/wp-content\/uploads\/2026\/02\/\u2018Amigos-de-cigarro-Amy-Madigan-elege-Wagner-Moura-sua-\u2018pessoa.jpg\" \/>\n\t<meta property=\"og:image:width\" content=\"1200\" \/>\n\t<meta property=\"og:image:height\" content=\"630\" \/>\n\t<meta property=\"og:image:type\" content=\"image\/jpeg\" \/>\n<meta name=\"author\" content=\"REDA\u00c7\u00c3O: UBIRAT\u00c3 ONLINE - F\u00c1BIO AUGUSTO CELESTINO\" \/>\n<meta name=\"twitter:card\" content=\"summary_large_image\" \/>\n<meta name=\"twitter:creator\" content=\"@x.com\/ubirataonline\" \/>\n<meta name=\"twitter:site\" content=\"@ubirataonline\" \/>\n<meta name=\"twitter:label1\" content=\"Written by\" \/>\n\t<meta name=\"twitter:data1\" content=\"REDA\u00c7\u00c3O: UBIRAT\u00c3 ONLINE - F\u00c1BIO AUGUSTO CELESTINO\" \/>\n\t<meta name=\"twitter:label2\" content=\"Est. reading time\" \/>\n\t<meta name=\"twitter:data2\" content=\"2 minutes\" \/>\n<script type=\"application\/ld+json\" class=\"yoast-schema-graph\">{\"@context\":\"https:\\\/\\\/schema.org\",\"@graph\":[{\"@type\":\"NewsArticle\",\"@id\":\"https:\\\/\\\/ubirataonline.com.br\\\/amigos-de-cigarro-amy-madigan-elege-wagner-moura-sua-pessoa-favorita-na-temporada-de-premiacoes\\\/#article\",\"isPartOf\":{\"@id\":\"https:\\\/\\\/ubirataonline.com.br\\\/amigos-de-cigarro-amy-madigan-elege-wagner-moura-sua-pessoa-favorita-na-temporada-de-premiacoes\\\/\"},\"author\":{\"name\":\"REDA\u00c7\u00c3O: UBIRAT\u00c3 ONLINE - F\u00c1BIO AUGUSTO CELESTINO\",\"@id\":\"https:\\\/\\\/ubirataonline.com.br\\\/#\\\/schema\\\/person\\\/372f87bbd3fdd79b8556b84c98d0bc1c\"},\"headline\":\"\u2018Amigos de cigarro\u2019: Amy Madigan elege Wagner Moura sua \u2018pessoa favorita\u2019 na temporada de premia\u00e7\u00f5es\",\"datePublished\":\"2026-02-22T02:36:26+00:00\",\"dateModified\":\"2026-02-22T02:36:40+00:00\",\"mainEntityOfPage\":{\"@id\":\"https:\\\/\\\/ubirataonline.com.br\\\/amigos-de-cigarro-amy-madigan-elege-wagner-moura-sua-pessoa-favorita-na-temporada-de-premiacoes\\\/\"},\"wordCount\":414,\"publisher\":{\"@id\":\"https:\\\/\\\/ubirataonline.com.br\\\/#organization\"},\"image\":{\"@id\":\"https:\\\/\\\/ubirataonline.com.br\\\/amigos-de-cigarro-amy-madigan-elege-wagner-moura-sua-pessoa-favorita-na-temporada-de-premiacoes\\\/#primaryimage\"},\"thumbnailUrl\":\"https:\\\/\\\/ubirataonline.com.br\\\/wp-content\\\/uploads\\\/2026\\\/02\\\/\u2018Amigos-de-cigarro-Amy-Madigan-elege-Wagner-Moura-sua-\u2018pessoa.jpg\",\"keywords\":[\"Amigos\",\"Amy\",\"cigarro\",\"elege\",\"favorita\",\"Madigan\",\"Moura\",\"pessoa\",\"premia\u00e7\u00f5es\",\"Sua\",\"temporada\",\"Wagner\"],\"articleSection\":[\"Brasil\"],\"inLanguage\":\"en-US\",\"copyrightYear\":\"2026\",\"copyrightHolder\":{\"@id\":\"https:\\\/\\\/ubirataonline.com.br\\\/en\\\/#organization\"}},{\"@type\":\"WebPage\",\"@id\":\"https:\\\/\\\/ubirataonline.com.br\\\/amigos-de-cigarro-amy-madigan-elege-wagner-moura-sua-pessoa-favorita-na-temporada-de-premiacoes\\\/\",\"url\":\"https:\\\/\\\/ubirataonline.com.br\\\/amigos-de-cigarro-amy-madigan-elege-wagner-moura-sua-pessoa-favorita-na-temporada-de-premiacoes\\\/\",\"name\":\"\u2018Amigos de cigarro\u2019: Amy Madigan elege Wagner Moura sua \u2018pessoa favorita\u2019 na temporada de premia\u00e7\u00f5es - Ubirat\u00e3 Online Not\u00edcias - A realidade ao seu alcance!\",\"isPartOf\":{\"@id\":\"https:\\\/\\\/ubirataonline.com.br\\\/#website\"},\"primaryImageOfPage\":{\"@id\":\"https:\\\/\\\/ubirataonline.com.br\\\/amigos-de-cigarro-amy-madigan-elege-wagner-moura-sua-pessoa-favorita-na-temporada-de-premiacoes\\\/#primaryimage\"},\"image\":{\"@id\":\"https:\\\/\\\/ubirataonline.com.br\\\/amigos-de-cigarro-amy-madigan-elege-wagner-moura-sua-pessoa-favorita-na-temporada-de-premiacoes\\\/#primaryimage\"},\"thumbnailUrl\":\"https:\\\/\\\/ubirataonline.com.br\\\/wp-content\\\/uploads\\\/2026\\\/02\\\/\u2018Amigos-de-cigarro-Amy-Madigan-elege-Wagner-Moura-sua-\u2018pessoa.jpg\",\"datePublished\":\"2026-02-22T02:36:26+00:00\",\"dateModified\":\"2026-02-22T02:36:40+00:00\",\"description\":\"Em entrevista recente, Amy Madigan, atriz de A Hora do Mal, falou sobre ter se tornado amiga de Wagner Moura durante a temporada de premia\u00e7\u00f5es.\u201cNos\",\"breadcrumb\":{\"@id\":\"https:\\\/\\\/ubirataonline.com.br\\\/amigos-de-cigarro-amy-madigan-elege-wagner-moura-sua-pessoa-favorita-na-temporada-de-premiacoes\\\/#breadcrumb\"},\"inLanguage\":\"en-US\",\"potentialAction\":[{\"@type\":\"ReadAction\",\"target\":[\"https:\\\/\\\/ubirataonline.com.br\\\/amigos-de-cigarro-amy-madigan-elege-wagner-moura-sua-pessoa-favorita-na-temporada-de-premiacoes\\\/\"]}]},{\"@type\":\"ImageObject\",\"inLanguage\":\"en-US\",\"@id\":\"https:\\\/\\\/ubirataonline.com.br\\\/amigos-de-cigarro-amy-madigan-elege-wagner-moura-sua-pessoa-favorita-na-temporada-de-premiacoes\\\/#primaryimage\",\"url\":\"https:\\\/\\\/ubirataonline.com.br\\\/wp-content\\\/uploads\\\/2026\\\/02\\\/\u2018Amigos-de-cigarro-Amy-Madigan-elege-Wagner-Moura-sua-\u2018pessoa.jpg\",\"contentUrl\":\"https:\\\/\\\/ubirataonline.com.br\\\/wp-content\\\/uploads\\\/2026\\\/02\\\/\u2018Amigos-de-cigarro-Amy-Madigan-elege-Wagner-Moura-sua-\u2018pessoa.jpg\",\"width\":1200,\"height\":630,\"caption\":\"Amy Madigan e Wagner Moura em almo\u00e7o dos indicados ao Oscar, em foto tirada pelo diretor Kleber Mendon\u00e7a Filho\u00a0Foto: Reprodu\u00e7\u00e3o\\\/@kleber_mendonca_filho via Instagram\"},{\"@type\":\"BreadcrumbList\",\"@id\":\"https:\\\/\\\/ubirataonline.com.br\\\/amigos-de-cigarro-amy-madigan-elege-wagner-moura-sua-pessoa-favorita-na-temporada-de-premiacoes\\\/#breadcrumb\",\"itemListElement\":[{\"@type\":\"ListItem\",\"position\":1,\"name\":\"In\u00edcio\",\"item\":\"https:\\\/\\\/ubirataonline.com.br\\\/\"},{\"@type\":\"ListItem\",\"position\":2,\"name\":\"\u2018Amigos de cigarro\u2019: Amy Madigan elege Wagner Moura sua \u2018pessoa favorita\u2019 na temporada de premia\u00e7\u00f5es\"}]},{\"@type\":\"WebSite\",\"@id\":\"https:\\\/\\\/ubirataonline.com.br\\\/#website\",\"url\":\"https:\\\/\\\/ubirataonline.com.br\\\/\",\"name\":\"Ubirat\u00e3 Online Not\u00edcias\",\"description\":\"Not\u00edcias de Ubirat\u00e3, regi\u00e3o, Brasil e mundo, com informa\u00e7\u00e3o atualizada e compromisso com o leitor.\",\"publisher\":{\"@id\":\"https:\\\/\\\/ubirataonline.com.br\\\/#organization\"},\"alternateName\":\"Ubirat\u00e3 Online\",\"potentialAction\":[{\"@type\":\"SearchAction\",\"target\":{\"@type\":\"EntryPoint\",\"urlTemplate\":\"https:\\\/\\\/ubirataonline.com.br\\\/?s={search_term_string}\"},\"query-input\":{\"@type\":\"PropertyValueSpecification\",\"valueRequired\":true,\"valueName\":\"search_term_string\"}}],\"inLanguage\":\"en-US\"},{\"@type\":[\"Organization\",\"Place\"],\"@id\":\"https:\\\/\\\/ubirataonline.com.br\\\/#organization\",\"name\":\"Ubirat\u00e3 Online Not\u00edcias\",\"alternateName\":\"Ubirat\u00e3 Online\",\"url\":\"https:\\\/\\\/ubirataonline.com.br\\\/\",\"logo\":{\"@id\":\"https:\\\/\\\/ubirataonline.com.br\\\/amigos-de-cigarro-amy-madigan-elege-wagner-moura-sua-pessoa-favorita-na-temporada-de-premiacoes\\\/#local-main-organization-logo\"},\"image\":{\"@id\":\"https:\\\/\\\/ubirataonline.com.br\\\/amigos-de-cigarro-amy-madigan-elege-wagner-moura-sua-pessoa-favorita-na-temporada-de-premiacoes\\\/#local-main-organization-logo\"},\"sameAs\":[\"https:\\\/\\\/www.facebook.com\\\/portalubirataonline\",\"https:\\\/\\\/x.com\\\/ubirataonline\",\"https:\\\/\\\/mastodon.social\\\/@ubirataonline\",\"https:\\\/\\\/www.facebook.com\\\/groups\\\/311144672285604\",\"https:\\\/\\\/www.facebook.com\\\/UBTAOnline\",\"https:\\\/\\\/www.instagram.com\\\/portalubirataonline\\\/\",\"https:\\\/\\\/twitter.com\\\/ubirataonline\"],\"description\":\"Somos um portal de not\u00edcias independente, criado em 5 de janeiro de 2009, com o objetivo de informar, conectar e valorizar a nossa comunidade de Ubirat\u00e3 e toda aregi\u00e3o. Com conte\u00fado atualizado, confi\u00e1vel e relevante, o Ubirat\u00e3 Online \u00e9 o seu espa\u00e7o para ficar por dentro dos principais acontecimentos locais, regionais, Brasil, Mundo e de interesse geral. Nosso compromisso \u00e9 com a verdade, a transpar\u00eancia e o respeito ao leitor.\",\"legalName\":\"UBIRATA ONLINE NOT\u00cdCIAS\",\"foundingDate\":\"2009-01-05\",\"numberOfEmployees\":{\"@type\":\"QuantitativeValue\",\"minValue\":\"1\",\"maxValue\":\"10\"},\"publishingPrinciples\":\"https:\\\/\\\/ubirataonline.com.br\\\/faq\\\/\",\"address\":{\"@id\":\"https:\\\/\\\/ubirataonline.com.br\\\/amigos-de-cigarro-amy-madigan-elege-wagner-moura-sua-pessoa-favorita-na-temporada-de-premiacoes\\\/#local-main-place-address\"},\"geo\":{\"@type\":\"GeoCoordinates\",\"latitude\":\"-24.5361401\",\"longitude\":\"-52.9921776\"},\"telephone\":[\"+5544998308235\"],\"contactPoint\":{\"@type\":\"ContactPoint\",\"email\":\"contato@ubirataonline.com.br\"},\"openingHoursSpecification\":{\"@type\":\"OpeningHoursSpecification\",\"dayOfWeek\":[\"Monday\",\"Tuesday\",\"Wednesday\",\"Thursday\",\"Friday\",\"Saturday\",\"Sunday\"],\"opens\":\"00:00\",\"closes\":\"23:59\"},\"email\":\"contato@ubirataonline.com.br\",\"vatID\":\"47.621.418\\\/0001-80\"},{\"@type\":\"Person\",\"@id\":\"https:\\\/\\\/ubirataonline.com.br\\\/#\\\/schema\\\/person\\\/372f87bbd3fdd79b8556b84c98d0bc1c\",\"name\":\"REDA\u00c7\u00c3O: UBIRAT\u00c3 ONLINE - F\u00c1BIO AUGUSTO CELESTINO\",\"pronouns\":\"Ele\",\"description\":\"Desde 2003 trabalhando com not\u00edcias.\",\"sameAs\":[\"http:\\\/\\\/ubirataoline.com.br\",\"https:\\\/\\\/www.facebook.com\\\/portalubirataonline\",\"https:\\\/\\\/www.instagram.com\\\/ubirataonline_oficial\",\"https:\\\/\\\/x.com\\\/x.com\\\/ubirataonline\"],\"honorificPrefix\":\"Mr.\",\"honorificSuffix\":\"MD\",\"birthDate\":\"1980-06-16\",\"gender\":\"masculino\",\"award\":[\"V\u00e1rios pr\u00eamios de melhor portal da cidade\"],\"jobTitle\":\"Diretor\",\"url\":\"https:\\\/\\\/ubirataonline.com.br\\\/en\\\/author\\\/ubirataonline\\\/\"},{\"@type\":\"PostalAddress\",\"@id\":\"https:\\\/\\\/ubirataonline.com.br\\\/amigos-de-cigarro-amy-madigan-elege-wagner-moura-sua-pessoa-favorita-na-temporada-de-premiacoes\\\/#local-main-place-address\",\"streetAddress\":\"Rua dos Coqueiros, 104 - Bairro Boa Vista, Rua dos Coqueiros, 104 Bairro Boa Vista\",\"addressLocality\":\"UBIRATA\",\"postalCode\":\"85440-000\",\"addressRegion\":\"PR\",\"addressCountry\":\"BR\"},{\"@type\":\"ImageObject\",\"inLanguage\":\"en-US\",\"@id\":\"https:\\\/\\\/ubirataonline.com.br\\\/amigos-de-cigarro-amy-madigan-elege-wagner-moura-sua-pessoa-favorita-na-temporada-de-premiacoes\\\/#local-main-organization-logo\",\"url\":\"https:\\\/\\\/ubirataonline.com.br\\\/wp-content\\\/uploads\\\/2026\\\/06\\\/logoubirataonline-1.webp\",\"contentUrl\":\"https:\\\/\\\/ubirataonline.com.br\\\/wp-content\\\/uploads\\\/2026\\\/06\\\/logoubirataonline-1.webp\",\"width\":500,\"height\":500,\"caption\":\"Ubirat\u00e3 Online Not\u00edcias\"}]}<\/script>\n<meta name=\"geo.placename\" content=\"UBIRATA\" \/>\n<meta name=\"geo.position\" content=\"-24.5361401;-52.9921776\" \/>\n<meta name=\"geo.region\" content=\"Brazil\" \/>\n<!-- \/ Yoast SEO Premium plugin. -->","yoast_head_json":{"title":"\u2018Amigos de cigarro\u2019: Amy Madigan elege Wagner Moura sua \u2018pessoa favorita\u2019 na temporada de premia\u00e7\u00f5es - Ubirat\u00e3 Online Not\u00edcias - A realidade ao seu alcance!","description":"Em entrevista recente, Amy Madigan, atriz de A Hora do Mal, falou sobre ter se tornado amiga de Wagner Moura durante a temporada de premia\u00e7\u00f5es.\u201cNos","robots":{"index":"index","follow":"follow","max-snippet":"max-snippet:-1","max-image-preview":"max-image-preview:large","max-video-preview":"max-video-preview:-1"},"canonical":"https:\/\/ubirataonline.com.br\/en\/amigos-de-cigarro-amy-madigan-elege-wagner-moura-sua-pessoa-favorita-na-temporada-de-premiacoes\/","og_locale":"en_US","og_type":"article","og_title":"\u2018Amigos de cigarro\u2019: Amy Madigan elege Wagner Moura sua \u2018pessoa favorita\u2019 na temporada de premia\u00e7\u00f5es","og_description":"Em entrevista recente, Amy Madigan, atriz de A Hora do Mal, falou sobre ter se tornado amiga de Wagner Moura durante a temporada de premia\u00e7\u00f5es.\u201cNos","og_url":"https:\/\/ubirataonline.com.br\/en\/amigos-de-cigarro-amy-madigan-elege-wagner-moura-sua-pessoa-favorita-na-temporada-de-premiacoes\/","og_site_name":"Ubirat\u00e3 Online Not\u00edcias - A realidade ao seu alcance!","article_publisher":"https:\/\/www.facebook.com\/portalubirataonline","article_author":"https:\/\/www.facebook.com\/portalubirataonline","article_published_time":"2026-02-22T02:36:26+00:00","article_modified_time":"2026-02-22T02:36:40+00:00","og_image":[{"width":1200,"height":630,"url":"https:\/\/ubirataonline.com.br\/wp-content\/uploads\/2026\/02\/\u2018Amigos-de-cigarro-Amy-Madigan-elege-Wagner-Moura-sua-\u2018pessoa.jpg","type":"image\/jpeg"}],"author":"REDA\u00c7\u00c3O: UBIRAT\u00c3 ONLINE - F\u00c1BIO AUGUSTO CELESTINO","twitter_card":"summary_large_image","twitter_creator":"@x.com\/ubirataonline","twitter_site":"@ubirataonline","twitter_misc":{"Written by":"REDA\u00c7\u00c3O: UBIRAT\u00c3 ONLINE - F\u00c1BIO AUGUSTO CELESTINO","Est. reading time":"2 minutes"},"schema":{"@context":"https:\/\/schema.org","@graph":[{"@type":"NewsArticle","@id":"https:\/\/ubirataonline.com.br\/amigos-de-cigarro-amy-madigan-elege-wagner-moura-sua-pessoa-favorita-na-temporada-de-premiacoes\/#article","isPartOf":{"@id":"https:\/\/ubirataonline.com.br\/amigos-de-cigarro-amy-madigan-elege-wagner-moura-sua-pessoa-favorita-na-temporada-de-premiacoes\/"},"author":{"name":"REDA\u00c7\u00c3O: UBIRAT\u00c3 ONLINE - F\u00c1BIO AUGUSTO CELESTINO","@id":"https:\/\/ubirataonline.com.br\/#\/schema\/person\/372f87bbd3fdd79b8556b84c98d0bc1c"},"headline":"\u2018Amigos de cigarro\u2019: Amy Madigan elege Wagner Moura sua \u2018pessoa favorita\u2019 na temporada de premia\u00e7\u00f5es","datePublished":"2026-02-22T02:36:26+00:00","dateModified":"2026-02-22T02:36:40+00:00","mainEntityOfPage":{"@id":"https:\/\/ubirataonline.com.br\/amigos-de-cigarro-amy-madigan-elege-wagner-moura-sua-pessoa-favorita-na-temporada-de-premiacoes\/"},"wordCount":414,"publisher":{"@id":"https:\/\/ubirataonline.com.br\/#organization"},"image":{"@id":"https:\/\/ubirataonline.com.br\/amigos-de-cigarro-amy-madigan-elege-wagner-moura-sua-pessoa-favorita-na-temporada-de-premiacoes\/#primaryimage"},"thumbnailUrl":"https:\/\/ubirataonline.com.br\/wp-content\/uploads\/2026\/02\/\u2018Amigos-de-cigarro-Amy-Madigan-elege-Wagner-Moura-sua-\u2018pessoa.jpg","keywords":["Amigos","Amy","cigarro","elege","favorita","Madigan","Moura","pessoa","premia\u00e7\u00f5es","Sua","temporada","Wagner"],"articleSection":["Brasil"],"inLanguage":"en-US","copyrightYear":"2026","copyrightHolder":{"@id":"https:\/\/ubirataonline.com.br\/en\/#organization"}},{"@type":"WebPage","@id":"https:\/\/ubirataonline.com.br\/amigos-de-cigarro-amy-madigan-elege-wagner-moura-sua-pessoa-favorita-na-temporada-de-premiacoes\/","url":"https:\/\/ubirataonline.com.br\/amigos-de-cigarro-amy-madigan-elege-wagner-moura-sua-pessoa-favorita-na-temporada-de-premiacoes\/","name":"\u2018Amigos de cigarro\u2019: Amy Madigan elege Wagner Moura sua \u2018pessoa favorita\u2019 na temporada de premia\u00e7\u00f5es - Ubirat\u00e3 Online Not\u00edcias - A realidade ao seu alcance!","isPartOf":{"@id":"https:\/\/ubirataonline.com.br\/#website"},"primaryImageOfPage":{"@id":"https:\/\/ubirataonline.com.br\/amigos-de-cigarro-amy-madigan-elege-wagner-moura-sua-pessoa-favorita-na-temporada-de-premiacoes\/#primaryimage"},"image":{"@id":"https:\/\/ubirataonline.com.br\/amigos-de-cigarro-amy-madigan-elege-wagner-moura-sua-pessoa-favorita-na-temporada-de-premiacoes\/#primaryimage"},"thumbnailUrl":"https:\/\/ubirataonline.com.br\/wp-content\/uploads\/2026\/02\/\u2018Amigos-de-cigarro-Amy-Madigan-elege-Wagner-Moura-sua-\u2018pessoa.jpg","datePublished":"2026-02-22T02:36:26+00:00","dateModified":"2026-02-22T02:36:40+00:00","description":"Em entrevista recente, Amy Madigan, atriz de A Hora do Mal, falou sobre ter se tornado amiga de Wagner Moura durante a temporada de premia\u00e7\u00f5es.\u201cNos","breadcrumb":{"@id":"https:\/\/ubirataonline.com.br\/amigos-de-cigarro-amy-madigan-elege-wagner-moura-sua-pessoa-favorita-na-temporada-de-premiacoes\/#breadcrumb"},"inLanguage":"en-US","potentialAction":[{"@type":"ReadAction","target":["https:\/\/ubirataonline.com.br\/amigos-de-cigarro-amy-madigan-elege-wagner-moura-sua-pessoa-favorita-na-temporada-de-premiacoes\/"]}]},{"@type":"ImageObject","inLanguage":"en-US","@id":"https:\/\/ubirataonline.com.br\/amigos-de-cigarro-amy-madigan-elege-wagner-moura-sua-pessoa-favorita-na-temporada-de-premiacoes\/#primaryimage","url":"https:\/\/ubirataonline.com.br\/wp-content\/uploads\/2026\/02\/\u2018Amigos-de-cigarro-Amy-Madigan-elege-Wagner-Moura-sua-\u2018pessoa.jpg","contentUrl":"https:\/\/ubirataonline.com.br\/wp-content\/uploads\/2026\/02\/\u2018Amigos-de-cigarro-Amy-Madigan-elege-Wagner-Moura-sua-\u2018pessoa.jpg","width":1200,"height":630,"caption":"Amy Madigan e Wagner Moura em almo\u00e7o dos indicados ao Oscar, em foto tirada pelo diretor Kleber Mendon\u00e7a Filho\u00a0Foto: Reprodu\u00e7\u00e3o\/@kleber_mendonca_filho via Instagram"},{"@type":"BreadcrumbList","@id":"https:\/\/ubirataonline.com.br\/amigos-de-cigarro-amy-madigan-elege-wagner-moura-sua-pessoa-favorita-na-temporada-de-premiacoes\/#breadcrumb","itemListElement":[{"@type":"ListItem","position":1,"name":"In\u00edcio","item":"https:\/\/ubirataonline.com.br\/"},{"@type":"ListItem","position":2,"name":"\u2018Amigos de cigarro\u2019: Amy Madigan elege Wagner Moura sua \u2018pessoa favorita\u2019 na temporada de premia\u00e7\u00f5es"}]},{"@type":"WebSite","@id":"https:\/\/ubirataonline.com.br\/#website","url":"https:\/\/ubirataonline.com.br\/","name":"Ubirat\u00e3 Online Not\u00edcias","description":"Not\u00edcias de Ubirat\u00e3, regi\u00e3o, Brasil e mundo, com informa\u00e7\u00e3o atualizada e compromisso com o leitor.","publisher":{"@id":"https:\/\/ubirataonline.com.br\/#organization"},"alternateName":"Ubirat\u00e3 Online","potentialAction":[{"@type":"SearchAction","target":{"@type":"EntryPoint","urlTemplate":"https:\/\/ubirataonline.com.br\/?s={search_term_string}"},"query-input":{"@type":"PropertyValueSpecification","valueRequired":true,"valueName":"search_term_string"}}],"inLanguage":"en-US"},{"@type":["Organization","Place"],"@id":"https:\/\/ubirataonline.com.br\/#organization","name":"Ubirat\u00e3 Online Not\u00edcias","alternateName":"Ubirat\u00e3 Online","url":"https:\/\/ubirataonline.com.br\/","logo":{"@id":"https:\/\/ubirataonline.com.br\/amigos-de-cigarro-amy-madigan-elege-wagner-moura-sua-pessoa-favorita-na-temporada-de-premiacoes\/#local-main-organization-logo"},"image":{"@id":"https:\/\/ubirataonline.com.br\/amigos-de-cigarro-amy-madigan-elege-wagner-moura-sua-pessoa-favorita-na-temporada-de-premiacoes\/#local-main-organization-logo"},"sameAs":["https:\/\/www.facebook.com\/portalubirataonline","https:\/\/x.com\/ubirataonline","https:\/\/mastodon.social\/@ubirataonline","https:\/\/www.facebook.com\/groups\/311144672285604","https:\/\/www.facebook.com\/UBTAOnline","https:\/\/www.instagram.com\/portalubirataonline\/","https:\/\/twitter.com\/ubirataonline"],"description":"Somos um portal de not\u00edcias independente, criado em 5 de janeiro de 2009, com o objetivo de informar, conectar e valorizar a nossa comunidade de Ubirat\u00e3 e toda aregi\u00e3o. Com conte\u00fado atualizado, confi\u00e1vel e relevante, o Ubirat\u00e3 Online \u00e9 o seu espa\u00e7o para ficar por dentro dos principais acontecimentos locais, regionais, Brasil, Mundo e de interesse geral. Nosso compromisso \u00e9 com a verdade, a transpar\u00eancia e o respeito ao leitor.","legalName":"UBIRATA ONLINE NOT\u00cdCIAS","foundingDate":"2009-01-05","numberOfEmployees":{"@type":"QuantitativeValue","minValue":"1","maxValue":"10"},"publishingPrinciples":"https:\/\/ubirataonline.com.br\/faq\/","address":{"@id":"https:\/\/ubirataonline.com.br\/amigos-de-cigarro-amy-madigan-elege-wagner-moura-sua-pessoa-favorita-na-temporada-de-premiacoes\/#local-main-place-address"},"geo":{"@type":"GeoCoordinates","latitude":"-24.5361401","longitude":"-52.9921776"},"telephone":["+5544998308235"],"contactPoint":{"@type":"ContactPoint","email":"contato@ubirataonline.com.br"},"openingHoursSpecification":{"@type":"OpeningHoursSpecification","dayOfWeek":["Monday","Tuesday","Wednesday","Thursday","Friday","Saturday","Sunday"],"opens":"00:00","closes":"23:59"},"email":"contato@ubirataonline.com.br","vatID":"47.621.418\/0001-80"},{"@type":"Person","@id":"https:\/\/ubirataonline.com.br\/#\/schema\/person\/372f87bbd3fdd79b8556b84c98d0bc1c","name":"REDA\u00c7\u00c3O: UBIRAT\u00c3 ONLINE - F\u00c1BIO AUGUSTO CELESTINO","pronouns":"Ele","description":"Desde 2003 trabalhando com not\u00edcias.","sameAs":["http:\/\/ubirataoline.com.br","https:\/\/www.facebook.com\/portalubirataonline","https:\/\/www.instagram.com\/ubirataonline_oficial","https:\/\/x.com\/x.com\/ubirataonline"],"honorificPrefix":"Mr.","honorificSuffix":"MD","birthDate":"1980-06-16","gender":"masculino","award":["V\u00e1rios pr\u00eamios de melhor portal da cidade"],"jobTitle":"Diretor","url":"https:\/\/ubirataonline.com.br\/en\/author\/ubirataonline\/"},{"@type":"PostalAddress","@id":"https:\/\/ubirataonline.com.br\/amigos-de-cigarro-amy-madigan-elege-wagner-moura-sua-pessoa-favorita-na-temporada-de-premiacoes\/#local-main-place-address","streetAddress":"Rua dos Coqueiros, 104 - Bairro Boa Vista, Rua dos Coqueiros, 104 Bairro Boa Vista","addressLocality":"UBIRATA","postalCode":"85440-000","addressRegion":"PR","addressCountry":"BR"},{"@type":"ImageObject","inLanguage":"en-US","@id":"https:\/\/ubirataonline.com.br\/amigos-de-cigarro-amy-madigan-elege-wagner-moura-sua-pessoa-favorita-na-temporada-de-premiacoes\/#local-main-organization-logo","url":"https:\/\/ubirataonline.com.br\/wp-content\/uploads\/2026\/06\/logoubirataonline-1.webp","contentUrl":"https:\/\/ubirataonline.com.br\/wp-content\/uploads\/2026\/06\/logoubirataonline-1.webp","width":500,"height":500,"caption":"Ubirat\u00e3 Online Not\u00edcias"}]},"geo.placename":"UBIRATA","geo.position":{"lat":"-24.5361401","long":"-52.9921776"},"geo.region":"Brazil"},"_links":{"self":[{"href":"https:\/\/ubirataonline.com.br\/en\/wp-json\/wp\/v2\/posts\/89123","targetHints":{"allow":["GET"]}}],"collection":[{"href":"https:\/\/ubirataonline.com.br\/en\/wp-json\/wp\/v2\/posts"}],"about":[{"href":"https:\/\/ubirataonline.com.br\/en\/wp-json\/wp\/v2\/types\/post"}],"author":[{"embeddable":true,"href":"https:\/\/ubirataonline.com.br\/en\/wp-json\/wp\/v2\/users\/1"}],"replies":[{"embeddable":true,"href":"https:\/\/ubirataonline.com.br\/en\/wp-json\/wp\/v2\/comments?post=89123"}],"version-history":[{"count":0,"href":"https:\/\/ubirataonline.com.br\/en\/wp-json\/wp\/v2\/posts\/89123\/revisions"}],"wp:featuredmedia":[{"embeddable":true,"href":"https:\/\/ubirataonline.com.br\/en\/wp-json\/wp\/v2\/media\/89124"}],"wp:attachment":[{"href":"https:\/\/ubirataonline.com.br\/en\/wp-json\/wp\/v2\/media?parent=89123"}],"wp:term":[{"taxonomy":"category","embeddable":true,"href":"https:\/\/ubirataonline.com.br\/en\/wp-json\/wp\/v2\/categories?post=89123"},{"taxonomy":"post_tag","embeddable":true,"href":"https:\/\/ubirataonline.com.br\/en\/wp-json\/wp\/v2\/tags?post=89123"}],"curies":[{"name":"wp","href":"https:\/\/api.w.org\/{rel}","templated":true}]}}