{"id":89126,"date":"2026-02-21T23:48:29","date_gmt":"2026-02-22T02:48:29","guid":{"rendered":"https:\/\/ubirataonline.com.br\/invatamantul-veterinar-din-republica-moldova-va-fi-modernizat-prin-proiectul-european-eduvet\/"},"modified":"2026-02-21T23:48:47","modified_gmt":"2026-02-22T02:48:47","slug":"invatamantul-veterinar-din-republica-moldova-va-fi-modernizat-prin-proiectul-european-eduvet","status":"publish","type":"post","link":"https:\/\/ubirataonline.com.br\/en\/invatamantul-veterinar-din-republica-moldova-va-fi-modernizat-prin-proiectul-european-eduvet\/","title":{"rendered":"\u00cenv\u0103\u021b\u0103m\u00e2ntul veterinar din Republica Moldova va fi modernizat prin proiectul european EDUVET"},"content":{"rendered":"<p><br \/>\n<\/p>\n<div>\n<pre><p>\u00cenv\u0103\u021b\u0103m\u00e2ntul superior veterinar din Republica Moldova urmeaz\u0103 s\u0103 fie modernizat prin implementarea proiectului Erasmus+ KA2 \u201eModernisation of Higher Veterinary Education to ensure Food Safety and Public Health in Moldova\u201d (EDUVET), care are ca obiectiv integrarea standardelor europene \u00een formarea speciali\u0219tilor responsabili de s\u0103n\u0103tatea animalelor \u0219i siguran\u021ba alimentelor, transmite MOLDPRES.<\/p>&#13;\n&#13;\n<p>\u015eedin\u0163a de lansare a proiectului a avut loc \u00een perioada 19\u201320 februarie 2026 \u0219i a reunit reprezentan\u021bi ai institu\u021biilor academice \u0219i ai autorit\u0103\u021bilor na\u021bionale. La eveniment a participat Tatiana Nistorica, secretar\u0103 de stat a Ministerului Agriculturii \u0219i Industriei Alimentare (MAIA), care a subliniat c\u0103 \u201eobiectivele proiectului se aliniaz\u0103 cu priorit\u0103\u021bile ministerului \u00een domeniul s\u0103n\u0103t\u0103\u021bii \u0219i bun\u0103st\u0103rii animalelor, siguran\u021bei alimentare, s\u0103n\u0103t\u0103\u021bii publice \u0219i dezvolt\u0103rii durabile a sectorului agroalimentar din \u021bar\u0103\u201d.<\/p>&#13;\n&#13;\n<p>EDUVET urm\u0103re\u0219te mai multe direc\u021bii principale.<\/p>&#13;\n&#13;\n<blockquote>&#13;\n<p><em>\u201eEste vorba de modernizarea programului integrat de studii \u00een Medicin\u0103 Veterinar\u0103, pentru a asigura o preg\u0103tire conform\u0103 cu cerin\u021bele europene; dezvoltarea cursurilor de formare continu\u0103 \u00een domeniul siguran\u021bei alimentare \u0219i s\u0103n\u0103t\u0103\u021bii publice, pentru speciali\u0219ti veterinar \u0219i profesioni\u0219ti din sectorul agroalimentar; consolidarea abord\u0103rii One Health, promov\u00e2nd o viziune integrat\u0103 asupra s\u0103n\u0103t\u0103\u021bii animalelor, oamenilor \u0219i mediului, \u00een conformitate cu standardele Uniunii Europene. Prin aceste m\u0103suri, proiectul \u00ee\u0219i propune s\u0103 creasc\u0103 calitatea form\u0103rii profesionale \u0219i s\u0103 asigure competen\u021be actualizate pentru viitorii speciali\u0219ti, contribuind astfel la prevenirea riscurilor legate de s\u0103n\u0103tatea public\u0103 \u0219i siguran\u021ba alimentar\u0103 \u00een Republica Moldova\u201d, <\/em>explic\u0103 Ministerul Agriculturii.<\/p>&#13;\n<\/blockquote>&#13;\n&#13;\n<p>Coordonatorul proiectului este Universitatea Tehnic\u0103 a Moldovei (UTM), institu\u021bia responsabil\u0103 de implementarea programului de studii \u00een Medicin\u0103 Veterinar\u0103. EDUVET este realizat \u00een consor\u021biu cu universit\u0103\u021bi \u0219i parteneri din Spania, Slovenia \u0219i Rom\u00e2nia, precum \u0219i cu institu\u021bii academice \u0219i de cercetare din Republica Moldova.<\/p>&#13;\n&#13;\n<p>Aceast\u0103 colaborare interna\u021bional\u0103 va facilita schimbul de bune practici, implementarea de metodologii moderne de predare \u0219i crearea unor programe de formare adaptate la cerin\u021bele globale, consolid\u00e2nd astfel statutul Republicii Moldova \u00een domeniul educa\u021biei veterinare \u0219i al siguran\u021bei alimentare.<\/p>&#13;\n&#13;\n<p>Prin proiectul EDUVET, \u00eenv\u0103\u021b\u0103m\u00e2ntul veterinar din Moldova se aliniaz\u0103 la standardele europene \u0219i se preg\u0103te\u0219te s\u0103 formeze profesioni\u0219ti capabili s\u0103 asigure s\u0103n\u0103tatea animalelor, siguran\u021ba alimentelor \u0219i protec\u021bia s\u0103n\u0103t\u0103\u021bii publice, contribuind la dezvoltarea durabil\u0103 a sectorului agroalimentar.<\/p>&#13;\n<\/pre>\n<\/p><\/div>\n<p><br \/>\n<br \/><a href=\"https:\/\/www.moldpres.md\/rom\/ue-1\/invatamantul-veterinar-din-republica-moldova-va-fi-modernizat-prin-proiectul-european-eduvet\">Source link <\/a><\/p>","protected":false},"excerpt":{"rendered":"<p>\u00cenv\u0103\u021b\u0103m\u00e2ntul superior veterinar din Republica Moldova urmeaz\u0103 s\u0103 fie modernizat prin implementarea proiectului Erasmus+ KA2 \u201eModernisation of Higher Veterinary Education to ensure Food Safety and Public Health in Moldova\u201d (EDUVET), care are ca obiectiv integrarea standardelor europene \u00een formarea speciali\u0219tilor responsabili de s\u0103n\u0103tatea animalelor \u0219i siguran\u021ba alimentelor, transmite MOLDPRES.&#13; &#13; \u015eedin\u0163a de lansare a proiectului [&hellip;]<\/p>\n","protected":false},"author":1,"featured_media":89127,"comment_status":"closed","ping_status":"","sticky":false,"template":"","format":"standard","meta":{"googlesitekit_rrm_CAow2JLhCw:productID":"","_gspb_post_css":"","maa_idioma":"","maa_pais":"","footnotes":""},"categories":[2725],"tags":[19052,19978,9540,19972,19975,19974,19976,19977,12919,19973],"class_list":["post-89126","post","type-post","status-publish","format-standard","has-post-thumbnail","hentry","category-europe","tag-din","tag-eduvet","tag-european","tag-invatamantul","tag-modernizat","tag-moldova","tag-prin","tag-proiectul","tag-republica","tag-veterinar"],"blocksy_meta":[],"yoast_head":"<!-- This site is optimized with the Yoast SEO Premium plugin v27.6 (Yoast SEO v27.6) - https:\/\/yoast.com\/product\/yoast-seo-premium-wordpress\/ -->\n<title>\u00cenv\u0103\u021b\u0103m\u00e2ntul veterinar din Republica Moldova va fi modernizat prin proiectul european EDUVET - Ubirat\u00e3 Online Not\u00edcias - A realidade ao seu alcance!<\/title>\n<meta name=\"description\" content=\"\u00cenv\u0103\u021b\u0103m\u00e2ntul superior veterinar din Republica Moldova urmeaz\u0103 s\u0103 fie modernizat prin implementarea proiectului Erasmus+ KA2 \u201eModernisation of Higher\" \/>\n<meta name=\"robots\" content=\"index, follow, max-snippet:-1, max-image-preview:large, max-video-preview:-1\" \/>\n<link rel=\"canonical\" href=\"https:\/\/ubirataonline.com.br\/en\/invatamantul-veterinar-din-republica-moldova-va-fi-modernizat-prin-proiectul-european-eduvet\/\" \/>\n<meta property=\"og:locale\" content=\"en_US\" \/>\n<meta property=\"og:type\" content=\"article\" \/>\n<meta property=\"og:title\" content=\"\u00cenv\u0103\u021b\u0103m\u00e2ntul veterinar din Republica Moldova va fi modernizat prin proiectul european EDUVET\" \/>\n<meta property=\"og:description\" content=\"\u00cenv\u0103\u021b\u0103m\u00e2ntul superior veterinar din Republica Moldova urmeaz\u0103 s\u0103 fie modernizat prin implementarea proiectului Erasmus+ KA2 \u201eModernisation of Higher\" \/>\n<meta property=\"og:url\" content=\"https:\/\/ubirataonline.com.br\/en\/invatamantul-veterinar-din-republica-moldova-va-fi-modernizat-prin-proiectul-european-eduvet\/\" \/>\n<meta property=\"og:site_name\" content=\"Ubirat\u00e3 Online Not\u00edcias - A realidade ao seu alcance!\" \/>\n<meta property=\"article:publisher\" content=\"https:\/\/www.facebook.com\/portalubirataonline\" \/>\n<meta property=\"article:author\" content=\"https:\/\/www.facebook.com\/portalubirataonline\" \/>\n<meta property=\"article:published_time\" content=\"2026-02-22T02:48:29+00:00\" \/>\n<meta property=\"article:modified_time\" content=\"2026-02-22T02:48:47+00:00\" \/>\n<meta property=\"og:image\" content=\"https:\/\/ubirataonline.com.br\/wp-content\/uploads\/2026\/02\/Invatamantul-veterinar-din-Republica-Moldova-va-fi-modernizat-prin-proiectul.jpg\" \/>\n\t<meta property=\"og:image:width\" content=\"1920\" \/>\n\t<meta property=\"og:image:height\" content=\"1281\" \/>\n\t<meta property=\"og:image:type\" content=\"image\/jpeg\" \/>\n<meta name=\"author\" content=\"REDA\u00c7\u00c3O: UBIRAT\u00c3 ONLINE - F\u00c1BIO AUGUSTO CELESTINO\" \/>\n<meta name=\"twitter:card\" content=\"summary_large_image\" \/>\n<meta name=\"twitter:creator\" content=\"@x.com\/ubirataonline\" \/>\n<meta name=\"twitter:site\" content=\"@ubirataonline\" \/>\n<meta name=\"twitter:label1\" content=\"Written by\" \/>\n\t<meta name=\"twitter:data1\" content=\"REDA\u00c7\u00c3O: UBIRAT\u00c3 ONLINE - F\u00c1BIO AUGUSTO CELESTINO\" \/>\n\t<meta name=\"twitter:label2\" content=\"Est. reading time\" \/>\n\t<meta name=\"twitter:data2\" content=\"2 minutes\" \/>\n<script type=\"application\/ld+json\" class=\"yoast-schema-graph\">{\"@context\":\"https:\\\/\\\/schema.org\",\"@graph\":[{\"@type\":\"NewsArticle\",\"@id\":\"https:\\\/\\\/ubirataonline.com.br\\\/invatamantul-veterinar-din-republica-moldova-va-fi-modernizat-prin-proiectul-european-eduvet\\\/#article\",\"isPartOf\":{\"@id\":\"https:\\\/\\\/ubirataonline.com.br\\\/invatamantul-veterinar-din-republica-moldova-va-fi-modernizat-prin-proiectul-european-eduvet\\\/\"},\"author\":{\"name\":\"REDA\u00c7\u00c3O: UBIRAT\u00c3 ONLINE - F\u00c1BIO AUGUSTO CELESTINO\",\"@id\":\"https:\\\/\\\/ubirataonline.com.br\\\/#\\\/schema\\\/person\\\/372f87bbd3fdd79b8556b84c98d0bc1c\"},\"headline\":\"\u00cenv\u0103\u021b\u0103m\u00e2ntul veterinar din Republica Moldova va fi modernizat prin proiectul european EDUVET\",\"datePublished\":\"2026-02-22T02:48:29+00:00\",\"dateModified\":\"2026-02-22T02:48:47+00:00\",\"mainEntityOfPage\":{\"@id\":\"https:\\\/\\\/ubirataonline.com.br\\\/invatamantul-veterinar-din-republica-moldova-va-fi-modernizat-prin-proiectul-european-eduvet\\\/\"},\"wordCount\":18,\"publisher\":{\"@id\":\"https:\\\/\\\/ubirataonline.com.br\\\/#organization\"},\"image\":{\"@id\":\"https:\\\/\\\/ubirataonline.com.br\\\/invatamantul-veterinar-din-republica-moldova-va-fi-modernizat-prin-proiectul-european-eduvet\\\/#primaryimage\"},\"thumbnailUrl\":\"https:\\\/\\\/ubirataonline.com.br\\\/wp-content\\\/uploads\\\/2026\\\/02\\\/Invatamantul-veterinar-din-Republica-Moldova-va-fi-modernizat-prin-proiectul.jpg\",\"keywords\":[\"Din\",\"EDUVET\",\"European\",\"\u00cenv\u0103\u021b\u0103m\u00e2ntul\",\"modernizat\",\"Moldova\",\"prin\",\"proiectul\",\"Rep\u00fablica\",\"veterinar\"],\"articleSection\":[\"Europe\"],\"inLanguage\":\"en-US\",\"copyrightYear\":\"2026\",\"copyrightHolder\":{\"@id\":\"https:\\\/\\\/ubirataonline.com.br\\\/en\\\/#organization\"}},{\"@type\":\"WebPage\",\"@id\":\"https:\\\/\\\/ubirataonline.com.br\\\/invatamantul-veterinar-din-republica-moldova-va-fi-modernizat-prin-proiectul-european-eduvet\\\/\",\"url\":\"https:\\\/\\\/ubirataonline.com.br\\\/invatamantul-veterinar-din-republica-moldova-va-fi-modernizat-prin-proiectul-european-eduvet\\\/\",\"name\":\"\u00cenv\u0103\u021b\u0103m\u00e2ntul veterinar din Republica Moldova va fi modernizat prin proiectul european EDUVET - Ubirat\u00e3 Online Not\u00edcias - A realidade ao seu alcance!\",\"isPartOf\":{\"@id\":\"https:\\\/\\\/ubirataonline.com.br\\\/#website\"},\"primaryImageOfPage\":{\"@id\":\"https:\\\/\\\/ubirataonline.com.br\\\/invatamantul-veterinar-din-republica-moldova-va-fi-modernizat-prin-proiectul-european-eduvet\\\/#primaryimage\"},\"image\":{\"@id\":\"https:\\\/\\\/ubirataonline.com.br\\\/invatamantul-veterinar-din-republica-moldova-va-fi-modernizat-prin-proiectul-european-eduvet\\\/#primaryimage\"},\"thumbnailUrl\":\"https:\\\/\\\/ubirataonline.com.br\\\/wp-content\\\/uploads\\\/2026\\\/02\\\/Invatamantul-veterinar-din-Republica-Moldova-va-fi-modernizat-prin-proiectul.jpg\",\"datePublished\":\"2026-02-22T02:48:29+00:00\",\"dateModified\":\"2026-02-22T02:48:47+00:00\",\"description\":\"\u00cenv\u0103\u021b\u0103m\u00e2ntul superior veterinar din Republica Moldova urmeaz\u0103 s\u0103 fie modernizat prin implementarea proiectului Erasmus+ KA2 \u201eModernisation of Higher\",\"breadcrumb\":{\"@id\":\"https:\\\/\\\/ubirataonline.com.br\\\/invatamantul-veterinar-din-republica-moldova-va-fi-modernizat-prin-proiectul-european-eduvet\\\/#breadcrumb\"},\"inLanguage\":\"en-US\",\"potentialAction\":[{\"@type\":\"ReadAction\",\"target\":[\"https:\\\/\\\/ubirataonline.com.br\\\/invatamantul-veterinar-din-republica-moldova-va-fi-modernizat-prin-proiectul-european-eduvet\\\/\"]}]},{\"@type\":\"ImageObject\",\"inLanguage\":\"en-US\",\"@id\":\"https:\\\/\\\/ubirataonline.com.br\\\/invatamantul-veterinar-din-republica-moldova-va-fi-modernizat-prin-proiectul-european-eduvet\\\/#primaryimage\",\"url\":\"https:\\\/\\\/ubirataonline.com.br\\\/wp-content\\\/uploads\\\/2026\\\/02\\\/Invatamantul-veterinar-din-Republica-Moldova-va-fi-modernizat-prin-proiectul.jpg\",\"contentUrl\":\"https:\\\/\\\/ubirataonline.com.br\\\/wp-content\\\/uploads\\\/2026\\\/02\\\/Invatamantul-veterinar-din-Republica-Moldova-va-fi-modernizat-prin-proiectul.jpg\",\"width\":1920,\"height\":1281,\"caption\":\"\u00cenv\u0103\u021b\u0103m\u00e2ntul veterinar din Republica Moldova va fi modernizat prin proiectul european EDUVET\"},{\"@type\":\"BreadcrumbList\",\"@id\":\"https:\\\/\\\/ubirataonline.com.br\\\/invatamantul-veterinar-din-republica-moldova-va-fi-modernizat-prin-proiectul-european-eduvet\\\/#breadcrumb\",\"itemListElement\":[{\"@type\":\"ListItem\",\"position\":1,\"name\":\"In\u00edcio\",\"item\":\"https:\\\/\\\/ubirataonline.com.br\\\/\"},{\"@type\":\"ListItem\",\"position\":2,\"name\":\"\u00cenv\u0103\u021b\u0103m\u00e2ntul veterinar din Republica Moldova va fi modernizat prin proiectul european EDUVET\"}]},{\"@type\":\"WebSite\",\"@id\":\"https:\\\/\\\/ubirataonline.com.br\\\/#website\",\"url\":\"https:\\\/\\\/ubirataonline.com.br\\\/\",\"name\":\"Ubirat\u00e3 Online Not\u00edcias\",\"description\":\"Not\u00edcias de Ubirat\u00e3, regi\u00e3o, Brasil e mundo, com informa\u00e7\u00e3o atualizada e compromisso com o leitor.\",\"publisher\":{\"@id\":\"https:\\\/\\\/ubirataonline.com.br\\\/#organization\"},\"alternateName\":\"Ubirat\u00e3 Online\",\"potentialAction\":[{\"@type\":\"SearchAction\",\"target\":{\"@type\":\"EntryPoint\",\"urlTemplate\":\"https:\\\/\\\/ubirataonline.com.br\\\/?s={search_term_string}\"},\"query-input\":{\"@type\":\"PropertyValueSpecification\",\"valueRequired\":true,\"valueName\":\"search_term_string\"}}],\"inLanguage\":\"en-US\"},{\"@type\":[\"Organization\",\"Place\"],\"@id\":\"https:\\\/\\\/ubirataonline.com.br\\\/#organization\",\"name\":\"Ubirat\u00e3 Online Not\u00edcias\",\"alternateName\":\"Ubirat\u00e3 Online\",\"url\":\"https:\\\/\\\/ubirataonline.com.br\\\/\",\"logo\":{\"@id\":\"https:\\\/\\\/ubirataonline.com.br\\\/invatamantul-veterinar-din-republica-moldova-va-fi-modernizat-prin-proiectul-european-eduvet\\\/#local-main-organization-logo\"},\"image\":{\"@id\":\"https:\\\/\\\/ubirataonline.com.br\\\/invatamantul-veterinar-din-republica-moldova-va-fi-modernizat-prin-proiectul-european-eduvet\\\/#local-main-organization-logo\"},\"sameAs\":[\"https:\\\/\\\/www.facebook.com\\\/portalubirataonline\",\"https:\\\/\\\/x.com\\\/ubirataonline\",\"https:\\\/\\\/mastodon.social\\\/@ubirataonline\",\"https:\\\/\\\/www.facebook.com\\\/groups\\\/311144672285604\",\"https:\\\/\\\/www.facebook.com\\\/UBTAOnline\",\"https:\\\/\\\/www.instagram.com\\\/portalubirataonline\\\/\",\"https:\\\/\\\/twitter.com\\\/ubirataonline\"],\"description\":\"Somos um portal de not\u00edcias independente, criado em 5 de janeiro de 2009, com o objetivo de informar, conectar e valorizar a nossa comunidade de Ubirat\u00e3 e toda aregi\u00e3o. Com conte\u00fado atualizado, confi\u00e1vel e relevante, o Ubirat\u00e3 Online \u00e9 o seu espa\u00e7o para ficar por dentro dos principais acontecimentos locais, regionais, Brasil, Mundo e de interesse geral. Nosso compromisso \u00e9 com a verdade, a transpar\u00eancia e o respeito ao leitor.\",\"legalName\":\"UBIRATA ONLINE NOT\u00cdCIAS\",\"foundingDate\":\"2009-01-05\",\"numberOfEmployees\":{\"@type\":\"QuantitativeValue\",\"minValue\":\"1\",\"maxValue\":\"10\"},\"publishingPrinciples\":\"https:\\\/\\\/ubirataonline.com.br\\\/faq\\\/\",\"address\":{\"@id\":\"https:\\\/\\\/ubirataonline.com.br\\\/invatamantul-veterinar-din-republica-moldova-va-fi-modernizat-prin-proiectul-european-eduvet\\\/#local-main-place-address\"},\"geo\":{\"@type\":\"GeoCoordinates\",\"latitude\":\"-24.5361401\",\"longitude\":\"-52.9921776\"},\"telephone\":[\"+5544998308235\"],\"contactPoint\":{\"@type\":\"ContactPoint\",\"email\":\"contato@ubirataonline.com.br\"},\"openingHoursSpecification\":{\"@type\":\"OpeningHoursSpecification\",\"dayOfWeek\":[\"Monday\",\"Tuesday\",\"Wednesday\",\"Thursday\",\"Friday\",\"Saturday\",\"Sunday\"],\"opens\":\"00:00\",\"closes\":\"23:59\"},\"email\":\"contato@ubirataonline.com.br\",\"vatID\":\"47.621.418\\\/0001-80\"},{\"@type\":\"Person\",\"@id\":\"https:\\\/\\\/ubirataonline.com.br\\\/#\\\/schema\\\/person\\\/372f87bbd3fdd79b8556b84c98d0bc1c\",\"name\":\"REDA\u00c7\u00c3O: UBIRAT\u00c3 ONLINE - F\u00c1BIO AUGUSTO CELESTINO\",\"pronouns\":\"Ele\",\"description\":\"Desde 2003 trabalhando com not\u00edcias.\",\"sameAs\":[\"http:\\\/\\\/ubirataoline.com.br\",\"https:\\\/\\\/www.facebook.com\\\/portalubirataonline\",\"https:\\\/\\\/www.instagram.com\\\/ubirataonline_oficial\",\"https:\\\/\\\/x.com\\\/x.com\\\/ubirataonline\"],\"honorificPrefix\":\"Mr.\",\"honorificSuffix\":\"MD\",\"birthDate\":\"1980-06-16\",\"gender\":\"masculino\",\"award\":[\"V\u00e1rios pr\u00eamios de melhor portal da cidade\"],\"jobTitle\":\"Diretor\",\"url\":\"https:\\\/\\\/ubirataonline.com.br\\\/en\\\/author\\\/ubirataonline\\\/\"},{\"@type\":\"PostalAddress\",\"@id\":\"https:\\\/\\\/ubirataonline.com.br\\\/invatamantul-veterinar-din-republica-moldova-va-fi-modernizat-prin-proiectul-european-eduvet\\\/#local-main-place-address\",\"streetAddress\":\"Rua dos Coqueiros, 104 - Bairro Boa Vista, Rua dos Coqueiros, 104 Bairro Boa Vista\",\"addressLocality\":\"UBIRATA\",\"postalCode\":\"85440-000\",\"addressRegion\":\"PR\",\"addressCountry\":\"BR\"},{\"@type\":\"ImageObject\",\"inLanguage\":\"en-US\",\"@id\":\"https:\\\/\\\/ubirataonline.com.br\\\/invatamantul-veterinar-din-republica-moldova-va-fi-modernizat-prin-proiectul-european-eduvet\\\/#local-main-organization-logo\",\"url\":\"https:\\\/\\\/ubirataonline.com.br\\\/wp-content\\\/uploads\\\/2026\\\/06\\\/logoubirataonline-1.webp\",\"contentUrl\":\"https:\\\/\\\/ubirataonline.com.br\\\/wp-content\\\/uploads\\\/2026\\\/06\\\/logoubirataonline-1.webp\",\"width\":500,\"height\":500,\"caption\":\"Ubirat\u00e3 Online Not\u00edcias\"}]}<\/script>\n<meta name=\"geo.placename\" content=\"UBIRATA\" \/>\n<meta name=\"geo.position\" content=\"-24.5361401;-52.9921776\" \/>\n<meta name=\"geo.region\" content=\"Brazil\" \/>\n<!-- \/ Yoast SEO Premium plugin. -->","yoast_head_json":{"title":"\u00cenv\u0103\u021b\u0103m\u00e2ntul veterinar din Republica Moldova va fi modernizat prin proiectul european EDUVET - Ubirat\u00e3 Online Not\u00edcias - A realidade ao seu alcance!","description":"\u00cenv\u0103\u021b\u0103m\u00e2ntul superior veterinar din Republica Moldova urmeaz\u0103 s\u0103 fie modernizat prin implementarea proiectului Erasmus+ KA2 \u201eModernisation of Higher","robots":{"index":"index","follow":"follow","max-snippet":"max-snippet:-1","max-image-preview":"max-image-preview:large","max-video-preview":"max-video-preview:-1"},"canonical":"https:\/\/ubirataonline.com.br\/en\/invatamantul-veterinar-din-republica-moldova-va-fi-modernizat-prin-proiectul-european-eduvet\/","og_locale":"en_US","og_type":"article","og_title":"\u00cenv\u0103\u021b\u0103m\u00e2ntul veterinar din Republica Moldova va fi modernizat prin proiectul european EDUVET","og_description":"\u00cenv\u0103\u021b\u0103m\u00e2ntul superior veterinar din Republica Moldova urmeaz\u0103 s\u0103 fie modernizat prin implementarea proiectului Erasmus+ KA2 \u201eModernisation of Higher","og_url":"https:\/\/ubirataonline.com.br\/en\/invatamantul-veterinar-din-republica-moldova-va-fi-modernizat-prin-proiectul-european-eduvet\/","og_site_name":"Ubirat\u00e3 Online Not\u00edcias - A realidade ao seu alcance!","article_publisher":"https:\/\/www.facebook.com\/portalubirataonline","article_author":"https:\/\/www.facebook.com\/portalubirataonline","article_published_time":"2026-02-22T02:48:29+00:00","article_modified_time":"2026-02-22T02:48:47+00:00","og_image":[{"width":1920,"height":1281,"url":"https:\/\/ubirataonline.com.br\/wp-content\/uploads\/2026\/02\/Invatamantul-veterinar-din-Republica-Moldova-va-fi-modernizat-prin-proiectul.jpg","type":"image\/jpeg"}],"author":"REDA\u00c7\u00c3O: UBIRAT\u00c3 ONLINE - F\u00c1BIO AUGUSTO CELESTINO","twitter_card":"summary_large_image","twitter_creator":"@x.com\/ubirataonline","twitter_site":"@ubirataonline","twitter_misc":{"Written by":"REDA\u00c7\u00c3O: UBIRAT\u00c3 ONLINE - F\u00c1BIO AUGUSTO CELESTINO","Est. reading time":"2 minutes"},"schema":{"@context":"https:\/\/schema.org","@graph":[{"@type":"NewsArticle","@id":"https:\/\/ubirataonline.com.br\/invatamantul-veterinar-din-republica-moldova-va-fi-modernizat-prin-proiectul-european-eduvet\/#article","isPartOf":{"@id":"https:\/\/ubirataonline.com.br\/invatamantul-veterinar-din-republica-moldova-va-fi-modernizat-prin-proiectul-european-eduvet\/"},"author":{"name":"REDA\u00c7\u00c3O: UBIRAT\u00c3 ONLINE - F\u00c1BIO AUGUSTO CELESTINO","@id":"https:\/\/ubirataonline.com.br\/#\/schema\/person\/372f87bbd3fdd79b8556b84c98d0bc1c"},"headline":"\u00cenv\u0103\u021b\u0103m\u00e2ntul veterinar din Republica Moldova va fi modernizat prin proiectul european EDUVET","datePublished":"2026-02-22T02:48:29+00:00","dateModified":"2026-02-22T02:48:47+00:00","mainEntityOfPage":{"@id":"https:\/\/ubirataonline.com.br\/invatamantul-veterinar-din-republica-moldova-va-fi-modernizat-prin-proiectul-european-eduvet\/"},"wordCount":18,"publisher":{"@id":"https:\/\/ubirataonline.com.br\/#organization"},"image":{"@id":"https:\/\/ubirataonline.com.br\/invatamantul-veterinar-din-republica-moldova-va-fi-modernizat-prin-proiectul-european-eduvet\/#primaryimage"},"thumbnailUrl":"https:\/\/ubirataonline.com.br\/wp-content\/uploads\/2026\/02\/Invatamantul-veterinar-din-Republica-Moldova-va-fi-modernizat-prin-proiectul.jpg","keywords":["Din","EDUVET","European","\u00cenv\u0103\u021b\u0103m\u00e2ntul","modernizat","Moldova","prin","proiectul","Rep\u00fablica","veterinar"],"articleSection":["Europe"],"inLanguage":"en-US","copyrightYear":"2026","copyrightHolder":{"@id":"https:\/\/ubirataonline.com.br\/en\/#organization"}},{"@type":"WebPage","@id":"https:\/\/ubirataonline.com.br\/invatamantul-veterinar-din-republica-moldova-va-fi-modernizat-prin-proiectul-european-eduvet\/","url":"https:\/\/ubirataonline.com.br\/invatamantul-veterinar-din-republica-moldova-va-fi-modernizat-prin-proiectul-european-eduvet\/","name":"\u00cenv\u0103\u021b\u0103m\u00e2ntul veterinar din Republica Moldova va fi modernizat prin proiectul european EDUVET - Ubirat\u00e3 Online Not\u00edcias - A realidade ao seu alcance!","isPartOf":{"@id":"https:\/\/ubirataonline.com.br\/#website"},"primaryImageOfPage":{"@id":"https:\/\/ubirataonline.com.br\/invatamantul-veterinar-din-republica-moldova-va-fi-modernizat-prin-proiectul-european-eduvet\/#primaryimage"},"image":{"@id":"https:\/\/ubirataonline.com.br\/invatamantul-veterinar-din-republica-moldova-va-fi-modernizat-prin-proiectul-european-eduvet\/#primaryimage"},"thumbnailUrl":"https:\/\/ubirataonline.com.br\/wp-content\/uploads\/2026\/02\/Invatamantul-veterinar-din-Republica-Moldova-va-fi-modernizat-prin-proiectul.jpg","datePublished":"2026-02-22T02:48:29+00:00","dateModified":"2026-02-22T02:48:47+00:00","description":"\u00cenv\u0103\u021b\u0103m\u00e2ntul superior veterinar din Republica Moldova urmeaz\u0103 s\u0103 fie modernizat prin implementarea proiectului Erasmus+ KA2 \u201eModernisation of Higher","breadcrumb":{"@id":"https:\/\/ubirataonline.com.br\/invatamantul-veterinar-din-republica-moldova-va-fi-modernizat-prin-proiectul-european-eduvet\/#breadcrumb"},"inLanguage":"en-US","potentialAction":[{"@type":"ReadAction","target":["https:\/\/ubirataonline.com.br\/invatamantul-veterinar-din-republica-moldova-va-fi-modernizat-prin-proiectul-european-eduvet\/"]}]},{"@type":"ImageObject","inLanguage":"en-US","@id":"https:\/\/ubirataonline.com.br\/invatamantul-veterinar-din-republica-moldova-va-fi-modernizat-prin-proiectul-european-eduvet\/#primaryimage","url":"https:\/\/ubirataonline.com.br\/wp-content\/uploads\/2026\/02\/Invatamantul-veterinar-din-Republica-Moldova-va-fi-modernizat-prin-proiectul.jpg","contentUrl":"https:\/\/ubirataonline.com.br\/wp-content\/uploads\/2026\/02\/Invatamantul-veterinar-din-Republica-Moldova-va-fi-modernizat-prin-proiectul.jpg","width":1920,"height":1281,"caption":"\u00cenv\u0103\u021b\u0103m\u00e2ntul veterinar din Republica Moldova va fi modernizat prin proiectul european EDUVET"},{"@type":"BreadcrumbList","@id":"https:\/\/ubirataonline.com.br\/invatamantul-veterinar-din-republica-moldova-va-fi-modernizat-prin-proiectul-european-eduvet\/#breadcrumb","itemListElement":[{"@type":"ListItem","position":1,"name":"In\u00edcio","item":"https:\/\/ubirataonline.com.br\/"},{"@type":"ListItem","position":2,"name":"\u00cenv\u0103\u021b\u0103m\u00e2ntul veterinar din Republica Moldova va fi modernizat prin proiectul european EDUVET"}]},{"@type":"WebSite","@id":"https:\/\/ubirataonline.com.br\/#website","url":"https:\/\/ubirataonline.com.br\/","name":"Ubirat\u00e3 Online Not\u00edcias","description":"Not\u00edcias de Ubirat\u00e3, regi\u00e3o, Brasil e mundo, com informa\u00e7\u00e3o atualizada e compromisso com o leitor.","publisher":{"@id":"https:\/\/ubirataonline.com.br\/#organization"},"alternateName":"Ubirat\u00e3 Online","potentialAction":[{"@type":"SearchAction","target":{"@type":"EntryPoint","urlTemplate":"https:\/\/ubirataonline.com.br\/?s={search_term_string}"},"query-input":{"@type":"PropertyValueSpecification","valueRequired":true,"valueName":"search_term_string"}}],"inLanguage":"en-US"},{"@type":["Organization","Place"],"@id":"https:\/\/ubirataonline.com.br\/#organization","name":"Ubirat\u00e3 Online Not\u00edcias","alternateName":"Ubirat\u00e3 Online","url":"https:\/\/ubirataonline.com.br\/","logo":{"@id":"https:\/\/ubirataonline.com.br\/invatamantul-veterinar-din-republica-moldova-va-fi-modernizat-prin-proiectul-european-eduvet\/#local-main-organization-logo"},"image":{"@id":"https:\/\/ubirataonline.com.br\/invatamantul-veterinar-din-republica-moldova-va-fi-modernizat-prin-proiectul-european-eduvet\/#local-main-organization-logo"},"sameAs":["https:\/\/www.facebook.com\/portalubirataonline","https:\/\/x.com\/ubirataonline","https:\/\/mastodon.social\/@ubirataonline","https:\/\/www.facebook.com\/groups\/311144672285604","https:\/\/www.facebook.com\/UBTAOnline","https:\/\/www.instagram.com\/portalubirataonline\/","https:\/\/twitter.com\/ubirataonline"],"description":"Somos um portal de not\u00edcias independente, criado em 5 de janeiro de 2009, com o objetivo de informar, conectar e valorizar a nossa comunidade de Ubirat\u00e3 e toda aregi\u00e3o. Com conte\u00fado atualizado, confi\u00e1vel e relevante, o Ubirat\u00e3 Online \u00e9 o seu espa\u00e7o para ficar por dentro dos principais acontecimentos locais, regionais, Brasil, Mundo e de interesse geral. Nosso compromisso \u00e9 com a verdade, a transpar\u00eancia e o respeito ao leitor.","legalName":"UBIRATA ONLINE NOT\u00cdCIAS","foundingDate":"2009-01-05","numberOfEmployees":{"@type":"QuantitativeValue","minValue":"1","maxValue":"10"},"publishingPrinciples":"https:\/\/ubirataonline.com.br\/faq\/","address":{"@id":"https:\/\/ubirataonline.com.br\/invatamantul-veterinar-din-republica-moldova-va-fi-modernizat-prin-proiectul-european-eduvet\/#local-main-place-address"},"geo":{"@type":"GeoCoordinates","latitude":"-24.5361401","longitude":"-52.9921776"},"telephone":["+5544998308235"],"contactPoint":{"@type":"ContactPoint","email":"contato@ubirataonline.com.br"},"openingHoursSpecification":{"@type":"OpeningHoursSpecification","dayOfWeek":["Monday","Tuesday","Wednesday","Thursday","Friday","Saturday","Sunday"],"opens":"00:00","closes":"23:59"},"email":"contato@ubirataonline.com.br","vatID":"47.621.418\/0001-80"},{"@type":"Person","@id":"https:\/\/ubirataonline.com.br\/#\/schema\/person\/372f87bbd3fdd79b8556b84c98d0bc1c","name":"REDA\u00c7\u00c3O: UBIRAT\u00c3 ONLINE - F\u00c1BIO AUGUSTO CELESTINO","pronouns":"Ele","description":"Desde 2003 trabalhando com not\u00edcias.","sameAs":["http:\/\/ubirataoline.com.br","https:\/\/www.facebook.com\/portalubirataonline","https:\/\/www.instagram.com\/ubirataonline_oficial","https:\/\/x.com\/x.com\/ubirataonline"],"honorificPrefix":"Mr.","honorificSuffix":"MD","birthDate":"1980-06-16","gender":"masculino","award":["V\u00e1rios pr\u00eamios de melhor portal da cidade"],"jobTitle":"Diretor","url":"https:\/\/ubirataonline.com.br\/en\/author\/ubirataonline\/"},{"@type":"PostalAddress","@id":"https:\/\/ubirataonline.com.br\/invatamantul-veterinar-din-republica-moldova-va-fi-modernizat-prin-proiectul-european-eduvet\/#local-main-place-address","streetAddress":"Rua dos Coqueiros, 104 - Bairro Boa Vista, Rua dos Coqueiros, 104 Bairro Boa Vista","addressLocality":"UBIRATA","postalCode":"85440-000","addressRegion":"PR","addressCountry":"BR"},{"@type":"ImageObject","inLanguage":"en-US","@id":"https:\/\/ubirataonline.com.br\/invatamantul-veterinar-din-republica-moldova-va-fi-modernizat-prin-proiectul-european-eduvet\/#local-main-organization-logo","url":"https:\/\/ubirataonline.com.br\/wp-content\/uploads\/2026\/06\/logoubirataonline-1.webp","contentUrl":"https:\/\/ubirataonline.com.br\/wp-content\/uploads\/2026\/06\/logoubirataonline-1.webp","width":500,"height":500,"caption":"Ubirat\u00e3 Online Not\u00edcias"}]},"geo.placename":"UBIRATA","geo.position":{"lat":"-24.5361401","long":"-52.9921776"},"geo.region":"Brazil"},"_links":{"self":[{"href":"https:\/\/ubirataonline.com.br\/en\/wp-json\/wp\/v2\/posts\/89126","targetHints":{"allow":["GET"]}}],"collection":[{"href":"https:\/\/ubirataonline.com.br\/en\/wp-json\/wp\/v2\/posts"}],"about":[{"href":"https:\/\/ubirataonline.com.br\/en\/wp-json\/wp\/v2\/types\/post"}],"author":[{"embeddable":true,"href":"https:\/\/ubirataonline.com.br\/en\/wp-json\/wp\/v2\/users\/1"}],"replies":[{"embeddable":true,"href":"https:\/\/ubirataonline.com.br\/en\/wp-json\/wp\/v2\/comments?post=89126"}],"version-history":[{"count":0,"href":"https:\/\/ubirataonline.com.br\/en\/wp-json\/wp\/v2\/posts\/89126\/revisions"}],"wp:featuredmedia":[{"embeddable":true,"href":"https:\/\/ubirataonline.com.br\/en\/wp-json\/wp\/v2\/media\/89127"}],"wp:attachment":[{"href":"https:\/\/ubirataonline.com.br\/en\/wp-json\/wp\/v2\/media?parent=89126"}],"wp:term":[{"taxonomy":"category","embeddable":true,"href":"https:\/\/ubirataonline.com.br\/en\/wp-json\/wp\/v2\/categories?post=89126"},{"taxonomy":"post_tag","embeddable":true,"href":"https:\/\/ubirataonline.com.br\/en\/wp-json\/wp\/v2\/tags?post=89126"}],"curies":[{"name":"wp","href":"https:\/\/api.w.org\/{rel}","templated":true}]}}