{"id":89205,"date":"2026-02-22T07:21:26","date_gmt":"2026-02-22T10:21:26","guid":{"rendered":"https:\/\/ubirataonline.com.br\/5-coloracoes-que-vao-dominar-os-saloes-em-2026\/"},"modified":"2026-02-22T07:21:33","modified_gmt":"2026-02-22T10:21:33","slug":"5-coloracoes-que-vao-dominar-os-saloes-em-2026","status":"publish","type":"post","link":"https:\/\/ubirataonline.com.br\/en\/5-coloracoes-que-vao-dominar-os-saloes-em-2026\/","title":{"rendered":"5 colora\u00e7\u00f5es que v\u00e3o dominar os sal\u00f5es em 2026"},"content":{"rendered":"<p><\/p>\n<div id=\"post-content\">\n<p>A l\u00f3gica das colora\u00e7\u00f5es muda de forma definitiva em 2026. Sai de cena o efeito marcado, entram bases constru\u00eddas com inten\u00e7\u00e3o, acabamento preciso e uma est\u00e9tica que privilegia unidade visual e eleg\u00e2ncia. \u00c9 o que aponta Jo\u00e3o Bonicke, cabeleireiro do Espa\u00e7o Hi, ao apresentar a Solar Edition Collection 2026, um manifesto t\u00e9cnico e criativo que antecipa as principais dire\u00e7\u00f5es que estar\u00e3o em alta nos sal\u00f5es neste ano.<\/p>\n<p>A nova temporada n\u00e3o nasce da mecha, nasce da cor de fundo. O <strong><a href=\"https:\/\/portaledicase.com\/5-tendencias-de-coloracao-de-cabelo-que-prometem-dominar-2026\/\" target=\"_blank\" rel=\"noreferrer noopener\">cabelo<\/a><\/strong> deixa de ser fragmentado e passa a ser pensado como um todo, com leitura limpa, baixo contraste e acabamento gr\u00e1fico. A seguir, confira as cinco principais tend\u00eancias de colora\u00e7\u00e3o para investir em 2026, j\u00e1 adotadas por celebridades brasileiras e internacionais.<\/p>\n<h2 class=\"wp-block-heading\" id=\"h-1-mocha-clean-o-novo-neutro-de-luxo\">1. <em>Mocha clean<\/em>: o novo neutro de luxo<\/h2>\n<div class=\"wp-block-image\">\n<figure class=\"aligncenter size-large\"><figcaption class=\"wp-element-caption\">O mocha clean traz um marrom uniforme e sofisticado (Imagem: Divulga\u00e7\u00e3o | Espa\u00e7o Hi) <\/figcaption><\/figure>\n<\/p><\/div>\n<p>O <em>mocha clean<\/em> surge como uma base protagonista, rica e uniforme, com fundo quente elegante e apar\u00eancia de cabelo inteiro perfeito. \u00c9 um tom que n\u00e3o grita, mas imp\u00f5e sofistica\u00e7\u00e3o, ideal para quem busca <strong><a href=\"https:\/\/portaledicase.com\/dicas-para-proteger-o-cabelo-do-sol-do-mar-e-do-cloro-no-verao\/\" target=\"_blank\" rel=\"noreferrer noopener\">naturalidade<\/a><\/strong> com impacto visual refinado. Celebridades como Zendaya e Marina Ruy Barbosa j\u00e1 apostam em vers\u00f5es desse marrom limpo e profundo, que valoriza a estrutura do fio e dialoga com diferentes tons de pele.<\/p>\n<div class=\"wp-block-image\">\n<figure class=\"aligncenter size-large\"><img loading=\"lazy\" decoding=\"async\" width=\"1024\" height=\"683\" src=\"https:\/\/portaledicase.com\/wp-content\/uploads\/2026\/02\/solarblond-1024x683.png\" alt=\"Mulher com o cabelo loiro ondulado, usando camiseta preta\" class=\"wp-image-566963\" srcset=\"https:\/\/portaledicase.com\/wp-content\/uploads\/2026\/02\/solarblond-1024x683.png 1024w, https:\/\/portaledicase.com\/wp-content\/uploads\/2026\/02\/solarblond-300x200.png 300w, https:\/\/portaledicase.com\/wp-content\/uploads\/2026\/02\/solarblond-768x512.png 768w, https:\/\/portaledicase.com\/wp-content\/uploads\/2026\/02\/solarblond-640x427.png 640w, https:\/\/portaledicase.com\/wp-content\/uploads\/2026\/02\/solarblond-150x100.png 150w, https:\/\/portaledicase.com\/wp-content\/uploads\/2026\/02\/solarblond.png 1200w\" sizes=\"auto, (max-width: 1024px) 100vw, 1024px\"\/><figcaption class=\"wp-element-caption\">O <em>solar blond <\/em>ilumina com dourado suave e equilibrado (Imagem: Divulga\u00e7\u00e3o | Espa\u00e7o Hi)<\/figcaption><\/figure>\n<\/p><\/div>\n<p>O loiro de 2026 abandona o excesso de contraste e assume uma <strong><a href=\"https:\/\/portaledicase.com\/penteados-com-piranhas-de-cabelo-para-enfrentar-o-verao-com-estilo\/\" target=\"_blank\" rel=\"noreferrer noopener\">est\u00e9tica<\/a><\/strong> solar, com abertura de base estrat\u00e9gica, especialmente nas alturas 7 e 8. O resultado \u00e9 um loiro com dourado limpo, levemente perolado, sem fundo alaranjado ou acinzentado demais. \u00c9 o tipo de colora\u00e7\u00e3o visto atualmente em nomes como Gisele B\u00fcndchen e Jennifer Aniston, em que a luz aparece como acabamento, e n\u00e3o como protagonista isolada.<\/p>\n<h2 class=\"wp-block-heading\" id=\"h-3-bege-couture-elegancia-sem-efeito-manchado\">3. Bege <em>couture<\/em>: eleg\u00e2ncia sem efeito manchado<\/h2>\n<div class=\"wp-block-image\">\n<figure class=\"aligncenter size-large\"><img loading=\"lazy\" decoding=\"async\" width=\"1024\" height=\"683\" src=\"https:\/\/portaledicase.com\/wp-content\/uploads\/2026\/02\/begecouture-1024x683.png\" alt=\"Mulher com o cabelo liso, na altura do ombro em tons de marrom\" class=\"wp-image-566956\" srcset=\"https:\/\/portaledicase.com\/wp-content\/uploads\/2026\/02\/begecouture-1024x683.png 1024w, https:\/\/portaledicase.com\/wp-content\/uploads\/2026\/02\/begecouture-300x200.png 300w, https:\/\/portaledicase.com\/wp-content\/uploads\/2026\/02\/begecouture-768x512.png 768w, https:\/\/portaledicase.com\/wp-content\/uploads\/2026\/02\/begecouture-640x427.png 640w, https:\/\/portaledicase.com\/wp-content\/uploads\/2026\/02\/begecouture-150x100.png 150w, https:\/\/portaledicase.com\/wp-content\/uploads\/2026\/02\/begecouture.png 1200w\" sizes=\"auto, (max-width: 1024px) 100vw, 1024px\"\/><figcaption class=\"wp-element-caption\">O bege <em>couture <\/em>valoriza a base uniforme e refinada (Imagem: Divulga\u00e7\u00e3o | Espa\u00e7o Hi)<\/figcaption><\/figure>\n<\/p><\/div>\n<p>O bege <em>couture <\/em>representa a est\u00e9tica do cabelo chapado, uniforme e extremamente bem <strong><a href=\"https:\/\/portaledicase.com\/cabelos-loiros-no-verao-veja-dicas-para-manter-os-fios-saudaveis-e-bonitos\/\" target=\"_blank\" rel=\"noreferrer noopener\">cuidado<\/a><\/strong>. A base \u00e9 alterada de forma consciente, criando um fundo neutro quente e sofisticado, com leitura limpa e sem varia\u00e7\u00f5es grosseiras. Esse tom j\u00e1 aparece em vers\u00f5es modernas usadas por Hailey Bieber e Bruna Marquezine, refor\u00e7ando a tend\u00eancia de colora\u00e7\u00f5es que parecem naturais, mas s\u00e3o tecnicamente impec\u00e1veis.<\/p>\n<h2 class=\"wp-block-heading\" id=\"h-4-champagne-solido-brilho-discreto-e-continuo\">4. Champagne s\u00f3lido: brilho discreto e cont\u00ednuo<\/h2>\n<div class=\"wp-block-image\">\n<figure class=\"aligncenter size-large\"><img loading=\"lazy\" decoding=\"async\" width=\"1024\" height=\"683\" src=\"https:\/\/portaledicase.com\/wp-content\/uploads\/2026\/02\/champagnesolido-1024x683.png\" alt=\"Mulher com o cabelo longo, ondulado, em tons de loiro usando blazer preto\" class=\"wp-image-566958\" srcset=\"https:\/\/portaledicase.com\/wp-content\/uploads\/2026\/02\/champagnesolido-1024x683.png 1024w, https:\/\/portaledicase.com\/wp-content\/uploads\/2026\/02\/champagnesolido-300x200.png 300w, https:\/\/portaledicase.com\/wp-content\/uploads\/2026\/02\/champagnesolido-768x512.png 768w, https:\/\/portaledicase.com\/wp-content\/uploads\/2026\/02\/champagnesolido-640x427.png 640w, https:\/\/portaledicase.com\/wp-content\/uploads\/2026\/02\/champagnesolido-150x100.png 150w, https:\/\/portaledicase.com\/wp-content\/uploads\/2026\/02\/champagnesolido.png 1200w\" sizes=\"auto, (max-width: 1024px) 100vw, 1024px\"\/><figcaption class=\"wp-element-caption\">O champagne s\u00f3lido entrega brilho cont\u00ednuo e discreto (Imagem: Divulga\u00e7\u00e3o | Espa\u00e7o Hi)<\/figcaption><\/figure>\n<\/p><\/div>\n<p>O champagne s\u00f3lido \u00e9 pensado para quem deseja luminosidade sem exageros. O fundo bege dourado refinado ganha leve perolado, criando um <strong><a href=\"https:\/\/portaledicase.com\/quebra-de-cabelo-veja-as-causas-e-como-recuperar-a-saude-dos-fios\/\" target=\"_blank\" rel=\"noreferrer noopener\">brilho<\/a><\/strong> cont\u00ednuo e elegante. A mecha existe, mas \u00e9 fina, bem desenhada e espa\u00e7ada, clareando no m\u00e1ximo dois a tr\u00eas tons acima da base. \u00c9 uma escolha vista em produ\u00e7\u00f5es recentes de Margot Robbie e Camila Queiroz, em que o cabelo impressiona pela unidade, n\u00e3o pelo contraste.<\/p>\n<h2 class=\"wp-block-heading\" id=\"h-5-soft-bronze-elegante-quente-na-medida-certa\">5. <em>Soft <\/em>bronze elegante: quente na medida certa<\/h2>\n<div class=\"wp-block-image\">\n<figure class=\"aligncenter size-large is-resized\"><img loading=\"lazy\" decoding=\"async\" width=\"1024\" height=\"683\" src=\"https:\/\/portaledicase.com\/wp-content\/uploads\/2026\/02\/softbronzeelegante-1024x683.png\" alt=\"Mulher com cabelo liso loiro, usando blusa preta\" class=\"wp-image-566962\" style=\"width:840px;height:auto\" srcset=\"https:\/\/portaledicase.com\/wp-content\/uploads\/2026\/02\/softbronzeelegante-1024x683.png 1024w, https:\/\/portaledicase.com\/wp-content\/uploads\/2026\/02\/softbronzeelegante-300x200.png 300w, https:\/\/portaledicase.com\/wp-content\/uploads\/2026\/02\/softbronzeelegante-768x512.png 768w, https:\/\/portaledicase.com\/wp-content\/uploads\/2026\/02\/softbronzeelegante-640x427.png 640w, https:\/\/portaledicase.com\/wp-content\/uploads\/2026\/02\/softbronzeelegante-150x100.png 150w, https:\/\/portaledicase.com\/wp-content\/uploads\/2026\/02\/softbronzeelegante.png 1200w\" sizes=\"auto, (max-width: 1024px) 100vw, 1024px\"\/><figcaption class=\"wp-element-caption\">O <em>soft <\/em>bronze elegante aquece na medida certa (Imagem: Divulga\u00e7\u00e3o | Espa\u00e7o Hi)<\/figcaption><\/figure>\n<\/p><\/div>\n<p>O <em>soft <\/em>bronze elegante traz um calor sofisticado, com fundo dourado controlado e apar\u00eancia saud\u00e1vel. A tend\u00eancia evita fundos sem vida e aposta em colora\u00e7\u00f5es que respeitam a estrutura do fio, com <em>gloss <\/em>que refina a base sem apag\u00e1-la. \u00c9 um caminho seguido por Rihanna e Ta\u00eds Ara\u00fajo, mostrando que os tons quentes continuam em alta, desde que <strong><a href=\"https:\/\/portaledicase.com\/cabelo-muda-a-cada-7-anos-entenda-o-mito-e-o-que-altera-os-fios\/\" target=\"_blank\" rel=\"noreferrer noopener\">tratados<\/a><\/strong> com precis\u00e3o e inten\u00e7\u00e3o est\u00e9tica.<\/p>\n<h2 class=\"wp-block-heading\" id=\"h-a-tendencia-por-tras-das-tendencias-nbsp\">A tend\u00eancia por tr\u00e1s das tend\u00eancias\u00a0<\/h2>\n<p>Mais do que cores espec\u00edficas, 2026 consolida uma filosofia: bases protagonistas, baixo contraste, transi\u00e7\u00f5es suaves e uma est\u00e9tica que valoriza o cabelo como um bloco inteiro. As mechas entram como desenho, n\u00e3o como ponto focal. A tonaliza\u00e7\u00e3o deixa de corrigir e passa a refinar, criando unidade visual e sofistica\u00e7\u00e3o silenciosa.<\/p>\n<p>Para Jo\u00e3o Bonicke, o futuro da colora\u00e7\u00e3o est\u00e1 na intelig\u00eancia t\u00e9cnica e na leitura limpa. \u201cA beleza de 2026 \u00e9 aquela que parece simples, mas \u00e9 extremamente pensada. \u00c9 o luxo do detalhe e do equil\u00edbrio\u201d, resume.<\/p>\n<p><em>Por Sarah Carvalho<\/em><\/p>\n<section class=\"virals\">\n<article class=\"cardnews cardnews--post cardnews--has-thumbnail cardnews--editorial-noticias\"> <a href=\"https:\/\/www.tribunapr.com.br\/noticias\/parana\/golpe-do-ipva-engana-profissional-da-tecnologia-no-parana-como-evitar-a-fraude\/?utm_source=noticias-virais-rodape&amp;utm_medium=internal-tribuna&amp;utm_campaign=tribuna\" class=\"cardnews__postlink\"> <\/p>\n<div class=\"cardnews__image\" is-api-thumb=\"\"><img decoding=\"async\" src=\"https:\/\/www.tribunapr.com.br\/wp-content\/uploads\/2026\/02\/06122251\/golpe-ipva-detranpr-370x210.jpeg\" loading=\"lazy\" alt=\"At\u00e9 especialistas ca\u00edram: o detalhe no boleto do IPVA que rouba seu dinheiro\"\/><\/div>\n<div class=\"cardnews__content cardhome__content\">\n<div class=\"cardnews__content-wrapper\">\n<p> <span style=\"\"> Fique atento! <\/span> <\/p>\n<p>At\u00e9 especialistas ca\u00edram: o detalhe no boleto do IPVA que rouba seu dinheiro<\/p>\n<\/p><\/div>\n<\/p><\/div>\n<p> <\/a> <\/article>\n<article class=\"cardnews cardnews--post cardnews--has-thumbnail cardnews--editorial-noticias\"> <a href=\"https:\/\/www.tribunapr.com.br\/noticias\/curitiba-regiao\/litoral-do-parana-passa-a-figurar-entre-os-mais-valorizados-do-pais\/?utm_source=noticias-virais-rodape&amp;utm_medium=internal-tribuna&amp;utm_campaign=tribuna\" class=\"cardnews__postlink\"> <\/p>\n<div class=\"cardnews__image\" is-api-thumb=\"\"><img decoding=\"async\" src=\"https:\/\/www.tribunapr.com.br\/wp-content\/uploads\/2026\/02\/04151141\/matinhos-litoral-370x210.jpg\" loading=\"lazy\" alt=\"Adeus, pre\u00e7os baixos? Esta regi\u00e3o do Paran\u00e1 virou a nova 'mina de ouro'\"\/><\/div>\n<div class=\"cardnews__content cardhome__content\">\n<div class=\"cardnews__content-wrapper\">\n<p> <span style=\"\"> Mercado imobili\u00e1rio <\/span> <\/p>\n<p>Adeus, pre\u00e7os baixos? Esta regi\u00e3o do Paran\u00e1 virou a nova &#8216;mina de ouro&#8217;<\/p>\n<\/p><\/div>\n<\/p><\/div>\n<p> <\/a> <\/article>\n<article class=\"cardnews cardnews--post cardnews--has-thumbnail cardnews--editorial-noticias\"> <a href=\"https:\/\/www.tribunapr.com.br\/blogs\/rango-barateza\/biscoitos-da-vovo-elza-tradicao-que-nasceu-do-afeto-e-conquistou-curitiba\/?utm_source=noticias-virais-rodape&amp;utm_medium=internal-tribuna&amp;utm_campaign=tribuna\" class=\"cardnews__postlink\"> <\/p>\n<div class=\"cardnews__image\" is-api-thumb=\"\"><img decoding=\"async\" src=\"https:\/\/www.tribunapr.com.br\/wp-content\/uploads\/2026\/02\/06135141\/vovo-elza-02-770x440-1-370x210.webp\" loading=\"lazy\" alt=\"O segredo de Curitiba: como uma receita de fam\u00edlia virou um imp\u00e9rio do afeto\"\/><\/div>\n<div class=\"cardnews__content cardhome__content\">\n<div class=\"cardnews__content-wrapper\">\n<p> <span style=\"\"> Rango Barateza! <\/span> <\/p>\n<p>O segredo de Curitiba: como uma receita de fam\u00edlia virou um imp\u00e9rio do afeto<\/p>\n<\/p><\/div>\n<\/p><\/div>\n<p> <\/a> <\/article>\n<\/section>\n<div id=\"tribuna-follow-cta\">\n<p> <span class=\"cta-title\">Siga a <span class=\"tribuna-color\">Tribuna<\/span> no Google, e acompanhe as \u00faltimas not\u00edcias de Curitiba e regi\u00e3o!<\/span> <\/p>\n<p> <a href=\"https:\/\/profile.google.com\/cp\/CgwvZy8xMmxxajUzM3Mac2h0dHBzOi8vd3d3LnRyaWJ1bmFwci5jb20uYnIvdml2YS92aXRyaW5lL2dpZ2FudGUtZG8tdmVzdHVhcmlvLXJlaW5hdWd1cmEtbG9qYS1lbS1zaG9wcGluZy10cmFkaWNpb25hbC1kZS1jdXJpdGliYS8iElRyaWJ1bmEgZG8gUGFyYW7DoSqAAwrHAWh0dHBzOi8vZW5jcnlwdGVkLXRibjIuZ3N0YXRpYy5jb20vZmF2aWNvbi10Ym4_cT10Ym46QU5kOUdjUVJPbjVDRjR6TzJPbkUwTXZrRlRCRTY2U0g1bGlaVDRaZTV3bWNKeU5GRm1BSnluM01nNU9PR3BXY1pYMzZwYU5HUWtsZ09JVEFLTTNNZVNGbTc1aWp6M3k2ajUtQ3M2b25kX2JUcFFQQkVLd3RsUjBsTmJESnUtVHhrNXQtbFlCNlVpOWZSVVFjT2cSswFodHRwczovL2VuY3J5cHRlZC10Ym4zLmdzdGF0aWMuY29tL2Zhdmljb24tdGJuP3E9dGJuJTNBQU5kOUdjU0FMaWJ2eFF0YXdFMFRueVdWWmVKRS1MZEdRZjVTUi1OZ2RMazhyZzIwVy1nM0JuQ1F4VDNKZFBjRXR2THdBeVRxUDJEdHVycEdVR29CQkxpYzM5al9wSmFxRERaMHNCYW05WEVhSGVsMmZTQmdKdlF4WWVyMw\" target=\"_blank\" title=\"Seguir a Tribuna no Google\">  <\/a> <\/div>\n<\/p><\/div>\n<p><a href=\"https:\/\/www.tribunapr.com.br\/variedades\/5-coloracoes-que-vao-dominar-os-saloes-em-2026\/\">Source link <\/a><\/p>","protected":false},"excerpt":{"rendered":"<p>A l\u00f3gica das colora\u00e7\u00f5es muda de forma definitiva em 2026. Sai de cena o efeito marcado, entram bases constru\u00eddas com inten\u00e7\u00e3o, acabamento preciso e uma est\u00e9tica que privilegia unidade visual e eleg\u00e2ncia. \u00c9 o que aponta Jo\u00e3o Bonicke, cabeleireiro do Espa\u00e7o Hi, ao apresentar a Solar Edition Collection 2026, um manifesto t\u00e9cnico e criativo que [&hellip;]<\/p>\n","protected":false},"author":1,"featured_media":89206,"comment_status":"closed","ping_status":"","sticky":false,"template":"","format":"standard","meta":{"googlesitekit_rrm_CAow2JLhCw:productID":"","_gspb_post_css":"","maa_idioma":"","maa_pais":"","footnotes":""},"categories":[1],"tags":[20020,20021,20022,5212],"class_list":["post-89205","post","type-post","status-publish","format-standard","has-post-thumbnail","hentry","category-ubirata","tag-coloracoes","tag-dominar","tag-saloes","tag-vao"],"blocksy_meta":[],"yoast_head":"<!-- This site is optimized with the Yoast SEO Premium plugin v27.6 (Yoast SEO v27.6) - https:\/\/yoast.com\/product\/yoast-seo-premium-wordpress\/ -->\n<title>5 colora\u00e7\u00f5es que v\u00e3o dominar os sal\u00f5es em 2026 - Ubirat\u00e3 Online Not\u00edcias - A realidade ao seu alcance!<\/title>\n<meta name=\"description\" content=\"A l\u00f3gica das colora\u00e7\u00f5es muda de forma definitiva em 2026. Sai de cena o efeito marcado, entram bases constru\u00eddas com inten\u00e7\u00e3o, acabamento preciso e uma\" \/>\n<meta name=\"robots\" content=\"index, follow, max-snippet:-1, max-image-preview:large, max-video-preview:-1\" \/>\n<link rel=\"canonical\" href=\"https:\/\/ubirataonline.com.br\/en\/5-coloracoes-que-vao-dominar-os-saloes-em-2026\/\" \/>\n<meta property=\"og:locale\" content=\"en_US\" \/>\n<meta property=\"og:type\" content=\"article\" \/>\n<meta property=\"og:title\" content=\"5 colora\u00e7\u00f5es que v\u00e3o dominar os sal\u00f5es em 2026\" \/>\n<meta property=\"og:description\" content=\"A l\u00f3gica das colora\u00e7\u00f5es muda de forma definitiva em 2026. Sai de cena o efeito marcado, entram bases constru\u00eddas com inten\u00e7\u00e3o, acabamento preciso e uma\" \/>\n<meta property=\"og:url\" content=\"https:\/\/ubirataonline.com.br\/en\/5-coloracoes-que-vao-dominar-os-saloes-em-2026\/\" \/>\n<meta property=\"og:site_name\" content=\"Ubirat\u00e3 Online Not\u00edcias - A realidade ao seu alcance!\" \/>\n<meta property=\"article:publisher\" content=\"https:\/\/www.facebook.com\/portalubirataonline\" \/>\n<meta property=\"article:author\" content=\"https:\/\/www.facebook.com\/portalubirataonline\" \/>\n<meta property=\"article:published_time\" content=\"2026-02-22T10:21:26+00:00\" \/>\n<meta property=\"article:modified_time\" content=\"2026-02-22T10:21:33+00:00\" \/>\n<meta property=\"og:image\" content=\"https:\/\/ubirataonline.com.br\/wp-content\/uploads\/2026\/02\/5-coloracoes-que-vao-dominar-os-saloes-em-2026.jpg\" \/>\n\t<meta property=\"og:image:width\" content=\"1200\" \/>\n\t<meta property=\"og:image:height\" content=\"800\" \/>\n\t<meta property=\"og:image:type\" content=\"image\/jpeg\" \/>\n<meta name=\"author\" content=\"REDA\u00c7\u00c3O: UBIRAT\u00c3 ONLINE - F\u00c1BIO AUGUSTO CELESTINO\" \/>\n<meta name=\"twitter:card\" content=\"summary_large_image\" \/>\n<meta name=\"twitter:creator\" content=\"@x.com\/ubirataonline\" \/>\n<meta name=\"twitter:site\" content=\"@ubirataonline\" \/>\n<meta name=\"twitter:label1\" content=\"Written by\" \/>\n\t<meta name=\"twitter:data1\" content=\"REDA\u00c7\u00c3O: UBIRAT\u00c3 ONLINE - F\u00c1BIO AUGUSTO CELESTINO\" \/>\n\t<meta name=\"twitter:label2\" content=\"Est. reading time\" \/>\n\t<meta name=\"twitter:data2\" content=\"4 minutes\" \/>\n<script type=\"application\/ld+json\" class=\"yoast-schema-graph\">{\"@context\":\"https:\\\/\\\/schema.org\",\"@graph\":[{\"@type\":\"NewsArticle\",\"@id\":\"https:\\\/\\\/ubirataonline.com.br\\\/5-coloracoes-que-vao-dominar-os-saloes-em-2026\\\/#article\",\"isPartOf\":{\"@id\":\"https:\\\/\\\/ubirataonline.com.br\\\/5-coloracoes-que-vao-dominar-os-saloes-em-2026\\\/\"},\"author\":{\"name\":\"REDA\u00c7\u00c3O: UBIRAT\u00c3 ONLINE - F\u00c1BIO AUGUSTO CELESTINO\",\"@id\":\"https:\\\/\\\/ubirataonline.com.br\\\/#\\\/schema\\\/person\\\/372f87bbd3fdd79b8556b84c98d0bc1c\"},\"headline\":\"5 colora\u00e7\u00f5es que v\u00e3o dominar os sal\u00f5es em 2026\",\"datePublished\":\"2026-02-22T10:21:26+00:00\",\"dateModified\":\"2026-02-22T10:21:33+00:00\",\"mainEntityOfPage\":{\"@id\":\"https:\\\/\\\/ubirataonline.com.br\\\/5-coloracoes-que-vao-dominar-os-saloes-em-2026\\\/\"},\"wordCount\":775,\"publisher\":{\"@id\":\"https:\\\/\\\/ubirataonline.com.br\\\/#organization\"},\"image\":{\"@id\":\"https:\\\/\\\/ubirataonline.com.br\\\/5-coloracoes-que-vao-dominar-os-saloes-em-2026\\\/#primaryimage\"},\"thumbnailUrl\":\"https:\\\/\\\/ubirataonline.com.br\\\/wp-content\\\/uploads\\\/2026\\\/02\\\/5-coloracoes-que-vao-dominar-os-saloes-em-2026.jpg\",\"keywords\":[\"colora\u00e7\u00f5es\",\"dominar\",\"sal\u00f5es\",\"v\u00e3o\"],\"articleSection\":[\"Ubirat\u00e3\"],\"inLanguage\":\"en-US\",\"copyrightYear\":\"2026\",\"copyrightHolder\":{\"@id\":\"https:\\\/\\\/ubirataonline.com.br\\\/en\\\/#organization\"}},{\"@type\":\"WebPage\",\"@id\":\"https:\\\/\\\/ubirataonline.com.br\\\/5-coloracoes-que-vao-dominar-os-saloes-em-2026\\\/\",\"url\":\"https:\\\/\\\/ubirataonline.com.br\\\/5-coloracoes-que-vao-dominar-os-saloes-em-2026\\\/\",\"name\":\"5 colora\u00e7\u00f5es que v\u00e3o dominar os sal\u00f5es em 2026 - Ubirat\u00e3 Online Not\u00edcias - A realidade ao seu alcance!\",\"isPartOf\":{\"@id\":\"https:\\\/\\\/ubirataonline.com.br\\\/#website\"},\"primaryImageOfPage\":{\"@id\":\"https:\\\/\\\/ubirataonline.com.br\\\/5-coloracoes-que-vao-dominar-os-saloes-em-2026\\\/#primaryimage\"},\"image\":{\"@id\":\"https:\\\/\\\/ubirataonline.com.br\\\/5-coloracoes-que-vao-dominar-os-saloes-em-2026\\\/#primaryimage\"},\"thumbnailUrl\":\"https:\\\/\\\/ubirataonline.com.br\\\/wp-content\\\/uploads\\\/2026\\\/02\\\/5-coloracoes-que-vao-dominar-os-saloes-em-2026.jpg\",\"datePublished\":\"2026-02-22T10:21:26+00:00\",\"dateModified\":\"2026-02-22T10:21:33+00:00\",\"description\":\"A l\u00f3gica das colora\u00e7\u00f5es muda de forma definitiva em 2026. Sai de cena o efeito marcado, entram bases constru\u00eddas com inten\u00e7\u00e3o, acabamento preciso e uma\",\"breadcrumb\":{\"@id\":\"https:\\\/\\\/ubirataonline.com.br\\\/5-coloracoes-que-vao-dominar-os-saloes-em-2026\\\/#breadcrumb\"},\"inLanguage\":\"en-US\",\"potentialAction\":[{\"@type\":\"ReadAction\",\"target\":[\"https:\\\/\\\/ubirataonline.com.br\\\/5-coloracoes-que-vao-dominar-os-saloes-em-2026\\\/\"]}]},{\"@type\":\"ImageObject\",\"inLanguage\":\"en-US\",\"@id\":\"https:\\\/\\\/ubirataonline.com.br\\\/5-coloracoes-que-vao-dominar-os-saloes-em-2026\\\/#primaryimage\",\"url\":\"https:\\\/\\\/ubirataonline.com.br\\\/wp-content\\\/uploads\\\/2026\\\/02\\\/5-coloracoes-que-vao-dominar-os-saloes-em-2026.jpg\",\"contentUrl\":\"https:\\\/\\\/ubirataonline.com.br\\\/wp-content\\\/uploads\\\/2026\\\/02\\\/5-coloracoes-que-vao-dominar-os-saloes-em-2026.jpg\",\"width\":1200,\"height\":800,\"caption\":\"A revolu\u00e7\u00e3o das cores em 2026 chega com t\u00e9cnica apurada, transi\u00e7\u00f5es suaves e est\u00e9tica refinada (Imagem: New Africa | Shutterstock)\"},{\"@type\":\"BreadcrumbList\",\"@id\":\"https:\\\/\\\/ubirataonline.com.br\\\/5-coloracoes-que-vao-dominar-os-saloes-em-2026\\\/#breadcrumb\",\"itemListElement\":[{\"@type\":\"ListItem\",\"position\":1,\"name\":\"In\u00edcio\",\"item\":\"https:\\\/\\\/ubirataonline.com.br\\\/\"},{\"@type\":\"ListItem\",\"position\":2,\"name\":\"5 colora\u00e7\u00f5es que v\u00e3o dominar os sal\u00f5es em 2026\"}]},{\"@type\":\"WebSite\",\"@id\":\"https:\\\/\\\/ubirataonline.com.br\\\/#website\",\"url\":\"https:\\\/\\\/ubirataonline.com.br\\\/\",\"name\":\"Ubirat\u00e3 Online Not\u00edcias\",\"description\":\"Not\u00edcias de Ubirat\u00e3, regi\u00e3o, Brasil e mundo, com informa\u00e7\u00e3o atualizada e compromisso com o leitor.\",\"publisher\":{\"@id\":\"https:\\\/\\\/ubirataonline.com.br\\\/#organization\"},\"alternateName\":\"Ubirat\u00e3 Online\",\"potentialAction\":[{\"@type\":\"SearchAction\",\"target\":{\"@type\":\"EntryPoint\",\"urlTemplate\":\"https:\\\/\\\/ubirataonline.com.br\\\/?s={search_term_string}\"},\"query-input\":{\"@type\":\"PropertyValueSpecification\",\"valueRequired\":true,\"valueName\":\"search_term_string\"}}],\"inLanguage\":\"en-US\"},{\"@type\":[\"Organization\",\"Place\"],\"@id\":\"https:\\\/\\\/ubirataonline.com.br\\\/#organization\",\"name\":\"Ubirat\u00e3 Online Not\u00edcias\",\"alternateName\":\"Ubirat\u00e3 Online\",\"url\":\"https:\\\/\\\/ubirataonline.com.br\\\/\",\"logo\":{\"@id\":\"https:\\\/\\\/ubirataonline.com.br\\\/5-coloracoes-que-vao-dominar-os-saloes-em-2026\\\/#local-main-organization-logo\"},\"image\":{\"@id\":\"https:\\\/\\\/ubirataonline.com.br\\\/5-coloracoes-que-vao-dominar-os-saloes-em-2026\\\/#local-main-organization-logo\"},\"sameAs\":[\"https:\\\/\\\/www.facebook.com\\\/portalubirataonline\",\"https:\\\/\\\/x.com\\\/ubirataonline\",\"https:\\\/\\\/mastodon.social\\\/@ubirataonline\",\"https:\\\/\\\/www.facebook.com\\\/groups\\\/311144672285604\",\"https:\\\/\\\/www.facebook.com\\\/UBTAOnline\",\"https:\\\/\\\/www.instagram.com\\\/portalubirataonline\\\/\",\"https:\\\/\\\/twitter.com\\\/ubirataonline\"],\"description\":\"Somos um portal de not\u00edcias independente, criado em 5 de janeiro de 2009, com o objetivo de informar, conectar e valorizar a nossa comunidade de Ubirat\u00e3 e toda aregi\u00e3o. Com conte\u00fado atualizado, confi\u00e1vel e relevante, o Ubirat\u00e3 Online \u00e9 o seu espa\u00e7o para ficar por dentro dos principais acontecimentos locais, regionais, Brasil, Mundo e de interesse geral. Nosso compromisso \u00e9 com a verdade, a transpar\u00eancia e o respeito ao leitor.\",\"legalName\":\"UBIRATA ONLINE NOT\u00cdCIAS\",\"foundingDate\":\"2009-01-05\",\"numberOfEmployees\":{\"@type\":\"QuantitativeValue\",\"minValue\":\"1\",\"maxValue\":\"10\"},\"publishingPrinciples\":\"https:\\\/\\\/ubirataonline.com.br\\\/faq\\\/\",\"address\":{\"@id\":\"https:\\\/\\\/ubirataonline.com.br\\\/5-coloracoes-que-vao-dominar-os-saloes-em-2026\\\/#local-main-place-address\"},\"geo\":{\"@type\":\"GeoCoordinates\",\"latitude\":\"-24.5361401\",\"longitude\":\"-52.9921776\"},\"telephone\":[\"+5544998308235\"],\"contactPoint\":{\"@type\":\"ContactPoint\",\"email\":\"contato@ubirataonline.com.br\"},\"openingHoursSpecification\":{\"@type\":\"OpeningHoursSpecification\",\"dayOfWeek\":[\"Monday\",\"Tuesday\",\"Wednesday\",\"Thursday\",\"Friday\",\"Saturday\",\"Sunday\"],\"opens\":\"00:00\",\"closes\":\"23:59\"},\"email\":\"contato@ubirataonline.com.br\",\"vatID\":\"47.621.418\\\/0001-80\"},{\"@type\":\"Person\",\"@id\":\"https:\\\/\\\/ubirataonline.com.br\\\/#\\\/schema\\\/person\\\/372f87bbd3fdd79b8556b84c98d0bc1c\",\"name\":\"REDA\u00c7\u00c3O: UBIRAT\u00c3 ONLINE - F\u00c1BIO AUGUSTO CELESTINO\",\"pronouns\":\"Ele\",\"description\":\"Desde 2003 trabalhando com not\u00edcias.\",\"sameAs\":[\"http:\\\/\\\/ubirataoline.com.br\",\"https:\\\/\\\/www.facebook.com\\\/portalubirataonline\",\"https:\\\/\\\/www.instagram.com\\\/ubirataonline_oficial\",\"https:\\\/\\\/x.com\\\/x.com\\\/ubirataonline\"],\"honorificPrefix\":\"Mr.\",\"honorificSuffix\":\"MD\",\"birthDate\":\"1980-06-16\",\"gender\":\"masculino\",\"award\":[\"V\u00e1rios pr\u00eamios de melhor portal da cidade\"],\"jobTitle\":\"Diretor\",\"url\":\"https:\\\/\\\/ubirataonline.com.br\\\/en\\\/author\\\/ubirataonline\\\/\"},{\"@type\":\"PostalAddress\",\"@id\":\"https:\\\/\\\/ubirataonline.com.br\\\/5-coloracoes-que-vao-dominar-os-saloes-em-2026\\\/#local-main-place-address\",\"streetAddress\":\"Rua dos Coqueiros, 104 - Bairro Boa Vista, Rua dos Coqueiros, 104 Bairro Boa Vista\",\"addressLocality\":\"UBIRATA\",\"postalCode\":\"85440-000\",\"addressRegion\":\"PR\",\"addressCountry\":\"BR\"},{\"@type\":\"ImageObject\",\"inLanguage\":\"en-US\",\"@id\":\"https:\\\/\\\/ubirataonline.com.br\\\/5-coloracoes-que-vao-dominar-os-saloes-em-2026\\\/#local-main-organization-logo\",\"url\":\"https:\\\/\\\/ubirataonline.com.br\\\/wp-content\\\/uploads\\\/2026\\\/06\\\/logoubirataonline-1.webp\",\"contentUrl\":\"https:\\\/\\\/ubirataonline.com.br\\\/wp-content\\\/uploads\\\/2026\\\/06\\\/logoubirataonline-1.webp\",\"width\":500,\"height\":500,\"caption\":\"Ubirat\u00e3 Online Not\u00edcias\"}]}<\/script>\n<meta name=\"geo.placename\" content=\"UBIRATA\" \/>\n<meta name=\"geo.position\" content=\"-24.5361401;-52.9921776\" \/>\n<meta name=\"geo.region\" content=\"Brazil\" \/>\n<!-- \/ Yoast SEO Premium plugin. -->","yoast_head_json":{"title":"5 colora\u00e7\u00f5es que v\u00e3o dominar os sal\u00f5es em 2026 - Ubirat\u00e3 Online Not\u00edcias - A realidade ao seu alcance!","description":"A l\u00f3gica das colora\u00e7\u00f5es muda de forma definitiva em 2026. Sai de cena o efeito marcado, entram bases constru\u00eddas com inten\u00e7\u00e3o, acabamento preciso e uma","robots":{"index":"index","follow":"follow","max-snippet":"max-snippet:-1","max-image-preview":"max-image-preview:large","max-video-preview":"max-video-preview:-1"},"canonical":"https:\/\/ubirataonline.com.br\/en\/5-coloracoes-que-vao-dominar-os-saloes-em-2026\/","og_locale":"en_US","og_type":"article","og_title":"5 colora\u00e7\u00f5es que v\u00e3o dominar os sal\u00f5es em 2026","og_description":"A l\u00f3gica das colora\u00e7\u00f5es muda de forma definitiva em 2026. Sai de cena o efeito marcado, entram bases constru\u00eddas com inten\u00e7\u00e3o, acabamento preciso e uma","og_url":"https:\/\/ubirataonline.com.br\/en\/5-coloracoes-que-vao-dominar-os-saloes-em-2026\/","og_site_name":"Ubirat\u00e3 Online Not\u00edcias - A realidade ao seu alcance!","article_publisher":"https:\/\/www.facebook.com\/portalubirataonline","article_author":"https:\/\/www.facebook.com\/portalubirataonline","article_published_time":"2026-02-22T10:21:26+00:00","article_modified_time":"2026-02-22T10:21:33+00:00","og_image":[{"width":1200,"height":800,"url":"https:\/\/ubirataonline.com.br\/wp-content\/uploads\/2026\/02\/5-coloracoes-que-vao-dominar-os-saloes-em-2026.jpg","type":"image\/jpeg"}],"author":"REDA\u00c7\u00c3O: UBIRAT\u00c3 ONLINE - F\u00c1BIO AUGUSTO CELESTINO","twitter_card":"summary_large_image","twitter_creator":"@x.com\/ubirataonline","twitter_site":"@ubirataonline","twitter_misc":{"Written by":"REDA\u00c7\u00c3O: UBIRAT\u00c3 ONLINE - F\u00c1BIO AUGUSTO CELESTINO","Est. reading time":"4 minutes"},"schema":{"@context":"https:\/\/schema.org","@graph":[{"@type":"NewsArticle","@id":"https:\/\/ubirataonline.com.br\/5-coloracoes-que-vao-dominar-os-saloes-em-2026\/#article","isPartOf":{"@id":"https:\/\/ubirataonline.com.br\/5-coloracoes-que-vao-dominar-os-saloes-em-2026\/"},"author":{"name":"REDA\u00c7\u00c3O: UBIRAT\u00c3 ONLINE - F\u00c1BIO AUGUSTO CELESTINO","@id":"https:\/\/ubirataonline.com.br\/#\/schema\/person\/372f87bbd3fdd79b8556b84c98d0bc1c"},"headline":"5 colora\u00e7\u00f5es que v\u00e3o dominar os sal\u00f5es em 2026","datePublished":"2026-02-22T10:21:26+00:00","dateModified":"2026-02-22T10:21:33+00:00","mainEntityOfPage":{"@id":"https:\/\/ubirataonline.com.br\/5-coloracoes-que-vao-dominar-os-saloes-em-2026\/"},"wordCount":775,"publisher":{"@id":"https:\/\/ubirataonline.com.br\/#organization"},"image":{"@id":"https:\/\/ubirataonline.com.br\/5-coloracoes-que-vao-dominar-os-saloes-em-2026\/#primaryimage"},"thumbnailUrl":"https:\/\/ubirataonline.com.br\/wp-content\/uploads\/2026\/02\/5-coloracoes-que-vao-dominar-os-saloes-em-2026.jpg","keywords":["colora\u00e7\u00f5es","dominar","sal\u00f5es","v\u00e3o"],"articleSection":["Ubirat\u00e3"],"inLanguage":"en-US","copyrightYear":"2026","copyrightHolder":{"@id":"https:\/\/ubirataonline.com.br\/en\/#organization"}},{"@type":"WebPage","@id":"https:\/\/ubirataonline.com.br\/5-coloracoes-que-vao-dominar-os-saloes-em-2026\/","url":"https:\/\/ubirataonline.com.br\/5-coloracoes-que-vao-dominar-os-saloes-em-2026\/","name":"5 colora\u00e7\u00f5es que v\u00e3o dominar os sal\u00f5es em 2026 - Ubirat\u00e3 Online Not\u00edcias - A realidade ao seu alcance!","isPartOf":{"@id":"https:\/\/ubirataonline.com.br\/#website"},"primaryImageOfPage":{"@id":"https:\/\/ubirataonline.com.br\/5-coloracoes-que-vao-dominar-os-saloes-em-2026\/#primaryimage"},"image":{"@id":"https:\/\/ubirataonline.com.br\/5-coloracoes-que-vao-dominar-os-saloes-em-2026\/#primaryimage"},"thumbnailUrl":"https:\/\/ubirataonline.com.br\/wp-content\/uploads\/2026\/02\/5-coloracoes-que-vao-dominar-os-saloes-em-2026.jpg","datePublished":"2026-02-22T10:21:26+00:00","dateModified":"2026-02-22T10:21:33+00:00","description":"A l\u00f3gica das colora\u00e7\u00f5es muda de forma definitiva em 2026. Sai de cena o efeito marcado, entram bases constru\u00eddas com inten\u00e7\u00e3o, acabamento preciso e uma","breadcrumb":{"@id":"https:\/\/ubirataonline.com.br\/5-coloracoes-que-vao-dominar-os-saloes-em-2026\/#breadcrumb"},"inLanguage":"en-US","potentialAction":[{"@type":"ReadAction","target":["https:\/\/ubirataonline.com.br\/5-coloracoes-que-vao-dominar-os-saloes-em-2026\/"]}]},{"@type":"ImageObject","inLanguage":"en-US","@id":"https:\/\/ubirataonline.com.br\/5-coloracoes-que-vao-dominar-os-saloes-em-2026\/#primaryimage","url":"https:\/\/ubirataonline.com.br\/wp-content\/uploads\/2026\/02\/5-coloracoes-que-vao-dominar-os-saloes-em-2026.jpg","contentUrl":"https:\/\/ubirataonline.com.br\/wp-content\/uploads\/2026\/02\/5-coloracoes-que-vao-dominar-os-saloes-em-2026.jpg","width":1200,"height":800,"caption":"A revolu\u00e7\u00e3o das cores em 2026 chega com t\u00e9cnica apurada, transi\u00e7\u00f5es suaves e est\u00e9tica refinada (Imagem: New Africa | Shutterstock)"},{"@type":"BreadcrumbList","@id":"https:\/\/ubirataonline.com.br\/5-coloracoes-que-vao-dominar-os-saloes-em-2026\/#breadcrumb","itemListElement":[{"@type":"ListItem","position":1,"name":"In\u00edcio","item":"https:\/\/ubirataonline.com.br\/"},{"@type":"ListItem","position":2,"name":"5 colora\u00e7\u00f5es que v\u00e3o dominar os sal\u00f5es em 2026"}]},{"@type":"WebSite","@id":"https:\/\/ubirataonline.com.br\/#website","url":"https:\/\/ubirataonline.com.br\/","name":"Ubirat\u00e3 Online Not\u00edcias","description":"Not\u00edcias de Ubirat\u00e3, regi\u00e3o, Brasil e mundo, com informa\u00e7\u00e3o atualizada e compromisso com o leitor.","publisher":{"@id":"https:\/\/ubirataonline.com.br\/#organization"},"alternateName":"Ubirat\u00e3 Online","potentialAction":[{"@type":"SearchAction","target":{"@type":"EntryPoint","urlTemplate":"https:\/\/ubirataonline.com.br\/?s={search_term_string}"},"query-input":{"@type":"PropertyValueSpecification","valueRequired":true,"valueName":"search_term_string"}}],"inLanguage":"en-US"},{"@type":["Organization","Place"],"@id":"https:\/\/ubirataonline.com.br\/#organization","name":"Ubirat\u00e3 Online Not\u00edcias","alternateName":"Ubirat\u00e3 Online","url":"https:\/\/ubirataonline.com.br\/","logo":{"@id":"https:\/\/ubirataonline.com.br\/5-coloracoes-que-vao-dominar-os-saloes-em-2026\/#local-main-organization-logo"},"image":{"@id":"https:\/\/ubirataonline.com.br\/5-coloracoes-que-vao-dominar-os-saloes-em-2026\/#local-main-organization-logo"},"sameAs":["https:\/\/www.facebook.com\/portalubirataonline","https:\/\/x.com\/ubirataonline","https:\/\/mastodon.social\/@ubirataonline","https:\/\/www.facebook.com\/groups\/311144672285604","https:\/\/www.facebook.com\/UBTAOnline","https:\/\/www.instagram.com\/portalubirataonline\/","https:\/\/twitter.com\/ubirataonline"],"description":"Somos um portal de not\u00edcias independente, criado em 5 de janeiro de 2009, com o objetivo de informar, conectar e valorizar a nossa comunidade de Ubirat\u00e3 e toda aregi\u00e3o. Com conte\u00fado atualizado, confi\u00e1vel e relevante, o Ubirat\u00e3 Online \u00e9 o seu espa\u00e7o para ficar por dentro dos principais acontecimentos locais, regionais, Brasil, Mundo e de interesse geral. Nosso compromisso \u00e9 com a verdade, a transpar\u00eancia e o respeito ao leitor.","legalName":"UBIRATA ONLINE NOT\u00cdCIAS","foundingDate":"2009-01-05","numberOfEmployees":{"@type":"QuantitativeValue","minValue":"1","maxValue":"10"},"publishingPrinciples":"https:\/\/ubirataonline.com.br\/faq\/","address":{"@id":"https:\/\/ubirataonline.com.br\/5-coloracoes-que-vao-dominar-os-saloes-em-2026\/#local-main-place-address"},"geo":{"@type":"GeoCoordinates","latitude":"-24.5361401","longitude":"-52.9921776"},"telephone":["+5544998308235"],"contactPoint":{"@type":"ContactPoint","email":"contato@ubirataonline.com.br"},"openingHoursSpecification":{"@type":"OpeningHoursSpecification","dayOfWeek":["Monday","Tuesday","Wednesday","Thursday","Friday","Saturday","Sunday"],"opens":"00:00","closes":"23:59"},"email":"contato@ubirataonline.com.br","vatID":"47.621.418\/0001-80"},{"@type":"Person","@id":"https:\/\/ubirataonline.com.br\/#\/schema\/person\/372f87bbd3fdd79b8556b84c98d0bc1c","name":"REDA\u00c7\u00c3O: UBIRAT\u00c3 ONLINE - F\u00c1BIO AUGUSTO CELESTINO","pronouns":"Ele","description":"Desde 2003 trabalhando com not\u00edcias.","sameAs":["http:\/\/ubirataoline.com.br","https:\/\/www.facebook.com\/portalubirataonline","https:\/\/www.instagram.com\/ubirataonline_oficial","https:\/\/x.com\/x.com\/ubirataonline"],"honorificPrefix":"Mr.","honorificSuffix":"MD","birthDate":"1980-06-16","gender":"masculino","award":["V\u00e1rios pr\u00eamios de melhor portal da cidade"],"jobTitle":"Diretor","url":"https:\/\/ubirataonline.com.br\/en\/author\/ubirataonline\/"},{"@type":"PostalAddress","@id":"https:\/\/ubirataonline.com.br\/5-coloracoes-que-vao-dominar-os-saloes-em-2026\/#local-main-place-address","streetAddress":"Rua dos Coqueiros, 104 - Bairro Boa Vista, Rua dos Coqueiros, 104 Bairro Boa Vista","addressLocality":"UBIRATA","postalCode":"85440-000","addressRegion":"PR","addressCountry":"BR"},{"@type":"ImageObject","inLanguage":"en-US","@id":"https:\/\/ubirataonline.com.br\/5-coloracoes-que-vao-dominar-os-saloes-em-2026\/#local-main-organization-logo","url":"https:\/\/ubirataonline.com.br\/wp-content\/uploads\/2026\/06\/logoubirataonline-1.webp","contentUrl":"https:\/\/ubirataonline.com.br\/wp-content\/uploads\/2026\/06\/logoubirataonline-1.webp","width":500,"height":500,"caption":"Ubirat\u00e3 Online Not\u00edcias"}]},"geo.placename":"UBIRATA","geo.position":{"lat":"-24.5361401","long":"-52.9921776"},"geo.region":"Brazil"},"_links":{"self":[{"href":"https:\/\/ubirataonline.com.br\/en\/wp-json\/wp\/v2\/posts\/89205","targetHints":{"allow":["GET"]}}],"collection":[{"href":"https:\/\/ubirataonline.com.br\/en\/wp-json\/wp\/v2\/posts"}],"about":[{"href":"https:\/\/ubirataonline.com.br\/en\/wp-json\/wp\/v2\/types\/post"}],"author":[{"embeddable":true,"href":"https:\/\/ubirataonline.com.br\/en\/wp-json\/wp\/v2\/users\/1"}],"replies":[{"embeddable":true,"href":"https:\/\/ubirataonline.com.br\/en\/wp-json\/wp\/v2\/comments?post=89205"}],"version-history":[{"count":0,"href":"https:\/\/ubirataonline.com.br\/en\/wp-json\/wp\/v2\/posts\/89205\/revisions"}],"wp:featuredmedia":[{"embeddable":true,"href":"https:\/\/ubirataonline.com.br\/en\/wp-json\/wp\/v2\/media\/89206"}],"wp:attachment":[{"href":"https:\/\/ubirataonline.com.br\/en\/wp-json\/wp\/v2\/media?parent=89205"}],"wp:term":[{"taxonomy":"category","embeddable":true,"href":"https:\/\/ubirataonline.com.br\/en\/wp-json\/wp\/v2\/categories?post=89205"},{"taxonomy":"post_tag","embeddable":true,"href":"https:\/\/ubirataonline.com.br\/en\/wp-json\/wp\/v2\/tags?post=89205"}],"curies":[{"name":"wp","href":"https:\/\/api.w.org\/{rel}","templated":true}]}}