{"id":89208,"date":"2026-02-22T07:44:28","date_gmt":"2026-02-22T10:44:28","guid":{"rendered":"https:\/\/ubirataonline.com.br\/fas-invadem-perfil-de-william-bonner-apos-estreia-no-globo-reporter-e-disparam-melhor-escolha-da-vida\/"},"modified":"2026-02-22T07:44:34","modified_gmt":"2026-02-22T10:44:34","slug":"fas-invadem-perfil-de-william-bonner-apos-estreia-no-globo-reporter-e-disparam-melhor-escolha-da-vida","status":"publish","type":"post","link":"https:\/\/ubirataonline.com.br\/en\/fas-invadem-perfil-de-william-bonner-apos-estreia-no-globo-reporter-e-disparam-melhor-escolha-da-vida\/","title":{"rendered":"F\u00e3s &#8216;invadem&#8217; perfil de William Bonner ap\u00f3s estreia no &#8216;Globo Rep\u00f3rter&#8217; e disparam: &#8216;Melhor escolha da vida&#8217;"},"content":{"rendered":"<p><\/p>\n<div data-block-type=\"unstyled\" data-block-weight=\"69\">\n<p class=\"content-text__container theme-color-primary-first-letter\" data-track-category=\"Link no Texto\" data-track-links=\"\"> A estreia de <strong>William Bonner<\/strong> no comando do &#8220;Globo Rep\u00f3rter&#8221;, na sexta-feira (20), movimentou a web e transformou o nome do jornalista em um dos assuntos mais comentados da noite. Depois de 29 anos \u00e0 frente do &#8220;Jornal Nacional&#8221;, o apresentador inicia uma nova fase na carreira ao lado de Sandra Annenberg, em um dos programas mais tradicionais da televis\u00e3o brasileira, e a repercuss\u00e3o nas redes sociais foi imediata. <\/p>\n<\/p><\/div>\n<div>\n<div class=\"mc-column content-text active-extra-styles\" data-block-type=\"raw\" data-block-weight=\"29\">\n<ul class=\"content-unordered-list\">\n<li><strong>Veja: <\/strong><a class=\"\" href=\"https:\/\/oglobo.globo.com\/ela\/noticia\/2026\/02\/20\/ana-castela-encanta-na-estreia-como-atriz-e-ganha-convite-especial-de-amora-mautner.ghtml\"><strong>Ana Castela encanta na estreia como atriz e ganha convite especial de Amora Mautner<\/strong><\/a><\/li>\n<li><strong>Joias dentais: <\/strong><a class=\"\" href=\"https:\/\/oglobo.globo.com\/ela\/noticia\/2026\/02\/21\/joias-dentais-veja-cuidados-essenciais-apos-virginia-fonseca-viralizar-com-homenagem-a-vini-jr.ghtml\"><strong>veja cuidados essenciais ap\u00f3s Virg\u00ednia Fonseca viralizar com homenagem a Vini Jr.<\/strong><\/a><\/li>\n<\/ul><\/div>\n<div class=\"mc-column content-text active-extra-styles\" data-block-type=\"unstyled\" data-block-weight=\"39\">\n<p class=\"content-text__container\" data-track-category=\"Link no Texto\" data-track-links=\"\"> Coube \u00e0 pr\u00f3pria Sandra dar o tom da mudan\u00e7a. Em uma publica\u00e7\u00e3o carinhosa, a apresentadora celebrou a chegada do amigo de d\u00e9cadas e dividiu com os seguidores a emo\u00e7\u00e3o de dividir o est\u00fadio com Bonner neste novo cap\u00edtulo profissional. <\/p>\n<\/p><\/div>\n<div class=\"mc-column content-text active-extra-styles\" data-block-type=\"unstyled\" data-block-weight=\"82\">\n<p class=\"content-text__container\" data-track-category=\"Link no Texto\" data-track-links=\"\"> &#8220;Caro amigo, hoje come\u00e7a uma nova fase na sua vida e na de todos n\u00f3s. A partir de agora, partimos juntos por uma nova estrada, prontos para descobrir novidades pelo mundo&#8221;, come\u00e7a Sandra. &#8220;Todos mudamos o tempo todo, mas h\u00e1 momentos em que a mudan\u00e7a transforma completamente o caminho, e \u00e9 muito bom seguir ao lado de quem gostamos e confiamos. Conte comigo! A sua vinda para o Globo Rep\u00f3rter \u00e9 um presente que j\u00e1 mudou o nosso futuro&#8221;, completou a jornalista. <\/p>\n<\/p><\/div>\n<div class=\"mc-column content-text active-extra-styles\" data-block-type=\"unstyled\" data-block-weight=\"53\">\n<p class=\"content-text__container\" data-track-category=\"Link no Texto\" data-track-links=\"\"> A mensagem logo mobilizou f\u00e3s e colegas da \u00e1rea. William, por sua vez, respondeu \u00e0 altura, mantendo o clima afetuoso que marcou a troca p\u00fablica entre os dois. &#8220;Explos\u00e3o de fofura nas palavras carinhosas de uma amiga de d\u00e9cadas. Que as nossas risadas continuem ecoando pelos cantos da firma! Obrigado pela acolhida&#8221;, escreveu. <\/p>\n<\/p><\/div>\n<div class=\"row medium-uncollapsed content-media content-photo\" data-block-type=\"backstage-photo\">\n<div class=\"mc-column content-media__container\">\n<div class=\"content-media-container\">\n<figure class=\"content-media__figure\"><figcaption class=\"content-media__description\"> William Bonner e Sandra Annenberg \u2014 Foto: Reprodu\u00e7\u00e3o Instagram <\/figcaption><\/figure>\n<\/p><\/div>\n<\/p><\/div>\n<\/p><\/div>\n<div class=\"mc-column content-text active-extra-styles\" data-block-type=\"unstyled\" data-block-weight=\"46\">\n<p class=\"content-text__container\" data-track-category=\"Link no Texto\" data-track-links=\"\"> Nos coment\u00e1rios e tamb\u00e9m no perfil de Bonner no Instagram, internautas celebraram a nova dupla e aprovaram a proposta da atra\u00e7\u00e3o. Muitos destacaram a leveza da apresenta\u00e7\u00e3o e a sintonia entre os jornalistas. &#8220;Estou adorando esse novo formato! Ficou leve! Para mim est\u00e1 aprovado&#8221;, escreveu uma <\/p>\n<\/p><\/div>\n<div class=\"mc-column content-text active-extra-styles\" data-block-type=\"unstyled\" data-block-weight=\"53\">\n<p class=\"content-text__container\" data-track-category=\"Link no Texto\" data-track-links=\"\"> Outra seguidora celebrou a escolha da emissora e relembrou nomes hist\u00f3ricos que passaram pela atra\u00e7\u00e3o: &#8220;Melhor escolha da vida! A Globo mandou mega bem! Nada melhor do que essa dupla estupenda para apresentar esse cl\u00e1ssico e querido programa! S\u00e9rgio, Gloria Maria, Sandra e agora Willian fazendo dupla com nossa maravilhosa Sandra! Que dupla!&#8221;. <\/p>\n<\/p><\/div>\n<div class=\"mc-column content-text active-extra-styles\" data-block-type=\"unstyled\" data-block-weight=\"45\">\n<p class=\"content-text__container\" data-track-category=\"Link no Texto\" data-track-links=\"\"> Tamb\u00e9m houve quem destacasse a renova\u00e7\u00e3o est\u00e9tica do programa: &#8220;O programa j\u00e1 tinha uma leveza na apresenta\u00e7\u00e3o com a Sandra \u00e0 frente, agora com um cen\u00e1rio completamente novo como se estiv\u00e9ssemos em casa, e com o Bonner apresentando, voc\u00eas foram incr\u00edveis. @globoreporter est\u00e3o de parab\u00e9ns&#8221;. <\/p>\n<\/p><\/div>\n<div data-track-category=\"multicontent\" data-track-action=\"ultimo chunk conteudo\" data-track-noninteraction=\"false\" data-track-scroll=\"view\">\n<div class=\"mc-column content-text active-extra-styles\" data-block-type=\"unstyled\" data-block-weight=\"42\">\n<p class=\"content-text__container\" data-track-category=\"Link no Texto\" data-track-links=\"\"> A estreia, ali\u00e1s, mobilizou quem fez quest\u00e3o de acompanhar o primeiro dia da nova parceria. &#8220;Hoje eu n\u00e3o deixei de assistir \u00e0 estreia do William Bonner fazendo dupla com Sandra Annenberg no Globo Rep\u00f3rter&#8221;, relatou uma. &#8220;Voc\u00eas dois s\u00e3o maravilhosos&#8221;, resumiu outra. <\/p>\n<\/p><\/div>\n<\/p><\/div>\n<\/p><\/div>\n<p><a href=\"https:\/\/oglobo.globo.com\/ela\/noticia\/2026\/02\/21\/fas-invadem-perfil-de-william-bonner-apos-estreia-no-globo-reporter-e-disparam-melhor-escolha-da-vida.ghtml\">Source link <\/a><\/p>","protected":false},"excerpt":{"rendered":"<p>A estreia de William Bonner no comando do &#8220;Globo Rep\u00f3rter&#8221;, na sexta-feira (20), movimentou a web e transformou o nome do jornalista em um dos assuntos mais comentados da noite. Depois de 29 anos \u00e0 frente do &#8220;Jornal Nacional&#8221;, o apresentador inicia uma nova fase na carreira ao lado de Sandra Annenberg, em um dos [&hellip;]<\/p>\n","protected":false},"author":1,"featured_media":89209,"comment_status":"closed","ping_status":"","sticky":false,"template":"","format":"standard","meta":{"googlesitekit_rrm_CAow2JLhCw:productID":"","_gspb_post_css":"","maa_idioma":"","maa_pais":"","footnotes":""},"categories":[4],"tags":[3140,20024,18288,11432,3613,7341,3614,20023,4401,3111,20025,1704,2959],"class_list":["post-89208","post","type-post","status-publish","format-standard","has-post-thumbnail","hentry","category-brasil","tag-apos","tag-bonner","tag-disparam","tag-escolha","tag-estreia","tag-fas","tag-globo","tag-invadem","tag-melhor","tag-perfil","tag-reporter","tag-vida","tag-william"],"blocksy_meta":[],"yoast_head":"<!-- This site is optimized with the Yoast SEO Premium plugin v27.6 (Yoast SEO v27.6) - https:\/\/yoast.com\/product\/yoast-seo-premium-wordpress\/ -->\n<title>F\u00e3s &#039;invadem&#039; perfil de William Bonner ap\u00f3s estreia no &#039;Globo Rep\u00f3rter&#039; e disparam: &#039;Melhor escolha da vida&#039; - Ubirat\u00e3 Online Not\u00edcias - A realidade ao seu alcance!<\/title>\n<meta name=\"description\" content=\"A estreia de William Bonner no comando do &quot;Globo Rep\u00f3rter&quot;, na sexta-feira (20), movimentou a web e transformou o nome do jornalista em um dos assuntos\" \/>\n<meta name=\"robots\" content=\"index, follow, max-snippet:-1, max-image-preview:large, max-video-preview:-1\" \/>\n<link rel=\"canonical\" href=\"https:\/\/ubirataonline.com.br\/en\/fas-invadem-perfil-de-william-bonner-apos-estreia-no-globo-reporter-e-disparam-melhor-escolha-da-vida\/\" \/>\n<meta property=\"og:locale\" content=\"en_US\" \/>\n<meta property=\"og:type\" content=\"article\" \/>\n<meta property=\"og:title\" content=\"F\u00e3s &#039;invadem&#039; perfil de William Bonner ap\u00f3s estreia no &#039;Globo Rep\u00f3rter&#039; e disparam: &#039;Melhor escolha da vida&#039;\" \/>\n<meta property=\"og:description\" content=\"A estreia de William Bonner no comando do &quot;Globo Rep\u00f3rter&quot;, na sexta-feira (20), movimentou a web e transformou o nome do jornalista em um dos assuntos\" \/>\n<meta property=\"og:url\" content=\"https:\/\/ubirataonline.com.br\/en\/fas-invadem-perfil-de-william-bonner-apos-estreia-no-globo-reporter-e-disparam-melhor-escolha-da-vida\/\" \/>\n<meta property=\"og:site_name\" content=\"Ubirat\u00e3 Online Not\u00edcias - A realidade ao seu alcance!\" \/>\n<meta property=\"article:publisher\" content=\"https:\/\/www.facebook.com\/portalubirataonline\" \/>\n<meta property=\"article:author\" content=\"https:\/\/www.facebook.com\/portalubirataonline\" \/>\n<meta property=\"article:published_time\" content=\"2026-02-22T10:44:28+00:00\" \/>\n<meta property=\"article:modified_time\" content=\"2026-02-22T10:44:34+00:00\" \/>\n<meta property=\"og:image\" content=\"https:\/\/ubirataonline.com.br\/wp-content\/uploads\/2026\/02\/Fas-invadem-perfil-de-William-Bonner-apos-estreia-no-Globo.jpg\" \/>\n\t<meta property=\"og:image:width\" content=\"1800\" \/>\n\t<meta property=\"og:image:height\" content=\"1013\" \/>\n\t<meta property=\"og:image:type\" content=\"image\/jpeg\" \/>\n<meta name=\"author\" content=\"REDA\u00c7\u00c3O: UBIRAT\u00c3 ONLINE - F\u00c1BIO AUGUSTO CELESTINO\" \/>\n<meta name=\"twitter:card\" content=\"summary_large_image\" \/>\n<meta name=\"twitter:creator\" content=\"@x.com\/ubirataonline\" \/>\n<meta name=\"twitter:site\" content=\"@ubirataonline\" \/>\n<meta name=\"twitter:label1\" content=\"Written by\" \/>\n\t<meta name=\"twitter:data1\" content=\"REDA\u00c7\u00c3O: UBIRAT\u00c3 ONLINE - F\u00c1BIO AUGUSTO CELESTINO\" \/>\n\t<meta name=\"twitter:label2\" content=\"Est. reading time\" \/>\n\t<meta name=\"twitter:data2\" content=\"3 minutes\" \/>\n<script type=\"application\/ld+json\" class=\"yoast-schema-graph\">{\"@context\":\"https:\\\/\\\/schema.org\",\"@graph\":[{\"@type\":\"NewsArticle\",\"@id\":\"https:\\\/\\\/ubirataonline.com.br\\\/fas-invadem-perfil-de-william-bonner-apos-estreia-no-globo-reporter-e-disparam-melhor-escolha-da-vida\\\/#article\",\"isPartOf\":{\"@id\":\"https:\\\/\\\/ubirataonline.com.br\\\/fas-invadem-perfil-de-william-bonner-apos-estreia-no-globo-reporter-e-disparam-melhor-escolha-da-vida\\\/\"},\"author\":{\"name\":\"REDA\u00c7\u00c3O: UBIRAT\u00c3 ONLINE - F\u00c1BIO AUGUSTO CELESTINO\",\"@id\":\"https:\\\/\\\/ubirataonline.com.br\\\/#\\\/schema\\\/person\\\/372f87bbd3fdd79b8556b84c98d0bc1c\"},\"headline\":\"F\u00e3s &#8216;invadem&#8217; perfil de William Bonner ap\u00f3s estreia no &#8216;Globo Rep\u00f3rter&#8217; e disparam: &#8216;Melhor escolha da vida&#8217;\",\"datePublished\":\"2026-02-22T10:44:28+00:00\",\"dateModified\":\"2026-02-22T10:44:34+00:00\",\"mainEntityOfPage\":{\"@id\":\"https:\\\/\\\/ubirataonline.com.br\\\/fas-invadem-perfil-de-william-bonner-apos-estreia-no-globo-reporter-e-disparam-melhor-escolha-da-vida\\\/\"},\"wordCount\":525,\"publisher\":{\"@id\":\"https:\\\/\\\/ubirataonline.com.br\\\/#organization\"},\"image\":{\"@id\":\"https:\\\/\\\/ubirataonline.com.br\\\/fas-invadem-perfil-de-william-bonner-apos-estreia-no-globo-reporter-e-disparam-melhor-escolha-da-vida\\\/#primaryimage\"},\"thumbnailUrl\":\"https:\\\/\\\/ubirataonline.com.br\\\/wp-content\\\/uploads\\\/2026\\\/02\\\/Fas-invadem-perfil-de-William-Bonner-apos-estreia-no-Globo.jpg\",\"keywords\":[\"ap\u00f3s\",\"Bonner\",\"disparam\",\"escolha\",\"estreia\",\"F\u00e3s\",\"Globo\",\"invadem\",\"melhor\",\"perfil\",\"Rep\u00f3rter\",\"VIDA\",\"William\"],\"articleSection\":[\"Brasil\"],\"inLanguage\":\"en-US\",\"copyrightYear\":\"2026\",\"copyrightHolder\":{\"@id\":\"https:\\\/\\\/ubirataonline.com.br\\\/en\\\/#organization\"}},{\"@type\":\"WebPage\",\"@id\":\"https:\\\/\\\/ubirataonline.com.br\\\/fas-invadem-perfil-de-william-bonner-apos-estreia-no-globo-reporter-e-disparam-melhor-escolha-da-vida\\\/\",\"url\":\"https:\\\/\\\/ubirataonline.com.br\\\/fas-invadem-perfil-de-william-bonner-apos-estreia-no-globo-reporter-e-disparam-melhor-escolha-da-vida\\\/\",\"name\":\"F\u00e3s 'invadem' perfil de William Bonner ap\u00f3s estreia no 'Globo Rep\u00f3rter' e disparam: 'Melhor escolha da vida' - Ubirat\u00e3 Online Not\u00edcias - A realidade ao seu alcance!\",\"isPartOf\":{\"@id\":\"https:\\\/\\\/ubirataonline.com.br\\\/#website\"},\"primaryImageOfPage\":{\"@id\":\"https:\\\/\\\/ubirataonline.com.br\\\/fas-invadem-perfil-de-william-bonner-apos-estreia-no-globo-reporter-e-disparam-melhor-escolha-da-vida\\\/#primaryimage\"},\"image\":{\"@id\":\"https:\\\/\\\/ubirataonline.com.br\\\/fas-invadem-perfil-de-william-bonner-apos-estreia-no-globo-reporter-e-disparam-melhor-escolha-da-vida\\\/#primaryimage\"},\"thumbnailUrl\":\"https:\\\/\\\/ubirataonline.com.br\\\/wp-content\\\/uploads\\\/2026\\\/02\\\/Fas-invadem-perfil-de-William-Bonner-apos-estreia-no-Globo.jpg\",\"datePublished\":\"2026-02-22T10:44:28+00:00\",\"dateModified\":\"2026-02-22T10:44:34+00:00\",\"description\":\"A estreia de William Bonner no comando do \\\"Globo Rep\u00f3rter\\\", na sexta-feira (20), movimentou a web e transformou o nome do jornalista em um dos assuntos\",\"breadcrumb\":{\"@id\":\"https:\\\/\\\/ubirataonline.com.br\\\/fas-invadem-perfil-de-william-bonner-apos-estreia-no-globo-reporter-e-disparam-melhor-escolha-da-vida\\\/#breadcrumb\"},\"inLanguage\":\"en-US\",\"potentialAction\":[{\"@type\":\"ReadAction\",\"target\":[\"https:\\\/\\\/ubirataonline.com.br\\\/fas-invadem-perfil-de-william-bonner-apos-estreia-no-globo-reporter-e-disparam-melhor-escolha-da-vida\\\/\"]}]},{\"@type\":\"ImageObject\",\"inLanguage\":\"en-US\",\"@id\":\"https:\\\/\\\/ubirataonline.com.br\\\/fas-invadem-perfil-de-william-bonner-apos-estreia-no-globo-reporter-e-disparam-melhor-escolha-da-vida\\\/#primaryimage\",\"url\":\"https:\\\/\\\/ubirataonline.com.br\\\/wp-content\\\/uploads\\\/2026\\\/02\\\/Fas-invadem-perfil-de-William-Bonner-apos-estreia-no-Globo.jpg\",\"contentUrl\":\"https:\\\/\\\/ubirataonline.com.br\\\/wp-content\\\/uploads\\\/2026\\\/02\\\/Fas-invadem-perfil-de-William-Bonner-apos-estreia-no-Globo.jpg\",\"width\":1800,\"height\":1013,\"caption\":\"William Bonner estreia no 'Globo Rep\u00f3rter' e recebe enxurrada de mensagens \u2014 Foto: Reprodu\u00e7\u00e3o Instagram\"},{\"@type\":\"BreadcrumbList\",\"@id\":\"https:\\\/\\\/ubirataonline.com.br\\\/fas-invadem-perfil-de-william-bonner-apos-estreia-no-globo-reporter-e-disparam-melhor-escolha-da-vida\\\/#breadcrumb\",\"itemListElement\":[{\"@type\":\"ListItem\",\"position\":1,\"name\":\"In\u00edcio\",\"item\":\"https:\\\/\\\/ubirataonline.com.br\\\/\"},{\"@type\":\"ListItem\",\"position\":2,\"name\":\"F\u00e3s &#8216;invadem&#8217; perfil de William Bonner ap\u00f3s estreia no &#8216;Globo Rep\u00f3rter&#8217; e disparam: &#8216;Melhor escolha da vida&#8217;\"}]},{\"@type\":\"WebSite\",\"@id\":\"https:\\\/\\\/ubirataonline.com.br\\\/#website\",\"url\":\"https:\\\/\\\/ubirataonline.com.br\\\/\",\"name\":\"Ubirat\u00e3 Online Not\u00edcias\",\"description\":\"Not\u00edcias de Ubirat\u00e3, regi\u00e3o, Brasil e mundo, com informa\u00e7\u00e3o atualizada e compromisso com o leitor.\",\"publisher\":{\"@id\":\"https:\\\/\\\/ubirataonline.com.br\\\/#organization\"},\"alternateName\":\"Ubirat\u00e3 Online\",\"potentialAction\":[{\"@type\":\"SearchAction\",\"target\":{\"@type\":\"EntryPoint\",\"urlTemplate\":\"https:\\\/\\\/ubirataonline.com.br\\\/?s={search_term_string}\"},\"query-input\":{\"@type\":\"PropertyValueSpecification\",\"valueRequired\":true,\"valueName\":\"search_term_string\"}}],\"inLanguage\":\"en-US\"},{\"@type\":[\"Organization\",\"Place\"],\"@id\":\"https:\\\/\\\/ubirataonline.com.br\\\/#organization\",\"name\":\"Ubirat\u00e3 Online Not\u00edcias\",\"alternateName\":\"Ubirat\u00e3 Online\",\"url\":\"https:\\\/\\\/ubirataonline.com.br\\\/\",\"logo\":{\"@id\":\"https:\\\/\\\/ubirataonline.com.br\\\/fas-invadem-perfil-de-william-bonner-apos-estreia-no-globo-reporter-e-disparam-melhor-escolha-da-vida\\\/#local-main-organization-logo\"},\"image\":{\"@id\":\"https:\\\/\\\/ubirataonline.com.br\\\/fas-invadem-perfil-de-william-bonner-apos-estreia-no-globo-reporter-e-disparam-melhor-escolha-da-vida\\\/#local-main-organization-logo\"},\"sameAs\":[\"https:\\\/\\\/www.facebook.com\\\/portalubirataonline\",\"https:\\\/\\\/x.com\\\/ubirataonline\",\"https:\\\/\\\/mastodon.social\\\/@ubirataonline\",\"https:\\\/\\\/www.facebook.com\\\/groups\\\/311144672285604\",\"https:\\\/\\\/www.facebook.com\\\/UBTAOnline\",\"https:\\\/\\\/www.instagram.com\\\/portalubirataonline\\\/\",\"https:\\\/\\\/twitter.com\\\/ubirataonline\"],\"description\":\"Somos um portal de not\u00edcias independente, criado em 5 de janeiro de 2009, com o objetivo de informar, conectar e valorizar a nossa comunidade de Ubirat\u00e3 e toda aregi\u00e3o. Com conte\u00fado atualizado, confi\u00e1vel e relevante, o Ubirat\u00e3 Online \u00e9 o seu espa\u00e7o para ficar por dentro dos principais acontecimentos locais, regionais, Brasil, Mundo e de interesse geral. Nosso compromisso \u00e9 com a verdade, a transpar\u00eancia e o respeito ao leitor.\",\"legalName\":\"UBIRATA ONLINE NOT\u00cdCIAS\",\"foundingDate\":\"2009-01-05\",\"numberOfEmployees\":{\"@type\":\"QuantitativeValue\",\"minValue\":\"1\",\"maxValue\":\"10\"},\"publishingPrinciples\":\"https:\\\/\\\/ubirataonline.com.br\\\/faq\\\/\",\"address\":{\"@id\":\"https:\\\/\\\/ubirataonline.com.br\\\/fas-invadem-perfil-de-william-bonner-apos-estreia-no-globo-reporter-e-disparam-melhor-escolha-da-vida\\\/#local-main-place-address\"},\"geo\":{\"@type\":\"GeoCoordinates\",\"latitude\":\"-24.5361401\",\"longitude\":\"-52.9921776\"},\"telephone\":[\"+5544998308235\"],\"contactPoint\":{\"@type\":\"ContactPoint\",\"email\":\"contato@ubirataonline.com.br\"},\"openingHoursSpecification\":{\"@type\":\"OpeningHoursSpecification\",\"dayOfWeek\":[\"Monday\",\"Tuesday\",\"Wednesday\",\"Thursday\",\"Friday\",\"Saturday\",\"Sunday\"],\"opens\":\"00:00\",\"closes\":\"23:59\"},\"email\":\"contato@ubirataonline.com.br\",\"vatID\":\"47.621.418\\\/0001-80\"},{\"@type\":\"Person\",\"@id\":\"https:\\\/\\\/ubirataonline.com.br\\\/#\\\/schema\\\/person\\\/372f87bbd3fdd79b8556b84c98d0bc1c\",\"name\":\"REDA\u00c7\u00c3O: UBIRAT\u00c3 ONLINE - F\u00c1BIO AUGUSTO CELESTINO\",\"pronouns\":\"Ele\",\"description\":\"Desde 2003 trabalhando com not\u00edcias.\",\"sameAs\":[\"http:\\\/\\\/ubirataoline.com.br\",\"https:\\\/\\\/www.facebook.com\\\/portalubirataonline\",\"https:\\\/\\\/www.instagram.com\\\/ubirataonline_oficial\",\"https:\\\/\\\/x.com\\\/x.com\\\/ubirataonline\"],\"honorificPrefix\":\"Mr.\",\"honorificSuffix\":\"MD\",\"birthDate\":\"1980-06-16\",\"gender\":\"masculino\",\"award\":[\"V\u00e1rios pr\u00eamios de melhor portal da cidade\"],\"jobTitle\":\"Diretor\",\"url\":\"https:\\\/\\\/ubirataonline.com.br\\\/en\\\/author\\\/ubirataonline\\\/\"},{\"@type\":\"PostalAddress\",\"@id\":\"https:\\\/\\\/ubirataonline.com.br\\\/fas-invadem-perfil-de-william-bonner-apos-estreia-no-globo-reporter-e-disparam-melhor-escolha-da-vida\\\/#local-main-place-address\",\"streetAddress\":\"Rua dos Coqueiros, 104 - Bairro Boa Vista, Rua dos Coqueiros, 104 Bairro Boa Vista\",\"addressLocality\":\"UBIRATA\",\"postalCode\":\"85440-000\",\"addressRegion\":\"PR\",\"addressCountry\":\"BR\"},{\"@type\":\"ImageObject\",\"inLanguage\":\"en-US\",\"@id\":\"https:\\\/\\\/ubirataonline.com.br\\\/fas-invadem-perfil-de-william-bonner-apos-estreia-no-globo-reporter-e-disparam-melhor-escolha-da-vida\\\/#local-main-organization-logo\",\"url\":\"https:\\\/\\\/ubirataonline.com.br\\\/wp-content\\\/uploads\\\/2026\\\/06\\\/logoubirataonline-1.webp\",\"contentUrl\":\"https:\\\/\\\/ubirataonline.com.br\\\/wp-content\\\/uploads\\\/2026\\\/06\\\/logoubirataonline-1.webp\",\"width\":500,\"height\":500,\"caption\":\"Ubirat\u00e3 Online Not\u00edcias\"}]}<\/script>\n<meta name=\"geo.placename\" content=\"UBIRATA\" \/>\n<meta name=\"geo.position\" content=\"-24.5361401;-52.9921776\" \/>\n<meta name=\"geo.region\" content=\"Brazil\" \/>\n<!-- \/ Yoast SEO Premium plugin. -->","yoast_head_json":{"title":"F\u00e3s 'invadem' perfil de William Bonner ap\u00f3s estreia no 'Globo Rep\u00f3rter' e disparam: 'Melhor escolha da vida' - Ubirat\u00e3 Online Not\u00edcias - A realidade ao seu alcance!","description":"A estreia de William Bonner no comando do \"Globo Rep\u00f3rter\", na sexta-feira (20), movimentou a web e transformou o nome do jornalista em um dos assuntos","robots":{"index":"index","follow":"follow","max-snippet":"max-snippet:-1","max-image-preview":"max-image-preview:large","max-video-preview":"max-video-preview:-1"},"canonical":"https:\/\/ubirataonline.com.br\/en\/fas-invadem-perfil-de-william-bonner-apos-estreia-no-globo-reporter-e-disparam-melhor-escolha-da-vida\/","og_locale":"en_US","og_type":"article","og_title":"F\u00e3s 'invadem' perfil de William Bonner ap\u00f3s estreia no 'Globo Rep\u00f3rter' e disparam: 'Melhor escolha da vida'","og_description":"A estreia de William Bonner no comando do \"Globo Rep\u00f3rter\", na sexta-feira (20), movimentou a web e transformou o nome do jornalista em um dos assuntos","og_url":"https:\/\/ubirataonline.com.br\/en\/fas-invadem-perfil-de-william-bonner-apos-estreia-no-globo-reporter-e-disparam-melhor-escolha-da-vida\/","og_site_name":"Ubirat\u00e3 Online Not\u00edcias - A realidade ao seu alcance!","article_publisher":"https:\/\/www.facebook.com\/portalubirataonline","article_author":"https:\/\/www.facebook.com\/portalubirataonline","article_published_time":"2026-02-22T10:44:28+00:00","article_modified_time":"2026-02-22T10:44:34+00:00","og_image":[{"width":1800,"height":1013,"url":"https:\/\/ubirataonline.com.br\/wp-content\/uploads\/2026\/02\/Fas-invadem-perfil-de-William-Bonner-apos-estreia-no-Globo.jpg","type":"image\/jpeg"}],"author":"REDA\u00c7\u00c3O: UBIRAT\u00c3 ONLINE - F\u00c1BIO AUGUSTO CELESTINO","twitter_card":"summary_large_image","twitter_creator":"@x.com\/ubirataonline","twitter_site":"@ubirataonline","twitter_misc":{"Written by":"REDA\u00c7\u00c3O: UBIRAT\u00c3 ONLINE - F\u00c1BIO AUGUSTO CELESTINO","Est. reading time":"3 minutes"},"schema":{"@context":"https:\/\/schema.org","@graph":[{"@type":"NewsArticle","@id":"https:\/\/ubirataonline.com.br\/fas-invadem-perfil-de-william-bonner-apos-estreia-no-globo-reporter-e-disparam-melhor-escolha-da-vida\/#article","isPartOf":{"@id":"https:\/\/ubirataonline.com.br\/fas-invadem-perfil-de-william-bonner-apos-estreia-no-globo-reporter-e-disparam-melhor-escolha-da-vida\/"},"author":{"name":"REDA\u00c7\u00c3O: UBIRAT\u00c3 ONLINE - F\u00c1BIO AUGUSTO CELESTINO","@id":"https:\/\/ubirataonline.com.br\/#\/schema\/person\/372f87bbd3fdd79b8556b84c98d0bc1c"},"headline":"F\u00e3s &#8216;invadem&#8217; perfil de William Bonner ap\u00f3s estreia no &#8216;Globo Rep\u00f3rter&#8217; e disparam: &#8216;Melhor escolha da vida&#8217;","datePublished":"2026-02-22T10:44:28+00:00","dateModified":"2026-02-22T10:44:34+00:00","mainEntityOfPage":{"@id":"https:\/\/ubirataonline.com.br\/fas-invadem-perfil-de-william-bonner-apos-estreia-no-globo-reporter-e-disparam-melhor-escolha-da-vida\/"},"wordCount":525,"publisher":{"@id":"https:\/\/ubirataonline.com.br\/#organization"},"image":{"@id":"https:\/\/ubirataonline.com.br\/fas-invadem-perfil-de-william-bonner-apos-estreia-no-globo-reporter-e-disparam-melhor-escolha-da-vida\/#primaryimage"},"thumbnailUrl":"https:\/\/ubirataonline.com.br\/wp-content\/uploads\/2026\/02\/Fas-invadem-perfil-de-William-Bonner-apos-estreia-no-Globo.jpg","keywords":["ap\u00f3s","Bonner","disparam","escolha","estreia","F\u00e3s","Globo","invadem","melhor","perfil","Rep\u00f3rter","VIDA","William"],"articleSection":["Brasil"],"inLanguage":"en-US","copyrightYear":"2026","copyrightHolder":{"@id":"https:\/\/ubirataonline.com.br\/en\/#organization"}},{"@type":"WebPage","@id":"https:\/\/ubirataonline.com.br\/fas-invadem-perfil-de-william-bonner-apos-estreia-no-globo-reporter-e-disparam-melhor-escolha-da-vida\/","url":"https:\/\/ubirataonline.com.br\/fas-invadem-perfil-de-william-bonner-apos-estreia-no-globo-reporter-e-disparam-melhor-escolha-da-vida\/","name":"F\u00e3s 'invadem' perfil de William Bonner ap\u00f3s estreia no 'Globo Rep\u00f3rter' e disparam: 'Melhor escolha da vida' - Ubirat\u00e3 Online Not\u00edcias - A realidade ao seu alcance!","isPartOf":{"@id":"https:\/\/ubirataonline.com.br\/#website"},"primaryImageOfPage":{"@id":"https:\/\/ubirataonline.com.br\/fas-invadem-perfil-de-william-bonner-apos-estreia-no-globo-reporter-e-disparam-melhor-escolha-da-vida\/#primaryimage"},"image":{"@id":"https:\/\/ubirataonline.com.br\/fas-invadem-perfil-de-william-bonner-apos-estreia-no-globo-reporter-e-disparam-melhor-escolha-da-vida\/#primaryimage"},"thumbnailUrl":"https:\/\/ubirataonline.com.br\/wp-content\/uploads\/2026\/02\/Fas-invadem-perfil-de-William-Bonner-apos-estreia-no-Globo.jpg","datePublished":"2026-02-22T10:44:28+00:00","dateModified":"2026-02-22T10:44:34+00:00","description":"A estreia de William Bonner no comando do \"Globo Rep\u00f3rter\", na sexta-feira (20), movimentou a web e transformou o nome do jornalista em um dos assuntos","breadcrumb":{"@id":"https:\/\/ubirataonline.com.br\/fas-invadem-perfil-de-william-bonner-apos-estreia-no-globo-reporter-e-disparam-melhor-escolha-da-vida\/#breadcrumb"},"inLanguage":"en-US","potentialAction":[{"@type":"ReadAction","target":["https:\/\/ubirataonline.com.br\/fas-invadem-perfil-de-william-bonner-apos-estreia-no-globo-reporter-e-disparam-melhor-escolha-da-vida\/"]}]},{"@type":"ImageObject","inLanguage":"en-US","@id":"https:\/\/ubirataonline.com.br\/fas-invadem-perfil-de-william-bonner-apos-estreia-no-globo-reporter-e-disparam-melhor-escolha-da-vida\/#primaryimage","url":"https:\/\/ubirataonline.com.br\/wp-content\/uploads\/2026\/02\/Fas-invadem-perfil-de-William-Bonner-apos-estreia-no-Globo.jpg","contentUrl":"https:\/\/ubirataonline.com.br\/wp-content\/uploads\/2026\/02\/Fas-invadem-perfil-de-William-Bonner-apos-estreia-no-Globo.jpg","width":1800,"height":1013,"caption":"William Bonner estreia no 'Globo Rep\u00f3rter' e recebe enxurrada de mensagens \u2014 Foto: Reprodu\u00e7\u00e3o Instagram"},{"@type":"BreadcrumbList","@id":"https:\/\/ubirataonline.com.br\/fas-invadem-perfil-de-william-bonner-apos-estreia-no-globo-reporter-e-disparam-melhor-escolha-da-vida\/#breadcrumb","itemListElement":[{"@type":"ListItem","position":1,"name":"In\u00edcio","item":"https:\/\/ubirataonline.com.br\/"},{"@type":"ListItem","position":2,"name":"F\u00e3s &#8216;invadem&#8217; perfil de William Bonner ap\u00f3s estreia no &#8216;Globo Rep\u00f3rter&#8217; e disparam: &#8216;Melhor escolha da vida&#8217;"}]},{"@type":"WebSite","@id":"https:\/\/ubirataonline.com.br\/#website","url":"https:\/\/ubirataonline.com.br\/","name":"Ubirat\u00e3 Online Not\u00edcias","description":"Not\u00edcias de Ubirat\u00e3, regi\u00e3o, Brasil e mundo, com informa\u00e7\u00e3o atualizada e compromisso com o leitor.","publisher":{"@id":"https:\/\/ubirataonline.com.br\/#organization"},"alternateName":"Ubirat\u00e3 Online","potentialAction":[{"@type":"SearchAction","target":{"@type":"EntryPoint","urlTemplate":"https:\/\/ubirataonline.com.br\/?s={search_term_string}"},"query-input":{"@type":"PropertyValueSpecification","valueRequired":true,"valueName":"search_term_string"}}],"inLanguage":"en-US"},{"@type":["Organization","Place"],"@id":"https:\/\/ubirataonline.com.br\/#organization","name":"Ubirat\u00e3 Online Not\u00edcias","alternateName":"Ubirat\u00e3 Online","url":"https:\/\/ubirataonline.com.br\/","logo":{"@id":"https:\/\/ubirataonline.com.br\/fas-invadem-perfil-de-william-bonner-apos-estreia-no-globo-reporter-e-disparam-melhor-escolha-da-vida\/#local-main-organization-logo"},"image":{"@id":"https:\/\/ubirataonline.com.br\/fas-invadem-perfil-de-william-bonner-apos-estreia-no-globo-reporter-e-disparam-melhor-escolha-da-vida\/#local-main-organization-logo"},"sameAs":["https:\/\/www.facebook.com\/portalubirataonline","https:\/\/x.com\/ubirataonline","https:\/\/mastodon.social\/@ubirataonline","https:\/\/www.facebook.com\/groups\/311144672285604","https:\/\/www.facebook.com\/UBTAOnline","https:\/\/www.instagram.com\/portalubirataonline\/","https:\/\/twitter.com\/ubirataonline"],"description":"Somos um portal de not\u00edcias independente, criado em 5 de janeiro de 2009, com o objetivo de informar, conectar e valorizar a nossa comunidade de Ubirat\u00e3 e toda aregi\u00e3o. Com conte\u00fado atualizado, confi\u00e1vel e relevante, o Ubirat\u00e3 Online \u00e9 o seu espa\u00e7o para ficar por dentro dos principais acontecimentos locais, regionais, Brasil, Mundo e de interesse geral. Nosso compromisso \u00e9 com a verdade, a transpar\u00eancia e o respeito ao leitor.","legalName":"UBIRATA ONLINE NOT\u00cdCIAS","foundingDate":"2009-01-05","numberOfEmployees":{"@type":"QuantitativeValue","minValue":"1","maxValue":"10"},"publishingPrinciples":"https:\/\/ubirataonline.com.br\/faq\/","address":{"@id":"https:\/\/ubirataonline.com.br\/fas-invadem-perfil-de-william-bonner-apos-estreia-no-globo-reporter-e-disparam-melhor-escolha-da-vida\/#local-main-place-address"},"geo":{"@type":"GeoCoordinates","latitude":"-24.5361401","longitude":"-52.9921776"},"telephone":["+5544998308235"],"contactPoint":{"@type":"ContactPoint","email":"contato@ubirataonline.com.br"},"openingHoursSpecification":{"@type":"OpeningHoursSpecification","dayOfWeek":["Monday","Tuesday","Wednesday","Thursday","Friday","Saturday","Sunday"],"opens":"00:00","closes":"23:59"},"email":"contato@ubirataonline.com.br","vatID":"47.621.418\/0001-80"},{"@type":"Person","@id":"https:\/\/ubirataonline.com.br\/#\/schema\/person\/372f87bbd3fdd79b8556b84c98d0bc1c","name":"REDA\u00c7\u00c3O: UBIRAT\u00c3 ONLINE - F\u00c1BIO AUGUSTO CELESTINO","pronouns":"Ele","description":"Desde 2003 trabalhando com not\u00edcias.","sameAs":["http:\/\/ubirataoline.com.br","https:\/\/www.facebook.com\/portalubirataonline","https:\/\/www.instagram.com\/ubirataonline_oficial","https:\/\/x.com\/x.com\/ubirataonline"],"honorificPrefix":"Mr.","honorificSuffix":"MD","birthDate":"1980-06-16","gender":"masculino","award":["V\u00e1rios pr\u00eamios de melhor portal da cidade"],"jobTitle":"Diretor","url":"https:\/\/ubirataonline.com.br\/en\/author\/ubirataonline\/"},{"@type":"PostalAddress","@id":"https:\/\/ubirataonline.com.br\/fas-invadem-perfil-de-william-bonner-apos-estreia-no-globo-reporter-e-disparam-melhor-escolha-da-vida\/#local-main-place-address","streetAddress":"Rua dos Coqueiros, 104 - Bairro Boa Vista, Rua dos Coqueiros, 104 Bairro Boa Vista","addressLocality":"UBIRATA","postalCode":"85440-000","addressRegion":"PR","addressCountry":"BR"},{"@type":"ImageObject","inLanguage":"en-US","@id":"https:\/\/ubirataonline.com.br\/fas-invadem-perfil-de-william-bonner-apos-estreia-no-globo-reporter-e-disparam-melhor-escolha-da-vida\/#local-main-organization-logo","url":"https:\/\/ubirataonline.com.br\/wp-content\/uploads\/2026\/06\/logoubirataonline-1.webp","contentUrl":"https:\/\/ubirataonline.com.br\/wp-content\/uploads\/2026\/06\/logoubirataonline-1.webp","width":500,"height":500,"caption":"Ubirat\u00e3 Online Not\u00edcias"}]},"geo.placename":"UBIRATA","geo.position":{"lat":"-24.5361401","long":"-52.9921776"},"geo.region":"Brazil"},"_links":{"self":[{"href":"https:\/\/ubirataonline.com.br\/en\/wp-json\/wp\/v2\/posts\/89208","targetHints":{"allow":["GET"]}}],"collection":[{"href":"https:\/\/ubirataonline.com.br\/en\/wp-json\/wp\/v2\/posts"}],"about":[{"href":"https:\/\/ubirataonline.com.br\/en\/wp-json\/wp\/v2\/types\/post"}],"author":[{"embeddable":true,"href":"https:\/\/ubirataonline.com.br\/en\/wp-json\/wp\/v2\/users\/1"}],"replies":[{"embeddable":true,"href":"https:\/\/ubirataonline.com.br\/en\/wp-json\/wp\/v2\/comments?post=89208"}],"version-history":[{"count":0,"href":"https:\/\/ubirataonline.com.br\/en\/wp-json\/wp\/v2\/posts\/89208\/revisions"}],"wp:featuredmedia":[{"embeddable":true,"href":"https:\/\/ubirataonline.com.br\/en\/wp-json\/wp\/v2\/media\/89209"}],"wp:attachment":[{"href":"https:\/\/ubirataonline.com.br\/en\/wp-json\/wp\/v2\/media?parent=89208"}],"wp:term":[{"taxonomy":"category","embeddable":true,"href":"https:\/\/ubirataonline.com.br\/en\/wp-json\/wp\/v2\/categories?post=89208"},{"taxonomy":"post_tag","embeddable":true,"href":"https:\/\/ubirataonline.com.br\/en\/wp-json\/wp\/v2\/tags?post=89208"}],"curies":[{"name":"wp","href":"https:\/\/api.w.org\/{rel}","templated":true}]}}