{"id":89351,"date":"2026-02-22T19:52:48","date_gmt":"2026-02-22T22:52:48","guid":{"rendered":"https:\/\/ubirataonline.com.br\/curitiba-tera-feira-gastronomica-latino-americana-todos-os-meses\/"},"modified":"2026-02-22T19:52:55","modified_gmt":"2026-02-22T22:52:55","slug":"curitiba-tera-feira-gastronomica-latino-americana-todos-os-meses","status":"publish","type":"post","link":"https:\/\/ubirataonline.com.br\/en\/curitiba-tera-feira-gastronomica-latino-americana-todos-os-meses\/","title":{"rendered":"Curitiba ter\u00e1 feira gastron\u00f4mica latino-americana todos os meses"},"content":{"rendered":"<p><\/p>\n<div id=\"post-content\">\n<p><strong>Curitiba<\/strong> vai ganhar mais uma<strong> op\u00e7\u00e3o cultural e gastron\u00f4mica<\/strong> em seu <strong>calend\u00e1rio oficial<\/strong>. A partir de abril, a capital paranaense receber\u00e1, mensalmente, a <strong>Feira Gastron\u00f4mica Latino-Americana<\/strong>, evento que promete transformar espa\u00e7os p\u00fablicos da cidade em um verdadeiro passeio pelos sabores, aromas e express\u00f5es culturais dos pa\u00edses vizinhos.<\/p>\n<p>A iniciativa, que agora se torna realidade atrav\u00e9s da lei 16.665\/2026, busca n\u00e3o apenas fomentar o turismo local, mas tamb\u00e9m estabelecer pontes culturais entre os diversos pa\u00edses da Am\u00e9rica Latina, al\u00e9m de criar novas oportunidades para comerciantes e empreendedores do setor gastron\u00f4mico. O projeto que deu origem \u00e0 norma \u00e9 de autoria dos vereadores Camilla Gonda (PSB) e Sidnei Toaldo (PRD).<\/p>\n<h2 class=\"wp-block-heading\" id=\"h-mais-que-comida-uma-experiencia-cultural-completa\">Mais que comida: uma experi\u00eancia cultural completa<\/h2>\n<p>A feira n\u00e3o se limitar\u00e1 apenas \u00e0 oferta de pratos t\u00edpicos. Conforme estabelece a lei, o evento reunir\u00e1 diversas manifesta\u00e7\u00f5es culturais, incluindo apresenta\u00e7\u00f5es musicais, oficinas, workshops, palestras e atividades educativas relacionadas \u00e0 hist\u00f3ria e tradi\u00e7\u00f5es culin\u00e1rias latino-americanas.<\/p>\n<p>A proposta vai al\u00e9m da simples degusta\u00e7\u00e3o: pretende estabelecer um di\u00e1logo entre diferentes culturas, refor\u00e7ando a identidade latino-americana atrav\u00e9s da gastronomia e de express\u00f5es art\u00edsticas acess\u00edveis ao p\u00fablico em geral, criando um espa\u00e7o de integra\u00e7\u00e3o e valoriza\u00e7\u00e3o cultural.<\/p>\n<h2 class=\"wp-block-heading\" id=\"h-como-vai-funcionar\">Como vai funcionar<\/h2>\n<p>A norma estabelece que a feira ser\u00e1 aberta \u00e0 participa\u00e7\u00e3o de comerciantes e prestadores de servi\u00e7os locais, seguindo crit\u00e9rios e regras que ser\u00e3o definidos pela Prefeitura em regulamento espec\u00edfico. A utiliza\u00e7\u00e3o dos espa\u00e7os p\u00fablicos para a realiza\u00e7\u00e3o do evento dever\u00e1 atender \u00e0s condi\u00e7\u00f5es necess\u00e1rias de infraestrutura, seguran\u00e7a e organiza\u00e7\u00e3o, conforme as normas municipais vigentes.<\/p>\n<p>A organiza\u00e7\u00e3o do evento poder\u00e1 ocorrer por meio de parcerias entre o Munic\u00edpio e entidades do setor gastron\u00f4mico, associa\u00e7\u00f5es culturais, organiza\u00e7\u00f5es da sociedade civil, consulados e outros interessados. A Prefeitura tamb\u00e9m est\u00e1 autorizada a estabelecer parcerias com a iniciativa privada, desde que sejam observadas as regras de transpar\u00eancia e a finalidade p\u00fablica do evento.<\/p>\n<p>Publicada em 12 de fevereiro, a norma entrar\u00e1 em vigor apenas em 13 de abril, respeitando o prazo de 60 dias ap\u00f3s sua publica\u00e7\u00e3o no Di\u00e1rio Oficial de Curitiba.<\/p>\n<h2 class=\"wp-block-heading\" id=\"h-economia-e-cultura-de-maos-dadas\">Economia e cultura de m\u00e3os dadas<\/h2>\n<p>Durante a vota\u00e7\u00e3o do projeto que originou a lei, os vereadores destacaram o potencial econ\u00f4mico da feira para movimentar diversos setores da cidade, como turismo, hotelaria, gastronomia e com\u00e9rcio. Os autores da proposta defenderam que a realiza\u00e7\u00e3o mensal do evento contribuir\u00e1 para fortalecer a economia criativa local e ampliar as oportunidades para empreendedores, enquanto promove a diversidade cultural latino-americana presente em Curitiba.<\/p>\n<p><strong>+ Leia tamb\u00e9m:<\/strong> <a href=\"https:\/\/www.tribunapr.com.br\/noticias\/curitiba-regiao\/co-fundadora-da-tradicional-pipoteca-de-curitiba-morre-aos-92-anos\/\" target=\"_blank\" rel=\"noreferrer noopener\">Cofundadora da tradicional Pipoteca, de Curitiba, morre aos 92 anos<\/a><\/p>\n<p>\u201cO empreendedor, o comerciante que precisa sobreviver, precisa do apoio do Poder P\u00fablico. Com certeza, esse projeto desta feira trar\u00e1 novos empreendedores e ir\u00e1 valorizar [a cultura] latino-americana, pois eles t\u00eam, com certeza, produtos de alta qualidade. \u00c9 uma feira que logo ser\u00e1 colocada em pr\u00e1tica e, com certeza, quem ganha com isso \u00e9 a comunidade de Curitiba e o empreendedor que tanto tem sofrido com essa economia do pa\u00eds\u201d, disse Toaldo.<\/p>\n<p>\u201cNosso intuito \u00e9 construir essa feira em conjunto com os microempreendedores, a economia solid\u00e1ria, e todas as pessoas que est\u00e3o em conjunto com essa iniciativa. [\u2026] \u00c9 importante ressaltar a cultura latino-americana, ressaltar nossas identidades, nossas ra\u00edzes. E \u00e9 necess\u00e1rio falar disso aqui na C\u00e2mara de Curitiba. A gente tem atuado com muitos feirantes, muitos imigrantes, [\u2026] e \u00e9 necess\u00e1rio fazer esse olhar para as pessoas que v\u00eam para c\u00e1, que escolhem Curitiba como seu lar depois de terem sa\u00eddo de suas casas\u201d, completou Camilla Gonda.<\/p>\n<section class=\"virals\">\n<article class=\"cardnews cardnews--post cardnews--has-thumbnail cardnews--editorial-noticias\"> <a href=\"https:\/\/www.tribunapr.com.br\/noticias\/parana\/golpe-do-ipva-engana-profissional-da-tecnologia-no-parana-como-evitar-a-fraude\/?utm_source=noticias-virais-rodape&amp;utm_medium=internal-tribuna&amp;utm_campaign=tribuna\" class=\"cardnews__postlink\"> <\/p>\n<div class=\"cardnews__image\" is-api-thumb=\"\"><\/div>\n<div class=\"cardnews__content cardhome__content\">\n<div class=\"cardnews__content-wrapper\">\n<p> <span style=\"\"> Fique atento! <\/span> <\/p>\n<p>At\u00e9 especialistas ca\u00edram: o detalhe no boleto do IPVA que rouba seu dinheiro<\/p>\n<\/p><\/div>\n<\/p><\/div>\n<p> <\/a> <\/article>\n<article class=\"cardnews cardnews--post cardnews--has-thumbnail cardnews--editorial-noticias\"> <a href=\"https:\/\/www.tribunapr.com.br\/noticias\/curitiba-regiao\/litoral-do-parana-passa-a-figurar-entre-os-mais-valorizados-do-pais\/?utm_source=noticias-virais-rodape&amp;utm_medium=internal-tribuna&amp;utm_campaign=tribuna\" class=\"cardnews__postlink\"> <\/p>\n<div class=\"cardnews__image\" is-api-thumb=\"\"><img decoding=\"async\" src=\"https:\/\/www.tribunapr.com.br\/wp-content\/uploads\/2026\/02\/04151141\/matinhos-litoral-370x210.jpg\" loading=\"lazy\" alt=\"Adeus, pre\u00e7os baixos? Esta regi\u00e3o do Paran\u00e1 virou a nova 'mina de ouro'\"\/><\/div>\n<div class=\"cardnews__content cardhome__content\">\n<div class=\"cardnews__content-wrapper\">\n<p> <span style=\"\"> Mercado imobili\u00e1rio <\/span> <\/p>\n<p>Adeus, pre\u00e7os baixos? Esta regi\u00e3o do Paran\u00e1 virou a nova &#8216;mina de ouro&#8217;<\/p>\n<\/p><\/div>\n<\/p><\/div>\n<p> <\/a> <\/article>\n<article class=\"cardnews cardnews--post cardnews--has-thumbnail cardnews--editorial-noticias\"> <a href=\"https:\/\/www.tribunapr.com.br\/blogs\/rango-barateza\/biscoitos-da-vovo-elza-tradicao-que-nasceu-do-afeto-e-conquistou-curitiba\/?utm_source=noticias-virais-rodape&amp;utm_medium=internal-tribuna&amp;utm_campaign=tribuna\" class=\"cardnews__postlink\"> <\/p>\n<div class=\"cardnews__image\" is-api-thumb=\"\"><img decoding=\"async\" src=\"https:\/\/www.tribunapr.com.br\/wp-content\/uploads\/2026\/02\/06135141\/vovo-elza-02-770x440-1-370x210.webp\" loading=\"lazy\" alt=\"O segredo de Curitiba: como uma receita de fam\u00edlia virou um imp\u00e9rio do afeto\"\/><\/div>\n<div class=\"cardnews__content cardhome__content\">\n<div class=\"cardnews__content-wrapper\">\n<p> <span style=\"\"> Rango Barateza! <\/span> <\/p>\n<p>O segredo de Curitiba: como uma receita de fam\u00edlia virou um imp\u00e9rio do afeto<\/p>\n<\/p><\/div>\n<\/p><\/div>\n<p> <\/a> <\/article>\n<\/section>\n<div id=\"tribuna-follow-cta\">\n<p> <span class=\"cta-title\">Siga a <span class=\"tribuna-color\">Tribuna<\/span> no Google, e acompanhe as \u00faltimas not\u00edcias de Curitiba e regi\u00e3o!<\/span> <\/p>\n<p> <a href=\"https:\/\/profile.google.com\/cp\/CgwvZy8xMmxxajUzM3Mac2h0dHBzOi8vd3d3LnRyaWJ1bmFwci5jb20uYnIvdml2YS92aXRyaW5lL2dpZ2FudGUtZG8tdmVzdHVhcmlvLXJlaW5hdWd1cmEtbG9qYS1lbS1zaG9wcGluZy10cmFkaWNpb25hbC1kZS1jdXJpdGliYS8iElRyaWJ1bmEgZG8gUGFyYW7DoSqAAwrHAWh0dHBzOi8vZW5jcnlwdGVkLXRibjIuZ3N0YXRpYy5jb20vZmF2aWNvbi10Ym4_cT10Ym46QU5kOUdjUVJPbjVDRjR6TzJPbkUwTXZrRlRCRTY2U0g1bGlaVDRaZTV3bWNKeU5GRm1BSnluM01nNU9PR3BXY1pYMzZwYU5HUWtsZ09JVEFLTTNNZVNGbTc1aWp6M3k2ajUtQ3M2b25kX2JUcFFQQkVLd3RsUjBsTmJESnUtVHhrNXQtbFlCNlVpOWZSVVFjT2cSswFodHRwczovL2VuY3J5cHRlZC10Ym4zLmdzdGF0aWMuY29tL2Zhdmljb24tdGJuP3E9dGJuJTNBQU5kOUdjU0FMaWJ2eFF0YXdFMFRueVdWWmVKRS1MZEdRZjVTUi1OZ2RMazhyZzIwVy1nM0JuQ1F4VDNKZFBjRXR2THdBeVRxUDJEdHVycEdVR29CQkxpYzM5al9wSmFxRERaMHNCYW05WEVhSGVsMmZTQmdKdlF4WWVyMw\" target=\"_blank\" title=\"Seguir a Tribuna no Google\">  <\/a> <\/div>\n<\/p><\/div>\n<p><a href=\"https:\/\/www.tribunapr.com.br\/noticias\/curitiba-regiao\/curitiba-tera-feira-gastronomica-latino-americana-todos-os-meses\/\">Source link <\/a><\/p>\n","protected":false},"excerpt":{"rendered":"<p>Curitiba vai ganhar mais uma op\u00e7\u00e3o cultural e gastron\u00f4mica em seu calend\u00e1rio oficial. A partir de abril, a capital paranaense receber\u00e1, mensalmente, a Feira Gastron\u00f4mica Latino-Americana, evento que promete transformar espa\u00e7os p\u00fablicos da cidade em um verdadeiro passeio pelos sabores, aromas e express\u00f5es culturais dos pa\u00edses vizinhos. A iniciativa, que agora se torna realidade atrav\u00e9s [&hellip;]<\/p>\n","protected":false},"author":1,"featured_media":89352,"comment_status":"closed","ping_status":"","sticky":false,"template":"","format":"standard","meta":{"googlesitekit_rrm_CAow2JLhCw:productID":"","_gspb_post_css":"","maa_idioma":"","maa_pais":"","footnotes":""},"categories":[1],"tags":[151,4143,20086,20087,3380,3880,4206],"class_list":["post-89351","post","type-post","status-publish","format-standard","has-post-thumbnail","hentry","category-ubirata","tag-curitiba","tag-feira","tag-gastronomica","tag-latinoamericana","tag-meses","tag-tera","tag-todos"],"blocksy_meta":[],"yoast_head":"<!-- This site is optimized with the Yoast SEO Premium plugin v27.6 (Yoast SEO v27.6) - https:\/\/yoast.com\/product\/yoast-seo-premium-wordpress\/ -->\n<title>Curitiba ter\u00e1 feira gastron\u00f4mica latino-americana todos os meses - Ubirat\u00e3 Online Not\u00edcias - A realidade ao seu alcance!<\/title>\n<meta name=\"description\" content=\"Curitiba vai ganhar mais uma op\u00e7\u00e3o cultural e gastron\u00f4mica em seu calend\u00e1rio oficial. A partir de abril, a capital paranaense receber\u00e1, mensalmente, a\" \/>\n<meta name=\"robots\" content=\"index, follow, max-snippet:-1, max-image-preview:large, max-video-preview:-1\" \/>\n<link rel=\"canonical\" href=\"https:\/\/ubirataonline.com.br\/en\/curitiba-tera-feira-gastronomica-latino-americana-todos-os-meses\/\" \/>\n<meta property=\"og:locale\" content=\"en_US\" \/>\n<meta property=\"og:type\" content=\"article\" \/>\n<meta property=\"og:title\" content=\"Curitiba ter\u00e1 feira gastron\u00f4mica latino-americana todos os meses\" \/>\n<meta property=\"og:description\" content=\"Curitiba vai ganhar mais uma op\u00e7\u00e3o cultural e gastron\u00f4mica em seu calend\u00e1rio oficial. A partir de abril, a capital paranaense receber\u00e1, mensalmente, a\" \/>\n<meta property=\"og:url\" content=\"https:\/\/ubirataonline.com.br\/en\/curitiba-tera-feira-gastronomica-latino-americana-todos-os-meses\/\" \/>\n<meta property=\"og:site_name\" content=\"Ubirat\u00e3 Online Not\u00edcias - A realidade ao seu alcance!\" \/>\n<meta property=\"article:publisher\" content=\"https:\/\/www.facebook.com\/portalubirataonline\" \/>\n<meta property=\"article:author\" content=\"https:\/\/www.facebook.com\/portalubirataonline\" \/>\n<meta property=\"article:published_time\" content=\"2026-02-22T22:52:48+00:00\" \/>\n<meta property=\"article:modified_time\" content=\"2026-02-22T22:52:55+00:00\" \/>\n<meta property=\"og:image\" content=\"https:\/\/ubirataonline.com.br\/wp-content\/uploads\/2026\/02\/Curitiba-tera-feira-gastronomica-latino-americana-todos-os-meses.jpg\" \/>\n\t<meta property=\"og:image:width\" content=\"1200\" \/>\n\t<meta property=\"og:image:height\" content=\"821\" \/>\n\t<meta property=\"og:image:type\" content=\"image\/jpeg\" \/>\n<meta name=\"author\" content=\"REDA\u00c7\u00c3O: UBIRAT\u00c3 ONLINE - F\u00c1BIO AUGUSTO CELESTINO\" \/>\n<meta name=\"twitter:card\" content=\"summary_large_image\" \/>\n<meta name=\"twitter:creator\" content=\"@x.com\/ubirataonline\" \/>\n<meta name=\"twitter:site\" content=\"@ubirataonline\" \/>\n<meta name=\"twitter:label1\" content=\"Written by\" \/>\n\t<meta name=\"twitter:data1\" content=\"REDA\u00c7\u00c3O: UBIRAT\u00c3 ONLINE - F\u00c1BIO AUGUSTO CELESTINO\" \/>\n\t<meta name=\"twitter:label2\" content=\"Est. reading time\" \/>\n\t<meta name=\"twitter:data2\" content=\"3 minutes\" \/>\n<script type=\"application\/ld+json\" class=\"yoast-schema-graph\">{\"@context\":\"https:\\\/\\\/schema.org\",\"@graph\":[{\"@type\":\"NewsArticle\",\"@id\":\"https:\\\/\\\/ubirataonline.com.br\\\/curitiba-tera-feira-gastronomica-latino-americana-todos-os-meses\\\/#article\",\"isPartOf\":{\"@id\":\"https:\\\/\\\/ubirataonline.com.br\\\/curitiba-tera-feira-gastronomica-latino-americana-todos-os-meses\\\/\"},\"author\":{\"name\":\"REDA\u00c7\u00c3O: UBIRAT\u00c3 ONLINE - F\u00c1BIO AUGUSTO CELESTINO\",\"@id\":\"https:\\\/\\\/ubirataonline.com.br\\\/#\\\/schema\\\/person\\\/372f87bbd3fdd79b8556b84c98d0bc1c\"},\"headline\":\"Curitiba ter\u00e1 feira gastron\u00f4mica latino-americana todos os meses\",\"datePublished\":\"2026-02-22T22:52:48+00:00\",\"dateModified\":\"2026-02-22T22:52:55+00:00\",\"mainEntityOfPage\":{\"@id\":\"https:\\\/\\\/ubirataonline.com.br\\\/curitiba-tera-feira-gastronomica-latino-americana-todos-os-meses\\\/\"},\"wordCount\":706,\"publisher\":{\"@id\":\"https:\\\/\\\/ubirataonline.com.br\\\/#organization\"},\"image\":{\"@id\":\"https:\\\/\\\/ubirataonline.com.br\\\/curitiba-tera-feira-gastronomica-latino-americana-todos-os-meses\\\/#primaryimage\"},\"thumbnailUrl\":\"https:\\\/\\\/ubirataonline.com.br\\\/wp-content\\\/uploads\\\/2026\\\/02\\\/Curitiba-tera-feira-gastronomica-latino-americana-todos-os-meses.jpg\",\"keywords\":[\"Curitiba\",\"feira\",\"gastron\u00f4mica\",\"latinoamericana\",\"meses\",\"ter\u00e1\",\"todos\"],\"articleSection\":[\"Ubirat\u00e3\"],\"inLanguage\":\"en-US\",\"copyrightYear\":\"2026\",\"copyrightHolder\":{\"@id\":\"https:\\\/\\\/ubirataonline.com.br\\\/en\\\/#organization\"}},{\"@type\":\"WebPage\",\"@id\":\"https:\\\/\\\/ubirataonline.com.br\\\/curitiba-tera-feira-gastronomica-latino-americana-todos-os-meses\\\/\",\"url\":\"https:\\\/\\\/ubirataonline.com.br\\\/curitiba-tera-feira-gastronomica-latino-americana-todos-os-meses\\\/\",\"name\":\"Curitiba ter\u00e1 feira gastron\u00f4mica latino-americana todos os meses - Ubirat\u00e3 Online Not\u00edcias - A realidade ao seu alcance!\",\"isPartOf\":{\"@id\":\"https:\\\/\\\/ubirataonline.com.br\\\/#website\"},\"primaryImageOfPage\":{\"@id\":\"https:\\\/\\\/ubirataonline.com.br\\\/curitiba-tera-feira-gastronomica-latino-americana-todos-os-meses\\\/#primaryimage\"},\"image\":{\"@id\":\"https:\\\/\\\/ubirataonline.com.br\\\/curitiba-tera-feira-gastronomica-latino-americana-todos-os-meses\\\/#primaryimage\"},\"thumbnailUrl\":\"https:\\\/\\\/ubirataonline.com.br\\\/wp-content\\\/uploads\\\/2026\\\/02\\\/Curitiba-tera-feira-gastronomica-latino-americana-todos-os-meses.jpg\",\"datePublished\":\"2026-02-22T22:52:48+00:00\",\"dateModified\":\"2026-02-22T22:52:55+00:00\",\"description\":\"Curitiba vai ganhar mais uma op\u00e7\u00e3o cultural e gastron\u00f4mica em seu calend\u00e1rio oficial. A partir de abril, a capital paranaense receber\u00e1, mensalmente, a\",\"breadcrumb\":{\"@id\":\"https:\\\/\\\/ubirataonline.com.br\\\/curitiba-tera-feira-gastronomica-latino-americana-todos-os-meses\\\/#breadcrumb\"},\"inLanguage\":\"en-US\",\"potentialAction\":[{\"@type\":\"ReadAction\",\"target\":[\"https:\\\/\\\/ubirataonline.com.br\\\/curitiba-tera-feira-gastronomica-latino-americana-todos-os-meses\\\/\"]}]},{\"@type\":\"ImageObject\",\"inLanguage\":\"en-US\",\"@id\":\"https:\\\/\\\/ubirataonline.com.br\\\/curitiba-tera-feira-gastronomica-latino-americana-todos-os-meses\\\/#primaryimage\",\"url\":\"https:\\\/\\\/ubirataonline.com.br\\\/wp-content\\\/uploads\\\/2026\\\/02\\\/Curitiba-tera-feira-gastronomica-latino-americana-todos-os-meses.jpg\",\"contentUrl\":\"https:\\\/\\\/ubirataonline.com.br\\\/wp-content\\\/uploads\\\/2026\\\/02\\\/Curitiba-tera-feira-gastronomica-latino-americana-todos-os-meses.jpg\",\"width\":1200,\"height\":821,\"caption\":\"Ceviche \u00e9 um dos pratos t\u00edpicos da gastronomia latino-americana. Foto: Deposit Photos\"},{\"@type\":\"BreadcrumbList\",\"@id\":\"https:\\\/\\\/ubirataonline.com.br\\\/curitiba-tera-feira-gastronomica-latino-americana-todos-os-meses\\\/#breadcrumb\",\"itemListElement\":[{\"@type\":\"ListItem\",\"position\":1,\"name\":\"In\u00edcio\",\"item\":\"https:\\\/\\\/ubirataonline.com.br\\\/\"},{\"@type\":\"ListItem\",\"position\":2,\"name\":\"Curitiba ter\u00e1 feira gastron\u00f4mica latino-americana todos os meses\"}]},{\"@type\":\"WebSite\",\"@id\":\"https:\\\/\\\/ubirataonline.com.br\\\/#website\",\"url\":\"https:\\\/\\\/ubirataonline.com.br\\\/\",\"name\":\"Ubirat\u00e3 Online Not\u00edcias\",\"description\":\"Not\u00edcias de Ubirat\u00e3, regi\u00e3o, Brasil e mundo, com informa\u00e7\u00e3o atualizada e compromisso com o leitor.\",\"publisher\":{\"@id\":\"https:\\\/\\\/ubirataonline.com.br\\\/#organization\"},\"alternateName\":\"Ubirat\u00e3 Online\",\"potentialAction\":[{\"@type\":\"SearchAction\",\"target\":{\"@type\":\"EntryPoint\",\"urlTemplate\":\"https:\\\/\\\/ubirataonline.com.br\\\/?s={search_term_string}\"},\"query-input\":{\"@type\":\"PropertyValueSpecification\",\"valueRequired\":true,\"valueName\":\"search_term_string\"}}],\"inLanguage\":\"en-US\"},{\"@type\":[\"Organization\",\"Place\"],\"@id\":\"https:\\\/\\\/ubirataonline.com.br\\\/#organization\",\"name\":\"Ubirat\u00e3 Online Not\u00edcias\",\"alternateName\":\"Ubirat\u00e3 Online\",\"url\":\"https:\\\/\\\/ubirataonline.com.br\\\/\",\"logo\":{\"@id\":\"https:\\\/\\\/ubirataonline.com.br\\\/curitiba-tera-feira-gastronomica-latino-americana-todos-os-meses\\\/#local-main-organization-logo\"},\"image\":{\"@id\":\"https:\\\/\\\/ubirataonline.com.br\\\/curitiba-tera-feira-gastronomica-latino-americana-todos-os-meses\\\/#local-main-organization-logo\"},\"sameAs\":[\"https:\\\/\\\/www.facebook.com\\\/portalubirataonline\",\"https:\\\/\\\/x.com\\\/ubirataonline\",\"https:\\\/\\\/mastodon.social\\\/@ubirataonline\",\"https:\\\/\\\/www.facebook.com\\\/groups\\\/311144672285604\",\"https:\\\/\\\/www.facebook.com\\\/UBTAOnline\",\"https:\\\/\\\/www.instagram.com\\\/portalubirataonline\\\/\",\"https:\\\/\\\/twitter.com\\\/ubirataonline\"],\"description\":\"Somos um portal de not\u00edcias independente, criado em 5 de janeiro de 2009, com o objetivo de informar, conectar e valorizar a nossa comunidade de Ubirat\u00e3 e toda aregi\u00e3o. Com conte\u00fado atualizado, confi\u00e1vel e relevante, o Ubirat\u00e3 Online \u00e9 o seu espa\u00e7o para ficar por dentro dos principais acontecimentos locais, regionais, Brasil, Mundo e de interesse geral. Nosso compromisso \u00e9 com a verdade, a transpar\u00eancia e o respeito ao leitor.\",\"legalName\":\"UBIRATA ONLINE NOT\u00cdCIAS\",\"foundingDate\":\"2009-01-05\",\"numberOfEmployees\":{\"@type\":\"QuantitativeValue\",\"minValue\":\"1\",\"maxValue\":\"10\"},\"publishingPrinciples\":\"https:\\\/\\\/ubirataonline.com.br\\\/faq\\\/\",\"address\":{\"@id\":\"https:\\\/\\\/ubirataonline.com.br\\\/curitiba-tera-feira-gastronomica-latino-americana-todos-os-meses\\\/#local-main-place-address\"},\"geo\":{\"@type\":\"GeoCoordinates\",\"latitude\":\"-24.5361401\",\"longitude\":\"-52.9921776\"},\"telephone\":[\"+5544998308235\"],\"contactPoint\":{\"@type\":\"ContactPoint\",\"email\":\"contato@ubirataonline.com.br\"},\"openingHoursSpecification\":{\"@type\":\"OpeningHoursSpecification\",\"dayOfWeek\":[\"Monday\",\"Tuesday\",\"Wednesday\",\"Thursday\",\"Friday\",\"Saturday\",\"Sunday\"],\"opens\":\"00:00\",\"closes\":\"23:59\"},\"email\":\"contato@ubirataonline.com.br\",\"vatID\":\"47.621.418\\\/0001-80\"},{\"@type\":\"Person\",\"@id\":\"https:\\\/\\\/ubirataonline.com.br\\\/#\\\/schema\\\/person\\\/372f87bbd3fdd79b8556b84c98d0bc1c\",\"name\":\"REDA\u00c7\u00c3O: UBIRAT\u00c3 ONLINE - F\u00c1BIO AUGUSTO CELESTINO\",\"pronouns\":\"Ele\",\"description\":\"Desde 2003 trabalhando com not\u00edcias.\",\"sameAs\":[\"http:\\\/\\\/ubirataoline.com.br\",\"https:\\\/\\\/www.facebook.com\\\/portalubirataonline\",\"https:\\\/\\\/www.instagram.com\\\/ubirataonline_oficial\",\"https:\\\/\\\/x.com\\\/x.com\\\/ubirataonline\"],\"honorificPrefix\":\"Mr.\",\"honorificSuffix\":\"MD\",\"birthDate\":\"1980-06-16\",\"gender\":\"masculino\",\"award\":[\"V\u00e1rios pr\u00eamios de melhor portal da cidade\"],\"jobTitle\":\"Diretor\",\"url\":\"https:\\\/\\\/ubirataonline.com.br\\\/en\\\/author\\\/ubirataonline\\\/\"},{\"@type\":\"PostalAddress\",\"@id\":\"https:\\\/\\\/ubirataonline.com.br\\\/curitiba-tera-feira-gastronomica-latino-americana-todos-os-meses\\\/#local-main-place-address\",\"streetAddress\":\"Rua dos Coqueiros, 104 - Bairro Boa Vista, Rua dos Coqueiros, 104 Bairro Boa Vista\",\"addressLocality\":\"UBIRATA\",\"postalCode\":\"85440-000\",\"addressRegion\":\"PR\",\"addressCountry\":\"BR\"},{\"@type\":\"ImageObject\",\"inLanguage\":\"en-US\",\"@id\":\"https:\\\/\\\/ubirataonline.com.br\\\/curitiba-tera-feira-gastronomica-latino-americana-todos-os-meses\\\/#local-main-organization-logo\",\"url\":\"https:\\\/\\\/ubirataonline.com.br\\\/wp-content\\\/uploads\\\/2026\\\/06\\\/logoubirataonline-1.webp\",\"contentUrl\":\"https:\\\/\\\/ubirataonline.com.br\\\/wp-content\\\/uploads\\\/2026\\\/06\\\/logoubirataonline-1.webp\",\"width\":500,\"height\":500,\"caption\":\"Ubirat\u00e3 Online Not\u00edcias\"}]}<\/script>\n<meta name=\"geo.placename\" content=\"UBIRATA\" \/>\n<meta name=\"geo.position\" content=\"-24.5361401;-52.9921776\" \/>\n<meta name=\"geo.region\" content=\"Brazil\" \/>\n<!-- \/ Yoast SEO Premium plugin. -->","yoast_head_json":{"title":"Curitiba ter\u00e1 feira gastron\u00f4mica latino-americana todos os meses - Ubirat\u00e3 Online Not\u00edcias - A realidade ao seu alcance!","description":"Curitiba vai ganhar mais uma op\u00e7\u00e3o cultural e gastron\u00f4mica em seu calend\u00e1rio oficial. A partir de abril, a capital paranaense receber\u00e1, mensalmente, a","robots":{"index":"index","follow":"follow","max-snippet":"max-snippet:-1","max-image-preview":"max-image-preview:large","max-video-preview":"max-video-preview:-1"},"canonical":"https:\/\/ubirataonline.com.br\/en\/curitiba-tera-feira-gastronomica-latino-americana-todos-os-meses\/","og_locale":"en_US","og_type":"article","og_title":"Curitiba ter\u00e1 feira gastron\u00f4mica latino-americana todos os meses","og_description":"Curitiba vai ganhar mais uma op\u00e7\u00e3o cultural e gastron\u00f4mica em seu calend\u00e1rio oficial. A partir de abril, a capital paranaense receber\u00e1, mensalmente, a","og_url":"https:\/\/ubirataonline.com.br\/en\/curitiba-tera-feira-gastronomica-latino-americana-todos-os-meses\/","og_site_name":"Ubirat\u00e3 Online Not\u00edcias - A realidade ao seu alcance!","article_publisher":"https:\/\/www.facebook.com\/portalubirataonline","article_author":"https:\/\/www.facebook.com\/portalubirataonline","article_published_time":"2026-02-22T22:52:48+00:00","article_modified_time":"2026-02-22T22:52:55+00:00","og_image":[{"width":1200,"height":821,"url":"https:\/\/ubirataonline.com.br\/wp-content\/uploads\/2026\/02\/Curitiba-tera-feira-gastronomica-latino-americana-todos-os-meses.jpg","type":"image\/jpeg"}],"author":"REDA\u00c7\u00c3O: UBIRAT\u00c3 ONLINE - F\u00c1BIO AUGUSTO CELESTINO","twitter_card":"summary_large_image","twitter_creator":"@x.com\/ubirataonline","twitter_site":"@ubirataonline","twitter_misc":{"Written by":"REDA\u00c7\u00c3O: UBIRAT\u00c3 ONLINE - F\u00c1BIO AUGUSTO CELESTINO","Est. reading time":"3 minutes"},"schema":{"@context":"https:\/\/schema.org","@graph":[{"@type":"NewsArticle","@id":"https:\/\/ubirataonline.com.br\/curitiba-tera-feira-gastronomica-latino-americana-todos-os-meses\/#article","isPartOf":{"@id":"https:\/\/ubirataonline.com.br\/curitiba-tera-feira-gastronomica-latino-americana-todos-os-meses\/"},"author":{"name":"REDA\u00c7\u00c3O: UBIRAT\u00c3 ONLINE - F\u00c1BIO AUGUSTO CELESTINO","@id":"https:\/\/ubirataonline.com.br\/#\/schema\/person\/372f87bbd3fdd79b8556b84c98d0bc1c"},"headline":"Curitiba ter\u00e1 feira gastron\u00f4mica latino-americana todos os meses","datePublished":"2026-02-22T22:52:48+00:00","dateModified":"2026-02-22T22:52:55+00:00","mainEntityOfPage":{"@id":"https:\/\/ubirataonline.com.br\/curitiba-tera-feira-gastronomica-latino-americana-todos-os-meses\/"},"wordCount":706,"publisher":{"@id":"https:\/\/ubirataonline.com.br\/#organization"},"image":{"@id":"https:\/\/ubirataonline.com.br\/curitiba-tera-feira-gastronomica-latino-americana-todos-os-meses\/#primaryimage"},"thumbnailUrl":"https:\/\/ubirataonline.com.br\/wp-content\/uploads\/2026\/02\/Curitiba-tera-feira-gastronomica-latino-americana-todos-os-meses.jpg","keywords":["Curitiba","feira","gastron\u00f4mica","latinoamericana","meses","ter\u00e1","todos"],"articleSection":["Ubirat\u00e3"],"inLanguage":"en-US","copyrightYear":"2026","copyrightHolder":{"@id":"https:\/\/ubirataonline.com.br\/en\/#organization"}},{"@type":"WebPage","@id":"https:\/\/ubirataonline.com.br\/curitiba-tera-feira-gastronomica-latino-americana-todos-os-meses\/","url":"https:\/\/ubirataonline.com.br\/curitiba-tera-feira-gastronomica-latino-americana-todos-os-meses\/","name":"Curitiba ter\u00e1 feira gastron\u00f4mica latino-americana todos os meses - Ubirat\u00e3 Online Not\u00edcias - A realidade ao seu alcance!","isPartOf":{"@id":"https:\/\/ubirataonline.com.br\/#website"},"primaryImageOfPage":{"@id":"https:\/\/ubirataonline.com.br\/curitiba-tera-feira-gastronomica-latino-americana-todos-os-meses\/#primaryimage"},"image":{"@id":"https:\/\/ubirataonline.com.br\/curitiba-tera-feira-gastronomica-latino-americana-todos-os-meses\/#primaryimage"},"thumbnailUrl":"https:\/\/ubirataonline.com.br\/wp-content\/uploads\/2026\/02\/Curitiba-tera-feira-gastronomica-latino-americana-todos-os-meses.jpg","datePublished":"2026-02-22T22:52:48+00:00","dateModified":"2026-02-22T22:52:55+00:00","description":"Curitiba vai ganhar mais uma op\u00e7\u00e3o cultural e gastron\u00f4mica em seu calend\u00e1rio oficial. A partir de abril, a capital paranaense receber\u00e1, mensalmente, a","breadcrumb":{"@id":"https:\/\/ubirataonline.com.br\/curitiba-tera-feira-gastronomica-latino-americana-todos-os-meses\/#breadcrumb"},"inLanguage":"en-US","potentialAction":[{"@type":"ReadAction","target":["https:\/\/ubirataonline.com.br\/curitiba-tera-feira-gastronomica-latino-americana-todos-os-meses\/"]}]},{"@type":"ImageObject","inLanguage":"en-US","@id":"https:\/\/ubirataonline.com.br\/curitiba-tera-feira-gastronomica-latino-americana-todos-os-meses\/#primaryimage","url":"https:\/\/ubirataonline.com.br\/wp-content\/uploads\/2026\/02\/Curitiba-tera-feira-gastronomica-latino-americana-todos-os-meses.jpg","contentUrl":"https:\/\/ubirataonline.com.br\/wp-content\/uploads\/2026\/02\/Curitiba-tera-feira-gastronomica-latino-americana-todos-os-meses.jpg","width":1200,"height":821,"caption":"Ceviche \u00e9 um dos pratos t\u00edpicos da gastronomia latino-americana. Foto: Deposit Photos"},{"@type":"BreadcrumbList","@id":"https:\/\/ubirataonline.com.br\/curitiba-tera-feira-gastronomica-latino-americana-todos-os-meses\/#breadcrumb","itemListElement":[{"@type":"ListItem","position":1,"name":"In\u00edcio","item":"https:\/\/ubirataonline.com.br\/"},{"@type":"ListItem","position":2,"name":"Curitiba ter\u00e1 feira gastron\u00f4mica latino-americana todos os meses"}]},{"@type":"WebSite","@id":"https:\/\/ubirataonline.com.br\/#website","url":"https:\/\/ubirataonline.com.br\/","name":"Ubirat\u00e3 Online Not\u00edcias","description":"Not\u00edcias de Ubirat\u00e3, regi\u00e3o, Brasil e mundo, com informa\u00e7\u00e3o atualizada e compromisso com o leitor.","publisher":{"@id":"https:\/\/ubirataonline.com.br\/#organization"},"alternateName":"Ubirat\u00e3 Online","potentialAction":[{"@type":"SearchAction","target":{"@type":"EntryPoint","urlTemplate":"https:\/\/ubirataonline.com.br\/?s={search_term_string}"},"query-input":{"@type":"PropertyValueSpecification","valueRequired":true,"valueName":"search_term_string"}}],"inLanguage":"en-US"},{"@type":["Organization","Place"],"@id":"https:\/\/ubirataonline.com.br\/#organization","name":"Ubirat\u00e3 Online Not\u00edcias","alternateName":"Ubirat\u00e3 Online","url":"https:\/\/ubirataonline.com.br\/","logo":{"@id":"https:\/\/ubirataonline.com.br\/curitiba-tera-feira-gastronomica-latino-americana-todos-os-meses\/#local-main-organization-logo"},"image":{"@id":"https:\/\/ubirataonline.com.br\/curitiba-tera-feira-gastronomica-latino-americana-todos-os-meses\/#local-main-organization-logo"},"sameAs":["https:\/\/www.facebook.com\/portalubirataonline","https:\/\/x.com\/ubirataonline","https:\/\/mastodon.social\/@ubirataonline","https:\/\/www.facebook.com\/groups\/311144672285604","https:\/\/www.facebook.com\/UBTAOnline","https:\/\/www.instagram.com\/portalubirataonline\/","https:\/\/twitter.com\/ubirataonline"],"description":"Somos um portal de not\u00edcias independente, criado em 5 de janeiro de 2009, com o objetivo de informar, conectar e valorizar a nossa comunidade de Ubirat\u00e3 e toda aregi\u00e3o. Com conte\u00fado atualizado, confi\u00e1vel e relevante, o Ubirat\u00e3 Online \u00e9 o seu espa\u00e7o para ficar por dentro dos principais acontecimentos locais, regionais, Brasil, Mundo e de interesse geral. Nosso compromisso \u00e9 com a verdade, a transpar\u00eancia e o respeito ao leitor.","legalName":"UBIRATA ONLINE NOT\u00cdCIAS","foundingDate":"2009-01-05","numberOfEmployees":{"@type":"QuantitativeValue","minValue":"1","maxValue":"10"},"publishingPrinciples":"https:\/\/ubirataonline.com.br\/faq\/","address":{"@id":"https:\/\/ubirataonline.com.br\/curitiba-tera-feira-gastronomica-latino-americana-todos-os-meses\/#local-main-place-address"},"geo":{"@type":"GeoCoordinates","latitude":"-24.5361401","longitude":"-52.9921776"},"telephone":["+5544998308235"],"contactPoint":{"@type":"ContactPoint","email":"contato@ubirataonline.com.br"},"openingHoursSpecification":{"@type":"OpeningHoursSpecification","dayOfWeek":["Monday","Tuesday","Wednesday","Thursday","Friday","Saturday","Sunday"],"opens":"00:00","closes":"23:59"},"email":"contato@ubirataonline.com.br","vatID":"47.621.418\/0001-80"},{"@type":"Person","@id":"https:\/\/ubirataonline.com.br\/#\/schema\/person\/372f87bbd3fdd79b8556b84c98d0bc1c","name":"REDA\u00c7\u00c3O: UBIRAT\u00c3 ONLINE - F\u00c1BIO AUGUSTO CELESTINO","pronouns":"Ele","description":"Desde 2003 trabalhando com not\u00edcias.","sameAs":["http:\/\/ubirataoline.com.br","https:\/\/www.facebook.com\/portalubirataonline","https:\/\/www.instagram.com\/ubirataonline_oficial","https:\/\/x.com\/x.com\/ubirataonline"],"honorificPrefix":"Mr.","honorificSuffix":"MD","birthDate":"1980-06-16","gender":"masculino","award":["V\u00e1rios pr\u00eamios de melhor portal da cidade"],"jobTitle":"Diretor","url":"https:\/\/ubirataonline.com.br\/en\/author\/ubirataonline\/"},{"@type":"PostalAddress","@id":"https:\/\/ubirataonline.com.br\/curitiba-tera-feira-gastronomica-latino-americana-todos-os-meses\/#local-main-place-address","streetAddress":"Rua dos Coqueiros, 104 - Bairro Boa Vista, Rua dos Coqueiros, 104 Bairro Boa Vista","addressLocality":"UBIRATA","postalCode":"85440-000","addressRegion":"PR","addressCountry":"BR"},{"@type":"ImageObject","inLanguage":"en-US","@id":"https:\/\/ubirataonline.com.br\/curitiba-tera-feira-gastronomica-latino-americana-todos-os-meses\/#local-main-organization-logo","url":"https:\/\/ubirataonline.com.br\/wp-content\/uploads\/2026\/06\/logoubirataonline-1.webp","contentUrl":"https:\/\/ubirataonline.com.br\/wp-content\/uploads\/2026\/06\/logoubirataonline-1.webp","width":500,"height":500,"caption":"Ubirat\u00e3 Online Not\u00edcias"}]},"geo.placename":"UBIRATA","geo.position":{"lat":"-24.5361401","long":"-52.9921776"},"geo.region":"Brazil"},"_links":{"self":[{"href":"https:\/\/ubirataonline.com.br\/en\/wp-json\/wp\/v2\/posts\/89351","targetHints":{"allow":["GET"]}}],"collection":[{"href":"https:\/\/ubirataonline.com.br\/en\/wp-json\/wp\/v2\/posts"}],"about":[{"href":"https:\/\/ubirataonline.com.br\/en\/wp-json\/wp\/v2\/types\/post"}],"author":[{"embeddable":true,"href":"https:\/\/ubirataonline.com.br\/en\/wp-json\/wp\/v2\/users\/1"}],"replies":[{"embeddable":true,"href":"https:\/\/ubirataonline.com.br\/en\/wp-json\/wp\/v2\/comments?post=89351"}],"version-history":[{"count":0,"href":"https:\/\/ubirataonline.com.br\/en\/wp-json\/wp\/v2\/posts\/89351\/revisions"}],"wp:featuredmedia":[{"embeddable":true,"href":"https:\/\/ubirataonline.com.br\/en\/wp-json\/wp\/v2\/media\/89352"}],"wp:attachment":[{"href":"https:\/\/ubirataonline.com.br\/en\/wp-json\/wp\/v2\/media?parent=89351"}],"wp:term":[{"taxonomy":"category","embeddable":true,"href":"https:\/\/ubirataonline.com.br\/en\/wp-json\/wp\/v2\/categories?post=89351"},{"taxonomy":"post_tag","embeddable":true,"href":"https:\/\/ubirataonline.com.br\/en\/wp-json\/wp\/v2\/tags?post=89351"}],"curies":[{"name":"wp","href":"https:\/\/api.w.org\/{rel}","templated":true}]}}