{"id":89522,"date":"2026-02-23T11:17:37","date_gmt":"2026-02-23T14:17:37","guid":{"rendered":"https:\/\/ubirataonline.com.br\/azul-tera-acordo-de-compartilhamento-com-american-airlines-23-02-2026-economia\/"},"modified":"2026-02-23T11:17:51","modified_gmt":"2026-02-23T14:17:51","slug":"azul-tera-acordo-de-compartilhamento-com-american-airlines-23-02-2026-economia","status":"publish","type":"post","link":"https:\/\/ubirataonline.com.br\/en\/azul-tera-acordo-de-compartilhamento-com-american-airlines-23-02-2026-economia\/","title":{"rendered":"Azul ter\u00e1 acordo de compartilhamento com American Airlines &#8211; 23\/02\/2026 &#8211; Economia"},"content":{"rendered":"<p><\/p>\n<div data-news-content-text=\"\" data-disable-copy=\"\" data-continue-reading=\"\" data-continue-reading-hide-others=\".js-continue-reading-hidden\" data-age-rating=\"\" itemprop=\"articleBody\">\n<p>O CEO da <a href=\"https:\/\/www1.folha.uol.com.br\/folha-topicos\/azul\/\">Azul<\/a>, John Rodgerson, disse nesta segunda-feira (23) que a <a href=\"https:\/\/www1.folha.uol.com.br\/folha-topicos\/companhia-aerea\/\">companhia a\u00e9rea<\/a> ter\u00e1 um acordo de codeshare (compartilhamento de voos) com a American Airlines, que se comprometeu a fazer um investimento de US$ 100 milh\u00f5es na empresa brasileira.<\/p>\n<p>O aporte faz parte do processo de sa\u00edda da Azul do Chapter 11 (equivalente \u00e0 <a href=\"https:\/\/www1.folha.uol.com.br\/folha-topicos\/recuperacao-judicial\/\">recupera\u00e7\u00e3o judicial<\/a>).<\/p>\n<p>A <a href=\"https:\/\/www1.folha.uol.com.br\/folha-topicos\/azul\/\">Azul<\/a> informou na sexta-feira (20) que concluiu a <a href=\"https:\/\/www1.folha.uol.com.br\/folha-topicos\/recuperacao-judicial\/\">recupera\u00e7\u00e3o judicial<\/a> nos <a href=\"https:\/\/www1.folha.uol.com.br\/folha-topicos\/estados-unidos\/\">Estados Unidos<\/a>, iniciada em maio de 2025 para tentar reorganizar d\u00edvidas.<\/p>\n<p>O codeshare se refere a um trato entre empresas para ampliar a malha de voos e conex\u00f5es, oferecendo trechos alcan\u00e7ados apenas pela parceira.<\/p>\n<p>A companhia a\u00e9rea brasileira tamb\u00e9m receber\u00e1 US$ 100 milh\u00f5es da United Airlines.<\/p>\n<p>Rodgerson disse tamb\u00e9m que a Azul descarta retomar as negocia\u00e7\u00f5es de fus\u00e3o com a <a href=\"https:\/\/www1.folha.uol.com.br\/folha-topicos\/gol\/\">Gol<\/a>.<\/p>\n<p>&#8220;Quando voc\u00ea acumula um monte de d\u00edvida, a fus\u00e3o pode ser ben\u00e9fica como uma sa\u00edda diferente. Ao entrar [no Chapter 11], n\u00e3o h\u00e1 necessidade, a gente n\u00e3o precisa. No nosso balan\u00e7o, sa\u00edmos muito menos alavancada do que nossos concorrentes sa\u00edram [da recupera\u00e7\u00e3o judicial]. Ent\u00e3o eu n\u00e3o vejo isso [fus\u00e3o] como alguma coisa que est\u00e1 na mente&#8221;, disse a jornalistas.<\/p>\n<\/p><\/div>\n<div data-subscribe-advertising=\"\" data-subscriber=\"[data-subscriber]\" data-visitor=\"[data-visitor]\">\n<div data-subscriber=\"\" class=\"c-subscribe-ads c-subscribe-ads--azul is-hidden\">\n<h3 class=\"c-subscribe-ads__title\">sua assinatura pode valer ainda mais<\/h3>\n<p class=\"c-subscribe-ads__description\">Voc\u00ea j\u00e1 conhece as vantagens de ser assinante da Folha?&#13;<br \/>\nAl\u00e9m de ter acesso a reportagens e colunas, voc\u00ea conta com newsletters exclusivas (<a href=\"https:\/\/login.folha.com.br\/newsletter\">conhe\u00e7a aqui<\/a>).&#13;<br \/>\nTamb\u00e9m pode baixar nosso aplicativo gratuito na <a href=\"https:\/\/apps.apple.com\/br\/app\/folha-de-s-paulo\/id943058711?utm_source=materia&amp;utm_medium=textofinal&amp;utm_campaign=appletextocurto\">Apple Store<\/a> ou na <a href=\"https:\/\/play.google.com\/store\/apps\/details?id=br.com.folha.app&amp;hl=pt_BR&amp;utm_source=materia&amp;utm_medium=textofinal&amp;utm_campaign=androidtextocurto\">Google Play<\/a> para receber alertas das principais not\u00edcias do dia.&#13;<br \/>\nA sua assinatura nos ajuda a fazer um jornalismo independente e de qualidade. Obrigado!<\/p>\n<\/p><\/div>\n<div data-visitor=\"\" class=\"c-subscribe-ads c-subscribe-ads--azul is-hidden\">\n<h3 class=\"c-subscribe-ads__title\">sua assinatura vale muito<\/h3>\n<p class=\"c-subscribe-ads__description\">Mais de 180 reportagens e an\u00e1lises publicadas a cada dia. Um time com mais de 200 colunistas e blogueiros. Um jornalismo profissional que fiscaliza o poder p\u00fablico, veicula not\u00edcias proveitosas e inspiradoras, faz contraponto \u00e0 intoler\u00e2ncia das redes sociais e tra\u00e7a uma linha clara entre verdade e mentira. Quanto custa ajudar a produzir esse conte\u00fado?<\/p>\n<p>    <a href=\"https:\/\/assinaturas.folha.com.br\/420733\" class=\"c-button c-button--primary\">ASSINE POR R$ 1,90 NO 1\u00ba M\u00caS<\/a>\n  <\/div>\n<\/div>\n<p><a href=\"https:\/\/www1.folha.uol.com.br\/mercado\/2026\/02\/azul-tera-acordo-de-compartilhamento-de-voos-com-american-airlines-e-descarta-fusao-com-gol.shtml\">Source link <\/a><\/p>\n","protected":false},"excerpt":{"rendered":"<p>O CEO da Azul, John Rodgerson, disse nesta segunda-feira (23) que a companhia a\u00e9rea ter\u00e1 um acordo de codeshare (compartilhamento de voos) com a American Airlines, que se comprometeu a fazer um investimento de US$ 100 milh\u00f5es na empresa brasileira. O aporte faz parte do processo de sa\u00edda da Azul do Chapter 11 (equivalente \u00e0 [&hellip;]<\/p>\n","protected":false},"author":1,"featured_media":89523,"comment_status":"closed","ping_status":"","sticky":false,"template":"","format":"standard","meta":{"googlesitekit_rrm_CAow2JLhCw:productID":"","_gspb_post_css":"","maa_idioma":"","maa_pais":"","footnotes":""},"categories":[4],"tags":[3574,12626,5310,3241,13831,1898,3880],"class_list":["post-89522","post","type-post","status-publish","format-standard","has-post-thumbnail","hentry","category-brasil","tag-acordo","tag-airlines","tag-american","tag-azul","tag-compartilhamento","tag-economia","tag-tera"],"blocksy_meta":[],"yoast_head":"<!-- This site is optimized with the Yoast SEO Premium plugin v27.6 (Yoast SEO v27.6) - https:\/\/yoast.com\/product\/yoast-seo-premium-wordpress\/ -->\n<title>Azul ter\u00e1 acordo de compartilhamento com American Airlines - 23\/02\/2026 - Economia - Ubirat\u00e3 Online Not\u00edcias - A realidade ao seu alcance!<\/title>\n<meta name=\"description\" content=\"O CEO da Azul, John Rodgerson, disse nesta segunda-feira (23) que a companhia a\u00e9rea ter\u00e1 um acordo de codeshare (compartilhamento de voos) com a American\" \/>\n<meta name=\"robots\" content=\"index, follow, max-snippet:-1, max-image-preview:large, max-video-preview:-1\" \/>\n<link rel=\"canonical\" href=\"https:\/\/ubirataonline.com.br\/en\/azul-tera-acordo-de-compartilhamento-com-american-airlines-23-02-2026-economia\/\" \/>\n<meta property=\"og:locale\" content=\"en_US\" \/>\n<meta property=\"og:type\" content=\"article\" \/>\n<meta property=\"og:title\" content=\"Azul ter\u00e1 acordo de compartilhamento com American Airlines - 23\/02\/2026 - Economia\" \/>\n<meta property=\"og:description\" content=\"O CEO da Azul, John Rodgerson, disse nesta segunda-feira (23) que a companhia a\u00e9rea ter\u00e1 um acordo de codeshare (compartilhamento de voos) com a American\" \/>\n<meta property=\"og:url\" content=\"https:\/\/ubirataonline.com.br\/en\/azul-tera-acordo-de-compartilhamento-com-american-airlines-23-02-2026-economia\/\" \/>\n<meta property=\"og:site_name\" content=\"Ubirat\u00e3 Online Not\u00edcias - A realidade ao seu alcance!\" \/>\n<meta property=\"article:publisher\" content=\"https:\/\/www.facebook.com\/portalubirataonline\" \/>\n<meta property=\"article:author\" content=\"https:\/\/www.facebook.com\/portalubirataonline\" \/>\n<meta property=\"article:published_time\" content=\"2026-02-23T14:17:37+00:00\" \/>\n<meta property=\"article:modified_time\" content=\"2026-02-23T14:17:51+00:00\" \/>\n<meta property=\"og:image\" content=\"https:\/\/ubirataonline.com.br\/wp-content\/uploads\/2026\/02\/Azul-tera-acordo-de-compartilhamento-com-American-Airlines-23022026.jpg\" \/>\n\t<meta property=\"og:image:width\" content=\"2400\" \/>\n\t<meta property=\"og:image:height\" content=\"1600\" \/>\n\t<meta property=\"og:image:type\" content=\"image\/jpeg\" \/>\n<meta name=\"author\" content=\"REDA\u00c7\u00c3O: UBIRAT\u00c3 ONLINE - F\u00c1BIO AUGUSTO CELESTINO\" \/>\n<meta name=\"twitter:card\" content=\"summary_large_image\" \/>\n<meta name=\"twitter:creator\" content=\"@x.com\/ubirataonline\" \/>\n<meta name=\"twitter:site\" content=\"@ubirataonline\" \/>\n<meta name=\"twitter:label1\" content=\"Written by\" \/>\n\t<meta name=\"twitter:data1\" content=\"REDA\u00c7\u00c3O: UBIRAT\u00c3 ONLINE - F\u00c1BIO AUGUSTO CELESTINO\" \/>\n\t<meta name=\"twitter:label2\" content=\"Est. reading time\" \/>\n\t<meta name=\"twitter:data2\" content=\"2 minutes\" \/>\n<script type=\"application\/ld+json\" class=\"yoast-schema-graph\">{\"@context\":\"https:\\\/\\\/schema.org\",\"@graph\":[{\"@type\":\"NewsArticle\",\"@id\":\"https:\\\/\\\/ubirataonline.com.br\\\/azul-tera-acordo-de-compartilhamento-com-american-airlines-23-02-2026-economia\\\/#article\",\"isPartOf\":{\"@id\":\"https:\\\/\\\/ubirataonline.com.br\\\/azul-tera-acordo-de-compartilhamento-com-american-airlines-23-02-2026-economia\\\/\"},\"author\":{\"name\":\"REDA\u00c7\u00c3O: UBIRAT\u00c3 ONLINE - F\u00c1BIO AUGUSTO CELESTINO\",\"@id\":\"https:\\\/\\\/ubirataonline.com.br\\\/#\\\/schema\\\/person\\\/372f87bbd3fdd79b8556b84c98d0bc1c\"},\"headline\":\"Azul ter\u00e1 acordo de compartilhamento com American Airlines &#8211; 23\\\/02\\\/2026 &#8211; Economia\",\"datePublished\":\"2026-02-23T14:17:37+00:00\",\"dateModified\":\"2026-02-23T14:17:51+00:00\",\"mainEntityOfPage\":{\"@id\":\"https:\\\/\\\/ubirataonline.com.br\\\/azul-tera-acordo-de-compartilhamento-com-american-airlines-23-02-2026-economia\\\/\"},\"wordCount\":359,\"publisher\":{\"@id\":\"https:\\\/\\\/ubirataonline.com.br\\\/#organization\"},\"image\":{\"@id\":\"https:\\\/\\\/ubirataonline.com.br\\\/azul-tera-acordo-de-compartilhamento-com-american-airlines-23-02-2026-economia\\\/#primaryimage\"},\"thumbnailUrl\":\"https:\\\/\\\/ubirataonline.com.br\\\/wp-content\\\/uploads\\\/2026\\\/02\\\/Azul-tera-acordo-de-compartilhamento-com-American-Airlines-23022026.jpg\",\"keywords\":[\"acordo\",\"Airlines\",\"American\",\"azul\",\"Compartilhamento\",\"economia\",\"ter\u00e1\"],\"articleSection\":[\"Brasil\"],\"inLanguage\":\"en-US\",\"copyrightYear\":\"2026\",\"copyrightHolder\":{\"@id\":\"https:\\\/\\\/ubirataonline.com.br\\\/en\\\/#organization\"}},{\"@type\":\"WebPage\",\"@id\":\"https:\\\/\\\/ubirataonline.com.br\\\/azul-tera-acordo-de-compartilhamento-com-american-airlines-23-02-2026-economia\\\/\",\"url\":\"https:\\\/\\\/ubirataonline.com.br\\\/azul-tera-acordo-de-compartilhamento-com-american-airlines-23-02-2026-economia\\\/\",\"name\":\"Azul ter\u00e1 acordo de compartilhamento com American Airlines - 23\\\/02\\\/2026 - Economia - Ubirat\u00e3 Online Not\u00edcias - A realidade ao seu alcance!\",\"isPartOf\":{\"@id\":\"https:\\\/\\\/ubirataonline.com.br\\\/#website\"},\"primaryImageOfPage\":{\"@id\":\"https:\\\/\\\/ubirataonline.com.br\\\/azul-tera-acordo-de-compartilhamento-com-american-airlines-23-02-2026-economia\\\/#primaryimage\"},\"image\":{\"@id\":\"https:\\\/\\\/ubirataonline.com.br\\\/azul-tera-acordo-de-compartilhamento-com-american-airlines-23-02-2026-economia\\\/#primaryimage\"},\"thumbnailUrl\":\"https:\\\/\\\/ubirataonline.com.br\\\/wp-content\\\/uploads\\\/2026\\\/02\\\/Azul-tera-acordo-de-compartilhamento-com-American-Airlines-23022026.jpg\",\"datePublished\":\"2026-02-23T14:17:37+00:00\",\"dateModified\":\"2026-02-23T14:17:51+00:00\",\"description\":\"O CEO da Azul, John Rodgerson, disse nesta segunda-feira (23) que a companhia a\u00e9rea ter\u00e1 um acordo de codeshare (compartilhamento de voos) com a American\",\"breadcrumb\":{\"@id\":\"https:\\\/\\\/ubirataonline.com.br\\\/azul-tera-acordo-de-compartilhamento-com-american-airlines-23-02-2026-economia\\\/#breadcrumb\"},\"inLanguage\":\"en-US\",\"potentialAction\":[{\"@type\":\"ReadAction\",\"target\":[\"https:\\\/\\\/ubirataonline.com.br\\\/azul-tera-acordo-de-compartilhamento-com-american-airlines-23-02-2026-economia\\\/\"]}]},{\"@type\":\"ImageObject\",\"inLanguage\":\"en-US\",\"@id\":\"https:\\\/\\\/ubirataonline.com.br\\\/azul-tera-acordo-de-compartilhamento-com-american-airlines-23-02-2026-economia\\\/#primaryimage\",\"url\":\"https:\\\/\\\/ubirataonline.com.br\\\/wp-content\\\/uploads\\\/2026\\\/02\\\/Azul-tera-acordo-de-compartilhamento-com-American-Airlines-23022026.jpg\",\"contentUrl\":\"https:\\\/\\\/ubirataonline.com.br\\\/wp-content\\\/uploads\\\/2026\\\/02\\\/Azul-tera-acordo-de-compartilhamento-com-American-Airlines-23022026.jpg\",\"width\":2400,\"height\":1600,\"caption\":\"Avi\u00e3o decola no aeroporto de Congonhas - Bruno Santos - 15.mar.24\\\/Folhapress\"},{\"@type\":\"BreadcrumbList\",\"@id\":\"https:\\\/\\\/ubirataonline.com.br\\\/azul-tera-acordo-de-compartilhamento-com-american-airlines-23-02-2026-economia\\\/#breadcrumb\",\"itemListElement\":[{\"@type\":\"ListItem\",\"position\":1,\"name\":\"In\u00edcio\",\"item\":\"https:\\\/\\\/ubirataonline.com.br\\\/\"},{\"@type\":\"ListItem\",\"position\":2,\"name\":\"Azul ter\u00e1 acordo de compartilhamento com American Airlines &#8211; 23\\\/02\\\/2026 &#8211; Economia\"}]},{\"@type\":\"WebSite\",\"@id\":\"https:\\\/\\\/ubirataonline.com.br\\\/#website\",\"url\":\"https:\\\/\\\/ubirataonline.com.br\\\/\",\"name\":\"Ubirat\u00e3 Online Not\u00edcias\",\"description\":\"Not\u00edcias de Ubirat\u00e3, regi\u00e3o, Brasil e mundo, com informa\u00e7\u00e3o atualizada e compromisso com o leitor.\",\"publisher\":{\"@id\":\"https:\\\/\\\/ubirataonline.com.br\\\/#organization\"},\"alternateName\":\"Ubirat\u00e3 Online\",\"potentialAction\":[{\"@type\":\"SearchAction\",\"target\":{\"@type\":\"EntryPoint\",\"urlTemplate\":\"https:\\\/\\\/ubirataonline.com.br\\\/?s={search_term_string}\"},\"query-input\":{\"@type\":\"PropertyValueSpecification\",\"valueRequired\":true,\"valueName\":\"search_term_string\"}}],\"inLanguage\":\"en-US\"},{\"@type\":[\"Organization\",\"Place\"],\"@id\":\"https:\\\/\\\/ubirataonline.com.br\\\/#organization\",\"name\":\"Ubirat\u00e3 Online Not\u00edcias\",\"alternateName\":\"Ubirat\u00e3 Online\",\"url\":\"https:\\\/\\\/ubirataonline.com.br\\\/\",\"logo\":{\"@id\":\"https:\\\/\\\/ubirataonline.com.br\\\/azul-tera-acordo-de-compartilhamento-com-american-airlines-23-02-2026-economia\\\/#local-main-organization-logo\"},\"image\":{\"@id\":\"https:\\\/\\\/ubirataonline.com.br\\\/azul-tera-acordo-de-compartilhamento-com-american-airlines-23-02-2026-economia\\\/#local-main-organization-logo\"},\"sameAs\":[\"https:\\\/\\\/www.facebook.com\\\/portalubirataonline\",\"https:\\\/\\\/x.com\\\/ubirataonline\",\"https:\\\/\\\/mastodon.social\\\/@ubirataonline\",\"https:\\\/\\\/www.facebook.com\\\/groups\\\/311144672285604\",\"https:\\\/\\\/www.facebook.com\\\/UBTAOnline\",\"https:\\\/\\\/www.instagram.com\\\/portalubirataonline\\\/\",\"https:\\\/\\\/twitter.com\\\/ubirataonline\"],\"description\":\"Somos um portal de not\u00edcias independente, criado em 5 de janeiro de 2009, com o objetivo de informar, conectar e valorizar a nossa comunidade de Ubirat\u00e3 e toda aregi\u00e3o. Com conte\u00fado atualizado, confi\u00e1vel e relevante, o Ubirat\u00e3 Online \u00e9 o seu espa\u00e7o para ficar por dentro dos principais acontecimentos locais, regionais, Brasil, Mundo e de interesse geral. Nosso compromisso \u00e9 com a verdade, a transpar\u00eancia e o respeito ao leitor.\",\"legalName\":\"UBIRATA ONLINE NOT\u00cdCIAS\",\"foundingDate\":\"2009-01-05\",\"numberOfEmployees\":{\"@type\":\"QuantitativeValue\",\"minValue\":\"1\",\"maxValue\":\"10\"},\"publishingPrinciples\":\"https:\\\/\\\/ubirataonline.com.br\\\/faq\\\/\",\"address\":{\"@id\":\"https:\\\/\\\/ubirataonline.com.br\\\/azul-tera-acordo-de-compartilhamento-com-american-airlines-23-02-2026-economia\\\/#local-main-place-address\"},\"geo\":{\"@type\":\"GeoCoordinates\",\"latitude\":\"-24.5361401\",\"longitude\":\"-52.9921776\"},\"telephone\":[\"+5544998308235\"],\"contactPoint\":{\"@type\":\"ContactPoint\",\"email\":\"contato@ubirataonline.com.br\"},\"openingHoursSpecification\":{\"@type\":\"OpeningHoursSpecification\",\"dayOfWeek\":[\"Monday\",\"Tuesday\",\"Wednesday\",\"Thursday\",\"Friday\",\"Saturday\",\"Sunday\"],\"opens\":\"00:00\",\"closes\":\"23:59\"},\"email\":\"contato@ubirataonline.com.br\",\"vatID\":\"47.621.418\\\/0001-80\"},{\"@type\":\"Person\",\"@id\":\"https:\\\/\\\/ubirataonline.com.br\\\/#\\\/schema\\\/person\\\/372f87bbd3fdd79b8556b84c98d0bc1c\",\"name\":\"REDA\u00c7\u00c3O: UBIRAT\u00c3 ONLINE - F\u00c1BIO AUGUSTO CELESTINO\",\"pronouns\":\"Ele\",\"description\":\"Desde 2003 trabalhando com not\u00edcias.\",\"sameAs\":[\"http:\\\/\\\/ubirataoline.com.br\",\"https:\\\/\\\/www.facebook.com\\\/portalubirataonline\",\"https:\\\/\\\/www.instagram.com\\\/ubirataonline_oficial\",\"https:\\\/\\\/x.com\\\/x.com\\\/ubirataonline\"],\"honorificPrefix\":\"Mr.\",\"honorificSuffix\":\"MD\",\"birthDate\":\"1980-06-16\",\"gender\":\"masculino\",\"award\":[\"V\u00e1rios pr\u00eamios de melhor portal da cidade\"],\"jobTitle\":\"Diretor\",\"url\":\"https:\\\/\\\/ubirataonline.com.br\\\/en\\\/author\\\/ubirataonline\\\/\"},{\"@type\":\"PostalAddress\",\"@id\":\"https:\\\/\\\/ubirataonline.com.br\\\/azul-tera-acordo-de-compartilhamento-com-american-airlines-23-02-2026-economia\\\/#local-main-place-address\",\"streetAddress\":\"Rua dos Coqueiros, 104 - Bairro Boa Vista, Rua dos Coqueiros, 104 Bairro Boa Vista\",\"addressLocality\":\"UBIRATA\",\"postalCode\":\"85440-000\",\"addressRegion\":\"PR\",\"addressCountry\":\"BR\"},{\"@type\":\"ImageObject\",\"inLanguage\":\"en-US\",\"@id\":\"https:\\\/\\\/ubirataonline.com.br\\\/azul-tera-acordo-de-compartilhamento-com-american-airlines-23-02-2026-economia\\\/#local-main-organization-logo\",\"url\":\"https:\\\/\\\/ubirataonline.com.br\\\/wp-content\\\/uploads\\\/2026\\\/06\\\/logoubirataonline-1.webp\",\"contentUrl\":\"https:\\\/\\\/ubirataonline.com.br\\\/wp-content\\\/uploads\\\/2026\\\/06\\\/logoubirataonline-1.webp\",\"width\":500,\"height\":500,\"caption\":\"Ubirat\u00e3 Online Not\u00edcias\"}]}<\/script>\n<meta name=\"geo.placename\" content=\"UBIRATA\" \/>\n<meta name=\"geo.position\" content=\"-24.5361401;-52.9921776\" \/>\n<meta name=\"geo.region\" content=\"Brazil\" \/>\n<!-- \/ Yoast SEO Premium plugin. -->","yoast_head_json":{"title":"Azul ter\u00e1 acordo de compartilhamento com American Airlines - 23\/02\/2026 - Economia - Ubirat\u00e3 Online Not\u00edcias - A realidade ao seu alcance!","description":"O CEO da Azul, John Rodgerson, disse nesta segunda-feira (23) que a companhia a\u00e9rea ter\u00e1 um acordo de codeshare (compartilhamento de voos) com a American","robots":{"index":"index","follow":"follow","max-snippet":"max-snippet:-1","max-image-preview":"max-image-preview:large","max-video-preview":"max-video-preview:-1"},"canonical":"https:\/\/ubirataonline.com.br\/en\/azul-tera-acordo-de-compartilhamento-com-american-airlines-23-02-2026-economia\/","og_locale":"en_US","og_type":"article","og_title":"Azul ter\u00e1 acordo de compartilhamento com American Airlines - 23\/02\/2026 - Economia","og_description":"O CEO da Azul, John Rodgerson, disse nesta segunda-feira (23) que a companhia a\u00e9rea ter\u00e1 um acordo de codeshare (compartilhamento de voos) com a American","og_url":"https:\/\/ubirataonline.com.br\/en\/azul-tera-acordo-de-compartilhamento-com-american-airlines-23-02-2026-economia\/","og_site_name":"Ubirat\u00e3 Online Not\u00edcias - A realidade ao seu alcance!","article_publisher":"https:\/\/www.facebook.com\/portalubirataonline","article_author":"https:\/\/www.facebook.com\/portalubirataonline","article_published_time":"2026-02-23T14:17:37+00:00","article_modified_time":"2026-02-23T14:17:51+00:00","og_image":[{"width":2400,"height":1600,"url":"https:\/\/ubirataonline.com.br\/wp-content\/uploads\/2026\/02\/Azul-tera-acordo-de-compartilhamento-com-American-Airlines-23022026.jpg","type":"image\/jpeg"}],"author":"REDA\u00c7\u00c3O: UBIRAT\u00c3 ONLINE - F\u00c1BIO AUGUSTO CELESTINO","twitter_card":"summary_large_image","twitter_creator":"@x.com\/ubirataonline","twitter_site":"@ubirataonline","twitter_misc":{"Written by":"REDA\u00c7\u00c3O: UBIRAT\u00c3 ONLINE - F\u00c1BIO AUGUSTO CELESTINO","Est. reading time":"2 minutes"},"schema":{"@context":"https:\/\/schema.org","@graph":[{"@type":"NewsArticle","@id":"https:\/\/ubirataonline.com.br\/azul-tera-acordo-de-compartilhamento-com-american-airlines-23-02-2026-economia\/#article","isPartOf":{"@id":"https:\/\/ubirataonline.com.br\/azul-tera-acordo-de-compartilhamento-com-american-airlines-23-02-2026-economia\/"},"author":{"name":"REDA\u00c7\u00c3O: UBIRAT\u00c3 ONLINE - F\u00c1BIO AUGUSTO CELESTINO","@id":"https:\/\/ubirataonline.com.br\/#\/schema\/person\/372f87bbd3fdd79b8556b84c98d0bc1c"},"headline":"Azul ter\u00e1 acordo de compartilhamento com American Airlines &#8211; 23\/02\/2026 &#8211; Economia","datePublished":"2026-02-23T14:17:37+00:00","dateModified":"2026-02-23T14:17:51+00:00","mainEntityOfPage":{"@id":"https:\/\/ubirataonline.com.br\/azul-tera-acordo-de-compartilhamento-com-american-airlines-23-02-2026-economia\/"},"wordCount":359,"publisher":{"@id":"https:\/\/ubirataonline.com.br\/#organization"},"image":{"@id":"https:\/\/ubirataonline.com.br\/azul-tera-acordo-de-compartilhamento-com-american-airlines-23-02-2026-economia\/#primaryimage"},"thumbnailUrl":"https:\/\/ubirataonline.com.br\/wp-content\/uploads\/2026\/02\/Azul-tera-acordo-de-compartilhamento-com-American-Airlines-23022026.jpg","keywords":["acordo","Airlines","American","azul","Compartilhamento","economia","ter\u00e1"],"articleSection":["Brasil"],"inLanguage":"en-US","copyrightYear":"2026","copyrightHolder":{"@id":"https:\/\/ubirataonline.com.br\/en\/#organization"}},{"@type":"WebPage","@id":"https:\/\/ubirataonline.com.br\/azul-tera-acordo-de-compartilhamento-com-american-airlines-23-02-2026-economia\/","url":"https:\/\/ubirataonline.com.br\/azul-tera-acordo-de-compartilhamento-com-american-airlines-23-02-2026-economia\/","name":"Azul ter\u00e1 acordo de compartilhamento com American Airlines - 23\/02\/2026 - Economia - Ubirat\u00e3 Online Not\u00edcias - A realidade ao seu alcance!","isPartOf":{"@id":"https:\/\/ubirataonline.com.br\/#website"},"primaryImageOfPage":{"@id":"https:\/\/ubirataonline.com.br\/azul-tera-acordo-de-compartilhamento-com-american-airlines-23-02-2026-economia\/#primaryimage"},"image":{"@id":"https:\/\/ubirataonline.com.br\/azul-tera-acordo-de-compartilhamento-com-american-airlines-23-02-2026-economia\/#primaryimage"},"thumbnailUrl":"https:\/\/ubirataonline.com.br\/wp-content\/uploads\/2026\/02\/Azul-tera-acordo-de-compartilhamento-com-American-Airlines-23022026.jpg","datePublished":"2026-02-23T14:17:37+00:00","dateModified":"2026-02-23T14:17:51+00:00","description":"O CEO da Azul, John Rodgerson, disse nesta segunda-feira (23) que a companhia a\u00e9rea ter\u00e1 um acordo de codeshare (compartilhamento de voos) com a American","breadcrumb":{"@id":"https:\/\/ubirataonline.com.br\/azul-tera-acordo-de-compartilhamento-com-american-airlines-23-02-2026-economia\/#breadcrumb"},"inLanguage":"en-US","potentialAction":[{"@type":"ReadAction","target":["https:\/\/ubirataonline.com.br\/azul-tera-acordo-de-compartilhamento-com-american-airlines-23-02-2026-economia\/"]}]},{"@type":"ImageObject","inLanguage":"en-US","@id":"https:\/\/ubirataonline.com.br\/azul-tera-acordo-de-compartilhamento-com-american-airlines-23-02-2026-economia\/#primaryimage","url":"https:\/\/ubirataonline.com.br\/wp-content\/uploads\/2026\/02\/Azul-tera-acordo-de-compartilhamento-com-American-Airlines-23022026.jpg","contentUrl":"https:\/\/ubirataonline.com.br\/wp-content\/uploads\/2026\/02\/Azul-tera-acordo-de-compartilhamento-com-American-Airlines-23022026.jpg","width":2400,"height":1600,"caption":"Avi\u00e3o decola no aeroporto de Congonhas - Bruno Santos - 15.mar.24\/Folhapress"},{"@type":"BreadcrumbList","@id":"https:\/\/ubirataonline.com.br\/azul-tera-acordo-de-compartilhamento-com-american-airlines-23-02-2026-economia\/#breadcrumb","itemListElement":[{"@type":"ListItem","position":1,"name":"In\u00edcio","item":"https:\/\/ubirataonline.com.br\/"},{"@type":"ListItem","position":2,"name":"Azul ter\u00e1 acordo de compartilhamento com American Airlines &#8211; 23\/02\/2026 &#8211; Economia"}]},{"@type":"WebSite","@id":"https:\/\/ubirataonline.com.br\/#website","url":"https:\/\/ubirataonline.com.br\/","name":"Ubirat\u00e3 Online Not\u00edcias","description":"Not\u00edcias de Ubirat\u00e3, regi\u00e3o, Brasil e mundo, com informa\u00e7\u00e3o atualizada e compromisso com o leitor.","publisher":{"@id":"https:\/\/ubirataonline.com.br\/#organization"},"alternateName":"Ubirat\u00e3 Online","potentialAction":[{"@type":"SearchAction","target":{"@type":"EntryPoint","urlTemplate":"https:\/\/ubirataonline.com.br\/?s={search_term_string}"},"query-input":{"@type":"PropertyValueSpecification","valueRequired":true,"valueName":"search_term_string"}}],"inLanguage":"en-US"},{"@type":["Organization","Place"],"@id":"https:\/\/ubirataonline.com.br\/#organization","name":"Ubirat\u00e3 Online Not\u00edcias","alternateName":"Ubirat\u00e3 Online","url":"https:\/\/ubirataonline.com.br\/","logo":{"@id":"https:\/\/ubirataonline.com.br\/azul-tera-acordo-de-compartilhamento-com-american-airlines-23-02-2026-economia\/#local-main-organization-logo"},"image":{"@id":"https:\/\/ubirataonline.com.br\/azul-tera-acordo-de-compartilhamento-com-american-airlines-23-02-2026-economia\/#local-main-organization-logo"},"sameAs":["https:\/\/www.facebook.com\/portalubirataonline","https:\/\/x.com\/ubirataonline","https:\/\/mastodon.social\/@ubirataonline","https:\/\/www.facebook.com\/groups\/311144672285604","https:\/\/www.facebook.com\/UBTAOnline","https:\/\/www.instagram.com\/portalubirataonline\/","https:\/\/twitter.com\/ubirataonline"],"description":"Somos um portal de not\u00edcias independente, criado em 5 de janeiro de 2009, com o objetivo de informar, conectar e valorizar a nossa comunidade de Ubirat\u00e3 e toda aregi\u00e3o. Com conte\u00fado atualizado, confi\u00e1vel e relevante, o Ubirat\u00e3 Online \u00e9 o seu espa\u00e7o para ficar por dentro dos principais acontecimentos locais, regionais, Brasil, Mundo e de interesse geral. Nosso compromisso \u00e9 com a verdade, a transpar\u00eancia e o respeito ao leitor.","legalName":"UBIRATA ONLINE NOT\u00cdCIAS","foundingDate":"2009-01-05","numberOfEmployees":{"@type":"QuantitativeValue","minValue":"1","maxValue":"10"},"publishingPrinciples":"https:\/\/ubirataonline.com.br\/faq\/","address":{"@id":"https:\/\/ubirataonline.com.br\/azul-tera-acordo-de-compartilhamento-com-american-airlines-23-02-2026-economia\/#local-main-place-address"},"geo":{"@type":"GeoCoordinates","latitude":"-24.5361401","longitude":"-52.9921776"},"telephone":["+5544998308235"],"contactPoint":{"@type":"ContactPoint","email":"contato@ubirataonline.com.br"},"openingHoursSpecification":{"@type":"OpeningHoursSpecification","dayOfWeek":["Monday","Tuesday","Wednesday","Thursday","Friday","Saturday","Sunday"],"opens":"00:00","closes":"23:59"},"email":"contato@ubirataonline.com.br","vatID":"47.621.418\/0001-80"},{"@type":"Person","@id":"https:\/\/ubirataonline.com.br\/#\/schema\/person\/372f87bbd3fdd79b8556b84c98d0bc1c","name":"REDA\u00c7\u00c3O: UBIRAT\u00c3 ONLINE - F\u00c1BIO AUGUSTO CELESTINO","pronouns":"Ele","description":"Desde 2003 trabalhando com not\u00edcias.","sameAs":["http:\/\/ubirataoline.com.br","https:\/\/www.facebook.com\/portalubirataonline","https:\/\/www.instagram.com\/ubirataonline_oficial","https:\/\/x.com\/x.com\/ubirataonline"],"honorificPrefix":"Mr.","honorificSuffix":"MD","birthDate":"1980-06-16","gender":"masculino","award":["V\u00e1rios pr\u00eamios de melhor portal da cidade"],"jobTitle":"Diretor","url":"https:\/\/ubirataonline.com.br\/en\/author\/ubirataonline\/"},{"@type":"PostalAddress","@id":"https:\/\/ubirataonline.com.br\/azul-tera-acordo-de-compartilhamento-com-american-airlines-23-02-2026-economia\/#local-main-place-address","streetAddress":"Rua dos Coqueiros, 104 - Bairro Boa Vista, Rua dos Coqueiros, 104 Bairro Boa Vista","addressLocality":"UBIRATA","postalCode":"85440-000","addressRegion":"PR","addressCountry":"BR"},{"@type":"ImageObject","inLanguage":"en-US","@id":"https:\/\/ubirataonline.com.br\/azul-tera-acordo-de-compartilhamento-com-american-airlines-23-02-2026-economia\/#local-main-organization-logo","url":"https:\/\/ubirataonline.com.br\/wp-content\/uploads\/2026\/06\/logoubirataonline-1.webp","contentUrl":"https:\/\/ubirataonline.com.br\/wp-content\/uploads\/2026\/06\/logoubirataonline-1.webp","width":500,"height":500,"caption":"Ubirat\u00e3 Online Not\u00edcias"}]},"geo.placename":"UBIRATA","geo.position":{"lat":"-24.5361401","long":"-52.9921776"},"geo.region":"Brazil"},"_links":{"self":[{"href":"https:\/\/ubirataonline.com.br\/en\/wp-json\/wp\/v2\/posts\/89522","targetHints":{"allow":["GET"]}}],"collection":[{"href":"https:\/\/ubirataonline.com.br\/en\/wp-json\/wp\/v2\/posts"}],"about":[{"href":"https:\/\/ubirataonline.com.br\/en\/wp-json\/wp\/v2\/types\/post"}],"author":[{"embeddable":true,"href":"https:\/\/ubirataonline.com.br\/en\/wp-json\/wp\/v2\/users\/1"}],"replies":[{"embeddable":true,"href":"https:\/\/ubirataonline.com.br\/en\/wp-json\/wp\/v2\/comments?post=89522"}],"version-history":[{"count":0,"href":"https:\/\/ubirataonline.com.br\/en\/wp-json\/wp\/v2\/posts\/89522\/revisions"}],"wp:featuredmedia":[{"embeddable":true,"href":"https:\/\/ubirataonline.com.br\/en\/wp-json\/wp\/v2\/media\/89523"}],"wp:attachment":[{"href":"https:\/\/ubirataonline.com.br\/en\/wp-json\/wp\/v2\/media?parent=89522"}],"wp:term":[{"taxonomy":"category","embeddable":true,"href":"https:\/\/ubirataonline.com.br\/en\/wp-json\/wp\/v2\/categories?post=89522"},{"taxonomy":"post_tag","embeddable":true,"href":"https:\/\/ubirataonline.com.br\/en\/wp-json\/wp\/v2\/tags?post=89522"}],"curies":[{"name":"wp","href":"https:\/\/api.w.org\/{rel}","templated":true}]}}