{"id":89627,"date":"2026-02-23T20:51:32","date_gmt":"2026-02-23T23:51:32","guid":{"rendered":"https:\/\/ubirataonline.com.br\/coamo-investe-r-136-milhoes-e-amplia-presenca-no-parana\/"},"modified":"2026-02-23T20:51:36","modified_gmt":"2026-02-23T23:51:36","slug":"coamo-investe-r-136-milhoes-e-amplia-presenca-no-parana","status":"publish","type":"post","link":"https:\/\/ubirataonline.com.br\/en\/coamo-investe-r-136-milhoes-e-amplia-presenca-no-parana\/","title":{"rendered":"Coamo investe R$ 136 milh\u00f5es e amplia presen\u00e7a no Paran\u00e1"},"content":{"rendered":"<p><\/p>\n<div id=\"post-content\">\n<p>A\u00a0<strong>Coamo\u00a0Agroindustrial Cooperativa<\/strong> adquiriu quatro unidades de armazenagem e instala\u00e7\u00f5es agr\u00edcolas na regi\u00e3o<strong> norte do Paran\u00e1<\/strong>. A opera\u00e7\u00e3o abrange ativos em Camb\u00e9, Sab\u00e1udia, Assa\u00ed e Bela Vista do Para\u00edso. O neg\u00f3cio, de R$ 136 milh\u00f5es, marca uma nova etapa de expans\u00e3o territorial e refor\u00e7a a atua\u00e7\u00e3o da cooperativa junto aos produtores rurais da regi\u00e3o.<\/p>\n<p>As unidades pertenciam ao Fundo P\u00e1tria Log\u00edstica Agro e estavam sob arrendamento da Belagr\u00edcola, que enfrenta recupera\u00e7\u00e3o extrajudicial. Com a transa\u00e7\u00e3o fechada em janeiro, a Coamo assumiu o controle integral das estruturas e somou cerca de 220 mil toneladas de capacidade de armazenagem \u00e0 rede.<\/p>\n<p>O presidente executivo da Coamo, Airton Galinari, afirmou que a cooperativa adota aquisi\u00e7\u00f5es como instrumento de expans\u00e3o territorial e fortalecimento da base produtiva. \u201cA Coamo sempre cresceu se expandindo por incorpora\u00e7\u00f5es, em sua grande maioria de empresas e cooperativas. Esse \u00e9 o modelo que adotamos tamb\u00e9m em outras regi\u00f5es ao longo dos anos.<\/p>\n<h2 class=\"wp-block-heading\" id=\"h-coamo-deve-reforcar-o-agro-na-regiao-norte-do-parana\">Coamo deve refor\u00e7ar o agro na regi\u00e3o norte do Paran\u00e1<\/h2>\n<p>A integra\u00e7\u00e3o das unidades na regi\u00e3o norte paranaense transforma os locais em entrepostos completos. Al\u00e9m do recebimento de gr\u00e3os, os espa\u00e7os oferecem insumos, assist\u00eancia t\u00e9cnica, venda de equipamentos e apoio financeiro da Credicoamo, ag\u00eancia de cr\u00e9dito da cooperativa.<\/p>\n<p>Para o presidente da Sociedade Rural do Paran\u00e1, Marcelo El Kadre, a chegada da Coamo na regi\u00e3o norte do estado fortalece o agro e acelera a produ\u00e7\u00e3o na regi\u00e3o. \u201c\u00c9 importante para o produtor rural poder contar com a solidez da cooperativa que \u00e9 uma das maiores da Am\u00e9rica Latina. Isso otimiza o recebimento e a distribui\u00e7\u00e3o de insumos. \u00c9 mais uma op\u00e7\u00e3o para o produtor, que j\u00e1 pode contar com a\u00a0Cocamar, com a\u00a0Integrada\u00a0e outras\u201d, afirmou o presidente.<\/p>\n<p>A Coamo fechou 2025 com 32,7 mil cooperados e um patrim\u00f4nio l\u00edquido de R$ 13,376 bilh\u00f5es. O recebimento de produtos agr\u00edcolas dos cooperados foi de 8,024 milh\u00f5es de toneladas. Na lista\u00a0<em>Forbes Agro100 2025<\/em>, a cooperativa foi classificada como a 15\u00aa maior empresa do agroneg\u00f3cio no Brasil. O levantamento utiliza indicadores financeiros, com foco na receita l\u00edquida anual, para dimensionar o peso econ\u00f4mico e a relev\u00e2ncia estrat\u00e9gica do setor.<\/p>\n<p>A empresa \u00e9 destaque em outro ranking: de acordo com a edi\u00e7\u00e3o de 2025 do\u00a0<em>World Cooperative Monitor<\/em>, publicado pela Alian\u00e7a Cooperativa Internacional, a Coamo est\u00e1 entre as 10 maiores cooperativas agropecu\u00e1rias do mundo, em s\u00e9timo lugar. As outras duas cooperativas brasileira que aparecem entre as primeiras colocadas s\u00e3o a\u00a0<strong>Copersucar<\/strong>, no 4\u00b0 lugar, e a\u00a0<strong>C.Vale<\/strong>, no 10\u00b0 lugar.<\/p>\n<p>El Kadre avalia que a pot\u00eancia da cooperativa assegura a produ\u00e7\u00e3o em um setor que enfrenta um ambiente de incertezas. \u201cNo agro, vivemos uma inseguran\u00e7a jur\u00eddica muito grande, uma pol\u00edtica agr\u00edcola que n\u00e3o existe, um governo federal que parece que n\u00e3o v\u00ea o comprometimento do agro em rela\u00e7\u00e3o ao desenvolvimento do pa\u00eds. Ent\u00e3o contar com a Coamo \u00e9 uma possibilidade a mais para o produtor crescer e fazer crescer o Paran\u00e1\u201d, pontuou.<\/p>\n<p>A cooperativa utilizou recursos pr\u00f3prios na opera\u00e7\u00e3o. Do montante de R$ 136 milh\u00f5es, a Coamo pagou R$ 31,2 milh\u00f5es no fechamento do contrato. O saldo de R$ 104,8 milh\u00f5es ficou dividido em quatro parcelas semestrais de R$ 26,2 milh\u00f5es, com corre\u00e7\u00e3o pela varia\u00e7\u00e3o do Certificado de Dep\u00f3sito Interbanc\u00e1rio (CDI).<\/p>\n<p>O Fundo P\u00e1tria, que adquiriu os im\u00f3veis em 2020 por R$ 90,08 milh\u00f5es, obteve um pre\u00e7o de venda 51% superior ao valor investido. Galinari destacou que a negocia\u00e7\u00e3o ocorreu em apenas 30 dias e que a proposta da Coamo superou as demais ofertas.<\/p>\n<h2 class=\"wp-block-heading\">Coamo investe R$ 1,9 bilh\u00e3o e avan\u00e7a em etanol e biodiesel<\/h2>\n<p>A Coamo registrou receita global de R$ 28,7 bilh\u00f5es em 2025, com sobra l\u00edquida de R$ 2,019 bilh\u00f5es. Foram distribu\u00eddos mais de R$ 716 milh\u00f5es aos 32,7 mil cooperados de 76 munic\u00edpios. O rateio considerou valores como R$ 3,50 por saca de soja e R$ 1,30 para milho e trigo.<\/p>\n<p>Gallassini explica que o montante total de benef\u00edcios alcan\u00e7ou R$ 823 milh\u00f5es ao incluir capital social e cr\u00e9ditos. \u201cAl\u00e9m das sobras significativas distribu\u00eddas de R$ 716 milh\u00f5es, devolvemos mais de R$ 26 milh\u00f5es de capital social aos cooperados com 65 anos ou mais e que completaram 10 anos de perman\u00eancia na Coamo e R$ 14,5 milh\u00f5es em ICMS\u201d, afirmou.<\/p>\n<p>O alta do patrim\u00f4nio l\u00edquido da Coamo atingiu 11,5% em 2025, chegando aos R$ 13,376 bilh\u00f5es. No \u00faltimo ano, a cooperativa investiu R$ 1,932 bilh\u00e3o na moderniza\u00e7\u00e3o de infraestrutura e expans\u00e3o industrial. A cooperativa encerrou o exerc\u00edcio de 2025 com 10.521 funcion\u00e1rios efetivos.<\/p>\n<p>O grupo, que iniciou as atividades em 1970, em Campo Mour\u00e3o, centro-oeste do Paran\u00e1,\u00a0implantou no ano passado\u00a0uma nova ind\u00fastria de etanol de milho no munic\u00edpio sede e uma de biodiesel em Paranagu\u00e1. Em Santa Catarina, a Coamo segue com o projeto do novo porto em Itapo\u00e1, em fase de licenciamento e\u00a0previs\u00e3o de obras para 2027.<\/p>\n<p><a href=\"https:\/\/www.gazetadopovo.com.br\/parana\/gigante-do-agro-coamo-investimento-operacoes-regiao-sul\/\" target=\"_blank\" rel=\"noreferrer noopener\">Leia o conte\u00fado original na Gazeta do Povo.<\/a><\/p>\n<section class=\"virals\">\n<article class=\"cardnews cardnews--post cardnews--has-thumbnail cardnews--editorial-noticias\"> <a href=\"https:\/\/www.tribunapr.com.br\/noticias\/parana\/golpe-do-ipva-engana-profissional-da-tecnologia-no-parana-como-evitar-a-fraude\/?utm_source=noticias-virais-rodape&amp;utm_medium=internal-tribuna&amp;utm_campaign=tribuna\" class=\"cardnews__postlink\"> <\/p>\n<div class=\"cardnews__image\" is-api-thumb=\"\"><\/div>\n<div class=\"cardnews__content cardhome__content\">\n<div class=\"cardnews__content-wrapper\">\n<p> <span style=\"\"> Fique atento! <\/span> <\/p>\n<p>At\u00e9 especialistas ca\u00edram: o detalhe no boleto do IPVA que rouba seu dinheiro<\/p>\n<\/p><\/div>\n<\/p><\/div>\n<p> <\/a> <\/article>\n<article class=\"cardnews cardnews--post cardnews--has-thumbnail cardnews--editorial-noticias\"> <a href=\"https:\/\/www.tribunapr.com.br\/noticias\/curitiba-regiao\/litoral-do-parana-passa-a-figurar-entre-os-mais-valorizados-do-pais\/?utm_source=noticias-virais-rodape&amp;utm_medium=internal-tribuna&amp;utm_campaign=tribuna\" class=\"cardnews__postlink\"> <\/p>\n<div class=\"cardnews__image\" is-api-thumb=\"\"><img decoding=\"async\" src=\"https:\/\/www.tribunapr.com.br\/wp-content\/uploads\/2026\/02\/04151141\/matinhos-litoral-370x210.jpg\" loading=\"lazy\" alt=\"Adeus, pre\u00e7os baixos? Esta regi\u00e3o do Paran\u00e1 virou a nova 'mina de ouro'\"\/><\/div>\n<div class=\"cardnews__content cardhome__content\">\n<div class=\"cardnews__content-wrapper\">\n<p> <span style=\"\"> Mercado imobili\u00e1rio <\/span> <\/p>\n<p>Adeus, pre\u00e7os baixos? Esta regi\u00e3o do Paran\u00e1 virou a nova &#8216;mina de ouro&#8217;<\/p>\n<\/p><\/div>\n<\/p><\/div>\n<p> <\/a> <\/article>\n<article class=\"cardnews cardnews--post cardnews--has-thumbnail cardnews--editorial-noticias\"> <a href=\"https:\/\/www.tribunapr.com.br\/blogs\/rango-barateza\/biscoitos-da-vovo-elza-tradicao-que-nasceu-do-afeto-e-conquistou-curitiba\/?utm_source=noticias-virais-rodape&amp;utm_medium=internal-tribuna&amp;utm_campaign=tribuna\" class=\"cardnews__postlink\"> <\/p>\n<div class=\"cardnews__image\" is-api-thumb=\"\"><img decoding=\"async\" src=\"https:\/\/www.tribunapr.com.br\/wp-content\/uploads\/2026\/02\/06135141\/vovo-elza-02-770x440-1-370x210.webp\" loading=\"lazy\" alt=\"O segredo de Curitiba: como uma receita de fam\u00edlia virou um imp\u00e9rio do afeto\"\/><\/div>\n<div class=\"cardnews__content cardhome__content\">\n<div class=\"cardnews__content-wrapper\">\n<p> <span style=\"\"> Rango Barateza! <\/span> <\/p>\n<p>O segredo de Curitiba: como uma receita de fam\u00edlia virou um imp\u00e9rio do afeto<\/p>\n<\/p><\/div>\n<\/p><\/div>\n<p> <\/a> <\/article>\n<\/section>\n<div id=\"tribuna-follow-cta\">\n<p> <span class=\"cta-title\">Siga a <span class=\"tribuna-color\">Tribuna<\/span> no Google, e acompanhe as \u00faltimas not\u00edcias de Curitiba e regi\u00e3o!<\/span> <\/p>\n<p> <a href=\"https:\/\/profile.google.com\/cp\/CgwvZy8xMmxxajUzM3Mac2h0dHBzOi8vd3d3LnRyaWJ1bmFwci5jb20uYnIvdml2YS92aXRyaW5lL2dpZ2FudGUtZG8tdmVzdHVhcmlvLXJlaW5hdWd1cmEtbG9qYS1lbS1zaG9wcGluZy10cmFkaWNpb25hbC1kZS1jdXJpdGliYS8iElRyaWJ1bmEgZG8gUGFyYW7DoSqAAwrHAWh0dHBzOi8vZW5jcnlwdGVkLXRibjIuZ3N0YXRpYy5jb20vZmF2aWNvbi10Ym4_cT10Ym46QU5kOUdjUVJPbjVDRjR6TzJPbkUwTXZrRlRCRTY2U0g1bGlaVDRaZTV3bWNKeU5GRm1BSnluM01nNU9PR3BXY1pYMzZwYU5HUWtsZ09JVEFLTTNNZVNGbTc1aWp6M3k2ajUtQ3M2b25kX2JUcFFQQkVLd3RsUjBsTmJESnUtVHhrNXQtbFlCNlVpOWZSVVFjT2cSswFodHRwczovL2VuY3J5cHRlZC10Ym4zLmdzdGF0aWMuY29tL2Zhdmljb24tdGJuP3E9dGJuJTNBQU5kOUdjU0FMaWJ2eFF0YXdFMFRueVdWWmVKRS1MZEdRZjVTUi1OZ2RMazhyZzIwVy1nM0JuQ1F4VDNKZFBjRXR2THdBeVRxUDJEdHVycEdVR29CQkxpYzM5al9wSmFxRERaMHNCYW05WEVhSGVsMmZTQmdKdlF4WWVyMw\" target=\"_blank\" title=\"Seguir a Tribuna no Google\">  <\/a> <\/div>\n<\/p><\/div>\n<p><a href=\"https:\/\/www.tribunapr.com.br\/noticias\/parana\/gigante-do-agro-investe-r-136-milhoes-e-amplia-presenca-no-norte-do-parana\/\">Source link <\/a><\/p>","protected":false},"excerpt":{"rendered":"<p>A\u00a0Coamo\u00a0Agroindustrial Cooperativa adquiriu quatro unidades de armazenagem e instala\u00e7\u00f5es agr\u00edcolas na regi\u00e3o norte do Paran\u00e1. A opera\u00e7\u00e3o abrange ativos em Camb\u00e9, Sab\u00e1udia, Assa\u00ed e Bela Vista do Para\u00edso. O neg\u00f3cio, de R$ 136 milh\u00f5es, marca uma nova etapa de expans\u00e3o territorial e refor\u00e7a a atua\u00e7\u00e3o da cooperativa junto aos produtores rurais da regi\u00e3o. As unidades [&hellip;]<\/p>\n","protected":false},"author":1,"featured_media":89628,"comment_status":"closed","ping_status":"","sticky":false,"template":"","format":"standard","meta":{"googlesitekit_rrm_CAow2JLhCw:productID":"","_gspb_post_css":"","maa_idioma":"","maa_pais":"","footnotes":""},"categories":[1],"tags":[8844,20225,8517,3347,90,14927],"class_list":["post-89627","post","type-post","status-publish","format-standard","has-post-thumbnail","hentry","category-ubirata","tag-amplia","tag-coamo","tag-investe","tag-milhoes","tag-parana","tag-presenca"],"blocksy_meta":[],"yoast_head":"<!-- This site is optimized with the Yoast SEO Premium plugin v27.6 (Yoast SEO v27.6) - https:\/\/yoast.com\/product\/yoast-seo-premium-wordpress\/ -->\n<title>Coamo investe R$ 136 milh\u00f5es e amplia presen\u00e7a no Paran\u00e1 - Ubirat\u00e3 Online Not\u00edcias - A realidade ao seu alcance!<\/title>\n<meta name=\"description\" content=\"A\u00a0Coamo\u00a0Agroindustrial Cooperativa adquiriu quatro unidades de armazenagem e instala\u00e7\u00f5es agr\u00edcolas na regi\u00e3o norte do Paran\u00e1. A opera\u00e7\u00e3o abrange ativos em\" \/>\n<meta name=\"robots\" content=\"index, follow, max-snippet:-1, max-image-preview:large, max-video-preview:-1\" \/>\n<link rel=\"canonical\" href=\"https:\/\/ubirataonline.com.br\/en\/coamo-investe-r-136-milhoes-e-amplia-presenca-no-parana\/\" \/>\n<meta property=\"og:locale\" content=\"en_US\" \/>\n<meta property=\"og:type\" content=\"article\" \/>\n<meta property=\"og:title\" content=\"Coamo investe R$ 136 milh\u00f5es e amplia presen\u00e7a no Paran\u00e1\" \/>\n<meta property=\"og:description\" content=\"A\u00a0Coamo\u00a0Agroindustrial Cooperativa adquiriu quatro unidades de armazenagem e instala\u00e7\u00f5es agr\u00edcolas na regi\u00e3o norte do Paran\u00e1. A opera\u00e7\u00e3o abrange ativos em\" \/>\n<meta property=\"og:url\" content=\"https:\/\/ubirataonline.com.br\/en\/coamo-investe-r-136-milhoes-e-amplia-presenca-no-parana\/\" \/>\n<meta property=\"og:site_name\" content=\"Ubirat\u00e3 Online Not\u00edcias - A realidade ao seu alcance!\" \/>\n<meta property=\"article:publisher\" content=\"https:\/\/www.facebook.com\/portalubirataonline\" \/>\n<meta property=\"article:author\" content=\"https:\/\/www.facebook.com\/portalubirataonline\" \/>\n<meta property=\"article:published_time\" content=\"2026-02-23T23:51:32+00:00\" \/>\n<meta property=\"article:modified_time\" content=\"2026-02-23T23:51:36+00:00\" \/>\n<meta property=\"og:image\" content=\"https:\/\/ubirataonline.com.br\/wp-content\/uploads\/2026\/02\/Coamo-investe-R-136-milhoes-e-amplia-presenca-no-Parana.png\" \/>\n\t<meta property=\"og:image:width\" content=\"1200\" \/>\n\t<meta property=\"og:image:height\" content=\"662\" \/>\n\t<meta property=\"og:image:type\" content=\"image\/png\" \/>\n<meta name=\"author\" content=\"REDA\u00c7\u00c3O: UBIRAT\u00c3 ONLINE - F\u00c1BIO AUGUSTO CELESTINO\" \/>\n<meta name=\"twitter:card\" content=\"summary_large_image\" \/>\n<meta name=\"twitter:creator\" content=\"@x.com\/ubirataonline\" \/>\n<meta name=\"twitter:site\" content=\"@ubirataonline\" \/>\n<meta name=\"twitter:label1\" content=\"Written by\" \/>\n\t<meta name=\"twitter:data1\" content=\"REDA\u00c7\u00c3O: UBIRAT\u00c3 ONLINE - F\u00c1BIO AUGUSTO CELESTINO\" \/>\n\t<meta name=\"twitter:label2\" content=\"Est. reading time\" \/>\n\t<meta name=\"twitter:data2\" content=\"5 minutes\" \/>\n<script type=\"application\/ld+json\" class=\"yoast-schema-graph\">{\"@context\":\"https:\\\/\\\/schema.org\",\"@graph\":[{\"@type\":\"NewsArticle\",\"@id\":\"https:\\\/\\\/ubirataonline.com.br\\\/coamo-investe-r-136-milhoes-e-amplia-presenca-no-parana\\\/#article\",\"isPartOf\":{\"@id\":\"https:\\\/\\\/ubirataonline.com.br\\\/coamo-investe-r-136-milhoes-e-amplia-presenca-no-parana\\\/\"},\"author\":{\"name\":\"REDA\u00c7\u00c3O: UBIRAT\u00c3 ONLINE - F\u00c1BIO AUGUSTO CELESTINO\",\"@id\":\"https:\\\/\\\/ubirataonline.com.br\\\/#\\\/schema\\\/person\\\/372f87bbd3fdd79b8556b84c98d0bc1c\"},\"headline\":\"Coamo investe R$ 136 milh\u00f5es e amplia presen\u00e7a no Paran\u00e1\",\"datePublished\":\"2026-02-23T23:51:32+00:00\",\"dateModified\":\"2026-02-23T23:51:36+00:00\",\"mainEntityOfPage\":{\"@id\":\"https:\\\/\\\/ubirataonline.com.br\\\/coamo-investe-r-136-milhoes-e-amplia-presenca-no-parana\\\/\"},\"wordCount\":947,\"publisher\":{\"@id\":\"https:\\\/\\\/ubirataonline.com.br\\\/#organization\"},\"image\":{\"@id\":\"https:\\\/\\\/ubirataonline.com.br\\\/coamo-investe-r-136-milhoes-e-amplia-presenca-no-parana\\\/#primaryimage\"},\"thumbnailUrl\":\"https:\\\/\\\/ubirataonline.com.br\\\/wp-content\\\/uploads\\\/2026\\\/02\\\/Coamo-investe-R-136-milhoes-e-amplia-presenca-no-Parana.png\",\"keywords\":[\"amplia\",\"Coamo\",\"investe\",\"milh\u00f5es\",\"paran\u00e1\",\"presen\u00e7a\"],\"articleSection\":[\"Ubirat\u00e3\"],\"inLanguage\":\"en-US\",\"copyrightYear\":\"2026\",\"copyrightHolder\":{\"@id\":\"https:\\\/\\\/ubirataonline.com.br\\\/en\\\/#organization\"}},{\"@type\":\"WebPage\",\"@id\":\"https:\\\/\\\/ubirataonline.com.br\\\/coamo-investe-r-136-milhoes-e-amplia-presenca-no-parana\\\/\",\"url\":\"https:\\\/\\\/ubirataonline.com.br\\\/coamo-investe-r-136-milhoes-e-amplia-presenca-no-parana\\\/\",\"name\":\"Coamo investe R$ 136 milh\u00f5es e amplia presen\u00e7a no Paran\u00e1 - Ubirat\u00e3 Online Not\u00edcias - A realidade ao seu alcance!\",\"isPartOf\":{\"@id\":\"https:\\\/\\\/ubirataonline.com.br\\\/#website\"},\"primaryImageOfPage\":{\"@id\":\"https:\\\/\\\/ubirataonline.com.br\\\/coamo-investe-r-136-milhoes-e-amplia-presenca-no-parana\\\/#primaryimage\"},\"image\":{\"@id\":\"https:\\\/\\\/ubirataonline.com.br\\\/coamo-investe-r-136-milhoes-e-amplia-presenca-no-parana\\\/#primaryimage\"},\"thumbnailUrl\":\"https:\\\/\\\/ubirataonline.com.br\\\/wp-content\\\/uploads\\\/2026\\\/02\\\/Coamo-investe-R-136-milhoes-e-amplia-presenca-no-Parana.png\",\"datePublished\":\"2026-02-23T23:51:32+00:00\",\"dateModified\":\"2026-02-23T23:51:36+00:00\",\"description\":\"A\u00a0Coamo\u00a0Agroindustrial Cooperativa adquiriu quatro unidades de armazenagem e instala\u00e7\u00f5es agr\u00edcolas na regi\u00e3o norte do Paran\u00e1. A opera\u00e7\u00e3o abrange ativos em\",\"breadcrumb\":{\"@id\":\"https:\\\/\\\/ubirataonline.com.br\\\/coamo-investe-r-136-milhoes-e-amplia-presenca-no-parana\\\/#breadcrumb\"},\"inLanguage\":\"en-US\",\"potentialAction\":[{\"@type\":\"ReadAction\",\"target\":[\"https:\\\/\\\/ubirataonline.com.br\\\/coamo-investe-r-136-milhoes-e-amplia-presenca-no-parana\\\/\"]}]},{\"@type\":\"ImageObject\",\"inLanguage\":\"en-US\",\"@id\":\"https:\\\/\\\/ubirataonline.com.br\\\/coamo-investe-r-136-milhoes-e-amplia-presenca-no-parana\\\/#primaryimage\",\"url\":\"https:\\\/\\\/ubirataonline.com.br\\\/wp-content\\\/uploads\\\/2026\\\/02\\\/Coamo-investe-R-136-milhoes-e-amplia-presenca-no-Parana.png\",\"contentUrl\":\"https:\\\/\\\/ubirataonline.com.br\\\/wp-content\\\/uploads\\\/2026\\\/02\\\/Coamo-investe-R-136-milhoes-e-amplia-presenca-no-Parana.png\",\"width\":1200,\"height\":662,\"caption\":\"Foto: Antonio Marcio dos Santos\\\/Comunica\u00e7\u00e3o Coamo\"},{\"@type\":\"BreadcrumbList\",\"@id\":\"https:\\\/\\\/ubirataonline.com.br\\\/coamo-investe-r-136-milhoes-e-amplia-presenca-no-parana\\\/#breadcrumb\",\"itemListElement\":[{\"@type\":\"ListItem\",\"position\":1,\"name\":\"In\u00edcio\",\"item\":\"https:\\\/\\\/ubirataonline.com.br\\\/\"},{\"@type\":\"ListItem\",\"position\":2,\"name\":\"Coamo investe R$ 136 milh\u00f5es e amplia presen\u00e7a no Paran\u00e1\"}]},{\"@type\":\"WebSite\",\"@id\":\"https:\\\/\\\/ubirataonline.com.br\\\/#website\",\"url\":\"https:\\\/\\\/ubirataonline.com.br\\\/\",\"name\":\"Ubirat\u00e3 Online Not\u00edcias\",\"description\":\"Not\u00edcias de Ubirat\u00e3, regi\u00e3o, Brasil e mundo, com informa\u00e7\u00e3o atualizada e compromisso com o leitor.\",\"publisher\":{\"@id\":\"https:\\\/\\\/ubirataonline.com.br\\\/#organization\"},\"alternateName\":\"Ubirat\u00e3 Online\",\"potentialAction\":[{\"@type\":\"SearchAction\",\"target\":{\"@type\":\"EntryPoint\",\"urlTemplate\":\"https:\\\/\\\/ubirataonline.com.br\\\/?s={search_term_string}\"},\"query-input\":{\"@type\":\"PropertyValueSpecification\",\"valueRequired\":true,\"valueName\":\"search_term_string\"}}],\"inLanguage\":\"en-US\"},{\"@type\":[\"Organization\",\"Place\"],\"@id\":\"https:\\\/\\\/ubirataonline.com.br\\\/#organization\",\"name\":\"Ubirat\u00e3 Online Not\u00edcias\",\"alternateName\":\"Ubirat\u00e3 Online\",\"url\":\"https:\\\/\\\/ubirataonline.com.br\\\/\",\"logo\":{\"@id\":\"https:\\\/\\\/ubirataonline.com.br\\\/coamo-investe-r-136-milhoes-e-amplia-presenca-no-parana\\\/#local-main-organization-logo\"},\"image\":{\"@id\":\"https:\\\/\\\/ubirataonline.com.br\\\/coamo-investe-r-136-milhoes-e-amplia-presenca-no-parana\\\/#local-main-organization-logo\"},\"sameAs\":[\"https:\\\/\\\/www.facebook.com\\\/portalubirataonline\",\"https:\\\/\\\/x.com\\\/ubirataonline\",\"https:\\\/\\\/mastodon.social\\\/@ubirataonline\",\"https:\\\/\\\/www.facebook.com\\\/groups\\\/311144672285604\",\"https:\\\/\\\/www.facebook.com\\\/UBTAOnline\",\"https:\\\/\\\/www.instagram.com\\\/portalubirataonline\\\/\",\"https:\\\/\\\/twitter.com\\\/ubirataonline\"],\"description\":\"Somos um portal de not\u00edcias independente, criado em 5 de janeiro de 2009, com o objetivo de informar, conectar e valorizar a nossa comunidade de Ubirat\u00e3 e toda aregi\u00e3o. Com conte\u00fado atualizado, confi\u00e1vel e relevante, o Ubirat\u00e3 Online \u00e9 o seu espa\u00e7o para ficar por dentro dos principais acontecimentos locais, regionais, Brasil, Mundo e de interesse geral. Nosso compromisso \u00e9 com a verdade, a transpar\u00eancia e o respeito ao leitor.\",\"legalName\":\"UBIRATA ONLINE NOT\u00cdCIAS\",\"foundingDate\":\"2009-01-05\",\"numberOfEmployees\":{\"@type\":\"QuantitativeValue\",\"minValue\":\"1\",\"maxValue\":\"10\"},\"publishingPrinciples\":\"https:\\\/\\\/ubirataonline.com.br\\\/faq\\\/\",\"address\":{\"@id\":\"https:\\\/\\\/ubirataonline.com.br\\\/coamo-investe-r-136-milhoes-e-amplia-presenca-no-parana\\\/#local-main-place-address\"},\"geo\":{\"@type\":\"GeoCoordinates\",\"latitude\":\"-24.5361401\",\"longitude\":\"-52.9921776\"},\"telephone\":[\"+5544998308235\"],\"contactPoint\":{\"@type\":\"ContactPoint\",\"email\":\"contato@ubirataonline.com.br\"},\"openingHoursSpecification\":{\"@type\":\"OpeningHoursSpecification\",\"dayOfWeek\":[\"Monday\",\"Tuesday\",\"Wednesday\",\"Thursday\",\"Friday\",\"Saturday\",\"Sunday\"],\"opens\":\"00:00\",\"closes\":\"23:59\"},\"email\":\"contato@ubirataonline.com.br\",\"vatID\":\"47.621.418\\\/0001-80\"},{\"@type\":\"Person\",\"@id\":\"https:\\\/\\\/ubirataonline.com.br\\\/#\\\/schema\\\/person\\\/372f87bbd3fdd79b8556b84c98d0bc1c\",\"name\":\"REDA\u00c7\u00c3O: UBIRAT\u00c3 ONLINE - F\u00c1BIO AUGUSTO CELESTINO\",\"pronouns\":\"Ele\",\"description\":\"Desde 2003 trabalhando com not\u00edcias.\",\"sameAs\":[\"http:\\\/\\\/ubirataoline.com.br\",\"https:\\\/\\\/www.facebook.com\\\/portalubirataonline\",\"https:\\\/\\\/www.instagram.com\\\/ubirataonline_oficial\",\"https:\\\/\\\/x.com\\\/x.com\\\/ubirataonline\"],\"honorificPrefix\":\"Mr.\",\"honorificSuffix\":\"MD\",\"birthDate\":\"1980-06-16\",\"gender\":\"masculino\",\"award\":[\"V\u00e1rios pr\u00eamios de melhor portal da cidade\"],\"jobTitle\":\"Diretor\",\"url\":\"https:\\\/\\\/ubirataonline.com.br\\\/en\\\/author\\\/ubirataonline\\\/\"},{\"@type\":\"PostalAddress\",\"@id\":\"https:\\\/\\\/ubirataonline.com.br\\\/coamo-investe-r-136-milhoes-e-amplia-presenca-no-parana\\\/#local-main-place-address\",\"streetAddress\":\"Rua dos Coqueiros, 104 - Bairro Boa Vista, Rua dos Coqueiros, 104 Bairro Boa Vista\",\"addressLocality\":\"UBIRATA\",\"postalCode\":\"85440-000\",\"addressRegion\":\"PR\",\"addressCountry\":\"BR\"},{\"@type\":\"ImageObject\",\"inLanguage\":\"en-US\",\"@id\":\"https:\\\/\\\/ubirataonline.com.br\\\/coamo-investe-r-136-milhoes-e-amplia-presenca-no-parana\\\/#local-main-organization-logo\",\"url\":\"https:\\\/\\\/ubirataonline.com.br\\\/wp-content\\\/uploads\\\/2026\\\/06\\\/logoubirataonline-1.webp\",\"contentUrl\":\"https:\\\/\\\/ubirataonline.com.br\\\/wp-content\\\/uploads\\\/2026\\\/06\\\/logoubirataonline-1.webp\",\"width\":500,\"height\":500,\"caption\":\"Ubirat\u00e3 Online Not\u00edcias\"}]}<\/script>\n<meta name=\"geo.placename\" content=\"UBIRATA\" \/>\n<meta name=\"geo.position\" content=\"-24.5361401;-52.9921776\" \/>\n<meta name=\"geo.region\" content=\"Brazil\" \/>\n<!-- \/ Yoast SEO Premium plugin. -->","yoast_head_json":{"title":"Coamo investe R$ 136 milh\u00f5es e amplia presen\u00e7a no Paran\u00e1 - Ubirat\u00e3 Online Not\u00edcias - A realidade ao seu alcance!","description":"A\u00a0Coamo\u00a0Agroindustrial Cooperativa adquiriu quatro unidades de armazenagem e instala\u00e7\u00f5es agr\u00edcolas na regi\u00e3o norte do Paran\u00e1. A opera\u00e7\u00e3o abrange ativos em","robots":{"index":"index","follow":"follow","max-snippet":"max-snippet:-1","max-image-preview":"max-image-preview:large","max-video-preview":"max-video-preview:-1"},"canonical":"https:\/\/ubirataonline.com.br\/en\/coamo-investe-r-136-milhoes-e-amplia-presenca-no-parana\/","og_locale":"en_US","og_type":"article","og_title":"Coamo investe R$ 136 milh\u00f5es e amplia presen\u00e7a no Paran\u00e1","og_description":"A\u00a0Coamo\u00a0Agroindustrial Cooperativa adquiriu quatro unidades de armazenagem e instala\u00e7\u00f5es agr\u00edcolas na regi\u00e3o norte do Paran\u00e1. A opera\u00e7\u00e3o abrange ativos em","og_url":"https:\/\/ubirataonline.com.br\/en\/coamo-investe-r-136-milhoes-e-amplia-presenca-no-parana\/","og_site_name":"Ubirat\u00e3 Online Not\u00edcias - A realidade ao seu alcance!","article_publisher":"https:\/\/www.facebook.com\/portalubirataonline","article_author":"https:\/\/www.facebook.com\/portalubirataonline","article_published_time":"2026-02-23T23:51:32+00:00","article_modified_time":"2026-02-23T23:51:36+00:00","og_image":[{"width":1200,"height":662,"url":"https:\/\/ubirataonline.com.br\/wp-content\/uploads\/2026\/02\/Coamo-investe-R-136-milhoes-e-amplia-presenca-no-Parana.png","type":"image\/png"}],"author":"REDA\u00c7\u00c3O: UBIRAT\u00c3 ONLINE - F\u00c1BIO AUGUSTO CELESTINO","twitter_card":"summary_large_image","twitter_creator":"@x.com\/ubirataonline","twitter_site":"@ubirataonline","twitter_misc":{"Written by":"REDA\u00c7\u00c3O: UBIRAT\u00c3 ONLINE - F\u00c1BIO AUGUSTO CELESTINO","Est. reading time":"5 minutes"},"schema":{"@context":"https:\/\/schema.org","@graph":[{"@type":"NewsArticle","@id":"https:\/\/ubirataonline.com.br\/coamo-investe-r-136-milhoes-e-amplia-presenca-no-parana\/#article","isPartOf":{"@id":"https:\/\/ubirataonline.com.br\/coamo-investe-r-136-milhoes-e-amplia-presenca-no-parana\/"},"author":{"name":"REDA\u00c7\u00c3O: UBIRAT\u00c3 ONLINE - F\u00c1BIO AUGUSTO CELESTINO","@id":"https:\/\/ubirataonline.com.br\/#\/schema\/person\/372f87bbd3fdd79b8556b84c98d0bc1c"},"headline":"Coamo investe R$ 136 milh\u00f5es e amplia presen\u00e7a no Paran\u00e1","datePublished":"2026-02-23T23:51:32+00:00","dateModified":"2026-02-23T23:51:36+00:00","mainEntityOfPage":{"@id":"https:\/\/ubirataonline.com.br\/coamo-investe-r-136-milhoes-e-amplia-presenca-no-parana\/"},"wordCount":947,"publisher":{"@id":"https:\/\/ubirataonline.com.br\/#organization"},"image":{"@id":"https:\/\/ubirataonline.com.br\/coamo-investe-r-136-milhoes-e-amplia-presenca-no-parana\/#primaryimage"},"thumbnailUrl":"https:\/\/ubirataonline.com.br\/wp-content\/uploads\/2026\/02\/Coamo-investe-R-136-milhoes-e-amplia-presenca-no-Parana.png","keywords":["amplia","Coamo","investe","milh\u00f5es","paran\u00e1","presen\u00e7a"],"articleSection":["Ubirat\u00e3"],"inLanguage":"en-US","copyrightYear":"2026","copyrightHolder":{"@id":"https:\/\/ubirataonline.com.br\/en\/#organization"}},{"@type":"WebPage","@id":"https:\/\/ubirataonline.com.br\/coamo-investe-r-136-milhoes-e-amplia-presenca-no-parana\/","url":"https:\/\/ubirataonline.com.br\/coamo-investe-r-136-milhoes-e-amplia-presenca-no-parana\/","name":"Coamo investe R$ 136 milh\u00f5es e amplia presen\u00e7a no Paran\u00e1 - Ubirat\u00e3 Online Not\u00edcias - A realidade ao seu alcance!","isPartOf":{"@id":"https:\/\/ubirataonline.com.br\/#website"},"primaryImageOfPage":{"@id":"https:\/\/ubirataonline.com.br\/coamo-investe-r-136-milhoes-e-amplia-presenca-no-parana\/#primaryimage"},"image":{"@id":"https:\/\/ubirataonline.com.br\/coamo-investe-r-136-milhoes-e-amplia-presenca-no-parana\/#primaryimage"},"thumbnailUrl":"https:\/\/ubirataonline.com.br\/wp-content\/uploads\/2026\/02\/Coamo-investe-R-136-milhoes-e-amplia-presenca-no-Parana.png","datePublished":"2026-02-23T23:51:32+00:00","dateModified":"2026-02-23T23:51:36+00:00","description":"A\u00a0Coamo\u00a0Agroindustrial Cooperativa adquiriu quatro unidades de armazenagem e instala\u00e7\u00f5es agr\u00edcolas na regi\u00e3o norte do Paran\u00e1. A opera\u00e7\u00e3o abrange ativos em","breadcrumb":{"@id":"https:\/\/ubirataonline.com.br\/coamo-investe-r-136-milhoes-e-amplia-presenca-no-parana\/#breadcrumb"},"inLanguage":"en-US","potentialAction":[{"@type":"ReadAction","target":["https:\/\/ubirataonline.com.br\/coamo-investe-r-136-milhoes-e-amplia-presenca-no-parana\/"]}]},{"@type":"ImageObject","inLanguage":"en-US","@id":"https:\/\/ubirataonline.com.br\/coamo-investe-r-136-milhoes-e-amplia-presenca-no-parana\/#primaryimage","url":"https:\/\/ubirataonline.com.br\/wp-content\/uploads\/2026\/02\/Coamo-investe-R-136-milhoes-e-amplia-presenca-no-Parana.png","contentUrl":"https:\/\/ubirataonline.com.br\/wp-content\/uploads\/2026\/02\/Coamo-investe-R-136-milhoes-e-amplia-presenca-no-Parana.png","width":1200,"height":662,"caption":"Foto: Antonio Marcio dos Santos\/Comunica\u00e7\u00e3o Coamo"},{"@type":"BreadcrumbList","@id":"https:\/\/ubirataonline.com.br\/coamo-investe-r-136-milhoes-e-amplia-presenca-no-parana\/#breadcrumb","itemListElement":[{"@type":"ListItem","position":1,"name":"In\u00edcio","item":"https:\/\/ubirataonline.com.br\/"},{"@type":"ListItem","position":2,"name":"Coamo investe R$ 136 milh\u00f5es e amplia presen\u00e7a no Paran\u00e1"}]},{"@type":"WebSite","@id":"https:\/\/ubirataonline.com.br\/#website","url":"https:\/\/ubirataonline.com.br\/","name":"Ubirat\u00e3 Online Not\u00edcias","description":"Not\u00edcias de Ubirat\u00e3, regi\u00e3o, Brasil e mundo, com informa\u00e7\u00e3o atualizada e compromisso com o leitor.","publisher":{"@id":"https:\/\/ubirataonline.com.br\/#organization"},"alternateName":"Ubirat\u00e3 Online","potentialAction":[{"@type":"SearchAction","target":{"@type":"EntryPoint","urlTemplate":"https:\/\/ubirataonline.com.br\/?s={search_term_string}"},"query-input":{"@type":"PropertyValueSpecification","valueRequired":true,"valueName":"search_term_string"}}],"inLanguage":"en-US"},{"@type":["Organization","Place"],"@id":"https:\/\/ubirataonline.com.br\/#organization","name":"Ubirat\u00e3 Online Not\u00edcias","alternateName":"Ubirat\u00e3 Online","url":"https:\/\/ubirataonline.com.br\/","logo":{"@id":"https:\/\/ubirataonline.com.br\/coamo-investe-r-136-milhoes-e-amplia-presenca-no-parana\/#local-main-organization-logo"},"image":{"@id":"https:\/\/ubirataonline.com.br\/coamo-investe-r-136-milhoes-e-amplia-presenca-no-parana\/#local-main-organization-logo"},"sameAs":["https:\/\/www.facebook.com\/portalubirataonline","https:\/\/x.com\/ubirataonline","https:\/\/mastodon.social\/@ubirataonline","https:\/\/www.facebook.com\/groups\/311144672285604","https:\/\/www.facebook.com\/UBTAOnline","https:\/\/www.instagram.com\/portalubirataonline\/","https:\/\/twitter.com\/ubirataonline"],"description":"Somos um portal de not\u00edcias independente, criado em 5 de janeiro de 2009, com o objetivo de informar, conectar e valorizar a nossa comunidade de Ubirat\u00e3 e toda aregi\u00e3o. Com conte\u00fado atualizado, confi\u00e1vel e relevante, o Ubirat\u00e3 Online \u00e9 o seu espa\u00e7o para ficar por dentro dos principais acontecimentos locais, regionais, Brasil, Mundo e de interesse geral. Nosso compromisso \u00e9 com a verdade, a transpar\u00eancia e o respeito ao leitor.","legalName":"UBIRATA ONLINE NOT\u00cdCIAS","foundingDate":"2009-01-05","numberOfEmployees":{"@type":"QuantitativeValue","minValue":"1","maxValue":"10"},"publishingPrinciples":"https:\/\/ubirataonline.com.br\/faq\/","address":{"@id":"https:\/\/ubirataonline.com.br\/coamo-investe-r-136-milhoes-e-amplia-presenca-no-parana\/#local-main-place-address"},"geo":{"@type":"GeoCoordinates","latitude":"-24.5361401","longitude":"-52.9921776"},"telephone":["+5544998308235"],"contactPoint":{"@type":"ContactPoint","email":"contato@ubirataonline.com.br"},"openingHoursSpecification":{"@type":"OpeningHoursSpecification","dayOfWeek":["Monday","Tuesday","Wednesday","Thursday","Friday","Saturday","Sunday"],"opens":"00:00","closes":"23:59"},"email":"contato@ubirataonline.com.br","vatID":"47.621.418\/0001-80"},{"@type":"Person","@id":"https:\/\/ubirataonline.com.br\/#\/schema\/person\/372f87bbd3fdd79b8556b84c98d0bc1c","name":"REDA\u00c7\u00c3O: UBIRAT\u00c3 ONLINE - F\u00c1BIO AUGUSTO CELESTINO","pronouns":"Ele","description":"Desde 2003 trabalhando com not\u00edcias.","sameAs":["http:\/\/ubirataoline.com.br","https:\/\/www.facebook.com\/portalubirataonline","https:\/\/www.instagram.com\/ubirataonline_oficial","https:\/\/x.com\/x.com\/ubirataonline"],"honorificPrefix":"Mr.","honorificSuffix":"MD","birthDate":"1980-06-16","gender":"masculino","award":["V\u00e1rios pr\u00eamios de melhor portal da cidade"],"jobTitle":"Diretor","url":"https:\/\/ubirataonline.com.br\/en\/author\/ubirataonline\/"},{"@type":"PostalAddress","@id":"https:\/\/ubirataonline.com.br\/coamo-investe-r-136-milhoes-e-amplia-presenca-no-parana\/#local-main-place-address","streetAddress":"Rua dos Coqueiros, 104 - Bairro Boa Vista, Rua dos Coqueiros, 104 Bairro Boa Vista","addressLocality":"UBIRATA","postalCode":"85440-000","addressRegion":"PR","addressCountry":"BR"},{"@type":"ImageObject","inLanguage":"en-US","@id":"https:\/\/ubirataonline.com.br\/coamo-investe-r-136-milhoes-e-amplia-presenca-no-parana\/#local-main-organization-logo","url":"https:\/\/ubirataonline.com.br\/wp-content\/uploads\/2026\/06\/logoubirataonline-1.webp","contentUrl":"https:\/\/ubirataonline.com.br\/wp-content\/uploads\/2026\/06\/logoubirataonline-1.webp","width":500,"height":500,"caption":"Ubirat\u00e3 Online Not\u00edcias"}]},"geo.placename":"UBIRATA","geo.position":{"lat":"-24.5361401","long":"-52.9921776"},"geo.region":"Brazil"},"_links":{"self":[{"href":"https:\/\/ubirataonline.com.br\/en\/wp-json\/wp\/v2\/posts\/89627","targetHints":{"allow":["GET"]}}],"collection":[{"href":"https:\/\/ubirataonline.com.br\/en\/wp-json\/wp\/v2\/posts"}],"about":[{"href":"https:\/\/ubirataonline.com.br\/en\/wp-json\/wp\/v2\/types\/post"}],"author":[{"embeddable":true,"href":"https:\/\/ubirataonline.com.br\/en\/wp-json\/wp\/v2\/users\/1"}],"replies":[{"embeddable":true,"href":"https:\/\/ubirataonline.com.br\/en\/wp-json\/wp\/v2\/comments?post=89627"}],"version-history":[{"count":0,"href":"https:\/\/ubirataonline.com.br\/en\/wp-json\/wp\/v2\/posts\/89627\/revisions"}],"wp:featuredmedia":[{"embeddable":true,"href":"https:\/\/ubirataonline.com.br\/en\/wp-json\/wp\/v2\/media\/89628"}],"wp:attachment":[{"href":"https:\/\/ubirataonline.com.br\/en\/wp-json\/wp\/v2\/media?parent=89627"}],"wp:term":[{"taxonomy":"category","embeddable":true,"href":"https:\/\/ubirataonline.com.br\/en\/wp-json\/wp\/v2\/categories?post=89627"},{"taxonomy":"post_tag","embeddable":true,"href":"https:\/\/ubirataonline.com.br\/en\/wp-json\/wp\/v2\/tags?post=89627"}],"curies":[{"name":"wp","href":"https:\/\/api.w.org\/{rel}","templated":true}]}}