{"id":89639,"date":"2026-02-23T22:06:26","date_gmt":"2026-02-24T01:06:26","guid":{"rendered":"https:\/\/ubirataonline.com.br\/acao-quer-barrar-cobranca-integral\/"},"modified":"2026-02-23T22:06:35","modified_gmt":"2026-02-24T01:06:35","slug":"acao-quer-barrar-cobranca-integral","status":"publish","type":"post","link":"https:\/\/ubirataonline.com.br\/en\/acao-quer-barrar-cobranca-integral\/","title":{"rendered":"a\u00e7\u00e3o quer barrar cobran\u00e7a integral"},"content":{"rendered":"<p><\/p>\n<div id=\"post-content\">\n<p>Os deputados estaduais da Assembleia Legislativa do Paran\u00e1 (Alep) ingressar\u00e3o com uma a\u00e7\u00e3o popular para suspender imediatamente a cobran\u00e7a integral de tarifas em ped\u00e1gios eletr\u00f4nicos (free flow) no estado. O <a href=\"https:\/\/www.tribunapr.com.br\/noticias\/parana\/pedagio-free-flow-no-parana-deputados-cobram-aberracoes-no-sistema\/\" target=\"_blank\" rel=\"noreferrer noopener\">tema voltou a ser discutido durante a sess\u00e3o plen\u00e1ria desta segunda-feira (23\/02)<\/a>. Articulada pelos deputados Evandro Ara\u00fajo (PSD) e Luiz Claudio Romanelli (PSD), a a\u00e7\u00e3o ganha ades\u00e3o de diversos parlamentares e deve ser protocolada na Justi\u00e7a Federal do Paran\u00e1 at\u00e9 quarta-feira (25\/02).<\/p>\n<p>Os parlamentares afirmam que os motoristas est\u00e3o sendo prejudicados, uma vez que pagam tarifas cheias mesmo ao percorrerem trechos curtos. Por exemplo, um condutor que roda dois quil\u00f4metros e outro que percorre 100 km pagam, igualmente, a tarifa cheia. Os deputados dizem que a pr\u00e1tica seria incompat\u00edvel com o que preveem as leis federais 14.157 e 10.233, que regulamentam o funcionamento do sistema free flow e exigem que a cobran\u00e7a seja proporcional ao trecho efetivamente utilizado pelo condutor. A a\u00e7\u00e3o tem como r\u00e9us a <a href=\"https:\/\/www.tribunapr.com.br\/noticias\/parana\/considerado-aberracao-pedagio-free-flow-tem-cobranca-liberada-pela-antt-no-pr\/\" target=\"_blank\" rel=\"noreferrer noopener\">Ag\u00eancia Nacional de Transportes Terrestres (ANTT)<\/a>, a Uni\u00e3o Federal e o cons\u00f3rcio que re\u00fane as concession\u00e1rias.<\/p>\n<p>A pauta volta a ser discutida no mesmo dia em que novas pra\u00e7as iniciaram a cobran\u00e7a pelo m\u00e9todo free flow. Quando o assunto foi pautado anteriormente na Alep, a cobran\u00e7a estava sendo aplicada em estradas das <a href=\"https:\/\/www.tribunapr.com.br\/noticias\/parana\/pedagio-free-flow-nao-sera-instalado-em-trecho-previsto-no-norte-do-parana\/\" target=\"_blank\" rel=\"noreferrer noopener\">regi\u00f5es Norte e Noroeste do Paran\u00e1, contempladas pelos lotes 4 e 5.<\/a><\/p>\n<p>Contudo, <a href=\"https:\/\/www.tribunapr.com.br\/noticias\/parana\/pedagio-free-flow-novos-pontos-comecam-a-funcionar-no-parana-na-proxima-semana\/\" target=\"_blank\" rel=\"noreferrer noopener\">a partir desta segunda-feira (23\/02), o m\u00e9todo tamb\u00e9m passou a ser v\u00e1lido em trechos rodovi\u00e1rios do Sudoeste do Paran\u00e1, nos p\u00f3rticos em Vitorino, Amp\u00e9re e Santa L\u00facia<\/a>. As cobran\u00e7as para carros de passeio variam de R$ 11 a R$ 18,10. \u201cN\u00e3o concordamos com a forma abusiva como ser\u00e1 feita a cobran\u00e7a\u201d, frisou a deputada Luciana Rafagnin (PT), que abriu a discuss\u00e3o sobre o tema e endossou apoio \u00e0 a\u00e7\u00e3o.<\/p>\n<h2 class=\"wp-block-heading\" id=\"h-deputados-do-parana-apontam-irregularidades-no-pedagio-free-flow\">Deputados do Paran\u00e1 apontam irregularidades no ped\u00e1gio free flow<\/h2>\n<p>Ao discursar na Tribuna, Romanelli ressaltou que o sistema aplicado nas rodovias do Paran\u00e1 n\u00e3o \u00e9 free flow, pois n\u00e3o realiza a cobran\u00e7a de forma proporcional ao trecho. \u201cO pior de tudo \u00e9 que, para quem n\u00e3o tiver TAG (adesivo com chip no para-brisa que usa radiofrequ\u00eancia para identificar o ve\u00edculo e realizar o pagamento autom\u00e1tico) ou aplicativo\u201d, complementou. \u201c[O sistema] vai ler a placa do ve\u00edculo ou do caminh\u00e3o por OCR (reconhecimento \u00f3ptico de caracteres) e o valor da tarifa vai para um site da concession\u00e1ria. Esse valor, se n\u00e3o for pago em 30 dias, vai gerar uma multa de R$ 195,05 na carteira.\u201d<\/p>\n<p>Evandro Ara\u00fajo, que classificou os p\u00f3rticos como \u201cfree flow falso\u201d, destacou que as tentativas de suspender as cobran\u00e7as por vias administrativas n\u00e3o foram eficazes. A Alep encaminhou, no in\u00edcio deste m\u00eas, um of\u00edcio cobrando explica\u00e7\u00f5es sobre a instala\u00e7\u00e3o dos ped\u00e1gios eletr\u00f4nicos no estado. O documento foi enviado assim que os ped\u00e1gios eletr\u00f4nicos come\u00e7aram a operar. Os parlamentares tamb\u00e9m se reuniram com representantes da ANTT.<\/p>\n<p>\u201cAt\u00e9 o momento, n\u00e3o tivemos um retorno efetivo ou uma solu\u00e7\u00e3o concreta\u201d, pontuou Ara\u00fajo. \u201cO que defendemos n\u00e3o \u00e9 o atraso tecnol\u00f3gico. O sistema de livre passagem pode ser um avan\u00e7o, desde que respeite a lei e n\u00e3o penalize quem percorre poucos quil\u00f4metros, como algu\u00e9m que vai visitar um familiar, ir ao m\u00e9dico ou ao com\u00e9rcio. N\u00e3o podemos permitir que uma inova\u00e7\u00e3o criada para trazer justi\u00e7a tarif\u00e1ria se transforme em instrumento de arrecada\u00e7\u00e3o desproporcional\u201d, concluiu.<\/p>\n<p>O deputado Arilson Chiorato (PT), l\u00edder da Oposi\u00e7\u00e3o, refor\u00e7ou apoio \u00e0 a\u00e7\u00e3o popular. \u201cMuitas dessas quest\u00f5es poderiam ter sido evitadas, seja no processo de vota\u00e7\u00e3o aqui dentro, na sess\u00e3o das rodovias, condicionando esses casos, seja pelo pr\u00f3prio governo do Estado, que tinha rela\u00e7\u00e3o com a ANTT e o governo passado.\u201d Ele sugeriu reuni\u00f5es entre o governo do estado, deputados e membros do governo federal.<\/p>\n<p>O impacto aos moradores lindeiros, que vivem pr\u00f3ximos \u00e0s pra\u00e7as de ped\u00e1gio eletr\u00f4nico, e o estado prec\u00e1rio de muitas das rodovias onde est\u00e3o sendo instalados os p\u00f3rticos foram abordados pelo deputado Professor Lemos (PT), que endossou apoio \u00e0 a\u00e7\u00e3o. Ele ilustrou a situa\u00e7\u00e3o da BR-163 e da PR-280, elencando pontos onde h\u00e1 falta de duplica\u00e7\u00e3o, retornos e acessos inacabados. \u201cN\u00e3o est\u00e1 pronto, est\u00e1 inacabado, e j\u00e1 est\u00e3o cobrando ped\u00e1gio\u201d, denunciou.<\/p>\n<p>Gilson de Souza (PL) tamb\u00e9m pontuou a discrep\u00e2ncia entre o que prev\u00ea o sistema free flow e o que est\u00e1 sendo praticado no Paran\u00e1. \u201cN\u00f3s nos somamos a esse pronunciamento e \u00e0s a\u00e7\u00f5es que visam acabar com esse absurdo\u201d, finalizou.<\/p>\n<h2 class=\"wp-block-heading\" id=\"h-acao-pede-suspensao-da-cobranca-free-flow-no-parana\">A\u00e7\u00e3o pede suspens\u00e3o da cobran\u00e7a free flow no Paran\u00e1<\/h2>\n<p>Conforme a a\u00e7\u00e3o, a eventual cobran\u00e7a integral fere os princ\u00edpios da modicidade tarif\u00e1ria, da razoabilidade e do interesse p\u00fablico, ao impor \u00f4nus desproporcional, especialmente aos moradores lindeiros e trabalhadores que utilizam trechos curtos das rodovias para deslocamentos di\u00e1rios entre munic\u00edpios vizinhos. A a\u00e7\u00e3o tamb\u00e9m pede a suspens\u00e3o da cobran\u00e7a do sistema \u201cfree flow\u201d por tarifa cheia at\u00e9 o julgamento final do processo, al\u00e9m de restabelecer a aplica\u00e7\u00e3o da legisla\u00e7\u00e3o vigente, com a ado\u00e7\u00e3o do modelo de cobran\u00e7a proporcional por quil\u00f4metro rodado.<\/p>\n<section class=\"virals\">\n<article class=\"cardnews cardnews--post cardnews--has-thumbnail cardnews--editorial-noticias\"> <a href=\"https:\/\/www.tribunapr.com.br\/noticias\/parana\/golpe-do-ipva-engana-profissional-da-tecnologia-no-parana-como-evitar-a-fraude\/?utm_source=noticias-virais-rodape&amp;utm_medium=internal-tribuna&amp;utm_campaign=tribuna\" class=\"cardnews__postlink\"> <\/p>\n<div class=\"cardnews__image\" is-api-thumb=\"\"><\/div>\n<div class=\"cardnews__content cardhome__content\">\n<div class=\"cardnews__content-wrapper\">\n<p> <span style=\"\"> Fique atento! <\/span> <\/p>\n<p>At\u00e9 especialistas ca\u00edram: o detalhe no boleto do IPVA que rouba seu dinheiro<\/p>\n<\/p><\/div>\n<\/p><\/div>\n<p> <\/a> <\/article>\n<article class=\"cardnews cardnews--post cardnews--has-thumbnail cardnews--editorial-noticias\"> <a href=\"https:\/\/www.tribunapr.com.br\/noticias\/curitiba-regiao\/litoral-do-parana-passa-a-figurar-entre-os-mais-valorizados-do-pais\/?utm_source=noticias-virais-rodape&amp;utm_medium=internal-tribuna&amp;utm_campaign=tribuna\" class=\"cardnews__postlink\"> <\/p>\n<div class=\"cardnews__image\" is-api-thumb=\"\"><img decoding=\"async\" src=\"https:\/\/www.tribunapr.com.br\/wp-content\/uploads\/2026\/02\/04151141\/matinhos-litoral-370x210.jpg\" loading=\"lazy\" alt=\"Adeus, pre\u00e7os baixos? Esta regi\u00e3o do Paran\u00e1 virou a nova 'mina de ouro'\"\/><\/div>\n<div class=\"cardnews__content cardhome__content\">\n<div class=\"cardnews__content-wrapper\">\n<p> <span style=\"\"> Mercado imobili\u00e1rio <\/span> <\/p>\n<p>Adeus, pre\u00e7os baixos? Esta regi\u00e3o do Paran\u00e1 virou a nova &#8216;mina de ouro&#8217;<\/p>\n<\/p><\/div>\n<\/p><\/div>\n<p> <\/a> <\/article>\n<article class=\"cardnews cardnews--post cardnews--has-thumbnail cardnews--editorial-noticias\"> <a href=\"https:\/\/www.tribunapr.com.br\/blogs\/rango-barateza\/biscoitos-da-vovo-elza-tradicao-que-nasceu-do-afeto-e-conquistou-curitiba\/?utm_source=noticias-virais-rodape&amp;utm_medium=internal-tribuna&amp;utm_campaign=tribuna\" class=\"cardnews__postlink\"> <\/p>\n<div class=\"cardnews__image\" is-api-thumb=\"\"><img decoding=\"async\" src=\"https:\/\/www.tribunapr.com.br\/wp-content\/uploads\/2026\/02\/06135141\/vovo-elza-02-770x440-1-370x210.webp\" loading=\"lazy\" alt=\"O segredo de Curitiba: como uma receita de fam\u00edlia virou um imp\u00e9rio do afeto\"\/><\/div>\n<div class=\"cardnews__content cardhome__content\">\n<div class=\"cardnews__content-wrapper\">\n<p> <span style=\"\"> Rango Barateza! <\/span> <\/p>\n<p>O segredo de Curitiba: como uma receita de fam\u00edlia virou um imp\u00e9rio do afeto<\/p>\n<\/p><\/div>\n<\/p><\/div>\n<p> <\/a> <\/article>\n<\/section>\n<div id=\"tribuna-follow-cta\">\n<p> <span class=\"cta-title\">Siga a <span class=\"tribuna-color\">Tribuna<\/span> no Google, e acompanhe as \u00faltimas not\u00edcias de Curitiba e regi\u00e3o!<\/span> <\/p>\n<p> <a href=\"https:\/\/profile.google.com\/cp\/CgwvZy8xMmxxajUzM3Mac2h0dHBzOi8vd3d3LnRyaWJ1bmFwci5jb20uYnIvdml2YS92aXRyaW5lL2dpZ2FudGUtZG8tdmVzdHVhcmlvLXJlaW5hdWd1cmEtbG9qYS1lbS1zaG9wcGluZy10cmFkaWNpb25hbC1kZS1jdXJpdGliYS8iElRyaWJ1bmEgZG8gUGFyYW7DoSqAAwrHAWh0dHBzOi8vZW5jcnlwdGVkLXRibjIuZ3N0YXRpYy5jb20vZmF2aWNvbi10Ym4_cT10Ym46QU5kOUdjUVJPbjVDRjR6TzJPbkUwTXZrRlRCRTY2U0g1bGlaVDRaZTV3bWNKeU5GRm1BSnluM01nNU9PR3BXY1pYMzZwYU5HUWtsZ09JVEFLTTNNZVNGbTc1aWp6M3k2ajUtQ3M2b25kX2JUcFFQQkVLd3RsUjBsTmJESnUtVHhrNXQtbFlCNlVpOWZSVVFjT2cSswFodHRwczovL2VuY3J5cHRlZC10Ym4zLmdzdGF0aWMuY29tL2Zhdmljb24tdGJuP3E9dGJuJTNBQU5kOUdjU0FMaWJ2eFF0YXdFMFRueVdWWmVKRS1MZEdRZjVTUi1OZ2RMazhyZzIwVy1nM0JuQ1F4VDNKZFBjRXR2THdBeVRxUDJEdHVycEdVR29CQkxpYzM5al9wSmFxRERaMHNCYW05WEVhSGVsMmZTQmdKdlF4WWVyMw\" target=\"_blank\" title=\"Seguir a Tribuna no Google\">  <\/a> <\/div>\n<\/p><\/div>\n<p><a href=\"https:\/\/www.tribunapr.com.br\/noticias\/parana\/pedagio-free-flow-no-parana-deputados-preparam-acao-contra-cobranca-integral\/\">Source link <\/a><\/p>\n","protected":false},"excerpt":{"rendered":"<p>Os deputados estaduais da Assembleia Legislativa do Paran\u00e1 (Alep) ingressar\u00e3o com uma a\u00e7\u00e3o popular para suspender imediatamente a cobran\u00e7a integral de tarifas em ped\u00e1gios eletr\u00f4nicos (free flow) no estado. O tema voltou a ser discutido durante a sess\u00e3o plen\u00e1ria desta segunda-feira (23\/02). Articulada pelos deputados Evandro Ara\u00fajo (PSD) e Luiz Claudio Romanelli (PSD), a a\u00e7\u00e3o [&hellip;]<\/p>\n","protected":false},"author":1,"featured_media":89640,"comment_status":"closed","ping_status":"","sticky":false,"template":"","format":"standard","meta":{"googlesitekit_rrm_CAow2JLhCw:productID":"","_gspb_post_css":"","maa_idioma":"","maa_pais":"","footnotes":""},"categories":[1],"tags":[5607,20230,12078,16099,4617],"class_list":["post-89639","post","type-post","status-publish","format-standard","has-post-thumbnail","hentry","category-ubirata","tag-acao","tag-barrar","tag-cobranca","tag-integral","tag-quer"],"blocksy_meta":[],"yoast_head":"<!-- This site is optimized with the Yoast SEO Premium plugin v27.6 (Yoast SEO v27.6) - https:\/\/yoast.com\/product\/yoast-seo-premium-wordpress\/ -->\n<title>a\u00e7\u00e3o quer barrar cobran\u00e7a integral - Ubirat\u00e3 Online Not\u00edcias - A realidade ao seu alcance!<\/title>\n<meta name=\"description\" content=\"Os deputados estaduais da Assembleia Legislativa do Paran\u00e1 (Alep) ingressar\u00e3o com uma a\u00e7\u00e3o popular para suspender imediatamente a cobran\u00e7a integral de\" \/>\n<meta name=\"robots\" content=\"index, follow, max-snippet:-1, max-image-preview:large, max-video-preview:-1\" \/>\n<link rel=\"canonical\" href=\"https:\/\/ubirataonline.com.br\/en\/acao-quer-barrar-cobranca-integral\/\" \/>\n<meta property=\"og:locale\" content=\"en_US\" \/>\n<meta property=\"og:type\" content=\"article\" \/>\n<meta property=\"og:title\" content=\"a\u00e7\u00e3o quer barrar cobran\u00e7a integral\" \/>\n<meta property=\"og:description\" content=\"Os deputados estaduais da Assembleia Legislativa do Paran\u00e1 (Alep) ingressar\u00e3o com uma a\u00e7\u00e3o popular para suspender imediatamente a cobran\u00e7a integral de\" \/>\n<meta property=\"og:url\" content=\"https:\/\/ubirataonline.com.br\/en\/acao-quer-barrar-cobranca-integral\/\" \/>\n<meta property=\"og:site_name\" content=\"Ubirat\u00e3 Online Not\u00edcias - A realidade ao seu alcance!\" \/>\n<meta property=\"article:publisher\" content=\"https:\/\/www.facebook.com\/portalubirataonline\" \/>\n<meta property=\"article:author\" content=\"https:\/\/www.facebook.com\/portalubirataonline\" \/>\n<meta property=\"article:published_time\" content=\"2026-02-24T01:06:26+00:00\" \/>\n<meta property=\"article:modified_time\" content=\"2026-02-24T01:06:35+00:00\" \/>\n<meta property=\"og:image\" content=\"https:\/\/ubirataonline.com.br\/wp-content\/uploads\/2026\/02\/acao-quer-barrar-cobranca-integral.jpg\" \/>\n\t<meta property=\"og:image:width\" content=\"1200\" \/>\n\t<meta property=\"og:image:height\" content=\"674\" \/>\n\t<meta property=\"og:image:type\" content=\"image\/jpeg\" \/>\n<meta name=\"author\" content=\"REDA\u00c7\u00c3O: UBIRAT\u00c3 ONLINE - F\u00c1BIO AUGUSTO CELESTINO\" \/>\n<meta name=\"twitter:card\" content=\"summary_large_image\" \/>\n<meta name=\"twitter:creator\" content=\"@x.com\/ubirataonline\" \/>\n<meta name=\"twitter:site\" content=\"@ubirataonline\" \/>\n<meta name=\"twitter:label1\" content=\"Written by\" \/>\n\t<meta name=\"twitter:data1\" content=\"REDA\u00c7\u00c3O: UBIRAT\u00c3 ONLINE - F\u00c1BIO AUGUSTO CELESTINO\" \/>\n\t<meta name=\"twitter:label2\" content=\"Est. reading time\" \/>\n\t<meta name=\"twitter:data2\" content=\"5 minutes\" \/>\n<script type=\"application\/ld+json\" class=\"yoast-schema-graph\">{\"@context\":\"https:\\\/\\\/schema.org\",\"@graph\":[{\"@type\":\"NewsArticle\",\"@id\":\"https:\\\/\\\/ubirataonline.com.br\\\/acao-quer-barrar-cobranca-integral\\\/#article\",\"isPartOf\":{\"@id\":\"https:\\\/\\\/ubirataonline.com.br\\\/acao-quer-barrar-cobranca-integral\\\/\"},\"author\":{\"name\":\"REDA\u00c7\u00c3O: UBIRAT\u00c3 ONLINE - F\u00c1BIO AUGUSTO CELESTINO\",\"@id\":\"https:\\\/\\\/ubirataonline.com.br\\\/#\\\/schema\\\/person\\\/372f87bbd3fdd79b8556b84c98d0bc1c\"},\"headline\":\"a\u00e7\u00e3o quer barrar cobran\u00e7a integral\",\"datePublished\":\"2026-02-24T01:06:26+00:00\",\"dateModified\":\"2026-02-24T01:06:35+00:00\",\"mainEntityOfPage\":{\"@id\":\"https:\\\/\\\/ubirataonline.com.br\\\/acao-quer-barrar-cobranca-integral\\\/\"},\"wordCount\":996,\"publisher\":{\"@id\":\"https:\\\/\\\/ubirataonline.com.br\\\/#organization\"},\"image\":{\"@id\":\"https:\\\/\\\/ubirataonline.com.br\\\/acao-quer-barrar-cobranca-integral\\\/#primaryimage\"},\"thumbnailUrl\":\"https:\\\/\\\/ubirataonline.com.br\\\/wp-content\\\/uploads\\\/2026\\\/02\\\/acao-quer-barrar-cobranca-integral.jpg\",\"keywords\":[\"a\u00e7\u00e3o\",\"barrar\",\"cobran\u00e7a\",\"integral\",\"quer\"],\"articleSection\":[\"Ubirat\u00e3\"],\"inLanguage\":\"en-US\",\"copyrightYear\":\"2026\",\"copyrightHolder\":{\"@id\":\"https:\\\/\\\/ubirataonline.com.br\\\/en\\\/#organization\"}},{\"@type\":\"WebPage\",\"@id\":\"https:\\\/\\\/ubirataonline.com.br\\\/acao-quer-barrar-cobranca-integral\\\/\",\"url\":\"https:\\\/\\\/ubirataonline.com.br\\\/acao-quer-barrar-cobranca-integral\\\/\",\"name\":\"a\u00e7\u00e3o quer barrar cobran\u00e7a integral - Ubirat\u00e3 Online Not\u00edcias - A realidade ao seu alcance!\",\"isPartOf\":{\"@id\":\"https:\\\/\\\/ubirataonline.com.br\\\/#website\"},\"primaryImageOfPage\":{\"@id\":\"https:\\\/\\\/ubirataonline.com.br\\\/acao-quer-barrar-cobranca-integral\\\/#primaryimage\"},\"image\":{\"@id\":\"https:\\\/\\\/ubirataonline.com.br\\\/acao-quer-barrar-cobranca-integral\\\/#primaryimage\"},\"thumbnailUrl\":\"https:\\\/\\\/ubirataonline.com.br\\\/wp-content\\\/uploads\\\/2026\\\/02\\\/acao-quer-barrar-cobranca-integral.jpg\",\"datePublished\":\"2026-02-24T01:06:26+00:00\",\"dateModified\":\"2026-02-24T01:06:35+00:00\",\"description\":\"Os deputados estaduais da Assembleia Legislativa do Paran\u00e1 (Alep) ingressar\u00e3o com uma a\u00e7\u00e3o popular para suspender imediatamente a cobran\u00e7a integral de\",\"breadcrumb\":{\"@id\":\"https:\\\/\\\/ubirataonline.com.br\\\/acao-quer-barrar-cobranca-integral\\\/#breadcrumb\"},\"inLanguage\":\"en-US\",\"potentialAction\":[{\"@type\":\"ReadAction\",\"target\":[\"https:\\\/\\\/ubirataonline.com.br\\\/acao-quer-barrar-cobranca-integral\\\/\"]}]},{\"@type\":\"ImageObject\",\"inLanguage\":\"en-US\",\"@id\":\"https:\\\/\\\/ubirataonline.com.br\\\/acao-quer-barrar-cobranca-integral\\\/#primaryimage\",\"url\":\"https:\\\/\\\/ubirataonline.com.br\\\/wp-content\\\/uploads\\\/2026\\\/02\\\/acao-quer-barrar-cobranca-integral.jpg\",\"contentUrl\":\"https:\\\/\\\/ubirataonline.com.br\\\/wp-content\\\/uploads\\\/2026\\\/02\\\/acao-quer-barrar-cobranca-integral.jpg\",\"width\":1200,\"height\":674,\"caption\":\"Foto: Divulga\u00e7\u00e3o\\\/EPR\"},{\"@type\":\"BreadcrumbList\",\"@id\":\"https:\\\/\\\/ubirataonline.com.br\\\/acao-quer-barrar-cobranca-integral\\\/#breadcrumb\",\"itemListElement\":[{\"@type\":\"ListItem\",\"position\":1,\"name\":\"In\u00edcio\",\"item\":\"https:\\\/\\\/ubirataonline.com.br\\\/\"},{\"@type\":\"ListItem\",\"position\":2,\"name\":\"a\u00e7\u00e3o quer barrar cobran\u00e7a integral\"}]},{\"@type\":\"WebSite\",\"@id\":\"https:\\\/\\\/ubirataonline.com.br\\\/#website\",\"url\":\"https:\\\/\\\/ubirataonline.com.br\\\/\",\"name\":\"Ubirat\u00e3 Online Not\u00edcias\",\"description\":\"Not\u00edcias de Ubirat\u00e3, regi\u00e3o, Brasil e mundo, com informa\u00e7\u00e3o atualizada e compromisso com o leitor.\",\"publisher\":{\"@id\":\"https:\\\/\\\/ubirataonline.com.br\\\/#organization\"},\"alternateName\":\"Ubirat\u00e3 Online\",\"potentialAction\":[{\"@type\":\"SearchAction\",\"target\":{\"@type\":\"EntryPoint\",\"urlTemplate\":\"https:\\\/\\\/ubirataonline.com.br\\\/?s={search_term_string}\"},\"query-input\":{\"@type\":\"PropertyValueSpecification\",\"valueRequired\":true,\"valueName\":\"search_term_string\"}}],\"inLanguage\":\"en-US\"},{\"@type\":[\"Organization\",\"Place\"],\"@id\":\"https:\\\/\\\/ubirataonline.com.br\\\/#organization\",\"name\":\"Ubirat\u00e3 Online Not\u00edcias\",\"alternateName\":\"Ubirat\u00e3 Online\",\"url\":\"https:\\\/\\\/ubirataonline.com.br\\\/\",\"logo\":{\"@id\":\"https:\\\/\\\/ubirataonline.com.br\\\/acao-quer-barrar-cobranca-integral\\\/#local-main-organization-logo\"},\"image\":{\"@id\":\"https:\\\/\\\/ubirataonline.com.br\\\/acao-quer-barrar-cobranca-integral\\\/#local-main-organization-logo\"},\"sameAs\":[\"https:\\\/\\\/www.facebook.com\\\/portalubirataonline\",\"https:\\\/\\\/x.com\\\/ubirataonline\",\"https:\\\/\\\/mastodon.social\\\/@ubirataonline\",\"https:\\\/\\\/www.facebook.com\\\/groups\\\/311144672285604\",\"https:\\\/\\\/www.facebook.com\\\/UBTAOnline\",\"https:\\\/\\\/www.instagram.com\\\/portalubirataonline\\\/\",\"https:\\\/\\\/twitter.com\\\/ubirataonline\"],\"description\":\"Somos um portal de not\u00edcias independente, criado em 5 de janeiro de 2009, com o objetivo de informar, conectar e valorizar a nossa comunidade de Ubirat\u00e3 e toda aregi\u00e3o. Com conte\u00fado atualizado, confi\u00e1vel e relevante, o Ubirat\u00e3 Online \u00e9 o seu espa\u00e7o para ficar por dentro dos principais acontecimentos locais, regionais, Brasil, Mundo e de interesse geral. Nosso compromisso \u00e9 com a verdade, a transpar\u00eancia e o respeito ao leitor.\",\"legalName\":\"UBIRATA ONLINE NOT\u00cdCIAS\",\"foundingDate\":\"2009-01-05\",\"numberOfEmployees\":{\"@type\":\"QuantitativeValue\",\"minValue\":\"1\",\"maxValue\":\"10\"},\"publishingPrinciples\":\"https:\\\/\\\/ubirataonline.com.br\\\/faq\\\/\",\"address\":{\"@id\":\"https:\\\/\\\/ubirataonline.com.br\\\/acao-quer-barrar-cobranca-integral\\\/#local-main-place-address\"},\"geo\":{\"@type\":\"GeoCoordinates\",\"latitude\":\"-24.5361401\",\"longitude\":\"-52.9921776\"},\"telephone\":[\"+5544998308235\"],\"contactPoint\":{\"@type\":\"ContactPoint\",\"email\":\"contato@ubirataonline.com.br\"},\"openingHoursSpecification\":{\"@type\":\"OpeningHoursSpecification\",\"dayOfWeek\":[\"Monday\",\"Tuesday\",\"Wednesday\",\"Thursday\",\"Friday\",\"Saturday\",\"Sunday\"],\"opens\":\"00:00\",\"closes\":\"23:59\"},\"email\":\"contato@ubirataonline.com.br\",\"vatID\":\"47.621.418\\\/0001-80\"},{\"@type\":\"Person\",\"@id\":\"https:\\\/\\\/ubirataonline.com.br\\\/#\\\/schema\\\/person\\\/372f87bbd3fdd79b8556b84c98d0bc1c\",\"name\":\"REDA\u00c7\u00c3O: UBIRAT\u00c3 ONLINE - F\u00c1BIO AUGUSTO CELESTINO\",\"pronouns\":\"Ele\",\"description\":\"Desde 2003 trabalhando com not\u00edcias.\",\"sameAs\":[\"http:\\\/\\\/ubirataoline.com.br\",\"https:\\\/\\\/www.facebook.com\\\/portalubirataonline\",\"https:\\\/\\\/www.instagram.com\\\/ubirataonline_oficial\",\"https:\\\/\\\/x.com\\\/x.com\\\/ubirataonline\"],\"honorificPrefix\":\"Mr.\",\"honorificSuffix\":\"MD\",\"birthDate\":\"1980-06-16\",\"gender\":\"masculino\",\"award\":[\"V\u00e1rios pr\u00eamios de melhor portal da cidade\"],\"jobTitle\":\"Diretor\",\"url\":\"https:\\\/\\\/ubirataonline.com.br\\\/en\\\/author\\\/ubirataonline\\\/\"},{\"@type\":\"PostalAddress\",\"@id\":\"https:\\\/\\\/ubirataonline.com.br\\\/acao-quer-barrar-cobranca-integral\\\/#local-main-place-address\",\"streetAddress\":\"Rua dos Coqueiros, 104 - Bairro Boa Vista, Rua dos Coqueiros, 104 Bairro Boa Vista\",\"addressLocality\":\"UBIRATA\",\"postalCode\":\"85440-000\",\"addressRegion\":\"PR\",\"addressCountry\":\"BR\"},{\"@type\":\"ImageObject\",\"inLanguage\":\"en-US\",\"@id\":\"https:\\\/\\\/ubirataonline.com.br\\\/acao-quer-barrar-cobranca-integral\\\/#local-main-organization-logo\",\"url\":\"https:\\\/\\\/ubirataonline.com.br\\\/wp-content\\\/uploads\\\/2026\\\/06\\\/logoubirataonline-1.webp\",\"contentUrl\":\"https:\\\/\\\/ubirataonline.com.br\\\/wp-content\\\/uploads\\\/2026\\\/06\\\/logoubirataonline-1.webp\",\"width\":500,\"height\":500,\"caption\":\"Ubirat\u00e3 Online Not\u00edcias\"}]}<\/script>\n<meta name=\"geo.placename\" content=\"UBIRATA\" \/>\n<meta name=\"geo.position\" content=\"-24.5361401;-52.9921776\" \/>\n<meta name=\"geo.region\" content=\"Brazil\" \/>\n<!-- \/ Yoast SEO Premium plugin. -->","yoast_head_json":{"title":"a\u00e7\u00e3o quer barrar cobran\u00e7a integral - Ubirat\u00e3 Online Not\u00edcias - A realidade ao seu alcance!","description":"Os deputados estaduais da Assembleia Legislativa do Paran\u00e1 (Alep) ingressar\u00e3o com uma a\u00e7\u00e3o popular para suspender imediatamente a cobran\u00e7a integral de","robots":{"index":"index","follow":"follow","max-snippet":"max-snippet:-1","max-image-preview":"max-image-preview:large","max-video-preview":"max-video-preview:-1"},"canonical":"https:\/\/ubirataonline.com.br\/en\/acao-quer-barrar-cobranca-integral\/","og_locale":"en_US","og_type":"article","og_title":"a\u00e7\u00e3o quer barrar cobran\u00e7a integral","og_description":"Os deputados estaduais da Assembleia Legislativa do Paran\u00e1 (Alep) ingressar\u00e3o com uma a\u00e7\u00e3o popular para suspender imediatamente a cobran\u00e7a integral de","og_url":"https:\/\/ubirataonline.com.br\/en\/acao-quer-barrar-cobranca-integral\/","og_site_name":"Ubirat\u00e3 Online Not\u00edcias - A realidade ao seu alcance!","article_publisher":"https:\/\/www.facebook.com\/portalubirataonline","article_author":"https:\/\/www.facebook.com\/portalubirataonline","article_published_time":"2026-02-24T01:06:26+00:00","article_modified_time":"2026-02-24T01:06:35+00:00","og_image":[{"width":1200,"height":674,"url":"https:\/\/ubirataonline.com.br\/wp-content\/uploads\/2026\/02\/acao-quer-barrar-cobranca-integral.jpg","type":"image\/jpeg"}],"author":"REDA\u00c7\u00c3O: UBIRAT\u00c3 ONLINE - F\u00c1BIO AUGUSTO CELESTINO","twitter_card":"summary_large_image","twitter_creator":"@x.com\/ubirataonline","twitter_site":"@ubirataonline","twitter_misc":{"Written by":"REDA\u00c7\u00c3O: UBIRAT\u00c3 ONLINE - F\u00c1BIO AUGUSTO CELESTINO","Est. reading time":"5 minutes"},"schema":{"@context":"https:\/\/schema.org","@graph":[{"@type":"NewsArticle","@id":"https:\/\/ubirataonline.com.br\/acao-quer-barrar-cobranca-integral\/#article","isPartOf":{"@id":"https:\/\/ubirataonline.com.br\/acao-quer-barrar-cobranca-integral\/"},"author":{"name":"REDA\u00c7\u00c3O: UBIRAT\u00c3 ONLINE - F\u00c1BIO AUGUSTO CELESTINO","@id":"https:\/\/ubirataonline.com.br\/#\/schema\/person\/372f87bbd3fdd79b8556b84c98d0bc1c"},"headline":"a\u00e7\u00e3o quer barrar cobran\u00e7a integral","datePublished":"2026-02-24T01:06:26+00:00","dateModified":"2026-02-24T01:06:35+00:00","mainEntityOfPage":{"@id":"https:\/\/ubirataonline.com.br\/acao-quer-barrar-cobranca-integral\/"},"wordCount":996,"publisher":{"@id":"https:\/\/ubirataonline.com.br\/#organization"},"image":{"@id":"https:\/\/ubirataonline.com.br\/acao-quer-barrar-cobranca-integral\/#primaryimage"},"thumbnailUrl":"https:\/\/ubirataonline.com.br\/wp-content\/uploads\/2026\/02\/acao-quer-barrar-cobranca-integral.jpg","keywords":["a\u00e7\u00e3o","barrar","cobran\u00e7a","integral","quer"],"articleSection":["Ubirat\u00e3"],"inLanguage":"en-US","copyrightYear":"2026","copyrightHolder":{"@id":"https:\/\/ubirataonline.com.br\/en\/#organization"}},{"@type":"WebPage","@id":"https:\/\/ubirataonline.com.br\/acao-quer-barrar-cobranca-integral\/","url":"https:\/\/ubirataonline.com.br\/acao-quer-barrar-cobranca-integral\/","name":"a\u00e7\u00e3o quer barrar cobran\u00e7a integral - Ubirat\u00e3 Online Not\u00edcias - A realidade ao seu alcance!","isPartOf":{"@id":"https:\/\/ubirataonline.com.br\/#website"},"primaryImageOfPage":{"@id":"https:\/\/ubirataonline.com.br\/acao-quer-barrar-cobranca-integral\/#primaryimage"},"image":{"@id":"https:\/\/ubirataonline.com.br\/acao-quer-barrar-cobranca-integral\/#primaryimage"},"thumbnailUrl":"https:\/\/ubirataonline.com.br\/wp-content\/uploads\/2026\/02\/acao-quer-barrar-cobranca-integral.jpg","datePublished":"2026-02-24T01:06:26+00:00","dateModified":"2026-02-24T01:06:35+00:00","description":"Os deputados estaduais da Assembleia Legislativa do Paran\u00e1 (Alep) ingressar\u00e3o com uma a\u00e7\u00e3o popular para suspender imediatamente a cobran\u00e7a integral de","breadcrumb":{"@id":"https:\/\/ubirataonline.com.br\/acao-quer-barrar-cobranca-integral\/#breadcrumb"},"inLanguage":"en-US","potentialAction":[{"@type":"ReadAction","target":["https:\/\/ubirataonline.com.br\/acao-quer-barrar-cobranca-integral\/"]}]},{"@type":"ImageObject","inLanguage":"en-US","@id":"https:\/\/ubirataonline.com.br\/acao-quer-barrar-cobranca-integral\/#primaryimage","url":"https:\/\/ubirataonline.com.br\/wp-content\/uploads\/2026\/02\/acao-quer-barrar-cobranca-integral.jpg","contentUrl":"https:\/\/ubirataonline.com.br\/wp-content\/uploads\/2026\/02\/acao-quer-barrar-cobranca-integral.jpg","width":1200,"height":674,"caption":"Foto: Divulga\u00e7\u00e3o\/EPR"},{"@type":"BreadcrumbList","@id":"https:\/\/ubirataonline.com.br\/acao-quer-barrar-cobranca-integral\/#breadcrumb","itemListElement":[{"@type":"ListItem","position":1,"name":"In\u00edcio","item":"https:\/\/ubirataonline.com.br\/"},{"@type":"ListItem","position":2,"name":"a\u00e7\u00e3o quer barrar cobran\u00e7a integral"}]},{"@type":"WebSite","@id":"https:\/\/ubirataonline.com.br\/#website","url":"https:\/\/ubirataonline.com.br\/","name":"Ubirat\u00e3 Online Not\u00edcias","description":"Not\u00edcias de Ubirat\u00e3, regi\u00e3o, Brasil e mundo, com informa\u00e7\u00e3o atualizada e compromisso com o leitor.","publisher":{"@id":"https:\/\/ubirataonline.com.br\/#organization"},"alternateName":"Ubirat\u00e3 Online","potentialAction":[{"@type":"SearchAction","target":{"@type":"EntryPoint","urlTemplate":"https:\/\/ubirataonline.com.br\/?s={search_term_string}"},"query-input":{"@type":"PropertyValueSpecification","valueRequired":true,"valueName":"search_term_string"}}],"inLanguage":"en-US"},{"@type":["Organization","Place"],"@id":"https:\/\/ubirataonline.com.br\/#organization","name":"Ubirat\u00e3 Online Not\u00edcias","alternateName":"Ubirat\u00e3 Online","url":"https:\/\/ubirataonline.com.br\/","logo":{"@id":"https:\/\/ubirataonline.com.br\/acao-quer-barrar-cobranca-integral\/#local-main-organization-logo"},"image":{"@id":"https:\/\/ubirataonline.com.br\/acao-quer-barrar-cobranca-integral\/#local-main-organization-logo"},"sameAs":["https:\/\/www.facebook.com\/portalubirataonline","https:\/\/x.com\/ubirataonline","https:\/\/mastodon.social\/@ubirataonline","https:\/\/www.facebook.com\/groups\/311144672285604","https:\/\/www.facebook.com\/UBTAOnline","https:\/\/www.instagram.com\/portalubirataonline\/","https:\/\/twitter.com\/ubirataonline"],"description":"Somos um portal de not\u00edcias independente, criado em 5 de janeiro de 2009, com o objetivo de informar, conectar e valorizar a nossa comunidade de Ubirat\u00e3 e toda aregi\u00e3o. Com conte\u00fado atualizado, confi\u00e1vel e relevante, o Ubirat\u00e3 Online \u00e9 o seu espa\u00e7o para ficar por dentro dos principais acontecimentos locais, regionais, Brasil, Mundo e de interesse geral. Nosso compromisso \u00e9 com a verdade, a transpar\u00eancia e o respeito ao leitor.","legalName":"UBIRATA ONLINE NOT\u00cdCIAS","foundingDate":"2009-01-05","numberOfEmployees":{"@type":"QuantitativeValue","minValue":"1","maxValue":"10"},"publishingPrinciples":"https:\/\/ubirataonline.com.br\/faq\/","address":{"@id":"https:\/\/ubirataonline.com.br\/acao-quer-barrar-cobranca-integral\/#local-main-place-address"},"geo":{"@type":"GeoCoordinates","latitude":"-24.5361401","longitude":"-52.9921776"},"telephone":["+5544998308235"],"contactPoint":{"@type":"ContactPoint","email":"contato@ubirataonline.com.br"},"openingHoursSpecification":{"@type":"OpeningHoursSpecification","dayOfWeek":["Monday","Tuesday","Wednesday","Thursday","Friday","Saturday","Sunday"],"opens":"00:00","closes":"23:59"},"email":"contato@ubirataonline.com.br","vatID":"47.621.418\/0001-80"},{"@type":"Person","@id":"https:\/\/ubirataonline.com.br\/#\/schema\/person\/372f87bbd3fdd79b8556b84c98d0bc1c","name":"REDA\u00c7\u00c3O: UBIRAT\u00c3 ONLINE - F\u00c1BIO AUGUSTO CELESTINO","pronouns":"Ele","description":"Desde 2003 trabalhando com not\u00edcias.","sameAs":["http:\/\/ubirataoline.com.br","https:\/\/www.facebook.com\/portalubirataonline","https:\/\/www.instagram.com\/ubirataonline_oficial","https:\/\/x.com\/x.com\/ubirataonline"],"honorificPrefix":"Mr.","honorificSuffix":"MD","birthDate":"1980-06-16","gender":"masculino","award":["V\u00e1rios pr\u00eamios de melhor portal da cidade"],"jobTitle":"Diretor","url":"https:\/\/ubirataonline.com.br\/en\/author\/ubirataonline\/"},{"@type":"PostalAddress","@id":"https:\/\/ubirataonline.com.br\/acao-quer-barrar-cobranca-integral\/#local-main-place-address","streetAddress":"Rua dos Coqueiros, 104 - Bairro Boa Vista, Rua dos Coqueiros, 104 Bairro Boa Vista","addressLocality":"UBIRATA","postalCode":"85440-000","addressRegion":"PR","addressCountry":"BR"},{"@type":"ImageObject","inLanguage":"en-US","@id":"https:\/\/ubirataonline.com.br\/acao-quer-barrar-cobranca-integral\/#local-main-organization-logo","url":"https:\/\/ubirataonline.com.br\/wp-content\/uploads\/2026\/06\/logoubirataonline-1.webp","contentUrl":"https:\/\/ubirataonline.com.br\/wp-content\/uploads\/2026\/06\/logoubirataonline-1.webp","width":500,"height":500,"caption":"Ubirat\u00e3 Online Not\u00edcias"}]},"geo.placename":"UBIRATA","geo.position":{"lat":"-24.5361401","long":"-52.9921776"},"geo.region":"Brazil"},"_links":{"self":[{"href":"https:\/\/ubirataonline.com.br\/en\/wp-json\/wp\/v2\/posts\/89639","targetHints":{"allow":["GET"]}}],"collection":[{"href":"https:\/\/ubirataonline.com.br\/en\/wp-json\/wp\/v2\/posts"}],"about":[{"href":"https:\/\/ubirataonline.com.br\/en\/wp-json\/wp\/v2\/types\/post"}],"author":[{"embeddable":true,"href":"https:\/\/ubirataonline.com.br\/en\/wp-json\/wp\/v2\/users\/1"}],"replies":[{"embeddable":true,"href":"https:\/\/ubirataonline.com.br\/en\/wp-json\/wp\/v2\/comments?post=89639"}],"version-history":[{"count":0,"href":"https:\/\/ubirataonline.com.br\/en\/wp-json\/wp\/v2\/posts\/89639\/revisions"}],"wp:featuredmedia":[{"embeddable":true,"href":"https:\/\/ubirataonline.com.br\/en\/wp-json\/wp\/v2\/media\/89640"}],"wp:attachment":[{"href":"https:\/\/ubirataonline.com.br\/en\/wp-json\/wp\/v2\/media?parent=89639"}],"wp:term":[{"taxonomy":"category","embeddable":true,"href":"https:\/\/ubirataonline.com.br\/en\/wp-json\/wp\/v2\/categories?post=89639"},{"taxonomy":"post_tag","embeddable":true,"href":"https:\/\/ubirataonline.com.br\/en\/wp-json\/wp\/v2\/tags?post=89639"}],"curies":[{"name":"wp","href":"https:\/\/api.w.org\/{rel}","templated":true}]}}