{"id":89998,"date":"2026-02-25T06:05:33","date_gmt":"2026-02-25T09:05:33","guid":{"rendered":"https:\/\/ubirataonline.com.br\/previsao-do-tempo-em-belem-hoje-25-02-que-horas-vai-chover-confira-os-detalhes-belem\/"},"modified":"2026-02-25T06:05:35","modified_gmt":"2026-02-25T09:05:35","slug":"previsao-do-tempo-em-belem-hoje-25-02-que-horas-vai-chover-confira-os-detalhes-belem","status":"publish","type":"post","link":"https:\/\/ubirataonline.com.br\/en\/previsao-do-tempo-em-belem-hoje-25-02-que-horas-vai-chover-confira-os-detalhes-belem\/","title":{"rendered":"Previs\u00e3o do tempo em Bel\u00e9m hoje (25\/02); que horas vai chover? Confira os detalhes | Bel\u00e9m"},"content":{"rendered":"<p><\/p>\n<div>\n        <!-- Load Facebook SDK for JavaScript --><\/p>\n<p>A previs\u00e3o do tempo para <strong>Bel\u00e9m, no Par\u00e1<\/strong>, nesta\u00a0<strong>quarta-feira (25\/02\/2026)<\/strong>, indica <strong>a manuten\u00e7\u00e3o de forte instabilidade<\/strong>, com dom\u00ednio de nuvens carregadas e alta umidade. &#x1f326;&#xfe0f; A combina\u00e7\u00e3o segue t\u00edpica de fevereiro na capital paraense.<\/p>\n<h2>&#x1f327;&#xfe0f; Vai chover em Bel\u00e9m hoje, dia 25\/02?<\/h2>\n<p>A tend\u00eancia \u00e9 de <b>tempo inst\u00e1vel<\/b>.\u00a0Em Bel\u00e9m, deve haver pancadas \u00e0 tarde, mas h\u00e1 chances de chuva o dia inteiro. &#x26c8;&#xfe0f;<\/p>\n<h2>&#x1f321;&#xfe0f; Temperatura esperada<\/h2>\n<p>As temperaturas devem ficar dentro do padr\u00e3o de fevereiro na cidade, com calor predominando durante o dia. &#x1f525;<\/p>\n<ul>&#13;<\/p>\n<li>&#x1f305; <strong>Temperatura m\u00ednima:<\/strong> entre <strong>23\u00b0C e 24\u00b0C<\/strong><\/li>\n<p>&#13;<\/p>\n<li>&#x1f31e; <strong>Temperatura m\u00e1xima:<\/strong> entre <strong>28\u00b0C e 29\u00b0C<\/strong><\/li>\n<p>&#13;\n<\/ul>\n<h2>&#x23f0; Per\u00edodos com maior chance de chuva<\/h2>\n<p>Para quem vai sair de casa, vale ficar atento aos hor\u00e1rios com maior instabilidade. &#x1f440;<\/p>\n<ul>&#13;<\/p>\n<li>&#x1f324;&#xfe0f; <strong>Manh\u00e3:<\/strong>\u00a0c\u00e9u nublado a encoberto, com possibilidade de chuvas r\u00e1pidas isoladas ainda no per\u00edodo matutino<\/li>\n<p>&#13;<\/p>\n<li>&#x1f326;&#xfe0f; <strong>Tarde:<\/strong>\u00a0per\u00edodo de maior risco, com pancadas de chuva moderadas a fortes e ocorr\u00eancia de trovoadas e maior concentra\u00e7\u00e3o de chuva esperada entre 14h e 17h<\/li>\n<p>&#13;<\/p>\n<li>&#x1f319; <strong>Noite:<\/strong>\u00a0tempo permanece inst\u00e1vel, com c\u00e9u nublado e chance de chuva leve intermitente<\/li>\n<p>&#13;\n<\/ul>\n<h2>&#x1f4a7; Umidade do ar em Bel\u00e9m<\/h2>\n<p>Os \u00edndices de umidade do ar seguem elevados na capital paraense, o que contribui para a sensa\u00e7\u00e3o de calor ao longo do dia.<\/p>\n<ul>&#13;<\/p>\n<li>&#x1f4a7; <strong>Umidade m\u00e1xima:<\/strong>\u00a098%<\/li>\n<p>&#13;<\/p>\n<li>&#x1f4a7; <strong>Umidade m\u00ednima: <\/strong>75%<\/li>\n<p>&#13;\n<\/ul>\n<h2>Tend\u00eancia para os pr\u00f3ximos dias<\/h2>\n<p>A tend\u00eancia para o restante da semana \u00e9 de <strong>padr\u00e3o atmosf\u00e9rico semelhante<\/strong>, com pequenas aberturas de sol entre nuvens pela manh\u00e3 e pancadas de chuva \u00e0 tarde, com aparecimento do sol de forma mais t\u00edmida apenas no final da semana na Regi\u00e3o Metropolitana de Bel\u00e9m, um padr\u00e3o comum do clima amaz\u00f4nico nesta \u00e9poca do ano.<\/p>\n<\/p><\/div>\n<p><a href=\"https:\/\/www.oliberal.com\/belem\/previsao-do-tempo-em-belem-hoje-25-02-que-horas-vai-chover-confira-os-detalhes-1.1089295\">Fonte do Artigo <\/a><\/p>","protected":false},"excerpt":{"rendered":"<p>A previs\u00e3o do tempo para Bel\u00e9m, no Par\u00e1, nesta\u00a0quarta-feira (25\/02\/2026), indica a manuten\u00e7\u00e3o de forte instabilidade, com dom\u00ednio de nuvens carregadas e alta umidade. &#x1f326;&#xfe0f; A combina\u00e7\u00e3o segue t\u00edpica de fevereiro na capital paraense. &#x1f327;&#xfe0f; Vai chover em Bel\u00e9m hoje, dia 25\/02? A tend\u00eancia \u00e9 de tempo inst\u00e1vel.\u00a0Em Bel\u00e9m, deve haver pancadas \u00e0 tarde, mas [&hellip;]<\/p>\n","protected":false},"author":1,"featured_media":89999,"comment_status":"closed","ping_status":"","sticky":false,"template":"","format":"standard","meta":{"googlesitekit_rrm_CAow2JLhCw:productID":"","_gspb_post_css":"","maa_idioma":"","maa_pais":"","footnotes":""},"categories":[4],"tags":[10179,15337,2971,3052,3865,3278,3085,4769,3346],"class_list":["post-89998","post","type-post","status-publish","format-standard","has-post-thumbnail","hentry","category-brasil","tag-belem","tag-chover","tag-confira","tag-detalhes","tag-hoje","tag-horas","tag-previsao","tag-tempo","tag-vai"],"blocksy_meta":[],"yoast_head":"<!-- This site is optimized with the Yoast SEO Premium plugin v27.6 (Yoast SEO v27.6) - https:\/\/yoast.com\/product\/yoast-seo-premium-wordpress\/ -->\n<title>Previs\u00e3o do tempo em Bel\u00e9m hoje (25\/02); que horas vai chover? Confira os detalhes | Bel\u00e9m - Ubirat\u00e3 Online Not\u00edcias - A realidade ao seu alcance!<\/title>\n<meta name=\"description\" content=\"A previs\u00e3o do tempo para Bel\u00e9m, no Par\u00e1, nesta\u00a0quarta-feira (25\/02\/2026), indica a manuten\u00e7\u00e3o de forte instabilidade, com dom\u00ednio de nuvens carregadas e\" \/>\n<meta name=\"robots\" content=\"index, follow, max-snippet:-1, max-image-preview:large, max-video-preview:-1\" \/>\n<link rel=\"canonical\" href=\"https:\/\/ubirataonline.com.br\/en\/previsao-do-tempo-em-belem-hoje-25-02-que-horas-vai-chover-confira-os-detalhes-belem\/\" \/>\n<meta property=\"og:locale\" content=\"en_US\" \/>\n<meta property=\"og:type\" content=\"article\" \/>\n<meta property=\"og:title\" content=\"Previs\u00e3o do tempo em Bel\u00e9m hoje (25\/02); que horas vai chover? Confira os detalhes | Bel\u00e9m\" \/>\n<meta property=\"og:description\" content=\"A previs\u00e3o do tempo para Bel\u00e9m, no Par\u00e1, nesta\u00a0quarta-feira (25\/02\/2026), indica a manuten\u00e7\u00e3o de forte instabilidade, com dom\u00ednio de nuvens carregadas e\" \/>\n<meta property=\"og:url\" content=\"https:\/\/ubirataonline.com.br\/en\/previsao-do-tempo-em-belem-hoje-25-02-que-horas-vai-chover-confira-os-detalhes-belem\/\" \/>\n<meta property=\"og:site_name\" content=\"Ubirat\u00e3 Online Not\u00edcias - A realidade ao seu alcance!\" \/>\n<meta property=\"article:publisher\" content=\"https:\/\/www.facebook.com\/portalubirataonline\" \/>\n<meta property=\"article:author\" content=\"https:\/\/www.facebook.com\/portalubirataonline\" \/>\n<meta property=\"article:published_time\" content=\"2026-02-25T09:05:33+00:00\" \/>\n<meta property=\"article:modified_time\" content=\"2026-02-25T09:05:35+00:00\" \/>\n<meta property=\"og:image\" content=\"https:\/\/ubirataonline.com.br\/wp-content\/uploads\/2026\/02\/Previsao-do-tempo-em-Belem-hoje-2502-que-horas-vai.jpg\" \/>\n\t<meta property=\"og:image:width\" content=\"800\" \/>\n\t<meta property=\"og:image:height\" content=\"418\" \/>\n\t<meta property=\"og:image:type\" content=\"image\/jpeg\" \/>\n<meta name=\"author\" content=\"REDA\u00c7\u00c3O: UBIRAT\u00c3 ONLINE - F\u00c1BIO AUGUSTO CELESTINO\" \/>\n<meta name=\"twitter:card\" content=\"summary_large_image\" \/>\n<meta name=\"twitter:creator\" content=\"@x.com\/ubirataonline\" \/>\n<meta name=\"twitter:site\" content=\"@ubirataonline\" \/>\n<meta name=\"twitter:label1\" content=\"Written by\" \/>\n\t<meta name=\"twitter:data1\" content=\"REDA\u00c7\u00c3O: UBIRAT\u00c3 ONLINE - F\u00c1BIO AUGUSTO CELESTINO\" \/>\n\t<meta name=\"twitter:label2\" content=\"Est. reading time\" \/>\n\t<meta name=\"twitter:data2\" content=\"2 minutes\" \/>\n<script type=\"application\/ld+json\" class=\"yoast-schema-graph\">{\"@context\":\"https:\\\/\\\/schema.org\",\"@graph\":[{\"@type\":\"NewsArticle\",\"@id\":\"https:\\\/\\\/ubirataonline.com.br\\\/previsao-do-tempo-em-belem-hoje-25-02-que-horas-vai-chover-confira-os-detalhes-belem\\\/#article\",\"isPartOf\":{\"@id\":\"https:\\\/\\\/ubirataonline.com.br\\\/previsao-do-tempo-em-belem-hoje-25-02-que-horas-vai-chover-confira-os-detalhes-belem\\\/\"},\"author\":{\"name\":\"REDA\u00c7\u00c3O: UBIRAT\u00c3 ONLINE - F\u00c1BIO AUGUSTO CELESTINO\",\"@id\":\"https:\\\/\\\/ubirataonline.com.br\\\/#\\\/schema\\\/person\\\/372f87bbd3fdd79b8556b84c98d0bc1c\"},\"headline\":\"Previs\u00e3o do tempo em Bel\u00e9m hoje (25\\\/02); que horas vai chover? Confira os detalhes | Bel\u00e9m\",\"datePublished\":\"2026-02-25T09:05:33+00:00\",\"dateModified\":\"2026-02-25T09:05:35+00:00\",\"mainEntityOfPage\":{\"@id\":\"https:\\\/\\\/ubirataonline.com.br\\\/previsao-do-tempo-em-belem-hoje-25-02-que-horas-vai-chover-confira-os-detalhes-belem\\\/\"},\"wordCount\":356,\"publisher\":{\"@id\":\"https:\\\/\\\/ubirataonline.com.br\\\/#organization\"},\"image\":{\"@id\":\"https:\\\/\\\/ubirataonline.com.br\\\/previsao-do-tempo-em-belem-hoje-25-02-que-horas-vai-chover-confira-os-detalhes-belem\\\/#primaryimage\"},\"thumbnailUrl\":\"https:\\\/\\\/ubirataonline.com.br\\\/wp-content\\\/uploads\\\/2026\\\/02\\\/Previsao-do-tempo-em-Belem-hoje-2502-que-horas-vai.jpg\",\"keywords\":[\"Bel\u00e9m\",\"chover\",\"confira\",\"detalhes\",\"hoje\",\"horas\",\"previs\u00e3o\",\"tempo\",\"vai\"],\"articleSection\":[\"Brasil\"],\"inLanguage\":\"en-US\",\"copyrightYear\":\"2026\",\"copyrightHolder\":{\"@id\":\"https:\\\/\\\/ubirataonline.com.br\\\/en\\\/#organization\"}},{\"@type\":\"WebPage\",\"@id\":\"https:\\\/\\\/ubirataonline.com.br\\\/previsao-do-tempo-em-belem-hoje-25-02-que-horas-vai-chover-confira-os-detalhes-belem\\\/\",\"url\":\"https:\\\/\\\/ubirataonline.com.br\\\/previsao-do-tempo-em-belem-hoje-25-02-que-horas-vai-chover-confira-os-detalhes-belem\\\/\",\"name\":\"Previs\u00e3o do tempo em Bel\u00e9m hoje (25\\\/02); que horas vai chover? Confira os detalhes | Bel\u00e9m - Ubirat\u00e3 Online Not\u00edcias - A realidade ao seu alcance!\",\"isPartOf\":{\"@id\":\"https:\\\/\\\/ubirataonline.com.br\\\/#website\"},\"primaryImageOfPage\":{\"@id\":\"https:\\\/\\\/ubirataonline.com.br\\\/previsao-do-tempo-em-belem-hoje-25-02-que-horas-vai-chover-confira-os-detalhes-belem\\\/#primaryimage\"},\"image\":{\"@id\":\"https:\\\/\\\/ubirataonline.com.br\\\/previsao-do-tempo-em-belem-hoje-25-02-que-horas-vai-chover-confira-os-detalhes-belem\\\/#primaryimage\"},\"thumbnailUrl\":\"https:\\\/\\\/ubirataonline.com.br\\\/wp-content\\\/uploads\\\/2026\\\/02\\\/Previsao-do-tempo-em-Belem-hoje-2502-que-horas-vai.jpg\",\"datePublished\":\"2026-02-25T09:05:33+00:00\",\"dateModified\":\"2026-02-25T09:05:35+00:00\",\"description\":\"A previs\u00e3o do tempo para Bel\u00e9m, no Par\u00e1, nesta\u00a0quarta-feira (25\\\/02\\\/2026), indica a manuten\u00e7\u00e3o de forte instabilidade, com dom\u00ednio de nuvens carregadas e\",\"breadcrumb\":{\"@id\":\"https:\\\/\\\/ubirataonline.com.br\\\/previsao-do-tempo-em-belem-hoje-25-02-que-horas-vai-chover-confira-os-detalhes-belem\\\/#breadcrumb\"},\"inLanguage\":\"en-US\",\"potentialAction\":[{\"@type\":\"ReadAction\",\"target\":[\"https:\\\/\\\/ubirataonline.com.br\\\/previsao-do-tempo-em-belem-hoje-25-02-que-horas-vai-chover-confira-os-detalhes-belem\\\/\"]}]},{\"@type\":\"ImageObject\",\"inLanguage\":\"en-US\",\"@id\":\"https:\\\/\\\/ubirataonline.com.br\\\/previsao-do-tempo-em-belem-hoje-25-02-que-horas-vai-chover-confira-os-detalhes-belem\\\/#primaryimage\",\"url\":\"https:\\\/\\\/ubirataonline.com.br\\\/wp-content\\\/uploads\\\/2026\\\/02\\\/Previsao-do-tempo-em-Belem-hoje-2502-que-horas-vai.jpg\",\"contentUrl\":\"https:\\\/\\\/ubirataonline.com.br\\\/wp-content\\\/uploads\\\/2026\\\/02\\\/Previsao-do-tempo-em-Belem-hoje-2502-que-horas-vai.jpg\",\"width\":800,\"height\":418,\"caption\":\"Previs\u00e3o do tempo em Bel\u00e9m hoje (25\\\/02); que horas vai chover? Confira os detalhes | Bel\u00e9m\"},{\"@type\":\"BreadcrumbList\",\"@id\":\"https:\\\/\\\/ubirataonline.com.br\\\/previsao-do-tempo-em-belem-hoje-25-02-que-horas-vai-chover-confira-os-detalhes-belem\\\/#breadcrumb\",\"itemListElement\":[{\"@type\":\"ListItem\",\"position\":1,\"name\":\"In\u00edcio\",\"item\":\"https:\\\/\\\/ubirataonline.com.br\\\/\"},{\"@type\":\"ListItem\",\"position\":2,\"name\":\"Previs\u00e3o do tempo em Bel\u00e9m hoje (25\\\/02); que horas vai chover? Confira os detalhes | Bel\u00e9m\"}]},{\"@type\":\"WebSite\",\"@id\":\"https:\\\/\\\/ubirataonline.com.br\\\/#website\",\"url\":\"https:\\\/\\\/ubirataonline.com.br\\\/\",\"name\":\"Ubirat\u00e3 Online Not\u00edcias\",\"description\":\"Not\u00edcias de Ubirat\u00e3, regi\u00e3o, Brasil e mundo, com informa\u00e7\u00e3o atualizada e compromisso com o leitor.\",\"publisher\":{\"@id\":\"https:\\\/\\\/ubirataonline.com.br\\\/#organization\"},\"alternateName\":\"Ubirat\u00e3 Online\",\"potentialAction\":[{\"@type\":\"SearchAction\",\"target\":{\"@type\":\"EntryPoint\",\"urlTemplate\":\"https:\\\/\\\/ubirataonline.com.br\\\/?s={search_term_string}\"},\"query-input\":{\"@type\":\"PropertyValueSpecification\",\"valueRequired\":true,\"valueName\":\"search_term_string\"}}],\"inLanguage\":\"en-US\"},{\"@type\":[\"Organization\",\"Place\"],\"@id\":\"https:\\\/\\\/ubirataonline.com.br\\\/#organization\",\"name\":\"Ubirat\u00e3 Online Not\u00edcias\",\"alternateName\":\"Ubirat\u00e3 Online\",\"url\":\"https:\\\/\\\/ubirataonline.com.br\\\/\",\"logo\":{\"@id\":\"https:\\\/\\\/ubirataonline.com.br\\\/previsao-do-tempo-em-belem-hoje-25-02-que-horas-vai-chover-confira-os-detalhes-belem\\\/#local-main-organization-logo\"},\"image\":{\"@id\":\"https:\\\/\\\/ubirataonline.com.br\\\/previsao-do-tempo-em-belem-hoje-25-02-que-horas-vai-chover-confira-os-detalhes-belem\\\/#local-main-organization-logo\"},\"sameAs\":[\"https:\\\/\\\/www.facebook.com\\\/portalubirataonline\",\"https:\\\/\\\/x.com\\\/ubirataonline\",\"https:\\\/\\\/mastodon.social\\\/@ubirataonline\",\"https:\\\/\\\/www.facebook.com\\\/groups\\\/311144672285604\",\"https:\\\/\\\/www.facebook.com\\\/UBTAOnline\",\"https:\\\/\\\/www.instagram.com\\\/portalubirataonline\\\/\",\"https:\\\/\\\/twitter.com\\\/ubirataonline\"],\"description\":\"Somos um portal de not\u00edcias independente, criado em 5 de janeiro de 2009, com o objetivo de informar, conectar e valorizar a nossa comunidade de Ubirat\u00e3 e toda aregi\u00e3o. Com conte\u00fado atualizado, confi\u00e1vel e relevante, o Ubirat\u00e3 Online \u00e9 o seu espa\u00e7o para ficar por dentro dos principais acontecimentos locais, regionais, Brasil, Mundo e de interesse geral. Nosso compromisso \u00e9 com a verdade, a transpar\u00eancia e o respeito ao leitor.\",\"legalName\":\"UBIRATA ONLINE NOT\u00cdCIAS\",\"foundingDate\":\"2009-01-05\",\"numberOfEmployees\":{\"@type\":\"QuantitativeValue\",\"minValue\":\"1\",\"maxValue\":\"10\"},\"publishingPrinciples\":\"https:\\\/\\\/ubirataonline.com.br\\\/faq\\\/\",\"address\":{\"@id\":\"https:\\\/\\\/ubirataonline.com.br\\\/previsao-do-tempo-em-belem-hoje-25-02-que-horas-vai-chover-confira-os-detalhes-belem\\\/#local-main-place-address\"},\"geo\":{\"@type\":\"GeoCoordinates\",\"latitude\":\"-24.5361401\",\"longitude\":\"-52.9921776\"},\"telephone\":[\"+5544998308235\"],\"contactPoint\":{\"@type\":\"ContactPoint\",\"email\":\"contato@ubirataonline.com.br\"},\"openingHoursSpecification\":{\"@type\":\"OpeningHoursSpecification\",\"dayOfWeek\":[\"Monday\",\"Tuesday\",\"Wednesday\",\"Thursday\",\"Friday\",\"Saturday\",\"Sunday\"],\"opens\":\"00:00\",\"closes\":\"23:59\"},\"email\":\"contato@ubirataonline.com.br\",\"vatID\":\"47.621.418\\\/0001-80\"},{\"@type\":\"Person\",\"@id\":\"https:\\\/\\\/ubirataonline.com.br\\\/#\\\/schema\\\/person\\\/372f87bbd3fdd79b8556b84c98d0bc1c\",\"name\":\"REDA\u00c7\u00c3O: UBIRAT\u00c3 ONLINE - F\u00c1BIO AUGUSTO CELESTINO\",\"pronouns\":\"Ele\",\"description\":\"Desde 2003 trabalhando com not\u00edcias.\",\"sameAs\":[\"http:\\\/\\\/ubirataoline.com.br\",\"https:\\\/\\\/www.facebook.com\\\/portalubirataonline\",\"https:\\\/\\\/www.instagram.com\\\/ubirataonline_oficial\",\"https:\\\/\\\/x.com\\\/x.com\\\/ubirataonline\"],\"honorificPrefix\":\"Mr.\",\"honorificSuffix\":\"MD\",\"birthDate\":\"1980-06-16\",\"gender\":\"masculino\",\"award\":[\"V\u00e1rios pr\u00eamios de melhor portal da cidade\"],\"jobTitle\":\"Diretor\",\"url\":\"https:\\\/\\\/ubirataonline.com.br\\\/en\\\/author\\\/ubirataonline\\\/\"},{\"@type\":\"PostalAddress\",\"@id\":\"https:\\\/\\\/ubirataonline.com.br\\\/previsao-do-tempo-em-belem-hoje-25-02-que-horas-vai-chover-confira-os-detalhes-belem\\\/#local-main-place-address\",\"streetAddress\":\"Rua dos Coqueiros, 104 - Bairro Boa Vista, Rua dos Coqueiros, 104 Bairro Boa Vista\",\"addressLocality\":\"UBIRATA\",\"postalCode\":\"85440-000\",\"addressRegion\":\"PR\",\"addressCountry\":\"BR\"},{\"@type\":\"ImageObject\",\"inLanguage\":\"en-US\",\"@id\":\"https:\\\/\\\/ubirataonline.com.br\\\/previsao-do-tempo-em-belem-hoje-25-02-que-horas-vai-chover-confira-os-detalhes-belem\\\/#local-main-organization-logo\",\"url\":\"https:\\\/\\\/ubirataonline.com.br\\\/wp-content\\\/uploads\\\/2026\\\/06\\\/logoubirataonline-1.webp\",\"contentUrl\":\"https:\\\/\\\/ubirataonline.com.br\\\/wp-content\\\/uploads\\\/2026\\\/06\\\/logoubirataonline-1.webp\",\"width\":500,\"height\":500,\"caption\":\"Ubirat\u00e3 Online Not\u00edcias\"}]}<\/script>\n<meta name=\"geo.placename\" content=\"UBIRATA\" \/>\n<meta name=\"geo.position\" content=\"-24.5361401;-52.9921776\" \/>\n<meta name=\"geo.region\" content=\"Brazil\" \/>\n<!-- \/ Yoast SEO Premium plugin. -->","yoast_head_json":{"title":"Previs\u00e3o do tempo em Bel\u00e9m hoje (25\/02); que horas vai chover? Confira os detalhes | Bel\u00e9m - Ubirat\u00e3 Online Not\u00edcias - A realidade ao seu alcance!","description":"A previs\u00e3o do tempo para Bel\u00e9m, no Par\u00e1, nesta\u00a0quarta-feira (25\/02\/2026), indica a manuten\u00e7\u00e3o de forte instabilidade, com dom\u00ednio de nuvens carregadas e","robots":{"index":"index","follow":"follow","max-snippet":"max-snippet:-1","max-image-preview":"max-image-preview:large","max-video-preview":"max-video-preview:-1"},"canonical":"https:\/\/ubirataonline.com.br\/en\/previsao-do-tempo-em-belem-hoje-25-02-que-horas-vai-chover-confira-os-detalhes-belem\/","og_locale":"en_US","og_type":"article","og_title":"Previs\u00e3o do tempo em Bel\u00e9m hoje (25\/02); que horas vai chover? Confira os detalhes | Bel\u00e9m","og_description":"A previs\u00e3o do tempo para Bel\u00e9m, no Par\u00e1, nesta\u00a0quarta-feira (25\/02\/2026), indica a manuten\u00e7\u00e3o de forte instabilidade, com dom\u00ednio de nuvens carregadas e","og_url":"https:\/\/ubirataonline.com.br\/en\/previsao-do-tempo-em-belem-hoje-25-02-que-horas-vai-chover-confira-os-detalhes-belem\/","og_site_name":"Ubirat\u00e3 Online Not\u00edcias - A realidade ao seu alcance!","article_publisher":"https:\/\/www.facebook.com\/portalubirataonline","article_author":"https:\/\/www.facebook.com\/portalubirataonline","article_published_time":"2026-02-25T09:05:33+00:00","article_modified_time":"2026-02-25T09:05:35+00:00","og_image":[{"width":800,"height":418,"url":"https:\/\/ubirataonline.com.br\/wp-content\/uploads\/2026\/02\/Previsao-do-tempo-em-Belem-hoje-2502-que-horas-vai.jpg","type":"image\/jpeg"}],"author":"REDA\u00c7\u00c3O: UBIRAT\u00c3 ONLINE - F\u00c1BIO AUGUSTO CELESTINO","twitter_card":"summary_large_image","twitter_creator":"@x.com\/ubirataonline","twitter_site":"@ubirataonline","twitter_misc":{"Written by":"REDA\u00c7\u00c3O: UBIRAT\u00c3 ONLINE - F\u00c1BIO AUGUSTO CELESTINO","Est. reading time":"2 minutes"},"schema":{"@context":"https:\/\/schema.org","@graph":[{"@type":"NewsArticle","@id":"https:\/\/ubirataonline.com.br\/previsao-do-tempo-em-belem-hoje-25-02-que-horas-vai-chover-confira-os-detalhes-belem\/#article","isPartOf":{"@id":"https:\/\/ubirataonline.com.br\/previsao-do-tempo-em-belem-hoje-25-02-que-horas-vai-chover-confira-os-detalhes-belem\/"},"author":{"name":"REDA\u00c7\u00c3O: UBIRAT\u00c3 ONLINE - F\u00c1BIO AUGUSTO CELESTINO","@id":"https:\/\/ubirataonline.com.br\/#\/schema\/person\/372f87bbd3fdd79b8556b84c98d0bc1c"},"headline":"Previs\u00e3o do tempo em Bel\u00e9m hoje (25\/02); que horas vai chover? Confira os detalhes | Bel\u00e9m","datePublished":"2026-02-25T09:05:33+00:00","dateModified":"2026-02-25T09:05:35+00:00","mainEntityOfPage":{"@id":"https:\/\/ubirataonline.com.br\/previsao-do-tempo-em-belem-hoje-25-02-que-horas-vai-chover-confira-os-detalhes-belem\/"},"wordCount":356,"publisher":{"@id":"https:\/\/ubirataonline.com.br\/#organization"},"image":{"@id":"https:\/\/ubirataonline.com.br\/previsao-do-tempo-em-belem-hoje-25-02-que-horas-vai-chover-confira-os-detalhes-belem\/#primaryimage"},"thumbnailUrl":"https:\/\/ubirataonline.com.br\/wp-content\/uploads\/2026\/02\/Previsao-do-tempo-em-Belem-hoje-2502-que-horas-vai.jpg","keywords":["Bel\u00e9m","chover","confira","detalhes","hoje","horas","previs\u00e3o","tempo","vai"],"articleSection":["Brasil"],"inLanguage":"en-US","copyrightYear":"2026","copyrightHolder":{"@id":"https:\/\/ubirataonline.com.br\/en\/#organization"}},{"@type":"WebPage","@id":"https:\/\/ubirataonline.com.br\/previsao-do-tempo-em-belem-hoje-25-02-que-horas-vai-chover-confira-os-detalhes-belem\/","url":"https:\/\/ubirataonline.com.br\/previsao-do-tempo-em-belem-hoje-25-02-que-horas-vai-chover-confira-os-detalhes-belem\/","name":"Previs\u00e3o do tempo em Bel\u00e9m hoje (25\/02); que horas vai chover? Confira os detalhes | Bel\u00e9m - Ubirat\u00e3 Online Not\u00edcias - A realidade ao seu alcance!","isPartOf":{"@id":"https:\/\/ubirataonline.com.br\/#website"},"primaryImageOfPage":{"@id":"https:\/\/ubirataonline.com.br\/previsao-do-tempo-em-belem-hoje-25-02-que-horas-vai-chover-confira-os-detalhes-belem\/#primaryimage"},"image":{"@id":"https:\/\/ubirataonline.com.br\/previsao-do-tempo-em-belem-hoje-25-02-que-horas-vai-chover-confira-os-detalhes-belem\/#primaryimage"},"thumbnailUrl":"https:\/\/ubirataonline.com.br\/wp-content\/uploads\/2026\/02\/Previsao-do-tempo-em-Belem-hoje-2502-que-horas-vai.jpg","datePublished":"2026-02-25T09:05:33+00:00","dateModified":"2026-02-25T09:05:35+00:00","description":"A previs\u00e3o do tempo para Bel\u00e9m, no Par\u00e1, nesta\u00a0quarta-feira (25\/02\/2026), indica a manuten\u00e7\u00e3o de forte instabilidade, com dom\u00ednio de nuvens carregadas e","breadcrumb":{"@id":"https:\/\/ubirataonline.com.br\/previsao-do-tempo-em-belem-hoje-25-02-que-horas-vai-chover-confira-os-detalhes-belem\/#breadcrumb"},"inLanguage":"en-US","potentialAction":[{"@type":"ReadAction","target":["https:\/\/ubirataonline.com.br\/previsao-do-tempo-em-belem-hoje-25-02-que-horas-vai-chover-confira-os-detalhes-belem\/"]}]},{"@type":"ImageObject","inLanguage":"en-US","@id":"https:\/\/ubirataonline.com.br\/previsao-do-tempo-em-belem-hoje-25-02-que-horas-vai-chover-confira-os-detalhes-belem\/#primaryimage","url":"https:\/\/ubirataonline.com.br\/wp-content\/uploads\/2026\/02\/Previsao-do-tempo-em-Belem-hoje-2502-que-horas-vai.jpg","contentUrl":"https:\/\/ubirataonline.com.br\/wp-content\/uploads\/2026\/02\/Previsao-do-tempo-em-Belem-hoje-2502-que-horas-vai.jpg","width":800,"height":418,"caption":"Previs\u00e3o do tempo em Bel\u00e9m hoje (25\/02); que horas vai chover? Confira os detalhes | Bel\u00e9m"},{"@type":"BreadcrumbList","@id":"https:\/\/ubirataonline.com.br\/previsao-do-tempo-em-belem-hoje-25-02-que-horas-vai-chover-confira-os-detalhes-belem\/#breadcrumb","itemListElement":[{"@type":"ListItem","position":1,"name":"In\u00edcio","item":"https:\/\/ubirataonline.com.br\/"},{"@type":"ListItem","position":2,"name":"Previs\u00e3o do tempo em Bel\u00e9m hoje (25\/02); que horas vai chover? Confira os detalhes | Bel\u00e9m"}]},{"@type":"WebSite","@id":"https:\/\/ubirataonline.com.br\/#website","url":"https:\/\/ubirataonline.com.br\/","name":"Ubirat\u00e3 Online Not\u00edcias","description":"Not\u00edcias de Ubirat\u00e3, regi\u00e3o, Brasil e mundo, com informa\u00e7\u00e3o atualizada e compromisso com o leitor.","publisher":{"@id":"https:\/\/ubirataonline.com.br\/#organization"},"alternateName":"Ubirat\u00e3 Online","potentialAction":[{"@type":"SearchAction","target":{"@type":"EntryPoint","urlTemplate":"https:\/\/ubirataonline.com.br\/?s={search_term_string}"},"query-input":{"@type":"PropertyValueSpecification","valueRequired":true,"valueName":"search_term_string"}}],"inLanguage":"en-US"},{"@type":["Organization","Place"],"@id":"https:\/\/ubirataonline.com.br\/#organization","name":"Ubirat\u00e3 Online Not\u00edcias","alternateName":"Ubirat\u00e3 Online","url":"https:\/\/ubirataonline.com.br\/","logo":{"@id":"https:\/\/ubirataonline.com.br\/previsao-do-tempo-em-belem-hoje-25-02-que-horas-vai-chover-confira-os-detalhes-belem\/#local-main-organization-logo"},"image":{"@id":"https:\/\/ubirataonline.com.br\/previsao-do-tempo-em-belem-hoje-25-02-que-horas-vai-chover-confira-os-detalhes-belem\/#local-main-organization-logo"},"sameAs":["https:\/\/www.facebook.com\/portalubirataonline","https:\/\/x.com\/ubirataonline","https:\/\/mastodon.social\/@ubirataonline","https:\/\/www.facebook.com\/groups\/311144672285604","https:\/\/www.facebook.com\/UBTAOnline","https:\/\/www.instagram.com\/portalubirataonline\/","https:\/\/twitter.com\/ubirataonline"],"description":"Somos um portal de not\u00edcias independente, criado em 5 de janeiro de 2009, com o objetivo de informar, conectar e valorizar a nossa comunidade de Ubirat\u00e3 e toda aregi\u00e3o. Com conte\u00fado atualizado, confi\u00e1vel e relevante, o Ubirat\u00e3 Online \u00e9 o seu espa\u00e7o para ficar por dentro dos principais acontecimentos locais, regionais, Brasil, Mundo e de interesse geral. Nosso compromisso \u00e9 com a verdade, a transpar\u00eancia e o respeito ao leitor.","legalName":"UBIRATA ONLINE NOT\u00cdCIAS","foundingDate":"2009-01-05","numberOfEmployees":{"@type":"QuantitativeValue","minValue":"1","maxValue":"10"},"publishingPrinciples":"https:\/\/ubirataonline.com.br\/faq\/","address":{"@id":"https:\/\/ubirataonline.com.br\/previsao-do-tempo-em-belem-hoje-25-02-que-horas-vai-chover-confira-os-detalhes-belem\/#local-main-place-address"},"geo":{"@type":"GeoCoordinates","latitude":"-24.5361401","longitude":"-52.9921776"},"telephone":["+5544998308235"],"contactPoint":{"@type":"ContactPoint","email":"contato@ubirataonline.com.br"},"openingHoursSpecification":{"@type":"OpeningHoursSpecification","dayOfWeek":["Monday","Tuesday","Wednesday","Thursday","Friday","Saturday","Sunday"],"opens":"00:00","closes":"23:59"},"email":"contato@ubirataonline.com.br","vatID":"47.621.418\/0001-80"},{"@type":"Person","@id":"https:\/\/ubirataonline.com.br\/#\/schema\/person\/372f87bbd3fdd79b8556b84c98d0bc1c","name":"REDA\u00c7\u00c3O: UBIRAT\u00c3 ONLINE - F\u00c1BIO AUGUSTO CELESTINO","pronouns":"Ele","description":"Desde 2003 trabalhando com not\u00edcias.","sameAs":["http:\/\/ubirataoline.com.br","https:\/\/www.facebook.com\/portalubirataonline","https:\/\/www.instagram.com\/ubirataonline_oficial","https:\/\/x.com\/x.com\/ubirataonline"],"honorificPrefix":"Mr.","honorificSuffix":"MD","birthDate":"1980-06-16","gender":"masculino","award":["V\u00e1rios pr\u00eamios de melhor portal da cidade"],"jobTitle":"Diretor","url":"https:\/\/ubirataonline.com.br\/en\/author\/ubirataonline\/"},{"@type":"PostalAddress","@id":"https:\/\/ubirataonline.com.br\/previsao-do-tempo-em-belem-hoje-25-02-que-horas-vai-chover-confira-os-detalhes-belem\/#local-main-place-address","streetAddress":"Rua dos Coqueiros, 104 - Bairro Boa Vista, Rua dos Coqueiros, 104 Bairro Boa Vista","addressLocality":"UBIRATA","postalCode":"85440-000","addressRegion":"PR","addressCountry":"BR"},{"@type":"ImageObject","inLanguage":"en-US","@id":"https:\/\/ubirataonline.com.br\/previsao-do-tempo-em-belem-hoje-25-02-que-horas-vai-chover-confira-os-detalhes-belem\/#local-main-organization-logo","url":"https:\/\/ubirataonline.com.br\/wp-content\/uploads\/2026\/06\/logoubirataonline-1.webp","contentUrl":"https:\/\/ubirataonline.com.br\/wp-content\/uploads\/2026\/06\/logoubirataonline-1.webp","width":500,"height":500,"caption":"Ubirat\u00e3 Online Not\u00edcias"}]},"geo.placename":"UBIRATA","geo.position":{"lat":"-24.5361401","long":"-52.9921776"},"geo.region":"Brazil"},"_links":{"self":[{"href":"https:\/\/ubirataonline.com.br\/en\/wp-json\/wp\/v2\/posts\/89998","targetHints":{"allow":["GET"]}}],"collection":[{"href":"https:\/\/ubirataonline.com.br\/en\/wp-json\/wp\/v2\/posts"}],"about":[{"href":"https:\/\/ubirataonline.com.br\/en\/wp-json\/wp\/v2\/types\/post"}],"author":[{"embeddable":true,"href":"https:\/\/ubirataonline.com.br\/en\/wp-json\/wp\/v2\/users\/1"}],"replies":[{"embeddable":true,"href":"https:\/\/ubirataonline.com.br\/en\/wp-json\/wp\/v2\/comments?post=89998"}],"version-history":[{"count":0,"href":"https:\/\/ubirataonline.com.br\/en\/wp-json\/wp\/v2\/posts\/89998\/revisions"}],"wp:featuredmedia":[{"embeddable":true,"href":"https:\/\/ubirataonline.com.br\/en\/wp-json\/wp\/v2\/media\/89999"}],"wp:attachment":[{"href":"https:\/\/ubirataonline.com.br\/en\/wp-json\/wp\/v2\/media?parent=89998"}],"wp:term":[{"taxonomy":"category","embeddable":true,"href":"https:\/\/ubirataonline.com.br\/en\/wp-json\/wp\/v2\/categories?post=89998"},{"taxonomy":"post_tag","embeddable":true,"href":"https:\/\/ubirataonline.com.br\/en\/wp-json\/wp\/v2\/tags?post=89998"}],"curies":[{"name":"wp","href":"https:\/\/api.w.org\/{rel}","templated":true}]}}