{"id":90007,"date":"2026-02-25T06:39:12","date_gmt":"2026-02-25T09:39:12","guid":{"rendered":"https:\/\/ubirataonline.com.br\/cuba-para-cozinha-4-dicas-para-escolher-o-modelo-adequado\/"},"modified":"2026-02-25T06:39:14","modified_gmt":"2026-02-25T09:39:14","slug":"cuba-para-cozinha-4-dicas-para-escolher-o-modelo-adequado","status":"publish","type":"post","link":"https:\/\/ubirataonline.com.br\/en\/cuba-para-cozinha-4-dicas-para-escolher-o-modelo-adequado\/","title":{"rendered":"Cuba para cozinha: 4 dicas para escolher o modelo adequado"},"content":{"rendered":"<p><\/p>\n<div id=\"post-content\">\n<p>\u00c9 dif\u00edcil pensar em uma cozinha funcional sem contar com boas cubas. Indispens\u00e1veis para tarefas que envolvem \u00e1gua \u2014 principalmente a higieniza\u00e7\u00e3o dos alimentos e a lavagem da lou\u00e7a \u2014, elas influenciam diretamente na organiza\u00e7\u00e3o e na din\u00e2mica do espa\u00e7o. \u201cAl\u00e9m deste espa\u00e7o interno de manuseio, sua efic\u00e1cia tamb\u00e9m est\u00e1 na conex\u00e3o que promove com a hidr\u00e1ulica para o escoamento da \u00e1gua\u201d, pontua a arquiteta Isabella Nalon.<\/p>\n<p>De acordo com ela, a escolha do modelo leva em conta a sua localiza\u00e7\u00e3o no layout, a organiza\u00e7\u00e3o dos fluxos e a rela\u00e7\u00e3o do morador com a cozinha. No que diz respeito \u00e0s dimens\u00f5es (largura, comprimento e profundidade), essa an\u00e1lise \u00e9 importante para a execu\u00e7\u00e3o das tarefas e o bem-estar do usu\u00e1rio.<\/p>\n<p>A profissional afirma que, al\u00e9m do tamanho da cozinha, o projeto deve considerar o modo como o <strong><a href=\"https:\/\/portaledicase.com\/plantas-faceis-de-cuidar-para-ter-em-casa\/\" target=\"_blank\" rel=\"noreferrer noopener\">ambiente<\/a><\/strong> ser\u00e1 utilizado e as prefer\u00eancias do cliente. \u201cMuitas pessoas compartilham sua inten\u00e7\u00e3o de contar com duas cubas para a separa\u00e7\u00e3o das fun\u00e7\u00f5es, enquanto outras preferem concentrar todas as atribui\u00e7\u00f5es em um \u00fanico espa\u00e7o. Meu trabalho \u00e9 entregar as melhores condi\u00e7\u00f5es dentro das caracter\u00edsticas que encontro\u201d, analisa.<\/p>\n<p>Abaixo, veja as orienta\u00e7\u00f5es da arquiteta Isabella Nalon para escolher a cuba de cozinha ideal!<\/p>\n<h2 class=\"wp-block-heading\" id=\"h-1-tipos-de-cuba-e-instalacao\">1. Tipos de cuba e instala\u00e7\u00e3o<\/h2>\n<div class=\"wp-block-image\">\n<figure class=\"aligncenter size-large\"><figcaption class=\"wp-element-caption\">O tipo de instala\u00e7\u00e3o da cuba impacta diretamente na limpeza, no visual e na praticidade (Projeto: Isabella Nalon | Imagem: Julia Herman)<\/figcaption><\/figure>\n<\/p><\/div>\n<p>A escolha entre os modelos de embutir, sobrepor, encaixe ou esculpida traz implica\u00e7\u00f5es diretas na limpeza, na instala\u00e7\u00e3o e no visual da <strong><a href=\"https:\/\/portaledicase.com\/dicas-para-uma-cozinha-ergonomica-e-funcional\/\" target=\"_blank\" rel=\"noreferrer noopener\">cozinha<\/a><\/strong>. Enquanto as cubas fixadas por baixo da bancada (embutida) propiciam uma superf\u00edcie mais cont\u00ednua, as vers\u00f5es de sobrepor apresentam uma borda aparente que pode interferir no uso cotidiano.<\/p>\n<p>\u201cParticularmente, prefiro a de embutir, pois facilita a limpeza e evita o ac\u00famulo de sujeira na borda. Mas tamb\u00e9m depende da proposta do projeto\u201d, explica a arquiteta. J\u00e1 as cubas de encaixe, niveladas \u00e0 bancada, e as esculpidas surgem como alternativas e, embora menos comuns, refor\u00e7am seu car\u00e1ter personalizado.<\/p>\n<h2 class=\"wp-block-heading\" id=\"h-2-numero-de-cubas-influencia-na-dinamica-da-cozinha\">2. N\u00famero de cubas influencia na din\u00e2mica da cozinha<\/h2>\n<div class=\"wp-block-image\">\n<figure class=\"aligncenter size-large\"><img loading=\"lazy\" decoding=\"async\" width=\"1024\" height=\"683\" src=\"https:\/\/portaledicase.com\/wp-content\/uploads\/2026\/02\/Cubas-de-Cozinha-1024x683.jpg\" alt=\"Cozinha de corredor (estilo galp\u00e3o) com bancada de granito preto e cuba dupla de inox. O destaque \u00e9 o revestimento da parede com padr\u00e3o de ondas em tons de cinza, branco e preto. Arm\u00e1rios a\u00e9reos brancos e uma geladeira de inox completam o ambiente compacto.\" class=\"wp-image-568152\" srcset=\"https:\/\/portaledicase.com\/wp-content\/uploads\/2026\/02\/Cubas-de-Cozinha-1024x683.jpg 1024w, https:\/\/portaledicase.com\/wp-content\/uploads\/2026\/02\/Cubas-de-Cozinha-300x200.jpg 300w, https:\/\/portaledicase.com\/wp-content\/uploads\/2026\/02\/Cubas-de-Cozinha-768x512.jpg 768w, https:\/\/portaledicase.com\/wp-content\/uploads\/2026\/02\/Cubas-de-Cozinha-640x427.jpg 640w, https:\/\/portaledicase.com\/wp-content\/uploads\/2026\/02\/Cubas-de-Cozinha-150x100.jpg 150w, https:\/\/portaledicase.com\/wp-content\/uploads\/2026\/02\/Cubas-de-Cozinha.jpg 1200w\" sizes=\"auto, (max-width: 1024px) 100vw, 1024px\"\/><figcaption class=\"wp-element-caption\">A quantidade de cubas transforma a rotina, otimiza tarefas e organiza o preparo dos alimentos (Projeto: Isabella Nalon | Imagem: Julia Herman)<\/figcaption><\/figure>\n<\/p><\/div>\n<p>A defini\u00e7\u00e3o entre apenas uma cuba, dupla ou at\u00e9 tripla est\u00e1 diretamente ligada \u00e0 rotina dos moradores, ao volume de uso da cozinha e \u00e0 \u00e1rea dispon\u00edvel. Em espa\u00e7os mais compactos, a cuba \u00fanica \u00e9 a melhor solu\u00e7\u00e3o e, na opini\u00e3o de Isabella Nalon, deve ser muito bem pensada para entregar medidas confort\u00e1veis, mas sem ocupar grande parte da bancada, que acabar\u00e1 fazendo falta para outros usos. \u201c\u00c9 desconfort\u00e1vel quando a cuba \u00e9 t\u00e3o estreita que chega a limitar nossas a\u00e7\u00f5es\u201d, considera.<\/p>\n<p>Em uma situa\u00e7\u00e3o oposta, quando as dimens\u00f5es da cozinha permitem, a instala\u00e7\u00e3o de duas cubas, uma ao lado da outra, \u00e9 uma m\u00e3o na roda para quem precisa ganhar tempo em tarefas simult\u00e2neas. \u201cEsta estrat\u00e9gia tamb\u00e9m \u00e9 eficaz sob a \u00f3tica de quest\u00f5es religiosas ou culturais, caso da <strong><a href=\"https:\/\/portaledicase.com\/dicas-para-mesclar-revestimentos-sem-pesar-os-ambientes\/\" target=\"_blank\" rel=\"noreferrer noopener\">cozinha<\/a><\/strong> Kosher, que precisa da separa\u00e7\u00e3o entre alimentos e carnes, uma vez que n\u00e3o podem ter contato durante o preparo\u201d, contextualiza a profissional.<\/p>\n<h2 class=\"wp-block-heading\" id=\"h-3-tamanho-proporcional-a-area-da-bancada\">3. Tamanho proporcional \u00e0 \u00e1rea da bancada<\/h2>\n<div class=\"wp-block-image\">\n<figure class=\"aligncenter size-large\"><img loading=\"lazy\" decoding=\"async\" width=\"1024\" height=\"683\" src=\"https:\/\/portaledicase.com\/wp-content\/uploads\/2026\/02\/Cubas-de-Cozinha-2-1024x683.jpg\" alt=\"Cozinha moderna em formato de &quot;U&quot; com arm\u00e1rios planejados em tom cinza fosco e detalhes em madeira clara. A bancada cinza integra um cooktop e uma cuba de inox sob a janela. Ao lado direito, duas geladeiras de a\u00e7o escovado est\u00e3o embutidas na marcenaria.\" class=\"wp-image-568150\" srcset=\"https:\/\/portaledicase.com\/wp-content\/uploads\/2026\/02\/Cubas-de-Cozinha-2-1024x683.jpg 1024w, https:\/\/portaledicase.com\/wp-content\/uploads\/2026\/02\/Cubas-de-Cozinha-2-300x200.jpg 300w, https:\/\/portaledicase.com\/wp-content\/uploads\/2026\/02\/Cubas-de-Cozinha-2-768x512.jpg 768w, https:\/\/portaledicase.com\/wp-content\/uploads\/2026\/02\/Cubas-de-Cozinha-2-640x427.jpg 640w, https:\/\/portaledicase.com\/wp-content\/uploads\/2026\/02\/Cubas-de-Cozinha-2-150x100.jpg 150w, https:\/\/portaledicase.com\/wp-content\/uploads\/2026\/02\/Cubas-de-Cozinha-2.jpg 1200w\" sizes=\"auto, (max-width: 1024px) 100vw, 1024px\"\/><figcaption class=\"wp-element-caption\">O equil\u00edbrio entre cuba e bancada preserva espa\u00e7o para outras atividades (Projeto: Isabella Nalon | Imagem: Julia Herman)<\/figcaption><\/figure>\n<\/p><\/div>\n<p>Reiterando seu ponto de vista, a profissional revela que um dos erros mais comuns est\u00e1 na desproporcionalidade entre o tamanho da cuba e a bancada. Uma pe\u00e7a muito grande pode comprometer a \u00e1rea de apoio e preparo, enquanto modelos pequenos demais prejudicam o uso cotidiano. \u201cN\u00e3o adianta exagerar no tamanho e perder \u00e1rea \u00fatil\u201d, argumenta.<\/p>\n<h2 class=\"wp-block-heading\" id=\"h-4-ergonomia-e-profundidade\">4. Ergonomia e profundidade<\/h2>\n<div class=\"wp-block-image\">\n<figure class=\"aligncenter size-large\"><img loading=\"lazy\" decoding=\"async\" width=\"1024\" height=\"683\" src=\"https:\/\/portaledicase.com\/wp-content\/uploads\/2026\/02\/Cubas-de-Cozinha-1-1024x683.jpg\" alt=\"Cozinha ampla com ilha central em m\u00e1rmore branco. Na ilha, h\u00e1 um cooktop e um livro de receitas aberto. Ao fundo, uma bancada com cuba simples de inox posicionada sob uma grande janela de esquadria preta. A marcenaria \u00e9 branca com nichos amadeirados superiores.\" class=\"wp-image-568151\" srcset=\"https:\/\/portaledicase.com\/wp-content\/uploads\/2026\/02\/Cubas-de-Cozinha-1-1024x683.jpg 1024w, https:\/\/portaledicase.com\/wp-content\/uploads\/2026\/02\/Cubas-de-Cozinha-1-300x200.jpg 300w, https:\/\/portaledicase.com\/wp-content\/uploads\/2026\/02\/Cubas-de-Cozinha-1-768x512.jpg 768w, https:\/\/portaledicase.com\/wp-content\/uploads\/2026\/02\/Cubas-de-Cozinha-1-640x427.jpg 640w, https:\/\/portaledicase.com\/wp-content\/uploads\/2026\/02\/Cubas-de-Cozinha-1-150x100.jpg 150w, https:\/\/portaledicase.com\/wp-content\/uploads\/2026\/02\/Cubas-de-Cozinha-1.jpg 1200w\" sizes=\"auto, (max-width: 1024px) 100vw, 1024px\"\/><figcaption class=\"wp-element-caption\">Profundidade, altura e posicionamento corretos evitam desconfortos durante o uso da cuba (Projeto: Isabella Nalon | Imagem: Julia Herman)<\/figcaption><\/figure>\n<\/p><\/div>\n<p>Altura da bancada, profundidade e o posicionamento da <strong><a href=\"https:\/\/portaledicase.com\/torneira-de-cozinha-guia-pratico-para-acertar-na-escolha\/\" target=\"_blank\" rel=\"noreferrer noopener\">torneira<\/a><\/strong> s\u00e3o determinantes para o conforto no uso da cuba. As mais profundas, entre 18 e 22 cm, tendem a reduzir respingos de \u00e1gua e melhorar a experi\u00eancia, enquanto medidas mal calculadas podem gerar esfor\u00e7o desnecess\u00e1rio.<\/p>\n<p>\u201cA ergonomia \u00e9 fundamental. Quando voc\u00ea erra na altura ou na posi\u00e7\u00e3o da cuba, isso impacta diretamente no desconforto corporal\u201d, explica a arquiteta, adicionando que a dist\u00e2ncia da borda e a necessidade de inclina\u00e7\u00e3o do corpo devem ser consideradas. Ainda sobre a torneira, bicas muito altas em cubas rasas, por exemplo, tamb\u00e9m comprometem o uso.<\/p>\n<h2 class=\"wp-block-heading\" id=\"h-materiais-definem-durabilidade-e-linguagem-do-projeto\">Materiais definem durabilidade e linguagem do projeto<\/h2>\n<p>A decis\u00e3o do material da cuba influencia tanto na resist\u00eancia quanto na <strong><a href=\"https:\/\/portaledicase.com\/revestimento-para-escada-veja-como-unir-seguranca-e-estetica-sem-erros\/\" target=\"_blank\" rel=\"noreferrer noopener\">est\u00e9tica<\/a><\/strong> da cozinha. O inox \u00e9 um dos mais utilizados por sua longevidade, leveza e facilidade de instala\u00e7\u00e3o. J\u00e1 modelos em fireclay trazem um apelo mais cl\u00e1ssico e artesanal, enquanto cubas esculpidas garantem unidade visual ao projeto. \u201cO inox \u00e9 muito pr\u00e1tico e resistente, mas pode riscar. J\u00e1 o fireclay \u00e9 lindo e tem um charme especial, mas exige mais cuidado\u201d, finaliza Isabella Nalon.<\/p>\n<p><em>Por Glaucia Ferreira<\/em><\/p>\n<section class=\"virals\">\n<article class=\"cardnews cardnews--post cardnews--has-thumbnail cardnews--editorial-noticias\"> <a href=\"https:\/\/www.tribunapr.com.br\/noticias\/parana\/golpe-do-ipva-engana-profissional-da-tecnologia-no-parana-como-evitar-a-fraude\/?utm_source=noticias-virais-rodape&amp;utm_medium=internal-tribuna&amp;utm_campaign=tribuna\" class=\"cardnews__postlink\"> <\/p>\n<div class=\"cardnews__image\" is-api-thumb=\"\"><img decoding=\"async\" src=\"https:\/\/www.tribunapr.com.br\/wp-content\/uploads\/2026\/02\/06122251\/golpe-ipva-detranpr-370x210.jpeg\" loading=\"lazy\" alt=\"At\u00e9 especialistas ca\u00edram: o detalhe no boleto do IPVA que rouba seu dinheiro\"\/><\/div>\n<div class=\"cardnews__content cardhome__content\">\n<div class=\"cardnews__content-wrapper\">\n<p> <span style=\"\"> Fique atento! <\/span> <\/p>\n<p>At\u00e9 especialistas ca\u00edram: o detalhe no boleto do IPVA que rouba seu dinheiro<\/p>\n<\/p><\/div>\n<\/p><\/div>\n<p> <\/a> <\/article>\n<article class=\"cardnews cardnews--post cardnews--has-thumbnail cardnews--editorial-noticias\"> <a href=\"https:\/\/www.tribunapr.com.br\/noticias\/curitiba-regiao\/litoral-do-parana-passa-a-figurar-entre-os-mais-valorizados-do-pais\/?utm_source=noticias-virais-rodape&amp;utm_medium=internal-tribuna&amp;utm_campaign=tribuna\" class=\"cardnews__postlink\"> <\/p>\n<div class=\"cardnews__image\" is-api-thumb=\"\"><img decoding=\"async\" src=\"https:\/\/www.tribunapr.com.br\/wp-content\/uploads\/2026\/02\/04151141\/matinhos-litoral-370x210.jpg\" loading=\"lazy\" alt=\"Adeus, pre\u00e7os baixos? Esta regi\u00e3o do Paran\u00e1 virou a nova 'mina de ouro'\"\/><\/div>\n<div class=\"cardnews__content cardhome__content\">\n<div class=\"cardnews__content-wrapper\">\n<p> <span style=\"\"> Mercado imobili\u00e1rio <\/span> <\/p>\n<p>Adeus, pre\u00e7os baixos? Esta regi\u00e3o do Paran\u00e1 virou a nova &#8216;mina de ouro&#8217;<\/p>\n<\/p><\/div>\n<\/p><\/div>\n<p> <\/a> <\/article>\n<article class=\"cardnews cardnews--post cardnews--has-thumbnail cardnews--editorial-noticias\"> <a href=\"https:\/\/www.tribunapr.com.br\/blogs\/rango-barateza\/biscoitos-da-vovo-elza-tradicao-que-nasceu-do-afeto-e-conquistou-curitiba\/?utm_source=noticias-virais-rodape&amp;utm_medium=internal-tribuna&amp;utm_campaign=tribuna\" class=\"cardnews__postlink\"> <\/p>\n<div class=\"cardnews__image\" is-api-thumb=\"\"><img decoding=\"async\" src=\"https:\/\/www.tribunapr.com.br\/wp-content\/uploads\/2026\/02\/06135141\/vovo-elza-02-770x440-1-370x210.webp\" loading=\"lazy\" alt=\"O segredo de Curitiba: como uma receita de fam\u00edlia virou um imp\u00e9rio do afeto\"\/><\/div>\n<div class=\"cardnews__content cardhome__content\">\n<div class=\"cardnews__content-wrapper\">\n<p> <span style=\"\"> Rango Barateza! <\/span> <\/p>\n<p>O segredo de Curitiba: como uma receita de fam\u00edlia virou um imp\u00e9rio do afeto<\/p>\n<\/p><\/div>\n<\/p><\/div>\n<p> <\/a> <\/article>\n<\/section>\n<div id=\"tribuna-follow-cta\">\n<p> <span class=\"cta-title\">Siga a <span class=\"tribuna-color\">Tribuna<\/span> no Google, e acompanhe as \u00faltimas not\u00edcias de Curitiba e regi\u00e3o!<\/span> <\/p>\n<p> <a href=\"https:\/\/profile.google.com\/cp\/CgwvZy8xMmxxajUzM3Mac2h0dHBzOi8vd3d3LnRyaWJ1bmFwci5jb20uYnIvdml2YS92aXRyaW5lL2dpZ2FudGUtZG8tdmVzdHVhcmlvLXJlaW5hdWd1cmEtbG9qYS1lbS1zaG9wcGluZy10cmFkaWNpb25hbC1kZS1jdXJpdGliYS8iElRyaWJ1bmEgZG8gUGFyYW7DoSqAAwrHAWh0dHBzOi8vZW5jcnlwdGVkLXRibjIuZ3N0YXRpYy5jb20vZmF2aWNvbi10Ym4_cT10Ym46QU5kOUdjUVJPbjVDRjR6TzJPbkUwTXZrRlRCRTY2U0g1bGlaVDRaZTV3bWNKeU5GRm1BSnluM01nNU9PR3BXY1pYMzZwYU5HUWtsZ09JVEFLTTNNZVNGbTc1aWp6M3k2ajUtQ3M2b25kX2JUcFFQQkVLd3RsUjBsTmJESnUtVHhrNXQtbFlCNlVpOWZSVVFjT2cSswFodHRwczovL2VuY3J5cHRlZC10Ym4zLmdzdGF0aWMuY29tL2Zhdmljb24tdGJuP3E9dGJuJTNBQU5kOUdjU0FMaWJ2eFF0YXdFMFRueVdWWmVKRS1MZEdRZjVTUi1OZ2RMazhyZzIwVy1nM0JuQ1F4VDNKZFBjRXR2THdBeVRxUDJEdHVycEdVR29CQkxpYzM5al9wSmFxRERaMHNCYW05WEVhSGVsMmZTQmdKdlF4WWVyMw\" target=\"_blank\" title=\"Seguir a Tribuna no Google\">  <\/a> <\/div>\n<\/p><\/div>\n<p><a href=\"https:\/\/www.tribunapr.com.br\/variedades\/cuba-para-cozinha-4-dicas-para-escolher-o-modelo-adequado\/\">Fonte do Artigo <\/a><\/p>","protected":false},"excerpt":{"rendered":"<p>\u00c9 dif\u00edcil pensar em uma cozinha funcional sem contar com boas cubas. Indispens\u00e1veis para tarefas que envolvem \u00e1gua \u2014 principalmente a higieniza\u00e7\u00e3o dos alimentos e a lavagem da lou\u00e7a \u2014, elas influenciam diretamente na organiza\u00e7\u00e3o e na din\u00e2mica do espa\u00e7o. \u201cAl\u00e9m deste espa\u00e7o interno de manuseio, sua efic\u00e1cia tamb\u00e9m est\u00e1 na conex\u00e3o que promove com [&hellip;]<\/p>\n","protected":false},"author":1,"featured_media":90008,"comment_status":"closed","ping_status":"","sticky":false,"template":"","format":"standard","meta":{"googlesitekit_rrm_CAow2JLhCw:productID":"","_gspb_post_css":"","maa_idioma":"","maa_pais":"","footnotes":""},"categories":[1],"tags":[20420,11235,182,1814,11533,4905,2904],"class_list":["post-90007","post","type-post","status-publish","format-standard","has-post-thumbnail","hentry","category-ubirata","tag-adequado","tag-cozinha","tag-cuba","tag-dicas","tag-escolher","tag-modelo","tag-para"],"blocksy_meta":[],"yoast_head":"<!-- This site is optimized with the Yoast SEO Premium plugin v27.6 (Yoast SEO v27.6) - https:\/\/yoast.com\/product\/yoast-seo-premium-wordpress\/ -->\n<title>Cuba para cozinha: 4 dicas para escolher o modelo adequado - Ubirat\u00e3 Online Not\u00edcias - A realidade ao seu alcance!<\/title>\n<meta name=\"description\" content=\"\u00c9 dif\u00edcil pensar em uma cozinha funcional sem contar com boas cubas. Indispens\u00e1veis para tarefas que envolvem \u00e1gua \u2014 principalmente a higieniza\u00e7\u00e3o dos\" \/>\n<meta name=\"robots\" content=\"index, follow, max-snippet:-1, max-image-preview:large, max-video-preview:-1\" \/>\n<link rel=\"canonical\" href=\"https:\/\/ubirataonline.com.br\/en\/cuba-para-cozinha-4-dicas-para-escolher-o-modelo-adequado\/\" \/>\n<meta property=\"og:locale\" content=\"en_US\" \/>\n<meta property=\"og:type\" content=\"article\" \/>\n<meta property=\"og:title\" content=\"Cuba para cozinha: 4 dicas para escolher o modelo adequado\" \/>\n<meta property=\"og:description\" content=\"\u00c9 dif\u00edcil pensar em uma cozinha funcional sem contar com boas cubas. Indispens\u00e1veis para tarefas que envolvem \u00e1gua \u2014 principalmente a higieniza\u00e7\u00e3o dos\" \/>\n<meta property=\"og:url\" content=\"https:\/\/ubirataonline.com.br\/en\/cuba-para-cozinha-4-dicas-para-escolher-o-modelo-adequado\/\" \/>\n<meta property=\"og:site_name\" content=\"Ubirat\u00e3 Online Not\u00edcias - A realidade ao seu alcance!\" \/>\n<meta property=\"article:publisher\" content=\"https:\/\/www.facebook.com\/portalubirataonline\" \/>\n<meta property=\"article:author\" content=\"https:\/\/www.facebook.com\/portalubirataonline\" \/>\n<meta property=\"article:published_time\" content=\"2026-02-25T09:39:12+00:00\" \/>\n<meta property=\"article:modified_time\" content=\"2026-02-25T09:39:14+00:00\" \/>\n<meta property=\"og:image\" content=\"https:\/\/ubirataonline.com.br\/wp-content\/uploads\/2026\/02\/Cuba-para-cozinha-4-dicas-para-escolher-o-modelo-adequado.jpg\" \/>\n\t<meta property=\"og:image:width\" content=\"1200\" \/>\n\t<meta property=\"og:image:height\" content=\"800\" \/>\n\t<meta property=\"og:image:type\" content=\"image\/jpeg\" \/>\n<meta name=\"author\" content=\"REDA\u00c7\u00c3O: UBIRAT\u00c3 ONLINE - F\u00c1BIO AUGUSTO CELESTINO\" \/>\n<meta name=\"twitter:card\" content=\"summary_large_image\" \/>\n<meta name=\"twitter:creator\" content=\"@x.com\/ubirataonline\" \/>\n<meta name=\"twitter:site\" content=\"@ubirataonline\" \/>\n<meta name=\"twitter:label1\" content=\"Written by\" \/>\n\t<meta name=\"twitter:data1\" content=\"REDA\u00c7\u00c3O: UBIRAT\u00c3 ONLINE - F\u00c1BIO AUGUSTO CELESTINO\" \/>\n\t<meta name=\"twitter:label2\" content=\"Est. reading time\" \/>\n\t<meta name=\"twitter:data2\" content=\"5 minutes\" \/>\n<script type=\"application\/ld+json\" class=\"yoast-schema-graph\">{\"@context\":\"https:\\\/\\\/schema.org\",\"@graph\":[{\"@type\":\"NewsArticle\",\"@id\":\"https:\\\/\\\/ubirataonline.com.br\\\/cuba-para-cozinha-4-dicas-para-escolher-o-modelo-adequado\\\/#article\",\"isPartOf\":{\"@id\":\"https:\\\/\\\/ubirataonline.com.br\\\/cuba-para-cozinha-4-dicas-para-escolher-o-modelo-adequado\\\/\"},\"author\":{\"name\":\"REDA\u00c7\u00c3O: UBIRAT\u00c3 ONLINE - F\u00c1BIO AUGUSTO CELESTINO\",\"@id\":\"https:\\\/\\\/ubirataonline.com.br\\\/#\\\/schema\\\/person\\\/372f87bbd3fdd79b8556b84c98d0bc1c\"},\"headline\":\"Cuba para cozinha: 4 dicas para escolher o modelo adequado\",\"datePublished\":\"2026-02-25T09:39:12+00:00\",\"dateModified\":\"2026-02-25T09:39:14+00:00\",\"mainEntityOfPage\":{\"@id\":\"https:\\\/\\\/ubirataonline.com.br\\\/cuba-para-cozinha-4-dicas-para-escolher-o-modelo-adequado\\\/\"},\"wordCount\":930,\"publisher\":{\"@id\":\"https:\\\/\\\/ubirataonline.com.br\\\/#organization\"},\"image\":{\"@id\":\"https:\\\/\\\/ubirataonline.com.br\\\/cuba-para-cozinha-4-dicas-para-escolher-o-modelo-adequado\\\/#primaryimage\"},\"thumbnailUrl\":\"https:\\\/\\\/ubirataonline.com.br\\\/wp-content\\\/uploads\\\/2026\\\/02\\\/Cuba-para-cozinha-4-dicas-para-escolher-o-modelo-adequado.jpg\",\"keywords\":[\"adequado\",\"Cozinha\",\"Cuba\",\"Dicas\",\"escolher\",\"modelo\",\"para\"],\"articleSection\":[\"Ubirat\u00e3\"],\"inLanguage\":\"en-US\",\"copyrightYear\":\"2026\",\"copyrightHolder\":{\"@id\":\"https:\\\/\\\/ubirataonline.com.br\\\/en\\\/#organization\"}},{\"@type\":\"WebPage\",\"@id\":\"https:\\\/\\\/ubirataonline.com.br\\\/cuba-para-cozinha-4-dicas-para-escolher-o-modelo-adequado\\\/\",\"url\":\"https:\\\/\\\/ubirataonline.com.br\\\/cuba-para-cozinha-4-dicas-para-escolher-o-modelo-adequado\\\/\",\"name\":\"Cuba para cozinha: 4 dicas para escolher o modelo adequado - Ubirat\u00e3 Online Not\u00edcias - A realidade ao seu alcance!\",\"isPartOf\":{\"@id\":\"https:\\\/\\\/ubirataonline.com.br\\\/#website\"},\"primaryImageOfPage\":{\"@id\":\"https:\\\/\\\/ubirataonline.com.br\\\/cuba-para-cozinha-4-dicas-para-escolher-o-modelo-adequado\\\/#primaryimage\"},\"image\":{\"@id\":\"https:\\\/\\\/ubirataonline.com.br\\\/cuba-para-cozinha-4-dicas-para-escolher-o-modelo-adequado\\\/#primaryimage\"},\"thumbnailUrl\":\"https:\\\/\\\/ubirataonline.com.br\\\/wp-content\\\/uploads\\\/2026\\\/02\\\/Cuba-para-cozinha-4-dicas-para-escolher-o-modelo-adequado.jpg\",\"datePublished\":\"2026-02-25T09:39:12+00:00\",\"dateModified\":\"2026-02-25T09:39:14+00:00\",\"description\":\"\u00c9 dif\u00edcil pensar em uma cozinha funcional sem contar com boas cubas. Indispens\u00e1veis para tarefas que envolvem \u00e1gua \u2014 principalmente a higieniza\u00e7\u00e3o dos\",\"breadcrumb\":{\"@id\":\"https:\\\/\\\/ubirataonline.com.br\\\/cuba-para-cozinha-4-dicas-para-escolher-o-modelo-adequado\\\/#breadcrumb\"},\"inLanguage\":\"en-US\",\"potentialAction\":[{\"@type\":\"ReadAction\",\"target\":[\"https:\\\/\\\/ubirataonline.com.br\\\/cuba-para-cozinha-4-dicas-para-escolher-o-modelo-adequado\\\/\"]}]},{\"@type\":\"ImageObject\",\"inLanguage\":\"en-US\",\"@id\":\"https:\\\/\\\/ubirataonline.com.br\\\/cuba-para-cozinha-4-dicas-para-escolher-o-modelo-adequado\\\/#primaryimage\",\"url\":\"https:\\\/\\\/ubirataonline.com.br\\\/wp-content\\\/uploads\\\/2026\\\/02\\\/Cuba-para-cozinha-4-dicas-para-escolher-o-modelo-adequado.jpg\",\"contentUrl\":\"https:\\\/\\\/ubirataonline.com.br\\\/wp-content\\\/uploads\\\/2026\\\/02\\\/Cuba-para-cozinha-4-dicas-para-escolher-o-modelo-adequado.jpg\",\"width\":1200,\"height\":800,\"caption\":\"A cuba certa transforma a rotina, organiza tarefas e valoriza o espa\u00e7o da cozinha (Projeto: Isabella Nalon | Imagem: Julia Herman)\"},{\"@type\":\"BreadcrumbList\",\"@id\":\"https:\\\/\\\/ubirataonline.com.br\\\/cuba-para-cozinha-4-dicas-para-escolher-o-modelo-adequado\\\/#breadcrumb\",\"itemListElement\":[{\"@type\":\"ListItem\",\"position\":1,\"name\":\"In\u00edcio\",\"item\":\"https:\\\/\\\/ubirataonline.com.br\\\/\"},{\"@type\":\"ListItem\",\"position\":2,\"name\":\"Cuba para cozinha: 4 dicas para escolher o modelo adequado\"}]},{\"@type\":\"WebSite\",\"@id\":\"https:\\\/\\\/ubirataonline.com.br\\\/#website\",\"url\":\"https:\\\/\\\/ubirataonline.com.br\\\/\",\"name\":\"Ubirat\u00e3 Online Not\u00edcias\",\"description\":\"Not\u00edcias de Ubirat\u00e3, regi\u00e3o, Brasil e mundo, com informa\u00e7\u00e3o atualizada e compromisso com o leitor.\",\"publisher\":{\"@id\":\"https:\\\/\\\/ubirataonline.com.br\\\/#organization\"},\"alternateName\":\"Ubirat\u00e3 Online\",\"potentialAction\":[{\"@type\":\"SearchAction\",\"target\":{\"@type\":\"EntryPoint\",\"urlTemplate\":\"https:\\\/\\\/ubirataonline.com.br\\\/?s={search_term_string}\"},\"query-input\":{\"@type\":\"PropertyValueSpecification\",\"valueRequired\":true,\"valueName\":\"search_term_string\"}}],\"inLanguage\":\"en-US\"},{\"@type\":[\"Organization\",\"Place\"],\"@id\":\"https:\\\/\\\/ubirataonline.com.br\\\/#organization\",\"name\":\"Ubirat\u00e3 Online Not\u00edcias\",\"alternateName\":\"Ubirat\u00e3 Online\",\"url\":\"https:\\\/\\\/ubirataonline.com.br\\\/\",\"logo\":{\"@id\":\"https:\\\/\\\/ubirataonline.com.br\\\/cuba-para-cozinha-4-dicas-para-escolher-o-modelo-adequado\\\/#local-main-organization-logo\"},\"image\":{\"@id\":\"https:\\\/\\\/ubirataonline.com.br\\\/cuba-para-cozinha-4-dicas-para-escolher-o-modelo-adequado\\\/#local-main-organization-logo\"},\"sameAs\":[\"https:\\\/\\\/www.facebook.com\\\/portalubirataonline\",\"https:\\\/\\\/x.com\\\/ubirataonline\",\"https:\\\/\\\/mastodon.social\\\/@ubirataonline\",\"https:\\\/\\\/www.facebook.com\\\/groups\\\/311144672285604\",\"https:\\\/\\\/www.facebook.com\\\/UBTAOnline\",\"https:\\\/\\\/www.instagram.com\\\/portalubirataonline\\\/\",\"https:\\\/\\\/twitter.com\\\/ubirataonline\"],\"description\":\"Somos um portal de not\u00edcias independente, criado em 5 de janeiro de 2009, com o objetivo de informar, conectar e valorizar a nossa comunidade de Ubirat\u00e3 e toda aregi\u00e3o. Com conte\u00fado atualizado, confi\u00e1vel e relevante, o Ubirat\u00e3 Online \u00e9 o seu espa\u00e7o para ficar por dentro dos principais acontecimentos locais, regionais, Brasil, Mundo e de interesse geral. Nosso compromisso \u00e9 com a verdade, a transpar\u00eancia e o respeito ao leitor.\",\"legalName\":\"UBIRATA ONLINE NOT\u00cdCIAS\",\"foundingDate\":\"2009-01-05\",\"numberOfEmployees\":{\"@type\":\"QuantitativeValue\",\"minValue\":\"1\",\"maxValue\":\"10\"},\"publishingPrinciples\":\"https:\\\/\\\/ubirataonline.com.br\\\/faq\\\/\",\"address\":{\"@id\":\"https:\\\/\\\/ubirataonline.com.br\\\/cuba-para-cozinha-4-dicas-para-escolher-o-modelo-adequado\\\/#local-main-place-address\"},\"geo\":{\"@type\":\"GeoCoordinates\",\"latitude\":\"-24.5361401\",\"longitude\":\"-52.9921776\"},\"telephone\":[\"+5544998308235\"],\"contactPoint\":{\"@type\":\"ContactPoint\",\"email\":\"contato@ubirataonline.com.br\"},\"openingHoursSpecification\":{\"@type\":\"OpeningHoursSpecification\",\"dayOfWeek\":[\"Monday\",\"Tuesday\",\"Wednesday\",\"Thursday\",\"Friday\",\"Saturday\",\"Sunday\"],\"opens\":\"00:00\",\"closes\":\"23:59\"},\"email\":\"contato@ubirataonline.com.br\",\"vatID\":\"47.621.418\\\/0001-80\"},{\"@type\":\"Person\",\"@id\":\"https:\\\/\\\/ubirataonline.com.br\\\/#\\\/schema\\\/person\\\/372f87bbd3fdd79b8556b84c98d0bc1c\",\"name\":\"REDA\u00c7\u00c3O: UBIRAT\u00c3 ONLINE - F\u00c1BIO AUGUSTO CELESTINO\",\"pronouns\":\"Ele\",\"description\":\"Desde 2003 trabalhando com not\u00edcias.\",\"sameAs\":[\"http:\\\/\\\/ubirataoline.com.br\",\"https:\\\/\\\/www.facebook.com\\\/portalubirataonline\",\"https:\\\/\\\/www.instagram.com\\\/ubirataonline_oficial\",\"https:\\\/\\\/x.com\\\/x.com\\\/ubirataonline\"],\"honorificPrefix\":\"Mr.\",\"honorificSuffix\":\"MD\",\"birthDate\":\"1980-06-16\",\"gender\":\"masculino\",\"award\":[\"V\u00e1rios pr\u00eamios de melhor portal da cidade\"],\"jobTitle\":\"Diretor\",\"url\":\"https:\\\/\\\/ubirataonline.com.br\\\/en\\\/author\\\/ubirataonline\\\/\"},{\"@type\":\"PostalAddress\",\"@id\":\"https:\\\/\\\/ubirataonline.com.br\\\/cuba-para-cozinha-4-dicas-para-escolher-o-modelo-adequado\\\/#local-main-place-address\",\"streetAddress\":\"Rua dos Coqueiros, 104 - Bairro Boa Vista, Rua dos Coqueiros, 104 Bairro Boa Vista\",\"addressLocality\":\"UBIRATA\",\"postalCode\":\"85440-000\",\"addressRegion\":\"PR\",\"addressCountry\":\"BR\"},{\"@type\":\"ImageObject\",\"inLanguage\":\"en-US\",\"@id\":\"https:\\\/\\\/ubirataonline.com.br\\\/cuba-para-cozinha-4-dicas-para-escolher-o-modelo-adequado\\\/#local-main-organization-logo\",\"url\":\"https:\\\/\\\/ubirataonline.com.br\\\/wp-content\\\/uploads\\\/2026\\\/06\\\/logoubirataonline-1.webp\",\"contentUrl\":\"https:\\\/\\\/ubirataonline.com.br\\\/wp-content\\\/uploads\\\/2026\\\/06\\\/logoubirataonline-1.webp\",\"width\":500,\"height\":500,\"caption\":\"Ubirat\u00e3 Online Not\u00edcias\"}]}<\/script>\n<meta name=\"geo.placename\" content=\"UBIRATA\" \/>\n<meta name=\"geo.position\" content=\"-24.5361401;-52.9921776\" \/>\n<meta name=\"geo.region\" content=\"Brazil\" \/>\n<!-- \/ Yoast SEO Premium plugin. -->","yoast_head_json":{"title":"Cuba para cozinha: 4 dicas para escolher o modelo adequado - Ubirat\u00e3 Online Not\u00edcias - A realidade ao seu alcance!","description":"\u00c9 dif\u00edcil pensar em uma cozinha funcional sem contar com boas cubas. Indispens\u00e1veis para tarefas que envolvem \u00e1gua \u2014 principalmente a higieniza\u00e7\u00e3o dos","robots":{"index":"index","follow":"follow","max-snippet":"max-snippet:-1","max-image-preview":"max-image-preview:large","max-video-preview":"max-video-preview:-1"},"canonical":"https:\/\/ubirataonline.com.br\/en\/cuba-para-cozinha-4-dicas-para-escolher-o-modelo-adequado\/","og_locale":"en_US","og_type":"article","og_title":"Cuba para cozinha: 4 dicas para escolher o modelo adequado","og_description":"\u00c9 dif\u00edcil pensar em uma cozinha funcional sem contar com boas cubas. Indispens\u00e1veis para tarefas que envolvem \u00e1gua \u2014 principalmente a higieniza\u00e7\u00e3o dos","og_url":"https:\/\/ubirataonline.com.br\/en\/cuba-para-cozinha-4-dicas-para-escolher-o-modelo-adequado\/","og_site_name":"Ubirat\u00e3 Online Not\u00edcias - A realidade ao seu alcance!","article_publisher":"https:\/\/www.facebook.com\/portalubirataonline","article_author":"https:\/\/www.facebook.com\/portalubirataonline","article_published_time":"2026-02-25T09:39:12+00:00","article_modified_time":"2026-02-25T09:39:14+00:00","og_image":[{"width":1200,"height":800,"url":"https:\/\/ubirataonline.com.br\/wp-content\/uploads\/2026\/02\/Cuba-para-cozinha-4-dicas-para-escolher-o-modelo-adequado.jpg","type":"image\/jpeg"}],"author":"REDA\u00c7\u00c3O: UBIRAT\u00c3 ONLINE - F\u00c1BIO AUGUSTO CELESTINO","twitter_card":"summary_large_image","twitter_creator":"@x.com\/ubirataonline","twitter_site":"@ubirataonline","twitter_misc":{"Written by":"REDA\u00c7\u00c3O: UBIRAT\u00c3 ONLINE - F\u00c1BIO AUGUSTO CELESTINO","Est. reading time":"5 minutes"},"schema":{"@context":"https:\/\/schema.org","@graph":[{"@type":"NewsArticle","@id":"https:\/\/ubirataonline.com.br\/cuba-para-cozinha-4-dicas-para-escolher-o-modelo-adequado\/#article","isPartOf":{"@id":"https:\/\/ubirataonline.com.br\/cuba-para-cozinha-4-dicas-para-escolher-o-modelo-adequado\/"},"author":{"name":"REDA\u00c7\u00c3O: UBIRAT\u00c3 ONLINE - F\u00c1BIO AUGUSTO CELESTINO","@id":"https:\/\/ubirataonline.com.br\/#\/schema\/person\/372f87bbd3fdd79b8556b84c98d0bc1c"},"headline":"Cuba para cozinha: 4 dicas para escolher o modelo adequado","datePublished":"2026-02-25T09:39:12+00:00","dateModified":"2026-02-25T09:39:14+00:00","mainEntityOfPage":{"@id":"https:\/\/ubirataonline.com.br\/cuba-para-cozinha-4-dicas-para-escolher-o-modelo-adequado\/"},"wordCount":930,"publisher":{"@id":"https:\/\/ubirataonline.com.br\/#organization"},"image":{"@id":"https:\/\/ubirataonline.com.br\/cuba-para-cozinha-4-dicas-para-escolher-o-modelo-adequado\/#primaryimage"},"thumbnailUrl":"https:\/\/ubirataonline.com.br\/wp-content\/uploads\/2026\/02\/Cuba-para-cozinha-4-dicas-para-escolher-o-modelo-adequado.jpg","keywords":["adequado","Cozinha","Cuba","Dicas","escolher","modelo","para"],"articleSection":["Ubirat\u00e3"],"inLanguage":"en-US","copyrightYear":"2026","copyrightHolder":{"@id":"https:\/\/ubirataonline.com.br\/en\/#organization"}},{"@type":"WebPage","@id":"https:\/\/ubirataonline.com.br\/cuba-para-cozinha-4-dicas-para-escolher-o-modelo-adequado\/","url":"https:\/\/ubirataonline.com.br\/cuba-para-cozinha-4-dicas-para-escolher-o-modelo-adequado\/","name":"Cuba para cozinha: 4 dicas para escolher o modelo adequado - Ubirat\u00e3 Online Not\u00edcias - A realidade ao seu alcance!","isPartOf":{"@id":"https:\/\/ubirataonline.com.br\/#website"},"primaryImageOfPage":{"@id":"https:\/\/ubirataonline.com.br\/cuba-para-cozinha-4-dicas-para-escolher-o-modelo-adequado\/#primaryimage"},"image":{"@id":"https:\/\/ubirataonline.com.br\/cuba-para-cozinha-4-dicas-para-escolher-o-modelo-adequado\/#primaryimage"},"thumbnailUrl":"https:\/\/ubirataonline.com.br\/wp-content\/uploads\/2026\/02\/Cuba-para-cozinha-4-dicas-para-escolher-o-modelo-adequado.jpg","datePublished":"2026-02-25T09:39:12+00:00","dateModified":"2026-02-25T09:39:14+00:00","description":"\u00c9 dif\u00edcil pensar em uma cozinha funcional sem contar com boas cubas. Indispens\u00e1veis para tarefas que envolvem \u00e1gua \u2014 principalmente a higieniza\u00e7\u00e3o dos","breadcrumb":{"@id":"https:\/\/ubirataonline.com.br\/cuba-para-cozinha-4-dicas-para-escolher-o-modelo-adequado\/#breadcrumb"},"inLanguage":"en-US","potentialAction":[{"@type":"ReadAction","target":["https:\/\/ubirataonline.com.br\/cuba-para-cozinha-4-dicas-para-escolher-o-modelo-adequado\/"]}]},{"@type":"ImageObject","inLanguage":"en-US","@id":"https:\/\/ubirataonline.com.br\/cuba-para-cozinha-4-dicas-para-escolher-o-modelo-adequado\/#primaryimage","url":"https:\/\/ubirataonline.com.br\/wp-content\/uploads\/2026\/02\/Cuba-para-cozinha-4-dicas-para-escolher-o-modelo-adequado.jpg","contentUrl":"https:\/\/ubirataonline.com.br\/wp-content\/uploads\/2026\/02\/Cuba-para-cozinha-4-dicas-para-escolher-o-modelo-adequado.jpg","width":1200,"height":800,"caption":"A cuba certa transforma a rotina, organiza tarefas e valoriza o espa\u00e7o da cozinha (Projeto: Isabella Nalon | Imagem: Julia Herman)"},{"@type":"BreadcrumbList","@id":"https:\/\/ubirataonline.com.br\/cuba-para-cozinha-4-dicas-para-escolher-o-modelo-adequado\/#breadcrumb","itemListElement":[{"@type":"ListItem","position":1,"name":"In\u00edcio","item":"https:\/\/ubirataonline.com.br\/"},{"@type":"ListItem","position":2,"name":"Cuba para cozinha: 4 dicas para escolher o modelo adequado"}]},{"@type":"WebSite","@id":"https:\/\/ubirataonline.com.br\/#website","url":"https:\/\/ubirataonline.com.br\/","name":"Ubirat\u00e3 Online Not\u00edcias","description":"Not\u00edcias de Ubirat\u00e3, regi\u00e3o, Brasil e mundo, com informa\u00e7\u00e3o atualizada e compromisso com o leitor.","publisher":{"@id":"https:\/\/ubirataonline.com.br\/#organization"},"alternateName":"Ubirat\u00e3 Online","potentialAction":[{"@type":"SearchAction","target":{"@type":"EntryPoint","urlTemplate":"https:\/\/ubirataonline.com.br\/?s={search_term_string}"},"query-input":{"@type":"PropertyValueSpecification","valueRequired":true,"valueName":"search_term_string"}}],"inLanguage":"en-US"},{"@type":["Organization","Place"],"@id":"https:\/\/ubirataonline.com.br\/#organization","name":"Ubirat\u00e3 Online Not\u00edcias","alternateName":"Ubirat\u00e3 Online","url":"https:\/\/ubirataonline.com.br\/","logo":{"@id":"https:\/\/ubirataonline.com.br\/cuba-para-cozinha-4-dicas-para-escolher-o-modelo-adequado\/#local-main-organization-logo"},"image":{"@id":"https:\/\/ubirataonline.com.br\/cuba-para-cozinha-4-dicas-para-escolher-o-modelo-adequado\/#local-main-organization-logo"},"sameAs":["https:\/\/www.facebook.com\/portalubirataonline","https:\/\/x.com\/ubirataonline","https:\/\/mastodon.social\/@ubirataonline","https:\/\/www.facebook.com\/groups\/311144672285604","https:\/\/www.facebook.com\/UBTAOnline","https:\/\/www.instagram.com\/portalubirataonline\/","https:\/\/twitter.com\/ubirataonline"],"description":"Somos um portal de not\u00edcias independente, criado em 5 de janeiro de 2009, com o objetivo de informar, conectar e valorizar a nossa comunidade de Ubirat\u00e3 e toda aregi\u00e3o. Com conte\u00fado atualizado, confi\u00e1vel e relevante, o Ubirat\u00e3 Online \u00e9 o seu espa\u00e7o para ficar por dentro dos principais acontecimentos locais, regionais, Brasil, Mundo e de interesse geral. Nosso compromisso \u00e9 com a verdade, a transpar\u00eancia e o respeito ao leitor.","legalName":"UBIRATA ONLINE NOT\u00cdCIAS","foundingDate":"2009-01-05","numberOfEmployees":{"@type":"QuantitativeValue","minValue":"1","maxValue":"10"},"publishingPrinciples":"https:\/\/ubirataonline.com.br\/faq\/","address":{"@id":"https:\/\/ubirataonline.com.br\/cuba-para-cozinha-4-dicas-para-escolher-o-modelo-adequado\/#local-main-place-address"},"geo":{"@type":"GeoCoordinates","latitude":"-24.5361401","longitude":"-52.9921776"},"telephone":["+5544998308235"],"contactPoint":{"@type":"ContactPoint","email":"contato@ubirataonline.com.br"},"openingHoursSpecification":{"@type":"OpeningHoursSpecification","dayOfWeek":["Monday","Tuesday","Wednesday","Thursday","Friday","Saturday","Sunday"],"opens":"00:00","closes":"23:59"},"email":"contato@ubirataonline.com.br","vatID":"47.621.418\/0001-80"},{"@type":"Person","@id":"https:\/\/ubirataonline.com.br\/#\/schema\/person\/372f87bbd3fdd79b8556b84c98d0bc1c","name":"REDA\u00c7\u00c3O: UBIRAT\u00c3 ONLINE - F\u00c1BIO AUGUSTO CELESTINO","pronouns":"Ele","description":"Desde 2003 trabalhando com not\u00edcias.","sameAs":["http:\/\/ubirataoline.com.br","https:\/\/www.facebook.com\/portalubirataonline","https:\/\/www.instagram.com\/ubirataonline_oficial","https:\/\/x.com\/x.com\/ubirataonline"],"honorificPrefix":"Mr.","honorificSuffix":"MD","birthDate":"1980-06-16","gender":"masculino","award":["V\u00e1rios pr\u00eamios de melhor portal da cidade"],"jobTitle":"Diretor","url":"https:\/\/ubirataonline.com.br\/en\/author\/ubirataonline\/"},{"@type":"PostalAddress","@id":"https:\/\/ubirataonline.com.br\/cuba-para-cozinha-4-dicas-para-escolher-o-modelo-adequado\/#local-main-place-address","streetAddress":"Rua dos Coqueiros, 104 - Bairro Boa Vista, Rua dos Coqueiros, 104 Bairro Boa Vista","addressLocality":"UBIRATA","postalCode":"85440-000","addressRegion":"PR","addressCountry":"BR"},{"@type":"ImageObject","inLanguage":"en-US","@id":"https:\/\/ubirataonline.com.br\/cuba-para-cozinha-4-dicas-para-escolher-o-modelo-adequado\/#local-main-organization-logo","url":"https:\/\/ubirataonline.com.br\/wp-content\/uploads\/2026\/06\/logoubirataonline-1.webp","contentUrl":"https:\/\/ubirataonline.com.br\/wp-content\/uploads\/2026\/06\/logoubirataonline-1.webp","width":500,"height":500,"caption":"Ubirat\u00e3 Online Not\u00edcias"}]},"geo.placename":"UBIRATA","geo.position":{"lat":"-24.5361401","long":"-52.9921776"},"geo.region":"Brazil"},"_links":{"self":[{"href":"https:\/\/ubirataonline.com.br\/en\/wp-json\/wp\/v2\/posts\/90007","targetHints":{"allow":["GET"]}}],"collection":[{"href":"https:\/\/ubirataonline.com.br\/en\/wp-json\/wp\/v2\/posts"}],"about":[{"href":"https:\/\/ubirataonline.com.br\/en\/wp-json\/wp\/v2\/types\/post"}],"author":[{"embeddable":true,"href":"https:\/\/ubirataonline.com.br\/en\/wp-json\/wp\/v2\/users\/1"}],"replies":[{"embeddable":true,"href":"https:\/\/ubirataonline.com.br\/en\/wp-json\/wp\/v2\/comments?post=90007"}],"version-history":[{"count":0,"href":"https:\/\/ubirataonline.com.br\/en\/wp-json\/wp\/v2\/posts\/90007\/revisions"}],"wp:featuredmedia":[{"embeddable":true,"href":"https:\/\/ubirataonline.com.br\/en\/wp-json\/wp\/v2\/media\/90008"}],"wp:attachment":[{"href":"https:\/\/ubirataonline.com.br\/en\/wp-json\/wp\/v2\/media?parent=90007"}],"wp:term":[{"taxonomy":"category","embeddable":true,"href":"https:\/\/ubirataonline.com.br\/en\/wp-json\/wp\/v2\/categories?post=90007"},{"taxonomy":"post_tag","embeddable":true,"href":"https:\/\/ubirataonline.com.br\/en\/wp-json\/wp\/v2\/tags?post=90007"}],"curies":[{"name":"wp","href":"https:\/\/api.w.org\/{rel}","templated":true}]}}