{"id":90013,"date":"2026-02-25T07:06:28","date_gmt":"2026-02-25T10:06:28","guid":{"rendered":"https:\/\/ubirataonline.com.br\/tarot-do-dia-previsao-para-os-12-signos-em-24-02-2026\/"},"modified":"2026-02-25T07:06:31","modified_gmt":"2026-02-25T10:06:31","slug":"tarot-do-dia-previsao-para-os-12-signos-em-24-02-2026","status":"publish","type":"post","link":"https:\/\/ubirataonline.com.br\/en\/tarot-do-dia-previsao-para-os-12-signos-em-24-02-2026\/","title":{"rendered":"Tarot do dia: previs\u00e3o para os 12 signos em 24\/02\/2026"},"content":{"rendered":"<p><\/p>\n<div id=\"post-content\">\n<p>A ter\u00e7a-feira chegar\u00e1 com uma energia de equil\u00edbrio, reconhecimento e ajustes importantes na vida pr\u00e1tica e emocional. As cartas do tarot falam sobre trocas justas, aprendizados internos e a liberta\u00e7\u00e3o de sobrecargas. Ser\u00e1 um dia para agir com maturidade e consci\u00eancia.<\/p>\n<p>Confira as previs\u00f5es do tarot para cada um dos signos!<\/p>\n<h2 class=\"wp-block-heading\" id=\"h-aries-6-de-ouros\">\u00c1ries \u2014 6 de Ouros<\/h2>\n<div class=\"wp-block-image\">\n<figure class=\"aligncenter size-large\"><figcaption class=\"wp-element-caption\">Os nativos de \u00c1ries dever\u00e3o buscar equil\u00edbrio nas trocas (Imagem: Kachalova Kseniia | Shutterstock)<\/figcaption><\/figure>\n<\/p><\/div>\n<p>Conforme a carta \u201c6 de Ouros\u201d, ser\u00e1 um dia para ter <strong><a href=\"https:\/\/portaledicase.com\/4-mitos-e-verdades-sobre-o-signo-de-aries\/\" target=\"_blank\" rel=\"noreferrer noopener\">equil\u00edbrio<\/a><\/strong> nas trocas. Voc\u00ea poder\u00e1 receber ajuda ou precisar\u00e1 oferecer apoio a algu\u00e9m. A ter\u00e7a-feira favorecer\u00e1 acordos justos e reciprocidade.<\/p>\n<h2 class=\"wp-block-heading\" id=\"h-touro-o-eremita\">Touro \u2014 O Eremita<\/h2>\n<div class=\"wp-block-image\">\n<figure class=\"aligncenter size-large\"><img loading=\"lazy\" decoding=\"async\" width=\"1024\" height=\"683\" src=\"https:\/\/portaledicase.com\/wp-content\/uploads\/2025\/03\/2touro-10-1024x683.jpg\" alt=\"Ilustra\u00e7\u00e3o do s\u00edmbolo do signo de Touro com um touro em branco envolvido por pontos brilhantes sobre fundo roxo\" class=\"wp-image-433084\" srcset=\"https:\/\/portaledicase.com\/wp-content\/uploads\/2025\/03\/2touro-10-1024x683.jpg 1024w, https:\/\/portaledicase.com\/wp-content\/uploads\/2025\/03\/2touro-10-300x200.jpg 300w, https:\/\/portaledicase.com\/wp-content\/uploads\/2025\/03\/2touro-10-768x512.jpg 768w, https:\/\/portaledicase.com\/wp-content\/uploads\/2025\/03\/2touro-10-640x427.jpg 640w, https:\/\/portaledicase.com\/wp-content\/uploads\/2025\/03\/2touro-10-150x100.jpg 150w, https:\/\/portaledicase.com\/wp-content\/uploads\/2025\/03\/2touro-10.jpg 1200w\" sizes=\"auto, (max-width: 1024px) 100vw, 1024px\"\/><figcaption class=\"wp-element-caption\">Os nativos de Touro passar\u00e3o por um dia de introspec\u00e7\u00e3o (Imagem: Kachalova Kseniia | Shutterstock)<\/figcaption><\/figure>\n<\/p><\/div>\n<p>A carta \u201cO Eremita\u201d indica um dia de introspec\u00e7\u00e3o. O tarot pede sil\u00eancio e reflex\u00e3o antes de decis\u00f5es importantes. Voc\u00ea dever\u00e1 buscar respostas dentro de si.<\/p>\n<h2 class=\"wp-block-heading\" id=\"h-gemeos-6-de-paus\">G\u00eameos \u2014 6 de Paus<\/h2>\n<div class=\"wp-block-image\">\n<figure class=\"aligncenter size-large\"><img loading=\"lazy\" decoding=\"async\" width=\"1024\" height=\"683\" src=\"https:\/\/portaledicase.com\/wp-content\/uploads\/2025\/03\/gemeoss-1024x683.jpg\" alt=\"Ilustra\u00e7\u00e3o do s\u00edmbolo do signo de G\u00eameos com duas faces humanas voltadas uma para a outra, rodeadas por pontos brilhantes em um fundo roxo\" class=\"wp-image-433079\" srcset=\"https:\/\/portaledicase.com\/wp-content\/uploads\/2025\/03\/gemeoss-1024x683.jpg 1024w, https:\/\/portaledicase.com\/wp-content\/uploads\/2025\/03\/gemeoss-300x200.jpg 300w, https:\/\/portaledicase.com\/wp-content\/uploads\/2025\/03\/gemeoss-768x512.jpg 768w, https:\/\/portaledicase.com\/wp-content\/uploads\/2025\/03\/gemeoss-640x427.jpg 640w, https:\/\/portaledicase.com\/wp-content\/uploads\/2025\/03\/gemeoss-150x100.jpg 150w, https:\/\/portaledicase.com\/wp-content\/uploads\/2025\/03\/gemeoss.jpg 1200w\" sizes=\"auto, (max-width: 1024px) 100vw, 1024px\"\/><figcaption class=\"wp-element-caption\">Os nativos de G\u00eameos dever\u00e3o aproveitar o dia de destaque com humildade (Imagem: Kachalova Kseniia | Shutterstock)<\/figcaption><\/figure>\n<\/p><\/div>\n<p>Reconhecimento e vit\u00f3ria marcar\u00e3o o seu dia, segundo a carta \u201c6 de Paus\u201d. Um esfor\u00e7o poder\u00e1 finalmente ser valorizado. Voc\u00ea dever\u00e1 aproveitar o momento de destaque com <strong><a href=\"https:\/\/portaledicase.com\/10-curiosidades-sobre-o-signo-de-gemeos\/\" target=\"_blank\" rel=\"noreferrer noopener\">humildade<\/a><\/strong>.<\/p>\n<h2 class=\"wp-block-heading\" id=\"h-cancer-rainha-de-copas\">C\u00e2ncer \u2014 Rainha de Copas<\/h2>\n<div class=\"wp-block-image\">\n<figure class=\"aligncenter size-large\"><img loading=\"lazy\" decoding=\"async\" width=\"1024\" height=\"683\" src=\"https:\/\/portaledicase.com\/wp-content\/uploads\/2025\/03\/cancersigno-1024x683.jpg\" alt=\"Ilustra\u00e7\u00e3o do s\u00edmbolo do signo de C\u00e2ncer em branco, envolvido por pontos brilhantes em um fundo roxo\" class=\"wp-image-433075\" srcset=\"https:\/\/portaledicase.com\/wp-content\/uploads\/2025\/03\/cancersigno-1024x683.jpg 1024w, https:\/\/portaledicase.com\/wp-content\/uploads\/2025\/03\/cancersigno-300x200.jpg 300w, https:\/\/portaledicase.com\/wp-content\/uploads\/2025\/03\/cancersigno-768x512.jpg 768w, https:\/\/portaledicase.com\/wp-content\/uploads\/2025\/03\/cancersigno-640x427.jpg 640w, https:\/\/portaledicase.com\/wp-content\/uploads\/2025\/03\/cancersigno-150x100.jpg 150w, https:\/\/portaledicase.com\/wp-content\/uploads\/2025\/03\/cancersigno.jpg 1200w\" sizes=\"auto, (max-width: 1024px) 100vw, 1024px\"\/><figcaption class=\"wp-element-caption\">Os nativos de C\u00e2ncer estar\u00e3o com a sensibilidade e a intui\u00e7\u00e3o em alta (Imagem: Kachalova Kseniia | Shutterstock)<\/figcaption><\/figure>\n<\/p><\/div>\n<p>A sensibilidade e a intui\u00e7\u00e3o estar\u00e3o em alta, conforme a carta \u201cRainha de Copas\u201d. Voc\u00ea poder\u00e1 ser o apoio emocional de algu\u00e9m ou precisar\u00e1 acolher os pr\u00f3prios sentimentos com mais carinho.<\/p>\n<h2 class=\"wp-block-heading\" id=\"h-leao-o-julgamento\">Le\u00e3o \u2014 O Julgamento<\/h2>\n<div class=\"wp-block-image\">\n<figure class=\"aligncenter size-large\"><img loading=\"lazy\" decoding=\"async\" width=\"1024\" height=\"683\" src=\"https:\/\/portaledicase.com\/wp-content\/uploads\/2025\/03\/leao-3-1024x683.jpg\" alt=\"Ilustra\u00e7\u00e3o do s\u00edmbolo do signo de Le\u00e3o com um le\u00e3o branco estilizado, cercado por pontos brilhantes sobre fundo roxo\" class=\"wp-image-433081\" srcset=\"https:\/\/portaledicase.com\/wp-content\/uploads\/2025\/03\/leao-3-1024x683.jpg 1024w, https:\/\/portaledicase.com\/wp-content\/uploads\/2025\/03\/leao-3-300x200.jpg 300w, https:\/\/portaledicase.com\/wp-content\/uploads\/2025\/03\/leao-3-768x512.jpg 768w, https:\/\/portaledicase.com\/wp-content\/uploads\/2025\/03\/leao-3-640x427.jpg 640w, https:\/\/portaledicase.com\/wp-content\/uploads\/2025\/03\/leao-3-150x100.jpg 150w, https:\/\/portaledicase.com\/wp-content\/uploads\/2025\/03\/leao-3.jpg 1200w\" sizes=\"auto, (max-width: 1024px) 100vw, 1024px\"\/><figcaption class=\"wp-element-caption\">Os nativos de Le\u00e3o dever\u00e3o assumir responsabilidades e virar a p\u00e1gina (Imagem: Kachalova Kseniia | Shutterstock)<\/figcaption><\/figure>\n<\/p><\/div>\n<p>A carta \u201cO Julgamento\u201d indica um despertar para decis\u00f5es definitivas. Algo poder\u00e1 se esclarecer, trazendo liberta\u00e7\u00e3o. Ser\u00e1 dia de assumir <strong><a href=\"https:\/\/portaledicase.com\/conheca-o-anjo-da-guarda-do-signo-de-leao\/\" target=\"_blank\" rel=\"noreferrer noopener\">responsabilidades<\/a><\/strong> e virar a p\u00e1gina.<\/p>\n<h2 class=\"wp-block-heading\" id=\"h-virgem-pajem-de-paus\">Virgem \u2014 Pajem de Paus<\/h2>\n<div class=\"wp-block-image\">\n<figure class=\"aligncenter size-large\"><img loading=\"lazy\" decoding=\"async\" width=\"1024\" height=\"683\" src=\"https:\/\/portaledicase.com\/wp-content\/uploads\/2025\/03\/virgem-2-1-1024x683.jpg\" alt=\"Ilustra\u00e7\u00e3o do s\u00edmbolo do signo de Virgem com o perfil de uma mulher em branco, envolvido por pontos brilhantes sobre fundo roxo\" class=\"wp-image-433083\" srcset=\"https:\/\/portaledicase.com\/wp-content\/uploads\/2025\/03\/virgem-2-1-1024x683.jpg 1024w, https:\/\/portaledicase.com\/wp-content\/uploads\/2025\/03\/virgem-2-1-300x200.jpg 300w, https:\/\/portaledicase.com\/wp-content\/uploads\/2025\/03\/virgem-2-1-768x512.jpg 768w, https:\/\/portaledicase.com\/wp-content\/uploads\/2025\/03\/virgem-2-1-640x427.jpg 640w, https:\/\/portaledicase.com\/wp-content\/uploads\/2025\/03\/virgem-2-1-150x100.jpg 150w, https:\/\/portaledicase.com\/wp-content\/uploads\/2025\/03\/virgem-2-1.jpg 1200w\" sizes=\"auto, (max-width: 1024px) 100vw, 1024px\"\/><figcaption class=\"wp-element-caption\">Os nativos de Virgem dever\u00e3o se permitir experimentar algo diferente (Imagem: Kachalova Kseniia | Shutterstock)<\/figcaption><\/figure>\n<\/p><\/div>\n<p>Novidades e entusiasmo marcar\u00e3o o dia, segundo a carta \u201cPajem de Paus\u201d. Uma nova ideia poder\u00e1 surgir ou um convite inesperado animar\u00e1 sua rotina. Voc\u00ea dever\u00e1 se permitir experimentar algo diferente.<\/p>\n<h2 class=\"wp-block-heading\" id=\"h-libra-as-de-ouros\">Libra \u2014 \u00c1s de Ouros<\/h2>\n<div class=\"wp-block-image\">\n<figure class=\"aligncenter size-large\"><img loading=\"lazy\" decoding=\"async\" width=\"1024\" height=\"683\" src=\"https:\/\/portaledicase.com\/wp-content\/uploads\/2025\/03\/libra-1-1-1024x683.jpg\" alt=\"Ilustra\u00e7\u00e3o do s\u00edmbolo do signo de Libra representado por uma balan\u00e7a branca, centralizada em um c\u00edrculo de pontos brilhantes com fundo roxo\" class=\"wp-image-433077\" srcset=\"https:\/\/portaledicase.com\/wp-content\/uploads\/2025\/03\/libra-1-1-1024x683.jpg 1024w, https:\/\/portaledicase.com\/wp-content\/uploads\/2025\/03\/libra-1-1-300x200.jpg 300w, https:\/\/portaledicase.com\/wp-content\/uploads\/2025\/03\/libra-1-1-768x512.jpg 768w, https:\/\/portaledicase.com\/wp-content\/uploads\/2025\/03\/libra-1-1-640x427.jpg 640w, https:\/\/portaledicase.com\/wp-content\/uploads\/2025\/03\/libra-1-1-150x100.jpg 150w, https:\/\/portaledicase.com\/wp-content\/uploads\/2025\/03\/libra-1-1.jpg 1200w\" sizes=\"auto, (max-width: 1024px) 100vw, 1024px\"\/><figcaption class=\"wp-element-caption\">Os nativos de Libra dever\u00e3o valorizar as chances qe poder\u00e3o aparecer (Imagem: Kachalova Kseniia | Shutterstock)<\/figcaption><\/figure>\n<\/p><\/div>\n<p>A carta \u201c\u00c1s de Ouros\u201d indica uma nova oportunidade no campo financeiro ou <strong><a href=\"https:\/\/portaledicase.com\/5-curiosidades-sobre-o-homem-do-signo-de-libra\/\" target=\"_blank\" rel=\"noreferrer noopener\">profissional<\/a><\/strong>. Poder\u00e1 ser o in\u00edcio de algo s\u00f3lido e promissor. Ser\u00e1 importante valorizar as chances que aparecerem.<\/p>\n<h2 class=\"wp-block-heading\" id=\"h-escorpiao-10-de-paus\">Escorpi\u00e3o \u2014 10 de Paus<\/h2>\n<div class=\"wp-block-image\">\n<figure class=\"aligncenter size-large\"><img loading=\"lazy\" decoding=\"async\" width=\"1024\" height=\"683\" src=\"https:\/\/portaledicase.com\/wp-content\/uploads\/2025\/03\/escorpiaosigno-1024x683.jpg\" alt=\"Ilustra\u00e7\u00e3o do s\u00edmbolo do signo de Escorpi\u00e3o em branco, cercado por um c\u00edrculo de pontos brilhantes sobre fundo roxo\" class=\"wp-image-433074\" srcset=\"https:\/\/portaledicase.com\/wp-content\/uploads\/2025\/03\/escorpiaosigno-1024x683.jpg 1024w, https:\/\/portaledicase.com\/wp-content\/uploads\/2025\/03\/escorpiaosigno-300x200.jpg 300w, https:\/\/portaledicase.com\/wp-content\/uploads\/2025\/03\/escorpiaosigno-768x512.jpg 768w, https:\/\/portaledicase.com\/wp-content\/uploads\/2025\/03\/escorpiaosigno-640x427.jpg 640w, https:\/\/portaledicase.com\/wp-content\/uploads\/2025\/03\/escorpiaosigno-150x100.jpg 150w, https:\/\/portaledicase.com\/wp-content\/uploads\/2025\/03\/escorpiaosigno.jpg 1200w\" sizes=\"auto, (max-width: 1024px) 100vw, 1024px\"\/><figcaption class=\"wp-element-caption\">Os nativos de Escorpi\u00e3o dever\u00e3o analisar o que pode ser delegado e reorganizado (Imagem: Kachalova Kseniia | Shutterstock)<\/figcaption><\/figure>\n<\/p><\/div>\n<p>Haver\u00e1 uma energia de sobrecarga e cansa\u00e7o. Voc\u00ea poder\u00e1 estar assumindo responsabilidades em excesso. Conforme a carta \u201c10 de Paus\u201d, ser\u00e1 necess\u00e1rio avaliar o que poder\u00e1 ser delegado ou reorganizado.<\/p>\n<h2 class=\"wp-block-heading\" id=\"h-sagitario-rei-de-espadas\">Sagit\u00e1rio \u2014 Rei de Espadas<\/h2>\n<div class=\"wp-block-image\">\n<figure class=\"aligncenter size-large\"><img loading=\"lazy\" decoding=\"async\" width=\"1024\" height=\"683\" src=\"https:\/\/portaledicase.com\/wp-content\/uploads\/2025\/03\/sagitario-3-1024x683.jpg\" alt=\"Ilustra\u00e7\u00e3o do s\u00edmbolo do signo de Sagit\u00e1rio em forma de flecha branca, envolvido por um c\u00edrculo de pontos brilhantes sobre fundo roxo\" class=\"wp-image-433080\" srcset=\"https:\/\/portaledicase.com\/wp-content\/uploads\/2025\/03\/sagitario-3-1024x683.jpg 1024w, https:\/\/portaledicase.com\/wp-content\/uploads\/2025\/03\/sagitario-3-300x200.jpg 300w, https:\/\/portaledicase.com\/wp-content\/uploads\/2025\/03\/sagitario-3-768x512.jpg 768w, https:\/\/portaledicase.com\/wp-content\/uploads\/2025\/03\/sagitario-3-640x427.jpg 640w, https:\/\/portaledicase.com\/wp-content\/uploads\/2025\/03\/sagitario-3-150x100.jpg 150w, https:\/\/portaledicase.com\/wp-content\/uploads\/2025\/03\/sagitario-3.jpg 1200w\" sizes=\"auto, (max-width: 1024px) 100vw, 1024px\"\/><figcaption class=\"wp-element-caption\">Os nativos de Sagit\u00e1rio dever\u00e3o cortar excessos e focar o essencial (Imagem: Kachalova Kseniia | Shutterstock)<\/figcaption><\/figure>\n<\/p><\/div>\n<p>Clareza mental e decis\u00f5es estrat\u00e9gicas marcar\u00e3o a ter\u00e7a-feira. Segundo a carta \u201cRei de Espadas\u201d, o dia exigir\u00e1 objetividade e <strong><a href=\"https:\/\/portaledicase.com\/4-mitos-e-verdades-sobre-o-signo-de-sagitario\/\" target=\"_blank\" rel=\"noreferrer noopener\">comunica\u00e7\u00e3o<\/a><\/strong> direta. Ser\u00e1 preciso cortar excessos e focar o essencial.<\/p>\n<h2 class=\"wp-block-heading\" id=\"h-capricornio-8-de-ouros\">Capric\u00f3rnio \u2014 8 de Ouros<\/h2>\n<div class=\"wp-block-image\">\n<figure class=\"aligncenter size-large\"><img loading=\"lazy\" decoding=\"async\" width=\"1024\" height=\"683\" src=\"https:\/\/portaledicase.com\/wp-content\/uploads\/2025\/03\/capricornio-3-1024x683.jpg\" alt=\"S\u00edmbolo do signo de Capric\u00f3rnio representado por uma cabra com cauda de peixe, em branco, cercada por um c\u00edrculo de pontos brilhantes sobre fundo roxo\" class=\"wp-image-433085\" srcset=\"https:\/\/portaledicase.com\/wp-content\/uploads\/2025\/03\/capricornio-3-1024x683.jpg 1024w, https:\/\/portaledicase.com\/wp-content\/uploads\/2025\/03\/capricornio-3-300x200.jpg 300w, https:\/\/portaledicase.com\/wp-content\/uploads\/2025\/03\/capricornio-3-768x512.jpg 768w, https:\/\/portaledicase.com\/wp-content\/uploads\/2025\/03\/capricornio-3-640x427.jpg 640w, https:\/\/portaledicase.com\/wp-content\/uploads\/2025\/03\/capricornio-3-150x100.jpg 150w, https:\/\/portaledicase.com\/wp-content\/uploads\/2025\/03\/capricornio-3.jpg 1200w\" sizes=\"auto, (max-width: 1024px) 100vw, 1024px\"\/><figcaption class=\"wp-element-caption\">Os nativos de Capric\u00f3rnio estar\u00e3o focados no trabalho (Imagem: Kachalova Kseniia | Shutterstock)<\/figcaption><\/figure>\n<\/p><\/div>\n<p>A carta \u201c8 de Ouros\u201d indica dedica\u00e7\u00e3o e foco total no trabalho. Seu esfor\u00e7o construir\u00e1 algo s\u00f3lido. Ser\u00e1 importante continuar firme, pois a disciplina trar\u00e1 resultados.<\/p>\n<h2 class=\"wp-block-heading\" id=\"h-aquario-rainha-de-espadas\">Aqu\u00e1rio \u2014 Rainha de Espadas<\/h2>\n<div class=\"wp-block-image\">\n<figure class=\"aligncenter size-large\"><img loading=\"lazy\" decoding=\"async\" width=\"1024\" height=\"683\" src=\"https:\/\/portaledicase.com\/wp-content\/uploads\/2025\/03\/aquario-4-1024x683.jpg\" alt=\"Ilustra\u00e7\u00e3o do s\u00edmbolo do signo de Aqu\u00e1rio em forma de \u00e2nfora branca, cercado por pontos brilhantes sobre fundo roxo\" class=\"wp-image-433078\" srcset=\"https:\/\/portaledicase.com\/wp-content\/uploads\/2025\/03\/aquario-4-1024x683.jpg 1024w, https:\/\/portaledicase.com\/wp-content\/uploads\/2025\/03\/aquario-4-300x200.jpg 300w, https:\/\/portaledicase.com\/wp-content\/uploads\/2025\/03\/aquario-4-768x512.jpg 768w, https:\/\/portaledicase.com\/wp-content\/uploads\/2025\/03\/aquario-4-640x427.jpg 640w, https:\/\/portaledicase.com\/wp-content\/uploads\/2025\/03\/aquario-4-150x100.jpg 150w, https:\/\/portaledicase.com\/wp-content\/uploads\/2025\/03\/aquario-4.jpg 1200w\" sizes=\"auto, (max-width: 1024px) 100vw, 1024px\"\/><figcaption class=\"wp-element-caption\">Os nativos de Aqu\u00e1rio estar\u00e3o mais racionais e com o posicionamento firme (Imagem: Kachalova Kseniia | Shutterstock)<\/figcaption><\/figure>\n<\/p><\/div>\n<p>A carta \u201cRainha de Espadas\u201d<strong> <\/strong>mostra racionalidade e posicionamento firme. Voc\u00ea poder\u00e1 precisar dizer algo importante com <strong><a href=\"https:\/\/portaledicase.com\/aquario-combinacao-amorosa-com-os-12-signos\/\" target=\"_blank\" rel=\"noreferrer noopener\">clareza<\/a><\/strong> e eleg\u00e2ncia. A verdade ser\u00e1 essencial.<\/p>\n<h2 class=\"wp-block-heading\" id=\"h-peixes-5-de-ouros\">Peixes \u2014 5 de Ouros<\/h2>\n<div class=\"wp-block-image\">\n<figure class=\"aligncenter size-large\"><img loading=\"lazy\" decoding=\"async\" width=\"1024\" height=\"683\" src=\"https:\/\/portaledicase.com\/wp-content\/uploads\/2025\/03\/peixess-1024x683.jpg\" alt=\"Ilustra\u00e7\u00e3o do s\u00edmbolo do signo de Peixes com dois peixes brancos voltados um para o outro, rodeados por pontos brilhantes sobre fundo roxo\" class=\"wp-image-433076\" srcset=\"https:\/\/portaledicase.com\/wp-content\/uploads\/2025\/03\/peixess-1024x683.jpg 1024w, https:\/\/portaledicase.com\/wp-content\/uploads\/2025\/03\/peixess-300x200.jpg 300w, https:\/\/portaledicase.com\/wp-content\/uploads\/2025\/03\/peixess-768x512.jpg 768w, https:\/\/portaledicase.com\/wp-content\/uploads\/2025\/03\/peixess-640x427.jpg 640w, https:\/\/portaledicase.com\/wp-content\/uploads\/2025\/03\/peixess-150x100.jpg 150w, https:\/\/portaledicase.com\/wp-content\/uploads\/2025\/03\/peixess.jpg 1200w\" sizes=\"auto, (max-width: 1024px) 100vw, 1024px\"\/><figcaption class=\"wp-element-caption\">Os nativos de Peixes dever\u00e3o lembrar que o apoio est\u00e1 sempre dispon\u00edvel (Imagem: Kachalova Kseniia | Shutterstock)<\/figcaption><\/figure>\n<\/p><\/div>\n<p>A carta \u201c5 de Ouros\u201d indica poss\u00edvel sensa\u00e7\u00e3o de inseguran\u00e7a ou car\u00eancia. Ser\u00e1 importante lembrar que o apoio est\u00e1 sempre dispon\u00edvel \u2014 voc\u00ea n\u00e3o deve enfrentar tudo sozinho(a).<\/p>\n<p><em>Por Viviane Pettersen<\/em><\/p>\n<div class=\"wp-block-image\">\n<figure class=\"alignleft\"><img loading=\"lazy\" decoding=\"async\" width=\"100\" height=\"100\" src=\"https:\/\/portaledicase.com\/wp-content\/uploads\/2026\/01\/vivipettersen.png\" alt=\"Mulher de cabelos escuros e brinco de argola com rosa vermelha\" class=\"wp-image-554885\" srcset=\"https:\/\/portaledicase.com\/wp-content\/uploads\/2026\/01\/vivipettersen.png 100w, https:\/\/portaledicase.com\/wp-content\/uploads\/2026\/01\/vivipettersen-96x96.png 96w\" sizes=\"auto, (max-width: 100px) 100vw, 100px\"\/><\/figure>\n<\/p><\/div>\n<p><em>Jornalista e astr\u00f3loga. No estudo do c\u00e9u, encontrou caminhos para compreender quest\u00f5es profundas e hoje divide essas descobertas \u2014 em constante constru\u00e7\u00e3o \u2014 por meio de diferentes conte\u00fados.<\/em><\/p>\n<section class=\"virals\">\n<article class=\"cardnews cardnews--post cardnews--has-thumbnail cardnews--editorial-noticias\"> <a href=\"https:\/\/www.tribunapr.com.br\/noticias\/parana\/golpe-do-ipva-engana-profissional-da-tecnologia-no-parana-como-evitar-a-fraude\/?utm_source=noticias-virais-rodape&amp;utm_medium=internal-tribuna&amp;utm_campaign=tribuna\" class=\"cardnews__postlink\"> <\/p>\n<div class=\"cardnews__image\" is-api-thumb=\"\"><img decoding=\"async\" src=\"https:\/\/www.tribunapr.com.br\/wp-content\/uploads\/2026\/02\/06122251\/golpe-ipva-detranpr-370x210.jpeg\" loading=\"lazy\" alt=\"At\u00e9 especialistas ca\u00edram: o detalhe no boleto do IPVA que rouba seu dinheiro\"\/><\/div>\n<div class=\"cardnews__content cardhome__content\">\n<div class=\"cardnews__content-wrapper\">\n<p> <span style=\"\"> Fique atento! <\/span> <\/p>\n<p>At\u00e9 especialistas ca\u00edram: o detalhe no boleto do IPVA que rouba seu dinheiro<\/p>\n<\/p><\/div>\n<\/p><\/div>\n<p> <\/a> <\/article>\n<article class=\"cardnews cardnews--post cardnews--has-thumbnail cardnews--editorial-noticias\"> <a href=\"https:\/\/www.tribunapr.com.br\/noticias\/curitiba-regiao\/litoral-do-parana-passa-a-figurar-entre-os-mais-valorizados-do-pais\/?utm_source=noticias-virais-rodape&amp;utm_medium=internal-tribuna&amp;utm_campaign=tribuna\" class=\"cardnews__postlink\"> <\/p>\n<div class=\"cardnews__image\" is-api-thumb=\"\"><img decoding=\"async\" src=\"https:\/\/www.tribunapr.com.br\/wp-content\/uploads\/2026\/02\/04151141\/matinhos-litoral-370x210.jpg\" loading=\"lazy\" alt=\"Adeus, pre\u00e7os baixos? Esta regi\u00e3o do Paran\u00e1 virou a nova 'mina de ouro'\"\/><\/div>\n<div class=\"cardnews__content cardhome__content\">\n<div class=\"cardnews__content-wrapper\">\n<p> <span style=\"\"> Mercado imobili\u00e1rio <\/span> <\/p>\n<p>Adeus, pre\u00e7os baixos? Esta regi\u00e3o do Paran\u00e1 virou a nova &#8216;mina de ouro&#8217;<\/p>\n<\/p><\/div>\n<\/p><\/div>\n<p> <\/a> <\/article>\n<article class=\"cardnews cardnews--post cardnews--has-thumbnail cardnews--editorial-noticias\"> <a href=\"https:\/\/www.tribunapr.com.br\/blogs\/rango-barateza\/biscoitos-da-vovo-elza-tradicao-que-nasceu-do-afeto-e-conquistou-curitiba\/?utm_source=noticias-virais-rodape&amp;utm_medium=internal-tribuna&amp;utm_campaign=tribuna\" class=\"cardnews__postlink\"> <\/p>\n<div class=\"cardnews__image\" is-api-thumb=\"\"><img decoding=\"async\" src=\"https:\/\/www.tribunapr.com.br\/wp-content\/uploads\/2026\/02\/06135141\/vovo-elza-02-770x440-1-370x210.webp\" loading=\"lazy\" alt=\"O segredo de Curitiba: como uma receita de fam\u00edlia virou um imp\u00e9rio do afeto\"\/><\/div>\n<div class=\"cardnews__content cardhome__content\">\n<div class=\"cardnews__content-wrapper\">\n<p> <span style=\"\"> Rango Barateza! <\/span> <\/p>\n<p>O segredo de Curitiba: como uma receita de fam\u00edlia virou um imp\u00e9rio do afeto<\/p>\n<\/p><\/div>\n<\/p><\/div>\n<p> <\/a> <\/article>\n<\/section>\n<div id=\"tribuna-follow-cta\">\n<p> <span class=\"cta-title\">Siga a <span class=\"tribuna-color\">Tribuna<\/span> no Google, e acompanhe as \u00faltimas not\u00edcias de Curitiba e regi\u00e3o!<\/span> <\/p>\n<p> <a href=\"https:\/\/profile.google.com\/cp\/CgwvZy8xMmxxajUzM3Mac2h0dHBzOi8vd3d3LnRyaWJ1bmFwci5jb20uYnIvdml2YS92aXRyaW5lL2dpZ2FudGUtZG8tdmVzdHVhcmlvLXJlaW5hdWd1cmEtbG9qYS1lbS1zaG9wcGluZy10cmFkaWNpb25hbC1kZS1jdXJpdGliYS8iElRyaWJ1bmEgZG8gUGFyYW7DoSqAAwrHAWh0dHBzOi8vZW5jcnlwdGVkLXRibjIuZ3N0YXRpYy5jb20vZmF2aWNvbi10Ym4_cT10Ym46QU5kOUdjUVJPbjVDRjR6TzJPbkUwTXZrRlRCRTY2U0g1bGlaVDRaZTV3bWNKeU5GRm1BSnluM01nNU9PR3BXY1pYMzZwYU5HUWtsZ09JVEFLTTNNZVNGbTc1aWp6M3k2ajUtQ3M2b25kX2JUcFFQQkVLd3RsUjBsTmJESnUtVHhrNXQtbFlCNlVpOWZSVVFjT2cSswFodHRwczovL2VuY3J5cHRlZC10Ym4zLmdzdGF0aWMuY29tL2Zhdmljb24tdGJuP3E9dGJuJTNBQU5kOUdjU0FMaWJ2eFF0YXdFMFRueVdWWmVKRS1MZEdRZjVTUi1OZ2RMazhyZzIwVy1nM0JuQ1F4VDNKZFBjRXR2THdBeVRxUDJEdHVycEdVR29CQkxpYzM5al9wSmFxRERaMHNCYW05WEVhSGVsMmZTQmdKdlF4WWVyMw\" target=\"_blank\" title=\"Seguir a Tribuna no Google\">  <\/a> <\/div>\n<\/p><\/div>\n<p><a href=\"https:\/\/www.tribunapr.com.br\/variedades\/tarot-do-dia-previsao-para-os-12-signos-em-24-02-2026\/\">Fonte do Artigo <\/a><\/p>","protected":false},"excerpt":{"rendered":"<p>A ter\u00e7a-feira chegar\u00e1 com uma energia de equil\u00edbrio, reconhecimento e ajustes importantes na vida pr\u00e1tica e emocional. As cartas do tarot falam sobre trocas justas, aprendizados internos e a liberta\u00e7\u00e3o de sobrecargas. Ser\u00e1 um dia para agir com maturidade e consci\u00eancia. Confira as previs\u00f5es do tarot para cada um dos signos! \u00c1ries \u2014 6 de [&hellip;]<\/p>\n","protected":false},"author":1,"featured_media":90014,"comment_status":"closed","ping_status":"","sticky":false,"template":"","format":"standard","meta":{"googlesitekit_rrm_CAow2JLhCw:productID":"","_gspb_post_css":"","maa_idioma":"","maa_pais":"","footnotes":""},"categories":[4],"tags":[3101,2904,3085,3086,3083],"class_list":["post-90013","post","type-post","status-publish","format-standard","has-post-thumbnail","hentry","category-brasil","tag-dia","tag-para","tag-previsao","tag-signos","tag-tarot"],"blocksy_meta":[],"yoast_head":"<!-- This site is optimized with the Yoast SEO Premium plugin v27.6 (Yoast SEO v27.6) - https:\/\/yoast.com\/product\/yoast-seo-premium-wordpress\/ -->\n<title>Tarot do dia: previs\u00e3o para os 12 signos em 24\/02\/2026 - Ubirat\u00e3 Online Not\u00edcias - A realidade ao seu alcance!<\/title>\n<meta name=\"description\" content=\"A ter\u00e7a-feira chegar\u00e1 com uma energia de equil\u00edbrio, reconhecimento e ajustes importantes na vida pr\u00e1tica e emocional. As cartas do tarot falam sobre\" \/>\n<meta name=\"robots\" content=\"index, follow, max-snippet:-1, max-image-preview:large, max-video-preview:-1\" \/>\n<link rel=\"canonical\" href=\"https:\/\/ubirataonline.com.br\/en\/tarot-do-dia-previsao-para-os-12-signos-em-24-02-2026\/\" \/>\n<meta property=\"og:locale\" content=\"en_US\" \/>\n<meta property=\"og:type\" content=\"article\" \/>\n<meta property=\"og:title\" content=\"Tarot do dia: previs\u00e3o para os 12 signos em 24\/02\/2026\" \/>\n<meta property=\"og:description\" content=\"A ter\u00e7a-feira chegar\u00e1 com uma energia de equil\u00edbrio, reconhecimento e ajustes importantes na vida pr\u00e1tica e emocional. As cartas do tarot falam sobre\" \/>\n<meta property=\"og:url\" content=\"https:\/\/ubirataonline.com.br\/en\/tarot-do-dia-previsao-para-os-12-signos-em-24-02-2026\/\" \/>\n<meta property=\"og:site_name\" content=\"Ubirat\u00e3 Online Not\u00edcias - A realidade ao seu alcance!\" \/>\n<meta property=\"article:publisher\" content=\"https:\/\/www.facebook.com\/portalubirataonline\" \/>\n<meta property=\"article:author\" content=\"https:\/\/www.facebook.com\/portalubirataonline\" \/>\n<meta property=\"article:published_time\" content=\"2026-02-25T10:06:28+00:00\" \/>\n<meta property=\"article:modified_time\" content=\"2026-02-25T10:06:31+00:00\" \/>\n<meta property=\"og:image\" content=\"https:\/\/ubirataonline.com.br\/wp-content\/uploads\/2026\/02\/Tarot-do-dia-previsao-para-os-12-signos-em-24022026.jpg\" \/>\n\t<meta property=\"og:image:width\" content=\"1200\" \/>\n\t<meta property=\"og:image:height\" content=\"800\" \/>\n\t<meta property=\"og:image:type\" content=\"image\/jpeg\" \/>\n<meta name=\"author\" content=\"REDA\u00c7\u00c3O: UBIRAT\u00c3 ONLINE - F\u00c1BIO AUGUSTO CELESTINO\" \/>\n<meta name=\"twitter:card\" content=\"summary_large_image\" \/>\n<meta name=\"twitter:creator\" content=\"@x.com\/ubirataonline\" \/>\n<meta name=\"twitter:site\" content=\"@ubirataonline\" \/>\n<meta name=\"twitter:label1\" content=\"Written by\" \/>\n\t<meta name=\"twitter:data1\" content=\"REDA\u00c7\u00c3O: UBIRAT\u00c3 ONLINE - F\u00c1BIO AUGUSTO CELESTINO\" \/>\n\t<meta name=\"twitter:label2\" content=\"Est. reading time\" \/>\n\t<meta name=\"twitter:data2\" content=\"4 minutes\" \/>\n<script type=\"application\/ld+json\" class=\"yoast-schema-graph\">{\"@context\":\"https:\\\/\\\/schema.org\",\"@graph\":[{\"@type\":\"NewsArticle\",\"@id\":\"https:\\\/\\\/ubirataonline.com.br\\\/tarot-do-dia-previsao-para-os-12-signos-em-24-02-2026\\\/#article\",\"isPartOf\":{\"@id\":\"https:\\\/\\\/ubirataonline.com.br\\\/tarot-do-dia-previsao-para-os-12-signos-em-24-02-2026\\\/\"},\"author\":{\"name\":\"REDA\u00c7\u00c3O: UBIRAT\u00c3 ONLINE - F\u00c1BIO AUGUSTO CELESTINO\",\"@id\":\"https:\\\/\\\/ubirataonline.com.br\\\/#\\\/schema\\\/person\\\/372f87bbd3fdd79b8556b84c98d0bc1c\"},\"headline\":\"Tarot do dia: previs\u00e3o para os 12 signos em 24\\\/02\\\/2026\",\"datePublished\":\"2026-02-25T10:06:28+00:00\",\"dateModified\":\"2026-02-25T10:06:31+00:00\",\"mainEntityOfPage\":{\"@id\":\"https:\\\/\\\/ubirataonline.com.br\\\/tarot-do-dia-previsao-para-os-12-signos-em-24-02-2026\\\/\"},\"wordCount\":795,\"publisher\":{\"@id\":\"https:\\\/\\\/ubirataonline.com.br\\\/#organization\"},\"image\":{\"@id\":\"https:\\\/\\\/ubirataonline.com.br\\\/tarot-do-dia-previsao-para-os-12-signos-em-24-02-2026\\\/#primaryimage\"},\"thumbnailUrl\":\"https:\\\/\\\/ubirataonline.com.br\\\/wp-content\\\/uploads\\\/2026\\\/02\\\/Tarot-do-dia-previsao-para-os-12-signos-em-24022026.jpg\",\"keywords\":[\"dia\",\"para\",\"previs\u00e3o\",\"signos\",\"Tarot\"],\"articleSection\":[\"Brasil\"],\"inLanguage\":\"en-US\",\"copyrightYear\":\"2026\",\"copyrightHolder\":{\"@id\":\"https:\\\/\\\/ubirataonline.com.br\\\/en\\\/#organization\"}},{\"@type\":\"WebPage\",\"@id\":\"https:\\\/\\\/ubirataonline.com.br\\\/tarot-do-dia-previsao-para-os-12-signos-em-24-02-2026\\\/\",\"url\":\"https:\\\/\\\/ubirataonline.com.br\\\/tarot-do-dia-previsao-para-os-12-signos-em-24-02-2026\\\/\",\"name\":\"Tarot do dia: previs\u00e3o para os 12 signos em 24\\\/02\\\/2026 - Ubirat\u00e3 Online Not\u00edcias - A realidade ao seu alcance!\",\"isPartOf\":{\"@id\":\"https:\\\/\\\/ubirataonline.com.br\\\/#website\"},\"primaryImageOfPage\":{\"@id\":\"https:\\\/\\\/ubirataonline.com.br\\\/tarot-do-dia-previsao-para-os-12-signos-em-24-02-2026\\\/#primaryimage\"},\"image\":{\"@id\":\"https:\\\/\\\/ubirataonline.com.br\\\/tarot-do-dia-previsao-para-os-12-signos-em-24-02-2026\\\/#primaryimage\"},\"thumbnailUrl\":\"https:\\\/\\\/ubirataonline.com.br\\\/wp-content\\\/uploads\\\/2026\\\/02\\\/Tarot-do-dia-previsao-para-os-12-signos-em-24022026.jpg\",\"datePublished\":\"2026-02-25T10:06:28+00:00\",\"dateModified\":\"2026-02-25T10:06:31+00:00\",\"description\":\"A ter\u00e7a-feira chegar\u00e1 com uma energia de equil\u00edbrio, reconhecimento e ajustes importantes na vida pr\u00e1tica e emocional. As cartas do tarot falam sobre\",\"breadcrumb\":{\"@id\":\"https:\\\/\\\/ubirataonline.com.br\\\/tarot-do-dia-previsao-para-os-12-signos-em-24-02-2026\\\/#breadcrumb\"},\"inLanguage\":\"en-US\",\"potentialAction\":[{\"@type\":\"ReadAction\",\"target\":[\"https:\\\/\\\/ubirataonline.com.br\\\/tarot-do-dia-previsao-para-os-12-signos-em-24-02-2026\\\/\"]}]},{\"@type\":\"ImageObject\",\"inLanguage\":\"en-US\",\"@id\":\"https:\\\/\\\/ubirataonline.com.br\\\/tarot-do-dia-previsao-para-os-12-signos-em-24-02-2026\\\/#primaryimage\",\"url\":\"https:\\\/\\\/ubirataonline.com.br\\\/wp-content\\\/uploads\\\/2026\\\/02\\\/Tarot-do-dia-previsao-para-os-12-signos-em-24022026.jpg\",\"contentUrl\":\"https:\\\/\\\/ubirataonline.com.br\\\/wp-content\\\/uploads\\\/2026\\\/02\\\/Tarot-do-dia-previsao-para-os-12-signos-em-24022026.jpg\",\"width\":1200,\"height\":800,\"caption\":\"O tarot mostra um dia de aprendizados internos e liberta\u00e7\u00e3o de sobrecargas (Imagem: vimolsiri.s | Shutterstock)\"},{\"@type\":\"BreadcrumbList\",\"@id\":\"https:\\\/\\\/ubirataonline.com.br\\\/tarot-do-dia-previsao-para-os-12-signos-em-24-02-2026\\\/#breadcrumb\",\"itemListElement\":[{\"@type\":\"ListItem\",\"position\":1,\"name\":\"In\u00edcio\",\"item\":\"https:\\\/\\\/ubirataonline.com.br\\\/\"},{\"@type\":\"ListItem\",\"position\":2,\"name\":\"Tarot do dia: previs\u00e3o para os 12 signos em 24\\\/02\\\/2026\"}]},{\"@type\":\"WebSite\",\"@id\":\"https:\\\/\\\/ubirataonline.com.br\\\/#website\",\"url\":\"https:\\\/\\\/ubirataonline.com.br\\\/\",\"name\":\"Ubirat\u00e3 Online Not\u00edcias\",\"description\":\"Not\u00edcias de Ubirat\u00e3, regi\u00e3o, Brasil e mundo, com informa\u00e7\u00e3o atualizada e compromisso com o leitor.\",\"publisher\":{\"@id\":\"https:\\\/\\\/ubirataonline.com.br\\\/#organization\"},\"alternateName\":\"Ubirat\u00e3 Online\",\"potentialAction\":[{\"@type\":\"SearchAction\",\"target\":{\"@type\":\"EntryPoint\",\"urlTemplate\":\"https:\\\/\\\/ubirataonline.com.br\\\/?s={search_term_string}\"},\"query-input\":{\"@type\":\"PropertyValueSpecification\",\"valueRequired\":true,\"valueName\":\"search_term_string\"}}],\"inLanguage\":\"en-US\"},{\"@type\":[\"Organization\",\"Place\"],\"@id\":\"https:\\\/\\\/ubirataonline.com.br\\\/#organization\",\"name\":\"Ubirat\u00e3 Online Not\u00edcias\",\"alternateName\":\"Ubirat\u00e3 Online\",\"url\":\"https:\\\/\\\/ubirataonline.com.br\\\/\",\"logo\":{\"@id\":\"https:\\\/\\\/ubirataonline.com.br\\\/tarot-do-dia-previsao-para-os-12-signos-em-24-02-2026\\\/#local-main-organization-logo\"},\"image\":{\"@id\":\"https:\\\/\\\/ubirataonline.com.br\\\/tarot-do-dia-previsao-para-os-12-signos-em-24-02-2026\\\/#local-main-organization-logo\"},\"sameAs\":[\"https:\\\/\\\/www.facebook.com\\\/portalubirataonline\",\"https:\\\/\\\/x.com\\\/ubirataonline\",\"https:\\\/\\\/mastodon.social\\\/@ubirataonline\",\"https:\\\/\\\/www.facebook.com\\\/groups\\\/311144672285604\",\"https:\\\/\\\/www.facebook.com\\\/UBTAOnline\",\"https:\\\/\\\/www.instagram.com\\\/portalubirataonline\\\/\",\"https:\\\/\\\/twitter.com\\\/ubirataonline\"],\"description\":\"Somos um portal de not\u00edcias independente, criado em 5 de janeiro de 2009, com o objetivo de informar, conectar e valorizar a nossa comunidade de Ubirat\u00e3 e toda aregi\u00e3o. Com conte\u00fado atualizado, confi\u00e1vel e relevante, o Ubirat\u00e3 Online \u00e9 o seu espa\u00e7o para ficar por dentro dos principais acontecimentos locais, regionais, Brasil, Mundo e de interesse geral. Nosso compromisso \u00e9 com a verdade, a transpar\u00eancia e o respeito ao leitor.\",\"legalName\":\"UBIRATA ONLINE NOT\u00cdCIAS\",\"foundingDate\":\"2009-01-05\",\"numberOfEmployees\":{\"@type\":\"QuantitativeValue\",\"minValue\":\"1\",\"maxValue\":\"10\"},\"publishingPrinciples\":\"https:\\\/\\\/ubirataonline.com.br\\\/faq\\\/\",\"address\":{\"@id\":\"https:\\\/\\\/ubirataonline.com.br\\\/tarot-do-dia-previsao-para-os-12-signos-em-24-02-2026\\\/#local-main-place-address\"},\"geo\":{\"@type\":\"GeoCoordinates\",\"latitude\":\"-24.5361401\",\"longitude\":\"-52.9921776\"},\"telephone\":[\"+5544998308235\"],\"contactPoint\":{\"@type\":\"ContactPoint\",\"email\":\"contato@ubirataonline.com.br\"},\"openingHoursSpecification\":{\"@type\":\"OpeningHoursSpecification\",\"dayOfWeek\":[\"Monday\",\"Tuesday\",\"Wednesday\",\"Thursday\",\"Friday\",\"Saturday\",\"Sunday\"],\"opens\":\"00:00\",\"closes\":\"23:59\"},\"email\":\"contato@ubirataonline.com.br\",\"vatID\":\"47.621.418\\\/0001-80\"},{\"@type\":\"Person\",\"@id\":\"https:\\\/\\\/ubirataonline.com.br\\\/#\\\/schema\\\/person\\\/372f87bbd3fdd79b8556b84c98d0bc1c\",\"name\":\"REDA\u00c7\u00c3O: UBIRAT\u00c3 ONLINE - F\u00c1BIO AUGUSTO CELESTINO\",\"pronouns\":\"Ele\",\"description\":\"Desde 2003 trabalhando com not\u00edcias.\",\"sameAs\":[\"http:\\\/\\\/ubirataoline.com.br\",\"https:\\\/\\\/www.facebook.com\\\/portalubirataonline\",\"https:\\\/\\\/www.instagram.com\\\/ubirataonline_oficial\",\"https:\\\/\\\/x.com\\\/x.com\\\/ubirataonline\"],\"honorificPrefix\":\"Mr.\",\"honorificSuffix\":\"MD\",\"birthDate\":\"1980-06-16\",\"gender\":\"masculino\",\"award\":[\"V\u00e1rios pr\u00eamios de melhor portal da cidade\"],\"jobTitle\":\"Diretor\",\"url\":\"https:\\\/\\\/ubirataonline.com.br\\\/en\\\/author\\\/ubirataonline\\\/\"},{\"@type\":\"PostalAddress\",\"@id\":\"https:\\\/\\\/ubirataonline.com.br\\\/tarot-do-dia-previsao-para-os-12-signos-em-24-02-2026\\\/#local-main-place-address\",\"streetAddress\":\"Rua dos Coqueiros, 104 - Bairro Boa Vista, Rua dos Coqueiros, 104 Bairro Boa Vista\",\"addressLocality\":\"UBIRATA\",\"postalCode\":\"85440-000\",\"addressRegion\":\"PR\",\"addressCountry\":\"BR\"},{\"@type\":\"ImageObject\",\"inLanguage\":\"en-US\",\"@id\":\"https:\\\/\\\/ubirataonline.com.br\\\/tarot-do-dia-previsao-para-os-12-signos-em-24-02-2026\\\/#local-main-organization-logo\",\"url\":\"https:\\\/\\\/ubirataonline.com.br\\\/wp-content\\\/uploads\\\/2026\\\/06\\\/logoubirataonline-1.webp\",\"contentUrl\":\"https:\\\/\\\/ubirataonline.com.br\\\/wp-content\\\/uploads\\\/2026\\\/06\\\/logoubirataonline-1.webp\",\"width\":500,\"height\":500,\"caption\":\"Ubirat\u00e3 Online Not\u00edcias\"}]}<\/script>\n<meta name=\"geo.placename\" content=\"UBIRATA\" \/>\n<meta name=\"geo.position\" content=\"-24.5361401;-52.9921776\" \/>\n<meta name=\"geo.region\" content=\"Brazil\" \/>\n<!-- \/ Yoast SEO Premium plugin. -->","yoast_head_json":{"title":"Tarot do dia: previs\u00e3o para os 12 signos em 24\/02\/2026 - Ubirat\u00e3 Online Not\u00edcias - A realidade ao seu alcance!","description":"A ter\u00e7a-feira chegar\u00e1 com uma energia de equil\u00edbrio, reconhecimento e ajustes importantes na vida pr\u00e1tica e emocional. As cartas do tarot falam sobre","robots":{"index":"index","follow":"follow","max-snippet":"max-snippet:-1","max-image-preview":"max-image-preview:large","max-video-preview":"max-video-preview:-1"},"canonical":"https:\/\/ubirataonline.com.br\/en\/tarot-do-dia-previsao-para-os-12-signos-em-24-02-2026\/","og_locale":"en_US","og_type":"article","og_title":"Tarot do dia: previs\u00e3o para os 12 signos em 24\/02\/2026","og_description":"A ter\u00e7a-feira chegar\u00e1 com uma energia de equil\u00edbrio, reconhecimento e ajustes importantes na vida pr\u00e1tica e emocional. As cartas do tarot falam sobre","og_url":"https:\/\/ubirataonline.com.br\/en\/tarot-do-dia-previsao-para-os-12-signos-em-24-02-2026\/","og_site_name":"Ubirat\u00e3 Online Not\u00edcias - A realidade ao seu alcance!","article_publisher":"https:\/\/www.facebook.com\/portalubirataonline","article_author":"https:\/\/www.facebook.com\/portalubirataonline","article_published_time":"2026-02-25T10:06:28+00:00","article_modified_time":"2026-02-25T10:06:31+00:00","og_image":[{"width":1200,"height":800,"url":"https:\/\/ubirataonline.com.br\/wp-content\/uploads\/2026\/02\/Tarot-do-dia-previsao-para-os-12-signos-em-24022026.jpg","type":"image\/jpeg"}],"author":"REDA\u00c7\u00c3O: UBIRAT\u00c3 ONLINE - F\u00c1BIO AUGUSTO CELESTINO","twitter_card":"summary_large_image","twitter_creator":"@x.com\/ubirataonline","twitter_site":"@ubirataonline","twitter_misc":{"Written by":"REDA\u00c7\u00c3O: UBIRAT\u00c3 ONLINE - F\u00c1BIO AUGUSTO CELESTINO","Est. reading time":"4 minutes"},"schema":{"@context":"https:\/\/schema.org","@graph":[{"@type":"NewsArticle","@id":"https:\/\/ubirataonline.com.br\/tarot-do-dia-previsao-para-os-12-signos-em-24-02-2026\/#article","isPartOf":{"@id":"https:\/\/ubirataonline.com.br\/tarot-do-dia-previsao-para-os-12-signos-em-24-02-2026\/"},"author":{"name":"REDA\u00c7\u00c3O: UBIRAT\u00c3 ONLINE - F\u00c1BIO AUGUSTO CELESTINO","@id":"https:\/\/ubirataonline.com.br\/#\/schema\/person\/372f87bbd3fdd79b8556b84c98d0bc1c"},"headline":"Tarot do dia: previs\u00e3o para os 12 signos em 24\/02\/2026","datePublished":"2026-02-25T10:06:28+00:00","dateModified":"2026-02-25T10:06:31+00:00","mainEntityOfPage":{"@id":"https:\/\/ubirataonline.com.br\/tarot-do-dia-previsao-para-os-12-signos-em-24-02-2026\/"},"wordCount":795,"publisher":{"@id":"https:\/\/ubirataonline.com.br\/#organization"},"image":{"@id":"https:\/\/ubirataonline.com.br\/tarot-do-dia-previsao-para-os-12-signos-em-24-02-2026\/#primaryimage"},"thumbnailUrl":"https:\/\/ubirataonline.com.br\/wp-content\/uploads\/2026\/02\/Tarot-do-dia-previsao-para-os-12-signos-em-24022026.jpg","keywords":["dia","para","previs\u00e3o","signos","Tarot"],"articleSection":["Brasil"],"inLanguage":"en-US","copyrightYear":"2026","copyrightHolder":{"@id":"https:\/\/ubirataonline.com.br\/en\/#organization"}},{"@type":"WebPage","@id":"https:\/\/ubirataonline.com.br\/tarot-do-dia-previsao-para-os-12-signos-em-24-02-2026\/","url":"https:\/\/ubirataonline.com.br\/tarot-do-dia-previsao-para-os-12-signos-em-24-02-2026\/","name":"Tarot do dia: previs\u00e3o para os 12 signos em 24\/02\/2026 - Ubirat\u00e3 Online Not\u00edcias - A realidade ao seu alcance!","isPartOf":{"@id":"https:\/\/ubirataonline.com.br\/#website"},"primaryImageOfPage":{"@id":"https:\/\/ubirataonline.com.br\/tarot-do-dia-previsao-para-os-12-signos-em-24-02-2026\/#primaryimage"},"image":{"@id":"https:\/\/ubirataonline.com.br\/tarot-do-dia-previsao-para-os-12-signos-em-24-02-2026\/#primaryimage"},"thumbnailUrl":"https:\/\/ubirataonline.com.br\/wp-content\/uploads\/2026\/02\/Tarot-do-dia-previsao-para-os-12-signos-em-24022026.jpg","datePublished":"2026-02-25T10:06:28+00:00","dateModified":"2026-02-25T10:06:31+00:00","description":"A ter\u00e7a-feira chegar\u00e1 com uma energia de equil\u00edbrio, reconhecimento e ajustes importantes na vida pr\u00e1tica e emocional. As cartas do tarot falam sobre","breadcrumb":{"@id":"https:\/\/ubirataonline.com.br\/tarot-do-dia-previsao-para-os-12-signos-em-24-02-2026\/#breadcrumb"},"inLanguage":"en-US","potentialAction":[{"@type":"ReadAction","target":["https:\/\/ubirataonline.com.br\/tarot-do-dia-previsao-para-os-12-signos-em-24-02-2026\/"]}]},{"@type":"ImageObject","inLanguage":"en-US","@id":"https:\/\/ubirataonline.com.br\/tarot-do-dia-previsao-para-os-12-signos-em-24-02-2026\/#primaryimage","url":"https:\/\/ubirataonline.com.br\/wp-content\/uploads\/2026\/02\/Tarot-do-dia-previsao-para-os-12-signos-em-24022026.jpg","contentUrl":"https:\/\/ubirataonline.com.br\/wp-content\/uploads\/2026\/02\/Tarot-do-dia-previsao-para-os-12-signos-em-24022026.jpg","width":1200,"height":800,"caption":"O tarot mostra um dia de aprendizados internos e liberta\u00e7\u00e3o de sobrecargas (Imagem: vimolsiri.s | Shutterstock)"},{"@type":"BreadcrumbList","@id":"https:\/\/ubirataonline.com.br\/tarot-do-dia-previsao-para-os-12-signos-em-24-02-2026\/#breadcrumb","itemListElement":[{"@type":"ListItem","position":1,"name":"In\u00edcio","item":"https:\/\/ubirataonline.com.br\/"},{"@type":"ListItem","position":2,"name":"Tarot do dia: previs\u00e3o para os 12 signos em 24\/02\/2026"}]},{"@type":"WebSite","@id":"https:\/\/ubirataonline.com.br\/#website","url":"https:\/\/ubirataonline.com.br\/","name":"Ubirat\u00e3 Online Not\u00edcias","description":"Not\u00edcias de Ubirat\u00e3, regi\u00e3o, Brasil e mundo, com informa\u00e7\u00e3o atualizada e compromisso com o leitor.","publisher":{"@id":"https:\/\/ubirataonline.com.br\/#organization"},"alternateName":"Ubirat\u00e3 Online","potentialAction":[{"@type":"SearchAction","target":{"@type":"EntryPoint","urlTemplate":"https:\/\/ubirataonline.com.br\/?s={search_term_string}"},"query-input":{"@type":"PropertyValueSpecification","valueRequired":true,"valueName":"search_term_string"}}],"inLanguage":"en-US"},{"@type":["Organization","Place"],"@id":"https:\/\/ubirataonline.com.br\/#organization","name":"Ubirat\u00e3 Online Not\u00edcias","alternateName":"Ubirat\u00e3 Online","url":"https:\/\/ubirataonline.com.br\/","logo":{"@id":"https:\/\/ubirataonline.com.br\/tarot-do-dia-previsao-para-os-12-signos-em-24-02-2026\/#local-main-organization-logo"},"image":{"@id":"https:\/\/ubirataonline.com.br\/tarot-do-dia-previsao-para-os-12-signos-em-24-02-2026\/#local-main-organization-logo"},"sameAs":["https:\/\/www.facebook.com\/portalubirataonline","https:\/\/x.com\/ubirataonline","https:\/\/mastodon.social\/@ubirataonline","https:\/\/www.facebook.com\/groups\/311144672285604","https:\/\/www.facebook.com\/UBTAOnline","https:\/\/www.instagram.com\/portalubirataonline\/","https:\/\/twitter.com\/ubirataonline"],"description":"Somos um portal de not\u00edcias independente, criado em 5 de janeiro de 2009, com o objetivo de informar, conectar e valorizar a nossa comunidade de Ubirat\u00e3 e toda aregi\u00e3o. Com conte\u00fado atualizado, confi\u00e1vel e relevante, o Ubirat\u00e3 Online \u00e9 o seu espa\u00e7o para ficar por dentro dos principais acontecimentos locais, regionais, Brasil, Mundo e de interesse geral. Nosso compromisso \u00e9 com a verdade, a transpar\u00eancia e o respeito ao leitor.","legalName":"UBIRATA ONLINE NOT\u00cdCIAS","foundingDate":"2009-01-05","numberOfEmployees":{"@type":"QuantitativeValue","minValue":"1","maxValue":"10"},"publishingPrinciples":"https:\/\/ubirataonline.com.br\/faq\/","address":{"@id":"https:\/\/ubirataonline.com.br\/tarot-do-dia-previsao-para-os-12-signos-em-24-02-2026\/#local-main-place-address"},"geo":{"@type":"GeoCoordinates","latitude":"-24.5361401","longitude":"-52.9921776"},"telephone":["+5544998308235"],"contactPoint":{"@type":"ContactPoint","email":"contato@ubirataonline.com.br"},"openingHoursSpecification":{"@type":"OpeningHoursSpecification","dayOfWeek":["Monday","Tuesday","Wednesday","Thursday","Friday","Saturday","Sunday"],"opens":"00:00","closes":"23:59"},"email":"contato@ubirataonline.com.br","vatID":"47.621.418\/0001-80"},{"@type":"Person","@id":"https:\/\/ubirataonline.com.br\/#\/schema\/person\/372f87bbd3fdd79b8556b84c98d0bc1c","name":"REDA\u00c7\u00c3O: UBIRAT\u00c3 ONLINE - F\u00c1BIO AUGUSTO CELESTINO","pronouns":"Ele","description":"Desde 2003 trabalhando com not\u00edcias.","sameAs":["http:\/\/ubirataoline.com.br","https:\/\/www.facebook.com\/portalubirataonline","https:\/\/www.instagram.com\/ubirataonline_oficial","https:\/\/x.com\/x.com\/ubirataonline"],"honorificPrefix":"Mr.","honorificSuffix":"MD","birthDate":"1980-06-16","gender":"masculino","award":["V\u00e1rios pr\u00eamios de melhor portal da cidade"],"jobTitle":"Diretor","url":"https:\/\/ubirataonline.com.br\/en\/author\/ubirataonline\/"},{"@type":"PostalAddress","@id":"https:\/\/ubirataonline.com.br\/tarot-do-dia-previsao-para-os-12-signos-em-24-02-2026\/#local-main-place-address","streetAddress":"Rua dos Coqueiros, 104 - Bairro Boa Vista, Rua dos Coqueiros, 104 Bairro Boa Vista","addressLocality":"UBIRATA","postalCode":"85440-000","addressRegion":"PR","addressCountry":"BR"},{"@type":"ImageObject","inLanguage":"en-US","@id":"https:\/\/ubirataonline.com.br\/tarot-do-dia-previsao-para-os-12-signos-em-24-02-2026\/#local-main-organization-logo","url":"https:\/\/ubirataonline.com.br\/wp-content\/uploads\/2026\/06\/logoubirataonline-1.webp","contentUrl":"https:\/\/ubirataonline.com.br\/wp-content\/uploads\/2026\/06\/logoubirataonline-1.webp","width":500,"height":500,"caption":"Ubirat\u00e3 Online Not\u00edcias"}]},"geo.placename":"UBIRATA","geo.position":{"lat":"-24.5361401","long":"-52.9921776"},"geo.region":"Brazil"},"_links":{"self":[{"href":"https:\/\/ubirataonline.com.br\/en\/wp-json\/wp\/v2\/posts\/90013","targetHints":{"allow":["GET"]}}],"collection":[{"href":"https:\/\/ubirataonline.com.br\/en\/wp-json\/wp\/v2\/posts"}],"about":[{"href":"https:\/\/ubirataonline.com.br\/en\/wp-json\/wp\/v2\/types\/post"}],"author":[{"embeddable":true,"href":"https:\/\/ubirataonline.com.br\/en\/wp-json\/wp\/v2\/users\/1"}],"replies":[{"embeddable":true,"href":"https:\/\/ubirataonline.com.br\/en\/wp-json\/wp\/v2\/comments?post=90013"}],"version-history":[{"count":0,"href":"https:\/\/ubirataonline.com.br\/en\/wp-json\/wp\/v2\/posts\/90013\/revisions"}],"wp:featuredmedia":[{"embeddable":true,"href":"https:\/\/ubirataonline.com.br\/en\/wp-json\/wp\/v2\/media\/90014"}],"wp:attachment":[{"href":"https:\/\/ubirataonline.com.br\/en\/wp-json\/wp\/v2\/media?parent=90013"}],"wp:term":[{"taxonomy":"category","embeddable":true,"href":"https:\/\/ubirataonline.com.br\/en\/wp-json\/wp\/v2\/categories?post=90013"},{"taxonomy":"post_tag","embeddable":true,"href":"https:\/\/ubirataonline.com.br\/en\/wp-json\/wp\/v2\/tags?post=90013"}],"curies":[{"name":"wp","href":"https:\/\/api.w.org\/{rel}","templated":true}]}}