{"id":90094,"date":"2026-02-25T13:26:56","date_gmt":"2026-02-25T16:26:56","guid":{"rendered":"https:\/\/ubirataonline.com.br\/ministerio-publico-do-parana-denuncia-criminalmente-homem-que-ofendeu-e-agrediu-mulheres-de-etnia-arabe-em-shopping-center-de-foz-do-iguacu\/"},"modified":"2026-02-25T13:26:57","modified_gmt":"2026-02-25T16:26:57","slug":"ministerio-publico-do-parana-denuncia-criminalmente-homem-que-ofendeu-e-agrediu-mulheres-de-etnia-arabe-em-shopping-center-de-foz-do-iguacu","status":"publish","type":"post","link":"https:\/\/ubirataonline.com.br\/en\/ministerio-publico-do-parana-denuncia-criminalmente-homem-que-ofendeu-e-agrediu-mulheres-de-etnia-arabe-em-shopping-center-de-foz-do-iguacu\/","title":{"rendered":"Minist\u00e9rio P\u00fablico do Paran\u00e1 denuncia criminalmente homem que ofendeu e agrediu mulheres de etnia \u00e1rabe em shopping center de Foz do Igua\u00e7u"},"content":{"rendered":"<p><\/p>\n<div>\n<p>O Minist\u00e9rio P\u00fablico do Paran\u00e1 denunciou criminalmente um homem que ofendeu duas mulheres de etnia \u00e1rabe em um shopping center em Foz do Igua\u00e7u, no Oeste do estado, no \u00faltimo dia 12 de fevereiro. A den\u00fancia foi oferecida nesta segunda-feira, 23 de fevereiro, pela 5\u00aa Promotoria de Justi\u00e7a de Foz do Igua\u00e7u e aguarda o recebimento pelo Ju\u00edzo.<\/p>\n<p>De acordo com as apura\u00e7\u00f5es, na data dos fatos, ao avistar as v\u00edtimas em um dos estabelecimentos do shopping, o denunciado come\u00e7ou a proferir ofensas racistas direcionadas a elas, dizendo \u201cvoltem para o seu pa\u00eds\u201d e associando o povo \u00e1rabe a um grupo extremista. Al\u00e9m disso, ele passou a agredi-las, desferindo-lhes socos, lan\u00e7ando um sapato em sua dire\u00e7\u00e3o e arrancando o \u201chijab\u201d (v\u00e9u isl\u00e2mico) de uma delas.<\/p>\n<p>O autor foi denunciado pelos crimes de les\u00e3o corporal, inj\u00faria racial e incita\u00e7\u00e3o de discrimina\u00e7\u00e3o ou preconceito de ra\u00e7a, cor, etnia, religi\u00e3o ou proced\u00eancia nacional, previstos no C\u00f3digo Penal e na Lei 7.716\/1989.<\/p>\n<p>Al\u00e9m da condena\u00e7\u00e3o \u00e0s penas previstas na legisla\u00e7\u00e3o, a Promotoria de Justi\u00e7a pleiteia que seja fixada a obriga\u00e7\u00e3o de pagamento de valor m\u00ednimo para a repara\u00e7\u00e3o dos danos morais e materiais causados \u00e0 duas mulheres, sendo sugerida a quantia m\u00ednima de R$ 50 mil para cada uma delas, considerando que, al\u00e9m das ofensas racistas, as v\u00edtimas sofreram agress\u00f5es f\u00edsicas e foram submetidas a humilha\u00e7\u00e3o em espa\u00e7o p\u00fablico com grande movimenta\u00e7\u00e3o de pessoas.<\/p>\n<p>\u00a0Processo: 0004480-02.2026.8.16.0030<\/p>\n<p><em>Informa\u00e7\u00f5es para a imprensa:<br \/>Assessoria de Comunica\u00e7\u00e3o<br \/><a href=\"https:\/\/mppr.mp.br\/cdn-cgi\/l\/email-protection\" class=\"__cf_email__\" data-cfemail=\"52313d3f273c3b313331333d123f2222207c3f227c3020\">[email\u00a0protected]<\/a><br \/>(41) 3250-4264<\/em><\/p>\n<\/div>\n<p><a href=\"https:\/\/mppr.mp.br\/Noticia\/Ministerio-Publico-do-Parana-denuncia-criminalmente-homem-que-ofendeu-e-agrediu-mulheres-de\">Source link <\/a><\/p>\n","protected":false},"excerpt":{"rendered":"<p>O Minist\u00e9rio P\u00fablico do Paran\u00e1 denunciou criminalmente um homem que ofendeu duas mulheres de etnia \u00e1rabe em um shopping center em Foz do Igua\u00e7u, no Oeste do estado, no \u00faltimo dia 12 de fevereiro. A den\u00fancia foi oferecida nesta segunda-feira, 23 de fevereiro, pela 5\u00aa Promotoria de Justi\u00e7a de Foz do Igua\u00e7u e aguarda o [&hellip;]<\/p>\n","protected":false},"author":1,"featured_media":90095,"comment_status":"closed","ping_status":"","sticky":false,"template":"","format":"standard","meta":{"googlesitekit_rrm_CAow2JLhCw:productID":"","_gspb_post_css":"","maa_idioma":"","maa_pais":"","footnotes":""},"categories":[1],"tags":[5910,20450,4922,18642,233,20449,3456,105,5791,3438,4266,12743,90,3439,13414],"class_list":["post-90094","post","type-post","status-publish","format-standard","has-post-thumbnail","hentry","category-ubirata","tag-agrediu","tag-arabe","tag-center","tag-criminalmente","tag-denuncia","tag-etnia","tag-foz","tag-homem","tag-iguacu","tag-ministerio","tag-mulheres","tag-ofendeu","tag-parana","tag-publico","tag-shopping"],"blocksy_meta":[],"yoast_head":"<!-- This site is optimized with the Yoast SEO Premium plugin v27.6 (Yoast SEO v27.6) - https:\/\/yoast.com\/product\/yoast-seo-premium-wordpress\/ -->\n<title>Minist\u00e9rio P\u00fablico do Paran\u00e1 denuncia criminalmente homem que ofendeu e agrediu mulheres de etnia \u00e1rabe em shopping center de Foz do Igua\u00e7u - Ubirat\u00e3 Online Not\u00edcias - A realidade ao seu alcance!<\/title>\n<meta name=\"description\" content=\"O Minist\u00e9rio P\u00fablico do Paran\u00e1 denunciou criminalmente um homem que ofendeu duas mulheres de etnia \u00e1rabe em um shopping center em Foz do Igua\u00e7u, no Oeste\" \/>\n<meta name=\"robots\" content=\"index, follow, max-snippet:-1, max-image-preview:large, max-video-preview:-1\" \/>\n<link rel=\"canonical\" href=\"https:\/\/ubirataonline.com.br\/en\/ministerio-publico-do-parana-denuncia-criminalmente-homem-que-ofendeu-e-agrediu-mulheres-de-etnia-arabe-em-shopping-center-de-foz-do-iguacu\/\" \/>\n<meta property=\"og:locale\" content=\"en_US\" \/>\n<meta property=\"og:type\" content=\"article\" \/>\n<meta property=\"og:title\" content=\"Minist\u00e9rio P\u00fablico do Paran\u00e1 denuncia criminalmente homem que ofendeu e agrediu mulheres de etnia \u00e1rabe em shopping center de Foz do Igua\u00e7u\" \/>\n<meta property=\"og:description\" content=\"O Minist\u00e9rio P\u00fablico do Paran\u00e1 denunciou criminalmente um homem que ofendeu duas mulheres de etnia \u00e1rabe em um shopping center em Foz do Igua\u00e7u, no Oeste\" \/>\n<meta property=\"og:url\" content=\"https:\/\/ubirataonline.com.br\/en\/ministerio-publico-do-parana-denuncia-criminalmente-homem-que-ofendeu-e-agrediu-mulheres-de-etnia-arabe-em-shopping-center-de-foz-do-iguacu\/\" \/>\n<meta property=\"og:site_name\" content=\"Ubirat\u00e3 Online Not\u00edcias - A realidade ao seu alcance!\" \/>\n<meta property=\"article:publisher\" content=\"https:\/\/www.facebook.com\/portalubirataonline\" \/>\n<meta property=\"article:author\" content=\"https:\/\/www.facebook.com\/portalubirataonline\" \/>\n<meta property=\"article:published_time\" content=\"2026-02-25T16:26:56+00:00\" \/>\n<meta property=\"article:modified_time\" content=\"2026-02-25T16:26:57+00:00\" \/>\n<meta property=\"og:image\" content=\"https:\/\/ubirataonline.com.br\/wp-content\/uploads\/2026\/02\/Ministerio-Publico-do-Parana-denuncia-criminalmente-homem-que-ofendeu-e.png\" \/>\n\t<meta property=\"og:image:width\" content=\"240\" \/>\n\t<meta property=\"og:image:height\" content=\"240\" \/>\n\t<meta property=\"og:image:type\" content=\"image\/png\" \/>\n<meta name=\"author\" content=\"REDA\u00c7\u00c3O: UBIRAT\u00c3 ONLINE - F\u00c1BIO AUGUSTO CELESTINO\" \/>\n<meta name=\"twitter:card\" content=\"summary_large_image\" \/>\n<meta name=\"twitter:creator\" content=\"@x.com\/ubirataonline\" \/>\n<meta name=\"twitter:site\" content=\"@ubirataonline\" \/>\n<meta name=\"twitter:label1\" content=\"Written by\" \/>\n\t<meta name=\"twitter:data1\" content=\"REDA\u00c7\u00c3O: UBIRAT\u00c3 ONLINE - F\u00c1BIO AUGUSTO CELESTINO\" \/>\n\t<meta name=\"twitter:label2\" content=\"Est. reading time\" \/>\n\t<meta name=\"twitter:data2\" content=\"1 minute\" \/>\n<script type=\"application\/ld+json\" class=\"yoast-schema-graph\">{\"@context\":\"https:\\\/\\\/schema.org\",\"@graph\":[{\"@type\":\"NewsArticle\",\"@id\":\"https:\\\/\\\/ubirataonline.com.br\\\/ministerio-publico-do-parana-denuncia-criminalmente-homem-que-ofendeu-e-agrediu-mulheres-de-etnia-arabe-em-shopping-center-de-foz-do-iguacu\\\/#article\",\"isPartOf\":{\"@id\":\"https:\\\/\\\/ubirataonline.com.br\\\/ministerio-publico-do-parana-denuncia-criminalmente-homem-que-ofendeu-e-agrediu-mulheres-de-etnia-arabe-em-shopping-center-de-foz-do-iguacu\\\/\"},\"author\":{\"name\":\"REDA\u00c7\u00c3O: UBIRAT\u00c3 ONLINE - F\u00c1BIO AUGUSTO CELESTINO\",\"@id\":\"https:\\\/\\\/ubirataonline.com.br\\\/#\\\/schema\\\/person\\\/372f87bbd3fdd79b8556b84c98d0bc1c\"},\"headline\":\"Minist\u00e9rio P\u00fablico do Paran\u00e1 denuncia criminalmente homem que ofendeu e agrediu mulheres de etnia \u00e1rabe em shopping center de Foz do Igua\u00e7u\",\"datePublished\":\"2026-02-25T16:26:56+00:00\",\"dateModified\":\"2026-02-25T16:26:57+00:00\",\"mainEntityOfPage\":{\"@id\":\"https:\\\/\\\/ubirataonline.com.br\\\/ministerio-publico-do-parana-denuncia-criminalmente-homem-que-ofendeu-e-agrediu-mulheres-de-etnia-arabe-em-shopping-center-de-foz-do-iguacu\\\/\"},\"wordCount\":305,\"publisher\":{\"@id\":\"https:\\\/\\\/ubirataonline.com.br\\\/#organization\"},\"image\":{\"@id\":\"https:\\\/\\\/ubirataonline.com.br\\\/ministerio-publico-do-parana-denuncia-criminalmente-homem-que-ofendeu-e-agrediu-mulheres-de-etnia-arabe-em-shopping-center-de-foz-do-iguacu\\\/#primaryimage\"},\"thumbnailUrl\":\"https:\\\/\\\/ubirataonline.com.br\\\/wp-content\\\/uploads\\\/2026\\\/02\\\/Ministerio-Publico-do-Parana-denuncia-criminalmente-homem-que-ofendeu-e.png\",\"keywords\":[\"agrediu\",\"\u00e1rabe\",\"Center\",\"criminalmente\",\"Den\u00fancia\",\"etnia\",\"Foz\",\"homem\",\"Igua\u00e7u\",\"Minist\u00e9rio\",\"mulheres\",\"ofendeu\",\"paran\u00e1\",\"P\u00fablico\",\"shopping\"],\"articleSection\":[\"Ubirat\u00e3\"],\"inLanguage\":\"en-US\",\"copyrightYear\":\"2026\",\"copyrightHolder\":{\"@id\":\"https:\\\/\\\/ubirataonline.com.br\\\/en\\\/#organization\"}},{\"@type\":\"WebPage\",\"@id\":\"https:\\\/\\\/ubirataonline.com.br\\\/ministerio-publico-do-parana-denuncia-criminalmente-homem-que-ofendeu-e-agrediu-mulheres-de-etnia-arabe-em-shopping-center-de-foz-do-iguacu\\\/\",\"url\":\"https:\\\/\\\/ubirataonline.com.br\\\/ministerio-publico-do-parana-denuncia-criminalmente-homem-que-ofendeu-e-agrediu-mulheres-de-etnia-arabe-em-shopping-center-de-foz-do-iguacu\\\/\",\"name\":\"Minist\u00e9rio P\u00fablico do Paran\u00e1 denuncia criminalmente homem que ofendeu e agrediu mulheres de etnia \u00e1rabe em shopping center de Foz do Igua\u00e7u - Ubirat\u00e3 Online Not\u00edcias - A realidade ao seu alcance!\",\"isPartOf\":{\"@id\":\"https:\\\/\\\/ubirataonline.com.br\\\/#website\"},\"primaryImageOfPage\":{\"@id\":\"https:\\\/\\\/ubirataonline.com.br\\\/ministerio-publico-do-parana-denuncia-criminalmente-homem-que-ofendeu-e-agrediu-mulheres-de-etnia-arabe-em-shopping-center-de-foz-do-iguacu\\\/#primaryimage\"},\"image\":{\"@id\":\"https:\\\/\\\/ubirataonline.com.br\\\/ministerio-publico-do-parana-denuncia-criminalmente-homem-que-ofendeu-e-agrediu-mulheres-de-etnia-arabe-em-shopping-center-de-foz-do-iguacu\\\/#primaryimage\"},\"thumbnailUrl\":\"https:\\\/\\\/ubirataonline.com.br\\\/wp-content\\\/uploads\\\/2026\\\/02\\\/Ministerio-Publico-do-Parana-denuncia-criminalmente-homem-que-ofendeu-e.png\",\"datePublished\":\"2026-02-25T16:26:56+00:00\",\"dateModified\":\"2026-02-25T16:26:57+00:00\",\"description\":\"O Minist\u00e9rio P\u00fablico do Paran\u00e1 denunciou criminalmente um homem que ofendeu duas mulheres de etnia \u00e1rabe em um shopping center em Foz do Igua\u00e7u, no Oeste\",\"breadcrumb\":{\"@id\":\"https:\\\/\\\/ubirataonline.com.br\\\/ministerio-publico-do-parana-denuncia-criminalmente-homem-que-ofendeu-e-agrediu-mulheres-de-etnia-arabe-em-shopping-center-de-foz-do-iguacu\\\/#breadcrumb\"},\"inLanguage\":\"en-US\",\"potentialAction\":[{\"@type\":\"ReadAction\",\"target\":[\"https:\\\/\\\/ubirataonline.com.br\\\/ministerio-publico-do-parana-denuncia-criminalmente-homem-que-ofendeu-e-agrediu-mulheres-de-etnia-arabe-em-shopping-center-de-foz-do-iguacu\\\/\"]}]},{\"@type\":\"ImageObject\",\"inLanguage\":\"en-US\",\"@id\":\"https:\\\/\\\/ubirataonline.com.br\\\/ministerio-publico-do-parana-denuncia-criminalmente-homem-que-ofendeu-e-agrediu-mulheres-de-etnia-arabe-em-shopping-center-de-foz-do-iguacu\\\/#primaryimage\",\"url\":\"https:\\\/\\\/ubirataonline.com.br\\\/wp-content\\\/uploads\\\/2026\\\/02\\\/Ministerio-Publico-do-Parana-denuncia-criminalmente-homem-que-ofendeu-e.png\",\"contentUrl\":\"https:\\\/\\\/ubirataonline.com.br\\\/wp-content\\\/uploads\\\/2026\\\/02\\\/Ministerio-Publico-do-Parana-denuncia-criminalmente-homem-que-ofendeu-e.png\",\"width\":240,\"height\":240,\"caption\":\"Minist\u00e9rio P\u00fablico do Paran\u00e1 denuncia criminalmente homem que ofendeu e agrediu mulheres de etnia \u00e1rabe em shopping center de Foz do Igua\u00e7u\"},{\"@type\":\"BreadcrumbList\",\"@id\":\"https:\\\/\\\/ubirataonline.com.br\\\/ministerio-publico-do-parana-denuncia-criminalmente-homem-que-ofendeu-e-agrediu-mulheres-de-etnia-arabe-em-shopping-center-de-foz-do-iguacu\\\/#breadcrumb\",\"itemListElement\":[{\"@type\":\"ListItem\",\"position\":1,\"name\":\"In\u00edcio\",\"item\":\"https:\\\/\\\/ubirataonline.com.br\\\/\"},{\"@type\":\"ListItem\",\"position\":2,\"name\":\"Minist\u00e9rio P\u00fablico do Paran\u00e1 denuncia criminalmente homem que ofendeu e agrediu mulheres de etnia \u00e1rabe em shopping center de Foz do Igua\u00e7u\"}]},{\"@type\":\"WebSite\",\"@id\":\"https:\\\/\\\/ubirataonline.com.br\\\/#website\",\"url\":\"https:\\\/\\\/ubirataonline.com.br\\\/\",\"name\":\"Ubirat\u00e3 Online Not\u00edcias\",\"description\":\"Not\u00edcias de Ubirat\u00e3, regi\u00e3o, Brasil e mundo, com informa\u00e7\u00e3o atualizada e compromisso com o leitor.\",\"publisher\":{\"@id\":\"https:\\\/\\\/ubirataonline.com.br\\\/#organization\"},\"alternateName\":\"Ubirat\u00e3 Online\",\"potentialAction\":[{\"@type\":\"SearchAction\",\"target\":{\"@type\":\"EntryPoint\",\"urlTemplate\":\"https:\\\/\\\/ubirataonline.com.br\\\/?s={search_term_string}\"},\"query-input\":{\"@type\":\"PropertyValueSpecification\",\"valueRequired\":true,\"valueName\":\"search_term_string\"}}],\"inLanguage\":\"en-US\"},{\"@type\":[\"Organization\",\"Place\"],\"@id\":\"https:\\\/\\\/ubirataonline.com.br\\\/#organization\",\"name\":\"Ubirat\u00e3 Online Not\u00edcias\",\"alternateName\":\"Ubirat\u00e3 Online\",\"url\":\"https:\\\/\\\/ubirataonline.com.br\\\/\",\"logo\":{\"@id\":\"https:\\\/\\\/ubirataonline.com.br\\\/ministerio-publico-do-parana-denuncia-criminalmente-homem-que-ofendeu-e-agrediu-mulheres-de-etnia-arabe-em-shopping-center-de-foz-do-iguacu\\\/#local-main-organization-logo\"},\"image\":{\"@id\":\"https:\\\/\\\/ubirataonline.com.br\\\/ministerio-publico-do-parana-denuncia-criminalmente-homem-que-ofendeu-e-agrediu-mulheres-de-etnia-arabe-em-shopping-center-de-foz-do-iguacu\\\/#local-main-organization-logo\"},\"sameAs\":[\"https:\\\/\\\/www.facebook.com\\\/portalubirataonline\",\"https:\\\/\\\/x.com\\\/ubirataonline\",\"https:\\\/\\\/mastodon.social\\\/@ubirataonline\",\"https:\\\/\\\/www.facebook.com\\\/groups\\\/311144672285604\",\"https:\\\/\\\/www.facebook.com\\\/UBTAOnline\",\"https:\\\/\\\/www.instagram.com\\\/portalubirataonline\\\/\",\"https:\\\/\\\/twitter.com\\\/ubirataonline\"],\"description\":\"Somos um portal de not\u00edcias independente, criado em 5 de janeiro de 2009, com o objetivo de informar, conectar e valorizar a nossa comunidade de Ubirat\u00e3 e toda aregi\u00e3o. Com conte\u00fado atualizado, confi\u00e1vel e relevante, o Ubirat\u00e3 Online \u00e9 o seu espa\u00e7o para ficar por dentro dos principais acontecimentos locais, regionais, Brasil, Mundo e de interesse geral. Nosso compromisso \u00e9 com a verdade, a transpar\u00eancia e o respeito ao leitor.\",\"legalName\":\"UBIRATA ONLINE NOT\u00cdCIAS\",\"foundingDate\":\"2009-01-05\",\"numberOfEmployees\":{\"@type\":\"QuantitativeValue\",\"minValue\":\"1\",\"maxValue\":\"10\"},\"publishingPrinciples\":\"https:\\\/\\\/ubirataonline.com.br\\\/faq\\\/\",\"address\":{\"@id\":\"https:\\\/\\\/ubirataonline.com.br\\\/ministerio-publico-do-parana-denuncia-criminalmente-homem-que-ofendeu-e-agrediu-mulheres-de-etnia-arabe-em-shopping-center-de-foz-do-iguacu\\\/#local-main-place-address\"},\"geo\":{\"@type\":\"GeoCoordinates\",\"latitude\":\"-24.5361401\",\"longitude\":\"-52.9921776\"},\"telephone\":[\"+5544998308235\"],\"contactPoint\":{\"@type\":\"ContactPoint\",\"email\":\"contato@ubirataonline.com.br\"},\"openingHoursSpecification\":{\"@type\":\"OpeningHoursSpecification\",\"dayOfWeek\":[\"Monday\",\"Tuesday\",\"Wednesday\",\"Thursday\",\"Friday\",\"Saturday\",\"Sunday\"],\"opens\":\"00:00\",\"closes\":\"23:59\"},\"email\":\"contato@ubirataonline.com.br\",\"vatID\":\"47.621.418\\\/0001-80\"},{\"@type\":\"Person\",\"@id\":\"https:\\\/\\\/ubirataonline.com.br\\\/#\\\/schema\\\/person\\\/372f87bbd3fdd79b8556b84c98d0bc1c\",\"name\":\"REDA\u00c7\u00c3O: UBIRAT\u00c3 ONLINE - F\u00c1BIO AUGUSTO CELESTINO\",\"pronouns\":\"Ele\",\"description\":\"Desde 2003 trabalhando com not\u00edcias.\",\"sameAs\":[\"http:\\\/\\\/ubirataoline.com.br\",\"https:\\\/\\\/www.facebook.com\\\/portalubirataonline\",\"https:\\\/\\\/www.instagram.com\\\/ubirataonline_oficial\",\"https:\\\/\\\/x.com\\\/x.com\\\/ubirataonline\"],\"honorificPrefix\":\"Mr.\",\"honorificSuffix\":\"MD\",\"birthDate\":\"1980-06-16\",\"gender\":\"masculino\",\"award\":[\"V\u00e1rios pr\u00eamios de melhor portal da cidade\"],\"jobTitle\":\"Diretor\",\"url\":\"https:\\\/\\\/ubirataonline.com.br\\\/en\\\/author\\\/ubirataonline\\\/\"},{\"@type\":\"PostalAddress\",\"@id\":\"https:\\\/\\\/ubirataonline.com.br\\\/ministerio-publico-do-parana-denuncia-criminalmente-homem-que-ofendeu-e-agrediu-mulheres-de-etnia-arabe-em-shopping-center-de-foz-do-iguacu\\\/#local-main-place-address\",\"streetAddress\":\"Rua dos Coqueiros, 104 - Bairro Boa Vista, Rua dos Coqueiros, 104 Bairro Boa Vista\",\"addressLocality\":\"UBIRATA\",\"postalCode\":\"85440-000\",\"addressRegion\":\"PR\",\"addressCountry\":\"BR\"},{\"@type\":\"ImageObject\",\"inLanguage\":\"en-US\",\"@id\":\"https:\\\/\\\/ubirataonline.com.br\\\/ministerio-publico-do-parana-denuncia-criminalmente-homem-que-ofendeu-e-agrediu-mulheres-de-etnia-arabe-em-shopping-center-de-foz-do-iguacu\\\/#local-main-organization-logo\",\"url\":\"https:\\\/\\\/ubirataonline.com.br\\\/wp-content\\\/uploads\\\/2026\\\/06\\\/logoubirataonline-1.webp\",\"contentUrl\":\"https:\\\/\\\/ubirataonline.com.br\\\/wp-content\\\/uploads\\\/2026\\\/06\\\/logoubirataonline-1.webp\",\"width\":500,\"height\":500,\"caption\":\"Ubirat\u00e3 Online Not\u00edcias\"}]}<\/script>\n<meta name=\"geo.placename\" content=\"UBIRATA\" \/>\n<meta name=\"geo.position\" content=\"-24.5361401;-52.9921776\" \/>\n<meta name=\"geo.region\" content=\"Brazil\" \/>\n<!-- \/ Yoast SEO Premium plugin. -->","yoast_head_json":{"title":"Minist\u00e9rio P\u00fablico do Paran\u00e1 denuncia criminalmente homem que ofendeu e agrediu mulheres de etnia \u00e1rabe em shopping center de Foz do Igua\u00e7u - Ubirat\u00e3 Online Not\u00edcias - A realidade ao seu alcance!","description":"O Minist\u00e9rio P\u00fablico do Paran\u00e1 denunciou criminalmente um homem que ofendeu duas mulheres de etnia \u00e1rabe em um shopping center em Foz do Igua\u00e7u, no Oeste","robots":{"index":"index","follow":"follow","max-snippet":"max-snippet:-1","max-image-preview":"max-image-preview:large","max-video-preview":"max-video-preview:-1"},"canonical":"https:\/\/ubirataonline.com.br\/en\/ministerio-publico-do-parana-denuncia-criminalmente-homem-que-ofendeu-e-agrediu-mulheres-de-etnia-arabe-em-shopping-center-de-foz-do-iguacu\/","og_locale":"en_US","og_type":"article","og_title":"Minist\u00e9rio P\u00fablico do Paran\u00e1 denuncia criminalmente homem que ofendeu e agrediu mulheres de etnia \u00e1rabe em shopping center de Foz do Igua\u00e7u","og_description":"O Minist\u00e9rio P\u00fablico do Paran\u00e1 denunciou criminalmente um homem que ofendeu duas mulheres de etnia \u00e1rabe em um shopping center em Foz do Igua\u00e7u, no Oeste","og_url":"https:\/\/ubirataonline.com.br\/en\/ministerio-publico-do-parana-denuncia-criminalmente-homem-que-ofendeu-e-agrediu-mulheres-de-etnia-arabe-em-shopping-center-de-foz-do-iguacu\/","og_site_name":"Ubirat\u00e3 Online Not\u00edcias - A realidade ao seu alcance!","article_publisher":"https:\/\/www.facebook.com\/portalubirataonline","article_author":"https:\/\/www.facebook.com\/portalubirataonline","article_published_time":"2026-02-25T16:26:56+00:00","article_modified_time":"2026-02-25T16:26:57+00:00","og_image":[{"width":240,"height":240,"url":"https:\/\/ubirataonline.com.br\/wp-content\/uploads\/2026\/02\/Ministerio-Publico-do-Parana-denuncia-criminalmente-homem-que-ofendeu-e.png","type":"image\/png"}],"author":"REDA\u00c7\u00c3O: UBIRAT\u00c3 ONLINE - F\u00c1BIO AUGUSTO CELESTINO","twitter_card":"summary_large_image","twitter_creator":"@x.com\/ubirataonline","twitter_site":"@ubirataonline","twitter_misc":{"Written by":"REDA\u00c7\u00c3O: UBIRAT\u00c3 ONLINE - F\u00c1BIO AUGUSTO CELESTINO","Est. reading time":"1 minute"},"schema":{"@context":"https:\/\/schema.org","@graph":[{"@type":"NewsArticle","@id":"https:\/\/ubirataonline.com.br\/ministerio-publico-do-parana-denuncia-criminalmente-homem-que-ofendeu-e-agrediu-mulheres-de-etnia-arabe-em-shopping-center-de-foz-do-iguacu\/#article","isPartOf":{"@id":"https:\/\/ubirataonline.com.br\/ministerio-publico-do-parana-denuncia-criminalmente-homem-que-ofendeu-e-agrediu-mulheres-de-etnia-arabe-em-shopping-center-de-foz-do-iguacu\/"},"author":{"name":"REDA\u00c7\u00c3O: UBIRAT\u00c3 ONLINE - F\u00c1BIO AUGUSTO CELESTINO","@id":"https:\/\/ubirataonline.com.br\/#\/schema\/person\/372f87bbd3fdd79b8556b84c98d0bc1c"},"headline":"Minist\u00e9rio P\u00fablico do Paran\u00e1 denuncia criminalmente homem que ofendeu e agrediu mulheres de etnia \u00e1rabe em shopping center de Foz do Igua\u00e7u","datePublished":"2026-02-25T16:26:56+00:00","dateModified":"2026-02-25T16:26:57+00:00","mainEntityOfPage":{"@id":"https:\/\/ubirataonline.com.br\/ministerio-publico-do-parana-denuncia-criminalmente-homem-que-ofendeu-e-agrediu-mulheres-de-etnia-arabe-em-shopping-center-de-foz-do-iguacu\/"},"wordCount":305,"publisher":{"@id":"https:\/\/ubirataonline.com.br\/#organization"},"image":{"@id":"https:\/\/ubirataonline.com.br\/ministerio-publico-do-parana-denuncia-criminalmente-homem-que-ofendeu-e-agrediu-mulheres-de-etnia-arabe-em-shopping-center-de-foz-do-iguacu\/#primaryimage"},"thumbnailUrl":"https:\/\/ubirataonline.com.br\/wp-content\/uploads\/2026\/02\/Ministerio-Publico-do-Parana-denuncia-criminalmente-homem-que-ofendeu-e.png","keywords":["agrediu","\u00e1rabe","Center","criminalmente","Den\u00fancia","etnia","Foz","homem","Igua\u00e7u","Minist\u00e9rio","mulheres","ofendeu","paran\u00e1","P\u00fablico","shopping"],"articleSection":["Ubirat\u00e3"],"inLanguage":"en-US","copyrightYear":"2026","copyrightHolder":{"@id":"https:\/\/ubirataonline.com.br\/en\/#organization"}},{"@type":"WebPage","@id":"https:\/\/ubirataonline.com.br\/ministerio-publico-do-parana-denuncia-criminalmente-homem-que-ofendeu-e-agrediu-mulheres-de-etnia-arabe-em-shopping-center-de-foz-do-iguacu\/","url":"https:\/\/ubirataonline.com.br\/ministerio-publico-do-parana-denuncia-criminalmente-homem-que-ofendeu-e-agrediu-mulheres-de-etnia-arabe-em-shopping-center-de-foz-do-iguacu\/","name":"Minist\u00e9rio P\u00fablico do Paran\u00e1 denuncia criminalmente homem que ofendeu e agrediu mulheres de etnia \u00e1rabe em shopping center de Foz do Igua\u00e7u - Ubirat\u00e3 Online Not\u00edcias - A realidade ao seu alcance!","isPartOf":{"@id":"https:\/\/ubirataonline.com.br\/#website"},"primaryImageOfPage":{"@id":"https:\/\/ubirataonline.com.br\/ministerio-publico-do-parana-denuncia-criminalmente-homem-que-ofendeu-e-agrediu-mulheres-de-etnia-arabe-em-shopping-center-de-foz-do-iguacu\/#primaryimage"},"image":{"@id":"https:\/\/ubirataonline.com.br\/ministerio-publico-do-parana-denuncia-criminalmente-homem-que-ofendeu-e-agrediu-mulheres-de-etnia-arabe-em-shopping-center-de-foz-do-iguacu\/#primaryimage"},"thumbnailUrl":"https:\/\/ubirataonline.com.br\/wp-content\/uploads\/2026\/02\/Ministerio-Publico-do-Parana-denuncia-criminalmente-homem-que-ofendeu-e.png","datePublished":"2026-02-25T16:26:56+00:00","dateModified":"2026-02-25T16:26:57+00:00","description":"O Minist\u00e9rio P\u00fablico do Paran\u00e1 denunciou criminalmente um homem que ofendeu duas mulheres de etnia \u00e1rabe em um shopping center em Foz do Igua\u00e7u, no Oeste","breadcrumb":{"@id":"https:\/\/ubirataonline.com.br\/ministerio-publico-do-parana-denuncia-criminalmente-homem-que-ofendeu-e-agrediu-mulheres-de-etnia-arabe-em-shopping-center-de-foz-do-iguacu\/#breadcrumb"},"inLanguage":"en-US","potentialAction":[{"@type":"ReadAction","target":["https:\/\/ubirataonline.com.br\/ministerio-publico-do-parana-denuncia-criminalmente-homem-que-ofendeu-e-agrediu-mulheres-de-etnia-arabe-em-shopping-center-de-foz-do-iguacu\/"]}]},{"@type":"ImageObject","inLanguage":"en-US","@id":"https:\/\/ubirataonline.com.br\/ministerio-publico-do-parana-denuncia-criminalmente-homem-que-ofendeu-e-agrediu-mulheres-de-etnia-arabe-em-shopping-center-de-foz-do-iguacu\/#primaryimage","url":"https:\/\/ubirataonline.com.br\/wp-content\/uploads\/2026\/02\/Ministerio-Publico-do-Parana-denuncia-criminalmente-homem-que-ofendeu-e.png","contentUrl":"https:\/\/ubirataonline.com.br\/wp-content\/uploads\/2026\/02\/Ministerio-Publico-do-Parana-denuncia-criminalmente-homem-que-ofendeu-e.png","width":240,"height":240,"caption":"Minist\u00e9rio P\u00fablico do Paran\u00e1 denuncia criminalmente homem que ofendeu e agrediu mulheres de etnia \u00e1rabe em shopping center de Foz do Igua\u00e7u"},{"@type":"BreadcrumbList","@id":"https:\/\/ubirataonline.com.br\/ministerio-publico-do-parana-denuncia-criminalmente-homem-que-ofendeu-e-agrediu-mulheres-de-etnia-arabe-em-shopping-center-de-foz-do-iguacu\/#breadcrumb","itemListElement":[{"@type":"ListItem","position":1,"name":"In\u00edcio","item":"https:\/\/ubirataonline.com.br\/"},{"@type":"ListItem","position":2,"name":"Minist\u00e9rio P\u00fablico do Paran\u00e1 denuncia criminalmente homem que ofendeu e agrediu mulheres de etnia \u00e1rabe em shopping center de Foz do Igua\u00e7u"}]},{"@type":"WebSite","@id":"https:\/\/ubirataonline.com.br\/#website","url":"https:\/\/ubirataonline.com.br\/","name":"Ubirat\u00e3 Online Not\u00edcias","description":"Not\u00edcias de Ubirat\u00e3, regi\u00e3o, Brasil e mundo, com informa\u00e7\u00e3o atualizada e compromisso com o leitor.","publisher":{"@id":"https:\/\/ubirataonline.com.br\/#organization"},"alternateName":"Ubirat\u00e3 Online","potentialAction":[{"@type":"SearchAction","target":{"@type":"EntryPoint","urlTemplate":"https:\/\/ubirataonline.com.br\/?s={search_term_string}"},"query-input":{"@type":"PropertyValueSpecification","valueRequired":true,"valueName":"search_term_string"}}],"inLanguage":"en-US"},{"@type":["Organization","Place"],"@id":"https:\/\/ubirataonline.com.br\/#organization","name":"Ubirat\u00e3 Online Not\u00edcias","alternateName":"Ubirat\u00e3 Online","url":"https:\/\/ubirataonline.com.br\/","logo":{"@id":"https:\/\/ubirataonline.com.br\/ministerio-publico-do-parana-denuncia-criminalmente-homem-que-ofendeu-e-agrediu-mulheres-de-etnia-arabe-em-shopping-center-de-foz-do-iguacu\/#local-main-organization-logo"},"image":{"@id":"https:\/\/ubirataonline.com.br\/ministerio-publico-do-parana-denuncia-criminalmente-homem-que-ofendeu-e-agrediu-mulheres-de-etnia-arabe-em-shopping-center-de-foz-do-iguacu\/#local-main-organization-logo"},"sameAs":["https:\/\/www.facebook.com\/portalubirataonline","https:\/\/x.com\/ubirataonline","https:\/\/mastodon.social\/@ubirataonline","https:\/\/www.facebook.com\/groups\/311144672285604","https:\/\/www.facebook.com\/UBTAOnline","https:\/\/www.instagram.com\/portalubirataonline\/","https:\/\/twitter.com\/ubirataonline"],"description":"Somos um portal de not\u00edcias independente, criado em 5 de janeiro de 2009, com o objetivo de informar, conectar e valorizar a nossa comunidade de Ubirat\u00e3 e toda aregi\u00e3o. Com conte\u00fado atualizado, confi\u00e1vel e relevante, o Ubirat\u00e3 Online \u00e9 o seu espa\u00e7o para ficar por dentro dos principais acontecimentos locais, regionais, Brasil, Mundo e de interesse geral. Nosso compromisso \u00e9 com a verdade, a transpar\u00eancia e o respeito ao leitor.","legalName":"UBIRATA ONLINE NOT\u00cdCIAS","foundingDate":"2009-01-05","numberOfEmployees":{"@type":"QuantitativeValue","minValue":"1","maxValue":"10"},"publishingPrinciples":"https:\/\/ubirataonline.com.br\/faq\/","address":{"@id":"https:\/\/ubirataonline.com.br\/ministerio-publico-do-parana-denuncia-criminalmente-homem-que-ofendeu-e-agrediu-mulheres-de-etnia-arabe-em-shopping-center-de-foz-do-iguacu\/#local-main-place-address"},"geo":{"@type":"GeoCoordinates","latitude":"-24.5361401","longitude":"-52.9921776"},"telephone":["+5544998308235"],"contactPoint":{"@type":"ContactPoint","email":"contato@ubirataonline.com.br"},"openingHoursSpecification":{"@type":"OpeningHoursSpecification","dayOfWeek":["Monday","Tuesday","Wednesday","Thursday","Friday","Saturday","Sunday"],"opens":"00:00","closes":"23:59"},"email":"contato@ubirataonline.com.br","vatID":"47.621.418\/0001-80"},{"@type":"Person","@id":"https:\/\/ubirataonline.com.br\/#\/schema\/person\/372f87bbd3fdd79b8556b84c98d0bc1c","name":"REDA\u00c7\u00c3O: UBIRAT\u00c3 ONLINE - F\u00c1BIO AUGUSTO CELESTINO","pronouns":"Ele","description":"Desde 2003 trabalhando com not\u00edcias.","sameAs":["http:\/\/ubirataoline.com.br","https:\/\/www.facebook.com\/portalubirataonline","https:\/\/www.instagram.com\/ubirataonline_oficial","https:\/\/x.com\/x.com\/ubirataonline"],"honorificPrefix":"Mr.","honorificSuffix":"MD","birthDate":"1980-06-16","gender":"masculino","award":["V\u00e1rios pr\u00eamios de melhor portal da cidade"],"jobTitle":"Diretor","url":"https:\/\/ubirataonline.com.br\/en\/author\/ubirataonline\/"},{"@type":"PostalAddress","@id":"https:\/\/ubirataonline.com.br\/ministerio-publico-do-parana-denuncia-criminalmente-homem-que-ofendeu-e-agrediu-mulheres-de-etnia-arabe-em-shopping-center-de-foz-do-iguacu\/#local-main-place-address","streetAddress":"Rua dos Coqueiros, 104 - Bairro Boa Vista, Rua dos Coqueiros, 104 Bairro Boa Vista","addressLocality":"UBIRATA","postalCode":"85440-000","addressRegion":"PR","addressCountry":"BR"},{"@type":"ImageObject","inLanguage":"en-US","@id":"https:\/\/ubirataonline.com.br\/ministerio-publico-do-parana-denuncia-criminalmente-homem-que-ofendeu-e-agrediu-mulheres-de-etnia-arabe-em-shopping-center-de-foz-do-iguacu\/#local-main-organization-logo","url":"https:\/\/ubirataonline.com.br\/wp-content\/uploads\/2026\/06\/logoubirataonline-1.webp","contentUrl":"https:\/\/ubirataonline.com.br\/wp-content\/uploads\/2026\/06\/logoubirataonline-1.webp","width":500,"height":500,"caption":"Ubirat\u00e3 Online Not\u00edcias"}]},"geo.placename":"UBIRATA","geo.position":{"lat":"-24.5361401","long":"-52.9921776"},"geo.region":"Brazil"},"_links":{"self":[{"href":"https:\/\/ubirataonline.com.br\/en\/wp-json\/wp\/v2\/posts\/90094","targetHints":{"allow":["GET"]}}],"collection":[{"href":"https:\/\/ubirataonline.com.br\/en\/wp-json\/wp\/v2\/posts"}],"about":[{"href":"https:\/\/ubirataonline.com.br\/en\/wp-json\/wp\/v2\/types\/post"}],"author":[{"embeddable":true,"href":"https:\/\/ubirataonline.com.br\/en\/wp-json\/wp\/v2\/users\/1"}],"replies":[{"embeddable":true,"href":"https:\/\/ubirataonline.com.br\/en\/wp-json\/wp\/v2\/comments?post=90094"}],"version-history":[{"count":0,"href":"https:\/\/ubirataonline.com.br\/en\/wp-json\/wp\/v2\/posts\/90094\/revisions"}],"wp:featuredmedia":[{"embeddable":true,"href":"https:\/\/ubirataonline.com.br\/en\/wp-json\/wp\/v2\/media\/90095"}],"wp:attachment":[{"href":"https:\/\/ubirataonline.com.br\/en\/wp-json\/wp\/v2\/media?parent=90094"}],"wp:term":[{"taxonomy":"category","embeddable":true,"href":"https:\/\/ubirataonline.com.br\/en\/wp-json\/wp\/v2\/categories?post=90094"},{"taxonomy":"post_tag","embeddable":true,"href":"https:\/\/ubirataonline.com.br\/en\/wp-json\/wp\/v2\/tags?post=90094"}],"curies":[{"name":"wp","href":"https:\/\/api.w.org\/{rel}","templated":true}]}}