{"id":90269,"date":"2026-02-26T04:30:59","date_gmt":"2026-02-26T07:30:59","guid":{"rendered":"https:\/\/ubirataonline.com.br\/frei-gilson-reune-mais-de-1-milhao-de-pessoas-na-madrugada\/"},"modified":"2026-02-26T04:31:03","modified_gmt":"2026-02-26T07:31:03","slug":"frei-gilson-reune-mais-de-1-milhao-de-pessoas-na-madrugada","status":"publish","type":"post","link":"https:\/\/ubirataonline.com.br\/en\/frei-gilson-reune-mais-de-1-milhao-de-pessoas-na-madrugada\/","title":{"rendered":"Frei Gilson re\u00fane mais de 1 milh\u00e3o de pessoas na madrugada"},"content":{"rendered":"<p><\/p>\n<div id=\"tp-post-content\">\n<p class=\"postParagraph_post-paragraph__juWZN postParagraph_post-paragraph-innerHtml__Q5vwc\">O sacerdote cat\u00f3lico Frei Gilson reuniu mais de um milh\u00e3o de fi\u00e9is simultaneamente em uma live na madrugada desta quarta-feira de cinzas (18), que marca o in\u00edcio da Quaresma, para a ora\u00e7\u00e3o do Ros\u00e1rio. As transmiss\u00f5es ao vivo, que tiveram in\u00edcio na pandemia e se popularizaram nos \u00faltimos anos nos canais do frei em plataformas digitais, ocorrem de segunda a s\u00e1bado, a partir das 4 horas da manh\u00e3, durante todo o per\u00edodo quaresmal (neste ano, de 18 de fevereiro a 5 de abril).<\/p>\n<p class=\"postParagraph_post-paragraph__juWZN postParagraph_post-paragraph-innerHtml__Q5vwc\">Durante o Ros\u00e1rio desta madrugada, Frei Gilson mencionou quase 1,5 milh\u00e3o de pessoas reunidas ao vivo &#8211; al\u00e9m de YouTube, Instagram e outras redes sociais, a ora\u00e7\u00e3o \u00e9 transmitida por emissoras cat\u00f3licas como Can\u00e7\u00e3o Nova e Rede Vida. No in\u00edcio da tarde desta quarta, o v\u00eddeo no <a href=\"https:\/\/www.youtube.com\/watch?v=y2wHWHGTyd0\" target=\"_blank\" rel=\"noreferrer noopener\">canal oficial do religioso<\/a> j\u00e1 ultrapassava 3,5 milh\u00f5es de visualiza\u00e7\u00f5es, com v\u00e1rios coment\u00e1rios de usu\u00e1rios que n\u00e3o conseguem acessar na madrugada, mas fazem quest\u00e3o de rezar com o frei horas depois.<\/p>\n<p class=\"postParagraph_post-paragraph__juWZN postParagraph_post-paragraph-innerHtml__Q5vwc\">Frei Gilson adotou pr\u00e1tica de acordar na madrugada para rezar o Ros\u00e1rio como uma penit\u00eancia pessoal. No ano de 2020, durante a pandemia de Covid-19, quando as igrejas foram impedidas de realizar missas e atividades presenciais, ele resolveu transmitir esses momentos de ora\u00e7\u00e3o, sem grandes pretens\u00f5es. A cada live mais fi\u00e9is foram se juntando a ele, com os testemunhos de milagres, curas e convers\u00f5es tamb\u00e9m se multiplicando.<\/p>\n<p class=\"postParagraph_post-paragraph__juWZN postParagraph_post-paragraph-innerHtml__Q5vwc\">No ano passado, as transmiss\u00f5es do Ros\u00e1rio j\u00e1 haviam reunido 1,3 milh\u00e3o de pessoas simultaneamente, <a href=\"https:\/\/noticias.cancaonova.com\/igreja\/saiba-detalhes-do-rosario-na-quaresma-com-frei-gilson-e-instituto-hesed\/\" target=\"_blank\" rel=\"noreferrer noopener\">segundo a TV Can\u00e7\u00e3o Nova<\/a>. A assessoria de imprensa do frei prefere n\u00e3o informar dados de audi\u00eancia.<\/p>\n<p class=\"postParagraph_post-paragraph__juWZN postParagraph_post-paragraph-innerHtml__Q5vwc\">Em um <a href=\"https:\/\/www.youtube.com\/watch?v=bqPiz4uyshc\" target=\"_blank\" rel=\"noreferrer noopener\">v\u00eddeo publicado em dezembro<\/a>, Frei Gilson lan\u00e7ou um &#8220;desafio&#8221; online: &#8220;durante a Quaresma, acordar \u00e0s 4 horas da manh\u00e3 para rezar, comigo e com uma multid\u00e3o, o Santo Ros\u00e1rio&#8221;. &#8220;S\u00f3 para voc\u00ea ter no\u00e7\u00e3o, na \u00faltima vez que n\u00f3s rezamos, mais de 1 milh\u00e3o de pessoas acordaram na madrugada para orar&#8221;, acentuou o religioso, que disse mencionar o dado apenas para motivar aqueles que t\u00eam receio de &#8220;n\u00e3o dar conta&#8221;.<\/p>\n<p class=\"postParagraph_post-paragraph__juWZN postParagraph_post-paragraph-innerHtml__Q5vwc\">\u201cSe Deus est\u00e1 te chamando para fazer esses 40 dias, ele tamb\u00e9m vai te conceder a gra\u00e7a para realizar. N\u00e3o \u00e9 um m\u00e9rito nosso, \u00e9 preciso ter coragem. Tenho certeza que Deus vai te aben\u00e7oar e dar a gra\u00e7a que voc\u00ea precisa para concluir bem esses 40 dias&#8221;, motivou.<\/p>\n<h2 class=\"postParagraph_post-paragraph__juWZN postParagraph_post-paragraph-innerHtml__Q5vwc postParagraph_type-tag-h2__TtFkT\">Frei j\u00e1 foi cancelado na Internet<\/h2>\n<p class=\"postParagraph_post-paragraph__juWZN postParagraph_post-paragraph-innerHtml__Q5vwc\">Com quase 9 milh\u00f5es de inscritos em seu canal no YouTube e e 11,7 milh\u00f5es de seguidores no Instagram (a t\u00edtulo de compara\u00e7\u00e3o, os n\u00fameros superam os de outros sacerdotes como padre Marcelo Rossi, que tem 10,7 milh\u00f5es de seguidores no Instagram e 3,9 milh\u00f5es de inscritos no YouTube), Frei Gilson \u00e9 o pregador e cantor cat\u00f3lico mais popular da atualidade.<\/p>\n<p class=\"postParagraph_post-paragraph__juWZN postParagraph_post-paragraph-innerHtml__Q5vwc\"><a href=\"https:\/\/www.gazetadopovo.com.br\/ideias\/frei-gilson-religioso-popular-pais-4\/\" target=\"_blank\" rel=\"noreferrer noopener\">CONFIRA UM PERFIL COMPLETO DO FREI GILSON<\/a><\/p>\n<p class=\"postParagraph_post-paragraph__juWZN postParagraph_post-paragraph-innerHtml__Q5vwc\">Com a crescente popularidade de suas transmiss\u00f5es na madrugada e seu posicionamento abertamente contr\u00e1rio a pautas progressistas (como aborto, feminismo e casamento homossexual), o religioso da Ordem dos Carmelitas Mensageiros do Esp\u00edrito Santo <a href=\"https:\/\/www.gazetadopovo.com.br\/vida-e-cidadania\/3-pontos-esquerda-cancelar-frei-gilson\/\">passou a ser rotulado como &#8220;conservador&#8221;, o que lhe rendeu ataques por parte da esquerda, al\u00e9m de campanhas de cancelamento<\/a>.<\/p>\n<p class=\"postParagraph_post-paragraph__juWZN postParagraph_post-paragraph-innerHtml__Q5vwc\">Em setembro de 2024, Frei Gilson <a href=\"https:\/\/www.gazetadopovo.com.br\/vozes\/paulo-briguet\/o-frei-guerreiro-contra-o-dragao-da-censura\/\">teve sua transmiss\u00e3o ao vivo do Ros\u00e1rio bloqueada pelo Instagram, sob a justificativa de que teria \u201cferido as diretrizes da comunidade\u201d<\/a>. Dias depois, as comunidades do sacerdote no WhatsApp tamb\u00e9m foram suspensas. As contas voltaram a funcionar ap\u00f3s press\u00e3o online de juristas cat\u00f3licos e do p\u00fablico em geral.<\/p>\n<\/div>\n<p><a href=\"https:\/\/www.gazetadopovo.com.br\/vida-e-cidadania\/frei-gilson-reune-mais-de-1-milhao-de-fieis-para-rosario-na-madrugada\/\">Fonte do Artigo <\/a><\/p>","protected":false},"excerpt":{"rendered":"<p>O sacerdote cat\u00f3lico Frei Gilson reuniu mais de um milh\u00e3o de fi\u00e9is simultaneamente em uma live na madrugada desta quarta-feira de cinzas (18), que marca o in\u00edcio da Quaresma, para a ora\u00e7\u00e3o do Ros\u00e1rio. As transmiss\u00f5es ao vivo, que tiveram in\u00edcio na pandemia e se popularizaram nos \u00faltimos anos nos canais do frei em plataformas [&hellip;]<\/p>\n","protected":false},"author":1,"featured_media":90270,"comment_status":"closed","ping_status":"","sticky":false,"template":"","format":"standard","meta":{"googlesitekit_rrm_CAow2JLhCw:productID":"","_gspb_post_css":"","maa_idioma":"","maa_pais":"","footnotes":""},"categories":[4],"tags":[19512,3033,20540,2926,3577,5425,7709],"class_list":["post-90269","post","type-post","status-publish","format-standard","has-post-thumbnail","hentry","category-brasil","tag-frei","tag-gilson","tag-madrugada","tag-mais","tag-milhao","tag-pessoas","tag-reune"],"blocksy_meta":[],"yoast_head":"<!-- This site is optimized with the Yoast SEO Premium plugin v27.6 (Yoast SEO v27.6) - https:\/\/yoast.com\/product\/yoast-seo-premium-wordpress\/ -->\n<title>Frei Gilson re\u00fane mais de 1 milh\u00e3o de pessoas na madrugada - Ubirat\u00e3 Online Not\u00edcias - A realidade ao seu alcance!<\/title>\n<meta name=\"description\" content=\"O sacerdote cat\u00f3lico Frei Gilson reuniu mais de um milh\u00e3o de fi\u00e9is simultaneamente em uma live na madrugada desta quarta-feira de cinzas (18), que marca o\" \/>\n<meta name=\"robots\" content=\"index, follow, max-snippet:-1, max-image-preview:large, max-video-preview:-1\" \/>\n<link rel=\"canonical\" href=\"https:\/\/ubirataonline.com.br\/en\/frei-gilson-reune-mais-de-1-milhao-de-pessoas-na-madrugada\/\" \/>\n<meta property=\"og:locale\" content=\"en_US\" \/>\n<meta property=\"og:type\" content=\"article\" \/>\n<meta property=\"og:title\" content=\"Frei Gilson re\u00fane mais de 1 milh\u00e3o de pessoas na madrugada\" \/>\n<meta property=\"og:description\" content=\"O sacerdote cat\u00f3lico Frei Gilson reuniu mais de um milh\u00e3o de fi\u00e9is simultaneamente em uma live na madrugada desta quarta-feira de cinzas (18), que marca o\" \/>\n<meta property=\"og:url\" content=\"https:\/\/ubirataonline.com.br\/en\/frei-gilson-reune-mais-de-1-milhao-de-pessoas-na-madrugada\/\" \/>\n<meta property=\"og:site_name\" content=\"Ubirat\u00e3 Online Not\u00edcias - A realidade ao seu alcance!\" \/>\n<meta property=\"article:publisher\" content=\"https:\/\/www.facebook.com\/portalubirataonline\" \/>\n<meta property=\"article:author\" content=\"https:\/\/www.facebook.com\/portalubirataonline\" \/>\n<meta property=\"article:published_time\" content=\"2026-02-26T07:30:59+00:00\" \/>\n<meta property=\"article:modified_time\" content=\"2026-02-26T07:31:03+00:00\" \/>\n<meta property=\"og:image\" content=\"https:\/\/ubirataonline.com.br\/wp-content\/uploads\/2026\/02\/Frei-Gilson-reune-mais-de-1-milhao-de-pessoas-na.jpg\" \/>\n\t<meta property=\"og:image:width\" content=\"1277\" \/>\n\t<meta property=\"og:image:height\" content=\"917\" \/>\n\t<meta property=\"og:image:type\" content=\"image\/jpeg\" \/>\n<meta name=\"author\" content=\"REDA\u00c7\u00c3O: UBIRAT\u00c3 ONLINE - F\u00c1BIO AUGUSTO CELESTINO\" \/>\n<meta name=\"twitter:card\" content=\"summary_large_image\" \/>\n<meta name=\"twitter:creator\" content=\"@x.com\/ubirataonline\" \/>\n<meta name=\"twitter:site\" content=\"@ubirataonline\" \/>\n<meta name=\"twitter:label1\" content=\"Written by\" \/>\n\t<meta name=\"twitter:data1\" content=\"REDA\u00c7\u00c3O: UBIRAT\u00c3 ONLINE - F\u00c1BIO AUGUSTO CELESTINO\" \/>\n\t<meta name=\"twitter:label2\" content=\"Est. reading time\" \/>\n\t<meta name=\"twitter:data2\" content=\"3 minutes\" \/>\n<script type=\"application\/ld+json\" class=\"yoast-schema-graph\">{\"@context\":\"https:\\\/\\\/schema.org\",\"@graph\":[{\"@type\":\"NewsArticle\",\"@id\":\"https:\\\/\\\/ubirataonline.com.br\\\/frei-gilson-reune-mais-de-1-milhao-de-pessoas-na-madrugada\\\/#article\",\"isPartOf\":{\"@id\":\"https:\\\/\\\/ubirataonline.com.br\\\/frei-gilson-reune-mais-de-1-milhao-de-pessoas-na-madrugada\\\/\"},\"author\":{\"name\":\"REDA\u00c7\u00c3O: UBIRAT\u00c3 ONLINE - F\u00c1BIO AUGUSTO CELESTINO\",\"@id\":\"https:\\\/\\\/ubirataonline.com.br\\\/#\\\/schema\\\/person\\\/372f87bbd3fdd79b8556b84c98d0bc1c\"},\"headline\":\"Frei Gilson re\u00fane mais de 1 milh\u00e3o de pessoas na madrugada\",\"datePublished\":\"2026-02-26T07:30:59+00:00\",\"dateModified\":\"2026-02-26T07:31:03+00:00\",\"mainEntityOfPage\":{\"@id\":\"https:\\\/\\\/ubirataonline.com.br\\\/frei-gilson-reune-mais-de-1-milhao-de-pessoas-na-madrugada\\\/\"},\"wordCount\":629,\"publisher\":{\"@id\":\"https:\\\/\\\/ubirataonline.com.br\\\/#organization\"},\"image\":{\"@id\":\"https:\\\/\\\/ubirataonline.com.br\\\/frei-gilson-reune-mais-de-1-milhao-de-pessoas-na-madrugada\\\/#primaryimage\"},\"thumbnailUrl\":\"https:\\\/\\\/ubirataonline.com.br\\\/wp-content\\\/uploads\\\/2026\\\/02\\\/Frei-Gilson-reune-mais-de-1-milhao-de-pessoas-na.jpg\",\"keywords\":[\"Frei\",\"Gilson\",\"madrugada\",\"mais\",\"milh\u00e3o\",\"pessoas\",\"re\u00fane\"],\"articleSection\":[\"Brasil\"],\"inLanguage\":\"en-US\",\"copyrightYear\":\"2026\",\"copyrightHolder\":{\"@id\":\"https:\\\/\\\/ubirataonline.com.br\\\/en\\\/#organization\"}},{\"@type\":\"WebPage\",\"@id\":\"https:\\\/\\\/ubirataonline.com.br\\\/frei-gilson-reune-mais-de-1-milhao-de-pessoas-na-madrugada\\\/\",\"url\":\"https:\\\/\\\/ubirataonline.com.br\\\/frei-gilson-reune-mais-de-1-milhao-de-pessoas-na-madrugada\\\/\",\"name\":\"Frei Gilson re\u00fane mais de 1 milh\u00e3o de pessoas na madrugada - Ubirat\u00e3 Online Not\u00edcias - A realidade ao seu alcance!\",\"isPartOf\":{\"@id\":\"https:\\\/\\\/ubirataonline.com.br\\\/#website\"},\"primaryImageOfPage\":{\"@id\":\"https:\\\/\\\/ubirataonline.com.br\\\/frei-gilson-reune-mais-de-1-milhao-de-pessoas-na-madrugada\\\/#primaryimage\"},\"image\":{\"@id\":\"https:\\\/\\\/ubirataonline.com.br\\\/frei-gilson-reune-mais-de-1-milhao-de-pessoas-na-madrugada\\\/#primaryimage\"},\"thumbnailUrl\":\"https:\\\/\\\/ubirataonline.com.br\\\/wp-content\\\/uploads\\\/2026\\\/02\\\/Frei-Gilson-reune-mais-de-1-milhao-de-pessoas-na.jpg\",\"datePublished\":\"2026-02-26T07:30:59+00:00\",\"dateModified\":\"2026-02-26T07:31:03+00:00\",\"description\":\"O sacerdote cat\u00f3lico Frei Gilson reuniu mais de um milh\u00e3o de fi\u00e9is simultaneamente em uma live na madrugada desta quarta-feira de cinzas (18), que marca o\",\"breadcrumb\":{\"@id\":\"https:\\\/\\\/ubirataonline.com.br\\\/frei-gilson-reune-mais-de-1-milhao-de-pessoas-na-madrugada\\\/#breadcrumb\"},\"inLanguage\":\"en-US\",\"potentialAction\":[{\"@type\":\"ReadAction\",\"target\":[\"https:\\\/\\\/ubirataonline.com.br\\\/frei-gilson-reune-mais-de-1-milhao-de-pessoas-na-madrugada\\\/\"]}]},{\"@type\":\"ImageObject\",\"inLanguage\":\"en-US\",\"@id\":\"https:\\\/\\\/ubirataonline.com.br\\\/frei-gilson-reune-mais-de-1-milhao-de-pessoas-na-madrugada\\\/#primaryimage\",\"url\":\"https:\\\/\\\/ubirataonline.com.br\\\/wp-content\\\/uploads\\\/2026\\\/02\\\/Frei-Gilson-reune-mais-de-1-milhao-de-pessoas-na.jpg\",\"contentUrl\":\"https:\\\/\\\/ubirataonline.com.br\\\/wp-content\\\/uploads\\\/2026\\\/02\\\/Frei-Gilson-reune-mais-de-1-milhao-de-pessoas-na.jpg\",\"width\":1277,\"height\":917,\"caption\":\"Frei Gilson re\u00fane mais de 1 milh\u00e3o de pessoas na madrugada\"},{\"@type\":\"BreadcrumbList\",\"@id\":\"https:\\\/\\\/ubirataonline.com.br\\\/frei-gilson-reune-mais-de-1-milhao-de-pessoas-na-madrugada\\\/#breadcrumb\",\"itemListElement\":[{\"@type\":\"ListItem\",\"position\":1,\"name\":\"In\u00edcio\",\"item\":\"https:\\\/\\\/ubirataonline.com.br\\\/\"},{\"@type\":\"ListItem\",\"position\":2,\"name\":\"Frei Gilson re\u00fane mais de 1 milh\u00e3o de pessoas na madrugada\"}]},{\"@type\":\"WebSite\",\"@id\":\"https:\\\/\\\/ubirataonline.com.br\\\/#website\",\"url\":\"https:\\\/\\\/ubirataonline.com.br\\\/\",\"name\":\"Ubirat\u00e3 Online Not\u00edcias\",\"description\":\"Not\u00edcias de Ubirat\u00e3, regi\u00e3o, Brasil e mundo, com informa\u00e7\u00e3o atualizada e compromisso com o leitor.\",\"publisher\":{\"@id\":\"https:\\\/\\\/ubirataonline.com.br\\\/#organization\"},\"alternateName\":\"Ubirat\u00e3 Online\",\"potentialAction\":[{\"@type\":\"SearchAction\",\"target\":{\"@type\":\"EntryPoint\",\"urlTemplate\":\"https:\\\/\\\/ubirataonline.com.br\\\/?s={search_term_string}\"},\"query-input\":{\"@type\":\"PropertyValueSpecification\",\"valueRequired\":true,\"valueName\":\"search_term_string\"}}],\"inLanguage\":\"en-US\"},{\"@type\":[\"Organization\",\"Place\"],\"@id\":\"https:\\\/\\\/ubirataonline.com.br\\\/#organization\",\"name\":\"Ubirat\u00e3 Online Not\u00edcias\",\"alternateName\":\"Ubirat\u00e3 Online\",\"url\":\"https:\\\/\\\/ubirataonline.com.br\\\/\",\"logo\":{\"@id\":\"https:\\\/\\\/ubirataonline.com.br\\\/frei-gilson-reune-mais-de-1-milhao-de-pessoas-na-madrugada\\\/#local-main-organization-logo\"},\"image\":{\"@id\":\"https:\\\/\\\/ubirataonline.com.br\\\/frei-gilson-reune-mais-de-1-milhao-de-pessoas-na-madrugada\\\/#local-main-organization-logo\"},\"sameAs\":[\"https:\\\/\\\/www.facebook.com\\\/portalubirataonline\",\"https:\\\/\\\/x.com\\\/ubirataonline\",\"https:\\\/\\\/mastodon.social\\\/@ubirataonline\",\"https:\\\/\\\/www.facebook.com\\\/groups\\\/311144672285604\",\"https:\\\/\\\/www.facebook.com\\\/UBTAOnline\",\"https:\\\/\\\/www.instagram.com\\\/portalubirataonline\\\/\",\"https:\\\/\\\/twitter.com\\\/ubirataonline\"],\"description\":\"Somos um portal de not\u00edcias independente, criado em 5 de janeiro de 2009, com o objetivo de informar, conectar e valorizar a nossa comunidade de Ubirat\u00e3 e toda aregi\u00e3o. Com conte\u00fado atualizado, confi\u00e1vel e relevante, o Ubirat\u00e3 Online \u00e9 o seu espa\u00e7o para ficar por dentro dos principais acontecimentos locais, regionais, Brasil, Mundo e de interesse geral. Nosso compromisso \u00e9 com a verdade, a transpar\u00eancia e o respeito ao leitor.\",\"legalName\":\"UBIRATA ONLINE NOT\u00cdCIAS\",\"foundingDate\":\"2009-01-05\",\"numberOfEmployees\":{\"@type\":\"QuantitativeValue\",\"minValue\":\"1\",\"maxValue\":\"10\"},\"publishingPrinciples\":\"https:\\\/\\\/ubirataonline.com.br\\\/faq\\\/\",\"address\":{\"@id\":\"https:\\\/\\\/ubirataonline.com.br\\\/frei-gilson-reune-mais-de-1-milhao-de-pessoas-na-madrugada\\\/#local-main-place-address\"},\"geo\":{\"@type\":\"GeoCoordinates\",\"latitude\":\"-24.5361401\",\"longitude\":\"-52.9921776\"},\"telephone\":[\"+5544998308235\"],\"contactPoint\":{\"@type\":\"ContactPoint\",\"email\":\"contato@ubirataonline.com.br\"},\"openingHoursSpecification\":{\"@type\":\"OpeningHoursSpecification\",\"dayOfWeek\":[\"Monday\",\"Tuesday\",\"Wednesday\",\"Thursday\",\"Friday\",\"Saturday\",\"Sunday\"],\"opens\":\"00:00\",\"closes\":\"23:59\"},\"email\":\"contato@ubirataonline.com.br\",\"vatID\":\"47.621.418\\\/0001-80\"},{\"@type\":\"Person\",\"@id\":\"https:\\\/\\\/ubirataonline.com.br\\\/#\\\/schema\\\/person\\\/372f87bbd3fdd79b8556b84c98d0bc1c\",\"name\":\"REDA\u00c7\u00c3O: UBIRAT\u00c3 ONLINE - F\u00c1BIO AUGUSTO CELESTINO\",\"pronouns\":\"Ele\",\"description\":\"Desde 2003 trabalhando com not\u00edcias.\",\"sameAs\":[\"http:\\\/\\\/ubirataoline.com.br\",\"https:\\\/\\\/www.facebook.com\\\/portalubirataonline\",\"https:\\\/\\\/www.instagram.com\\\/ubirataonline_oficial\",\"https:\\\/\\\/x.com\\\/x.com\\\/ubirataonline\"],\"honorificPrefix\":\"Mr.\",\"honorificSuffix\":\"MD\",\"birthDate\":\"1980-06-16\",\"gender\":\"masculino\",\"award\":[\"V\u00e1rios pr\u00eamios de melhor portal da cidade\"],\"jobTitle\":\"Diretor\",\"url\":\"https:\\\/\\\/ubirataonline.com.br\\\/en\\\/author\\\/ubirataonline\\\/\"},{\"@type\":\"PostalAddress\",\"@id\":\"https:\\\/\\\/ubirataonline.com.br\\\/frei-gilson-reune-mais-de-1-milhao-de-pessoas-na-madrugada\\\/#local-main-place-address\",\"streetAddress\":\"Rua dos Coqueiros, 104 - Bairro Boa Vista, Rua dos Coqueiros, 104 Bairro Boa Vista\",\"addressLocality\":\"UBIRATA\",\"postalCode\":\"85440-000\",\"addressRegion\":\"PR\",\"addressCountry\":\"BR\"},{\"@type\":\"ImageObject\",\"inLanguage\":\"en-US\",\"@id\":\"https:\\\/\\\/ubirataonline.com.br\\\/frei-gilson-reune-mais-de-1-milhao-de-pessoas-na-madrugada\\\/#local-main-organization-logo\",\"url\":\"https:\\\/\\\/ubirataonline.com.br\\\/wp-content\\\/uploads\\\/2026\\\/06\\\/logoubirataonline-1.webp\",\"contentUrl\":\"https:\\\/\\\/ubirataonline.com.br\\\/wp-content\\\/uploads\\\/2026\\\/06\\\/logoubirataonline-1.webp\",\"width\":500,\"height\":500,\"caption\":\"Ubirat\u00e3 Online Not\u00edcias\"}]}<\/script>\n<meta name=\"geo.placename\" content=\"UBIRATA\" \/>\n<meta name=\"geo.position\" content=\"-24.5361401;-52.9921776\" \/>\n<meta name=\"geo.region\" content=\"Brazil\" \/>\n<!-- \/ Yoast SEO Premium plugin. -->","yoast_head_json":{"title":"Frei Gilson re\u00fane mais de 1 milh\u00e3o de pessoas na madrugada - Ubirat\u00e3 Online Not\u00edcias - A realidade ao seu alcance!","description":"O sacerdote cat\u00f3lico Frei Gilson reuniu mais de um milh\u00e3o de fi\u00e9is simultaneamente em uma live na madrugada desta quarta-feira de cinzas (18), que marca o","robots":{"index":"index","follow":"follow","max-snippet":"max-snippet:-1","max-image-preview":"max-image-preview:large","max-video-preview":"max-video-preview:-1"},"canonical":"https:\/\/ubirataonline.com.br\/en\/frei-gilson-reune-mais-de-1-milhao-de-pessoas-na-madrugada\/","og_locale":"en_US","og_type":"article","og_title":"Frei Gilson re\u00fane mais de 1 milh\u00e3o de pessoas na madrugada","og_description":"O sacerdote cat\u00f3lico Frei Gilson reuniu mais de um milh\u00e3o de fi\u00e9is simultaneamente em uma live na madrugada desta quarta-feira de cinzas (18), que marca o","og_url":"https:\/\/ubirataonline.com.br\/en\/frei-gilson-reune-mais-de-1-milhao-de-pessoas-na-madrugada\/","og_site_name":"Ubirat\u00e3 Online Not\u00edcias - A realidade ao seu alcance!","article_publisher":"https:\/\/www.facebook.com\/portalubirataonline","article_author":"https:\/\/www.facebook.com\/portalubirataonline","article_published_time":"2026-02-26T07:30:59+00:00","article_modified_time":"2026-02-26T07:31:03+00:00","og_image":[{"width":1277,"height":917,"url":"https:\/\/ubirataonline.com.br\/wp-content\/uploads\/2026\/02\/Frei-Gilson-reune-mais-de-1-milhao-de-pessoas-na.jpg","type":"image\/jpeg"}],"author":"REDA\u00c7\u00c3O: UBIRAT\u00c3 ONLINE - F\u00c1BIO AUGUSTO CELESTINO","twitter_card":"summary_large_image","twitter_creator":"@x.com\/ubirataonline","twitter_site":"@ubirataonline","twitter_misc":{"Written by":"REDA\u00c7\u00c3O: UBIRAT\u00c3 ONLINE - F\u00c1BIO AUGUSTO CELESTINO","Est. reading time":"3 minutes"},"schema":{"@context":"https:\/\/schema.org","@graph":[{"@type":"NewsArticle","@id":"https:\/\/ubirataonline.com.br\/frei-gilson-reune-mais-de-1-milhao-de-pessoas-na-madrugada\/#article","isPartOf":{"@id":"https:\/\/ubirataonline.com.br\/frei-gilson-reune-mais-de-1-milhao-de-pessoas-na-madrugada\/"},"author":{"name":"REDA\u00c7\u00c3O: UBIRAT\u00c3 ONLINE - F\u00c1BIO AUGUSTO CELESTINO","@id":"https:\/\/ubirataonline.com.br\/#\/schema\/person\/372f87bbd3fdd79b8556b84c98d0bc1c"},"headline":"Frei Gilson re\u00fane mais de 1 milh\u00e3o de pessoas na madrugada","datePublished":"2026-02-26T07:30:59+00:00","dateModified":"2026-02-26T07:31:03+00:00","mainEntityOfPage":{"@id":"https:\/\/ubirataonline.com.br\/frei-gilson-reune-mais-de-1-milhao-de-pessoas-na-madrugada\/"},"wordCount":629,"publisher":{"@id":"https:\/\/ubirataonline.com.br\/#organization"},"image":{"@id":"https:\/\/ubirataonline.com.br\/frei-gilson-reune-mais-de-1-milhao-de-pessoas-na-madrugada\/#primaryimage"},"thumbnailUrl":"https:\/\/ubirataonline.com.br\/wp-content\/uploads\/2026\/02\/Frei-Gilson-reune-mais-de-1-milhao-de-pessoas-na.jpg","keywords":["Frei","Gilson","madrugada","mais","milh\u00e3o","pessoas","re\u00fane"],"articleSection":["Brasil"],"inLanguage":"en-US","copyrightYear":"2026","copyrightHolder":{"@id":"https:\/\/ubirataonline.com.br\/en\/#organization"}},{"@type":"WebPage","@id":"https:\/\/ubirataonline.com.br\/frei-gilson-reune-mais-de-1-milhao-de-pessoas-na-madrugada\/","url":"https:\/\/ubirataonline.com.br\/frei-gilson-reune-mais-de-1-milhao-de-pessoas-na-madrugada\/","name":"Frei Gilson re\u00fane mais de 1 milh\u00e3o de pessoas na madrugada - Ubirat\u00e3 Online Not\u00edcias - A realidade ao seu alcance!","isPartOf":{"@id":"https:\/\/ubirataonline.com.br\/#website"},"primaryImageOfPage":{"@id":"https:\/\/ubirataonline.com.br\/frei-gilson-reune-mais-de-1-milhao-de-pessoas-na-madrugada\/#primaryimage"},"image":{"@id":"https:\/\/ubirataonline.com.br\/frei-gilson-reune-mais-de-1-milhao-de-pessoas-na-madrugada\/#primaryimage"},"thumbnailUrl":"https:\/\/ubirataonline.com.br\/wp-content\/uploads\/2026\/02\/Frei-Gilson-reune-mais-de-1-milhao-de-pessoas-na.jpg","datePublished":"2026-02-26T07:30:59+00:00","dateModified":"2026-02-26T07:31:03+00:00","description":"O sacerdote cat\u00f3lico Frei Gilson reuniu mais de um milh\u00e3o de fi\u00e9is simultaneamente em uma live na madrugada desta quarta-feira de cinzas (18), que marca o","breadcrumb":{"@id":"https:\/\/ubirataonline.com.br\/frei-gilson-reune-mais-de-1-milhao-de-pessoas-na-madrugada\/#breadcrumb"},"inLanguage":"en-US","potentialAction":[{"@type":"ReadAction","target":["https:\/\/ubirataonline.com.br\/frei-gilson-reune-mais-de-1-milhao-de-pessoas-na-madrugada\/"]}]},{"@type":"ImageObject","inLanguage":"en-US","@id":"https:\/\/ubirataonline.com.br\/frei-gilson-reune-mais-de-1-milhao-de-pessoas-na-madrugada\/#primaryimage","url":"https:\/\/ubirataonline.com.br\/wp-content\/uploads\/2026\/02\/Frei-Gilson-reune-mais-de-1-milhao-de-pessoas-na.jpg","contentUrl":"https:\/\/ubirataonline.com.br\/wp-content\/uploads\/2026\/02\/Frei-Gilson-reune-mais-de-1-milhao-de-pessoas-na.jpg","width":1277,"height":917,"caption":"Frei Gilson re\u00fane mais de 1 milh\u00e3o de pessoas na madrugada"},{"@type":"BreadcrumbList","@id":"https:\/\/ubirataonline.com.br\/frei-gilson-reune-mais-de-1-milhao-de-pessoas-na-madrugada\/#breadcrumb","itemListElement":[{"@type":"ListItem","position":1,"name":"In\u00edcio","item":"https:\/\/ubirataonline.com.br\/"},{"@type":"ListItem","position":2,"name":"Frei Gilson re\u00fane mais de 1 milh\u00e3o de pessoas na madrugada"}]},{"@type":"WebSite","@id":"https:\/\/ubirataonline.com.br\/#website","url":"https:\/\/ubirataonline.com.br\/","name":"Ubirat\u00e3 Online Not\u00edcias","description":"Not\u00edcias de Ubirat\u00e3, regi\u00e3o, Brasil e mundo, com informa\u00e7\u00e3o atualizada e compromisso com o leitor.","publisher":{"@id":"https:\/\/ubirataonline.com.br\/#organization"},"alternateName":"Ubirat\u00e3 Online","potentialAction":[{"@type":"SearchAction","target":{"@type":"EntryPoint","urlTemplate":"https:\/\/ubirataonline.com.br\/?s={search_term_string}"},"query-input":{"@type":"PropertyValueSpecification","valueRequired":true,"valueName":"search_term_string"}}],"inLanguage":"en-US"},{"@type":["Organization","Place"],"@id":"https:\/\/ubirataonline.com.br\/#organization","name":"Ubirat\u00e3 Online Not\u00edcias","alternateName":"Ubirat\u00e3 Online","url":"https:\/\/ubirataonline.com.br\/","logo":{"@id":"https:\/\/ubirataonline.com.br\/frei-gilson-reune-mais-de-1-milhao-de-pessoas-na-madrugada\/#local-main-organization-logo"},"image":{"@id":"https:\/\/ubirataonline.com.br\/frei-gilson-reune-mais-de-1-milhao-de-pessoas-na-madrugada\/#local-main-organization-logo"},"sameAs":["https:\/\/www.facebook.com\/portalubirataonline","https:\/\/x.com\/ubirataonline","https:\/\/mastodon.social\/@ubirataonline","https:\/\/www.facebook.com\/groups\/311144672285604","https:\/\/www.facebook.com\/UBTAOnline","https:\/\/www.instagram.com\/portalubirataonline\/","https:\/\/twitter.com\/ubirataonline"],"description":"Somos um portal de not\u00edcias independente, criado em 5 de janeiro de 2009, com o objetivo de informar, conectar e valorizar a nossa comunidade de Ubirat\u00e3 e toda aregi\u00e3o. Com conte\u00fado atualizado, confi\u00e1vel e relevante, o Ubirat\u00e3 Online \u00e9 o seu espa\u00e7o para ficar por dentro dos principais acontecimentos locais, regionais, Brasil, Mundo e de interesse geral. Nosso compromisso \u00e9 com a verdade, a transpar\u00eancia e o respeito ao leitor.","legalName":"UBIRATA ONLINE NOT\u00cdCIAS","foundingDate":"2009-01-05","numberOfEmployees":{"@type":"QuantitativeValue","minValue":"1","maxValue":"10"},"publishingPrinciples":"https:\/\/ubirataonline.com.br\/faq\/","address":{"@id":"https:\/\/ubirataonline.com.br\/frei-gilson-reune-mais-de-1-milhao-de-pessoas-na-madrugada\/#local-main-place-address"},"geo":{"@type":"GeoCoordinates","latitude":"-24.5361401","longitude":"-52.9921776"},"telephone":["+5544998308235"],"contactPoint":{"@type":"ContactPoint","email":"contato@ubirataonline.com.br"},"openingHoursSpecification":{"@type":"OpeningHoursSpecification","dayOfWeek":["Monday","Tuesday","Wednesday","Thursday","Friday","Saturday","Sunday"],"opens":"00:00","closes":"23:59"},"email":"contato@ubirataonline.com.br","vatID":"47.621.418\/0001-80"},{"@type":"Person","@id":"https:\/\/ubirataonline.com.br\/#\/schema\/person\/372f87bbd3fdd79b8556b84c98d0bc1c","name":"REDA\u00c7\u00c3O: UBIRAT\u00c3 ONLINE - F\u00c1BIO AUGUSTO CELESTINO","pronouns":"Ele","description":"Desde 2003 trabalhando com not\u00edcias.","sameAs":["http:\/\/ubirataoline.com.br","https:\/\/www.facebook.com\/portalubirataonline","https:\/\/www.instagram.com\/ubirataonline_oficial","https:\/\/x.com\/x.com\/ubirataonline"],"honorificPrefix":"Mr.","honorificSuffix":"MD","birthDate":"1980-06-16","gender":"masculino","award":["V\u00e1rios pr\u00eamios de melhor portal da cidade"],"jobTitle":"Diretor","url":"https:\/\/ubirataonline.com.br\/en\/author\/ubirataonline\/"},{"@type":"PostalAddress","@id":"https:\/\/ubirataonline.com.br\/frei-gilson-reune-mais-de-1-milhao-de-pessoas-na-madrugada\/#local-main-place-address","streetAddress":"Rua dos Coqueiros, 104 - Bairro Boa Vista, Rua dos Coqueiros, 104 Bairro Boa Vista","addressLocality":"UBIRATA","postalCode":"85440-000","addressRegion":"PR","addressCountry":"BR"},{"@type":"ImageObject","inLanguage":"en-US","@id":"https:\/\/ubirataonline.com.br\/frei-gilson-reune-mais-de-1-milhao-de-pessoas-na-madrugada\/#local-main-organization-logo","url":"https:\/\/ubirataonline.com.br\/wp-content\/uploads\/2026\/06\/logoubirataonline-1.webp","contentUrl":"https:\/\/ubirataonline.com.br\/wp-content\/uploads\/2026\/06\/logoubirataonline-1.webp","width":500,"height":500,"caption":"Ubirat\u00e3 Online Not\u00edcias"}]},"geo.placename":"UBIRATA","geo.position":{"lat":"-24.5361401","long":"-52.9921776"},"geo.region":"Brazil"},"_links":{"self":[{"href":"https:\/\/ubirataonline.com.br\/en\/wp-json\/wp\/v2\/posts\/90269","targetHints":{"allow":["GET"]}}],"collection":[{"href":"https:\/\/ubirataonline.com.br\/en\/wp-json\/wp\/v2\/posts"}],"about":[{"href":"https:\/\/ubirataonline.com.br\/en\/wp-json\/wp\/v2\/types\/post"}],"author":[{"embeddable":true,"href":"https:\/\/ubirataonline.com.br\/en\/wp-json\/wp\/v2\/users\/1"}],"replies":[{"embeddable":true,"href":"https:\/\/ubirataonline.com.br\/en\/wp-json\/wp\/v2\/comments?post=90269"}],"version-history":[{"count":0,"href":"https:\/\/ubirataonline.com.br\/en\/wp-json\/wp\/v2\/posts\/90269\/revisions"}],"wp:featuredmedia":[{"embeddable":true,"href":"https:\/\/ubirataonline.com.br\/en\/wp-json\/wp\/v2\/media\/90270"}],"wp:attachment":[{"href":"https:\/\/ubirataonline.com.br\/en\/wp-json\/wp\/v2\/media?parent=90269"}],"wp:term":[{"taxonomy":"category","embeddable":true,"href":"https:\/\/ubirataonline.com.br\/en\/wp-json\/wp\/v2\/categories?post=90269"},{"taxonomy":"post_tag","embeddable":true,"href":"https:\/\/ubirataonline.com.br\/en\/wp-json\/wp\/v2\/tags?post=90269"}],"curies":[{"name":"wp","href":"https:\/\/api.w.org\/{rel}","templated":true}]}}