{"id":90272,"date":"2026-02-26T04:35:27","date_gmt":"2026-02-26T07:35:27","guid":{"rendered":"https:\/\/ubirataonline.com.br\/source-scherzer-agrees-to-return-to-blue-jays-for-19th-season\/"},"modified":"2026-02-26T04:35:29","modified_gmt":"2026-02-26T07:35:29","slug":"source-scherzer-agrees-to-return-to-blue-jays-for-19th-season","status":"publish","type":"post","link":"https:\/\/ubirataonline.com.br\/en\/source-scherzer-agrees-to-return-to-blue-jays-for-19th-season\/","title":{"rendered":"Source: Scherzer agrees to return to Blue Jays for 19th season"},"content":{"rendered":"<p><br \/>\n<\/p>\n<div>\n<div class=\"article-meta\"><span class=\"timestamp\">Feb 26, 2026, 12:52 AM ET<\/span><\/div>\n<p>Three-time Cy Young Award winner <a data-player-guid=\"a9fe8a8f-25e3-3d90-b410-96f40b03a927\" href=\"https:\/\/www.espn.com\/mlb\/player\/_\/id\/28976\/max-scherzer\">Max Scherzer<\/a> has agreed to return to the <a data-clubhouse-guid=\"0151aed9-9f11-ceae-195d-180ca603b64a\" href=\"https:\/\/www.espn.com\/mlb\/team\/_\/name\/tor\/toronto-blue-jays\">Toronto Blue Jays<\/a>, a source confirmed to ESPN&#8217;s Alden Gonzalez on Wednesday.<\/p>\n<p>The deal is for one year and $3 million, according to multiple reports.<\/p>\n<p>Bringing Scherzer back became a bigger need for Toronto with right-hander <a data-player-guid=\"39d749ca-856a-3150-85f4-978f427ba770\" href=\"https:\/\/www.espn.com\/mlb\/player\/_\/id\/4734325\/bowden-francis\">Bowden Francis<\/a> undergoing season-ending Tommy John surgery earlier this month and with <a data-player-guid=\"4e1e8371-962e-59e6-d57b-459a68b39390\" href=\"https:\/\/www.espn.com\/mlb\/player\/_\/id\/40912\/shane-bieber\">Shane Bieber<\/a> delayed with a bout of forearm fatigue.<\/p>\n<p>Scherzer, 41, will join newcomers <a data-player-guid=\"e0f9e93c-c044-c7cf-f101-0018fbe7f1ea\" href=\"https:\/\/www.espn.com\/mlb\/player\/_\/id\/34999\/cody-ponce\">Cody Ponce<\/a> and <a data-player-guid=\"297b8292-2f88-4379-050a-f504caeb60ff\" href=\"https:\/\/www.espn.com\/mlb\/player\/_\/id\/34943\/dylan-cease\">Dylan Cease<\/a> in the rotation. The Blue Jays could choose to ramp him up slowly, prompting him to join the rotation in-season.<\/p>\n<aside class=\"inline editorial float-r\" data-behavior=\"article_related\">\n<h2 class=\"editorial-title\">Editor&#8217;s Picks<\/h2>\n<p>2 Related<\/p>\n<\/aside>\n<p>As Scherzer has pitched into his 40s, he has increasingly lost time to injury. He threw a total of 85 regular-season innings for the Blue Jays in 2025 after accumulating only 43\u2153 for the <a data-clubhouse-guid=\"4fa2cf46-09fc-255f-74a1-2a8857b0e671\" href=\"https:\/\/www.espn.com\/mlb\/team\/_\/name\/tex\/texas-rangers\">Texas Rangers<\/a> in 2024.<\/p>\n<p>Blue Jays manager John Schneider raved about Scherzer&#8217;s competitiveness and preparation, and he threw well enough to earn three big starts for Toronto in the postseason &#8212; in Game 4 of the American League Championship Series, when he worked through early-inning trouble to stifle the Seattle lineup, and in Games 3 and 7 of the World Series.<\/p>\n<p>Five years after he throws his final pitch, Scherzer will make a speech in Cooperstown, and presumably his election into the Hall of Fame will be unanimous or close to it. Scherzer has finished in the top five of Cy Young Award voting eight times. He has a career 221-117 record with a 3.22 ERA, and his career Adjusted OPS+ of 131 is equivalent to that of Sandy Koufax.<\/p>\n<p>Scherzer was a first-round draft pick of the <a data-clubhouse-guid=\"43e14a76-ff66-49ed-24fc-2835932f99dd\" href=\"https:\/\/www.espn.com\/mlb\/team\/_\/name\/ari\/arizona-diamondbacks\">Arizona Diamondbacks<\/a> in 2006, and he debuted in the big leagues two years later. His delivery at that time drew a lot of scrutiny because of how he snapped his head to the left as he released the ball.<\/p>\n<p>Arizona officials discussed the possibility of turning him into a closer, but the Diamondbacks instead shipped him to the <a data-clubhouse-guid=\"b27c64bf-4f18-f713-ba06-db1bce2394e7\" href=\"https:\/\/www.espn.com\/mlb\/team\/_\/name\/det\/detroit-tigers\">Detroit Tigers<\/a> as part of a three-team trade with the <a data-clubhouse-guid=\"2b9cedf3-ce60-0bcf-fafe-8cd055255685\" href=\"https:\/\/www.espn.com\/mlb\/team\/_\/name\/nyy\/new-york-yankees\">New York Yankees<\/a>. With the Tigers, Scherzer flourished, going 82-35 over five seasons while establishing himself as one of the game&#8217;s premier pitchers.<\/p>\n<p>He signed with the <a data-clubhouse-guid=\"a73e1046-e9aa-ef6b-4e0d-2a7c808cb284\" href=\"https:\/\/www.espn.com\/mlb\/team\/_\/name\/wsh\/washington-nationals\">Washington Nationals<\/a> after the 2014 season, and he and Stephen Strasburg helped them to a championship in 2019. Over the course of his career, he has grossed nearly $370 million in salary, a reflection of his excellence on the mound.<\/p>\n<p>MLB Network was first to report Scherzer&#8217;s agreement with Toronto.<\/p>\n<p><em>ESPN&#8217;s Buster Olney contributed to this report.<\/em><\/p>\n<\/div>\n<p><br \/>\n<br \/><a href=\"https:\/\/www.espn.com\/mlb\/story\/_\/id\/48040023\/max-scherzer-agrees-return-blue-jays\">Source link <\/a><\/p>","protected":false},"excerpt":{"rendered":"<p>Feb 26, 2026, 12:52 AM ET Three-time Cy Young Award winner Max Scherzer has agreed to return to the Toronto Blue Jays, a source confirmed to ESPN&#8217;s Alden Gonzalez on Wednesday. The deal is for one year and $3 million, according to multiple reports. Bringing Scherzer back became a bigger need for Toronto with right-hander [&hellip;]<\/p>\n","protected":false},"author":1,"featured_media":90273,"comment_status":"closed","ping_status":"","sticky":false,"template":"","format":"standard","meta":{"googlesitekit_rrm_CAow2JLhCw:productID":"","_gspb_post_css":"","maa_idioma":"","maa_pais":"","footnotes":""},"categories":[2725],"tags":[20542,10991,3540,3541,6205,20541,2955,10894],"class_list":["post-90272","post","type-post","status-publish","format-standard","has-post-thumbnail","hentry","category-europe","tag-19th","tag-agrees","tag-blue","tag-jays","tag-return","tag-scherzer","tag-season","tag-source"],"blocksy_meta":[],"yoast_head":"<!-- This site is optimized with the Yoast SEO Premium plugin v27.6 (Yoast SEO v27.6) - https:\/\/yoast.com\/product\/yoast-seo-premium-wordpress\/ -->\n<title>Source: Scherzer agrees to return to Blue Jays for 19th season - Ubirat\u00e3 Online Not\u00edcias - A realidade ao seu alcance!<\/title>\n<meta name=\"description\" content=\"Feb 26, 2026, 12:52 AM ETThree-time Cy Young Award winner Max Scherzer has agreed to return to the Toronto Blue Jays, a source confirmed to ESPN&#039;s Alden\" \/>\n<meta name=\"robots\" content=\"index, follow, max-snippet:-1, max-image-preview:large, max-video-preview:-1\" \/>\n<link rel=\"canonical\" href=\"https:\/\/ubirataonline.com.br\/en\/source-scherzer-agrees-to-return-to-blue-jays-for-19th-season\/\" \/>\n<meta property=\"og:locale\" content=\"en_US\" \/>\n<meta property=\"og:type\" content=\"article\" \/>\n<meta property=\"og:title\" content=\"Source: Scherzer agrees to return to Blue Jays for 19th season\" \/>\n<meta property=\"og:description\" content=\"Feb 26, 2026, 12:52 AM ETThree-time Cy Young Award winner Max Scherzer has agreed to return to the Toronto Blue Jays, a source confirmed to ESPN&#039;s Alden\" \/>\n<meta property=\"og:url\" content=\"https:\/\/ubirataonline.com.br\/en\/source-scherzer-agrees-to-return-to-blue-jays-for-19th-season\/\" \/>\n<meta property=\"og:site_name\" content=\"Ubirat\u00e3 Online Not\u00edcias - A realidade ao seu alcance!\" \/>\n<meta property=\"article:publisher\" content=\"https:\/\/www.facebook.com\/portalubirataonline\" \/>\n<meta property=\"article:author\" content=\"https:\/\/www.facebook.com\/portalubirataonline\" \/>\n<meta property=\"article:published_time\" content=\"2026-02-26T07:35:27+00:00\" \/>\n<meta property=\"article:modified_time\" content=\"2026-02-26T07:35:29+00:00\" \/>\n<meta property=\"og:image\" content=\"https:\/\/ubirataonline.com.br\/wp-content\/uploads\/2026\/02\/Source-Scherzer-agrees-to-return-to-Blue-Jays-for-19th.jpeg\" \/>\n\t<meta property=\"og:image:width\" content=\"1296\" \/>\n\t<meta property=\"og:image:height\" content=\"729\" \/>\n\t<meta property=\"og:image:type\" content=\"image\/jpeg\" \/>\n<meta name=\"author\" content=\"REDA\u00c7\u00c3O: UBIRAT\u00c3 ONLINE - F\u00c1BIO AUGUSTO CELESTINO\" \/>\n<meta name=\"twitter:card\" content=\"summary_large_image\" \/>\n<meta name=\"twitter:creator\" content=\"@x.com\/ubirataonline\" \/>\n<meta name=\"twitter:site\" content=\"@ubirataonline\" \/>\n<meta name=\"twitter:label1\" content=\"Written by\" \/>\n\t<meta name=\"twitter:data1\" content=\"REDA\u00c7\u00c3O: UBIRAT\u00c3 ONLINE - F\u00c1BIO AUGUSTO CELESTINO\" \/>\n\t<meta name=\"twitter:label2\" content=\"Est. reading time\" \/>\n\t<meta name=\"twitter:data2\" content=\"2 minutes\" \/>\n<script type=\"application\/ld+json\" class=\"yoast-schema-graph\">{\"@context\":\"https:\\\/\\\/schema.org\",\"@graph\":[{\"@type\":\"NewsArticle\",\"@id\":\"https:\\\/\\\/ubirataonline.com.br\\\/source-scherzer-agrees-to-return-to-blue-jays-for-19th-season\\\/#article\",\"isPartOf\":{\"@id\":\"https:\\\/\\\/ubirataonline.com.br\\\/source-scherzer-agrees-to-return-to-blue-jays-for-19th-season\\\/\"},\"author\":{\"name\":\"REDA\u00c7\u00c3O: UBIRAT\u00c3 ONLINE - F\u00c1BIO AUGUSTO CELESTINO\",\"@id\":\"https:\\\/\\\/ubirataonline.com.br\\\/#\\\/schema\\\/person\\\/372f87bbd3fdd79b8556b84c98d0bc1c\"},\"headline\":\"Source: Scherzer agrees to return to Blue Jays for 19th season\",\"datePublished\":\"2026-02-26T07:35:27+00:00\",\"dateModified\":\"2026-02-26T07:35:29+00:00\",\"mainEntityOfPage\":{\"@id\":\"https:\\\/\\\/ubirataonline.com.br\\\/source-scherzer-agrees-to-return-to-blue-jays-for-19th-season\\\/\"},\"wordCount\":436,\"publisher\":{\"@id\":\"https:\\\/\\\/ubirataonline.com.br\\\/#organization\"},\"image\":{\"@id\":\"https:\\\/\\\/ubirataonline.com.br\\\/source-scherzer-agrees-to-return-to-blue-jays-for-19th-season\\\/#primaryimage\"},\"thumbnailUrl\":\"https:\\\/\\\/ubirataonline.com.br\\\/wp-content\\\/uploads\\\/2026\\\/02\\\/Source-Scherzer-agrees-to-return-to-Blue-Jays-for-19th.jpeg\",\"keywords\":[\"19th\",\"Agrees\",\"Blue\",\"Jays\",\"Return\",\"Scherzer\",\"season\",\"source\"],\"articleSection\":[\"Europe\"],\"inLanguage\":\"en-US\",\"copyrightYear\":\"2026\",\"copyrightHolder\":{\"@id\":\"https:\\\/\\\/ubirataonline.com.br\\\/en\\\/#organization\"}},{\"@type\":\"WebPage\",\"@id\":\"https:\\\/\\\/ubirataonline.com.br\\\/source-scherzer-agrees-to-return-to-blue-jays-for-19th-season\\\/\",\"url\":\"https:\\\/\\\/ubirataonline.com.br\\\/source-scherzer-agrees-to-return-to-blue-jays-for-19th-season\\\/\",\"name\":\"Source: Scherzer agrees to return to Blue Jays for 19th season - Ubirat\u00e3 Online Not\u00edcias - A realidade ao seu alcance!\",\"isPartOf\":{\"@id\":\"https:\\\/\\\/ubirataonline.com.br\\\/#website\"},\"primaryImageOfPage\":{\"@id\":\"https:\\\/\\\/ubirataonline.com.br\\\/source-scherzer-agrees-to-return-to-blue-jays-for-19th-season\\\/#primaryimage\"},\"image\":{\"@id\":\"https:\\\/\\\/ubirataonline.com.br\\\/source-scherzer-agrees-to-return-to-blue-jays-for-19th-season\\\/#primaryimage\"},\"thumbnailUrl\":\"https:\\\/\\\/ubirataonline.com.br\\\/wp-content\\\/uploads\\\/2026\\\/02\\\/Source-Scherzer-agrees-to-return-to-Blue-Jays-for-19th.jpeg\",\"datePublished\":\"2026-02-26T07:35:27+00:00\",\"dateModified\":\"2026-02-26T07:35:29+00:00\",\"description\":\"Feb 26, 2026, 12:52 AM ETThree-time Cy Young Award winner Max Scherzer has agreed to return to the Toronto Blue Jays, a source confirmed to ESPN's Alden\",\"breadcrumb\":{\"@id\":\"https:\\\/\\\/ubirataonline.com.br\\\/source-scherzer-agrees-to-return-to-blue-jays-for-19th-season\\\/#breadcrumb\"},\"inLanguage\":\"en-US\",\"potentialAction\":[{\"@type\":\"ReadAction\",\"target\":[\"https:\\\/\\\/ubirataonline.com.br\\\/source-scherzer-agrees-to-return-to-blue-jays-for-19th-season\\\/\"]}]},{\"@type\":\"ImageObject\",\"inLanguage\":\"en-US\",\"@id\":\"https:\\\/\\\/ubirataonline.com.br\\\/source-scherzer-agrees-to-return-to-blue-jays-for-19th-season\\\/#primaryimage\",\"url\":\"https:\\\/\\\/ubirataonline.com.br\\\/wp-content\\\/uploads\\\/2026\\\/02\\\/Source-Scherzer-agrees-to-return-to-Blue-Jays-for-19th.jpeg\",\"contentUrl\":\"https:\\\/\\\/ubirataonline.com.br\\\/wp-content\\\/uploads\\\/2026\\\/02\\\/Source-Scherzer-agrees-to-return-to-Blue-Jays-for-19th.jpeg\",\"width\":1296,\"height\":729,\"caption\":\"Source: Scherzer agrees to return to Blue Jays (1:05)Source: Max Scherzer agrees to return to Blue Jays. (1:05)\"},{\"@type\":\"BreadcrumbList\",\"@id\":\"https:\\\/\\\/ubirataonline.com.br\\\/source-scherzer-agrees-to-return-to-blue-jays-for-19th-season\\\/#breadcrumb\",\"itemListElement\":[{\"@type\":\"ListItem\",\"position\":1,\"name\":\"In\u00edcio\",\"item\":\"https:\\\/\\\/ubirataonline.com.br\\\/\"},{\"@type\":\"ListItem\",\"position\":2,\"name\":\"Source: Scherzer agrees to return to Blue Jays for 19th season\"}]},{\"@type\":\"WebSite\",\"@id\":\"https:\\\/\\\/ubirataonline.com.br\\\/#website\",\"url\":\"https:\\\/\\\/ubirataonline.com.br\\\/\",\"name\":\"Ubirat\u00e3 Online Not\u00edcias\",\"description\":\"Not\u00edcias de Ubirat\u00e3, regi\u00e3o, Brasil e mundo, com informa\u00e7\u00e3o atualizada e compromisso com o leitor.\",\"publisher\":{\"@id\":\"https:\\\/\\\/ubirataonline.com.br\\\/#organization\"},\"alternateName\":\"Ubirat\u00e3 Online\",\"potentialAction\":[{\"@type\":\"SearchAction\",\"target\":{\"@type\":\"EntryPoint\",\"urlTemplate\":\"https:\\\/\\\/ubirataonline.com.br\\\/?s={search_term_string}\"},\"query-input\":{\"@type\":\"PropertyValueSpecification\",\"valueRequired\":true,\"valueName\":\"search_term_string\"}}],\"inLanguage\":\"en-US\"},{\"@type\":[\"Organization\",\"Place\"],\"@id\":\"https:\\\/\\\/ubirataonline.com.br\\\/#organization\",\"name\":\"Ubirat\u00e3 Online Not\u00edcias\",\"alternateName\":\"Ubirat\u00e3 Online\",\"url\":\"https:\\\/\\\/ubirataonline.com.br\\\/\",\"logo\":{\"@id\":\"https:\\\/\\\/ubirataonline.com.br\\\/source-scherzer-agrees-to-return-to-blue-jays-for-19th-season\\\/#local-main-organization-logo\"},\"image\":{\"@id\":\"https:\\\/\\\/ubirataonline.com.br\\\/source-scherzer-agrees-to-return-to-blue-jays-for-19th-season\\\/#local-main-organization-logo\"},\"sameAs\":[\"https:\\\/\\\/www.facebook.com\\\/portalubirataonline\",\"https:\\\/\\\/x.com\\\/ubirataonline\",\"https:\\\/\\\/mastodon.social\\\/@ubirataonline\",\"https:\\\/\\\/www.facebook.com\\\/groups\\\/311144672285604\",\"https:\\\/\\\/www.facebook.com\\\/UBTAOnline\",\"https:\\\/\\\/www.instagram.com\\\/portalubirataonline\\\/\",\"https:\\\/\\\/twitter.com\\\/ubirataonline\"],\"description\":\"Somos um portal de not\u00edcias independente, criado em 5 de janeiro de 2009, com o objetivo de informar, conectar e valorizar a nossa comunidade de Ubirat\u00e3 e toda aregi\u00e3o. Com conte\u00fado atualizado, confi\u00e1vel e relevante, o Ubirat\u00e3 Online \u00e9 o seu espa\u00e7o para ficar por dentro dos principais acontecimentos locais, regionais, Brasil, Mundo e de interesse geral. Nosso compromisso \u00e9 com a verdade, a transpar\u00eancia e o respeito ao leitor.\",\"legalName\":\"UBIRATA ONLINE NOT\u00cdCIAS\",\"foundingDate\":\"2009-01-05\",\"numberOfEmployees\":{\"@type\":\"QuantitativeValue\",\"minValue\":\"1\",\"maxValue\":\"10\"},\"publishingPrinciples\":\"https:\\\/\\\/ubirataonline.com.br\\\/faq\\\/\",\"address\":{\"@id\":\"https:\\\/\\\/ubirataonline.com.br\\\/source-scherzer-agrees-to-return-to-blue-jays-for-19th-season\\\/#local-main-place-address\"},\"geo\":{\"@type\":\"GeoCoordinates\",\"latitude\":\"-24.5361401\",\"longitude\":\"-52.9921776\"},\"telephone\":[\"+5544998308235\"],\"contactPoint\":{\"@type\":\"ContactPoint\",\"email\":\"contato@ubirataonline.com.br\"},\"openingHoursSpecification\":{\"@type\":\"OpeningHoursSpecification\",\"dayOfWeek\":[\"Monday\",\"Tuesday\",\"Wednesday\",\"Thursday\",\"Friday\",\"Saturday\",\"Sunday\"],\"opens\":\"00:00\",\"closes\":\"23:59\"},\"email\":\"contato@ubirataonline.com.br\",\"vatID\":\"47.621.418\\\/0001-80\"},{\"@type\":\"Person\",\"@id\":\"https:\\\/\\\/ubirataonline.com.br\\\/#\\\/schema\\\/person\\\/372f87bbd3fdd79b8556b84c98d0bc1c\",\"name\":\"REDA\u00c7\u00c3O: UBIRAT\u00c3 ONLINE - F\u00c1BIO AUGUSTO CELESTINO\",\"pronouns\":\"Ele\",\"description\":\"Desde 2003 trabalhando com not\u00edcias.\",\"sameAs\":[\"http:\\\/\\\/ubirataoline.com.br\",\"https:\\\/\\\/www.facebook.com\\\/portalubirataonline\",\"https:\\\/\\\/www.instagram.com\\\/ubirataonline_oficial\",\"https:\\\/\\\/x.com\\\/x.com\\\/ubirataonline\"],\"honorificPrefix\":\"Mr.\",\"honorificSuffix\":\"MD\",\"birthDate\":\"1980-06-16\",\"gender\":\"masculino\",\"award\":[\"V\u00e1rios pr\u00eamios de melhor portal da cidade\"],\"jobTitle\":\"Diretor\",\"url\":\"https:\\\/\\\/ubirataonline.com.br\\\/en\\\/author\\\/ubirataonline\\\/\"},{\"@type\":\"PostalAddress\",\"@id\":\"https:\\\/\\\/ubirataonline.com.br\\\/source-scherzer-agrees-to-return-to-blue-jays-for-19th-season\\\/#local-main-place-address\",\"streetAddress\":\"Rua dos Coqueiros, 104 - Bairro Boa Vista, Rua dos Coqueiros, 104 Bairro Boa Vista\",\"addressLocality\":\"UBIRATA\",\"postalCode\":\"85440-000\",\"addressRegion\":\"PR\",\"addressCountry\":\"BR\"},{\"@type\":\"ImageObject\",\"inLanguage\":\"en-US\",\"@id\":\"https:\\\/\\\/ubirataonline.com.br\\\/source-scherzer-agrees-to-return-to-blue-jays-for-19th-season\\\/#local-main-organization-logo\",\"url\":\"https:\\\/\\\/ubirataonline.com.br\\\/wp-content\\\/uploads\\\/2026\\\/06\\\/logoubirataonline-1.webp\",\"contentUrl\":\"https:\\\/\\\/ubirataonline.com.br\\\/wp-content\\\/uploads\\\/2026\\\/06\\\/logoubirataonline-1.webp\",\"width\":500,\"height\":500,\"caption\":\"Ubirat\u00e3 Online Not\u00edcias\"}]}<\/script>\n<meta name=\"geo.placename\" content=\"UBIRATA\" \/>\n<meta name=\"geo.position\" content=\"-24.5361401;-52.9921776\" \/>\n<meta name=\"geo.region\" content=\"Brazil\" \/>\n<!-- \/ Yoast SEO Premium plugin. -->","yoast_head_json":{"title":"Source: Scherzer agrees to return to Blue Jays for 19th season - Ubirat\u00e3 Online Not\u00edcias - A realidade ao seu alcance!","description":"Feb 26, 2026, 12:52 AM ETThree-time Cy Young Award winner Max Scherzer has agreed to return to the Toronto Blue Jays, a source confirmed to ESPN's Alden","robots":{"index":"index","follow":"follow","max-snippet":"max-snippet:-1","max-image-preview":"max-image-preview:large","max-video-preview":"max-video-preview:-1"},"canonical":"https:\/\/ubirataonline.com.br\/en\/source-scherzer-agrees-to-return-to-blue-jays-for-19th-season\/","og_locale":"en_US","og_type":"article","og_title":"Source: Scherzer agrees to return to Blue Jays for 19th season","og_description":"Feb 26, 2026, 12:52 AM ETThree-time Cy Young Award winner Max Scherzer has agreed to return to the Toronto Blue Jays, a source confirmed to ESPN's Alden","og_url":"https:\/\/ubirataonline.com.br\/en\/source-scherzer-agrees-to-return-to-blue-jays-for-19th-season\/","og_site_name":"Ubirat\u00e3 Online Not\u00edcias - A realidade ao seu alcance!","article_publisher":"https:\/\/www.facebook.com\/portalubirataonline","article_author":"https:\/\/www.facebook.com\/portalubirataonline","article_published_time":"2026-02-26T07:35:27+00:00","article_modified_time":"2026-02-26T07:35:29+00:00","og_image":[{"width":1296,"height":729,"url":"https:\/\/ubirataonline.com.br\/wp-content\/uploads\/2026\/02\/Source-Scherzer-agrees-to-return-to-Blue-Jays-for-19th.jpeg","type":"image\/jpeg"}],"author":"REDA\u00c7\u00c3O: UBIRAT\u00c3 ONLINE - F\u00c1BIO AUGUSTO CELESTINO","twitter_card":"summary_large_image","twitter_creator":"@x.com\/ubirataonline","twitter_site":"@ubirataonline","twitter_misc":{"Written by":"REDA\u00c7\u00c3O: UBIRAT\u00c3 ONLINE - F\u00c1BIO AUGUSTO CELESTINO","Est. reading time":"2 minutes"},"schema":{"@context":"https:\/\/schema.org","@graph":[{"@type":"NewsArticle","@id":"https:\/\/ubirataonline.com.br\/source-scherzer-agrees-to-return-to-blue-jays-for-19th-season\/#article","isPartOf":{"@id":"https:\/\/ubirataonline.com.br\/source-scherzer-agrees-to-return-to-blue-jays-for-19th-season\/"},"author":{"name":"REDA\u00c7\u00c3O: UBIRAT\u00c3 ONLINE - F\u00c1BIO AUGUSTO CELESTINO","@id":"https:\/\/ubirataonline.com.br\/#\/schema\/person\/372f87bbd3fdd79b8556b84c98d0bc1c"},"headline":"Source: Scherzer agrees to return to Blue Jays for 19th season","datePublished":"2026-02-26T07:35:27+00:00","dateModified":"2026-02-26T07:35:29+00:00","mainEntityOfPage":{"@id":"https:\/\/ubirataonline.com.br\/source-scherzer-agrees-to-return-to-blue-jays-for-19th-season\/"},"wordCount":436,"publisher":{"@id":"https:\/\/ubirataonline.com.br\/#organization"},"image":{"@id":"https:\/\/ubirataonline.com.br\/source-scherzer-agrees-to-return-to-blue-jays-for-19th-season\/#primaryimage"},"thumbnailUrl":"https:\/\/ubirataonline.com.br\/wp-content\/uploads\/2026\/02\/Source-Scherzer-agrees-to-return-to-Blue-Jays-for-19th.jpeg","keywords":["19th","Agrees","Blue","Jays","Return","Scherzer","season","source"],"articleSection":["Europe"],"inLanguage":"en-US","copyrightYear":"2026","copyrightHolder":{"@id":"https:\/\/ubirataonline.com.br\/en\/#organization"}},{"@type":"WebPage","@id":"https:\/\/ubirataonline.com.br\/source-scherzer-agrees-to-return-to-blue-jays-for-19th-season\/","url":"https:\/\/ubirataonline.com.br\/source-scherzer-agrees-to-return-to-blue-jays-for-19th-season\/","name":"Source: Scherzer agrees to return to Blue Jays for 19th season - Ubirat\u00e3 Online Not\u00edcias - A realidade ao seu alcance!","isPartOf":{"@id":"https:\/\/ubirataonline.com.br\/#website"},"primaryImageOfPage":{"@id":"https:\/\/ubirataonline.com.br\/source-scherzer-agrees-to-return-to-blue-jays-for-19th-season\/#primaryimage"},"image":{"@id":"https:\/\/ubirataonline.com.br\/source-scherzer-agrees-to-return-to-blue-jays-for-19th-season\/#primaryimage"},"thumbnailUrl":"https:\/\/ubirataonline.com.br\/wp-content\/uploads\/2026\/02\/Source-Scherzer-agrees-to-return-to-Blue-Jays-for-19th.jpeg","datePublished":"2026-02-26T07:35:27+00:00","dateModified":"2026-02-26T07:35:29+00:00","description":"Feb 26, 2026, 12:52 AM ETThree-time Cy Young Award winner Max Scherzer has agreed to return to the Toronto Blue Jays, a source confirmed to ESPN's Alden","breadcrumb":{"@id":"https:\/\/ubirataonline.com.br\/source-scherzer-agrees-to-return-to-blue-jays-for-19th-season\/#breadcrumb"},"inLanguage":"en-US","potentialAction":[{"@type":"ReadAction","target":["https:\/\/ubirataonline.com.br\/source-scherzer-agrees-to-return-to-blue-jays-for-19th-season\/"]}]},{"@type":"ImageObject","inLanguage":"en-US","@id":"https:\/\/ubirataonline.com.br\/source-scherzer-agrees-to-return-to-blue-jays-for-19th-season\/#primaryimage","url":"https:\/\/ubirataonline.com.br\/wp-content\/uploads\/2026\/02\/Source-Scherzer-agrees-to-return-to-Blue-Jays-for-19th.jpeg","contentUrl":"https:\/\/ubirataonline.com.br\/wp-content\/uploads\/2026\/02\/Source-Scherzer-agrees-to-return-to-Blue-Jays-for-19th.jpeg","width":1296,"height":729,"caption":"Source: Scherzer agrees to return to Blue Jays (1:05)Source: Max Scherzer agrees to return to Blue Jays. (1:05)"},{"@type":"BreadcrumbList","@id":"https:\/\/ubirataonline.com.br\/source-scherzer-agrees-to-return-to-blue-jays-for-19th-season\/#breadcrumb","itemListElement":[{"@type":"ListItem","position":1,"name":"In\u00edcio","item":"https:\/\/ubirataonline.com.br\/"},{"@type":"ListItem","position":2,"name":"Source: Scherzer agrees to return to Blue Jays for 19th season"}]},{"@type":"WebSite","@id":"https:\/\/ubirataonline.com.br\/#website","url":"https:\/\/ubirataonline.com.br\/","name":"Ubirat\u00e3 Online Not\u00edcias","description":"Not\u00edcias de Ubirat\u00e3, regi\u00e3o, Brasil e mundo, com informa\u00e7\u00e3o atualizada e compromisso com o leitor.","publisher":{"@id":"https:\/\/ubirataonline.com.br\/#organization"},"alternateName":"Ubirat\u00e3 Online","potentialAction":[{"@type":"SearchAction","target":{"@type":"EntryPoint","urlTemplate":"https:\/\/ubirataonline.com.br\/?s={search_term_string}"},"query-input":{"@type":"PropertyValueSpecification","valueRequired":true,"valueName":"search_term_string"}}],"inLanguage":"en-US"},{"@type":["Organization","Place"],"@id":"https:\/\/ubirataonline.com.br\/#organization","name":"Ubirat\u00e3 Online Not\u00edcias","alternateName":"Ubirat\u00e3 Online","url":"https:\/\/ubirataonline.com.br\/","logo":{"@id":"https:\/\/ubirataonline.com.br\/source-scherzer-agrees-to-return-to-blue-jays-for-19th-season\/#local-main-organization-logo"},"image":{"@id":"https:\/\/ubirataonline.com.br\/source-scherzer-agrees-to-return-to-blue-jays-for-19th-season\/#local-main-organization-logo"},"sameAs":["https:\/\/www.facebook.com\/portalubirataonline","https:\/\/x.com\/ubirataonline","https:\/\/mastodon.social\/@ubirataonline","https:\/\/www.facebook.com\/groups\/311144672285604","https:\/\/www.facebook.com\/UBTAOnline","https:\/\/www.instagram.com\/portalubirataonline\/","https:\/\/twitter.com\/ubirataonline"],"description":"Somos um portal de not\u00edcias independente, criado em 5 de janeiro de 2009, com o objetivo de informar, conectar e valorizar a nossa comunidade de Ubirat\u00e3 e toda aregi\u00e3o. Com conte\u00fado atualizado, confi\u00e1vel e relevante, o Ubirat\u00e3 Online \u00e9 o seu espa\u00e7o para ficar por dentro dos principais acontecimentos locais, regionais, Brasil, Mundo e de interesse geral. Nosso compromisso \u00e9 com a verdade, a transpar\u00eancia e o respeito ao leitor.","legalName":"UBIRATA ONLINE NOT\u00cdCIAS","foundingDate":"2009-01-05","numberOfEmployees":{"@type":"QuantitativeValue","minValue":"1","maxValue":"10"},"publishingPrinciples":"https:\/\/ubirataonline.com.br\/faq\/","address":{"@id":"https:\/\/ubirataonline.com.br\/source-scherzer-agrees-to-return-to-blue-jays-for-19th-season\/#local-main-place-address"},"geo":{"@type":"GeoCoordinates","latitude":"-24.5361401","longitude":"-52.9921776"},"telephone":["+5544998308235"],"contactPoint":{"@type":"ContactPoint","email":"contato@ubirataonline.com.br"},"openingHoursSpecification":{"@type":"OpeningHoursSpecification","dayOfWeek":["Monday","Tuesday","Wednesday","Thursday","Friday","Saturday","Sunday"],"opens":"00:00","closes":"23:59"},"email":"contato@ubirataonline.com.br","vatID":"47.621.418\/0001-80"},{"@type":"Person","@id":"https:\/\/ubirataonline.com.br\/#\/schema\/person\/372f87bbd3fdd79b8556b84c98d0bc1c","name":"REDA\u00c7\u00c3O: UBIRAT\u00c3 ONLINE - F\u00c1BIO AUGUSTO CELESTINO","pronouns":"Ele","description":"Desde 2003 trabalhando com not\u00edcias.","sameAs":["http:\/\/ubirataoline.com.br","https:\/\/www.facebook.com\/portalubirataonline","https:\/\/www.instagram.com\/ubirataonline_oficial","https:\/\/x.com\/x.com\/ubirataonline"],"honorificPrefix":"Mr.","honorificSuffix":"MD","birthDate":"1980-06-16","gender":"masculino","award":["V\u00e1rios pr\u00eamios de melhor portal da cidade"],"jobTitle":"Diretor","url":"https:\/\/ubirataonline.com.br\/en\/author\/ubirataonline\/"},{"@type":"PostalAddress","@id":"https:\/\/ubirataonline.com.br\/source-scherzer-agrees-to-return-to-blue-jays-for-19th-season\/#local-main-place-address","streetAddress":"Rua dos Coqueiros, 104 - Bairro Boa Vista, Rua dos Coqueiros, 104 Bairro Boa Vista","addressLocality":"UBIRATA","postalCode":"85440-000","addressRegion":"PR","addressCountry":"BR"},{"@type":"ImageObject","inLanguage":"en-US","@id":"https:\/\/ubirataonline.com.br\/source-scherzer-agrees-to-return-to-blue-jays-for-19th-season\/#local-main-organization-logo","url":"https:\/\/ubirataonline.com.br\/wp-content\/uploads\/2026\/06\/logoubirataonline-1.webp","contentUrl":"https:\/\/ubirataonline.com.br\/wp-content\/uploads\/2026\/06\/logoubirataonline-1.webp","width":500,"height":500,"caption":"Ubirat\u00e3 Online Not\u00edcias"}]},"geo.placename":"UBIRATA","geo.position":{"lat":"-24.5361401","long":"-52.9921776"},"geo.region":"Brazil"},"_links":{"self":[{"href":"https:\/\/ubirataonline.com.br\/en\/wp-json\/wp\/v2\/posts\/90272","targetHints":{"allow":["GET"]}}],"collection":[{"href":"https:\/\/ubirataonline.com.br\/en\/wp-json\/wp\/v2\/posts"}],"about":[{"href":"https:\/\/ubirataonline.com.br\/en\/wp-json\/wp\/v2\/types\/post"}],"author":[{"embeddable":true,"href":"https:\/\/ubirataonline.com.br\/en\/wp-json\/wp\/v2\/users\/1"}],"replies":[{"embeddable":true,"href":"https:\/\/ubirataonline.com.br\/en\/wp-json\/wp\/v2\/comments?post=90272"}],"version-history":[{"count":0,"href":"https:\/\/ubirataonline.com.br\/en\/wp-json\/wp\/v2\/posts\/90272\/revisions"}],"wp:featuredmedia":[{"embeddable":true,"href":"https:\/\/ubirataonline.com.br\/en\/wp-json\/wp\/v2\/media\/90273"}],"wp:attachment":[{"href":"https:\/\/ubirataonline.com.br\/en\/wp-json\/wp\/v2\/media?parent=90272"}],"wp:term":[{"taxonomy":"category","embeddable":true,"href":"https:\/\/ubirataonline.com.br\/en\/wp-json\/wp\/v2\/categories?post=90272"},{"taxonomy":"post_tag","embeddable":true,"href":"https:\/\/ubirataonline.com.br\/en\/wp-json\/wp\/v2\/tags?post=90272"}],"curies":[{"name":"wp","href":"https:\/\/api.w.org\/{rel}","templated":true}]}}