{"id":90286,"date":"2026-02-26T06:27:30","date_gmt":"2026-02-26T09:27:30","guid":{"rendered":"https:\/\/ubirataonline.com.br\/quinta-feira-26-dia-do-carpe-diem-comeca-com-mais-de-1-000-vagas-em-toledo\/"},"modified":"2026-02-26T06:27:34","modified_gmt":"2026-02-26T09:27:34","slug":"quinta-feira-26-dia-do-carpe-diem-comeca-com-mais-de-1-000-vagas-em-toledo","status":"publish","type":"post","link":"https:\/\/ubirataonline.com.br\/en\/quinta-feira-26-dia-do-carpe-diem-comeca-com-mais-de-1-000-vagas-em-toledo\/","title":{"rendered":"Quinta-feira (26), Dia do &#8221;Carpe Diem&#8221;, come\u00e7a com mais de 1.000 vagas em Toledo"},"content":{"rendered":"<p><\/p>\n<div id=\"texto\">\n<p>A Ag\u00eancia do Trabalhador de Toledo est\u00e1 com <strong>mais de 1.000 oportunidades de emprego dispon\u00edveis nesta quinta-feira (26\/02\/2026)<\/strong>, contemplando candidatos com diferentes n\u00edveis de escolaridade e experi\u00eancia. As vagas abrangem setores como ind\u00fastria, com\u00e9rcio, constru\u00e7\u00e3o civil, transporte, tecnologia, sa\u00fade, educa\u00e7\u00e3o, agroneg\u00f3cio e servi\u00e7os em geral.<\/p>\n<p>O sistema da ag\u00eancia \u00e9 atualizado diariamente, permitindo que novas oportunidades sejam inclu\u00eddas conforme a demanda das empresas locais e o perfil dos trabalhadores cadastrados.<\/p>\n<h2 class=\"wp-block-heading\" id=\"h-principais-vagas-disponiveis\">Principais vagas dispon\u00edveis<\/h2>\n<p>Entre os destaques do dia est\u00e3o:<\/p>\n<ul>\n<li><strong>Auxiliar de linha de produ\u00e7\u00e3o<\/strong> \u2013 495 vagas<\/li>\n<li><strong>Auxiliar de produ\u00e7\u00e3o farmac\u00eautica<\/strong> \u2013 100 vagas<\/li>\n<li><strong>Operador de processo de produ\u00e7\u00e3o<\/strong> \u2013 100 vagas<\/li>\n<li><strong>Operador de caixa<\/strong> \u2013 31 vagas<\/li>\n<li><strong>Consultor de vendas<\/strong> \u2013 25 vagas<\/li>\n<li><strong>Alimentador de linha de produ\u00e7\u00e3o<\/strong> \u2013 25 vagas<\/li>\n<li><strong>Repositor de mercadorias<\/strong> \u2013 24 vagas<\/li>\n<li><strong>Vendedor de servi\u00e7os<\/strong> \u2013 15 vagas<\/li>\n<li><strong>Auxiliar de limpeza<\/strong> \u2013 8 vagas<\/li>\n<li><strong>Auxiliar de expedi\u00e7\u00e3o<\/strong> \u2013 9 vagas<\/li>\n<li><strong>Higienista industrial<\/strong> \u2013 10 vagas<\/li>\n<li><strong>Motorista de caminh\u00e3o<\/strong> \u2013 9 vagas<\/li>\n<li><strong>Pedreiro<\/strong> \u2013 7 vagas<\/li>\n<li><strong>Auxiliar de cozinha<\/strong> \u2013 7 vagas<\/li>\n<li><strong>Zelador<\/strong> \u2013 7 vagas<\/li>\n<li><strong>Carpinteiro<\/strong> \u2013 6 vagas<\/li>\n<li><strong>Operador de motosserra<\/strong> \u2013 6 vagas<\/li>\n<li><strong>Operador de empilhadeira<\/strong> \u2013 6 vagas<\/li>\n<li><strong>Tratorista operador de ro\u00e7adeira<\/strong> \u2013 6 vagas<\/li>\n<\/ul>\n<p>Tamb\u00e9m h\u00e1 oportunidades nas \u00e1reas administrativa e t\u00e9cnica, como analista cont\u00e1bil, analista de marketing, analista de suporte, analista de redes e comunica\u00e7\u00e3o de dados, t\u00e9cnico em seguran\u00e7a do trabalho, t\u00e9cnico eletr\u00f4nico, t\u00e9cnico em eletromec\u00e2nica, t\u00e9cnico de controle de meio ambiente e t\u00e9cnico analista de PCP.<\/p>\n<p>No setor industrial, destacam-se fun\u00e7\u00f5es como soldador, montador de estruturas met\u00e1licas, mec\u00e2nico montador, operador especializado de extrusora e instalador de sistemas fotovoltaicos.<\/p>\n<p>J\u00e1 no setor agropecu\u00e1rio, h\u00e1 vagas para trabalhador da suinocultura e tratorista operador de ro\u00e7adeira, refor\u00e7ando a import\u00e2ncia do campo para a economia regional.<\/p>\n<h2 class=\"wp-block-heading\" id=\"h-estagios-e-vagas-exclusivas\">Est\u00e1gios e vagas exclusivas<\/h2>\n<p>A ag\u00eancia disponibiliza ainda vagas de est\u00e1gio para:<\/p>\n<ul>\n<li>Arquiteto de interiores (1)<\/li>\n<li>Engenheiro civil (2)<\/li>\n<li>Engenheiro de software computacional b\u00e1sico (4)<\/li>\n<li>Engenheiro el\u00e9trico (1)<\/li>\n<li>Inspetor de qualidade (2)<\/li>\n<li>T\u00e9cnico de garantia da qualidade (2)<\/li>\n<\/ul>\n<p>H\u00e1 tamb\u00e9m oportunidades exclusivas para pessoas com defici\u00eancia (PCD) ou reabilitados pelo INSS:<\/p>\n<ul>\n<li>Monitor de alunos (2)<\/li>\n<li>Motorista carreteiro (1)<\/li>\n<\/ul>\n<h2 class=\"wp-block-heading\" id=\"h-ultimas-vagas-para-curso-gratuito\">\u00daltimas vagas para curso gratuito<\/h2>\n<p>A Prefeitura de Toledo, por meio da Ag\u00eancia do Trabalhador e do programa TooQualificado, est\u00e1 com <strong>\u00faltimas vagas<\/strong> para o curso gratuito de <strong>Instala\u00e7\u00e3o de Acess\u00f3rios Automotivos<\/strong>.<\/p>\n<ul>\n<li>Per\u00edodo: 3 a 24 de mar\u00e7o<\/li>\n<li>Ter\u00e7as a quintas-feiras<\/li>\n<li>18h40 \u00e0s 22h40<\/li>\n<li>Requisitos: m\u00ednimo de 14 anos e Ensino Fundamental incompleto<\/li>\n<li>20 vagas dispon\u00edveis<\/li>\n<\/ul>\n<p>As inscri\u00e7\u00f5es s\u00e3o gratuitas e devem ser realizadas online pelo link:<br \/>&#x1f449; <a href=\"https:\/\/www.toledo.pr.gov.br\/servicos\/cidadao\/cursos\">https:\/\/www.toledo.pr.gov.br\/servicos\/cidadao\/cursos<\/a><br \/>(O acesso tamb\u00e9m est\u00e1 dispon\u00edvel no destaque \u201cCursos Gratuitos\u201d no Instagram da ag\u00eancia.)<\/p>\n<h2 class=\"wp-block-heading\" id=\"h-como-e-onde-se-candidatar\">Como e onde se candidatar<\/h2>\n<p>O atendimento na Ag\u00eancia do Trabalhador de Toledo ocorre de segunda a sexta-feira, das 8h \u00e0s 12h e das 13h30 \u00e0s 17h, de forma presencial, com retirada de senha no local.<\/p>\n<p>Os interessados devem comparecer com documentos pessoais, como RG, CPF e Carteira de Trabalho (f\u00edsica ou digital), para atualiza\u00e7\u00e3o do cadastro e encaminhamento \u00e0s vagas compat\u00edveis com o perfil profissional.<\/p>\n<p>Endere\u00e7o: Rua S\u00e3o Jo\u00e3o, 6487 \u2013 Centro \u2013 Toledo\/PR<br \/>Telefone e WhatsApp: (45) 3196-3940<br \/>Instagram: @agenciadotrabalhadortoledo<\/p>\n<\/p><\/div>\n<p><a href=\"https:\/\/cgn.inf.br\/noticia\/2049578\/quinta-feira-26-dia-do-carpe-diem-comeca-com-mais-de-1-000-vagas-em-toledo\">Fonte do Artigo <\/a><\/p>","protected":false},"excerpt":{"rendered":"<p>A Ag\u00eancia do Trabalhador de Toledo est\u00e1 com mais de 1.000 oportunidades de emprego dispon\u00edveis nesta quinta-feira (26\/02\/2026), contemplando candidatos com diferentes n\u00edveis de escolaridade e experi\u00eancia. As vagas abrangem setores como ind\u00fastria, com\u00e9rcio, constru\u00e7\u00e3o civil, transporte, tecnologia, sa\u00fade, educa\u00e7\u00e3o, agroneg\u00f3cio e servi\u00e7os em geral. O sistema da ag\u00eancia \u00e9 atualizado diariamente, permitindo que novas [&hellip;]<\/p>\n","protected":false},"author":1,"featured_media":90287,"comment_status":"closed","ping_status":"","sticky":false,"template":"","format":"standard","meta":{"googlesitekit_rrm_CAow2JLhCw:productID":"","_gspb_post_css":"","maa_idioma":"","maa_pais":"","footnotes":""},"categories":[1],"tags":[20547,3741,3101,20548,2926,4201,1637,4590],"class_list":["post-90286","post","type-post","status-publish","format-standard","has-post-thumbnail","hentry","category-ubirata","tag-carpe","tag-comeca","tag-dia","tag-diem","tag-mais","tag-quintafeira","tag-toledo","tag-vagas"],"blocksy_meta":[],"yoast_head":"<!-- This site is optimized with the Yoast SEO Premium plugin v27.6 (Yoast SEO v27.6) - https:\/\/yoast.com\/product\/yoast-seo-premium-wordpress\/ -->\n<title>Quinta-feira (26), Dia do &#039;&#039;Carpe Diem&#039;&#039;, come\u00e7a com mais de 1.000 vagas em Toledo - Ubirat\u00e3 Online Not\u00edcias - A realidade ao seu alcance!<\/title>\n<meta name=\"description\" content=\"A Ag\u00eancia do Trabalhador de Toledo est\u00e1 com mais de 1.000 oportunidades de emprego dispon\u00edveis nesta quinta-feira (26\/02\/2026), contemplando candidatos\" \/>\n<meta name=\"robots\" content=\"index, follow, max-snippet:-1, max-image-preview:large, max-video-preview:-1\" \/>\n<link rel=\"canonical\" href=\"https:\/\/ubirataonline.com.br\/en\/quinta-feira-26-dia-do-carpe-diem-comeca-com-mais-de-1-000-vagas-em-toledo\/\" \/>\n<meta property=\"og:locale\" content=\"en_US\" \/>\n<meta property=\"og:type\" content=\"article\" \/>\n<meta property=\"og:title\" content=\"Quinta-feira (26), Dia do &#039;&#039;Carpe Diem&#039;&#039;, come\u00e7a com mais de 1.000 vagas em Toledo\" \/>\n<meta property=\"og:description\" content=\"A Ag\u00eancia do Trabalhador de Toledo est\u00e1 com mais de 1.000 oportunidades de emprego dispon\u00edveis nesta quinta-feira (26\/02\/2026), contemplando candidatos\" \/>\n<meta property=\"og:url\" content=\"https:\/\/ubirataonline.com.br\/en\/quinta-feira-26-dia-do-carpe-diem-comeca-com-mais-de-1-000-vagas-em-toledo\/\" \/>\n<meta property=\"og:site_name\" content=\"Ubirat\u00e3 Online Not\u00edcias - A realidade ao seu alcance!\" \/>\n<meta property=\"article:publisher\" content=\"https:\/\/www.facebook.com\/portalubirataonline\" \/>\n<meta property=\"article:author\" content=\"https:\/\/www.facebook.com\/portalubirataonline\" \/>\n<meta property=\"article:published_time\" content=\"2026-02-26T09:27:30+00:00\" \/>\n<meta property=\"article:modified_time\" content=\"2026-02-26T09:27:34+00:00\" \/>\n<meta property=\"og:image\" content=\"https:\/\/ubirataonline.com.br\/wp-content\/uploads\/2026\/02\/Quinta-feira-26-Dia-do-Carpe-Diem-comeca-com-mais-de.jpg\" \/>\n\t<meta property=\"og:image:width\" content=\"1280\" \/>\n\t<meta property=\"og:image:height\" content=\"720\" \/>\n\t<meta property=\"og:image:type\" content=\"image\/jpeg\" \/>\n<meta name=\"author\" content=\"REDA\u00c7\u00c3O: UBIRAT\u00c3 ONLINE - F\u00c1BIO AUGUSTO CELESTINO\" \/>\n<meta name=\"twitter:card\" content=\"summary_large_image\" \/>\n<meta name=\"twitter:creator\" content=\"@x.com\/ubirataonline\" \/>\n<meta name=\"twitter:site\" content=\"@ubirataonline\" \/>\n<meta name=\"twitter:label1\" content=\"Written by\" \/>\n\t<meta name=\"twitter:data1\" content=\"REDA\u00c7\u00c3O: UBIRAT\u00c3 ONLINE - F\u00c1BIO AUGUSTO CELESTINO\" \/>\n\t<meta name=\"twitter:label2\" content=\"Est. reading time\" \/>\n\t<meta name=\"twitter:data2\" content=\"3 minutes\" \/>\n<script type=\"application\/ld+json\" class=\"yoast-schema-graph\">{\"@context\":\"https:\\\/\\\/schema.org\",\"@graph\":[{\"@type\":\"NewsArticle\",\"@id\":\"https:\\\/\\\/ubirataonline.com.br\\\/quinta-feira-26-dia-do-carpe-diem-comeca-com-mais-de-1-000-vagas-em-toledo\\\/#article\",\"isPartOf\":{\"@id\":\"https:\\\/\\\/ubirataonline.com.br\\\/quinta-feira-26-dia-do-carpe-diem-comeca-com-mais-de-1-000-vagas-em-toledo\\\/\"},\"author\":{\"name\":\"REDA\u00c7\u00c3O: UBIRAT\u00c3 ONLINE - F\u00c1BIO AUGUSTO CELESTINO\",\"@id\":\"https:\\\/\\\/ubirataonline.com.br\\\/#\\\/schema\\\/person\\\/372f87bbd3fdd79b8556b84c98d0bc1c\"},\"headline\":\"Quinta-feira (26), Dia do &#8221;Carpe Diem&#8221;, come\u00e7a com mais de 1.000 vagas em Toledo\",\"datePublished\":\"2026-02-26T09:27:30+00:00\",\"dateModified\":\"2026-02-26T09:27:34+00:00\",\"mainEntityOfPage\":{\"@id\":\"https:\\\/\\\/ubirataonline.com.br\\\/quinta-feira-26-dia-do-carpe-diem-comeca-com-mais-de-1-000-vagas-em-toledo\\\/\"},\"wordCount\":546,\"publisher\":{\"@id\":\"https:\\\/\\\/ubirataonline.com.br\\\/#organization\"},\"image\":{\"@id\":\"https:\\\/\\\/ubirataonline.com.br\\\/quinta-feira-26-dia-do-carpe-diem-comeca-com-mais-de-1-000-vagas-em-toledo\\\/#primaryimage\"},\"thumbnailUrl\":\"https:\\\/\\\/ubirataonline.com.br\\\/wp-content\\\/uploads\\\/2026\\\/02\\\/Quinta-feira-26-Dia-do-Carpe-Diem-comeca-com-mais-de.jpg\",\"keywords\":[\"Carpe\",\"Come\u00e7a\",\"dia\",\"Diem\",\"mais\",\"quintafeira\",\"Toledo\",\"vagas\"],\"articleSection\":[\"Ubirat\u00e3\"],\"inLanguage\":\"en-US\",\"copyrightYear\":\"2026\",\"copyrightHolder\":{\"@id\":\"https:\\\/\\\/ubirataonline.com.br\\\/en\\\/#organization\"}},{\"@type\":\"WebPage\",\"@id\":\"https:\\\/\\\/ubirataonline.com.br\\\/quinta-feira-26-dia-do-carpe-diem-comeca-com-mais-de-1-000-vagas-em-toledo\\\/\",\"url\":\"https:\\\/\\\/ubirataonline.com.br\\\/quinta-feira-26-dia-do-carpe-diem-comeca-com-mais-de-1-000-vagas-em-toledo\\\/\",\"name\":\"Quinta-feira (26), Dia do ''Carpe Diem'', come\u00e7a com mais de 1.000 vagas em Toledo - Ubirat\u00e3 Online Not\u00edcias - A realidade ao seu alcance!\",\"isPartOf\":{\"@id\":\"https:\\\/\\\/ubirataonline.com.br\\\/#website\"},\"primaryImageOfPage\":{\"@id\":\"https:\\\/\\\/ubirataonline.com.br\\\/quinta-feira-26-dia-do-carpe-diem-comeca-com-mais-de-1-000-vagas-em-toledo\\\/#primaryimage\"},\"image\":{\"@id\":\"https:\\\/\\\/ubirataonline.com.br\\\/quinta-feira-26-dia-do-carpe-diem-comeca-com-mais-de-1-000-vagas-em-toledo\\\/#primaryimage\"},\"thumbnailUrl\":\"https:\\\/\\\/ubirataonline.com.br\\\/wp-content\\\/uploads\\\/2026\\\/02\\\/Quinta-feira-26-Dia-do-Carpe-Diem-comeca-com-mais-de.jpg\",\"datePublished\":\"2026-02-26T09:27:30+00:00\",\"dateModified\":\"2026-02-26T09:27:34+00:00\",\"description\":\"A Ag\u00eancia do Trabalhador de Toledo est\u00e1 com mais de 1.000 oportunidades de emprego dispon\u00edveis nesta quinta-feira (26\\\/02\\\/2026), contemplando candidatos\",\"breadcrumb\":{\"@id\":\"https:\\\/\\\/ubirataonline.com.br\\\/quinta-feira-26-dia-do-carpe-diem-comeca-com-mais-de-1-000-vagas-em-toledo\\\/#breadcrumb\"},\"inLanguage\":\"en-US\",\"potentialAction\":[{\"@type\":\"ReadAction\",\"target\":[\"https:\\\/\\\/ubirataonline.com.br\\\/quinta-feira-26-dia-do-carpe-diem-comeca-com-mais-de-1-000-vagas-em-toledo\\\/\"]}]},{\"@type\":\"ImageObject\",\"inLanguage\":\"en-US\",\"@id\":\"https:\\\/\\\/ubirataonline.com.br\\\/quinta-feira-26-dia-do-carpe-diem-comeca-com-mais-de-1-000-vagas-em-toledo\\\/#primaryimage\",\"url\":\"https:\\\/\\\/ubirataonline.com.br\\\/wp-content\\\/uploads\\\/2026\\\/02\\\/Quinta-feira-26-Dia-do-Carpe-Diem-comeca-com-mais-de.jpg\",\"contentUrl\":\"https:\\\/\\\/ubirataonline.com.br\\\/wp-content\\\/uploads\\\/2026\\\/02\\\/Quinta-feira-26-Dia-do-Carpe-Diem-comeca-com-mais-de.jpg\",\"width\":1280,\"height\":720,\"caption\":\"Imagem: SINE\"},{\"@type\":\"BreadcrumbList\",\"@id\":\"https:\\\/\\\/ubirataonline.com.br\\\/quinta-feira-26-dia-do-carpe-diem-comeca-com-mais-de-1-000-vagas-em-toledo\\\/#breadcrumb\",\"itemListElement\":[{\"@type\":\"ListItem\",\"position\":1,\"name\":\"In\u00edcio\",\"item\":\"https:\\\/\\\/ubirataonline.com.br\\\/\"},{\"@type\":\"ListItem\",\"position\":2,\"name\":\"Quinta-feira (26), Dia do &#8221;Carpe Diem&#8221;, come\u00e7a com mais de 1.000 vagas em Toledo\"}]},{\"@type\":\"WebSite\",\"@id\":\"https:\\\/\\\/ubirataonline.com.br\\\/#website\",\"url\":\"https:\\\/\\\/ubirataonline.com.br\\\/\",\"name\":\"Ubirat\u00e3 Online Not\u00edcias\",\"description\":\"Not\u00edcias de Ubirat\u00e3, regi\u00e3o, Brasil e mundo, com informa\u00e7\u00e3o atualizada e compromisso com o leitor.\",\"publisher\":{\"@id\":\"https:\\\/\\\/ubirataonline.com.br\\\/#organization\"},\"alternateName\":\"Ubirat\u00e3 Online\",\"potentialAction\":[{\"@type\":\"SearchAction\",\"target\":{\"@type\":\"EntryPoint\",\"urlTemplate\":\"https:\\\/\\\/ubirataonline.com.br\\\/?s={search_term_string}\"},\"query-input\":{\"@type\":\"PropertyValueSpecification\",\"valueRequired\":true,\"valueName\":\"search_term_string\"}}],\"inLanguage\":\"en-US\"},{\"@type\":[\"Organization\",\"Place\"],\"@id\":\"https:\\\/\\\/ubirataonline.com.br\\\/#organization\",\"name\":\"Ubirat\u00e3 Online Not\u00edcias\",\"alternateName\":\"Ubirat\u00e3 Online\",\"url\":\"https:\\\/\\\/ubirataonline.com.br\\\/\",\"logo\":{\"@id\":\"https:\\\/\\\/ubirataonline.com.br\\\/quinta-feira-26-dia-do-carpe-diem-comeca-com-mais-de-1-000-vagas-em-toledo\\\/#local-main-organization-logo\"},\"image\":{\"@id\":\"https:\\\/\\\/ubirataonline.com.br\\\/quinta-feira-26-dia-do-carpe-diem-comeca-com-mais-de-1-000-vagas-em-toledo\\\/#local-main-organization-logo\"},\"sameAs\":[\"https:\\\/\\\/www.facebook.com\\\/portalubirataonline\",\"https:\\\/\\\/x.com\\\/ubirataonline\",\"https:\\\/\\\/mastodon.social\\\/@ubirataonline\",\"https:\\\/\\\/www.facebook.com\\\/groups\\\/311144672285604\",\"https:\\\/\\\/www.facebook.com\\\/UBTAOnline\",\"https:\\\/\\\/www.instagram.com\\\/portalubirataonline\\\/\",\"https:\\\/\\\/twitter.com\\\/ubirataonline\"],\"description\":\"Somos um portal de not\u00edcias independente, criado em 5 de janeiro de 2009, com o objetivo de informar, conectar e valorizar a nossa comunidade de Ubirat\u00e3 e toda aregi\u00e3o. Com conte\u00fado atualizado, confi\u00e1vel e relevante, o Ubirat\u00e3 Online \u00e9 o seu espa\u00e7o para ficar por dentro dos principais acontecimentos locais, regionais, Brasil, Mundo e de interesse geral. Nosso compromisso \u00e9 com a verdade, a transpar\u00eancia e o respeito ao leitor.\",\"legalName\":\"UBIRATA ONLINE NOT\u00cdCIAS\",\"foundingDate\":\"2009-01-05\",\"numberOfEmployees\":{\"@type\":\"QuantitativeValue\",\"minValue\":\"1\",\"maxValue\":\"10\"},\"publishingPrinciples\":\"https:\\\/\\\/ubirataonline.com.br\\\/faq\\\/\",\"address\":{\"@id\":\"https:\\\/\\\/ubirataonline.com.br\\\/quinta-feira-26-dia-do-carpe-diem-comeca-com-mais-de-1-000-vagas-em-toledo\\\/#local-main-place-address\"},\"geo\":{\"@type\":\"GeoCoordinates\",\"latitude\":\"-24.5361401\",\"longitude\":\"-52.9921776\"},\"telephone\":[\"+5544998308235\"],\"contactPoint\":{\"@type\":\"ContactPoint\",\"email\":\"contato@ubirataonline.com.br\"},\"openingHoursSpecification\":{\"@type\":\"OpeningHoursSpecification\",\"dayOfWeek\":[\"Monday\",\"Tuesday\",\"Wednesday\",\"Thursday\",\"Friday\",\"Saturday\",\"Sunday\"],\"opens\":\"00:00\",\"closes\":\"23:59\"},\"email\":\"contato@ubirataonline.com.br\",\"vatID\":\"47.621.418\\\/0001-80\"},{\"@type\":\"Person\",\"@id\":\"https:\\\/\\\/ubirataonline.com.br\\\/#\\\/schema\\\/person\\\/372f87bbd3fdd79b8556b84c98d0bc1c\",\"name\":\"REDA\u00c7\u00c3O: UBIRAT\u00c3 ONLINE - F\u00c1BIO AUGUSTO CELESTINO\",\"pronouns\":\"Ele\",\"description\":\"Desde 2003 trabalhando com not\u00edcias.\",\"sameAs\":[\"http:\\\/\\\/ubirataoline.com.br\",\"https:\\\/\\\/www.facebook.com\\\/portalubirataonline\",\"https:\\\/\\\/www.instagram.com\\\/ubirataonline_oficial\",\"https:\\\/\\\/x.com\\\/x.com\\\/ubirataonline\"],\"honorificPrefix\":\"Mr.\",\"honorificSuffix\":\"MD\",\"birthDate\":\"1980-06-16\",\"gender\":\"masculino\",\"award\":[\"V\u00e1rios pr\u00eamios de melhor portal da cidade\"],\"jobTitle\":\"Diretor\",\"url\":\"https:\\\/\\\/ubirataonline.com.br\\\/en\\\/author\\\/ubirataonline\\\/\"},{\"@type\":\"PostalAddress\",\"@id\":\"https:\\\/\\\/ubirataonline.com.br\\\/quinta-feira-26-dia-do-carpe-diem-comeca-com-mais-de-1-000-vagas-em-toledo\\\/#local-main-place-address\",\"streetAddress\":\"Rua dos Coqueiros, 104 - Bairro Boa Vista, Rua dos Coqueiros, 104 Bairro Boa Vista\",\"addressLocality\":\"UBIRATA\",\"postalCode\":\"85440-000\",\"addressRegion\":\"PR\",\"addressCountry\":\"BR\"},{\"@type\":\"ImageObject\",\"inLanguage\":\"en-US\",\"@id\":\"https:\\\/\\\/ubirataonline.com.br\\\/quinta-feira-26-dia-do-carpe-diem-comeca-com-mais-de-1-000-vagas-em-toledo\\\/#local-main-organization-logo\",\"url\":\"https:\\\/\\\/ubirataonline.com.br\\\/wp-content\\\/uploads\\\/2026\\\/06\\\/logoubirataonline-1.webp\",\"contentUrl\":\"https:\\\/\\\/ubirataonline.com.br\\\/wp-content\\\/uploads\\\/2026\\\/06\\\/logoubirataonline-1.webp\",\"width\":500,\"height\":500,\"caption\":\"Ubirat\u00e3 Online Not\u00edcias\"}]}<\/script>\n<meta name=\"geo.placename\" content=\"UBIRATA\" \/>\n<meta name=\"geo.position\" content=\"-24.5361401;-52.9921776\" \/>\n<meta name=\"geo.region\" content=\"Brazil\" \/>\n<!-- \/ Yoast SEO Premium plugin. -->","yoast_head_json":{"title":"Quinta-feira (26), Dia do ''Carpe Diem'', come\u00e7a com mais de 1.000 vagas em Toledo - Ubirat\u00e3 Online Not\u00edcias - A realidade ao seu alcance!","description":"A Ag\u00eancia do Trabalhador de Toledo est\u00e1 com mais de 1.000 oportunidades de emprego dispon\u00edveis nesta quinta-feira (26\/02\/2026), contemplando candidatos","robots":{"index":"index","follow":"follow","max-snippet":"max-snippet:-1","max-image-preview":"max-image-preview:large","max-video-preview":"max-video-preview:-1"},"canonical":"https:\/\/ubirataonline.com.br\/en\/quinta-feira-26-dia-do-carpe-diem-comeca-com-mais-de-1-000-vagas-em-toledo\/","og_locale":"en_US","og_type":"article","og_title":"Quinta-feira (26), Dia do ''Carpe Diem'', come\u00e7a com mais de 1.000 vagas em Toledo","og_description":"A Ag\u00eancia do Trabalhador de Toledo est\u00e1 com mais de 1.000 oportunidades de emprego dispon\u00edveis nesta quinta-feira (26\/02\/2026), contemplando candidatos","og_url":"https:\/\/ubirataonline.com.br\/en\/quinta-feira-26-dia-do-carpe-diem-comeca-com-mais-de-1-000-vagas-em-toledo\/","og_site_name":"Ubirat\u00e3 Online Not\u00edcias - A realidade ao seu alcance!","article_publisher":"https:\/\/www.facebook.com\/portalubirataonline","article_author":"https:\/\/www.facebook.com\/portalubirataonline","article_published_time":"2026-02-26T09:27:30+00:00","article_modified_time":"2026-02-26T09:27:34+00:00","og_image":[{"width":1280,"height":720,"url":"https:\/\/ubirataonline.com.br\/wp-content\/uploads\/2026\/02\/Quinta-feira-26-Dia-do-Carpe-Diem-comeca-com-mais-de.jpg","type":"image\/jpeg"}],"author":"REDA\u00c7\u00c3O: UBIRAT\u00c3 ONLINE - F\u00c1BIO AUGUSTO CELESTINO","twitter_card":"summary_large_image","twitter_creator":"@x.com\/ubirataonline","twitter_site":"@ubirataonline","twitter_misc":{"Written by":"REDA\u00c7\u00c3O: UBIRAT\u00c3 ONLINE - F\u00c1BIO AUGUSTO CELESTINO","Est. reading time":"3 minutes"},"schema":{"@context":"https:\/\/schema.org","@graph":[{"@type":"NewsArticle","@id":"https:\/\/ubirataonline.com.br\/quinta-feira-26-dia-do-carpe-diem-comeca-com-mais-de-1-000-vagas-em-toledo\/#article","isPartOf":{"@id":"https:\/\/ubirataonline.com.br\/quinta-feira-26-dia-do-carpe-diem-comeca-com-mais-de-1-000-vagas-em-toledo\/"},"author":{"name":"REDA\u00c7\u00c3O: UBIRAT\u00c3 ONLINE - F\u00c1BIO AUGUSTO CELESTINO","@id":"https:\/\/ubirataonline.com.br\/#\/schema\/person\/372f87bbd3fdd79b8556b84c98d0bc1c"},"headline":"Quinta-feira (26), Dia do &#8221;Carpe Diem&#8221;, come\u00e7a com mais de 1.000 vagas em Toledo","datePublished":"2026-02-26T09:27:30+00:00","dateModified":"2026-02-26T09:27:34+00:00","mainEntityOfPage":{"@id":"https:\/\/ubirataonline.com.br\/quinta-feira-26-dia-do-carpe-diem-comeca-com-mais-de-1-000-vagas-em-toledo\/"},"wordCount":546,"publisher":{"@id":"https:\/\/ubirataonline.com.br\/#organization"},"image":{"@id":"https:\/\/ubirataonline.com.br\/quinta-feira-26-dia-do-carpe-diem-comeca-com-mais-de-1-000-vagas-em-toledo\/#primaryimage"},"thumbnailUrl":"https:\/\/ubirataonline.com.br\/wp-content\/uploads\/2026\/02\/Quinta-feira-26-Dia-do-Carpe-Diem-comeca-com-mais-de.jpg","keywords":["Carpe","Come\u00e7a","dia","Diem","mais","quintafeira","Toledo","vagas"],"articleSection":["Ubirat\u00e3"],"inLanguage":"en-US","copyrightYear":"2026","copyrightHolder":{"@id":"https:\/\/ubirataonline.com.br\/en\/#organization"}},{"@type":"WebPage","@id":"https:\/\/ubirataonline.com.br\/quinta-feira-26-dia-do-carpe-diem-comeca-com-mais-de-1-000-vagas-em-toledo\/","url":"https:\/\/ubirataonline.com.br\/quinta-feira-26-dia-do-carpe-diem-comeca-com-mais-de-1-000-vagas-em-toledo\/","name":"Quinta-feira (26), Dia do ''Carpe Diem'', come\u00e7a com mais de 1.000 vagas em Toledo - Ubirat\u00e3 Online Not\u00edcias - A realidade ao seu alcance!","isPartOf":{"@id":"https:\/\/ubirataonline.com.br\/#website"},"primaryImageOfPage":{"@id":"https:\/\/ubirataonline.com.br\/quinta-feira-26-dia-do-carpe-diem-comeca-com-mais-de-1-000-vagas-em-toledo\/#primaryimage"},"image":{"@id":"https:\/\/ubirataonline.com.br\/quinta-feira-26-dia-do-carpe-diem-comeca-com-mais-de-1-000-vagas-em-toledo\/#primaryimage"},"thumbnailUrl":"https:\/\/ubirataonline.com.br\/wp-content\/uploads\/2026\/02\/Quinta-feira-26-Dia-do-Carpe-Diem-comeca-com-mais-de.jpg","datePublished":"2026-02-26T09:27:30+00:00","dateModified":"2026-02-26T09:27:34+00:00","description":"A Ag\u00eancia do Trabalhador de Toledo est\u00e1 com mais de 1.000 oportunidades de emprego dispon\u00edveis nesta quinta-feira (26\/02\/2026), contemplando candidatos","breadcrumb":{"@id":"https:\/\/ubirataonline.com.br\/quinta-feira-26-dia-do-carpe-diem-comeca-com-mais-de-1-000-vagas-em-toledo\/#breadcrumb"},"inLanguage":"en-US","potentialAction":[{"@type":"ReadAction","target":["https:\/\/ubirataonline.com.br\/quinta-feira-26-dia-do-carpe-diem-comeca-com-mais-de-1-000-vagas-em-toledo\/"]}]},{"@type":"ImageObject","inLanguage":"en-US","@id":"https:\/\/ubirataonline.com.br\/quinta-feira-26-dia-do-carpe-diem-comeca-com-mais-de-1-000-vagas-em-toledo\/#primaryimage","url":"https:\/\/ubirataonline.com.br\/wp-content\/uploads\/2026\/02\/Quinta-feira-26-Dia-do-Carpe-Diem-comeca-com-mais-de.jpg","contentUrl":"https:\/\/ubirataonline.com.br\/wp-content\/uploads\/2026\/02\/Quinta-feira-26-Dia-do-Carpe-Diem-comeca-com-mais-de.jpg","width":1280,"height":720,"caption":"Imagem: SINE"},{"@type":"BreadcrumbList","@id":"https:\/\/ubirataonline.com.br\/quinta-feira-26-dia-do-carpe-diem-comeca-com-mais-de-1-000-vagas-em-toledo\/#breadcrumb","itemListElement":[{"@type":"ListItem","position":1,"name":"In\u00edcio","item":"https:\/\/ubirataonline.com.br\/"},{"@type":"ListItem","position":2,"name":"Quinta-feira (26), Dia do &#8221;Carpe Diem&#8221;, come\u00e7a com mais de 1.000 vagas em Toledo"}]},{"@type":"WebSite","@id":"https:\/\/ubirataonline.com.br\/#website","url":"https:\/\/ubirataonline.com.br\/","name":"Ubirat\u00e3 Online Not\u00edcias","description":"Not\u00edcias de Ubirat\u00e3, regi\u00e3o, Brasil e mundo, com informa\u00e7\u00e3o atualizada e compromisso com o leitor.","publisher":{"@id":"https:\/\/ubirataonline.com.br\/#organization"},"alternateName":"Ubirat\u00e3 Online","potentialAction":[{"@type":"SearchAction","target":{"@type":"EntryPoint","urlTemplate":"https:\/\/ubirataonline.com.br\/?s={search_term_string}"},"query-input":{"@type":"PropertyValueSpecification","valueRequired":true,"valueName":"search_term_string"}}],"inLanguage":"en-US"},{"@type":["Organization","Place"],"@id":"https:\/\/ubirataonline.com.br\/#organization","name":"Ubirat\u00e3 Online Not\u00edcias","alternateName":"Ubirat\u00e3 Online","url":"https:\/\/ubirataonline.com.br\/","logo":{"@id":"https:\/\/ubirataonline.com.br\/quinta-feira-26-dia-do-carpe-diem-comeca-com-mais-de-1-000-vagas-em-toledo\/#local-main-organization-logo"},"image":{"@id":"https:\/\/ubirataonline.com.br\/quinta-feira-26-dia-do-carpe-diem-comeca-com-mais-de-1-000-vagas-em-toledo\/#local-main-organization-logo"},"sameAs":["https:\/\/www.facebook.com\/portalubirataonline","https:\/\/x.com\/ubirataonline","https:\/\/mastodon.social\/@ubirataonline","https:\/\/www.facebook.com\/groups\/311144672285604","https:\/\/www.facebook.com\/UBTAOnline","https:\/\/www.instagram.com\/portalubirataonline\/","https:\/\/twitter.com\/ubirataonline"],"description":"Somos um portal de not\u00edcias independente, criado em 5 de janeiro de 2009, com o objetivo de informar, conectar e valorizar a nossa comunidade de Ubirat\u00e3 e toda aregi\u00e3o. Com conte\u00fado atualizado, confi\u00e1vel e relevante, o Ubirat\u00e3 Online \u00e9 o seu espa\u00e7o para ficar por dentro dos principais acontecimentos locais, regionais, Brasil, Mundo e de interesse geral. Nosso compromisso \u00e9 com a verdade, a transpar\u00eancia e o respeito ao leitor.","legalName":"UBIRATA ONLINE NOT\u00cdCIAS","foundingDate":"2009-01-05","numberOfEmployees":{"@type":"QuantitativeValue","minValue":"1","maxValue":"10"},"publishingPrinciples":"https:\/\/ubirataonline.com.br\/faq\/","address":{"@id":"https:\/\/ubirataonline.com.br\/quinta-feira-26-dia-do-carpe-diem-comeca-com-mais-de-1-000-vagas-em-toledo\/#local-main-place-address"},"geo":{"@type":"GeoCoordinates","latitude":"-24.5361401","longitude":"-52.9921776"},"telephone":["+5544998308235"],"contactPoint":{"@type":"ContactPoint","email":"contato@ubirataonline.com.br"},"openingHoursSpecification":{"@type":"OpeningHoursSpecification","dayOfWeek":["Monday","Tuesday","Wednesday","Thursday","Friday","Saturday","Sunday"],"opens":"00:00","closes":"23:59"},"email":"contato@ubirataonline.com.br","vatID":"47.621.418\/0001-80"},{"@type":"Person","@id":"https:\/\/ubirataonline.com.br\/#\/schema\/person\/372f87bbd3fdd79b8556b84c98d0bc1c","name":"REDA\u00c7\u00c3O: UBIRAT\u00c3 ONLINE - F\u00c1BIO AUGUSTO CELESTINO","pronouns":"Ele","description":"Desde 2003 trabalhando com not\u00edcias.","sameAs":["http:\/\/ubirataoline.com.br","https:\/\/www.facebook.com\/portalubirataonline","https:\/\/www.instagram.com\/ubirataonline_oficial","https:\/\/x.com\/x.com\/ubirataonline"],"honorificPrefix":"Mr.","honorificSuffix":"MD","birthDate":"1980-06-16","gender":"masculino","award":["V\u00e1rios pr\u00eamios de melhor portal da cidade"],"jobTitle":"Diretor","url":"https:\/\/ubirataonline.com.br\/en\/author\/ubirataonline\/"},{"@type":"PostalAddress","@id":"https:\/\/ubirataonline.com.br\/quinta-feira-26-dia-do-carpe-diem-comeca-com-mais-de-1-000-vagas-em-toledo\/#local-main-place-address","streetAddress":"Rua dos Coqueiros, 104 - Bairro Boa Vista, Rua dos Coqueiros, 104 Bairro Boa Vista","addressLocality":"UBIRATA","postalCode":"85440-000","addressRegion":"PR","addressCountry":"BR"},{"@type":"ImageObject","inLanguage":"en-US","@id":"https:\/\/ubirataonline.com.br\/quinta-feira-26-dia-do-carpe-diem-comeca-com-mais-de-1-000-vagas-em-toledo\/#local-main-organization-logo","url":"https:\/\/ubirataonline.com.br\/wp-content\/uploads\/2026\/06\/logoubirataonline-1.webp","contentUrl":"https:\/\/ubirataonline.com.br\/wp-content\/uploads\/2026\/06\/logoubirataonline-1.webp","width":500,"height":500,"caption":"Ubirat\u00e3 Online Not\u00edcias"}]},"geo.placename":"UBIRATA","geo.position":{"lat":"-24.5361401","long":"-52.9921776"},"geo.region":"Brazil"},"_links":{"self":[{"href":"https:\/\/ubirataonline.com.br\/en\/wp-json\/wp\/v2\/posts\/90286","targetHints":{"allow":["GET"]}}],"collection":[{"href":"https:\/\/ubirataonline.com.br\/en\/wp-json\/wp\/v2\/posts"}],"about":[{"href":"https:\/\/ubirataonline.com.br\/en\/wp-json\/wp\/v2\/types\/post"}],"author":[{"embeddable":true,"href":"https:\/\/ubirataonline.com.br\/en\/wp-json\/wp\/v2\/users\/1"}],"replies":[{"embeddable":true,"href":"https:\/\/ubirataonline.com.br\/en\/wp-json\/wp\/v2\/comments?post=90286"}],"version-history":[{"count":0,"href":"https:\/\/ubirataonline.com.br\/en\/wp-json\/wp\/v2\/posts\/90286\/revisions"}],"wp:featuredmedia":[{"embeddable":true,"href":"https:\/\/ubirataonline.com.br\/en\/wp-json\/wp\/v2\/media\/90287"}],"wp:attachment":[{"href":"https:\/\/ubirataonline.com.br\/en\/wp-json\/wp\/v2\/media?parent=90286"}],"wp:term":[{"taxonomy":"category","embeddable":true,"href":"https:\/\/ubirataonline.com.br\/en\/wp-json\/wp\/v2\/categories?post=90286"},{"taxonomy":"post_tag","embeddable":true,"href":"https:\/\/ubirataonline.com.br\/en\/wp-json\/wp\/v2\/tags?post=90286"}],"curies":[{"name":"wp","href":"https:\/\/api.w.org\/{rel}","templated":true}]}}