{"id":90289,"date":"2026-02-26T06:33:27","date_gmt":"2026-02-26T09:33:27","guid":{"rendered":"https:\/\/ubirataonline.com.br\/litoral-de-sp-volta-a-entrar-em-alerta-para-grandes-volumes-de-chuva\/"},"modified":"2026-02-26T06:33:30","modified_gmt":"2026-02-26T09:33:30","slug":"litoral-de-sp-volta-a-entrar-em-alerta-para-grandes-volumes-de-chuva","status":"publish","type":"post","link":"https:\/\/ubirataonline.com.br\/en\/litoral-de-sp-volta-a-entrar-em-alerta-para-grandes-volumes-de-chuva\/","title":{"rendered":"Litoral de SP volta a entrar em alerta para grandes volumes de chuva"},"content":{"rendered":"<p><\/p>\n<div id=\"article-content\">\n<p>Uma <strong>nova frente fria<\/strong> avan\u00e7a pela costa de <a href=\"https:\/\/www.climatempo.com.br\/previsao-do-tempo\/cidade\/558\/saopaulo-sp\" target=\"_blank\">S\u00e3o Paulo<\/a> nesta quinta-feira, 26 de fevereiro, aumentando novamente as condi\u00e7\u00f5es para <a href=\"https:\/\/www.climatempo.com.br\/\" target=\"_blank\">chuva<\/a> volumosa em v\u00e1rias \u00e1reas do litoral paulista. Al\u00e9m desta frente fria, outra <strong>\u00e1rea de baixa press\u00e3o atmosf\u00e9rica se forma no mar<\/strong>, entre a costa de S\u00e3o Paulo e do <a href=\"https:\/\/www.climatempo.com.br\/previsao-do-tempo\/cidade\/321\/riodejaneiro-rj\" target=\"_blank\">Rio de Janeiro<\/a>.<\/p>\n<h2>Muita chuva nas pr\u00f3ximas 48 horas<\/h2>\n<p><strong>Nuvens carregadas voltam a se espalhar por todo o litoral paulista no decorrer desta quinta e da sexta-feira, 26 e 27 de fevereiro<\/strong>. Nesses dois dias, a chuva ser\u00e1 frequente e com moderada a forte intensidade em v\u00e1rios momentos. Pode haver ocorr\u00eancia de raios. A tend\u00eancia \u00e9 de enfraquecimento da chuva durante o s\u00e1bado, 28 de fevereiro.<br \/>Grandes volumes de chuva devem ser acumulados at\u00e9 o fim da noite da sexta-feira. A Climatempo prev\u00ea totais entre 200 mm a 300 mm em v\u00e1rios pontos do litoral paulista, o que j\u00e1 supera a m\u00e9dia hist\u00f3rica de precipita\u00e7\u00e3o para o m\u00eas, que varia de 220 mm a 250 mm.<\/p>\n<h2>Por que a chuva vai aumentar?<\/h2>\n<p>A nova <strong>frente fria intensifica o vento mar\u00edtimo<\/strong>, que sobra do mar para o continente, injetando mais umidade nas \u00e1reas litor\u00e2neas e sobre a <a href=\"https:\/\/www.climatempo.com.br\/previsao-do-tempo\/cidade\/80\/serra-es\" target=\"_blank\">Serra<\/a> do Mar. O maior ac\u00famulo de umidade facilita a forma\u00e7\u00e3o das nuvens de chuva. A p<strong>resen\u00e7a da Serra do Mar \u00e9 um fator importante para a forma\u00e7\u00e3o de nuvens<\/strong>, pois funciona como uma barreira, aprisionando o ar \u00famido entre a serra e o litoral.<br \/>A <strong>baixa press\u00e3o atmosf\u00e9rica <\/strong>que se forma entre a costa de S\u00e3o Paulo e do Rio de Janeiro <strong>ajuda a impulsionar o ar \u00famido para altitudes mais frias da atmosfera<\/strong>, estimulando a forma\u00e7\u00e3o de nebulosidade de chuva.<br \/>Esses processos devem persistir por muitas horas consecutivas fazendo com que a chuva se prolongue por muito <a href=\"https:\/\/www.climatempo.com.br\/\" target=\"_blank\">tempo<\/a> e em grandes \u00e1reas.<\/p>\n<p>Nova Zona de<\/p>\n<h2>Risco de transtornos aumenta<\/h2>\n<p>Esse novo epis\u00f3dio de chuva volumosa esperada para as pr\u00f3ximas 48 horas no litoral de S\u00e3o Paulo, poder\u00e1 desencadear<strong> mais eventos de enchentes e deslizamentos de encosta<\/strong>. A chuva j\u00e1 havia ca\u00eddo com muita for\u00e7a pelo litoral paulista no come\u00e7o desta semana e o solo j\u00e1 est\u00e1 encharcado. V\u00e1rias quedas de barreira ocorreram nos \u00faltimos dias no Litoral Norte e na Baixada Santista. Agora, c<strong>om a expectativa de mais chuva volumosa, o risco para deslizamentos \u00e9 ainda maior<\/strong>.<\/p>\n<p>Fique atento \u00e0s orienta\u00e7\u00f5es da Defesa Civil, aos avisos das concession\u00e1rias que monitoram as rodovias litor\u00e2neas.<br \/>Acompanhe a <a href=\"https:\/\/www.climatempo.com.br\/\">previs\u00e3o di\u00e1ria do tempo pelo site<\/a> e pelas redes sociais da Climatempo e os <a href=\"https:\/\/www.climatempo.com.br\/alertas\">alertas meteorol\u00f3gicos<\/a>.<\/p>\n<\/div>\n<p><a href=\"https:\/\/www.climatempo.com.br\/noticia\/sudeste\/litoral-de-sp-volta-a-entrar-em-alerta-para-grandes-volumes-de-chuva\">Fonte do Artigo <\/a><\/p>","protected":false},"excerpt":{"rendered":"<p>Uma nova frente fria avan\u00e7a pela costa de S\u00e3o Paulo nesta quinta-feira, 26 de fevereiro, aumentando novamente as condi\u00e7\u00f5es para chuva volumosa em v\u00e1rias \u00e1reas do litoral paulista. Al\u00e9m desta frente fria, outra \u00e1rea de baixa press\u00e3o atmosf\u00e9rica se forma no mar, entre a costa de S\u00e3o Paulo e do Rio de Janeiro. Muita chuva [&hellip;]<\/p>\n","protected":false},"author":1,"featured_media":90290,"comment_status":"closed","ping_status":"","sticky":false,"template":"","format":"standard","meta":{"googlesitekit_rrm_CAow2JLhCw:productID":"","_gspb_post_css":"","maa_idioma":"","maa_pais":"","footnotes":""},"categories":[4],"tags":[231,220,7938,4146,3583,2904,3571,20549],"class_list":["post-90289","post","type-post","status-publish","format-standard","has-post-thumbnail","hentry","category-brasil","tag-alerta","tag-chuva","tag-entrar","tag-grandes","tag-litoral","tag-para","tag-volta","tag-volumes"],"blocksy_meta":[],"yoast_head":"<!-- This site is optimized with the Yoast SEO Premium plugin v27.6 (Yoast SEO v27.6) - https:\/\/yoast.com\/product\/yoast-seo-premium-wordpress\/ -->\n<title>Litoral de SP volta a entrar em alerta para grandes volumes de chuva - Ubirat\u00e3 Online Not\u00edcias - A realidade ao seu alcance!<\/title>\n<meta name=\"description\" content=\"Uma nova frente fria avan\u00e7a pela costa de S\u00e3o Paulo nesta quinta-feira, 26 de fevereiro, aumentando novamente as condi\u00e7\u00f5es para chuva volumosa em v\u00e1rias\" \/>\n<meta name=\"robots\" content=\"index, follow, max-snippet:-1, max-image-preview:large, max-video-preview:-1\" \/>\n<link rel=\"canonical\" href=\"https:\/\/ubirataonline.com.br\/en\/litoral-de-sp-volta-a-entrar-em-alerta-para-grandes-volumes-de-chuva\/\" \/>\n<meta property=\"og:locale\" content=\"en_US\" \/>\n<meta property=\"og:type\" content=\"article\" \/>\n<meta property=\"og:title\" content=\"Litoral de SP volta a entrar em alerta para grandes volumes de chuva\" \/>\n<meta property=\"og:description\" content=\"Uma nova frente fria avan\u00e7a pela costa de S\u00e3o Paulo nesta quinta-feira, 26 de fevereiro, aumentando novamente as condi\u00e7\u00f5es para chuva volumosa em v\u00e1rias\" \/>\n<meta property=\"og:url\" content=\"https:\/\/ubirataonline.com.br\/en\/litoral-de-sp-volta-a-entrar-em-alerta-para-grandes-volumes-de-chuva\/\" \/>\n<meta property=\"og:site_name\" content=\"Ubirat\u00e3 Online Not\u00edcias - A realidade ao seu alcance!\" \/>\n<meta property=\"article:publisher\" content=\"https:\/\/www.facebook.com\/portalubirataonline\" \/>\n<meta property=\"article:author\" content=\"https:\/\/www.facebook.com\/portalubirataonline\" \/>\n<meta property=\"article:published_time\" content=\"2026-02-26T09:33:27+00:00\" \/>\n<meta property=\"article:modified_time\" content=\"2026-02-26T09:33:30+00:00\" \/>\n<meta property=\"og:image\" content=\"https:\/\/ubirataonline.com.br\/wp-content\/uploads\/2026\/02\/Litoral-de-SP-volta-a-entrar-em-alerta-para-grandes.png\" \/>\n\t<meta property=\"og:image:width\" content=\"760\" \/>\n\t<meta property=\"og:image:height\" content=\"563\" \/>\n\t<meta property=\"og:image:type\" content=\"image\/png\" \/>\n<meta name=\"author\" content=\"REDA\u00c7\u00c3O: UBIRAT\u00c3 ONLINE - F\u00c1BIO AUGUSTO CELESTINO\" \/>\n<meta name=\"twitter:card\" content=\"summary_large_image\" \/>\n<meta name=\"twitter:creator\" content=\"@x.com\/ubirataonline\" \/>\n<meta name=\"twitter:site\" content=\"@ubirataonline\" \/>\n<meta name=\"twitter:label1\" content=\"Written by\" \/>\n\t<meta name=\"twitter:data1\" content=\"REDA\u00c7\u00c3O: UBIRAT\u00c3 ONLINE - F\u00c1BIO AUGUSTO CELESTINO\" \/>\n\t<meta name=\"twitter:label2\" content=\"Est. reading time\" \/>\n\t<meta name=\"twitter:data2\" content=\"2 minutes\" \/>\n<script type=\"application\/ld+json\" class=\"yoast-schema-graph\">{\"@context\":\"https:\\\/\\\/schema.org\",\"@graph\":[{\"@type\":\"NewsArticle\",\"@id\":\"https:\\\/\\\/ubirataonline.com.br\\\/litoral-de-sp-volta-a-entrar-em-alerta-para-grandes-volumes-de-chuva\\\/#article\",\"isPartOf\":{\"@id\":\"https:\\\/\\\/ubirataonline.com.br\\\/litoral-de-sp-volta-a-entrar-em-alerta-para-grandes-volumes-de-chuva\\\/\"},\"author\":{\"name\":\"REDA\u00c7\u00c3O: UBIRAT\u00c3 ONLINE - F\u00c1BIO AUGUSTO CELESTINO\",\"@id\":\"https:\\\/\\\/ubirataonline.com.br\\\/#\\\/schema\\\/person\\\/372f87bbd3fdd79b8556b84c98d0bc1c\"},\"headline\":\"Litoral de SP volta a entrar em alerta para grandes volumes de chuva\",\"datePublished\":\"2026-02-26T09:33:27+00:00\",\"dateModified\":\"2026-02-26T09:33:30+00:00\",\"mainEntityOfPage\":{\"@id\":\"https:\\\/\\\/ubirataonline.com.br\\\/litoral-de-sp-volta-a-entrar-em-alerta-para-grandes-volumes-de-chuva\\\/\"},\"wordCount\":463,\"publisher\":{\"@id\":\"https:\\\/\\\/ubirataonline.com.br\\\/#organization\"},\"image\":{\"@id\":\"https:\\\/\\\/ubirataonline.com.br\\\/litoral-de-sp-volta-a-entrar-em-alerta-para-grandes-volumes-de-chuva\\\/#primaryimage\"},\"thumbnailUrl\":\"https:\\\/\\\/ubirataonline.com.br\\\/wp-content\\\/uploads\\\/2026\\\/02\\\/Litoral-de-SP-volta-a-entrar-em-alerta-para-grandes.png\",\"keywords\":[\"Alerta\",\"Chuva\",\"entrar\",\"grandes\",\"litoral\",\"para\",\"volta\",\"volumes\"],\"articleSection\":[\"Brasil\"],\"inLanguage\":\"en-US\",\"copyrightYear\":\"2026\",\"copyrightHolder\":{\"@id\":\"https:\\\/\\\/ubirataonline.com.br\\\/en\\\/#organization\"}},{\"@type\":\"WebPage\",\"@id\":\"https:\\\/\\\/ubirataonline.com.br\\\/litoral-de-sp-volta-a-entrar-em-alerta-para-grandes-volumes-de-chuva\\\/\",\"url\":\"https:\\\/\\\/ubirataonline.com.br\\\/litoral-de-sp-volta-a-entrar-em-alerta-para-grandes-volumes-de-chuva\\\/\",\"name\":\"Litoral de SP volta a entrar em alerta para grandes volumes de chuva - Ubirat\u00e3 Online Not\u00edcias - A realidade ao seu alcance!\",\"isPartOf\":{\"@id\":\"https:\\\/\\\/ubirataonline.com.br\\\/#website\"},\"primaryImageOfPage\":{\"@id\":\"https:\\\/\\\/ubirataonline.com.br\\\/litoral-de-sp-volta-a-entrar-em-alerta-para-grandes-volumes-de-chuva\\\/#primaryimage\"},\"image\":{\"@id\":\"https:\\\/\\\/ubirataonline.com.br\\\/litoral-de-sp-volta-a-entrar-em-alerta-para-grandes-volumes-de-chuva\\\/#primaryimage\"},\"thumbnailUrl\":\"https:\\\/\\\/ubirataonline.com.br\\\/wp-content\\\/uploads\\\/2026\\\/02\\\/Litoral-de-SP-volta-a-entrar-em-alerta-para-grandes.png\",\"datePublished\":\"2026-02-26T09:33:27+00:00\",\"dateModified\":\"2026-02-26T09:33:30+00:00\",\"description\":\"Uma nova frente fria avan\u00e7a pela costa de S\u00e3o Paulo nesta quinta-feira, 26 de fevereiro, aumentando novamente as condi\u00e7\u00f5es para chuva volumosa em v\u00e1rias\",\"breadcrumb\":{\"@id\":\"https:\\\/\\\/ubirataonline.com.br\\\/litoral-de-sp-volta-a-entrar-em-alerta-para-grandes-volumes-de-chuva\\\/#breadcrumb\"},\"inLanguage\":\"en-US\",\"potentialAction\":[{\"@type\":\"ReadAction\",\"target\":[\"https:\\\/\\\/ubirataonline.com.br\\\/litoral-de-sp-volta-a-entrar-em-alerta-para-grandes-volumes-de-chuva\\\/\"]}]},{\"@type\":\"ImageObject\",\"inLanguage\":\"en-US\",\"@id\":\"https:\\\/\\\/ubirataonline.com.br\\\/litoral-de-sp-volta-a-entrar-em-alerta-para-grandes-volumes-de-chuva\\\/#primaryimage\",\"url\":\"https:\\\/\\\/ubirataonline.com.br\\\/wp-content\\\/uploads\\\/2026\\\/02\\\/Litoral-de-SP-volta-a-entrar-em-alerta-para-grandes.png\",\"contentUrl\":\"https:\\\/\\\/ubirataonline.com.br\\\/wp-content\\\/uploads\\\/2026\\\/02\\\/Litoral-de-SP-volta-a-entrar-em-alerta-para-grandes.png\",\"width\":760,\"height\":563,\"caption\":\"Tempo fica muito inst\u00e1vel no litoral de SP entre 26 e 28 de fevereiro de 2026 (Foto: Bertioga, SP, por Marcello Monaco)\"},{\"@type\":\"BreadcrumbList\",\"@id\":\"https:\\\/\\\/ubirataonline.com.br\\\/litoral-de-sp-volta-a-entrar-em-alerta-para-grandes-volumes-de-chuva\\\/#breadcrumb\",\"itemListElement\":[{\"@type\":\"ListItem\",\"position\":1,\"name\":\"In\u00edcio\",\"item\":\"https:\\\/\\\/ubirataonline.com.br\\\/\"},{\"@type\":\"ListItem\",\"position\":2,\"name\":\"Litoral de SP volta a entrar em alerta para grandes volumes de chuva\"}]},{\"@type\":\"WebSite\",\"@id\":\"https:\\\/\\\/ubirataonline.com.br\\\/#website\",\"url\":\"https:\\\/\\\/ubirataonline.com.br\\\/\",\"name\":\"Ubirat\u00e3 Online Not\u00edcias\",\"description\":\"Not\u00edcias de Ubirat\u00e3, regi\u00e3o, Brasil e mundo, com informa\u00e7\u00e3o atualizada e compromisso com o leitor.\",\"publisher\":{\"@id\":\"https:\\\/\\\/ubirataonline.com.br\\\/#organization\"},\"alternateName\":\"Ubirat\u00e3 Online\",\"potentialAction\":[{\"@type\":\"SearchAction\",\"target\":{\"@type\":\"EntryPoint\",\"urlTemplate\":\"https:\\\/\\\/ubirataonline.com.br\\\/?s={search_term_string}\"},\"query-input\":{\"@type\":\"PropertyValueSpecification\",\"valueRequired\":true,\"valueName\":\"search_term_string\"}}],\"inLanguage\":\"en-US\"},{\"@type\":[\"Organization\",\"Place\"],\"@id\":\"https:\\\/\\\/ubirataonline.com.br\\\/#organization\",\"name\":\"Ubirat\u00e3 Online Not\u00edcias\",\"alternateName\":\"Ubirat\u00e3 Online\",\"url\":\"https:\\\/\\\/ubirataonline.com.br\\\/\",\"logo\":{\"@id\":\"https:\\\/\\\/ubirataonline.com.br\\\/litoral-de-sp-volta-a-entrar-em-alerta-para-grandes-volumes-de-chuva\\\/#local-main-organization-logo\"},\"image\":{\"@id\":\"https:\\\/\\\/ubirataonline.com.br\\\/litoral-de-sp-volta-a-entrar-em-alerta-para-grandes-volumes-de-chuva\\\/#local-main-organization-logo\"},\"sameAs\":[\"https:\\\/\\\/www.facebook.com\\\/portalubirataonline\",\"https:\\\/\\\/x.com\\\/ubirataonline\",\"https:\\\/\\\/mastodon.social\\\/@ubirataonline\",\"https:\\\/\\\/www.facebook.com\\\/groups\\\/311144672285604\",\"https:\\\/\\\/www.facebook.com\\\/UBTAOnline\",\"https:\\\/\\\/www.instagram.com\\\/portalubirataonline\\\/\",\"https:\\\/\\\/twitter.com\\\/ubirataonline\"],\"description\":\"Somos um portal de not\u00edcias independente, criado em 5 de janeiro de 2009, com o objetivo de informar, conectar e valorizar a nossa comunidade de Ubirat\u00e3 e toda aregi\u00e3o. Com conte\u00fado atualizado, confi\u00e1vel e relevante, o Ubirat\u00e3 Online \u00e9 o seu espa\u00e7o para ficar por dentro dos principais acontecimentos locais, regionais, Brasil, Mundo e de interesse geral. Nosso compromisso \u00e9 com a verdade, a transpar\u00eancia e o respeito ao leitor.\",\"legalName\":\"UBIRATA ONLINE NOT\u00cdCIAS\",\"foundingDate\":\"2009-01-05\",\"numberOfEmployees\":{\"@type\":\"QuantitativeValue\",\"minValue\":\"1\",\"maxValue\":\"10\"},\"publishingPrinciples\":\"https:\\\/\\\/ubirataonline.com.br\\\/faq\\\/\",\"address\":{\"@id\":\"https:\\\/\\\/ubirataonline.com.br\\\/litoral-de-sp-volta-a-entrar-em-alerta-para-grandes-volumes-de-chuva\\\/#local-main-place-address\"},\"geo\":{\"@type\":\"GeoCoordinates\",\"latitude\":\"-24.5361401\",\"longitude\":\"-52.9921776\"},\"telephone\":[\"+5544998308235\"],\"contactPoint\":{\"@type\":\"ContactPoint\",\"email\":\"contato@ubirataonline.com.br\"},\"openingHoursSpecification\":{\"@type\":\"OpeningHoursSpecification\",\"dayOfWeek\":[\"Monday\",\"Tuesday\",\"Wednesday\",\"Thursday\",\"Friday\",\"Saturday\",\"Sunday\"],\"opens\":\"00:00\",\"closes\":\"23:59\"},\"email\":\"contato@ubirataonline.com.br\",\"vatID\":\"47.621.418\\\/0001-80\"},{\"@type\":\"Person\",\"@id\":\"https:\\\/\\\/ubirataonline.com.br\\\/#\\\/schema\\\/person\\\/372f87bbd3fdd79b8556b84c98d0bc1c\",\"name\":\"REDA\u00c7\u00c3O: UBIRAT\u00c3 ONLINE - F\u00c1BIO AUGUSTO CELESTINO\",\"pronouns\":\"Ele\",\"description\":\"Desde 2003 trabalhando com not\u00edcias.\",\"sameAs\":[\"http:\\\/\\\/ubirataoline.com.br\",\"https:\\\/\\\/www.facebook.com\\\/portalubirataonline\",\"https:\\\/\\\/www.instagram.com\\\/ubirataonline_oficial\",\"https:\\\/\\\/x.com\\\/x.com\\\/ubirataonline\"],\"honorificPrefix\":\"Mr.\",\"honorificSuffix\":\"MD\",\"birthDate\":\"1980-06-16\",\"gender\":\"masculino\",\"award\":[\"V\u00e1rios pr\u00eamios de melhor portal da cidade\"],\"jobTitle\":\"Diretor\",\"url\":\"https:\\\/\\\/ubirataonline.com.br\\\/en\\\/author\\\/ubirataonline\\\/\"},{\"@type\":\"PostalAddress\",\"@id\":\"https:\\\/\\\/ubirataonline.com.br\\\/litoral-de-sp-volta-a-entrar-em-alerta-para-grandes-volumes-de-chuva\\\/#local-main-place-address\",\"streetAddress\":\"Rua dos Coqueiros, 104 - Bairro Boa Vista, Rua dos Coqueiros, 104 Bairro Boa Vista\",\"addressLocality\":\"UBIRATA\",\"postalCode\":\"85440-000\",\"addressRegion\":\"PR\",\"addressCountry\":\"BR\"},{\"@type\":\"ImageObject\",\"inLanguage\":\"en-US\",\"@id\":\"https:\\\/\\\/ubirataonline.com.br\\\/litoral-de-sp-volta-a-entrar-em-alerta-para-grandes-volumes-de-chuva\\\/#local-main-organization-logo\",\"url\":\"https:\\\/\\\/ubirataonline.com.br\\\/wp-content\\\/uploads\\\/2026\\\/06\\\/logoubirataonline-1.webp\",\"contentUrl\":\"https:\\\/\\\/ubirataonline.com.br\\\/wp-content\\\/uploads\\\/2026\\\/06\\\/logoubirataonline-1.webp\",\"width\":500,\"height\":500,\"caption\":\"Ubirat\u00e3 Online Not\u00edcias\"}]}<\/script>\n<meta name=\"geo.placename\" content=\"UBIRATA\" \/>\n<meta name=\"geo.position\" content=\"-24.5361401;-52.9921776\" \/>\n<meta name=\"geo.region\" content=\"Brazil\" \/>\n<!-- \/ Yoast SEO Premium plugin. -->","yoast_head_json":{"title":"Litoral de SP volta a entrar em alerta para grandes volumes de chuva - Ubirat\u00e3 Online Not\u00edcias - A realidade ao seu alcance!","description":"Uma nova frente fria avan\u00e7a pela costa de S\u00e3o Paulo nesta quinta-feira, 26 de fevereiro, aumentando novamente as condi\u00e7\u00f5es para chuva volumosa em v\u00e1rias","robots":{"index":"index","follow":"follow","max-snippet":"max-snippet:-1","max-image-preview":"max-image-preview:large","max-video-preview":"max-video-preview:-1"},"canonical":"https:\/\/ubirataonline.com.br\/en\/litoral-de-sp-volta-a-entrar-em-alerta-para-grandes-volumes-de-chuva\/","og_locale":"en_US","og_type":"article","og_title":"Litoral de SP volta a entrar em alerta para grandes volumes de chuva","og_description":"Uma nova frente fria avan\u00e7a pela costa de S\u00e3o Paulo nesta quinta-feira, 26 de fevereiro, aumentando novamente as condi\u00e7\u00f5es para chuva volumosa em v\u00e1rias","og_url":"https:\/\/ubirataonline.com.br\/en\/litoral-de-sp-volta-a-entrar-em-alerta-para-grandes-volumes-de-chuva\/","og_site_name":"Ubirat\u00e3 Online Not\u00edcias - A realidade ao seu alcance!","article_publisher":"https:\/\/www.facebook.com\/portalubirataonline","article_author":"https:\/\/www.facebook.com\/portalubirataonline","article_published_time":"2026-02-26T09:33:27+00:00","article_modified_time":"2026-02-26T09:33:30+00:00","og_image":[{"width":760,"height":563,"url":"https:\/\/ubirataonline.com.br\/wp-content\/uploads\/2026\/02\/Litoral-de-SP-volta-a-entrar-em-alerta-para-grandes.png","type":"image\/png"}],"author":"REDA\u00c7\u00c3O: UBIRAT\u00c3 ONLINE - F\u00c1BIO AUGUSTO CELESTINO","twitter_card":"summary_large_image","twitter_creator":"@x.com\/ubirataonline","twitter_site":"@ubirataonline","twitter_misc":{"Written by":"REDA\u00c7\u00c3O: UBIRAT\u00c3 ONLINE - F\u00c1BIO AUGUSTO CELESTINO","Est. reading time":"2 minutes"},"schema":{"@context":"https:\/\/schema.org","@graph":[{"@type":"NewsArticle","@id":"https:\/\/ubirataonline.com.br\/litoral-de-sp-volta-a-entrar-em-alerta-para-grandes-volumes-de-chuva\/#article","isPartOf":{"@id":"https:\/\/ubirataonline.com.br\/litoral-de-sp-volta-a-entrar-em-alerta-para-grandes-volumes-de-chuva\/"},"author":{"name":"REDA\u00c7\u00c3O: UBIRAT\u00c3 ONLINE - F\u00c1BIO AUGUSTO CELESTINO","@id":"https:\/\/ubirataonline.com.br\/#\/schema\/person\/372f87bbd3fdd79b8556b84c98d0bc1c"},"headline":"Litoral de SP volta a entrar em alerta para grandes volumes de chuva","datePublished":"2026-02-26T09:33:27+00:00","dateModified":"2026-02-26T09:33:30+00:00","mainEntityOfPage":{"@id":"https:\/\/ubirataonline.com.br\/litoral-de-sp-volta-a-entrar-em-alerta-para-grandes-volumes-de-chuva\/"},"wordCount":463,"publisher":{"@id":"https:\/\/ubirataonline.com.br\/#organization"},"image":{"@id":"https:\/\/ubirataonline.com.br\/litoral-de-sp-volta-a-entrar-em-alerta-para-grandes-volumes-de-chuva\/#primaryimage"},"thumbnailUrl":"https:\/\/ubirataonline.com.br\/wp-content\/uploads\/2026\/02\/Litoral-de-SP-volta-a-entrar-em-alerta-para-grandes.png","keywords":["Alerta","Chuva","entrar","grandes","litoral","para","volta","volumes"],"articleSection":["Brasil"],"inLanguage":"en-US","copyrightYear":"2026","copyrightHolder":{"@id":"https:\/\/ubirataonline.com.br\/en\/#organization"}},{"@type":"WebPage","@id":"https:\/\/ubirataonline.com.br\/litoral-de-sp-volta-a-entrar-em-alerta-para-grandes-volumes-de-chuva\/","url":"https:\/\/ubirataonline.com.br\/litoral-de-sp-volta-a-entrar-em-alerta-para-grandes-volumes-de-chuva\/","name":"Litoral de SP volta a entrar em alerta para grandes volumes de chuva - Ubirat\u00e3 Online Not\u00edcias - A realidade ao seu alcance!","isPartOf":{"@id":"https:\/\/ubirataonline.com.br\/#website"},"primaryImageOfPage":{"@id":"https:\/\/ubirataonline.com.br\/litoral-de-sp-volta-a-entrar-em-alerta-para-grandes-volumes-de-chuva\/#primaryimage"},"image":{"@id":"https:\/\/ubirataonline.com.br\/litoral-de-sp-volta-a-entrar-em-alerta-para-grandes-volumes-de-chuva\/#primaryimage"},"thumbnailUrl":"https:\/\/ubirataonline.com.br\/wp-content\/uploads\/2026\/02\/Litoral-de-SP-volta-a-entrar-em-alerta-para-grandes.png","datePublished":"2026-02-26T09:33:27+00:00","dateModified":"2026-02-26T09:33:30+00:00","description":"Uma nova frente fria avan\u00e7a pela costa de S\u00e3o Paulo nesta quinta-feira, 26 de fevereiro, aumentando novamente as condi\u00e7\u00f5es para chuva volumosa em v\u00e1rias","breadcrumb":{"@id":"https:\/\/ubirataonline.com.br\/litoral-de-sp-volta-a-entrar-em-alerta-para-grandes-volumes-de-chuva\/#breadcrumb"},"inLanguage":"en-US","potentialAction":[{"@type":"ReadAction","target":["https:\/\/ubirataonline.com.br\/litoral-de-sp-volta-a-entrar-em-alerta-para-grandes-volumes-de-chuva\/"]}]},{"@type":"ImageObject","inLanguage":"en-US","@id":"https:\/\/ubirataonline.com.br\/litoral-de-sp-volta-a-entrar-em-alerta-para-grandes-volumes-de-chuva\/#primaryimage","url":"https:\/\/ubirataonline.com.br\/wp-content\/uploads\/2026\/02\/Litoral-de-SP-volta-a-entrar-em-alerta-para-grandes.png","contentUrl":"https:\/\/ubirataonline.com.br\/wp-content\/uploads\/2026\/02\/Litoral-de-SP-volta-a-entrar-em-alerta-para-grandes.png","width":760,"height":563,"caption":"Tempo fica muito inst\u00e1vel no litoral de SP entre 26 e 28 de fevereiro de 2026 (Foto: Bertioga, SP, por Marcello Monaco)"},{"@type":"BreadcrumbList","@id":"https:\/\/ubirataonline.com.br\/litoral-de-sp-volta-a-entrar-em-alerta-para-grandes-volumes-de-chuva\/#breadcrumb","itemListElement":[{"@type":"ListItem","position":1,"name":"In\u00edcio","item":"https:\/\/ubirataonline.com.br\/"},{"@type":"ListItem","position":2,"name":"Litoral de SP volta a entrar em alerta para grandes volumes de chuva"}]},{"@type":"WebSite","@id":"https:\/\/ubirataonline.com.br\/#website","url":"https:\/\/ubirataonline.com.br\/","name":"Ubirat\u00e3 Online Not\u00edcias","description":"Not\u00edcias de Ubirat\u00e3, regi\u00e3o, Brasil e mundo, com informa\u00e7\u00e3o atualizada e compromisso com o leitor.","publisher":{"@id":"https:\/\/ubirataonline.com.br\/#organization"},"alternateName":"Ubirat\u00e3 Online","potentialAction":[{"@type":"SearchAction","target":{"@type":"EntryPoint","urlTemplate":"https:\/\/ubirataonline.com.br\/?s={search_term_string}"},"query-input":{"@type":"PropertyValueSpecification","valueRequired":true,"valueName":"search_term_string"}}],"inLanguage":"en-US"},{"@type":["Organization","Place"],"@id":"https:\/\/ubirataonline.com.br\/#organization","name":"Ubirat\u00e3 Online Not\u00edcias","alternateName":"Ubirat\u00e3 Online","url":"https:\/\/ubirataonline.com.br\/","logo":{"@id":"https:\/\/ubirataonline.com.br\/litoral-de-sp-volta-a-entrar-em-alerta-para-grandes-volumes-de-chuva\/#local-main-organization-logo"},"image":{"@id":"https:\/\/ubirataonline.com.br\/litoral-de-sp-volta-a-entrar-em-alerta-para-grandes-volumes-de-chuva\/#local-main-organization-logo"},"sameAs":["https:\/\/www.facebook.com\/portalubirataonline","https:\/\/x.com\/ubirataonline","https:\/\/mastodon.social\/@ubirataonline","https:\/\/www.facebook.com\/groups\/311144672285604","https:\/\/www.facebook.com\/UBTAOnline","https:\/\/www.instagram.com\/portalubirataonline\/","https:\/\/twitter.com\/ubirataonline"],"description":"Somos um portal de not\u00edcias independente, criado em 5 de janeiro de 2009, com o objetivo de informar, conectar e valorizar a nossa comunidade de Ubirat\u00e3 e toda aregi\u00e3o. Com conte\u00fado atualizado, confi\u00e1vel e relevante, o Ubirat\u00e3 Online \u00e9 o seu espa\u00e7o para ficar por dentro dos principais acontecimentos locais, regionais, Brasil, Mundo e de interesse geral. Nosso compromisso \u00e9 com a verdade, a transpar\u00eancia e o respeito ao leitor.","legalName":"UBIRATA ONLINE NOT\u00cdCIAS","foundingDate":"2009-01-05","numberOfEmployees":{"@type":"QuantitativeValue","minValue":"1","maxValue":"10"},"publishingPrinciples":"https:\/\/ubirataonline.com.br\/faq\/","address":{"@id":"https:\/\/ubirataonline.com.br\/litoral-de-sp-volta-a-entrar-em-alerta-para-grandes-volumes-de-chuva\/#local-main-place-address"},"geo":{"@type":"GeoCoordinates","latitude":"-24.5361401","longitude":"-52.9921776"},"telephone":["+5544998308235"],"contactPoint":{"@type":"ContactPoint","email":"contato@ubirataonline.com.br"},"openingHoursSpecification":{"@type":"OpeningHoursSpecification","dayOfWeek":["Monday","Tuesday","Wednesday","Thursday","Friday","Saturday","Sunday"],"opens":"00:00","closes":"23:59"},"email":"contato@ubirataonline.com.br","vatID":"47.621.418\/0001-80"},{"@type":"Person","@id":"https:\/\/ubirataonline.com.br\/#\/schema\/person\/372f87bbd3fdd79b8556b84c98d0bc1c","name":"REDA\u00c7\u00c3O: UBIRAT\u00c3 ONLINE - F\u00c1BIO AUGUSTO CELESTINO","pronouns":"Ele","description":"Desde 2003 trabalhando com not\u00edcias.","sameAs":["http:\/\/ubirataoline.com.br","https:\/\/www.facebook.com\/portalubirataonline","https:\/\/www.instagram.com\/ubirataonline_oficial","https:\/\/x.com\/x.com\/ubirataonline"],"honorificPrefix":"Mr.","honorificSuffix":"MD","birthDate":"1980-06-16","gender":"masculino","award":["V\u00e1rios pr\u00eamios de melhor portal da cidade"],"jobTitle":"Diretor","url":"https:\/\/ubirataonline.com.br\/en\/author\/ubirataonline\/"},{"@type":"PostalAddress","@id":"https:\/\/ubirataonline.com.br\/litoral-de-sp-volta-a-entrar-em-alerta-para-grandes-volumes-de-chuva\/#local-main-place-address","streetAddress":"Rua dos Coqueiros, 104 - Bairro Boa Vista, Rua dos Coqueiros, 104 Bairro Boa Vista","addressLocality":"UBIRATA","postalCode":"85440-000","addressRegion":"PR","addressCountry":"BR"},{"@type":"ImageObject","inLanguage":"en-US","@id":"https:\/\/ubirataonline.com.br\/litoral-de-sp-volta-a-entrar-em-alerta-para-grandes-volumes-de-chuva\/#local-main-organization-logo","url":"https:\/\/ubirataonline.com.br\/wp-content\/uploads\/2026\/06\/logoubirataonline-1.webp","contentUrl":"https:\/\/ubirataonline.com.br\/wp-content\/uploads\/2026\/06\/logoubirataonline-1.webp","width":500,"height":500,"caption":"Ubirat\u00e3 Online Not\u00edcias"}]},"geo.placename":"UBIRATA","geo.position":{"lat":"-24.5361401","long":"-52.9921776"},"geo.region":"Brazil"},"_links":{"self":[{"href":"https:\/\/ubirataonline.com.br\/en\/wp-json\/wp\/v2\/posts\/90289","targetHints":{"allow":["GET"]}}],"collection":[{"href":"https:\/\/ubirataonline.com.br\/en\/wp-json\/wp\/v2\/posts"}],"about":[{"href":"https:\/\/ubirataonline.com.br\/en\/wp-json\/wp\/v2\/types\/post"}],"author":[{"embeddable":true,"href":"https:\/\/ubirataonline.com.br\/en\/wp-json\/wp\/v2\/users\/1"}],"replies":[{"embeddable":true,"href":"https:\/\/ubirataonline.com.br\/en\/wp-json\/wp\/v2\/comments?post=90289"}],"version-history":[{"count":0,"href":"https:\/\/ubirataonline.com.br\/en\/wp-json\/wp\/v2\/posts\/90289\/revisions"}],"wp:featuredmedia":[{"embeddable":true,"href":"https:\/\/ubirataonline.com.br\/en\/wp-json\/wp\/v2\/media\/90290"}],"wp:attachment":[{"href":"https:\/\/ubirataonline.com.br\/en\/wp-json\/wp\/v2\/media?parent=90289"}],"wp:term":[{"taxonomy":"category","embeddable":true,"href":"https:\/\/ubirataonline.com.br\/en\/wp-json\/wp\/v2\/categories?post=90289"},{"taxonomy":"post_tag","embeddable":true,"href":"https:\/\/ubirataonline.com.br\/en\/wp-json\/wp\/v2\/tags?post=90289"}],"curies":[{"name":"wp","href":"https:\/\/api.w.org\/{rel}","templated":true}]}}