{"id":90315,"date":"2026-02-26T08:57:27","date_gmt":"2026-02-26T11:57:27","guid":{"rendered":"https:\/\/ubirataonline.com.br\/reclamacao-sobre-falta-de-iluminacao-publica-aponta-risco-a-seguranca-e-afirma-que-pedidos-de-manutencao-nao-foram-atendidos\/"},"modified":"2026-02-26T08:57:30","modified_gmt":"2026-02-26T11:57:30","slug":"reclamacao-sobre-falta-de-iluminacao-publica-aponta-risco-a-seguranca-e-afirma-que-pedidos-de-manutencao-nao-foram-atendidos","status":"publish","type":"post","link":"https:\/\/ubirataonline.com.br\/en\/reclamacao-sobre-falta-de-iluminacao-publica-aponta-risco-a-seguranca-e-afirma-que-pedidos-de-manutencao-nao-foram-atendidos\/","title":{"rendered":"Reclama\u00e7\u00e3o sobre falta de ilumina\u00e7\u00e3o p\u00fablica aponta risco \u00e0 seguran\u00e7a e afirma que pedidos de manuten\u00e7\u00e3o n\u00e3o foram atendidos"},"content":{"rendered":"<p><\/p>\n<div id=\"texto\">\n<p>Uma moradora do Bairro Parque Verde denunciou a falta de ilumina\u00e7\u00e3o p\u00fablica em frente \u00e0 pr\u00f3pria resid\u00eancia, situa\u00e7\u00e3o que, segundo ela, j\u00e1 dura mais de um ano e meio. O problema ocorre na Rua dos Coqueiros, onde dois postes estariam sem energia el\u00e9trica.<\/p>\n<p>De acordo com o relato, <strong>diversas solicita\u00e7\u00f5es j\u00e1 foram feitas aos respons\u00e1veis pelo servi\u00e7o<\/strong>, por\u00e9m nenhuma equipe teria comparecido ao local para resolver a situa\u00e7\u00e3o. O internauta afirma que, mesmo ap\u00f3s v\u00e1rias liga\u00e7\u00f5es e promessas de atendimento, o problema continua.<\/p>\n<p>Ainda conforme a den\u00fancia, a escurid\u00e3o tem gerado preocupa\u00e7\u00e3o entre os moradores da regi\u00e3o. <strong>A falta de luz nos postes \u00e9 apontada como um risco \u00e0 seguran\u00e7a<\/strong>, principalmente durante a noite, quando a visibilidade fica bastante reduzida.<\/p>\n<p>Para amenizar o problema, vizinhos teriam improvisado ilumina\u00e7\u00e3o particular voltada para a rua, na tentativa de clarear o trecho. Mesmo assim, a moradora relata que a medida \u00e9 insuficiente e cobra provid\u00eancias definitivas das autoridades respons\u00e1veis pela manuten\u00e7\u00e3o da ilumina\u00e7\u00e3o p\u00fablica.<\/p>\n<\/p><\/div>\n<p><a href=\"https:\/\/cgn.inf.br\/noticia\/2049713\/reclamacao-sobre-falta-de-iluminacao-publica-aponta-risco-a-seguranca-e-afirma-que-pedidos-de-manutencao-nao-foram-atendidos\">Fonte do Artigo <\/a><\/p>","protected":false},"excerpt":{"rendered":"<p>Uma moradora do Bairro Parque Verde denunciou a falta de ilumina\u00e7\u00e3o p\u00fablica em frente \u00e0 pr\u00f3pria resid\u00eancia, situa\u00e7\u00e3o que, segundo ela, j\u00e1 dura mais de um ano e meio. O problema ocorre na Rua dos Coqueiros, onde dois postes estariam sem energia el\u00e9trica. De acordo com o relato, diversas solicita\u00e7\u00f5es j\u00e1 foram feitas aos respons\u00e1veis [&hellip;]<\/p>\n","protected":false},"author":1,"featured_media":90316,"comment_status":"closed","ping_status":"","sticky":false,"template":"","format":"standard","meta":{"googlesitekit_rrm_CAow2JLhCw:productID":"","_gspb_post_css":"","maa_idioma":"","maa_pais":"","footnotes":""},"categories":[1],"tags":[10940,5185,17660,4823,7024,4974,8636,3255,5031,3493,20561,3352,4172,3203],"class_list":["post-90315","post","type-post","status-publish","format-standard","has-post-thumbnail","hentry","category-ubirata","tag-afirma","tag-aponta","tag-atendidos","tag-falta","tag-foram","tag-iluminacao","tag-manutencao","tag-nao","tag-pedidos","tag-publica","tag-reclamacao","tag-risco","tag-seguranca","tag-sobre"],"blocksy_meta":[],"yoast_head":"<!-- This site is optimized with the Yoast SEO Premium plugin v27.6 (Yoast SEO v27.6) - https:\/\/yoast.com\/product\/yoast-seo-premium-wordpress\/ -->\n<title>Reclama\u00e7\u00e3o sobre falta de ilumina\u00e7\u00e3o p\u00fablica aponta risco \u00e0 seguran\u00e7a e afirma que pedidos de manuten\u00e7\u00e3o n\u00e3o foram atendidos - Ubirat\u00e3 Online Not\u00edcias - A realidade ao seu alcance!<\/title>\n<meta name=\"description\" content=\"Uma moradora do Bairro Parque Verde denunciou a falta de ilumina\u00e7\u00e3o p\u00fablica em frente \u00e0 pr\u00f3pria resid\u00eancia, situa\u00e7\u00e3o que, segundo ela, j\u00e1 dura mais de um\" \/>\n<meta name=\"robots\" content=\"index, follow, max-snippet:-1, max-image-preview:large, max-video-preview:-1\" \/>\n<link rel=\"canonical\" href=\"https:\/\/ubirataonline.com.br\/en\/reclamacao-sobre-falta-de-iluminacao-publica-aponta-risco-a-seguranca-e-afirma-que-pedidos-de-manutencao-nao-foram-atendidos\/\" \/>\n<meta property=\"og:locale\" content=\"en_US\" \/>\n<meta property=\"og:type\" content=\"article\" \/>\n<meta property=\"og:title\" content=\"Reclama\u00e7\u00e3o sobre falta de ilumina\u00e7\u00e3o p\u00fablica aponta risco \u00e0 seguran\u00e7a e afirma que pedidos de manuten\u00e7\u00e3o n\u00e3o foram atendidos\" \/>\n<meta property=\"og:description\" content=\"Uma moradora do Bairro Parque Verde denunciou a falta de ilumina\u00e7\u00e3o p\u00fablica em frente \u00e0 pr\u00f3pria resid\u00eancia, situa\u00e7\u00e3o que, segundo ela, j\u00e1 dura mais de um\" \/>\n<meta property=\"og:url\" content=\"https:\/\/ubirataonline.com.br\/en\/reclamacao-sobre-falta-de-iluminacao-publica-aponta-risco-a-seguranca-e-afirma-que-pedidos-de-manutencao-nao-foram-atendidos\/\" \/>\n<meta property=\"og:site_name\" content=\"Ubirat\u00e3 Online Not\u00edcias - A realidade ao seu alcance!\" \/>\n<meta property=\"article:publisher\" content=\"https:\/\/www.facebook.com\/portalubirataonline\" \/>\n<meta property=\"article:author\" content=\"https:\/\/www.facebook.com\/portalubirataonline\" \/>\n<meta property=\"article:published_time\" content=\"2026-02-26T11:57:27+00:00\" \/>\n<meta property=\"article:modified_time\" content=\"2026-02-26T11:57:30+00:00\" \/>\n<meta property=\"og:image\" content=\"https:\/\/ubirataonline.com.br\/wp-content\/uploads\/2026\/02\/Reclamacao-sobre-falta-de-iluminacao-publica-aponta-risco-a-seguranca.jpg\" \/>\n\t<meta property=\"og:image:width\" content=\"1200\" \/>\n\t<meta property=\"og:image:height\" content=\"675\" \/>\n\t<meta property=\"og:image:type\" content=\"image\/jpeg\" \/>\n<meta name=\"author\" content=\"REDA\u00c7\u00c3O: UBIRAT\u00c3 ONLINE - F\u00c1BIO AUGUSTO CELESTINO\" \/>\n<meta name=\"twitter:card\" content=\"summary_large_image\" \/>\n<meta name=\"twitter:creator\" content=\"@x.com\/ubirataonline\" \/>\n<meta name=\"twitter:site\" content=\"@ubirataonline\" \/>\n<meta name=\"twitter:label1\" content=\"Written by\" \/>\n\t<meta name=\"twitter:data1\" content=\"REDA\u00c7\u00c3O: UBIRAT\u00c3 ONLINE - F\u00c1BIO AUGUSTO CELESTINO\" \/>\n\t<meta name=\"twitter:label2\" content=\"Est. reading time\" \/>\n\t<meta name=\"twitter:data2\" content=\"1 minute\" \/>\n<script type=\"application\/ld+json\" class=\"yoast-schema-graph\">{\"@context\":\"https:\\\/\\\/schema.org\",\"@graph\":[{\"@type\":\"NewsArticle\",\"@id\":\"https:\\\/\\\/ubirataonline.com.br\\\/reclamacao-sobre-falta-de-iluminacao-publica-aponta-risco-a-seguranca-e-afirma-que-pedidos-de-manutencao-nao-foram-atendidos\\\/#article\",\"isPartOf\":{\"@id\":\"https:\\\/\\\/ubirataonline.com.br\\\/reclamacao-sobre-falta-de-iluminacao-publica-aponta-risco-a-seguranca-e-afirma-que-pedidos-de-manutencao-nao-foram-atendidos\\\/\"},\"author\":{\"name\":\"REDA\u00c7\u00c3O: UBIRAT\u00c3 ONLINE - F\u00c1BIO AUGUSTO CELESTINO\",\"@id\":\"https:\\\/\\\/ubirataonline.com.br\\\/#\\\/schema\\\/person\\\/372f87bbd3fdd79b8556b84c98d0bc1c\"},\"headline\":\"Reclama\u00e7\u00e3o sobre falta de ilumina\u00e7\u00e3o p\u00fablica aponta risco \u00e0 seguran\u00e7a e afirma que pedidos de manuten\u00e7\u00e3o n\u00e3o foram atendidos\",\"datePublished\":\"2026-02-26T11:57:27+00:00\",\"dateModified\":\"2026-02-26T11:57:30+00:00\",\"mainEntityOfPage\":{\"@id\":\"https:\\\/\\\/ubirataonline.com.br\\\/reclamacao-sobre-falta-de-iluminacao-publica-aponta-risco-a-seguranca-e-afirma-que-pedidos-de-manutencao-nao-foram-atendidos\\\/\"},\"wordCount\":209,\"publisher\":{\"@id\":\"https:\\\/\\\/ubirataonline.com.br\\\/#organization\"},\"image\":{\"@id\":\"https:\\\/\\\/ubirataonline.com.br\\\/reclamacao-sobre-falta-de-iluminacao-publica-aponta-risco-a-seguranca-e-afirma-que-pedidos-de-manutencao-nao-foram-atendidos\\\/#primaryimage\"},\"thumbnailUrl\":\"https:\\\/\\\/ubirataonline.com.br\\\/wp-content\\\/uploads\\\/2026\\\/02\\\/Reclamacao-sobre-falta-de-iluminacao-publica-aponta-risco-a-seguranca.jpg\",\"keywords\":[\"afirma\",\"aponta\",\"atendidos\",\"falta\",\"foram\",\"ilumina\u00e7\u00e3o\",\"manuten\u00e7\u00e3o\",\"n\u00e3o\",\"Pedidos\",\"p\u00fablica\",\"Reclama\u00e7\u00e3o\",\"risco\",\"seguran\u00e7a\",\"sobre\"],\"articleSection\":[\"Ubirat\u00e3\"],\"inLanguage\":\"en-US\",\"copyrightYear\":\"2026\",\"copyrightHolder\":{\"@id\":\"https:\\\/\\\/ubirataonline.com.br\\\/en\\\/#organization\"}},{\"@type\":\"WebPage\",\"@id\":\"https:\\\/\\\/ubirataonline.com.br\\\/reclamacao-sobre-falta-de-iluminacao-publica-aponta-risco-a-seguranca-e-afirma-que-pedidos-de-manutencao-nao-foram-atendidos\\\/\",\"url\":\"https:\\\/\\\/ubirataonline.com.br\\\/reclamacao-sobre-falta-de-iluminacao-publica-aponta-risco-a-seguranca-e-afirma-que-pedidos-de-manutencao-nao-foram-atendidos\\\/\",\"name\":\"Reclama\u00e7\u00e3o sobre falta de ilumina\u00e7\u00e3o p\u00fablica aponta risco \u00e0 seguran\u00e7a e afirma que pedidos de manuten\u00e7\u00e3o n\u00e3o foram atendidos - Ubirat\u00e3 Online Not\u00edcias - A realidade ao seu alcance!\",\"isPartOf\":{\"@id\":\"https:\\\/\\\/ubirataonline.com.br\\\/#website\"},\"primaryImageOfPage\":{\"@id\":\"https:\\\/\\\/ubirataonline.com.br\\\/reclamacao-sobre-falta-de-iluminacao-publica-aponta-risco-a-seguranca-e-afirma-que-pedidos-de-manutencao-nao-foram-atendidos\\\/#primaryimage\"},\"image\":{\"@id\":\"https:\\\/\\\/ubirataonline.com.br\\\/reclamacao-sobre-falta-de-iluminacao-publica-aponta-risco-a-seguranca-e-afirma-que-pedidos-de-manutencao-nao-foram-atendidos\\\/#primaryimage\"},\"thumbnailUrl\":\"https:\\\/\\\/ubirataonline.com.br\\\/wp-content\\\/uploads\\\/2026\\\/02\\\/Reclamacao-sobre-falta-de-iluminacao-publica-aponta-risco-a-seguranca.jpg\",\"datePublished\":\"2026-02-26T11:57:27+00:00\",\"dateModified\":\"2026-02-26T11:57:30+00:00\",\"description\":\"Uma moradora do Bairro Parque Verde denunciou a falta de ilumina\u00e7\u00e3o p\u00fablica em frente \u00e0 pr\u00f3pria resid\u00eancia, situa\u00e7\u00e3o que, segundo ela, j\u00e1 dura mais de um\",\"breadcrumb\":{\"@id\":\"https:\\\/\\\/ubirataonline.com.br\\\/reclamacao-sobre-falta-de-iluminacao-publica-aponta-risco-a-seguranca-e-afirma-que-pedidos-de-manutencao-nao-foram-atendidos\\\/#breadcrumb\"},\"inLanguage\":\"en-US\",\"potentialAction\":[{\"@type\":\"ReadAction\",\"target\":[\"https:\\\/\\\/ubirataonline.com.br\\\/reclamacao-sobre-falta-de-iluminacao-publica-aponta-risco-a-seguranca-e-afirma-que-pedidos-de-manutencao-nao-foram-atendidos\\\/\"]}]},{\"@type\":\"ImageObject\",\"inLanguage\":\"en-US\",\"@id\":\"https:\\\/\\\/ubirataonline.com.br\\\/reclamacao-sobre-falta-de-iluminacao-publica-aponta-risco-a-seguranca-e-afirma-que-pedidos-de-manutencao-nao-foram-atendidos\\\/#primaryimage\",\"url\":\"https:\\\/\\\/ubirataonline.com.br\\\/wp-content\\\/uploads\\\/2026\\\/02\\\/Reclamacao-sobre-falta-de-iluminacao-publica-aponta-risco-a-seguranca.jpg\",\"contentUrl\":\"https:\\\/\\\/ubirataonline.com.br\\\/wp-content\\\/uploads\\\/2026\\\/02\\\/Reclamacao-sobre-falta-de-iluminacao-publica-aponta-risco-a-seguranca.jpg\",\"width\":1200,\"height\":675,\"caption\":\"\"},{\"@type\":\"BreadcrumbList\",\"@id\":\"https:\\\/\\\/ubirataonline.com.br\\\/reclamacao-sobre-falta-de-iluminacao-publica-aponta-risco-a-seguranca-e-afirma-que-pedidos-de-manutencao-nao-foram-atendidos\\\/#breadcrumb\",\"itemListElement\":[{\"@type\":\"ListItem\",\"position\":1,\"name\":\"In\u00edcio\",\"item\":\"https:\\\/\\\/ubirataonline.com.br\\\/\"},{\"@type\":\"ListItem\",\"position\":2,\"name\":\"Reclama\u00e7\u00e3o sobre falta de ilumina\u00e7\u00e3o p\u00fablica aponta risco \u00e0 seguran\u00e7a e afirma que pedidos de manuten\u00e7\u00e3o n\u00e3o foram atendidos\"}]},{\"@type\":\"WebSite\",\"@id\":\"https:\\\/\\\/ubirataonline.com.br\\\/#website\",\"url\":\"https:\\\/\\\/ubirataonline.com.br\\\/\",\"name\":\"Ubirat\u00e3 Online Not\u00edcias\",\"description\":\"Not\u00edcias de Ubirat\u00e3, regi\u00e3o, Brasil e mundo, com informa\u00e7\u00e3o atualizada e compromisso com o leitor.\",\"publisher\":{\"@id\":\"https:\\\/\\\/ubirataonline.com.br\\\/#organization\"},\"alternateName\":\"Ubirat\u00e3 Online\",\"potentialAction\":[{\"@type\":\"SearchAction\",\"target\":{\"@type\":\"EntryPoint\",\"urlTemplate\":\"https:\\\/\\\/ubirataonline.com.br\\\/?s={search_term_string}\"},\"query-input\":{\"@type\":\"PropertyValueSpecification\",\"valueRequired\":true,\"valueName\":\"search_term_string\"}}],\"inLanguage\":\"en-US\"},{\"@type\":[\"Organization\",\"Place\"],\"@id\":\"https:\\\/\\\/ubirataonline.com.br\\\/#organization\",\"name\":\"Ubirat\u00e3 Online Not\u00edcias\",\"alternateName\":\"Ubirat\u00e3 Online\",\"url\":\"https:\\\/\\\/ubirataonline.com.br\\\/\",\"logo\":{\"@id\":\"https:\\\/\\\/ubirataonline.com.br\\\/reclamacao-sobre-falta-de-iluminacao-publica-aponta-risco-a-seguranca-e-afirma-que-pedidos-de-manutencao-nao-foram-atendidos\\\/#local-main-organization-logo\"},\"image\":{\"@id\":\"https:\\\/\\\/ubirataonline.com.br\\\/reclamacao-sobre-falta-de-iluminacao-publica-aponta-risco-a-seguranca-e-afirma-que-pedidos-de-manutencao-nao-foram-atendidos\\\/#local-main-organization-logo\"},\"sameAs\":[\"https:\\\/\\\/www.facebook.com\\\/portalubirataonline\",\"https:\\\/\\\/x.com\\\/ubirataonline\",\"https:\\\/\\\/mastodon.social\\\/@ubirataonline\",\"https:\\\/\\\/www.facebook.com\\\/groups\\\/311144672285604\",\"https:\\\/\\\/www.facebook.com\\\/UBTAOnline\",\"https:\\\/\\\/www.instagram.com\\\/portalubirataonline\\\/\",\"https:\\\/\\\/twitter.com\\\/ubirataonline\"],\"description\":\"Somos um portal de not\u00edcias independente, criado em 5 de janeiro de 2009, com o objetivo de informar, conectar e valorizar a nossa comunidade de Ubirat\u00e3 e toda aregi\u00e3o. Com conte\u00fado atualizado, confi\u00e1vel e relevante, o Ubirat\u00e3 Online \u00e9 o seu espa\u00e7o para ficar por dentro dos principais acontecimentos locais, regionais, Brasil, Mundo e de interesse geral. Nosso compromisso \u00e9 com a verdade, a transpar\u00eancia e o respeito ao leitor.\",\"legalName\":\"UBIRATA ONLINE NOT\u00cdCIAS\",\"foundingDate\":\"2009-01-05\",\"numberOfEmployees\":{\"@type\":\"QuantitativeValue\",\"minValue\":\"1\",\"maxValue\":\"10\"},\"publishingPrinciples\":\"https:\\\/\\\/ubirataonline.com.br\\\/faq\\\/\",\"address\":{\"@id\":\"https:\\\/\\\/ubirataonline.com.br\\\/reclamacao-sobre-falta-de-iluminacao-publica-aponta-risco-a-seguranca-e-afirma-que-pedidos-de-manutencao-nao-foram-atendidos\\\/#local-main-place-address\"},\"geo\":{\"@type\":\"GeoCoordinates\",\"latitude\":\"-24.5361401\",\"longitude\":\"-52.9921776\"},\"telephone\":[\"+5544998308235\"],\"contactPoint\":{\"@type\":\"ContactPoint\",\"email\":\"contato@ubirataonline.com.br\"},\"openingHoursSpecification\":{\"@type\":\"OpeningHoursSpecification\",\"dayOfWeek\":[\"Monday\",\"Tuesday\",\"Wednesday\",\"Thursday\",\"Friday\",\"Saturday\",\"Sunday\"],\"opens\":\"00:00\",\"closes\":\"23:59\"},\"email\":\"contato@ubirataonline.com.br\",\"vatID\":\"47.621.418\\\/0001-80\"},{\"@type\":\"Person\",\"@id\":\"https:\\\/\\\/ubirataonline.com.br\\\/#\\\/schema\\\/person\\\/372f87bbd3fdd79b8556b84c98d0bc1c\",\"name\":\"REDA\u00c7\u00c3O: UBIRAT\u00c3 ONLINE - F\u00c1BIO AUGUSTO CELESTINO\",\"pronouns\":\"Ele\",\"description\":\"Desde 2003 trabalhando com not\u00edcias.\",\"sameAs\":[\"http:\\\/\\\/ubirataoline.com.br\",\"https:\\\/\\\/www.facebook.com\\\/portalubirataonline\",\"https:\\\/\\\/www.instagram.com\\\/ubirataonline_oficial\",\"https:\\\/\\\/x.com\\\/x.com\\\/ubirataonline\"],\"honorificPrefix\":\"Mr.\",\"honorificSuffix\":\"MD\",\"birthDate\":\"1980-06-16\",\"gender\":\"masculino\",\"award\":[\"V\u00e1rios pr\u00eamios de melhor portal da cidade\"],\"jobTitle\":\"Diretor\",\"url\":\"https:\\\/\\\/ubirataonline.com.br\\\/en\\\/author\\\/ubirataonline\\\/\"},{\"@type\":\"PostalAddress\",\"@id\":\"https:\\\/\\\/ubirataonline.com.br\\\/reclamacao-sobre-falta-de-iluminacao-publica-aponta-risco-a-seguranca-e-afirma-que-pedidos-de-manutencao-nao-foram-atendidos\\\/#local-main-place-address\",\"streetAddress\":\"Rua dos Coqueiros, 104 - Bairro Boa Vista, Rua dos Coqueiros, 104 Bairro Boa Vista\",\"addressLocality\":\"UBIRATA\",\"postalCode\":\"85440-000\",\"addressRegion\":\"PR\",\"addressCountry\":\"BR\"},{\"@type\":\"ImageObject\",\"inLanguage\":\"en-US\",\"@id\":\"https:\\\/\\\/ubirataonline.com.br\\\/reclamacao-sobre-falta-de-iluminacao-publica-aponta-risco-a-seguranca-e-afirma-que-pedidos-de-manutencao-nao-foram-atendidos\\\/#local-main-organization-logo\",\"url\":\"https:\\\/\\\/ubirataonline.com.br\\\/wp-content\\\/uploads\\\/2026\\\/06\\\/logoubirataonline-1.webp\",\"contentUrl\":\"https:\\\/\\\/ubirataonline.com.br\\\/wp-content\\\/uploads\\\/2026\\\/06\\\/logoubirataonline-1.webp\",\"width\":500,\"height\":500,\"caption\":\"Ubirat\u00e3 Online Not\u00edcias\"}]}<\/script>\n<meta name=\"geo.placename\" content=\"UBIRATA\" \/>\n<meta name=\"geo.position\" content=\"-24.5361401;-52.9921776\" \/>\n<meta name=\"geo.region\" content=\"Brazil\" \/>\n<!-- \/ Yoast SEO Premium plugin. -->","yoast_head_json":{"title":"Reclama\u00e7\u00e3o sobre falta de ilumina\u00e7\u00e3o p\u00fablica aponta risco \u00e0 seguran\u00e7a e afirma que pedidos de manuten\u00e7\u00e3o n\u00e3o foram atendidos - Ubirat\u00e3 Online Not\u00edcias - A realidade ao seu alcance!","description":"Uma moradora do Bairro Parque Verde denunciou a falta de ilumina\u00e7\u00e3o p\u00fablica em frente \u00e0 pr\u00f3pria resid\u00eancia, situa\u00e7\u00e3o que, segundo ela, j\u00e1 dura mais de um","robots":{"index":"index","follow":"follow","max-snippet":"max-snippet:-1","max-image-preview":"max-image-preview:large","max-video-preview":"max-video-preview:-1"},"canonical":"https:\/\/ubirataonline.com.br\/en\/reclamacao-sobre-falta-de-iluminacao-publica-aponta-risco-a-seguranca-e-afirma-que-pedidos-de-manutencao-nao-foram-atendidos\/","og_locale":"en_US","og_type":"article","og_title":"Reclama\u00e7\u00e3o sobre falta de ilumina\u00e7\u00e3o p\u00fablica aponta risco \u00e0 seguran\u00e7a e afirma que pedidos de manuten\u00e7\u00e3o n\u00e3o foram atendidos","og_description":"Uma moradora do Bairro Parque Verde denunciou a falta de ilumina\u00e7\u00e3o p\u00fablica em frente \u00e0 pr\u00f3pria resid\u00eancia, situa\u00e7\u00e3o que, segundo ela, j\u00e1 dura mais de um","og_url":"https:\/\/ubirataonline.com.br\/en\/reclamacao-sobre-falta-de-iluminacao-publica-aponta-risco-a-seguranca-e-afirma-que-pedidos-de-manutencao-nao-foram-atendidos\/","og_site_name":"Ubirat\u00e3 Online Not\u00edcias - A realidade ao seu alcance!","article_publisher":"https:\/\/www.facebook.com\/portalubirataonline","article_author":"https:\/\/www.facebook.com\/portalubirataonline","article_published_time":"2026-02-26T11:57:27+00:00","article_modified_time":"2026-02-26T11:57:30+00:00","og_image":[{"width":1200,"height":675,"url":"https:\/\/ubirataonline.com.br\/wp-content\/uploads\/2026\/02\/Reclamacao-sobre-falta-de-iluminacao-publica-aponta-risco-a-seguranca.jpg","type":"image\/jpeg"}],"author":"REDA\u00c7\u00c3O: UBIRAT\u00c3 ONLINE - F\u00c1BIO AUGUSTO CELESTINO","twitter_card":"summary_large_image","twitter_creator":"@x.com\/ubirataonline","twitter_site":"@ubirataonline","twitter_misc":{"Written by":"REDA\u00c7\u00c3O: UBIRAT\u00c3 ONLINE - F\u00c1BIO AUGUSTO CELESTINO","Est. reading time":"1 minute"},"schema":{"@context":"https:\/\/schema.org","@graph":[{"@type":"NewsArticle","@id":"https:\/\/ubirataonline.com.br\/reclamacao-sobre-falta-de-iluminacao-publica-aponta-risco-a-seguranca-e-afirma-que-pedidos-de-manutencao-nao-foram-atendidos\/#article","isPartOf":{"@id":"https:\/\/ubirataonline.com.br\/reclamacao-sobre-falta-de-iluminacao-publica-aponta-risco-a-seguranca-e-afirma-que-pedidos-de-manutencao-nao-foram-atendidos\/"},"author":{"name":"REDA\u00c7\u00c3O: UBIRAT\u00c3 ONLINE - F\u00c1BIO AUGUSTO CELESTINO","@id":"https:\/\/ubirataonline.com.br\/#\/schema\/person\/372f87bbd3fdd79b8556b84c98d0bc1c"},"headline":"Reclama\u00e7\u00e3o sobre falta de ilumina\u00e7\u00e3o p\u00fablica aponta risco \u00e0 seguran\u00e7a e afirma que pedidos de manuten\u00e7\u00e3o n\u00e3o foram atendidos","datePublished":"2026-02-26T11:57:27+00:00","dateModified":"2026-02-26T11:57:30+00:00","mainEntityOfPage":{"@id":"https:\/\/ubirataonline.com.br\/reclamacao-sobre-falta-de-iluminacao-publica-aponta-risco-a-seguranca-e-afirma-que-pedidos-de-manutencao-nao-foram-atendidos\/"},"wordCount":209,"publisher":{"@id":"https:\/\/ubirataonline.com.br\/#organization"},"image":{"@id":"https:\/\/ubirataonline.com.br\/reclamacao-sobre-falta-de-iluminacao-publica-aponta-risco-a-seguranca-e-afirma-que-pedidos-de-manutencao-nao-foram-atendidos\/#primaryimage"},"thumbnailUrl":"https:\/\/ubirataonline.com.br\/wp-content\/uploads\/2026\/02\/Reclamacao-sobre-falta-de-iluminacao-publica-aponta-risco-a-seguranca.jpg","keywords":["afirma","aponta","atendidos","falta","foram","ilumina\u00e7\u00e3o","manuten\u00e7\u00e3o","n\u00e3o","Pedidos","p\u00fablica","Reclama\u00e7\u00e3o","risco","seguran\u00e7a","sobre"],"articleSection":["Ubirat\u00e3"],"inLanguage":"en-US","copyrightYear":"2026","copyrightHolder":{"@id":"https:\/\/ubirataonline.com.br\/en\/#organization"}},{"@type":"WebPage","@id":"https:\/\/ubirataonline.com.br\/reclamacao-sobre-falta-de-iluminacao-publica-aponta-risco-a-seguranca-e-afirma-que-pedidos-de-manutencao-nao-foram-atendidos\/","url":"https:\/\/ubirataonline.com.br\/reclamacao-sobre-falta-de-iluminacao-publica-aponta-risco-a-seguranca-e-afirma-que-pedidos-de-manutencao-nao-foram-atendidos\/","name":"Reclama\u00e7\u00e3o sobre falta de ilumina\u00e7\u00e3o p\u00fablica aponta risco \u00e0 seguran\u00e7a e afirma que pedidos de manuten\u00e7\u00e3o n\u00e3o foram atendidos - Ubirat\u00e3 Online Not\u00edcias - A realidade ao seu alcance!","isPartOf":{"@id":"https:\/\/ubirataonline.com.br\/#website"},"primaryImageOfPage":{"@id":"https:\/\/ubirataonline.com.br\/reclamacao-sobre-falta-de-iluminacao-publica-aponta-risco-a-seguranca-e-afirma-que-pedidos-de-manutencao-nao-foram-atendidos\/#primaryimage"},"image":{"@id":"https:\/\/ubirataonline.com.br\/reclamacao-sobre-falta-de-iluminacao-publica-aponta-risco-a-seguranca-e-afirma-que-pedidos-de-manutencao-nao-foram-atendidos\/#primaryimage"},"thumbnailUrl":"https:\/\/ubirataonline.com.br\/wp-content\/uploads\/2026\/02\/Reclamacao-sobre-falta-de-iluminacao-publica-aponta-risco-a-seguranca.jpg","datePublished":"2026-02-26T11:57:27+00:00","dateModified":"2026-02-26T11:57:30+00:00","description":"Uma moradora do Bairro Parque Verde denunciou a falta de ilumina\u00e7\u00e3o p\u00fablica em frente \u00e0 pr\u00f3pria resid\u00eancia, situa\u00e7\u00e3o que, segundo ela, j\u00e1 dura mais de um","breadcrumb":{"@id":"https:\/\/ubirataonline.com.br\/reclamacao-sobre-falta-de-iluminacao-publica-aponta-risco-a-seguranca-e-afirma-que-pedidos-de-manutencao-nao-foram-atendidos\/#breadcrumb"},"inLanguage":"en-US","potentialAction":[{"@type":"ReadAction","target":["https:\/\/ubirataonline.com.br\/reclamacao-sobre-falta-de-iluminacao-publica-aponta-risco-a-seguranca-e-afirma-que-pedidos-de-manutencao-nao-foram-atendidos\/"]}]},{"@type":"ImageObject","inLanguage":"en-US","@id":"https:\/\/ubirataonline.com.br\/reclamacao-sobre-falta-de-iluminacao-publica-aponta-risco-a-seguranca-e-afirma-que-pedidos-de-manutencao-nao-foram-atendidos\/#primaryimage","url":"https:\/\/ubirataonline.com.br\/wp-content\/uploads\/2026\/02\/Reclamacao-sobre-falta-de-iluminacao-publica-aponta-risco-a-seguranca.jpg","contentUrl":"https:\/\/ubirataonline.com.br\/wp-content\/uploads\/2026\/02\/Reclamacao-sobre-falta-de-iluminacao-publica-aponta-risco-a-seguranca.jpg","width":1200,"height":675,"caption":""},{"@type":"BreadcrumbList","@id":"https:\/\/ubirataonline.com.br\/reclamacao-sobre-falta-de-iluminacao-publica-aponta-risco-a-seguranca-e-afirma-que-pedidos-de-manutencao-nao-foram-atendidos\/#breadcrumb","itemListElement":[{"@type":"ListItem","position":1,"name":"In\u00edcio","item":"https:\/\/ubirataonline.com.br\/"},{"@type":"ListItem","position":2,"name":"Reclama\u00e7\u00e3o sobre falta de ilumina\u00e7\u00e3o p\u00fablica aponta risco \u00e0 seguran\u00e7a e afirma que pedidos de manuten\u00e7\u00e3o n\u00e3o foram atendidos"}]},{"@type":"WebSite","@id":"https:\/\/ubirataonline.com.br\/#website","url":"https:\/\/ubirataonline.com.br\/","name":"Ubirat\u00e3 Online Not\u00edcias","description":"Not\u00edcias de Ubirat\u00e3, regi\u00e3o, Brasil e mundo, com informa\u00e7\u00e3o atualizada e compromisso com o leitor.","publisher":{"@id":"https:\/\/ubirataonline.com.br\/#organization"},"alternateName":"Ubirat\u00e3 Online","potentialAction":[{"@type":"SearchAction","target":{"@type":"EntryPoint","urlTemplate":"https:\/\/ubirataonline.com.br\/?s={search_term_string}"},"query-input":{"@type":"PropertyValueSpecification","valueRequired":true,"valueName":"search_term_string"}}],"inLanguage":"en-US"},{"@type":["Organization","Place"],"@id":"https:\/\/ubirataonline.com.br\/#organization","name":"Ubirat\u00e3 Online Not\u00edcias","alternateName":"Ubirat\u00e3 Online","url":"https:\/\/ubirataonline.com.br\/","logo":{"@id":"https:\/\/ubirataonline.com.br\/reclamacao-sobre-falta-de-iluminacao-publica-aponta-risco-a-seguranca-e-afirma-que-pedidos-de-manutencao-nao-foram-atendidos\/#local-main-organization-logo"},"image":{"@id":"https:\/\/ubirataonline.com.br\/reclamacao-sobre-falta-de-iluminacao-publica-aponta-risco-a-seguranca-e-afirma-que-pedidos-de-manutencao-nao-foram-atendidos\/#local-main-organization-logo"},"sameAs":["https:\/\/www.facebook.com\/portalubirataonline","https:\/\/x.com\/ubirataonline","https:\/\/mastodon.social\/@ubirataonline","https:\/\/www.facebook.com\/groups\/311144672285604","https:\/\/www.facebook.com\/UBTAOnline","https:\/\/www.instagram.com\/portalubirataonline\/","https:\/\/twitter.com\/ubirataonline"],"description":"Somos um portal de not\u00edcias independente, criado em 5 de janeiro de 2009, com o objetivo de informar, conectar e valorizar a nossa comunidade de Ubirat\u00e3 e toda aregi\u00e3o. Com conte\u00fado atualizado, confi\u00e1vel e relevante, o Ubirat\u00e3 Online \u00e9 o seu espa\u00e7o para ficar por dentro dos principais acontecimentos locais, regionais, Brasil, Mundo e de interesse geral. Nosso compromisso \u00e9 com a verdade, a transpar\u00eancia e o respeito ao leitor.","legalName":"UBIRATA ONLINE NOT\u00cdCIAS","foundingDate":"2009-01-05","numberOfEmployees":{"@type":"QuantitativeValue","minValue":"1","maxValue":"10"},"publishingPrinciples":"https:\/\/ubirataonline.com.br\/faq\/","address":{"@id":"https:\/\/ubirataonline.com.br\/reclamacao-sobre-falta-de-iluminacao-publica-aponta-risco-a-seguranca-e-afirma-que-pedidos-de-manutencao-nao-foram-atendidos\/#local-main-place-address"},"geo":{"@type":"GeoCoordinates","latitude":"-24.5361401","longitude":"-52.9921776"},"telephone":["+5544998308235"],"contactPoint":{"@type":"ContactPoint","email":"contato@ubirataonline.com.br"},"openingHoursSpecification":{"@type":"OpeningHoursSpecification","dayOfWeek":["Monday","Tuesday","Wednesday","Thursday","Friday","Saturday","Sunday"],"opens":"00:00","closes":"23:59"},"email":"contato@ubirataonline.com.br","vatID":"47.621.418\/0001-80"},{"@type":"Person","@id":"https:\/\/ubirataonline.com.br\/#\/schema\/person\/372f87bbd3fdd79b8556b84c98d0bc1c","name":"REDA\u00c7\u00c3O: UBIRAT\u00c3 ONLINE - F\u00c1BIO AUGUSTO CELESTINO","pronouns":"Ele","description":"Desde 2003 trabalhando com not\u00edcias.","sameAs":["http:\/\/ubirataoline.com.br","https:\/\/www.facebook.com\/portalubirataonline","https:\/\/www.instagram.com\/ubirataonline_oficial","https:\/\/x.com\/x.com\/ubirataonline"],"honorificPrefix":"Mr.","honorificSuffix":"MD","birthDate":"1980-06-16","gender":"masculino","award":["V\u00e1rios pr\u00eamios de melhor portal da cidade"],"jobTitle":"Diretor","url":"https:\/\/ubirataonline.com.br\/en\/author\/ubirataonline\/"},{"@type":"PostalAddress","@id":"https:\/\/ubirataonline.com.br\/reclamacao-sobre-falta-de-iluminacao-publica-aponta-risco-a-seguranca-e-afirma-que-pedidos-de-manutencao-nao-foram-atendidos\/#local-main-place-address","streetAddress":"Rua dos Coqueiros, 104 - Bairro Boa Vista, Rua dos Coqueiros, 104 Bairro Boa Vista","addressLocality":"UBIRATA","postalCode":"85440-000","addressRegion":"PR","addressCountry":"BR"},{"@type":"ImageObject","inLanguage":"en-US","@id":"https:\/\/ubirataonline.com.br\/reclamacao-sobre-falta-de-iluminacao-publica-aponta-risco-a-seguranca-e-afirma-que-pedidos-de-manutencao-nao-foram-atendidos\/#local-main-organization-logo","url":"https:\/\/ubirataonline.com.br\/wp-content\/uploads\/2026\/06\/logoubirataonline-1.webp","contentUrl":"https:\/\/ubirataonline.com.br\/wp-content\/uploads\/2026\/06\/logoubirataonline-1.webp","width":500,"height":500,"caption":"Ubirat\u00e3 Online Not\u00edcias"}]},"geo.placename":"UBIRATA","geo.position":{"lat":"-24.5361401","long":"-52.9921776"},"geo.region":"Brazil"},"_links":{"self":[{"href":"https:\/\/ubirataonline.com.br\/en\/wp-json\/wp\/v2\/posts\/90315","targetHints":{"allow":["GET"]}}],"collection":[{"href":"https:\/\/ubirataonline.com.br\/en\/wp-json\/wp\/v2\/posts"}],"about":[{"href":"https:\/\/ubirataonline.com.br\/en\/wp-json\/wp\/v2\/types\/post"}],"author":[{"embeddable":true,"href":"https:\/\/ubirataonline.com.br\/en\/wp-json\/wp\/v2\/users\/1"}],"replies":[{"embeddable":true,"href":"https:\/\/ubirataonline.com.br\/en\/wp-json\/wp\/v2\/comments?post=90315"}],"version-history":[{"count":0,"href":"https:\/\/ubirataonline.com.br\/en\/wp-json\/wp\/v2\/posts\/90315\/revisions"}],"wp:featuredmedia":[{"embeddable":true,"href":"https:\/\/ubirataonline.com.br\/en\/wp-json\/wp\/v2\/media\/90316"}],"wp:attachment":[{"href":"https:\/\/ubirataonline.com.br\/en\/wp-json\/wp\/v2\/media?parent=90315"}],"wp:term":[{"taxonomy":"category","embeddable":true,"href":"https:\/\/ubirataonline.com.br\/en\/wp-json\/wp\/v2\/categories?post=90315"},{"taxonomy":"post_tag","embeddable":true,"href":"https:\/\/ubirataonline.com.br\/en\/wp-json\/wp\/v2\/tags?post=90315"}],"curies":[{"name":"wp","href":"https:\/\/api.w.org\/{rel}","templated":true}]}}