{"id":90325,"date":"2026-02-26T10:12:28","date_gmt":"2026-02-26T13:12:28","guid":{"rendered":"https:\/\/ubirataonline.com.br\/videos-mostram-venda-de-drogas-a-luz-do-dia\/"},"modified":"2026-02-26T10:12:33","modified_gmt":"2026-02-26T13:12:33","slug":"videos-mostram-venda-de-drogas-a-luz-do-dia","status":"publish","type":"post","link":"https:\/\/ubirataonline.com.br\/en\/videos-mostram-venda-de-drogas-a-luz-do-dia\/","title":{"rendered":"V\u00eddeos mostram venda de drogas \u00e0 luz do dia"},"content":{"rendered":"<p><\/p>\n<div id=\"post-content\">\n<p>Em plena luz do dia e em frente \u00e0s c\u00e2meras da Muralha Digital de Curitiba. Desde janeiro at\u00e9 esta quarta-feira (25\/2), o vereador <strong>Da Costa Perdeu Pi\u00e1 (Uni\u00e3o) <\/strong>j\u00e1 soma mais de 3,5 milh\u00f5es de visualiza\u00e7\u00f5es com v\u00eddeos que mostram a movimenta\u00e7\u00e3o do tr\u00e1fico de drogas na regi\u00e3o central de Curitiba.<\/p>\n<p>No dia 18 de janeiro, um dos registros mostrou que, durante o dia, traficantes comercializavam drogas na <strong>Pra\u00e7a Tiradentes<\/strong>. Mesmo com as trocas discretas entre mercadorias, a situa\u00e7\u00e3o \u00e9 percept\u00edvel entre os frequentadores (veja abaixo).\u00a0<\/p>\n<blockquote class=\"instagram-media\" data-instgrm-captioned=\"\" data-instgrm-permalink=\"https:\/\/www.instagram.com\/reel\/DTqSzdJgEAT\/?utm_source=ig_embed&amp;utm_campaign=loading\" data-instgrm-version=\"14\" style=\"background:#FFF; border:0; border-radius:3px; box-shadow:0 0 1px 0 rgba(0,0,0,0.5),0 1px 10px 0 rgba(0,0,0,0.15); margin: 1px; max-width:540px; min-width:326px; padding:0; width:99.375%; width:-webkit-calc(100% - 2px); width:calc(100% - 2px);\"\/>\n<p>Apesar da exist\u00eancia de outras tr\u00eas c\u00e2meras na \u00e1rea, os crimes ocorriam fora do campo de vis\u00e3o dos equipamentos. \u201cJustamente por coincid\u00eancia, que \u00e9 onde o tr\u00e1fico acontece, estava desligada\u201d, disse Da Costa em entrevista \u00e0 Tribuna. O vereador registrou, em uma <a href=\"https:\/\/www.instagram.com\/reel\/DUI6YIjAKvg\/?utm_source=ig_web_copy_link&amp;igsh=MzRlODBiNWFlZA==\">nova postagem no dia 30<\/a>, que o equipamento j\u00e1 estava em funcionamento.\u00a0<\/p>\n<p>Segundo o parlamentar, a ideia de usar da experi\u00eancia na pol\u00edcia e registrar as ocorr\u00eancias vieram de sugest\u00f5es enviadas ao gabinete. Ao acompanhar a movimenta\u00e7\u00e3o por alguns dias no local, ele relatou ter observado a comercializa\u00e7\u00e3o de entorpecentes. Com a popularidade do conte\u00fado, continuou a ir atr\u00e1s das den\u00fancias.<\/p>\n<p><strong>&gt;&gt;<\/strong> <a href=\"https:\/\/www.tribunapr.com.br\/noticias\/curitiba-regiao\/rua-do-medo-em-curitiba-moradores-denunciam-trafico-furtos-e-caos-a-luz-do-dia\/\">Rua do medo em Curitiba! Moradores denunciam tr\u00e1fico e furtos de cabos<\/a><\/p>\n<h2 class=\"wp-block-heading\" id=\"h-centro-a-merce-do-trafico\">Centro \u00e0 merc\u00ea do tr\u00e1fico<\/h2>\n<p>Os epis\u00f3dios flagrados por Da Costa n\u00e3o s\u00e3o casos isolados. Em 2025, Curitiba contabilizou 1.711 ocorr\u00eancias relacionadas ao tr\u00e1fico de drogas, conforme dados da Secretaria de Seguran\u00e7a P\u00fablica (SESP-PR). O <strong>Centro<\/strong> lidera os registros, com 212 casos, seguido pela <strong>Cidade Industrial<\/strong> e pelo <strong>Rebou\u00e7as<\/strong>.\u00a0<\/p>\n<p>Em 2025, a Guarda Municipal prendeu 122 pessoas por tr\u00e1fico. <a href=\"https:\/\/www.tribunapr.com.br\/noticias\/curitiba-regiao\/guarda-municipal-de-curitiba-prende-39-suspeitos-por-trafico-de-drogas-em-2026\/amp\/\" target=\"_blank\" rel=\"noreferrer noopener\">At\u00e9 fevereiro deste ano<\/a>, 39 pessoas haviam sido detidas por tr\u00e1fico, uso ou porte de subst\u00e2ncias il\u00edcitas. Dados da SESP indicam que a maioria das ocorr\u00eancias ocorreram entre 12h e 18h ao longo do ano passado. A segunda-feira, nesse intervalo, concentra o maior n\u00famero de atendimentos, com 199 registros.<\/p>\n<p>Para o vereador, o cen\u00e1rio problem\u00e1tico envolve m\u00faltiplas frentes. \u201c\u00c9 tudo um pouco. \u00c9 seguran\u00e7a p\u00fablica, \u00e9 assist\u00eancia social e \u00e9 sa\u00fade p\u00fablica tamb\u00e9m\u201d, afirmou. Ele avalia que parte dos vendedores seria formada por usu\u00e1rios que comercializam drogas para sustentar o pr\u00f3prio consumo. \u201cHoje quem est\u00e1 ali vendendo \u00e9 o pr\u00f3prio usu\u00e1rio, porque ele precisa fazer a venda para poder consumir tamb\u00e9m.\u201d\u00a0<\/p>\n<p>O parlamentar tamb\u00e9m relaciona o tr\u00e1fico ao aumento da popula\u00e7\u00e3o em situa\u00e7\u00e3o de rua. \u201cA maioria das pessoas que est\u00e3o nas ruas em Curitiba est\u00e1 nessa situa\u00e7\u00e3o de drogadi\u00e7\u00e3o. Elas acabam recebendo todo o assistencialismo, tanto da Prefeitura quanto do Governo Federal. Ent\u00e3o, todo dinheiro que conseguem, acaba consumindo em droga\u201d, opinou o vereador.\u00a0<\/p>\n<h2 class=\"wp-block-heading\" id=\"h-trabalho-conjunto-nbsp\">Trabalho conjunto\u00a0<\/h2>\n<p>Parte dos v\u00eddeos divulgados entre janeiro e fevereiro mostra a\u00e7\u00f5es realizadas com a Guarda Municipal. Como vereador, ele afirma exercer papel de fiscaliza\u00e7\u00e3o e de encaminhamento das den\u00fancias \u00e0s for\u00e7as de seguran\u00e7a. \u201cEu identifico o problema, exponho e aciono os \u00f3rg\u00e3os competentes. Atrav\u00e9s dessa exposi\u00e7\u00e3o, as atitudes acabam sendo tomadas\u201d, disse. Segundo ele, as imagens contribu\u00edram para as pris\u00f5es.<\/p>\n<p>O comandante da Guarda Municipal, inspetor Jos\u00e9 Carlos Felipus Costa, <a href=\"https:\/\/www.tribunapr.com.br\/noticias\/curitiba-regiao\/guarda-municipal-de-curitiba-tem-novo-comandante-apos-6-anos\/\">que assumiu o cargo em fevereiro<\/a>, afirmou que a colabora\u00e7\u00e3o \u00e9 v\u00e1lida, mas destacou a necessidade de delimitar as atribui\u00e7\u00f5es de cada corpora\u00e7\u00e3o para a popula\u00e7\u00e3o. \u201cAs a\u00e7\u00f5es em rela\u00e7\u00e3o ao tr\u00e1fico de drogas s\u00e3o investigativas, ent\u00e3o \u00e9 quest\u00e3o policial. Se n\u00f3s [da GM] come\u00e7armos a investigar, estaremos andando \u00e0 margem da lei. A atua\u00e7\u00e3o das Guardas Municipais se d\u00e1 principalmente em cima do flagrante de delito\u201d, explicou.\u00a0<\/p>\n<p>A principal miss\u00e3o da corpora\u00e7\u00e3o \u00e9 a preven\u00e7\u00e3o. \u201cAtuamos na ostensividade, na presen\u00e7a f\u00edsica. Quando ocorre um furto ou roubo, \u00e9 fundamental que a v\u00edtima registre boletim de ocorr\u00eancia, porque \u00e9 a partir desses dados que a pol\u00edcia investigativa realiza seu trabalho\u201d, concluiu.\u00a0<\/p>\n<p>Segundo Felipus, pessoas em situa\u00e7\u00e3o de rua s\u00e3o monitoradas, mas n\u00e3o se pode presumir que todas estejam envolvidas em crimes. \u201cGeralmente os cidad\u00e3os confundem pessoas em situa\u00e7\u00e3o de rua com criminosos. Nem sempre isso acontece. Mas existem criminosos infiltrados nesses grupos, e nossa a\u00e7\u00e3o visa identificar essas situa\u00e7\u00f5es.\u201d\u00a0<\/p>\n<p>A rela\u00e7\u00e3o entre as for\u00e7as, segundo o comandante, \u00e9 de coopera\u00e7\u00e3o, com troca de informa\u00e7\u00f5es de intelig\u00eancia.\u00a0\u201cO nosso relacionamento com os outros \u00f3rg\u00e3os de seguran\u00e7a \u00e9 excelente. Pol\u00edcia Civil, Pol\u00edcia Militar, por vezes a Pol\u00edcia Rodovi\u00e1ria Federal participam das opera\u00e7\u00f5es. Compartilhamos pontos estrat\u00e9gicos para n\u00e3o sobrepor esfor\u00e7os\u201d, afirmou.<\/p>\n<h3 class=\"wp-block-heading\" id=\"h-na-mira-da-prefeitura-nbsp-nbsp\">Na mira da Prefeitura\u00a0\u00a0<\/h3>\n<p>Com o in\u00edcio da atual gest\u00e3o, uma das frentes de atua\u00e7\u00e3o \u00e9 revitalizar o Centro da cidade por meio do programa <a href=\"https:\/\/www.tribunapr.com.br\/noticias\/curitiba-regiao\/programa-revitaliza-centro-de-curitiba-com-acoes-de-seguranca-e-infraestrutura\/\" target=\"_blank\" rel=\"noreferrer noopener\">Curitiba de Volta ao Centro<\/a>. Em paralelo, h\u00e1 um ano, entrou em vigor a <a href=\"https:\/\/www.tribunapr.com.br\/noticias\/curitiba-regiao\/guarda-municipal-e-pm-lancam-operacao-para-reforcar-seguranca-no-centro\/\" target=\"_blank\" rel=\"noreferrer noopener\"><strong>Opera\u00e7\u00e3o Integrada Centro Seguro<\/strong>,<\/a> que re\u00fane diferentes corpora\u00e7\u00f5es para refor\u00e7ar a seguran\u00e7a na regi\u00e3o.<\/p>\n<p>Em 11 fases da opera\u00e7\u00e3o, foram atendidas 4.302 ocorr\u00eancias, com 190 pris\u00f5es e 500 abordagens a suspeitos. Segundo a prefeitura, houve redu\u00e7\u00e3o de 37,38% nos roubos em compara\u00e7\u00e3o com o ano anterior \u2014 67 registros, contra 107 no mesmo per\u00edodo anterior.<\/p>\n<p>Com o apoio do Conecta Muralha, a\u00e7\u00f5es de identifica\u00e7\u00e3o de pessoas ligadas a crimes na capital s\u00e3o realizadas com frequ\u00eancia. Ainda assim, o combate ao tr\u00e1fico exige atua\u00e7\u00e3o cont\u00ednua e integrada. \u201cO videomonitoramento \u00e9 uma ferramenta que nos auxilia, porque amplia nossa vis\u00e3o do espa\u00e7o. Mas os marginais sabem onde est\u00e1 a c\u00e2mera e procuram pontos cegos\u201d, afirmou o comandante. <\/p>\n<p>Para o novo comandante, que atua a 34 anos na Guarda, a tecnologia precisa estar associada \u00e0 presen\u00e7a f\u00edsica dos agentes. \u201cSeguran\u00e7a se faz com a presen\u00e7a f\u00edsica do agente na pra\u00e7a, no espa\u00e7o p\u00fablico.\u201d Entre as novas diretrizes do comando est\u00e1 a amplia\u00e7\u00e3o da presen\u00e7a da corpora\u00e7\u00e3o nas ruas, especialmente na regi\u00e3o central.<\/p>\n<p><strong>Manda pra Tribuna!<\/strong><\/p>\n<p><em>Voc\u00ea conhece pessoas que fazem coisas incr\u00edveis, viu alguma irregularidade na sua regi\u00e3o? Quer mandar uma foto, v\u00eddeo ou fazer uma den\u00fancia? Entre em contato com a gente pelo WhatsApp dos Ca\u00e7adores de Not\u00edcias, pelo n\u00famero (41) 9 9683-9504. Ah, quando falar com a gente, conte sobre essa mat\u00e9ria aqui! &#x1f609;<\/em><\/p>\n<section class=\"virals\">\n<article class=\"cardnews cardnews--post cardnews--has-thumbnail cardnews--editorial-noticias\"> <a href=\"https:\/\/www.tribunapr.com.br\/noticias\/parana\/golpe-do-ipva-engana-profissional-da-tecnologia-no-parana-como-evitar-a-fraude\/?utm_source=noticias-virais-rodape&amp;utm_medium=internal-tribuna&amp;utm_campaign=tribuna\" class=\"cardnews__postlink\"> <\/p>\n<div class=\"cardnews__image\" is-api-thumb=\"\"><\/div>\n<div class=\"cardnews__content cardhome__content\">\n<div class=\"cardnews__content-wrapper\">\n<p> <span style=\"\"> Fique atento! <\/span> <\/p>\n<p>At\u00e9 especialistas ca\u00edram: o detalhe no boleto do IPVA que rouba seu dinheiro<\/p>\n<\/p><\/div>\n<\/p><\/div>\n<p> <\/a> <\/article>\n<article class=\"cardnews cardnews--post cardnews--has-thumbnail cardnews--editorial-noticias\"> <a href=\"https:\/\/www.tribunapr.com.br\/noticias\/curitiba-regiao\/litoral-do-parana-passa-a-figurar-entre-os-mais-valorizados-do-pais\/?utm_source=noticias-virais-rodape&amp;utm_medium=internal-tribuna&amp;utm_campaign=tribuna\" class=\"cardnews__postlink\"> <\/p>\n<div class=\"cardnews__image\" is-api-thumb=\"\"><img decoding=\"async\" src=\"https:\/\/www.tribunapr.com.br\/wp-content\/uploads\/2026\/02\/04151141\/matinhos-litoral-370x210.jpg\" loading=\"lazy\" alt=\"Adeus, pre\u00e7os baixos? Esta regi\u00e3o do Paran\u00e1 virou a nova 'mina de ouro'\"\/><\/div>\n<div class=\"cardnews__content cardhome__content\">\n<div class=\"cardnews__content-wrapper\">\n<p> <span style=\"\"> Mercado imobili\u00e1rio <\/span> <\/p>\n<p>Adeus, pre\u00e7os baixos? Esta regi\u00e3o do Paran\u00e1 virou a nova &#8216;mina de ouro&#8217;<\/p>\n<\/p><\/div>\n<\/p><\/div>\n<p> <\/a> <\/article>\n<article class=\"cardnews cardnews--post cardnews--has-thumbnail cardnews--editorial-noticias\"> <a href=\"https:\/\/www.tribunapr.com.br\/blogs\/rango-barateza\/biscoitos-da-vovo-elza-tradicao-que-nasceu-do-afeto-e-conquistou-curitiba\/?utm_source=noticias-virais-rodape&amp;utm_medium=internal-tribuna&amp;utm_campaign=tribuna\" class=\"cardnews__postlink\"> <\/p>\n<div class=\"cardnews__image\" is-api-thumb=\"\"><img decoding=\"async\" src=\"https:\/\/www.tribunapr.com.br\/wp-content\/uploads\/2026\/02\/06135141\/vovo-elza-02-770x440-1-370x210.webp\" loading=\"lazy\" alt=\"O segredo de Curitiba: como uma receita de fam\u00edlia virou um imp\u00e9rio do afeto\"\/><\/div>\n<div class=\"cardnews__content cardhome__content\">\n<div class=\"cardnews__content-wrapper\">\n<p> <span style=\"\"> Rango Barateza! <\/span> <\/p>\n<p>O segredo de Curitiba: como uma receita de fam\u00edlia virou um imp\u00e9rio do afeto<\/p>\n<\/p><\/div>\n<\/p><\/div>\n<p> <\/a> <\/article>\n<\/section>\n<div id=\"tribuna-follow-cta\">\n<p> <span class=\"cta-title\">Siga a <span class=\"tribuna-color\">Tribuna<\/span> no Google, e acompanhe as \u00faltimas not\u00edcias de Curitiba e regi\u00e3o!<\/span> <\/p>\n<p> <a href=\"https:\/\/profile.google.com\/cp\/CgwvZy8xMmxxajUzM3Mac2h0dHBzOi8vd3d3LnRyaWJ1bmFwci5jb20uYnIvdml2YS92aXRyaW5lL2dpZ2FudGUtZG8tdmVzdHVhcmlvLXJlaW5hdWd1cmEtbG9qYS1lbS1zaG9wcGluZy10cmFkaWNpb25hbC1kZS1jdXJpdGliYS8iElRyaWJ1bmEgZG8gUGFyYW7DoSqAAwrHAWh0dHBzOi8vZW5jcnlwdGVkLXRibjIuZ3N0YXRpYy5jb20vZmF2aWNvbi10Ym4_cT10Ym46QU5kOUdjUVJPbjVDRjR6TzJPbkUwTXZrRlRCRTY2U0g1bGlaVDRaZTV3bWNKeU5GRm1BSnluM01nNU9PR3BXY1pYMzZwYU5HUWtsZ09JVEFLTTNNZVNGbTc1aWp6M3k2ajUtQ3M2b25kX2JUcFFQQkVLd3RsUjBsTmJESnUtVHhrNXQtbFlCNlVpOWZSVVFjT2cSswFodHRwczovL2VuY3J5cHRlZC10Ym4zLmdzdGF0aWMuY29tL2Zhdmljb24tdGJuP3E9dGJuJTNBQU5kOUdjU0FMaWJ2eFF0YXdFMFRueVdWWmVKRS1MZEdRZjVTUi1OZ2RMazhyZzIwVy1nM0JuQ1F4VDNKZFBjRXR2THdBeVRxUDJEdHVycEdVR29CQkxpYzM5al9wSmFxRERaMHNCYW05WEVhSGVsMmZTQmdKdlF4WWVyMw\" target=\"_blank\" title=\"Seguir a Tribuna no Google\">  <\/a> <\/div>\n<\/p><\/div>\n<p><script async src=\"\/\/www.instagram.com\/embed.js\"><\/script><br \/>\n<br \/><a href=\"https:\/\/www.tribunapr.com.br\/noticias\/curitiba-regiao\/no-coracao-de-curitiba-videos-revelam-trafico-escancarado-em-plena-luz-do-dia\/\">Fonte do Artigo <\/a><\/p>\n","protected":false},"excerpt":{"rendered":"<p>Em plena luz do dia e em frente \u00e0s c\u00e2meras da Muralha Digital de Curitiba. Desde janeiro at\u00e9 esta quarta-feira (25\/2), o vereador Da Costa Perdeu Pi\u00e1 (Uni\u00e3o) j\u00e1 soma mais de 3,5 milh\u00f5es de visualiza\u00e7\u00f5es com v\u00eddeos que mostram a movimenta\u00e7\u00e3o do tr\u00e1fico de drogas na regi\u00e3o central de Curitiba. No dia 18 de [&hellip;]<\/p>\n","protected":false},"author":1,"featured_media":90326,"comment_status":"closed","ping_status":"","sticky":false,"template":"","format":"standard","meta":{"googlesitekit_rrm_CAow2JLhCw:productID":"","_gspb_post_css":"","maa_idioma":"","maa_pais":"","footnotes":""},"categories":[1],"tags":[3101,3273,7279,11172,5968,9781],"class_list":["post-90325","post","type-post","status-publish","format-standard","has-post-thumbnail","hentry","category-ubirata","tag-dia","tag-drogas","tag-luz","tag-mostram","tag-venda","tag-videos"],"blocksy_meta":[],"yoast_head":"<!-- This site is optimized with the Yoast SEO Premium plugin v27.6 (Yoast SEO v27.6) - https:\/\/yoast.com\/product\/yoast-seo-premium-wordpress\/ -->\n<title>V\u00eddeos mostram venda de drogas \u00e0 luz do dia - Ubirat\u00e3 Online Not\u00edcias - A realidade ao seu alcance!<\/title>\n<meta name=\"description\" content=\"Em plena luz do dia e em frente \u00e0s c\u00e2meras da Muralha Digital de Curitiba. Desde janeiro at\u00e9 esta quarta-feira (25\/2), o vereador Da Costa Perdeu Pi\u00e1\" \/>\n<meta name=\"robots\" content=\"index, follow, max-snippet:-1, max-image-preview:large, max-video-preview:-1\" \/>\n<link rel=\"canonical\" href=\"https:\/\/ubirataonline.com.br\/en\/videos-mostram-venda-de-drogas-a-luz-do-dia\/\" \/>\n<meta property=\"og:locale\" content=\"en_US\" \/>\n<meta property=\"og:type\" content=\"article\" \/>\n<meta property=\"og:title\" content=\"V\u00eddeos mostram venda de drogas \u00e0 luz do dia\" \/>\n<meta property=\"og:description\" content=\"Em plena luz do dia e em frente \u00e0s c\u00e2meras da Muralha Digital de Curitiba. Desde janeiro at\u00e9 esta quarta-feira (25\/2), o vereador Da Costa Perdeu Pi\u00e1\" \/>\n<meta property=\"og:url\" content=\"https:\/\/ubirataonline.com.br\/en\/videos-mostram-venda-de-drogas-a-luz-do-dia\/\" \/>\n<meta property=\"og:site_name\" content=\"Ubirat\u00e3 Online Not\u00edcias - A realidade ao seu alcance!\" \/>\n<meta property=\"article:publisher\" content=\"https:\/\/www.facebook.com\/portalubirataonline\" \/>\n<meta property=\"article:author\" content=\"https:\/\/www.facebook.com\/portalubirataonline\" \/>\n<meta property=\"article:published_time\" content=\"2026-02-26T13:12:28+00:00\" \/>\n<meta property=\"article:modified_time\" content=\"2026-02-26T13:12:33+00:00\" \/>\n<meta property=\"og:image\" content=\"https:\/\/ubirataonline.com.br\/wp-content\/uploads\/2026\/02\/Videos-mostram-venda-de-drogas-a-luz-do-dia.jpg\" \/>\n\t<meta property=\"og:image:width\" content=\"1200\" \/>\n\t<meta property=\"og:image:height\" content=\"800\" \/>\n\t<meta property=\"og:image:type\" content=\"image\/jpeg\" \/>\n<meta name=\"author\" content=\"REDA\u00c7\u00c3O: UBIRAT\u00c3 ONLINE - F\u00c1BIO AUGUSTO CELESTINO\" \/>\n<meta name=\"twitter:card\" content=\"summary_large_image\" \/>\n<meta name=\"twitter:creator\" content=\"@x.com\/ubirataonline\" \/>\n<meta name=\"twitter:site\" content=\"@ubirataonline\" \/>\n<meta name=\"twitter:label1\" content=\"Written by\" \/>\n\t<meta name=\"twitter:data1\" content=\"REDA\u00c7\u00c3O: UBIRAT\u00c3 ONLINE - F\u00c1BIO AUGUSTO CELESTINO\" \/>\n\t<meta name=\"twitter:label2\" content=\"Est. reading time\" \/>\n\t<meta name=\"twitter:data2\" content=\"6 minutes\" \/>\n<script type=\"application\/ld+json\" class=\"yoast-schema-graph\">{\"@context\":\"https:\\\/\\\/schema.org\",\"@graph\":[{\"@type\":\"NewsArticle\",\"@id\":\"https:\\\/\\\/ubirataonline.com.br\\\/videos-mostram-venda-de-drogas-a-luz-do-dia\\\/#article\",\"isPartOf\":{\"@id\":\"https:\\\/\\\/ubirataonline.com.br\\\/videos-mostram-venda-de-drogas-a-luz-do-dia\\\/\"},\"author\":{\"name\":\"REDA\u00c7\u00c3O: UBIRAT\u00c3 ONLINE - F\u00c1BIO AUGUSTO CELESTINO\",\"@id\":\"https:\\\/\\\/ubirataonline.com.br\\\/#\\\/schema\\\/person\\\/372f87bbd3fdd79b8556b84c98d0bc1c\"},\"headline\":\"V\u00eddeos mostram venda de drogas \u00e0 luz do dia\",\"datePublished\":\"2026-02-26T13:12:28+00:00\",\"dateModified\":\"2026-02-26T13:12:33+00:00\",\"mainEntityOfPage\":{\"@id\":\"https:\\\/\\\/ubirataonline.com.br\\\/videos-mostram-venda-de-drogas-a-luz-do-dia\\\/\"},\"wordCount\":1171,\"publisher\":{\"@id\":\"https:\\\/\\\/ubirataonline.com.br\\\/#organization\"},\"image\":{\"@id\":\"https:\\\/\\\/ubirataonline.com.br\\\/videos-mostram-venda-de-drogas-a-luz-do-dia\\\/#primaryimage\"},\"thumbnailUrl\":\"https:\\\/\\\/ubirataonline.com.br\\\/wp-content\\\/uploads\\\/2026\\\/02\\\/Videos-mostram-venda-de-drogas-a-luz-do-dia.jpg\",\"keywords\":[\"dia\",\"drogas\",\"luz\",\"mostram\",\"venda\",\"Videos\"],\"articleSection\":[\"Ubirat\u00e3\"],\"inLanguage\":\"en-US\",\"copyrightYear\":\"2026\",\"copyrightHolder\":{\"@id\":\"https:\\\/\\\/ubirataonline.com.br\\\/en\\\/#organization\"}},{\"@type\":\"WebPage\",\"@id\":\"https:\\\/\\\/ubirataonline.com.br\\\/videos-mostram-venda-de-drogas-a-luz-do-dia\\\/\",\"url\":\"https:\\\/\\\/ubirataonline.com.br\\\/videos-mostram-venda-de-drogas-a-luz-do-dia\\\/\",\"name\":\"V\u00eddeos mostram venda de drogas \u00e0 luz do dia - Ubirat\u00e3 Online Not\u00edcias - A realidade ao seu alcance!\",\"isPartOf\":{\"@id\":\"https:\\\/\\\/ubirataonline.com.br\\\/#website\"},\"primaryImageOfPage\":{\"@id\":\"https:\\\/\\\/ubirataonline.com.br\\\/videos-mostram-venda-de-drogas-a-luz-do-dia\\\/#primaryimage\"},\"image\":{\"@id\":\"https:\\\/\\\/ubirataonline.com.br\\\/videos-mostram-venda-de-drogas-a-luz-do-dia\\\/#primaryimage\"},\"thumbnailUrl\":\"https:\\\/\\\/ubirataonline.com.br\\\/wp-content\\\/uploads\\\/2026\\\/02\\\/Videos-mostram-venda-de-drogas-a-luz-do-dia.jpg\",\"datePublished\":\"2026-02-26T13:12:28+00:00\",\"dateModified\":\"2026-02-26T13:12:33+00:00\",\"description\":\"Em plena luz do dia e em frente \u00e0s c\u00e2meras da Muralha Digital de Curitiba. Desde janeiro at\u00e9 esta quarta-feira (25\\\/2), o vereador Da Costa Perdeu Pi\u00e1\",\"breadcrumb\":{\"@id\":\"https:\\\/\\\/ubirataonline.com.br\\\/videos-mostram-venda-de-drogas-a-luz-do-dia\\\/#breadcrumb\"},\"inLanguage\":\"en-US\",\"potentialAction\":[{\"@type\":\"ReadAction\",\"target\":[\"https:\\\/\\\/ubirataonline.com.br\\\/videos-mostram-venda-de-drogas-a-luz-do-dia\\\/\"]}]},{\"@type\":\"ImageObject\",\"inLanguage\":\"en-US\",\"@id\":\"https:\\\/\\\/ubirataonline.com.br\\\/videos-mostram-venda-de-drogas-a-luz-do-dia\\\/#primaryimage\",\"url\":\"https:\\\/\\\/ubirataonline.com.br\\\/wp-content\\\/uploads\\\/2026\\\/02\\\/Videos-mostram-venda-de-drogas-a-luz-do-dia.jpg\",\"contentUrl\":\"https:\\\/\\\/ubirataonline.com.br\\\/wp-content\\\/uploads\\\/2026\\\/02\\\/Videos-mostram-venda-de-drogas-a-luz-do-dia.jpg\",\"width\":1200,\"height\":800,\"caption\":\"Foto: Reprodu\u00e7\u00e3o\\\/Instagram @perdeupia\"},{\"@type\":\"BreadcrumbList\",\"@id\":\"https:\\\/\\\/ubirataonline.com.br\\\/videos-mostram-venda-de-drogas-a-luz-do-dia\\\/#breadcrumb\",\"itemListElement\":[{\"@type\":\"ListItem\",\"position\":1,\"name\":\"In\u00edcio\",\"item\":\"https:\\\/\\\/ubirataonline.com.br\\\/\"},{\"@type\":\"ListItem\",\"position\":2,\"name\":\"V\u00eddeos mostram venda de drogas \u00e0 luz do dia\"}]},{\"@type\":\"WebSite\",\"@id\":\"https:\\\/\\\/ubirataonline.com.br\\\/#website\",\"url\":\"https:\\\/\\\/ubirataonline.com.br\\\/\",\"name\":\"Ubirat\u00e3 Online Not\u00edcias\",\"description\":\"Not\u00edcias de Ubirat\u00e3, regi\u00e3o, Brasil e mundo, com informa\u00e7\u00e3o atualizada e compromisso com o leitor.\",\"publisher\":{\"@id\":\"https:\\\/\\\/ubirataonline.com.br\\\/#organization\"},\"alternateName\":\"Ubirat\u00e3 Online\",\"potentialAction\":[{\"@type\":\"SearchAction\",\"target\":{\"@type\":\"EntryPoint\",\"urlTemplate\":\"https:\\\/\\\/ubirataonline.com.br\\\/?s={search_term_string}\"},\"query-input\":{\"@type\":\"PropertyValueSpecification\",\"valueRequired\":true,\"valueName\":\"search_term_string\"}}],\"inLanguage\":\"en-US\"},{\"@type\":[\"Organization\",\"Place\"],\"@id\":\"https:\\\/\\\/ubirataonline.com.br\\\/#organization\",\"name\":\"Ubirat\u00e3 Online Not\u00edcias\",\"alternateName\":\"Ubirat\u00e3 Online\",\"url\":\"https:\\\/\\\/ubirataonline.com.br\\\/\",\"logo\":{\"@id\":\"https:\\\/\\\/ubirataonline.com.br\\\/videos-mostram-venda-de-drogas-a-luz-do-dia\\\/#local-main-organization-logo\"},\"image\":{\"@id\":\"https:\\\/\\\/ubirataonline.com.br\\\/videos-mostram-venda-de-drogas-a-luz-do-dia\\\/#local-main-organization-logo\"},\"sameAs\":[\"https:\\\/\\\/www.facebook.com\\\/portalubirataonline\",\"https:\\\/\\\/x.com\\\/ubirataonline\",\"https:\\\/\\\/mastodon.social\\\/@ubirataonline\",\"https:\\\/\\\/www.facebook.com\\\/groups\\\/311144672285604\",\"https:\\\/\\\/www.facebook.com\\\/UBTAOnline\",\"https:\\\/\\\/www.instagram.com\\\/portalubirataonline\\\/\",\"https:\\\/\\\/twitter.com\\\/ubirataonline\"],\"description\":\"Somos um portal de not\u00edcias independente, criado em 5 de janeiro de 2009, com o objetivo de informar, conectar e valorizar a nossa comunidade de Ubirat\u00e3 e toda aregi\u00e3o. Com conte\u00fado atualizado, confi\u00e1vel e relevante, o Ubirat\u00e3 Online \u00e9 o seu espa\u00e7o para ficar por dentro dos principais acontecimentos locais, regionais, Brasil, Mundo e de interesse geral. Nosso compromisso \u00e9 com a verdade, a transpar\u00eancia e o respeito ao leitor.\",\"legalName\":\"UBIRATA ONLINE NOT\u00cdCIAS\",\"foundingDate\":\"2009-01-05\",\"numberOfEmployees\":{\"@type\":\"QuantitativeValue\",\"minValue\":\"1\",\"maxValue\":\"10\"},\"publishingPrinciples\":\"https:\\\/\\\/ubirataonline.com.br\\\/faq\\\/\",\"address\":{\"@id\":\"https:\\\/\\\/ubirataonline.com.br\\\/videos-mostram-venda-de-drogas-a-luz-do-dia\\\/#local-main-place-address\"},\"geo\":{\"@type\":\"GeoCoordinates\",\"latitude\":\"-24.5361401\",\"longitude\":\"-52.9921776\"},\"telephone\":[\"+5544998308235\"],\"contactPoint\":{\"@type\":\"ContactPoint\",\"email\":\"contato@ubirataonline.com.br\"},\"openingHoursSpecification\":{\"@type\":\"OpeningHoursSpecification\",\"dayOfWeek\":[\"Monday\",\"Tuesday\",\"Wednesday\",\"Thursday\",\"Friday\",\"Saturday\",\"Sunday\"],\"opens\":\"00:00\",\"closes\":\"23:59\"},\"email\":\"contato@ubirataonline.com.br\",\"vatID\":\"47.621.418\\\/0001-80\"},{\"@type\":\"Person\",\"@id\":\"https:\\\/\\\/ubirataonline.com.br\\\/#\\\/schema\\\/person\\\/372f87bbd3fdd79b8556b84c98d0bc1c\",\"name\":\"REDA\u00c7\u00c3O: UBIRAT\u00c3 ONLINE - F\u00c1BIO AUGUSTO CELESTINO\",\"pronouns\":\"Ele\",\"description\":\"Desde 2003 trabalhando com not\u00edcias.\",\"sameAs\":[\"http:\\\/\\\/ubirataoline.com.br\",\"https:\\\/\\\/www.facebook.com\\\/portalubirataonline\",\"https:\\\/\\\/www.instagram.com\\\/ubirataonline_oficial\",\"https:\\\/\\\/x.com\\\/x.com\\\/ubirataonline\"],\"honorificPrefix\":\"Mr.\",\"honorificSuffix\":\"MD\",\"birthDate\":\"1980-06-16\",\"gender\":\"masculino\",\"award\":[\"V\u00e1rios pr\u00eamios de melhor portal da cidade\"],\"jobTitle\":\"Diretor\",\"url\":\"https:\\\/\\\/ubirataonline.com.br\\\/en\\\/author\\\/ubirataonline\\\/\"},{\"@type\":\"PostalAddress\",\"@id\":\"https:\\\/\\\/ubirataonline.com.br\\\/videos-mostram-venda-de-drogas-a-luz-do-dia\\\/#local-main-place-address\",\"streetAddress\":\"Rua dos Coqueiros, 104 - Bairro Boa Vista, Rua dos Coqueiros, 104 Bairro Boa Vista\",\"addressLocality\":\"UBIRATA\",\"postalCode\":\"85440-000\",\"addressRegion\":\"PR\",\"addressCountry\":\"BR\"},{\"@type\":\"ImageObject\",\"inLanguage\":\"en-US\",\"@id\":\"https:\\\/\\\/ubirataonline.com.br\\\/videos-mostram-venda-de-drogas-a-luz-do-dia\\\/#local-main-organization-logo\",\"url\":\"https:\\\/\\\/ubirataonline.com.br\\\/wp-content\\\/uploads\\\/2026\\\/06\\\/logoubirataonline-1.webp\",\"contentUrl\":\"https:\\\/\\\/ubirataonline.com.br\\\/wp-content\\\/uploads\\\/2026\\\/06\\\/logoubirataonline-1.webp\",\"width\":500,\"height\":500,\"caption\":\"Ubirat\u00e3 Online Not\u00edcias\"}]}<\/script>\n<meta name=\"geo.placename\" content=\"UBIRATA\" \/>\n<meta name=\"geo.position\" content=\"-24.5361401;-52.9921776\" \/>\n<meta name=\"geo.region\" content=\"Brazil\" \/>\n<!-- \/ Yoast SEO Premium plugin. -->","yoast_head_json":{"title":"V\u00eddeos mostram venda de drogas \u00e0 luz do dia - Ubirat\u00e3 Online Not\u00edcias - A realidade ao seu alcance!","description":"Em plena luz do dia e em frente \u00e0s c\u00e2meras da Muralha Digital de Curitiba. Desde janeiro at\u00e9 esta quarta-feira (25\/2), o vereador Da Costa Perdeu Pi\u00e1","robots":{"index":"index","follow":"follow","max-snippet":"max-snippet:-1","max-image-preview":"max-image-preview:large","max-video-preview":"max-video-preview:-1"},"canonical":"https:\/\/ubirataonline.com.br\/en\/videos-mostram-venda-de-drogas-a-luz-do-dia\/","og_locale":"en_US","og_type":"article","og_title":"V\u00eddeos mostram venda de drogas \u00e0 luz do dia","og_description":"Em plena luz do dia e em frente \u00e0s c\u00e2meras da Muralha Digital de Curitiba. Desde janeiro at\u00e9 esta quarta-feira (25\/2), o vereador Da Costa Perdeu Pi\u00e1","og_url":"https:\/\/ubirataonline.com.br\/en\/videos-mostram-venda-de-drogas-a-luz-do-dia\/","og_site_name":"Ubirat\u00e3 Online Not\u00edcias - A realidade ao seu alcance!","article_publisher":"https:\/\/www.facebook.com\/portalubirataonline","article_author":"https:\/\/www.facebook.com\/portalubirataonline","article_published_time":"2026-02-26T13:12:28+00:00","article_modified_time":"2026-02-26T13:12:33+00:00","og_image":[{"width":1200,"height":800,"url":"https:\/\/ubirataonline.com.br\/wp-content\/uploads\/2026\/02\/Videos-mostram-venda-de-drogas-a-luz-do-dia.jpg","type":"image\/jpeg"}],"author":"REDA\u00c7\u00c3O: UBIRAT\u00c3 ONLINE - F\u00c1BIO AUGUSTO CELESTINO","twitter_card":"summary_large_image","twitter_creator":"@x.com\/ubirataonline","twitter_site":"@ubirataonline","twitter_misc":{"Written by":"REDA\u00c7\u00c3O: UBIRAT\u00c3 ONLINE - F\u00c1BIO AUGUSTO CELESTINO","Est. reading time":"6 minutes"},"schema":{"@context":"https:\/\/schema.org","@graph":[{"@type":"NewsArticle","@id":"https:\/\/ubirataonline.com.br\/videos-mostram-venda-de-drogas-a-luz-do-dia\/#article","isPartOf":{"@id":"https:\/\/ubirataonline.com.br\/videos-mostram-venda-de-drogas-a-luz-do-dia\/"},"author":{"name":"REDA\u00c7\u00c3O: UBIRAT\u00c3 ONLINE - F\u00c1BIO AUGUSTO CELESTINO","@id":"https:\/\/ubirataonline.com.br\/#\/schema\/person\/372f87bbd3fdd79b8556b84c98d0bc1c"},"headline":"V\u00eddeos mostram venda de drogas \u00e0 luz do dia","datePublished":"2026-02-26T13:12:28+00:00","dateModified":"2026-02-26T13:12:33+00:00","mainEntityOfPage":{"@id":"https:\/\/ubirataonline.com.br\/videos-mostram-venda-de-drogas-a-luz-do-dia\/"},"wordCount":1171,"publisher":{"@id":"https:\/\/ubirataonline.com.br\/#organization"},"image":{"@id":"https:\/\/ubirataonline.com.br\/videos-mostram-venda-de-drogas-a-luz-do-dia\/#primaryimage"},"thumbnailUrl":"https:\/\/ubirataonline.com.br\/wp-content\/uploads\/2026\/02\/Videos-mostram-venda-de-drogas-a-luz-do-dia.jpg","keywords":["dia","drogas","luz","mostram","venda","Videos"],"articleSection":["Ubirat\u00e3"],"inLanguage":"en-US","copyrightYear":"2026","copyrightHolder":{"@id":"https:\/\/ubirataonline.com.br\/en\/#organization"}},{"@type":"WebPage","@id":"https:\/\/ubirataonline.com.br\/videos-mostram-venda-de-drogas-a-luz-do-dia\/","url":"https:\/\/ubirataonline.com.br\/videos-mostram-venda-de-drogas-a-luz-do-dia\/","name":"V\u00eddeos mostram venda de drogas \u00e0 luz do dia - Ubirat\u00e3 Online Not\u00edcias - A realidade ao seu alcance!","isPartOf":{"@id":"https:\/\/ubirataonline.com.br\/#website"},"primaryImageOfPage":{"@id":"https:\/\/ubirataonline.com.br\/videos-mostram-venda-de-drogas-a-luz-do-dia\/#primaryimage"},"image":{"@id":"https:\/\/ubirataonline.com.br\/videos-mostram-venda-de-drogas-a-luz-do-dia\/#primaryimage"},"thumbnailUrl":"https:\/\/ubirataonline.com.br\/wp-content\/uploads\/2026\/02\/Videos-mostram-venda-de-drogas-a-luz-do-dia.jpg","datePublished":"2026-02-26T13:12:28+00:00","dateModified":"2026-02-26T13:12:33+00:00","description":"Em plena luz do dia e em frente \u00e0s c\u00e2meras da Muralha Digital de Curitiba. Desde janeiro at\u00e9 esta quarta-feira (25\/2), o vereador Da Costa Perdeu Pi\u00e1","breadcrumb":{"@id":"https:\/\/ubirataonline.com.br\/videos-mostram-venda-de-drogas-a-luz-do-dia\/#breadcrumb"},"inLanguage":"en-US","potentialAction":[{"@type":"ReadAction","target":["https:\/\/ubirataonline.com.br\/videos-mostram-venda-de-drogas-a-luz-do-dia\/"]}]},{"@type":"ImageObject","inLanguage":"en-US","@id":"https:\/\/ubirataonline.com.br\/videos-mostram-venda-de-drogas-a-luz-do-dia\/#primaryimage","url":"https:\/\/ubirataonline.com.br\/wp-content\/uploads\/2026\/02\/Videos-mostram-venda-de-drogas-a-luz-do-dia.jpg","contentUrl":"https:\/\/ubirataonline.com.br\/wp-content\/uploads\/2026\/02\/Videos-mostram-venda-de-drogas-a-luz-do-dia.jpg","width":1200,"height":800,"caption":"Foto: Reprodu\u00e7\u00e3o\/Instagram @perdeupia"},{"@type":"BreadcrumbList","@id":"https:\/\/ubirataonline.com.br\/videos-mostram-venda-de-drogas-a-luz-do-dia\/#breadcrumb","itemListElement":[{"@type":"ListItem","position":1,"name":"In\u00edcio","item":"https:\/\/ubirataonline.com.br\/"},{"@type":"ListItem","position":2,"name":"V\u00eddeos mostram venda de drogas \u00e0 luz do dia"}]},{"@type":"WebSite","@id":"https:\/\/ubirataonline.com.br\/#website","url":"https:\/\/ubirataonline.com.br\/","name":"Ubirat\u00e3 Online Not\u00edcias","description":"Not\u00edcias de Ubirat\u00e3, regi\u00e3o, Brasil e mundo, com informa\u00e7\u00e3o atualizada e compromisso com o leitor.","publisher":{"@id":"https:\/\/ubirataonline.com.br\/#organization"},"alternateName":"Ubirat\u00e3 Online","potentialAction":[{"@type":"SearchAction","target":{"@type":"EntryPoint","urlTemplate":"https:\/\/ubirataonline.com.br\/?s={search_term_string}"},"query-input":{"@type":"PropertyValueSpecification","valueRequired":true,"valueName":"search_term_string"}}],"inLanguage":"en-US"},{"@type":["Organization","Place"],"@id":"https:\/\/ubirataonline.com.br\/#organization","name":"Ubirat\u00e3 Online Not\u00edcias","alternateName":"Ubirat\u00e3 Online","url":"https:\/\/ubirataonline.com.br\/","logo":{"@id":"https:\/\/ubirataonline.com.br\/videos-mostram-venda-de-drogas-a-luz-do-dia\/#local-main-organization-logo"},"image":{"@id":"https:\/\/ubirataonline.com.br\/videos-mostram-venda-de-drogas-a-luz-do-dia\/#local-main-organization-logo"},"sameAs":["https:\/\/www.facebook.com\/portalubirataonline","https:\/\/x.com\/ubirataonline","https:\/\/mastodon.social\/@ubirataonline","https:\/\/www.facebook.com\/groups\/311144672285604","https:\/\/www.facebook.com\/UBTAOnline","https:\/\/www.instagram.com\/portalubirataonline\/","https:\/\/twitter.com\/ubirataonline"],"description":"Somos um portal de not\u00edcias independente, criado em 5 de janeiro de 2009, com o objetivo de informar, conectar e valorizar a nossa comunidade de Ubirat\u00e3 e toda aregi\u00e3o. Com conte\u00fado atualizado, confi\u00e1vel e relevante, o Ubirat\u00e3 Online \u00e9 o seu espa\u00e7o para ficar por dentro dos principais acontecimentos locais, regionais, Brasil, Mundo e de interesse geral. Nosso compromisso \u00e9 com a verdade, a transpar\u00eancia e o respeito ao leitor.","legalName":"UBIRATA ONLINE NOT\u00cdCIAS","foundingDate":"2009-01-05","numberOfEmployees":{"@type":"QuantitativeValue","minValue":"1","maxValue":"10"},"publishingPrinciples":"https:\/\/ubirataonline.com.br\/faq\/","address":{"@id":"https:\/\/ubirataonline.com.br\/videos-mostram-venda-de-drogas-a-luz-do-dia\/#local-main-place-address"},"geo":{"@type":"GeoCoordinates","latitude":"-24.5361401","longitude":"-52.9921776"},"telephone":["+5544998308235"],"contactPoint":{"@type":"ContactPoint","email":"contato@ubirataonline.com.br"},"openingHoursSpecification":{"@type":"OpeningHoursSpecification","dayOfWeek":["Monday","Tuesday","Wednesday","Thursday","Friday","Saturday","Sunday"],"opens":"00:00","closes":"23:59"},"email":"contato@ubirataonline.com.br","vatID":"47.621.418\/0001-80"},{"@type":"Person","@id":"https:\/\/ubirataonline.com.br\/#\/schema\/person\/372f87bbd3fdd79b8556b84c98d0bc1c","name":"REDA\u00c7\u00c3O: UBIRAT\u00c3 ONLINE - F\u00c1BIO AUGUSTO CELESTINO","pronouns":"Ele","description":"Desde 2003 trabalhando com not\u00edcias.","sameAs":["http:\/\/ubirataoline.com.br","https:\/\/www.facebook.com\/portalubirataonline","https:\/\/www.instagram.com\/ubirataonline_oficial","https:\/\/x.com\/x.com\/ubirataonline"],"honorificPrefix":"Mr.","honorificSuffix":"MD","birthDate":"1980-06-16","gender":"masculino","award":["V\u00e1rios pr\u00eamios de melhor portal da cidade"],"jobTitle":"Diretor","url":"https:\/\/ubirataonline.com.br\/en\/author\/ubirataonline\/"},{"@type":"PostalAddress","@id":"https:\/\/ubirataonline.com.br\/videos-mostram-venda-de-drogas-a-luz-do-dia\/#local-main-place-address","streetAddress":"Rua dos Coqueiros, 104 - Bairro Boa Vista, Rua dos Coqueiros, 104 Bairro Boa Vista","addressLocality":"UBIRATA","postalCode":"85440-000","addressRegion":"PR","addressCountry":"BR"},{"@type":"ImageObject","inLanguage":"en-US","@id":"https:\/\/ubirataonline.com.br\/videos-mostram-venda-de-drogas-a-luz-do-dia\/#local-main-organization-logo","url":"https:\/\/ubirataonline.com.br\/wp-content\/uploads\/2026\/06\/logoubirataonline-1.webp","contentUrl":"https:\/\/ubirataonline.com.br\/wp-content\/uploads\/2026\/06\/logoubirataonline-1.webp","width":500,"height":500,"caption":"Ubirat\u00e3 Online Not\u00edcias"}]},"geo.placename":"UBIRATA","geo.position":{"lat":"-24.5361401","long":"-52.9921776"},"geo.region":"Brazil"},"_links":{"self":[{"href":"https:\/\/ubirataonline.com.br\/en\/wp-json\/wp\/v2\/posts\/90325","targetHints":{"allow":["GET"]}}],"collection":[{"href":"https:\/\/ubirataonline.com.br\/en\/wp-json\/wp\/v2\/posts"}],"about":[{"href":"https:\/\/ubirataonline.com.br\/en\/wp-json\/wp\/v2\/types\/post"}],"author":[{"embeddable":true,"href":"https:\/\/ubirataonline.com.br\/en\/wp-json\/wp\/v2\/users\/1"}],"replies":[{"embeddable":true,"href":"https:\/\/ubirataonline.com.br\/en\/wp-json\/wp\/v2\/comments?post=90325"}],"version-history":[{"count":0,"href":"https:\/\/ubirataonline.com.br\/en\/wp-json\/wp\/v2\/posts\/90325\/revisions"}],"wp:featuredmedia":[{"embeddable":true,"href":"https:\/\/ubirataonline.com.br\/en\/wp-json\/wp\/v2\/media\/90326"}],"wp:attachment":[{"href":"https:\/\/ubirataonline.com.br\/en\/wp-json\/wp\/v2\/media?parent=90325"}],"wp:term":[{"taxonomy":"category","embeddable":true,"href":"https:\/\/ubirataonline.com.br\/en\/wp-json\/wp\/v2\/categories?post=90325"},{"taxonomy":"post_tag","embeddable":true,"href":"https:\/\/ubirataonline.com.br\/en\/wp-json\/wp\/v2\/tags?post=90325"}],"curies":[{"name":"wp","href":"https:\/\/api.w.org\/{rel}","templated":true}]}}