{"id":90338,"date":"2026-02-26T10:52:08","date_gmt":"2026-02-26T13:52:08","guid":{"rendered":"https:\/\/ubirataonline.com.br\/eleicao-para-procurador-geral-de-justica-do-ministerio-publico-do-parana-tera-candidato-unico\/"},"modified":"2026-02-26T10:52:12","modified_gmt":"2026-02-26T13:52:12","slug":"eleicao-para-procurador-geral-de-justica-do-ministerio-publico-do-parana-tera-candidato-unico","status":"publish","type":"post","link":"https:\/\/ubirataonline.com.br\/en\/eleicao-para-procurador-geral-de-justica-do-ministerio-publico-do-parana-tera-candidato-unico\/","title":{"rendered":"Elei\u00e7\u00e3o para Procurador-Geral de Justi\u00e7a do Minist\u00e9rio P\u00fablico do Paran\u00e1 ter\u00e1 candidato \u00fanico"},"content":{"rendered":"<p><\/p>\n<div>\n<p>Terminou nesta quarta-feira, 25 de fevereiro, o prazo de inscri\u00e7\u00f5es de candidatos \u00e0 elei\u00e7\u00e3o ao cargo de Procurador-Geral de Justi\u00e7a do Minist\u00e9rio P\u00fablico do Paran\u00e1 no bi\u00eanio 2026-2028. O Promotor de Justi\u00e7a Francisco Zanicotti \u00e9 candidato \u00fanico.<\/p>\n<p>A elei\u00e7\u00e3o ser\u00e1 realizada no dia 13 de mar\u00e7o, mediante voto direto e secreto. S\u00e3o eleitores todos os membros do MPPR em exerc\u00edcio. A vota\u00e7\u00e3o ser\u00e1 realizada pela internet, das 9 \u00e0s 17 horas, com acesso mediante senha e login institucionais.\u00a0<\/p>\n<p>Leia a \u00edntegra do\u00a0<br \/>\n<span data-embed-button=\"midia_embarcada\" data-entity-embed-display=\"view_mode:media.midia_anexada_em_outro_node\" data-entity-embed-display-settings=\"Edital n\u00ba 01\/2026\" data-entity-type=\"media\" data-entity-uuid=\"e0b0cb93-7a9e-48bc-83ba-65683cd28bbb\" data-langcode=\"pt-br\" class=\"embedded-entity\" title=\"Edital n\u00ba 01\/2026\"><br \/>\n      <a href=\"https:\/\/mppr.mp.br\/sites\/default\/arquivos_restritos\/files\/documento\/2026-02\/edital_01-2026_pgj.pdf\" type=\"application\/pdf; length=17656\">Edital n\u00ba 01\/2026<\/a><br \/>\n  <\/span><br \/>\n\u00a0e da\u00a0<br \/>\n<span data-embed-button=\"midia_embarcada\" data-entity-embed-display=\"view_mode:media.midia_anexada_em_outro_node\" data-entity-embed-display-settings=\"Resolu\u00e7\u00e3o CPJ n\u00ba 23\/2025\" data-entity-type=\"media\" data-entity-uuid=\"42e238fb-38be-4e11-af85-06e9d4e4fe07\" data-langcode=\"pt-br\" class=\"embedded-entity\" title=\"Resolu\u00e7\u00e3o CPJ n\u00ba 23\/2025\"><br \/>\n      <a href=\"https:\/\/mppr.mp.br\/sites\/default\/arquivos_restritos\/files\/documento\/2026-02\/resolucao_cpj_n._23-2025_assinada.pdf\" type=\"application\/pdf; length=92906\">Resolu\u00e7\u00e3o CPJ n\u00ba 23\/2025<\/a><br \/>\n  <\/span><br \/>\n, que regulamentam o pleito.<\/p>\n<h4>Atribui\u00e7\u00f5es do PGJ<\/h4>\n<p>O Procurador-Geral de Justi\u00e7a \u00e9 o chefe m\u00e1ximo do Minist\u00e9rio P\u00fablico Estadual, com mandato de dois anos, permitida uma recondu\u00e7\u00e3o. Al\u00e9m de conduzir administrativamente o Minist\u00e9rio P\u00fablico Estadual, imprimindo-lhe a pol\u00edtica institucional, \u00e9 do PGJ a compet\u00eancia origin\u00e1ria para propor alguns tipos de a\u00e7\u00f5es, como as que envolvem Ju\u00edzes, Promotores de Justi\u00e7a, Deputados, Prefeitos, Governador, entre outras autoridades do Estado. Tamb\u00e9m preside os \u00f3rg\u00e3os da Administra\u00e7\u00e3o do MP, como o Conselho Superior e o Col\u00e9gio de Procuradores, e tem assento, como representante do Minist\u00e9rio P\u00fablico, nos \u00f3rg\u00e3os superiores da Justi\u00e7a Estadual, como o \u00d3rg\u00e3o Especial do Tribunal de Justi\u00e7a. Integra ainda o Conselho Nacional dos Procuradores-Gerais do Minist\u00e9rio P\u00fablico dos Estados e da Uni\u00e3o. Por fim, \u00e9 atribui\u00e7\u00e3o do Procurador-Geral de Justi\u00e7a encaminhar ao Poder Legislativo os projetos de lei de iniciativa do Minist\u00e9rio P\u00fablico e submeter ao Col\u00e9gio de Procuradores de Justi\u00e7a as propostas de cria\u00e7\u00e3o e extin\u00e7\u00e3o de cargos e servi\u00e7os auxiliares e o or\u00e7amento anual da institui\u00e7\u00e3o.<\/p>\n<p>\u00a0<\/p>\n<\/div>\n<p><a href=\"https:\/\/mppr.mp.br\/Noticia\/Eleicao-para-Procurador-Geral-de-Justica-do-Ministerio-Publico-do-Parana-tera-candidato\">Source link <\/a><\/p>","protected":false},"excerpt":{"rendered":"<p>Terminou nesta quarta-feira, 25 de fevereiro, o prazo de inscri\u00e7\u00f5es de candidatos \u00e0 elei\u00e7\u00e3o ao cargo de Procurador-Geral de Justi\u00e7a do Minist\u00e9rio P\u00fablico do Paran\u00e1 no bi\u00eanio 2026-2028. O Promotor de Justi\u00e7a Francisco Zanicotti \u00e9 candidato \u00fanico. A elei\u00e7\u00e3o ser\u00e1 realizada no dia 13 de mar\u00e7o, mediante voto direto e secreto. S\u00e3o eleitores todos os [&hellip;]<\/p>\n","protected":false},"author":1,"featured_media":90339,"comment_status":"closed","ping_status":"","sticky":false,"template":"","format":"standard","meta":{"googlesitekit_rrm_CAow2JLhCw:productID":"","_gspb_post_css":"","maa_idioma":"","maa_pais":"","footnotes":""},"categories":[1],"tags":[10530,17419,3684,3438,2904,90,4443,3439,3880,5243],"class_list":["post-90338","post","type-post","status-publish","format-standard","has-post-thumbnail","hentry","category-ubirata","tag-candidato","tag-eleicao","tag-justica","tag-ministerio","tag-para","tag-parana","tag-procuradorgeral","tag-publico","tag-tera","tag-unico"],"blocksy_meta":[],"yoast_head":"<!-- This site is optimized with the Yoast SEO Premium plugin v27.6 (Yoast SEO v27.6) - https:\/\/yoast.com\/product\/yoast-seo-premium-wordpress\/ -->\n<title>Elei\u00e7\u00e3o para Procurador-Geral de Justi\u00e7a do Minist\u00e9rio P\u00fablico do Paran\u00e1 ter\u00e1 candidato \u00fanico - Ubirat\u00e3 Online Not\u00edcias - A realidade ao seu alcance!<\/title>\n<meta name=\"description\" content=\"Terminou nesta quarta-feira, 25 de fevereiro, o prazo de inscri\u00e7\u00f5es de candidatos \u00e0 elei\u00e7\u00e3o ao cargo de Procurador-Geral de Justi\u00e7a do Minist\u00e9rio P\u00fablico\" \/>\n<meta name=\"robots\" content=\"index, follow, max-snippet:-1, max-image-preview:large, max-video-preview:-1\" \/>\n<link rel=\"canonical\" href=\"https:\/\/ubirataonline.com.br\/en\/eleicao-para-procurador-geral-de-justica-do-ministerio-publico-do-parana-tera-candidato-unico\/\" \/>\n<meta property=\"og:locale\" content=\"en_US\" \/>\n<meta property=\"og:type\" content=\"article\" \/>\n<meta property=\"og:title\" content=\"Elei\u00e7\u00e3o para Procurador-Geral de Justi\u00e7a do Minist\u00e9rio P\u00fablico do Paran\u00e1 ter\u00e1 candidato \u00fanico\" \/>\n<meta property=\"og:description\" content=\"Terminou nesta quarta-feira, 25 de fevereiro, o prazo de inscri\u00e7\u00f5es de candidatos \u00e0 elei\u00e7\u00e3o ao cargo de Procurador-Geral de Justi\u00e7a do Minist\u00e9rio P\u00fablico\" \/>\n<meta property=\"og:url\" content=\"https:\/\/ubirataonline.com.br\/en\/eleicao-para-procurador-geral-de-justica-do-ministerio-publico-do-parana-tera-candidato-unico\/\" \/>\n<meta property=\"og:site_name\" content=\"Ubirat\u00e3 Online Not\u00edcias - A realidade ao seu alcance!\" \/>\n<meta property=\"article:publisher\" content=\"https:\/\/www.facebook.com\/portalubirataonline\" \/>\n<meta property=\"article:author\" content=\"https:\/\/www.facebook.com\/portalubirataonline\" \/>\n<meta property=\"article:published_time\" content=\"2026-02-26T13:52:08+00:00\" \/>\n<meta property=\"article:modified_time\" content=\"2026-02-26T13:52:12+00:00\" \/>\n<meta property=\"og:image\" content=\"https:\/\/ubirataonline.com.br\/wp-content\/uploads\/2026\/02\/Eleicao-para-Procurador-Geral-de-Justica-do-Ministerio-Publico-do-Parana.jpg\" \/>\n\t<meta property=\"og:image:width\" content=\"675\" \/>\n\t<meta property=\"og:image:height\" content=\"450\" \/>\n\t<meta property=\"og:image:type\" content=\"image\/jpeg\" \/>\n<meta name=\"author\" content=\"REDA\u00c7\u00c3O: UBIRAT\u00c3 ONLINE - F\u00c1BIO AUGUSTO CELESTINO\" \/>\n<meta name=\"twitter:card\" content=\"summary_large_image\" \/>\n<meta name=\"twitter:creator\" content=\"@x.com\/ubirataonline\" \/>\n<meta name=\"twitter:site\" content=\"@ubirataonline\" \/>\n<meta name=\"twitter:label1\" content=\"Written by\" \/>\n\t<meta name=\"twitter:data1\" content=\"REDA\u00c7\u00c3O: UBIRAT\u00c3 ONLINE - F\u00c1BIO AUGUSTO CELESTINO\" \/>\n\t<meta name=\"twitter:label2\" content=\"Est. reading time\" \/>\n\t<meta name=\"twitter:data2\" content=\"2 minutes\" \/>\n<script type=\"application\/ld+json\" class=\"yoast-schema-graph\">{\"@context\":\"https:\\\/\\\/schema.org\",\"@graph\":[{\"@type\":\"NewsArticle\",\"@id\":\"https:\\\/\\\/ubirataonline.com.br\\\/eleicao-para-procurador-geral-de-justica-do-ministerio-publico-do-parana-tera-candidato-unico\\\/#article\",\"isPartOf\":{\"@id\":\"https:\\\/\\\/ubirataonline.com.br\\\/eleicao-para-procurador-geral-de-justica-do-ministerio-publico-do-parana-tera-candidato-unico\\\/\"},\"author\":{\"name\":\"REDA\u00c7\u00c3O: UBIRAT\u00c3 ONLINE - F\u00c1BIO AUGUSTO CELESTINO\",\"@id\":\"https:\\\/\\\/ubirataonline.com.br\\\/#\\\/schema\\\/person\\\/372f87bbd3fdd79b8556b84c98d0bc1c\"},\"headline\":\"Elei\u00e7\u00e3o para Procurador-Geral de Justi\u00e7a do Minist\u00e9rio P\u00fablico do Paran\u00e1 ter\u00e1 candidato \u00fanico\",\"datePublished\":\"2026-02-26T13:52:08+00:00\",\"dateModified\":\"2026-02-26T13:52:12+00:00\",\"mainEntityOfPage\":{\"@id\":\"https:\\\/\\\/ubirataonline.com.br\\\/eleicao-para-procurador-geral-de-justica-do-ministerio-publico-do-parana-tera-candidato-unico\\\/\"},\"wordCount\":318,\"publisher\":{\"@id\":\"https:\\\/\\\/ubirataonline.com.br\\\/#organization\"},\"image\":{\"@id\":\"https:\\\/\\\/ubirataonline.com.br\\\/eleicao-para-procurador-geral-de-justica-do-ministerio-publico-do-parana-tera-candidato-unico\\\/#primaryimage\"},\"thumbnailUrl\":\"https:\\\/\\\/ubirataonline.com.br\\\/wp-content\\\/uploads\\\/2026\\\/02\\\/Eleicao-para-Procurador-Geral-de-Justica-do-Ministerio-Publico-do-Parana.jpg\",\"keywords\":[\"candidato\",\"elei\u00e7\u00e3o\",\"Justi\u00e7a\",\"Minist\u00e9rio\",\"para\",\"paran\u00e1\",\"ProcuradorGeral\",\"P\u00fablico\",\"ter\u00e1\",\"\u00fanico\"],\"articleSection\":[\"Ubirat\u00e3\"],\"inLanguage\":\"en-US\",\"copyrightYear\":\"2026\",\"copyrightHolder\":{\"@id\":\"https:\\\/\\\/ubirataonline.com.br\\\/en\\\/#organization\"}},{\"@type\":\"WebPage\",\"@id\":\"https:\\\/\\\/ubirataonline.com.br\\\/eleicao-para-procurador-geral-de-justica-do-ministerio-publico-do-parana-tera-candidato-unico\\\/\",\"url\":\"https:\\\/\\\/ubirataonline.com.br\\\/eleicao-para-procurador-geral-de-justica-do-ministerio-publico-do-parana-tera-candidato-unico\\\/\",\"name\":\"Elei\u00e7\u00e3o para Procurador-Geral de Justi\u00e7a do Minist\u00e9rio P\u00fablico do Paran\u00e1 ter\u00e1 candidato \u00fanico - Ubirat\u00e3 Online Not\u00edcias - A realidade ao seu alcance!\",\"isPartOf\":{\"@id\":\"https:\\\/\\\/ubirataonline.com.br\\\/#website\"},\"primaryImageOfPage\":{\"@id\":\"https:\\\/\\\/ubirataonline.com.br\\\/eleicao-para-procurador-geral-de-justica-do-ministerio-publico-do-parana-tera-candidato-unico\\\/#primaryimage\"},\"image\":{\"@id\":\"https:\\\/\\\/ubirataonline.com.br\\\/eleicao-para-procurador-geral-de-justica-do-ministerio-publico-do-parana-tera-candidato-unico\\\/#primaryimage\"},\"thumbnailUrl\":\"https:\\\/\\\/ubirataonline.com.br\\\/wp-content\\\/uploads\\\/2026\\\/02\\\/Eleicao-para-Procurador-Geral-de-Justica-do-Ministerio-Publico-do-Parana.jpg\",\"datePublished\":\"2026-02-26T13:52:08+00:00\",\"dateModified\":\"2026-02-26T13:52:12+00:00\",\"description\":\"Terminou nesta quarta-feira, 25 de fevereiro, o prazo de inscri\u00e7\u00f5es de candidatos \u00e0 elei\u00e7\u00e3o ao cargo de Procurador-Geral de Justi\u00e7a do Minist\u00e9rio P\u00fablico\",\"breadcrumb\":{\"@id\":\"https:\\\/\\\/ubirataonline.com.br\\\/eleicao-para-procurador-geral-de-justica-do-ministerio-publico-do-parana-tera-candidato-unico\\\/#breadcrumb\"},\"inLanguage\":\"en-US\",\"potentialAction\":[{\"@type\":\"ReadAction\",\"target\":[\"https:\\\/\\\/ubirataonline.com.br\\\/eleicao-para-procurador-geral-de-justica-do-ministerio-publico-do-parana-tera-candidato-unico\\\/\"]}]},{\"@type\":\"ImageObject\",\"inLanguage\":\"en-US\",\"@id\":\"https:\\\/\\\/ubirataonline.com.br\\\/eleicao-para-procurador-geral-de-justica-do-ministerio-publico-do-parana-tera-candidato-unico\\\/#primaryimage\",\"url\":\"https:\\\/\\\/ubirataonline.com.br\\\/wp-content\\\/uploads\\\/2026\\\/02\\\/Eleicao-para-Procurador-Geral-de-Justica-do-Ministerio-Publico-do-Parana.jpg\",\"contentUrl\":\"https:\\\/\\\/ubirataonline.com.br\\\/wp-content\\\/uploads\\\/2026\\\/02\\\/Eleicao-para-Procurador-Geral-de-Justica-do-Ministerio-Publico-do-Parana.jpg\",\"width\":675,\"height\":450,\"caption\":\"Elei\u00e7\u00e3o para Procurador-Geral de Justi\u00e7a do Minist\u00e9rio P\u00fablico do Paran\u00e1 ter\u00e1 candidato \u00fanico\"},{\"@type\":\"BreadcrumbList\",\"@id\":\"https:\\\/\\\/ubirataonline.com.br\\\/eleicao-para-procurador-geral-de-justica-do-ministerio-publico-do-parana-tera-candidato-unico\\\/#breadcrumb\",\"itemListElement\":[{\"@type\":\"ListItem\",\"position\":1,\"name\":\"In\u00edcio\",\"item\":\"https:\\\/\\\/ubirataonline.com.br\\\/\"},{\"@type\":\"ListItem\",\"position\":2,\"name\":\"Elei\u00e7\u00e3o para Procurador-Geral de Justi\u00e7a do Minist\u00e9rio P\u00fablico do Paran\u00e1 ter\u00e1 candidato \u00fanico\"}]},{\"@type\":\"WebSite\",\"@id\":\"https:\\\/\\\/ubirataonline.com.br\\\/#website\",\"url\":\"https:\\\/\\\/ubirataonline.com.br\\\/\",\"name\":\"Ubirat\u00e3 Online Not\u00edcias\",\"description\":\"Not\u00edcias de Ubirat\u00e3, regi\u00e3o, Brasil e mundo, com informa\u00e7\u00e3o atualizada e compromisso com o leitor.\",\"publisher\":{\"@id\":\"https:\\\/\\\/ubirataonline.com.br\\\/#organization\"},\"alternateName\":\"Ubirat\u00e3 Online\",\"potentialAction\":[{\"@type\":\"SearchAction\",\"target\":{\"@type\":\"EntryPoint\",\"urlTemplate\":\"https:\\\/\\\/ubirataonline.com.br\\\/?s={search_term_string}\"},\"query-input\":{\"@type\":\"PropertyValueSpecification\",\"valueRequired\":true,\"valueName\":\"search_term_string\"}}],\"inLanguage\":\"en-US\"},{\"@type\":[\"Organization\",\"Place\"],\"@id\":\"https:\\\/\\\/ubirataonline.com.br\\\/#organization\",\"name\":\"Ubirat\u00e3 Online Not\u00edcias\",\"alternateName\":\"Ubirat\u00e3 Online\",\"url\":\"https:\\\/\\\/ubirataonline.com.br\\\/\",\"logo\":{\"@id\":\"https:\\\/\\\/ubirataonline.com.br\\\/eleicao-para-procurador-geral-de-justica-do-ministerio-publico-do-parana-tera-candidato-unico\\\/#local-main-organization-logo\"},\"image\":{\"@id\":\"https:\\\/\\\/ubirataonline.com.br\\\/eleicao-para-procurador-geral-de-justica-do-ministerio-publico-do-parana-tera-candidato-unico\\\/#local-main-organization-logo\"},\"sameAs\":[\"https:\\\/\\\/www.facebook.com\\\/portalubirataonline\",\"https:\\\/\\\/x.com\\\/ubirataonline\",\"https:\\\/\\\/mastodon.social\\\/@ubirataonline\",\"https:\\\/\\\/www.facebook.com\\\/groups\\\/311144672285604\",\"https:\\\/\\\/www.facebook.com\\\/UBTAOnline\",\"https:\\\/\\\/www.instagram.com\\\/portalubirataonline\\\/\",\"https:\\\/\\\/twitter.com\\\/ubirataonline\"],\"description\":\"Somos um portal de not\u00edcias independente, criado em 5 de janeiro de 2009, com o objetivo de informar, conectar e valorizar a nossa comunidade de Ubirat\u00e3 e toda aregi\u00e3o. Com conte\u00fado atualizado, confi\u00e1vel e relevante, o Ubirat\u00e3 Online \u00e9 o seu espa\u00e7o para ficar por dentro dos principais acontecimentos locais, regionais, Brasil, Mundo e de interesse geral. Nosso compromisso \u00e9 com a verdade, a transpar\u00eancia e o respeito ao leitor.\",\"legalName\":\"UBIRATA ONLINE NOT\u00cdCIAS\",\"foundingDate\":\"2009-01-05\",\"numberOfEmployees\":{\"@type\":\"QuantitativeValue\",\"minValue\":\"1\",\"maxValue\":\"10\"},\"publishingPrinciples\":\"https:\\\/\\\/ubirataonline.com.br\\\/faq\\\/\",\"address\":{\"@id\":\"https:\\\/\\\/ubirataonline.com.br\\\/eleicao-para-procurador-geral-de-justica-do-ministerio-publico-do-parana-tera-candidato-unico\\\/#local-main-place-address\"},\"geo\":{\"@type\":\"GeoCoordinates\",\"latitude\":\"-24.5361401\",\"longitude\":\"-52.9921776\"},\"telephone\":[\"+5544998308235\"],\"contactPoint\":{\"@type\":\"ContactPoint\",\"email\":\"contato@ubirataonline.com.br\"},\"openingHoursSpecification\":{\"@type\":\"OpeningHoursSpecification\",\"dayOfWeek\":[\"Monday\",\"Tuesday\",\"Wednesday\",\"Thursday\",\"Friday\",\"Saturday\",\"Sunday\"],\"opens\":\"00:00\",\"closes\":\"23:59\"},\"email\":\"contato@ubirataonline.com.br\",\"vatID\":\"47.621.418\\\/0001-80\"},{\"@type\":\"Person\",\"@id\":\"https:\\\/\\\/ubirataonline.com.br\\\/#\\\/schema\\\/person\\\/372f87bbd3fdd79b8556b84c98d0bc1c\",\"name\":\"REDA\u00c7\u00c3O: UBIRAT\u00c3 ONLINE - F\u00c1BIO AUGUSTO CELESTINO\",\"pronouns\":\"Ele\",\"description\":\"Desde 2003 trabalhando com not\u00edcias.\",\"sameAs\":[\"http:\\\/\\\/ubirataoline.com.br\",\"https:\\\/\\\/www.facebook.com\\\/portalubirataonline\",\"https:\\\/\\\/www.instagram.com\\\/ubirataonline_oficial\",\"https:\\\/\\\/x.com\\\/x.com\\\/ubirataonline\"],\"honorificPrefix\":\"Mr.\",\"honorificSuffix\":\"MD\",\"birthDate\":\"1980-06-16\",\"gender\":\"masculino\",\"award\":[\"V\u00e1rios pr\u00eamios de melhor portal da cidade\"],\"jobTitle\":\"Diretor\",\"url\":\"https:\\\/\\\/ubirataonline.com.br\\\/en\\\/author\\\/ubirataonline\\\/\"},{\"@type\":\"PostalAddress\",\"@id\":\"https:\\\/\\\/ubirataonline.com.br\\\/eleicao-para-procurador-geral-de-justica-do-ministerio-publico-do-parana-tera-candidato-unico\\\/#local-main-place-address\",\"streetAddress\":\"Rua dos Coqueiros, 104 - Bairro Boa Vista, Rua dos Coqueiros, 104 Bairro Boa Vista\",\"addressLocality\":\"UBIRATA\",\"postalCode\":\"85440-000\",\"addressRegion\":\"PR\",\"addressCountry\":\"BR\"},{\"@type\":\"ImageObject\",\"inLanguage\":\"en-US\",\"@id\":\"https:\\\/\\\/ubirataonline.com.br\\\/eleicao-para-procurador-geral-de-justica-do-ministerio-publico-do-parana-tera-candidato-unico\\\/#local-main-organization-logo\",\"url\":\"https:\\\/\\\/ubirataonline.com.br\\\/wp-content\\\/uploads\\\/2026\\\/06\\\/logoubirataonline-1.webp\",\"contentUrl\":\"https:\\\/\\\/ubirataonline.com.br\\\/wp-content\\\/uploads\\\/2026\\\/06\\\/logoubirataonline-1.webp\",\"width\":500,\"height\":500,\"caption\":\"Ubirat\u00e3 Online Not\u00edcias\"}]}<\/script>\n<meta name=\"geo.placename\" content=\"UBIRATA\" \/>\n<meta name=\"geo.position\" content=\"-24.5361401;-52.9921776\" \/>\n<meta name=\"geo.region\" content=\"Brazil\" \/>\n<!-- \/ Yoast SEO Premium plugin. -->","yoast_head_json":{"title":"Elei\u00e7\u00e3o para Procurador-Geral de Justi\u00e7a do Minist\u00e9rio P\u00fablico do Paran\u00e1 ter\u00e1 candidato \u00fanico - Ubirat\u00e3 Online Not\u00edcias - A realidade ao seu alcance!","description":"Terminou nesta quarta-feira, 25 de fevereiro, o prazo de inscri\u00e7\u00f5es de candidatos \u00e0 elei\u00e7\u00e3o ao cargo de Procurador-Geral de Justi\u00e7a do Minist\u00e9rio P\u00fablico","robots":{"index":"index","follow":"follow","max-snippet":"max-snippet:-1","max-image-preview":"max-image-preview:large","max-video-preview":"max-video-preview:-1"},"canonical":"https:\/\/ubirataonline.com.br\/en\/eleicao-para-procurador-geral-de-justica-do-ministerio-publico-do-parana-tera-candidato-unico\/","og_locale":"en_US","og_type":"article","og_title":"Elei\u00e7\u00e3o para Procurador-Geral de Justi\u00e7a do Minist\u00e9rio P\u00fablico do Paran\u00e1 ter\u00e1 candidato \u00fanico","og_description":"Terminou nesta quarta-feira, 25 de fevereiro, o prazo de inscri\u00e7\u00f5es de candidatos \u00e0 elei\u00e7\u00e3o ao cargo de Procurador-Geral de Justi\u00e7a do Minist\u00e9rio P\u00fablico","og_url":"https:\/\/ubirataonline.com.br\/en\/eleicao-para-procurador-geral-de-justica-do-ministerio-publico-do-parana-tera-candidato-unico\/","og_site_name":"Ubirat\u00e3 Online Not\u00edcias - A realidade ao seu alcance!","article_publisher":"https:\/\/www.facebook.com\/portalubirataonline","article_author":"https:\/\/www.facebook.com\/portalubirataonline","article_published_time":"2026-02-26T13:52:08+00:00","article_modified_time":"2026-02-26T13:52:12+00:00","og_image":[{"width":675,"height":450,"url":"https:\/\/ubirataonline.com.br\/wp-content\/uploads\/2026\/02\/Eleicao-para-Procurador-Geral-de-Justica-do-Ministerio-Publico-do-Parana.jpg","type":"image\/jpeg"}],"author":"REDA\u00c7\u00c3O: UBIRAT\u00c3 ONLINE - F\u00c1BIO AUGUSTO CELESTINO","twitter_card":"summary_large_image","twitter_creator":"@x.com\/ubirataonline","twitter_site":"@ubirataonline","twitter_misc":{"Written by":"REDA\u00c7\u00c3O: UBIRAT\u00c3 ONLINE - F\u00c1BIO AUGUSTO CELESTINO","Est. reading time":"2 minutes"},"schema":{"@context":"https:\/\/schema.org","@graph":[{"@type":"NewsArticle","@id":"https:\/\/ubirataonline.com.br\/eleicao-para-procurador-geral-de-justica-do-ministerio-publico-do-parana-tera-candidato-unico\/#article","isPartOf":{"@id":"https:\/\/ubirataonline.com.br\/eleicao-para-procurador-geral-de-justica-do-ministerio-publico-do-parana-tera-candidato-unico\/"},"author":{"name":"REDA\u00c7\u00c3O: UBIRAT\u00c3 ONLINE - F\u00c1BIO AUGUSTO CELESTINO","@id":"https:\/\/ubirataonline.com.br\/#\/schema\/person\/372f87bbd3fdd79b8556b84c98d0bc1c"},"headline":"Elei\u00e7\u00e3o para Procurador-Geral de Justi\u00e7a do Minist\u00e9rio P\u00fablico do Paran\u00e1 ter\u00e1 candidato \u00fanico","datePublished":"2026-02-26T13:52:08+00:00","dateModified":"2026-02-26T13:52:12+00:00","mainEntityOfPage":{"@id":"https:\/\/ubirataonline.com.br\/eleicao-para-procurador-geral-de-justica-do-ministerio-publico-do-parana-tera-candidato-unico\/"},"wordCount":318,"publisher":{"@id":"https:\/\/ubirataonline.com.br\/#organization"},"image":{"@id":"https:\/\/ubirataonline.com.br\/eleicao-para-procurador-geral-de-justica-do-ministerio-publico-do-parana-tera-candidato-unico\/#primaryimage"},"thumbnailUrl":"https:\/\/ubirataonline.com.br\/wp-content\/uploads\/2026\/02\/Eleicao-para-Procurador-Geral-de-Justica-do-Ministerio-Publico-do-Parana.jpg","keywords":["candidato","elei\u00e7\u00e3o","Justi\u00e7a","Minist\u00e9rio","para","paran\u00e1","ProcuradorGeral","P\u00fablico","ter\u00e1","\u00fanico"],"articleSection":["Ubirat\u00e3"],"inLanguage":"en-US","copyrightYear":"2026","copyrightHolder":{"@id":"https:\/\/ubirataonline.com.br\/en\/#organization"}},{"@type":"WebPage","@id":"https:\/\/ubirataonline.com.br\/eleicao-para-procurador-geral-de-justica-do-ministerio-publico-do-parana-tera-candidato-unico\/","url":"https:\/\/ubirataonline.com.br\/eleicao-para-procurador-geral-de-justica-do-ministerio-publico-do-parana-tera-candidato-unico\/","name":"Elei\u00e7\u00e3o para Procurador-Geral de Justi\u00e7a do Minist\u00e9rio P\u00fablico do Paran\u00e1 ter\u00e1 candidato \u00fanico - Ubirat\u00e3 Online Not\u00edcias - A realidade ao seu alcance!","isPartOf":{"@id":"https:\/\/ubirataonline.com.br\/#website"},"primaryImageOfPage":{"@id":"https:\/\/ubirataonline.com.br\/eleicao-para-procurador-geral-de-justica-do-ministerio-publico-do-parana-tera-candidato-unico\/#primaryimage"},"image":{"@id":"https:\/\/ubirataonline.com.br\/eleicao-para-procurador-geral-de-justica-do-ministerio-publico-do-parana-tera-candidato-unico\/#primaryimage"},"thumbnailUrl":"https:\/\/ubirataonline.com.br\/wp-content\/uploads\/2026\/02\/Eleicao-para-Procurador-Geral-de-Justica-do-Ministerio-Publico-do-Parana.jpg","datePublished":"2026-02-26T13:52:08+00:00","dateModified":"2026-02-26T13:52:12+00:00","description":"Terminou nesta quarta-feira, 25 de fevereiro, o prazo de inscri\u00e7\u00f5es de candidatos \u00e0 elei\u00e7\u00e3o ao cargo de Procurador-Geral de Justi\u00e7a do Minist\u00e9rio P\u00fablico","breadcrumb":{"@id":"https:\/\/ubirataonline.com.br\/eleicao-para-procurador-geral-de-justica-do-ministerio-publico-do-parana-tera-candidato-unico\/#breadcrumb"},"inLanguage":"en-US","potentialAction":[{"@type":"ReadAction","target":["https:\/\/ubirataonline.com.br\/eleicao-para-procurador-geral-de-justica-do-ministerio-publico-do-parana-tera-candidato-unico\/"]}]},{"@type":"ImageObject","inLanguage":"en-US","@id":"https:\/\/ubirataonline.com.br\/eleicao-para-procurador-geral-de-justica-do-ministerio-publico-do-parana-tera-candidato-unico\/#primaryimage","url":"https:\/\/ubirataonline.com.br\/wp-content\/uploads\/2026\/02\/Eleicao-para-Procurador-Geral-de-Justica-do-Ministerio-Publico-do-Parana.jpg","contentUrl":"https:\/\/ubirataonline.com.br\/wp-content\/uploads\/2026\/02\/Eleicao-para-Procurador-Geral-de-Justica-do-Ministerio-Publico-do-Parana.jpg","width":675,"height":450,"caption":"Elei\u00e7\u00e3o para Procurador-Geral de Justi\u00e7a do Minist\u00e9rio P\u00fablico do Paran\u00e1 ter\u00e1 candidato \u00fanico"},{"@type":"BreadcrumbList","@id":"https:\/\/ubirataonline.com.br\/eleicao-para-procurador-geral-de-justica-do-ministerio-publico-do-parana-tera-candidato-unico\/#breadcrumb","itemListElement":[{"@type":"ListItem","position":1,"name":"In\u00edcio","item":"https:\/\/ubirataonline.com.br\/"},{"@type":"ListItem","position":2,"name":"Elei\u00e7\u00e3o para Procurador-Geral de Justi\u00e7a do Minist\u00e9rio P\u00fablico do Paran\u00e1 ter\u00e1 candidato \u00fanico"}]},{"@type":"WebSite","@id":"https:\/\/ubirataonline.com.br\/#website","url":"https:\/\/ubirataonline.com.br\/","name":"Ubirat\u00e3 Online Not\u00edcias","description":"Not\u00edcias de Ubirat\u00e3, regi\u00e3o, Brasil e mundo, com informa\u00e7\u00e3o atualizada e compromisso com o leitor.","publisher":{"@id":"https:\/\/ubirataonline.com.br\/#organization"},"alternateName":"Ubirat\u00e3 Online","potentialAction":[{"@type":"SearchAction","target":{"@type":"EntryPoint","urlTemplate":"https:\/\/ubirataonline.com.br\/?s={search_term_string}"},"query-input":{"@type":"PropertyValueSpecification","valueRequired":true,"valueName":"search_term_string"}}],"inLanguage":"en-US"},{"@type":["Organization","Place"],"@id":"https:\/\/ubirataonline.com.br\/#organization","name":"Ubirat\u00e3 Online Not\u00edcias","alternateName":"Ubirat\u00e3 Online","url":"https:\/\/ubirataonline.com.br\/","logo":{"@id":"https:\/\/ubirataonline.com.br\/eleicao-para-procurador-geral-de-justica-do-ministerio-publico-do-parana-tera-candidato-unico\/#local-main-organization-logo"},"image":{"@id":"https:\/\/ubirataonline.com.br\/eleicao-para-procurador-geral-de-justica-do-ministerio-publico-do-parana-tera-candidato-unico\/#local-main-organization-logo"},"sameAs":["https:\/\/www.facebook.com\/portalubirataonline","https:\/\/x.com\/ubirataonline","https:\/\/mastodon.social\/@ubirataonline","https:\/\/www.facebook.com\/groups\/311144672285604","https:\/\/www.facebook.com\/UBTAOnline","https:\/\/www.instagram.com\/portalubirataonline\/","https:\/\/twitter.com\/ubirataonline"],"description":"Somos um portal de not\u00edcias independente, criado em 5 de janeiro de 2009, com o objetivo de informar, conectar e valorizar a nossa comunidade de Ubirat\u00e3 e toda aregi\u00e3o. Com conte\u00fado atualizado, confi\u00e1vel e relevante, o Ubirat\u00e3 Online \u00e9 o seu espa\u00e7o para ficar por dentro dos principais acontecimentos locais, regionais, Brasil, Mundo e de interesse geral. Nosso compromisso \u00e9 com a verdade, a transpar\u00eancia e o respeito ao leitor.","legalName":"UBIRATA ONLINE NOT\u00cdCIAS","foundingDate":"2009-01-05","numberOfEmployees":{"@type":"QuantitativeValue","minValue":"1","maxValue":"10"},"publishingPrinciples":"https:\/\/ubirataonline.com.br\/faq\/","address":{"@id":"https:\/\/ubirataonline.com.br\/eleicao-para-procurador-geral-de-justica-do-ministerio-publico-do-parana-tera-candidato-unico\/#local-main-place-address"},"geo":{"@type":"GeoCoordinates","latitude":"-24.5361401","longitude":"-52.9921776"},"telephone":["+5544998308235"],"contactPoint":{"@type":"ContactPoint","email":"contato@ubirataonline.com.br"},"openingHoursSpecification":{"@type":"OpeningHoursSpecification","dayOfWeek":["Monday","Tuesday","Wednesday","Thursday","Friday","Saturday","Sunday"],"opens":"00:00","closes":"23:59"},"email":"contato@ubirataonline.com.br","vatID":"47.621.418\/0001-80"},{"@type":"Person","@id":"https:\/\/ubirataonline.com.br\/#\/schema\/person\/372f87bbd3fdd79b8556b84c98d0bc1c","name":"REDA\u00c7\u00c3O: UBIRAT\u00c3 ONLINE - F\u00c1BIO AUGUSTO CELESTINO","pronouns":"Ele","description":"Desde 2003 trabalhando com not\u00edcias.","sameAs":["http:\/\/ubirataoline.com.br","https:\/\/www.facebook.com\/portalubirataonline","https:\/\/www.instagram.com\/ubirataonline_oficial","https:\/\/x.com\/x.com\/ubirataonline"],"honorificPrefix":"Mr.","honorificSuffix":"MD","birthDate":"1980-06-16","gender":"masculino","award":["V\u00e1rios pr\u00eamios de melhor portal da cidade"],"jobTitle":"Diretor","url":"https:\/\/ubirataonline.com.br\/en\/author\/ubirataonline\/"},{"@type":"PostalAddress","@id":"https:\/\/ubirataonline.com.br\/eleicao-para-procurador-geral-de-justica-do-ministerio-publico-do-parana-tera-candidato-unico\/#local-main-place-address","streetAddress":"Rua dos Coqueiros, 104 - Bairro Boa Vista, Rua dos Coqueiros, 104 Bairro Boa Vista","addressLocality":"UBIRATA","postalCode":"85440-000","addressRegion":"PR","addressCountry":"BR"},{"@type":"ImageObject","inLanguage":"en-US","@id":"https:\/\/ubirataonline.com.br\/eleicao-para-procurador-geral-de-justica-do-ministerio-publico-do-parana-tera-candidato-unico\/#local-main-organization-logo","url":"https:\/\/ubirataonline.com.br\/wp-content\/uploads\/2026\/06\/logoubirataonline-1.webp","contentUrl":"https:\/\/ubirataonline.com.br\/wp-content\/uploads\/2026\/06\/logoubirataonline-1.webp","width":500,"height":500,"caption":"Ubirat\u00e3 Online Not\u00edcias"}]},"geo.placename":"UBIRATA","geo.position":{"lat":"-24.5361401","long":"-52.9921776"},"geo.region":"Brazil"},"_links":{"self":[{"href":"https:\/\/ubirataonline.com.br\/en\/wp-json\/wp\/v2\/posts\/90338","targetHints":{"allow":["GET"]}}],"collection":[{"href":"https:\/\/ubirataonline.com.br\/en\/wp-json\/wp\/v2\/posts"}],"about":[{"href":"https:\/\/ubirataonline.com.br\/en\/wp-json\/wp\/v2\/types\/post"}],"author":[{"embeddable":true,"href":"https:\/\/ubirataonline.com.br\/en\/wp-json\/wp\/v2\/users\/1"}],"replies":[{"embeddable":true,"href":"https:\/\/ubirataonline.com.br\/en\/wp-json\/wp\/v2\/comments?post=90338"}],"version-history":[{"count":0,"href":"https:\/\/ubirataonline.com.br\/en\/wp-json\/wp\/v2\/posts\/90338\/revisions"}],"wp:featuredmedia":[{"embeddable":true,"href":"https:\/\/ubirataonline.com.br\/en\/wp-json\/wp\/v2\/media\/90339"}],"wp:attachment":[{"href":"https:\/\/ubirataonline.com.br\/en\/wp-json\/wp\/v2\/media?parent=90338"}],"wp:term":[{"taxonomy":"category","embeddable":true,"href":"https:\/\/ubirataonline.com.br\/en\/wp-json\/wp\/v2\/categories?post=90338"},{"taxonomy":"post_tag","embeddable":true,"href":"https:\/\/ubirataonline.com.br\/en\/wp-json\/wp\/v2\/tags?post=90338"}],"curies":[{"name":"wp","href":"https:\/\/api.w.org\/{rel}","templated":true}]}}