{"id":90365,"date":"2026-02-26T12:42:27","date_gmt":"2026-02-26T15:42:27","guid":{"rendered":"https:\/\/ubirataonline.com.br\/jejum-na-quaresma-5-dicas-para-fazer-de-forma-equilibrada-e-saudavel\/"},"modified":"2026-02-26T12:42:33","modified_gmt":"2026-02-26T15:42:33","slug":"jejum-na-quaresma-5-dicas-para-fazer-de-forma-equilibrada-e-saudavel","status":"publish","type":"post","link":"https:\/\/ubirataonline.com.br\/en\/jejum-na-quaresma-5-dicas-para-fazer-de-forma-equilibrada-e-saudavel\/","title":{"rendered":"Jejum na Quaresma: 5 dicas para fazer de forma equilibrada e saud\u00e1vel"},"content":{"rendered":"<p><\/p>\n<div id=\"post-content\">\n<p>A Quaresma \u00e9 um per\u00edodo tradicionalmente marcado pela reflex\u00e3o, pela espiritualidade e por pr\u00e1ticas como o jejum e a abstin\u00eancia. Para muitas pessoas, esse momento representa uma oportunidade de reconex\u00e3o interior e disciplina. No entanto, \u00e9 importante lembrar que o jejum n\u00e3o deve ser sin\u00f4nimo de sofrimento f\u00edsico, restri\u00e7\u00f5es extremas ou preju\u00edzo \u00e0 sa\u00fade. Pelo contr\u00e1rio, quando feito com consci\u00eancia, ele pode favorecer o equil\u00edbrio do corpo e da mente.<\/p>\n<p>Segundo Kerlin Aline Schmitz Costacurta, nutricionista e empres\u00e1ria, cofundadora do Divina Terra, o segredo est\u00e1 na modera\u00e7\u00e3o. \u201cO jejum n\u00e3o precisa ser radical para ter significado. Quando h\u00e1 equil\u00edbrio e boas escolhas alimentares, \u00e9 poss\u00edvel respeitar a tradi\u00e7\u00e3o sem abrir m\u00e3o da sa\u00fade\u201d, afirma.<\/p>\n<h2 class=\"wp-block-heading\" id=\"h-o-verdadeiro-sentido-do-jejum\">O verdadeiro sentido do jejum<\/h2>\n<p>Historicamente, o jejum quaresmal tem um <strong><a href=\"https:\/\/portaledicase.com\/novena-para-a-quaresma-oracao-para-viver-o-tempo-de-conversao-e-reflexao\/\" target=\"_blank\" rel=\"noreferrer noopener\">significado espiritual: <\/a><\/strong>reduzir excessos para dar mais espa\u00e7o \u00e0 ora\u00e7\u00e3o, \u00e0 caridade e \u00e0 introspec\u00e7\u00e3o. Ou seja, o objetivo n\u00e3o \u00e9 simplesmente \u201ccomer menos\u201d, mas cultivar modera\u00e7\u00e3o e consci\u00eancia.<\/p>\n<p>Quando a pr\u00e1tica se transforma em dietas radicais, longos per\u00edodos sem alimenta\u00e7\u00e3o ou compensa\u00e7\u00f5es exageradas, ela perde seu sentido original e pode gerar consequ\u00eancias negativas como fraqueza, irritabilidade, queda de imunidade e compuls\u00e3o alimentar.<\/p>\n<p>Kerlin Aline Schmitz Costacurta refor\u00e7a que disciplina n\u00e3o \u00e9 sin\u00f4nimo de priva\u00e7\u00e3o extrema. \u201cO corpo precisa de nutrientes para funcionar bem. A espiritualidade deve caminhar com o autocuidado, n\u00e3o contra ele\u201d, explica.<\/p>\n<div class=\"wp-block-image\">\n<figure class=\"aligncenter size-large\"><figcaption class=\"wp-element-caption\">Optar por prepara\u00e7\u00f5es caseiras, ingredientes frescos e reduzir os ultraprocessados \u00e9 uma forma de cuidar do corpo enquanto se vivencia o prop\u00f3sito espiritual do per\u00edodo (Imagem: Lilly Trott | Shutterstock)<\/figcaption><\/figure>\n<\/p><\/div>\n<h2 class=\"wp-block-heading\" id=\"h-jejum-saudavel-na-quaresma\">Jejum saud\u00e1vel na Quaresma<\/h2>\n<p>Para o jejum ser equilibrado, \u00e9 essencial <strong><a href=\"https:\/\/portaledicase.com\/6-mitos-e-verdades-sobre-dieta-cetogenica-e-jejum-intermitente\/\" target=\"_blank\" rel=\"noreferrer noopener\">respeitar as necessidades do corpo. <\/a><\/strong>Alguns h\u00e1bitos simples ajudam a manter a sa\u00fade durante esse per\u00edodo:<\/p>\n<h3 class=\"wp-block-heading\" id=\"h-1-priorize-qualidade-nao-apenas-quantidade\">1. Priorize qualidade, n\u00e3o apenas quantidade<\/h3>\n<p>Mesmo com refei\u00e7\u00f5es mais simples, \u00e9 importante garantir alimentos nutritivos. Inclua verduras, legumes, gr\u00e3os integrais, azeite de oliva, frutas e fontes de prote\u00edna leve como ovos, leguminosas ou peixes.<\/p>\n<h3 class=\"wp-block-heading\" id=\"h-2-evite-compensacoes-caloricas\">2. Evite compensa\u00e7\u00f5es cal\u00f3ricas<\/h3>\n<p>Muitas pessoas deixam de consumir carne, mas aumentam o consumo de p\u00e3es refinados, doces ou frituras. Isso pode gerar picos de glicose e sensa\u00e7\u00e3o de cansa\u00e7o. A modera\u00e7\u00e3o continua sendo o melhor caminho.<\/p>\n<h3 class=\"wp-block-heading\" id=\"h-3-hidrate-se-adequadamente\">3. Hidrate-se adequadamente<\/h3>\n<p>A <strong><a href=\"https:\/\/portaledicase.com\/7-motivos-para-beber-mais-agua\/\" target=\"_blank\" rel=\"noreferrer noopener\">ingest\u00e3o de \u00e1gua<\/a><\/strong> \u00e9 essencial, especialmente quando a alimenta\u00e7\u00e3o muda. Ch\u00e1s naturais e caldos leves tamb\u00e9m podem ajudar.<\/p>\n<h3 class=\"wp-block-heading\" id=\"h-4-respeite-seu-corpo\">4. Respeite seu corpo<\/h3>\n<p>Crian\u00e7as, idosos, gestantes, pessoas com doen\u00e7as cr\u00f4nicas ou em tratamento m\u00e9dico n\u00e3o devem fazer restri\u00e7\u00f5es alimentares sem orienta\u00e7\u00e3o profissional. A espiritualidade n\u00e3o exige preju\u00edzo \u00e0 sa\u00fade.<\/p>\n<h3 class=\"wp-block-heading\" id=\"h-5-aposte-em-alimentos-naturais\">5. Aposte em alimentos naturais<\/h3>\n<p>Prepara\u00e7\u00f5es caseiras, ingredientes frescos e menor consumo de ultraprocessados ajudam a alinhar o cuidado com o corpo ao prop\u00f3sito espiritual do per\u00edodo. \u201cEscolher alimentos mais naturais \u00e9 uma forma de praticar consci\u00eancia tamb\u00e9m \u00e0 mesa\u201d, destaca a nutricionista.<\/p>\n<h2 class=\"wp-block-heading\" id=\"h-equilibrio-o-caminho-da-verdadeira-disciplina\">Equil\u00edbrio: o caminho da verdadeira disciplina<\/h2>\n<p>A proposta da Quaresma n\u00e3o \u00e9 punir o corpo, mas educar o cora\u00e7\u00e3o. Um<strong><a href=\"https:\/\/portaledicase.com\/dicas-para-fazer-a-reeducacao-alimentar-corretamente\/\" target=\"_blank\" rel=\"noreferrer noopener\"> jejum equilibrado<\/a><\/strong>, com escolhas conscientes e alimenta\u00e7\u00e3o nutritiva, permite viver esse per\u00edodo com mais disposi\u00e7\u00e3o, serenidade e prop\u00f3sito. No fim, o que realmente transforma n\u00e3o \u00e9 o quanto se deixa de comer, mas o quanto se aprende a viver com mais simplicidade, consci\u00eancia e amor ao pr\u00f3ximo. <\/p>\n<p><em>Por Gabriela Andrade<br \/><\/em><\/p>\n<section class=\"virals\">\n<article class=\"cardnews cardnews--post cardnews--has-thumbnail cardnews--editorial-noticias\"> <a href=\"https:\/\/www.tribunapr.com.br\/noticias\/parana\/golpe-do-ipva-engana-profissional-da-tecnologia-no-parana-como-evitar-a-fraude\/?utm_source=noticias-virais-rodape&amp;utm_medium=internal-tribuna&amp;utm_campaign=tribuna\" class=\"cardnews__postlink\"> <\/p>\n<div class=\"cardnews__image\" is-api-thumb=\"\"><img decoding=\"async\" src=\"https:\/\/www.tribunapr.com.br\/wp-content\/uploads\/2026\/02\/06122251\/golpe-ipva-detranpr-370x210.jpeg\" loading=\"lazy\" alt=\"At\u00e9 especialistas ca\u00edram: o detalhe no boleto do IPVA que rouba seu dinheiro\"\/><\/div>\n<div class=\"cardnews__content cardhome__content\">\n<div class=\"cardnews__content-wrapper\">\n<p> <span style=\"\"> Fique atento! <\/span> <\/p>\n<p>At\u00e9 especialistas ca\u00edram: o detalhe no boleto do IPVA que rouba seu dinheiro<\/p>\n<\/p><\/div>\n<\/p><\/div>\n<p> <\/a> <\/article>\n<article class=\"cardnews cardnews--post cardnews--has-thumbnail cardnews--editorial-noticias\"> <a href=\"https:\/\/www.tribunapr.com.br\/noticias\/curitiba-regiao\/litoral-do-parana-passa-a-figurar-entre-os-mais-valorizados-do-pais\/?utm_source=noticias-virais-rodape&amp;utm_medium=internal-tribuna&amp;utm_campaign=tribuna\" class=\"cardnews__postlink\"> <\/p>\n<div class=\"cardnews__image\" is-api-thumb=\"\"><img decoding=\"async\" src=\"https:\/\/www.tribunapr.com.br\/wp-content\/uploads\/2026\/02\/04151141\/matinhos-litoral-370x210.jpg\" loading=\"lazy\" alt=\"Adeus, pre\u00e7os baixos? Esta regi\u00e3o do Paran\u00e1 virou a nova 'mina de ouro'\"\/><\/div>\n<div class=\"cardnews__content cardhome__content\">\n<div class=\"cardnews__content-wrapper\">\n<p> <span style=\"\"> Mercado imobili\u00e1rio <\/span> <\/p>\n<p>Adeus, pre\u00e7os baixos? Esta regi\u00e3o do Paran\u00e1 virou a nova &#8216;mina de ouro&#8217;<\/p>\n<\/p><\/div>\n<\/p><\/div>\n<p> <\/a> <\/article>\n<article class=\"cardnews cardnews--post cardnews--has-thumbnail cardnews--editorial-noticias\"> <a href=\"https:\/\/www.tribunapr.com.br\/blogs\/rango-barateza\/biscoitos-da-vovo-elza-tradicao-que-nasceu-do-afeto-e-conquistou-curitiba\/?utm_source=noticias-virais-rodape&amp;utm_medium=internal-tribuna&amp;utm_campaign=tribuna\" class=\"cardnews__postlink\"> <\/p>\n<div class=\"cardnews__image\" is-api-thumb=\"\"><img decoding=\"async\" src=\"https:\/\/www.tribunapr.com.br\/wp-content\/uploads\/2026\/02\/06135141\/vovo-elza-02-770x440-1-370x210.webp\" loading=\"lazy\" alt=\"O segredo de Curitiba: como uma receita de fam\u00edlia virou um imp\u00e9rio do afeto\"\/><\/div>\n<div class=\"cardnews__content cardhome__content\">\n<div class=\"cardnews__content-wrapper\">\n<p> <span style=\"\"> Rango Barateza! <\/span> <\/p>\n<p>O segredo de Curitiba: como uma receita de fam\u00edlia virou um imp\u00e9rio do afeto<\/p>\n<\/p><\/div>\n<\/p><\/div>\n<p> <\/a> <\/article>\n<\/section>\n<div id=\"tribuna-follow-cta\">\n<p> <span class=\"cta-title\">Siga a <span class=\"tribuna-color\">Tribuna<\/span> no Google, e acompanhe as \u00faltimas not\u00edcias de Curitiba e regi\u00e3o!<\/span> <\/p>\n<p> <a href=\"https:\/\/profile.google.com\/cp\/CgwvZy8xMmxxajUzM3Mac2h0dHBzOi8vd3d3LnRyaWJ1bmFwci5jb20uYnIvdml2YS92aXRyaW5lL2dpZ2FudGUtZG8tdmVzdHVhcmlvLXJlaW5hdWd1cmEtbG9qYS1lbS1zaG9wcGluZy10cmFkaWNpb25hbC1kZS1jdXJpdGliYS8iElRyaWJ1bmEgZG8gUGFyYW7DoSqAAwrHAWh0dHBzOi8vZW5jcnlwdGVkLXRibjIuZ3N0YXRpYy5jb20vZmF2aWNvbi10Ym4_cT10Ym46QU5kOUdjUVJPbjVDRjR6TzJPbkUwTXZrRlRCRTY2U0g1bGlaVDRaZTV3bWNKeU5GRm1BSnluM01nNU9PR3BXY1pYMzZwYU5HUWtsZ09JVEFLTTNNZVNGbTc1aWp6M3k2ajUtQ3M2b25kX2JUcFFQQkVLd3RsUjBsTmJESnUtVHhrNXQtbFlCNlVpOWZSVVFjT2cSswFodHRwczovL2VuY3J5cHRlZC10Ym4zLmdzdGF0aWMuY29tL2Zhdmljb24tdGJuP3E9dGJuJTNBQU5kOUdjU0FMaWJ2eFF0YXdFMFRueVdWWmVKRS1MZEdRZjVTUi1OZ2RMazhyZzIwVy1nM0JuQ1F4VDNKZFBjRXR2THdBeVRxUDJEdHVycEdVR29CQkxpYzM5al9wSmFxRERaMHNCYW05WEVhSGVsMmZTQmdKdlF4WWVyMw\" target=\"_blank\" title=\"Seguir a Tribuna no Google\">  <\/a> <\/div>\n<\/p><\/div>\n<p><a href=\"https:\/\/www.tribunapr.com.br\/variedades\/jejum-na-quaresma-5-dicas-para-fazer-de-forma-equilibrada-e-saudavel\/\">Fonte do Artigo <\/a><\/p>","protected":false},"excerpt":{"rendered":"<p>A Quaresma \u00e9 um per\u00edodo tradicionalmente marcado pela reflex\u00e3o, pela espiritualidade e por pr\u00e1ticas como o jejum e a abstin\u00eancia. Para muitas pessoas, esse momento representa uma oportunidade de reconex\u00e3o interior e disciplina. No entanto, \u00e9 importante lembrar que o jejum n\u00e3o deve ser sin\u00f4nimo de sofrimento f\u00edsico, restri\u00e7\u00f5es extremas ou preju\u00edzo \u00e0 sa\u00fade. Pelo [&hellip;]<\/p>\n","protected":false},"author":1,"featured_media":90366,"comment_status":"closed","ping_status":"","sticky":false,"template":"","format":"standard","meta":{"googlesitekit_rrm_CAow2JLhCw:productID":"","_gspb_post_css":"","maa_idioma":"","maa_pais":"","footnotes":""},"categories":[1],"tags":[1814,20590,2905,3639,5193,2904,19514,5026],"class_list":["post-90365","post","type-post","status-publish","format-standard","has-post-thumbnail","hentry","category-ubirata","tag-dicas","tag-equilibrada","tag-fazer","tag-forma","tag-jejum","tag-para","tag-quaresma","tag-saudavel"],"blocksy_meta":[],"yoast_head":"<!-- This site is optimized with the Yoast SEO Premium plugin v27.6 (Yoast SEO v27.6) - https:\/\/yoast.com\/product\/yoast-seo-premium-wordpress\/ -->\n<title>Jejum na Quaresma: 5 dicas para fazer de forma equilibrada e saud\u00e1vel - Ubirat\u00e3 Online Not\u00edcias - A realidade ao seu alcance!<\/title>\n<meta name=\"description\" content=\"A Quaresma \u00e9 um per\u00edodo tradicionalmente marcado pela reflex\u00e3o, pela espiritualidade e por pr\u00e1ticas como o jejum e a abstin\u00eancia. Para muitas pessoas,\" \/>\n<meta name=\"robots\" content=\"index, follow, max-snippet:-1, max-image-preview:large, max-video-preview:-1\" \/>\n<link rel=\"canonical\" href=\"https:\/\/ubirataonline.com.br\/en\/jejum-na-quaresma-5-dicas-para-fazer-de-forma-equilibrada-e-saudavel\/\" \/>\n<meta property=\"og:locale\" content=\"en_US\" \/>\n<meta property=\"og:type\" content=\"article\" \/>\n<meta property=\"og:title\" content=\"Jejum na Quaresma: 5 dicas para fazer de forma equilibrada e saud\u00e1vel\" \/>\n<meta property=\"og:description\" content=\"A Quaresma \u00e9 um per\u00edodo tradicionalmente marcado pela reflex\u00e3o, pela espiritualidade e por pr\u00e1ticas como o jejum e a abstin\u00eancia. Para muitas pessoas,\" \/>\n<meta property=\"og:url\" content=\"https:\/\/ubirataonline.com.br\/en\/jejum-na-quaresma-5-dicas-para-fazer-de-forma-equilibrada-e-saudavel\/\" \/>\n<meta property=\"og:site_name\" content=\"Ubirat\u00e3 Online Not\u00edcias - A realidade ao seu alcance!\" \/>\n<meta property=\"article:publisher\" content=\"https:\/\/www.facebook.com\/portalubirataonline\" \/>\n<meta property=\"article:author\" content=\"https:\/\/www.facebook.com\/portalubirataonline\" \/>\n<meta property=\"article:published_time\" content=\"2026-02-26T15:42:27+00:00\" \/>\n<meta property=\"article:modified_time\" content=\"2026-02-26T15:42:33+00:00\" \/>\n<meta property=\"og:image\" content=\"https:\/\/ubirataonline.com.br\/wp-content\/uploads\/2026\/02\/Jejum-na-Quaresma-5-dicas-para-fazer-de-forma-equilibrada.jpg\" \/>\n\t<meta property=\"og:image:width\" content=\"1200\" \/>\n\t<meta property=\"og:image:height\" content=\"800\" \/>\n\t<meta property=\"og:image:type\" content=\"image\/jpeg\" \/>\n<meta name=\"author\" content=\"REDA\u00c7\u00c3O: UBIRAT\u00c3 ONLINE - F\u00c1BIO AUGUSTO CELESTINO\" \/>\n<meta name=\"twitter:card\" content=\"summary_large_image\" \/>\n<meta name=\"twitter:creator\" content=\"@x.com\/ubirataonline\" \/>\n<meta name=\"twitter:site\" content=\"@ubirataonline\" \/>\n<meta name=\"twitter:label1\" content=\"Written by\" \/>\n\t<meta name=\"twitter:data1\" content=\"REDA\u00c7\u00c3O: UBIRAT\u00c3 ONLINE - F\u00c1BIO AUGUSTO CELESTINO\" \/>\n\t<meta name=\"twitter:label2\" content=\"Est. reading time\" \/>\n\t<meta name=\"twitter:data2\" content=\"3 minutes\" \/>\n<script type=\"application\/ld+json\" class=\"yoast-schema-graph\">{\"@context\":\"https:\\\/\\\/schema.org\",\"@graph\":[{\"@type\":\"NewsArticle\",\"@id\":\"https:\\\/\\\/ubirataonline.com.br\\\/jejum-na-quaresma-5-dicas-para-fazer-de-forma-equilibrada-e-saudavel\\\/#article\",\"isPartOf\":{\"@id\":\"https:\\\/\\\/ubirataonline.com.br\\\/jejum-na-quaresma-5-dicas-para-fazer-de-forma-equilibrada-e-saudavel\\\/\"},\"author\":{\"name\":\"REDA\u00c7\u00c3O: UBIRAT\u00c3 ONLINE - F\u00c1BIO AUGUSTO CELESTINO\",\"@id\":\"https:\\\/\\\/ubirataonline.com.br\\\/#\\\/schema\\\/person\\\/372f87bbd3fdd79b8556b84c98d0bc1c\"},\"headline\":\"Jejum na Quaresma: 5 dicas para fazer de forma equilibrada e saud\u00e1vel\",\"datePublished\":\"2026-02-26T15:42:27+00:00\",\"dateModified\":\"2026-02-26T15:42:33+00:00\",\"mainEntityOfPage\":{\"@id\":\"https:\\\/\\\/ubirataonline.com.br\\\/jejum-na-quaresma-5-dicas-para-fazer-de-forma-equilibrada-e-saudavel\\\/\"},\"wordCount\":658,\"publisher\":{\"@id\":\"https:\\\/\\\/ubirataonline.com.br\\\/#organization\"},\"image\":{\"@id\":\"https:\\\/\\\/ubirataonline.com.br\\\/jejum-na-quaresma-5-dicas-para-fazer-de-forma-equilibrada-e-saudavel\\\/#primaryimage\"},\"thumbnailUrl\":\"https:\\\/\\\/ubirataonline.com.br\\\/wp-content\\\/uploads\\\/2026\\\/02\\\/Jejum-na-Quaresma-5-dicas-para-fazer-de-forma-equilibrada.jpg\",\"keywords\":[\"Dicas\",\"equilibrada\",\"fazer\",\"forma\",\"jejum\",\"para\",\"Quaresma\",\"saud\u00e1vel\"],\"articleSection\":[\"Ubirat\u00e3\"],\"inLanguage\":\"en-US\",\"copyrightYear\":\"2026\",\"copyrightHolder\":{\"@id\":\"https:\\\/\\\/ubirataonline.com.br\\\/en\\\/#organization\"}},{\"@type\":\"WebPage\",\"@id\":\"https:\\\/\\\/ubirataonline.com.br\\\/jejum-na-quaresma-5-dicas-para-fazer-de-forma-equilibrada-e-saudavel\\\/\",\"url\":\"https:\\\/\\\/ubirataonline.com.br\\\/jejum-na-quaresma-5-dicas-para-fazer-de-forma-equilibrada-e-saudavel\\\/\",\"name\":\"Jejum na Quaresma: 5 dicas para fazer de forma equilibrada e saud\u00e1vel - Ubirat\u00e3 Online Not\u00edcias - A realidade ao seu alcance!\",\"isPartOf\":{\"@id\":\"https:\\\/\\\/ubirataonline.com.br\\\/#website\"},\"primaryImageOfPage\":{\"@id\":\"https:\\\/\\\/ubirataonline.com.br\\\/jejum-na-quaresma-5-dicas-para-fazer-de-forma-equilibrada-e-saudavel\\\/#primaryimage\"},\"image\":{\"@id\":\"https:\\\/\\\/ubirataonline.com.br\\\/jejum-na-quaresma-5-dicas-para-fazer-de-forma-equilibrada-e-saudavel\\\/#primaryimage\"},\"thumbnailUrl\":\"https:\\\/\\\/ubirataonline.com.br\\\/wp-content\\\/uploads\\\/2026\\\/02\\\/Jejum-na-Quaresma-5-dicas-para-fazer-de-forma-equilibrada.jpg\",\"datePublished\":\"2026-02-26T15:42:27+00:00\",\"dateModified\":\"2026-02-26T15:42:33+00:00\",\"description\":\"A Quaresma \u00e9 um per\u00edodo tradicionalmente marcado pela reflex\u00e3o, pela espiritualidade e por pr\u00e1ticas como o jejum e a abstin\u00eancia. Para muitas pessoas,\",\"breadcrumb\":{\"@id\":\"https:\\\/\\\/ubirataonline.com.br\\\/jejum-na-quaresma-5-dicas-para-fazer-de-forma-equilibrada-e-saudavel\\\/#breadcrumb\"},\"inLanguage\":\"en-US\",\"potentialAction\":[{\"@type\":\"ReadAction\",\"target\":[\"https:\\\/\\\/ubirataonline.com.br\\\/jejum-na-quaresma-5-dicas-para-fazer-de-forma-equilibrada-e-saudavel\\\/\"]}]},{\"@type\":\"ImageObject\",\"inLanguage\":\"en-US\",\"@id\":\"https:\\\/\\\/ubirataonline.com.br\\\/jejum-na-quaresma-5-dicas-para-fazer-de-forma-equilibrada-e-saudavel\\\/#primaryimage\",\"url\":\"https:\\\/\\\/ubirataonline.com.br\\\/wp-content\\\/uploads\\\/2026\\\/02\\\/Jejum-na-Quaresma-5-dicas-para-fazer-de-forma-equilibrada.jpg\",\"contentUrl\":\"https:\\\/\\\/ubirataonline.com.br\\\/wp-content\\\/uploads\\\/2026\\\/02\\\/Jejum-na-Quaresma-5-dicas-para-fazer-de-forma-equilibrada.jpg\",\"width\":1200,\"height\":800,\"caption\":\"Quando feito com consci\u00eancia, o jejum na Quaresma pode favorecer o equil\u00edbrio do corpo e da mente (Imagem: Mehes Daniel | Shutterstock)\"},{\"@type\":\"BreadcrumbList\",\"@id\":\"https:\\\/\\\/ubirataonline.com.br\\\/jejum-na-quaresma-5-dicas-para-fazer-de-forma-equilibrada-e-saudavel\\\/#breadcrumb\",\"itemListElement\":[{\"@type\":\"ListItem\",\"position\":1,\"name\":\"In\u00edcio\",\"item\":\"https:\\\/\\\/ubirataonline.com.br\\\/\"},{\"@type\":\"ListItem\",\"position\":2,\"name\":\"Jejum na Quaresma: 5 dicas para fazer de forma equilibrada e saud\u00e1vel\"}]},{\"@type\":\"WebSite\",\"@id\":\"https:\\\/\\\/ubirataonline.com.br\\\/#website\",\"url\":\"https:\\\/\\\/ubirataonline.com.br\\\/\",\"name\":\"Ubirat\u00e3 Online Not\u00edcias\",\"description\":\"Not\u00edcias de Ubirat\u00e3, regi\u00e3o, Brasil e mundo, com informa\u00e7\u00e3o atualizada e compromisso com o leitor.\",\"publisher\":{\"@id\":\"https:\\\/\\\/ubirataonline.com.br\\\/#organization\"},\"alternateName\":\"Ubirat\u00e3 Online\",\"potentialAction\":[{\"@type\":\"SearchAction\",\"target\":{\"@type\":\"EntryPoint\",\"urlTemplate\":\"https:\\\/\\\/ubirataonline.com.br\\\/?s={search_term_string}\"},\"query-input\":{\"@type\":\"PropertyValueSpecification\",\"valueRequired\":true,\"valueName\":\"search_term_string\"}}],\"inLanguage\":\"en-US\"},{\"@type\":[\"Organization\",\"Place\"],\"@id\":\"https:\\\/\\\/ubirataonline.com.br\\\/#organization\",\"name\":\"Ubirat\u00e3 Online Not\u00edcias\",\"alternateName\":\"Ubirat\u00e3 Online\",\"url\":\"https:\\\/\\\/ubirataonline.com.br\\\/\",\"logo\":{\"@id\":\"https:\\\/\\\/ubirataonline.com.br\\\/jejum-na-quaresma-5-dicas-para-fazer-de-forma-equilibrada-e-saudavel\\\/#local-main-organization-logo\"},\"image\":{\"@id\":\"https:\\\/\\\/ubirataonline.com.br\\\/jejum-na-quaresma-5-dicas-para-fazer-de-forma-equilibrada-e-saudavel\\\/#local-main-organization-logo\"},\"sameAs\":[\"https:\\\/\\\/www.facebook.com\\\/portalubirataonline\",\"https:\\\/\\\/x.com\\\/ubirataonline\",\"https:\\\/\\\/mastodon.social\\\/@ubirataonline\",\"https:\\\/\\\/www.facebook.com\\\/groups\\\/311144672285604\",\"https:\\\/\\\/www.facebook.com\\\/UBTAOnline\",\"https:\\\/\\\/www.instagram.com\\\/portalubirataonline\\\/\",\"https:\\\/\\\/twitter.com\\\/ubirataonline\"],\"description\":\"Somos um portal de not\u00edcias independente, criado em 5 de janeiro de 2009, com o objetivo de informar, conectar e valorizar a nossa comunidade de Ubirat\u00e3 e toda aregi\u00e3o. Com conte\u00fado atualizado, confi\u00e1vel e relevante, o Ubirat\u00e3 Online \u00e9 o seu espa\u00e7o para ficar por dentro dos principais acontecimentos locais, regionais, Brasil, Mundo e de interesse geral. Nosso compromisso \u00e9 com a verdade, a transpar\u00eancia e o respeito ao leitor.\",\"legalName\":\"UBIRATA ONLINE NOT\u00cdCIAS\",\"foundingDate\":\"2009-01-05\",\"numberOfEmployees\":{\"@type\":\"QuantitativeValue\",\"minValue\":\"1\",\"maxValue\":\"10\"},\"publishingPrinciples\":\"https:\\\/\\\/ubirataonline.com.br\\\/faq\\\/\",\"address\":{\"@id\":\"https:\\\/\\\/ubirataonline.com.br\\\/jejum-na-quaresma-5-dicas-para-fazer-de-forma-equilibrada-e-saudavel\\\/#local-main-place-address\"},\"geo\":{\"@type\":\"GeoCoordinates\",\"latitude\":\"-24.5361401\",\"longitude\":\"-52.9921776\"},\"telephone\":[\"+5544998308235\"],\"contactPoint\":{\"@type\":\"ContactPoint\",\"email\":\"contato@ubirataonline.com.br\"},\"openingHoursSpecification\":{\"@type\":\"OpeningHoursSpecification\",\"dayOfWeek\":[\"Monday\",\"Tuesday\",\"Wednesday\",\"Thursday\",\"Friday\",\"Saturday\",\"Sunday\"],\"opens\":\"00:00\",\"closes\":\"23:59\"},\"email\":\"contato@ubirataonline.com.br\",\"vatID\":\"47.621.418\\\/0001-80\"},{\"@type\":\"Person\",\"@id\":\"https:\\\/\\\/ubirataonline.com.br\\\/#\\\/schema\\\/person\\\/372f87bbd3fdd79b8556b84c98d0bc1c\",\"name\":\"REDA\u00c7\u00c3O: UBIRAT\u00c3 ONLINE - F\u00c1BIO AUGUSTO CELESTINO\",\"pronouns\":\"Ele\",\"description\":\"Desde 2003 trabalhando com not\u00edcias.\",\"sameAs\":[\"http:\\\/\\\/ubirataoline.com.br\",\"https:\\\/\\\/www.facebook.com\\\/portalubirataonline\",\"https:\\\/\\\/www.instagram.com\\\/ubirataonline_oficial\",\"https:\\\/\\\/x.com\\\/x.com\\\/ubirataonline\"],\"honorificPrefix\":\"Mr.\",\"honorificSuffix\":\"MD\",\"birthDate\":\"1980-06-16\",\"gender\":\"masculino\",\"award\":[\"V\u00e1rios pr\u00eamios de melhor portal da cidade\"],\"jobTitle\":\"Diretor\",\"url\":\"https:\\\/\\\/ubirataonline.com.br\\\/en\\\/author\\\/ubirataonline\\\/\"},{\"@type\":\"PostalAddress\",\"@id\":\"https:\\\/\\\/ubirataonline.com.br\\\/jejum-na-quaresma-5-dicas-para-fazer-de-forma-equilibrada-e-saudavel\\\/#local-main-place-address\",\"streetAddress\":\"Rua dos Coqueiros, 104 - Bairro Boa Vista, Rua dos Coqueiros, 104 Bairro Boa Vista\",\"addressLocality\":\"UBIRATA\",\"postalCode\":\"85440-000\",\"addressRegion\":\"PR\",\"addressCountry\":\"BR\"},{\"@type\":\"ImageObject\",\"inLanguage\":\"en-US\",\"@id\":\"https:\\\/\\\/ubirataonline.com.br\\\/jejum-na-quaresma-5-dicas-para-fazer-de-forma-equilibrada-e-saudavel\\\/#local-main-organization-logo\",\"url\":\"https:\\\/\\\/ubirataonline.com.br\\\/wp-content\\\/uploads\\\/2026\\\/06\\\/logoubirataonline-1.webp\",\"contentUrl\":\"https:\\\/\\\/ubirataonline.com.br\\\/wp-content\\\/uploads\\\/2026\\\/06\\\/logoubirataonline-1.webp\",\"width\":500,\"height\":500,\"caption\":\"Ubirat\u00e3 Online Not\u00edcias\"}]}<\/script>\n<meta name=\"geo.placename\" content=\"UBIRATA\" \/>\n<meta name=\"geo.position\" content=\"-24.5361401;-52.9921776\" \/>\n<meta name=\"geo.region\" content=\"Brazil\" \/>\n<!-- \/ Yoast SEO Premium plugin. -->","yoast_head_json":{"title":"Jejum na Quaresma: 5 dicas para fazer de forma equilibrada e saud\u00e1vel - Ubirat\u00e3 Online Not\u00edcias - A realidade ao seu alcance!","description":"A Quaresma \u00e9 um per\u00edodo tradicionalmente marcado pela reflex\u00e3o, pela espiritualidade e por pr\u00e1ticas como o jejum e a abstin\u00eancia. Para muitas pessoas,","robots":{"index":"index","follow":"follow","max-snippet":"max-snippet:-1","max-image-preview":"max-image-preview:large","max-video-preview":"max-video-preview:-1"},"canonical":"https:\/\/ubirataonline.com.br\/en\/jejum-na-quaresma-5-dicas-para-fazer-de-forma-equilibrada-e-saudavel\/","og_locale":"en_US","og_type":"article","og_title":"Jejum na Quaresma: 5 dicas para fazer de forma equilibrada e saud\u00e1vel","og_description":"A Quaresma \u00e9 um per\u00edodo tradicionalmente marcado pela reflex\u00e3o, pela espiritualidade e por pr\u00e1ticas como o jejum e a abstin\u00eancia. Para muitas pessoas,","og_url":"https:\/\/ubirataonline.com.br\/en\/jejum-na-quaresma-5-dicas-para-fazer-de-forma-equilibrada-e-saudavel\/","og_site_name":"Ubirat\u00e3 Online Not\u00edcias - A realidade ao seu alcance!","article_publisher":"https:\/\/www.facebook.com\/portalubirataonline","article_author":"https:\/\/www.facebook.com\/portalubirataonline","article_published_time":"2026-02-26T15:42:27+00:00","article_modified_time":"2026-02-26T15:42:33+00:00","og_image":[{"width":1200,"height":800,"url":"https:\/\/ubirataonline.com.br\/wp-content\/uploads\/2026\/02\/Jejum-na-Quaresma-5-dicas-para-fazer-de-forma-equilibrada.jpg","type":"image\/jpeg"}],"author":"REDA\u00c7\u00c3O: UBIRAT\u00c3 ONLINE - F\u00c1BIO AUGUSTO CELESTINO","twitter_card":"summary_large_image","twitter_creator":"@x.com\/ubirataonline","twitter_site":"@ubirataonline","twitter_misc":{"Written by":"REDA\u00c7\u00c3O: UBIRAT\u00c3 ONLINE - F\u00c1BIO AUGUSTO CELESTINO","Est. reading time":"3 minutes"},"schema":{"@context":"https:\/\/schema.org","@graph":[{"@type":"NewsArticle","@id":"https:\/\/ubirataonline.com.br\/jejum-na-quaresma-5-dicas-para-fazer-de-forma-equilibrada-e-saudavel\/#article","isPartOf":{"@id":"https:\/\/ubirataonline.com.br\/jejum-na-quaresma-5-dicas-para-fazer-de-forma-equilibrada-e-saudavel\/"},"author":{"name":"REDA\u00c7\u00c3O: UBIRAT\u00c3 ONLINE - F\u00c1BIO AUGUSTO CELESTINO","@id":"https:\/\/ubirataonline.com.br\/#\/schema\/person\/372f87bbd3fdd79b8556b84c98d0bc1c"},"headline":"Jejum na Quaresma: 5 dicas para fazer de forma equilibrada e saud\u00e1vel","datePublished":"2026-02-26T15:42:27+00:00","dateModified":"2026-02-26T15:42:33+00:00","mainEntityOfPage":{"@id":"https:\/\/ubirataonline.com.br\/jejum-na-quaresma-5-dicas-para-fazer-de-forma-equilibrada-e-saudavel\/"},"wordCount":658,"publisher":{"@id":"https:\/\/ubirataonline.com.br\/#organization"},"image":{"@id":"https:\/\/ubirataonline.com.br\/jejum-na-quaresma-5-dicas-para-fazer-de-forma-equilibrada-e-saudavel\/#primaryimage"},"thumbnailUrl":"https:\/\/ubirataonline.com.br\/wp-content\/uploads\/2026\/02\/Jejum-na-Quaresma-5-dicas-para-fazer-de-forma-equilibrada.jpg","keywords":["Dicas","equilibrada","fazer","forma","jejum","para","Quaresma","saud\u00e1vel"],"articleSection":["Ubirat\u00e3"],"inLanguage":"en-US","copyrightYear":"2026","copyrightHolder":{"@id":"https:\/\/ubirataonline.com.br\/en\/#organization"}},{"@type":"WebPage","@id":"https:\/\/ubirataonline.com.br\/jejum-na-quaresma-5-dicas-para-fazer-de-forma-equilibrada-e-saudavel\/","url":"https:\/\/ubirataonline.com.br\/jejum-na-quaresma-5-dicas-para-fazer-de-forma-equilibrada-e-saudavel\/","name":"Jejum na Quaresma: 5 dicas para fazer de forma equilibrada e saud\u00e1vel - Ubirat\u00e3 Online Not\u00edcias - A realidade ao seu alcance!","isPartOf":{"@id":"https:\/\/ubirataonline.com.br\/#website"},"primaryImageOfPage":{"@id":"https:\/\/ubirataonline.com.br\/jejum-na-quaresma-5-dicas-para-fazer-de-forma-equilibrada-e-saudavel\/#primaryimage"},"image":{"@id":"https:\/\/ubirataonline.com.br\/jejum-na-quaresma-5-dicas-para-fazer-de-forma-equilibrada-e-saudavel\/#primaryimage"},"thumbnailUrl":"https:\/\/ubirataonline.com.br\/wp-content\/uploads\/2026\/02\/Jejum-na-Quaresma-5-dicas-para-fazer-de-forma-equilibrada.jpg","datePublished":"2026-02-26T15:42:27+00:00","dateModified":"2026-02-26T15:42:33+00:00","description":"A Quaresma \u00e9 um per\u00edodo tradicionalmente marcado pela reflex\u00e3o, pela espiritualidade e por pr\u00e1ticas como o jejum e a abstin\u00eancia. Para muitas pessoas,","breadcrumb":{"@id":"https:\/\/ubirataonline.com.br\/jejum-na-quaresma-5-dicas-para-fazer-de-forma-equilibrada-e-saudavel\/#breadcrumb"},"inLanguage":"en-US","potentialAction":[{"@type":"ReadAction","target":["https:\/\/ubirataonline.com.br\/jejum-na-quaresma-5-dicas-para-fazer-de-forma-equilibrada-e-saudavel\/"]}]},{"@type":"ImageObject","inLanguage":"en-US","@id":"https:\/\/ubirataonline.com.br\/jejum-na-quaresma-5-dicas-para-fazer-de-forma-equilibrada-e-saudavel\/#primaryimage","url":"https:\/\/ubirataonline.com.br\/wp-content\/uploads\/2026\/02\/Jejum-na-Quaresma-5-dicas-para-fazer-de-forma-equilibrada.jpg","contentUrl":"https:\/\/ubirataonline.com.br\/wp-content\/uploads\/2026\/02\/Jejum-na-Quaresma-5-dicas-para-fazer-de-forma-equilibrada.jpg","width":1200,"height":800,"caption":"Quando feito com consci\u00eancia, o jejum na Quaresma pode favorecer o equil\u00edbrio do corpo e da mente (Imagem: Mehes Daniel | Shutterstock)"},{"@type":"BreadcrumbList","@id":"https:\/\/ubirataonline.com.br\/jejum-na-quaresma-5-dicas-para-fazer-de-forma-equilibrada-e-saudavel\/#breadcrumb","itemListElement":[{"@type":"ListItem","position":1,"name":"In\u00edcio","item":"https:\/\/ubirataonline.com.br\/"},{"@type":"ListItem","position":2,"name":"Jejum na Quaresma: 5 dicas para fazer de forma equilibrada e saud\u00e1vel"}]},{"@type":"WebSite","@id":"https:\/\/ubirataonline.com.br\/#website","url":"https:\/\/ubirataonline.com.br\/","name":"Ubirat\u00e3 Online Not\u00edcias","description":"Not\u00edcias de Ubirat\u00e3, regi\u00e3o, Brasil e mundo, com informa\u00e7\u00e3o atualizada e compromisso com o leitor.","publisher":{"@id":"https:\/\/ubirataonline.com.br\/#organization"},"alternateName":"Ubirat\u00e3 Online","potentialAction":[{"@type":"SearchAction","target":{"@type":"EntryPoint","urlTemplate":"https:\/\/ubirataonline.com.br\/?s={search_term_string}"},"query-input":{"@type":"PropertyValueSpecification","valueRequired":true,"valueName":"search_term_string"}}],"inLanguage":"en-US"},{"@type":["Organization","Place"],"@id":"https:\/\/ubirataonline.com.br\/#organization","name":"Ubirat\u00e3 Online Not\u00edcias","alternateName":"Ubirat\u00e3 Online","url":"https:\/\/ubirataonline.com.br\/","logo":{"@id":"https:\/\/ubirataonline.com.br\/jejum-na-quaresma-5-dicas-para-fazer-de-forma-equilibrada-e-saudavel\/#local-main-organization-logo"},"image":{"@id":"https:\/\/ubirataonline.com.br\/jejum-na-quaresma-5-dicas-para-fazer-de-forma-equilibrada-e-saudavel\/#local-main-organization-logo"},"sameAs":["https:\/\/www.facebook.com\/portalubirataonline","https:\/\/x.com\/ubirataonline","https:\/\/mastodon.social\/@ubirataonline","https:\/\/www.facebook.com\/groups\/311144672285604","https:\/\/www.facebook.com\/UBTAOnline","https:\/\/www.instagram.com\/portalubirataonline\/","https:\/\/twitter.com\/ubirataonline"],"description":"Somos um portal de not\u00edcias independente, criado em 5 de janeiro de 2009, com o objetivo de informar, conectar e valorizar a nossa comunidade de Ubirat\u00e3 e toda aregi\u00e3o. Com conte\u00fado atualizado, confi\u00e1vel e relevante, o Ubirat\u00e3 Online \u00e9 o seu espa\u00e7o para ficar por dentro dos principais acontecimentos locais, regionais, Brasil, Mundo e de interesse geral. Nosso compromisso \u00e9 com a verdade, a transpar\u00eancia e o respeito ao leitor.","legalName":"UBIRATA ONLINE NOT\u00cdCIAS","foundingDate":"2009-01-05","numberOfEmployees":{"@type":"QuantitativeValue","minValue":"1","maxValue":"10"},"publishingPrinciples":"https:\/\/ubirataonline.com.br\/faq\/","address":{"@id":"https:\/\/ubirataonline.com.br\/jejum-na-quaresma-5-dicas-para-fazer-de-forma-equilibrada-e-saudavel\/#local-main-place-address"},"geo":{"@type":"GeoCoordinates","latitude":"-24.5361401","longitude":"-52.9921776"},"telephone":["+5544998308235"],"contactPoint":{"@type":"ContactPoint","email":"contato@ubirataonline.com.br"},"openingHoursSpecification":{"@type":"OpeningHoursSpecification","dayOfWeek":["Monday","Tuesday","Wednesday","Thursday","Friday","Saturday","Sunday"],"opens":"00:00","closes":"23:59"},"email":"contato@ubirataonline.com.br","vatID":"47.621.418\/0001-80"},{"@type":"Person","@id":"https:\/\/ubirataonline.com.br\/#\/schema\/person\/372f87bbd3fdd79b8556b84c98d0bc1c","name":"REDA\u00c7\u00c3O: UBIRAT\u00c3 ONLINE - F\u00c1BIO AUGUSTO CELESTINO","pronouns":"Ele","description":"Desde 2003 trabalhando com not\u00edcias.","sameAs":["http:\/\/ubirataoline.com.br","https:\/\/www.facebook.com\/portalubirataonline","https:\/\/www.instagram.com\/ubirataonline_oficial","https:\/\/x.com\/x.com\/ubirataonline"],"honorificPrefix":"Mr.","honorificSuffix":"MD","birthDate":"1980-06-16","gender":"masculino","award":["V\u00e1rios pr\u00eamios de melhor portal da cidade"],"jobTitle":"Diretor","url":"https:\/\/ubirataonline.com.br\/en\/author\/ubirataonline\/"},{"@type":"PostalAddress","@id":"https:\/\/ubirataonline.com.br\/jejum-na-quaresma-5-dicas-para-fazer-de-forma-equilibrada-e-saudavel\/#local-main-place-address","streetAddress":"Rua dos Coqueiros, 104 - Bairro Boa Vista, Rua dos Coqueiros, 104 Bairro Boa Vista","addressLocality":"UBIRATA","postalCode":"85440-000","addressRegion":"PR","addressCountry":"BR"},{"@type":"ImageObject","inLanguage":"en-US","@id":"https:\/\/ubirataonline.com.br\/jejum-na-quaresma-5-dicas-para-fazer-de-forma-equilibrada-e-saudavel\/#local-main-organization-logo","url":"https:\/\/ubirataonline.com.br\/wp-content\/uploads\/2026\/06\/logoubirataonline-1.webp","contentUrl":"https:\/\/ubirataonline.com.br\/wp-content\/uploads\/2026\/06\/logoubirataonline-1.webp","width":500,"height":500,"caption":"Ubirat\u00e3 Online Not\u00edcias"}]},"geo.placename":"UBIRATA","geo.position":{"lat":"-24.5361401","long":"-52.9921776"},"geo.region":"Brazil"},"_links":{"self":[{"href":"https:\/\/ubirataonline.com.br\/en\/wp-json\/wp\/v2\/posts\/90365","targetHints":{"allow":["GET"]}}],"collection":[{"href":"https:\/\/ubirataonline.com.br\/en\/wp-json\/wp\/v2\/posts"}],"about":[{"href":"https:\/\/ubirataonline.com.br\/en\/wp-json\/wp\/v2\/types\/post"}],"author":[{"embeddable":true,"href":"https:\/\/ubirataonline.com.br\/en\/wp-json\/wp\/v2\/users\/1"}],"replies":[{"embeddable":true,"href":"https:\/\/ubirataonline.com.br\/en\/wp-json\/wp\/v2\/comments?post=90365"}],"version-history":[{"count":0,"href":"https:\/\/ubirataonline.com.br\/en\/wp-json\/wp\/v2\/posts\/90365\/revisions"}],"wp:featuredmedia":[{"embeddable":true,"href":"https:\/\/ubirataonline.com.br\/en\/wp-json\/wp\/v2\/media\/90366"}],"wp:attachment":[{"href":"https:\/\/ubirataonline.com.br\/en\/wp-json\/wp\/v2\/media?parent=90365"}],"wp:term":[{"taxonomy":"category","embeddable":true,"href":"https:\/\/ubirataonline.com.br\/en\/wp-json\/wp\/v2\/categories?post=90365"},{"taxonomy":"post_tag","embeddable":true,"href":"https:\/\/ubirataonline.com.br\/en\/wp-json\/wp\/v2\/tags?post=90365"}],"curies":[{"name":"wp","href":"https:\/\/api.w.org\/{rel}","templated":true}]}}