{"id":90681,"date":"2026-02-27T10:05:10","date_gmt":"2026-02-27T13:05:10","guid":{"rendered":"https:\/\/ubirataonline.com.br\/gaeco-deflagra-em-cascavel-a-2a-fase-da-operacao-primeiros-passos-que-apura-os-crimes-de-organizacao-criminosa-trafico-de-drogas-e-venda-ilegal-de-armas\/"},"modified":"2026-02-27T10:05:11","modified_gmt":"2026-02-27T13:05:11","slug":"gaeco-deflagra-em-cascavel-a-2a-fase-da-operacao-primeiros-passos-que-apura-os-crimes-de-organizacao-criminosa-trafico-de-drogas-e-venda-ilegal-de-armas","status":"publish","type":"post","link":"https:\/\/ubirataonline.com.br\/en\/gaeco-deflagra-em-cascavel-a-2a-fase-da-operacao-primeiros-passos-que-apura-os-crimes-de-organizacao-criminosa-trafico-de-drogas-e-venda-ilegal-de-armas\/","title":{"rendered":"Gaeco deflagra em Cascavel a 2\u00aa fase da Opera\u00e7\u00e3o Primeiros Passos, que apura os crimes de organiza\u00e7\u00e3o criminosa, tr\u00e1fico de drogas e venda ilegal de armas"},"content":{"rendered":"<p><\/p>\n<div>\n<p>O Minist\u00e9rio P\u00fablico do Paran\u00e1, por meio do N\u00facleo de Cascavel do Grupo de Atua\u00e7\u00e3o Especial de Combate ao Crime Organizado (Gaeco), cumpriu, na manh\u00e3 desta sexta-feira, 27 de fevereiro, tr\u00eas mandados de busca e apreens\u00e3o expedidos no \u00e2mbito da segunda fase da Opera\u00e7\u00e3o Primeiros Passos, que apura os crimes de organiza\u00e7\u00e3o criminosa, tr\u00e1fico de drogas e venda ilegal de armas. O cumprimento das medidas contou com o apoio de equipes da Divis\u00e3o Estadual de Narc\u00f3ticos e da 15\u00aa Subdivis\u00e3o Policial da Pol\u00edcia Civil, e do Pelot\u00e3o de Choque do 6\u00ba Batalh\u00e3o da Pol\u00edcia Militar de Cascavel.<\/p>\n<p class=\"text-align-center\"><a href=\"https:\/\/apps.mppr.mp.br\/audios\/play\/eea528e6166407364771a7b0c85c82ec\" target=\"_blank\"><strong>\u00c1udio do Delegado de Pol\u00edcia Fernando Carvalho<\/strong><\/a><\/p>\n<p class=\"text-align-center\"><a href=\"https:\/\/drive.google.com\/drive\/folders\/1f6xNf3ydgAQKul-utmBBm21Q1fTRcpLj?usp=sharing\"><strong>Acesso \u00e1lbum com imagens da opera\u00e7\u00e3o<\/strong><\/a><\/p>\n<p>As dilig\u00eancias, cumpridas em Cascavel, foram autorizadas pelo Ju\u00edzo Criminal das Garantias da Comarca e buscaram desarticular um bra\u00e7o log\u00edstico respons\u00e1vel pela venda e pelo armazenamento de entorpecentes e armas de fogo. Um dos alvos integra fac\u00e7\u00e3o criminosa, sendo investigado desde a primeira fase da opera\u00e7\u00e3o.<\/p>\n<p><strong>Apreens\u00f5es<\/strong> \u2013 Durante o cumprimento das ordens judiciais, foram apreendidos telefones celulares. O material ser\u00e1 analisado, buscando-se identificar outros integrantes da associa\u00e7\u00e3o criminosa e a extens\u00e3o da rede de distribui\u00e7\u00e3o de drogas na regi\u00e3o.<\/p>\n<p>\u00a0<\/p>\n<p><em>Informa\u00e7\u00f5es para a imprensa:<br \/>Assessoria de Comunica\u00e7\u00e3o<br \/><a href=\"https:\/\/mppr.mp.br\/cdn-cgi\/l\/email-protection\" class=\"__cf_email__\" data-cfemail=\"c3a0acaeb6adaaa0a2a0a2ac83aeb3b3b1edaeb3eda1b1\">[email\u00a0protected]<\/a><br \/>(41) 3250-4226<\/em><\/p>\n<\/div>\n<p><a href=\"https:\/\/mppr.mp.br\/Noticia\/Gaeco-deflagra-em-Cascavel-2a-fase-da-Operacao-Primeiros-Passos-que-apura-os-crimes-de\">Source link <\/a><\/p>\n","protected":false},"excerpt":{"rendered":"<p>O Minist\u00e9rio P\u00fablico do Paran\u00e1, por meio do N\u00facleo de Cascavel do Grupo de Atua\u00e7\u00e3o Especial de Combate ao Crime Organizado (Gaeco), cumpriu, na manh\u00e3 desta sexta-feira, 27 de fevereiro, tr\u00eas mandados de busca e apreens\u00e3o expedidos no \u00e2mbito da segunda fase da Opera\u00e7\u00e3o Primeiros Passos, que apura os crimes de organiza\u00e7\u00e3o criminosa, tr\u00e1fico de [&hellip;]<\/p>\n","protected":false},"author":1,"featured_media":90416,"comment_status":"closed","ping_status":"","sticky":false,"template":"","format":"standard","meta":{"googlesitekit_rrm_CAow2JLhCw:productID":"","_gspb_post_css":"","maa_idioma":"","maa_pais":"","footnotes":""},"categories":[1],"tags":[3466,5223,5963,262,3748,5339,3616,3273,4003,1698,4377,3449,5338,5536,3114,2687,5968],"class_list":["post-90681","post","type-post","status-publish","format-standard","has-post-thumbnail","hentry","category-ubirata","tag-2a","tag-apura","tag-armas","tag-cascavel","tag-crimes","tag-criminosa","tag-deflagra","tag-drogas","tag-fase","tag-gaeco","tag-ilegal","tag-operacao","tag-organizacao","tag-passos","tag-primeiros","tag-trafico","tag-venda"],"blocksy_meta":[],"yoast_head":"<!-- This site is optimized with the Yoast SEO Premium plugin v27.6 (Yoast SEO v27.6) - https:\/\/yoast.com\/product\/yoast-seo-premium-wordpress\/ -->\n<title>Gaeco deflagra em Cascavel a 2\u00aa fase da Opera\u00e7\u00e3o Primeiros Passos, que apura os crimes de organiza\u00e7\u00e3o criminosa, tr\u00e1fico de drogas e venda ilegal de armas - Ubirat\u00e3 Online Not\u00edcias - A realidade ao seu alcance!<\/title>\n<meta name=\"description\" content=\"O Minist\u00e9rio P\u00fablico do Paran\u00e1, por meio do N\u00facleo de Cascavel do Grupo de Atua\u00e7\u00e3o Especial de Combate ao Crime Organizado (Gaeco), cumpriu, na manh\u00e3\" \/>\n<meta name=\"robots\" content=\"index, follow, max-snippet:-1, max-image-preview:large, max-video-preview:-1\" \/>\n<link rel=\"canonical\" href=\"https:\/\/ubirataonline.com.br\/en\/gaeco-deflagra-em-cascavel-a-2a-fase-da-operacao-primeiros-passos-que-apura-os-crimes-de-organizacao-criminosa-trafico-de-drogas-e-venda-ilegal-de-armas\/\" \/>\n<meta property=\"og:locale\" content=\"en_US\" \/>\n<meta property=\"og:type\" content=\"article\" \/>\n<meta property=\"og:title\" content=\"Gaeco deflagra em Cascavel a 2\u00aa fase da Opera\u00e7\u00e3o Primeiros Passos, que apura os crimes de organiza\u00e7\u00e3o criminosa, tr\u00e1fico de drogas e venda ilegal de armas\" \/>\n<meta property=\"og:description\" content=\"O Minist\u00e9rio P\u00fablico do Paran\u00e1, por meio do N\u00facleo de Cascavel do Grupo de Atua\u00e7\u00e3o Especial de Combate ao Crime Organizado (Gaeco), cumpriu, na manh\u00e3\" \/>\n<meta property=\"og:url\" content=\"https:\/\/ubirataonline.com.br\/en\/gaeco-deflagra-em-cascavel-a-2a-fase-da-operacao-primeiros-passos-que-apura-os-crimes-de-organizacao-criminosa-trafico-de-drogas-e-venda-ilegal-de-armas\/\" \/>\n<meta property=\"og:site_name\" content=\"Ubirat\u00e3 Online Not\u00edcias - A realidade ao seu alcance!\" \/>\n<meta property=\"article:publisher\" content=\"https:\/\/www.facebook.com\/portalubirataonline\" \/>\n<meta property=\"article:author\" content=\"https:\/\/www.facebook.com\/portalubirataonline\" \/>\n<meta property=\"article:published_time\" content=\"2026-02-27T13:05:10+00:00\" \/>\n<meta property=\"article:modified_time\" content=\"2026-02-27T13:05:11+00:00\" \/>\n<meta property=\"og:image\" content=\"https:\/\/ubirataonline.com.br\/wp-content\/uploads\/2026\/02\/Justica-condena-ex-prefeito-e-candidato-a-vice-prefeito-de-Quedas-do.png\" \/>\n\t<meta property=\"og:image:width\" content=\"240\" \/>\n\t<meta property=\"og:image:height\" content=\"240\" \/>\n\t<meta property=\"og:image:type\" content=\"image\/png\" \/>\n<meta name=\"author\" content=\"REDA\u00c7\u00c3O: UBIRAT\u00c3 ONLINE - F\u00c1BIO AUGUSTO CELESTINO\" \/>\n<meta name=\"twitter:card\" content=\"summary_large_image\" \/>\n<meta name=\"twitter:creator\" content=\"@x.com\/ubirataonline\" \/>\n<meta name=\"twitter:site\" content=\"@ubirataonline\" \/>\n<meta name=\"twitter:label1\" content=\"Written by\" \/>\n\t<meta name=\"twitter:data1\" content=\"REDA\u00c7\u00c3O: UBIRAT\u00c3 ONLINE - F\u00c1BIO AUGUSTO CELESTINO\" \/>\n\t<meta name=\"twitter:label2\" content=\"Est. reading time\" \/>\n\t<meta name=\"twitter:data2\" content=\"1 minute\" \/>\n<script type=\"application\/ld+json\" class=\"yoast-schema-graph\">{\"@context\":\"https:\\\/\\\/schema.org\",\"@graph\":[{\"@type\":\"NewsArticle\",\"@id\":\"https:\\\/\\\/ubirataonline.com.br\\\/gaeco-deflagra-em-cascavel-a-2a-fase-da-operacao-primeiros-passos-que-apura-os-crimes-de-organizacao-criminosa-trafico-de-drogas-e-venda-ilegal-de-armas\\\/#article\",\"isPartOf\":{\"@id\":\"https:\\\/\\\/ubirataonline.com.br\\\/gaeco-deflagra-em-cascavel-a-2a-fase-da-operacao-primeiros-passos-que-apura-os-crimes-de-organizacao-criminosa-trafico-de-drogas-e-venda-ilegal-de-armas\\\/\"},\"author\":{\"name\":\"REDA\u00c7\u00c3O: UBIRAT\u00c3 ONLINE - F\u00c1BIO AUGUSTO CELESTINO\",\"@id\":\"https:\\\/\\\/ubirataonline.com.br\\\/#\\\/schema\\\/person\\\/372f87bbd3fdd79b8556b84c98d0bc1c\"},\"headline\":\"Gaeco deflagra em Cascavel a 2\u00aa fase da Opera\u00e7\u00e3o Primeiros Passos, que apura os crimes de organiza\u00e7\u00e3o criminosa, tr\u00e1fico de drogas e venda ilegal de armas\",\"datePublished\":\"2026-02-27T13:05:10+00:00\",\"dateModified\":\"2026-02-27T13:05:11+00:00\",\"mainEntityOfPage\":{\"@id\":\"https:\\\/\\\/ubirataonline.com.br\\\/gaeco-deflagra-em-cascavel-a-2a-fase-da-operacao-primeiros-passos-que-apura-os-crimes-de-organizacao-criminosa-trafico-de-drogas-e-venda-ilegal-de-armas\\\/\"},\"wordCount\":258,\"publisher\":{\"@id\":\"https:\\\/\\\/ubirataonline.com.br\\\/#organization\"},\"image\":{\"@id\":\"https:\\\/\\\/ubirataonline.com.br\\\/gaeco-deflagra-em-cascavel-a-2a-fase-da-operacao-primeiros-passos-que-apura-os-crimes-de-organizacao-criminosa-trafico-de-drogas-e-venda-ilegal-de-armas\\\/#primaryimage\"},\"thumbnailUrl\":\"https:\\\/\\\/ubirataonline.com.br\\\/wp-content\\\/uploads\\\/2026\\\/02\\\/Justica-condena-ex-prefeito-e-candidato-a-vice-prefeito-de-Quedas-do.png\",\"keywords\":[\"2\u00aa\",\"apura\",\"armas\",\"cascavel\",\"crimes\",\"criminosa\",\"deflagra\",\"drogas\",\"fase\",\"Gaeco\",\"ilegal\",\"Opera\u00e7\u00e3o\",\"organiza\u00e7\u00e3o\",\"Passos\",\"primeiros\",\"Tr\u00e1fico\",\"venda\"],\"articleSection\":[\"Ubirat\u00e3\"],\"inLanguage\":\"en-US\",\"copyrightYear\":\"2026\",\"copyrightHolder\":{\"@id\":\"https:\\\/\\\/ubirataonline.com.br\\\/en\\\/#organization\"}},{\"@type\":\"WebPage\",\"@id\":\"https:\\\/\\\/ubirataonline.com.br\\\/gaeco-deflagra-em-cascavel-a-2a-fase-da-operacao-primeiros-passos-que-apura-os-crimes-de-organizacao-criminosa-trafico-de-drogas-e-venda-ilegal-de-armas\\\/\",\"url\":\"https:\\\/\\\/ubirataonline.com.br\\\/gaeco-deflagra-em-cascavel-a-2a-fase-da-operacao-primeiros-passos-que-apura-os-crimes-de-organizacao-criminosa-trafico-de-drogas-e-venda-ilegal-de-armas\\\/\",\"name\":\"Gaeco deflagra em Cascavel a 2\u00aa fase da Opera\u00e7\u00e3o Primeiros Passos, que apura os crimes de organiza\u00e7\u00e3o criminosa, tr\u00e1fico de drogas e venda ilegal de armas - Ubirat\u00e3 Online Not\u00edcias - A realidade ao seu alcance!\",\"isPartOf\":{\"@id\":\"https:\\\/\\\/ubirataonline.com.br\\\/#website\"},\"primaryImageOfPage\":{\"@id\":\"https:\\\/\\\/ubirataonline.com.br\\\/gaeco-deflagra-em-cascavel-a-2a-fase-da-operacao-primeiros-passos-que-apura-os-crimes-de-organizacao-criminosa-trafico-de-drogas-e-venda-ilegal-de-armas\\\/#primaryimage\"},\"image\":{\"@id\":\"https:\\\/\\\/ubirataonline.com.br\\\/gaeco-deflagra-em-cascavel-a-2a-fase-da-operacao-primeiros-passos-que-apura-os-crimes-de-organizacao-criminosa-trafico-de-drogas-e-venda-ilegal-de-armas\\\/#primaryimage\"},\"thumbnailUrl\":\"https:\\\/\\\/ubirataonline.com.br\\\/wp-content\\\/uploads\\\/2026\\\/02\\\/Justica-condena-ex-prefeito-e-candidato-a-vice-prefeito-de-Quedas-do.png\",\"datePublished\":\"2026-02-27T13:05:10+00:00\",\"dateModified\":\"2026-02-27T13:05:11+00:00\",\"description\":\"O Minist\u00e9rio P\u00fablico do Paran\u00e1, por meio do N\u00facleo de Cascavel do Grupo de Atua\u00e7\u00e3o Especial de Combate ao Crime Organizado (Gaeco), cumpriu, na manh\u00e3\",\"breadcrumb\":{\"@id\":\"https:\\\/\\\/ubirataonline.com.br\\\/gaeco-deflagra-em-cascavel-a-2a-fase-da-operacao-primeiros-passos-que-apura-os-crimes-de-organizacao-criminosa-trafico-de-drogas-e-venda-ilegal-de-armas\\\/#breadcrumb\"},\"inLanguage\":\"en-US\",\"potentialAction\":[{\"@type\":\"ReadAction\",\"target\":[\"https:\\\/\\\/ubirataonline.com.br\\\/gaeco-deflagra-em-cascavel-a-2a-fase-da-operacao-primeiros-passos-que-apura-os-crimes-de-organizacao-criminosa-trafico-de-drogas-e-venda-ilegal-de-armas\\\/\"]}]},{\"@type\":\"ImageObject\",\"inLanguage\":\"en-US\",\"@id\":\"https:\\\/\\\/ubirataonline.com.br\\\/gaeco-deflagra-em-cascavel-a-2a-fase-da-operacao-primeiros-passos-que-apura-os-crimes-de-organizacao-criminosa-trafico-de-drogas-e-venda-ilegal-de-armas\\\/#primaryimage\",\"url\":\"https:\\\/\\\/ubirataonline.com.br\\\/wp-content\\\/uploads\\\/2026\\\/02\\\/Justica-condena-ex-prefeito-e-candidato-a-vice-prefeito-de-Quedas-do.png\",\"contentUrl\":\"https:\\\/\\\/ubirataonline.com.br\\\/wp-content\\\/uploads\\\/2026\\\/02\\\/Justica-condena-ex-prefeito-e-candidato-a-vice-prefeito-de-Quedas-do.png\",\"width\":240,\"height\":240,\"caption\":\"Justi\u00e7a condena ex-prefeito e candidato a vice-prefeito de Quedas do Igua\u00e7u representados pelo Minist\u00e9rio P\u00fablico por abuso de poder nas elei\u00e7\u00f5es de 2024\"},{\"@type\":\"BreadcrumbList\",\"@id\":\"https:\\\/\\\/ubirataonline.com.br\\\/gaeco-deflagra-em-cascavel-a-2a-fase-da-operacao-primeiros-passos-que-apura-os-crimes-de-organizacao-criminosa-trafico-de-drogas-e-venda-ilegal-de-armas\\\/#breadcrumb\",\"itemListElement\":[{\"@type\":\"ListItem\",\"position\":1,\"name\":\"In\u00edcio\",\"item\":\"https:\\\/\\\/ubirataonline.com.br\\\/\"},{\"@type\":\"ListItem\",\"position\":2,\"name\":\"Gaeco deflagra em Cascavel a 2\u00aa fase da Opera\u00e7\u00e3o Primeiros Passos, que apura os crimes de organiza\u00e7\u00e3o criminosa, tr\u00e1fico de drogas e venda ilegal de armas\"}]},{\"@type\":\"WebSite\",\"@id\":\"https:\\\/\\\/ubirataonline.com.br\\\/#website\",\"url\":\"https:\\\/\\\/ubirataonline.com.br\\\/\",\"name\":\"Ubirat\u00e3 Online Not\u00edcias\",\"description\":\"Not\u00edcias de Ubirat\u00e3, regi\u00e3o, Brasil e mundo, com informa\u00e7\u00e3o atualizada e compromisso com o leitor.\",\"publisher\":{\"@id\":\"https:\\\/\\\/ubirataonline.com.br\\\/#organization\"},\"alternateName\":\"Ubirat\u00e3 Online\",\"potentialAction\":[{\"@type\":\"SearchAction\",\"target\":{\"@type\":\"EntryPoint\",\"urlTemplate\":\"https:\\\/\\\/ubirataonline.com.br\\\/?s={search_term_string}\"},\"query-input\":{\"@type\":\"PropertyValueSpecification\",\"valueRequired\":true,\"valueName\":\"search_term_string\"}}],\"inLanguage\":\"en-US\"},{\"@type\":[\"Organization\",\"Place\"],\"@id\":\"https:\\\/\\\/ubirataonline.com.br\\\/#organization\",\"name\":\"Ubirat\u00e3 Online Not\u00edcias\",\"alternateName\":\"Ubirat\u00e3 Online\",\"url\":\"https:\\\/\\\/ubirataonline.com.br\\\/\",\"logo\":{\"@id\":\"https:\\\/\\\/ubirataonline.com.br\\\/gaeco-deflagra-em-cascavel-a-2a-fase-da-operacao-primeiros-passos-que-apura-os-crimes-de-organizacao-criminosa-trafico-de-drogas-e-venda-ilegal-de-armas\\\/#local-main-organization-logo\"},\"image\":{\"@id\":\"https:\\\/\\\/ubirataonline.com.br\\\/gaeco-deflagra-em-cascavel-a-2a-fase-da-operacao-primeiros-passos-que-apura-os-crimes-de-organizacao-criminosa-trafico-de-drogas-e-venda-ilegal-de-armas\\\/#local-main-organization-logo\"},\"sameAs\":[\"https:\\\/\\\/www.facebook.com\\\/portalubirataonline\",\"https:\\\/\\\/x.com\\\/ubirataonline\",\"https:\\\/\\\/mastodon.social\\\/@ubirataonline\",\"https:\\\/\\\/www.facebook.com\\\/groups\\\/311144672285604\",\"https:\\\/\\\/www.facebook.com\\\/UBTAOnline\",\"https:\\\/\\\/www.instagram.com\\\/portalubirataonline\\\/\",\"https:\\\/\\\/twitter.com\\\/ubirataonline\"],\"description\":\"Somos um portal de not\u00edcias independente, criado em 5 de janeiro de 2009, com o objetivo de informar, conectar e valorizar a nossa comunidade de Ubirat\u00e3 e toda aregi\u00e3o. Com conte\u00fado atualizado, confi\u00e1vel e relevante, o Ubirat\u00e3 Online \u00e9 o seu espa\u00e7o para ficar por dentro dos principais acontecimentos locais, regionais, Brasil, Mundo e de interesse geral. Nosso compromisso \u00e9 com a verdade, a transpar\u00eancia e o respeito ao leitor.\",\"legalName\":\"UBIRATA ONLINE NOT\u00cdCIAS\",\"foundingDate\":\"2009-01-05\",\"numberOfEmployees\":{\"@type\":\"QuantitativeValue\",\"minValue\":\"1\",\"maxValue\":\"10\"},\"publishingPrinciples\":\"https:\\\/\\\/ubirataonline.com.br\\\/faq\\\/\",\"address\":{\"@id\":\"https:\\\/\\\/ubirataonline.com.br\\\/gaeco-deflagra-em-cascavel-a-2a-fase-da-operacao-primeiros-passos-que-apura-os-crimes-de-organizacao-criminosa-trafico-de-drogas-e-venda-ilegal-de-armas\\\/#local-main-place-address\"},\"geo\":{\"@type\":\"GeoCoordinates\",\"latitude\":\"-24.5361401\",\"longitude\":\"-52.9921776\"},\"telephone\":[\"+5544998308235\"],\"contactPoint\":{\"@type\":\"ContactPoint\",\"email\":\"contato@ubirataonline.com.br\"},\"openingHoursSpecification\":{\"@type\":\"OpeningHoursSpecification\",\"dayOfWeek\":[\"Monday\",\"Tuesday\",\"Wednesday\",\"Thursday\",\"Friday\",\"Saturday\",\"Sunday\"],\"opens\":\"00:00\",\"closes\":\"23:59\"},\"email\":\"contato@ubirataonline.com.br\",\"vatID\":\"47.621.418\\\/0001-80\"},{\"@type\":\"Person\",\"@id\":\"https:\\\/\\\/ubirataonline.com.br\\\/#\\\/schema\\\/person\\\/372f87bbd3fdd79b8556b84c98d0bc1c\",\"name\":\"REDA\u00c7\u00c3O: UBIRAT\u00c3 ONLINE - F\u00c1BIO AUGUSTO CELESTINO\",\"pronouns\":\"Ele\",\"description\":\"Desde 2003 trabalhando com not\u00edcias.\",\"sameAs\":[\"http:\\\/\\\/ubirataoline.com.br\",\"https:\\\/\\\/www.facebook.com\\\/portalubirataonline\",\"https:\\\/\\\/www.instagram.com\\\/ubirataonline_oficial\",\"https:\\\/\\\/x.com\\\/x.com\\\/ubirataonline\"],\"honorificPrefix\":\"Mr.\",\"honorificSuffix\":\"MD\",\"birthDate\":\"1980-06-16\",\"gender\":\"masculino\",\"award\":[\"V\u00e1rios pr\u00eamios de melhor portal da cidade\"],\"jobTitle\":\"Diretor\",\"url\":\"https:\\\/\\\/ubirataonline.com.br\\\/en\\\/author\\\/ubirataonline\\\/\"},{\"@type\":\"PostalAddress\",\"@id\":\"https:\\\/\\\/ubirataonline.com.br\\\/gaeco-deflagra-em-cascavel-a-2a-fase-da-operacao-primeiros-passos-que-apura-os-crimes-de-organizacao-criminosa-trafico-de-drogas-e-venda-ilegal-de-armas\\\/#local-main-place-address\",\"streetAddress\":\"Rua dos Coqueiros, 104 - Bairro Boa Vista, Rua dos Coqueiros, 104 Bairro Boa Vista\",\"addressLocality\":\"UBIRATA\",\"postalCode\":\"85440-000\",\"addressRegion\":\"PR\",\"addressCountry\":\"BR\"},{\"@type\":\"ImageObject\",\"inLanguage\":\"en-US\",\"@id\":\"https:\\\/\\\/ubirataonline.com.br\\\/gaeco-deflagra-em-cascavel-a-2a-fase-da-operacao-primeiros-passos-que-apura-os-crimes-de-organizacao-criminosa-trafico-de-drogas-e-venda-ilegal-de-armas\\\/#local-main-organization-logo\",\"url\":\"https:\\\/\\\/ubirataonline.com.br\\\/wp-content\\\/uploads\\\/2026\\\/06\\\/logoubirataonline-1.webp\",\"contentUrl\":\"https:\\\/\\\/ubirataonline.com.br\\\/wp-content\\\/uploads\\\/2026\\\/06\\\/logoubirataonline-1.webp\",\"width\":500,\"height\":500,\"caption\":\"Ubirat\u00e3 Online Not\u00edcias\"}]}<\/script>\n<meta name=\"geo.placename\" content=\"UBIRATA\" \/>\n<meta name=\"geo.position\" content=\"-24.5361401;-52.9921776\" \/>\n<meta name=\"geo.region\" content=\"Brazil\" \/>\n<!-- \/ Yoast SEO Premium plugin. -->","yoast_head_json":{"title":"Gaeco deflagra em Cascavel a 2\u00aa fase da Opera\u00e7\u00e3o Primeiros Passos, que apura os crimes de organiza\u00e7\u00e3o criminosa, tr\u00e1fico de drogas e venda ilegal de armas - Ubirat\u00e3 Online Not\u00edcias - A realidade ao seu alcance!","description":"O Minist\u00e9rio P\u00fablico do Paran\u00e1, por meio do N\u00facleo de Cascavel do Grupo de Atua\u00e7\u00e3o Especial de Combate ao Crime Organizado (Gaeco), cumpriu, na manh\u00e3","robots":{"index":"index","follow":"follow","max-snippet":"max-snippet:-1","max-image-preview":"max-image-preview:large","max-video-preview":"max-video-preview:-1"},"canonical":"https:\/\/ubirataonline.com.br\/en\/gaeco-deflagra-em-cascavel-a-2a-fase-da-operacao-primeiros-passos-que-apura-os-crimes-de-organizacao-criminosa-trafico-de-drogas-e-venda-ilegal-de-armas\/","og_locale":"en_US","og_type":"article","og_title":"Gaeco deflagra em Cascavel a 2\u00aa fase da Opera\u00e7\u00e3o Primeiros Passos, que apura os crimes de organiza\u00e7\u00e3o criminosa, tr\u00e1fico de drogas e venda ilegal de armas","og_description":"O Minist\u00e9rio P\u00fablico do Paran\u00e1, por meio do N\u00facleo de Cascavel do Grupo de Atua\u00e7\u00e3o Especial de Combate ao Crime Organizado (Gaeco), cumpriu, na manh\u00e3","og_url":"https:\/\/ubirataonline.com.br\/en\/gaeco-deflagra-em-cascavel-a-2a-fase-da-operacao-primeiros-passos-que-apura-os-crimes-de-organizacao-criminosa-trafico-de-drogas-e-venda-ilegal-de-armas\/","og_site_name":"Ubirat\u00e3 Online Not\u00edcias - A realidade ao seu alcance!","article_publisher":"https:\/\/www.facebook.com\/portalubirataonline","article_author":"https:\/\/www.facebook.com\/portalubirataonline","article_published_time":"2026-02-27T13:05:10+00:00","article_modified_time":"2026-02-27T13:05:11+00:00","og_image":[{"width":240,"height":240,"url":"https:\/\/ubirataonline.com.br\/wp-content\/uploads\/2026\/02\/Justica-condena-ex-prefeito-e-candidato-a-vice-prefeito-de-Quedas-do.png","type":"image\/png"}],"author":"REDA\u00c7\u00c3O: UBIRAT\u00c3 ONLINE - F\u00c1BIO AUGUSTO CELESTINO","twitter_card":"summary_large_image","twitter_creator":"@x.com\/ubirataonline","twitter_site":"@ubirataonline","twitter_misc":{"Written by":"REDA\u00c7\u00c3O: UBIRAT\u00c3 ONLINE - F\u00c1BIO AUGUSTO CELESTINO","Est. reading time":"1 minute"},"schema":{"@context":"https:\/\/schema.org","@graph":[{"@type":"NewsArticle","@id":"https:\/\/ubirataonline.com.br\/gaeco-deflagra-em-cascavel-a-2a-fase-da-operacao-primeiros-passos-que-apura-os-crimes-de-organizacao-criminosa-trafico-de-drogas-e-venda-ilegal-de-armas\/#article","isPartOf":{"@id":"https:\/\/ubirataonline.com.br\/gaeco-deflagra-em-cascavel-a-2a-fase-da-operacao-primeiros-passos-que-apura-os-crimes-de-organizacao-criminosa-trafico-de-drogas-e-venda-ilegal-de-armas\/"},"author":{"name":"REDA\u00c7\u00c3O: UBIRAT\u00c3 ONLINE - F\u00c1BIO AUGUSTO CELESTINO","@id":"https:\/\/ubirataonline.com.br\/#\/schema\/person\/372f87bbd3fdd79b8556b84c98d0bc1c"},"headline":"Gaeco deflagra em Cascavel a 2\u00aa fase da Opera\u00e7\u00e3o Primeiros Passos, que apura os crimes de organiza\u00e7\u00e3o criminosa, tr\u00e1fico de drogas e venda ilegal de armas","datePublished":"2026-02-27T13:05:10+00:00","dateModified":"2026-02-27T13:05:11+00:00","mainEntityOfPage":{"@id":"https:\/\/ubirataonline.com.br\/gaeco-deflagra-em-cascavel-a-2a-fase-da-operacao-primeiros-passos-que-apura-os-crimes-de-organizacao-criminosa-trafico-de-drogas-e-venda-ilegal-de-armas\/"},"wordCount":258,"publisher":{"@id":"https:\/\/ubirataonline.com.br\/#organization"},"image":{"@id":"https:\/\/ubirataonline.com.br\/gaeco-deflagra-em-cascavel-a-2a-fase-da-operacao-primeiros-passos-que-apura-os-crimes-de-organizacao-criminosa-trafico-de-drogas-e-venda-ilegal-de-armas\/#primaryimage"},"thumbnailUrl":"https:\/\/ubirataonline.com.br\/wp-content\/uploads\/2026\/02\/Justica-condena-ex-prefeito-e-candidato-a-vice-prefeito-de-Quedas-do.png","keywords":["2\u00aa","apura","armas","cascavel","crimes","criminosa","deflagra","drogas","fase","Gaeco","ilegal","Opera\u00e7\u00e3o","organiza\u00e7\u00e3o","Passos","primeiros","Tr\u00e1fico","venda"],"articleSection":["Ubirat\u00e3"],"inLanguage":"en-US","copyrightYear":"2026","copyrightHolder":{"@id":"https:\/\/ubirataonline.com.br\/en\/#organization"}},{"@type":"WebPage","@id":"https:\/\/ubirataonline.com.br\/gaeco-deflagra-em-cascavel-a-2a-fase-da-operacao-primeiros-passos-que-apura-os-crimes-de-organizacao-criminosa-trafico-de-drogas-e-venda-ilegal-de-armas\/","url":"https:\/\/ubirataonline.com.br\/gaeco-deflagra-em-cascavel-a-2a-fase-da-operacao-primeiros-passos-que-apura-os-crimes-de-organizacao-criminosa-trafico-de-drogas-e-venda-ilegal-de-armas\/","name":"Gaeco deflagra em Cascavel a 2\u00aa fase da Opera\u00e7\u00e3o Primeiros Passos, que apura os crimes de organiza\u00e7\u00e3o criminosa, tr\u00e1fico de drogas e venda ilegal de armas - Ubirat\u00e3 Online Not\u00edcias - A realidade ao seu alcance!","isPartOf":{"@id":"https:\/\/ubirataonline.com.br\/#website"},"primaryImageOfPage":{"@id":"https:\/\/ubirataonline.com.br\/gaeco-deflagra-em-cascavel-a-2a-fase-da-operacao-primeiros-passos-que-apura-os-crimes-de-organizacao-criminosa-trafico-de-drogas-e-venda-ilegal-de-armas\/#primaryimage"},"image":{"@id":"https:\/\/ubirataonline.com.br\/gaeco-deflagra-em-cascavel-a-2a-fase-da-operacao-primeiros-passos-que-apura-os-crimes-de-organizacao-criminosa-trafico-de-drogas-e-venda-ilegal-de-armas\/#primaryimage"},"thumbnailUrl":"https:\/\/ubirataonline.com.br\/wp-content\/uploads\/2026\/02\/Justica-condena-ex-prefeito-e-candidato-a-vice-prefeito-de-Quedas-do.png","datePublished":"2026-02-27T13:05:10+00:00","dateModified":"2026-02-27T13:05:11+00:00","description":"O Minist\u00e9rio P\u00fablico do Paran\u00e1, por meio do N\u00facleo de Cascavel do Grupo de Atua\u00e7\u00e3o Especial de Combate ao Crime Organizado (Gaeco), cumpriu, na manh\u00e3","breadcrumb":{"@id":"https:\/\/ubirataonline.com.br\/gaeco-deflagra-em-cascavel-a-2a-fase-da-operacao-primeiros-passos-que-apura-os-crimes-de-organizacao-criminosa-trafico-de-drogas-e-venda-ilegal-de-armas\/#breadcrumb"},"inLanguage":"en-US","potentialAction":[{"@type":"ReadAction","target":["https:\/\/ubirataonline.com.br\/gaeco-deflagra-em-cascavel-a-2a-fase-da-operacao-primeiros-passos-que-apura-os-crimes-de-organizacao-criminosa-trafico-de-drogas-e-venda-ilegal-de-armas\/"]}]},{"@type":"ImageObject","inLanguage":"en-US","@id":"https:\/\/ubirataonline.com.br\/gaeco-deflagra-em-cascavel-a-2a-fase-da-operacao-primeiros-passos-que-apura-os-crimes-de-organizacao-criminosa-trafico-de-drogas-e-venda-ilegal-de-armas\/#primaryimage","url":"https:\/\/ubirataonline.com.br\/wp-content\/uploads\/2026\/02\/Justica-condena-ex-prefeito-e-candidato-a-vice-prefeito-de-Quedas-do.png","contentUrl":"https:\/\/ubirataonline.com.br\/wp-content\/uploads\/2026\/02\/Justica-condena-ex-prefeito-e-candidato-a-vice-prefeito-de-Quedas-do.png","width":240,"height":240,"caption":"Justi\u00e7a condena ex-prefeito e candidato a vice-prefeito de Quedas do Igua\u00e7u representados pelo Minist\u00e9rio P\u00fablico por abuso de poder nas elei\u00e7\u00f5es de 2024"},{"@type":"BreadcrumbList","@id":"https:\/\/ubirataonline.com.br\/gaeco-deflagra-em-cascavel-a-2a-fase-da-operacao-primeiros-passos-que-apura-os-crimes-de-organizacao-criminosa-trafico-de-drogas-e-venda-ilegal-de-armas\/#breadcrumb","itemListElement":[{"@type":"ListItem","position":1,"name":"In\u00edcio","item":"https:\/\/ubirataonline.com.br\/"},{"@type":"ListItem","position":2,"name":"Gaeco deflagra em Cascavel a 2\u00aa fase da Opera\u00e7\u00e3o Primeiros Passos, que apura os crimes de organiza\u00e7\u00e3o criminosa, tr\u00e1fico de drogas e venda ilegal de armas"}]},{"@type":"WebSite","@id":"https:\/\/ubirataonline.com.br\/#website","url":"https:\/\/ubirataonline.com.br\/","name":"Ubirat\u00e3 Online Not\u00edcias","description":"Not\u00edcias de Ubirat\u00e3, regi\u00e3o, Brasil e mundo, com informa\u00e7\u00e3o atualizada e compromisso com o leitor.","publisher":{"@id":"https:\/\/ubirataonline.com.br\/#organization"},"alternateName":"Ubirat\u00e3 Online","potentialAction":[{"@type":"SearchAction","target":{"@type":"EntryPoint","urlTemplate":"https:\/\/ubirataonline.com.br\/?s={search_term_string}"},"query-input":{"@type":"PropertyValueSpecification","valueRequired":true,"valueName":"search_term_string"}}],"inLanguage":"en-US"},{"@type":["Organization","Place"],"@id":"https:\/\/ubirataonline.com.br\/#organization","name":"Ubirat\u00e3 Online Not\u00edcias","alternateName":"Ubirat\u00e3 Online","url":"https:\/\/ubirataonline.com.br\/","logo":{"@id":"https:\/\/ubirataonline.com.br\/gaeco-deflagra-em-cascavel-a-2a-fase-da-operacao-primeiros-passos-que-apura-os-crimes-de-organizacao-criminosa-trafico-de-drogas-e-venda-ilegal-de-armas\/#local-main-organization-logo"},"image":{"@id":"https:\/\/ubirataonline.com.br\/gaeco-deflagra-em-cascavel-a-2a-fase-da-operacao-primeiros-passos-que-apura-os-crimes-de-organizacao-criminosa-trafico-de-drogas-e-venda-ilegal-de-armas\/#local-main-organization-logo"},"sameAs":["https:\/\/www.facebook.com\/portalubirataonline","https:\/\/x.com\/ubirataonline","https:\/\/mastodon.social\/@ubirataonline","https:\/\/www.facebook.com\/groups\/311144672285604","https:\/\/www.facebook.com\/UBTAOnline","https:\/\/www.instagram.com\/portalubirataonline\/","https:\/\/twitter.com\/ubirataonline"],"description":"Somos um portal de not\u00edcias independente, criado em 5 de janeiro de 2009, com o objetivo de informar, conectar e valorizar a nossa comunidade de Ubirat\u00e3 e toda aregi\u00e3o. Com conte\u00fado atualizado, confi\u00e1vel e relevante, o Ubirat\u00e3 Online \u00e9 o seu espa\u00e7o para ficar por dentro dos principais acontecimentos locais, regionais, Brasil, Mundo e de interesse geral. Nosso compromisso \u00e9 com a verdade, a transpar\u00eancia e o respeito ao leitor.","legalName":"UBIRATA ONLINE NOT\u00cdCIAS","foundingDate":"2009-01-05","numberOfEmployees":{"@type":"QuantitativeValue","minValue":"1","maxValue":"10"},"publishingPrinciples":"https:\/\/ubirataonline.com.br\/faq\/","address":{"@id":"https:\/\/ubirataonline.com.br\/gaeco-deflagra-em-cascavel-a-2a-fase-da-operacao-primeiros-passos-que-apura-os-crimes-de-organizacao-criminosa-trafico-de-drogas-e-venda-ilegal-de-armas\/#local-main-place-address"},"geo":{"@type":"GeoCoordinates","latitude":"-24.5361401","longitude":"-52.9921776"},"telephone":["+5544998308235"],"contactPoint":{"@type":"ContactPoint","email":"contato@ubirataonline.com.br"},"openingHoursSpecification":{"@type":"OpeningHoursSpecification","dayOfWeek":["Monday","Tuesday","Wednesday","Thursday","Friday","Saturday","Sunday"],"opens":"00:00","closes":"23:59"},"email":"contato@ubirataonline.com.br","vatID":"47.621.418\/0001-80"},{"@type":"Person","@id":"https:\/\/ubirataonline.com.br\/#\/schema\/person\/372f87bbd3fdd79b8556b84c98d0bc1c","name":"REDA\u00c7\u00c3O: UBIRAT\u00c3 ONLINE - F\u00c1BIO AUGUSTO CELESTINO","pronouns":"Ele","description":"Desde 2003 trabalhando com not\u00edcias.","sameAs":["http:\/\/ubirataoline.com.br","https:\/\/www.facebook.com\/portalubirataonline","https:\/\/www.instagram.com\/ubirataonline_oficial","https:\/\/x.com\/x.com\/ubirataonline"],"honorificPrefix":"Mr.","honorificSuffix":"MD","birthDate":"1980-06-16","gender":"masculino","award":["V\u00e1rios pr\u00eamios de melhor portal da cidade"],"jobTitle":"Diretor","url":"https:\/\/ubirataonline.com.br\/en\/author\/ubirataonline\/"},{"@type":"PostalAddress","@id":"https:\/\/ubirataonline.com.br\/gaeco-deflagra-em-cascavel-a-2a-fase-da-operacao-primeiros-passos-que-apura-os-crimes-de-organizacao-criminosa-trafico-de-drogas-e-venda-ilegal-de-armas\/#local-main-place-address","streetAddress":"Rua dos Coqueiros, 104 - Bairro Boa Vista, Rua dos Coqueiros, 104 Bairro Boa Vista","addressLocality":"UBIRATA","postalCode":"85440-000","addressRegion":"PR","addressCountry":"BR"},{"@type":"ImageObject","inLanguage":"en-US","@id":"https:\/\/ubirataonline.com.br\/gaeco-deflagra-em-cascavel-a-2a-fase-da-operacao-primeiros-passos-que-apura-os-crimes-de-organizacao-criminosa-trafico-de-drogas-e-venda-ilegal-de-armas\/#local-main-organization-logo","url":"https:\/\/ubirataonline.com.br\/wp-content\/uploads\/2026\/06\/logoubirataonline-1.webp","contentUrl":"https:\/\/ubirataonline.com.br\/wp-content\/uploads\/2026\/06\/logoubirataonline-1.webp","width":500,"height":500,"caption":"Ubirat\u00e3 Online Not\u00edcias"}]},"geo.placename":"UBIRATA","geo.position":{"lat":"-24.5361401","long":"-52.9921776"},"geo.region":"Brazil"},"_links":{"self":[{"href":"https:\/\/ubirataonline.com.br\/en\/wp-json\/wp\/v2\/posts\/90681","targetHints":{"allow":["GET"]}}],"collection":[{"href":"https:\/\/ubirataonline.com.br\/en\/wp-json\/wp\/v2\/posts"}],"about":[{"href":"https:\/\/ubirataonline.com.br\/en\/wp-json\/wp\/v2\/types\/post"}],"author":[{"embeddable":true,"href":"https:\/\/ubirataonline.com.br\/en\/wp-json\/wp\/v2\/users\/1"}],"replies":[{"embeddable":true,"href":"https:\/\/ubirataonline.com.br\/en\/wp-json\/wp\/v2\/comments?post=90681"}],"version-history":[{"count":0,"href":"https:\/\/ubirataonline.com.br\/en\/wp-json\/wp\/v2\/posts\/90681\/revisions"}],"wp:featuredmedia":[{"embeddable":true,"href":"https:\/\/ubirataonline.com.br\/en\/wp-json\/wp\/v2\/media\/90416"}],"wp:attachment":[{"href":"https:\/\/ubirataonline.com.br\/en\/wp-json\/wp\/v2\/media?parent=90681"}],"wp:term":[{"taxonomy":"category","embeddable":true,"href":"https:\/\/ubirataonline.com.br\/en\/wp-json\/wp\/v2\/categories?post=90681"},{"taxonomy":"post_tag","embeddable":true,"href":"https:\/\/ubirataonline.com.br\/en\/wp-json\/wp\/v2\/tags?post=90681"}],"curies":[{"name":"wp","href":"https:\/\/api.w.org\/{rel}","templated":true}]}}