{"id":90706,"date":"2026-02-27T12:09:13","date_gmt":"2026-02-27T15:09:13","guid":{"rendered":"https:\/\/ubirataonline.com.br\/protesters-gather-at-scream-7-premiere-after-melissa-barrera-fired\/"},"modified":"2026-02-27T12:09:13","modified_gmt":"2026-02-27T15:09:13","slug":"protesters-gather-at-scream-7-premiere-after-melissa-barrera-fired","status":"publish","type":"post","link":"https:\/\/ubirataonline.com.br\/en\/protesters-gather-at-scream-7-premiere-after-melissa-barrera-fired\/","title":{"rendered":"Protesters Gather at &#8216;Scream 7&#8217; Premiere After Melissa Barrera Fired"},"content":{"rendered":"<p><\/p>\n<div>\n<p class=\"paragraph larva \/\/ lrv-u-margin-lr-auto  lrv-a-font-body-m\">\n\tProtesters gathered outside of Wednesday night\u2019s \u201c<a href=\"https:\/\/variety.com\/t\/scream-7\/\" id=\"auto-tag_scream-7\" data-tag=\"scream-7\">Scream 7<\/a>\u201d premiere at the <a href=\"https:\/\/variety.com\/t\/paramount\/\" id=\"auto-tag_paramount\" data-tag=\"paramount\">Paramount<\/a> Studios lot in Los Angeles, calling for a boycott of the horror film in a show of support for Palestine.<\/p>\n<p class=\"paragraph larva \/\/ lrv-u-margin-lr-auto  lrv-a-font-body-m\">\n\tAbout 25 demonstrators were seen positioned around the lot with flags, drums and bullhorns. They were heard chanting phrases like \u201cParamount, Paramount, what do you say?\u201d and \u201cPalestine will live forever!\u201d<\/p>\n<div class=\"post-content-image \/\/  size-large alignnone\">\n<figure class=\"o-figure  lrv-u-font-family-secondary u-color-medium-grey lrv-u-border-b-1 u-border-color-light-grey-tint-two u-margin-b-150 lrv-u-max-width-100p\" style=\"width:768px\">\n<div class=\"c-lazy-image\">\n<p>\t\t\t\t\t\t<\/p><\/div><figcaption class=\"c-figcaption\">\n<\/figcaption><\/figure>\n<\/div>\n<p class=\"paragraph larva \/\/ lrv-u-margin-lr-auto  lrv-a-font-body-m\">\n\tWhile speaking on the red carpet, \u201cScream 7\u201d director Kevin Williamson shared his thoughts on the protest. <\/p>\n<p class=\"paragraph larva \/\/ lrv-u-margin-lr-auto  lrv-a-font-body-m\">\n\t\u201cWe live in a world where a lot of bad things are happening out there, and I think a lot of people want to be heard and they want to have their voice heard about the bad stuff that\u2019s happening,\u201d Williamson told <em>Variety<\/em>. \u201cMy heart goes out to them. I don\u2019t know if canceling Paramount+ is the way to do it. But I think people should listen to their inner self and do what feels good for them.\u201d<\/p>\n<figure class=\"wp-block-embed is-type-rich is-provider-twitter wp-block-embed-twitter\">\n<div class=\"wp-block-embed__wrapper\">\n<blockquote class=\"twitter-tweet\" data-width=\"500\" data-dnt=\"true\">\n<p lang=\"en\" dir=\"ltr\"><a href=\"https:\/\/twitter.com\/hashtag\/Scream7?src=hash&amp;ref_src=twsrc%5Etfw\" rel=\"nofollow\" target=\"_blank\">#Scream7<\/a> director Kevin Williamson reacts to the pro-Palestine protestors who gathered outside the film\u2019s premiere calling for a boycott:<\/p>\n<p>\u201cWe live in a world where a lot of bad things are happening out there, and I think a lot of people want to be heard and they want to have\u2026 <a href=\"https:\/\/t.co\/JpSUhswxF6\" rel=\"nofollow\" target=\"_blank\">pic.twitter.com\/JpSUhswxF6<\/a><\/p>\n<p>\u2014 Variety (@Variety) <a href=\"https:\/\/twitter.com\/Variety\/status\/2026861607091920953?ref_src=twsrc%5Etfw\" rel=\"nofollow\" target=\"_blank\">February 26, 2026<\/a><\/p><\/blockquote>\n<\/div>\n<\/figure>\n<p class=\"paragraph larva \/\/ lrv-u-margin-lr-auto  lrv-a-font-body-m\">\n\tThe outrage follows the <a rel=\"noreferrer noopener\" target=\"_blank\" href=\"https:\/\/variety.com\/2023\/film\/news\/scream-producers-explain-melissa-barrera-fired-antisemitism-1235804914\/\">firing of Melissa Barrera, the star of 2022\u2019s \u201cScream\u201d reboot and 2023\u2019s \u201cScream VI.\u201d<\/a> After war broke out in Gaza in 2023, Barrera took to Instagram to share her views on the conflict. She was largely critical of Israel, and she accused the nation of \u201cgenocide and ethnic cleansing.\u201d She also shared a post from Jewish Currents Magazine about distorting \u201cthe Holocaust to boost the Israeli arms industry.\u201d She was fired from the franchise by \u201cScream\u201d producer Spyglass Media Group because they deemed her posts to be antisemitic.<\/p>\n<div class=\"post-content-image \/\/  size-large alignnone\">\n<figure class=\"o-figure  lrv-u-font-family-secondary u-color-medium-grey lrv-u-border-b-1 u-border-color-light-grey-tint-two u-margin-b-150 lrv-u-max-width-100p\" style=\"width:768px\">\n<div class=\"c-lazy-image\">\n<p>\t\t\t\t\t\t<img loading=\"lazy\" class=\"c-lazy-image__img lrv-u-background-color-grey-lightest lrv-u-width-100p lrv-u-display-block lrv-u-height-auto\" src=\"https:\/\/variety.com\/wp-content\/themes\/pmc-variety-2020\/assets\/public\/lazyload-fallback.gif\" data-lazy-src=\"https:\/\/variety.com\/wp-content\/uploads\/2026\/02\/IMG_6221.jpg?w=768\" alt=\"\" data-lazy-srcset=\"https:\/\/variety.com\/wp-content\/uploads\/2026\/02\/IMG_6221.jpg 3024w, https:\/\/variety.com\/wp-content\/uploads\/2026\/02\/IMG_6221.jpg?resize=113,150 113w, https:\/\/variety.com\/wp-content\/uploads\/2026\/02\/IMG_6221.jpg?resize=225,300 225w\" data-lazy-sizes=\"(min-width: 87.5rem) 1000px, (min-width: 78.75rem) 681px, (min-width: 48rem) 450px, (max-width: 48rem) 250px\" height=\"1024\" width=\"768\" decoding=\"async\"\/><\/p><\/div><figcaption class=\"c-figcaption\">\n<\/figcaption><\/figure>\n<\/div>\n<p class=\"paragraph larva \/\/ lrv-u-margin-lr-auto  lrv-a-font-body-m\">\n\t\u201cSpyglass\u2019 stance is unequivocally clear: We have zero tolerance for antisemitism or the incitement of hate in any form, including false references to genocide, ethnic cleansing, Holocaust distortion or anything that flagrantly crosses the line into hate speech,\u201d a Spyglass spokesperson told <em>Variety<\/em> at the time.<\/p>\n<p class=\"paragraph larva \/\/ lrv-u-margin-lr-auto  lrv-a-font-body-m\">\n\tJenna Ortega, who also starred in \u201cScream\u201d and \u201cScream VI,\u201d also exited the seventh installment, citing scheduling conflicts. Shortly after, the original director, Christopher Landon parted ways with the film because he received death threats over Barrera\u2019s axing (even though it wasn\u2019t his decision to fire her). With those behind-the-scenes changes, <a data-id=\"https:\/\/variety.com\/2026\/film\/box-office\/scream-7-rewrites-neve-campbell-salary-melissa-barrera-firing-1236671347\/\" data-type=\"link\" href=\"https:\/\/variety.com\/2026\/film\/box-office\/scream-7-rewrites-neve-campbell-salary-melissa-barrera-firing-1236671347\/\">the script had to be rewritten<\/a>, and Neve Campbell\u2019s original heroine, Sidney Prescott, was brought back after sitting out the sixth entry due to a salary dispute. Williamson, who wrote the first \u201cScream\u201d movie, took over as director.<\/p>\n<p class=\"paragraph larva \/\/ lrv-u-margin-lr-auto  lrv-a-font-body-m\">\n\t\u201cScream 7,\u201d which opens in theaters on Friday, follows Campbell\u2019s Prescott as she relocates out of Woodsboro for a quiet life with her daughter, only to have Ghostface track her down and target her family. Campbell stars alongside fellow original cast members Courteney Cox, David Arquette and Matthew Lillard, as well as Isabel May, Jasmin Savoy Brown, Mason Gooding, Anna Camp, Joel McHale and Mckenna Grace.<\/p>\n<\/div>\n<p><script async src=\"\/\/platform.twitter.com\/widgets.js\" charset=\"utf-8\"><\/script><\/p>\n<p><a href=\"https:\/\/variety.com\/2026\/film\/news\/protest-scream-7-premiere-melissa-barrera-paramount-1236673201\/\">Source link <\/a><br \/>\nSee more https:\/\/theglobaltrack.com\/<\/p>","protected":false},"excerpt":{"rendered":"<p>Protesters gathered outside of Wednesday night\u2019s \u201cScream 7\u201d premiere at the Paramount Studios lot in Los Angeles, calling for a boycott of the horror film in a show of support for Palestine. About 25 demonstrators were seen positioned around the lot with flags, drums and bullhorns. They were heard chanting phrases like \u201cParamount, Paramount, what [&hellip;]<\/p>\n","protected":false},"author":1,"featured_media":90707,"comment_status":"","ping_status":"","sticky":false,"template":"","format":"standard","meta":{"googlesitekit_rrm_CAow2JLhCw:productID":"","_gspb_post_css":"","maa_idioma":"","maa_pais":"","footnotes":""},"categories":[1],"tags":[20720,7932,20718,3954,6487,18730,20719],"class_list":["post-90706","post","type-post","status-publish","format-standard","has-post-thumbnail","hentry","category-ubirata","tag-barrera","tag-fired","tag-gather","tag-melissa","tag-premiere","tag-protesters","tag-scream"],"blocksy_meta":[],"yoast_head":"<!-- This site is optimized with the Yoast SEO Premium plugin v27.6 (Yoast SEO v27.6) - https:\/\/yoast.com\/product\/yoast-seo-premium-wordpress\/ -->\n<title>Protesters Gather at &#039;Scream 7&#039; Premiere After Melissa Barrera Fired - Ubirat\u00e3 Online Not\u00edcias - A realidade ao seu alcance!<\/title>\n<meta name=\"description\" content=\"Protesters gathered outside of Wednesday night&#039;s &#039;Scream 7&#039; premiere, calling for a boycott of the horror film in a show of support for Palestine.\" \/>\n<meta name=\"robots\" content=\"index, follow, max-snippet:-1, max-image-preview:large, max-video-preview:-1\" \/>\n<link rel=\"canonical\" href=\"https:\/\/ubirataonline.com.br\/en\/protesters-gather-at-scream-7-premiere-after-melissa-barrera-fired\/\" \/>\n<meta property=\"og:locale\" content=\"en_US\" \/>\n<meta property=\"og:type\" content=\"article\" \/>\n<meta property=\"og:title\" content=\"Protesters Gather at &#039;Scream 7&#039; Premiere After Melissa Barrera Fired\" \/>\n<meta property=\"og:description\" content=\"Protesters gathered outside of Wednesday night&#039;s &#039;Scream 7&#039; premiere, calling for a boycott of the horror film in a show of support for Palestine.\" \/>\n<meta property=\"og:url\" content=\"https:\/\/ubirataonline.com.br\/en\/protesters-gather-at-scream-7-premiere-after-melissa-barrera-fired\/\" \/>\n<meta property=\"og:site_name\" content=\"Ubirat\u00e3 Online Not\u00edcias - A realidade ao seu alcance!\" \/>\n<meta property=\"article:publisher\" content=\"https:\/\/www.facebook.com\/portalubirataonline\" \/>\n<meta property=\"article:author\" content=\"https:\/\/www.facebook.com\/portalubirataonline\" \/>\n<meta property=\"article:published_time\" content=\"2026-02-27T15:09:13+00:00\" \/>\n<meta property=\"og:image\" content=\"https:\/\/ubirataonline.com.br\/wp-content\/uploads\/2026\/02\/Protesters-Gather-at-Scream-7-Premiere-After-Melissa-Barrera-Fired.jpg\" \/>\n\t<meta property=\"og:image:width\" content=\"1000\" \/>\n\t<meta property=\"og:image:height\" content=\"563\" \/>\n\t<meta property=\"og:image:type\" content=\"image\/jpeg\" \/>\n<meta name=\"author\" content=\"REDA\u00c7\u00c3O: UBIRAT\u00c3 ONLINE - F\u00c1BIO AUGUSTO CELESTINO\" \/>\n<meta name=\"twitter:card\" content=\"summary_large_image\" \/>\n<meta name=\"twitter:creator\" content=\"@x.com\/ubirataonline\" \/>\n<meta name=\"twitter:site\" content=\"@ubirataonline\" \/>\n<meta name=\"twitter:label1\" content=\"Written by\" \/>\n\t<meta name=\"twitter:data1\" content=\"REDA\u00c7\u00c3O: UBIRAT\u00c3 ONLINE - F\u00c1BIO AUGUSTO CELESTINO\" \/>\n\t<meta name=\"twitter:label2\" content=\"Est. reading time\" \/>\n\t<meta name=\"twitter:data2\" content=\"3 minutes\" \/>\n<script type=\"application\/ld+json\" class=\"yoast-schema-graph\">{\"@context\":\"https:\\\/\\\/schema.org\",\"@graph\":[{\"@type\":\"NewsArticle\",\"@id\":\"https:\\\/\\\/ubirataonline.com.br\\\/protesters-gather-at-scream-7-premiere-after-melissa-barrera-fired\\\/#article\",\"isPartOf\":{\"@id\":\"https:\\\/\\\/ubirataonline.com.br\\\/protesters-gather-at-scream-7-premiere-after-melissa-barrera-fired\\\/\"},\"author\":{\"name\":\"REDA\u00c7\u00c3O: UBIRAT\u00c3 ONLINE - F\u00c1BIO AUGUSTO CELESTINO\",\"@id\":\"https:\\\/\\\/ubirataonline.com.br\\\/#\\\/schema\\\/person\\\/372f87bbd3fdd79b8556b84c98d0bc1c\"},\"headline\":\"Protesters Gather at &#8216;Scream 7&#8217; Premiere After Melissa Barrera Fired\",\"datePublished\":\"2026-02-27T15:09:13+00:00\",\"mainEntityOfPage\":{\"@id\":\"https:\\\/\\\/ubirataonline.com.br\\\/protesters-gather-at-scream-7-premiere-after-melissa-barrera-fired\\\/\"},\"wordCount\":527,\"publisher\":{\"@id\":\"https:\\\/\\\/ubirataonline.com.br\\\/#organization\"},\"image\":{\"@id\":\"https:\\\/\\\/ubirataonline.com.br\\\/protesters-gather-at-scream-7-premiere-after-melissa-barrera-fired\\\/#primaryimage\"},\"thumbnailUrl\":\"https:\\\/\\\/ubirataonline.com.br\\\/wp-content\\\/uploads\\\/2026\\\/02\\\/Protesters-Gather-at-Scream-7-Premiere-After-Melissa-Barrera-Fired.jpg\",\"keywords\":[\"Barrera\",\"Fired\",\"Gather\",\"Melissa\",\"Premiere\",\"protesters\",\"Scream\"],\"articleSection\":[\"Ubirat\u00e3\"],\"inLanguage\":\"en-US\",\"copyrightYear\":\"2026\",\"copyrightHolder\":{\"@id\":\"https:\\\/\\\/ubirataonline.com.br\\\/en\\\/#organization\"}},{\"@type\":\"WebPage\",\"@id\":\"https:\\\/\\\/ubirataonline.com.br\\\/protesters-gather-at-scream-7-premiere-after-melissa-barrera-fired\\\/\",\"url\":\"https:\\\/\\\/ubirataonline.com.br\\\/protesters-gather-at-scream-7-premiere-after-melissa-barrera-fired\\\/\",\"name\":\"Protesters Gather at 'Scream 7' Premiere After Melissa Barrera Fired - Ubirat\u00e3 Online Not\u00edcias - A realidade ao seu alcance!\",\"isPartOf\":{\"@id\":\"https:\\\/\\\/ubirataonline.com.br\\\/#website\"},\"primaryImageOfPage\":{\"@id\":\"https:\\\/\\\/ubirataonline.com.br\\\/protesters-gather-at-scream-7-premiere-after-melissa-barrera-fired\\\/#primaryimage\"},\"image\":{\"@id\":\"https:\\\/\\\/ubirataonline.com.br\\\/protesters-gather-at-scream-7-premiere-after-melissa-barrera-fired\\\/#primaryimage\"},\"thumbnailUrl\":\"https:\\\/\\\/ubirataonline.com.br\\\/wp-content\\\/uploads\\\/2026\\\/02\\\/Protesters-Gather-at-Scream-7-Premiere-After-Melissa-Barrera-Fired.jpg\",\"datePublished\":\"2026-02-27T15:09:13+00:00\",\"description\":\"Protesters gathered outside of Wednesday night&#039;s &#039;Scream 7&#039; premiere, calling for a boycott of the horror film in a show of support for Palestine.\",\"breadcrumb\":{\"@id\":\"https:\\\/\\\/ubirataonline.com.br\\\/protesters-gather-at-scream-7-premiere-after-melissa-barrera-fired\\\/#breadcrumb\"},\"inLanguage\":\"en-US\",\"potentialAction\":[{\"@type\":\"ReadAction\",\"target\":[\"https:\\\/\\\/ubirataonline.com.br\\\/protesters-gather-at-scream-7-premiere-after-melissa-barrera-fired\\\/\"]}]},{\"@type\":\"ImageObject\",\"inLanguage\":\"en-US\",\"@id\":\"https:\\\/\\\/ubirataonline.com.br\\\/protesters-gather-at-scream-7-premiere-after-melissa-barrera-fired\\\/#primaryimage\",\"url\":\"https:\\\/\\\/ubirataonline.com.br\\\/wp-content\\\/uploads\\\/2026\\\/02\\\/Protesters-Gather-at-Scream-7-Premiere-After-Melissa-Barrera-Fired.jpg\",\"contentUrl\":\"https:\\\/\\\/ubirataonline.com.br\\\/wp-content\\\/uploads\\\/2026\\\/02\\\/Protesters-Gather-at-Scream-7-Premiere-After-Melissa-Barrera-Fired.jpg\",\"width\":1000,\"height\":563,\"caption\":\"Getty Images\"},{\"@type\":\"BreadcrumbList\",\"@id\":\"https:\\\/\\\/ubirataonline.com.br\\\/protesters-gather-at-scream-7-premiere-after-melissa-barrera-fired\\\/#breadcrumb\",\"itemListElement\":[{\"@type\":\"ListItem\",\"position\":1,\"name\":\"In\u00edcio\",\"item\":\"https:\\\/\\\/ubirataonline.com.br\\\/\"},{\"@type\":\"ListItem\",\"position\":2,\"name\":\"Protesters Gather at &#8216;Scream 7&#8217; Premiere After Melissa Barrera Fired\"}]},{\"@type\":\"WebSite\",\"@id\":\"https:\\\/\\\/ubirataonline.com.br\\\/#website\",\"url\":\"https:\\\/\\\/ubirataonline.com.br\\\/\",\"name\":\"Ubirat\u00e3 Online Not\u00edcias\",\"description\":\"Not\u00edcias de Ubirat\u00e3, regi\u00e3o, Brasil e mundo, com informa\u00e7\u00e3o atualizada e compromisso com o leitor.\",\"publisher\":{\"@id\":\"https:\\\/\\\/ubirataonline.com.br\\\/#organization\"},\"alternateName\":\"Ubirat\u00e3 Online\",\"potentialAction\":[{\"@type\":\"SearchAction\",\"target\":{\"@type\":\"EntryPoint\",\"urlTemplate\":\"https:\\\/\\\/ubirataonline.com.br\\\/?s={search_term_string}\"},\"query-input\":{\"@type\":\"PropertyValueSpecification\",\"valueRequired\":true,\"valueName\":\"search_term_string\"}}],\"inLanguage\":\"en-US\"},{\"@type\":[\"Organization\",\"Place\"],\"@id\":\"https:\\\/\\\/ubirataonline.com.br\\\/#organization\",\"name\":\"Ubirat\u00e3 Online Not\u00edcias\",\"alternateName\":\"Ubirat\u00e3 Online\",\"url\":\"https:\\\/\\\/ubirataonline.com.br\\\/\",\"logo\":{\"@id\":\"https:\\\/\\\/ubirataonline.com.br\\\/protesters-gather-at-scream-7-premiere-after-melissa-barrera-fired\\\/#local-main-organization-logo\"},\"image\":{\"@id\":\"https:\\\/\\\/ubirataonline.com.br\\\/protesters-gather-at-scream-7-premiere-after-melissa-barrera-fired\\\/#local-main-organization-logo\"},\"sameAs\":[\"https:\\\/\\\/www.facebook.com\\\/portalubirataonline\",\"https:\\\/\\\/x.com\\\/ubirataonline\",\"https:\\\/\\\/mastodon.social\\\/@ubirataonline\",\"https:\\\/\\\/www.facebook.com\\\/groups\\\/311144672285604\",\"https:\\\/\\\/www.facebook.com\\\/UBTAOnline\",\"https:\\\/\\\/www.instagram.com\\\/portalubirataonline\\\/\",\"https:\\\/\\\/twitter.com\\\/ubirataonline\"],\"description\":\"Somos um portal de not\u00edcias independente, criado em 5 de janeiro de 2009, com o objetivo de informar, conectar e valorizar a nossa comunidade de Ubirat\u00e3 e toda aregi\u00e3o. Com conte\u00fado atualizado, confi\u00e1vel e relevante, o Ubirat\u00e3 Online \u00e9 o seu espa\u00e7o para ficar por dentro dos principais acontecimentos locais, regionais, Brasil, Mundo e de interesse geral. Nosso compromisso \u00e9 com a verdade, a transpar\u00eancia e o respeito ao leitor.\",\"legalName\":\"UBIRATA ONLINE NOT\u00cdCIAS\",\"foundingDate\":\"2009-01-05\",\"numberOfEmployees\":{\"@type\":\"QuantitativeValue\",\"minValue\":\"1\",\"maxValue\":\"10\"},\"publishingPrinciples\":\"https:\\\/\\\/ubirataonline.com.br\\\/faq\\\/\",\"address\":{\"@id\":\"https:\\\/\\\/ubirataonline.com.br\\\/protesters-gather-at-scream-7-premiere-after-melissa-barrera-fired\\\/#local-main-place-address\"},\"geo\":{\"@type\":\"GeoCoordinates\",\"latitude\":\"-24.5361401\",\"longitude\":\"-52.9921776\"},\"telephone\":[\"+5544998308235\"],\"contactPoint\":{\"@type\":\"ContactPoint\",\"email\":\"contato@ubirataonline.com.br\"},\"openingHoursSpecification\":{\"@type\":\"OpeningHoursSpecification\",\"dayOfWeek\":[\"Monday\",\"Tuesday\",\"Wednesday\",\"Thursday\",\"Friday\",\"Saturday\",\"Sunday\"],\"opens\":\"00:00\",\"closes\":\"23:59\"},\"email\":\"contato@ubirataonline.com.br\",\"vatID\":\"47.621.418\\\/0001-80\"},{\"@type\":\"Person\",\"@id\":\"https:\\\/\\\/ubirataonline.com.br\\\/#\\\/schema\\\/person\\\/372f87bbd3fdd79b8556b84c98d0bc1c\",\"name\":\"REDA\u00c7\u00c3O: UBIRAT\u00c3 ONLINE - F\u00c1BIO AUGUSTO CELESTINO\",\"pronouns\":\"Ele\",\"description\":\"Desde 2003 trabalhando com not\u00edcias.\",\"sameAs\":[\"http:\\\/\\\/ubirataoline.com.br\",\"https:\\\/\\\/www.facebook.com\\\/portalubirataonline\",\"https:\\\/\\\/www.instagram.com\\\/ubirataonline_oficial\",\"https:\\\/\\\/x.com\\\/x.com\\\/ubirataonline\"],\"honorificPrefix\":\"Mr.\",\"honorificSuffix\":\"MD\",\"birthDate\":\"1980-06-16\",\"gender\":\"masculino\",\"award\":[\"V\u00e1rios pr\u00eamios de melhor portal da cidade\"],\"jobTitle\":\"Diretor\",\"url\":\"https:\\\/\\\/ubirataonline.com.br\\\/en\\\/author\\\/ubirataonline\\\/\"},{\"@type\":\"PostalAddress\",\"@id\":\"https:\\\/\\\/ubirataonline.com.br\\\/protesters-gather-at-scream-7-premiere-after-melissa-barrera-fired\\\/#local-main-place-address\",\"streetAddress\":\"Rua dos Coqueiros, 104 - Bairro Boa Vista, Rua dos Coqueiros, 104 Bairro Boa Vista\",\"addressLocality\":\"UBIRATA\",\"postalCode\":\"85440-000\",\"addressRegion\":\"PR\",\"addressCountry\":\"BR\"},{\"@type\":\"ImageObject\",\"inLanguage\":\"en-US\",\"@id\":\"https:\\\/\\\/ubirataonline.com.br\\\/protesters-gather-at-scream-7-premiere-after-melissa-barrera-fired\\\/#local-main-organization-logo\",\"url\":\"https:\\\/\\\/ubirataonline.com.br\\\/wp-content\\\/uploads\\\/2026\\\/06\\\/logoubirataonline-1.webp\",\"contentUrl\":\"https:\\\/\\\/ubirataonline.com.br\\\/wp-content\\\/uploads\\\/2026\\\/06\\\/logoubirataonline-1.webp\",\"width\":500,\"height\":500,\"caption\":\"Ubirat\u00e3 Online Not\u00edcias\"}]}<\/script>\n<meta name=\"geo.placename\" content=\"UBIRATA\" \/>\n<meta name=\"geo.position\" content=\"-24.5361401;-52.9921776\" \/>\n<meta name=\"geo.region\" content=\"Brazil\" \/>\n<!-- \/ Yoast SEO Premium plugin. -->","yoast_head_json":{"title":"Protesters Gather at 'Scream 7' Premiere After Melissa Barrera Fired - Ubirat\u00e3 Online Not\u00edcias - A realidade ao seu alcance!","description":"Protesters gathered outside of Wednesday night&#039;s &#039;Scream 7&#039; premiere, calling for a boycott of the horror film in a show of support for Palestine.","robots":{"index":"index","follow":"follow","max-snippet":"max-snippet:-1","max-image-preview":"max-image-preview:large","max-video-preview":"max-video-preview:-1"},"canonical":"https:\/\/ubirataonline.com.br\/en\/protesters-gather-at-scream-7-premiere-after-melissa-barrera-fired\/","og_locale":"en_US","og_type":"article","og_title":"Protesters Gather at 'Scream 7' Premiere After Melissa Barrera Fired","og_description":"Protesters gathered outside of Wednesday night&#039;s &#039;Scream 7&#039; premiere, calling for a boycott of the horror film in a show of support for Palestine.","og_url":"https:\/\/ubirataonline.com.br\/en\/protesters-gather-at-scream-7-premiere-after-melissa-barrera-fired\/","og_site_name":"Ubirat\u00e3 Online Not\u00edcias - A realidade ao seu alcance!","article_publisher":"https:\/\/www.facebook.com\/portalubirataonline","article_author":"https:\/\/www.facebook.com\/portalubirataonline","article_published_time":"2026-02-27T15:09:13+00:00","og_image":[{"width":1000,"height":563,"url":"https:\/\/ubirataonline.com.br\/wp-content\/uploads\/2026\/02\/Protesters-Gather-at-Scream-7-Premiere-After-Melissa-Barrera-Fired.jpg","type":"image\/jpeg"}],"author":"REDA\u00c7\u00c3O: UBIRAT\u00c3 ONLINE - F\u00c1BIO AUGUSTO CELESTINO","twitter_card":"summary_large_image","twitter_creator":"@x.com\/ubirataonline","twitter_site":"@ubirataonline","twitter_misc":{"Written by":"REDA\u00c7\u00c3O: UBIRAT\u00c3 ONLINE - F\u00c1BIO AUGUSTO CELESTINO","Est. reading time":"3 minutes"},"schema":{"@context":"https:\/\/schema.org","@graph":[{"@type":"NewsArticle","@id":"https:\/\/ubirataonline.com.br\/protesters-gather-at-scream-7-premiere-after-melissa-barrera-fired\/#article","isPartOf":{"@id":"https:\/\/ubirataonline.com.br\/protesters-gather-at-scream-7-premiere-after-melissa-barrera-fired\/"},"author":{"name":"REDA\u00c7\u00c3O: UBIRAT\u00c3 ONLINE - F\u00c1BIO AUGUSTO CELESTINO","@id":"https:\/\/ubirataonline.com.br\/#\/schema\/person\/372f87bbd3fdd79b8556b84c98d0bc1c"},"headline":"Protesters Gather at &#8216;Scream 7&#8217; Premiere After Melissa Barrera Fired","datePublished":"2026-02-27T15:09:13+00:00","mainEntityOfPage":{"@id":"https:\/\/ubirataonline.com.br\/protesters-gather-at-scream-7-premiere-after-melissa-barrera-fired\/"},"wordCount":527,"publisher":{"@id":"https:\/\/ubirataonline.com.br\/#organization"},"image":{"@id":"https:\/\/ubirataonline.com.br\/protesters-gather-at-scream-7-premiere-after-melissa-barrera-fired\/#primaryimage"},"thumbnailUrl":"https:\/\/ubirataonline.com.br\/wp-content\/uploads\/2026\/02\/Protesters-Gather-at-Scream-7-Premiere-After-Melissa-Barrera-Fired.jpg","keywords":["Barrera","Fired","Gather","Melissa","Premiere","protesters","Scream"],"articleSection":["Ubirat\u00e3"],"inLanguage":"en-US","copyrightYear":"2026","copyrightHolder":{"@id":"https:\/\/ubirataonline.com.br\/en\/#organization"}},{"@type":"WebPage","@id":"https:\/\/ubirataonline.com.br\/protesters-gather-at-scream-7-premiere-after-melissa-barrera-fired\/","url":"https:\/\/ubirataonline.com.br\/protesters-gather-at-scream-7-premiere-after-melissa-barrera-fired\/","name":"Protesters Gather at 'Scream 7' Premiere After Melissa Barrera Fired - Ubirat\u00e3 Online Not\u00edcias - A realidade ao seu alcance!","isPartOf":{"@id":"https:\/\/ubirataonline.com.br\/#website"},"primaryImageOfPage":{"@id":"https:\/\/ubirataonline.com.br\/protesters-gather-at-scream-7-premiere-after-melissa-barrera-fired\/#primaryimage"},"image":{"@id":"https:\/\/ubirataonline.com.br\/protesters-gather-at-scream-7-premiere-after-melissa-barrera-fired\/#primaryimage"},"thumbnailUrl":"https:\/\/ubirataonline.com.br\/wp-content\/uploads\/2026\/02\/Protesters-Gather-at-Scream-7-Premiere-After-Melissa-Barrera-Fired.jpg","datePublished":"2026-02-27T15:09:13+00:00","description":"Protesters gathered outside of Wednesday night&#039;s &#039;Scream 7&#039; premiere, calling for a boycott of the horror film in a show of support for Palestine.","breadcrumb":{"@id":"https:\/\/ubirataonline.com.br\/protesters-gather-at-scream-7-premiere-after-melissa-barrera-fired\/#breadcrumb"},"inLanguage":"en-US","potentialAction":[{"@type":"ReadAction","target":["https:\/\/ubirataonline.com.br\/protesters-gather-at-scream-7-premiere-after-melissa-barrera-fired\/"]}]},{"@type":"ImageObject","inLanguage":"en-US","@id":"https:\/\/ubirataonline.com.br\/protesters-gather-at-scream-7-premiere-after-melissa-barrera-fired\/#primaryimage","url":"https:\/\/ubirataonline.com.br\/wp-content\/uploads\/2026\/02\/Protesters-Gather-at-Scream-7-Premiere-After-Melissa-Barrera-Fired.jpg","contentUrl":"https:\/\/ubirataonline.com.br\/wp-content\/uploads\/2026\/02\/Protesters-Gather-at-Scream-7-Premiere-After-Melissa-Barrera-Fired.jpg","width":1000,"height":563,"caption":"Getty Images"},{"@type":"BreadcrumbList","@id":"https:\/\/ubirataonline.com.br\/protesters-gather-at-scream-7-premiere-after-melissa-barrera-fired\/#breadcrumb","itemListElement":[{"@type":"ListItem","position":1,"name":"In\u00edcio","item":"https:\/\/ubirataonline.com.br\/"},{"@type":"ListItem","position":2,"name":"Protesters Gather at &#8216;Scream 7&#8217; Premiere After Melissa Barrera Fired"}]},{"@type":"WebSite","@id":"https:\/\/ubirataonline.com.br\/#website","url":"https:\/\/ubirataonline.com.br\/","name":"Ubirat\u00e3 Online Not\u00edcias","description":"Not\u00edcias de Ubirat\u00e3, regi\u00e3o, Brasil e mundo, com informa\u00e7\u00e3o atualizada e compromisso com o leitor.","publisher":{"@id":"https:\/\/ubirataonline.com.br\/#organization"},"alternateName":"Ubirat\u00e3 Online","potentialAction":[{"@type":"SearchAction","target":{"@type":"EntryPoint","urlTemplate":"https:\/\/ubirataonline.com.br\/?s={search_term_string}"},"query-input":{"@type":"PropertyValueSpecification","valueRequired":true,"valueName":"search_term_string"}}],"inLanguage":"en-US"},{"@type":["Organization","Place"],"@id":"https:\/\/ubirataonline.com.br\/#organization","name":"Ubirat\u00e3 Online Not\u00edcias","alternateName":"Ubirat\u00e3 Online","url":"https:\/\/ubirataonline.com.br\/","logo":{"@id":"https:\/\/ubirataonline.com.br\/protesters-gather-at-scream-7-premiere-after-melissa-barrera-fired\/#local-main-organization-logo"},"image":{"@id":"https:\/\/ubirataonline.com.br\/protesters-gather-at-scream-7-premiere-after-melissa-barrera-fired\/#local-main-organization-logo"},"sameAs":["https:\/\/www.facebook.com\/portalubirataonline","https:\/\/x.com\/ubirataonline","https:\/\/mastodon.social\/@ubirataonline","https:\/\/www.facebook.com\/groups\/311144672285604","https:\/\/www.facebook.com\/UBTAOnline","https:\/\/www.instagram.com\/portalubirataonline\/","https:\/\/twitter.com\/ubirataonline"],"description":"Somos um portal de not\u00edcias independente, criado em 5 de janeiro de 2009, com o objetivo de informar, conectar e valorizar a nossa comunidade de Ubirat\u00e3 e toda aregi\u00e3o. Com conte\u00fado atualizado, confi\u00e1vel e relevante, o Ubirat\u00e3 Online \u00e9 o seu espa\u00e7o para ficar por dentro dos principais acontecimentos locais, regionais, Brasil, Mundo e de interesse geral. Nosso compromisso \u00e9 com a verdade, a transpar\u00eancia e o respeito ao leitor.","legalName":"UBIRATA ONLINE NOT\u00cdCIAS","foundingDate":"2009-01-05","numberOfEmployees":{"@type":"QuantitativeValue","minValue":"1","maxValue":"10"},"publishingPrinciples":"https:\/\/ubirataonline.com.br\/faq\/","address":{"@id":"https:\/\/ubirataonline.com.br\/protesters-gather-at-scream-7-premiere-after-melissa-barrera-fired\/#local-main-place-address"},"geo":{"@type":"GeoCoordinates","latitude":"-24.5361401","longitude":"-52.9921776"},"telephone":["+5544998308235"],"contactPoint":{"@type":"ContactPoint","email":"contato@ubirataonline.com.br"},"openingHoursSpecification":{"@type":"OpeningHoursSpecification","dayOfWeek":["Monday","Tuesday","Wednesday","Thursday","Friday","Saturday","Sunday"],"opens":"00:00","closes":"23:59"},"email":"contato@ubirataonline.com.br","vatID":"47.621.418\/0001-80"},{"@type":"Person","@id":"https:\/\/ubirataonline.com.br\/#\/schema\/person\/372f87bbd3fdd79b8556b84c98d0bc1c","name":"REDA\u00c7\u00c3O: UBIRAT\u00c3 ONLINE - F\u00c1BIO AUGUSTO CELESTINO","pronouns":"Ele","description":"Desde 2003 trabalhando com not\u00edcias.","sameAs":["http:\/\/ubirataoline.com.br","https:\/\/www.facebook.com\/portalubirataonline","https:\/\/www.instagram.com\/ubirataonline_oficial","https:\/\/x.com\/x.com\/ubirataonline"],"honorificPrefix":"Mr.","honorificSuffix":"MD","birthDate":"1980-06-16","gender":"masculino","award":["V\u00e1rios pr\u00eamios de melhor portal da cidade"],"jobTitle":"Diretor","url":"https:\/\/ubirataonline.com.br\/en\/author\/ubirataonline\/"},{"@type":"PostalAddress","@id":"https:\/\/ubirataonline.com.br\/protesters-gather-at-scream-7-premiere-after-melissa-barrera-fired\/#local-main-place-address","streetAddress":"Rua dos Coqueiros, 104 - Bairro Boa Vista, Rua dos Coqueiros, 104 Bairro Boa Vista","addressLocality":"UBIRATA","postalCode":"85440-000","addressRegion":"PR","addressCountry":"BR"},{"@type":"ImageObject","inLanguage":"en-US","@id":"https:\/\/ubirataonline.com.br\/protesters-gather-at-scream-7-premiere-after-melissa-barrera-fired\/#local-main-organization-logo","url":"https:\/\/ubirataonline.com.br\/wp-content\/uploads\/2026\/06\/logoubirataonline-1.webp","contentUrl":"https:\/\/ubirataonline.com.br\/wp-content\/uploads\/2026\/06\/logoubirataonline-1.webp","width":500,"height":500,"caption":"Ubirat\u00e3 Online Not\u00edcias"}]},"geo.placename":"UBIRATA","geo.position":{"lat":"-24.5361401","long":"-52.9921776"},"geo.region":"Brazil"},"_links":{"self":[{"href":"https:\/\/ubirataonline.com.br\/en\/wp-json\/wp\/v2\/posts\/90706","targetHints":{"allow":["GET"]}}],"collection":[{"href":"https:\/\/ubirataonline.com.br\/en\/wp-json\/wp\/v2\/posts"}],"about":[{"href":"https:\/\/ubirataonline.com.br\/en\/wp-json\/wp\/v2\/types\/post"}],"author":[{"embeddable":true,"href":"https:\/\/ubirataonline.com.br\/en\/wp-json\/wp\/v2\/users\/1"}],"replies":[{"embeddable":true,"href":"https:\/\/ubirataonline.com.br\/en\/wp-json\/wp\/v2\/comments?post=90706"}],"version-history":[{"count":0,"href":"https:\/\/ubirataonline.com.br\/en\/wp-json\/wp\/v2\/posts\/90706\/revisions"}],"wp:featuredmedia":[{"embeddable":true,"href":"https:\/\/ubirataonline.com.br\/en\/wp-json\/wp\/v2\/media\/90707"}],"wp:attachment":[{"href":"https:\/\/ubirataonline.com.br\/en\/wp-json\/wp\/v2\/media?parent=90706"}],"wp:term":[{"taxonomy":"category","embeddable":true,"href":"https:\/\/ubirataonline.com.br\/en\/wp-json\/wp\/v2\/categories?post=90706"},{"taxonomy":"post_tag","embeddable":true,"href":"https:\/\/ubirataonline.com.br\/en\/wp-json\/wp\/v2\/tags?post=90706"}],"curies":[{"name":"wp","href":"https:\/\/api.w.org\/{rel}","templated":true}]}}